{"id":9740,"date":"2022-05-29T23:36:19","date_gmt":"2022-05-30T04:36:19","guid":{"rendered":"https:\/\/trailforthjournal.com\/es\/?p=9740"},"modified":"2026-04-23T21:20:47","modified_gmt":"2026-04-24T02:20:47","slug":"la-rotonda-guayaquil","status":"publish","type":"post","link":"https:\/\/trailforthjournal.com\/es\/cultura\/la-rotonda-guayaquil\/","title":{"rendered":"Hemiciclo de La Rotonda en Guayaquil: historia y encuentro de Bol\u00edvar y San Mart\u00edn"},"content":{"rendered":"\t\t<div data-elementor-type=\"wp-post\" data-elementor-id=\"9740\" class=\"elementor elementor-9740\" data-elementor-post-type=\"post\">\n\t\t\t\t\t\t<section class=\"elementor-section elementor-top-section elementor-element elementor-element-fdb4a9d elementor-section-boxed elementor-section-height-default elementor-section-height-default wpr-particle-no wpr-jarallax-no wpr-parallax-no wpr-sticky-section-no wpr-equal-height-no\" data-id=\"fdb4a9d\" data-element_type=\"section\" data-e-type=\"section\">\n\t\t\t\t\t\t<div class=\"elementor-container elementor-column-gap-default\">\n\t\t\t\t\t<div class=\"elementor-column elementor-col-100 elementor-top-column elementor-element elementor-element-416f579\" data-id=\"416f579\" data-element_type=\"column\" data-e-type=\"column\">\n\t\t\t<div class=\"elementor-widget-wrap elementor-element-populated\">\n\t\t\t\t\t\t<div class=\"elementor-element elementor-element-ad59222 elementor-widget elementor-widget-spacer\" data-id=\"ad59222\" data-element_type=\"widget\" data-e-type=\"widget\" data-widget_type=\"spacer.default\">\n\t\t\t\t<div class=\"elementor-widget-container\">\n\t\t\t\t\t\t\t<div class=\"elementor-spacer\">\n\t\t\t<div class=\"elementor-spacer-inner\"><\/div>\n\t\t<\/div>\n\t\t\t\t\t\t<\/div>\n\t\t\t\t<\/div>\n\t\t\t\t\t<\/div>\n\t\t<\/div>\n\t\t\t\t\t<\/div>\n\t\t<\/section>\n\t\t\t\t<section class=\"elementor-section elementor-top-section elementor-element elementor-element-0003b54 elementor-section-height-min-height elementor-section-boxed elementor-section-height-default elementor-section-items-middle wpr-sticky-section-no wpr-equal-height-no\" data-id=\"0003b54\" data-element_type=\"section\" data-e-type=\"section\" data-settings=\"{&quot;background_background&quot;:&quot;video&quot;,&quot;background_video_link&quot;:&quot;https:\\\/\\\/youtu.be\\\/vv68yXLs1Z4?si=KomsGPvxS5crWPQr&quot;,&quot;background_play_on_mobile&quot;:&quot;yes&quot;,&quot;shape_divider_top&quot;:&quot;triangle-asymmetrical&quot;,&quot;shape_divider_bottom&quot;:&quot;triangle-asymmetrical&quot;}\">\n\t\t\t\t\t\t\t\t<div class=\"elementor-background-video-container\">\n\t\t\t\t\t\t\t\t\t\t\t\t\t<div class=\"elementor-background-video-embed\" role=\"presentation\"><\/div>\n\t\t\t\t\t\t\t\t\t\t\t\t<\/div>\n\t\t\t\t\t\t\t\t\t<div class=\"elementor-background-overlay\"><\/div>\n\t\t\t\t\t\t<div class=\"elementor-shape elementor-shape-top\" aria-hidden=\"true\" data-negative=\"false\">\n\t\t\t<svg xmlns=\"http:\/\/www.w3.org\/2000\/svg\" viewBox=\"0 0 1000 100\" preserveAspectRatio=\"none\">\n\t<path class=\"elementor-shape-fill\" d=\"M738,99l262-93V0H0v5.6L738,99z\"\/>\n<\/svg>\t\t<\/div>\n\t\t\t\t<div class=\"elementor-shape elementor-shape-bottom\" aria-hidden=\"true\" data-negative=\"false\">\n\t\t\t<svg xmlns=\"http:\/\/www.w3.org\/2000\/svg\" viewBox=\"0 0 1000 100\" preserveAspectRatio=\"none\">\n\t<path class=\"elementor-shape-fill\" d=\"M738,99l262-93V0H0v5.6L738,99z\"\/>\n<\/svg>\t\t<\/div>\n\t\t\t\t\t<div class=\"elementor-container elementor-column-gap-default\">\n\t\t\t\t\t<div class=\"elementor-column elementor-col-100 elementor-top-column elementor-element elementor-element-51f20c8\" data-id=\"51f20c8\" data-element_type=\"column\" data-e-type=\"column\" data-settings=\"{&quot;background_background&quot;:&quot;classic&quot;}\">\n\t\t\t<div class=\"elementor-widget-wrap elementor-element-populated\">\n\t\t\t\t\t<div class=\"elementor-background-overlay\"><\/div>\n\t\t\t\t\t\t<div class=\"elementor-element elementor-element-de4dd92 elementor-widget elementor-widget-heading\" data-id=\"de4dd92\" data-element_type=\"widget\" data-e-type=\"widget\" data-widget_type=\"heading.default\">\n\t\t\t\t<div class=\"elementor-widget-container\">\n\t\t\t\t\t<h1 class=\"elementor-heading-title elementor-size-default\">Hemiciclo de La Rotonda<\/h1>\t\t\t\t<\/div>\n\t\t\t\t<\/div>\n\t\t\t\t<div class=\"elementor-element elementor-element-52480ec elementor-widget-divider--view-line elementor-invisible elementor-widget elementor-widget-divider\" data-id=\"52480ec\" data-element_type=\"widget\" data-e-type=\"widget\" data-settings=\"{&quot;_animation&quot;:&quot;fadeInUp&quot;}\" data-widget_type=\"divider.default\">\n\t\t\t\t<div class=\"elementor-widget-container\">\n\t\t\t\t\t\t\t<div class=\"elementor-divider\">\n\t\t\t<span class=\"elementor-divider-separator\">\n\t\t\t\t\t\t<\/span>\n\t\t<\/div>\n\t\t\t\t\t\t<\/div>\n\t\t\t\t<\/div>\n\t\t\t\t\t<\/div>\n\t\t<\/div>\n\t\t\t\t\t<\/div>\n\t\t<\/section>\n\t\t\t\t<section class=\"elementor-section elementor-top-section elementor-element elementor-element-fa00ec8 elementor-section-boxed elementor-section-height-default elementor-section-height-default wpr-particle-no wpr-jarallax-no wpr-parallax-no wpr-sticky-section-no wpr-equal-height-no\" data-id=\"fa00ec8\" data-element_type=\"section\" data-e-type=\"section\">\n\t\t\t\t\t\t<div class=\"elementor-container elementor-column-gap-default\">\n\t\t\t\t\t<div class=\"elementor-column elementor-col-100 elementor-top-column elementor-element elementor-element-1b4ae88\" data-id=\"1b4ae88\" data-element_type=\"column\" data-e-type=\"column\">\n\t\t\t<div class=\"elementor-widget-wrap elementor-element-populated\">\n\t\t\t\t\t\t<div class=\"elementor-element elementor-element-8eff92d pa-icon-pos-after premium-lq__none elementor-widget elementor-widget-premium-addon-button\" data-id=\"8eff92d\" data-element_type=\"widget\" data-e-type=\"widget\" data-widget_type=\"premium-addon-button.default\">\n\t\t\t\t<div class=\"elementor-widget-container\">\n\t\t\t\t\t\n\n\t\t<a class=\"premium-button premium-button-style6 premium-btn-sm premium-button-style6\" href=\"https:\/\/trailforthjournal.com\/en\/culture\/la-rotonda-guayaquil\/\">\n\t\t\t<div class=\"premium-button-text-icon-wrapper\">\n\t\t\t\t\n\t\t\t\t\t\t\t\t\t\t\t\t\t\t\t\t\t\t<svg class=\"svg-inline--fas-fa-chevron-right premium-drawable-icon premium-svg-nodraw\" aria-hidden='true' xmlns='http:\/\/www.w3.org\/2000\/svg' viewBox='0 0 320 512'><path d=\"M285.476 272.971L91.132 467.314c-9.373 9.373-24.569 9.373-33.941 0l-22.667-22.667c-9.357-9.357-9.375-24.522-.04-33.901L188.505 256 34.484 101.255c-9.335-9.379-9.317-24.544.04-33.901l22.667-22.667c9.373-9.373 24.569-9.373 33.941 0L285.475 239.03c9.373 9.372 9.373 24.568.001 33.941z\"><\/path><\/svg>\t\t\t\t\t\t\t\t\t\t\t\t\t\t\t\n\t\t\t\t\t\t\t\t\t<span >\n\t\t\t\t\t\tEnglish\t\t\t\t\t<\/span>\n\t\t\t\t\t\t\t<\/div>\n\n\t\t\t\n\t\t\t\n\t\t\t\n\t\t<\/a>\n\n\n\t\t\t\t\t\t<\/div>\n\t\t\t\t<\/div>\n\t\t\t\t\t<\/div>\n\t\t<\/div>\n\t\t\t\t\t<\/div>\n\t\t<\/section>\n\t\t\t\t<section class=\"elementor-section elementor-top-section elementor-element elementor-element-91fa59d elementor-section-boxed elementor-section-height-default elementor-section-height-default wpr-particle-no wpr-jarallax-no wpr-parallax-no wpr-sticky-section-no wpr-equal-height-no\" data-id=\"91fa59d\" data-element_type=\"section\" data-e-type=\"section\">\n\t\t\t\t\t\t<div class=\"elementor-container elementor-column-gap-default\">\n\t\t\t\t\t<div class=\"elementor-column elementor-col-100 elementor-top-column elementor-element elementor-element-45e3b53\" data-id=\"45e3b53\" data-element_type=\"column\" data-e-type=\"column\">\n\t\t\t<div class=\"elementor-widget-wrap elementor-element-populated\">\n\t\t\t\t\t\t<div class=\"elementor-element elementor-element-c25b402 elementor-widget elementor-widget-spacer\" data-id=\"c25b402\" data-element_type=\"widget\" data-e-type=\"widget\" data-widget_type=\"spacer.default\">\n\t\t\t\t<div class=\"elementor-widget-container\">\n\t\t\t\t\t\t\t<div class=\"elementor-spacer\">\n\t\t\t<div class=\"elementor-spacer-inner\"><\/div>\n\t\t<\/div>\n\t\t\t\t\t\t<\/div>\n\t\t\t\t<\/div>\n\t\t\t\t\t<\/div>\n\t\t<\/div>\n\t\t\t\t\t<\/div>\n\t\t<\/section>\n\t\t\t\t<section class=\"elementor-section elementor-top-section elementor-element elementor-element-d9c56fe elementor-section-boxed elementor-section-height-default elementor-section-height-default wpr-particle-no wpr-jarallax-no wpr-parallax-no wpr-sticky-section-no wpr-equal-height-no\" data-id=\"d9c56fe\" data-element_type=\"section\" data-e-type=\"section\">\n\t\t\t\t\t\t<div class=\"elementor-container elementor-column-gap-default\">\n\t\t\t\t\t<div class=\"elementor-column elementor-col-25 elementor-top-column elementor-element elementor-element-938062b\" data-id=\"938062b\" data-element_type=\"column\" data-e-type=\"column\">\n\t\t\t<div class=\"elementor-widget-wrap elementor-element-populated\">\n\t\t\t\t\t\t<div class=\"elementor-element elementor-element-f2de597 elementor-widget elementor-widget-heading\" data-id=\"f2de597\" data-element_type=\"widget\" data-e-type=\"widget\" data-widget_type=\"heading.default\">\n\t\t\t\t<div class=\"elementor-widget-container\">\n\t\t\t\t\t<h1 class=\"elementor-heading-title elementor-size-default\">El Hemiciclo de la Rotonda revive la reuni\u00f3n de Bol\u00edvar y San Mart\u00edn. Un momento hist\u00f3rico grabado en este monumento ic\u00f3nico de la ciudad.<\/h1>\t\t\t\t<\/div>\n\t\t\t\t<\/div>\n\t\t\t\t<div class=\"elementor-element elementor-element-2e68a5b elementor-widget elementor-widget-text-editor\" data-id=\"2e68a5b\" data-element_type=\"widget\" data-e-type=\"widget\" data-widget_type=\"text-editor.default\">\n\t\t\t\t<div class=\"elementor-widget-container\">\n\t\t\t\t\t\t\t\t\t<p>Texto &amp; Fotos: Trail Forth Journal.<\/p>\t\t\t\t\t\t\t\t<\/div>\n\t\t\t\t<\/div>\n\t\t\t\t<div class=\"elementor-element elementor-element-d7d9b41 elementor-drop-cap-yes elementor-drop-cap-view-default elementor-widget elementor-widget-text-editor\" data-id=\"d7d9b41\" data-element_type=\"widget\" data-e-type=\"widget\" data-settings=\"{&quot;drop_cap&quot;:&quot;yes&quot;}\" data-widget_type=\"text-editor.default\">\n\t\t\t\t<div class=\"elementor-widget-container\">\n\t\t\t\t\t\t\t\t\t<p>El Hemiciclo L<span data-slate-fragment=\"JTVCJTdCJTIyaWQlMjIlM0ElMjJuLWVxWXV1NSUyMiUyQyUyMnR5cGUlMjIlM0ElMjJwYXJhZ3JhcGglMjIlMkMlMjJjaGlsZHJlbiUyMiUzQSU1QiU3QiUyMnRleHQlMjIlM0ElMjJMYSUyMFJvdG9uZGElMjBub3MlMjByZWN1ZXJkYSUyMHF1ZSUyMEd1YXlhcXVpbCUyMGVzJTIwdW4lMjBjZW50cm8lMjBkZSUyMHJldW5pb25lcyUyMHNlY3JldGFzJTIwZSUyMGhpc3QlQzMlQjNyaWNhcy4lMjBjb25tZW1vcmElMjBsYSUyMGMlQzMlQTlsZWJyZSUyMCVFMiU4MCU5Q0VudHJldmlzdGElMjBkZSUyMEd1YXlhcXVpbCVFMiU4MCU5RCUyQyUyMGVmZWN0dWFkYSUyMGVsJTIwMjYlMjBkZSUyMEp1bGlvJTIwZGUlMjAxODIyJTJDJTIwcG9yJTIwbG9zJTIwbGliZXJ0YWRvcmVzJTIwU2ltJUMzJUIzbiUyMEJvbCVDMyVBRHZhciUyMHklMjBKb3MlQzMlQTklMjBkZSUyMFNhbiUyME1hcnQlQzMlQURuJTJDJTIwdW4lMjBoaXRvJTIwZW4lMjBsYSUyMGhpc3RvcmlhJTIwZGUlMjBsYSUyMGNpdWRhZCUyQyUyMHF1ZSUyMGNvbiUyMGVsJTIwdGllbXBvJTIwc2UlMjBjb252aXJ0aSVDMyVCMyUyMGVuJTIwb3RybyUyMGRlJTIwbG9zJTIwcmVwcmVzZW50YXRpdm9zJTIwZ3JhYmFkb3MlMjBkZWwlMjBlbnRvcm5vJTIwdXJiYW5vLiUyMiU3RCU1RCU3RCU1RA==\">a Rotonda, ubicado en el centro del <a href=\"https:\/\/trailforthjournal.com\/es\/cultura\/malecon-2000-guayaquil\/\"><strong>Malec\u00f3n 2000<\/strong><\/a>, nos recuerda que Guayaquil es un centro de reuniones secretas e hist\u00f3ricas. conmemora la c\u00e9lebre <a href=\"https:\/\/es.wikipedia.org\/wiki\/Entrevista_de_Guayaquil\"><strong>\u201cEntrevista de Guayaquil\u201d<\/strong><\/a>, efectuada el 26 de Julio de 1822, por los libertadores Sim\u00f3n Bol\u00edvar y Jos\u00e9 de San Mart\u00edn, un hito en la historia de la ciudad, que con el tiempo se convirti\u00f3 en otro de los representativos grabados del entorno urbano.<\/span><\/p>\t\t\t\t\t\t\t\t<\/div>\n\t\t\t\t<\/div>\n\t\t\t\t\t<\/div>\n\t\t<\/div>\n\t\t\t\t<div class=\"elementor-column elementor-col-25 elementor-top-column elementor-element elementor-element-c13abdc\" data-id=\"c13abdc\" data-element_type=\"column\" data-e-type=\"column\">\n\t\t\t<div class=\"elementor-widget-wrap elementor-element-populated\">\n\t\t\t\t\t\t<div class=\"elementor-element elementor-element-0b2e4d6 elementor-widget elementor-widget-spacer\" data-id=\"0b2e4d6\" data-element_type=\"widget\" data-e-type=\"widget\" data-widget_type=\"spacer.default\">\n\t\t\t\t<div class=\"elementor-widget-container\">\n\t\t\t\t\t\t\t<div class=\"elementor-spacer\">\n\t\t\t<div class=\"elementor-spacer-inner\"><\/div>\n\t\t<\/div>\n\t\t\t\t\t\t<\/div>\n\t\t\t\t<\/div>\n\t\t\t\t\t<\/div>\n\t\t<\/div>\n\t\t\t\t<div class=\"elementor-column elementor-col-25 elementor-top-column elementor-element elementor-element-addc2c5\" data-id=\"addc2c5\" data-element_type=\"column\" data-e-type=\"column\">\n\t\t\t<div class=\"elementor-widget-wrap elementor-element-populated\">\n\t\t\t\t\t\t<div class=\"elementor-element elementor-element-529d9ee elementor-widget elementor-widget-spacer\" data-id=\"529d9ee\" data-element_type=\"widget\" data-e-type=\"widget\" data-widget_type=\"spacer.default\">\n\t\t\t\t<div class=\"elementor-widget-container\">\n\t\t\t\t\t\t\t<div class=\"elementor-spacer\">\n\t\t\t<div class=\"elementor-spacer-inner\"><\/div>\n\t\t<\/div>\n\t\t\t\t\t\t<\/div>\n\t\t\t\t<\/div>\n\t\t\t\t\t<\/div>\n\t\t<\/div>\n\t\t\t\t<div class=\"elementor-column elementor-col-25 elementor-top-column elementor-element elementor-element-68c9c23\" data-id=\"68c9c23\" data-element_type=\"column\" data-e-type=\"column\" data-settings=\"{&quot;background_background&quot;:&quot;classic&quot;}\">\n\t\t\t<div class=\"elementor-widget-wrap elementor-element-populated\">\n\t\t\t\t\t<div class=\"elementor-background-overlay\"><\/div>\n\t\t\t\t\t\t<div class=\"elementor-element elementor-element-a0ecf46 elementor-align-end elementor-icon-list--layout-traditional elementor-list-item-link-full_width elementor-widget elementor-widget-icon-list\" data-id=\"a0ecf46\" data-element_type=\"widget\" data-e-type=\"widget\" data-widget_type=\"icon-list.default\">\n\t\t\t\t<div class=\"elementor-widget-container\">\n\t\t\t\t\t\t\t<ul class=\"elementor-icon-list-items\">\n\t\t\t\t\t\t\t<li class=\"elementor-icon-list-item\">\n\t\t\t\t\t\t\t\t\t\t\t<a href=\"https:\/\/www.instagram.com\/trailforth\/\" target=\"_blank\">\n\n\t\t\t\t\t\t\t\t\t\t\t\t<span class=\"elementor-icon-list-icon\">\n\t\t\t\t\t\t\t<i aria-hidden=\"true\" class=\"fab fa-instagram\"><\/i>\t\t\t\t\t\t<\/span>\n\t\t\t\t\t\t\t\t\t\t<span class=\"elementor-icon-list-text\">trailforth <\/span>\n\t\t\t\t\t\t\t\t\t\t\t<\/a>\n\t\t\t\t\t\t\t\t\t<\/li>\n\t\t\t\t\t\t<\/ul>\n\t\t\t\t\t\t<\/div>\n\t\t\t\t<\/div>\n\t\t\t\t<div class=\"elementor-element elementor-element-f060459 elementor-widget elementor-widget-text-editor\" data-id=\"f060459\" data-element_type=\"widget\" data-e-type=\"widget\" data-widget_type=\"text-editor.default\">\n\t\t\t\t<div class=\"elementor-widget-container\">\n\t\t\t\t\t\t\t\t\t<p>Hemiciclo La Rotonda.<\/p>\t\t\t\t\t\t\t\t<\/div>\n\t\t\t\t<\/div>\n\t\t\t\t\t<\/div>\n\t\t<\/div>\n\t\t\t\t\t<\/div>\n\t\t<\/section>\n\t\t\t\t<section class=\"elementor-section elementor-top-section elementor-element elementor-element-2547d34 elementor-section-boxed elementor-section-height-default elementor-section-height-default wpr-particle-no wpr-jarallax-no wpr-parallax-no wpr-sticky-section-no wpr-equal-height-no\" data-id=\"2547d34\" data-element_type=\"section\" data-e-type=\"section\">\n\t\t\t\t\t\t<div class=\"elementor-container elementor-column-gap-default\">\n\t\t\t\t\t<div class=\"elementor-column elementor-col-100 elementor-top-column elementor-element elementor-element-2f7109b\" data-id=\"2f7109b\" data-element_type=\"column\" data-e-type=\"column\">\n\t\t\t<div class=\"elementor-widget-wrap elementor-element-populated\">\n\t\t\t\t\t\t<div class=\"elementor-element elementor-element-11d2143 elementor-widget elementor-widget-spacer\" data-id=\"11d2143\" data-element_type=\"widget\" data-e-type=\"widget\" data-widget_type=\"spacer.default\">\n\t\t\t\t<div class=\"elementor-widget-container\">\n\t\t\t\t\t\t\t<div class=\"elementor-spacer\">\n\t\t\t<div class=\"elementor-spacer-inner\"><\/div>\n\t\t<\/div>\n\t\t\t\t\t\t<\/div>\n\t\t\t\t<\/div>\n\t\t\t\t\t<\/div>\n\t\t<\/div>\n\t\t\t\t\t<\/div>\n\t\t<\/section>\n\t\t\t\t<section class=\"elementor-section elementor-top-section elementor-element elementor-element-3a6f20e elementor-section-boxed elementor-section-height-default elementor-section-height-default wpr-particle-no wpr-jarallax-no wpr-parallax-no wpr-sticky-section-no wpr-equal-height-no\" data-id=\"3a6f20e\" data-element_type=\"section\" data-e-type=\"section\">\n\t\t\t\t\t\t<div class=\"elementor-container elementor-column-gap-default\">\n\t\t\t\t\t<div class=\"elementor-column elementor-col-25 elementor-top-column elementor-element elementor-element-437f72c\" data-id=\"437f72c\" data-element_type=\"column\" data-e-type=\"column\" data-settings=\"{&quot;background_background&quot;:&quot;classic&quot;}\">\n\t\t\t<div class=\"elementor-widget-wrap elementor-element-populated\">\n\t\t\t\t\t<div class=\"elementor-background-overlay\"><\/div>\n\t\t\t\t\t\t<div class=\"elementor-element elementor-element-cc31ab8 elementor-align-end elementor-icon-list--layout-traditional elementor-list-item-link-full_width elementor-widget elementor-widget-icon-list\" data-id=\"cc31ab8\" data-element_type=\"widget\" data-e-type=\"widget\" data-widget_type=\"icon-list.default\">\n\t\t\t\t<div class=\"elementor-widget-container\">\n\t\t\t\t\t\t\t<ul class=\"elementor-icon-list-items\">\n\t\t\t\t\t\t\t<li class=\"elementor-icon-list-item\">\n\t\t\t\t\t\t\t\t\t\t\t<a href=\"https:\/\/www.instagram.com\/trailforth\/\" target=\"_blank\">\n\n\t\t\t\t\t\t\t\t\t\t\t\t<span class=\"elementor-icon-list-icon\">\n\t\t\t\t\t\t\t<i aria-hidden=\"true\" class=\"fab fa-instagram\"><\/i>\t\t\t\t\t\t<\/span>\n\t\t\t\t\t\t\t\t\t\t<span class=\"elementor-icon-list-text\">trailforth <\/span>\n\t\t\t\t\t\t\t\t\t\t\t<\/a>\n\t\t\t\t\t\t\t\t\t<\/li>\n\t\t\t\t\t\t<\/ul>\n\t\t\t\t\t\t<\/div>\n\t\t\t\t<\/div>\n\t\t\t\t<div class=\"elementor-element elementor-element-32d913d elementor-widget elementor-widget-text-editor\" data-id=\"32d913d\" data-element_type=\"widget\" data-e-type=\"widget\" data-widget_type=\"text-editor.default\">\n\t\t\t\t<div class=\"elementor-widget-container\">\n\t\t\t\t\t\t\t\t\t<p>Hemiciclo La Rotonda.<\/p>\t\t\t\t\t\t\t\t<\/div>\n\t\t\t\t<\/div>\n\t\t\t\t\t<\/div>\n\t\t<\/div>\n\t\t\t\t<div class=\"elementor-column elementor-col-25 elementor-top-column elementor-element elementor-element-5f00d40\" data-id=\"5f00d40\" data-element_type=\"column\" data-e-type=\"column\">\n\t\t\t<div class=\"elementor-widget-wrap elementor-element-populated\">\n\t\t\t\t\t\t<div class=\"elementor-element elementor-element-52c7fe0 elementor-widget elementor-widget-spacer\" data-id=\"52c7fe0\" data-element_type=\"widget\" data-e-type=\"widget\" data-widget_type=\"spacer.default\">\n\t\t\t\t<div class=\"elementor-widget-container\">\n\t\t\t\t\t\t\t<div class=\"elementor-spacer\">\n\t\t\t<div class=\"elementor-spacer-inner\"><\/div>\n\t\t<\/div>\n\t\t\t\t\t\t<\/div>\n\t\t\t\t<\/div>\n\t\t\t\t\t<\/div>\n\t\t<\/div>\n\t\t\t\t<div class=\"elementor-column elementor-col-25 elementor-top-column elementor-element elementor-element-a45d831\" data-id=\"a45d831\" data-element_type=\"column\" data-e-type=\"column\">\n\t\t\t<div class=\"elementor-widget-wrap elementor-element-populated\">\n\t\t\t\t\t\t<div class=\"elementor-element elementor-element-080049a elementor-widget elementor-widget-spacer\" data-id=\"080049a\" data-element_type=\"widget\" data-e-type=\"widget\" data-widget_type=\"spacer.default\">\n\t\t\t\t<div class=\"elementor-widget-container\">\n\t\t\t\t\t\t\t<div class=\"elementor-spacer\">\n\t\t\t<div class=\"elementor-spacer-inner\"><\/div>\n\t\t<\/div>\n\t\t\t\t\t\t<\/div>\n\t\t\t\t<\/div>\n\t\t\t\t\t<\/div>\n\t\t<\/div>\n\t\t\t\t<div class=\"elementor-column elementor-col-25 elementor-top-column elementor-element elementor-element-b9ce945\" data-id=\"b9ce945\" data-element_type=\"column\" data-e-type=\"column\">\n\t\t\t<div class=\"elementor-widget-wrap elementor-element-populated\">\n\t\t\t\t\t\t<div class=\"elementor-element elementor-element-d0627ca elementor-widget elementor-widget-text-editor\" data-id=\"d0627ca\" data-element_type=\"widget\" data-e-type=\"widget\" data-widget_type=\"text-editor.default\">\n\t\t\t\t<div class=\"elementor-widget-container\">\n\t\t\t\t\t\t\t\t\t<p><span data-slate-fragment=\"JTVCJTdCJTIyaWQlMjIlM0ElMjJuLWJJT0lEWCUyMiUyQyUyMnR5cGUlMjIlM0ElMjJwYXJhZ3JhcGglMjIlMkMlMjJjaGlsZHJlbiUyMiUzQSU1QiU3QiUyMnRleHQlMjIlM0ElMjJFbCUyMHRyYWJham8lMjBsbyUyMGRpcmlnaSVDMyVCMyUyMGxhJTIwU29jaWVkYWQlMjBDb25zdHJ1Y3RvcmElMjBOYWNpb25hbCUyMEYlQzMlQTluaXglMjB5JTIwc2UlMjB0ZXJtaW4lQzMlQjMlMjBlbiUyMDE5MjkuJTIwTGElMjBsbGFtYWRhJTIwRW50cmV2aXN0YSUyMGRlJTIwR3VheWFxdWlsJTIwZGUlMjBtJUMzJUExcm1vbCUyMGZ1ZSUyMGRpc2UlQzMlQjFhZGElMjBlbiUyMHByaW5jaXBpbyUyMGNvbW8lMjB1bmElMjByb3RvbmRhJTIwY29uJTIwdW4lMjBpbXByZXNpb25hbnRlJTIwY29uanVudG8lMjBlc2N1bHQlQzMlQjNyaWNvJTJDJTIwcGVybyUyMG5vJTIwcmVzdWx0YWJhJTIwZWZlY3RpdmElMjBwYXJhJTIwZWwlMjBjdXJzbyUyMGRlbCUyMHRyJUMzJUExZmljbyUyQyUyMHJheiVDMyVCM24lMjBwb3IlMjBsYSUyMHNlJTIwY29udmlydGklQzMlQjMlMjBlbiUyMHVuJTIwaGVtaWNpY2xvLiUyMCUyMiU3RCU1RCU3RCU1RA==\">El trabajo lo dirigi\u00f3 la Sociedad Constructora Nacional F\u00e9nix y se termin\u00f3 en 1929. La llamada Entrevista de Guayaquil de m\u00e1rmol fue dise\u00f1ada en principio como una rotonda con un impresionante conjunto escult\u00f3rico, pero no resultaba efectiva para el curso del tr\u00e1fico, raz\u00f3n por la se convirti\u00f3 en un hemiciclo. <\/span><\/p>\t\t\t\t\t\t\t\t<\/div>\n\t\t\t\t<\/div>\n\t\t\t\t<div class=\"elementor-element elementor-element-8bde734 elementor-widget elementor-widget-text-editor\" data-id=\"8bde734\" data-element_type=\"widget\" data-e-type=\"widget\" data-widget_type=\"text-editor.default\">\n\t\t\t\t<div class=\"elementor-widget-container\">\n\t\t\t\t\t\t\t\t\t<p><span data-slate-fragment=\"JTVCJTdCJTIyaWQlMjIlM0ElMjJuLWx5THh3bCUyMiUyQyUyMnR5cGUlMjIlM0ElMjJwYXJhZ3JhcGglMjIlMkMlMjJjaGlsZHJlbiUyMiUzQSU1QiU3QiUyMnRleHQlMjIlM0ElMjJFbCUyMENvbmNlam8lMjBlbiUyMDE5MzUlMjBhZGp1ZGljJUMzJUIzJTIwbGElMjBvYnJhJTIwYWwlMjBlc2N1bHRvciUyMGVzcGElQzMlQjFvbCUyMEpvcyVDMyVBOSUyMEFudG9uaW8lMjBIb21zJTIweSUyMGxhJTIwY29uY2VwY2klQzMlQjNuJTIwZ2VuZXJhbCUyMGRlbCUyMHByb3llY3RvJTIwYXJxdWl0ZWN0JUMzJUIzbmljbyUyMHNlJTIwZGlvJTIwYWwlMjBlc2N1bHRvciUyMEp1YW4lMjBSb3ZpcmEuJTIwRW4lMjBtYXlvJTIwZGUlMjAxOTM4JTIwZnVlJTIwZW50cmVnYWRhJTIwbGElMjBvYnJhLiUyMEVsJTIwc2l0aW8lMjBlbiUyMGRvbmRlJTIwc2UlMjBlbmN1ZW50cmElMjBlbCUyMEhlbWljaWNsbyUyMGRlJTIwTGElMjBSb3RvbmRhJTJDJTIwZnVlJTIwZWwlMjBsdWdhciUyMGVuJTIwZG9uZGUlMjBhbWJvcyUyMHBlcnNvbmFqZXMlMjBzZSUyMGRpZXJvbiUyMGVuY3VlbnRyby4lMjIlN0QlNUQlN0QlNUQ=\">El Concejo en 1935 adjudic\u00f3 la obra al escultor espa\u00f1ol Jos\u00e9 Antonio Homs y la concepci\u00f3n general del proyecto arquitect\u00f3nico se dio al escultor Juan Rovira. En mayo de 1938 fue entregada la obra. El sitio en donde se encuentra el Hemiciclo de La Rotonda, fue el lugar en donde ambos personajes se dieron encuentro.<\/span><\/p>\t\t\t\t\t\t\t\t<\/div>\n\t\t\t\t<\/div>\n\t\t\t\t\t<\/div>\n\t\t<\/div>\n\t\t\t\t\t<\/div>\n\t\t<\/section>\n\t\t\t\t<section class=\"elementor-section elementor-top-section elementor-element elementor-element-24eff6e elementor-section-boxed elementor-section-height-default elementor-section-height-default wpr-particle-no wpr-jarallax-no wpr-parallax-no wpr-sticky-section-no wpr-equal-height-no\" data-id=\"24eff6e\" data-element_type=\"section\" data-e-type=\"section\">\n\t\t\t\t\t\t<div class=\"elementor-container elementor-column-gap-default\">\n\t\t\t\t\t<div class=\"elementor-column elementor-col-100 elementor-top-column elementor-element elementor-element-ce6a4fd\" data-id=\"ce6a4fd\" data-element_type=\"column\" data-e-type=\"column\">\n\t\t\t<div class=\"elementor-widget-wrap elementor-element-populated\">\n\t\t\t\t\t\t<div class=\"elementor-element elementor-element-7f9da52 elementor-widget elementor-widget-spacer\" data-id=\"7f9da52\" data-element_type=\"widget\" data-e-type=\"widget\" data-widget_type=\"spacer.default\">\n\t\t\t\t<div class=\"elementor-widget-container\">\n\t\t\t\t\t\t\t<div class=\"elementor-spacer\">\n\t\t\t<div class=\"elementor-spacer-inner\"><\/div>\n\t\t<\/div>\n\t\t\t\t\t\t<\/div>\n\t\t\t\t<\/div>\n\t\t\t\t\t<\/div>\n\t\t<\/div>\n\t\t\t\t\t<\/div>\n\t\t<\/section>\n\t\t\t\t<section class=\"elementor-section elementor-top-section elementor-element elementor-element-095f072 elementor-section-boxed elementor-section-height-default elementor-section-height-default wpr-particle-no wpr-jarallax-no wpr-parallax-no wpr-sticky-section-no wpr-equal-height-no\" data-id=\"095f072\" data-element_type=\"section\" data-e-type=\"section\">\n\t\t\t\t\t\t<div class=\"elementor-container elementor-column-gap-default\">\n\t\t\t\t\t<div class=\"elementor-column elementor-col-100 elementor-top-column elementor-element elementor-element-415c88f\" data-id=\"415c88f\" data-element_type=\"column\" data-e-type=\"column\">\n\t\t\t<div class=\"elementor-widget-wrap elementor-element-populated\">\n\t\t\t\t\t\t<div class=\"elementor-element elementor-element-a48eea4 elementor-widget elementor-widget-html\" data-id=\"a48eea4\" data-element_type=\"widget\" data-e-type=\"widget\" data-widget_type=\"html.default\">\n\t\t\t\t<div class=\"elementor-widget-container\">\n\t\t\t\t\t<div style=\"font-family: 'Tajawal', sans-serif; font-size: 16px; line-height: 1.7; color: #2c2c2c; margin-bottom: 25px;\">\r\n    <p>El <strong>Hemiciclo de La Rotonda<\/strong> es el punto exacto donde la historia de Sudam\u00e9rica cambi\u00f3. Para descubrir los secretos de Bol\u00edvar y San Mart\u00edn con una narrativa experta, <a href=\"#experience-collection\" style=\"color: #a0522d; font-weight: bold;\">revisa disponibilidad<\/a> en nuestras experiencias por el Malec\u00f3n 2000.<\/p>\r\n<\/div>\r\n\r\n<script type=\"application\/ld+json\">\r\n{\r\n  \"@context\": \"https:\/\/schema.org\",\r\n  \"@graph\": [\r\n    {\r\n      \"@type\": \"LocalBusiness\",\r\n      \"name\": \"Trail Forth Journal\",\r\n      \"url\": \"https:\/\/trailforthjournal.com\",\r\n      \"address\": {\r\n        \"@type\": \"PostalAddress\",\r\n        \"addressLocality\": \"Guayaquil\",\r\n        \"addressCountry\": \"EC\"\r\n      }\r\n    },\r\n    {\r\n      \"@type\": \"FAQPage\",\r\n      \"mainEntity\": [\r\n        {\r\n          \"@type\": \"Question\",\r\n          \"name\": \"\u00bfQu\u00e9 conmemora La Rotonda?\",\r\n          \"acceptedAnswer\": {\r\n            \"@type\": \"Answer\",\r\n            \"text\": \"Conmemora la Entrevista de Guayaquil entre Sim\u00f3n Bol\u00edvar y Jos\u00e9 de San Mart\u00edn en 1822.\"\r\n          }\r\n        }\r\n      ]\r\n    }\r\n  ]\r\n}\r\n<\/script>\t\t\t\t<\/div>\n\t\t\t\t<\/div>\n\t\t\t\t\t<\/div>\n\t\t<\/div>\n\t\t\t\t\t<\/div>\n\t\t<\/section>\n\t\t\t\t<section class=\"elementor-section elementor-top-section elementor-element elementor-element-770b494 elementor-section-boxed elementor-section-height-default elementor-section-height-default wpr-particle-no wpr-jarallax-no wpr-parallax-no wpr-sticky-section-no wpr-equal-height-no\" data-id=\"770b494\" data-element_type=\"section\" data-e-type=\"section\">\n\t\t\t\t\t\t<div class=\"elementor-container elementor-column-gap-default\">\n\t\t\t\t\t<div class=\"elementor-column elementor-col-100 elementor-top-column elementor-element elementor-element-8736318\" data-id=\"8736318\" data-element_type=\"column\" data-e-type=\"column\">\n\t\t\t<div class=\"elementor-widget-wrap elementor-element-populated\">\n\t\t\t\t\t\t<div class=\"elementor-element elementor-element-93affe9 elementor-widget elementor-widget-spacer\" data-id=\"93affe9\" data-element_type=\"widget\" data-e-type=\"widget\" data-widget_type=\"spacer.default\">\n\t\t\t\t<div class=\"elementor-widget-container\">\n\t\t\t\t\t\t\t<div class=\"elementor-spacer\">\n\t\t\t<div class=\"elementor-spacer-inner\"><\/div>\n\t\t<\/div>\n\t\t\t\t\t\t<\/div>\n\t\t\t\t<\/div>\n\t\t\t\t\t<\/div>\n\t\t<\/div>\n\t\t\t\t\t<\/div>\n\t\t<\/section>\n\t\t\t\t<section class=\"elementor-section elementor-top-section elementor-element elementor-element-f7b7dff elementor-section-boxed elementor-section-height-default elementor-section-height-default wpr-particle-no wpr-jarallax-no wpr-parallax-no wpr-sticky-section-no wpr-equal-height-no\" data-id=\"f7b7dff\" data-element_type=\"section\" data-e-type=\"section\" data-settings=\"{&quot;background_background&quot;:&quot;classic&quot;}\">\n\t\t\t\t\t\t<div class=\"elementor-container elementor-column-gap-default\">\n\t\t\t\t\t<div class=\"elementor-column elementor-col-50 elementor-top-column elementor-element elementor-element-41c5aee\" data-id=\"41c5aee\" data-element_type=\"column\" data-e-type=\"column\">\n\t\t\t<div class=\"elementor-widget-wrap elementor-element-populated\">\n\t\t\t\t\t\t<div class=\"elementor-element elementor-element-f12701a elementor-widget__width-initial elementor-widget elementor-widget-html\" data-id=\"f12701a\" data-element_type=\"widget\" data-e-type=\"widget\" data-widget_type=\"html.default\">\n\t\t\t\t<div class=\"elementor-widget-container\">\n\t\t\t\t\t<link rel=\"preconnect\" href=\"https:\/\/fonts.googleapis.com\">\r\n<link rel=\"preconnect\" href=\"https:\/\/fonts.gstatic.com\" crossorigin>\r\n<link href=\"https:\/\/fonts.googleapis.com\/css2?family=Poppins:wght@300;600;800&display=swap\" rel=\"stylesheet\">\r\n<link rel=\"stylesheet\" href=\"https:\/\/cdnjs.cloudflare.com\/ajax\/libs\/font-awesome\/6.0.0\/css\/all.min.css\">\r\n\r\n<section class=\"tf-final-banner\" aria-label=\"Reserva de tours y experiencias en Guayaquil\" itemscope itemtype=\"https:\/\/schema.org\/Service\">\r\n    <div class=\"tf-accent-line\"><\/div>\r\n    \r\n    <div class=\"tf-banner-content\">\r\n        <div class=\"tf-brand-info\">\r\n            <span class=\"tf-pre\">Official Experience by<\/span>\r\n            <h3 class=\"tf-brand-name\" itemprop=\"provider\">Trail Forth <span class=\"tf-light\">Tours & Activities<\/span><\/h3>\r\n            <span class=\"tf-tagline\">The Experience Collection<\/span>\r\n        <\/div>\r\n\r\n        <h2 class=\"tf-invite-h2\" itemprop=\"name\">\r\n            Reserva: Tours, Experiencias & Actividades: <span class=\"tf-city\">Guayaquil<\/span>\r\n        <\/h2>\r\n\r\n        <div class=\"tf-icon-strip\">\r\n            <div class=\"tf-icon-box\" title=\"Tours de Fotograf\u00eda en Guayaquil\"><i class=\"fas fa-camera\" aria-hidden=\"true\"><\/i><span class=\"sr-only\">Fotograf\u00eda<\/span><\/div>\r\n            <div class=\"tf-icon-box\" title=\"Exploraci\u00f3n Urbana y Caminatas\"><i class=\"fas fa-map-marked-alt\" aria-hidden=\"true\"><\/i><span class=\"sr-only\">Exploraci\u00f3n Urbana<\/span><\/div>\r\n            <div class=\"tf-icon-box\" title=\"Gastronom\u00eda y Experiencias Culinarias\"><i class=\"fas fa-glass-cheers\" aria-hidden=\"true\"><\/i><span class=\"sr-only\">Gastronom\u00eda<\/span><\/div>\r\n            <div class=\"tf-icon-box\" title=\"City Tours y Recorridos en Bus\"><i class=\"fas fa-bus\" aria-hidden=\"true\"><\/i><span class=\"sr-only\">City Tours<\/span><\/div>\r\n            <div class=\"tf-icon-box\" title=\"Aventura en Bici por Guayaquil\"><i class=\"fas fa-bicycle\" aria-hidden=\"true\"><\/i><span class=\"sr-only\">Aventura en Bici<\/span><\/div>\r\n            <div class=\"tf-icon-box\" title=\"Rutas de Senderismo y Naturaleza\"><i class=\"fas fa-route\" aria-hidden=\"true\"><\/i><span class=\"sr-only\">Rutas y Senderos<\/span><\/div>\r\n            <div class=\"tf-icon-box\" title=\"Turismo Cultural y Museos\"><i class=\"fas fa-landmark\" aria-hidden=\"true\"><\/i><span class=\"sr-only\">Cultura y Museos<\/span><\/div>\r\n        <\/div>\r\n        \r\n        <meta itemprop=\"description\" content=\"Agencia especializada en tours personalizados, fotograf\u00eda y experiencias culturales en Guayaquil.\">\r\n        <div itemprop=\"areaServed\" itemscope itemtype=\"https:\/\/schema.org\/City\" class=\"sr-only\">\r\n            <span itemprop=\"name\">Guayaquil<\/span>\r\n        <\/div>\r\n    <\/div>\r\n<\/section>\r\n\r\n<style>\r\n\/* 1. MANTENEMOS TU DISE\u00d1O EXACTO *\/\r\n.tf-final-banner {\r\n    display: flex;\r\n    background: rgba(255, 255, 255, 0.95);\r\n    width: 100%; \r\n    max-width: 1200px;\r\n    margin: 30px 0;\r\n    padding: 30px 30px 30px 0;\r\n    border-radius: 0; \r\n    border: none;\r\n    font-family: 'Poppins', sans-serif !important;\r\n    box-sizing: border-box;\r\n    text-align: left;\r\n}\r\n\r\n\/* SEO: Clase para que Google lea las keywords sin afectar el dise\u00f1o *\/\r\n.sr-only {\r\n    position: absolute;\r\n    width: 1px;\r\n    height: 1px;\r\n    padding: 0;\r\n    margin: -1px;\r\n    overflow: hidden;\r\n    clip: rect(0, 0, 0, 0);\r\n    white-space: nowrap;\r\n    border-width: 0;\r\n}\r\n\r\n.tf-accent-line {\r\n    width: 6px;\r\n    background-color: #ffcc00;\r\n    margin-right: 25px;\r\n    flex-shrink: 0;\r\n}\r\n\r\n.tf-banner-content {\r\n    width: 100%;\r\n}\r\n\r\n.tf-pre {\r\n    font-size: 10px;\r\n    text-transform: uppercase;\r\n    letter-spacing: 2.5px;\r\n    color: #ffcc00;\r\n    font-weight: 600;\r\n    display: block;\r\n    margin-bottom: 2px;\r\n}\r\n\r\n.tf-brand-name {\r\n    font-size: 26px !important;\r\n    font-weight: 600 !important;\r\n    color: #024F87 !important;\r\n    margin: 0 !important;\r\n    line-height: 1;\r\n}\r\n\r\n.tf-light { font-weight: 300 !important; opacity: 0.8; }\r\n\r\n.tf-tagline {\r\n    display: block;\r\n    font-size: 10px;\r\n    text-transform: uppercase;\r\n    letter-spacing: 4px;\r\n    color: #000000;\r\n    font-weight: 300;\r\n    margin-top: 6px;\r\n}\r\n\r\n.tf-invite-h2 {\r\n    font-size: 26px !important;\r\n    font-weight: 600 !important;\r\n    color: #024F87 !important;\r\n    margin: 18px 0 !important;\r\n    line-height: 1.2;\r\n}\r\n\r\n.tf-city { color: #007FD5; }\r\n\r\n.tf-icon-strip {\r\n    display: flex;\r\n    justify-content: flex-start;\r\n    gap: 15px;\r\n    margin-top: 25px;\r\n    flex-wrap: wrap;\r\n}\r\n\r\n.tf-icon-box {\r\n    width: 42px;\r\n    height: 42px;\r\n    background: #fdf8f3;\r\n    border: 1px solid #f5e6d3;\r\n    display: flex;\r\n    align-items: center;\r\n    justify-content: center;\r\n    border-radius: 4px;\r\n    color: #024F87;\r\n    transition: all 0.3s ease;\r\n}\r\n\r\n.tf-icon-box:hover {\r\n    background: #024F87;\r\n    color: #fff;\r\n    transform: translateY(-2px);\r\n}\r\n\r\n@media (max-width: 600px) {\r\n    .tf-brand-name, .tf-invite-h2 { font-size: 22px !important; }\r\n}\r\n<\/style>\t\t\t\t<\/div>\n\t\t\t\t<\/div>\n\t\t\t\t\t<\/div>\n\t\t<\/div>\n\t\t\t\t<div class=\"elementor-column elementor-col-50 elementor-top-column elementor-element elementor-element-b08d500\" data-id=\"b08d500\" data-element_type=\"column\" data-e-type=\"column\">\n\t\t\t<div class=\"elementor-widget-wrap elementor-element-populated\">\n\t\t\t\t\t\t<div class=\"elementor-element elementor-element-27dd4ce elementor-widget elementor-widget-html\" data-id=\"27dd4ce\" data-element_type=\"widget\" data-e-type=\"widget\" data-widget_type=\"html.default\">\n\t\t\t\t<div class=\"elementor-widget-container\">\n\t\t\t\t\t<div class=\"tf-hero-card\">\r\n    <div class=\"video-background\">\r\n        <iframe \r\n            src=\"https:\/\/www.youtube.com\/embed\/PxUauHg4gSs?autoplay=1&mute=1&loop=1&playlist=PxUauHg4gSs&end=17&controls=0&showinfo=0&rel=0&modestbranding=1&iv_load_policy=3&enablejsapi=1\" \r\n            frameborder=\"0\" \r\n            allow=\"autoplay; encrypted-media\" \r\n            allowfullscreen>\r\n        <\/iframe>\r\n    <\/div>\r\n\r\n    <div class=\"card-overlay\">\r\n        <div class=\"card-content\">\r\n            <span class=\"category-badge\">The Experience Collection<\/span>\r\n            \r\n            <p class=\"description-small\">Reserva los Tours & Actividades<\/p>\r\n            \r\n            <div class=\"cta-wrapper\">\r\n                <a href=\"https:\/\/trailforthjournal.com\/es\/tours-y-actividades\/guayaquil\/\" target=\"_blank\" class=\"btn-primary\">\r\n                    <span class=\"play-icon\"><\/span> VER EXPERIENCIAS\r\n                <\/a>\r\n            <\/div>\r\n        <\/div>\r\n    <\/div>\r\n<\/div>\r\n\r\n<style>\r\n\/* Mantenemos tu estilo exacto que ya funciona en Elementor *\/\r\n.tf-hero-card {\r\n    position: relative;\r\n    width: 100%;\r\n    max-width: 450px;\r\n    height: 300px;\r\n    margin: 20px auto;\r\n    border-radius: 24px;\r\n    overflow: hidden;\r\n    background: #000;\r\n    box-shadow: 0 15px 35px rgba(0,0,0,0.2);\r\n    font-family: 'Poppins', sans-serif;\r\n}\r\n\r\n.video-background {\r\n    position: absolute;\r\n    top: 0;\r\n    left: 0;\r\n    width: 100%;\r\n    height: 100%;\r\n    pointer-events: none;\r\n}\r\n\r\n.video-background iframe {\r\n    width: 300%; \r\n    height: 100%;\r\n    min-width: 177.77%; \r\n    position: absolute;\r\n    top: 50%;\r\n    left: 50%;\r\n    transform: translate(-50%, -50%) scale(1.3); \r\n    border: none;\r\n}\r\n\r\n.card-overlay {\r\n    position: absolute;\r\n    bottom: 0;\r\n    left: 0;\r\n    width: 100%;\r\n    height: 100%;\r\n    background: linear-gradient(180deg, transparent 15%, rgba(0,0,0,0.85) 85%);\r\n    display: flex;\r\n    align-items: flex-end;\r\n    padding: 25px;\r\n    box-sizing: border-box;\r\n    z-index: 2;\r\n}\r\n\r\n.category-badge {\r\n    display: inline-block;\r\n    background: #FFCC00;\r\n    color: #000;\r\n    font-size: 9px;\r\n    font-weight: 800;\r\n    padding: 4px 10px;\r\n    border-radius: 50px;\r\n    text-transform: uppercase;\r\n    letter-spacing: 1px;\r\n    margin-bottom: 6px;\r\n}\r\n\r\n.description-small {\r\n    color: rgba(255,255,255,0.9);\r\n    font-size: 13px;\r\n    margin-bottom: 18px;\r\n    font-weight: 400;\r\n}\r\n\r\n.btn-primary {\r\n    display: inline-flex;\r\n    align-items: center;\r\n    color: #fff;\r\n    text-decoration: none;\r\n    font-size: 11px;\r\n    font-weight: 600;\r\n    letter-spacing: 1px;\r\n    border: 1px solid rgba(255,255,255,0.5);\r\n    padding: 10px 20px;\r\n    border-radius: 50px;\r\n    transition: all 0.3s ease;\r\n    background: rgba(0,0,0,0.4);\r\n    backdrop-filter: blur(8px);\r\n    -webkit-backdrop-filter: blur(8px);\r\n}\r\n\r\n.btn-primary:hover {\r\n    background: #fff;\r\n    color: #000;\r\n}\r\n\r\n.play-icon {\r\n    width: 0; \r\n    height: 0; \r\n    border-top: 4px solid transparent;\r\n    border-bottom: 4px solid transparent;\r\n    border-left: 7px solid currentColor;\r\n    margin-right: 8px;\r\n}\r\n\r\n@media (max-width: 480px) {\r\n    .tf-hero-card {\r\n        height: 280px;\r\n    }\r\n}\r\n<\/style>\t\t\t\t<\/div>\n\t\t\t\t<\/div>\n\t\t\t\t\t<\/div>\n\t\t<\/div>\n\t\t\t\t\t<\/div>\n\t\t<\/section>\n\t\t\t\t<section class=\"elementor-section elementor-top-section elementor-element elementor-element-38cbbec elementor-section-boxed elementor-section-height-default elementor-section-height-default wpr-particle-no wpr-jarallax-no wpr-parallax-no wpr-sticky-section-no wpr-equal-height-no\" data-id=\"38cbbec\" data-element_type=\"section\" data-e-type=\"section\">\n\t\t\t\t\t\t<div class=\"elementor-container elementor-column-gap-default\">\n\t\t\t\t\t<div class=\"elementor-column elementor-col-100 elementor-top-column elementor-element elementor-element-0f41593\" data-id=\"0f41593\" data-element_type=\"column\" data-e-type=\"column\">\n\t\t\t<div class=\"elementor-widget-wrap elementor-element-populated\">\n\t\t\t\t\t\t<div class=\"elementor-element elementor-element-611df92 elementor-widget elementor-widget-spacer\" data-id=\"611df92\" data-element_type=\"widget\" data-e-type=\"widget\" data-widget_type=\"spacer.default\">\n\t\t\t\t<div class=\"elementor-widget-container\">\n\t\t\t\t\t\t\t<div class=\"elementor-spacer\">\n\t\t\t<div class=\"elementor-spacer-inner\"><\/div>\n\t\t<\/div>\n\t\t\t\t\t\t<\/div>\n\t\t\t\t<\/div>\n\t\t\t\t\t<\/div>\n\t\t<\/div>\n\t\t\t\t\t<\/div>\n\t\t<\/section>\n\t\t\t\t<section class=\"elementor-section elementor-top-section elementor-element elementor-element-c35dc02 elementor-section-boxed elementor-section-height-default elementor-section-height-default wpr-particle-no wpr-jarallax-no wpr-parallax-no wpr-sticky-section-no wpr-equal-height-no\" data-id=\"c35dc02\" data-element_type=\"section\" data-e-type=\"section\">\n\t\t\t\t\t\t<div class=\"elementor-container elementor-column-gap-default\">\n\t\t\t\t\t<div class=\"elementor-column elementor-col-100 elementor-top-column elementor-element elementor-element-36f17e2\" data-id=\"36f17e2\" data-element_type=\"column\" data-e-type=\"column\">\n\t\t\t<div class=\"elementor-widget-wrap elementor-element-populated\">\n\t\t\t\t\t\t<div class=\"elementor-element elementor-element-af96c2f elementor-view-default elementor-widget elementor-widget-icon\" data-id=\"af96c2f\" data-element_type=\"widget\" data-e-type=\"widget\" data-widget_type=\"icon.default\">\n\t\t\t\t<div class=\"elementor-widget-container\">\n\t\t\t\t\t\t\t<div class=\"elementor-icon-wrapper\">\n\t\t\t<div class=\"elementor-icon\">\n\t\t\t<i aria-hidden=\"true\" class=\"fas fa-map-marked-alt\"><\/i>\t\t\t<\/div>\n\t\t<\/div>\n\t\t\t\t\t\t<\/div>\n\t\t\t\t<\/div>\n\t\t\t\t\t<\/div>\n\t\t<\/div>\n\t\t\t\t\t<\/div>\n\t\t<\/section>\n\t\t\t\t<section class=\"elementor-section elementor-top-section elementor-element elementor-element-656462e elementor-section-boxed elementor-section-height-default elementor-section-height-default wpr-particle-no wpr-jarallax-no wpr-parallax-no wpr-sticky-section-no wpr-equal-height-no\" data-id=\"656462e\" data-element_type=\"section\" data-e-type=\"section\">\n\t\t\t\t\t\t<div class=\"elementor-container elementor-column-gap-default\">\n\t\t\t\t\t<div class=\"elementor-column elementor-col-100 elementor-top-column elementor-element elementor-element-b83aea2\" data-id=\"b83aea2\" data-element_type=\"column\" data-e-type=\"column\">\n\t\t\t<div class=\"elementor-widget-wrap elementor-element-populated\">\n\t\t\t\t\t\t<div class=\"elementor-element elementor-element-121d685 premium-title-center premium-title-gradient-yes elementor-widget__width-initial premium-title-color elementor-widget elementor-widget-premium-addon-title\" data-id=\"121d685\" data-element_type=\"widget\" data-e-type=\"widget\" data-widget_type=\"premium-addon-title.default\">\n\t\t\t\t<div class=\"elementor-widget-container\">\n\t\t\t\t\t\n\t\t<div class=\"premium-title-container style3\">\n\t\t\t<h2 class=\"premium-title-header premium-title-style3\">\n\t\t\t\t\n\t\t\t\t\n\t\t\t\t\t\t\t\t\t\t\t\t<span class=\"premium-title-text\">\n\t\t\t\t\tMapa de ubicaci\u00f3n: Hemiciclo de La Rotonda\t\t\t\t<\/span>\n\t\t\t\t\t\n\t\t\t\t\t\t\t\t\n\t\t\t\t\t\t\t<\/h2>\n\n\t\t<\/div>\n\n\t\t\t\t\t\t<\/div>\n\t\t\t\t<\/div>\n\t\t\t\t\t<\/div>\n\t\t<\/div>\n\t\t\t\t\t<\/div>\n\t\t<\/section>\n\t\t\t\t<section class=\"elementor-section elementor-top-section elementor-element elementor-element-17fb227 elementor-section-boxed elementor-section-height-default elementor-section-height-default wpr-particle-no wpr-jarallax-no wpr-parallax-no wpr-sticky-section-no wpr-equal-height-no\" data-id=\"17fb227\" data-element_type=\"section\" data-e-type=\"section\">\n\t\t\t\t\t\t<div class=\"elementor-container elementor-column-gap-default\">\n\t\t\t\t\t<div class=\"elementor-column elementor-col-100 elementor-top-column elementor-element elementor-element-145aca2\" data-id=\"145aca2\" data-element_type=\"column\" data-e-type=\"column\">\n\t\t\t<div class=\"elementor-widget-wrap elementor-element-populated\">\n\t\t\t\t\t\t<div class=\"elementor-element elementor-element-5c766e7 elementor-widget-divider--view-line elementor-widget elementor-widget-divider\" data-id=\"5c766e7\" data-element_type=\"widget\" data-e-type=\"widget\" data-widget_type=\"divider.default\">\n\t\t\t\t<div class=\"elementor-widget-container\">\n\t\t\t\t\t\t\t<div class=\"elementor-divider\">\n\t\t\t<span class=\"elementor-divider-separator\">\n\t\t\t\t\t\t<\/span>\n\t\t<\/div>\n\t\t\t\t\t\t<\/div>\n\t\t\t\t<\/div>\n\t\t\t\t\t<\/div>\n\t\t<\/div>\n\t\t\t\t\t<\/div>\n\t\t<\/section>\n\t\t\t\t<section class=\"elementor-section elementor-top-section elementor-element elementor-element-1cebab1 elementor-section-boxed elementor-section-height-default elementor-section-height-default wpr-particle-no wpr-jarallax-no wpr-parallax-no wpr-sticky-section-no wpr-equal-height-no\" data-id=\"1cebab1\" data-element_type=\"section\" data-e-type=\"section\">\n\t\t\t\t\t\t<div class=\"elementor-container elementor-column-gap-default\">\n\t\t\t\t\t<div class=\"elementor-column elementor-col-100 elementor-top-column elementor-element elementor-element-7a39138\" data-id=\"7a39138\" data-element_type=\"column\" data-e-type=\"column\">\n\t\t\t<div class=\"elementor-widget-wrap elementor-element-populated\">\n\t\t\t\t\t\t<div class=\"elementor-element elementor-element-948ac26 elementor-widget elementor-widget-html\" data-id=\"948ac26\" data-element_type=\"widget\" data-e-type=\"widget\" data-widget_type=\"html.default\">\n\t\t\t\t<div class=\"elementor-widget-container\">\n\t\t\t\t\t<div class=\"tfj-main-container\">\r\n    <nav class=\"tfj-sidebar\">\r\n        <div class=\"tfj-sidebar-header\">\r\n            <img data-recalc-dims=\"1\" decoding=\"async\" src=\"https:\/\/i0.wp.com\/trailforthjournal.com\/es\/wp-content\/uploads\/sites\/4\/2026\/03\/Estampilla-Trail-Fort-Journal.png?w=1032&#038;ssl=1\" alt=\"Trail Forth Journal\" class=\"tfj-logo-stamp\">\r\n        <\/div>\r\n        \r\n        <button class=\"tfj-tab-btn active\" onclick=\"openTab(event, 'tab-mapa')\">\r\n            <span class=\"tab-icon\">\ud83d\udccd<\/span>\r\n            <div class=\"tab-text\">\r\n                <span class=\"tab-title\">Mapa Interactivo<\/span>\r\n                <span class=\"tab-sub\">Hemiciclo La Rotonda<\/span>\r\n            <\/div>\r\n        <\/button>\r\n        <button class=\"tfj-tab-btn\" onclick=\"openTab(event, 'tab-tours')\">\r\n            <span class=\"tab-icon\">\ud83c\udf9f\ufe0f<\/span>\r\n            <div class=\"tab-text\">\r\n                <span class=\"tab-title\">Experiencias Locales<\/span>\r\n                <span class=\"tab-sub\">Guayaquil<\/span>\r\n            <\/div>\r\n        <\/button>\r\n    <\/nav>\r\n\r\n    <div class=\"tfj-content-area\">\r\n        <div id=\"tab-mapa\" class=\"tfj-tab-content active\" style=\"background: #ffffff;\">\r\n            <div class=\"seccion-actividades-moderna\">\r\n                <div class=\"cabecera-actividades\" style=\"padding: 30px 25px 18px; border-bottom: 1px solid #f1f5f9;\">\r\n                    <h3 style=\"color: #1e293b; margin:0; font-family:'Montserrat'; font-size:15px; font-weight:700;\">\ud83d\udccd Hemiciclo La Rotonda<\/h3>\r\n                <\/div>\r\n                <div class=\"grid-experiencias\">\r\n                    <div class=\"item-experiencia\">\r\n                        <span class=\"txt-experiencia\" style=\"color: #64748b; font-size: 13px; padding-left: 25px; display: block; margin-top: 10px; margin-bottom: 15px;\">Explora los puntos destacados en el mapa interactivo<\/span>\r\n                    <\/div>\r\n                <\/div>\r\n            <\/div>\r\n            <div class=\"modulo-mapa-interactivo\">\r\n                <div class=\"mapa-iframe-wrapper\">\r\n                    <iframe loading=\"lazy\" allowfullscreen allow=\"geolocation\" \r\n                        src=\"https:\/\/trailforthjournal.com\/maps\/guayaquil\/lugares-turisticos-guayaquil\/#19\/-2.1924\/-79.8790\">\r\n                    <\/iframe>\r\n                <\/div>\r\n            <\/div>\r\n            <div class=\"base-decorativa-gye-final\"><\/div>\r\n        <\/div>\r\n\r\n        <div id=\"tab-tours\" class=\"tfj-tab-content\">\r\n            <div class=\"hub-container\">\r\n                <div class=\"hub-hero\" style=\"background-image: linear-gradient(rgba(0,0,0,0.2), rgba(0,0,0,0.8)), url('https:\/\/trailforthjournal.com\/es\/wp-content\/uploads\/sites\/4\/2026\/04\/tours-and-activities-guayaquil.png');\">\r\n                    <div class=\"hub-hero-content\">\r\n                        <span class=\"hub-tag\">Explora<\/span>\r\n                        <h3 class=\"hub-main-title\">Descubre el Guayaquil Aut\u00e9ntico<\/h3>\r\n                        <p class=\"hub-description\">Desde la brisa del R\u00edo Guayas hasta las historias del Barrio Las Pe\u00f1as. Conoce cada uno de de estos lugares reservando nuestros recorridos diarios en Guayaquil. As\u00ed podr\u00e1s conocer y explorar cada uno de las atracciones de la Urbe Porte\u00f1a.<\/p>\r\n                    <\/div>\r\n                <\/div>\r\n\r\n                <div class=\"hub-sidebar-list\">\r\n                    <div class=\"list-header\">\r\n                        <h3 style=\"margin:0; font-family:'Montserrat'; font-size:15px; font-weight:700; color:#ffffff;\">Reserva Experiencias Locales:<\/h3>\r\n                        <span class=\"activity-count\">Haz clic para conocer horarios y disponibilidad.<\/span>\r\n                    <\/div>\r\n\r\n                    <div class=\"mini-banner\" onclick=\"window.open('https:\/\/trailforthjournal.com\/es\/reservar\/guayaquil-city-tour-privado\/', '_blank')\">\r\n                        <div class=\"mini-img\">\r\n                            <img data-recalc-dims=\"1\" decoding=\"async\" src=\"https:\/\/i0.wp.com\/trailforthjournal.com\/es\/wp-content\/uploads\/sites\/4\/2022\/01\/Guia-Guayaquil-Iguanas-fondo-.png?w=1032&#038;ssl=1\" alt=\"City Tour\">\r\n                        <\/div>\r\n                        <div class=\"mini-details\">\r\n                            <h4 style=\"margin: 0 0 3px; font-size: 13px; font-family: 'Montserrat'; color: #ffffff; font-weight: 700;\">City Tour Guayaquil: Recorrido Hist\u00f3rico y Moderno <\/h4>\r\n                            <div class=\"mini-meta\">\r\n                                <span class=\"price\">USD $80<\/span>\r\n                                <span class=\"duration\">\u23f1 3.5h<\/span>\r\n                            <\/div>\r\n                        <\/div>\r\n                        <div class=\"mini-arrow\">\u2192<\/div>\r\n                    <\/div>\r\n\r\n                    <div class=\"mini-banner\" onclick=\"window.open('https:\/\/trailforthjournal.com\/es\/reservar\/guayaquil-walking-tour-panoramico\/', '_blank')\">\r\n                        <div class=\"mini-img\">\r\n                            <img data-recalc-dims=\"1\" decoding=\"async\" src=\"https:\/\/i0.wp.com\/trailforthjournal.com\/es\/wp-content\/uploads\/sites\/4\/2024\/02\/1000118859.png?w=1032&#038;ssl=1\" alt=\"Walking Tour\">\r\n                        <\/div>\r\n                        <div class=\"mini-details\">\r\n                            <h4 style=\"margin: 0 0 3px; font-size: 13px; font-family: 'Montserrat'; color: #ffffff; font-weight: 700;\">Guayaquil Walking Tour: Navegaci\u00f3n y Vistas A\u00e9reas<\/h4>\r\n                            <div class=\"mini-meta\">\r\n                                <span class=\"price\">USD: $30<\/span>\r\n                                <span class=\"duration\">\u23f1 1.5h<\/span>\r\n                            <\/div>\r\n                        <\/div>\r\n                        <div class=\"mini-arrow\">\u2192<\/div>\r\n                    <\/div>\r\n\r\n                    <div class=\"hub-footer-cta\">\r\n                        <p>\u00bfBuscas un plan personalizado?<\/p>\r\n                        <a href=\"javascript:void(0)\" class=\"link-contacto\" onclick=\"toggleContactModal()\">Hablar con un experto<\/a>\r\n                    <\/div>\r\n                <\/div>\r\n            <\/div>\r\n        <\/div>\r\n    <\/div>\r\n<\/div>\r\n\r\n<div id=\"contact-modal\" class=\"tfj-modal-overlay\">\r\n    <div class=\"tfj-modal-card\">\r\n        <button class=\"modal-close\" onclick=\"toggleContactModal()\">\u00d7<\/button>\r\n        <h4 style=\"font-family: 'Volkhov'; font-size: 22px; margin-bottom: 10px; color: #111;\">\u00bfC\u00f3mo prefieres contactarnos?<\/h4>\r\n        <p>Nuestro equipo de expertos est\u00e1 listo para ayudarte.<\/p>\r\n        \r\n        <div class=\"modal-options\">\r\n            <a href=\"https:\/\/wa.me\/593978887324\" target=\"_blank\" class=\"modal-btn whatsapp\">\r\n                <span>\ud83d\udcac WhatsApp<\/span>\r\n            <\/a>\r\n            <a href=\"mailto:info@trailforthjournal.com\" class=\"modal-btn email\">\r\n                <span>\u2709\ufe0f Correo Electr\u00f3nico<\/span>\r\n            <\/a>\r\n        <\/div>\r\n    <\/div>\r\n<\/div>\r\n\r\n<style>\r\n    @import url('https:\/\/fonts.googleapis.com\/css2?family=Montserrat:wght@400;700;800&family=Volkhov&family=Inter:wght@400;500&display=swap');\r\n\r\n    :root {\r\n        --primary-gye: #1c1c1c;\r\n        --sidebar-bg: #f8fafc;\r\n        --shadow: 0 10px 30px rgba(0,0,0,0.08);\r\n        --url-borde-nuevo: url('https:\/\/trailforthjournal.com\/es\/wp-content\/uploads\/sites\/4\/2026\/04\/Borde-de-mapa-GYE-e1775882327660.png');\r\n    }\r\n\r\n    .tfj-main-container {\r\n        display: flex;\r\n        max-width: 1200px;\r\n        margin: 40px auto;\r\n        background: #fff;\r\n        border-radius: 24px;\r\n        overflow: hidden;\r\n        box-shadow: var(--shadow);\r\n        height: 600px;\r\n    }\r\n\r\n    \/* SIDEBAR *\/\r\n    .tfj-sidebar { width: 280px; background: var(--sidebar-bg); border-right: 1px solid #e2e8f0; display: flex; flex-direction: column; padding: 20px 0; flex-shrink: 0; }\r\n    .tfj-sidebar-header { padding: 10px 25px 20px; text-align: center; }\r\n    \r\n    \/* LOGO \/ ESTAMPILLA REDUCIDA AL 85px (Reducci\u00f3n del 5%) *\/\r\n    .tfj-logo-stamp { max-width: 85px; height: auto; }\r\n\r\n    .tfj-tab-btn { border: none; background: none; padding: 20px 25px; display: flex; align-items: center; gap: 15px; cursor: pointer; text-align: left; transition: 0.3s; border-left: 4px solid transparent; }\r\n    .tfj-tab-btn.active { background: #fff; border-left-color: var(--primary-gye); }\r\n    .tab-title { display: block; font-family: 'Montserrat'; font-weight: 700; font-size: 14px; color: #1e293b; }\r\n    .tab-sub { font-family: 'Inter'; font-size: 11px; color: #94a3b8; }\r\n\r\n    .tfj-content-area { flex: 1; position: relative; overflow: hidden; }\r\n    .tfj-tab-content { display: none; height: 100%; width: 100%; flex-direction: column; }\r\n    .tfj-tab-content.active { display: flex; }\r\n\r\n    .modulo-mapa-interactivo { flex: 1; position: relative; }\r\n    .mapa-iframe-wrapper { width: 100%; height: 100%; }\r\n    .mapa-iframe-wrapper iframe { width: 100%; height: 100%; border: none; }\r\n    .base-decorativa-gye-final { height: 60px; background-image: var(--url-borde-nuevo); background-repeat: repeat-x; background-position: bottom; background-size: auto 60%; }\r\n\r\n    .hub-container { display: flex; height: 100%; width: 100%; background: #111111; }\r\n    .hub-hero { flex: 1.3; background-size: cover; background-position: center; display: flex; align-items: flex-end; padding: 40px; }\r\n    .hub-main-title { font-family: 'Volkhov'; font-size: 30px; color: #ffffff !important; margin: 12px 0 8px; line-height: 1.1; }\r\n    .hub-description { font-family: 'Inter'; font-size: 14px; color: #ffffff !important; opacity: 1; }\r\n    .hub-tag { background: #fff; color: #000; padding: 3px 10px; font-size: 9px; font-weight: 800; text-transform: uppercase; border-radius: 2px; }\r\n\r\n    .hub-sidebar-list { flex: 0.7; background: #111111; display: flex; flex-direction: column; padding: 25px; gap: 15px; overflow-y: auto; border-left: 1px solid #222; }\r\n    .mini-banner { display: flex; align-items: center; gap: 12px; padding: 10px; border: 1px solid #222; background: #1a1a1a; border-radius: 12px; cursor: pointer; transition: 0.3s; }\r\n    .mini-banner:hover { background: #252525; transform: translateX(5px); border-color: #444; }\r\n    .mini-img { width: 55px; height: 55px; border-radius: 8px; overflow: hidden; flex-shrink: 0; }\r\n    .mini-img img { width: 100%; height: 100%; object-fit: cover; }\r\n    .mini-details h5 { margin: 0 0 3px; font-size: 13px; font-family: 'Montserrat'; color: #ffffff; font-weight: 700; }\r\n    .mini-meta { display: flex; gap: 8px; font-size: 10px; color: #94a3b8; }\r\n    .price { font-weight: 800; color: #ffffff; }\r\n    .mini-arrow { margin-left: auto; color: #444; font-size: 12px; }\r\n\r\n    .hub-footer-cta { margin-top: auto; padding-top: 15px; text-align: center; border-top: 1px solid #222; }\r\n    .hub-footer-cta p { font-size: 11px; color: #64748b; margin-bottom: 4px; }\r\n    .link-contacto { font-size: 12px; font-weight: 700; color: #ffffff; text-decoration: underline; cursor: pointer; }\r\n\r\n    .tfj-modal-overlay {\r\n        position: fixed; top: 0; left: 0; width: 100%; height: 100%;\r\n        background: rgba(0,0,0,0.8); display: none; align-items: center; justify-content: center;\r\n        z-index: 1000; backdrop-filter: blur(5px);\r\n    }\r\n    .tfj-modal-card {\r\n        background: #fff; padding: 40px; border-radius: 20px; max-width: 400px; width: 90%;\r\n        position: relative; text-align: center; box-shadow: 0 20px 50px rgba(0,0,0,0.3);\r\n    }\r\n    .tfj-modal-card p { font-family: 'Inter'; font-size: 14px; color: #666; margin-bottom: 25px; }\r\n    .modal-close {\r\n        position: absolute; top: 15px; right: 20px; background: none; border: none;\r\n        font-size: 24px; cursor: pointer; color: #999;\r\n    }\r\n    .modal-options { display: flex; flex-direction: column; gap: 12px; }\r\n    .modal-btn {\r\n        padding: 15px; border-radius: 12px; text-decoration: none; font-family: 'Montserrat';\r\n        font-weight: 700; font-size: 14px; transition: 0.3s; display: block;\r\n    }\r\n    .modal-btn.whatsapp { background: #25D366; color: #fff; }\r\n    .modal-btn.email { background: #1c1c1c; color: #fff; }\r\n    .modal-btn:hover { transform: translateY(-3px); opacity: 0.9; }\r\n\r\n    @media (max-width: 900px) {\r\n        .tfj-main-container { flex-direction: column; height: auto; }\r\n        .tfj-sidebar { width: 100%; flex-direction: row; }\r\n        .hub-container { flex-direction: column; }\r\n        .hub-hero { height: 250px; flex: none; }\r\n    }\r\n<\/style>\r\n\r\n<script>\r\nfunction openTab(evt, tabName) {\r\n    var i, tabcontent, tablinks;\r\n    tabcontent = document.getElementsByClassName(\"tfj-tab-content\");\r\n    for (i = 0; i < tabcontent.length; i++) {\r\n        tabcontent[i].style.display = \"none\";\r\n        tabcontent[i].classList.remove(\"active\");\r\n    }\r\n    tablinks = document.getElementsByClassName(\"tfj-tab-btn\");\r\n    for (i = 0; i < tablinks.length; i++) {\r\n        tablinks[i].className = tablinks[i].className.replace(\" active\", \"\");\r\n    }\r\n    document.getElementById(tabName).style.display = \"flex\";\r\n    document.getElementById(tabName).classList.add(\"active\");\r\n    evt.currentTarget.className += \" active\";\r\n}\r\n\r\nfunction toggleContactModal() {\r\n    const modal = document.getElementById('contact-modal');\r\n    modal.style.display = (modal.style.display === 'flex') ? 'none' : 'flex';\r\n}\r\n\r\nwindow.onclick = function(event) {\r\n    const modal = document.getElementById('contact-modal');\r\n    if (event.target == modal) { modal.style.display = \"none\"; }\r\n}\r\n<\/script>\t\t\t\t<\/div>\n\t\t\t\t<\/div>\n\t\t\t\t\t<\/div>\n\t\t<\/div>\n\t\t\t\t\t<\/div>\n\t\t<\/section>\n\t\t\t\t<section class=\"elementor-section elementor-top-section elementor-element elementor-element-d8e986b elementor-section-boxed elementor-section-height-default elementor-section-height-default wpr-particle-no wpr-jarallax-no wpr-parallax-no wpr-sticky-section-no wpr-equal-height-no\" data-id=\"d8e986b\" data-element_type=\"section\" data-e-type=\"section\">\n\t\t\t\t\t\t<div class=\"elementor-container elementor-column-gap-default\">\n\t\t\t\t\t<div class=\"elementor-column elementor-col-100 elementor-top-column elementor-element elementor-element-7651c7c\" data-id=\"7651c7c\" data-element_type=\"column\" data-e-type=\"column\">\n\t\t\t<div class=\"elementor-widget-wrap elementor-element-populated\">\n\t\t\t\t\t\t<div class=\"elementor-element elementor-element-861ee93 elementor-widget elementor-widget-heading\" data-id=\"861ee93\" data-element_type=\"widget\" data-e-type=\"widget\" data-widget_type=\"heading.default\">\n\t\t\t\t<div class=\"elementor-widget-container\">\n\t\t\t\t\t<h3 class=\"elementor-heading-title elementor-size-default\">El Hemiciclo de La Rotonda es solo el comienzo\u2026 descubre todo lo que Guayaquil tiene para ti.<\/h3>\t\t\t\t<\/div>\n\t\t\t\t<\/div>\n\t\t\t\t<div class=\"elementor-element elementor-element-e3b0d82 elementor-widget-divider--view-line elementor-widget elementor-widget-divider\" data-id=\"e3b0d82\" data-element_type=\"widget\" data-e-type=\"widget\" data-widget_type=\"divider.default\">\n\t\t\t\t<div class=\"elementor-widget-container\">\n\t\t\t\t\t\t\t<div class=\"elementor-divider\">\n\t\t\t<span class=\"elementor-divider-separator\">\n\t\t\t\t\t\t<\/span>\n\t\t<\/div>\n\t\t\t\t\t\t<\/div>\n\t\t\t\t<\/div>\n\t\t\t\t\t<\/div>\n\t\t<\/div>\n\t\t\t\t\t<\/div>\n\t\t<\/section>\n\t\t\t\t<section class=\"elementor-section elementor-top-section elementor-element elementor-element-3c911d7 elementor-section-boxed elementor-section-height-default elementor-section-height-default wpr-particle-no wpr-jarallax-no wpr-parallax-no wpr-sticky-section-no wpr-equal-height-no\" data-id=\"3c911d7\" data-element_type=\"section\" data-e-type=\"section\">\n\t\t\t\t\t\t<div class=\"elementor-container elementor-column-gap-default\">\n\t\t\t\t\t<div class=\"elementor-column elementor-col-100 elementor-top-column elementor-element elementor-element-8eccd15\" data-id=\"8eccd15\" data-element_type=\"column\" data-e-type=\"column\">\n\t\t\t<div class=\"elementor-widget-wrap elementor-element-populated\">\n\t\t\t\t\t\t<div class=\"elementor-element elementor-element-5b6abbf elementor-widget elementor-widget-html\" data-id=\"5b6abbf\" data-element_type=\"widget\" data-e-type=\"widget\" data-widget_type=\"html.default\">\n\t\t\t\t<div class=\"elementor-widget-container\">\n\t\t\t\t\t<section class=\"tfj-ecosistema-guayaquil\">\r\n    <div class=\"grid-pilares\">\r\n        \r\n        <article class=\"card-pilar pilar-tours\">\r\n            <div class=\"card-cuerpo\">\r\n                <span class=\"tag-categoria\">Experiencias Premium<\/span>\r\n                <h3><a href=\"https:\/\/trailforthjournal.com\/es\/tours-y-actividades\/guayaquil\/\" title=\"Reserva Tours en Guayaquil con Gu\u00edas Locales\" target=\"_blank\" rel=\"noopener\">Tours y Excursiones en Guayaquil<\/a><\/h3>\r\n                <p>Reserva tours privados y experiencias curadas con gu\u00edas locales certificados. Calidad premium en cada recorrido.<\/p>\r\n                <div class=\"footer-card\">\r\n                    <span class=\"cta-link\">Ver Cat\u00e1logo de Tours \u2192<\/span>\r\n                <\/div>\r\n            <\/div>\r\n        <\/article>\r\n\r\n        <article class=\"card-pilar pilar-lugares\">\r\n            <div class=\"card-cuerpo\">\r\n                <span class=\"tag-categoria\">Planificaci\u00f3n<\/span>\r\n                <h3><a href=\"https:\/\/trailforthjournal.com\/es\/explora\/mapa-lugares-turisticos-guayaquil\/\" title=\"Mapa de lugares tur\u00edsticos en Guayaquil\" target=\"_blank\" rel=\"noopener\">Lugares Tur\u00edsticos y Mapa 2026<\/a><\/h3>\r\n                <p>Explora los 20 sitios imprescindibles de la Perla del Pac\u00edfico con nuestro mapa interactivo y gratuito.<\/p>\r\n                <div class=\"footer-card\">\r\n                    <span class=\"cta-link\">Explorar el Mapa \u2192<\/span>\r\n                <\/div>\r\n            <\/div>\r\n        <\/article>\r\n\r\n        <article class=\"card-pilar pilar-guia\">\r\n            <div class=\"card-cuerpo\">\r\n                <span class=\"tag-categoria\">Gu\u00eda Local<\/span>\r\n                <h3><a href=\"https:\/\/trailforthjournal.com\/es\/guia-turistica\/guayaquil-ecuador\/\" title=\"Qu\u00e9 hacer en Guayaquil: Gu\u00eda completa\" target=\"_blank\" rel=\"noopener\">Qu\u00e9 hacer en Guayaquil: Gu\u00eda 2026<\/a><\/h3>\r\n                <p>Cultura, compras y vida urbana. Todo lo que necesitas saber para vivir Guayaquil como un local.<\/p>\r\n                <div class=\"footer-card\">\r\n                    <span class=\"cta-link\">Leer Gu\u00eda Completa \u2192<\/span>\r\n                <\/div>\r\n            <\/div>\r\n        <\/article>\r\n\r\n    <\/div>\r\n<\/section>\r\n\r\n<style>\r\n    .tfj-ecosistema-guayaquil {\r\n        max-width: 1100px;\r\n        margin: 50px auto;\r\n        padding: 0 20px;\r\n        font-family: 'Montserrat', sans-serif;\r\n    }\r\n    .grid-pilares {\r\n        display: grid;\r\n        grid-template-columns: repeat(auto-fit, minmax(320px, 1fr));\r\n        gap: 30px;\r\n    }\r\n    .card-pilar {\r\n        background: #ffffff;\r\n        border-radius: 24px;\r\n        padding: 35px;\r\n        border: 1px solid #eef2f6;\r\n        box-shadow: 0 10px 30px rgba(0,0,0,0.03);\r\n        transition: all 0.4s ease;\r\n        display: flex;\r\n        flex-direction: column;\r\n        position: relative;\r\n        overflow: hidden;\r\n    }\r\n    .card-pilar::before {\r\n        content: '';\r\n        position: absolute;\r\n        top: 0; left: 0; width: 4px; height: 100%;\r\n        background: #3F74E8;\r\n        opacity: 0;\r\n        transition: 0.3s;\r\n    }\r\n    .card-pilar:hover {\r\n        transform: translateY(-10px);\r\n        box-shadow: 0 25px 50px -12px rgba(0,0,0,0.08);\r\n        border-color: #3F74E8;\r\n    }\r\n    .card-pilar:hover::before {\r\n        opacity: 1;\r\n    }\r\n    .tag-categoria {\r\n        font-size: 11px;\r\n        text-transform: uppercase;\r\n        letter-spacing: 2px;\r\n        color: #64748b;\r\n        font-weight: 700;\r\n        margin-bottom: 15px;\r\n        display: block;\r\n    }\r\n    .card-pilar h3 {\r\n        margin: 0 0 15px 0;\r\n        font-size: 22px;\r\n        line-height: 1.3;\r\n        font-weight: 800;\r\n    }\r\n    .card-pilar h3 a {\r\n        text-decoration: none;\r\n        color: #0f172a;\r\n        transition: color 0.3s;\r\n    }\r\n    .card-pilar p {\r\n        font-size: 15px;\r\n        color: #475569;\r\n        line-height: 1.6;\r\n        margin-bottom: 25px;\r\n    }\r\n    .footer-card {\r\n        margin-top: auto;\r\n    }\r\n    .cta-link {\r\n        font-size: 14px;\r\n        font-weight: 700;\r\n        color: #3F74E8;\r\n        display: inline-block;\r\n    }\r\n    @media (max-width: 768px) {\r\n        .tfj-ecosistema-guayaquil { margin: 30px auto; }\r\n        .card-pilar { padding: 25px; }\r\n    }\r\n<\/style>\t\t\t\t<\/div>\n\t\t\t\t<\/div>\n\t\t\t\t\t<\/div>\n\t\t<\/div>\n\t\t\t\t\t<\/div>\n\t\t<\/section>\n\t\t\t\t<section class=\"elementor-section elementor-top-section elementor-element elementor-element-bbd8fc9 elementor-section-boxed elementor-section-height-default elementor-section-height-default wpr-particle-no wpr-jarallax-no wpr-parallax-no wpr-sticky-section-no wpr-equal-height-no\" data-id=\"bbd8fc9\" data-element_type=\"section\" data-e-type=\"section\">\n\t\t\t\t\t\t<div class=\"elementor-container elementor-column-gap-default\">\n\t\t\t\t\t<div class=\"elementor-column elementor-col-100 elementor-top-column elementor-element elementor-element-0de0815\" data-id=\"0de0815\" data-element_type=\"column\" data-e-type=\"column\">\n\t\t\t<div class=\"elementor-widget-wrap elementor-element-populated\">\n\t\t\t\t\t\t<div class=\"elementor-element elementor-element-abe0dfb elementor-widget elementor-widget-spacer\" data-id=\"abe0dfb\" data-element_type=\"widget\" data-e-type=\"widget\" data-widget_type=\"spacer.default\">\n\t\t\t\t<div class=\"elementor-widget-container\">\n\t\t\t\t\t\t\t<div class=\"elementor-spacer\">\n\t\t\t<div class=\"elementor-spacer-inner\"><\/div>\n\t\t<\/div>\n\t\t\t\t\t\t<\/div>\n\t\t\t\t<\/div>\n\t\t\t\t\t<\/div>\n\t\t<\/div>\n\t\t\t\t\t<\/div>\n\t\t<\/section>\n\t\t\t\t<section class=\"elementor-section elementor-top-section elementor-element elementor-element-d39c511 elementor-section-boxed elementor-section-height-default elementor-section-height-default wpr-particle-no wpr-jarallax-no wpr-parallax-no wpr-sticky-section-no wpr-equal-height-no\" data-id=\"d39c511\" data-element_type=\"section\" data-e-type=\"section\">\n\t\t\t\t\t\t<div class=\"elementor-container elementor-column-gap-default\">\n\t\t\t\t\t<div class=\"elementor-column elementor-col-100 elementor-top-column elementor-element elementor-element-4a0d62d\" data-id=\"4a0d62d\" data-element_type=\"column\" data-e-type=\"column\">\n\t\t\t<div class=\"elementor-widget-wrap elementor-element-populated\">\n\t\t\t\t\t\t<div class=\"elementor-element elementor-element-5fd29e8 elementor-view-default elementor-widget elementor-widget-icon\" data-id=\"5fd29e8\" data-element_type=\"widget\" data-e-type=\"widget\" data-widget_type=\"icon.default\">\n\t\t\t\t<div class=\"elementor-widget-container\">\n\t\t\t\t\t\t\t<div class=\"elementor-icon-wrapper\">\n\t\t\t<div class=\"elementor-icon\">\n\t\t\t<i aria-hidden=\"true\" class=\"fab fa-connectdevelop\"><\/i>\t\t\t<\/div>\n\t\t<\/div>\n\t\t\t\t\t\t<\/div>\n\t\t\t\t<\/div>\n\t\t\t\t\t<\/div>\n\t\t<\/div>\n\t\t\t\t\t<\/div>\n\t\t<\/section>\n\t\t\t\t<section class=\"elementor-section elementor-top-section elementor-element elementor-element-51df6fa elementor-section-boxed elementor-section-height-default elementor-section-height-default wpr-particle-no wpr-jarallax-no wpr-parallax-no wpr-sticky-section-no wpr-equal-height-no\" data-id=\"51df6fa\" data-element_type=\"section\" data-e-type=\"section\">\n\t\t\t\t\t\t<div class=\"elementor-container elementor-column-gap-default\">\n\t\t\t\t\t<div class=\"elementor-column elementor-col-100 elementor-top-column elementor-element elementor-element-5723bc1\" data-id=\"5723bc1\" data-element_type=\"column\" data-e-type=\"column\">\n\t\t\t<div class=\"elementor-widget-wrap elementor-element-populated\">\n\t\t\t\t\t\t<div class=\"elementor-element elementor-element-4d7c8d3 premium-title-gradient-yes elementor-widget__width-initial premium-title-color elementor-widget elementor-widget-premium-addon-title\" data-id=\"4d7c8d3\" data-element_type=\"widget\" data-e-type=\"widget\" data-widget_type=\"premium-addon-title.default\">\n\t\t\t\t<div class=\"elementor-widget-container\">\n\t\t\t\t\t\n\t\t<div class=\"premium-title-container style2\">\n\t\t\t<h2 class=\"premium-title-header premium-title-style2\">\n\t\t\t\t\n\t\t\t\t\n\t\t\t\t\t\t\t\t\t\t\t\t<span class=\"premium-title-text\">\n\t\t\t\t\tHemiciclo La Rotonda 360\u00b0\t\t\t\t<\/span>\n\t\t\t\t\t\n\t\t\t\t\t\t\t\t\n\t\t\t\t\t\t\t<\/h2>\n\n\t\t<\/div>\n\n\t\t\t\t\t\t<\/div>\n\t\t\t\t<\/div>\n\t\t\t\t\t<\/div>\n\t\t<\/div>\n\t\t\t\t\t<\/div>\n\t\t<\/section>\n\t\t\t\t<section class=\"elementor-section elementor-top-section elementor-element elementor-element-be72e6c elementor-section-boxed elementor-section-height-default elementor-section-height-default wpr-particle-no wpr-jarallax-no wpr-parallax-no wpr-sticky-section-no wpr-equal-height-no\" data-id=\"be72e6c\" data-element_type=\"section\" data-e-type=\"section\">\n\t\t\t\t\t\t<div class=\"elementor-container elementor-column-gap-default\">\n\t\t\t\t\t<div class=\"elementor-column elementor-col-100 elementor-top-column elementor-element elementor-element-3a9a5e1\" data-id=\"3a9a5e1\" data-element_type=\"column\" data-e-type=\"column\">\n\t\t\t<div class=\"elementor-widget-wrap elementor-element-populated\">\n\t\t\t\t\t\t<div class=\"elementor-element elementor-element-e946b73 elementor-widget elementor-widget-html\" data-id=\"e946b73\" data-element_type=\"widget\" data-e-type=\"widget\" data-widget_type=\"html.default\">\n\t\t\t\t<div class=\"elementor-widget-container\">\n\t\t\t\t\t<div class=\"tf-360-wrapper\">\r\n    \r\n    <div class=\"tf-360-header\">\r\n        <div class=\"tf-status-tag\">\r\n            <span class=\"tf-dot\"><\/span> Inmersi\u00f3n 360\u00b0\r\n        <\/div>\r\n        <h3 class=\"tf-main-title\">Explora cada detalle del destino<\/h3>\r\n    <\/div>\r\n\r\n    <div class=\"tf-viewport-area\">\r\n                <div class=\"wvt-panorama-wrapper\">\n            <style id=\"wvt_26511_1-panorama-css\">\n                #wvt_26511_1 { padding-bottom: 50%; }\n@media only screen and (max-width:768px) { \n\t\t\t\t\t#wvt_26511_1 { padding-bottom: 75%; } \n\t\t\t\t}\n@media only screen and (max-width:600px) { \n\t\t\t\t\t#wvt_26511_1 { padding-bottom: 150%; } \n\t\t\t\t}\n                            <\/style>\n            <div id=\"wvt_26511_1\" data-id=\"26511\"\n                 data-sequence=\"1\" class=\"wvt-panorama\">\n                <div class=\"wvt-panorama-content\"><\/div>\n            <\/div>\n            <script>\n                window.wvtf['wvt_26511_1'] = {\"post_id\":26511,\"option\":{\"option\":{\"title\":\"Hemiciclo La Rotonda\",\"type\":\"equirectangular\",\"equirectangular\":{\"id\":\"26529\",\"src\":\"https:\\\/\\\/trailforthjournal.com\\\/es\\\/wp-content\\\/uploads\\\/sites\\\/4\\\/2023\\\/10\\\/Hemiciclo-La-Rotonda-noche-scaled.jpg\"},\"equirectangular_fallback\":\"\",\"equirectangular_external\":\"0\",\"cubemap\":{\"back\":\"\",\"bottom\":\"\",\"front\":\"\",\"left\":\"\",\"right\":\"\",\"top\":\"\"},\"coordinate\":{\"pitch\":\"22.87703890667454\",\"yaw\":\"2.6101035563723163\",\"hfov\":\"120\"},\"height\":{\"desktop\":\"50\",\"tablet\":\"75\",\"mobile\":\"150\"},\"autorotate\":\"0\",\"autorotate_speed\":\"2\",\"autorotate_direction\":\"clockwise\",\"compass\":\"0\",\"north\":\"0\",\"zoom\":\"1\",\"fullscreen\":\"1\",\"orientation\":\"0\",\"spotlist\":\"0\",\"enable_map\":\"0\",\"mapdimension\":\"25\",\"toolbar_scheme\":\"default\"},\"hotspot\":[{\"key\":\"wvt-hotspot-key-mlgwc\",\"title\":\"Hotspot Title\",\"shape\":\"badge\",\"badge\":\"1\",\"bgcolor\":\"#ffffff\",\"width\":\"26\",\"icontype\":\"icon\",\"icon\":\"fa-map-pin\",\"iconcolor\":\"#000000\",\"iconsize\":\"18\",\"iconimage\":\"\",\"coordinate\":{\"pitch\":\"7.542998968693448\",\"yaw\":\"0.09155525350844296\",\"hfov\":\"120\"},\"hover\":\"woo\",\"woo\":\"29911\",\"hovertheme\":\"punk\",\"hoverminwidth\":\"50\",\"hovermaxwidth\":\"300\",\"hovertext\":\"\",\"hoverposition\":\"auto\",\"hoverlongposition\":[\"top\",\"right\",\"bottom\",\"left\"],\"hovercontent\":\"\",\"click\":\"none\",\"url\":\"#\",\"video\":\"\",\"gallery\":[{\"src\":\"\"}]}],\"tour\":[],\"global\":{\"context\":\"Jegtheme\",\"context_url\":\"http:\\\/\\\/jegtheme.com\",\"load_image\":\"\",\"load_scene\":\"ball-pulse\",\"edit\":\"1\"}}};\n            <\/script>\n        <\/div>\n\t\t\r\n    <\/div>\r\n\r\n    <div class=\"tf-info-bar\">\r\n        <div class=\"tf-instruction\">\r\n            <svg xmlns=\"http:\/\/www.w3.org\/2000\/svg\" width=\"16\" height=\"16\" viewBox=\"0 0 24 24\" fill=\"none\" stroke=\"currentColor\" stroke-width=\"2\" stroke-linecap=\"round\" stroke-linejoin=\"round\"><circle cx=\"12\" cy=\"12\" r=\"10\"><\/circle><path d=\"M12 8l-4 4 4 4M16 12H8\"><\/path><\/svg>\r\n            <span>Arrastra para girar la c\u00e1mara o usa el scroll para zoom<\/span>\r\n        <\/div>\r\n    <\/div>\r\n<\/div>\r\n\r\n<style>\r\n\/* Estilos unificados para tus visores 360 *\/\r\n.tf-360-wrapper {\r\n    max-width: 1100px;\r\n    margin: 40px auto;\r\n    background: #ffffff;\r\n    border: 1px solid #eaeaea;\r\n    border-radius: 16px;\r\n    overflow: hidden;\r\n    box-shadow: 0 20px 40px rgba(0,0,0,0.08);\r\n    font-family: -apple-system, BlinkMacSystemFont, \"Segoe UI\", Roboto, Helvetica, Arial, sans-serif;\r\n}\r\n\r\n.tf-360-header {\r\n    padding: 25px 30px;\r\n    background: #fff;\r\n    border-bottom: 1px solid #f5f5f5;\r\n}\r\n\r\n.tf-status-tag {\r\n    display: inline-flex;\r\n    align-items: center;\r\n    background: #f0f7ff;\r\n    color: #0070f3;\r\n    font-size: 11px;\r\n    font-weight: 700;\r\n    text-transform: uppercase;\r\n    padding: 5px 12px;\r\n    border-radius: 100px;\r\n    letter-spacing: 0.5px;\r\n}\r\n\r\n.tf-dot {\r\n    height: 6px;\r\n    width: 6px;\r\n    background-color: #0070f3;\r\n    border-radius: 50%;\r\n    display: inline-block;\r\n    margin-right: 8px;\r\n    animation: pulse 2s infinite;\r\n}\r\n\r\n.tf-main-title {\r\n    margin: 12px 0 0 0 !important;\r\n    font-size: 1.6rem;\r\n    color: #111;\r\n    font-weight: 700;\r\n    line-height: 1.2;\r\n}\r\n\r\n.tf-viewport-area {\r\n    background: #000;\r\n    min-height: 450px;\r\n}\r\n\r\n.tf-info-bar {\r\n    padding: 15px 30px;\r\n    background: #fafafa;\r\n    display: flex;\r\n    justify-content: center;\r\n    border-top: 1px solid #f5f5f5;\r\n}\r\n\r\n.tf-instruction {\r\n    display: flex;\r\n    align-items: center;\r\n    gap: 10px;\r\n    color: #888;\r\n    font-size: 0.85rem;\r\n}\r\n\r\n@keyframes pulse {\r\n    0% { opacity: 1; }\r\n    50% { opacity: 0.4; }\r\n    100% { opacity: 1; }\r\n}\r\n\r\n@media (max-width: 768px) {\r\n    .tf-main-title {\r\n        font-size: 1.25rem;\r\n    }\r\n    .tf-360-header { padding: 20px; }\r\n}\r\n<\/style>\t\t\t\t<\/div>\n\t\t\t\t<\/div>\n\t\t\t\t\t<\/div>\n\t\t<\/div>\n\t\t\t\t\t<\/div>\n\t\t<\/section>\n\t\t\t\t<section class=\"elementor-section elementor-top-section elementor-element elementor-element-2d0386e elementor-section-boxed elementor-section-height-default elementor-section-height-default wpr-particle-no wpr-jarallax-no wpr-parallax-no wpr-sticky-section-no wpr-equal-height-no\" data-id=\"2d0386e\" data-element_type=\"section\" data-e-type=\"section\">\n\t\t\t\t\t\t<div class=\"elementor-container elementor-column-gap-default\">\n\t\t\t\t\t<div class=\"elementor-column elementor-col-100 elementor-top-column elementor-element elementor-element-66c5ca8\" data-id=\"66c5ca8\" data-element_type=\"column\" data-e-type=\"column\">\n\t\t\t<div class=\"elementor-widget-wrap elementor-element-populated\">\n\t\t\t\t\t\t<div class=\"elementor-element elementor-element-43af261 elementor-widget elementor-widget-spacer\" data-id=\"43af261\" data-element_type=\"widget\" data-e-type=\"widget\" data-widget_type=\"spacer.default\">\n\t\t\t\t<div class=\"elementor-widget-container\">\n\t\t\t\t\t\t\t<div class=\"elementor-spacer\">\n\t\t\t<div class=\"elementor-spacer-inner\"><\/div>\n\t\t<\/div>\n\t\t\t\t\t\t<\/div>\n\t\t\t\t<\/div>\n\t\t\t\t\t<\/div>\n\t\t<\/div>\n\t\t\t\t\t<\/div>\n\t\t<\/section>\n\t\t\t\t<section class=\"elementor-section elementor-top-section elementor-element elementor-element-b25effa elementor-section-boxed elementor-section-height-default elementor-section-height-default wpr-particle-no wpr-jarallax-no wpr-parallax-no wpr-sticky-section-no wpr-equal-height-no\" data-id=\"b25effa\" data-element_type=\"section\" data-e-type=\"section\">\n\t\t\t\t\t\t<div class=\"elementor-container elementor-column-gap-default\">\n\t\t\t\t\t<div class=\"elementor-column elementor-col-33 elementor-top-column elementor-element elementor-element-2ddaf77\" data-id=\"2ddaf77\" data-element_type=\"column\" data-e-type=\"column\">\n\t\t\t<div class=\"elementor-widget-wrap elementor-element-populated\">\n\t\t\t\t\t\t<section class=\"elementor-section elementor-inner-section elementor-element elementor-element-0fafb52 elementor-section-boxed elementor-section-height-default elementor-section-height-default wpr-particle-no wpr-jarallax-no wpr-parallax-no wpr-sticky-section-no wpr-equal-height-no\" data-id=\"0fafb52\" data-element_type=\"section\" data-e-type=\"section\">\n\t\t\t\t\t\t<div class=\"elementor-container elementor-column-gap-default\">\n\t\t\t\t\t<div class=\"elementor-column elementor-col-100 elementor-inner-column elementor-element elementor-element-f0d40da\" data-id=\"f0d40da\" data-element_type=\"column\" data-e-type=\"column\">\n\t\t\t<div class=\"elementor-widget-wrap\">\n\t\t\t\t\t\t\t<\/div>\n\t\t<\/div>\n\t\t\t\t\t<\/div>\n\t\t<\/section>\n\t\t\t\t\t<\/div>\n\t\t<\/div>\n\t\t\t\t<div class=\"elementor-column elementor-col-33 elementor-top-column elementor-element elementor-element-458cfe0\" data-id=\"458cfe0\" data-element_type=\"column\" data-e-type=\"column\" data-settings=\"{&quot;background_background&quot;:&quot;classic&quot;}\">\n\t\t\t<div class=\"elementor-widget-wrap elementor-element-populated\">\n\t\t\t\t\t<div class=\"elementor-background-overlay\"><\/div>\n\t\t\t\t\t\t<div class=\"elementor-element elementor-element-42c2fdd elementor-widget elementor-widget-spacer\" data-id=\"42c2fdd\" data-element_type=\"widget\" data-e-type=\"widget\" data-widget_type=\"spacer.default\">\n\t\t\t\t<div class=\"elementor-widget-container\">\n\t\t\t\t\t\t\t<div class=\"elementor-spacer\">\n\t\t\t<div class=\"elementor-spacer-inner\"><\/div>\n\t\t<\/div>\n\t\t\t\t\t\t<\/div>\n\t\t\t\t<\/div>\n\t\t\t\t<div class=\"elementor-element elementor-element-3219928 elementor-shape-rounded elementor-grid-0 e-grid-align-center elementor-widget elementor-widget-social-icons\" data-id=\"3219928\" data-element_type=\"widget\" data-e-type=\"widget\" data-widget_type=\"social-icons.default\">\n\t\t\t\t<div class=\"elementor-widget-container\">\n\t\t\t\t\t\t\t<div class=\"elementor-social-icons-wrapper elementor-grid\">\n\t\t\t\t\t\t\t<span class=\"elementor-grid-item\">\n\t\t\t\t\t<a class=\"elementor-icon elementor-social-icon elementor-social-icon-map-marker-alt elementor-repeater-item-3106be1\" target=\"_blank\">\n\t\t\t\t\t\t<span class=\"elementor-screen-only\">Map-marker-alt<\/span>\n\t\t\t\t\t\t<i aria-hidden=\"true\" class=\"fas fa-map-marker-alt\"><\/i>\t\t\t\t\t<\/a>\n\t\t\t\t<\/span>\n\t\t\t\t\t<\/div>\n\t\t\t\t\t\t<\/div>\n\t\t\t\t<\/div>\n\t\t\t\t<div class=\"elementor-element elementor-element-3d26a0c elementor-widget elementor-widget-heading\" data-id=\"3d26a0c\" data-element_type=\"widget\" data-e-type=\"widget\" data-widget_type=\"heading.default\">\n\t\t\t\t<div class=\"elementor-widget-container\">\n\t\t\t\t\t<h2 class=\"elementor-heading-title elementor-size-default\">Hemiciclo de La Rotonda<\/h2>\t\t\t\t<\/div>\n\t\t\t\t<\/div>\n\t\t\t\t<div class=\"elementor-element elementor-element-defc914 elementor-widget elementor-widget-html\" data-id=\"defc914\" data-element_type=\"widget\" data-e-type=\"widget\" data-widget_type=\"html.default\">\n\t\t\t\t<div class=\"elementor-widget-container\">\n\t\t\t\t\t<a class=\"weatherwidget-io\" href=\"https:\/\/forecast7.com\/es\/n2d17n79d92\/guayaquil\/\" data-label_1=\"GUAYAQUIL\" data-font=\"Ubuntu\" data-icons=\"Climacons Animated\" data-mode=\"Current\" data-days=\"3\" data-theme=\"gray\" data-basecolor=\"rgba(89, 99, 103, 0)\" >GUAYAQUIL<\/a>\r\n<script>\r\n!function(d,s,id){var js,fjs=d.getElementsByTagName(s)[0];if(!d.getElementById(id)){js=d.createElement(s);js.id=id;js.src='https:\/\/weatherwidget.io\/js\/widget.min.js';fjs.parentNode.insertBefore(js,fjs);}}(document,'script','weatherwidget-io-js');\r\n<\/script>\t\t\t\t<\/div>\n\t\t\t\t<\/div>\n\t\t\t\t<div class=\"elementor-element elementor-element-3ba2cc4 elementor-widget elementor-widget-spacer\" data-id=\"3ba2cc4\" data-element_type=\"widget\" data-e-type=\"widget\" data-widget_type=\"spacer.default\">\n\t\t\t\t<div class=\"elementor-widget-container\">\n\t\t\t\t\t\t\t<div class=\"elementor-spacer\">\n\t\t\t<div class=\"elementor-spacer-inner\"><\/div>\n\t\t<\/div>\n\t\t\t\t\t\t<\/div>\n\t\t\t\t<\/div>\n\t\t\t\t\t<\/div>\n\t\t<\/div>\n\t\t\t\t<div class=\"elementor-column elementor-col-33 elementor-top-column elementor-element elementor-element-bc171fd\" data-id=\"bc171fd\" data-element_type=\"column\" data-e-type=\"column\">\n\t\t\t<div class=\"elementor-widget-wrap\">\n\t\t\t\t\t\t\t<\/div>\n\t\t<\/div>\n\t\t\t\t\t<\/div>\n\t\t<\/section>\n\t\t\t\t<section class=\"elementor-section elementor-top-section elementor-element elementor-element-10258f5 elementor-section-boxed elementor-section-height-default elementor-section-height-default wpr-particle-no wpr-jarallax-no wpr-parallax-no wpr-sticky-section-no wpr-equal-height-no\" data-id=\"10258f5\" data-element_type=\"section\" data-e-type=\"section\">\n\t\t\t\t\t\t<div class=\"elementor-container elementor-column-gap-default\">\n\t\t\t\t\t<div class=\"elementor-column elementor-col-100 elementor-top-column elementor-element elementor-element-f6054d8\" data-id=\"f6054d8\" data-element_type=\"column\" data-e-type=\"column\">\n\t\t\t<div class=\"elementor-widget-wrap elementor-element-populated\">\n\t\t\t\t\t\t<div class=\"elementor-element elementor-element-35c59b2 elementor-widget elementor-widget-html\" data-id=\"35c59b2\" data-element_type=\"widget\" data-e-type=\"widget\" data-widget_type=\"html.default\">\n\t\t\t\t<div class=\"elementor-widget-container\">\n\t\t\t\t\t<script type=\"application\/ld+json\">\r\n{\r\n  \"@context\": \"https:\/\/schema.org\",\r\n  \"@graph\": [\r\n    {\r\n      \"@type\": \"TravelAgency\",\r\n      \"@id\": \"https:\/\/trailforthjournal.com\/#localbusiness\",\r\n      \"name\": \"Trail Forth Journal\",\r\n      \"url\": \"https:\/\/trailforthjournal.com\",\r\n      \"image\": \"https:\/\/trailforthjournal.com\/wp-content\/uploads\/2026\/01\/logo-tfj.png\",\r\n      \"address\": {\r\n        \"@type\": \"PostalAddress\",\r\n        \"streetAddress\": \"Malec\u00f3n 2000\",\r\n        \"addressLocality\": \"Guayaquil\",\r\n        \"addressRegion\": \"Guayas\",\r\n        \"addressCountry\": \"EC\"\r\n      }\r\n    },\r\n    {\r\n      \"@type\": \"ItemList\",\r\n      \"name\": \"Lugares recomendados cerca del Hemiciclo de la Rotonda\",\r\n      \"numberOfItems\": 3,\r\n      \"itemListElement\": [\r\n        {\r\n          \"@type\": \"ListItem\",\r\n          \"position\": 1,\r\n          \"name\": \"Torre Morisca\",\r\n          \"url\": \"https:\/\/trailforthjournal.com\/es\/lugar-emblematico\/torre-morisca-guayaquil\/\"\r\n        },\r\n        {\r\n          \"@type\": \"ListItem\",\r\n          \"position\": 2,\r\n          \"name\": \"Parque de las Iguanas\",\r\n          \"url\": \"https:\/\/trailforthjournal.com\/es\/lugar-emblematico\/parque-iguanas-seminario-guayaquil\/\"\r\n        },\r\n        {\r\n          \"@type\": \"ListItem\",\r\n          \"position\": 3,\r\n          \"name\": \"Catedral de Guayaquil\",\r\n          \"url\": \"https:\/\/trailforthjournal.com\/es\/lugar-emblematico\/catedral-de-guayaquil\/\"\r\n        }\r\n      ]\r\n    }\r\n  ]\r\n}\r\n<\/script>\t\t\t\t<\/div>\n\t\t\t\t<\/div>\n\t\t\t\t\t<\/div>\n\t\t<\/div>\n\t\t\t\t\t<\/div>\n\t\t<\/section>\n\t\t\t\t<section class=\"elementor-section elementor-top-section elementor-element elementor-element-bfa9345 elementor-section-boxed elementor-section-height-default elementor-section-height-default wpr-particle-no wpr-jarallax-no wpr-parallax-no wpr-sticky-section-no wpr-equal-height-no\" data-id=\"bfa9345\" data-element_type=\"section\" data-e-type=\"section\">\n\t\t\t\t\t\t<div class=\"elementor-container elementor-column-gap-default\">\n\t\t\t\t\t<div class=\"elementor-column elementor-col-100 elementor-top-column elementor-element elementor-element-5182994\" data-id=\"5182994\" data-element_type=\"column\" data-e-type=\"column\">\n\t\t\t<div class=\"elementor-widget-wrap elementor-element-populated\">\n\t\t\t\t\t\t<div class=\"elementor-element elementor-element-e3723e1 elementor-widget-divider--view-line elementor-widget elementor-widget-divider\" data-id=\"e3723e1\" data-element_type=\"widget\" data-e-type=\"widget\" data-widget_type=\"divider.default\">\n\t\t\t\t<div class=\"elementor-widget-container\">\n\t\t\t\t\t\t\t<div class=\"elementor-divider\">\n\t\t\t<span class=\"elementor-divider-separator\">\n\t\t\t\t\t\t<\/span>\n\t\t<\/div>\n\t\t\t\t\t\t<\/div>\n\t\t\t\t<\/div>\n\t\t\t\t<div class=\"elementor-element elementor-element-94fb8c4 animated-slow elementor-invisible elementor-widget elementor-widget-heading\" data-id=\"94fb8c4\" data-element_type=\"widget\" data-e-type=\"widget\" data-settings=\"{&quot;_animation&quot;:&quot;fadeInUp&quot;}\" data-widget_type=\"heading.default\">\n\t\t\t\t<div class=\"elementor-widget-container\">\n\t\t\t\t\t<h3 class=\"elementor-heading-title elementor-size-default\">Trail Forth Journal<\/h3>\t\t\t\t<\/div>\n\t\t\t\t<\/div>\n\t\t\t\t\t<\/div>\n\t\t<\/div>\n\t\t\t\t\t<\/div>\n\t\t<\/section>\n\t\t\t\t<section class=\"elementor-section elementor-top-section elementor-element elementor-element-b8f4bd0 elementor-section-boxed elementor-section-height-default elementor-section-height-default wpr-particle-no wpr-jarallax-no wpr-parallax-no wpr-sticky-section-no wpr-equal-height-no\" data-id=\"b8f4bd0\" data-element_type=\"section\" data-e-type=\"section\" data-settings=\"{&quot;background_background&quot;:&quot;classic&quot;}\">\n\t\t\t\t\t\t<div class=\"elementor-container elementor-column-gap-default\">\n\t\t\t\t\t<div class=\"elementor-column elementor-col-100 elementor-top-column elementor-element elementor-element-6ad08af\" data-id=\"6ad08af\" data-element_type=\"column\" data-e-type=\"column\">\n\t\t\t<div class=\"elementor-widget-wrap\">\n\t\t\t\t\t\t\t<\/div>\n\t\t<\/div>\n\t\t\t\t\t<\/div>\n\t\t<\/section>\n\t\t\t\t<section class=\"elementor-section elementor-top-section elementor-element elementor-element-10b5820 elementor-section-boxed elementor-section-height-default elementor-section-height-default wpr-particle-no wpr-jarallax-no wpr-parallax-no wpr-sticky-section-no wpr-equal-height-no\" data-id=\"10b5820\" data-element_type=\"section\" data-e-type=\"section\">\n\t\t\t\t\t\t<div class=\"elementor-container elementor-column-gap-default\">\n\t\t\t\t\t<div class=\"elementor-column elementor-col-100 elementor-top-column elementor-element elementor-element-8fd31e8\" data-id=\"8fd31e8\" data-element_type=\"column\" data-e-type=\"column\">\n\t\t\t<div class=\"elementor-widget-wrap elementor-element-populated\">\n\t\t\t\t\t\t<div class=\"elementor-element elementor-element-7e32721 elementor-widget elementor-widget-html\" data-id=\"7e32721\" data-element_type=\"widget\" data-e-type=\"widget\" data-widget_type=\"html.default\">\n\t\t\t\t<div class=\"elementor-widget-container\">\n\t\t\t\t\t<div class=\"tf-author-card\">\n    <div class=\"tf-card-inner\">\n        <div class=\"tf-author-profile\">\n            <div class=\"tf-avatar-container\">\n                <img data-recalc-dims=\"1\" decoding=\"async\" src=\"https:\/\/i0.wp.com\/trailforthjournal.com\/es\/wp-content\/uploads\/sites\/4\/2026\/02\/Editor-%C2%B7-Curador-de-rutas-y-experiencias.png?w=1032&#038;ssl=1\" alt=\"Jairo Cabrera\" class=\"tf-photo\">\n            <\/div>\n            <h3 class=\"tf-author-name\">Jairo Cabrera<\/h3>\n            <span class=\"tf-author-role\">Editor \u00b7 Curador de rutas y experiencias<\/span>\n        <\/div>\n\n        <div class=\"tf-author-content\">\n            <p class=\"tf-bio\">\n                \"Trail Forth Journal es un proyecto editorial independiente dedicado a documentar mapas, lugares, rutas y experiencias en Ecuador, desde una mirada local y cercana.\"\n            <\/p>\n            <p class=\"tf-support-text\">\n                 Si esta gu\u00eda te ayud\u00f3 a planear tu viaje, puedes escribirme si est\u00e1s organizando tu visita o apoyar el proyecto:\n            <\/p>\n            \n            <div class=\"tf-cta-group\">\n                <button class=\"tf-btn-primary\" onclick=\"toggleQueryPanel()\">\n                    <span>\ud83e\udded Ayuda para planear tu viaje<\/span>\n                <\/button>\n                <button class=\"tf-btn-secondary\" onclick=\"toggleStep1()\">\n                    <span>\u2615 Apoya Trail Forth Journal<\/span>\n                <\/button>\n            <\/div>\n        <\/div>\n    <\/div>\n\n    <div id=\"queryPanel\" class=\"tf-sliding-panel\">\n        <div class=\"tf-panel-content-box\">\n            <h4>\u00bfEn qu\u00e9 puedo ayudarte?<\/h4>\n            <p style=\"font-size: 13px; color: #666; margin-bottom: 15px;\">Cu\u00e9ntame sobre tus fechas, hotel o dudas de transporte para ayudarte a planear mejor.<\/p>\n            <textarea id=\"userQuery\" class=\"tf-query-textarea\" placeholder=\"Ej: Hola Jairo, planeo visitar Guayaquil...\"><\/textarea>\n            <div class=\"tf-action-grid\">\n                <button onclick=\"sendViaWhatsApp()\" class=\"tf-btn-action wa\"><span>Enviar por WhatsApp<\/span><\/button>\n                <button onclick=\"sendViaEmail()\" class=\"tf-btn-action mail\"><span>Enviar por Correo<\/span><\/button>\n            <\/div>\n        <\/div>\n    <\/div>\n\n    <div id=\"stepConsent\" class=\"tf-sliding-panel\">\n        <div class=\"tf-panel-content-box\">\n            <p>Este apoyo es voluntario y ayuda a sostener este proyecto editorial independiente.<\/p>\n            <label class=\"tf-checkbox-label\">\n                <input type=\"checkbox\" id=\"consentCheckbox\" onchange=\"toggleContinueBtn()\">\n                <span>Entiendo que esta es una contribuci\u00f3n voluntaria.<\/span>\n            <\/label>\n            <button class=\"tf-policy-link-btn\" onclick=\"openModal()\">Ver pol\u00edtica de contribuciones<\/button>\n            <button id=\"btnContinue\" class=\"tf-btn-continue\" disabled onclick=\"showQRCodes()\">Continuar<\/button>\n        <\/div>\n    <\/div>\n\n    <div id=\"stepQR\" class=\"tf-sliding-panel\" style=\"border-top: none;\">\n        <div class=\"tf-panel-content-box\">\n            \n            <div class=\"tf-qr-wrapper\">\n                <div class=\"tf-qr-card\">\n                    <img data-recalc-dims=\"1\" decoding=\"async\" src=\"https:\/\/i0.wp.com\/trailforthjournal.com\/es\/wp-content\/uploads\/sites\/4\/2026\/02\/QR-deuna.jpg?w=1032&#038;ssl=1\" alt=\"QR Deuna\">\n                <\/div>\n                <div class=\"tf-qr-card\">\n                    <img data-recalc-dims=\"1\" decoding=\"async\" src=\"https:\/\/i0.wp.com\/trailforthjournal.com\/es\/wp-content\/uploads\/sites\/4\/2026\/02\/QR-Zelle.jpg?w=1032&#038;ssl=1\" alt=\"QR Zelle\">\n                <\/div>\n            <\/div>\n\n            <div class=\"tf-direct-links\">\n                <a href=\"https:\/\/paypal.me\/trailforth\" target=\"_blank\" class=\"tf-link-btn paypal\">\n                    <img decoding=\"async\" src=\"https:\/\/upload.wikimedia.org\/wikipedia\/commons\/b\/b5\/PayPal.svg\" alt=\"PayPal\"> Contribuir por PayPal\n                <\/a>\n                <a href=\"https:\/\/www.buymeacoffee.com\/trailforthjournal\" target=\"_blank\" class=\"tf-link-btn bmc\">\n                    <span>\u2615<\/span> Buy Me a Coffee\n                <\/a>\n            <\/div>\n\n            <p class=\"tf-qr-footer\">\u201cTu apoyo voluntario nos ayuda a seguir documentando y compartiendo lugares de Ecuador desde una mirada local.\u201d<\/p>\n        <\/div>\n    <\/div>\n<\/div>\n\n<div id=\"policyModal\" class=\"tf-modal-overlay\">\n    <div class=\"tf-modal-content\">\n        <div class=\"tf-modal-header\">\n            <h4>Pol\u00edtica de Contribuciones<\/h4>\n            <button class=\"tf-close-modal\" onclick=\"closeModal()\">&times;<\/button>\n        <\/div>\n        <div class=\"tf-modal-body\">\n            <p>Las contribuciones realizadas son voluntarias, no reembolsables y ayudan a sostener el trabajo de documentaci\u00f3n de Trail Forth Journal.<\/p>\n        <\/div>\n        <div class=\"tf-modal-footer\">\n            <button class=\"tf-btn-primary\" style=\"padding: 10px 25px;\" onclick=\"closeModal()\">Entendido<\/button>\n        <\/div>\n    <\/div>\n<\/div>\n\n<style>\n    :root {\n        --tf-blue-dark: #1E3A8A; \n        --tf-blue-main: #3F74E8;  \n        --tf-blue-light: #4580FF; \n        --tf-wa-green: #25D366;\n    }\n\n    .tf-author-card {\n        max-width: 900px;\n        margin: 40px auto;\n        background: #ffffff;\n        border-radius: 30px;\n        border: 1px solid #eee;\n        box-shadow: 0 20px 50px rgba(0,0,0,0.05);\n        overflow: hidden;\n        font-family: 'Inter', sans-serif;\n    }\n\n    .tf-card-inner { display: flex; padding: 40px 50px; gap: 40px; align-items: center; }\n    .tf-avatar-container { width: 130px; height: 130px; margin: 0 auto; }\n    .tf-photo { width: 100%; height: 100%; border-radius: 50%; object-fit: cover; border: 1px solid #eee; }\n\n    .tf-author-profile { flex: 0 0 220px; text-align: center; }\n    .tf-author-name { margin: 15px 0 0 0; font-size: 22px; color: #111; font-weight: 800; }\n    .tf-author-role { font-size: 10px; color: var(--tf-blue-dark); text-transform: uppercase; letter-spacing: 1.5px; display: block; margin-top: 8px; font-weight: 500; }\n    .tf-bio { font-size: 15px; line-height: 1.6; color: #555; font-style: italic; margin-bottom: 20px; border-left: 3px solid #f0f2f4; padding-left: 20px; }\n    .tf-support-text { font-size: 14px; color: #333; margin-bottom: 20px; }\n\n    .tf-cta-group { display: flex; gap: 12px; }\n    .tf-btn-primary, .tf-btn-secondary { flex: 1; padding: 14px; border-radius: 12px; font-size: 12px; font-weight: 700; cursor: pointer; transition: 0.3s; border: none; color: white; }\n    .tf-btn-primary { background-color: var(--tf-blue-main); }\n    .tf-btn-secondary { background-color: var(--tf-blue-light); }\n    .tf-btn-primary:hover, .tf-btn-secondary:hover { transform: translateY(-2px); box-shadow: 0 5px 15px rgba(0,0,0,0.1); }\n\n    .tf-sliding-panel { display: none; background: #fafafa; padding: 35px; border-top: 1px solid #f0f0f0; animation: tfSlideUp 0.4s ease forwards; }\n    .tf-panel-content-box { text-align: center; max-width: 550px; margin: 0 auto; }\n    \n    .tf-query-textarea { width: 100%; height: 90px; padding: 15px; border-radius: 12px; border: 1px solid #ddd; font-size: 14px; resize: none; margin-bottom: 15px; }\n    .tf-action-grid { display: flex; gap: 12px; }\n    .tf-btn-action { flex: 1; padding: 12px; border-radius: 50px; border: none; color: white; font-weight: 700; cursor: pointer; font-size: 13px; }\n    .tf-btn-action.wa { background: var(--tf-wa-green); }\n    .tf-btn-action.mail { background: var(--tf-blue-dark); }\n\n    .tf-checkbox-label { display: flex; align-items: center; justify-content: center; gap: 10px; cursor: pointer; font-size: 13px; color: #666; margin-bottom: 15px; }\n    .tf-policy-link-btn { background: none; border: none; font-size: 11px; color: var(--tf-blue-main); text-decoration: underline; cursor: pointer; margin-bottom: 15px; width: 100%; }\n    .tf-btn-continue { background-color: #ccc; color: white; border: none; padding: 12px 30px; border-radius: 50px; font-weight: 700; cursor: not-allowed; }\n    .tf-btn-continue.active { background-color: var(--tf-blue-dark); cursor: pointer; }\n\n    \/* Estilos QRs Simplificados *\/\n    .tf-qr-wrapper { display: grid; grid-template-columns: 1fr 1fr; gap: 20px; max-width: 400px; margin: 0 auto 30px; }\n    .tf-qr-card { text-align: center; }\n    .tf-qr-card img { width: 100%; max-width: 170px; border-radius: 15px; border: 1px solid #eee; background: white; padding: 8px; box-shadow: 0 5px 15px rgba(0,0,0,0.03); }\n\n    \/* Botones de Link *\/\n    .tf-direct-links { display: flex; flex-direction: column; gap: 10px; max-width: 320px; margin: 0 auto; }\n    .tf-link-btn { display: flex; align-items: center; justify-content: center; gap: 8px; padding: 12px; border-radius: 10px; text-decoration: none; font-size: 12px; font-weight: 700; border: 1px solid #ddd; transition: 0.3s; }\n    .tf-link-btn.paypal { background: #fff; color: #003087; border-color: #003087; }\n    .tf-link-btn.paypal img { height: 14px; }\n    .tf-link-btn.bmc { background: #FFDD00; color: #000; border-color: #FFDD00; }\n    .tf-link-btn:hover { background: #f9f9f9; transform: translateY(-2px); box-shadow: 0 4px 10px rgba(0,0,0,0.05); }\n\n    .tf-qr-footer { text-align: center; margin-top: 25px; font-size: 12px; color: #888; font-style: italic; line-height: 1.5; }\n\n    \/* Modal *\/\n    .tf-modal-overlay { position: fixed; top: 0; left: 0; width: 100%; height: 100%; background: rgba(0,0,0,0.4); backdrop-filter: blur(3px); display: none; align-items: center; justify-content: center; z-index: 9999; }\n    .tf-modal-content { background: white; width: 85%; max-width: 400px; border-radius: 20px; overflow: hidden; }\n    .tf-modal-header { padding: 15px 20px; background: #fcfcfc; border-bottom: 1px solid #eee; display: flex; justify-content: space-between; align-items: center; }\n    .tf-close-modal { background: none; border: none; font-size: 22px; cursor: pointer; color: #bbb; }\n    .tf-modal-body { padding: 20px; font-size: 13px; color: #555; line-height: 1.5; }\n\n    @keyframes tfSlideUp { from { opacity: 0; transform: translateY(10px); } to { opacity: 1; transform: translateY(0); } }\n\n    @media (max-width: 768px) {\n        .tf-card-inner { flex-direction: column; text-align: center; padding: 30px; }\n        .tf-author-profile { flex: none; }\n        .tf-cta-group { flex-direction: column; }\n        .tf-qr-wrapper { grid-template-columns: 1fr; gap: 15px; }\n        .tf-qr-card img { max-width: 140px; }\n    }\n<\/style>\n\n<script>\nfunction toggleQueryPanel() {\n    document.getElementById('stepConsent').style.display = 'none';\n    document.getElementById('stepQR').style.display = 'none';\n    const p = document.getElementById('queryPanel');\n    p.style.display = (p.style.display === 'block') ? 'none' : 'block';\n}\nfunction toggleStep1() {\n    document.getElementById('queryPanel').style.display = 'none';\n    document.getElementById('stepQR').style.display = 'none';\n    const p = document.getElementById('stepConsent');\n    p.style.display = (p.style.display === 'block') ? 'none' : 'block';\n}\nfunction sendViaWhatsApp() {\n    const t = document.getElementById('userQuery').value;\n    if(!t) return alert(\"Por favor, escribe tu consulta.\");\n    window.open(`https:\/\/wa.me\/593978887324?text=${encodeURIComponent(t)}`, '_blank');\n}\nfunction sendViaEmail() {\n    const t = document.getElementById('userQuery').value;\n    if(!t) return alert(\"Por favor, escribe tu consulta.\");\n    window.location.href = `mailto:info@trailforthjournal.com?subject=Consulta&body=${encodeURIComponent(t)}`;\n}\nfunction toggleContinueBtn() {\n    const c = document.getElementById('consentCheckbox');\n    const b = document.getElementById('btnContinue');\n    b.disabled = !c.checked;\n    c.checked ? b.classList.add('active') : b.classList.remove('active');\n}\nfunction showQRCodes() {\n    document.getElementById('stepConsent').style.display = 'none';\n    document.getElementById('stepQR').style.display = 'block';\n}\nfunction openModal() { document.getElementById('policyModal').style.display = 'flex'; }\nfunction closeModal() { document.getElementById('policyModal').style.display = 'none'; }\n<\/script>\n\t\t\t\t<\/div>\n\t\t\t\t<\/div>\n\t\t\t\t\t<\/div>\n\t\t<\/div>\n\t\t\t\t\t<\/div>\n\t\t<\/section>\n\t\t\t\t<section class=\"elementor-section elementor-top-section elementor-element elementor-element-68dab83 elementor-section-boxed elementor-section-height-default elementor-section-height-default wpr-particle-no wpr-jarallax-no wpr-parallax-no wpr-sticky-section-no wpr-equal-height-no\" data-id=\"68dab83\" data-element_type=\"section\" data-e-type=\"section\">\n\t\t\t\t\t\t<div class=\"elementor-container elementor-column-gap-default\">\n\t\t\t\t\t<div class=\"elementor-column elementor-col-100 elementor-top-column elementor-element elementor-element-35316fc\" data-id=\"35316fc\" data-element_type=\"column\" data-e-type=\"column\">\n\t\t\t<div class=\"elementor-widget-wrap elementor-element-populated\">\n\t\t\t\t\t\t<div class=\"elementor-element elementor-element-0988cea elementor-widget elementor-widget-spacer\" data-id=\"0988cea\" data-element_type=\"widget\" data-e-type=\"widget\" data-widget_type=\"spacer.default\">\n\t\t\t\t<div class=\"elementor-widget-container\">\n\t\t\t\t\t\t\t<div class=\"elementor-spacer\">\n\t\t\t<div class=\"elementor-spacer-inner\"><\/div>\n\t\t<\/div>\n\t\t\t\t\t\t<\/div>\n\t\t\t\t<\/div>\n\t\t\t\t\t<\/div>\n\t\t<\/div>\n\t\t\t\t\t<\/div>\n\t\t<\/section>\n\t\t\t\t<section class=\"elementor-section elementor-top-section elementor-element elementor-element-3ab2373 elementor-section-boxed elementor-section-height-default elementor-section-height-default wpr-particle-no wpr-jarallax-no wpr-parallax-no wpr-sticky-section-no wpr-equal-height-no\" data-id=\"3ab2373\" data-element_type=\"section\" data-e-type=\"section\">\n\t\t\t\t\t\t<div class=\"elementor-container elementor-column-gap-default\">\n\t\t\t\t\t<div class=\"elementor-column elementor-col-100 elementor-top-column elementor-element elementor-element-127fd28\" data-id=\"127fd28\" data-element_type=\"column\" data-e-type=\"column\">\n\t\t\t<div class=\"elementor-widget-wrap elementor-element-populated\">\n\t\t\t\t\t\t<div class=\"elementor-element elementor-element-940cf97 elementor-shape-rounded elementor-grid-0 e-grid-align-center elementor-widget elementor-widget-social-icons\" data-id=\"940cf97\" data-element_type=\"widget\" data-e-type=\"widget\" data-widget_type=\"social-icons.default\">\n\t\t\t\t<div class=\"elementor-widget-container\">\n\t\t\t\t\t\t\t<div class=\"elementor-social-icons-wrapper elementor-grid\">\n\t\t\t\t\t\t\t<span class=\"elementor-grid-item\">\n\t\t\t\t\t<a class=\"elementor-icon elementor-social-icon elementor-social-icon-ellipsis-v elementor-repeater-item-07ab4f2\" target=\"_blank\">\n\t\t\t\t\t\t<span class=\"elementor-screen-only\">Ellipsis-v<\/span>\n\t\t\t\t\t\t<i aria-hidden=\"true\" class=\"fas fa-ellipsis-v\"><\/i>\t\t\t\t\t<\/a>\n\t\t\t\t<\/span>\n\t\t\t\t\t<\/div>\n\t\t\t\t\t\t<\/div>\n\t\t\t\t<\/div>\n\t\t\t\t\t<\/div>\n\t\t<\/div>\n\t\t\t\t\t<\/div>\n\t\t<\/section>\n\t\t\t\t<section class=\"elementor-section elementor-top-section elementor-element elementor-element-43411fa elementor-section-boxed elementor-section-height-default elementor-section-height-default wpr-particle-no wpr-jarallax-no wpr-parallax-no wpr-sticky-section-no wpr-equal-height-no\" data-id=\"43411fa\" data-element_type=\"section\" data-e-type=\"section\">\n\t\t\t\t\t\t<div class=\"elementor-container elementor-column-gap-no\">\n\t\t\t\t\t<div class=\"elementor-column elementor-col-100 elementor-top-column elementor-element elementor-element-31ba2cd\" data-id=\"31ba2cd\" data-element_type=\"column\" data-e-type=\"column\">\n\t\t\t<div class=\"elementor-widget-wrap elementor-element-populated\">\n\t\t\t\t\t\t<div class=\"elementor-element elementor-element-5455ce4 elementor-widget elementor-widget-heading\" data-id=\"5455ce4\" data-element_type=\"widget\" data-e-type=\"widget\" data-widget_type=\"heading.default\">\n\t\t\t\t<div class=\"elementor-widget-container\">\n\t\t\t\t\t<h4 class=\"elementor-heading-title elementor-size-default\">Compartir<\/h4>\t\t\t\t<\/div>\n\t\t\t\t<\/div>\n\t\t\t\t\t<\/div>\n\t\t<\/div>\n\t\t\t\t\t<\/div>\n\t\t<\/section>\n\t\t\t\t<section class=\"elementor-section elementor-top-section elementor-element elementor-element-b94e32b elementor-section-boxed elementor-section-height-default elementor-section-height-default wpr-particle-no wpr-jarallax-no wpr-parallax-no wpr-sticky-section-no wpr-equal-height-no\" data-id=\"b94e32b\" data-element_type=\"section\" data-e-type=\"section\">\n\t\t\t\t\t\t<div class=\"elementor-container elementor-column-gap-default\">\n\t\t\t\t\t<div class=\"elementor-column elementor-col-100 elementor-top-column elementor-element elementor-element-572f5cb\" data-id=\"572f5cb\" data-element_type=\"column\" data-e-type=\"column\">\n\t\t\t<div class=\"elementor-widget-wrap elementor-element-populated\">\n\t\t\t\t\t\t<div class=\"elementor-element elementor-element-fadf9e2 elementor-widget elementor-widget-spacer\" data-id=\"fadf9e2\" data-element_type=\"widget\" data-e-type=\"widget\" data-widget_type=\"spacer.default\">\n\t\t\t\t<div class=\"elementor-widget-container\">\n\t\t\t\t\t\t\t<div class=\"elementor-spacer\">\n\t\t\t<div class=\"elementor-spacer-inner\"><\/div>\n\t\t<\/div>\n\t\t\t\t\t\t<\/div>\n\t\t\t\t<\/div>\n\t\t\t\t\t<\/div>\n\t\t<\/div>\n\t\t\t\t\t<\/div>\n\t\t<\/section>\n\t\t\t\t<section class=\"elementor-section elementor-top-section elementor-element elementor-element-f6735a2 elementor-section-boxed elementor-section-height-default elementor-section-height-default wpr-particle-no wpr-jarallax-no wpr-parallax-no wpr-sticky-section-no wpr-equal-height-no\" data-id=\"f6735a2\" data-element_type=\"section\" data-e-type=\"section\">\n\t\t\t\t\t\t<div class=\"elementor-container elementor-column-gap-no\">\n\t\t\t\t\t<div class=\"elementor-column elementor-col-100 elementor-top-column elementor-element elementor-element-0811f9c\" data-id=\"0811f9c\" data-element_type=\"column\" data-e-type=\"column\">\n\t\t\t<div class=\"elementor-widget-wrap elementor-element-populated\">\n\t\t\t\t\t\t<div class=\"elementor-element elementor-element-12ff37d elementor-view-default elementor-widget elementor-widget-icon\" data-id=\"12ff37d\" data-element_type=\"widget\" data-e-type=\"widget\" data-widget_type=\"icon.default\">\n\t\t\t\t<div class=\"elementor-widget-container\">\n\t\t\t\t\t\t\t<div class=\"elementor-icon-wrapper\">\n\t\t\t<div class=\"elementor-icon\">\n\t\t\t<i aria-hidden=\"true\" class=\"fas fa-share-alt\"><\/i>\t\t\t<\/div>\n\t\t<\/div>\n\t\t\t\t\t\t<\/div>\n\t\t\t\t<\/div>\n\t\t\t\t\t<\/div>\n\t\t<\/div>\n\t\t\t\t\t<\/div>\n\t\t<\/section>\n\t\t\t\t<section class=\"elementor-section elementor-top-section elementor-element elementor-element-f896882 elementor-section-boxed elementor-section-height-default elementor-section-height-default wpr-particle-no wpr-jarallax-no wpr-parallax-no wpr-sticky-section-no wpr-equal-height-no\" data-id=\"f896882\" data-element_type=\"section\" data-e-type=\"section\">\n\t\t\t\t\t\t<div class=\"elementor-container elementor-column-gap-default\">\n\t\t\t\t\t<div class=\"elementor-column elementor-col-100 elementor-top-column elementor-element elementor-element-54335a2\" data-id=\"54335a2\" data-element_type=\"column\" data-e-type=\"column\">\n\t\t\t<div class=\"elementor-widget-wrap elementor-element-populated\">\n\t\t\t\t\t\t<div class=\"elementor-element elementor-element-a924840 elementor-widget elementor-widget-spacer\" data-id=\"a924840\" data-element_type=\"widget\" data-e-type=\"widget\" data-widget_type=\"spacer.default\">\n\t\t\t\t<div class=\"elementor-widget-container\">\n\t\t\t\t\t\t\t<div class=\"elementor-spacer\">\n\t\t\t<div class=\"elementor-spacer-inner\"><\/div>\n\t\t<\/div>\n\t\t\t\t\t\t<\/div>\n\t\t\t\t<\/div>\n\t\t\t\t\t<\/div>\n\t\t<\/div>\n\t\t\t\t\t<\/div>\n\t\t<\/section>\n\t\t\t\t<section class=\"elementor-section elementor-top-section elementor-element elementor-element-cf33b5f elementor-section-boxed elementor-section-height-default elementor-section-height-default wpr-particle-no wpr-jarallax-no wpr-parallax-no wpr-sticky-section-no wpr-equal-height-no\" data-id=\"cf33b5f\" data-element_type=\"section\" data-e-type=\"section\">\n\t\t\t\t\t\t<div class=\"elementor-container elementor-column-gap-default\">\n\t\t\t\t\t<div class=\"elementor-column elementor-col-100 elementor-top-column elementor-element elementor-element-721c742\" data-id=\"721c742\" data-element_type=\"column\" data-e-type=\"column\">\n\t\t\t<div class=\"elementor-widget-wrap elementor-element-populated\">\n\t\t\t\t\t\t<div class=\"elementor-element elementor-element-c375caf elementor-grid-0 elementor-widget elementor-widget-wpr-sharing-buttons\" data-id=\"c375caf\" data-element_type=\"widget\" data-e-type=\"widget\" data-widget_type=\"wpr-sharing-buttons.default\">\n\t\t\t\t<div class=\"elementor-widget-container\">\n\t\t\t\t\t<div class=\"wpr-sharing-buttons elementor-grid wpr-sharing-official wpr-sharing-label-off wpr-sharing-label-tr\"><div class=\"elementor-grid-item\"><a href=\"https:\/\/www.facebook.com\/sharer.php?u=https:\/\/trailforthjournal.com\/es\/cultura\/la-rotonda-guayaquil\/\" class=\"wpr-sharing-icon wpr-sharing-facebook-f\" title=\"\" target=\"_blank\"><i class=\"fab fa-facebook-f\"><\/i><\/a><\/div><div class=\"elementor-grid-item\"><a href=\"https:\/\/twitter.com\/intent\/tweet?url=https:\/\/trailforthjournal.com\/es\/cultura\/la-rotonda-guayaquil\/\" class=\"wpr-sharing-icon wpr-sharing-twitter\" title=\"\" target=\"_blank\"><i class=\"fab fa-twitter\"><\/i><\/a><\/div><div class=\"elementor-grid-item\"><a href=\"https:\/\/www.linkedin.com\/shareArticle?mini=true&url=https:\/\/trailforthjournal.com\/es\/cultura\/la-rotonda-guayaquil\/&title=Hemiciclo de La Rotonda en Guayaquil: historia y encuentro de Bol\u00edvar y San Mart\u00edn&summary=El Hemiciclo de la Rotonda revive la reuni\u00f3n de Bol\u00edvar y San Mart\u00edn. Un momento hist\u00f3rico grabado en este monumento ic\u00f3nico de Guayaquil.&source=https:\/\/trailforthjournal.com\/es\/cultura\/la-rotonda-guayaquil\/\" class=\"wpr-sharing-icon wpr-sharing-linkedin-in\" title=\"\" target=\"_blank\"><i class=\"fab fa-linkedin-in\"><\/i><\/a><\/div><div class=\"elementor-grid-item\"><a href=\"https:\/\/api.whatsapp.com\/send?text=*Hemiciclo de La Rotonda en Guayaquil: historia y encuentro de Bol\u00edvar y San Mart\u00edn*%0ahttps:\/\/trailforthjournal.com\/es\/cultura\/la-rotonda-guayaquil\/\" class=\"wpr-sharing-icon wpr-sharing-whatsapp\" title=\"\" target=\"_blank\"><i class=\"fab fa-whatsapp\"><\/i><\/a><\/div><div class=\"elementor-grid-item\"><a href=\"mailto:?subject=Hemiciclo de La Rotonda en Guayaquil: historia y encuentro de Bol\u00edvar y San Mart\u00edn&body=https:\/\/trailforthjournal.com\/es\/cultura\/la-rotonda-guayaquil\/\" class=\"wpr-sharing-icon wpr-sharing-envelope\" title=\"\" target=\"_blank\"><i class=\"fas fa-envelope\"><\/i><\/a><\/div><\/div>\t\t\t\t<\/div>\n\t\t\t\t<\/div>\n\t\t\t\t\t<\/div>\n\t\t<\/div>\n\t\t\t\t\t<\/div>\n\t\t<\/section>\n\t\t\t\t<section class=\"elementor-section elementor-top-section elementor-element elementor-element-05fa016 elementor-section-boxed elementor-section-height-default elementor-section-height-default wpr-particle-no wpr-jarallax-no wpr-parallax-no wpr-sticky-section-no wpr-equal-height-no\" data-id=\"05fa016\" data-element_type=\"section\" data-e-type=\"section\">\n\t\t\t\t\t\t<div class=\"elementor-container elementor-column-gap-default\">\n\t\t\t\t\t<div class=\"elementor-column elementor-col-100 elementor-top-column elementor-element elementor-element-5392231\" data-id=\"5392231\" data-element_type=\"column\" data-e-type=\"column\">\n\t\t\t<div class=\"elementor-widget-wrap elementor-element-populated\">\n\t\t\t\t\t\t<div class=\"elementor-element elementor-element-78c8625 elementor-widget elementor-widget-spacer\" data-id=\"78c8625\" data-element_type=\"widget\" data-e-type=\"widget\" data-widget_type=\"spacer.default\">\n\t\t\t\t<div class=\"elementor-widget-container\">\n\t\t\t\t\t\t\t<div class=\"elementor-spacer\">\n\t\t\t<div class=\"elementor-spacer-inner\"><\/div>\n\t\t<\/div>\n\t\t\t\t\t\t<\/div>\n\t\t\t\t<\/div>\n\t\t\t\t\t<\/div>\n\t\t<\/div>\n\t\t\t\t\t<\/div>\n\t\t<\/section>\n\t\t\t\t<section class=\"elementor-section elementor-top-section elementor-element elementor-element-e2d75a4 elementor-section-boxed elementor-section-height-default elementor-section-height-default wpr-particle-no wpr-jarallax-no wpr-parallax-no wpr-sticky-section-no wpr-equal-height-no\" data-id=\"e2d75a4\" data-element_type=\"section\" data-e-type=\"section\">\n\t\t\t\t\t\t<div class=\"elementor-container elementor-column-gap-no\">\n\t\t\t\t\t<div class=\"elementor-column elementor-col-100 elementor-top-column elementor-element elementor-element-6bd2b94\" data-id=\"6bd2b94\" data-element_type=\"column\" data-e-type=\"column\">\n\t\t\t<div class=\"elementor-widget-wrap elementor-element-populated\">\n\t\t\t\t\t\t<div class=\"elementor-element elementor-element-e80b5cc premium-title-color elementor-widget elementor-widget-premium-addon-title\" data-id=\"e80b5cc\" data-element_type=\"widget\" data-e-type=\"widget\" data-widget_type=\"premium-addon-title.default\">\n\t\t\t\t<div class=\"elementor-widget-container\">\n\t\t\t\t\t\n\t\t<div class=\"premium-title-container style7\">\n\t\t\t<h4 class=\"premium-title-header premium-title-style7\">\n\t\t\t\t\t\t\t\t\t\t\t\t\t\t\t<span class=\"premium-title-style7-stripe-wrap\">\n\t\t\t\t\t\t\t<span class=\"premium-title-style7-stripe\"><\/span>\n\t\t\t\t\t\t<\/span>\n\t\t\t\t\t\t\t\t\t\t<div class=\"premium-title-style7-inner\">\n\t\t\t\t\n\t\t\t\t\n\t\t\t\t\t\t\t\t\t\t\t\t\t\t\t\t\t\t\t\t\t<span class=\"premium-title-text\">\n\t\t\t\t\tRelacionado\t\t\t\t<\/span>\n\t\t\t\t\t\n\t\t\t\t\t\t\t\t\t<\/div>\n\t\t\t\t\t\t\t\t\n\t\t\t\t\t\t\t<\/h4>\n\n\t\t<\/div>\n\n\t\t\t\t\t\t<\/div>\n\t\t\t\t<\/div>\n\t\t\t\t\t<\/div>\n\t\t<\/div>\n\t\t\t\t\t<\/div>\n\t\t<\/section>\n\t\t\t\t<section class=\"elementor-section elementor-top-section elementor-element elementor-element-eb7206b elementor-section-content-middle elementor-section-full_width elementor-section-height-default elementor-section-height-default wpr-particle-no wpr-jarallax-no wpr-parallax-no wpr-sticky-section-no wpr-equal-height-no\" data-id=\"eb7206b\" data-element_type=\"section\" data-e-type=\"section\">\n\t\t\t\t\t\t<div class=\"elementor-container elementor-column-gap-no\">\n\t\t\t\t\t<div class=\"elementor-column elementor-col-100 elementor-top-column elementor-element elementor-element-505298a\" data-id=\"505298a\" data-element_type=\"column\" data-e-type=\"column\">\n\t\t\t<div class=\"elementor-widget-wrap elementor-element-populated\">\n\t\t\t\t\t\t<div class=\"elementor-element elementor-element-40bf19f premium-blog-align-left elementor-widget elementor-widget-premium-addon-blog\" data-id=\"40bf19f\" data-element_type=\"widget\" data-e-type=\"widget\" data-settings=\"{&quot;force_height&quot;:&quot;true&quot;,&quot;premium_blog_columns_number&quot;:&quot;25%&quot;,&quot;premium_blog_grid&quot;:&quot;yes&quot;,&quot;premium_blog_layout&quot;:&quot;even&quot;,&quot;premium_blog_columns_number_tablet&quot;:&quot;50%&quot;,&quot;premium_blog_columns_number_mobile&quot;:&quot;100%&quot;,&quot;scroll_to_offset&quot;:&quot;yes&quot;}\" data-widget_type=\"premium-addon-blog.default\">\n\t\t\t\t<div class=\"elementor-widget-container\">\n\t\t\t\t\t\n\t\t\n\n\t\t\t\t<div class=\"premium-blog-wrap  premium-blog-even\" data-page=\"9740\">\n\t\t\t\t\t\t\t\t\t<div class=\"premium-blog-post-outer-container\" data-total=\"4\">\n\t\t\t<div class=\"premium-blog-post-container premium-blog-skin-banner\">\n\t\t\t\t\t\t\t\t\t<div class=\"premium-blog-thumb-effect-wrapper\">\n\t\t\t\t\t\t<div class=\"premium-blog-thumbnail-container premium-blog-zoomin-effect\">\n\t\t\t\t\t\t\t<img fetchpriority=\"high\" decoding=\"async\" data-attachment-id=\"27143\" data-permalink=\"https:\/\/trailforthjournal.com\/es\/lugar-emblematico\/parque-iguanas-seminario-guayaquil\/attachment\/parque-de-las-iguanas-parque-seminario\/\" data-orig-file=\"https:\/\/i0.wp.com\/trailforthjournal.com\/es\/wp-content\/uploads\/sites\/4\/2023\/10\/parque-de-las-iguanas-parque-seminario.webp?fit=2048%2C1364&amp;ssl=1\" data-orig-size=\"2048,1364\" data-comments-opened=\"0\" data-image-meta=\"{&quot;aperture&quot;:&quot;0&quot;,&quot;credit&quot;:&quot;&quot;,&quot;camera&quot;:&quot;&quot;,&quot;caption&quot;:&quot;&quot;,&quot;created_timestamp&quot;:&quot;0&quot;,&quot;copyright&quot;:&quot;&quot;,&quot;focal_length&quot;:&quot;0&quot;,&quot;iso&quot;:&quot;0&quot;,&quot;shutter_speed&quot;:&quot;0&quot;,&quot;title&quot;:&quot;&quot;,&quot;orientation&quot;:&quot;0&quot;}\" data-image-title=\"parque-seminario-o-de-las-iguanas-catedral-guayaquil\" data-image-description=\"&lt;p&gt;Fotograf\u00eda del Parque Seminario (Parque de las Iguanas) en Guayaquil, destacando la arquitectura neog\u00f3tica de la Catedral, el quiosco de hierro y el monumento a Sim\u00f3n Bol\u00edvar.&lt;\/p&gt;\n\" data-image-caption=\"&lt;p&gt;La Catedral Metropolitana preside el Parque Seminario, hogar de las famosas iguanas de Guayaquil.&lt;\/p&gt;\n\" data-large-file=\"https:\/\/i0.wp.com\/trailforthjournal.com\/es\/wp-content\/uploads\/sites\/4\/2023\/10\/parque-de-las-iguanas-parque-seminario.webp?fit=1024%2C682&amp;ssl=1\" width=\"2048\" height=\"1364\" src=\"https:\/\/i0.wp.com\/trailforthjournal.com\/es\/wp-content\/uploads\/sites\/4\/2023\/10\/parque-de-las-iguanas-parque-seminario.webp?fit=2048%2C1364&amp;ssl=1\" class=\"attachment-full size-full wp-image-27143\" alt=\"Vista frontal de la Catedral Metropolitana de Guayaquil desde los jardines del Parque Seminario tambi\u00e9n conocido como Parque de las Iguanas, con la estatua ecuestre de Sim\u00f3n Bol\u00edvar y palmeras.\" data-attachment-id=\"27143\" data-permalink=\"https:\/\/trailforthjournal.com\/es\/lugar-emblematico\/parque-iguanas-seminario-guayaquil\/attachment\/parque-de-las-iguanas-parque-seminario\/\" data-orig-file=\"https:\/\/i0.wp.com\/trailforthjournal.com\/es\/wp-content\/uploads\/sites\/4\/2023\/10\/parque-de-las-iguanas-parque-seminario.webp?fit=2048%2C1364&amp;ssl=1\" data-orig-size=\"2048,1364\" data-comments-opened=\"0\" data-image-meta=\"{&quot;aperture&quot;:&quot;0&quot;,&quot;credit&quot;:&quot;&quot;,&quot;camera&quot;:&quot;&quot;,&quot;caption&quot;:&quot;&quot;,&quot;created_timestamp&quot;:&quot;0&quot;,&quot;copyright&quot;:&quot;&quot;,&quot;focal_length&quot;:&quot;0&quot;,&quot;iso&quot;:&quot;0&quot;,&quot;shutter_speed&quot;:&quot;0&quot;,&quot;title&quot;:&quot;&quot;,&quot;orientation&quot;:&quot;0&quot;}\" data-image-title=\"parque-seminario-o-de-las-iguanas-catedral-guayaquil\" data-image-description=\"&lt;p&gt;Fotograf\u00eda del Parque Seminario (Parque de las Iguanas) en Guayaquil, destacando la arquitectura neog\u00f3tica de la Catedral, el quiosco de hierro y el monumento a Sim\u00f3n Bol\u00edvar.&lt;\/p&gt;\n\" data-image-caption=\"&lt;p&gt;La Catedral Metropolitana preside el Parque Seminario, hogar de las famosas iguanas de Guayaquil.&lt;\/p&gt;\n\" data-large-file=\"https:\/\/i0.wp.com\/trailforthjournal.com\/es\/wp-content\/uploads\/sites\/4\/2023\/10\/parque-de-las-iguanas-parque-seminario.webp?fit=1024%2C682&amp;ssl=1\" srcset=\"https:\/\/i0.wp.com\/trailforthjournal.com\/es\/wp-content\/uploads\/sites\/4\/2023\/10\/parque-de-las-iguanas-parque-seminario.webp?w=2048&amp;ssl=1 2048w, https:\/\/i0.wp.com\/trailforthjournal.com\/es\/wp-content\/uploads\/sites\/4\/2023\/10\/parque-de-las-iguanas-parque-seminario.webp?resize=300%2C200&amp;ssl=1 300w, https:\/\/i0.wp.com\/trailforthjournal.com\/es\/wp-content\/uploads\/sites\/4\/2023\/10\/parque-de-las-iguanas-parque-seminario.webp?resize=1024%2C682&amp;ssl=1 1024w, https:\/\/i0.wp.com\/trailforthjournal.com\/es\/wp-content\/uploads\/sites\/4\/2023\/10\/parque-de-las-iguanas-parque-seminario.webp?resize=768%2C512&amp;ssl=1 768w, https:\/\/i0.wp.com\/trailforthjournal.com\/es\/wp-content\/uploads\/sites\/4\/2023\/10\/parque-de-las-iguanas-parque-seminario.webp?resize=1536%2C1023&amp;ssl=1 1536w, https:\/\/i0.wp.com\/trailforthjournal.com\/es\/wp-content\/uploads\/sites\/4\/2023\/10\/parque-de-las-iguanas-parque-seminario.webp?resize=75%2C50&amp;ssl=1 75w, https:\/\/i0.wp.com\/trailforthjournal.com\/es\/wp-content\/uploads\/sites\/4\/2023\/10\/parque-de-las-iguanas-parque-seminario.webp?resize=600%2C400&amp;ssl=1 600w\" sizes=\"(max-width: 1032px) 100vw, 1032px\" \/>\t\t\t\t\t\t<\/div>\n\t\t\t\t\t\t\t\t\t\t\t\t\t<div class=\"premium-blog-thumbnail-overlay\">\n\t\t\t\t\t\t\t\t<a class=\"elementor-icon\" href=\"https:\/\/trailforthjournal.com\/es\/lugar-emblematico\/parque-iguanas-seminario-guayaquil\/\" target=\"_blank\"><\/a>\n\t\t\t\t\t\t\t<\/div>\n\n\t\t\t\t\t\t\t\t\t\t\t\t\t\t\t\t\t\t<\/div>\n\t\t\t\t\t\t\t\t\t\t\t\t<div class=\"premium-blog-content-wrapper \">\n\n\t\t\t\t\t<div class=\"premium-blog-inner-container\">\n\n\t\t\t\t\t\t\t\t\t\t\t\t\t\t<h1 class=\"premium-blog-entry-title\">\n\t\t\t<a href=\"https:\/\/trailforthjournal.com\/es\/lugar-emblematico\/parque-iguanas-seminario-guayaquil\/\" target=\"_blank\">\n\t\t\t\tParque de las Iguanas o Seminario: un encuentro \u00fanico con la naturaleza de Guayaquil\t\t\t<\/a>\n\t\t<\/h1>\n\t\t\t\t<div class=\"premium-blog-entry-meta\">\n\t\t\t\n\t\t\t\n\t\t\t\n\t\t\t\t\t<\/div>\n\t\t\n\t\t\t\t\t<\/div>\n\n\t\t\t\t\t\t\t\t\t\t\n\t\t\t\t<\/div>\n\t\t\t<\/div>\n\t\t<\/div>\n\n\t\t\t\t<div class=\"premium-blog-post-outer-container\" data-total=\"4\">\n\t\t\t<div class=\"premium-blog-post-container premium-blog-skin-banner\">\n\t\t\t\t\t\t\t\t\t<div class=\"premium-blog-thumb-effect-wrapper\">\n\t\t\t\t\t\t<div class=\"premium-blog-thumbnail-container premium-blog-zoomin-effect\">\n\t\t\t\t\t\t\t<img decoding=\"async\" data-attachment-id=\"26505\" data-permalink=\"https:\/\/trailforthjournal.com\/es\/lugar-emblematico\/barrio-las-penas\/attachment\/las-penas-esferica-3\/\" data-orig-file=\"https:\/\/i0.wp.com\/trailforthjournal.com\/es\/wp-content\/uploads\/sites\/4\/2023\/10\/Las-Penas-Esferica-3.jpg?fit=2560%2C1440&amp;ssl=1\" data-orig-size=\"2560,1440\" data-comments-opened=\"0\" data-image-meta=\"{&quot;aperture&quot;:&quot;0&quot;,&quot;credit&quot;:&quot;&quot;,&quot;camera&quot;:&quot;&quot;,&quot;caption&quot;:&quot;&quot;,&quot;created_timestamp&quot;:&quot;0&quot;,&quot;copyright&quot;:&quot;&quot;,&quot;focal_length&quot;:&quot;0&quot;,&quot;iso&quot;:&quot;0&quot;,&quot;shutter_speed&quot;:&quot;0&quot;,&quot;title&quot;:&quot;&quot;,&quot;orientation&quot;:&quot;0&quot;}\" data-image-title=\"calle-numa-pompillo-llona-las-penas\" data-image-description=\"&lt;p&gt;Fotograf\u00eda con perspectiva de \u00e1ngulo bajo que resalta el pavimiento de piedra y las coloridas casas restauradas del barrio m\u00e1s antiguo de Guayaquil.&lt;\/p&gt;\n\" data-image-caption=\"&lt;p&gt;La calle Numa Pompilio Llona, el coraz\u00f3n art\u00edstico e hist\u00f3rico del Barrio Las Pe\u00f1as&lt;\/p&gt;\n\" data-large-file=\"https:\/\/i0.wp.com\/trailforthjournal.com\/es\/wp-content\/uploads\/sites\/4\/2023\/10\/Las-Penas-Esferica-3.jpg?fit=1024%2C576&amp;ssl=1\" width=\"2560\" height=\"1440\" src=\"https:\/\/i0.wp.com\/trailforthjournal.com\/es\/wp-content\/uploads\/sites\/4\/2023\/10\/Las-Penas-Esferica-3.jpg?fit=2560%2C1440&amp;ssl=1\" class=\"attachment-full size-full wp-image-26505\" alt=\"Vista desde el suelo de la calle empedrada Numa Pompilio Llona en el Barrio Las Pe\u00f1as, Guayaquil, con fachadas de casas coloniales de colores vibrantes.\" data-attachment-id=\"26505\" data-permalink=\"https:\/\/trailforthjournal.com\/es\/lugar-emblematico\/barrio-las-penas\/attachment\/las-penas-esferica-3\/\" data-orig-file=\"https:\/\/i0.wp.com\/trailforthjournal.com\/es\/wp-content\/uploads\/sites\/4\/2023\/10\/Las-Penas-Esferica-3.jpg?fit=2560%2C1440&amp;ssl=1\" data-orig-size=\"2560,1440\" data-comments-opened=\"0\" data-image-meta=\"{&quot;aperture&quot;:&quot;0&quot;,&quot;credit&quot;:&quot;&quot;,&quot;camera&quot;:&quot;&quot;,&quot;caption&quot;:&quot;&quot;,&quot;created_timestamp&quot;:&quot;0&quot;,&quot;copyright&quot;:&quot;&quot;,&quot;focal_length&quot;:&quot;0&quot;,&quot;iso&quot;:&quot;0&quot;,&quot;shutter_speed&quot;:&quot;0&quot;,&quot;title&quot;:&quot;&quot;,&quot;orientation&quot;:&quot;0&quot;}\" data-image-title=\"calle-numa-pompillo-llona-las-penas\" data-image-description=\"&lt;p&gt;Fotograf\u00eda con perspectiva de \u00e1ngulo bajo que resalta el pavimiento de piedra y las coloridas casas restauradas del barrio m\u00e1s antiguo de Guayaquil.&lt;\/p&gt;\n\" data-image-caption=\"&lt;p&gt;La calle Numa Pompilio Llona, el coraz\u00f3n art\u00edstico e hist\u00f3rico del Barrio Las Pe\u00f1as&lt;\/p&gt;\n\" data-large-file=\"https:\/\/i0.wp.com\/trailforthjournal.com\/es\/wp-content\/uploads\/sites\/4\/2023\/10\/Las-Penas-Esferica-3.jpg?fit=1024%2C576&amp;ssl=1\" srcset=\"https:\/\/i0.wp.com\/trailforthjournal.com\/es\/wp-content\/uploads\/sites\/4\/2023\/10\/Las-Penas-Esferica-3.jpg?w=2560&amp;ssl=1 2560w, https:\/\/i0.wp.com\/trailforthjournal.com\/es\/wp-content\/uploads\/sites\/4\/2023\/10\/Las-Penas-Esferica-3.jpg?resize=300%2C169&amp;ssl=1 300w, https:\/\/i0.wp.com\/trailforthjournal.com\/es\/wp-content\/uploads\/sites\/4\/2023\/10\/Las-Penas-Esferica-3.jpg?resize=1024%2C576&amp;ssl=1 1024w, https:\/\/i0.wp.com\/trailforthjournal.com\/es\/wp-content\/uploads\/sites\/4\/2023\/10\/Las-Penas-Esferica-3.jpg?resize=768%2C432&amp;ssl=1 768w, https:\/\/i0.wp.com\/trailforthjournal.com\/es\/wp-content\/uploads\/sites\/4\/2023\/10\/Las-Penas-Esferica-3.jpg?resize=1536%2C864&amp;ssl=1 1536w, https:\/\/i0.wp.com\/trailforthjournal.com\/es\/wp-content\/uploads\/sites\/4\/2023\/10\/Las-Penas-Esferica-3.jpg?resize=2048%2C1152&amp;ssl=1 2048w, https:\/\/i0.wp.com\/trailforthjournal.com\/es\/wp-content\/uploads\/sites\/4\/2023\/10\/Las-Penas-Esferica-3.jpg?resize=89%2C50&amp;ssl=1 89w, https:\/\/i0.wp.com\/trailforthjournal.com\/es\/wp-content\/uploads\/sites\/4\/2023\/10\/Las-Penas-Esferica-3.jpg?resize=600%2C338&amp;ssl=1 600w\" sizes=\"(max-width: 1032px) 100vw, 1032px\" \/>\t\t\t\t\t\t<\/div>\n\t\t\t\t\t\t\t\t\t\t\t\t\t<div class=\"premium-blog-thumbnail-overlay\">\n\t\t\t\t\t\t\t\t<a class=\"elementor-icon\" href=\"https:\/\/trailforthjournal.com\/es\/lugar-emblematico\/barrio-las-penas\/\" target=\"_blank\"><\/a>\n\t\t\t\t\t\t\t<\/div>\n\n\t\t\t\t\t\t\t\t\t\t\t\t\t\t\t\t\t\t<\/div>\n\t\t\t\t\t\t\t\t\t\t\t\t<div class=\"premium-blog-content-wrapper \">\n\n\t\t\t\t\t<div class=\"premium-blog-inner-container\">\n\n\t\t\t\t\t\t\t\t\t\t\t\t\t\t<h1 class=\"premium-blog-entry-title\">\n\t\t\t<a href=\"https:\/\/trailforthjournal.com\/es\/lugar-emblematico\/barrio-las-penas\/\" target=\"_blank\">\n\t\t\t\tBarrio Las Pe\u00f1as Guayaquil | Un viaje hist\u00f3rico entre arte, leyendas y el R\u00edo Guayas\t\t\t<\/a>\n\t\t<\/h1>\n\t\t\t\t<div class=\"premium-blog-entry-meta\">\n\t\t\t\n\t\t\t\n\t\t\t\n\t\t\t\t\t<\/div>\n\t\t\n\t\t\t\t\t<\/div>\n\n\t\t\t\t\t\t\t\t\t\t\n\t\t\t\t<\/div>\n\t\t\t<\/div>\n\t\t<\/div>\n\n\t\t\t\t<div class=\"premium-blog-post-outer-container\" data-total=\"4\">\n\t\t\t<div class=\"premium-blog-post-container premium-blog-skin-banner\">\n\t\t\t\t\t\t\t\t\t<div class=\"premium-blog-thumb-effect-wrapper\">\n\t\t\t\t\t\t<div class=\"premium-blog-thumbnail-container premium-blog-zoomin-effect\">\n\t\t\t\t\t\t\t<img decoding=\"async\" data-attachment-id=\"10230\" data-permalink=\"https:\/\/trailforthjournal.com\/es\/lugar-emblematico\/puerto-santa-ana\/attachment\/img_0623-2\/\" data-orig-file=\"https:\/\/i0.wp.com\/trailforthjournal.com\/es\/wp-content\/uploads\/sites\/4\/2022\/05\/IMG_0623-2-scaled.jpg?fit=2560%2C1707&amp;ssl=1\" data-orig-size=\"2560,1707\" data-comments-opened=\"0\" data-image-meta=\"{&quot;aperture&quot;:&quot;3.5&quot;,&quot;credit&quot;:&quot;&quot;,&quot;camera&quot;:&quot;Canon EOS REBEL T3i&quot;,&quot;caption&quot;:&quot;&quot;,&quot;created_timestamp&quot;:&quot;1506927413&quot;,&quot;copyright&quot;:&quot;&quot;,&quot;focal_length&quot;:&quot;18&quot;,&quot;iso&quot;:&quot;2500&quot;,&quot;shutter_speed&quot;:&quot;0.033333333333333&quot;,&quot;title&quot;:&quot;&quot;,&quot;orientation&quot;:&quot;1&quot;}\" data-image-title=\"puerto-santa-ana-guayaquil-noche-moderno\" data-image-description=\"&lt;p&gt;Fotograf\u00eda nocturna de Puerto Santa Ana. Se observa el dise\u00f1o de los edificios curvos, la iluminaci\u00f3n de los postes met\u00e1licos, las terrazas de los restaurantes y el reflejo de las luces sobre el agua.&lt;\/p&gt;\n\" data-image-caption=\"&lt;p&gt;Puerto Santa Ana: modernidad y brisa marina en el sector m\u00e1s exclusivo de Guayaquil.&lt;\/p&gt;\n\" data-large-file=\"https:\/\/i0.wp.com\/trailforthjournal.com\/es\/wp-content\/uploads\/sites\/4\/2022\/05\/IMG_0623-2-scaled.jpg?fit=1024%2C683&amp;ssl=1\" width=\"2560\" height=\"1707\" src=\"https:\/\/i0.wp.com\/trailforthjournal.com\/es\/wp-content\/uploads\/sites\/4\/2022\/05\/IMG_0623-2-scaled.jpg?fit=2560%2C1707&amp;ssl=1\" class=\"attachment-full size-full wp-image-10230\" alt=\"Paseo peatonal iluminado en Puerto Santa Ana, Guayaquil, con edificios modernos y restaurantes frente al r\u00edo Guayas.\" data-attachment-id=\"10230\" data-permalink=\"https:\/\/trailforthjournal.com\/es\/lugar-emblematico\/puerto-santa-ana\/attachment\/img_0623-2\/\" data-orig-file=\"https:\/\/i0.wp.com\/trailforthjournal.com\/es\/wp-content\/uploads\/sites\/4\/2022\/05\/IMG_0623-2-scaled.jpg?fit=2560%2C1707&amp;ssl=1\" data-orig-size=\"2560,1707\" data-comments-opened=\"0\" data-image-meta=\"{&quot;aperture&quot;:&quot;3.5&quot;,&quot;credit&quot;:&quot;&quot;,&quot;camera&quot;:&quot;Canon EOS REBEL T3i&quot;,&quot;caption&quot;:&quot;&quot;,&quot;created_timestamp&quot;:&quot;1506927413&quot;,&quot;copyright&quot;:&quot;&quot;,&quot;focal_length&quot;:&quot;18&quot;,&quot;iso&quot;:&quot;2500&quot;,&quot;shutter_speed&quot;:&quot;0.033333333333333&quot;,&quot;title&quot;:&quot;&quot;,&quot;orientation&quot;:&quot;1&quot;}\" data-image-title=\"puerto-santa-ana-guayaquil-noche-moderno\" data-image-description=\"&lt;p&gt;Fotograf\u00eda nocturna de Puerto Santa Ana. Se observa el dise\u00f1o de los edificios curvos, la iluminaci\u00f3n de los postes met\u00e1licos, las terrazas de los restaurantes y el reflejo de las luces sobre el agua.&lt;\/p&gt;\n\" data-image-caption=\"&lt;p&gt;Puerto Santa Ana: modernidad y brisa marina en el sector m\u00e1s exclusivo de Guayaquil.&lt;\/p&gt;\n\" data-large-file=\"https:\/\/i0.wp.com\/trailforthjournal.com\/es\/wp-content\/uploads\/sites\/4\/2022\/05\/IMG_0623-2-scaled.jpg?fit=1024%2C683&amp;ssl=1\" srcset=\"https:\/\/i0.wp.com\/trailforthjournal.com\/es\/wp-content\/uploads\/sites\/4\/2022\/05\/IMG_0623-2-scaled.jpg?w=2560&amp;ssl=1 2560w, https:\/\/i0.wp.com\/trailforthjournal.com\/es\/wp-content\/uploads\/sites\/4\/2022\/05\/IMG_0623-2-scaled.jpg?resize=300%2C200&amp;ssl=1 300w, https:\/\/i0.wp.com\/trailforthjournal.com\/es\/wp-content\/uploads\/sites\/4\/2022\/05\/IMG_0623-2-scaled.jpg?resize=1024%2C683&amp;ssl=1 1024w, https:\/\/i0.wp.com\/trailforthjournal.com\/es\/wp-content\/uploads\/sites\/4\/2022\/05\/IMG_0623-2-scaled.jpg?resize=768%2C512&amp;ssl=1 768w, https:\/\/i0.wp.com\/trailforthjournal.com\/es\/wp-content\/uploads\/sites\/4\/2022\/05\/IMG_0623-2-scaled.jpg?resize=1536%2C1024&amp;ssl=1 1536w, https:\/\/i0.wp.com\/trailforthjournal.com\/es\/wp-content\/uploads\/sites\/4\/2022\/05\/IMG_0623-2-scaled.jpg?resize=2048%2C1365&amp;ssl=1 2048w, https:\/\/i0.wp.com\/trailforthjournal.com\/es\/wp-content\/uploads\/sites\/4\/2022\/05\/IMG_0623-2-scaled.jpg?resize=225%2C150&amp;ssl=1 225w, https:\/\/i0.wp.com\/trailforthjournal.com\/es\/wp-content\/uploads\/sites\/4\/2022\/05\/IMG_0623-2-scaled.jpg?resize=600%2C400&amp;ssl=1 600w\" sizes=\"(max-width: 1032px) 100vw, 1032px\" \/>\t\t\t\t\t\t<\/div>\n\t\t\t\t\t\t\t\t\t\t\t\t\t<div class=\"premium-blog-thumbnail-overlay\">\n\t\t\t\t\t\t\t\t<a class=\"elementor-icon\" href=\"https:\/\/trailforthjournal.com\/es\/lugar-emblematico\/puerto-santa-ana\/\" target=\"_blank\"><\/a>\n\t\t\t\t\t\t\t<\/div>\n\n\t\t\t\t\t\t\t\t\t\t\t\t\t\t\t\t\t\t<\/div>\n\t\t\t\t\t\t\t\t\t\t\t\t<div class=\"premium-blog-content-wrapper \">\n\n\t\t\t\t\t<div class=\"premium-blog-inner-container\">\n\n\t\t\t\t\t\t\t\t\t\t\t\t\t\t<h1 class=\"premium-blog-entry-title\">\n\t\t\t<a href=\"https:\/\/trailforthjournal.com\/es\/lugar-emblematico\/puerto-santa-ana\/\" target=\"_blank\">\n\t\t\t\tDescubre Puerto Santa Ana y su vibrante ritmo en Guayaquil\t\t\t<\/a>\n\t\t<\/h1>\n\t\t\t\t<div class=\"premium-blog-entry-meta\">\n\t\t\t\n\t\t\t\n\t\t\t\n\t\t\t\t\t<\/div>\n\t\t\n\t\t\t\t\t<\/div>\n\n\t\t\t\t\t\t\t\t\t\t\n\t\t\t\t<\/div>\n\t\t\t<\/div>\n\t\t<\/div>\n\n\t\t\t\t<div class=\"premium-blog-post-outer-container\" data-total=\"4\">\n\t\t\t<div class=\"premium-blog-post-container premium-blog-skin-banner\">\n\t\t\t\t\t\t\t\t\t<div class=\"premium-blog-thumb-effect-wrapper\">\n\t\t\t\t\t\t<div class=\"premium-blog-thumbnail-container premium-blog-zoomin-effect\">\n\t\t\t\t\t\t\t<img loading=\"lazy\" decoding=\"async\" data-attachment-id=\"5529\" data-permalink=\"https:\/\/trailforthjournal.com\/es\/cultura\/palacio-de-la-gobernacion-guayaquil\/attachment\/img_3016-2\/\" data-orig-file=\"https:\/\/i0.wp.com\/trailforthjournal.com\/es\/wp-content\/uploads\/sites\/4\/2022\/03\/IMG_3016-2-scaled.jpg?fit=2560%2C1707&amp;ssl=1\" data-orig-size=\"2560,1707\" data-comments-opened=\"0\" data-image-meta=\"{&quot;aperture&quot;:&quot;3.5&quot;,&quot;credit&quot;:&quot;&quot;,&quot;camera&quot;:&quot;Canon EOS REBEL T3i&quot;,&quot;caption&quot;:&quot;&quot;,&quot;created_timestamp&quot;:&quot;1534656273&quot;,&quot;copyright&quot;:&quot;&quot;,&quot;focal_length&quot;:&quot;18&quot;,&quot;iso&quot;:&quot;400&quot;,&quot;shutter_speed&quot;:&quot;0.001&quot;,&quot;title&quot;:&quot;&quot;,&quot;orientation&quot;:&quot;1&quot;}\" data-image-title=\"palacio-gobernacion-guayaquil-dia\" data-image-description=\"&lt;p&gt;Vista diurna en \u00e1ngulo del Palacio de la Gobernaci\u00f3n de Guayaquil. Se aprecia el dise\u00f1o de las columnas, los arcos de la planta baja y el entorno urbano despejado.&lt;\/p&gt;\n\" data-image-caption=\"&lt;p&gt;El hist\u00f3rico Palacio de la Gobernaci\u00f3n, uno de los edificios m\u00e1s emblem\u00e1ticos del centro de Guayaquil.&lt;\/p&gt;\n\" data-large-file=\"https:\/\/i0.wp.com\/trailforthjournal.com\/es\/wp-content\/uploads\/sites\/4\/2022\/03\/IMG_3016-2-scaled.jpg?fit=1024%2C683&amp;ssl=1\" width=\"2560\" height=\"1707\" src=\"https:\/\/i0.wp.com\/trailforthjournal.com\/es\/wp-content\/uploads\/sites\/4\/2022\/03\/IMG_3016-2-scaled.jpg?fit=2560%2C1707&amp;ssl=1\" class=\"attachment-full size-full wp-image-5529\" alt=\"Fachada principal del Palacio de la Gobernaci\u00f3n de Guayaquil durante el d\u00eda, destacando su arquitectura neocl\u00e1sica.\" data-attachment-id=\"5529\" data-permalink=\"https:\/\/trailforthjournal.com\/es\/cultura\/palacio-de-la-gobernacion-guayaquil\/attachment\/img_3016-2\/\" data-orig-file=\"https:\/\/i0.wp.com\/trailforthjournal.com\/es\/wp-content\/uploads\/sites\/4\/2022\/03\/IMG_3016-2-scaled.jpg?fit=2560%2C1707&amp;ssl=1\" data-orig-size=\"2560,1707\" data-comments-opened=\"0\" data-image-meta=\"{&quot;aperture&quot;:&quot;3.5&quot;,&quot;credit&quot;:&quot;&quot;,&quot;camera&quot;:&quot;Canon EOS REBEL T3i&quot;,&quot;caption&quot;:&quot;&quot;,&quot;created_timestamp&quot;:&quot;1534656273&quot;,&quot;copyright&quot;:&quot;&quot;,&quot;focal_length&quot;:&quot;18&quot;,&quot;iso&quot;:&quot;400&quot;,&quot;shutter_speed&quot;:&quot;0.001&quot;,&quot;title&quot;:&quot;&quot;,&quot;orientation&quot;:&quot;1&quot;}\" data-image-title=\"palacio-gobernacion-guayaquil-dia\" data-image-description=\"&lt;p&gt;Vista diurna en \u00e1ngulo del Palacio de la Gobernaci\u00f3n de Guayaquil. Se aprecia el dise\u00f1o de las columnas, los arcos de la planta baja y el entorno urbano despejado.&lt;\/p&gt;\n\" data-image-caption=\"&lt;p&gt;El hist\u00f3rico Palacio de la Gobernaci\u00f3n, uno de los edificios m\u00e1s emblem\u00e1ticos del centro de Guayaquil.&lt;\/p&gt;\n\" data-large-file=\"https:\/\/i0.wp.com\/trailforthjournal.com\/es\/wp-content\/uploads\/sites\/4\/2022\/03\/IMG_3016-2-scaled.jpg?fit=1024%2C683&amp;ssl=1\" srcset=\"https:\/\/i0.wp.com\/trailforthjournal.com\/es\/wp-content\/uploads\/sites\/4\/2022\/03\/IMG_3016-2-scaled.jpg?w=2560&amp;ssl=1 2560w, https:\/\/i0.wp.com\/trailforthjournal.com\/es\/wp-content\/uploads\/sites\/4\/2022\/03\/IMG_3016-2-scaled.jpg?resize=300%2C200&amp;ssl=1 300w, https:\/\/i0.wp.com\/trailforthjournal.com\/es\/wp-content\/uploads\/sites\/4\/2022\/03\/IMG_3016-2-scaled.jpg?resize=1024%2C683&amp;ssl=1 1024w, https:\/\/i0.wp.com\/trailforthjournal.com\/es\/wp-content\/uploads\/sites\/4\/2022\/03\/IMG_3016-2-scaled.jpg?resize=768%2C512&amp;ssl=1 768w, https:\/\/i0.wp.com\/trailforthjournal.com\/es\/wp-content\/uploads\/sites\/4\/2022\/03\/IMG_3016-2-scaled.jpg?resize=1536%2C1024&amp;ssl=1 1536w, https:\/\/i0.wp.com\/trailforthjournal.com\/es\/wp-content\/uploads\/sites\/4\/2022\/03\/IMG_3016-2-scaled.jpg?resize=2048%2C1365&amp;ssl=1 2048w, https:\/\/i0.wp.com\/trailforthjournal.com\/es\/wp-content\/uploads\/sites\/4\/2022\/03\/IMG_3016-2-scaled.jpg?resize=225%2C150&amp;ssl=1 225w, https:\/\/i0.wp.com\/trailforthjournal.com\/es\/wp-content\/uploads\/sites\/4\/2022\/03\/IMG_3016-2-scaled.jpg?resize=600%2C400&amp;ssl=1 600w\" sizes=\"(max-width: 1032px) 100vw, 1032px\" \/>\t\t\t\t\t\t<\/div>\n\t\t\t\t\t\t\t\t\t\t\t\t\t<div class=\"premium-blog-thumbnail-overlay\">\n\t\t\t\t\t\t\t\t<a class=\"elementor-icon\" href=\"https:\/\/trailforthjournal.com\/es\/cultura\/palacio-de-la-gobernacion-guayaquil\/\" target=\"_blank\"><\/a>\n\t\t\t\t\t\t\t<\/div>\n\n\t\t\t\t\t\t\t\t\t\t\t\t\t\t\t\t\t\t<\/div>\n\t\t\t\t\t\t\t\t\t\t\t\t<div class=\"premium-blog-content-wrapper \">\n\n\t\t\t\t\t<div class=\"premium-blog-inner-container\">\n\n\t\t\t\t\t\t\t\t\t\t\t\t\t\t<h1 class=\"premium-blog-entry-title\">\n\t\t\t<a href=\"https:\/\/trailforthjournal.com\/es\/cultura\/palacio-de-la-gobernacion-guayaquil\/\" target=\"_blank\">\n\t\t\t\tPalacio de la Gobernaci\u00f3n: El coraz\u00f3n administrativo del Guayas\t\t\t<\/a>\n\t\t<\/h1>\n\t\t\t\t<div class=\"premium-blog-entry-meta\">\n\t\t\t\n\t\t\t\n\t\t\t\n\t\t\t\t\t<\/div>\n\t\t\n\t\t\t\t\t<\/div>\n\n\t\t\t\t\t\t\t\t\t\t\n\t\t\t\t<\/div>\n\t\t\t<\/div>\n\t\t<\/div>\n\n\t\t\t\t\t\t\t<\/div>\n\n\t\t\n\t\t\n\t\t\t\t\t\t<\/div>\n\t\t\t\t<\/div>\n\t\t\t\t\t<\/div>\n\t\t<\/div>\n\t\t\t\t\t<\/div>\n\t\t<\/section>\n\t\t\t\t<section class=\"elementor-section elementor-top-section elementor-element elementor-element-2e93280 elementor-section-boxed elementor-section-height-default elementor-section-height-default wpr-particle-no wpr-jarallax-no wpr-parallax-no wpr-sticky-section-no wpr-equal-height-no\" data-id=\"2e93280\" data-element_type=\"section\" data-e-type=\"section\">\n\t\t\t\t\t\t<div class=\"elementor-container elementor-column-gap-default\">\n\t\t\t\t\t<div class=\"elementor-column elementor-col-100 elementor-top-column elementor-element elementor-element-ff86e77\" data-id=\"ff86e77\" data-element_type=\"column\" data-e-type=\"column\">\n\t\t\t<div class=\"elementor-widget-wrap elementor-element-populated\">\n\t\t\t\t\t\t<div class=\"elementor-element elementor-element-ea82807 elementor-widget elementor-widget-spacer\" data-id=\"ea82807\" data-element_type=\"widget\" data-e-type=\"widget\" data-widget_type=\"spacer.default\">\n\t\t\t\t<div class=\"elementor-widget-container\">\n\t\t\t\t\t\t\t<div class=\"elementor-spacer\">\n\t\t\t<div class=\"elementor-spacer-inner\"><\/div>\n\t\t<\/div>\n\t\t\t\t\t\t<\/div>\n\t\t\t\t<\/div>\n\t\t\t\t\t<\/div>\n\t\t<\/div>\n\t\t\t\t\t<\/div>\n\t\t<\/section>\n\t\t\t\t<section class=\"elementor-section elementor-top-section elementor-element elementor-element-dc4959e elementor-section-boxed elementor-section-height-default elementor-section-height-default wpr-particle-no wpr-jarallax-no wpr-parallax-no wpr-sticky-section-no wpr-equal-height-no\" data-id=\"dc4959e\" data-element_type=\"section\" data-e-type=\"section\">\n\t\t\t\t\t\t\t<div class=\"elementor-background-overlay\"><\/div>\n\t\t\t\t\t\t\t<div class=\"elementor-container elementor-column-gap-no\">\n\t\t\t\t\t<div class=\"elementor-column elementor-col-100 elementor-top-column elementor-element elementor-element-92f0d31\" data-id=\"92f0d31\" data-element_type=\"column\" data-e-type=\"column\">\n\t\t\t<div class=\"elementor-widget-wrap elementor-element-populated\">\n\t\t\t\t\t\t<div class=\"elementor-element elementor-element-a883ddc premium-title-color elementor-widget elementor-widget-premium-addon-title\" data-id=\"a883ddc\" data-element_type=\"widget\" data-e-type=\"widget\" data-widget_type=\"premium-addon-title.default\">\n\t\t\t\t<div class=\"elementor-widget-container\">\n\t\t\t\t\t\n\t\t<div class=\"premium-title-container style7\">\n\t\t\t<h4 class=\"premium-title-header premium-title-style7\">\n\t\t\t\t\t\t\t\t\t\t\t\t\t\t\t<span class=\"premium-title-style7-stripe-wrap\">\n\t\t\t\t\t\t\t<span class=\"premium-title-style7-stripe\"><\/span>\n\t\t\t\t\t\t<\/span>\n\t\t\t\t\t\t\t\t\t\t<div class=\"premium-title-style7-inner\">\n\t\t\t\t\n\t\t\t\t\n\t\t\t\t\t\t\t\t\t\t\t\t\t\t\t\t\t\t\t\t\t<span class=\"premium-title-text\">\n\t\t\t\t\tIr m\u00e1s lejos\t\t\t\t<\/span>\n\t\t\t\t\t\n\t\t\t\t\t\t\t\t\t<\/div>\n\t\t\t\t\t\t\t\t\n\t\t\t\t\t\t\t<\/h4>\n\n\t\t<\/div>\n\n\t\t\t\t\t\t<\/div>\n\t\t\t\t<\/div>\n\t\t\t\t\t<\/div>\n\t\t<\/div>\n\t\t\t\t\t<\/div>\n\t\t<\/section>\n\t\t\t\t<section class=\"elementor-section elementor-top-section elementor-element elementor-element-963864b elementor-section-full_width elementor-section-content-middle elementor-section-height-default elementor-section-height-default wpr-particle-no wpr-jarallax-no wpr-parallax-no wpr-sticky-section-no wpr-equal-height-no\" data-id=\"963864b\" data-element_type=\"section\" data-e-type=\"section\" data-settings=\"{&quot;background_background&quot;:&quot;classic&quot;}\">\n\t\t\t\t\t\t<div class=\"elementor-container elementor-column-gap-no\">\n\t\t\t\t\t<div class=\"elementor-column elementor-col-100 elementor-top-column elementor-element elementor-element-0ff7f64\" data-id=\"0ff7f64\" data-element_type=\"column\" data-e-type=\"column\">\n\t\t\t<div class=\"elementor-widget-wrap elementor-element-populated\">\n\t\t\t\t\t\t<div class=\"elementor-element elementor-element-657409f premium-blog-align-left elementor-widget elementor-widget-premium-addon-blog\" data-id=\"657409f\" data-element_type=\"widget\" data-e-type=\"widget\" data-settings=\"{&quot;force_height&quot;:&quot;true&quot;,&quot;premium_blog_columns_number&quot;:&quot;25%&quot;,&quot;premium_blog_grid&quot;:&quot;yes&quot;,&quot;premium_blog_layout&quot;:&quot;even&quot;,&quot;premium_blog_columns_number_tablet&quot;:&quot;50%&quot;,&quot;premium_blog_columns_number_mobile&quot;:&quot;100%&quot;,&quot;scroll_to_offset&quot;:&quot;yes&quot;}\" data-widget_type=\"premium-addon-blog.default\">\n\t\t\t\t<div class=\"elementor-widget-container\">\n\t\t\t\t\t\n\t\t\n\n\t\t\t\t<div class=\"premium-blog-wrap  premium-blog-even\" data-page=\"9740\">\n\t\t\t\t\t\t\t\t\t<div class=\"premium-blog-post-outer-container\" data-total=\"3\">\n\t\t\t<div class=\"premium-blog-post-container premium-blog-skin-banner\">\n\t\t\t\t\t\t\t\t\t<div class=\"premium-blog-thumb-effect-wrapper\">\n\t\t\t\t\t\t<div class=\"premium-blog-thumbnail-container premium-blog-zoomin-effect\">\n\t\t\t\t\t\t\t<img loading=\"lazy\" decoding=\"async\" data-attachment-id=\"8506\" data-permalink=\"https:\/\/trailforthjournal.com\/es\/aventura\/tres-lugares-acampar-ecuador\/attachment\/2022-04-29_11-52-42\/\" data-orig-file=\"https:\/\/i0.wp.com\/trailforthjournal.com\/es\/wp-content\/uploads\/sites\/4\/2022\/04\/2022-04-29_11-52-42.jpg?fit=1280%2C853&amp;ssl=1\" data-orig-size=\"1280,853\" data-comments-opened=\"0\" data-image-meta=\"{&quot;aperture&quot;:&quot;8&quot;,&quot;credit&quot;:&quot;&quot;,&quot;camera&quot;:&quot;Canon EOS 500D&quot;,&quot;caption&quot;:&quot;&quot;,&quot;created_timestamp&quot;:&quot;1418483585&quot;,&quot;copyright&quot;:&quot;&quot;,&quot;focal_length&quot;:&quot;18&quot;,&quot;iso&quot;:&quot;100&quot;,&quot;shutter_speed&quot;:&quot;0.005&quot;,&quot;title&quot;:&quot;&quot;,&quot;orientation&quot;:&quot;1&quot;}\" data-image-title=\"Tres lugares m\u00e1gicos para acampar en Ecuador.\" data-image-description=\"&lt;p&gt;Tres lugares m\u00e1gicos para acampar en Ecuador.&lt;\/p&gt;\n\" data-image-caption=\"&lt;p&gt;Tres lugares m\u00e1gicos para acampar en Ecuador.&lt;\/p&gt;\n\" data-large-file=\"https:\/\/i0.wp.com\/trailforthjournal.com\/es\/wp-content\/uploads\/sites\/4\/2022\/04\/2022-04-29_11-52-42.jpg?fit=1024%2C682&amp;ssl=1\" width=\"1280\" height=\"853\" src=\"https:\/\/i0.wp.com\/trailforthjournal.com\/es\/wp-content\/uploads\/sites\/4\/2022\/04\/2022-04-29_11-52-42.jpg?fit=1280%2C853&amp;ssl=1\" class=\"attachment-full size-full wp-image-8506\" alt=\"Tres lugares m\u00e1gicos para acampar en Ecuador.\" data-attachment-id=\"8506\" data-permalink=\"https:\/\/trailforthjournal.com\/es\/aventura\/tres-lugares-acampar-ecuador\/attachment\/2022-04-29_11-52-42\/\" data-orig-file=\"https:\/\/i0.wp.com\/trailforthjournal.com\/es\/wp-content\/uploads\/sites\/4\/2022\/04\/2022-04-29_11-52-42.jpg?fit=1280%2C853&amp;ssl=1\" data-orig-size=\"1280,853\" data-comments-opened=\"0\" data-image-meta=\"{&quot;aperture&quot;:&quot;8&quot;,&quot;credit&quot;:&quot;&quot;,&quot;camera&quot;:&quot;Canon EOS 500D&quot;,&quot;caption&quot;:&quot;&quot;,&quot;created_timestamp&quot;:&quot;1418483585&quot;,&quot;copyright&quot;:&quot;&quot;,&quot;focal_length&quot;:&quot;18&quot;,&quot;iso&quot;:&quot;100&quot;,&quot;shutter_speed&quot;:&quot;0.005&quot;,&quot;title&quot;:&quot;&quot;,&quot;orientation&quot;:&quot;1&quot;}\" data-image-title=\"Tres lugares m\u00e1gicos para acampar en Ecuador.\" data-image-description=\"&lt;p&gt;Tres lugares m\u00e1gicos para acampar en Ecuador.&lt;\/p&gt;\n\" data-image-caption=\"&lt;p&gt;Tres lugares m\u00e1gicos para acampar en Ecuador.&lt;\/p&gt;\n\" data-large-file=\"https:\/\/i0.wp.com\/trailforthjournal.com\/es\/wp-content\/uploads\/sites\/4\/2022\/04\/2022-04-29_11-52-42.jpg?fit=1024%2C682&amp;ssl=1\" srcset=\"https:\/\/i0.wp.com\/trailforthjournal.com\/es\/wp-content\/uploads\/sites\/4\/2022\/04\/2022-04-29_11-52-42.jpg?w=1280&amp;ssl=1 1280w, https:\/\/i0.wp.com\/trailforthjournal.com\/es\/wp-content\/uploads\/sites\/4\/2022\/04\/2022-04-29_11-52-42.jpg?resize=300%2C200&amp;ssl=1 300w, https:\/\/i0.wp.com\/trailforthjournal.com\/es\/wp-content\/uploads\/sites\/4\/2022\/04\/2022-04-29_11-52-42.jpg?resize=1024%2C682&amp;ssl=1 1024w, https:\/\/i0.wp.com\/trailforthjournal.com\/es\/wp-content\/uploads\/sites\/4\/2022\/04\/2022-04-29_11-52-42.jpg?resize=768%2C512&amp;ssl=1 768w, https:\/\/i0.wp.com\/trailforthjournal.com\/es\/wp-content\/uploads\/sites\/4\/2022\/04\/2022-04-29_11-52-42.jpg?resize=225%2C150&amp;ssl=1 225w, https:\/\/i0.wp.com\/trailforthjournal.com\/es\/wp-content\/uploads\/sites\/4\/2022\/04\/2022-04-29_11-52-42.jpg?resize=600%2C400&amp;ssl=1 600w\" sizes=\"(max-width: 1032px) 100vw, 1032px\" \/>\t\t\t\t\t\t<\/div>\n\t\t\t\t\t\t\t\t\t\t\t\t\t<div class=\"premium-blog-thumbnail-overlay\">\n\t\t\t\t\t\t\t\t<a class=\"elementor-icon\" href=\"https:\/\/trailforthjournal.com\/es\/aventura\/tres-lugares-acampar-ecuador\/\" target=\"_blank\"><\/a>\n\t\t\t\t\t\t\t<\/div>\n\n\t\t\t\t\t\t\t\t\t\t\t\t\t\t\t\t\t\t<\/div>\n\t\t\t\t\t\t\t\t\t\t\t\t<div class=\"premium-blog-content-wrapper \">\n\n\t\t\t\t\t<div class=\"premium-blog-inner-container\">\n\n\t\t\t\t\t\t\t\t\t\t\t\t\t\t<h1 class=\"premium-blog-entry-title\">\n\t\t\t<a href=\"https:\/\/trailforthjournal.com\/es\/aventura\/tres-lugares-acampar-ecuador\/\" target=\"_blank\">\n\t\t\t\tTres lugares m\u00e1gicos para acampar en Ecuador: naturaleza, aventura y estrellas\t\t\t<\/a>\n\t\t<\/h1>\n\t\t\t\t<div class=\"premium-blog-entry-meta\">\n\t\t\t\n\t\t\t\n\t\t\t\n\t\t\t\t\t<\/div>\n\t\t\n\t\t\t\t\t<\/div>\n\n\t\t\t\t\t\t\t\t\t\t\n\t\t\t\t<\/div>\n\t\t\t<\/div>\n\t\t<\/div>\n\n\t\t\t\t<div class=\"premium-blog-post-outer-container\" data-total=\"3\">\n\t\t\t<div class=\"premium-blog-post-container premium-blog-skin-banner\">\n\t\t\t\t\t\t\t\t\t<div class=\"premium-blog-thumb-effect-wrapper\">\n\t\t\t\t\t\t<div class=\"premium-blog-thumbnail-container premium-blog-zoomin-effect\">\n\t\t\t\t\t\t\t<img loading=\"lazy\" decoding=\"async\" data-attachment-id=\"4776\" data-permalink=\"https:\/\/trailforthjournal.com\/es\/aventura\/volar-en-globo-ecuador\/attachment\/globo-11\/\" data-orig-file=\"https:\/\/i0.wp.com\/trailforthjournal.com\/es\/wp-content\/uploads\/sites\/4\/2022\/03\/Globo-11.jpg?fit=1920%2C1079&amp;ssl=1\" data-orig-size=\"1920,1079\" data-comments-opened=\"0\" data-image-meta=\"{&quot;aperture&quot;:&quot;0&quot;,&quot;credit&quot;:&quot;&quot;,&quot;camera&quot;:&quot;&quot;,&quot;caption&quot;:&quot;&quot;,&quot;created_timestamp&quot;:&quot;1584990586&quot;,&quot;copyright&quot;:&quot;&quot;,&quot;focal_length&quot;:&quot;0&quot;,&quot;iso&quot;:&quot;0&quot;,&quot;shutter_speed&quot;:&quot;0&quot;,&quot;title&quot;:&quot;&quot;,&quot;orientation&quot;:&quot;1&quot;}\" data-image-title=\"\u00bfC\u00f3mo es volar en un globo aerost\u00e1tico en Ecuador?\" data-image-description=\"&lt;p&gt;\u00bfC\u00f3mo es volar en un globo aerost\u00e1tico en Ecuador?&lt;\/p&gt;\n\" data-image-caption=\"&lt;p&gt;\u00bfC\u00f3mo es volar en un globo aerost\u00e1tico en Ecuador?&lt;\/p&gt;\n\" data-large-file=\"https:\/\/i0.wp.com\/trailforthjournal.com\/es\/wp-content\/uploads\/sites\/4\/2022\/03\/Globo-11.jpg?fit=1024%2C575&amp;ssl=1\" width=\"1920\" height=\"1079\" src=\"https:\/\/i0.wp.com\/trailforthjournal.com\/es\/wp-content\/uploads\/sites\/4\/2022\/03\/Globo-11.jpg?fit=1920%2C1079&amp;ssl=1\" class=\"attachment-full size-full wp-image-4776\" alt=\"\u00bfC\u00f3mo es volar en un globo aerost\u00e1tico en Ecuador?\" data-attachment-id=\"4776\" data-permalink=\"https:\/\/trailforthjournal.com\/es\/aventura\/volar-en-globo-ecuador\/attachment\/globo-11\/\" data-orig-file=\"https:\/\/i0.wp.com\/trailforthjournal.com\/es\/wp-content\/uploads\/sites\/4\/2022\/03\/Globo-11.jpg?fit=1920%2C1079&amp;ssl=1\" data-orig-size=\"1920,1079\" data-comments-opened=\"0\" data-image-meta=\"{&quot;aperture&quot;:&quot;0&quot;,&quot;credit&quot;:&quot;&quot;,&quot;camera&quot;:&quot;&quot;,&quot;caption&quot;:&quot;&quot;,&quot;created_timestamp&quot;:&quot;1584990586&quot;,&quot;copyright&quot;:&quot;&quot;,&quot;focal_length&quot;:&quot;0&quot;,&quot;iso&quot;:&quot;0&quot;,&quot;shutter_speed&quot;:&quot;0&quot;,&quot;title&quot;:&quot;&quot;,&quot;orientation&quot;:&quot;1&quot;}\" data-image-title=\"\u00bfC\u00f3mo es volar en un globo aerost\u00e1tico en Ecuador?\" data-image-description=\"&lt;p&gt;\u00bfC\u00f3mo es volar en un globo aerost\u00e1tico en Ecuador?&lt;\/p&gt;\n\" data-image-caption=\"&lt;p&gt;\u00bfC\u00f3mo es volar en un globo aerost\u00e1tico en Ecuador?&lt;\/p&gt;\n\" data-large-file=\"https:\/\/i0.wp.com\/trailforthjournal.com\/es\/wp-content\/uploads\/sites\/4\/2022\/03\/Globo-11.jpg?fit=1024%2C575&amp;ssl=1\" srcset=\"https:\/\/i0.wp.com\/trailforthjournal.com\/es\/wp-content\/uploads\/sites\/4\/2022\/03\/Globo-11.jpg?w=1920&amp;ssl=1 1920w, https:\/\/i0.wp.com\/trailforthjournal.com\/es\/wp-content\/uploads\/sites\/4\/2022\/03\/Globo-11.jpg?resize=300%2C169&amp;ssl=1 300w, https:\/\/i0.wp.com\/trailforthjournal.com\/es\/wp-content\/uploads\/sites\/4\/2022\/03\/Globo-11.jpg?resize=1024%2C575&amp;ssl=1 1024w, https:\/\/i0.wp.com\/trailforthjournal.com\/es\/wp-content\/uploads\/sites\/4\/2022\/03\/Globo-11.jpg?resize=768%2C432&amp;ssl=1 768w, https:\/\/i0.wp.com\/trailforthjournal.com\/es\/wp-content\/uploads\/sites\/4\/2022\/03\/Globo-11.jpg?resize=1536%2C863&amp;ssl=1 1536w, https:\/\/i0.wp.com\/trailforthjournal.com\/es\/wp-content\/uploads\/sites\/4\/2022\/03\/Globo-11.jpg?resize=267%2C150&amp;ssl=1 267w, https:\/\/i0.wp.com\/trailforthjournal.com\/es\/wp-content\/uploads\/sites\/4\/2022\/03\/Globo-11.jpg?resize=600%2C337&amp;ssl=1 600w\" sizes=\"(max-width: 1032px) 100vw, 1032px\" \/>\t\t\t\t\t\t<\/div>\n\t\t\t\t\t\t\t\t\t\t\t\t\t<div class=\"premium-blog-thumbnail-overlay\">\n\t\t\t\t\t\t\t\t<a class=\"elementor-icon\" href=\"https:\/\/trailforthjournal.com\/es\/aventura\/volar-en-globo-ecuador\/\" target=\"_blank\"><\/a>\n\t\t\t\t\t\t\t<\/div>\n\n\t\t\t\t\t\t\t\t\t\t\t\t\t\t\t\t\t\t<\/div>\n\t\t\t\t\t\t\t\t\t\t\t\t<div class=\"premium-blog-content-wrapper \">\n\n\t\t\t\t\t<div class=\"premium-blog-inner-container\">\n\n\t\t\t\t\t\t\t\t\t\t\t\t\t\t<h1 class=\"premium-blog-entry-title\">\n\t\t\t<a href=\"https:\/\/trailforthjournal.com\/es\/aventura\/volar-en-globo-ecuador\/\" target=\"_blank\">\n\t\t\t\t\u00bfC\u00f3mo es volar en un globo aerost\u00e1tico en Ecuador?\t\t\t<\/a>\n\t\t<\/h1>\n\t\t\t\t<div class=\"premium-blog-entry-meta\">\n\t\t\t\n\t\t\t\n\t\t\t\n\t\t\t\t\t<\/div>\n\t\t\n\t\t\t\t\t<\/div>\n\n\t\t\t\t\t\t\t\t\t\t\n\t\t\t\t<\/div>\n\t\t\t<\/div>\n\t\t<\/div>\n\n\t\t\t\t<div class=\"premium-blog-post-outer-container\" data-total=\"3\">\n\t\t\t<div class=\"premium-blog-post-container premium-blog-skin-banner\">\n\t\t\t\t\t\t\t\t\t<div class=\"premium-blog-thumb-effect-wrapper\">\n\t\t\t\t\t\t<div class=\"premium-blog-thumbnail-container premium-blog-zoomin-effect\">\n\t\t\t\t\t\t\t<img loading=\"lazy\" decoding=\"async\" data-attachment-id=\"34229\" data-permalink=\"https:\/\/trailforthjournal.com\/es\/wp-17203020786331916779417640204164\/\" data-orig-file=\"https:\/\/i0.wp.com\/trailforthjournal.com\/es\/wp-content\/uploads\/sites\/4\/2024\/07\/wp-17203020786331916779417640204164.jpg?fit=2000%2C1332&amp;ssl=1\" data-orig-size=\"2000,1332\" data-comments-opened=\"0\" data-image-meta=\"{&quot;aperture&quot;:&quot;0&quot;,&quot;credit&quot;:&quot;&quot;,&quot;camera&quot;:&quot;&quot;,&quot;caption&quot;:&quot;&quot;,&quot;created_timestamp&quot;:&quot;0&quot;,&quot;copyright&quot;:&quot;&quot;,&quot;focal_length&quot;:&quot;0&quot;,&quot;iso&quot;:&quot;0&quot;,&quot;shutter_speed&quot;:&quot;0&quot;,&quot;title&quot;:&quot;&quot;,&quot;orientation&quot;:&quot;0&quot;}\" data-image-title=\"Cosas que hacer en Guayaquil | Ecuador, Sudam\u00e9rica\" data-image-description=\"&lt;p&gt;Cosas que hacer en Guayaquil | Ecuador, Sudam\u00e9rica&lt;\/p&gt;\n\" data-image-caption=\"&lt;p&gt;Cosas que hacer en Guayaquil | Ecuador, Sudam\u00e9rica&lt;\/p&gt;\n\" data-large-file=\"https:\/\/i0.wp.com\/trailforthjournal.com\/es\/wp-content\/uploads\/sites\/4\/2024\/07\/wp-17203020786331916779417640204164.jpg?fit=1024%2C682&amp;ssl=1\" width=\"2000\" height=\"1332\" src=\"https:\/\/i0.wp.com\/trailforthjournal.com\/es\/wp-content\/uploads\/sites\/4\/2024\/07\/wp-17203020786331916779417640204164.jpg?fit=2000%2C1332&amp;ssl=1\" class=\"attachment-full size-full wp-image-34229\" alt=\"Cosas que hacer en Guayaquil | Ecuador, Sudam\u00e9rica\" data-attachment-id=\"34229\" data-permalink=\"https:\/\/trailforthjournal.com\/es\/wp-17203020786331916779417640204164\/\" data-orig-file=\"https:\/\/i0.wp.com\/trailforthjournal.com\/es\/wp-content\/uploads\/sites\/4\/2024\/07\/wp-17203020786331916779417640204164.jpg?fit=2000%2C1332&amp;ssl=1\" data-orig-size=\"2000,1332\" data-comments-opened=\"0\" data-image-meta=\"{&quot;aperture&quot;:&quot;0&quot;,&quot;credit&quot;:&quot;&quot;,&quot;camera&quot;:&quot;&quot;,&quot;caption&quot;:&quot;&quot;,&quot;created_timestamp&quot;:&quot;0&quot;,&quot;copyright&quot;:&quot;&quot;,&quot;focal_length&quot;:&quot;0&quot;,&quot;iso&quot;:&quot;0&quot;,&quot;shutter_speed&quot;:&quot;0&quot;,&quot;title&quot;:&quot;&quot;,&quot;orientation&quot;:&quot;0&quot;}\" data-image-title=\"Cosas que hacer en Guayaquil | Ecuador, Sudam\u00e9rica\" data-image-description=\"&lt;p&gt;Cosas que hacer en Guayaquil | Ecuador, Sudam\u00e9rica&lt;\/p&gt;\n\" data-image-caption=\"&lt;p&gt;Cosas que hacer en Guayaquil | Ecuador, Sudam\u00e9rica&lt;\/p&gt;\n\" data-large-file=\"https:\/\/i0.wp.com\/trailforthjournal.com\/es\/wp-content\/uploads\/sites\/4\/2024\/07\/wp-17203020786331916779417640204164.jpg?fit=1024%2C682&amp;ssl=1\" srcset=\"https:\/\/i0.wp.com\/trailforthjournal.com\/es\/wp-content\/uploads\/sites\/4\/2024\/07\/wp-17203020786331916779417640204164.jpg?w=2000&amp;ssl=1 2000w, https:\/\/i0.wp.com\/trailforthjournal.com\/es\/wp-content\/uploads\/sites\/4\/2024\/07\/wp-17203020786331916779417640204164.jpg?resize=300%2C200&amp;ssl=1 300w, https:\/\/i0.wp.com\/trailforthjournal.com\/es\/wp-content\/uploads\/sites\/4\/2024\/07\/wp-17203020786331916779417640204164.jpg?resize=1024%2C682&amp;ssl=1 1024w, https:\/\/i0.wp.com\/trailforthjournal.com\/es\/wp-content\/uploads\/sites\/4\/2024\/07\/wp-17203020786331916779417640204164.jpg?resize=768%2C511&amp;ssl=1 768w, https:\/\/i0.wp.com\/trailforthjournal.com\/es\/wp-content\/uploads\/sites\/4\/2024\/07\/wp-17203020786331916779417640204164.jpg?resize=1536%2C1023&amp;ssl=1 1536w, https:\/\/i0.wp.com\/trailforthjournal.com\/es\/wp-content\/uploads\/sites\/4\/2024\/07\/wp-17203020786331916779417640204164.jpg?resize=75%2C50&amp;ssl=1 75w, https:\/\/i0.wp.com\/trailforthjournal.com\/es\/wp-content\/uploads\/sites\/4\/2024\/07\/wp-17203020786331916779417640204164.jpg?resize=600%2C400&amp;ssl=1 600w\" sizes=\"(max-width: 1032px) 100vw, 1032px\" \/>\t\t\t\t\t\t<\/div>\n\t\t\t\t\t\t\t\t\t\t\t\t\t<div class=\"premium-blog-thumbnail-overlay\">\n\t\t\t\t\t\t\t\t<a class=\"elementor-icon\" href=\"https:\/\/trailforthjournal.com\/es\/guia-turistica\/cuenca\/\" target=\"_blank\"><\/a>\n\t\t\t\t\t\t\t<\/div>\n\n\t\t\t\t\t\t\t\t\t\t\t\t\t\t\t\t\t\t<\/div>\n\t\t\t\t\t\t\t\t\t\t\t\t<div class=\"premium-blog-content-wrapper \">\n\n\t\t\t\t\t<div class=\"premium-blog-inner-container\">\n\n\t\t\t\t\t\t\t\t\t\t\t\t\t\t<h1 class=\"premium-blog-entry-title\">\n\t\t\t<a href=\"https:\/\/trailforthjournal.com\/es\/guia-turistica\/cuenca\/\" target=\"_blank\">\n\t\t\t\tImprescindibles de Viaje: Gu\u00eda tur\u00edstica de Cuenca | Ecuador, Sudam\u00e9rica &#8211; 2026\t\t\t<\/a>\n\t\t<\/h1>\n\t\t\t\t<div class=\"premium-blog-entry-meta\">\n\t\t\t\n\t\t\t\n\t\t\t\n\t\t\t\t\t<\/div>\n\t\t\n\t\t\t\t\t<\/div>\n\n\t\t\t\t\t\t\t\t\t\t\n\t\t\t\t<\/div>\n\t\t\t<\/div>\n\t\t<\/div>\n\n\t\t\t\t<div class=\"premium-blog-post-outer-container\" data-total=\"3\">\n\t\t\t<div class=\"premium-blog-post-container premium-blog-skin-banner\">\n\t\t\t\t\t\t\t\t\t<div class=\"premium-blog-thumb-effect-wrapper\">\n\t\t\t\t\t\t<div class=\"premium-blog-thumbnail-container premium-blog-zoomin-effect\">\n\t\t\t\t\t\t\t<img loading=\"lazy\" decoding=\"async\" data-attachment-id=\"17566\" data-permalink=\"https:\/\/trailforthjournal.com\/es\/aventura\/lagunas-ozogoche-ecuador\/attachment\/ozogoche-2\/\" data-orig-file=\"https:\/\/i0.wp.com\/trailforthjournal.com\/es\/wp-content\/uploads\/sites\/4\/2023\/01\/Ozogoche-2.jpg?fit=1591%2C1188&amp;ssl=1\" data-orig-size=\"1591,1188\" data-comments-opened=\"0\" data-image-meta=\"{&quot;aperture&quot;:&quot;0&quot;,&quot;credit&quot;:&quot;&quot;,&quot;camera&quot;:&quot;&quot;,&quot;caption&quot;:&quot;&quot;,&quot;created_timestamp&quot;:&quot;0&quot;,&quot;copyright&quot;:&quot;&quot;,&quot;focal_length&quot;:&quot;0&quot;,&quot;iso&quot;:&quot;0&quot;,&quot;shutter_speed&quot;:&quot;0&quot;,&quot;title&quot;:&quot;&quot;,&quot;orientation&quot;:&quot;1&quot;}\" data-image-title=\"Lagunas de Ozogoche\" data-image-description=\"&lt;p&gt;Lagunas de Ozogoche&lt;\/p&gt;\n\" data-image-caption=\"&lt;p&gt;Lagunas de Ozogoche&lt;\/p&gt;\n\" data-large-file=\"https:\/\/i0.wp.com\/trailforthjournal.com\/es\/wp-content\/uploads\/sites\/4\/2023\/01\/Ozogoche-2.jpg?fit=1024%2C765&amp;ssl=1\" width=\"1591\" height=\"1188\" src=\"https:\/\/i0.wp.com\/trailforthjournal.com\/es\/wp-content\/uploads\/sites\/4\/2023\/01\/Ozogoche-2.jpg?fit=1591%2C1188&amp;ssl=1\" class=\"attachment-full size-full wp-image-17566\" alt=\"Lagunas de Ozogoche\" data-attachment-id=\"17566\" data-permalink=\"https:\/\/trailforthjournal.com\/es\/aventura\/lagunas-ozogoche-ecuador\/attachment\/ozogoche-2\/\" data-orig-file=\"https:\/\/i0.wp.com\/trailforthjournal.com\/es\/wp-content\/uploads\/sites\/4\/2023\/01\/Ozogoche-2.jpg?fit=1591%2C1188&amp;ssl=1\" data-orig-size=\"1591,1188\" data-comments-opened=\"0\" data-image-meta=\"{&quot;aperture&quot;:&quot;0&quot;,&quot;credit&quot;:&quot;&quot;,&quot;camera&quot;:&quot;&quot;,&quot;caption&quot;:&quot;&quot;,&quot;created_timestamp&quot;:&quot;0&quot;,&quot;copyright&quot;:&quot;&quot;,&quot;focal_length&quot;:&quot;0&quot;,&quot;iso&quot;:&quot;0&quot;,&quot;shutter_speed&quot;:&quot;0&quot;,&quot;title&quot;:&quot;&quot;,&quot;orientation&quot;:&quot;1&quot;}\" data-image-title=\"Lagunas de Ozogoche\" data-image-description=\"&lt;p&gt;Lagunas de Ozogoche&lt;\/p&gt;\n\" data-image-caption=\"&lt;p&gt;Lagunas de Ozogoche&lt;\/p&gt;\n\" data-large-file=\"https:\/\/i0.wp.com\/trailforthjournal.com\/es\/wp-content\/uploads\/sites\/4\/2023\/01\/Ozogoche-2.jpg?fit=1024%2C765&amp;ssl=1\" srcset=\"https:\/\/i0.wp.com\/trailforthjournal.com\/es\/wp-content\/uploads\/sites\/4\/2023\/01\/Ozogoche-2.jpg?w=1591&amp;ssl=1 1591w, https:\/\/i0.wp.com\/trailforthjournal.com\/es\/wp-content\/uploads\/sites\/4\/2023\/01\/Ozogoche-2.jpg?resize=300%2C224&amp;ssl=1 300w, https:\/\/i0.wp.com\/trailforthjournal.com\/es\/wp-content\/uploads\/sites\/4\/2023\/01\/Ozogoche-2.jpg?resize=1024%2C765&amp;ssl=1 1024w, https:\/\/i0.wp.com\/trailforthjournal.com\/es\/wp-content\/uploads\/sites\/4\/2023\/01\/Ozogoche-2.jpg?resize=768%2C573&amp;ssl=1 768w, https:\/\/i0.wp.com\/trailforthjournal.com\/es\/wp-content\/uploads\/sites\/4\/2023\/01\/Ozogoche-2.jpg?resize=1536%2C1147&amp;ssl=1 1536w, https:\/\/i0.wp.com\/trailforthjournal.com\/es\/wp-content\/uploads\/sites\/4\/2023\/01\/Ozogoche-2.jpg?resize=201%2C150&amp;ssl=1 201w, https:\/\/i0.wp.com\/trailforthjournal.com\/es\/wp-content\/uploads\/sites\/4\/2023\/01\/Ozogoche-2.jpg?resize=600%2C448&amp;ssl=1 600w\" sizes=\"(max-width: 1032px) 100vw, 1032px\" \/>\t\t\t\t\t\t<\/div>\n\t\t\t\t\t\t\t\t\t\t\t\t\t<div class=\"premium-blog-thumbnail-overlay\">\n\t\t\t\t\t\t\t\t<a class=\"elementor-icon\" href=\"https:\/\/trailforthjournal.com\/es\/aventura\/lagunas-ozogoche-ecuador\/\" target=\"_blank\"><\/a>\n\t\t\t\t\t\t\t<\/div>\n\n\t\t\t\t\t\t\t\t\t\t\t\t\t\t\t\t\t\t<\/div>\n\t\t\t\t\t\t\t\t\t\t\t\t<div class=\"premium-blog-content-wrapper \">\n\n\t\t\t\t\t<div class=\"premium-blog-inner-container\">\n\n\t\t\t\t\t\t\t\t\t\t\t\t\t\t<h1 class=\"premium-blog-entry-title\">\n\t\t\t<a href=\"https:\/\/trailforthjournal.com\/es\/aventura\/lagunas-ozogoche-ecuador\/\" target=\"_blank\">\n\t\t\t\tLagunas de Ozogoche, Ecuador: El misterio del Taita-Carnaval y el ritual de las aves\t\t\t<\/a>\n\t\t<\/h1>\n\t\t\t\t<div class=\"premium-blog-entry-meta\">\n\t\t\t\n\t\t\t\n\t\t\t\n\t\t\t\t\t<\/div>\n\t\t\n\t\t\t\t\t<\/div>\n\n\t\t\t\t\t\t\t\t\t\t\n\t\t\t\t<\/div>\n\t\t\t<\/div>\n\t\t<\/div>\n\n\t\t\t\t\t\t\t<\/div>\n\n\t\t\n\t\t\n\t\t\t\t\t\t<\/div>\n\t\t\t\t<\/div>\n\t\t\t\t\t<\/div>\n\t\t<\/div>\n\t\t\t\t\t<\/div>\n\t\t<\/section>\n\t\t\t\t<section class=\"elementor-section elementor-top-section elementor-element elementor-element-2ece073 elementor-section-full_width elementor-section-content-middle elementor-section-height-default elementor-section-height-default wpr-particle-no wpr-jarallax-no wpr-parallax-no wpr-sticky-section-no wpr-equal-height-no\" data-id=\"2ece073\" data-element_type=\"section\" data-e-type=\"section\" data-settings=\"{&quot;background_background&quot;:&quot;classic&quot;}\">\n\t\t\t\t\t\t<div class=\"elementor-container elementor-column-gap-no\">\n\t\t\t\t\t<div class=\"elementor-column elementor-col-100 elementor-top-column elementor-element elementor-element-62046b3\" data-id=\"62046b3\" data-element_type=\"column\" data-e-type=\"column\">\n\t\t\t<div class=\"elementor-widget-wrap elementor-element-populated\">\n\t\t\t\t\t\t<div class=\"elementor-element elementor-element-3a695ce premium-blog-align-left elementor-widget elementor-widget-premium-addon-blog\" data-id=\"3a695ce\" data-element_type=\"widget\" data-e-type=\"widget\" data-settings=\"{&quot;force_height&quot;:&quot;true&quot;,&quot;premium_blog_columns_number&quot;:&quot;25%&quot;,&quot;premium_blog_grid&quot;:&quot;yes&quot;,&quot;premium_blog_layout&quot;:&quot;even&quot;,&quot;premium_blog_columns_number_tablet&quot;:&quot;50%&quot;,&quot;premium_blog_columns_number_mobile&quot;:&quot;100%&quot;,&quot;scroll_to_offset&quot;:&quot;yes&quot;}\" data-widget_type=\"premium-addon-blog.default\">\n\t\t\t\t<div class=\"elementor-widget-container\">\n\t\t\t\t\t\n\t\t\n\n\t\t\t\t<div class=\"premium-blog-wrap  premium-blog-even\" data-page=\"9740\">\n\t\t\t\t\t\t\t\t\t<div class=\"premium-blog-post-outer-container\" data-total=\"2\">\n\t\t\t<div class=\"premium-blog-post-container premium-blog-skin-banner\">\n\t\t\t\t\t\t\t\t\t<div class=\"premium-blog-thumb-effect-wrapper\">\n\t\t\t\t\t\t<div class=\"premium-blog-thumbnail-container premium-blog-zoomin-effect\">\n\t\t\t\t\t\t\t<img loading=\"lazy\" decoding=\"async\" data-attachment-id=\"41861\" data-permalink=\"https:\/\/trailforthjournal.com\/es\/embajador\/\" data-orig-file=\"https:\/\/i0.wp.com\/trailforthjournal.com\/es\/wp-content\/uploads\/sites\/4\/2025\/06\/Embajador.jpg?fit=2457%2C1771&amp;ssl=1\" data-orig-size=\"2457,1771\" data-comments-opened=\"0\" data-image-meta=\"{&quot;aperture&quot;:&quot;0&quot;,&quot;credit&quot;:&quot;&quot;,&quot;camera&quot;:&quot;&quot;,&quot;caption&quot;:&quot;&quot;,&quot;created_timestamp&quot;:&quot;0&quot;,&quot;copyright&quot;:&quot;&quot;,&quot;focal_length&quot;:&quot;0&quot;,&quot;iso&quot;:&quot;0&quot;,&quot;shutter_speed&quot;:&quot;0&quot;,&quot;title&quot;:&quot;&quot;,&quot;orientation&quot;:&quot;0&quot;}\" data-image-title=\"Embajador de ecuador\" data-image-description=\"&lt;p&gt;Embajador de ecuador&lt;\/p&gt;\n\" data-image-caption=\"&lt;p&gt;Embajador de ecuador&lt;\/p&gt;\n\" data-large-file=\"https:\/\/i0.wp.com\/trailforthjournal.com\/es\/wp-content\/uploads\/sites\/4\/2025\/06\/Embajador.jpg?fit=1024%2C738&amp;ssl=1\" width=\"2457\" height=\"1771\" src=\"https:\/\/i0.wp.com\/trailforthjournal.com\/es\/wp-content\/uploads\/sites\/4\/2025\/06\/Embajador.jpg?fit=2457%2C1771&amp;ssl=1\" class=\"attachment-full size-full wp-image-41861\" alt=\"Embajador de ecuador\" data-attachment-id=\"41861\" data-permalink=\"https:\/\/trailforthjournal.com\/es\/embajador\/\" data-orig-file=\"https:\/\/i0.wp.com\/trailforthjournal.com\/es\/wp-content\/uploads\/sites\/4\/2025\/06\/Embajador.jpg?fit=2457%2C1771&amp;ssl=1\" data-orig-size=\"2457,1771\" data-comments-opened=\"0\" data-image-meta=\"{&quot;aperture&quot;:&quot;0&quot;,&quot;credit&quot;:&quot;&quot;,&quot;camera&quot;:&quot;&quot;,&quot;caption&quot;:&quot;&quot;,&quot;created_timestamp&quot;:&quot;0&quot;,&quot;copyright&quot;:&quot;&quot;,&quot;focal_length&quot;:&quot;0&quot;,&quot;iso&quot;:&quot;0&quot;,&quot;shutter_speed&quot;:&quot;0&quot;,&quot;title&quot;:&quot;&quot;,&quot;orientation&quot;:&quot;0&quot;}\" data-image-title=\"Embajador de ecuador\" data-image-description=\"&lt;p&gt;Embajador de ecuador&lt;\/p&gt;\n\" data-image-caption=\"&lt;p&gt;Embajador de ecuador&lt;\/p&gt;\n\" data-large-file=\"https:\/\/i0.wp.com\/trailforthjournal.com\/es\/wp-content\/uploads\/sites\/4\/2025\/06\/Embajador.jpg?fit=1024%2C738&amp;ssl=1\" srcset=\"https:\/\/i0.wp.com\/trailforthjournal.com\/es\/wp-content\/uploads\/sites\/4\/2025\/06\/Embajador.jpg?w=2457&amp;ssl=1 2457w, https:\/\/i0.wp.com\/trailforthjournal.com\/es\/wp-content\/uploads\/sites\/4\/2025\/06\/Embajador.jpg?resize=300%2C216&amp;ssl=1 300w, https:\/\/i0.wp.com\/trailforthjournal.com\/es\/wp-content\/uploads\/sites\/4\/2025\/06\/Embajador.jpg?resize=1024%2C738&amp;ssl=1 1024w, https:\/\/i0.wp.com\/trailforthjournal.com\/es\/wp-content\/uploads\/sites\/4\/2025\/06\/Embajador.jpg?resize=768%2C554&amp;ssl=1 768w, https:\/\/i0.wp.com\/trailforthjournal.com\/es\/wp-content\/uploads\/sites\/4\/2025\/06\/Embajador.jpg?resize=1536%2C1107&amp;ssl=1 1536w, https:\/\/i0.wp.com\/trailforthjournal.com\/es\/wp-content\/uploads\/sites\/4\/2025\/06\/Embajador.jpg?resize=2048%2C1476&amp;ssl=1 2048w, https:\/\/i0.wp.com\/trailforthjournal.com\/es\/wp-content\/uploads\/sites\/4\/2025\/06\/Embajador.jpg?resize=69%2C50&amp;ssl=1 69w, https:\/\/i0.wp.com\/trailforthjournal.com\/es\/wp-content\/uploads\/sites\/4\/2025\/06\/Embajador.jpg?resize=600%2C432&amp;ssl=1 600w\" sizes=\"(max-width: 1032px) 100vw, 1032px\" \/>\t\t\t\t\t\t<\/div>\n\t\t\t\t\t\t\t\t\t\t\t\t\t<div class=\"premium-blog-thumbnail-overlay\">\n\t\t\t\t\t\t\t\t<a class=\"elementor-icon\" href=\"https:\/\/trailforthjournal.com\/es\/agencia\/registro-operadores-turistico-ecuador\/\" target=\"_blank\"><\/a>\n\t\t\t\t\t\t\t<\/div>\n\n\t\t\t\t\t\t\t\t\t\t\t\t\t\t\t\t\t\t<\/div>\n\t\t\t\t\t\t\t\t\t\t\t\t<div class=\"premium-blog-content-wrapper \">\n\n\t\t\t\t\t<div class=\"premium-blog-inner-container\">\n\n\t\t\t\t\t\t\t\t\t\t\t\t\t\t<h1 class=\"premium-blog-entry-title\">\n\t\t\t<a href=\"https:\/\/trailforthjournal.com\/es\/agencia\/registro-operadores-turistico-ecuador\/\" target=\"_blank\">\n\t\t\t\tRegistro de Operadores Tur\u00edsticos Ecuador | \u00danete a Trail Forth Journal\t\t\t<\/a>\n\t\t<\/h1>\n\t\t\t\t<div class=\"premium-blog-entry-meta\">\n\t\t\t\n\t\t\t\n\t\t\t\n\t\t\t\t\t<\/div>\n\t\t\n\t\t\t\t\t<\/div>\n\n\t\t\t\t\t\t\t\t\t\t\n\t\t\t\t<\/div>\n\t\t\t<\/div>\n\t\t<\/div>\n\n\t\t\t\t<div class=\"premium-blog-post-outer-container\" data-total=\"2\">\n\t\t\t<div class=\"premium-blog-post-container premium-blog-skin-banner\">\n\t\t\t\t\t\t\t\t\t<div class=\"premium-blog-thumb-effect-wrapper\">\n\t\t\t\t\t\t<div class=\"premium-blog-thumbnail-container premium-blog-zoomin-effect\">\n\t\t\t\t\t\t\t<img loading=\"lazy\" decoding=\"async\" data-attachment-id=\"50444\" data-permalink=\"https:\/\/trailforthjournal.com\/es\/aventura\/avenida-de-los-volcanes-ecuador\/attachment\/avenida-de-los-volcances-tungurahua\/\" data-orig-file=\"https:\/\/i0.wp.com\/trailforthjournal.com\/es\/wp-content\/uploads\/sites\/4\/2026\/01\/avenida-de-los-volcances-tungurahua.webp?fit=1440%2C961&amp;ssl=1\" data-orig-size=\"1440,961\" data-comments-opened=\"0\" data-image-meta=\"{&quot;aperture&quot;:&quot;0&quot;,&quot;credit&quot;:&quot;&quot;,&quot;camera&quot;:&quot;&quot;,&quot;caption&quot;:&quot;&quot;,&quot;created_timestamp&quot;:&quot;0&quot;,&quot;copyright&quot;:&quot;&quot;,&quot;focal_length&quot;:&quot;0&quot;,&quot;iso&quot;:&quot;0&quot;,&quot;shutter_speed&quot;:&quot;0&quot;,&quot;title&quot;:&quot;&quot;,&quot;orientation&quot;:&quot;0&quot;}\" data-image-title=\"volcan-tungurahua-avenida-volcanes-ecuador-turismo\" data-image-description=\"&lt;p&gt;Fotograf\u00eda de paisaje del Volc\u00e1n Tungurahua al amanecer o atardecer. Se observa la cima con nieve, laderas escarpadas y un mar de nubes que cubre los valles, con vegetaci\u00f3n densa de bosque nublado en primer plano&lt;\/p&gt;\n\" data-image-caption=\"&lt;p&gt;Vista del Volc\u00e1n Tungurahua nevado con nubes bajas y bosque andino exuberante en la Avenida de los Volcanes, Ecuador&lt;\/p&gt;\n\" data-large-file=\"https:\/\/i0.wp.com\/trailforthjournal.com\/es\/wp-content\/uploads\/sites\/4\/2026\/01\/avenida-de-los-volcances-tungurahua.webp?fit=1024%2C683&amp;ssl=1\" width=\"1440\" height=\"961\" src=\"https:\/\/i0.wp.com\/trailforthjournal.com\/es\/wp-content\/uploads\/sites\/4\/2026\/01\/avenida-de-los-volcances-tungurahua.webp?fit=1440%2C961&amp;ssl=1\" class=\"attachment-full size-full wp-image-50444\" alt=\"Vista del Volc\u00e1n Tungurahua nevado con nubes bajas y bosque andino exuberante en la Avenida de los Volcanes, Ecuador\" data-attachment-id=\"50444\" data-permalink=\"https:\/\/trailforthjournal.com\/es\/aventura\/avenida-de-los-volcanes-ecuador\/attachment\/avenida-de-los-volcances-tungurahua\/\" data-orig-file=\"https:\/\/i0.wp.com\/trailforthjournal.com\/es\/wp-content\/uploads\/sites\/4\/2026\/01\/avenida-de-los-volcances-tungurahua.webp?fit=1440%2C961&amp;ssl=1\" data-orig-size=\"1440,961\" data-comments-opened=\"0\" data-image-meta=\"{&quot;aperture&quot;:&quot;0&quot;,&quot;credit&quot;:&quot;&quot;,&quot;camera&quot;:&quot;&quot;,&quot;caption&quot;:&quot;&quot;,&quot;created_timestamp&quot;:&quot;0&quot;,&quot;copyright&quot;:&quot;&quot;,&quot;focal_length&quot;:&quot;0&quot;,&quot;iso&quot;:&quot;0&quot;,&quot;shutter_speed&quot;:&quot;0&quot;,&quot;title&quot;:&quot;&quot;,&quot;orientation&quot;:&quot;0&quot;}\" data-image-title=\"volcan-tungurahua-avenida-volcanes-ecuador-turismo\" data-image-description=\"&lt;p&gt;Fotograf\u00eda de paisaje del Volc\u00e1n Tungurahua al amanecer o atardecer. Se observa la cima con nieve, laderas escarpadas y un mar de nubes que cubre los valles, con vegetaci\u00f3n densa de bosque nublado en primer plano&lt;\/p&gt;\n\" data-image-caption=\"&lt;p&gt;Vista del Volc\u00e1n Tungurahua nevado con nubes bajas y bosque andino exuberante en la Avenida de los Volcanes, Ecuador&lt;\/p&gt;\n\" data-large-file=\"https:\/\/i0.wp.com\/trailforthjournal.com\/es\/wp-content\/uploads\/sites\/4\/2026\/01\/avenida-de-los-volcances-tungurahua.webp?fit=1024%2C683&amp;ssl=1\" srcset=\"https:\/\/i0.wp.com\/trailforthjournal.com\/es\/wp-content\/uploads\/sites\/4\/2026\/01\/avenida-de-los-volcances-tungurahua.webp?w=1440&amp;ssl=1 1440w, https:\/\/i0.wp.com\/trailforthjournal.com\/es\/wp-content\/uploads\/sites\/4\/2026\/01\/avenida-de-los-volcances-tungurahua.webp?resize=300%2C200&amp;ssl=1 300w, https:\/\/i0.wp.com\/trailforthjournal.com\/es\/wp-content\/uploads\/sites\/4\/2026\/01\/avenida-de-los-volcances-tungurahua.webp?resize=1024%2C683&amp;ssl=1 1024w, https:\/\/i0.wp.com\/trailforthjournal.com\/es\/wp-content\/uploads\/sites\/4\/2026\/01\/avenida-de-los-volcances-tungurahua.webp?resize=768%2C513&amp;ssl=1 768w, https:\/\/i0.wp.com\/trailforthjournal.com\/es\/wp-content\/uploads\/sites\/4\/2026\/01\/avenida-de-los-volcances-tungurahua.webp?resize=75%2C50&amp;ssl=1 75w, https:\/\/i0.wp.com\/trailforthjournal.com\/es\/wp-content\/uploads\/sites\/4\/2026\/01\/avenida-de-los-volcances-tungurahua.webp?resize=600%2C400&amp;ssl=1 600w\" sizes=\"(max-width: 1032px) 100vw, 1032px\" \/>\t\t\t\t\t\t<\/div>\n\t\t\t\t\t\t\t\t\t\t\t\t\t<div class=\"premium-blog-thumbnail-overlay\">\n\t\t\t\t\t\t\t\t<a class=\"elementor-icon\" href=\"https:\/\/trailforthjournal.com\/es\/aventura\/avenida-de-los-volcanes-ecuador\/\" target=\"_blank\"><\/a>\n\t\t\t\t\t\t\t<\/div>\n\n\t\t\t\t\t\t\t\t\t\t\t\t\t\t\t\t\t\t<\/div>\n\t\t\t\t\t\t\t\t\t\t\t\t<div class=\"premium-blog-content-wrapper \">\n\n\t\t\t\t\t<div class=\"premium-blog-inner-container\">\n\n\t\t\t\t\t\t\t\t\t\t\t\t\t\t<h1 class=\"premium-blog-entry-title\">\n\t\t\t<a href=\"https:\/\/trailforthjournal.com\/es\/aventura\/avenida-de-los-volcanes-ecuador\/\" target=\"_blank\">\n\t\t\t\tGu\u00eda de la Avenida de los Volcanes en Ecuador: fotograf\u00eda y aventura\t\t\t<\/a>\n\t\t<\/h1>\n\t\t\t\t<div class=\"premium-blog-entry-meta\">\n\t\t\t\n\t\t\t\n\t\t\t\n\t\t\t\t\t<\/div>\n\t\t\n\t\t\t\t\t<\/div>\n\n\t\t\t\t\t\t\t\t\t\t\n\t\t\t\t<\/div>\n\t\t\t<\/div>\n\t\t<\/div>\n\n\t\t\t\t<div class=\"premium-blog-post-outer-container\" data-total=\"2\">\n\t\t\t<div class=\"premium-blog-post-container premium-blog-skin-banner\">\n\t\t\t\t\t\t\t\t\t<div class=\"premium-blog-thumb-effect-wrapper\">\n\t\t\t\t\t\t<div class=\"premium-blog-thumbnail-container premium-blog-zoomin-effect\">\n\t\t\t\t\t\t\t<img loading=\"lazy\" decoding=\"async\" data-attachment-id=\"50259\" data-permalink=\"https:\/\/trailforthjournal.com\/es\/ambiente\/guia-playas-ecuador\/attachment\/playas-de-ecuador\/\" data-orig-file=\"https:\/\/i0.wp.com\/trailforthjournal.com\/es\/wp-content\/uploads\/sites\/4\/2022\/11\/playas-de-ecuador.jpg?fit=1920%2C1440&amp;ssl=1\" data-orig-size=\"1920,1440\" data-comments-opened=\"0\" data-image-meta=\"{&quot;aperture&quot;:&quot;0&quot;,&quot;credit&quot;:&quot;&quot;,&quot;camera&quot;:&quot;&quot;,&quot;caption&quot;:&quot;&quot;,&quot;created_timestamp&quot;:&quot;0&quot;,&quot;copyright&quot;:&quot;&quot;,&quot;focal_length&quot;:&quot;0&quot;,&quot;iso&quot;:&quot;0&quot;,&quot;shutter_speed&quot;:&quot;0&quot;,&quot;title&quot;:&quot;&quot;,&quot;orientation&quot;:&quot;0&quot;}\" data-image-title=\"playas-de-ecuador\" data-image-description=\"\" data-image-caption=\"\" data-large-file=\"https:\/\/i0.wp.com\/trailforthjournal.com\/es\/wp-content\/uploads\/sites\/4\/2022\/11\/playas-de-ecuador.jpg?fit=1024%2C768&amp;ssl=1\" width=\"1920\" height=\"1440\" src=\"https:\/\/i0.wp.com\/trailforthjournal.com\/es\/wp-content\/uploads\/sites\/4\/2022\/11\/playas-de-ecuador.jpg?fit=1920%2C1440&amp;ssl=1\" class=\"attachment-full size-full wp-image-50259\" alt=\"\" data-attachment-id=\"50259\" data-permalink=\"https:\/\/trailforthjournal.com\/es\/ambiente\/guia-playas-ecuador\/attachment\/playas-de-ecuador\/\" data-orig-file=\"https:\/\/i0.wp.com\/trailforthjournal.com\/es\/wp-content\/uploads\/sites\/4\/2022\/11\/playas-de-ecuador.jpg?fit=1920%2C1440&amp;ssl=1\" data-orig-size=\"1920,1440\" data-comments-opened=\"0\" data-image-meta=\"{&quot;aperture&quot;:&quot;0&quot;,&quot;credit&quot;:&quot;&quot;,&quot;camera&quot;:&quot;&quot;,&quot;caption&quot;:&quot;&quot;,&quot;created_timestamp&quot;:&quot;0&quot;,&quot;copyright&quot;:&quot;&quot;,&quot;focal_length&quot;:&quot;0&quot;,&quot;iso&quot;:&quot;0&quot;,&quot;shutter_speed&quot;:&quot;0&quot;,&quot;title&quot;:&quot;&quot;,&quot;orientation&quot;:&quot;0&quot;}\" data-image-title=\"playas-de-ecuador\" data-image-description=\"\" data-image-caption=\"\" data-large-file=\"https:\/\/i0.wp.com\/trailforthjournal.com\/es\/wp-content\/uploads\/sites\/4\/2022\/11\/playas-de-ecuador.jpg?fit=1024%2C768&amp;ssl=1\" srcset=\"https:\/\/i0.wp.com\/trailforthjournal.com\/es\/wp-content\/uploads\/sites\/4\/2022\/11\/playas-de-ecuador.jpg?w=1920&amp;ssl=1 1920w, https:\/\/i0.wp.com\/trailforthjournal.com\/es\/wp-content\/uploads\/sites\/4\/2022\/11\/playas-de-ecuador.jpg?resize=300%2C225&amp;ssl=1 300w, https:\/\/i0.wp.com\/trailforthjournal.com\/es\/wp-content\/uploads\/sites\/4\/2022\/11\/playas-de-ecuador.jpg?resize=1024%2C768&amp;ssl=1 1024w, https:\/\/i0.wp.com\/trailforthjournal.com\/es\/wp-content\/uploads\/sites\/4\/2022\/11\/playas-de-ecuador.jpg?resize=768%2C576&amp;ssl=1 768w, https:\/\/i0.wp.com\/trailforthjournal.com\/es\/wp-content\/uploads\/sites\/4\/2022\/11\/playas-de-ecuador.jpg?resize=1536%2C1152&amp;ssl=1 1536w, https:\/\/i0.wp.com\/trailforthjournal.com\/es\/wp-content\/uploads\/sites\/4\/2022\/11\/playas-de-ecuador.jpg?resize=67%2C50&amp;ssl=1 67w, https:\/\/i0.wp.com\/trailforthjournal.com\/es\/wp-content\/uploads\/sites\/4\/2022\/11\/playas-de-ecuador.jpg?resize=600%2C450&amp;ssl=1 600w\" sizes=\"(max-width: 1032px) 100vw, 1032px\" \/>\t\t\t\t\t\t<\/div>\n\t\t\t\t\t\t\t\t\t\t\t\t\t<div class=\"premium-blog-thumbnail-overlay\">\n\t\t\t\t\t\t\t\t<a class=\"elementor-icon\" href=\"https:\/\/trailforthjournal.com\/es\/ambiente\/guia-playas-ecuador\/\" target=\"_blank\"><\/a>\n\t\t\t\t\t\t\t<\/div>\n\n\t\t\t\t\t\t\t\t\t\t\t\t\t\t\t\t\t\t<\/div>\n\t\t\t\t\t\t\t\t\t\t\t\t<div class=\"premium-blog-content-wrapper \">\n\n\t\t\t\t\t<div class=\"premium-blog-inner-container\">\n\n\t\t\t\t\t\t\t\t\t\t\t\t\t\t<h1 class=\"premium-blog-entry-title\">\n\t\t\t<a href=\"https:\/\/trailforthjournal.com\/es\/ambiente\/guia-playas-ecuador\/\" target=\"_blank\">\n\t\t\t\tGu\u00eda de las Mejores Playas de Ecuador: Un Recorrido por su Entorno Natural\t\t\t<\/a>\n\t\t<\/h1>\n\t\t\t\t<div class=\"premium-blog-entry-meta\">\n\t\t\t\n\t\t\t\n\t\t\t\n\t\t\t\t\t<\/div>\n\t\t\n\t\t\t\t\t<\/div>\n\n\t\t\t\t\t\t\t\t\t\t\n\t\t\t\t<\/div>\n\t\t\t<\/div>\n\t\t<\/div>\n\n\t\t\t\t<div class=\"premium-blog-post-outer-container\" data-total=\"2\">\n\t\t\t<div class=\"premium-blog-post-container premium-blog-skin-banner\">\n\t\t\t\t\t\t\t\t\t<div class=\"premium-blog-thumb-effect-wrapper\">\n\t\t\t\t\t\t<div class=\"premium-blog-thumbnail-container premium-blog-zoomin-effect\">\n\t\t\t\t\t\t\t<img loading=\"lazy\" decoding=\"async\" data-attachment-id=\"12969\" data-permalink=\"https:\/\/trailforthjournal.com\/es\/ambiente\/reglas-imba-ciclismo-montana-ecuador\/attachment\/img_3304\/\" data-orig-file=\"https:\/\/i0.wp.com\/trailforthjournal.com\/es\/wp-content\/uploads\/sites\/4\/2022\/08\/IMG_3304.jpg?fit=1920%2C1280&amp;ssl=1\" data-orig-size=\"1920,1280\" data-comments-opened=\"0\" data-image-meta=\"{&quot;aperture&quot;:&quot;0&quot;,&quot;credit&quot;:&quot;&quot;,&quot;camera&quot;:&quot;&quot;,&quot;caption&quot;:&quot;&quot;,&quot;created_timestamp&quot;:&quot;0&quot;,&quot;copyright&quot;:&quot;&quot;,&quot;focal_length&quot;:&quot;0&quot;,&quot;iso&quot;:&quot;0&quot;,&quot;shutter_speed&quot;:&quot;0&quot;,&quot;title&quot;:&quot;&quot;,&quot;orientation&quot;:&quot;1&quot;}\" data-image-title=\"Reglas del camino, IMBA\" data-image-description=\"&lt;p&gt;Reglas del camino, IMBA&lt;\/p&gt;\n\" data-image-caption=\"&lt;p&gt;Reglas del camino, IMBA&lt;\/p&gt;\n\" data-large-file=\"https:\/\/i0.wp.com\/trailforthjournal.com\/es\/wp-content\/uploads\/sites\/4\/2022\/08\/IMG_3304.jpg?fit=1024%2C683&amp;ssl=1\" width=\"1920\" height=\"1280\" src=\"https:\/\/i0.wp.com\/trailforthjournal.com\/es\/wp-content\/uploads\/sites\/4\/2022\/08\/IMG_3304.jpg?fit=1920%2C1280&amp;ssl=1\" class=\"attachment-full size-full wp-image-12969\" alt=\"Reglas del camino, IMBA\" data-attachment-id=\"12969\" data-permalink=\"https:\/\/trailforthjournal.com\/es\/ambiente\/reglas-imba-ciclismo-montana-ecuador\/attachment\/img_3304\/\" data-orig-file=\"https:\/\/i0.wp.com\/trailforthjournal.com\/es\/wp-content\/uploads\/sites\/4\/2022\/08\/IMG_3304.jpg?fit=1920%2C1280&amp;ssl=1\" data-orig-size=\"1920,1280\" data-comments-opened=\"0\" data-image-meta=\"{&quot;aperture&quot;:&quot;0&quot;,&quot;credit&quot;:&quot;&quot;,&quot;camera&quot;:&quot;&quot;,&quot;caption&quot;:&quot;&quot;,&quot;created_timestamp&quot;:&quot;0&quot;,&quot;copyright&quot;:&quot;&quot;,&quot;focal_length&quot;:&quot;0&quot;,&quot;iso&quot;:&quot;0&quot;,&quot;shutter_speed&quot;:&quot;0&quot;,&quot;title&quot;:&quot;&quot;,&quot;orientation&quot;:&quot;1&quot;}\" data-image-title=\"Reglas del camino, IMBA\" data-image-description=\"&lt;p&gt;Reglas del camino, IMBA&lt;\/p&gt;\n\" data-image-caption=\"&lt;p&gt;Reglas del camino, IMBA&lt;\/p&gt;\n\" data-large-file=\"https:\/\/i0.wp.com\/trailforthjournal.com\/es\/wp-content\/uploads\/sites\/4\/2022\/08\/IMG_3304.jpg?fit=1024%2C683&amp;ssl=1\" srcset=\"https:\/\/i0.wp.com\/trailforthjournal.com\/es\/wp-content\/uploads\/sites\/4\/2022\/08\/IMG_3304.jpg?w=1920&amp;ssl=1 1920w, https:\/\/i0.wp.com\/trailforthjournal.com\/es\/wp-content\/uploads\/sites\/4\/2022\/08\/IMG_3304.jpg?resize=300%2C200&amp;ssl=1 300w, https:\/\/i0.wp.com\/trailforthjournal.com\/es\/wp-content\/uploads\/sites\/4\/2022\/08\/IMG_3304.jpg?resize=1024%2C683&amp;ssl=1 1024w, https:\/\/i0.wp.com\/trailforthjournal.com\/es\/wp-content\/uploads\/sites\/4\/2022\/08\/IMG_3304.jpg?resize=768%2C512&amp;ssl=1 768w, https:\/\/i0.wp.com\/trailforthjournal.com\/es\/wp-content\/uploads\/sites\/4\/2022\/08\/IMG_3304.jpg?resize=1536%2C1024&amp;ssl=1 1536w, https:\/\/i0.wp.com\/trailforthjournal.com\/es\/wp-content\/uploads\/sites\/4\/2022\/08\/IMG_3304.jpg?resize=225%2C150&amp;ssl=1 225w\" sizes=\"(max-width: 1032px) 100vw, 1032px\" \/>\t\t\t\t\t\t<\/div>\n\t\t\t\t\t\t\t\t\t\t\t\t\t<div class=\"premium-blog-thumbnail-overlay\">\n\t\t\t\t\t\t\t\t<a class=\"elementor-icon\" href=\"https:\/\/trailforthjournal.com\/es\/ambiente\/reglas-imba-ciclismo-montana-ecuador\/\" target=\"_blank\"><\/a>\n\t\t\t\t\t\t\t<\/div>\n\n\t\t\t\t\t\t\t\t\t\t\t\t\t\t\t\t\t\t<\/div>\n\t\t\t\t\t\t\t\t\t\t\t\t<div class=\"premium-blog-content-wrapper \">\n\n\t\t\t\t\t<div class=\"premium-blog-inner-container\">\n\n\t\t\t\t\t\t\t\t\t\t\t\t\t\t<h1 class=\"premium-blog-entry-title\">\n\t\t\t<a href=\"https:\/\/trailforthjournal.com\/es\/ambiente\/reglas-imba-ciclismo-montana-ecuador\/\" target=\"_blank\">\n\t\t\t\tReglas IMBA en Ecuador: La Gu\u00eda \u00c9tica del Ciclismo de Monta\u00f1a Responsable\t\t\t<\/a>\n\t\t<\/h1>\n\t\t\t\t<div class=\"premium-blog-entry-meta\">\n\t\t\t\n\t\t\t\n\t\t\t\n\t\t\t\t\t<\/div>\n\t\t\n\t\t\t\t\t<\/div>\n\n\t\t\t\t\t\t\t\t\t\t\n\t\t\t\t<\/div>\n\t\t\t<\/div>\n\t\t<\/div>\n\n\t\t\t\t\t\t\t<\/div>\n\n\t\t\n\t\t\n\t\t\t\t\t\t<\/div>\n\t\t\t\t<\/div>\n\t\t\t\t\t<\/div>\n\t\t<\/div>\n\t\t\t\t\t<\/div>\n\t\t<\/section>\n\t\t\t\t<\/div>\n\t\t","protected":false},"excerpt":{"rendered":"<p>El Hemiciclo de la Rotonda revive la reuni\u00f3n de Bol\u00edvar y San Mart\u00edn. Un momento hist\u00f3rico grabado en este monumento ic\u00f3nico de Guayaquil.<\/p>\n","protected":false},"author":1,"featured_media":27081,"comment_status":"closed","ping_status":"closed","sticky":false,"template":"elementor_header_footer","format":"standard","meta":{"_acf_changed":false,"jetpack_post_was_ever_published":false,"_jetpack_newsletter_access":"","_jetpack_dont_email_post_to_subs":false,"_jetpack_newsletter_tier_id":0,"_jetpack_memberships_contains_paywalled_content":false,"_jetpack_memberships_contains_paid_content":false,"footnotes":""},"categories":[18,32],"tags":[20,179],"class_list":["post-9740","post","type-post","status-publish","format-standard","has-post-thumbnail","hentry","category-cultura","category-lugar-emblematico","tag-costa","tag-santiago-de-guayaquil"],"acf":[],"yoast_head":"<!-- This site is optimized with the Yoast SEO Premium plugin v22.0 (Yoast SEO v27.4) - https:\/\/yoast.com\/product\/yoast-seo-premium-wordpress\/ -->\n<title>Hemiciclo de La Rotonda en Guayaquil: historia y encuentro de Bol\u00edvar y San Mart\u00edn &#8212; Trail Forth Journal<\/title>\n<meta name=\"description\" content=\"El Hemiciclo de la Rotonda revive la reuni\u00f3n de Bol\u00edvar y San Mart\u00edn. Un momento hist\u00f3rico grabado en este monumento ic\u00f3nico de Guayaquil.\" \/>\n<meta name=\"robots\" content=\"index, follow, max-snippet:-1, max-image-preview:large, max-video-preview:-1\" \/>\n<link rel=\"canonical\" href=\"https:\/\/trailforthjournal.com\/es\/cultura\/la-rotonda-guayaquil\/\" \/>\n<meta property=\"og:locale\" content=\"es_ES\" \/>\n<meta property=\"og:type\" content=\"article\" \/>\n<meta property=\"og:title\" content=\"Hemiciclo de La Rotonda en Guayaquil: historia y encuentro de Bol\u00edvar y San Mart\u00edn &#8212; Trail Forth Journal\" \/>\n<meta property=\"og:description\" content=\"El Hemiciclo de la Rotonda revive la reuni\u00f3n de Bol\u00edvar y San Mart\u00edn. Un momento hist\u00f3rico grabado en este monumento ic\u00f3nico de Guayaquil.\" \/>\n<meta property=\"og:url\" content=\"https:\/\/trailforthjournal.com\/es\/cultura\/la-rotonda-guayaquil\/\" \/>\n<meta property=\"og:site_name\" content=\"Trail Forth Journal\" \/>\n<meta property=\"article:publisher\" content=\"https:\/\/www.facebook.com\/trailforth\" \/>\n<meta property=\"article:published_time\" content=\"2022-05-30T04:36:19+00:00\" \/>\n<meta property=\"article:modified_time\" content=\"2026-04-24T02:20:47+00:00\" \/>\n<meta property=\"og:image\" content=\"https:\/\/trailforthjournal.com\/es\/wp-content\/uploads\/sites\/4\/2023\/10\/WP_006754-2-scaled.jpg\" \/>\n\t<meta property=\"og:image:width\" content=\"2560\" \/>\n\t<meta property=\"og:image:height\" content=\"1920\" \/>\n\t<meta property=\"og:image:type\" content=\"image\/jpeg\" \/>\n<meta name=\"author\" content=\"jairocabrera\" \/>\n<meta name=\"twitter:card\" content=\"summary_large_image\" \/>\n<meta name=\"twitter:title\" content=\"Hemiciclo de La Rotonda en Guayaquil: historia y encuentro de Bol\u00edvar y San Mart\u00edn &#8212; Trail Forth Journal\" \/>\n<meta name=\"twitter:description\" content=\"El Hemiciclo de la Rotonda revive la reuni\u00f3n de Bol\u00edvar y San Mart\u00edn. Un momento hist\u00f3rico grabado en este monumento ic\u00f3nico de Guayaquil.\" \/>\n<meta name=\"twitter:creator\" content=\"@trailforth\" \/>\n<meta name=\"twitter:site\" content=\"@trailforth\" \/>\n<meta name=\"twitter:label1\" content=\"Escrito por\" \/>\n\t<meta name=\"twitter:data1\" content=\"jairocabrera\" \/>\n\t<meta name=\"twitter:label2\" content=\"Tiempo de lectura\" \/>\n\t<meta name=\"twitter:data2\" content=\"8 minutos\" \/>\n<!-- \/ Yoast SEO Premium plugin. -->","yoast_head_json":{"title":"Hemiciclo de La Rotonda en Guayaquil: historia y encuentro de Bol\u00edvar y San Mart\u00edn &#8212; Trail Forth Journal","description":"El Hemiciclo de la Rotonda revive la reuni\u00f3n de Bol\u00edvar y San Mart\u00edn. Un momento hist\u00f3rico grabado en este monumento ic\u00f3nico de Guayaquil.","robots":{"index":"index","follow":"follow","max-snippet":"max-snippet:-1","max-image-preview":"max-image-preview:large","max-video-preview":"max-video-preview:-1"},"canonical":"https:\/\/trailforthjournal.com\/es\/cultura\/la-rotonda-guayaquil\/","og_locale":"es_ES","og_type":"article","og_title":"Hemiciclo de La Rotonda en Guayaquil: historia y encuentro de Bol\u00edvar y San Mart\u00edn &#8212; Trail Forth Journal","og_description":"El Hemiciclo de la Rotonda revive la reuni\u00f3n de Bol\u00edvar y San Mart\u00edn. Un momento hist\u00f3rico grabado en este monumento ic\u00f3nico de Guayaquil.","og_url":"https:\/\/trailforthjournal.com\/es\/cultura\/la-rotonda-guayaquil\/","og_site_name":"Trail Forth Journal","article_publisher":"https:\/\/www.facebook.com\/trailforth","article_published_time":"2022-05-30T04:36:19+00:00","article_modified_time":"2026-04-24T02:20:47+00:00","og_image":[{"width":2560,"height":1920,"url":"https:\/\/trailforthjournal.com\/es\/wp-content\/uploads\/sites\/4\/2023\/10\/WP_006754-2-scaled.jpg","type":"image\/jpeg"}],"author":"jairocabrera","twitter_card":"summary_large_image","twitter_title":"Hemiciclo de La Rotonda en Guayaquil: historia y encuentro de Bol\u00edvar y San Mart\u00edn &#8212; Trail Forth Journal","twitter_description":"El Hemiciclo de la Rotonda revive la reuni\u00f3n de Bol\u00edvar y San Mart\u00edn. Un momento hist\u00f3rico grabado en este monumento ic\u00f3nico de Guayaquil.","twitter_creator":"@trailforth","twitter_site":"@trailforth","twitter_misc":{"Escrito por":"jairocabrera","Tiempo de lectura":"8 minutos"},"schema":{"@context":"https:\/\/schema.org","@graph":[{"@type":"Article","@id":"https:\/\/trailforthjournal.com\/es\/cultura\/la-rotonda-guayaquil\/#article","isPartOf":{"@id":"https:\/\/trailforthjournal.com\/es\/cultura\/la-rotonda-guayaquil\/"},"author":{"name":"jairocabrera","@id":"https:\/\/trailforthjournal.com\/es\/#\/schema\/person\/c38e1195d2fbb77206faaef3a81d4dad"},"headline":"Hemiciclo de La Rotonda en Guayaquil: historia y encuentro de Bol\u00edvar y San Mart\u00edn","datePublished":"2022-05-30T04:36:19+00:00","dateModified":"2026-04-24T02:20:47+00:00","mainEntityOfPage":{"@id":"https:\/\/trailforthjournal.com\/es\/cultura\/la-rotonda-guayaquil\/"},"wordCount":749,"publisher":{"@id":"https:\/\/trailforthjournal.com\/es\/#organization"},"image":{"@id":"https:\/\/trailforthjournal.com\/es\/cultura\/la-rotonda-guayaquil\/#primaryimage"},"thumbnailUrl":"https:\/\/i0.wp.com\/trailforthjournal.com\/es\/wp-content\/uploads\/sites\/4\/2023\/10\/WP_006754-2-scaled.jpg?fit=2560%2C1920&ssl=1","keywords":["Costa","Santiago de Guayaquil"],"articleSection":["Cultura","Lugar Emblem\u00e1tico"],"inLanguage":"es"},{"@type":"WebPage","@id":"https:\/\/trailforthjournal.com\/es\/cultura\/la-rotonda-guayaquil\/","url":"https:\/\/trailforthjournal.com\/es\/cultura\/la-rotonda-guayaquil\/","name":"Hemiciclo de La Rotonda en Guayaquil: historia y encuentro de Bol\u00edvar y San Mart\u00edn &#8212; Trail Forth Journal","isPartOf":{"@id":"https:\/\/trailforthjournal.com\/es\/#website"},"primaryImageOfPage":{"@id":"https:\/\/trailforthjournal.com\/es\/cultura\/la-rotonda-guayaquil\/#primaryimage"},"image":{"@id":"https:\/\/trailforthjournal.com\/es\/cultura\/la-rotonda-guayaquil\/#primaryimage"},"thumbnailUrl":"https:\/\/i0.wp.com\/trailforthjournal.com\/es\/wp-content\/uploads\/sites\/4\/2023\/10\/WP_006754-2-scaled.jpg?fit=2560%2C1920&ssl=1","datePublished":"2022-05-30T04:36:19+00:00","dateModified":"2026-04-24T02:20:47+00:00","description":"El Hemiciclo de la Rotonda revive la reuni\u00f3n de Bol\u00edvar y San Mart\u00edn. Un momento hist\u00f3rico grabado en este monumento ic\u00f3nico de Guayaquil.","breadcrumb":{"@id":"https:\/\/trailforthjournal.com\/es\/cultura\/la-rotonda-guayaquil\/#breadcrumb"},"inLanguage":"es","potentialAction":[{"@type":"ReadAction","target":["https:\/\/trailforthjournal.com\/es\/cultura\/la-rotonda-guayaquil\/"]}]},{"@type":"ImageObject","inLanguage":"es","@id":"https:\/\/trailforthjournal.com\/es\/cultura\/la-rotonda-guayaquil\/#primaryimage","url":"https:\/\/i0.wp.com\/trailforthjournal.com\/es\/wp-content\/uploads\/sites\/4\/2023\/10\/WP_006754-2-scaled.jpg?fit=2560%2C1920&ssl=1","contentUrl":"https:\/\/i0.wp.com\/trailforthjournal.com\/es\/wp-content\/uploads\/sites\/4\/2023\/10\/WP_006754-2-scaled.jpg?fit=2560%2C1920&ssl=1","width":2560,"height":1920,"caption":"El Hemiciclo de la Rotonda conmemora el hist\u00f3rico encuentro entre Bol\u00edvar y San Mart\u00edn en Guayaquil."},{"@type":"BreadcrumbList","@id":"https:\/\/trailforthjournal.com\/es\/cultura\/la-rotonda-guayaquil\/#breadcrumb","itemListElement":[{"@type":"ListItem","position":1,"name":"Portada","item":"https:\/\/trailforthjournal.com\/es\/"},{"@type":"ListItem","position":2,"name":"Hemiciclo de La Rotonda en Guayaquil: historia y encuentro de Bol\u00edvar y San Mart\u00edn"}]},{"@type":"WebSite","@id":"https:\/\/trailforthjournal.com\/es\/#website","url":"https:\/\/trailforthjournal.com\/es\/","name":"Trail Forth Journal","description":"Make Life a Journey","publisher":{"@id":"https:\/\/trailforthjournal.com\/es\/#organization"},"alternateName":"Trail Forth Journal Espa\u00f1ol","potentialAction":[{"@type":"SearchAction","target":{"@type":"EntryPoint","urlTemplate":"https:\/\/trailforthjournal.com\/es\/?s={search_term_string}"},"query-input":{"@type":"PropertyValueSpecification","valueRequired":true,"valueName":"search_term_string"}}],"inLanguage":"es"},{"@type":["Organization","Place"],"@id":"https:\/\/trailforthjournal.com\/es\/#organization","name":"Trail Forth Journal","alternateName":"Trail Forth Journal Espa\u00f1ol","url":"https:\/\/trailforthjournal.com\/es\/","logo":{"@type":"ImageObject","inLanguage":"es","@id":"https:\/\/trailforthjournal.com\/es\/#\/schema\/logo\/image\/","url":"https:\/\/trailforthjournal.com\/es\/wp-content\/uploads\/sites\/4\/2022\/01\/Trail-Forth-Journal-PNG.png","contentUrl":"https:\/\/trailforthjournal.com\/es\/wp-content\/uploads\/sites\/4\/2022\/01\/Trail-Forth-Journal-PNG.png","width":2629,"height":2629,"caption":"Trail Forth Journal"},"image":{"@id":"https:\/\/trailforthjournal.com\/es\/#\/schema\/logo\/image\/"},"sameAs":["https:\/\/www.facebook.com\/trailforth","https:\/\/x.com\/trailforth","https:\/\/www.instagram.com\/trailforth\/"],"mainEntityOfPage":{"@id":"https:\/\/trailforthjournal.com\/es\/cultura\/la-rotonda-guayaquil\/"}},{"@type":"Person","@id":"https:\/\/trailforthjournal.com\/es\/#\/schema\/person\/c38e1195d2fbb77206faaef3a81d4dad","name":"jairocabrera","image":{"@type":"ImageObject","inLanguage":"es","@id":"https:\/\/secure.gravatar.com\/avatar\/56722a61efc14e69ef47b9fbbb54f81138a4e882a78e644b52a4d66d41edcfc5?s=96&d=mm&r=g","url":"https:\/\/secure.gravatar.com\/avatar\/56722a61efc14e69ef47b9fbbb54f81138a4e882a78e644b52a4d66d41edcfc5?s=96&d=mm&r=g","contentUrl":"https:\/\/secure.gravatar.com\/avatar\/56722a61efc14e69ef47b9fbbb54f81138a4e882a78e644b52a4d66d41edcfc5?s=96&d=mm&r=g","caption":"jairocabrera"},"sameAs":["http:\/\/trailforthjournal.com"]}]}},"jetpack_featured_media_url":"https:\/\/i0.wp.com\/trailforthjournal.com\/es\/wp-content\/uploads\/sites\/4\/2023\/10\/WP_006754-2-scaled.jpg?fit=2560%2C1920&ssl=1","jetpack_shortlink":"https:\/\/wp.me\/pdrACa-2x6","jetpack_sharing_enabled":true,"_links":{"self":[{"href":"https:\/\/trailforthjournal.com\/es\/wp-json\/wp\/v2\/posts\/9740","targetHints":{"allow":["GET"]}}],"collection":[{"href":"https:\/\/trailforthjournal.com\/es\/wp-json\/wp\/v2\/posts"}],"about":[{"href":"https:\/\/trailforthjournal.com\/es\/wp-json\/wp\/v2\/types\/post"}],"author":[{"embeddable":true,"href":"https:\/\/trailforthjournal.com\/es\/wp-json\/wp\/v2\/users\/1"}],"replies":[{"embeddable":true,"href":"https:\/\/trailforthjournal.com\/es\/wp-json\/wp\/v2\/comments?post=9740"}],"version-history":[{"count":0,"href":"https:\/\/trailforthjournal.com\/es\/wp-json\/wp\/v2\/posts\/9740\/revisions"}],"wp:featuredmedia":[{"embeddable":true,"href":"https:\/\/trailforthjournal.com\/es\/wp-json\/wp\/v2\/media\/27081"}],"wp:attachment":[{"href":"https:\/\/trailforthjournal.com\/es\/wp-json\/wp\/v2\/media?parent=9740"}],"wp:term":[{"taxonomy":"category","embeddable":true,"href":"https:\/\/trailforthjournal.com\/es\/wp-json\/wp\/v2\/categories?post=9740"},{"taxonomy":"post_tag","embeddable":true,"href":"https:\/\/trailforthjournal.com\/es\/wp-json\/wp\/v2\/tags?post=9740"}],"curies":[{"name":"wp","href":"https:\/\/api.w.org\/{rel}","templated":true}]}}