{"id":9701,"date":"2022-05-29T11:50:31","date_gmt":"2022-05-29T16:50:31","guid":{"rendered":"https:\/\/trailforthjournal.com\/es\/?p=9701"},"modified":"2026-04-21T23:59:49","modified_gmt":"2026-04-22T04:59:49","slug":"museo-nahim-isaias-guayaquil","status":"publish","type":"post","link":"https:\/\/trailforthjournal.com\/es\/cultura\/museo-nahim-isaias-guayaquil\/","title":{"rendered":"Museo Nah\u00edm Isa\u00edas Barquet: Arte y Colecciones Hist\u00f3ricas en Guayaquil"},"content":{"rendered":"\t\t<div data-elementor-type=\"wp-post\" data-elementor-id=\"9701\" class=\"elementor elementor-9701\" data-elementor-post-type=\"post\">\n\t\t\t\t\t\t<section class=\"elementor-section elementor-top-section elementor-element elementor-element-2a085c9 elementor-section-full_width elementor-section-height-default elementor-section-height-default wpr-particle-no wpr-jarallax-no wpr-parallax-no wpr-sticky-section-no wpr-equal-height-no\" data-id=\"2a085c9\" data-element_type=\"section\" data-e-type=\"section\">\n\t\t\t\t\t\t<div class=\"elementor-container elementor-column-gap-no\">\n\t\t\t\t\t<div class=\"elementor-column elementor-col-100 elementor-top-column elementor-element elementor-element-5fce6ba\" data-id=\"5fce6ba\" data-element_type=\"column\" data-e-type=\"column\">\n\t\t\t<div class=\"elementor-widget-wrap elementor-element-populated\">\n\t\t\t\t\t\t<div class=\"elementor-element elementor-element-494bbc7 elementor-widget elementor-widget-shortcode\" data-id=\"494bbc7\" data-element_type=\"widget\" data-e-type=\"widget\" data-widget_type=\"shortcode.default\">\n\t\t\t\t<div class=\"elementor-widget-container\">\n\t\t\t\t\t\t\t<div class=\"elementor-shortcode\">You do not have permission to view this post.<\/div>\n\t\t\t\t\t\t<\/div>\n\t\t\t\t<\/div>\n\t\t\t\t\t<\/div>\n\t\t<\/div>\n\t\t\t\t\t<\/div>\n\t\t<\/section>\n\t\t\t\t<section class=\"elementor-section elementor-top-section elementor-element elementor-element-66e3ac0 elementor-section-boxed elementor-section-height-default elementor-section-height-default wpr-particle-no wpr-jarallax-no wpr-parallax-no wpr-sticky-section-no wpr-equal-height-no\" data-id=\"66e3ac0\" data-element_type=\"section\" data-e-type=\"section\">\n\t\t\t\t\t\t<div class=\"elementor-container elementor-column-gap-default\">\n\t\t\t\t\t<div class=\"elementor-column elementor-col-100 elementor-top-column elementor-element elementor-element-db07074\" data-id=\"db07074\" data-element_type=\"column\" data-e-type=\"column\">\n\t\t\t<div class=\"elementor-widget-wrap elementor-element-populated\">\n\t\t\t\t\t\t<div class=\"elementor-element elementor-element-03c2a57 elementor-widget elementor-widget-spacer\" data-id=\"03c2a57\" data-element_type=\"widget\" data-e-type=\"widget\" data-widget_type=\"spacer.default\">\n\t\t\t\t<div class=\"elementor-widget-container\">\n\t\t\t\t\t\t\t<div class=\"elementor-spacer\">\n\t\t\t<div class=\"elementor-spacer-inner\"><\/div>\n\t\t<\/div>\n\t\t\t\t\t\t<\/div>\n\t\t\t\t<\/div>\n\t\t\t\t\t<\/div>\n\t\t<\/div>\n\t\t\t\t\t<\/div>\n\t\t<\/section>\n\t\t\t\t<section class=\"elementor-section elementor-top-section elementor-element elementor-element-cb1e9a8 elementor-section-height-min-height elementor-section-boxed elementor-section-height-default elementor-section-items-middle wpr-sticky-section-no wpr-equal-height-no\" data-id=\"cb1e9a8\" data-element_type=\"section\" data-e-type=\"section\" data-settings=\"{&quot;background_background&quot;:&quot;video&quot;,&quot;background_video_link&quot;:&quot;https:\\\/\\\/youtu.be\\\/w_ulYDF6eVg&quot;,&quot;background_play_on_mobile&quot;:&quot;yes&quot;,&quot;shape_divider_top&quot;:&quot;triangle-asymmetrical&quot;,&quot;shape_divider_bottom&quot;:&quot;triangle-asymmetrical&quot;}\">\n\t\t\t\t\t\t\t\t<div class=\"elementor-background-video-container\">\n\t\t\t\t\t\t\t\t\t\t\t\t\t<div class=\"elementor-background-video-embed\" role=\"presentation\"><\/div>\n\t\t\t\t\t\t\t\t\t\t\t\t<\/div>\n\t\t\t\t\t\t\t\t\t<div class=\"elementor-background-overlay\"><\/div>\n\t\t\t\t\t\t<div class=\"elementor-shape elementor-shape-top\" aria-hidden=\"true\" data-negative=\"false\">\n\t\t\t<svg xmlns=\"http:\/\/www.w3.org\/2000\/svg\" viewBox=\"0 0 1000 100\" preserveAspectRatio=\"none\">\n\t<path class=\"elementor-shape-fill\" d=\"M738,99l262-93V0H0v5.6L738,99z\"\/>\n<\/svg>\t\t<\/div>\n\t\t\t\t<div class=\"elementor-shape elementor-shape-bottom\" aria-hidden=\"true\" data-negative=\"false\">\n\t\t\t<svg xmlns=\"http:\/\/www.w3.org\/2000\/svg\" viewBox=\"0 0 1000 100\" preserveAspectRatio=\"none\">\n\t<path class=\"elementor-shape-fill\" d=\"M738,99l262-93V0H0v5.6L738,99z\"\/>\n<\/svg>\t\t<\/div>\n\t\t\t\t\t<div class=\"elementor-container elementor-column-gap-default\">\n\t\t\t\t\t<div class=\"elementor-column elementor-col-100 elementor-top-column elementor-element elementor-element-5678522\" data-id=\"5678522\" data-element_type=\"column\" data-e-type=\"column\" data-settings=\"{&quot;background_background&quot;:&quot;classic&quot;}\">\n\t\t\t<div class=\"elementor-widget-wrap elementor-element-populated\">\n\t\t\t\t\t<div class=\"elementor-background-overlay\"><\/div>\n\t\t\t\t\t\t<div class=\"elementor-element elementor-element-7d8657d elementor-widget elementor-widget-heading\" data-id=\"7d8657d\" data-element_type=\"widget\" data-e-type=\"widget\" data-widget_type=\"heading.default\">\n\t\t\t\t<div class=\"elementor-widget-container\">\n\t\t\t\t\t<h1 class=\"elementor-heading-title elementor-size-default\">Museo Nah\u00edm Isa\u00edas<\/h1>\t\t\t\t<\/div>\n\t\t\t\t<\/div>\n\t\t\t\t<div class=\"elementor-element elementor-element-3d29db1 elementor-widget-divider--view-line elementor-invisible elementor-widget elementor-widget-divider\" data-id=\"3d29db1\" data-element_type=\"widget\" data-e-type=\"widget\" data-settings=\"{&quot;_animation&quot;:&quot;fadeInUp&quot;}\" data-widget_type=\"divider.default\">\n\t\t\t\t<div class=\"elementor-widget-container\">\n\t\t\t\t\t\t\t<div class=\"elementor-divider\">\n\t\t\t<span class=\"elementor-divider-separator\">\n\t\t\t\t\t\t<\/span>\n\t\t<\/div>\n\t\t\t\t\t\t<\/div>\n\t\t\t\t<\/div>\n\t\t\t\t\t<\/div>\n\t\t<\/div>\n\t\t\t\t\t<\/div>\n\t\t<\/section>\n\t\t\t\t<section class=\"elementor-section elementor-top-section elementor-element elementor-element-2504680 elementor-section-boxed elementor-section-height-default elementor-section-height-default wpr-particle-no wpr-jarallax-no wpr-parallax-no wpr-sticky-section-no wpr-equal-height-no\" data-id=\"2504680\" data-element_type=\"section\" data-e-type=\"section\">\n\t\t\t\t\t\t<div class=\"elementor-container elementor-column-gap-default\">\n\t\t\t\t\t<div class=\"elementor-column elementor-col-100 elementor-top-column elementor-element elementor-element-c55a1a5\" data-id=\"c55a1a5\" data-element_type=\"column\" data-e-type=\"column\">\n\t\t\t<div class=\"elementor-widget-wrap elementor-element-populated\">\n\t\t\t\t\t\t<div class=\"elementor-element elementor-element-c029da4 pa-icon-pos-after premium-lq__none elementor-widget elementor-widget-premium-addon-button\" data-id=\"c029da4\" data-element_type=\"widget\" data-e-type=\"widget\" data-widget_type=\"premium-addon-button.default\">\n\t\t\t\t<div class=\"elementor-widget-container\">\n\t\t\t\t\t\n\n\t\t<a class=\"premium-button premium-button-style6 premium-btn-sm premium-button-style6\" href=\"https:\/\/trailforthjournal.com\/en\/culture\/nahim-isaias-museum\/\">\n\t\t\t<div class=\"premium-button-text-icon-wrapper\">\n\t\t\t\t\n\t\t\t\t\t\t\t\t\t\t\t\t\t\t\t\t\t\t<svg class=\"svg-inline--fas-fa-chevron-right premium-drawable-icon premium-svg-nodraw\" aria-hidden='true' xmlns='http:\/\/www.w3.org\/2000\/svg' viewBox='0 0 320 512'><path d=\"M285.476 272.971L91.132 467.314c-9.373 9.373-24.569 9.373-33.941 0l-22.667-22.667c-9.357-9.357-9.375-24.522-.04-33.901L188.505 256 34.484 101.255c-9.335-9.379-9.317-24.544.04-33.901l22.667-22.667c9.373-9.373 24.569-9.373 33.941 0L285.475 239.03c9.373 9.372 9.373 24.568.001 33.941z\"><\/path><\/svg>\t\t\t\t\t\t\t\t\t\t\t\t\t\t\t\n\t\t\t\t\t\t\t\t\t<span >\n\t\t\t\t\t\tEnglish\t\t\t\t\t<\/span>\n\t\t\t\t\t\t\t<\/div>\n\n\t\t\t\n\t\t\t\n\t\t\t\n\t\t<\/a>\n\n\n\t\t\t\t\t\t<\/div>\n\t\t\t\t<\/div>\n\t\t\t\t\t<\/div>\n\t\t<\/div>\n\t\t\t\t\t<\/div>\n\t\t<\/section>\n\t\t\t\t<section class=\"elementor-section elementor-top-section elementor-element elementor-element-a05d05d elementor-section-boxed elementor-section-height-default elementor-section-height-default wpr-particle-no wpr-jarallax-no wpr-parallax-no wpr-sticky-section-no wpr-equal-height-no\" data-id=\"a05d05d\" data-element_type=\"section\" data-e-type=\"section\">\n\t\t\t\t\t\t<div class=\"elementor-container elementor-column-gap-default\">\n\t\t\t\t\t<div class=\"elementor-column elementor-col-100 elementor-top-column elementor-element elementor-element-36be115\" data-id=\"36be115\" data-element_type=\"column\" data-e-type=\"column\">\n\t\t\t<div class=\"elementor-widget-wrap elementor-element-populated\">\n\t\t\t\t\t\t<div class=\"elementor-element elementor-element-be6fbde elementor-widget elementor-widget-spacer\" data-id=\"be6fbde\" data-element_type=\"widget\" data-e-type=\"widget\" data-widget_type=\"spacer.default\">\n\t\t\t\t<div class=\"elementor-widget-container\">\n\t\t\t\t\t\t\t<div class=\"elementor-spacer\">\n\t\t\t<div class=\"elementor-spacer-inner\"><\/div>\n\t\t<\/div>\n\t\t\t\t\t\t<\/div>\n\t\t\t\t<\/div>\n\t\t\t\t\t<\/div>\n\t\t<\/div>\n\t\t\t\t\t<\/div>\n\t\t<\/section>\n\t\t\t\t<section class=\"elementor-section elementor-top-section elementor-element elementor-element-74c7e3c elementor-section-boxed elementor-section-height-default elementor-section-height-default wpr-particle-no wpr-jarallax-no wpr-parallax-no wpr-sticky-section-no wpr-equal-height-no\" data-id=\"74c7e3c\" data-element_type=\"section\" data-e-type=\"section\">\n\t\t\t\t\t\t<div class=\"elementor-container elementor-column-gap-default\">\n\t\t\t\t\t<div class=\"elementor-column elementor-col-25 elementor-top-column elementor-element elementor-element-a2713f7\" data-id=\"a2713f7\" data-element_type=\"column\" data-e-type=\"column\">\n\t\t\t<div class=\"elementor-widget-wrap elementor-element-populated\">\n\t\t\t\t\t\t<div class=\"elementor-element elementor-element-80860ca elementor-widget elementor-widget-heading\" data-id=\"80860ca\" data-element_type=\"widget\" data-e-type=\"widget\" data-widget_type=\"heading.default\">\n\t\t\t\t<div class=\"elementor-widget-container\">\n\t\t\t\t\t<h1 class=\"elementor-heading-title elementor-size-default\">El Museo Nah\u00edm Isa\u00edas es una mirada a la historia de Guayaquil. Cuenta con alrededor de 2.500 piezas de colecci\u00f3n.<\/h1>\t\t\t\t<\/div>\n\t\t\t\t<\/div>\n\t\t\t\t<div class=\"elementor-element elementor-element-1d4ab1f elementor-widget elementor-widget-text-editor\" data-id=\"1d4ab1f\" data-element_type=\"widget\" data-e-type=\"widget\" data-widget_type=\"text-editor.default\">\n\t\t\t\t<div class=\"elementor-widget-container\">\n\t\t\t\t\t\t\t\t\t<p>Texto &amp; Fotos: Trail Forth Journal.<\/p>\t\t\t\t\t\t\t\t<\/div>\n\t\t\t\t<\/div>\n\t\t\t\t<div class=\"elementor-element elementor-element-487fe2f elementor-drop-cap-yes elementor-drop-cap-view-default elementor-widget elementor-widget-text-editor\" data-id=\"487fe2f\" data-element_type=\"widget\" data-e-type=\"widget\" data-settings=\"{&quot;drop_cap&quot;:&quot;yes&quot;}\" data-widget_type=\"text-editor.default\">\n\t\t\t\t<div class=\"elementor-widget-container\">\n\t\t\t\t\t\t\t\t\t<p>E<span data-slate-fragment=\"JTVCJTdCJTIyaWQlMjIlM0ElMjJuLUFlVG1VdSUyMiUyQyUyMnR5cGUlMjIlM0ElMjJwYXJhZ3JhcGglMjIlMkMlMjJjaGlsZHJlbiUyMiUzQSU1QiU3QiUyMnRleHQlMjIlM0ElMjJFbCUyME11c2VvJTIwTmFoJUMzJUFEbSUyMElzYSVDMyVBRGFzJTIwZXMlMjB1bmElMjBtaXJhZGElMjBhJTIwbGElMjBoaXN0b3JpYSUyMHklMjBlbCUyMHBhc2FkbyUyMGRlJTIwbGElMjBjaXVkYWQlMjBkZSUyMEd1YXlhcXVpbC4lMjBDdWVudGElMjBjb24lMjBhbHJlZGVkb3IlMjBkZSUyMDIuNTAwJTIwcGllemFzJTIwZGUlMjBjb2xlY2NpJUMzJUIzbiUyMHF1ZSUyMHZhbiUyMGRlc2RlJTIwb2JyYXMlMjBwaWN0JUMzJUIzcmljYXMlMjB5JTIwZXNjdWx0JUMzJUIzcmljYXMlMjBkZSUyMGxvcyUyMHNpZ2xvcyUyMFhWSSUyQyUyMFhWSUklMjB5JTIwWFZJSUkuJTIwVGFtYmklQzMlQTluJTIwZXN0JUMzJUExJTIwcHJlc2VudGUlMjBlbCUyMGFydGUlMjByZXB1YmxpY2FubyUyMGRlbCUyMHNpZ2xvJTIwWElYLiUyMEV4cG9uZSUyMGVsJTIwdGVtYSUyMGRlJTIwbGElMjBjb3Ntb2dvbiVDMyVBRGElMjBjb2xvbmlhbCUyMChiYXNhZGElMjBlbiUyMGxvcyUyMGN1YXRybyUyMGVsZW1lbnRvcyUzQSUyMGZ1ZWdvJTJDJTIwdGllcnJhJTJDJTIwYWd1YSUyMHklMjBhaXJlKS4lMjBFbCUyMG1hcmF2aWxsb3NvJTIwYXJ0ZSUyMGRlJTIwbGElMjBmYW1vc2ElMjBFc2N1ZWxhJTIwZGUlMjBBcnRlJTIwUXVpdGUlQzMlQjFhJTIwY29sb25pYWwlMkMlMjBxdWUlMjBzZSUyMGNhcmFjdGVyaXphJTIwZW4lMjBlc3RhJTIwJUMzJUE5cG9jYSUyMHBvciUyMHN1JTIwcmVsaWdpb3NpZGFkLiUyMCUyMiU3RCU1RCU3RCU1RA==\">l Museo Nah\u00edm Isa\u00edas es una mirada a la historia y el pasado de la ciudad de Guayaquil. Cuenta con alrededor de 2.500 piezas de colecci\u00f3n que van desde obras pict\u00f3ricas y escult\u00f3ricas de los siglos XVI, XVII y XVIII. Tambi\u00e9n est\u00e1 presente el arte republicano del siglo XIX. Expone el tema de la cosmogon\u00eda colonial (basada en los cuatro elementos: fuego, tierra, agua y aire). El maravilloso arte de la famosa Escuela de Arte Quite\u00f1a colonial, que se caracteriza en esta \u00e9poca por su religiosidad.<\/span><\/p>\t\t\t\t\t\t\t\t<\/div>\n\t\t\t\t<\/div>\n\t\t\t\t\t<\/div>\n\t\t<\/div>\n\t\t\t\t<div class=\"elementor-column elementor-col-25 elementor-top-column elementor-element elementor-element-b3feaf2\" data-id=\"b3feaf2\" data-element_type=\"column\" data-e-type=\"column\">\n\t\t\t<div class=\"elementor-widget-wrap elementor-element-populated\">\n\t\t\t\t\t\t<div class=\"elementor-element elementor-element-2efd84d elementor-widget elementor-widget-spacer\" data-id=\"2efd84d\" data-element_type=\"widget\" data-e-type=\"widget\" data-widget_type=\"spacer.default\">\n\t\t\t\t<div class=\"elementor-widget-container\">\n\t\t\t\t\t\t\t<div class=\"elementor-spacer\">\n\t\t\t<div class=\"elementor-spacer-inner\"><\/div>\n\t\t<\/div>\n\t\t\t\t\t\t<\/div>\n\t\t\t\t<\/div>\n\t\t\t\t\t<\/div>\n\t\t<\/div>\n\t\t\t\t<div class=\"elementor-column elementor-col-25 elementor-top-column elementor-element elementor-element-2fa4fbb\" data-id=\"2fa4fbb\" data-element_type=\"column\" data-e-type=\"column\">\n\t\t\t<div class=\"elementor-widget-wrap elementor-element-populated\">\n\t\t\t\t\t\t<div class=\"elementor-element elementor-element-1e5799d elementor-widget elementor-widget-spacer\" data-id=\"1e5799d\" data-element_type=\"widget\" data-e-type=\"widget\" data-widget_type=\"spacer.default\">\n\t\t\t\t<div class=\"elementor-widget-container\">\n\t\t\t\t\t\t\t<div class=\"elementor-spacer\">\n\t\t\t<div class=\"elementor-spacer-inner\"><\/div>\n\t\t<\/div>\n\t\t\t\t\t\t<\/div>\n\t\t\t\t<\/div>\n\t\t\t\t\t<\/div>\n\t\t<\/div>\n\t\t\t\t<div class=\"elementor-column elementor-col-25 elementor-top-column elementor-element elementor-element-36f38cb\" data-id=\"36f38cb\" data-element_type=\"column\" data-e-type=\"column\" data-settings=\"{&quot;background_background&quot;:&quot;classic&quot;}\">\n\t\t\t<div class=\"elementor-widget-wrap elementor-element-populated\">\n\t\t\t\t\t<div class=\"elementor-background-overlay\"><\/div>\n\t\t\t\t\t\t<div class=\"elementor-element elementor-element-69188aa elementor-align-end elementor-icon-list--layout-traditional elementor-list-item-link-full_width elementor-widget elementor-widget-icon-list\" data-id=\"69188aa\" data-element_type=\"widget\" data-e-type=\"widget\" data-widget_type=\"icon-list.default\">\n\t\t\t\t<div class=\"elementor-widget-container\">\n\t\t\t\t\t\t\t<ul class=\"elementor-icon-list-items\">\n\t\t\t\t\t\t\t<li class=\"elementor-icon-list-item\">\n\t\t\t\t\t\t\t\t\t\t\t<a href=\"https:\/\/www.instagram.com\/trailforth\/\" target=\"_blank\">\n\n\t\t\t\t\t\t\t\t\t\t\t\t<span class=\"elementor-icon-list-icon\">\n\t\t\t\t\t\t\t<i aria-hidden=\"true\" class=\"fab fa-instagram\"><\/i>\t\t\t\t\t\t<\/span>\n\t\t\t\t\t\t\t\t\t\t<span class=\"elementor-icon-list-text\">trailforth <\/span>\n\t\t\t\t\t\t\t\t\t\t\t<\/a>\n\t\t\t\t\t\t\t\t\t<\/li>\n\t\t\t\t\t\t<\/ul>\n\t\t\t\t\t\t<\/div>\n\t\t\t\t<\/div>\n\t\t\t\t<div class=\"elementor-element elementor-element-bc85b80 elementor-widget elementor-widget-text-editor\" data-id=\"bc85b80\" data-element_type=\"widget\" data-e-type=\"widget\" data-widget_type=\"text-editor.default\">\n\t\t\t\t<div class=\"elementor-widget-container\">\n\t\t\t\t\t\t\t\t\t<p>Museo Nah\u00edm Isa\u00edas<\/p>\t\t\t\t\t\t\t\t<\/div>\n\t\t\t\t<\/div>\n\t\t\t\t\t<\/div>\n\t\t<\/div>\n\t\t\t\t\t<\/div>\n\t\t<\/section>\n\t\t\t\t<section class=\"elementor-section elementor-top-section elementor-element elementor-element-a583e6b elementor-section-boxed elementor-section-height-default elementor-section-height-default wpr-particle-no wpr-jarallax-no wpr-parallax-no wpr-sticky-section-no wpr-equal-height-no\" data-id=\"a583e6b\" data-element_type=\"section\" data-e-type=\"section\">\n\t\t\t\t\t\t<div class=\"elementor-container elementor-column-gap-default\">\n\t\t\t\t\t<div class=\"elementor-column elementor-col-100 elementor-top-column elementor-element elementor-element-48e3bfe\" data-id=\"48e3bfe\" data-element_type=\"column\" data-e-type=\"column\">\n\t\t\t<div class=\"elementor-widget-wrap elementor-element-populated\">\n\t\t\t\t\t\t<div class=\"elementor-element elementor-element-4359542 elementor-widget elementor-widget-spacer\" data-id=\"4359542\" data-element_type=\"widget\" data-e-type=\"widget\" data-widget_type=\"spacer.default\">\n\t\t\t\t<div class=\"elementor-widget-container\">\n\t\t\t\t\t\t\t<div class=\"elementor-spacer\">\n\t\t\t<div class=\"elementor-spacer-inner\"><\/div>\n\t\t<\/div>\n\t\t\t\t\t\t<\/div>\n\t\t\t\t<\/div>\n\t\t\t\t\t<\/div>\n\t\t<\/div>\n\t\t\t\t\t<\/div>\n\t\t<\/section>\n\t\t\t\t<section class=\"elementor-section elementor-top-section elementor-element elementor-element-03725ae elementor-section-boxed elementor-section-height-default elementor-section-height-default wpr-particle-no wpr-jarallax-no wpr-parallax-no wpr-sticky-section-no wpr-equal-height-no\" data-id=\"03725ae\" data-element_type=\"section\" data-e-type=\"section\">\n\t\t\t\t\t\t<div class=\"elementor-container elementor-column-gap-default\">\n\t\t\t\t\t<div class=\"elementor-column elementor-col-100 elementor-top-column elementor-element elementor-element-98cbe74\" data-id=\"98cbe74\" data-element_type=\"column\" data-e-type=\"column\">\n\t\t\t<div class=\"elementor-widget-wrap elementor-element-populated\">\n\t\t\t\t\t\t<div class=\"elementor-element elementor-element-1c548e2 elementor-widget elementor-widget-text-editor\" data-id=\"1c548e2\" data-element_type=\"widget\" data-e-type=\"widget\" data-widget_type=\"text-editor.default\">\n\t\t\t\t<div class=\"elementor-widget-container\">\n\t\t\t\t\t\t\t\t\t<p><span data-slate-fragment=\"JTVCJTdCJTIyaWQlMjIlM0ElMjJuLXBmaWZrdCUyMiUyQyUyMnR5cGUlMjIlM0ElMjJwYXJhZ3JhcGglMjIlMkMlMjJjaGlsZHJlbiUyMiUzQSU1QiU3QiUyMnRleHQlMjIlM0ElMjJMYSUyMGNvbGVjY2klQzMlQjNuJTIwZGUlMjBlc3RhcyUyMG9icmFzJTIwc29uJTIwdW5hJTIwYXV0JUMzJUE5bnRpY2ElMjBtYW5pZmVzdGFjaSVDMyVCM24lMjBzb2JyZSUyMGxhJTIwaGlzdG9yaWElMjBkZWwlMjB0ZXJyaXRvcmlvJTIwcXVlJTIwZnVlJTIwY29ub2NpZG8lMjBjb21vJTIwbGElMjBSZWFsJTIwQXVkaWVuY2lhJTIwZGUlMjBRdWl0byUyQyUyMGFjdHVhbG1lbnRlJTIwRWN1YWRvci4lMjBFbCUyMHJlc3VsdGFkbyUyMGVudHJlJTIwZWwlMjBlbmN1ZW50cm8lMjBkZSUyMGRvcyUyMGNpdmlsaXphY2lvbmVzJTIwY29uJTIwc3VzJTIwZGlmZXJlbnRlcyUyMHJlYWxpZGFkZXMlMjBjdWx0dXJhbGVzJTJDJTIwZmlsb3MlQzMlQjNmaWNhcyUyQyUyMHBvbCVDMyVBRHRpY2FzJTJDJTIwc29jaWFsZXMuJTIyJTdEJTVEJTdEJTVE\">La colecci\u00f3n de estas obras son una aut\u00e9ntica manifestaci\u00f3n sobre la historia del territorio que fue conocido como la Real Audiencia de Quito, actualmente Ecuador. El resultado entre el encuentro de dos civilizaciones con sus diferentes realidades culturales, filos\u00f3ficas, pol\u00edticas, sociales. Tambi\u00e9n hay espacio para exposiciones temporales de propuestas de arte emergente que se exhiben en una sala.<\/span><\/p>\t\t\t\t\t\t\t\t<\/div>\n\t\t\t\t<\/div>\n\t\t\t\t\t<\/div>\n\t\t<\/div>\n\t\t\t\t\t<\/div>\n\t\t<\/section>\n\t\t\t\t<section class=\"elementor-section elementor-top-section elementor-element elementor-element-ee66684 elementor-section-boxed elementor-section-height-default elementor-section-height-default wpr-particle-no wpr-jarallax-no wpr-parallax-no wpr-sticky-section-no wpr-equal-height-no\" data-id=\"ee66684\" data-element_type=\"section\" data-e-type=\"section\">\n\t\t\t\t\t\t<div class=\"elementor-container elementor-column-gap-default\">\n\t\t\t\t\t<div class=\"elementor-column elementor-col-100 elementor-top-column elementor-element elementor-element-64496a2\" data-id=\"64496a2\" data-element_type=\"column\" data-e-type=\"column\">\n\t\t\t<div class=\"elementor-widget-wrap elementor-element-populated\">\n\t\t\t\t\t\t<div class=\"elementor-element elementor-element-12ac4b3 elementor-widget elementor-widget-spacer\" data-id=\"12ac4b3\" data-element_type=\"widget\" data-e-type=\"widget\" data-widget_type=\"spacer.default\">\n\t\t\t\t<div class=\"elementor-widget-container\">\n\t\t\t\t\t\t\t<div class=\"elementor-spacer\">\n\t\t\t<div class=\"elementor-spacer-inner\"><\/div>\n\t\t<\/div>\n\t\t\t\t\t\t<\/div>\n\t\t\t\t<\/div>\n\t\t\t\t\t<\/div>\n\t\t<\/div>\n\t\t\t\t\t<\/div>\n\t\t<\/section>\n\t\t\t\t<section class=\"elementor-section elementor-top-section elementor-element elementor-element-20ccea3 elementor-section-boxed elementor-section-height-default elementor-section-height-default wpr-particle-no wpr-jarallax-no wpr-parallax-no wpr-sticky-section-no wpr-equal-height-no\" data-id=\"20ccea3\" data-element_type=\"section\" data-e-type=\"section\">\n\t\t\t\t\t\t<div class=\"elementor-container elementor-column-gap-default\">\n\t\t\t\t\t<div class=\"elementor-column elementor-col-100 elementor-top-column elementor-element elementor-element-1e2213f\" data-id=\"1e2213f\" data-element_type=\"column\" data-e-type=\"column\">\n\t\t\t<div class=\"elementor-widget-wrap elementor-element-populated\">\n\t\t\t\t\t\t<div class=\"elementor-element elementor-element-fd01460 elementor-view-default elementor-widget elementor-widget-icon\" data-id=\"fd01460\" data-element_type=\"widget\" data-e-type=\"widget\" data-widget_type=\"icon.default\">\n\t\t\t\t<div class=\"elementor-widget-container\">\n\t\t\t\t\t\t\t<div class=\"elementor-icon-wrapper\">\n\t\t\t<div class=\"elementor-icon\">\n\t\t\t<i aria-hidden=\"true\" class=\"fas fa-map-marked-alt\"><\/i>\t\t\t<\/div>\n\t\t<\/div>\n\t\t\t\t\t\t<\/div>\n\t\t\t\t<\/div>\n\t\t\t\t\t<\/div>\n\t\t<\/div>\n\t\t\t\t\t<\/div>\n\t\t<\/section>\n\t\t\t\t<section class=\"elementor-section elementor-top-section elementor-element elementor-element-06c143c elementor-section-boxed elementor-section-height-default elementor-section-height-default wpr-particle-no wpr-jarallax-no wpr-parallax-no wpr-sticky-section-no wpr-equal-height-no\" data-id=\"06c143c\" data-element_type=\"section\" data-e-type=\"section\">\n\t\t\t\t\t\t<div class=\"elementor-container elementor-column-gap-default\">\n\t\t\t\t\t<div class=\"elementor-column elementor-col-100 elementor-top-column elementor-element elementor-element-dab0564\" data-id=\"dab0564\" data-element_type=\"column\" data-e-type=\"column\">\n\t\t\t<div class=\"elementor-widget-wrap elementor-element-populated\">\n\t\t\t\t\t\t<div class=\"elementor-element elementor-element-6dd60b5 premium-title-center premium-title-gradient-yes elementor-widget__width-initial premium-title-color elementor-widget elementor-widget-premium-addon-title\" data-id=\"6dd60b5\" data-element_type=\"widget\" data-e-type=\"widget\" data-widget_type=\"premium-addon-title.default\">\n\t\t\t\t<div class=\"elementor-widget-container\">\n\t\t\t\t\t\n\t\t<div class=\"premium-title-container style3\">\n\t\t\t<h2 class=\"premium-title-header premium-title-style3\">\n\t\t\t\t\n\t\t\t\t\n\t\t\t\t\t\t\t\t\t\t\t\t<span class=\"premium-title-text\">\n\t\t\t\t\tMapa de ubicaci\u00f3n: Museo Nah\u00edm Isa\u00edas\t\t\t\t<\/span>\n\t\t\t\t\t\n\t\t\t\t\t\t\t\t\n\t\t\t\t\t\t\t<\/h2>\n\n\t\t<\/div>\n\n\t\t\t\t\t\t<\/div>\n\t\t\t\t<\/div>\n\t\t\t\t\t<\/div>\n\t\t<\/div>\n\t\t\t\t\t<\/div>\n\t\t<\/section>\n\t\t\t\t<section class=\"elementor-section elementor-top-section elementor-element elementor-element-b0162b4 elementor-section-boxed elementor-section-height-default elementor-section-height-default wpr-particle-no wpr-jarallax-no wpr-parallax-no wpr-sticky-section-no wpr-equal-height-no\" data-id=\"b0162b4\" data-element_type=\"section\" data-e-type=\"section\">\n\t\t\t\t\t\t<div class=\"elementor-container elementor-column-gap-default\">\n\t\t\t\t\t<div class=\"elementor-column elementor-col-100 elementor-top-column elementor-element elementor-element-5911b97\" data-id=\"5911b97\" data-element_type=\"column\" data-e-type=\"column\">\n\t\t\t<div class=\"elementor-widget-wrap elementor-element-populated\">\n\t\t\t\t\t\t<div class=\"elementor-element elementor-element-63a43f8 elementor-widget-divider--view-line elementor-widget elementor-widget-divider\" data-id=\"63a43f8\" data-element_type=\"widget\" data-e-type=\"widget\" data-widget_type=\"divider.default\">\n\t\t\t\t<div class=\"elementor-widget-container\">\n\t\t\t\t\t\t\t<div class=\"elementor-divider\">\n\t\t\t<span class=\"elementor-divider-separator\">\n\t\t\t\t\t\t<\/span>\n\t\t<\/div>\n\t\t\t\t\t\t<\/div>\n\t\t\t\t<\/div>\n\t\t\t\t\t<\/div>\n\t\t<\/div>\n\t\t\t\t\t<\/div>\n\t\t<\/section>\n\t\t\t\t<section class=\"elementor-section elementor-top-section elementor-element elementor-element-81ebec3 elementor-section-boxed elementor-section-height-default elementor-section-height-default wpr-particle-no wpr-jarallax-no wpr-parallax-no wpr-sticky-section-no wpr-equal-height-no\" data-id=\"81ebec3\" data-element_type=\"section\" data-e-type=\"section\">\n\t\t\t\t\t\t<div class=\"elementor-container elementor-column-gap-default\">\n\t\t\t\t\t<div class=\"elementor-column elementor-col-100 elementor-top-column elementor-element elementor-element-15a9e2d\" data-id=\"15a9e2d\" data-element_type=\"column\" data-e-type=\"column\">\n\t\t\t<div class=\"elementor-widget-wrap elementor-element-populated\">\n\t\t\t\t\t\t<div class=\"elementor-element elementor-element-014294d elementor-widget elementor-widget-html\" data-id=\"014294d\" data-element_type=\"widget\" data-e-type=\"widget\" data-widget_type=\"html.default\">\n\t\t\t\t<div class=\"elementor-widget-container\">\n\t\t\t\t\t<div class=\"tfj-main-container\">\r\n    <nav class=\"tfj-sidebar\">\r\n        <div class=\"tfj-sidebar-header\">\r\n            <img data-recalc-dims=\"1\" decoding=\"async\" src=\"https:\/\/i0.wp.com\/trailforthjournal.com\/es\/wp-content\/uploads\/sites\/4\/2026\/03\/Estampilla-Trail-Fort-Journal.png?w=1032&#038;ssl=1\" alt=\"Trail Forth Journal\" class=\"tfj-logo-stamp\">\r\n        <\/div>\r\n        \r\n        <button class=\"tfj-tab-btn active\" onclick=\"openTab(event, 'tab-mapa')\">\r\n            <span class=\"tab-icon\">\ud83d\udccd<\/span>\r\n            <div class=\"tab-text\">\r\n                <span class=\"tab-title\">Mapa Interactivo<\/span>\r\n                <span class=\"tab-sub\">Museo Nah\u00edm Isa\u00edas<\/span>\r\n            <\/div>\r\n        <\/button>\r\n        <button class=\"tfj-tab-btn\" onclick=\"openTab(event, 'tab-tours')\">\r\n            <span class=\"tab-icon\">\ud83c\udf9f\ufe0f<\/span>\r\n            <div class=\"tab-text\">\r\n                <span class=\"tab-title\">Experiencias Locales<\/span>\r\n                <span class=\"tab-sub\">Guayaquil<\/span>\r\n            <\/div>\r\n        <\/button>\r\n    <\/nav>\r\n\r\n    <div class=\"tfj-content-area\">\r\n        <div id=\"tab-mapa\" class=\"tfj-tab-content active\" style=\"background: #ffffff;\">\r\n            <div class=\"seccion-actividades-moderna\">\r\n                <div class=\"cabecera-actividades\" style=\"padding: 30px 25px 18px; border-bottom: 1px solid #f1f5f9;\">\r\n                    <h3 style=\"color: #1e293b; margin:0; font-family:'Montserrat'; font-size:15px; font-weight:700;\">\ud83d\udccd Museo Nah\u00edm Isa\u00edas<\/h3>\r\n                <\/div>\r\n                <div class=\"grid-experiencias\">\r\n                    <div class=\"item-experiencia\">\r\n                        <span class=\"txt-experiencia\" style=\"color: #64748b; font-size: 13px; padding-left: 25px; display: block; margin-top: 10px; margin-bottom: 15px;\">Explora los puntos destacados en el mapa interactivo<\/span>\r\n                    <\/div>\r\n                <\/div>\r\n            <\/div>\r\n            <div class=\"modulo-mapa-interactivo\">\r\n                <div class=\"mapa-iframe-wrapper\">\r\n                    <iframe loading=\"lazy\" allowfullscreen allow=\"geolocation\" \r\n                        src=\"https:\/\/trailforthjournal.com\/maps\/guayaquil\/lugares-turisticos-guayaquil\/#18\/-2.1945\/-79.8810\">\r\n                    <\/iframe>\r\n                <\/div>\r\n            <\/div>\r\n            <div class=\"base-decorativa-gye-final\"><\/div>\r\n        <\/div>\r\n\r\n        <div id=\"tab-tours\" class=\"tfj-tab-content\">\r\n            <div class=\"hub-container\">\r\n                <div class=\"hub-hero\" style=\"background-image: linear-gradient(rgba(0,0,0,0.2), rgba(0,0,0,0.8)), url('https:\/\/trailforthjournal.com\/es\/wp-content\/uploads\/sites\/4\/2026\/04\/tours-and-activities-guayaquil.png');\">\r\n                    <div class=\"hub-hero-content\">\r\n                        <span class=\"hub-tag\">Explora<\/span>\r\n                        <h3 class=\"hub-main-title\">Descubre el Guayaquil Aut\u00e9ntico<\/h3>\r\n                        <p class=\"hub-description\">Desde la brisa del R\u00edo Guayas hasta las historias del Barrio Las Pe\u00f1as. Conoce cada uno de de estos lugares reservando nuestros recorridos diarios en Guayaquil. As\u00ed podr\u00e1s conocer y explorar cada uno de las atracciones de la Urbe Porte\u00f1a.<\/p>\r\n                    <\/div>\r\n                <\/div>\r\n\r\n                <div class=\"hub-sidebar-list\">\r\n                    <div class=\"list-header\">\r\n                        <h3 style=\"margin:0; font-family:'Montserrat'; font-size:15px; font-weight:700; color:#ffffff;\">Reserva Experiencias Locales:<\/h3>\r\n                        <span class=\"activity-count\">Haz clic para conocer horarios y disponibilidad.<\/span>\r\n                    <\/div>\r\n\r\n                    <div class=\"mini-banner\" onclick=\"window.open('https:\/\/trailforthjournal.com\/es\/reservar\/guayaquil-city-tour-privado\/', '_blank')\">\r\n                        <div class=\"mini-img\">\r\n                            <img data-recalc-dims=\"1\" decoding=\"async\" src=\"https:\/\/i0.wp.com\/trailforthjournal.com\/es\/wp-content\/uploads\/sites\/4\/2022\/01\/Guia-Guayaquil-Iguanas-fondo-.png?w=1032&#038;ssl=1\" alt=\"City Tour\">\r\n                        <\/div>\r\n                        <div class=\"mini-details\">\r\n                            <h4 style=\"margin: 0 0 3px; font-size: 13px; font-family: 'Montserrat'; color: #ffffff; font-weight: 700;\">City Tour Guayaquil: Recorrido Hist\u00f3rico y Moderno <\/h4>\r\n                            <div class=\"mini-meta\">\r\n                                <span class=\"price\">USD $80<\/span>\r\n                                <span class=\"duration\">\u23f1 3.5h<\/span>\r\n                            <\/div>\r\n                        <\/div>\r\n                        <div class=\"mini-arrow\">\u2192<\/div>\r\n                    <\/div>\r\n\r\n                    <div class=\"mini-banner\" onclick=\"window.open('https:\/\/trailforthjournal.com\/es\/reservar\/guayaquil-walking-tour-panoramico\/', '_blank')\">\r\n                        <div class=\"mini-img\">\r\n                            <img data-recalc-dims=\"1\" decoding=\"async\" src=\"https:\/\/i0.wp.com\/trailforthjournal.com\/es\/wp-content\/uploads\/sites\/4\/2024\/02\/1000118859.png?w=1032&#038;ssl=1\" alt=\"Walking Tour\">\r\n                        <\/div>\r\n                        <div class=\"mini-details\">\r\n                            <h4 style=\"margin: 0 0 3px; font-size: 13px; font-family: 'Montserrat'; color: #ffffff; font-weight: 700;\">Guayaquil Walking Tour: Navegaci\u00f3n y Vistas A\u00e9reas<\/h4>\r\n                            <div class=\"mini-meta\">\r\n                                <span class=\"price\">USD: $30<\/span>\r\n                                <span class=\"duration\">\u23f1 1.5h<\/span>\r\n                            <\/div>\r\n                        <\/div>\r\n                        <div class=\"mini-arrow\">\u2192<\/div>\r\n                    <\/div>\r\n\r\n                    <div class=\"hub-footer-cta\">\r\n                        <p>\u00bfBuscas un plan personalizado?<\/p>\r\n                        <a href=\"javascript:void(0)\" class=\"link-contacto\" onclick=\"toggleContactModal()\">Hablar con un experto<\/a>\r\n                    <\/div>\r\n                <\/div>\r\n            <\/div>\r\n        <\/div>\r\n    <\/div>\r\n<\/div>\r\n\r\n<div id=\"contact-modal\" class=\"tfj-modal-overlay\">\r\n    <div class=\"tfj-modal-card\">\r\n        <button class=\"modal-close\" onclick=\"toggleContactModal()\">\u00d7<\/button>\r\n        <h4 style=\"font-family: 'Volkhov'; font-size: 22px; margin-bottom: 10px; color: #111;\">\u00bfC\u00f3mo prefieres contactarnos?<\/h4>\r\n        <p>Nuestro equipo de expertos est\u00e1 listo para ayudarte.<\/p>\r\n        \r\n        <div class=\"modal-options\">\r\n            <a href=\"https:\/\/wa.me\/593978887324\" target=\"_blank\" class=\"modal-btn whatsapp\">\r\n                <span>\ud83d\udcac WhatsApp<\/span>\r\n            <\/a>\r\n            <a href=\"mailto:info@trailforthjournal.com\" class=\"modal-btn email\">\r\n                <span>\u2709\ufe0f Correo Electr\u00f3nico<\/span>\r\n            <\/a>\r\n        <\/div>\r\n    <\/div>\r\n<\/div>\r\n\r\n<style>\r\n    @import url('https:\/\/fonts.googleapis.com\/css2?family=Montserrat:wght@400;700;800&family=Volkhov&family=Inter:wght@400;500&display=swap');\r\n\r\n    :root {\r\n        --primary-gye: #1c1c1c;\r\n        --sidebar-bg: #f8fafc;\r\n        --shadow: 0 10px 30px rgba(0,0,0,0.08);\r\n        --url-borde-nuevo: url('https:\/\/trailforthjournal.com\/es\/wp-content\/uploads\/sites\/4\/2026\/04\/Borde-de-mapa-GYE-e1775882327660.png');\r\n    }\r\n\r\n    .tfj-main-container {\r\n        display: flex;\r\n        max-width: 1200px;\r\n        margin: 40px auto;\r\n        background: #fff;\r\n        border-radius: 24px;\r\n        overflow: hidden;\r\n        box-shadow: var(--shadow);\r\n        height: 600px;\r\n    }\r\n\r\n    \/* SIDEBAR *\/\r\n    .tfj-sidebar { width: 280px; background: var(--sidebar-bg); border-right: 1px solid #e2e8f0; display: flex; flex-direction: column; padding: 20px 0; flex-shrink: 0; }\r\n    .tfj-sidebar-header { padding: 10px 25px 20px; text-align: center; }\r\n    \r\n    \/* LOGO \/ ESTAMPILLA REDUCIDA AL 85px (Reducci\u00f3n del 5%) *\/\r\n    .tfj-logo-stamp { max-width: 85px; height: auto; }\r\n\r\n    .tfj-tab-btn { border: none; background: none; padding: 20px 25px; display: flex; align-items: center; gap: 15px; cursor: pointer; text-align: left; transition: 0.3s; border-left: 4px solid transparent; }\r\n    .tfj-tab-btn.active { background: #fff; border-left-color: var(--primary-gye); }\r\n    .tab-title { display: block; font-family: 'Montserrat'; font-weight: 700; font-size: 14px; color: #1e293b; }\r\n    .tab-sub { font-family: 'Inter'; font-size: 11px; color: #94a3b8; }\r\n\r\n    .tfj-content-area { flex: 1; position: relative; overflow: hidden; }\r\n    .tfj-tab-content { display: none; height: 100%; width: 100%; flex-direction: column; }\r\n    .tfj-tab-content.active { display: flex; }\r\n\r\n    .modulo-mapa-interactivo { flex: 1; position: relative; }\r\n    .mapa-iframe-wrapper { width: 100%; height: 100%; }\r\n    .mapa-iframe-wrapper iframe { width: 100%; height: 100%; border: none; }\r\n    .base-decorativa-gye-final { height: 60px; background-image: var(--url-borde-nuevo); background-repeat: repeat-x; background-position: bottom; background-size: auto 60%; }\r\n\r\n    .hub-container { display: flex; height: 100%; width: 100%; background: #111111; }\r\n    .hub-hero { flex: 1.3; background-size: cover; background-position: center; display: flex; align-items: flex-end; padding: 40px; }\r\n    .hub-main-title { font-family: 'Volkhov'; font-size: 30px; color: #ffffff !important; margin: 12px 0 8px; line-height: 1.1; }\r\n    .hub-description { font-family: 'Inter'; font-size: 14px; color: #ffffff !important; opacity: 1; }\r\n    .hub-tag { background: #fff; color: #000; padding: 3px 10px; font-size: 9px; font-weight: 800; text-transform: uppercase; border-radius: 2px; }\r\n\r\n    .hub-sidebar-list { flex: 0.7; background: #111111; display: flex; flex-direction: column; padding: 25px; gap: 15px; overflow-y: auto; border-left: 1px solid #222; }\r\n    .mini-banner { display: flex; align-items: center; gap: 12px; padding: 10px; border: 1px solid #222; background: #1a1a1a; border-radius: 12px; cursor: pointer; transition: 0.3s; }\r\n    .mini-banner:hover { background: #252525; transform: translateX(5px); border-color: #444; }\r\n    .mini-img { width: 55px; height: 55px; border-radius: 8px; overflow: hidden; flex-shrink: 0; }\r\n    .mini-img img { width: 100%; height: 100%; object-fit: cover; }\r\n    .mini-details h5 { margin: 0 0 3px; font-size: 13px; font-family: 'Montserrat'; color: #ffffff; font-weight: 700; }\r\n    .mini-meta { display: flex; gap: 8px; font-size: 10px; color: #94a3b8; }\r\n    .price { font-weight: 800; color: #ffffff; }\r\n    .mini-arrow { margin-left: auto; color: #444; font-size: 12px; }\r\n\r\n    .hub-footer-cta { margin-top: auto; padding-top: 15px; text-align: center; border-top: 1px solid #222; }\r\n    .hub-footer-cta p { font-size: 11px; color: #64748b; margin-bottom: 4px; }\r\n    .link-contacto { font-size: 12px; font-weight: 700; color: #ffffff; text-decoration: underline; cursor: pointer; }\r\n\r\n    .tfj-modal-overlay {\r\n        position: fixed; top: 0; left: 0; width: 100%; height: 100%;\r\n        background: rgba(0,0,0,0.8); display: none; align-items: center; justify-content: center;\r\n        z-index: 1000; backdrop-filter: blur(5px);\r\n    }\r\n    .tfj-modal-card {\r\n        background: #fff; padding: 40px; border-radius: 20px; max-width: 400px; width: 90%;\r\n        position: relative; text-align: center; box-shadow: 0 20px 50px rgba(0,0,0,0.3);\r\n    }\r\n    .tfj-modal-card p { font-family: 'Inter'; font-size: 14px; color: #666; margin-bottom: 25px; }\r\n    .modal-close {\r\n        position: absolute; top: 15px; right: 20px; background: none; border: none;\r\n        font-size: 24px; cursor: pointer; color: #999;\r\n    }\r\n    .modal-options { display: flex; flex-direction: column; gap: 12px; }\r\n    .modal-btn {\r\n        padding: 15px; border-radius: 12px; text-decoration: none; font-family: 'Montserrat';\r\n        font-weight: 700; font-size: 14px; transition: 0.3s; display: block;\r\n    }\r\n    .modal-btn.whatsapp { background: #25D366; color: #fff; }\r\n    .modal-btn.email { background: #1c1c1c; color: #fff; }\r\n    .modal-btn:hover { transform: translateY(-3px); opacity: 0.9; }\r\n\r\n    @media (max-width: 900px) {\r\n        .tfj-main-container { flex-direction: column; height: auto; }\r\n        .tfj-sidebar { width: 100%; flex-direction: row; }\r\n        .hub-container { flex-direction: column; }\r\n        .hub-hero { height: 250px; flex: none; }\r\n    }\r\n<\/style>\r\n\r\n<script>\r\nfunction openTab(evt, tabName) {\r\n    var i, tabcontent, tablinks;\r\n    tabcontent = document.getElementsByClassName(\"tfj-tab-content\");\r\n    for (i = 0; i < tabcontent.length; i++) {\r\n        tabcontent[i].style.display = \"none\";\r\n        tabcontent[i].classList.remove(\"active\");\r\n    }\r\n    tablinks = document.getElementsByClassName(\"tfj-tab-btn\");\r\n    for (i = 0; i < tablinks.length; i++) {\r\n        tablinks[i].className = tablinks[i].className.replace(\" active\", \"\");\r\n    }\r\n    document.getElementById(tabName).style.display = \"flex\";\r\n    document.getElementById(tabName).classList.add(\"active\");\r\n    evt.currentTarget.className += \" active\";\r\n}\r\n\r\nfunction toggleContactModal() {\r\n    const modal = document.getElementById('contact-modal');\r\n    modal.style.display = (modal.style.display === 'flex') ? 'none' : 'flex';\r\n}\r\n\r\nwindow.onclick = function(event) {\r\n    const modal = document.getElementById('contact-modal');\r\n    if (event.target == modal) { modal.style.display = \"none\"; }\r\n}\r\n<\/script>\t\t\t\t<\/div>\n\t\t\t\t<\/div>\n\t\t\t\t\t<\/div>\n\t\t<\/div>\n\t\t\t\t\t<\/div>\n\t\t<\/section>\n\t\t\t\t<section class=\"elementor-section elementor-top-section elementor-element elementor-element-fa812c4 elementor-section-boxed elementor-section-height-default elementor-section-height-default wpr-particle-no wpr-jarallax-no wpr-parallax-no wpr-sticky-section-no wpr-equal-height-no\" data-id=\"fa812c4\" data-element_type=\"section\" data-e-type=\"section\">\n\t\t\t\t\t\t<div class=\"elementor-container elementor-column-gap-default\">\n\t\t\t\t\t<div class=\"elementor-column elementor-col-100 elementor-top-column elementor-element elementor-element-a12571a\" data-id=\"a12571a\" data-element_type=\"column\" data-e-type=\"column\">\n\t\t\t<div class=\"elementor-widget-wrap elementor-element-populated\">\n\t\t\t\t\t\t<div class=\"elementor-element elementor-element-5d1cee9 elementor-widget elementor-widget-heading\" data-id=\"5d1cee9\" data-element_type=\"widget\" data-e-type=\"widget\" data-widget_type=\"heading.default\">\n\t\t\t\t<div class=\"elementor-widget-container\">\n\t\t\t\t\t<h3 class=\"elementor-heading-title elementor-size-default\">El Museo Nah\u00edm Isa\u00edas es solo el comienzo\u2026 descubre todo lo que Guayaquil tiene para ti.<\/h3>\t\t\t\t<\/div>\n\t\t\t\t<\/div>\n\t\t\t\t<div class=\"elementor-element elementor-element-74f6597 elementor-widget-divider--view-line elementor-widget elementor-widget-divider\" data-id=\"74f6597\" data-element_type=\"widget\" data-e-type=\"widget\" data-widget_type=\"divider.default\">\n\t\t\t\t<div class=\"elementor-widget-container\">\n\t\t\t\t\t\t\t<div class=\"elementor-divider\">\n\t\t\t<span class=\"elementor-divider-separator\">\n\t\t\t\t\t\t<\/span>\n\t\t<\/div>\n\t\t\t\t\t\t<\/div>\n\t\t\t\t<\/div>\n\t\t\t\t\t<\/div>\n\t\t<\/div>\n\t\t\t\t\t<\/div>\n\t\t<\/section>\n\t\t\t\t<section class=\"elementor-section elementor-top-section elementor-element elementor-element-556d8e1 elementor-section-boxed elementor-section-height-default elementor-section-height-default wpr-particle-no wpr-jarallax-no wpr-parallax-no wpr-sticky-section-no wpr-equal-height-no\" data-id=\"556d8e1\" data-element_type=\"section\" data-e-type=\"section\">\n\t\t\t\t\t\t<div class=\"elementor-container elementor-column-gap-default\">\n\t\t\t\t\t<div class=\"elementor-column elementor-col-100 elementor-top-column elementor-element elementor-element-17d0dcf\" data-id=\"17d0dcf\" data-element_type=\"column\" data-e-type=\"column\">\n\t\t\t<div class=\"elementor-widget-wrap elementor-element-populated\">\n\t\t\t\t\t\t<div class=\"elementor-element elementor-element-0ebdbba elementor-widget elementor-widget-html\" data-id=\"0ebdbba\" data-element_type=\"widget\" data-e-type=\"widget\" data-widget_type=\"html.default\">\n\t\t\t\t<div class=\"elementor-widget-container\">\n\t\t\t\t\t<section class=\"tfj-ecosistema-guayaquil\">\r\n    <div class=\"grid-pilares\">\r\n        \r\n        <article class=\"card-pilar pilar-tours\">\r\n            <div class=\"card-cuerpo\">\r\n                <span class=\"tag-categoria\">Experiencias Premium<\/span>\r\n                <h3><a href=\"https:\/\/trailforthjournal.com\/es\/tours-y-actividades\/guayaquil\/\" title=\"Reserva Tours en Guayaquil con Gu\u00edas Locales\" target=\"_blank\" rel=\"noopener\">Tours y Excursiones en Guayaquil<\/a><\/h3>\r\n                <p>Reserva tours privados y experiencias curadas con gu\u00edas locales certificados. Calidad premium en cada recorrido.<\/p>\r\n                <div class=\"footer-card\">\r\n                    <span class=\"cta-link\">Ver Cat\u00e1logo de Tours \u2192<\/span>\r\n                <\/div>\r\n            <\/div>\r\n        <\/article>\r\n\r\n        <article class=\"card-pilar pilar-lugares\">\r\n            <div class=\"card-cuerpo\">\r\n                <span class=\"tag-categoria\">Planificaci\u00f3n<\/span>\r\n                <h3><a href=\"https:\/\/trailforthjournal.com\/es\/explora\/mapa-lugares-turisticos-guayaquil\/\" title=\"Mapa de lugares tur\u00edsticos en Guayaquil\" target=\"_blank\" rel=\"noopener\">Lugares Tur\u00edsticos y Mapa 2026<\/a><\/h3>\r\n                <p>Explora los 20 sitios imprescindibles de la Perla del Pac\u00edfico con nuestro mapa interactivo y gratuito.<\/p>\r\n                <div class=\"footer-card\">\r\n                    <span class=\"cta-link\">Explorar el Mapa \u2192<\/span>\r\n                <\/div>\r\n            <\/div>\r\n        <\/article>\r\n\r\n        <article class=\"card-pilar pilar-guia\">\r\n            <div class=\"card-cuerpo\">\r\n                <span class=\"tag-categoria\">Gu\u00eda Local<\/span>\r\n                <h3><a href=\"https:\/\/trailforthjournal.com\/es\/guia-turistica\/guayaquil-ecuador\/\" title=\"Qu\u00e9 hacer en Guayaquil: Gu\u00eda completa\" target=\"_blank\" rel=\"noopener\">Qu\u00e9 hacer en Guayaquil: Gu\u00eda 2026<\/a><\/h3>\r\n                <p>Cultura, compras y vida urbana. Todo lo que necesitas saber para vivir Guayaquil como un local.<\/p>\r\n                <div class=\"footer-card\">\r\n                    <span class=\"cta-link\">Leer Gu\u00eda Completa \u2192<\/span>\r\n                <\/div>\r\n            <\/div>\r\n        <\/article>\r\n\r\n    <\/div>\r\n<\/section>\r\n\r\n<style>\r\n    .tfj-ecosistema-guayaquil {\r\n        max-width: 1100px;\r\n        margin: 50px auto;\r\n        padding: 0 20px;\r\n        font-family: 'Montserrat', sans-serif;\r\n    }\r\n    .grid-pilares {\r\n        display: grid;\r\n        grid-template-columns: repeat(auto-fit, minmax(320px, 1fr));\r\n        gap: 30px;\r\n    }\r\n    .card-pilar {\r\n        background: #ffffff;\r\n        border-radius: 24px;\r\n        padding: 35px;\r\n        border: 1px solid #eef2f6;\r\n        box-shadow: 0 10px 30px rgba(0,0,0,0.03);\r\n        transition: all 0.4s ease;\r\n        display: flex;\r\n        flex-direction: column;\r\n        position: relative;\r\n        overflow: hidden;\r\n    }\r\n    .card-pilar::before {\r\n        content: '';\r\n        position: absolute;\r\n        top: 0; left: 0; width: 4px; height: 100%;\r\n        background: #3F74E8;\r\n        opacity: 0;\r\n        transition: 0.3s;\r\n    }\r\n    .card-pilar:hover {\r\n        transform: translateY(-10px);\r\n        box-shadow: 0 25px 50px -12px rgba(0,0,0,0.08);\r\n        border-color: #3F74E8;\r\n    }\r\n    .card-pilar:hover::before {\r\n        opacity: 1;\r\n    }\r\n    .tag-categoria {\r\n        font-size: 11px;\r\n        text-transform: uppercase;\r\n        letter-spacing: 2px;\r\n        color: #64748b;\r\n        font-weight: 700;\r\n        margin-bottom: 15px;\r\n        display: block;\r\n    }\r\n    .card-pilar h3 {\r\n        margin: 0 0 15px 0;\r\n        font-size: 22px;\r\n        line-height: 1.3;\r\n        font-weight: 800;\r\n    }\r\n    .card-pilar h3 a {\r\n        text-decoration: none;\r\n        color: #0f172a;\r\n        transition: color 0.3s;\r\n    }\r\n    .card-pilar p {\r\n        font-size: 15px;\r\n        color: #475569;\r\n        line-height: 1.6;\r\n        margin-bottom: 25px;\r\n    }\r\n    .footer-card {\r\n        margin-top: auto;\r\n    }\r\n    .cta-link {\r\n        font-size: 14px;\r\n        font-weight: 700;\r\n        color: #3F74E8;\r\n        display: inline-block;\r\n    }\r\n    @media (max-width: 768px) {\r\n        .tfj-ecosistema-guayaquil { margin: 30px auto; }\r\n        .card-pilar { padding: 25px; }\r\n    }\r\n<\/style>\t\t\t\t<\/div>\n\t\t\t\t<\/div>\n\t\t\t\t\t<\/div>\n\t\t<\/div>\n\t\t\t\t\t<\/div>\n\t\t<\/section>\n\t\t\t\t<section class=\"elementor-section elementor-top-section elementor-element elementor-element-9fe14b5 elementor-section-boxed elementor-section-height-default elementor-section-height-default wpr-particle-no wpr-jarallax-no wpr-parallax-no wpr-sticky-section-no wpr-equal-height-no\" data-id=\"9fe14b5\" data-element_type=\"section\" data-e-type=\"section\">\n\t\t\t\t\t\t<div class=\"elementor-container elementor-column-gap-default\">\n\t\t\t\t\t<div class=\"elementor-column elementor-col-100 elementor-top-column elementor-element elementor-element-ef55d04\" data-id=\"ef55d04\" data-element_type=\"column\" data-e-type=\"column\">\n\t\t\t<div class=\"elementor-widget-wrap elementor-element-populated\">\n\t\t\t\t\t\t<div class=\"elementor-element elementor-element-2dfd7cb elementor-widget elementor-widget-spacer\" data-id=\"2dfd7cb\" data-element_type=\"widget\" data-e-type=\"widget\" data-widget_type=\"spacer.default\">\n\t\t\t\t<div class=\"elementor-widget-container\">\n\t\t\t\t\t\t\t<div class=\"elementor-spacer\">\n\t\t\t<div class=\"elementor-spacer-inner\"><\/div>\n\t\t<\/div>\n\t\t\t\t\t\t<\/div>\n\t\t\t\t<\/div>\n\t\t\t\t\t<\/div>\n\t\t<\/div>\n\t\t\t\t\t<\/div>\n\t\t<\/section>\n\t\t\t\t<section class=\"elementor-section elementor-top-section elementor-element elementor-element-8bea8db elementor-section-boxed elementor-section-height-default elementor-section-height-default wpr-particle-no wpr-jarallax-no wpr-parallax-no wpr-sticky-section-no wpr-equal-height-no\" data-id=\"8bea8db\" data-element_type=\"section\" data-e-type=\"section\" data-settings=\"{&quot;background_background&quot;:&quot;classic&quot;}\">\n\t\t\t\t\t\t<div class=\"elementor-container elementor-column-gap-no\">\n\t\t\t\t\t<div class=\"elementor-column elementor-col-100 elementor-top-column elementor-element elementor-element-368a622\" data-id=\"368a622\" data-element_type=\"column\" data-e-type=\"column\">\n\t\t\t<div class=\"elementor-widget-wrap elementor-element-populated\">\n\t\t\t\t\t\t<section class=\"elementor-section elementor-inner-section elementor-element elementor-element-77dbf4b elementor-section-boxed elementor-section-height-default elementor-section-height-default wpr-particle-no wpr-jarallax-no wpr-parallax-no wpr-sticky-section-no wpr-equal-height-no\" data-id=\"77dbf4b\" data-element_type=\"section\" data-e-type=\"section\">\n\t\t\t\t\t\t<div class=\"elementor-container elementor-column-gap-default\">\n\t\t\t\t\t<div class=\"elementor-column elementor-col-20 elementor-inner-column elementor-element elementor-element-f9141b2\" data-id=\"f9141b2\" data-element_type=\"column\" data-e-type=\"column\">\n\t\t\t<div class=\"elementor-widget-wrap\">\n\t\t\t\t\t\t\t<\/div>\n\t\t<\/div>\n\t\t\t\t<div class=\"elementor-column elementor-col-20 elementor-inner-column elementor-element elementor-element-9d0418d\" data-id=\"9d0418d\" data-element_type=\"column\" data-e-type=\"column\">\n\t\t\t<div class=\"elementor-widget-wrap\">\n\t\t\t\t\t\t\t<\/div>\n\t\t<\/div>\n\t\t\t\t<div class=\"elementor-column elementor-col-20 elementor-inner-column elementor-element elementor-element-8f6632b\" data-id=\"8f6632b\" data-element_type=\"column\" data-e-type=\"column\" data-settings=\"{&quot;background_background&quot;:&quot;classic&quot;}\">\n\t\t\t<div class=\"elementor-widget-wrap elementor-element-populated\">\n\t\t\t\t\t<div class=\"elementor-background-overlay\"><\/div>\n\t\t\t\t\t\t<div class=\"elementor-element elementor-element-f9aae00 elementor-widget elementor-widget-spacer\" data-id=\"f9aae00\" data-element_type=\"widget\" data-e-type=\"widget\" data-widget_type=\"spacer.default\">\n\t\t\t\t<div class=\"elementor-widget-container\">\n\t\t\t\t\t\t\t<div class=\"elementor-spacer\">\n\t\t\t<div class=\"elementor-spacer-inner\"><\/div>\n\t\t<\/div>\n\t\t\t\t\t\t<\/div>\n\t\t\t\t<\/div>\n\t\t\t\t<div class=\"elementor-element elementor-element-cfda4d0 elementor-widget elementor-widget-heading\" data-id=\"cfda4d0\" data-element_type=\"widget\" data-e-type=\"widget\" data-widget_type=\"heading.default\">\n\t\t\t\t<div class=\"elementor-widget-container\">\n\t\t\t\t\t<h2 class=\"elementor-heading-title elementor-size-default\">Museo Nah\u00edm Isa\u00edas<\/h2>\t\t\t\t<\/div>\n\t\t\t\t<\/div>\n\t\t\t\t<div class=\"elementor-element elementor-element-2805f86 elementor-widget elementor-widget-spacer\" data-id=\"2805f86\" data-element_type=\"widget\" data-e-type=\"widget\" data-widget_type=\"spacer.default\">\n\t\t\t\t<div class=\"elementor-widget-container\">\n\t\t\t\t\t\t\t<div class=\"elementor-spacer\">\n\t\t\t<div class=\"elementor-spacer-inner\"><\/div>\n\t\t<\/div>\n\t\t\t\t\t\t<\/div>\n\t\t\t\t<\/div>\n\t\t\t\t<div class=\"elementor-element elementor-element-793fed6 elementor-widget elementor-widget-html\" data-id=\"793fed6\" data-element_type=\"widget\" data-e-type=\"widget\" data-widget_type=\"html.default\">\n\t\t\t\t<div class=\"elementor-widget-container\">\n\t\t\t\t\t<a class=\"weatherwidget-io\" href=\"https:\/\/forecast7.com\/es\/n2d17n79d92\/guayaquil\/\" data-label_1=\"GUAYAQUIL\" data-font=\"Ubuntu\" data-icons=\"Climacons Animated\" data-mode=\"Current\" data-days=\"3\" data-theme=\"gray\" data-basecolor=\"rgba(89, 99, 103, 0)\" >GUAYAQUIL<\/a>\r\n<script>\r\n!function(d,s,id){var js,fjs=d.getElementsByTagName(s)[0];if(!d.getElementById(id)){js=d.createElement(s);js.id=id;js.src='https:\/\/weatherwidget.io\/js\/widget.min.js';fjs.parentNode.insertBefore(js,fjs);}}(document,'script','weatherwidget-io-js');\r\n<\/script>\t\t\t\t<\/div>\n\t\t\t\t<\/div>\n\t\t\t\t<div class=\"elementor-element elementor-element-4d9135a elementor-widget elementor-widget-spacer\" data-id=\"4d9135a\" data-element_type=\"widget\" data-e-type=\"widget\" data-widget_type=\"spacer.default\">\n\t\t\t\t<div class=\"elementor-widget-container\">\n\t\t\t\t\t\t\t<div class=\"elementor-spacer\">\n\t\t\t<div class=\"elementor-spacer-inner\"><\/div>\n\t\t<\/div>\n\t\t\t\t\t\t<\/div>\n\t\t\t\t<\/div>\n\t\t\t\t<div class=\"elementor-element elementor-element-bd6ce02 elementor-align-center elementor-widget elementor-widget-button\" data-id=\"bd6ce02\" data-element_type=\"widget\" data-e-type=\"widget\" data-widget_type=\"button.default\">\n\t\t\t\t<div class=\"elementor-widget-container\">\n\t\t\t\t\t\t\t\t\t<div class=\"elementor-button-wrapper\">\n\t\t\t\t\t<a class=\"elementor-button elementor-button-link elementor-size-sm\" href=\"https:\/\/linktr.ee\/museonahimisaias?utm_source=ig&#038;utm_medium=social&#038;utm_content=link_in_bio\" target=\"_blank\">\n\t\t\t\t\t\t<span class=\"elementor-button-content-wrapper\">\n\t\t\t\t\t\t\t\t\t<span class=\"elementor-button-text\">Exposiciones<\/span>\n\t\t\t\t\t<\/span>\n\t\t\t\t\t<\/a>\n\t\t\t\t<\/div>\n\t\t\t\t\t\t\t\t<\/div>\n\t\t\t\t<\/div>\n\t\t\t\t<div class=\"elementor-element elementor-element-22c7fd1 elementor-widget elementor-widget-spacer\" data-id=\"22c7fd1\" data-element_type=\"widget\" data-e-type=\"widget\" data-widget_type=\"spacer.default\">\n\t\t\t\t<div class=\"elementor-widget-container\">\n\t\t\t\t\t\t\t<div class=\"elementor-spacer\">\n\t\t\t<div class=\"elementor-spacer-inner\"><\/div>\n\t\t<\/div>\n\t\t\t\t\t\t<\/div>\n\t\t\t\t<\/div>\n\t\t\t\t\t<\/div>\n\t\t<\/div>\n\t\t\t\t<div class=\"elementor-column elementor-col-20 elementor-inner-column elementor-element elementor-element-4a9c530\" data-id=\"4a9c530\" data-element_type=\"column\" data-e-type=\"column\">\n\t\t\t<div class=\"elementor-widget-wrap\">\n\t\t\t\t\t\t\t<\/div>\n\t\t<\/div>\n\t\t\t\t<div class=\"elementor-column elementor-col-20 elementor-inner-column elementor-element elementor-element-bf9cf00\" data-id=\"bf9cf00\" data-element_type=\"column\" data-e-type=\"column\">\n\t\t\t<div class=\"elementor-widget-wrap\">\n\t\t\t\t\t\t\t<\/div>\n\t\t<\/div>\n\t\t\t\t\t<\/div>\n\t\t<\/section>\n\t\t\t\t\t<\/div>\n\t\t<\/div>\n\t\t\t\t\t<\/div>\n\t\t<\/section>\n\t\t\t\t<section class=\"elementor-section elementor-top-section elementor-element elementor-element-719cb3f elementor-section-boxed elementor-section-height-default elementor-section-height-default wpr-particle-no wpr-jarallax-no wpr-parallax-no wpr-sticky-section-no wpr-equal-height-no\" data-id=\"719cb3f\" data-element_type=\"section\" data-e-type=\"section\">\n\t\t\t\t\t\t<div class=\"elementor-container elementor-column-gap-default\">\n\t\t\t\t\t<div class=\"elementor-column elementor-col-100 elementor-top-column elementor-element elementor-element-1282c0d\" data-id=\"1282c0d\" data-element_type=\"column\" data-e-type=\"column\">\n\t\t\t<div class=\"elementor-widget-wrap elementor-element-populated\">\n\t\t\t\t\t\t<div class=\"elementor-element elementor-element-287260e elementor-widget-divider--view-line elementor-widget elementor-widget-divider\" data-id=\"287260e\" data-element_type=\"widget\" data-e-type=\"widget\" data-widget_type=\"divider.default\">\n\t\t\t\t<div class=\"elementor-widget-container\">\n\t\t\t\t\t\t\t<div class=\"elementor-divider\">\n\t\t\t<span class=\"elementor-divider-separator\">\n\t\t\t\t\t\t<\/span>\n\t\t<\/div>\n\t\t\t\t\t\t<\/div>\n\t\t\t\t<\/div>\n\t\t\t\t<div class=\"elementor-element elementor-element-772e22b animated-slow elementor-invisible elementor-widget elementor-widget-heading\" data-id=\"772e22b\" data-element_type=\"widget\" data-e-type=\"widget\" data-settings=\"{&quot;_animation&quot;:&quot;fadeInUp&quot;}\" data-widget_type=\"heading.default\">\n\t\t\t\t<div class=\"elementor-widget-container\">\n\t\t\t\t\t<h3 class=\"elementor-heading-title elementor-size-default\">Trail Forth Journal<\/h3>\t\t\t\t<\/div>\n\t\t\t\t<\/div>\n\t\t\t\t\t<\/div>\n\t\t<\/div>\n\t\t\t\t\t<\/div>\n\t\t<\/section>\n\t\t\t\t<section class=\"elementor-section elementor-top-section elementor-element elementor-element-bd4dccc elementor-section-boxed elementor-section-height-default elementor-section-height-default wpr-particle-no wpr-jarallax-no wpr-parallax-no wpr-sticky-section-no wpr-equal-height-no\" data-id=\"bd4dccc\" data-element_type=\"section\" data-e-type=\"section\" data-settings=\"{&quot;background_background&quot;:&quot;classic&quot;}\">\n\t\t\t\t\t\t<div class=\"elementor-container elementor-column-gap-default\">\n\t\t\t\t\t<div class=\"elementor-column elementor-col-100 elementor-top-column elementor-element elementor-element-6111c48\" data-id=\"6111c48\" data-element_type=\"column\" data-e-type=\"column\">\n\t\t\t<div class=\"elementor-widget-wrap\">\n\t\t\t\t\t\t\t<\/div>\n\t\t<\/div>\n\t\t\t\t\t<\/div>\n\t\t<\/section>\n\t\t\t\t<section class=\"elementor-section elementor-top-section elementor-element elementor-element-13bcec4 elementor-section-boxed elementor-section-height-default elementor-section-height-default wpr-particle-no wpr-jarallax-no wpr-parallax-no wpr-sticky-section-no wpr-equal-height-no\" data-id=\"13bcec4\" data-element_type=\"section\" data-e-type=\"section\">\n\t\t\t\t\t\t<div class=\"elementor-container elementor-column-gap-default\">\n\t\t\t\t\t<div class=\"elementor-column elementor-col-100 elementor-top-column elementor-element elementor-element-8e5926b\" data-id=\"8e5926b\" data-element_type=\"column\" data-e-type=\"column\">\n\t\t\t<div class=\"elementor-widget-wrap elementor-element-populated\">\n\t\t\t\t\t\t<div class=\"elementor-element elementor-element-8445321 elementor-widget elementor-widget-html\" data-id=\"8445321\" data-element_type=\"widget\" data-e-type=\"widget\" data-widget_type=\"html.default\">\n\t\t\t\t<div class=\"elementor-widget-container\">\n\t\t\t\t\t<div class=\"tf-author-card\">\n    <div class=\"tf-card-inner\">\n        <div class=\"tf-author-profile\">\n            <div class=\"tf-avatar-container\">\n                <img data-recalc-dims=\"1\" decoding=\"async\" src=\"https:\/\/i0.wp.com\/trailforthjournal.com\/es\/wp-content\/uploads\/sites\/4\/2026\/02\/Editor-%C2%B7-Curador-de-rutas-y-experiencias.png?w=1032&#038;ssl=1\" alt=\"Jairo Cabrera\" class=\"tf-photo\">\n            <\/div>\n            <h3 class=\"tf-author-name\">Jairo Cabrera<\/h3>\n            <span class=\"tf-author-role\">Editor \u00b7 Curador de rutas y experiencias<\/span>\n        <\/div>\n\n        <div class=\"tf-author-content\">\n            <p class=\"tf-bio\">\n                \"Trail Forth Journal es un proyecto editorial independiente dedicado a documentar mapas, lugares, rutas y experiencias en Ecuador, desde una mirada local y cercana.\"\n            <\/p>\n            <p class=\"tf-support-text\">\n                 Si esta gu\u00eda te ayud\u00f3 a planear tu viaje, puedes escribirme si est\u00e1s organizando tu visita o apoyar el proyecto:\n            <\/p>\n            \n            <div class=\"tf-cta-group\">\n                <button class=\"tf-btn-primary\" onclick=\"toggleQueryPanel()\">\n                    <span>\ud83e\udded Ayuda para planear tu viaje<\/span>\n                <\/button>\n                <button class=\"tf-btn-secondary\" onclick=\"toggleStep1()\">\n                    <span>\u2615 Apoya Trail Forth Journal<\/span>\n                <\/button>\n            <\/div>\n        <\/div>\n    <\/div>\n\n    <div id=\"queryPanel\" class=\"tf-sliding-panel\">\n        <div class=\"tf-panel-content-box\">\n            <h4>\u00bfEn qu\u00e9 puedo ayudarte?<\/h4>\n            <p style=\"font-size: 13px; color: #666; margin-bottom: 15px;\">Cu\u00e9ntame sobre tus fechas, hotel o dudas de transporte para ayudarte a planear mejor.<\/p>\n            <textarea id=\"userQuery\" class=\"tf-query-textarea\" placeholder=\"Ej: Hola Jairo, planeo visitar Guayaquil...\"><\/textarea>\n            <div class=\"tf-action-grid\">\n                <button onclick=\"sendViaWhatsApp()\" class=\"tf-btn-action wa\"><span>Enviar por WhatsApp<\/span><\/button>\n                <button onclick=\"sendViaEmail()\" class=\"tf-btn-action mail\"><span>Enviar por Correo<\/span><\/button>\n            <\/div>\n        <\/div>\n    <\/div>\n\n    <div id=\"stepConsent\" class=\"tf-sliding-panel\">\n        <div class=\"tf-panel-content-box\">\n            <p>Este apoyo es voluntario y ayuda a sostener este proyecto editorial independiente.<\/p>\n            <label class=\"tf-checkbox-label\">\n                <input type=\"checkbox\" id=\"consentCheckbox\" onchange=\"toggleContinueBtn()\">\n                <span>Entiendo que esta es una contribuci\u00f3n voluntaria.<\/span>\n            <\/label>\n            <button class=\"tf-policy-link-btn\" onclick=\"openModal()\">Ver pol\u00edtica de contribuciones<\/button>\n            <button id=\"btnContinue\" class=\"tf-btn-continue\" disabled onclick=\"showQRCodes()\">Continuar<\/button>\n        <\/div>\n    <\/div>\n\n    <div id=\"stepQR\" class=\"tf-sliding-panel\" style=\"border-top: none;\">\n        <div class=\"tf-panel-content-box\">\n            \n            <div class=\"tf-qr-wrapper\">\n                <div class=\"tf-qr-card\">\n                    <img data-recalc-dims=\"1\" decoding=\"async\" src=\"https:\/\/i0.wp.com\/trailforthjournal.com\/es\/wp-content\/uploads\/sites\/4\/2026\/02\/QR-deuna.jpg?w=1032&#038;ssl=1\" alt=\"QR Deuna\">\n                <\/div>\n                <div class=\"tf-qr-card\">\n                    <img data-recalc-dims=\"1\" decoding=\"async\" src=\"https:\/\/i0.wp.com\/trailforthjournal.com\/es\/wp-content\/uploads\/sites\/4\/2026\/02\/QR-Zelle.jpg?w=1032&#038;ssl=1\" alt=\"QR Zelle\">\n                <\/div>\n            <\/div>\n\n            <div class=\"tf-direct-links\">\n                <a href=\"https:\/\/paypal.me\/trailforth\" target=\"_blank\" class=\"tf-link-btn paypal\">\n                    <img decoding=\"async\" src=\"https:\/\/upload.wikimedia.org\/wikipedia\/commons\/b\/b5\/PayPal.svg\" alt=\"PayPal\"> Contribuir por PayPal\n                <\/a>\n                <a href=\"https:\/\/www.buymeacoffee.com\/trailforthjournal\" target=\"_blank\" class=\"tf-link-btn bmc\">\n                    <span>\u2615<\/span> Buy Me a Coffee\n                <\/a>\n            <\/div>\n\n            <p class=\"tf-qr-footer\">\u201cTu apoyo voluntario nos ayuda a seguir documentando y compartiendo lugares de Ecuador desde una mirada local.\u201d<\/p>\n        <\/div>\n    <\/div>\n<\/div>\n\n<div id=\"policyModal\" class=\"tf-modal-overlay\">\n    <div class=\"tf-modal-content\">\n        <div class=\"tf-modal-header\">\n            <h4>Pol\u00edtica de Contribuciones<\/h4>\n            <button class=\"tf-close-modal\" onclick=\"closeModal()\">&times;<\/button>\n        <\/div>\n        <div class=\"tf-modal-body\">\n            <p>Las contribuciones realizadas son voluntarias, no reembolsables y ayudan a sostener el trabajo de documentaci\u00f3n de Trail Forth Journal.<\/p>\n        <\/div>\n        <div class=\"tf-modal-footer\">\n            <button class=\"tf-btn-primary\" style=\"padding: 10px 25px;\" onclick=\"closeModal()\">Entendido<\/button>\n        <\/div>\n    <\/div>\n<\/div>\n\n<style>\n    :root {\n        --tf-blue-dark: #1E3A8A; \n        --tf-blue-main: #3F74E8;  \n        --tf-blue-light: #4580FF; \n        --tf-wa-green: #25D366;\n    }\n\n    .tf-author-card {\n        max-width: 900px;\n        margin: 40px auto;\n        background: #ffffff;\n        border-radius: 30px;\n        border: 1px solid #eee;\n        box-shadow: 0 20px 50px rgba(0,0,0,0.05);\n        overflow: hidden;\n        font-family: 'Inter', sans-serif;\n    }\n\n    .tf-card-inner { display: flex; padding: 40px 50px; gap: 40px; align-items: center; }\n    .tf-avatar-container { width: 130px; height: 130px; margin: 0 auto; }\n    .tf-photo { width: 100%; height: 100%; border-radius: 50%; object-fit: cover; border: 1px solid #eee; }\n\n    .tf-author-profile { flex: 0 0 220px; text-align: center; }\n    .tf-author-name { margin: 15px 0 0 0; font-size: 22px; color: #111; font-weight: 800; }\n    .tf-author-role { font-size: 10px; color: var(--tf-blue-dark); text-transform: uppercase; letter-spacing: 1.5px; display: block; margin-top: 8px; font-weight: 500; }\n    .tf-bio { font-size: 15px; line-height: 1.6; color: #555; font-style: italic; margin-bottom: 20px; border-left: 3px solid #f0f2f4; padding-left: 20px; }\n    .tf-support-text { font-size: 14px; color: #333; margin-bottom: 20px; }\n\n    .tf-cta-group { display: flex; gap: 12px; }\n    .tf-btn-primary, .tf-btn-secondary { flex: 1; padding: 14px; border-radius: 12px; font-size: 12px; font-weight: 700; cursor: pointer; transition: 0.3s; border: none; color: white; }\n    .tf-btn-primary { background-color: var(--tf-blue-main); }\n    .tf-btn-secondary { background-color: var(--tf-blue-light); }\n    .tf-btn-primary:hover, .tf-btn-secondary:hover { transform: translateY(-2px); box-shadow: 0 5px 15px rgba(0,0,0,0.1); }\n\n    .tf-sliding-panel { display: none; background: #fafafa; padding: 35px; border-top: 1px solid #f0f0f0; animation: tfSlideUp 0.4s ease forwards; }\n    .tf-panel-content-box { text-align: center; max-width: 550px; margin: 0 auto; }\n    \n    .tf-query-textarea { width: 100%; height: 90px; padding: 15px; border-radius: 12px; border: 1px solid #ddd; font-size: 14px; resize: none; margin-bottom: 15px; }\n    .tf-action-grid { display: flex; gap: 12px; }\n    .tf-btn-action { flex: 1; padding: 12px; border-radius: 50px; border: none; color: white; font-weight: 700; cursor: pointer; font-size: 13px; }\n    .tf-btn-action.wa { background: var(--tf-wa-green); }\n    .tf-btn-action.mail { background: var(--tf-blue-dark); }\n\n    .tf-checkbox-label { display: flex; align-items: center; justify-content: center; gap: 10px; cursor: pointer; font-size: 13px; color: #666; margin-bottom: 15px; }\n    .tf-policy-link-btn { background: none; border: none; font-size: 11px; color: var(--tf-blue-main); text-decoration: underline; cursor: pointer; margin-bottom: 15px; width: 100%; }\n    .tf-btn-continue { background-color: #ccc; color: white; border: none; padding: 12px 30px; border-radius: 50px; font-weight: 700; cursor: not-allowed; }\n    .tf-btn-continue.active { background-color: var(--tf-blue-dark); cursor: pointer; }\n\n    \/* Estilos QRs Simplificados *\/\n    .tf-qr-wrapper { display: grid; grid-template-columns: 1fr 1fr; gap: 20px; max-width: 400px; margin: 0 auto 30px; }\n    .tf-qr-card { text-align: center; }\n    .tf-qr-card img { width: 100%; max-width: 170px; border-radius: 15px; border: 1px solid #eee; background: white; padding: 8px; box-shadow: 0 5px 15px rgba(0,0,0,0.03); }\n\n    \/* Botones de Link *\/\n    .tf-direct-links { display: flex; flex-direction: column; gap: 10px; max-width: 320px; margin: 0 auto; }\n    .tf-link-btn { display: flex; align-items: center; justify-content: center; gap: 8px; padding: 12px; border-radius: 10px; text-decoration: none; font-size: 12px; font-weight: 700; border: 1px solid #ddd; transition: 0.3s; }\n    .tf-link-btn.paypal { background: #fff; color: #003087; border-color: #003087; }\n    .tf-link-btn.paypal img { height: 14px; }\n    .tf-link-btn.bmc { background: #FFDD00; color: #000; border-color: #FFDD00; }\n    .tf-link-btn:hover { background: #f9f9f9; transform: translateY(-2px); box-shadow: 0 4px 10px rgba(0,0,0,0.05); }\n\n    .tf-qr-footer { text-align: center; margin-top: 25px; font-size: 12px; color: #888; font-style: italic; line-height: 1.5; }\n\n    \/* Modal *\/\n    .tf-modal-overlay { position: fixed; top: 0; left: 0; width: 100%; height: 100%; background: rgba(0,0,0,0.4); backdrop-filter: blur(3px); display: none; align-items: center; justify-content: center; z-index: 9999; }\n    .tf-modal-content { background: white; width: 85%; max-width: 400px; border-radius: 20px; overflow: hidden; }\n    .tf-modal-header { padding: 15px 20px; background: #fcfcfc; border-bottom: 1px solid #eee; display: flex; justify-content: space-between; align-items: center; }\n    .tf-close-modal { background: none; border: none; font-size: 22px; cursor: pointer; color: #bbb; }\n    .tf-modal-body { padding: 20px; font-size: 13px; color: #555; line-height: 1.5; }\n\n    @keyframes tfSlideUp { from { opacity: 0; transform: translateY(10px); } to { opacity: 1; transform: translateY(0); } }\n\n    @media (max-width: 768px) {\n        .tf-card-inner { flex-direction: column; text-align: center; padding: 30px; }\n        .tf-author-profile { flex: none; }\n        .tf-cta-group { flex-direction: column; }\n        .tf-qr-wrapper { grid-template-columns: 1fr; gap: 15px; }\n        .tf-qr-card img { max-width: 140px; }\n    }\n<\/style>\n\n<script>\nfunction toggleQueryPanel() {\n    document.getElementById('stepConsent').style.display = 'none';\n    document.getElementById('stepQR').style.display = 'none';\n    const p = document.getElementById('queryPanel');\n    p.style.display = (p.style.display === 'block') ? 'none' : 'block';\n}\nfunction toggleStep1() {\n    document.getElementById('queryPanel').style.display = 'none';\n    document.getElementById('stepQR').style.display = 'none';\n    const p = document.getElementById('stepConsent');\n    p.style.display = (p.style.display === 'block') ? 'none' : 'block';\n}\nfunction sendViaWhatsApp() {\n    const t = document.getElementById('userQuery').value;\n    if(!t) return alert(\"Por favor, escribe tu consulta.\");\n    window.open(`https:\/\/wa.me\/593978887324?text=${encodeURIComponent(t)}`, '_blank');\n}\nfunction sendViaEmail() {\n    const t = document.getElementById('userQuery').value;\n    if(!t) return alert(\"Por favor, escribe tu consulta.\");\n    window.location.href = `mailto:info@trailforthjournal.com?subject=Consulta&body=${encodeURIComponent(t)}`;\n}\nfunction toggleContinueBtn() {\n    const c = document.getElementById('consentCheckbox');\n    const b = document.getElementById('btnContinue');\n    b.disabled = !c.checked;\n    c.checked ? b.classList.add('active') : b.classList.remove('active');\n}\nfunction showQRCodes() {\n    document.getElementById('stepConsent').style.display = 'none';\n    document.getElementById('stepQR').style.display = 'block';\n}\nfunction openModal() { document.getElementById('policyModal').style.display = 'flex'; }\nfunction closeModal() { document.getElementById('policyModal').style.display = 'none'; }\n<\/script>\n\t\t\t\t<\/div>\n\t\t\t\t<\/div>\n\t\t\t\t\t<\/div>\n\t\t<\/div>\n\t\t\t\t\t<\/div>\n\t\t<\/section>\n\t\t\t\t<section class=\"elementor-section elementor-top-section elementor-element elementor-element-7205ce6 elementor-section-boxed elementor-section-height-default elementor-section-height-default wpr-particle-no wpr-jarallax-no wpr-parallax-no wpr-sticky-section-no wpr-equal-height-no\" data-id=\"7205ce6\" data-element_type=\"section\" data-e-type=\"section\">\n\t\t\t\t\t\t<div class=\"elementor-container elementor-column-gap-default\">\n\t\t\t\t\t<div class=\"elementor-column elementor-col-100 elementor-top-column elementor-element elementor-element-ba0140f\" data-id=\"ba0140f\" data-element_type=\"column\" data-e-type=\"column\">\n\t\t\t<div class=\"elementor-widget-wrap elementor-element-populated\">\n\t\t\t\t\t\t<div class=\"elementor-element elementor-element-bbc058e elementor-shape-rounded elementor-grid-0 e-grid-align-center elementor-widget elementor-widget-social-icons\" data-id=\"bbc058e\" data-element_type=\"widget\" data-e-type=\"widget\" data-widget_type=\"social-icons.default\">\n\t\t\t\t<div class=\"elementor-widget-container\">\n\t\t\t\t\t\t\t<div class=\"elementor-social-icons-wrapper elementor-grid\">\n\t\t\t\t\t\t\t<span class=\"elementor-grid-item\">\n\t\t\t\t\t<a class=\"elementor-icon elementor-social-icon elementor-social-icon-ellipsis-v elementor-repeater-item-07ab4f2\" target=\"_blank\">\n\t\t\t\t\t\t<span class=\"elementor-screen-only\">Ellipsis-v<\/span>\n\t\t\t\t\t\t<i aria-hidden=\"true\" class=\"fas fa-ellipsis-v\"><\/i>\t\t\t\t\t<\/a>\n\t\t\t\t<\/span>\n\t\t\t\t\t<\/div>\n\t\t\t\t\t\t<\/div>\n\t\t\t\t<\/div>\n\t\t\t\t\t<\/div>\n\t\t<\/div>\n\t\t\t\t\t<\/div>\n\t\t<\/section>\n\t\t\t\t<section class=\"elementor-section elementor-top-section elementor-element elementor-element-1f4e82a elementor-section-boxed elementor-section-height-default elementor-section-height-default wpr-particle-no wpr-jarallax-no wpr-parallax-no wpr-sticky-section-no wpr-equal-height-no\" data-id=\"1f4e82a\" data-element_type=\"section\" data-e-type=\"section\">\n\t\t\t\t\t\t<div class=\"elementor-container elementor-column-gap-no\">\n\t\t\t\t\t<div class=\"elementor-column elementor-col-100 elementor-top-column elementor-element elementor-element-cd02ef6\" data-id=\"cd02ef6\" data-element_type=\"column\" data-e-type=\"column\">\n\t\t\t<div class=\"elementor-widget-wrap elementor-element-populated\">\n\t\t\t\t\t\t<div class=\"elementor-element elementor-element-e7c3426 elementor-widget elementor-widget-heading\" data-id=\"e7c3426\" data-element_type=\"widget\" data-e-type=\"widget\" data-widget_type=\"heading.default\">\n\t\t\t\t<div class=\"elementor-widget-container\">\n\t\t\t\t\t<h4 class=\"elementor-heading-title elementor-size-default\">Compartir<\/h4>\t\t\t\t<\/div>\n\t\t\t\t<\/div>\n\t\t\t\t\t<\/div>\n\t\t<\/div>\n\t\t\t\t\t<\/div>\n\t\t<\/section>\n\t\t\t\t<section class=\"elementor-section elementor-top-section elementor-element elementor-element-c50cda9 elementor-section-boxed elementor-section-height-default elementor-section-height-default wpr-particle-no wpr-jarallax-no wpr-parallax-no wpr-sticky-section-no wpr-equal-height-no\" data-id=\"c50cda9\" data-element_type=\"section\" data-e-type=\"section\">\n\t\t\t\t\t\t<div class=\"elementor-container elementor-column-gap-default\">\n\t\t\t\t\t<div class=\"elementor-column elementor-col-100 elementor-top-column elementor-element elementor-element-1922056\" data-id=\"1922056\" data-element_type=\"column\" data-e-type=\"column\">\n\t\t\t<div class=\"elementor-widget-wrap elementor-element-populated\">\n\t\t\t\t\t\t<div class=\"elementor-element elementor-element-c62b1c3 elementor-widget elementor-widget-spacer\" data-id=\"c62b1c3\" data-element_type=\"widget\" data-e-type=\"widget\" data-widget_type=\"spacer.default\">\n\t\t\t\t<div class=\"elementor-widget-container\">\n\t\t\t\t\t\t\t<div class=\"elementor-spacer\">\n\t\t\t<div class=\"elementor-spacer-inner\"><\/div>\n\t\t<\/div>\n\t\t\t\t\t\t<\/div>\n\t\t\t\t<\/div>\n\t\t\t\t\t<\/div>\n\t\t<\/div>\n\t\t\t\t\t<\/div>\n\t\t<\/section>\n\t\t\t\t<section class=\"elementor-section elementor-top-section elementor-element elementor-element-666dd9d elementor-section-boxed elementor-section-height-default elementor-section-height-default wpr-particle-no wpr-jarallax-no wpr-parallax-no wpr-sticky-section-no wpr-equal-height-no\" data-id=\"666dd9d\" data-element_type=\"section\" data-e-type=\"section\">\n\t\t\t\t\t\t<div class=\"elementor-container elementor-column-gap-no\">\n\t\t\t\t\t<div class=\"elementor-column elementor-col-100 elementor-top-column elementor-element elementor-element-d672f1f\" data-id=\"d672f1f\" data-element_type=\"column\" data-e-type=\"column\">\n\t\t\t<div class=\"elementor-widget-wrap elementor-element-populated\">\n\t\t\t\t\t\t<div class=\"elementor-element elementor-element-0117556 elementor-view-default elementor-widget elementor-widget-icon\" data-id=\"0117556\" data-element_type=\"widget\" data-e-type=\"widget\" data-widget_type=\"icon.default\">\n\t\t\t\t<div class=\"elementor-widget-container\">\n\t\t\t\t\t\t\t<div class=\"elementor-icon-wrapper\">\n\t\t\t<div class=\"elementor-icon\">\n\t\t\t<i aria-hidden=\"true\" class=\"fas fa-share-alt\"><\/i>\t\t\t<\/div>\n\t\t<\/div>\n\t\t\t\t\t\t<\/div>\n\t\t\t\t<\/div>\n\t\t\t\t\t<\/div>\n\t\t<\/div>\n\t\t\t\t\t<\/div>\n\t\t<\/section>\n\t\t\t\t<section class=\"elementor-section elementor-top-section elementor-element elementor-element-3c337d8 elementor-section-boxed elementor-section-height-default elementor-section-height-default wpr-particle-no wpr-jarallax-no wpr-parallax-no wpr-sticky-section-no wpr-equal-height-no\" data-id=\"3c337d8\" data-element_type=\"section\" data-e-type=\"section\">\n\t\t\t\t\t\t<div class=\"elementor-container elementor-column-gap-default\">\n\t\t\t\t\t<div class=\"elementor-column elementor-col-100 elementor-top-column elementor-element elementor-element-f52c793\" data-id=\"f52c793\" data-element_type=\"column\" data-e-type=\"column\">\n\t\t\t<div class=\"elementor-widget-wrap elementor-element-populated\">\n\t\t\t\t\t\t<div class=\"elementor-element elementor-element-af0f54c elementor-widget elementor-widget-spacer\" data-id=\"af0f54c\" data-element_type=\"widget\" data-e-type=\"widget\" data-widget_type=\"spacer.default\">\n\t\t\t\t<div class=\"elementor-widget-container\">\n\t\t\t\t\t\t\t<div class=\"elementor-spacer\">\n\t\t\t<div class=\"elementor-spacer-inner\"><\/div>\n\t\t<\/div>\n\t\t\t\t\t\t<\/div>\n\t\t\t\t<\/div>\n\t\t\t\t\t<\/div>\n\t\t<\/div>\n\t\t\t\t\t<\/div>\n\t\t<\/section>\n\t\t\t\t<section class=\"elementor-section elementor-top-section elementor-element elementor-element-29525d5 elementor-section-boxed elementor-section-height-default elementor-section-height-default wpr-particle-no wpr-jarallax-no wpr-parallax-no wpr-sticky-section-no wpr-equal-height-no\" data-id=\"29525d5\" data-element_type=\"section\" data-e-type=\"section\">\n\t\t\t\t\t\t<div class=\"elementor-container elementor-column-gap-default\">\n\t\t\t\t\t<div class=\"elementor-column elementor-col-100 elementor-top-column elementor-element elementor-element-f2ff831\" data-id=\"f2ff831\" data-element_type=\"column\" data-e-type=\"column\">\n\t\t\t<div class=\"elementor-widget-wrap elementor-element-populated\">\n\t\t\t\t\t\t<div class=\"elementor-element elementor-element-d8ba540 elementor-grid-0 elementor-widget elementor-widget-wpr-sharing-buttons\" data-id=\"d8ba540\" data-element_type=\"widget\" data-e-type=\"widget\" data-widget_type=\"wpr-sharing-buttons.default\">\n\t\t\t\t<div class=\"elementor-widget-container\">\n\t\t\t\t\t<div class=\"wpr-sharing-buttons elementor-grid wpr-sharing-official wpr-sharing-label-off wpr-sharing-label-tr\"><div class=\"elementor-grid-item\"><a href=\"https:\/\/www.facebook.com\/sharer.php?u=https:\/\/trailforthjournal.com\/es\/cultura\/museo-nahim-isaias-guayaquil\/\" class=\"wpr-sharing-icon wpr-sharing-facebook-f\" title=\"\" target=\"_blank\"><i class=\"fab fa-facebook-f\"><\/i><\/a><\/div><div class=\"elementor-grid-item\"><a href=\"https:\/\/twitter.com\/intent\/tweet?url=https:\/\/trailforthjournal.com\/es\/cultura\/museo-nahim-isaias-guayaquil\/\" class=\"wpr-sharing-icon wpr-sharing-twitter\" title=\"\" target=\"_blank\"><i class=\"fab fa-twitter\"><\/i><\/a><\/div><div class=\"elementor-grid-item\"><a href=\"https:\/\/www.linkedin.com\/shareArticle?mini=true&url=https:\/\/trailforthjournal.com\/es\/cultura\/museo-nahim-isaias-guayaquil\/&title=Museo Nah\u00edm Isa\u00edas Barquet: Arte y Colecciones Hist\u00f3ricas en Guayaquil&summary=El Museo Nah\u00edm Isa\u00edas es una mirada a la historia y el pasado de la ciudad de Guayaquil. Cuenta con alrededor de 2.500 piezas de colecci\u00f3n&source=https:\/\/trailforthjournal.com\/es\/cultura\/museo-nahim-isaias-guayaquil\/\" class=\"wpr-sharing-icon wpr-sharing-linkedin-in\" title=\"\" target=\"_blank\"><i class=\"fab fa-linkedin-in\"><\/i><\/a><\/div><div class=\"elementor-grid-item\"><a href=\"https:\/\/api.whatsapp.com\/send?text=*Museo Nah\u00edm Isa\u00edas Barquet: Arte y Colecciones Hist\u00f3ricas en Guayaquil*%0ahttps:\/\/trailforthjournal.com\/es\/cultura\/museo-nahim-isaias-guayaquil\/\" class=\"wpr-sharing-icon wpr-sharing-whatsapp\" title=\"\" target=\"_blank\"><i class=\"fab fa-whatsapp\"><\/i><\/a><\/div><div class=\"elementor-grid-item\"><a href=\"mailto:?subject=Museo Nah\u00edm Isa\u00edas Barquet: Arte y Colecciones Hist\u00f3ricas en Guayaquil&body=https:\/\/trailforthjournal.com\/es\/cultura\/museo-nahim-isaias-guayaquil\/\" class=\"wpr-sharing-icon wpr-sharing-envelope\" title=\"\" target=\"_blank\"><i class=\"fas fa-envelope\"><\/i><\/a><\/div><\/div>\t\t\t\t<\/div>\n\t\t\t\t<\/div>\n\t\t\t\t\t<\/div>\n\t\t<\/div>\n\t\t\t\t\t<\/div>\n\t\t<\/section>\n\t\t\t\t<section class=\"elementor-section elementor-top-section elementor-element elementor-element-5aa8783 elementor-section-boxed elementor-section-height-default elementor-section-height-default wpr-particle-no wpr-jarallax-no wpr-parallax-no wpr-sticky-section-no wpr-equal-height-no\" data-id=\"5aa8783\" data-element_type=\"section\" data-e-type=\"section\">\n\t\t\t\t\t\t<div class=\"elementor-container elementor-column-gap-default\">\n\t\t\t\t\t<div class=\"elementor-column elementor-col-100 elementor-top-column elementor-element elementor-element-792f62f\" data-id=\"792f62f\" data-element_type=\"column\" data-e-type=\"column\">\n\t\t\t<div class=\"elementor-widget-wrap elementor-element-populated\">\n\t\t\t\t\t\t<div class=\"elementor-element elementor-element-e236518 elementor-widget elementor-widget-spacer\" data-id=\"e236518\" data-element_type=\"widget\" data-e-type=\"widget\" data-widget_type=\"spacer.default\">\n\t\t\t\t<div class=\"elementor-widget-container\">\n\t\t\t\t\t\t\t<div class=\"elementor-spacer\">\n\t\t\t<div class=\"elementor-spacer-inner\"><\/div>\n\t\t<\/div>\n\t\t\t\t\t\t<\/div>\n\t\t\t\t<\/div>\n\t\t\t\t\t<\/div>\n\t\t<\/div>\n\t\t\t\t\t<\/div>\n\t\t<\/section>\n\t\t\t\t<section class=\"elementor-section elementor-top-section elementor-element elementor-element-f3ee6f6 elementor-section-boxed elementor-section-height-default elementor-section-height-default wpr-particle-no wpr-jarallax-no wpr-parallax-no wpr-sticky-section-no wpr-equal-height-no\" data-id=\"f3ee6f6\" data-element_type=\"section\" data-e-type=\"section\">\n\t\t\t\t\t\t<div class=\"elementor-container elementor-column-gap-no\">\n\t\t\t\t\t<div class=\"elementor-column elementor-col-100 elementor-top-column elementor-element elementor-element-22e0d62\" data-id=\"22e0d62\" data-element_type=\"column\" data-e-type=\"column\">\n\t\t\t<div class=\"elementor-widget-wrap elementor-element-populated\">\n\t\t\t\t\t\t<div class=\"elementor-element elementor-element-b1ed2ec premium-title-color elementor-widget elementor-widget-premium-addon-title\" data-id=\"b1ed2ec\" data-element_type=\"widget\" data-e-type=\"widget\" data-widget_type=\"premium-addon-title.default\">\n\t\t\t\t<div class=\"elementor-widget-container\">\n\t\t\t\t\t\n\t\t<div class=\"premium-title-container style7\">\n\t\t\t<h4 class=\"premium-title-header premium-title-style7\">\n\t\t\t\t\t\t\t\t\t\t\t\t\t\t\t<span class=\"premium-title-style7-stripe-wrap\">\n\t\t\t\t\t\t\t<span class=\"premium-title-style7-stripe\"><\/span>\n\t\t\t\t\t\t<\/span>\n\t\t\t\t\t\t\t\t\t\t<div class=\"premium-title-style7-inner\">\n\t\t\t\t\n\t\t\t\t\n\t\t\t\t\t\t\t\t\t\t\t\t\t\t\t\t\t\t\t\t\t<span class=\"premium-title-text\">\n\t\t\t\t\tRelacionado\t\t\t\t<\/span>\n\t\t\t\t\t\n\t\t\t\t\t\t\t\t\t<\/div>\n\t\t\t\t\t\t\t\t\n\t\t\t\t\t\t\t<\/h4>\n\n\t\t<\/div>\n\n\t\t\t\t\t\t<\/div>\n\t\t\t\t<\/div>\n\t\t\t\t\t<\/div>\n\t\t<\/div>\n\t\t\t\t\t<\/div>\n\t\t<\/section>\n\t\t\t\t<section class=\"elementor-section elementor-top-section elementor-element elementor-element-b3832d1 elementor-section-content-middle elementor-section-full_width elementor-section-height-default elementor-section-height-default wpr-particle-no wpr-jarallax-no wpr-parallax-no wpr-sticky-section-no wpr-equal-height-no\" data-id=\"b3832d1\" data-element_type=\"section\" data-e-type=\"section\">\n\t\t\t\t\t\t<div class=\"elementor-container elementor-column-gap-no\">\n\t\t\t\t\t<div class=\"elementor-column elementor-col-100 elementor-top-column elementor-element elementor-element-ce925a4\" data-id=\"ce925a4\" data-element_type=\"column\" data-e-type=\"column\">\n\t\t\t<div class=\"elementor-widget-wrap elementor-element-populated\">\n\t\t\t\t\t\t<div class=\"elementor-element elementor-element-bbfff6b premium-blog-align-left elementor-widget elementor-widget-premium-addon-blog\" data-id=\"bbfff6b\" data-element_type=\"widget\" data-e-type=\"widget\" data-settings=\"{&quot;force_height&quot;:&quot;true&quot;,&quot;premium_blog_columns_number&quot;:&quot;25%&quot;,&quot;premium_blog_grid&quot;:&quot;yes&quot;,&quot;premium_blog_layout&quot;:&quot;even&quot;,&quot;premium_blog_columns_number_tablet&quot;:&quot;50%&quot;,&quot;premium_blog_columns_number_mobile&quot;:&quot;100%&quot;,&quot;scroll_to_offset&quot;:&quot;yes&quot;}\" data-widget_type=\"premium-addon-blog.default\">\n\t\t\t\t<div class=\"elementor-widget-container\">\n\t\t\t\t\t\n\t\t\n\n\t\t\t\t<div class=\"premium-blog-wrap  premium-blog-even\" data-page=\"9701\">\n\t\t\t\t\t\t\t\t\t<div class=\"premium-blog-post-outer-container\" data-total=\"7\">\n\t\t\t<div class=\"premium-blog-post-container premium-blog-skin-banner\">\n\t\t\t\t\t\t\t\t\t<div class=\"premium-blog-thumb-effect-wrapper\">\n\t\t\t\t\t\t<div class=\"premium-blog-thumbnail-container premium-blog-zoomin-effect\">\n\t\t\t\t\t\t\t<img fetchpriority=\"high\" decoding=\"async\" data-attachment-id=\"27101\" data-permalink=\"https:\/\/trailforthjournal.com\/es\/cultura\/iglesia-san-francisco-guayaquil\/attachment\/dji_0025-2\/\" data-orig-file=\"https:\/\/i0.wp.com\/trailforthjournal.com\/es\/wp-content\/uploads\/sites\/4\/2023\/10\/DJI_0025-2-scaled.jpg?fit=2560%2C1438&amp;ssl=1\" data-orig-size=\"2560,1438\" data-comments-opened=\"0\" data-image-meta=\"{&quot;aperture&quot;:&quot;2.8&quot;,&quot;credit&quot;:&quot;&quot;,&quot;camera&quot;:&quot;FC300C&quot;,&quot;caption&quot;:&quot;&quot;,&quot;created_timestamp&quot;:&quot;1553326760&quot;,&quot;copyright&quot;:&quot;&quot;,&quot;focal_length&quot;:&quot;3.61&quot;,&quot;iso&quot;:&quot;100&quot;,&quot;shutter_speed&quot;:&quot;0.0023809523809524&quot;,&quot;title&quot;:&quot;&quot;,&quot;orientation&quot;:&quot;1&quot;}\" data-image-title=\"Iglesia San Francisco, Guayaquil\" data-image-description=\"&lt;p&gt;Iglesia San Francisco, Guayaquil&lt;\/p&gt;\n\" data-image-caption=\"&lt;p&gt;Iglesia San Francisco, Guayaquil&lt;\/p&gt;\n\" data-large-file=\"https:\/\/i0.wp.com\/trailforthjournal.com\/es\/wp-content\/uploads\/sites\/4\/2023\/10\/DJI_0025-2-scaled.jpg?fit=1024%2C575&amp;ssl=1\" width=\"2560\" height=\"1438\" src=\"https:\/\/i0.wp.com\/trailforthjournal.com\/es\/wp-content\/uploads\/sites\/4\/2023\/10\/DJI_0025-2-scaled.jpg?fit=2560%2C1438&amp;ssl=1\" class=\"attachment-full size-full wp-image-27101\" alt=\"Iglesia San Francisco, Guayaquil\" data-attachment-id=\"27101\" data-permalink=\"https:\/\/trailforthjournal.com\/es\/cultura\/iglesia-san-francisco-guayaquil\/attachment\/dji_0025-2\/\" data-orig-file=\"https:\/\/i0.wp.com\/trailforthjournal.com\/es\/wp-content\/uploads\/sites\/4\/2023\/10\/DJI_0025-2-scaled.jpg?fit=2560%2C1438&amp;ssl=1\" data-orig-size=\"2560,1438\" data-comments-opened=\"0\" data-image-meta=\"{&quot;aperture&quot;:&quot;2.8&quot;,&quot;credit&quot;:&quot;&quot;,&quot;camera&quot;:&quot;FC300C&quot;,&quot;caption&quot;:&quot;&quot;,&quot;created_timestamp&quot;:&quot;1553326760&quot;,&quot;copyright&quot;:&quot;&quot;,&quot;focal_length&quot;:&quot;3.61&quot;,&quot;iso&quot;:&quot;100&quot;,&quot;shutter_speed&quot;:&quot;0.0023809523809524&quot;,&quot;title&quot;:&quot;&quot;,&quot;orientation&quot;:&quot;1&quot;}\" data-image-title=\"Iglesia San Francisco, Guayaquil\" data-image-description=\"&lt;p&gt;Iglesia San Francisco, Guayaquil&lt;\/p&gt;\n\" data-image-caption=\"&lt;p&gt;Iglesia San Francisco, Guayaquil&lt;\/p&gt;\n\" data-large-file=\"https:\/\/i0.wp.com\/trailforthjournal.com\/es\/wp-content\/uploads\/sites\/4\/2023\/10\/DJI_0025-2-scaled.jpg?fit=1024%2C575&amp;ssl=1\" srcset=\"https:\/\/i0.wp.com\/trailforthjournal.com\/es\/wp-content\/uploads\/sites\/4\/2023\/10\/DJI_0025-2-scaled.jpg?w=2560&amp;ssl=1 2560w, https:\/\/i0.wp.com\/trailforthjournal.com\/es\/wp-content\/uploads\/sites\/4\/2023\/10\/DJI_0025-2-scaled.jpg?resize=300%2C168&amp;ssl=1 300w, https:\/\/i0.wp.com\/trailforthjournal.com\/es\/wp-content\/uploads\/sites\/4\/2023\/10\/DJI_0025-2-scaled.jpg?resize=1024%2C575&amp;ssl=1 1024w, https:\/\/i0.wp.com\/trailforthjournal.com\/es\/wp-content\/uploads\/sites\/4\/2023\/10\/DJI_0025-2-scaled.jpg?resize=768%2C431&amp;ssl=1 768w, https:\/\/i0.wp.com\/trailforthjournal.com\/es\/wp-content\/uploads\/sites\/4\/2023\/10\/DJI_0025-2-scaled.jpg?resize=1536%2C863&amp;ssl=1 1536w, https:\/\/i0.wp.com\/trailforthjournal.com\/es\/wp-content\/uploads\/sites\/4\/2023\/10\/DJI_0025-2-scaled.jpg?resize=2048%2C1150&amp;ssl=1 2048w, https:\/\/i0.wp.com\/trailforthjournal.com\/es\/wp-content\/uploads\/sites\/4\/2023\/10\/DJI_0025-2-scaled.jpg?resize=89%2C50&amp;ssl=1 89w, https:\/\/i0.wp.com\/trailforthjournal.com\/es\/wp-content\/uploads\/sites\/4\/2023\/10\/DJI_0025-2-scaled.jpg?resize=600%2C337&amp;ssl=1 600w\" sizes=\"(max-width: 1032px) 100vw, 1032px\" \/>\t\t\t\t\t\t<\/div>\n\t\t\t\t\t\t\t\t\t\t\t\t\t<div class=\"premium-blog-thumbnail-overlay\">\n\t\t\t\t\t\t\t\t<a class=\"elementor-icon\" href=\"https:\/\/trailforthjournal.com\/es\/cultura\/iglesia-san-francisco-guayaquil\/\" target=\"_blank\"><\/a>\n\t\t\t\t\t\t\t<\/div>\n\n\t\t\t\t\t\t\t\t\t\t\t\t\t\t\t\t\t\t<\/div>\n\t\t\t\t\t\t\t\t\t\t\t\t<div class=\"premium-blog-content-wrapper \">\n\n\t\t\t\t\t<div class=\"premium-blog-inner-container\">\n\n\t\t\t\t\t\t\t\t\t\t\t\t\t\t<h1 class=\"premium-blog-entry-title\">\n\t\t\t<a href=\"https:\/\/trailforthjournal.com\/es\/cultura\/iglesia-san-francisco-guayaquil\/\" target=\"_blank\">\n\t\t\t\tIglesia San Francisco de Guayaquil: Historia, arquitectura y el legado de los Franciscanos\t\t\t<\/a>\n\t\t<\/h1>\n\t\t\t\t<div class=\"premium-blog-entry-meta\">\n\t\t\t\n\t\t\t\n\t\t\t\n\t\t\t\t\t<\/div>\n\t\t\n\t\t\t\t\t<\/div>\n\n\t\t\t\t\t\t\t\t\t\t\n\t\t\t\t<\/div>\n\t\t\t<\/div>\n\t\t<\/div>\n\n\t\t\t\t<div class=\"premium-blog-post-outer-container\" data-total=\"7\">\n\t\t\t<div class=\"premium-blog-post-container premium-blog-skin-banner\">\n\t\t\t\t\t\t\t\t\t<div class=\"premium-blog-thumb-effect-wrapper\">\n\t\t\t\t\t\t<div class=\"premium-blog-thumbnail-container premium-blog-zoomin-effect\">\n\t\t\t\t\t\t\t<img decoding=\"async\" data-attachment-id=\"10231\" data-permalink=\"https:\/\/trailforthjournal.com\/es\/cultura\/museo-antropologico-arte-contemporaneo\/attachment\/mqb-vue-de-lexposition-chamanes-dinivites-de-lequateur-precolombien-du-16-fevrier-au-15-mai-2016-2\/\" data-orig-file=\"https:\/\/i0.wp.com\/trailforthjournal.com\/es\/wp-content\/uploads\/sites\/4\/2022\/05\/24465770774_e36bc43f29_o-scaled.jpg?fit=2560%2C1707&amp;ssl=1\" data-orig-size=\"2560,1707\" data-comments-opened=\"0\" data-image-meta=\"{&quot;aperture&quot;:&quot;0&quot;,&quot;credit&quot;:&quot;Gautier Deblonde&quot;,&quot;camera&quot;:&quot;&quot;,&quot;caption&quot;:&quot;Mus\\u00e9e du quai Branly. Affiche de l&#039;exposition \\&quot;Chamanes \\u0026amp; dinivit\\u00e9s de l&#039;Equateur pr\\u00e9colombien. Du 16 f\\u00e9vrier au 15 mai 2016.\\n\\nMezzanine Est\\nIn\\u00e9dite en Europe de par son ampleur, cette exposition propose une immersion dans le monde des esprits de l\\u2019Equateur pr\\u00e9colombien \\u00e0 travers l\\u2019une de ses figures majeures : le chamane. Les 265 chefs-d\\u2019\\u0153uvre expos\\u00e9s, pour la plupart pr\\u00e9sent\\u00e9s pour la premi\\u00e8re fois en France, sont issus de plusieurs mus\\u00e9es du Minist\\u00e8re de la Culture et du Patrimoine d\\u2019Equateur. Ces pi\\u00e8ces arch\\u00e9ologiques exceptionnelles d\\u00e9voilent les myst\\u00e8res du chamanisme, legs mill\\u00e9naire transmis aux peuples de l\\u2019actuel Equateur.&quot;,&quot;created_timestamp&quot;:&quot;1455526540&quot;,&quot;copyright&quot;:&quot;\\u00a9 mus\\u00e9e du quai Branly, photo Gautier Deblonde&quot;,&quot;focal_length&quot;:&quot;0&quot;,&quot;iso&quot;:&quot;0&quot;,&quot;shutter_speed&quot;:&quot;0&quot;,&quot;title&quot;:&quot;MQB. Vue de l&#039;exposition \\&quot;Chamanes \\u0026amp; dinivit\\u00e9s de l&#039;Equateur pr\\u00e9colombien. Du 16 f\\u00e9vrier au 15 mai 2016.&quot;,&quot;orientation&quot;:&quot;0&quot;}\" data-image-title=\"museo-maac-guayaquil-arqueologia-precolombina\" data-image-description=\"&lt;p&gt;Vista de una vitrina de exhibici\u00f3n en el Museo Antropol\u00f3gico y de Arte Contempor\u00e1neo. Se observan diversas estatuillas de arcilla pertenecientes a culturas como la Valdivia, Chorrera o Bah\u00eda, destacando el detalle del modelado y las expresiones de las piezas bajo una iluminaci\u00f3n t\u00e9cnica museogr\u00e1fica&lt;\/p&gt;\n\" data-image-caption=\"&lt;p&gt;Tesoros del pasado: figuras ancestrales que narran la historia de las antiguas culturas de la costa ecuatoriana en el MAAC&lt;\/p&gt;\n\" data-large-file=\"https:\/\/i0.wp.com\/trailforthjournal.com\/es\/wp-content\/uploads\/sites\/4\/2022\/05\/24465770774_e36bc43f29_o-scaled.jpg?fit=1024%2C683&amp;ssl=1\" width=\"2560\" height=\"1707\" src=\"https:\/\/i0.wp.com\/trailforthjournal.com\/es\/wp-content\/uploads\/sites\/4\/2022\/05\/24465770774_e36bc43f29_o-scaled.jpg?fit=2560%2C1707&amp;ssl=1\" class=\"attachment-full size-full wp-image-10231\" alt=\"Exhibici\u00f3n de figuras de cer\u00e1mica precolombina en vitrinas iluminadas del Museo MAAC en Guayaquil, Ecuador\" data-attachment-id=\"10231\" data-permalink=\"https:\/\/trailforthjournal.com\/es\/cultura\/museo-antropologico-arte-contemporaneo\/attachment\/mqb-vue-de-lexposition-chamanes-dinivites-de-lequateur-precolombien-du-16-fevrier-au-15-mai-2016-2\/\" data-orig-file=\"https:\/\/i0.wp.com\/trailforthjournal.com\/es\/wp-content\/uploads\/sites\/4\/2022\/05\/24465770774_e36bc43f29_o-scaled.jpg?fit=2560%2C1707&amp;ssl=1\" data-orig-size=\"2560,1707\" data-comments-opened=\"0\" data-image-meta=\"{&quot;aperture&quot;:&quot;0&quot;,&quot;credit&quot;:&quot;Gautier Deblonde&quot;,&quot;camera&quot;:&quot;&quot;,&quot;caption&quot;:&quot;Mus\\u00e9e du quai Branly. Affiche de l&#039;exposition \\&quot;Chamanes \\u0026amp; dinivit\\u00e9s de l&#039;Equateur pr\\u00e9colombien. Du 16 f\\u00e9vrier au 15 mai 2016.\\n\\nMezzanine Est\\nIn\\u00e9dite en Europe de par son ampleur, cette exposition propose une immersion dans le monde des esprits de l\\u2019Equateur pr\\u00e9colombien \\u00e0 travers l\\u2019une de ses figures majeures : le chamane. Les 265 chefs-d\\u2019\\u0153uvre expos\\u00e9s, pour la plupart pr\\u00e9sent\\u00e9s pour la premi\\u00e8re fois en France, sont issus de plusieurs mus\\u00e9es du Minist\\u00e8re de la Culture et du Patrimoine d\\u2019Equateur. Ces pi\\u00e8ces arch\\u00e9ologiques exceptionnelles d\\u00e9voilent les myst\\u00e8res du chamanisme, legs mill\\u00e9naire transmis aux peuples de l\\u2019actuel Equateur.&quot;,&quot;created_timestamp&quot;:&quot;1455526540&quot;,&quot;copyright&quot;:&quot;\\u00a9 mus\\u00e9e du quai Branly, photo Gautier Deblonde&quot;,&quot;focal_length&quot;:&quot;0&quot;,&quot;iso&quot;:&quot;0&quot;,&quot;shutter_speed&quot;:&quot;0&quot;,&quot;title&quot;:&quot;MQB. Vue de l&#039;exposition \\&quot;Chamanes \\u0026amp; dinivit\\u00e9s de l&#039;Equateur pr\\u00e9colombien. Du 16 f\\u00e9vrier au 15 mai 2016.&quot;,&quot;orientation&quot;:&quot;0&quot;}\" data-image-title=\"museo-maac-guayaquil-arqueologia-precolombina\" data-image-description=\"&lt;p&gt;Vista de una vitrina de exhibici\u00f3n en el Museo Antropol\u00f3gico y de Arte Contempor\u00e1neo. Se observan diversas estatuillas de arcilla pertenecientes a culturas como la Valdivia, Chorrera o Bah\u00eda, destacando el detalle del modelado y las expresiones de las piezas bajo una iluminaci\u00f3n t\u00e9cnica museogr\u00e1fica&lt;\/p&gt;\n\" data-image-caption=\"&lt;p&gt;Tesoros del pasado: figuras ancestrales que narran la historia de las antiguas culturas de la costa ecuatoriana en el MAAC&lt;\/p&gt;\n\" data-large-file=\"https:\/\/i0.wp.com\/trailforthjournal.com\/es\/wp-content\/uploads\/sites\/4\/2022\/05\/24465770774_e36bc43f29_o-scaled.jpg?fit=1024%2C683&amp;ssl=1\" srcset=\"https:\/\/i0.wp.com\/trailforthjournal.com\/es\/wp-content\/uploads\/sites\/4\/2022\/05\/24465770774_e36bc43f29_o-scaled.jpg?w=2560&amp;ssl=1 2560w, https:\/\/i0.wp.com\/trailforthjournal.com\/es\/wp-content\/uploads\/sites\/4\/2022\/05\/24465770774_e36bc43f29_o-scaled.jpg?resize=300%2C200&amp;ssl=1 300w, https:\/\/i0.wp.com\/trailforthjournal.com\/es\/wp-content\/uploads\/sites\/4\/2022\/05\/24465770774_e36bc43f29_o-scaled.jpg?resize=1024%2C683&amp;ssl=1 1024w, https:\/\/i0.wp.com\/trailforthjournal.com\/es\/wp-content\/uploads\/sites\/4\/2022\/05\/24465770774_e36bc43f29_o-scaled.jpg?resize=768%2C512&amp;ssl=1 768w, https:\/\/i0.wp.com\/trailforthjournal.com\/es\/wp-content\/uploads\/sites\/4\/2022\/05\/24465770774_e36bc43f29_o-scaled.jpg?resize=1536%2C1024&amp;ssl=1 1536w, https:\/\/i0.wp.com\/trailforthjournal.com\/es\/wp-content\/uploads\/sites\/4\/2022\/05\/24465770774_e36bc43f29_o-scaled.jpg?resize=2048%2C1365&amp;ssl=1 2048w, https:\/\/i0.wp.com\/trailforthjournal.com\/es\/wp-content\/uploads\/sites\/4\/2022\/05\/24465770774_e36bc43f29_o-scaled.jpg?resize=225%2C150&amp;ssl=1 225w, https:\/\/i0.wp.com\/trailforthjournal.com\/es\/wp-content\/uploads\/sites\/4\/2022\/05\/24465770774_e36bc43f29_o-scaled.jpg?resize=600%2C400&amp;ssl=1 600w\" sizes=\"(max-width: 1032px) 100vw, 1032px\" \/>\t\t\t\t\t\t<\/div>\n\t\t\t\t\t\t\t\t\t\t\t\t\t<div class=\"premium-blog-thumbnail-overlay\">\n\t\t\t\t\t\t\t\t<a class=\"elementor-icon\" href=\"https:\/\/trailforthjournal.com\/es\/cultura\/museo-antropologico-arte-contemporaneo\/\" target=\"_blank\"><\/a>\n\t\t\t\t\t\t\t<\/div>\n\n\t\t\t\t\t\t\t\t\t\t\t\t\t\t\t\t\t\t<\/div>\n\t\t\t\t\t\t\t\t\t\t\t\t<div class=\"premium-blog-content-wrapper \">\n\n\t\t\t\t\t<div class=\"premium-blog-inner-container\">\n\n\t\t\t\t\t\t\t\t\t\t\t\t\t\t<h1 class=\"premium-blog-entry-title\">\n\t\t\t<a href=\"https:\/\/trailforthjournal.com\/es\/cultura\/museo-antropologico-arte-contemporaneo\/\" target=\"_blank\">\n\t\t\t\tMuseo Antropol\u00f3gico y de Arte Contempor\u00e1neo &#8211; MAAC: Arte, Historia y Cultura en Guayaquil\t\t\t<\/a>\n\t\t<\/h1>\n\t\t\t\t<div class=\"premium-blog-entry-meta\">\n\t\t\t\n\t\t\t\n\t\t\t\n\t\t\t\t\t<\/div>\n\t\t\n\t\t\t\t\t<\/div>\n\n\t\t\t\t\t\t\t\t\t\t\n\t\t\t\t<\/div>\n\t\t\t<\/div>\n\t\t<\/div>\n\n\t\t\t\t<div class=\"premium-blog-post-outer-container\" data-total=\"7\">\n\t\t\t<div class=\"premium-blog-post-container premium-blog-skin-banner\">\n\t\t\t\t\t\t\t\t\t<div class=\"premium-blog-thumb-effect-wrapper\">\n\t\t\t\t\t\t<div class=\"premium-blog-thumbnail-container premium-blog-zoomin-effect\">\n\t\t\t\t\t\t\t<img decoding=\"async\" data-attachment-id=\"27081\" data-permalink=\"https:\/\/trailforthjournal.com\/es\/cultura\/la-rotonda-guayaquil\/attachment\/wp_006754-2\/\" data-orig-file=\"https:\/\/i0.wp.com\/trailforthjournal.com\/es\/wp-content\/uploads\/sites\/4\/2023\/10\/WP_006754-2-scaled.jpg?fit=2560%2C1920&amp;ssl=1\" data-orig-size=\"2560,1920\" data-comments-opened=\"0\" data-image-meta=\"{&quot;aperture&quot;:&quot;2.2&quot;,&quot;credit&quot;:&quot;&quot;,&quot;camera&quot;:&quot;Nokia Lumia 900&quot;,&quot;caption&quot;:&quot;&quot;,&quot;created_timestamp&quot;:&quot;1463057036&quot;,&quot;copyright&quot;:&quot;&quot;,&quot;focal_length&quot;:&quot;0&quot;,&quot;iso&quot;:&quot;0&quot;,&quot;shutter_speed&quot;:&quot;0.00047596382674917&quot;,&quot;title&quot;:&quot;&quot;,&quot;orientation&quot;:&quot;1&quot;}\" data-image-title=\"hemiciclo-la-rotonda-malecon-2000\" data-image-description=\"&lt;p&gt;Vista frontal del monumento a la Entrevista de Guayaquil, ubicado en el Malec\u00f3n 2000, destacando sus columnas de m\u00e1rmol, las banderas sudamericanas y la cercan\u00eda al r\u00edo Guayas.&lt;\/p&gt;\n\" data-image-caption=\"&lt;p&gt;El Hemiciclo de la Rotonda conmemora el hist\u00f3rico encuentro entre Bol\u00edvar y San Mart\u00edn en Guayaquil.&lt;\/p&gt;\n\" data-large-file=\"https:\/\/i0.wp.com\/trailforthjournal.com\/es\/wp-content\/uploads\/sites\/4\/2023\/10\/WP_006754-2-scaled.jpg?fit=1024%2C768&amp;ssl=1\" width=\"2560\" height=\"1920\" src=\"https:\/\/i0.wp.com\/trailforthjournal.com\/es\/wp-content\/uploads\/sites\/4\/2023\/10\/WP_006754-2-scaled.jpg?fit=2560%2C1920&amp;ssl=1\" class=\"attachment-full size-full wp-image-27081\" alt=\"Monumento del Hemiciclo de la Rotonda con las estatuas de Sim\u00f3n Bol\u00edvar y Jos\u00e9 de San Mart\u00edn, rodeado de banderas y columnas blancas en el Malec\u00f3n 2000.\" data-attachment-id=\"27081\" data-permalink=\"https:\/\/trailforthjournal.com\/es\/cultura\/la-rotonda-guayaquil\/attachment\/wp_006754-2\/\" data-orig-file=\"https:\/\/i0.wp.com\/trailforthjournal.com\/es\/wp-content\/uploads\/sites\/4\/2023\/10\/WP_006754-2-scaled.jpg?fit=2560%2C1920&amp;ssl=1\" data-orig-size=\"2560,1920\" data-comments-opened=\"0\" data-image-meta=\"{&quot;aperture&quot;:&quot;2.2&quot;,&quot;credit&quot;:&quot;&quot;,&quot;camera&quot;:&quot;Nokia Lumia 900&quot;,&quot;caption&quot;:&quot;&quot;,&quot;created_timestamp&quot;:&quot;1463057036&quot;,&quot;copyright&quot;:&quot;&quot;,&quot;focal_length&quot;:&quot;0&quot;,&quot;iso&quot;:&quot;0&quot;,&quot;shutter_speed&quot;:&quot;0.00047596382674917&quot;,&quot;title&quot;:&quot;&quot;,&quot;orientation&quot;:&quot;1&quot;}\" data-image-title=\"hemiciclo-la-rotonda-malecon-2000\" data-image-description=\"&lt;p&gt;Vista frontal del monumento a la Entrevista de Guayaquil, ubicado en el Malec\u00f3n 2000, destacando sus columnas de m\u00e1rmol, las banderas sudamericanas y la cercan\u00eda al r\u00edo Guayas.&lt;\/p&gt;\n\" data-image-caption=\"&lt;p&gt;El Hemiciclo de la Rotonda conmemora el hist\u00f3rico encuentro entre Bol\u00edvar y San Mart\u00edn en Guayaquil.&lt;\/p&gt;\n\" data-large-file=\"https:\/\/i0.wp.com\/trailforthjournal.com\/es\/wp-content\/uploads\/sites\/4\/2023\/10\/WP_006754-2-scaled.jpg?fit=1024%2C768&amp;ssl=1\" srcset=\"https:\/\/i0.wp.com\/trailforthjournal.com\/es\/wp-content\/uploads\/sites\/4\/2023\/10\/WP_006754-2-scaled.jpg?w=2560&amp;ssl=1 2560w, https:\/\/i0.wp.com\/trailforthjournal.com\/es\/wp-content\/uploads\/sites\/4\/2023\/10\/WP_006754-2-scaled.jpg?resize=300%2C225&amp;ssl=1 300w, https:\/\/i0.wp.com\/trailforthjournal.com\/es\/wp-content\/uploads\/sites\/4\/2023\/10\/WP_006754-2-scaled.jpg?resize=1024%2C768&amp;ssl=1 1024w, https:\/\/i0.wp.com\/trailforthjournal.com\/es\/wp-content\/uploads\/sites\/4\/2023\/10\/WP_006754-2-scaled.jpg?resize=768%2C576&amp;ssl=1 768w, https:\/\/i0.wp.com\/trailforthjournal.com\/es\/wp-content\/uploads\/sites\/4\/2023\/10\/WP_006754-2-scaled.jpg?resize=1536%2C1152&amp;ssl=1 1536w, https:\/\/i0.wp.com\/trailforthjournal.com\/es\/wp-content\/uploads\/sites\/4\/2023\/10\/WP_006754-2-scaled.jpg?resize=2048%2C1536&amp;ssl=1 2048w, https:\/\/i0.wp.com\/trailforthjournal.com\/es\/wp-content\/uploads\/sites\/4\/2023\/10\/WP_006754-2-scaled.jpg?resize=67%2C50&amp;ssl=1 67w, https:\/\/i0.wp.com\/trailforthjournal.com\/es\/wp-content\/uploads\/sites\/4\/2023\/10\/WP_006754-2-scaled.jpg?resize=600%2C450&amp;ssl=1 600w\" sizes=\"(max-width: 1032px) 100vw, 1032px\" \/>\t\t\t\t\t\t<\/div>\n\t\t\t\t\t\t\t\t\t\t\t\t\t<div class=\"premium-blog-thumbnail-overlay\">\n\t\t\t\t\t\t\t\t<a class=\"elementor-icon\" href=\"https:\/\/trailforthjournal.com\/es\/cultura\/la-rotonda-guayaquil\/\" target=\"_blank\"><\/a>\n\t\t\t\t\t\t\t<\/div>\n\n\t\t\t\t\t\t\t\t\t\t\t\t\t\t\t\t\t\t<\/div>\n\t\t\t\t\t\t\t\t\t\t\t\t<div class=\"premium-blog-content-wrapper \">\n\n\t\t\t\t\t<div class=\"premium-blog-inner-container\">\n\n\t\t\t\t\t\t\t\t\t\t\t\t\t\t<h1 class=\"premium-blog-entry-title\">\n\t\t\t<a href=\"https:\/\/trailforthjournal.com\/es\/cultura\/la-rotonda-guayaquil\/\" target=\"_blank\">\n\t\t\t\tHemiciclo de La Rotonda en Guayaquil: historia y encuentro de Bol\u00edvar y San Mart\u00edn\t\t\t<\/a>\n\t\t<\/h1>\n\t\t\t\t<div class=\"premium-blog-entry-meta\">\n\t\t\t\n\t\t\t\n\t\t\t\n\t\t\t\t\t<\/div>\n\t\t\n\t\t\t\t\t<\/div>\n\n\t\t\t\t\t\t\t\t\t\t\n\t\t\t\t<\/div>\n\t\t\t<\/div>\n\t\t<\/div>\n\n\t\t\t\t<div class=\"premium-blog-post-outer-container\" data-total=\"7\">\n\t\t\t<div class=\"premium-blog-post-container premium-blog-skin-banner\">\n\t\t\t\t\t\t\t\t\t<div class=\"premium-blog-thumb-effect-wrapper\">\n\t\t\t\t\t\t<div class=\"premium-blog-thumbnail-container premium-blog-zoomin-effect\">\n\t\t\t\t\t\t\t<img loading=\"lazy\" decoding=\"async\" data-attachment-id=\"16329\" data-permalink=\"https:\/\/trailforthjournal.com\/es\/image00026\/\" data-orig-file=\"https:\/\/i0.wp.com\/trailforthjournal.com\/es\/wp-content\/uploads\/sites\/4\/2022\/12\/image00026-scaled.jpeg?fit=2560%2C1708&amp;ssl=1\" data-orig-size=\"2560,1708\" data-comments-opened=\"1\" data-image-meta=\"{&quot;aperture&quot;:&quot;3.2&quot;,&quot;credit&quot;:&quot;&quot;,&quot;camera&quot;:&quot;ILCE-7RM3&quot;,&quot;caption&quot;:&quot;&quot;,&quot;created_timestamp&quot;:&quot;1494454942&quot;,&quot;copyright&quot;:&quot;&quot;,&quot;focal_length&quot;:&quot;70&quot;,&quot;iso&quot;:&quot;1600&quot;,&quot;shutter_speed&quot;:&quot;0.00625&quot;,&quot;title&quot;:&quot;&quot;,&quot;orientation&quot;:&quot;1&quot;}\" data-image-title=\"Playa Para\u00edso Lodge, Playas\" data-image-description=\"&lt;p&gt;Playa Para\u00edso Lodge, Playas&lt;\/p&gt;\n\" data-image-caption=\"&lt;p&gt;Playa Para\u00edso Lodge, Playas&lt;\/p&gt;\n\" data-large-file=\"https:\/\/i0.wp.com\/trailforthjournal.com\/es\/wp-content\/uploads\/sites\/4\/2022\/12\/image00026-scaled.jpeg?fit=1024%2C683&amp;ssl=1\" width=\"2560\" height=\"1708\" src=\"https:\/\/i0.wp.com\/trailforthjournal.com\/es\/wp-content\/uploads\/sites\/4\/2022\/12\/image00026-scaled.jpeg?fit=2560%2C1708&amp;ssl=1\" class=\"attachment-full size-full wp-image-16329\" alt=\"Playa Para\u00edso Lodge, Playas\" data-attachment-id=\"16329\" data-permalink=\"https:\/\/trailforthjournal.com\/es\/image00026\/\" data-orig-file=\"https:\/\/i0.wp.com\/trailforthjournal.com\/es\/wp-content\/uploads\/sites\/4\/2022\/12\/image00026-scaled.jpeg?fit=2560%2C1708&amp;ssl=1\" data-orig-size=\"2560,1708\" data-comments-opened=\"1\" data-image-meta=\"{&quot;aperture&quot;:&quot;3.2&quot;,&quot;credit&quot;:&quot;&quot;,&quot;camera&quot;:&quot;ILCE-7RM3&quot;,&quot;caption&quot;:&quot;&quot;,&quot;created_timestamp&quot;:&quot;1494454942&quot;,&quot;copyright&quot;:&quot;&quot;,&quot;focal_length&quot;:&quot;70&quot;,&quot;iso&quot;:&quot;1600&quot;,&quot;shutter_speed&quot;:&quot;0.00625&quot;,&quot;title&quot;:&quot;&quot;,&quot;orientation&quot;:&quot;1&quot;}\" data-image-title=\"Playa Para\u00edso Lodge, Playas\" data-image-description=\"&lt;p&gt;Playa Para\u00edso Lodge, Playas&lt;\/p&gt;\n\" data-image-caption=\"&lt;p&gt;Playa Para\u00edso Lodge, Playas&lt;\/p&gt;\n\" data-large-file=\"https:\/\/i0.wp.com\/trailforthjournal.com\/es\/wp-content\/uploads\/sites\/4\/2022\/12\/image00026-scaled.jpeg?fit=1024%2C683&amp;ssl=1\" srcset=\"https:\/\/i0.wp.com\/trailforthjournal.com\/es\/wp-content\/uploads\/sites\/4\/2022\/12\/image00026-scaled.jpeg?w=2560&amp;ssl=1 2560w, https:\/\/i0.wp.com\/trailforthjournal.com\/es\/wp-content\/uploads\/sites\/4\/2022\/12\/image00026-scaled.jpeg?resize=300%2C200&amp;ssl=1 300w, https:\/\/i0.wp.com\/trailforthjournal.com\/es\/wp-content\/uploads\/sites\/4\/2022\/12\/image00026-scaled.jpeg?resize=1024%2C683&amp;ssl=1 1024w, https:\/\/i0.wp.com\/trailforthjournal.com\/es\/wp-content\/uploads\/sites\/4\/2022\/12\/image00026-scaled.jpeg?resize=768%2C512&amp;ssl=1 768w, https:\/\/i0.wp.com\/trailforthjournal.com\/es\/wp-content\/uploads\/sites\/4\/2022\/12\/image00026-scaled.jpeg?resize=1536%2C1025&amp;ssl=1 1536w, https:\/\/i0.wp.com\/trailforthjournal.com\/es\/wp-content\/uploads\/sites\/4\/2022\/12\/image00026-scaled.jpeg?resize=2048%2C1366&amp;ssl=1 2048w, https:\/\/i0.wp.com\/trailforthjournal.com\/es\/wp-content\/uploads\/sites\/4\/2022\/12\/image00026-scaled.jpeg?resize=225%2C150&amp;ssl=1 225w, https:\/\/i0.wp.com\/trailforthjournal.com\/es\/wp-content\/uploads\/sites\/4\/2022\/12\/image00026-scaled.jpeg?resize=600%2C400&amp;ssl=1 600w\" sizes=\"(max-width: 1032px) 100vw, 1032px\" \/>\t\t\t\t\t\t<\/div>\n\t\t\t\t\t\t\t\t\t\t\t\t\t<div class=\"premium-blog-thumbnail-overlay\">\n\t\t\t\t\t\t\t\t<a class=\"elementor-icon\" href=\"https:\/\/trailforthjournal.com\/es\/gastronomia\/general-villamil-playas-ecuador\/\" target=\"_blank\"><\/a>\n\t\t\t\t\t\t\t<\/div>\n\n\t\t\t\t\t\t\t\t\t\t\t\t\t\t\t\t\t\t<\/div>\n\t\t\t\t\t\t\t\t\t\t\t\t<div class=\"premium-blog-content-wrapper \">\n\n\t\t\t\t\t<div class=\"premium-blog-inner-container\">\n\n\t\t\t\t\t\t\t\t\t\t\t\t\t\t<h1 class=\"premium-blog-entry-title\">\n\t\t\t<a href=\"https:\/\/trailforthjournal.com\/es\/gastronomia\/general-villamil-playas-ecuador\/\" target=\"_blank\">\n\t\t\t\tGeneral Villamil Playas, Ecuador | La escapada tranquila que necesitas\t\t\t<\/a>\n\t\t<\/h1>\n\t\t\t\t<div class=\"premium-blog-entry-meta\">\n\t\t\t\n\t\t\t\n\t\t\t\n\t\t\t\t\t<\/div>\n\t\t\n\t\t\t\t\t<\/div>\n\n\t\t\t\t\t\t\t\t\t\t\n\t\t\t\t<\/div>\n\t\t\t<\/div>\n\t\t<\/div>\n\n\t\t\t\t\t\t\t<\/div>\n\n\t\t\n\t\t\n\t\t\t\t\t\t<\/div>\n\t\t\t\t<\/div>\n\t\t\t\t\t<\/div>\n\t\t<\/div>\n\t\t\t\t\t<\/div>\n\t\t<\/section>\n\t\t\t\t<section class=\"elementor-section elementor-top-section elementor-element elementor-element-724e2c2 elementor-section-boxed elementor-section-height-default elementor-section-height-default wpr-particle-no wpr-jarallax-no wpr-parallax-no wpr-sticky-section-no wpr-equal-height-no\" data-id=\"724e2c2\" data-element_type=\"section\" data-e-type=\"section\">\n\t\t\t\t\t\t<div class=\"elementor-container elementor-column-gap-default\">\n\t\t\t\t\t<div class=\"elementor-column elementor-col-100 elementor-top-column elementor-element elementor-element-dded3ce\" data-id=\"dded3ce\" data-element_type=\"column\" data-e-type=\"column\">\n\t\t\t<div class=\"elementor-widget-wrap elementor-element-populated\">\n\t\t\t\t\t\t<div class=\"elementor-element elementor-element-fa4144a elementor-widget elementor-widget-spacer\" data-id=\"fa4144a\" data-element_type=\"widget\" data-e-type=\"widget\" data-widget_type=\"spacer.default\">\n\t\t\t\t<div class=\"elementor-widget-container\">\n\t\t\t\t\t\t\t<div class=\"elementor-spacer\">\n\t\t\t<div class=\"elementor-spacer-inner\"><\/div>\n\t\t<\/div>\n\t\t\t\t\t\t<\/div>\n\t\t\t\t<\/div>\n\t\t\t\t\t<\/div>\n\t\t<\/div>\n\t\t\t\t\t<\/div>\n\t\t<\/section>\n\t\t\t\t<section class=\"elementor-section elementor-top-section elementor-element elementor-element-f0bff85 elementor-section-boxed elementor-section-height-default elementor-section-height-default wpr-particle-no wpr-jarallax-no wpr-parallax-no wpr-sticky-section-no wpr-equal-height-no\" data-id=\"f0bff85\" data-element_type=\"section\" data-e-type=\"section\">\n\t\t\t\t\t\t\t<div class=\"elementor-background-overlay\"><\/div>\n\t\t\t\t\t\t\t<div class=\"elementor-container elementor-column-gap-no\">\n\t\t\t\t\t<div class=\"elementor-column elementor-col-100 elementor-top-column elementor-element elementor-element-0a24c5b\" data-id=\"0a24c5b\" data-element_type=\"column\" data-e-type=\"column\">\n\t\t\t<div class=\"elementor-widget-wrap elementor-element-populated\">\n\t\t\t\t\t\t<div class=\"elementor-element elementor-element-254137b premium-title-color elementor-widget elementor-widget-premium-addon-title\" data-id=\"254137b\" data-element_type=\"widget\" data-e-type=\"widget\" data-widget_type=\"premium-addon-title.default\">\n\t\t\t\t<div class=\"elementor-widget-container\">\n\t\t\t\t\t\n\t\t<div class=\"premium-title-container style7\">\n\t\t\t<h4 class=\"premium-title-header premium-title-style7\">\n\t\t\t\t\t\t\t\t\t\t\t\t\t\t\t<span class=\"premium-title-style7-stripe-wrap\">\n\t\t\t\t\t\t\t<span class=\"premium-title-style7-stripe\"><\/span>\n\t\t\t\t\t\t<\/span>\n\t\t\t\t\t\t\t\t\t\t<div class=\"premium-title-style7-inner\">\n\t\t\t\t\n\t\t\t\t\n\t\t\t\t\t\t\t\t\t\t\t\t\t\t\t\t\t\t\t\t\t<span class=\"premium-title-text\">\n\t\t\t\t\tIr m\u00e1s lejos\t\t\t\t<\/span>\n\t\t\t\t\t\n\t\t\t\t\t\t\t\t\t<\/div>\n\t\t\t\t\t\t\t\t\n\t\t\t\t\t\t\t<\/h4>\n\n\t\t<\/div>\n\n\t\t\t\t\t\t<\/div>\n\t\t\t\t<\/div>\n\t\t\t\t\t<\/div>\n\t\t<\/div>\n\t\t\t\t\t<\/div>\n\t\t<\/section>\n\t\t\t\t<section class=\"elementor-section elementor-top-section elementor-element elementor-element-841f8c8 elementor-section-full_width elementor-section-content-middle elementor-section-height-default elementor-section-height-default wpr-particle-no wpr-jarallax-no wpr-parallax-no wpr-sticky-section-no wpr-equal-height-no\" data-id=\"841f8c8\" data-element_type=\"section\" data-e-type=\"section\" data-settings=\"{&quot;background_background&quot;:&quot;classic&quot;}\">\n\t\t\t\t\t\t<div class=\"elementor-container elementor-column-gap-no\">\n\t\t\t\t\t<div class=\"elementor-column elementor-col-100 elementor-top-column elementor-element elementor-element-3de712b\" data-id=\"3de712b\" data-element_type=\"column\" data-e-type=\"column\">\n\t\t\t<div class=\"elementor-widget-wrap elementor-element-populated\">\n\t\t\t\t\t\t<div class=\"elementor-element elementor-element-627ae5b premium-blog-align-left elementor-widget elementor-widget-premium-addon-blog\" data-id=\"627ae5b\" data-element_type=\"widget\" data-e-type=\"widget\" data-settings=\"{&quot;force_height&quot;:&quot;true&quot;,&quot;premium_blog_columns_number&quot;:&quot;25%&quot;,&quot;premium_blog_grid&quot;:&quot;yes&quot;,&quot;premium_blog_layout&quot;:&quot;even&quot;,&quot;premium_blog_columns_number_tablet&quot;:&quot;50%&quot;,&quot;premium_blog_columns_number_mobile&quot;:&quot;100%&quot;,&quot;scroll_to_offset&quot;:&quot;yes&quot;}\" data-widget_type=\"premium-addon-blog.default\">\n\t\t\t\t<div class=\"elementor-widget-container\">\n\t\t\t\t\t\n\t\t\n\n\t\t\t\t<div class=\"premium-blog-wrap  premium-blog-even\" data-page=\"9701\">\n\t\t\t\t\t\t\t\t\t<div class=\"premium-blog-post-outer-container\" data-total=\"3\">\n\t\t\t<div class=\"premium-blog-post-container premium-blog-skin-banner\">\n\t\t\t\t\t\t\t\t\t<div class=\"premium-blog-thumb-effect-wrapper\">\n\t\t\t\t\t\t<div class=\"premium-blog-thumbnail-container premium-blog-zoomin-effect\">\n\t\t\t\t\t\t\t<img loading=\"lazy\" decoding=\"async\" data-attachment-id=\"47755\" data-permalink=\"https:\/\/trailforthjournal.com\/es\/cultura\/centro-historico-cuenca\/attachment\/centro-historico-cuenca-ecuador\/\" data-orig-file=\"https:\/\/i0.wp.com\/trailforthjournal.com\/es\/wp-content\/uploads\/sites\/4\/2025\/01\/centro-historico-cuenca-ecuador.jpg?fit=1280%2C960&amp;ssl=1\" data-orig-size=\"1280,960\" data-comments-opened=\"0\" data-image-meta=\"{&quot;aperture&quot;:&quot;0&quot;,&quot;credit&quot;:&quot;&quot;,&quot;camera&quot;:&quot;&quot;,&quot;caption&quot;:&quot;&quot;,&quot;created_timestamp&quot;:&quot;0&quot;,&quot;copyright&quot;:&quot;&quot;,&quot;focal_length&quot;:&quot;0&quot;,&quot;iso&quot;:&quot;0&quot;,&quot;shutter_speed&quot;:&quot;0&quot;,&quot;title&quot;:&quot;&quot;,&quot;orientation&quot;:&quot;0&quot;}\" data-image-title=\"cuenca-centro-historico-catedral-inmaculada\" data-image-description=\"&lt;p&gt;Vista de la Catedral de la Inmaculada Concepci\u00f3n desde la calle Benigno Malo. Se aprecia el detalle del ladrillo visto, caracter\u00edstico de la ciudad, junto con la vida cotidiana en el Parque Calder\u00f3n y el flujo vehicular del casco antiguo&lt;\/p&gt;\n\" data-image-caption=\"&lt;p&gt;La imponente arquitectura de ladrillo de la Catedral Nueva, s\u00edmbolo del centro hist\u00f3rico de Cuenca.&lt;\/p&gt;\n\" data-large-file=\"https:\/\/i0.wp.com\/trailforthjournal.com\/es\/wp-content\/uploads\/sites\/4\/2025\/01\/centro-historico-cuenca-ecuador.jpg?fit=1024%2C768&amp;ssl=1\" width=\"1280\" height=\"960\" src=\"https:\/\/i0.wp.com\/trailforthjournal.com\/es\/wp-content\/uploads\/sites\/4\/2025\/01\/centro-historico-cuenca-ecuador.jpg?fit=1280%2C960&amp;ssl=1\" class=\"attachment-full size-full wp-image-47755\" alt=\"Fachada lateral de la Catedral de la Inmaculada Concepci\u00f3n en el centro hist\u00f3rico de Cuenca, mostrando su arquitectura de ladrillo y el entorno urbano patrimonial\" data-attachment-id=\"47755\" data-permalink=\"https:\/\/trailforthjournal.com\/es\/cultura\/centro-historico-cuenca\/attachment\/centro-historico-cuenca-ecuador\/\" data-orig-file=\"https:\/\/i0.wp.com\/trailforthjournal.com\/es\/wp-content\/uploads\/sites\/4\/2025\/01\/centro-historico-cuenca-ecuador.jpg?fit=1280%2C960&amp;ssl=1\" data-orig-size=\"1280,960\" data-comments-opened=\"0\" data-image-meta=\"{&quot;aperture&quot;:&quot;0&quot;,&quot;credit&quot;:&quot;&quot;,&quot;camera&quot;:&quot;&quot;,&quot;caption&quot;:&quot;&quot;,&quot;created_timestamp&quot;:&quot;0&quot;,&quot;copyright&quot;:&quot;&quot;,&quot;focal_length&quot;:&quot;0&quot;,&quot;iso&quot;:&quot;0&quot;,&quot;shutter_speed&quot;:&quot;0&quot;,&quot;title&quot;:&quot;&quot;,&quot;orientation&quot;:&quot;0&quot;}\" data-image-title=\"cuenca-centro-historico-catedral-inmaculada\" data-image-description=\"&lt;p&gt;Vista de la Catedral de la Inmaculada Concepci\u00f3n desde la calle Benigno Malo. Se aprecia el detalle del ladrillo visto, caracter\u00edstico de la ciudad, junto con la vida cotidiana en el Parque Calder\u00f3n y el flujo vehicular del casco antiguo&lt;\/p&gt;\n\" data-image-caption=\"&lt;p&gt;La imponente arquitectura de ladrillo de la Catedral Nueva, s\u00edmbolo del centro hist\u00f3rico de Cuenca.&lt;\/p&gt;\n\" data-large-file=\"https:\/\/i0.wp.com\/trailforthjournal.com\/es\/wp-content\/uploads\/sites\/4\/2025\/01\/centro-historico-cuenca-ecuador.jpg?fit=1024%2C768&amp;ssl=1\" srcset=\"https:\/\/i0.wp.com\/trailforthjournal.com\/es\/wp-content\/uploads\/sites\/4\/2025\/01\/centro-historico-cuenca-ecuador.jpg?w=1280&amp;ssl=1 1280w, https:\/\/i0.wp.com\/trailforthjournal.com\/es\/wp-content\/uploads\/sites\/4\/2025\/01\/centro-historico-cuenca-ecuador.jpg?resize=300%2C225&amp;ssl=1 300w, https:\/\/i0.wp.com\/trailforthjournal.com\/es\/wp-content\/uploads\/sites\/4\/2025\/01\/centro-historico-cuenca-ecuador.jpg?resize=1024%2C768&amp;ssl=1 1024w, https:\/\/i0.wp.com\/trailforthjournal.com\/es\/wp-content\/uploads\/sites\/4\/2025\/01\/centro-historico-cuenca-ecuador.jpg?resize=768%2C576&amp;ssl=1 768w, https:\/\/i0.wp.com\/trailforthjournal.com\/es\/wp-content\/uploads\/sites\/4\/2025\/01\/centro-historico-cuenca-ecuador.jpg?resize=67%2C50&amp;ssl=1 67w, https:\/\/i0.wp.com\/trailforthjournal.com\/es\/wp-content\/uploads\/sites\/4\/2025\/01\/centro-historico-cuenca-ecuador.jpg?resize=600%2C450&amp;ssl=1 600w\" sizes=\"(max-width: 1032px) 100vw, 1032px\" \/>\t\t\t\t\t\t<\/div>\n\t\t\t\t\t\t\t\t\t\t\t\t\t<div class=\"premium-blog-thumbnail-overlay\">\n\t\t\t\t\t\t\t\t<a class=\"elementor-icon\" href=\"https:\/\/trailforthjournal.com\/es\/cultura\/centro-historico-cuenca\/\" target=\"_blank\"><\/a>\n\t\t\t\t\t\t\t<\/div>\n\n\t\t\t\t\t\t\t\t\t\t\t\t\t\t\t\t\t\t<\/div>\n\t\t\t\t\t\t\t\t\t\t\t\t<div class=\"premium-blog-content-wrapper \">\n\n\t\t\t\t\t<div class=\"premium-blog-inner-container\">\n\n\t\t\t\t\t\t\t\t\t\t\t\t\t\t<h1 class=\"premium-blog-entry-title\">\n\t\t\t<a href=\"https:\/\/trailforthjournal.com\/es\/cultura\/centro-historico-cuenca\/\" target=\"_blank\">\n\t\t\t\tCentro Hist\u00f3rico de Cuenca: Descubre el Patrimonio de la UNESCO en Ecuador\t\t\t<\/a>\n\t\t<\/h1>\n\t\t\t\t<div class=\"premium-blog-entry-meta\">\n\t\t\t\n\t\t\t\n\t\t\t\n\t\t\t\t\t<\/div>\n\t\t\n\t\t\t\t\t<\/div>\n\n\t\t\t\t\t\t\t\t\t\t\n\t\t\t\t<\/div>\n\t\t\t<\/div>\n\t\t<\/div>\n\n\t\t\t\t<div class=\"premium-blog-post-outer-container\" data-total=\"3\">\n\t\t\t<div class=\"premium-blog-post-container premium-blog-skin-banner\">\n\t\t\t\t\t\t\t\t\t<div class=\"premium-blog-thumb-effect-wrapper\">\n\t\t\t\t\t\t<div class=\"premium-blog-thumbnail-container premium-blog-zoomin-effect\">\n\t\t\t\t\t\t\t<img loading=\"lazy\" decoding=\"async\" data-attachment-id=\"4776\" data-permalink=\"https:\/\/trailforthjournal.com\/es\/aventura\/volar-en-globo-ecuador\/attachment\/globo-11\/\" data-orig-file=\"https:\/\/i0.wp.com\/trailforthjournal.com\/es\/wp-content\/uploads\/sites\/4\/2022\/03\/Globo-11.jpg?fit=1920%2C1079&amp;ssl=1\" data-orig-size=\"1920,1079\" data-comments-opened=\"0\" data-image-meta=\"{&quot;aperture&quot;:&quot;0&quot;,&quot;credit&quot;:&quot;&quot;,&quot;camera&quot;:&quot;&quot;,&quot;caption&quot;:&quot;&quot;,&quot;created_timestamp&quot;:&quot;1584990586&quot;,&quot;copyright&quot;:&quot;&quot;,&quot;focal_length&quot;:&quot;0&quot;,&quot;iso&quot;:&quot;0&quot;,&quot;shutter_speed&quot;:&quot;0&quot;,&quot;title&quot;:&quot;&quot;,&quot;orientation&quot;:&quot;1&quot;}\" data-image-title=\"\u00bfC\u00f3mo es volar en un globo aerost\u00e1tico en Ecuador?\" data-image-description=\"&lt;p&gt;\u00bfC\u00f3mo es volar en un globo aerost\u00e1tico en Ecuador?&lt;\/p&gt;\n\" data-image-caption=\"&lt;p&gt;\u00bfC\u00f3mo es volar en un globo aerost\u00e1tico en Ecuador?&lt;\/p&gt;\n\" data-large-file=\"https:\/\/i0.wp.com\/trailforthjournal.com\/es\/wp-content\/uploads\/sites\/4\/2022\/03\/Globo-11.jpg?fit=1024%2C575&amp;ssl=1\" width=\"1920\" height=\"1079\" src=\"https:\/\/i0.wp.com\/trailforthjournal.com\/es\/wp-content\/uploads\/sites\/4\/2022\/03\/Globo-11.jpg?fit=1920%2C1079&amp;ssl=1\" class=\"attachment-full size-full wp-image-4776\" alt=\"\u00bfC\u00f3mo es volar en un globo aerost\u00e1tico en Ecuador?\" data-attachment-id=\"4776\" data-permalink=\"https:\/\/trailforthjournal.com\/es\/aventura\/volar-en-globo-ecuador\/attachment\/globo-11\/\" data-orig-file=\"https:\/\/i0.wp.com\/trailforthjournal.com\/es\/wp-content\/uploads\/sites\/4\/2022\/03\/Globo-11.jpg?fit=1920%2C1079&amp;ssl=1\" data-orig-size=\"1920,1079\" data-comments-opened=\"0\" data-image-meta=\"{&quot;aperture&quot;:&quot;0&quot;,&quot;credit&quot;:&quot;&quot;,&quot;camera&quot;:&quot;&quot;,&quot;caption&quot;:&quot;&quot;,&quot;created_timestamp&quot;:&quot;1584990586&quot;,&quot;copyright&quot;:&quot;&quot;,&quot;focal_length&quot;:&quot;0&quot;,&quot;iso&quot;:&quot;0&quot;,&quot;shutter_speed&quot;:&quot;0&quot;,&quot;title&quot;:&quot;&quot;,&quot;orientation&quot;:&quot;1&quot;}\" data-image-title=\"\u00bfC\u00f3mo es volar en un globo aerost\u00e1tico en Ecuador?\" data-image-description=\"&lt;p&gt;\u00bfC\u00f3mo es volar en un globo aerost\u00e1tico en Ecuador?&lt;\/p&gt;\n\" data-image-caption=\"&lt;p&gt;\u00bfC\u00f3mo es volar en un globo aerost\u00e1tico en Ecuador?&lt;\/p&gt;\n\" data-large-file=\"https:\/\/i0.wp.com\/trailforthjournal.com\/es\/wp-content\/uploads\/sites\/4\/2022\/03\/Globo-11.jpg?fit=1024%2C575&amp;ssl=1\" srcset=\"https:\/\/i0.wp.com\/trailforthjournal.com\/es\/wp-content\/uploads\/sites\/4\/2022\/03\/Globo-11.jpg?w=1920&amp;ssl=1 1920w, https:\/\/i0.wp.com\/trailforthjournal.com\/es\/wp-content\/uploads\/sites\/4\/2022\/03\/Globo-11.jpg?resize=300%2C169&amp;ssl=1 300w, https:\/\/i0.wp.com\/trailforthjournal.com\/es\/wp-content\/uploads\/sites\/4\/2022\/03\/Globo-11.jpg?resize=1024%2C575&amp;ssl=1 1024w, https:\/\/i0.wp.com\/trailforthjournal.com\/es\/wp-content\/uploads\/sites\/4\/2022\/03\/Globo-11.jpg?resize=768%2C432&amp;ssl=1 768w, https:\/\/i0.wp.com\/trailforthjournal.com\/es\/wp-content\/uploads\/sites\/4\/2022\/03\/Globo-11.jpg?resize=1536%2C863&amp;ssl=1 1536w, https:\/\/i0.wp.com\/trailforthjournal.com\/es\/wp-content\/uploads\/sites\/4\/2022\/03\/Globo-11.jpg?resize=267%2C150&amp;ssl=1 267w, https:\/\/i0.wp.com\/trailforthjournal.com\/es\/wp-content\/uploads\/sites\/4\/2022\/03\/Globo-11.jpg?resize=600%2C337&amp;ssl=1 600w\" sizes=\"(max-width: 1032px) 100vw, 1032px\" \/>\t\t\t\t\t\t<\/div>\n\t\t\t\t\t\t\t\t\t\t\t\t\t<div class=\"premium-blog-thumbnail-overlay\">\n\t\t\t\t\t\t\t\t<a class=\"elementor-icon\" href=\"https:\/\/trailforthjournal.com\/es\/aventura\/volar-en-globo-ecuador\/\" target=\"_blank\"><\/a>\n\t\t\t\t\t\t\t<\/div>\n\n\t\t\t\t\t\t\t\t\t\t\t\t\t\t\t\t\t\t<\/div>\n\t\t\t\t\t\t\t\t\t\t\t\t<div class=\"premium-blog-content-wrapper \">\n\n\t\t\t\t\t<div class=\"premium-blog-inner-container\">\n\n\t\t\t\t\t\t\t\t\t\t\t\t\t\t<h1 class=\"premium-blog-entry-title\">\n\t\t\t<a href=\"https:\/\/trailforthjournal.com\/es\/aventura\/volar-en-globo-ecuador\/\" target=\"_blank\">\n\t\t\t\t\u00bfC\u00f3mo es volar en un globo aerost\u00e1tico en Ecuador?\t\t\t<\/a>\n\t\t<\/h1>\n\t\t\t\t<div class=\"premium-blog-entry-meta\">\n\t\t\t\n\t\t\t\n\t\t\t\n\t\t\t\t\t<\/div>\n\t\t\n\t\t\t\t\t<\/div>\n\n\t\t\t\t\t\t\t\t\t\t\n\t\t\t\t<\/div>\n\t\t\t<\/div>\n\t\t<\/div>\n\n\t\t\t\t<div class=\"premium-blog-post-outer-container\" data-total=\"3\">\n\t\t\t<div class=\"premium-blog-post-container premium-blog-skin-banner\">\n\t\t\t\t\t\t\t\t\t<div class=\"premium-blog-thumb-effect-wrapper\">\n\t\t\t\t\t\t<div class=\"premium-blog-thumbnail-container premium-blog-zoomin-effect\">\n\t\t\t\t\t\t\t<img loading=\"lazy\" decoding=\"async\" data-attachment-id=\"50444\" data-permalink=\"https:\/\/trailforthjournal.com\/es\/aventura\/avenida-de-los-volcanes-ecuador\/attachment\/avenida-de-los-volcances-tungurahua\/\" data-orig-file=\"https:\/\/i0.wp.com\/trailforthjournal.com\/es\/wp-content\/uploads\/sites\/4\/2026\/01\/avenida-de-los-volcances-tungurahua.webp?fit=1440%2C961&amp;ssl=1\" data-orig-size=\"1440,961\" data-comments-opened=\"0\" data-image-meta=\"{&quot;aperture&quot;:&quot;0&quot;,&quot;credit&quot;:&quot;&quot;,&quot;camera&quot;:&quot;&quot;,&quot;caption&quot;:&quot;&quot;,&quot;created_timestamp&quot;:&quot;0&quot;,&quot;copyright&quot;:&quot;&quot;,&quot;focal_length&quot;:&quot;0&quot;,&quot;iso&quot;:&quot;0&quot;,&quot;shutter_speed&quot;:&quot;0&quot;,&quot;title&quot;:&quot;&quot;,&quot;orientation&quot;:&quot;0&quot;}\" data-image-title=\"volcan-tungurahua-avenida-volcanes-ecuador-turismo\" data-image-description=\"&lt;p&gt;Fotograf\u00eda de paisaje del Volc\u00e1n Tungurahua al amanecer o atardecer. Se observa la cima con nieve, laderas escarpadas y un mar de nubes que cubre los valles, con vegetaci\u00f3n densa de bosque nublado en primer plano&lt;\/p&gt;\n\" data-image-caption=\"&lt;p&gt;Vista del Volc\u00e1n Tungurahua nevado con nubes bajas y bosque andino exuberante en la Avenida de los Volcanes, Ecuador&lt;\/p&gt;\n\" data-large-file=\"https:\/\/i0.wp.com\/trailforthjournal.com\/es\/wp-content\/uploads\/sites\/4\/2026\/01\/avenida-de-los-volcances-tungurahua.webp?fit=1024%2C683&amp;ssl=1\" width=\"1440\" height=\"961\" src=\"https:\/\/i0.wp.com\/trailforthjournal.com\/es\/wp-content\/uploads\/sites\/4\/2026\/01\/avenida-de-los-volcances-tungurahua.webp?fit=1440%2C961&amp;ssl=1\" class=\"attachment-full size-full wp-image-50444\" alt=\"Vista del Volc\u00e1n Tungurahua nevado con nubes bajas y bosque andino exuberante en la Avenida de los Volcanes, Ecuador\" data-attachment-id=\"50444\" data-permalink=\"https:\/\/trailforthjournal.com\/es\/aventura\/avenida-de-los-volcanes-ecuador\/attachment\/avenida-de-los-volcances-tungurahua\/\" data-orig-file=\"https:\/\/i0.wp.com\/trailforthjournal.com\/es\/wp-content\/uploads\/sites\/4\/2026\/01\/avenida-de-los-volcances-tungurahua.webp?fit=1440%2C961&amp;ssl=1\" data-orig-size=\"1440,961\" data-comments-opened=\"0\" data-image-meta=\"{&quot;aperture&quot;:&quot;0&quot;,&quot;credit&quot;:&quot;&quot;,&quot;camera&quot;:&quot;&quot;,&quot;caption&quot;:&quot;&quot;,&quot;created_timestamp&quot;:&quot;0&quot;,&quot;copyright&quot;:&quot;&quot;,&quot;focal_length&quot;:&quot;0&quot;,&quot;iso&quot;:&quot;0&quot;,&quot;shutter_speed&quot;:&quot;0&quot;,&quot;title&quot;:&quot;&quot;,&quot;orientation&quot;:&quot;0&quot;}\" data-image-title=\"volcan-tungurahua-avenida-volcanes-ecuador-turismo\" data-image-description=\"&lt;p&gt;Fotograf\u00eda de paisaje del Volc\u00e1n Tungurahua al amanecer o atardecer. Se observa la cima con nieve, laderas escarpadas y un mar de nubes que cubre los valles, con vegetaci\u00f3n densa de bosque nublado en primer plano&lt;\/p&gt;\n\" data-image-caption=\"&lt;p&gt;Vista del Volc\u00e1n Tungurahua nevado con nubes bajas y bosque andino exuberante en la Avenida de los Volcanes, Ecuador&lt;\/p&gt;\n\" data-large-file=\"https:\/\/i0.wp.com\/trailforthjournal.com\/es\/wp-content\/uploads\/sites\/4\/2026\/01\/avenida-de-los-volcances-tungurahua.webp?fit=1024%2C683&amp;ssl=1\" srcset=\"https:\/\/i0.wp.com\/trailforthjournal.com\/es\/wp-content\/uploads\/sites\/4\/2026\/01\/avenida-de-los-volcances-tungurahua.webp?w=1440&amp;ssl=1 1440w, https:\/\/i0.wp.com\/trailforthjournal.com\/es\/wp-content\/uploads\/sites\/4\/2026\/01\/avenida-de-los-volcances-tungurahua.webp?resize=300%2C200&amp;ssl=1 300w, https:\/\/i0.wp.com\/trailforthjournal.com\/es\/wp-content\/uploads\/sites\/4\/2026\/01\/avenida-de-los-volcances-tungurahua.webp?resize=1024%2C683&amp;ssl=1 1024w, https:\/\/i0.wp.com\/trailforthjournal.com\/es\/wp-content\/uploads\/sites\/4\/2026\/01\/avenida-de-los-volcances-tungurahua.webp?resize=768%2C513&amp;ssl=1 768w, https:\/\/i0.wp.com\/trailforthjournal.com\/es\/wp-content\/uploads\/sites\/4\/2026\/01\/avenida-de-los-volcances-tungurahua.webp?resize=75%2C50&amp;ssl=1 75w, https:\/\/i0.wp.com\/trailforthjournal.com\/es\/wp-content\/uploads\/sites\/4\/2026\/01\/avenida-de-los-volcances-tungurahua.webp?resize=600%2C400&amp;ssl=1 600w\" sizes=\"(max-width: 1032px) 100vw, 1032px\" \/>\t\t\t\t\t\t<\/div>\n\t\t\t\t\t\t\t\t\t\t\t\t\t<div class=\"premium-blog-thumbnail-overlay\">\n\t\t\t\t\t\t\t\t<a class=\"elementor-icon\" href=\"https:\/\/trailforthjournal.com\/es\/aventura\/avenida-de-los-volcanes-ecuador\/\" target=\"_blank\"><\/a>\n\t\t\t\t\t\t\t<\/div>\n\n\t\t\t\t\t\t\t\t\t\t\t\t\t\t\t\t\t\t<\/div>\n\t\t\t\t\t\t\t\t\t\t\t\t<div class=\"premium-blog-content-wrapper \">\n\n\t\t\t\t\t<div class=\"premium-blog-inner-container\">\n\n\t\t\t\t\t\t\t\t\t\t\t\t\t\t<h1 class=\"premium-blog-entry-title\">\n\t\t\t<a href=\"https:\/\/trailforthjournal.com\/es\/aventura\/avenida-de-los-volcanes-ecuador\/\" target=\"_blank\">\n\t\t\t\tGu\u00eda de la Avenida de los Volcanes en Ecuador: fotograf\u00eda y aventura\t\t\t<\/a>\n\t\t<\/h1>\n\t\t\t\t<div class=\"premium-blog-entry-meta\">\n\t\t\t\n\t\t\t\n\t\t\t\n\t\t\t\t\t<\/div>\n\t\t\n\t\t\t\t\t<\/div>\n\n\t\t\t\t\t\t\t\t\t\t\n\t\t\t\t<\/div>\n\t\t\t<\/div>\n\t\t<\/div>\n\n\t\t\t\t<div class=\"premium-blog-post-outer-container\" data-total=\"3\">\n\t\t\t<div class=\"premium-blog-post-container premium-blog-skin-banner\">\n\t\t\t\t\t\t\t\t\t<div class=\"premium-blog-thumb-effect-wrapper\">\n\t\t\t\t\t\t<div class=\"premium-blog-thumbnail-container premium-blog-zoomin-effect\">\n\t\t\t\t\t\t\t<img loading=\"lazy\" decoding=\"async\" data-attachment-id=\"17566\" data-permalink=\"https:\/\/trailforthjournal.com\/es\/aventura\/lagunas-ozogoche-ecuador\/attachment\/ozogoche-2\/\" data-orig-file=\"https:\/\/i0.wp.com\/trailforthjournal.com\/es\/wp-content\/uploads\/sites\/4\/2023\/01\/Ozogoche-2.jpg?fit=1591%2C1188&amp;ssl=1\" data-orig-size=\"1591,1188\" data-comments-opened=\"0\" data-image-meta=\"{&quot;aperture&quot;:&quot;0&quot;,&quot;credit&quot;:&quot;&quot;,&quot;camera&quot;:&quot;&quot;,&quot;caption&quot;:&quot;&quot;,&quot;created_timestamp&quot;:&quot;0&quot;,&quot;copyright&quot;:&quot;&quot;,&quot;focal_length&quot;:&quot;0&quot;,&quot;iso&quot;:&quot;0&quot;,&quot;shutter_speed&quot;:&quot;0&quot;,&quot;title&quot;:&quot;&quot;,&quot;orientation&quot;:&quot;1&quot;}\" data-image-title=\"Lagunas de Ozogoche\" data-image-description=\"&lt;p&gt;Lagunas de Ozogoche&lt;\/p&gt;\n\" data-image-caption=\"&lt;p&gt;Lagunas de Ozogoche&lt;\/p&gt;\n\" data-large-file=\"https:\/\/i0.wp.com\/trailforthjournal.com\/es\/wp-content\/uploads\/sites\/4\/2023\/01\/Ozogoche-2.jpg?fit=1024%2C765&amp;ssl=1\" width=\"1591\" height=\"1188\" src=\"https:\/\/i0.wp.com\/trailforthjournal.com\/es\/wp-content\/uploads\/sites\/4\/2023\/01\/Ozogoche-2.jpg?fit=1591%2C1188&amp;ssl=1\" class=\"attachment-full size-full wp-image-17566\" alt=\"Lagunas de Ozogoche\" data-attachment-id=\"17566\" data-permalink=\"https:\/\/trailforthjournal.com\/es\/aventura\/lagunas-ozogoche-ecuador\/attachment\/ozogoche-2\/\" data-orig-file=\"https:\/\/i0.wp.com\/trailforthjournal.com\/es\/wp-content\/uploads\/sites\/4\/2023\/01\/Ozogoche-2.jpg?fit=1591%2C1188&amp;ssl=1\" data-orig-size=\"1591,1188\" data-comments-opened=\"0\" data-image-meta=\"{&quot;aperture&quot;:&quot;0&quot;,&quot;credit&quot;:&quot;&quot;,&quot;camera&quot;:&quot;&quot;,&quot;caption&quot;:&quot;&quot;,&quot;created_timestamp&quot;:&quot;0&quot;,&quot;copyright&quot;:&quot;&quot;,&quot;focal_length&quot;:&quot;0&quot;,&quot;iso&quot;:&quot;0&quot;,&quot;shutter_speed&quot;:&quot;0&quot;,&quot;title&quot;:&quot;&quot;,&quot;orientation&quot;:&quot;1&quot;}\" data-image-title=\"Lagunas de Ozogoche\" data-image-description=\"&lt;p&gt;Lagunas de Ozogoche&lt;\/p&gt;\n\" data-image-caption=\"&lt;p&gt;Lagunas de Ozogoche&lt;\/p&gt;\n\" data-large-file=\"https:\/\/i0.wp.com\/trailforthjournal.com\/es\/wp-content\/uploads\/sites\/4\/2023\/01\/Ozogoche-2.jpg?fit=1024%2C765&amp;ssl=1\" srcset=\"https:\/\/i0.wp.com\/trailforthjournal.com\/es\/wp-content\/uploads\/sites\/4\/2023\/01\/Ozogoche-2.jpg?w=1591&amp;ssl=1 1591w, https:\/\/i0.wp.com\/trailforthjournal.com\/es\/wp-content\/uploads\/sites\/4\/2023\/01\/Ozogoche-2.jpg?resize=300%2C224&amp;ssl=1 300w, https:\/\/i0.wp.com\/trailforthjournal.com\/es\/wp-content\/uploads\/sites\/4\/2023\/01\/Ozogoche-2.jpg?resize=1024%2C765&amp;ssl=1 1024w, https:\/\/i0.wp.com\/trailforthjournal.com\/es\/wp-content\/uploads\/sites\/4\/2023\/01\/Ozogoche-2.jpg?resize=768%2C573&amp;ssl=1 768w, https:\/\/i0.wp.com\/trailforthjournal.com\/es\/wp-content\/uploads\/sites\/4\/2023\/01\/Ozogoche-2.jpg?resize=1536%2C1147&amp;ssl=1 1536w, https:\/\/i0.wp.com\/trailforthjournal.com\/es\/wp-content\/uploads\/sites\/4\/2023\/01\/Ozogoche-2.jpg?resize=201%2C150&amp;ssl=1 201w, https:\/\/i0.wp.com\/trailforthjournal.com\/es\/wp-content\/uploads\/sites\/4\/2023\/01\/Ozogoche-2.jpg?resize=600%2C448&amp;ssl=1 600w\" sizes=\"(max-width: 1032px) 100vw, 1032px\" \/>\t\t\t\t\t\t<\/div>\n\t\t\t\t\t\t\t\t\t\t\t\t\t<div class=\"premium-blog-thumbnail-overlay\">\n\t\t\t\t\t\t\t\t<a class=\"elementor-icon\" href=\"https:\/\/trailforthjournal.com\/es\/aventura\/lagunas-ozogoche-ecuador\/\" target=\"_blank\"><\/a>\n\t\t\t\t\t\t\t<\/div>\n\n\t\t\t\t\t\t\t\t\t\t\t\t\t\t\t\t\t\t<\/div>\n\t\t\t\t\t\t\t\t\t\t\t\t<div class=\"premium-blog-content-wrapper \">\n\n\t\t\t\t\t<div class=\"premium-blog-inner-container\">\n\n\t\t\t\t\t\t\t\t\t\t\t\t\t\t<h1 class=\"premium-blog-entry-title\">\n\t\t\t<a href=\"https:\/\/trailforthjournal.com\/es\/aventura\/lagunas-ozogoche-ecuador\/\" target=\"_blank\">\n\t\t\t\tLagunas de Ozogoche, Ecuador: El misterio del Taita-Carnaval y el ritual de las aves\t\t\t<\/a>\n\t\t<\/h1>\n\t\t\t\t<div class=\"premium-blog-entry-meta\">\n\t\t\t\n\t\t\t\n\t\t\t\n\t\t\t\t\t<\/div>\n\t\t\n\t\t\t\t\t<\/div>\n\n\t\t\t\t\t\t\t\t\t\t\n\t\t\t\t<\/div>\n\t\t\t<\/div>\n\t\t<\/div>\n\n\t\t\t\t\t\t\t<\/div>\n\n\t\t\n\t\t\n\t\t\t\t\t\t<\/div>\n\t\t\t\t<\/div>\n\t\t\t\t\t<\/div>\n\t\t<\/div>\n\t\t\t\t\t<\/div>\n\t\t<\/section>\n\t\t\t\t<section class=\"elementor-section elementor-top-section elementor-element elementor-element-556abae elementor-section-full_width elementor-section-content-middle elementor-section-height-default elementor-section-height-default wpr-particle-no wpr-jarallax-no wpr-parallax-no wpr-sticky-section-no wpr-equal-height-no\" data-id=\"556abae\" data-element_type=\"section\" data-e-type=\"section\" data-settings=\"{&quot;background_background&quot;:&quot;classic&quot;}\">\n\t\t\t\t\t\t<div class=\"elementor-container elementor-column-gap-no\">\n\t\t\t\t\t<div class=\"elementor-column elementor-col-100 elementor-top-column elementor-element elementor-element-ec00d1f\" data-id=\"ec00d1f\" data-element_type=\"column\" data-e-type=\"column\">\n\t\t\t<div class=\"elementor-widget-wrap elementor-element-populated\">\n\t\t\t\t\t\t<div class=\"elementor-element elementor-element-d1c166d premium-blog-align-left elementor-widget elementor-widget-premium-addon-blog\" data-id=\"d1c166d\" data-element_type=\"widget\" data-e-type=\"widget\" data-settings=\"{&quot;force_height&quot;:&quot;true&quot;,&quot;premium_blog_columns_number&quot;:&quot;25%&quot;,&quot;premium_blog_grid&quot;:&quot;yes&quot;,&quot;premium_blog_layout&quot;:&quot;even&quot;,&quot;premium_blog_columns_number_tablet&quot;:&quot;50%&quot;,&quot;premium_blog_columns_number_mobile&quot;:&quot;100%&quot;,&quot;scroll_to_offset&quot;:&quot;yes&quot;}\" data-widget_type=\"premium-addon-blog.default\">\n\t\t\t\t<div class=\"elementor-widget-container\">\n\t\t\t\t\t\n\t\t\n\n\t\t\t\t<div class=\"premium-blog-wrap  premium-blog-even\" data-page=\"9701\">\n\t\t\t\t\t\t\t\t\t<div class=\"premium-blog-post-outer-container\" data-total=\"2\">\n\t\t\t<div class=\"premium-blog-post-container premium-blog-skin-banner\">\n\t\t\t\t\t\t\t\t\t<div class=\"premium-blog-thumb-effect-wrapper\">\n\t\t\t\t\t\t<div class=\"premium-blog-thumbnail-container premium-blog-zoomin-effect\">\n\t\t\t\t\t\t\t<img loading=\"lazy\" decoding=\"async\" data-attachment-id=\"12969\" data-permalink=\"https:\/\/trailforthjournal.com\/es\/ambiente\/reglas-imba-ciclismo-montana-ecuador\/attachment\/img_3304\/\" data-orig-file=\"https:\/\/i0.wp.com\/trailforthjournal.com\/es\/wp-content\/uploads\/sites\/4\/2022\/08\/IMG_3304.jpg?fit=1920%2C1280&amp;ssl=1\" data-orig-size=\"1920,1280\" data-comments-opened=\"0\" data-image-meta=\"{&quot;aperture&quot;:&quot;0&quot;,&quot;credit&quot;:&quot;&quot;,&quot;camera&quot;:&quot;&quot;,&quot;caption&quot;:&quot;&quot;,&quot;created_timestamp&quot;:&quot;0&quot;,&quot;copyright&quot;:&quot;&quot;,&quot;focal_length&quot;:&quot;0&quot;,&quot;iso&quot;:&quot;0&quot;,&quot;shutter_speed&quot;:&quot;0&quot;,&quot;title&quot;:&quot;&quot;,&quot;orientation&quot;:&quot;1&quot;}\" data-image-title=\"Reglas del camino, IMBA\" data-image-description=\"&lt;p&gt;Reglas del camino, IMBA&lt;\/p&gt;\n\" data-image-caption=\"&lt;p&gt;Reglas del camino, IMBA&lt;\/p&gt;\n\" data-large-file=\"https:\/\/i0.wp.com\/trailforthjournal.com\/es\/wp-content\/uploads\/sites\/4\/2022\/08\/IMG_3304.jpg?fit=1024%2C683&amp;ssl=1\" width=\"1920\" height=\"1280\" src=\"https:\/\/i0.wp.com\/trailforthjournal.com\/es\/wp-content\/uploads\/sites\/4\/2022\/08\/IMG_3304.jpg?fit=1920%2C1280&amp;ssl=1\" class=\"attachment-full size-full wp-image-12969\" alt=\"Reglas del camino, IMBA\" data-attachment-id=\"12969\" data-permalink=\"https:\/\/trailforthjournal.com\/es\/ambiente\/reglas-imba-ciclismo-montana-ecuador\/attachment\/img_3304\/\" data-orig-file=\"https:\/\/i0.wp.com\/trailforthjournal.com\/es\/wp-content\/uploads\/sites\/4\/2022\/08\/IMG_3304.jpg?fit=1920%2C1280&amp;ssl=1\" data-orig-size=\"1920,1280\" data-comments-opened=\"0\" data-image-meta=\"{&quot;aperture&quot;:&quot;0&quot;,&quot;credit&quot;:&quot;&quot;,&quot;camera&quot;:&quot;&quot;,&quot;caption&quot;:&quot;&quot;,&quot;created_timestamp&quot;:&quot;0&quot;,&quot;copyright&quot;:&quot;&quot;,&quot;focal_length&quot;:&quot;0&quot;,&quot;iso&quot;:&quot;0&quot;,&quot;shutter_speed&quot;:&quot;0&quot;,&quot;title&quot;:&quot;&quot;,&quot;orientation&quot;:&quot;1&quot;}\" data-image-title=\"Reglas del camino, IMBA\" data-image-description=\"&lt;p&gt;Reglas del camino, IMBA&lt;\/p&gt;\n\" data-image-caption=\"&lt;p&gt;Reglas del camino, IMBA&lt;\/p&gt;\n\" data-large-file=\"https:\/\/i0.wp.com\/trailforthjournal.com\/es\/wp-content\/uploads\/sites\/4\/2022\/08\/IMG_3304.jpg?fit=1024%2C683&amp;ssl=1\" srcset=\"https:\/\/i0.wp.com\/trailforthjournal.com\/es\/wp-content\/uploads\/sites\/4\/2022\/08\/IMG_3304.jpg?w=1920&amp;ssl=1 1920w, https:\/\/i0.wp.com\/trailforthjournal.com\/es\/wp-content\/uploads\/sites\/4\/2022\/08\/IMG_3304.jpg?resize=300%2C200&amp;ssl=1 300w, https:\/\/i0.wp.com\/trailforthjournal.com\/es\/wp-content\/uploads\/sites\/4\/2022\/08\/IMG_3304.jpg?resize=1024%2C683&amp;ssl=1 1024w, https:\/\/i0.wp.com\/trailforthjournal.com\/es\/wp-content\/uploads\/sites\/4\/2022\/08\/IMG_3304.jpg?resize=768%2C512&amp;ssl=1 768w, https:\/\/i0.wp.com\/trailforthjournal.com\/es\/wp-content\/uploads\/sites\/4\/2022\/08\/IMG_3304.jpg?resize=1536%2C1024&amp;ssl=1 1536w, https:\/\/i0.wp.com\/trailforthjournal.com\/es\/wp-content\/uploads\/sites\/4\/2022\/08\/IMG_3304.jpg?resize=225%2C150&amp;ssl=1 225w\" sizes=\"(max-width: 1032px) 100vw, 1032px\" \/>\t\t\t\t\t\t<\/div>\n\t\t\t\t\t\t\t\t\t\t\t\t\t<div class=\"premium-blog-thumbnail-overlay\">\n\t\t\t\t\t\t\t\t<a class=\"elementor-icon\" href=\"https:\/\/trailforthjournal.com\/es\/ambiente\/reglas-imba-ciclismo-montana-ecuador\/\" target=\"_blank\"><\/a>\n\t\t\t\t\t\t\t<\/div>\n\n\t\t\t\t\t\t\t\t\t\t\t\t\t\t\t\t\t\t<\/div>\n\t\t\t\t\t\t\t\t\t\t\t\t<div class=\"premium-blog-content-wrapper \">\n\n\t\t\t\t\t<div class=\"premium-blog-inner-container\">\n\n\t\t\t\t\t\t\t\t\t\t\t\t\t\t<h1 class=\"premium-blog-entry-title\">\n\t\t\t<a href=\"https:\/\/trailforthjournal.com\/es\/ambiente\/reglas-imba-ciclismo-montana-ecuador\/\" target=\"_blank\">\n\t\t\t\tReglas IMBA en Ecuador: La Gu\u00eda \u00c9tica del Ciclismo de Monta\u00f1a Responsable\t\t\t<\/a>\n\t\t<\/h1>\n\t\t\t\t<div class=\"premium-blog-entry-meta\">\n\t\t\t\n\t\t\t\n\t\t\t\n\t\t\t\t\t<\/div>\n\t\t\n\t\t\t\t\t<\/div>\n\n\t\t\t\t\t\t\t\t\t\t\n\t\t\t\t<\/div>\n\t\t\t<\/div>\n\t\t<\/div>\n\n\t\t\t\t<div class=\"premium-blog-post-outer-container\" data-total=\"2\">\n\t\t\t<div class=\"premium-blog-post-container premium-blog-skin-banner\">\n\t\t\t\t\t\t\t\t\t<div class=\"premium-blog-thumb-effect-wrapper\">\n\t\t\t\t\t\t<div class=\"premium-blog-thumbnail-container premium-blog-zoomin-effect\">\n\t\t\t\t\t\t\t<img loading=\"lazy\" decoding=\"async\" data-attachment-id=\"50444\" data-permalink=\"https:\/\/trailforthjournal.com\/es\/aventura\/avenida-de-los-volcanes-ecuador\/attachment\/avenida-de-los-volcances-tungurahua\/\" data-orig-file=\"https:\/\/i0.wp.com\/trailforthjournal.com\/es\/wp-content\/uploads\/sites\/4\/2026\/01\/avenida-de-los-volcances-tungurahua.webp?fit=1440%2C961&amp;ssl=1\" data-orig-size=\"1440,961\" data-comments-opened=\"0\" data-image-meta=\"{&quot;aperture&quot;:&quot;0&quot;,&quot;credit&quot;:&quot;&quot;,&quot;camera&quot;:&quot;&quot;,&quot;caption&quot;:&quot;&quot;,&quot;created_timestamp&quot;:&quot;0&quot;,&quot;copyright&quot;:&quot;&quot;,&quot;focal_length&quot;:&quot;0&quot;,&quot;iso&quot;:&quot;0&quot;,&quot;shutter_speed&quot;:&quot;0&quot;,&quot;title&quot;:&quot;&quot;,&quot;orientation&quot;:&quot;0&quot;}\" data-image-title=\"volcan-tungurahua-avenida-volcanes-ecuador-turismo\" data-image-description=\"&lt;p&gt;Fotograf\u00eda de paisaje del Volc\u00e1n Tungurahua al amanecer o atardecer. Se observa la cima con nieve, laderas escarpadas y un mar de nubes que cubre los valles, con vegetaci\u00f3n densa de bosque nublado en primer plano&lt;\/p&gt;\n\" data-image-caption=\"&lt;p&gt;Vista del Volc\u00e1n Tungurahua nevado con nubes bajas y bosque andino exuberante en la Avenida de los Volcanes, Ecuador&lt;\/p&gt;\n\" data-large-file=\"https:\/\/i0.wp.com\/trailforthjournal.com\/es\/wp-content\/uploads\/sites\/4\/2026\/01\/avenida-de-los-volcances-tungurahua.webp?fit=1024%2C683&amp;ssl=1\" width=\"1440\" height=\"961\" src=\"https:\/\/i0.wp.com\/trailforthjournal.com\/es\/wp-content\/uploads\/sites\/4\/2026\/01\/avenida-de-los-volcances-tungurahua.webp?fit=1440%2C961&amp;ssl=1\" class=\"attachment-full size-full wp-image-50444\" alt=\"Vista del Volc\u00e1n Tungurahua nevado con nubes bajas y bosque andino exuberante en la Avenida de los Volcanes, Ecuador\" data-attachment-id=\"50444\" data-permalink=\"https:\/\/trailforthjournal.com\/es\/aventura\/avenida-de-los-volcanes-ecuador\/attachment\/avenida-de-los-volcances-tungurahua\/\" data-orig-file=\"https:\/\/i0.wp.com\/trailforthjournal.com\/es\/wp-content\/uploads\/sites\/4\/2026\/01\/avenida-de-los-volcances-tungurahua.webp?fit=1440%2C961&amp;ssl=1\" data-orig-size=\"1440,961\" data-comments-opened=\"0\" data-image-meta=\"{&quot;aperture&quot;:&quot;0&quot;,&quot;credit&quot;:&quot;&quot;,&quot;camera&quot;:&quot;&quot;,&quot;caption&quot;:&quot;&quot;,&quot;created_timestamp&quot;:&quot;0&quot;,&quot;copyright&quot;:&quot;&quot;,&quot;focal_length&quot;:&quot;0&quot;,&quot;iso&quot;:&quot;0&quot;,&quot;shutter_speed&quot;:&quot;0&quot;,&quot;title&quot;:&quot;&quot;,&quot;orientation&quot;:&quot;0&quot;}\" data-image-title=\"volcan-tungurahua-avenida-volcanes-ecuador-turismo\" data-image-description=\"&lt;p&gt;Fotograf\u00eda de paisaje del Volc\u00e1n Tungurahua al amanecer o atardecer. Se observa la cima con nieve, laderas escarpadas y un mar de nubes que cubre los valles, con vegetaci\u00f3n densa de bosque nublado en primer plano&lt;\/p&gt;\n\" data-image-caption=\"&lt;p&gt;Vista del Volc\u00e1n Tungurahua nevado con nubes bajas y bosque andino exuberante en la Avenida de los Volcanes, Ecuador&lt;\/p&gt;\n\" data-large-file=\"https:\/\/i0.wp.com\/trailforthjournal.com\/es\/wp-content\/uploads\/sites\/4\/2026\/01\/avenida-de-los-volcances-tungurahua.webp?fit=1024%2C683&amp;ssl=1\" srcset=\"https:\/\/i0.wp.com\/trailforthjournal.com\/es\/wp-content\/uploads\/sites\/4\/2026\/01\/avenida-de-los-volcances-tungurahua.webp?w=1440&amp;ssl=1 1440w, https:\/\/i0.wp.com\/trailforthjournal.com\/es\/wp-content\/uploads\/sites\/4\/2026\/01\/avenida-de-los-volcances-tungurahua.webp?resize=300%2C200&amp;ssl=1 300w, https:\/\/i0.wp.com\/trailforthjournal.com\/es\/wp-content\/uploads\/sites\/4\/2026\/01\/avenida-de-los-volcances-tungurahua.webp?resize=1024%2C683&amp;ssl=1 1024w, https:\/\/i0.wp.com\/trailforthjournal.com\/es\/wp-content\/uploads\/sites\/4\/2026\/01\/avenida-de-los-volcances-tungurahua.webp?resize=768%2C513&amp;ssl=1 768w, https:\/\/i0.wp.com\/trailforthjournal.com\/es\/wp-content\/uploads\/sites\/4\/2026\/01\/avenida-de-los-volcances-tungurahua.webp?resize=75%2C50&amp;ssl=1 75w, https:\/\/i0.wp.com\/trailforthjournal.com\/es\/wp-content\/uploads\/sites\/4\/2026\/01\/avenida-de-los-volcances-tungurahua.webp?resize=600%2C400&amp;ssl=1 600w\" sizes=\"(max-width: 1032px) 100vw, 1032px\" \/>\t\t\t\t\t\t<\/div>\n\t\t\t\t\t\t\t\t\t\t\t\t\t<div class=\"premium-blog-thumbnail-overlay\">\n\t\t\t\t\t\t\t\t<a class=\"elementor-icon\" href=\"https:\/\/trailforthjournal.com\/es\/aventura\/avenida-de-los-volcanes-ecuador\/\" target=\"_blank\"><\/a>\n\t\t\t\t\t\t\t<\/div>\n\n\t\t\t\t\t\t\t\t\t\t\t\t\t\t\t\t\t\t<\/div>\n\t\t\t\t\t\t\t\t\t\t\t\t<div class=\"premium-blog-content-wrapper \">\n\n\t\t\t\t\t<div class=\"premium-blog-inner-container\">\n\n\t\t\t\t\t\t\t\t\t\t\t\t\t\t<h1 class=\"premium-blog-entry-title\">\n\t\t\t<a href=\"https:\/\/trailforthjournal.com\/es\/aventura\/avenida-de-los-volcanes-ecuador\/\" target=\"_blank\">\n\t\t\t\tGu\u00eda de la Avenida de los Volcanes en Ecuador: fotograf\u00eda y aventura\t\t\t<\/a>\n\t\t<\/h1>\n\t\t\t\t<div class=\"premium-blog-entry-meta\">\n\t\t\t\n\t\t\t\n\t\t\t\n\t\t\t\t\t<\/div>\n\t\t\n\t\t\t\t\t<\/div>\n\n\t\t\t\t\t\t\t\t\t\t\n\t\t\t\t<\/div>\n\t\t\t<\/div>\n\t\t<\/div>\n\n\t\t\t\t<div class=\"premium-blog-post-outer-container\" data-total=\"2\">\n\t\t\t<div class=\"premium-blog-post-container premium-blog-skin-banner\">\n\t\t\t\t\t\t\t\t\t<div class=\"premium-blog-thumb-effect-wrapper\">\n\t\t\t\t\t\t<div class=\"premium-blog-thumbnail-container premium-blog-zoomin-effect\">\n\t\t\t\t\t\t\t<img loading=\"lazy\" decoding=\"async\" data-attachment-id=\"14519\" data-permalink=\"https:\/\/trailforthjournal.com\/es\/cultura\/importancia-del-turismo-ecuador\/attachment\/cotopaxi-by-tourist\/\" data-orig-file=\"https:\/\/i0.wp.com\/trailforthjournal.com\/es\/wp-content\/uploads\/sites\/4\/2022\/10\/Cotopaxi-by-tourist-scaled.jpg?fit=2560%2C1920&amp;ssl=1\" data-orig-size=\"2560,1920\" data-comments-opened=\"1\" data-image-meta=\"{&quot;aperture&quot;:&quot;8&quot;,&quot;credit&quot;:&quot;&quot;,&quot;camera&quot;:&quot;FinePix S100FS&quot;,&quot;caption&quot;:&quot;&quot;,&quot;created_timestamp&quot;:&quot;1261841149&quot;,&quot;copyright&quot;:&quot;&quot;,&quot;focal_length&quot;:&quot;15.4&quot;,&quot;iso&quot;:&quot;400&quot;,&quot;shutter_speed&quot;:&quot;0.00052631578947368&quot;,&quot;title&quot;:&quot;&quot;,&quot;orientation&quot;:&quot;1&quot;}\" data-image-title=\"Cotopaxi fotografiado por turistas\" data-image-description=\"&lt;p&gt;Cotopaxi fotografiado por turistas&lt;\/p&gt;\n\" data-image-caption=\"&lt;p&gt;Cotopaxi fotografiado por turistas&lt;\/p&gt;\n\" data-large-file=\"https:\/\/i0.wp.com\/trailforthjournal.com\/es\/wp-content\/uploads\/sites\/4\/2022\/10\/Cotopaxi-by-tourist-scaled.jpg?fit=1024%2C768&amp;ssl=1\" width=\"2560\" height=\"1920\" src=\"https:\/\/i0.wp.com\/trailforthjournal.com\/es\/wp-content\/uploads\/sites\/4\/2022\/10\/Cotopaxi-by-tourist-scaled.jpg?fit=2560%2C1920&amp;ssl=1\" class=\"attachment-full size-full wp-image-14519\" alt=\"Cotopaxi fotografiado por turistas\" data-attachment-id=\"14519\" data-permalink=\"https:\/\/trailforthjournal.com\/es\/cultura\/importancia-del-turismo-ecuador\/attachment\/cotopaxi-by-tourist\/\" data-orig-file=\"https:\/\/i0.wp.com\/trailforthjournal.com\/es\/wp-content\/uploads\/sites\/4\/2022\/10\/Cotopaxi-by-tourist-scaled.jpg?fit=2560%2C1920&amp;ssl=1\" data-orig-size=\"2560,1920\" data-comments-opened=\"1\" data-image-meta=\"{&quot;aperture&quot;:&quot;8&quot;,&quot;credit&quot;:&quot;&quot;,&quot;camera&quot;:&quot;FinePix S100FS&quot;,&quot;caption&quot;:&quot;&quot;,&quot;created_timestamp&quot;:&quot;1261841149&quot;,&quot;copyright&quot;:&quot;&quot;,&quot;focal_length&quot;:&quot;15.4&quot;,&quot;iso&quot;:&quot;400&quot;,&quot;shutter_speed&quot;:&quot;0.00052631578947368&quot;,&quot;title&quot;:&quot;&quot;,&quot;orientation&quot;:&quot;1&quot;}\" data-image-title=\"Cotopaxi fotografiado por turistas\" data-image-description=\"&lt;p&gt;Cotopaxi fotografiado por turistas&lt;\/p&gt;\n\" data-image-caption=\"&lt;p&gt;Cotopaxi fotografiado por turistas&lt;\/p&gt;\n\" data-large-file=\"https:\/\/i0.wp.com\/trailforthjournal.com\/es\/wp-content\/uploads\/sites\/4\/2022\/10\/Cotopaxi-by-tourist-scaled.jpg?fit=1024%2C768&amp;ssl=1\" srcset=\"https:\/\/i0.wp.com\/trailforthjournal.com\/es\/wp-content\/uploads\/sites\/4\/2022\/10\/Cotopaxi-by-tourist-scaled.jpg?w=2560&amp;ssl=1 2560w, https:\/\/i0.wp.com\/trailforthjournal.com\/es\/wp-content\/uploads\/sites\/4\/2022\/10\/Cotopaxi-by-tourist-scaled.jpg?resize=300%2C225&amp;ssl=1 300w, https:\/\/i0.wp.com\/trailforthjournal.com\/es\/wp-content\/uploads\/sites\/4\/2022\/10\/Cotopaxi-by-tourist-scaled.jpg?resize=1024%2C768&amp;ssl=1 1024w, https:\/\/i0.wp.com\/trailforthjournal.com\/es\/wp-content\/uploads\/sites\/4\/2022\/10\/Cotopaxi-by-tourist-scaled.jpg?resize=768%2C576&amp;ssl=1 768w, https:\/\/i0.wp.com\/trailforthjournal.com\/es\/wp-content\/uploads\/sites\/4\/2022\/10\/Cotopaxi-by-tourist-scaled.jpg?resize=1536%2C1152&amp;ssl=1 1536w, https:\/\/i0.wp.com\/trailforthjournal.com\/es\/wp-content\/uploads\/sites\/4\/2022\/10\/Cotopaxi-by-tourist-scaled.jpg?resize=2048%2C1536&amp;ssl=1 2048w, https:\/\/i0.wp.com\/trailforthjournal.com\/es\/wp-content\/uploads\/sites\/4\/2022\/10\/Cotopaxi-by-tourist-scaled.jpg?resize=80%2C60&amp;ssl=1 80w, https:\/\/i0.wp.com\/trailforthjournal.com\/es\/wp-content\/uploads\/sites\/4\/2022\/10\/Cotopaxi-by-tourist-scaled.jpg?resize=200%2C150&amp;ssl=1 200w, https:\/\/i0.wp.com\/trailforthjournal.com\/es\/wp-content\/uploads\/sites\/4\/2022\/10\/Cotopaxi-by-tourist-scaled.jpg?resize=600%2C450&amp;ssl=1 600w\" sizes=\"(max-width: 1032px) 100vw, 1032px\" \/>\t\t\t\t\t\t<\/div>\n\t\t\t\t\t\t\t\t\t\t\t\t\t<div class=\"premium-blog-thumbnail-overlay\">\n\t\t\t\t\t\t\t\t<a class=\"elementor-icon\" href=\"https:\/\/trailforthjournal.com\/es\/cultura\/importancia-del-turismo-ecuador\/\" target=\"_blank\"><\/a>\n\t\t\t\t\t\t\t<\/div>\n\n\t\t\t\t\t\t\t\t\t\t\t\t\t\t\t\t\t\t<\/div>\n\t\t\t\t\t\t\t\t\t\t\t\t<div class=\"premium-blog-content-wrapper \">\n\n\t\t\t\t\t<div class=\"premium-blog-inner-container\">\n\n\t\t\t\t\t\t\t\t\t\t\t\t\t\t<h1 class=\"premium-blog-entry-title\">\n\t\t\t<a href=\"https:\/\/trailforthjournal.com\/es\/cultura\/importancia-del-turismo-ecuador\/\" target=\"_blank\">\n\t\t\t\tLa importancia del Turismo para Ecuador: Motor de la Econom\u00eda y el Desarrollo Sostenible\t\t\t<\/a>\n\t\t<\/h1>\n\t\t\t\t<div class=\"premium-blog-entry-meta\">\n\t\t\t\n\t\t\t\n\t\t\t\n\t\t\t\t\t<\/div>\n\t\t\n\t\t\t\t\t<\/div>\n\n\t\t\t\t\t\t\t\t\t\t\n\t\t\t\t<\/div>\n\t\t\t<\/div>\n\t\t<\/div>\n\n\t\t\t\t<div class=\"premium-blog-post-outer-container\" data-total=\"2\">\n\t\t\t<div class=\"premium-blog-post-container premium-blog-skin-banner\">\n\t\t\t\t\t\t\t\t\t<div class=\"premium-blog-thumb-effect-wrapper\">\n\t\t\t\t\t\t<div class=\"premium-blog-thumbnail-container premium-blog-zoomin-effect\">\n\t\t\t\t\t\t\t<img loading=\"lazy\" decoding=\"async\" data-attachment-id=\"41861\" data-permalink=\"https:\/\/trailforthjournal.com\/es\/embajador\/\" data-orig-file=\"https:\/\/i0.wp.com\/trailforthjournal.com\/es\/wp-content\/uploads\/sites\/4\/2025\/06\/Embajador.jpg?fit=2457%2C1771&amp;ssl=1\" data-orig-size=\"2457,1771\" data-comments-opened=\"0\" data-image-meta=\"{&quot;aperture&quot;:&quot;0&quot;,&quot;credit&quot;:&quot;&quot;,&quot;camera&quot;:&quot;&quot;,&quot;caption&quot;:&quot;&quot;,&quot;created_timestamp&quot;:&quot;0&quot;,&quot;copyright&quot;:&quot;&quot;,&quot;focal_length&quot;:&quot;0&quot;,&quot;iso&quot;:&quot;0&quot;,&quot;shutter_speed&quot;:&quot;0&quot;,&quot;title&quot;:&quot;&quot;,&quot;orientation&quot;:&quot;0&quot;}\" data-image-title=\"Embajador de ecuador\" data-image-description=\"&lt;p&gt;Embajador de ecuador&lt;\/p&gt;\n\" data-image-caption=\"&lt;p&gt;Embajador de ecuador&lt;\/p&gt;\n\" data-large-file=\"https:\/\/i0.wp.com\/trailforthjournal.com\/es\/wp-content\/uploads\/sites\/4\/2025\/06\/Embajador.jpg?fit=1024%2C738&amp;ssl=1\" width=\"2457\" height=\"1771\" src=\"https:\/\/i0.wp.com\/trailforthjournal.com\/es\/wp-content\/uploads\/sites\/4\/2025\/06\/Embajador.jpg?fit=2457%2C1771&amp;ssl=1\" class=\"attachment-full size-full wp-image-41861\" alt=\"Embajador de ecuador\" data-attachment-id=\"41861\" data-permalink=\"https:\/\/trailforthjournal.com\/es\/embajador\/\" data-orig-file=\"https:\/\/i0.wp.com\/trailforthjournal.com\/es\/wp-content\/uploads\/sites\/4\/2025\/06\/Embajador.jpg?fit=2457%2C1771&amp;ssl=1\" data-orig-size=\"2457,1771\" data-comments-opened=\"0\" data-image-meta=\"{&quot;aperture&quot;:&quot;0&quot;,&quot;credit&quot;:&quot;&quot;,&quot;camera&quot;:&quot;&quot;,&quot;caption&quot;:&quot;&quot;,&quot;created_timestamp&quot;:&quot;0&quot;,&quot;copyright&quot;:&quot;&quot;,&quot;focal_length&quot;:&quot;0&quot;,&quot;iso&quot;:&quot;0&quot;,&quot;shutter_speed&quot;:&quot;0&quot;,&quot;title&quot;:&quot;&quot;,&quot;orientation&quot;:&quot;0&quot;}\" data-image-title=\"Embajador de ecuador\" data-image-description=\"&lt;p&gt;Embajador de ecuador&lt;\/p&gt;\n\" data-image-caption=\"&lt;p&gt;Embajador de ecuador&lt;\/p&gt;\n\" data-large-file=\"https:\/\/i0.wp.com\/trailforthjournal.com\/es\/wp-content\/uploads\/sites\/4\/2025\/06\/Embajador.jpg?fit=1024%2C738&amp;ssl=1\" srcset=\"https:\/\/i0.wp.com\/trailforthjournal.com\/es\/wp-content\/uploads\/sites\/4\/2025\/06\/Embajador.jpg?w=2457&amp;ssl=1 2457w, https:\/\/i0.wp.com\/trailforthjournal.com\/es\/wp-content\/uploads\/sites\/4\/2025\/06\/Embajador.jpg?resize=300%2C216&amp;ssl=1 300w, https:\/\/i0.wp.com\/trailforthjournal.com\/es\/wp-content\/uploads\/sites\/4\/2025\/06\/Embajador.jpg?resize=1024%2C738&amp;ssl=1 1024w, https:\/\/i0.wp.com\/trailforthjournal.com\/es\/wp-content\/uploads\/sites\/4\/2025\/06\/Embajador.jpg?resize=768%2C554&amp;ssl=1 768w, https:\/\/i0.wp.com\/trailforthjournal.com\/es\/wp-content\/uploads\/sites\/4\/2025\/06\/Embajador.jpg?resize=1536%2C1107&amp;ssl=1 1536w, https:\/\/i0.wp.com\/trailforthjournal.com\/es\/wp-content\/uploads\/sites\/4\/2025\/06\/Embajador.jpg?resize=2048%2C1476&amp;ssl=1 2048w, https:\/\/i0.wp.com\/trailforthjournal.com\/es\/wp-content\/uploads\/sites\/4\/2025\/06\/Embajador.jpg?resize=69%2C50&amp;ssl=1 69w, https:\/\/i0.wp.com\/trailforthjournal.com\/es\/wp-content\/uploads\/sites\/4\/2025\/06\/Embajador.jpg?resize=600%2C432&amp;ssl=1 600w\" sizes=\"(max-width: 1032px) 100vw, 1032px\" \/>\t\t\t\t\t\t<\/div>\n\t\t\t\t\t\t\t\t\t\t\t\t\t<div class=\"premium-blog-thumbnail-overlay\">\n\t\t\t\t\t\t\t\t<a class=\"elementor-icon\" href=\"https:\/\/trailforthjournal.com\/es\/agencia\/registro-operadores-turistico-ecuador\/\" target=\"_blank\"><\/a>\n\t\t\t\t\t\t\t<\/div>\n\n\t\t\t\t\t\t\t\t\t\t\t\t\t\t\t\t\t\t<\/div>\n\t\t\t\t\t\t\t\t\t\t\t\t<div class=\"premium-blog-content-wrapper \">\n\n\t\t\t\t\t<div class=\"premium-blog-inner-container\">\n\n\t\t\t\t\t\t\t\t\t\t\t\t\t\t<h1 class=\"premium-blog-entry-title\">\n\t\t\t<a href=\"https:\/\/trailforthjournal.com\/es\/agencia\/registro-operadores-turistico-ecuador\/\" target=\"_blank\">\n\t\t\t\tRegistro de Operadores Tur\u00edsticos Ecuador | \u00danete a Trail Forth Journal\t\t\t<\/a>\n\t\t<\/h1>\n\t\t\t\t<div class=\"premium-blog-entry-meta\">\n\t\t\t\n\t\t\t\n\t\t\t\n\t\t\t\t\t<\/div>\n\t\t\n\t\t\t\t\t<\/div>\n\n\t\t\t\t\t\t\t\t\t\t\n\t\t\t\t<\/div>\n\t\t\t<\/div>\n\t\t<\/div>\n\n\t\t\t\t\t\t\t<\/div>\n\n\t\t\n\t\t\n\t\t\t\t\t\t<\/div>\n\t\t\t\t<\/div>\n\t\t\t\t\t<\/div>\n\t\t<\/div>\n\t\t\t\t\t<\/div>\n\t\t<\/section>\n\t\t\t\t<\/div>\n\t\t","protected":false},"excerpt":{"rendered":"<p>El Museo Nah\u00edm Isa\u00edas es una mirada a la historia y el pasado de la ciudad de Guayaquil. Cuenta con alrededor de 2.500 piezas de colecci\u00f3n<\/p>\n","protected":false},"author":1,"featured_media":10179,"comment_status":"closed","ping_status":"closed","sticky":false,"template":"elementor_header_footer","format":"standard","meta":{"_acf_changed":false,"jetpack_post_was_ever_published":false,"_jetpack_newsletter_access":"","_jetpack_dont_email_post_to_subs":false,"_jetpack_newsletter_tier_id":0,"_jetpack_memberships_contains_paywalled_content":false,"_jetpack_memberships_contains_paid_content":false,"footnotes":""},"categories":[18],"tags":[20,179],"class_list":["post-9701","post","type-post","status-publish","format-standard","has-post-thumbnail","hentry","category-cultura","tag-costa","tag-santiago-de-guayaquil"],"acf":[],"yoast_head":"<!-- This site is optimized with the Yoast SEO Premium plugin v22.0 (Yoast SEO v27.5) - https:\/\/yoast.com\/product\/yoast-seo-premium-wordpress\/ -->\n<title>Museo Nah\u00edm Isa\u00edas Barquet: Arte y Colecciones Hist\u00f3ricas en Guayaquil &#8212; Trail Forth Journal<\/title>\n<meta name=\"description\" content=\"El Museo Nah\u00edm Isa\u00edas. Es una mirada a la historia de Guayaquil. Cuenta con alrededor de 2.500 piezas de colecci\u00f3n.\" \/>\n<meta name=\"robots\" content=\"index, follow, max-snippet:-1, max-image-preview:large, max-video-preview:-1\" \/>\n<link rel=\"canonical\" href=\"https:\/\/trailforthjournal.com\/es\/cultura\/museo-nahim-isaias-guayaquil\/\" \/>\n<meta property=\"og:locale\" content=\"es_ES\" \/>\n<meta property=\"og:type\" content=\"article\" \/>\n<meta property=\"og:title\" content=\"Museo Nah\u00edm Isa\u00edas Barquet: Arte y Colecciones Hist\u00f3ricas en Guayaquil &#8212; Trail Forth Journal\" \/>\n<meta property=\"og:description\" content=\"El Museo Nah\u00edm Isa\u00edas. Es una mirada a la historia de Guayaquil. Cuenta con alrededor de 2.500 piezas de colecci\u00f3n.\" \/>\n<meta property=\"og:url\" content=\"https:\/\/trailforthjournal.com\/es\/cultura\/museo-nahim-isaias-guayaquil\/\" \/>\n<meta property=\"og:site_name\" content=\"Trail Forth Journal\" \/>\n<meta property=\"article:publisher\" content=\"https:\/\/www.facebook.com\/trailforth\" \/>\n<meta property=\"article:published_time\" content=\"2022-05-29T16:50:31+00:00\" \/>\n<meta property=\"article:modified_time\" content=\"2026-04-22T04:59:49+00:00\" \/>\n<meta property=\"og:image\" content=\"https:\/\/trailforthjournal.com\/es\/wp-content\/uploads\/sites\/4\/2022\/05\/48318183202_302724019b_o-scaled.jpg\" \/>\n\t<meta property=\"og:image:width\" content=\"2560\" \/>\n\t<meta property=\"og:image:height\" content=\"1635\" \/>\n\t<meta property=\"og:image:type\" content=\"image\/jpeg\" \/>\n<meta name=\"author\" content=\"jairocabrera\" \/>\n<meta name=\"twitter:card\" content=\"summary_large_image\" \/>\n<meta name=\"twitter:title\" content=\"Museo Nah\u00edm Isa\u00edas Barquet: Arte y Colecciones Hist\u00f3ricas en Guayaquil &#8212; Trail Forth Journal\" \/>\n<meta name=\"twitter:description\" content=\"El Museo Nah\u00edm Isa\u00edas. Es una mirada a la historia de Guayaquil. Cuenta con alrededor de 2.500 piezas de colecci\u00f3n.\" \/>\n<meta name=\"twitter:creator\" content=\"@trailforth\" \/>\n<meta name=\"twitter:site\" content=\"@trailforth\" \/>\n<meta name=\"twitter:label1\" content=\"Escrito por\" \/>\n\t<meta name=\"twitter:data1\" content=\"jairocabrera\" \/>\n\t<meta name=\"twitter:label2\" content=\"Tiempo de lectura\" \/>\n\t<meta name=\"twitter:data2\" content=\"8 minutos\" \/>\n<!-- \/ Yoast SEO Premium plugin. -->","yoast_head_json":{"title":"Museo Nah\u00edm Isa\u00edas Barquet: Arte y Colecciones Hist\u00f3ricas en Guayaquil &#8212; Trail Forth Journal","description":"El Museo Nah\u00edm Isa\u00edas. Es una mirada a la historia de Guayaquil. Cuenta con alrededor de 2.500 piezas de colecci\u00f3n.","robots":{"index":"index","follow":"follow","max-snippet":"max-snippet:-1","max-image-preview":"max-image-preview:large","max-video-preview":"max-video-preview:-1"},"canonical":"https:\/\/trailforthjournal.com\/es\/cultura\/museo-nahim-isaias-guayaquil\/","og_locale":"es_ES","og_type":"article","og_title":"Museo Nah\u00edm Isa\u00edas Barquet: Arte y Colecciones Hist\u00f3ricas en Guayaquil &#8212; Trail Forth Journal","og_description":"El Museo Nah\u00edm Isa\u00edas. Es una mirada a la historia de Guayaquil. Cuenta con alrededor de 2.500 piezas de colecci\u00f3n.","og_url":"https:\/\/trailforthjournal.com\/es\/cultura\/museo-nahim-isaias-guayaquil\/","og_site_name":"Trail Forth Journal","article_publisher":"https:\/\/www.facebook.com\/trailforth","article_published_time":"2022-05-29T16:50:31+00:00","article_modified_time":"2026-04-22T04:59:49+00:00","og_image":[{"width":2560,"height":1635,"url":"https:\/\/trailforthjournal.com\/es\/wp-content\/uploads\/sites\/4\/2022\/05\/48318183202_302724019b_o-scaled.jpg","type":"image\/jpeg"}],"author":"jairocabrera","twitter_card":"summary_large_image","twitter_title":"Museo Nah\u00edm Isa\u00edas Barquet: Arte y Colecciones Hist\u00f3ricas en Guayaquil &#8212; Trail Forth Journal","twitter_description":"El Museo Nah\u00edm Isa\u00edas. Es una mirada a la historia de Guayaquil. Cuenta con alrededor de 2.500 piezas de colecci\u00f3n.","twitter_creator":"@trailforth","twitter_site":"@trailforth","twitter_misc":{"Escrito por":"jairocabrera","Tiempo de lectura":"8 minutos"},"schema":{"@context":"https:\/\/schema.org","@graph":[{"@type":"Article","@id":"https:\/\/trailforthjournal.com\/es\/cultura\/museo-nahim-isaias-guayaquil\/#article","isPartOf":{"@id":"https:\/\/trailforthjournal.com\/es\/cultura\/museo-nahim-isaias-guayaquil\/"},"author":{"name":"jairocabrera","@id":"https:\/\/trailforthjournal.com\/es\/#\/schema\/person\/c38e1195d2fbb77206faaef3a81d4dad"},"headline":"Museo Nah\u00edm Isa\u00edas Barquet: Arte y Colecciones Hist\u00f3ricas en Guayaquil","datePublished":"2022-05-29T16:50:31+00:00","dateModified":"2026-04-22T04:59:49+00:00","mainEntityOfPage":{"@id":"https:\/\/trailforthjournal.com\/es\/cultura\/museo-nahim-isaias-guayaquil\/"},"wordCount":606,"publisher":{"@id":"https:\/\/trailforthjournal.com\/es\/#organization"},"image":{"@id":"https:\/\/trailforthjournal.com\/es\/cultura\/museo-nahim-isaias-guayaquil\/#primaryimage"},"thumbnailUrl":"https:\/\/i0.wp.com\/trailforthjournal.com\/es\/wp-content\/uploads\/sites\/4\/2022\/05\/48318183202_302724019b_o-scaled.jpg?fit=2560%2C1635&ssl=1","keywords":["Costa","Santiago de Guayaquil"],"articleSection":["Cultura"],"inLanguage":"es"},{"@type":"WebPage","@id":"https:\/\/trailforthjournal.com\/es\/cultura\/museo-nahim-isaias-guayaquil\/","url":"https:\/\/trailforthjournal.com\/es\/cultura\/museo-nahim-isaias-guayaquil\/","name":"Museo Nah\u00edm Isa\u00edas Barquet: Arte y Colecciones Hist\u00f3ricas en Guayaquil &#8212; Trail Forth Journal","isPartOf":{"@id":"https:\/\/trailforthjournal.com\/es\/#website"},"primaryImageOfPage":{"@id":"https:\/\/trailforthjournal.com\/es\/cultura\/museo-nahim-isaias-guayaquil\/#primaryimage"},"image":{"@id":"https:\/\/trailforthjournal.com\/es\/cultura\/museo-nahim-isaias-guayaquil\/#primaryimage"},"thumbnailUrl":"https:\/\/i0.wp.com\/trailforthjournal.com\/es\/wp-content\/uploads\/sites\/4\/2022\/05\/48318183202_302724019b_o-scaled.jpg?fit=2560%2C1635&ssl=1","datePublished":"2022-05-29T16:50:31+00:00","dateModified":"2026-04-22T04:59:49+00:00","description":"El Museo Nah\u00edm Isa\u00edas. Es una mirada a la historia de Guayaquil. Cuenta con alrededor de 2.500 piezas de colecci\u00f3n.","breadcrumb":{"@id":"https:\/\/trailforthjournal.com\/es\/cultura\/museo-nahim-isaias-guayaquil\/#breadcrumb"},"inLanguage":"es","potentialAction":[{"@type":"ReadAction","target":["https:\/\/trailforthjournal.com\/es\/cultura\/museo-nahim-isaias-guayaquil\/"]}]},{"@type":"ImageObject","inLanguage":"es","@id":"https:\/\/trailforthjournal.com\/es\/cultura\/museo-nahim-isaias-guayaquil\/#primaryimage","url":"https:\/\/i0.wp.com\/trailforthjournal.com\/es\/wp-content\/uploads\/sites\/4\/2022\/05\/48318183202_302724019b_o-scaled.jpg?fit=2560%2C1635&ssl=1","contentUrl":"https:\/\/i0.wp.com\/trailforthjournal.com\/es\/wp-content\/uploads\/sites\/4\/2022\/05\/48318183202_302724019b_o-scaled.jpg?fit=2560%2C1635&ssl=1","width":2560,"height":1635,"caption":"Una mirada al arte sacro: representaci\u00f3n de la Pasi\u00f3n en una sala que combina fe, historia y tradici\u00f3n art\u00edstica."},{"@type":"BreadcrumbList","@id":"https:\/\/trailforthjournal.com\/es\/cultura\/museo-nahim-isaias-guayaquil\/#breadcrumb","itemListElement":[{"@type":"ListItem","position":1,"name":"Portada","item":"https:\/\/trailforthjournal.com\/es\/"},{"@type":"ListItem","position":2,"name":"Museo Nah\u00edm Isa\u00edas Barquet: Arte y Colecciones Hist\u00f3ricas en Guayaquil"}]},{"@type":"WebSite","@id":"https:\/\/trailforthjournal.com\/es\/#website","url":"https:\/\/trailforthjournal.com\/es\/","name":"Trail Forth Journal","description":"Make Life a Journey","publisher":{"@id":"https:\/\/trailforthjournal.com\/es\/#organization"},"alternateName":"Trail Forth Journal Espa\u00f1ol","potentialAction":[{"@type":"SearchAction","target":{"@type":"EntryPoint","urlTemplate":"https:\/\/trailforthjournal.com\/es\/?s={search_term_string}"},"query-input":{"@type":"PropertyValueSpecification","valueRequired":true,"valueName":"search_term_string"}}],"inLanguage":"es"},{"@type":["Organization","Place"],"@id":"https:\/\/trailforthjournal.com\/es\/#organization","name":"Trail Forth Journal","alternateName":"Trail Forth Journal Espa\u00f1ol","url":"https:\/\/trailforthjournal.com\/es\/","logo":{"@type":"ImageObject","inLanguage":"es","@id":"https:\/\/trailforthjournal.com\/es\/#\/schema\/logo\/image\/","url":"https:\/\/trailforthjournal.com\/es\/wp-content\/uploads\/sites\/4\/2022\/01\/Trail-Forth-Journal-PNG.png","contentUrl":"https:\/\/trailforthjournal.com\/es\/wp-content\/uploads\/sites\/4\/2022\/01\/Trail-Forth-Journal-PNG.png","width":2629,"height":2629,"caption":"Trail Forth Journal"},"image":{"@id":"https:\/\/trailforthjournal.com\/es\/#\/schema\/logo\/image\/"},"sameAs":["https:\/\/www.facebook.com\/trailforth","https:\/\/x.com\/trailforth","https:\/\/www.instagram.com\/trailforth\/"],"mainEntityOfPage":{"@id":"https:\/\/trailforthjournal.com\/es\/cultura\/museo-nahim-isaias-guayaquil\/"}},{"@type":"Person","@id":"https:\/\/trailforthjournal.com\/es\/#\/schema\/person\/c38e1195d2fbb77206faaef3a81d4dad","name":"jairocabrera","image":{"@type":"ImageObject","inLanguage":"es","@id":"https:\/\/secure.gravatar.com\/avatar\/56722a61efc14e69ef47b9fbbb54f81138a4e882a78e644b52a4d66d41edcfc5?s=96&d=mm&r=g","url":"https:\/\/secure.gravatar.com\/avatar\/56722a61efc14e69ef47b9fbbb54f81138a4e882a78e644b52a4d66d41edcfc5?s=96&d=mm&r=g","contentUrl":"https:\/\/secure.gravatar.com\/avatar\/56722a61efc14e69ef47b9fbbb54f81138a4e882a78e644b52a4d66d41edcfc5?s=96&d=mm&r=g","caption":"jairocabrera"},"sameAs":["http:\/\/trailforthjournal.com"]}]}},"jetpack_featured_media_url":"https:\/\/i0.wp.com\/trailforthjournal.com\/es\/wp-content\/uploads\/sites\/4\/2022\/05\/48318183202_302724019b_o-scaled.jpg?fit=2560%2C1635&ssl=1","jetpack_shortlink":"https:\/\/wp.me\/pdrACa-2wt","jetpack_sharing_enabled":true,"_links":{"self":[{"href":"https:\/\/trailforthjournal.com\/es\/wp-json\/wp\/v2\/posts\/9701","targetHints":{"allow":["GET"]}}],"collection":[{"href":"https:\/\/trailforthjournal.com\/es\/wp-json\/wp\/v2\/posts"}],"about":[{"href":"https:\/\/trailforthjournal.com\/es\/wp-json\/wp\/v2\/types\/post"}],"author":[{"embeddable":true,"href":"https:\/\/trailforthjournal.com\/es\/wp-json\/wp\/v2\/users\/1"}],"replies":[{"embeddable":true,"href":"https:\/\/trailforthjournal.com\/es\/wp-json\/wp\/v2\/comments?post=9701"}],"version-history":[{"count":0,"href":"https:\/\/trailforthjournal.com\/es\/wp-json\/wp\/v2\/posts\/9701\/revisions"}],"wp:featuredmedia":[{"embeddable":true,"href":"https:\/\/trailforthjournal.com\/es\/wp-json\/wp\/v2\/media\/10179"}],"wp:attachment":[{"href":"https:\/\/trailforthjournal.com\/es\/wp-json\/wp\/v2\/media?parent=9701"}],"wp:term":[{"taxonomy":"category","embeddable":true,"href":"https:\/\/trailforthjournal.com\/es\/wp-json\/wp\/v2\/categories?post=9701"},{"taxonomy":"post_tag","embeddable":true,"href":"https:\/\/trailforthjournal.com\/es\/wp-json\/wp\/v2\/tags?post=9701"}],"curies":[{"name":"wp","href":"https:\/\/api.w.org\/{rel}","templated":true}]}}