{"id":9649,"date":"2022-01-09T18:00:00","date_gmt":"2022-01-09T23:00:00","guid":{"rendered":"https:\/\/trailforthjournal.com\/es\/?p=9649"},"modified":"2026-04-21T23:15:45","modified_gmt":"2026-04-22T04:15:45","slug":"catedral-de-guayaquil","status":"publish","type":"post","link":"https:\/\/trailforthjournal.com\/es\/lugar-emblematico\/catedral-de-guayaquil\/","title":{"rendered":"Catedral de Guayaquil: La majestuosa arquitectura neog\u00f3tica en el coraz\u00f3n de la ciudad"},"content":{"rendered":"\t\t<div data-elementor-type=\"wp-post\" data-elementor-id=\"9649\" class=\"elementor elementor-9649\" data-elementor-post-type=\"post\">\n\t\t\t\t\t\t<section class=\"elementor-section elementor-top-section elementor-element elementor-element-5032788 elementor-section-boxed elementor-section-height-default elementor-section-height-default wpr-particle-no wpr-jarallax-no wpr-parallax-no wpr-sticky-section-no wpr-equal-height-no\" data-id=\"5032788\" data-element_type=\"section\" data-e-type=\"section\">\n\t\t\t\t\t\t<div class=\"elementor-container elementor-column-gap-default\">\n\t\t\t\t\t<div class=\"elementor-column elementor-col-100 elementor-top-column elementor-element elementor-element-6dd342a\" data-id=\"6dd342a\" data-element_type=\"column\" data-e-type=\"column\">\n\t\t\t<div class=\"elementor-widget-wrap elementor-element-populated\">\n\t\t\t\t\t\t<div class=\"elementor-element elementor-element-49765ae elementor-widget elementor-widget-spacer\" data-id=\"49765ae\" data-element_type=\"widget\" data-e-type=\"widget\" data-widget_type=\"spacer.default\">\n\t\t\t\t<div class=\"elementor-widget-container\">\n\t\t\t\t\t\t\t<div class=\"elementor-spacer\">\n\t\t\t<div class=\"elementor-spacer-inner\"><\/div>\n\t\t<\/div>\n\t\t\t\t\t\t<\/div>\n\t\t\t\t<\/div>\n\t\t\t\t\t<\/div>\n\t\t<\/div>\n\t\t\t\t\t<\/div>\n\t\t<\/section>\n\t\t\t\t<section class=\"elementor-section elementor-top-section elementor-element elementor-element-e3bfb87 elementor-section-height-min-height elementor-section-boxed elementor-section-height-default elementor-section-items-middle wpr-sticky-section-no wpr-equal-height-no\" data-id=\"e3bfb87\" data-element_type=\"section\" data-e-type=\"section\" data-settings=\"{&quot;background_background&quot;:&quot;video&quot;,&quot;background_video_link&quot;:&quot;https:\\\/\\\/youtu.be\\\/qy9ZivM5_xI&quot;,&quot;background_play_on_mobile&quot;:&quot;yes&quot;,&quot;shape_divider_top&quot;:&quot;triangle-asymmetrical&quot;,&quot;shape_divider_bottom&quot;:&quot;triangle-asymmetrical&quot;}\">\n\t\t\t\t\t\t\t\t<div class=\"elementor-background-video-container\">\n\t\t\t\t\t\t\t\t\t\t\t\t\t<div class=\"elementor-background-video-embed\" role=\"presentation\"><\/div>\n\t\t\t\t\t\t\t\t\t\t\t\t<\/div>\n\t\t\t\t\t\t\t\t\t<div class=\"elementor-background-overlay\"><\/div>\n\t\t\t\t\t\t<div class=\"elementor-shape elementor-shape-top\" aria-hidden=\"true\" data-negative=\"false\">\n\t\t\t<svg xmlns=\"http:\/\/www.w3.org\/2000\/svg\" viewBox=\"0 0 1000 100\" preserveAspectRatio=\"none\">\n\t<path class=\"elementor-shape-fill\" d=\"M738,99l262-93V0H0v5.6L738,99z\"\/>\n<\/svg>\t\t<\/div>\n\t\t\t\t<div class=\"elementor-shape elementor-shape-bottom\" aria-hidden=\"true\" data-negative=\"false\">\n\t\t\t<svg xmlns=\"http:\/\/www.w3.org\/2000\/svg\" viewBox=\"0 0 1000 100\" preserveAspectRatio=\"none\">\n\t<path class=\"elementor-shape-fill\" d=\"M738,99l262-93V0H0v5.6L738,99z\"\/>\n<\/svg>\t\t<\/div>\n\t\t\t\t\t<div class=\"elementor-container elementor-column-gap-default\">\n\t\t\t\t\t<div class=\"elementor-column elementor-col-100 elementor-top-column elementor-element elementor-element-8b5711f\" data-id=\"8b5711f\" data-element_type=\"column\" data-e-type=\"column\" data-settings=\"{&quot;background_background&quot;:&quot;classic&quot;}\">\n\t\t\t<div class=\"elementor-widget-wrap elementor-element-populated\">\n\t\t\t\t\t<div class=\"elementor-background-overlay\"><\/div>\n\t\t\t\t\t\t<div class=\"elementor-element elementor-element-083eb0e elementor-widget elementor-widget-heading\" data-id=\"083eb0e\" data-element_type=\"widget\" data-e-type=\"widget\" data-widget_type=\"heading.default\">\n\t\t\t\t<div class=\"elementor-widget-container\">\n\t\t\t\t\t<h1 class=\"elementor-heading-title elementor-size-default\">Catedral de Guayaquil<\/h1>\t\t\t\t<\/div>\n\t\t\t\t<\/div>\n\t\t\t\t<div class=\"elementor-element elementor-element-6041013 elementor-widget-divider--view-line elementor-invisible elementor-widget elementor-widget-divider\" data-id=\"6041013\" data-element_type=\"widget\" data-e-type=\"widget\" data-settings=\"{&quot;_animation&quot;:&quot;fadeInUp&quot;}\" data-widget_type=\"divider.default\">\n\t\t\t\t<div class=\"elementor-widget-container\">\n\t\t\t\t\t\t\t<div class=\"elementor-divider\">\n\t\t\t<span class=\"elementor-divider-separator\">\n\t\t\t\t\t\t<\/span>\n\t\t<\/div>\n\t\t\t\t\t\t<\/div>\n\t\t\t\t<\/div>\n\t\t\t\t\t<\/div>\n\t\t<\/div>\n\t\t\t\t\t<\/div>\n\t\t<\/section>\n\t\t\t\t<section class=\"elementor-section elementor-top-section elementor-element elementor-element-ed7946c elementor-section-boxed elementor-section-height-default elementor-section-height-default wpr-particle-no wpr-jarallax-no wpr-parallax-no wpr-sticky-section-no wpr-equal-height-no\" data-id=\"ed7946c\" data-element_type=\"section\" data-e-type=\"section\">\n\t\t\t\t\t\t<div class=\"elementor-container elementor-column-gap-default\">\n\t\t\t\t\t<div class=\"elementor-column elementor-col-100 elementor-top-column elementor-element elementor-element-a453c3e\" data-id=\"a453c3e\" data-element_type=\"column\" data-e-type=\"column\">\n\t\t\t<div class=\"elementor-widget-wrap elementor-element-populated\">\n\t\t\t\t\t\t<div class=\"elementor-element elementor-element-aa9561c pa-icon-pos-after premium-lq__none elementor-widget elementor-widget-premium-addon-button\" data-id=\"aa9561c\" data-element_type=\"widget\" data-e-type=\"widget\" data-widget_type=\"premium-addon-button.default\">\n\t\t\t\t<div class=\"elementor-widget-container\">\n\t\t\t\t\t\n\n\t\t<a class=\"premium-button premium-button-style6 premium-btn-sm premium-button-style6\" href=\"https:\/\/trailforthjournal.com\/en\/landmarks\/guayaquil-cathedral-neogothic\/\">\n\t\t\t<div class=\"premium-button-text-icon-wrapper\">\n\t\t\t\t\n\t\t\t\t\t\t\t\t\t\t\t\t\t\t\t\t\t\t<svg class=\"svg-inline--fas-fa-chevron-right premium-drawable-icon premium-svg-nodraw\" aria-hidden='true' xmlns='http:\/\/www.w3.org\/2000\/svg' viewBox='0 0 320 512'><path d=\"M285.476 272.971L91.132 467.314c-9.373 9.373-24.569 9.373-33.941 0l-22.667-22.667c-9.357-9.357-9.375-24.522-.04-33.901L188.505 256 34.484 101.255c-9.335-9.379-9.317-24.544.04-33.901l22.667-22.667c9.373-9.373 24.569-9.373 33.941 0L285.475 239.03c9.373 9.372 9.373 24.568.001 33.941z\"><\/path><\/svg>\t\t\t\t\t\t\t\t\t\t\t\t\t\t\t\n\t\t\t\t\t\t\t\t\t<span >\n\t\t\t\t\t\tEnglish\t\t\t\t\t<\/span>\n\t\t\t\t\t\t\t<\/div>\n\n\t\t\t\n\t\t\t\n\t\t\t\n\t\t<\/a>\n\n\n\t\t\t\t\t\t<\/div>\n\t\t\t\t<\/div>\n\t\t\t\t\t<\/div>\n\t\t<\/div>\n\t\t\t\t\t<\/div>\n\t\t<\/section>\n\t\t\t\t<section class=\"elementor-section elementor-top-section elementor-element elementor-element-0b36a71 elementor-section-boxed elementor-section-height-default elementor-section-height-default wpr-particle-no wpr-jarallax-no wpr-parallax-no wpr-sticky-section-no wpr-equal-height-no\" data-id=\"0b36a71\" data-element_type=\"section\" data-e-type=\"section\">\n\t\t\t\t\t\t<div class=\"elementor-container elementor-column-gap-default\">\n\t\t\t\t\t<div class=\"elementor-column elementor-col-100 elementor-top-column elementor-element elementor-element-0453241\" data-id=\"0453241\" data-element_type=\"column\" data-e-type=\"column\">\n\t\t\t<div class=\"elementor-widget-wrap elementor-element-populated\">\n\t\t\t\t\t\t<div class=\"elementor-element elementor-element-9f1e612 elementor-widget elementor-widget-spacer\" data-id=\"9f1e612\" data-element_type=\"widget\" data-e-type=\"widget\" data-widget_type=\"spacer.default\">\n\t\t\t\t<div class=\"elementor-widget-container\">\n\t\t\t\t\t\t\t<div class=\"elementor-spacer\">\n\t\t\t<div class=\"elementor-spacer-inner\"><\/div>\n\t\t<\/div>\n\t\t\t\t\t\t<\/div>\n\t\t\t\t<\/div>\n\t\t\t\t\t<\/div>\n\t\t<\/div>\n\t\t\t\t\t<\/div>\n\t\t<\/section>\n\t\t\t\t<section class=\"elementor-section elementor-top-section elementor-element elementor-element-9427e66 elementor-section-boxed elementor-section-height-default elementor-section-height-default wpr-particle-no wpr-jarallax-no wpr-parallax-no wpr-sticky-section-no wpr-equal-height-no\" data-id=\"9427e66\" data-element_type=\"section\" data-e-type=\"section\">\n\t\t\t\t\t\t<div class=\"elementor-container elementor-column-gap-default\">\n\t\t\t\t\t<div class=\"elementor-column elementor-col-25 elementor-top-column elementor-element elementor-element-cb3d9f6\" data-id=\"cb3d9f6\" data-element_type=\"column\" data-e-type=\"column\">\n\t\t\t<div class=\"elementor-widget-wrap elementor-element-populated\">\n\t\t\t\t\t\t<div class=\"elementor-element elementor-element-f22c875 elementor-widget elementor-widget-heading\" data-id=\"f22c875\" data-element_type=\"widget\" data-e-type=\"widget\" data-widget_type=\"heading.default\">\n\t\t\t\t<div class=\"elementor-widget-container\">\n\t\t\t\t\t<h1 class=\"elementor-heading-title elementor-size-default\">La fe de la ciudad Guayaquile\u00f1a est\u00e1 guardado en este lugar, la Catedral de Guayaquil.<\/h1>\t\t\t\t<\/div>\n\t\t\t\t<\/div>\n\t\t\t\t<div class=\"elementor-element elementor-element-cf9e5d6 elementor-widget elementor-widget-text-editor\" data-id=\"cf9e5d6\" data-element_type=\"widget\" data-e-type=\"widget\" data-widget_type=\"text-editor.default\">\n\t\t\t\t<div class=\"elementor-widget-container\">\n\t\t\t\t\t\t\t\t\t<p>Texto: Trail Forth Journal \/ Fotos: Trail Forth Journal &amp; Instituto Nacional Patrimonio.<\/p>\t\t\t\t\t\t\t\t<\/div>\n\t\t\t\t<\/div>\n\t\t\t\t<div class=\"elementor-element elementor-element-358e494 elementor-drop-cap-yes elementor-drop-cap-view-default elementor-widget elementor-widget-text-editor\" data-id=\"358e494\" data-element_type=\"widget\" data-e-type=\"widget\" data-settings=\"{&quot;drop_cap&quot;:&quot;yes&quot;}\" data-widget_type=\"text-editor.default\">\n\t\t\t\t<div class=\"elementor-widget-container\">\n\t\t\t\t\t\t\t\t\t<p>L<span data-slate-fragment=\"JTVCJTdCJTIyaWQlMjIlM0ElMjJuLTc2RGw5TyUyMiUyQyUyMnR5cGUlMjIlM0ElMjJwYXJhZ3JhcGglMjIlMkMlMjJjaGlsZHJlbiUyMiUzQSU1QiU3QiUyMnRleHQlMjIlM0ElMjJMYSUyMENhdGVkcmFsJTIwTWV0cm9wb2xpdGFuYSUyMFNhbiUyMFBlZHJvJTIwQXAlQzMlQjNzdG9sJTJDJTIwYW50ZXMlMjBkZSUyMHNlciUyMGV4YWx0YWRhJTIwYSUyMGxhJTIwY2F0ZWdvciVDMyVBRGElMjBkZSUyMENhdGVkcmFsJTJDJTIwcG9yJTIwZWwlMjBwYXBhJTIwR3JlZ29yaW8lMjBYVkklMjBlbCUyMDE0JTIwZGUlMjBzZXB0aWVtYnJlJTIwZGUlMjAxODM4JTJDJTIwZXJhJTIwbGxhbWFkYSUyMElnbGVzaWElMjBNYXRyaXolMjB5JTIwc2UlMjBlbmNvbnRyYWJhJTIwdWJpY2FkYSUyMGFsJTIwcGllJTIwZGVsJTIwYmFycmlvJTIwTGFzJTIwUGUlQzMlQjFhcyUyQyUyMGRvbmRlJTIwbmFjaSVDMyVCMyUyMGxhJTIwY2l1ZGFkLiUyMFN1JTIwY29uc3RydWNjaSVDMyVCM24lMjBvcmlnaW5hbCUyMGElMjBtZWRpYWRvcyUyMGRlbCUyMHNpZ2xvJTIwWFZJJTIwZW4lMjBlbCUyMGNlcnJvJTIwU2FudGElMjBBbmElMjBmdWUlMjBlbiUyMG1hZGVyYS4lMjBEZXNkZSUyMGFxdWVsbGElMjBmZWNoYSUyMGhhc3RhJTIwbGElMjBhY3R1YWxpZGFkJTIwc3UlMjB2ZW5lcmFjaSVDMyVCM24lMjBlcyUyMGFsJTIwQXAlQzMlQjNzdG9sJTIwU2FudGlhZ28lMkMlMjBxdWllbiUyMGVzJTIwZWwlMjBQYXRyb25vJTIwZGUlMjBsYSUyMGNpdWRhZC4lMjBBJTIwZmluYWxlcyUyMGRlbCUyMHNpZ2xvJTIwWFZJSSUyMHZhcmlvcyUyMGluY2VuZGlvcyUyMGRldmFzdGFyb24lMjBsYSUyMGNpdWRhZCUyQyUyMHVubyUyMGRlJTIwbG9zJTIwY3VhbGVzJTJDJTIwb2N1cnJpZG8lMjBlbiUyMDE2OTIlMjBkZXN0cnV5JUMzJUIzJTIwbGElMjBpZ2xlc2lhJTIwZGUlMjBtYWRlcmEuJTIwTGElMjBDYXRlZHJhbCUyMGFjdHVhbCUyMHNlJTIwZW5jdWVudHJhJTIwbGV2YW50YWRhJTIwZG9uZGUlMjBlc3R1dm8lMjBsYSUyMHByaW1lcmElMjBpZ2xlc2lhJTIwbWF0cml6JTIwZW4lMjAxOTY1LiUyMEVzdGElMjAlQzMlQTFyZWElMjBwYXMlQzMlQjMlMjBhJTIwc2VyJTIwb2N1cGFkYSUyMGRlc2RlJTIwc3UlMjBkZXNpZ25hY2klQzMlQjNuJTIwZW4lMjBsYSUyMENpdWRhZCUyME51ZXZhJTNBJTIwbGElMjBjYWxsZSUyMENoaW1ib3Jhem8lMkMlMjBjZXJjYSUyMGRlJTIwbGElMjBQbGF6YSUyME1heW9yJTIwbyUyMFBsYXphJTIwZGUlMjBBcm1hcy4lMjIlN0QlNUQlN0QlNUQ=\"><strong>a Catedral Metropolitana de Guayaquil, San Pedro Ap\u00f3stol,<\/strong> antes de ser exaltada a la categor\u00eda de <a href=\"https:\/\/catedraldeguayaquil.org\/\"><strong>Catedral<\/strong><\/a>, por el papa Gregorio XVI el 14 de septiembre de 1838, se llamaba Iglesia Matriz y se encontraba ubicada al pie del barrio Las Pe\u00f1as, lugar donde naci\u00f3 la urbe porte\u00f1a.<\/span><\/p>\t\t\t\t\t\t\t\t<\/div>\n\t\t\t\t<\/div>\n\t\t\t\t<div class=\"elementor-element elementor-element-8b5bc6b elementor-widget elementor-widget-heading\" data-id=\"8b5bc6b\" data-element_type=\"widget\" data-e-type=\"widget\" data-widget_type=\"heading.default\">\n\t\t\t\t<div class=\"elementor-widget-container\">\n\t\t\t\t\t<h2 class=\"elementor-heading-title elementor-size-default\">Historia de la Catedral Metropolitana de Guayaquil.<\/h2>\t\t\t\t<\/div>\n\t\t\t\t<\/div>\n\t\t\t\t<div class=\"elementor-element elementor-element-c7cce20 elementor-widget elementor-widget-text-editor\" data-id=\"c7cce20\" data-element_type=\"widget\" data-e-type=\"widget\" data-widget_type=\"text-editor.default\">\n\t\t\t\t<div class=\"elementor-widget-container\">\n\t\t\t\t\t\t\t\t\t<p><span data-slate-fragment=\"JTVCJTdCJTIyaWQlMjIlM0ElMjJuLTc2RGw5TyUyMiUyQyUyMnR5cGUlMjIlM0ElMjJwYXJhZ3JhcGglMjIlMkMlMjJjaGlsZHJlbiUyMiUzQSU1QiU3QiUyMnRleHQlMjIlM0ElMjJMYSUyMENhdGVkcmFsJTIwTWV0cm9wb2xpdGFuYSUyMFNhbiUyMFBlZHJvJTIwQXAlQzMlQjNzdG9sJTJDJTIwYW50ZXMlMjBkZSUyMHNlciUyMGV4YWx0YWRhJTIwYSUyMGxhJTIwY2F0ZWdvciVDMyVBRGElMjBkZSUyMENhdGVkcmFsJTJDJTIwcG9yJTIwZWwlMjBwYXBhJTIwR3JlZ29yaW8lMjBYVkklMjBlbCUyMDE0JTIwZGUlMjBzZXB0aWVtYnJlJTIwZGUlMjAxODM4JTJDJTIwZXJhJTIwbGxhbWFkYSUyMElnbGVzaWElMjBNYXRyaXolMjB5JTIwc2UlMjBlbmNvbnRyYWJhJTIwdWJpY2FkYSUyMGFsJTIwcGllJTIwZGVsJTIwYmFycmlvJTIwTGFzJTIwUGUlQzMlQjFhcyUyQyUyMGRvbmRlJTIwbmFjaSVDMyVCMyUyMGxhJTIwY2l1ZGFkLiUyMFN1JTIwY29uc3RydWNjaSVDMyVCM24lMjBvcmlnaW5hbCUyMGElMjBtZWRpYWRvcyUyMGRlbCUyMHNpZ2xvJTIwWFZJJTIwZW4lMjBlbCUyMGNlcnJvJTIwU2FudGElMjBBbmElMjBmdWUlMjBlbiUyMG1hZGVyYS4lMjBEZXNkZSUyMGFxdWVsbGElMjBmZWNoYSUyMGhhc3RhJTIwbGElMjBhY3R1YWxpZGFkJTIwc3UlMjB2ZW5lcmFjaSVDMyVCM24lMjBlcyUyMGFsJTIwQXAlQzMlQjNzdG9sJTIwU2FudGlhZ28lMkMlMjBxdWllbiUyMGVzJTIwZWwlMjBQYXRyb25vJTIwZGUlMjBsYSUyMGNpdWRhZC4lMjBBJTIwZmluYWxlcyUyMGRlbCUyMHNpZ2xvJTIwWFZJSSUyMHZhcmlvcyUyMGluY2VuZGlvcyUyMGRldmFzdGFyb24lMjBsYSUyMGNpdWRhZCUyQyUyMHVubyUyMGRlJTIwbG9zJTIwY3VhbGVzJTJDJTIwb2N1cnJpZG8lMjBlbiUyMDE2OTIlMjBkZXN0cnV5JUMzJUIzJTIwbGElMjBpZ2xlc2lhJTIwZGUlMjBtYWRlcmEuJTIwTGElMjBDYXRlZHJhbCUyMGFjdHVhbCUyMHNlJTIwZW5jdWVudHJhJTIwbGV2YW50YWRhJTIwZG9uZGUlMjBlc3R1dm8lMjBsYSUyMHByaW1lcmElMjBpZ2xlc2lhJTIwbWF0cml6JTIwZW4lMjAxOTY1LiUyMEVzdGElMjAlQzMlQTFyZWElMjBwYXMlQzMlQjMlMjBhJTIwc2VyJTIwb2N1cGFkYSUyMGRlc2RlJTIwc3UlMjBkZXNpZ25hY2klQzMlQjNuJTIwZW4lMjBsYSUyMENpdWRhZCUyME51ZXZhJTNBJTIwbGElMjBjYWxsZSUyMENoaW1ib3Jhem8lMkMlMjBjZXJjYSUyMGRlJTIwbGElMjBQbGF6YSUyME1heW9yJTIwbyUyMFBsYXphJTIwZGUlMjBBcm1hcy4lMjIlN0QlNUQlN0QlNUQ=\"><span style=\"font-family: Tajawal, sans-serif; font-size: 18px; font-style: normal; font-variant-ligatures: normal; font-variant-caps: normal; font-weight: 400; color: var( --e-global-color-text );\">Su construcci\u00f3n original es de mediados del siglo XVI en el cerro Santa Ana, y fue construida al\u00a0 100% en madera.\u00a0<\/span>Desde aquella fecha hasta la actualidad su veneraci\u00f3n es al Ap\u00f3stol Santiago, quien es el <a href=\"https:\/\/www.arquidiocesisdeguayaquil.org.ec\/guayaquil-celebra-a-su-patrono\/\"><b>Patrono de la ciudad<\/b><\/a>. A finales del siglo XVII varios incendios devastaron la ciudad, uno de ellos ocurri\u00f3 en 1692, y destruy\u00f3 la iglesia de madera.<\/span><\/p>\t\t\t\t\t\t\t\t<\/div>\n\t\t\t\t<\/div>\n\t\t\t\t\t<\/div>\n\t\t<\/div>\n\t\t\t\t<div class=\"elementor-column elementor-col-25 elementor-top-column elementor-element elementor-element-fb8e0eb\" data-id=\"fb8e0eb\" data-element_type=\"column\" data-e-type=\"column\">\n\t\t\t<div class=\"elementor-widget-wrap elementor-element-populated\">\n\t\t\t\t\t\t<div class=\"elementor-element elementor-element-17a5266 elementor-widget elementor-widget-spacer\" data-id=\"17a5266\" data-element_type=\"widget\" data-e-type=\"widget\" data-widget_type=\"spacer.default\">\n\t\t\t\t<div class=\"elementor-widget-container\">\n\t\t\t\t\t\t\t<div class=\"elementor-spacer\">\n\t\t\t<div class=\"elementor-spacer-inner\"><\/div>\n\t\t<\/div>\n\t\t\t\t\t\t<\/div>\n\t\t\t\t<\/div>\n\t\t\t\t\t<\/div>\n\t\t<\/div>\n\t\t\t\t<div class=\"elementor-column elementor-col-25 elementor-top-column elementor-element elementor-element-a698da7\" data-id=\"a698da7\" data-element_type=\"column\" data-e-type=\"column\">\n\t\t\t<div class=\"elementor-widget-wrap elementor-element-populated\">\n\t\t\t\t\t\t<div class=\"elementor-element elementor-element-071d165 elementor-widget elementor-widget-spacer\" data-id=\"071d165\" data-element_type=\"widget\" data-e-type=\"widget\" data-widget_type=\"spacer.default\">\n\t\t\t\t<div class=\"elementor-widget-container\">\n\t\t\t\t\t\t\t<div class=\"elementor-spacer\">\n\t\t\t<div class=\"elementor-spacer-inner\"><\/div>\n\t\t<\/div>\n\t\t\t\t\t\t<\/div>\n\t\t\t\t<\/div>\n\t\t\t\t\t<\/div>\n\t\t<\/div>\n\t\t\t\t<div class=\"elementor-column elementor-col-25 elementor-top-column elementor-element elementor-element-4940158\" data-id=\"4940158\" data-element_type=\"column\" data-e-type=\"column\" data-settings=\"{&quot;background_background&quot;:&quot;classic&quot;}\">\n\t\t\t<div class=\"elementor-widget-wrap elementor-element-populated\">\n\t\t\t\t\t<div class=\"elementor-background-overlay\"><\/div>\n\t\t\t\t\t\t<div class=\"elementor-element elementor-element-7bdfb95 elementor-align-end elementor-icon-list--layout-traditional elementor-list-item-link-full_width elementor-widget elementor-widget-icon-list\" data-id=\"7bdfb95\" data-element_type=\"widget\" data-e-type=\"widget\" data-widget_type=\"icon-list.default\">\n\t\t\t\t<div class=\"elementor-widget-container\">\n\t\t\t\t\t\t\t<ul class=\"elementor-icon-list-items\">\n\t\t\t\t\t\t\t<li class=\"elementor-icon-list-item\">\n\t\t\t\t\t\t\t\t\t\t\t<a href=\"https:\/\/www.instagram.com\/trailforth\/\" target=\"_blank\">\n\n\t\t\t\t\t\t\t\t\t\t\t\t<span class=\"elementor-icon-list-icon\">\n\t\t\t\t\t\t\t<i aria-hidden=\"true\" class=\"fab fa-instagram\"><\/i>\t\t\t\t\t\t<\/span>\n\t\t\t\t\t\t\t\t\t\t<span class=\"elementor-icon-list-text\">trailforth <\/span>\n\t\t\t\t\t\t\t\t\t\t\t<\/a>\n\t\t\t\t\t\t\t\t\t<\/li>\n\t\t\t\t\t\t<\/ul>\n\t\t\t\t\t\t<\/div>\n\t\t\t\t<\/div>\n\t\t\t\t<div class=\"elementor-element elementor-element-f2bcb0c elementor-widget elementor-widget-text-editor\" data-id=\"f2bcb0c\" data-element_type=\"widget\" data-e-type=\"widget\" data-widget_type=\"text-editor.default\">\n\t\t\t\t<div class=\"elementor-widget-container\">\n\t\t\t\t\t\t\t\t\t<p>Catedral de Guayaquil<\/p>\t\t\t\t\t\t\t\t<\/div>\n\t\t\t\t<\/div>\n\t\t\t\t\t<\/div>\n\t\t<\/div>\n\t\t\t\t\t<\/div>\n\t\t<\/section>\n\t\t\t\t<section class=\"elementor-section elementor-top-section elementor-element elementor-element-ec74246 elementor-section-boxed elementor-section-height-default elementor-section-height-default wpr-particle-no wpr-jarallax-no wpr-parallax-no wpr-sticky-section-no wpr-equal-height-no\" data-id=\"ec74246\" data-element_type=\"section\" data-e-type=\"section\">\n\t\t\t\t\t\t<div class=\"elementor-container elementor-column-gap-default\">\n\t\t\t\t\t<div class=\"elementor-column elementor-col-100 elementor-top-column elementor-element elementor-element-6efb37a\" data-id=\"6efb37a\" data-element_type=\"column\" data-e-type=\"column\">\n\t\t\t<div class=\"elementor-widget-wrap elementor-element-populated\">\n\t\t\t\t\t\t<div class=\"elementor-element elementor-element-77ead5e elementor-widget elementor-widget-spacer\" data-id=\"77ead5e\" data-element_type=\"widget\" data-e-type=\"widget\" data-widget_type=\"spacer.default\">\n\t\t\t\t<div class=\"elementor-widget-container\">\n\t\t\t\t\t\t\t<div class=\"elementor-spacer\">\n\t\t\t<div class=\"elementor-spacer-inner\"><\/div>\n\t\t<\/div>\n\t\t\t\t\t\t<\/div>\n\t\t\t\t<\/div>\n\t\t\t\t\t<\/div>\n\t\t<\/div>\n\t\t\t\t\t<\/div>\n\t\t<\/section>\n\t\t\t\t<section class=\"elementor-section elementor-top-section elementor-element elementor-element-6a0898f elementor-section-boxed elementor-section-height-default elementor-section-height-default wpr-particle-no wpr-jarallax-no wpr-parallax-no wpr-sticky-section-no wpr-equal-height-no\" data-id=\"6a0898f\" data-element_type=\"section\" data-e-type=\"section\">\n\t\t\t\t\t\t<div class=\"elementor-container elementor-column-gap-default\">\n\t\t\t\t\t<div class=\"elementor-column elementor-col-100 elementor-top-column elementor-element elementor-element-9e6d813\" data-id=\"9e6d813\" data-element_type=\"column\" data-e-type=\"column\">\n\t\t\t<div class=\"elementor-widget-wrap elementor-element-populated\">\n\t\t\t\t\t\t<div class=\"elementor-element elementor-element-a7a8b8c elementor-view-default elementor-widget elementor-widget-icon\" data-id=\"a7a8b8c\" data-element_type=\"widget\" data-e-type=\"widget\" data-widget_type=\"icon.default\">\n\t\t\t\t<div class=\"elementor-widget-container\">\n\t\t\t\t\t\t\t<div class=\"elementor-icon-wrapper\">\n\t\t\t<div class=\"elementor-icon\">\n\t\t\t<i aria-hidden=\"true\" class=\"fas fa-map-marked-alt\"><\/i>\t\t\t<\/div>\n\t\t<\/div>\n\t\t\t\t\t\t<\/div>\n\t\t\t\t<\/div>\n\t\t\t\t\t<\/div>\n\t\t<\/div>\n\t\t\t\t\t<\/div>\n\t\t<\/section>\n\t\t\t\t<section class=\"elementor-section elementor-top-section elementor-element elementor-element-0bec1ba elementor-section-boxed elementor-section-height-default elementor-section-height-default wpr-particle-no wpr-jarallax-no wpr-parallax-no wpr-sticky-section-no wpr-equal-height-no\" data-id=\"0bec1ba\" data-element_type=\"section\" data-e-type=\"section\">\n\t\t\t\t\t\t<div class=\"elementor-container elementor-column-gap-default\">\n\t\t\t\t\t<div class=\"elementor-column elementor-col-100 elementor-top-column elementor-element elementor-element-2cfc192\" data-id=\"2cfc192\" data-element_type=\"column\" data-e-type=\"column\">\n\t\t\t<div class=\"elementor-widget-wrap elementor-element-populated\">\n\t\t\t\t\t\t<div class=\"elementor-element elementor-element-331842e premium-title-center premium-title-gradient-yes elementor-widget__width-initial premium-title-color elementor-widget elementor-widget-premium-addon-title\" data-id=\"331842e\" data-element_type=\"widget\" data-e-type=\"widget\" data-widget_type=\"premium-addon-title.default\">\n\t\t\t\t<div class=\"elementor-widget-container\">\n\t\t\t\t\t\n\t\t<div class=\"premium-title-container style3\">\n\t\t\t<h2 class=\"premium-title-header premium-title-style3\">\n\t\t\t\t\n\t\t\t\t\n\t\t\t\t\t\t\t\t\t\t\t\t<span class=\"premium-title-text\">\n\t\t\t\t\tMapa de ubicaci\u00f3n: Catedral de Guayaquil\t\t\t\t<\/span>\n\t\t\t\t\t\n\t\t\t\t\t\t\t\t\n\t\t\t\t\t\t\t<\/h2>\n\n\t\t<\/div>\n\n\t\t\t\t\t\t<\/div>\n\t\t\t\t<\/div>\n\t\t\t\t<div class=\"elementor-element elementor-element-866256a elementor-widget-divider--view-line elementor-widget elementor-widget-divider\" data-id=\"866256a\" data-element_type=\"widget\" data-e-type=\"widget\" data-widget_type=\"divider.default\">\n\t\t\t\t<div class=\"elementor-widget-container\">\n\t\t\t\t\t\t\t<div class=\"elementor-divider\">\n\t\t\t<span class=\"elementor-divider-separator\">\n\t\t\t\t\t\t<\/span>\n\t\t<\/div>\n\t\t\t\t\t\t<\/div>\n\t\t\t\t<\/div>\n\t\t\t\t\t<\/div>\n\t\t<\/div>\n\t\t\t\t\t<\/div>\n\t\t<\/section>\n\t\t\t\t<section class=\"elementor-section elementor-top-section elementor-element elementor-element-5d15a3d elementor-section-boxed elementor-section-height-default elementor-section-height-default wpr-particle-no wpr-jarallax-no wpr-parallax-no wpr-sticky-section-no wpr-equal-height-no\" data-id=\"5d15a3d\" data-element_type=\"section\" data-e-type=\"section\">\n\t\t\t\t\t\t<div class=\"elementor-container elementor-column-gap-default\">\n\t\t\t\t\t<div class=\"elementor-column elementor-col-100 elementor-top-column elementor-element elementor-element-9446974\" data-id=\"9446974\" data-element_type=\"column\" data-e-type=\"column\">\n\t\t\t<div class=\"elementor-widget-wrap elementor-element-populated\">\n\t\t\t\t\t\t<div class=\"elementor-element elementor-element-64d1fe1 elementor-widget elementor-widget-html\" data-id=\"64d1fe1\" data-element_type=\"widget\" data-e-type=\"widget\" data-widget_type=\"html.default\">\n\t\t\t\t<div class=\"elementor-widget-container\">\n\t\t\t\t\t<div class=\"tfj-main-container\">\r\n    <nav class=\"tfj-sidebar\">\r\n        <div class=\"tfj-sidebar-header\">\r\n            <img data-recalc-dims=\"1\" decoding=\"async\" src=\"https:\/\/i0.wp.com\/trailforthjournal.com\/es\/wp-content\/uploads\/sites\/4\/2026\/03\/Estampilla-Trail-Fort-Journal.png?w=1032&#038;ssl=1\" alt=\"Trail Forth Journal\" class=\"tfj-logo-stamp\">\r\n        <\/div>\r\n        \r\n        <button class=\"tfj-tab-btn active\" onclick=\"openTab(event, 'tab-mapa')\">\r\n            <span class=\"tab-icon\">\ud83d\udccd<\/span>\r\n            <div class=\"tab-text\">\r\n                <span class=\"tab-title\">Mapa Interactivo<\/span>\r\n                <span class=\"tab-sub\">Catedral de Guayaquil<\/span>\r\n            <\/div>\r\n        <\/button>\r\n        <button class=\"tfj-tab-btn\" onclick=\"openTab(event, 'tab-tours')\">\r\n            <span class=\"tab-icon\">\ud83c\udf9f\ufe0f<\/span>\r\n            <div class=\"tab-text\">\r\n                <span class=\"tab-title\">Experiencias Locales<\/span>\r\n                <span class=\"tab-sub\">Guayaquil<\/span>\r\n            <\/div>\r\n        <\/button>\r\n    <\/nav>\r\n\r\n    <div class=\"tfj-content-area\">\r\n        <div id=\"tab-mapa\" class=\"tfj-tab-content active\" style=\"background: #ffffff;\">\r\n            <div class=\"seccion-actividades-moderna\">\r\n                <div class=\"cabecera-actividades\" style=\"padding: 30px 25px 18px; border-bottom: 1px solid #f1f5f9;\">\r\n                    <h3 style=\"color: #1e293b; margin:0; font-family:'Montserrat'; font-size:15px; font-weight:700;\">\ud83d\udccd Catedral de Guayaquil<\/h3>\r\n                <\/div>\r\n                <div class=\"grid-experiencias\">\r\n                    <div class=\"item-experiencia\">\r\n                        <span class=\"txt-experiencia\" style=\"color: #64748b; font-size: 13px; padding-left: 25px; display: block; margin-top: 10px; margin-bottom: 15px;\">Explora los puntos destacados en el mapa interactivo<\/span>\r\n                    <\/div>\r\n                <\/div>\r\n            <\/div>\r\n            <div class=\"modulo-mapa-interactivo\">\r\n                <div class=\"mapa-iframe-wrapper\">\r\n                    <iframe loading=\"lazy\" allowfullscreen allow=\"geolocation\" \r\n                        src=\"https:\/\/trailforthjournal.com\/maps\/guayaquil\/lugares-turisticos-guayaquil\/#19\/-2.1945\/-79.8840\">\r\n                    <\/iframe>\r\n                <\/div>\r\n            <\/div>\r\n            <div class=\"base-decorativa-gye-final\"><\/div>\r\n        <\/div>\r\n\r\n        <div id=\"tab-tours\" class=\"tfj-tab-content\">\r\n            <div class=\"hub-container\">\r\n                <div class=\"hub-hero\" style=\"background-image: linear-gradient(rgba(0,0,0,0.2), rgba(0,0,0,0.8)), url('https:\/\/trailforthjournal.com\/es\/wp-content\/uploads\/sites\/4\/2026\/04\/tours-and-activities-guayaquil.png');\">\r\n                    <div class=\"hub-hero-content\">\r\n                        <span class=\"hub-tag\">Explora<\/span>\r\n                        <h3 class=\"hub-main-title\">Descubre el Guayaquil Aut\u00e9ntico<\/h3>\r\n                        <p class=\"hub-description\">Desde la brisa del R\u00edo Guayas hasta las historias del Barrio Las Pe\u00f1as. Conoce cada uno de de estos lugares reservando nuestros recorridos diarios en Guayaquil. As\u00ed podr\u00e1s conocer y explorar cada uno de las atracciones de la Urbe Porte\u00f1a.<\/p>\r\n                    <\/div>\r\n                <\/div>\r\n\r\n                <div class=\"hub-sidebar-list\">\r\n                    <div class=\"list-header\">\r\n                        <h3 style=\"margin:0; font-family:'Montserrat'; font-size:15px; font-weight:700; color:#ffffff;\">Reserva Experiencias Locales:<\/h3>\r\n                        <span class=\"activity-count\">Haz clic para conocer horarios y disponibilidad.<\/span>\r\n                    <\/div>\r\n\r\n                    <div class=\"mini-banner\" onclick=\"window.open('https:\/\/trailforthjournal.com\/es\/reservar\/guayaquil-city-tour-privado\/', '_blank')\">\r\n                        <div class=\"mini-img\">\r\n                            <img data-recalc-dims=\"1\" decoding=\"async\" src=\"https:\/\/i0.wp.com\/trailforthjournal.com\/es\/wp-content\/uploads\/sites\/4\/2022\/01\/Guia-Guayaquil-Iguanas-fondo-.png?w=1032&#038;ssl=1\" alt=\"City Tour\">\r\n                        <\/div>\r\n                        <div class=\"mini-details\">\r\n                            <h4 style=\"margin: 0 0 3px; font-size: 13px; font-family: 'Montserrat'; color: #ffffff; font-weight: 700;\">City Tour Guayaquil: Recorrido Hist\u00f3rico y Moderno <\/h4>\r\n                            <div class=\"mini-meta\">\r\n                                <span class=\"price\">USD $80<\/span>\r\n                                <span class=\"duration\">\u23f1 3.5h<\/span>\r\n                            <\/div>\r\n                        <\/div>\r\n                        <div class=\"mini-arrow\">\u2192<\/div>\r\n                    <\/div>\r\n\r\n                    <div class=\"mini-banner\" onclick=\"window.open('https:\/\/trailforthjournal.com\/es\/reservar\/guayaquil-walking-tour-panoramico\/', '_blank')\">\r\n                        <div class=\"mini-img\">\r\n                            <img data-recalc-dims=\"1\" decoding=\"async\" src=\"https:\/\/i0.wp.com\/trailforthjournal.com\/es\/wp-content\/uploads\/sites\/4\/2024\/02\/1000118859.png?w=1032&#038;ssl=1\" alt=\"Walking Tour\">\r\n                        <\/div>\r\n                        <div class=\"mini-details\">\r\n                            <h4 style=\"margin: 0 0 3px; font-size: 13px; font-family: 'Montserrat'; color: #ffffff; font-weight: 700;\">Guayaquil Walking Tour: Navegaci\u00f3n y Vistas A\u00e9reas<\/h4>\r\n                            <div class=\"mini-meta\">\r\n                                <span class=\"price\">USD: $30<\/span>\r\n                                <span class=\"duration\">\u23f1 1.5h<\/span>\r\n                            <\/div>\r\n                        <\/div>\r\n                        <div class=\"mini-arrow\">\u2192<\/div>\r\n                    <\/div>\r\n\r\n                    <div class=\"hub-footer-cta\">\r\n                        <p>\u00bfBuscas un plan personalizado?<\/p>\r\n                        <a href=\"javascript:void(0)\" class=\"link-contacto\" onclick=\"toggleContactModal()\">Hablar con un experto<\/a>\r\n                    <\/div>\r\n                <\/div>\r\n            <\/div>\r\n        <\/div>\r\n    <\/div>\r\n<\/div>\r\n\r\n<div id=\"contact-modal\" class=\"tfj-modal-overlay\">\r\n    <div class=\"tfj-modal-card\">\r\n        <button class=\"modal-close\" onclick=\"toggleContactModal()\">\u00d7<\/button>\r\n        <h4 style=\"font-family: 'Volkhov'; font-size: 22px; margin-bottom: 10px; color: #111;\">\u00bfC\u00f3mo prefieres contactarnos?<\/h4>\r\n        <p>Nuestro equipo de expertos est\u00e1 listo para ayudarte.<\/p>\r\n        \r\n        <div class=\"modal-options\">\r\n            <a href=\"https:\/\/wa.me\/593978887324\" target=\"_blank\" class=\"modal-btn whatsapp\">\r\n                <span>\ud83d\udcac WhatsApp<\/span>\r\n            <\/a>\r\n            <a href=\"mailto:info@trailforthjournal.com\" class=\"modal-btn email\">\r\n                <span>\u2709\ufe0f Correo Electr\u00f3nico<\/span>\r\n            <\/a>\r\n        <\/div>\r\n    <\/div>\r\n<\/div>\r\n\r\n<style>\r\n    @import url('https:\/\/fonts.googleapis.com\/css2?family=Montserrat:wght@400;700;800&family=Volkhov&family=Inter:wght@400;500&display=swap');\r\n\r\n    :root {\r\n        --primary-gye: #1c1c1c;\r\n        --sidebar-bg: #f8fafc;\r\n        --shadow: 0 10px 30px rgba(0,0,0,0.08);\r\n        --url-borde-nuevo: url('https:\/\/trailforthjournal.com\/es\/wp-content\/uploads\/sites\/4\/2026\/04\/Borde-de-mapa-GYE-e1775882327660.png');\r\n    }\r\n\r\n    .tfj-main-container {\r\n        display: flex;\r\n        max-width: 1200px;\r\n        margin: 40px auto;\r\n        background: #fff;\r\n        border-radius: 24px;\r\n        overflow: hidden;\r\n        box-shadow: var(--shadow);\r\n        height: 600px;\r\n    }\r\n\r\n    \/* SIDEBAR *\/\r\n    .tfj-sidebar { width: 280px; background: var(--sidebar-bg); border-right: 1px solid #e2e8f0; display: flex; flex-direction: column; padding: 20px 0; flex-shrink: 0; }\r\n    .tfj-sidebar-header { padding: 10px 25px 20px; text-align: center; }\r\n    \r\n    \/* LOGO \/ ESTAMPILLA REDUCIDA AL 85px (Reducci\u00f3n del 5%) *\/\r\n    .tfj-logo-stamp { max-width: 85px; height: auto; }\r\n\r\n    .tfj-tab-btn { border: none; background: none; padding: 20px 25px; display: flex; align-items: center; gap: 15px; cursor: pointer; text-align: left; transition: 0.3s; border-left: 4px solid transparent; }\r\n    .tfj-tab-btn.active { background: #fff; border-left-color: var(--primary-gye); }\r\n    .tab-title { display: block; font-family: 'Montserrat'; font-weight: 700; font-size: 14px; color: #1e293b; }\r\n    .tab-sub { font-family: 'Inter'; font-size: 11px; color: #94a3b8; }\r\n\r\n    .tfj-content-area { flex: 1; position: relative; overflow: hidden; }\r\n    .tfj-tab-content { display: none; height: 100%; width: 100%; flex-direction: column; }\r\n    .tfj-tab-content.active { display: flex; }\r\n\r\n    .modulo-mapa-interactivo { flex: 1; position: relative; }\r\n    .mapa-iframe-wrapper { width: 100%; height: 100%; }\r\n    .mapa-iframe-wrapper iframe { width: 100%; height: 100%; border: none; }\r\n    .base-decorativa-gye-final { height: 60px; background-image: var(--url-borde-nuevo); background-repeat: repeat-x; background-position: bottom; background-size: auto 60%; }\r\n\r\n    .hub-container { display: flex; height: 100%; width: 100%; background: #111111; }\r\n    .hub-hero { flex: 1.3; background-size: cover; background-position: center; display: flex; align-items: flex-end; padding: 40px; }\r\n    .hub-main-title { font-family: 'Volkhov'; font-size: 30px; color: #ffffff !important; margin: 12px 0 8px; line-height: 1.1; }\r\n    .hub-description { font-family: 'Inter'; font-size: 14px; color: #ffffff !important; opacity: 1; }\r\n    .hub-tag { background: #fff; color: #000; padding: 3px 10px; font-size: 9px; font-weight: 800; text-transform: uppercase; border-radius: 2px; }\r\n\r\n    .hub-sidebar-list { flex: 0.7; background: #111111; display: flex; flex-direction: column; padding: 25px; gap: 15px; overflow-y: auto; border-left: 1px solid #222; }\r\n    .mini-banner { display: flex; align-items: center; gap: 12px; padding: 10px; border: 1px solid #222; background: #1a1a1a; border-radius: 12px; cursor: pointer; transition: 0.3s; }\r\n    .mini-banner:hover { background: #252525; transform: translateX(5px); border-color: #444; }\r\n    .mini-img { width: 55px; height: 55px; border-radius: 8px; overflow: hidden; flex-shrink: 0; }\r\n    .mini-img img { width: 100%; height: 100%; object-fit: cover; }\r\n    .mini-details h5 { margin: 0 0 3px; font-size: 13px; font-family: 'Montserrat'; color: #ffffff; font-weight: 700; }\r\n    .mini-meta { display: flex; gap: 8px; font-size: 10px; color: #94a3b8; }\r\n    .price { font-weight: 800; color: #ffffff; }\r\n    .mini-arrow { margin-left: auto; color: #444; font-size: 12px; }\r\n\r\n    .hub-footer-cta { margin-top: auto; padding-top: 15px; text-align: center; border-top: 1px solid #222; }\r\n    .hub-footer-cta p { font-size: 11px; color: #64748b; margin-bottom: 4px; }\r\n    .link-contacto { font-size: 12px; font-weight: 700; color: #ffffff; text-decoration: underline; cursor: pointer; }\r\n\r\n    .tfj-modal-overlay {\r\n        position: fixed; top: 0; left: 0; width: 100%; height: 100%;\r\n        background: rgba(0,0,0,0.8); display: none; align-items: center; justify-content: center;\r\n        z-index: 1000; backdrop-filter: blur(5px);\r\n    }\r\n    .tfj-modal-card {\r\n        background: #fff; padding: 40px; border-radius: 20px; max-width: 400px; width: 90%;\r\n        position: relative; text-align: center; box-shadow: 0 20px 50px rgba(0,0,0,0.3);\r\n    }\r\n    .tfj-modal-card p { font-family: 'Inter'; font-size: 14px; color: #666; margin-bottom: 25px; }\r\n    .modal-close {\r\n        position: absolute; top: 15px; right: 20px; background: none; border: none;\r\n        font-size: 24px; cursor: pointer; color: #999;\r\n    }\r\n    .modal-options { display: flex; flex-direction: column; gap: 12px; }\r\n    .modal-btn {\r\n        padding: 15px; border-radius: 12px; text-decoration: none; font-family: 'Montserrat';\r\n        font-weight: 700; font-size: 14px; transition: 0.3s; display: block;\r\n    }\r\n    .modal-btn.whatsapp { background: #25D366; color: #fff; }\r\n    .modal-btn.email { background: #1c1c1c; color: #fff; }\r\n    .modal-btn:hover { transform: translateY(-3px); opacity: 0.9; }\r\n\r\n    @media (max-width: 900px) {\r\n        .tfj-main-container { flex-direction: column; height: auto; }\r\n        .tfj-sidebar { width: 100%; flex-direction: row; }\r\n        .hub-container { flex-direction: column; }\r\n        .hub-hero { height: 250px; flex: none; }\r\n    }\r\n<\/style>\r\n\r\n<script>\r\nfunction openTab(evt, tabName) {\r\n    var i, tabcontent, tablinks;\r\n    tabcontent = document.getElementsByClassName(\"tfj-tab-content\");\r\n    for (i = 0; i < tabcontent.length; i++) {\r\n        tabcontent[i].style.display = \"none\";\r\n        tabcontent[i].classList.remove(\"active\");\r\n    }\r\n    tablinks = document.getElementsByClassName(\"tfj-tab-btn\");\r\n    for (i = 0; i < tablinks.length; i++) {\r\n        tablinks[i].className = tablinks[i].className.replace(\" active\", \"\");\r\n    }\r\n    document.getElementById(tabName).style.display = \"flex\";\r\n    document.getElementById(tabName).classList.add(\"active\");\r\n    evt.currentTarget.className += \" active\";\r\n}\r\n\r\nfunction toggleContactModal() {\r\n    const modal = document.getElementById('contact-modal');\r\n    modal.style.display = (modal.style.display === 'flex') ? 'none' : 'flex';\r\n}\r\n\r\nwindow.onclick = function(event) {\r\n    const modal = document.getElementById('contact-modal');\r\n    if (event.target == modal) { modal.style.display = \"none\"; }\r\n}\r\n<\/script>\t\t\t\t<\/div>\n\t\t\t\t<\/div>\n\t\t\t\t\t<\/div>\n\t\t<\/div>\n\t\t\t\t\t<\/div>\n\t\t<\/section>\n\t\t\t\t<section class=\"elementor-section elementor-top-section elementor-element elementor-element-c98c647 elementor-section-boxed elementor-section-height-default elementor-section-height-default wpr-particle-no wpr-jarallax-no wpr-parallax-no wpr-sticky-section-no wpr-equal-height-no\" data-id=\"c98c647\" data-element_type=\"section\" data-e-type=\"section\">\n\t\t\t\t\t\t<div class=\"elementor-container elementor-column-gap-default\">\n\t\t\t\t\t<div class=\"elementor-column elementor-col-100 elementor-top-column elementor-element elementor-element-8d01887\" data-id=\"8d01887\" data-element_type=\"column\" data-e-type=\"column\">\n\t\t\t<div class=\"elementor-widget-wrap elementor-element-populated\">\n\t\t\t\t\t\t<div class=\"elementor-element elementor-element-d82acd9 elementor-widget elementor-widget-heading\" data-id=\"d82acd9\" data-element_type=\"widget\" data-e-type=\"widget\" data-widget_type=\"heading.default\">\n\t\t\t\t<div class=\"elementor-widget-container\">\n\t\t\t\t\t<h3 class=\"elementor-heading-title elementor-size-default\">La Catedral de Guayaquil es solo el comienzo\u2026 descubre todo lo que Guayaquil tiene para ti.<\/h3>\t\t\t\t<\/div>\n\t\t\t\t<\/div>\n\t\t\t\t<div class=\"elementor-element elementor-element-210fb97 elementor-widget-divider--view-line elementor-widget elementor-widget-divider\" data-id=\"210fb97\" data-element_type=\"widget\" data-e-type=\"widget\" data-widget_type=\"divider.default\">\n\t\t\t\t<div class=\"elementor-widget-container\">\n\t\t\t\t\t\t\t<div class=\"elementor-divider\">\n\t\t\t<span class=\"elementor-divider-separator\">\n\t\t\t\t\t\t<\/span>\n\t\t<\/div>\n\t\t\t\t\t\t<\/div>\n\t\t\t\t<\/div>\n\t\t\t\t\t<\/div>\n\t\t<\/div>\n\t\t\t\t\t<\/div>\n\t\t<\/section>\n\t\t\t\t<section class=\"elementor-section elementor-top-section elementor-element elementor-element-6140b8d elementor-section-boxed elementor-section-height-default elementor-section-height-default wpr-particle-no wpr-jarallax-no wpr-parallax-no wpr-sticky-section-no wpr-equal-height-no\" data-id=\"6140b8d\" data-element_type=\"section\" data-e-type=\"section\">\n\t\t\t\t\t\t<div class=\"elementor-container elementor-column-gap-default\">\n\t\t\t\t\t<div class=\"elementor-column elementor-col-100 elementor-top-column elementor-element elementor-element-791290c\" data-id=\"791290c\" data-element_type=\"column\" data-e-type=\"column\">\n\t\t\t<div class=\"elementor-widget-wrap elementor-element-populated\">\n\t\t\t\t\t\t<div class=\"elementor-element elementor-element-8dc9f05 elementor-widget elementor-widget-html\" data-id=\"8dc9f05\" data-element_type=\"widget\" data-e-type=\"widget\" data-widget_type=\"html.default\">\n\t\t\t\t<div class=\"elementor-widget-container\">\n\t\t\t\t\t<section class=\"tfj-ecosistema-guayaquil\">\r\n    <div class=\"grid-pilares\">\r\n        \r\n        <article class=\"card-pilar pilar-tours\">\r\n            <div class=\"card-cuerpo\">\r\n                <span class=\"tag-categoria\">Experiencias Premium<\/span>\r\n                <h3><a href=\"https:\/\/trailforthjournal.com\/es\/tours-y-actividades\/guayaquil\/\" title=\"Reserva Tours en Guayaquil con Gu\u00edas Locales\" target=\"_blank\" rel=\"noopener\">Tours y Excursiones en Guayaquil<\/a><\/h3>\r\n                <p>Reserva tours privados y experiencias curadas con gu\u00edas locales certificados. Calidad premium en cada recorrido.<\/p>\r\n                <div class=\"footer-card\">\r\n                    <span class=\"cta-link\">Ver Cat\u00e1logo de Tours \u2192<\/span>\r\n                <\/div>\r\n            <\/div>\r\n        <\/article>\r\n\r\n        <article class=\"card-pilar pilar-lugares\">\r\n            <div class=\"card-cuerpo\">\r\n                <span class=\"tag-categoria\">Planificaci\u00f3n<\/span>\r\n                <h3><a href=\"https:\/\/trailforthjournal.com\/es\/explora\/mapa-lugares-turisticos-guayaquil\/\" title=\"Mapa de lugares tur\u00edsticos en Guayaquil\" target=\"_blank\" rel=\"noopener\">Lugares Tur\u00edsticos y Mapa 2026<\/a><\/h3>\r\n                <p>Explora los 20 sitios imprescindibles de la Perla del Pac\u00edfico con nuestro mapa interactivo y gratuito.<\/p>\r\n                <div class=\"footer-card\">\r\n                    <span class=\"cta-link\">Explorar el Mapa \u2192<\/span>\r\n                <\/div>\r\n            <\/div>\r\n        <\/article>\r\n\r\n        <article class=\"card-pilar pilar-guia\">\r\n            <div class=\"card-cuerpo\">\r\n                <span class=\"tag-categoria\">Gu\u00eda Local<\/span>\r\n                <h3><a href=\"https:\/\/trailforthjournal.com\/es\/guia-turistica\/guayaquil-ecuador\/\" title=\"Qu\u00e9 hacer en Guayaquil: Gu\u00eda completa\" target=\"_blank\" rel=\"noopener\">Qu\u00e9 hacer en Guayaquil: Gu\u00eda 2026<\/a><\/h3>\r\n                <p>Cultura, compras y vida urbana. Todo lo que necesitas saber para vivir Guayaquil como un local.<\/p>\r\n                <div class=\"footer-card\">\r\n                    <span class=\"cta-link\">Leer Gu\u00eda Completa \u2192<\/span>\r\n                <\/div>\r\n            <\/div>\r\n        <\/article>\r\n\r\n    <\/div>\r\n<\/section>\r\n\r\n<style>\r\n    .tfj-ecosistema-guayaquil {\r\n        max-width: 1100px;\r\n        margin: 50px auto;\r\n        padding: 0 20px;\r\n        font-family: 'Montserrat', sans-serif;\r\n    }\r\n    .grid-pilares {\r\n        display: grid;\r\n        grid-template-columns: repeat(auto-fit, minmax(320px, 1fr));\r\n        gap: 30px;\r\n    }\r\n    .card-pilar {\r\n        background: #ffffff;\r\n        border-radius: 24px;\r\n        padding: 35px;\r\n        border: 1px solid #eef2f6;\r\n        box-shadow: 0 10px 30px rgba(0,0,0,0.03);\r\n        transition: all 0.4s ease;\r\n        display: flex;\r\n        flex-direction: column;\r\n        position: relative;\r\n        overflow: hidden;\r\n    }\r\n    .card-pilar::before {\r\n        content: '';\r\n        position: absolute;\r\n        top: 0; left: 0; width: 4px; height: 100%;\r\n        background: #3F74E8;\r\n        opacity: 0;\r\n        transition: 0.3s;\r\n    }\r\n    .card-pilar:hover {\r\n        transform: translateY(-10px);\r\n        box-shadow: 0 25px 50px -12px rgba(0,0,0,0.08);\r\n        border-color: #3F74E8;\r\n    }\r\n    .card-pilar:hover::before {\r\n        opacity: 1;\r\n    }\r\n    .tag-categoria {\r\n        font-size: 11px;\r\n        text-transform: uppercase;\r\n        letter-spacing: 2px;\r\n        color: #64748b;\r\n        font-weight: 700;\r\n        margin-bottom: 15px;\r\n        display: block;\r\n    }\r\n    .card-pilar h3 {\r\n        margin: 0 0 15px 0;\r\n        font-size: 22px;\r\n        line-height: 1.3;\r\n        font-weight: 800;\r\n    }\r\n    .card-pilar h3 a {\r\n        text-decoration: none;\r\n        color: #0f172a;\r\n        transition: color 0.3s;\r\n    }\r\n    .card-pilar p {\r\n        font-size: 15px;\r\n        color: #475569;\r\n        line-height: 1.6;\r\n        margin-bottom: 25px;\r\n    }\r\n    .footer-card {\r\n        margin-top: auto;\r\n    }\r\n    .cta-link {\r\n        font-size: 14px;\r\n        font-weight: 700;\r\n        color: #3F74E8;\r\n        display: inline-block;\r\n    }\r\n    @media (max-width: 768px) {\r\n        .tfj-ecosistema-guayaquil { margin: 30px auto; }\r\n        .card-pilar { padding: 25px; }\r\n    }\r\n<\/style>\t\t\t\t<\/div>\n\t\t\t\t<\/div>\n\t\t\t\t\t<\/div>\n\t\t<\/div>\n\t\t\t\t\t<\/div>\n\t\t<\/section>\n\t\t\t\t<section class=\"elementor-section elementor-top-section elementor-element elementor-element-7237cc2 elementor-section-boxed elementor-section-height-default elementor-section-height-default wpr-particle-no wpr-jarallax-no wpr-parallax-no wpr-sticky-section-no wpr-equal-height-no\" data-id=\"7237cc2\" data-element_type=\"section\" data-e-type=\"section\">\n\t\t\t\t\t\t<div class=\"elementor-container elementor-column-gap-default\">\n\t\t\t\t\t<div class=\"elementor-column elementor-col-100 elementor-top-column elementor-element elementor-element-2057d0e\" data-id=\"2057d0e\" data-element_type=\"column\" data-e-type=\"column\">\n\t\t\t<div class=\"elementor-widget-wrap elementor-element-populated\">\n\t\t\t\t\t\t<div class=\"elementor-element elementor-element-1b3f76b elementor-widget elementor-widget-spacer\" data-id=\"1b3f76b\" data-element_type=\"widget\" data-e-type=\"widget\" data-widget_type=\"spacer.default\">\n\t\t\t\t<div class=\"elementor-widget-container\">\n\t\t\t\t\t\t\t<div class=\"elementor-spacer\">\n\t\t\t<div class=\"elementor-spacer-inner\"><\/div>\n\t\t<\/div>\n\t\t\t\t\t\t<\/div>\n\t\t\t\t<\/div>\n\t\t\t\t\t<\/div>\n\t\t<\/div>\n\t\t\t\t\t<\/div>\n\t\t<\/section>\n\t\t\t\t<section class=\"elementor-section elementor-top-section elementor-element elementor-element-d189e6e elementor-section-boxed elementor-section-height-default elementor-section-height-default wpr-particle-no wpr-jarallax-no wpr-parallax-no wpr-sticky-section-no wpr-equal-height-no\" data-id=\"d189e6e\" data-element_type=\"section\" data-e-type=\"section\">\n\t\t\t\t\t\t<div class=\"elementor-container elementor-column-gap-default\">\n\t\t\t\t\t<div class=\"elementor-column elementor-col-100 elementor-top-column elementor-element elementor-element-1cb3309\" data-id=\"1cb3309\" data-element_type=\"column\" data-e-type=\"column\">\n\t\t\t<div class=\"elementor-widget-wrap elementor-element-populated\">\n\t\t\t\t\t\t<div class=\"elementor-element elementor-element-7eacded elementor-widget elementor-widget-text-editor\" data-id=\"7eacded\" data-element_type=\"widget\" data-e-type=\"widget\" data-widget_type=\"text-editor.default\">\n\t\t\t\t<div class=\"elementor-widget-container\">\n\t\t\t\t\t\t\t\t\t<p><span data-slate-fragment=\"JTVCJTdCJTIyaWQlMjIlM0ElMjJuLTc2RGw5TyUyMiUyQyUyMnR5cGUlMjIlM0ElMjJwYXJhZ3JhcGglMjIlMkMlMjJjaGlsZHJlbiUyMiUzQSU1QiU3QiUyMnRleHQlMjIlM0ElMjJMYSUyMENhdGVkcmFsJTIwTWV0cm9wb2xpdGFuYSUyMFNhbiUyMFBlZHJvJTIwQXAlQzMlQjNzdG9sJTJDJTIwYW50ZXMlMjBkZSUyMHNlciUyMGV4YWx0YWRhJTIwYSUyMGxhJTIwY2F0ZWdvciVDMyVBRGElMjBkZSUyMENhdGVkcmFsJTJDJTIwcG9yJTIwZWwlMjBwYXBhJTIwR3JlZ29yaW8lMjBYVkklMjBlbCUyMDE0JTIwZGUlMjBzZXB0aWVtYnJlJTIwZGUlMjAxODM4JTJDJTIwZXJhJTIwbGxhbWFkYSUyMElnbGVzaWElMjBNYXRyaXolMjB5JTIwc2UlMjBlbmNvbnRyYWJhJTIwdWJpY2FkYSUyMGFsJTIwcGllJTIwZGVsJTIwYmFycmlvJTIwTGFzJTIwUGUlQzMlQjFhcyUyQyUyMGRvbmRlJTIwbmFjaSVDMyVCMyUyMGxhJTIwY2l1ZGFkLiUyMFN1JTIwY29uc3RydWNjaSVDMyVCM24lMjBvcmlnaW5hbCUyMGElMjBtZWRpYWRvcyUyMGRlbCUyMHNpZ2xvJTIwWFZJJTIwZW4lMjBlbCUyMGNlcnJvJTIwU2FudGElMjBBbmElMjBmdWUlMjBlbiUyMG1hZGVyYS4lMjBEZXNkZSUyMGFxdWVsbGElMjBmZWNoYSUyMGhhc3RhJTIwbGElMjBhY3R1YWxpZGFkJTIwc3UlMjB2ZW5lcmFjaSVDMyVCM24lMjBlcyUyMGFsJTIwQXAlQzMlQjNzdG9sJTIwU2FudGlhZ28lMkMlMjBxdWllbiUyMGVzJTIwZWwlMjBQYXRyb25vJTIwZGUlMjBsYSUyMGNpdWRhZC4lMjBBJTIwZmluYWxlcyUyMGRlbCUyMHNpZ2xvJTIwWFZJSSUyMHZhcmlvcyUyMGluY2VuZGlvcyUyMGRldmFzdGFyb24lMjBsYSUyMGNpdWRhZCUyQyUyMHVubyUyMGRlJTIwbG9zJTIwY3VhbGVzJTJDJTIwb2N1cnJpZG8lMjBlbiUyMDE2OTIlMjBkZXN0cnV5JUMzJUIzJTIwbGElMjBpZ2xlc2lhJTIwZGUlMjBtYWRlcmEuJTIwTGElMjBDYXRlZHJhbCUyMGFjdHVhbCUyMHNlJTIwZW5jdWVudHJhJTIwbGV2YW50YWRhJTIwZG9uZGUlMjBlc3R1dm8lMjBsYSUyMHByaW1lcmElMjBpZ2xlc2lhJTIwbWF0cml6JTIwZW4lMjAxOTY1LiUyMEVzdGElMjAlQzMlQTFyZWElMjBwYXMlQzMlQjMlMjBhJTIwc2VyJTIwb2N1cGFkYSUyMGRlc2RlJTIwc3UlMjBkZXNpZ25hY2klQzMlQjNuJTIwZW4lMjBsYSUyMENpdWRhZCUyME51ZXZhJTNBJTIwbGElMjBjYWxsZSUyMENoaW1ib3Jhem8lMkMlMjBjZXJjYSUyMGRlJTIwbGElMjBQbGF6YSUyME1heW9yJTIwbyUyMFBsYXphJTIwZGUlMjBBcm1hcy4lMjIlN0QlNUQlN0QlNUQ=\">La Catedral actual se encuentra levantada donde estuvo la primera iglesia matriz en 1965. Esta \u00e1rea es aquella que pas\u00f3 a ser ocupada desde su designaci\u00f3n en la Ciudad Nueva: calle Chimborazo, cerca de la Plaza Mayor o Plaza de Armas.<\/span><\/p>\t\t\t\t\t\t\t\t<\/div>\n\t\t\t\t<\/div>\n\t\t\t\t\t<\/div>\n\t\t<\/div>\n\t\t\t\t\t<\/div>\n\t\t<\/section>\n\t\t\t\t<section class=\"elementor-section elementor-top-section elementor-element elementor-element-033083c elementor-section-boxed elementor-section-height-default elementor-section-height-default wpr-particle-no wpr-jarallax-no wpr-parallax-no wpr-sticky-section-no wpr-equal-height-no\" data-id=\"033083c\" data-element_type=\"section\" data-e-type=\"section\">\n\t\t\t\t\t\t<div class=\"elementor-container elementor-column-gap-default\">\n\t\t\t\t\t<div class=\"elementor-column elementor-col-100 elementor-top-column elementor-element elementor-element-d41d022\" data-id=\"d41d022\" data-element_type=\"column\" data-e-type=\"column\">\n\t\t\t<div class=\"elementor-widget-wrap elementor-element-populated\">\n\t\t\t\t\t\t<div class=\"elementor-element elementor-element-40b7221 elementor-widget elementor-widget-text-editor\" data-id=\"40b7221\" data-element_type=\"widget\" data-e-type=\"widget\" data-widget_type=\"text-editor.default\">\n\t\t\t\t<div class=\"elementor-widget-container\">\n\t\t\t\t\t\t\t\t\t<p><span data-slate-fragment=\"JTVCJTdCJTIyaWQlMjIlM0ElMjJuLVdIeXlERSUyMiUyQyUyMnR5cGUlMjIlM0ElMjJwYXJhZ3JhcGglMjIlMkMlMjJjaGlsZHJlbiUyMiUzQSU1QiU3QiUyMnRleHQlMjIlM0ElMjJEZXNkZSUyMGxhJTIwY2FsbGUlMjBDaGltYm9yYXpvJTIwc2UlMjBwdWVkZSUyMGFwcmVjaWFyJTIwbGElMjB6b25hJTIwZnJvbnRhbCUyMGRlJTIwbGElMjBDYXRlZHJhbCUyQyUyMGRvbmRlJTIwc2UlMjBlbmN1ZW50cmFuJTIwbGFzJTIwZXN0YXR1YXMlMjB0YWxsYWRhcyUyMGRlJTIwbG9zJTIwQ3VhdHJvJTIwRXZhbmdlbGlzdGFzJTJDJTIwbGFzJTIwbWlzbWFzJTIwcXVlJTIwZXN0JUMzJUExbiUyMHByZXNlbnRlcyUyMGVuJTIwZWwlMjBzaXRpbyUyMGRlc2RlJTIwcXVlJTIwZnVlJTIwY29uc3RydSVDMyVBRGRvLiUyMFNvYnJlJTIwZWxsb3MlMjBzZSUyMGxldmFudGFuJTIwZG9zJTIwaW1wb25lbnRlcyUyMHRvcnJlcyUyMHF1ZSUyMHRlcm1pbmFuJTIwZW4lMjBhZ3VqYXMlMjBuZW9nJUMzJUIzdGljYXMuJTIyJTdEJTVEJTdEJTVE\">Desde la calle Chimborazo se puede apreciar la zona frontal de la Catedral, donde se encuentran las estatuas talladas de los Cuatro Evangelistas, las mismas que est\u00e1n presentes en el sitio desde que fue constru\u00eddo. Sobre ellos se levantan dos imponentes torres que terminan en agujas neog\u00f3ticas.<\/span><\/p>\t\t\t\t\t\t\t\t<\/div>\n\t\t\t\t<\/div>\n\t\t\t\t\t<\/div>\n\t\t<\/div>\n\t\t\t\t\t<\/div>\n\t\t<\/section>\n\t\t\t\t<section class=\"elementor-section elementor-top-section elementor-element elementor-element-7fff8ea elementor-section-boxed elementor-section-height-default elementor-section-height-default wpr-particle-no wpr-jarallax-no wpr-parallax-no wpr-sticky-section-no wpr-equal-height-no\" data-id=\"7fff8ea\" data-element_type=\"section\" data-e-type=\"section\">\n\t\t\t\t\t\t<div class=\"elementor-container elementor-column-gap-default\">\n\t\t\t\t\t<div class=\"elementor-column elementor-col-100 elementor-top-column elementor-element elementor-element-1b21933\" data-id=\"1b21933\" data-element_type=\"column\" data-e-type=\"column\">\n\t\t\t<div class=\"elementor-widget-wrap elementor-element-populated\">\n\t\t\t\t\t\t<div class=\"elementor-element elementor-element-6d2e5f5 elementor-widget elementor-widget-text-editor\" data-id=\"6d2e5f5\" data-element_type=\"widget\" data-e-type=\"widget\" data-widget_type=\"text-editor.default\">\n\t\t\t\t<div class=\"elementor-widget-container\">\n\t\t\t\t\t\t\t\t\t<p>La Catedral Metropolitana es, sin duda, uno de los <b data-path-to-node=\"3,0\" data-index-in-node=\"52\"><a class=\"ng-star-inserted\" href=\"https:\/\/trailforthjournal.com\/es\/explora\/mapa-lugares-turisticos-guayaquil\/\" target=\"_blank\" rel=\"noopener\" data-hveid=\"0\" data-ved=\"0CAAQ_4QMahgKEwix_863_POTAxUAAAAAHQAAAAAQqQE\">lugares tur\u00edsticos de Guayaquil<\/a><\/b> m\u00e1s fotografiados. Como representaci\u00f3n viva de la fe en la urbe porte\u00f1a, su visita encabeza la lista de <b data-path-to-node=\"3,0\" data-index-in-node=\"188\"><a class=\"ng-star-inserted\" href=\"https:\/\/trailforthjournal.com\/es\/guia-turistica\/guayaquil-ecuador\/\" target=\"_blank\" rel=\"noopener\" data-hveid=\"0\" data-ved=\"0CAAQ_4QMahgKEwix_863_POTAxUAAAAAHQAAAAAQqgE\">cosas que hacer en Guayaquil<\/a><\/b> si buscas descubrir la arquitectura patrimonial y la historia fascinante que esconde nuestra ciudad.<\/p>\t\t\t\t\t\t\t\t<\/div>\n\t\t\t\t<\/div>\n\t\t\t\t\t<\/div>\n\t\t<\/div>\n\t\t\t\t\t<\/div>\n\t\t<\/section>\n\t\t\t\t<section class=\"elementor-section elementor-top-section elementor-element elementor-element-1ee96f4 elementor-section-boxed elementor-section-height-default elementor-section-height-default wpr-particle-no wpr-jarallax-no wpr-parallax-no wpr-sticky-section-no wpr-equal-height-no\" data-id=\"1ee96f4\" data-element_type=\"section\" data-e-type=\"section\">\n\t\t\t\t\t\t<div class=\"elementor-container elementor-column-gap-default\">\n\t\t\t\t\t<div class=\"elementor-column elementor-col-100 elementor-top-column elementor-element elementor-element-bb0f092\" data-id=\"bb0f092\" data-element_type=\"column\" data-e-type=\"column\">\n\t\t\t<div class=\"elementor-widget-wrap elementor-element-populated\">\n\t\t\t\t\t\t<div class=\"elementor-element elementor-element-b83b4c3 elementor-widget elementor-widget-spacer\" data-id=\"b83b4c3\" data-element_type=\"widget\" data-e-type=\"widget\" data-widget_type=\"spacer.default\">\n\t\t\t\t<div class=\"elementor-widget-container\">\n\t\t\t\t\t\t\t<div class=\"elementor-spacer\">\n\t\t\t<div class=\"elementor-spacer-inner\"><\/div>\n\t\t<\/div>\n\t\t\t\t\t\t<\/div>\n\t\t\t\t<\/div>\n\t\t\t\t\t<\/div>\n\t\t<\/div>\n\t\t\t\t\t<\/div>\n\t\t<\/section>\n\t\t\t\t<section class=\"elementor-section elementor-top-section elementor-element elementor-element-e0e5c37 elementor-section-height-min-height elementor-section-full_width elementor-section-height-default elementor-section-items-middle wpr-particle-no wpr-jarallax-no wpr-parallax-no wpr-sticky-section-no wpr-equal-height-no\" data-id=\"e0e5c37\" data-element_type=\"section\" data-e-type=\"section\" data-settings=\"{&quot;background_background&quot;:&quot;classic&quot;}\">\n\t\t\t\t\t\t\t<div class=\"elementor-background-overlay\"><\/div>\n\t\t\t\t\t\t\t<div class=\"elementor-container elementor-column-gap-no\">\n\t\t\t\t\t<div class=\"elementor-column elementor-col-100 elementor-top-column elementor-element elementor-element-27b9346\" data-id=\"27b9346\" data-element_type=\"column\" data-e-type=\"column\">\n\t\t\t<div class=\"elementor-widget-wrap elementor-element-populated\">\n\t\t\t\t\t\t<div class=\"elementor-element elementor-element-167d51a elementor-view-default elementor-widget elementor-widget-icon\" data-id=\"167d51a\" data-element_type=\"widget\" data-e-type=\"widget\" data-widget_type=\"icon.default\">\n\t\t\t\t<div class=\"elementor-widget-container\">\n\t\t\t\t\t\t\t<div class=\"elementor-icon-wrapper\">\n\t\t\t<div class=\"elementor-icon\">\n\t\t\t<i aria-hidden=\"true\" class=\"fab fa-connectdevelop\"><\/i>\t\t\t<\/div>\n\t\t<\/div>\n\t\t\t\t\t\t<\/div>\n\t\t\t\t<\/div>\n\t\t\t\t<div class=\"elementor-element elementor-element-98486fa elementor-widget__width-initial elementor-widget elementor-widget-spacer\" data-id=\"98486fa\" data-element_type=\"widget\" data-e-type=\"widget\" data-widget_type=\"spacer.default\">\n\t\t\t\t<div class=\"elementor-widget-container\">\n\t\t\t\t\t\t\t<div class=\"elementor-spacer\">\n\t\t\t<div class=\"elementor-spacer-inner\"><\/div>\n\t\t<\/div>\n\t\t\t\t\t\t<\/div>\n\t\t\t\t<\/div>\n\t\t\t\t<div class=\"elementor-element elementor-element-c94b03b premium-title-gradient-yes elementor-widget__width-initial premium-title-color elementor-widget elementor-widget-premium-addon-title\" data-id=\"c94b03b\" data-element_type=\"widget\" data-e-type=\"widget\" id=\"catedral-guayaquil-360\" data-widget_type=\"premium-addon-title.default\">\n\t\t\t\t<div class=\"elementor-widget-container\">\n\t\t\t\t\t\n\t\t<div class=\"premium-title-container style2\">\n\t\t\t<h2 class=\"premium-title-header premium-title-style2\">\n\t\t\t\t\n\t\t\t\t\n\t\t\t\t\t\t\t\t\t\t\t\t<span class=\"premium-title-text\">\n\t\t\t\t\tCatedral de Guayaquil 360\u00b0\t\t\t\t<\/span>\n\t\t\t\t\t\n\t\t\t\t\t\t\t\t\n\t\t\t\t\t\t\t<\/h2>\n\n\t\t<\/div>\n\n\t\t\t\t\t\t<\/div>\n\t\t\t\t<\/div>\n\t\t\t\t<div class=\"elementor-element elementor-element-f5af614 elementor-widget__width-initial elementor-widget elementor-widget-spacer\" data-id=\"f5af614\" data-element_type=\"widget\" data-e-type=\"widget\" data-widget_type=\"spacer.default\">\n\t\t\t\t<div class=\"elementor-widget-container\">\n\t\t\t\t\t\t\t<div class=\"elementor-spacer\">\n\t\t\t<div class=\"elementor-spacer-inner\"><\/div>\n\t\t<\/div>\n\t\t\t\t\t\t<\/div>\n\t\t\t\t<\/div>\n\t\t\t\t<section class=\"elementor-section elementor-inner-section elementor-element elementor-element-be89d90 elementor-section-boxed elementor-section-height-default elementor-section-height-default wpr-particle-no wpr-jarallax-no wpr-parallax-no wpr-sticky-section-no wpr-equal-height-no\" data-id=\"be89d90\" data-element_type=\"section\" data-e-type=\"section\">\n\t\t\t\t\t\t<div class=\"elementor-container elementor-column-gap-default\">\n\t\t\t\t\t<div class=\"elementor-column elementor-col-33 elementor-inner-column elementor-element elementor-element-22ac1ad\" data-id=\"22ac1ad\" data-element_type=\"column\" data-e-type=\"column\">\n\t\t\t<div class=\"elementor-widget-wrap\">\n\t\t\t\t\t\t\t<\/div>\n\t\t<\/div>\n\t\t\t\t<div class=\"elementor-column elementor-col-33 elementor-inner-column elementor-element elementor-element-2b1e1f6\" data-id=\"2b1e1f6\" data-element_type=\"column\" data-e-type=\"column\">\n\t\t\t<div class=\"elementor-widget-wrap elementor-element-populated\">\n\t\t\t\t\t\t<div class=\"elementor-element elementor-element-00a1130 elementor-widget elementor-widget-shortcode\" data-id=\"00a1130\" data-element_type=\"widget\" data-e-type=\"widget\" data-widget_type=\"shortcode.default\">\n\t\t\t\t<div class=\"elementor-widget-container\">\n\t\t\t\t\t\t\t<div class=\"elementor-shortcode\">        <div class=\"wvt-panorama-wrapper\">\n            <style id=\"wvt_27120_1-panorama-css\">\n                #wvt_27120_1 { padding-bottom: 50%; }\n@media only screen and (max-width:768px) { \n\t\t\t\t\t#wvt_27120_1 { padding-bottom: 75%; } \n\t\t\t\t}\n@media only screen and (max-width:600px) { \n\t\t\t\t\t#wvt_27120_1 { padding-bottom: 150%; } \n\t\t\t\t}\n                            <\/style>\n            <div id=\"wvt_27120_1\" data-id=\"27120\"\n                 data-sequence=\"1\" class=\"wvt-panorama\">\n                <div class=\"wvt-panorama-content\"><\/div>\n            <\/div>\n            <script>\n                window.wvtf['wvt_27120_1'] = {\"post_id\":27120,\"option\":{\"option\":{\"title\":\"Catedral de Guayaquil\",\"type\":\"equirectangular\",\"equirectangular\":{\"id\":\"27103\",\"src\":\"https:\\\/\\\/trailforthjournal.com\\\/es\\\/wp-content\\\/uploads\\\/sites\\\/4\\\/2023\\\/10\\\/La-Catedral-360-scaled.jpg\"},\"equirectangular_fallback\":\"\",\"equirectangular_external\":\"0\",\"cubemap\":{\"back\":\"\",\"bottom\":\"\",\"front\":\"\",\"left\":\"\",\"right\":\"\",\"top\":\"\"},\"coordinate\":{\"pitch\":\"21.756076582067784\",\"yaw\":\"8.547627129481615\",\"hfov\":\"120\"},\"height\":{\"desktop\":\"50\",\"tablet\":\"75\",\"mobile\":\"150\"},\"autorotate\":\"0\",\"autorotate_speed\":\"2\",\"autorotate_direction\":\"clockwise\",\"compass\":\"0\",\"north\":\"8.547627129481615\",\"zoom\":\"1\",\"fullscreen\":\"1\",\"orientation\":\"0\",\"spotlist\":\"0\",\"enable_map\":\"0\",\"mapdimension\":\"25\",\"toolbar_scheme\":\"default\"},\"hotspot\":[{\"key\":\"wvt-hotspot-key-jmfum\",\"title\":\"Hotspot Title\",\"shape\":\"badge\",\"badge\":\"1\",\"bgcolor\":\"#ffffff\",\"width\":\"30\",\"icontype\":\"icon\",\"icon\":\"fa-map-pin\",\"iconcolor\":\"#000000\",\"iconsize\":\"18\",\"iconimage\":\"\",\"coordinate\":{\"pitch\":\"5.609803661515004\",\"yaw\":\"0.19871706739631634\",\"hfov\":\"120\"},\"hover\":\"woo\",\"woo\":\"29911\",\"hovertheme\":\"punk\",\"hoverminwidth\":\"50\",\"hovermaxwidth\":\"300\",\"hovertext\":\"\",\"hoverposition\":\"auto\",\"hoverlongposition\":[\"top\",\"right\",\"bottom\",\"left\"],\"hovercontent\":\"\",\"click\":\"none\",\"url\":\"#\",\"video\":\"\",\"gallery\":[{\"src\":\"\"}]}],\"tour\":[],\"global\":{\"context\":\"Jegtheme\",\"context_url\":\"http:\\\/\\\/jegtheme.com\",\"load_image\":\"\",\"load_scene\":\"ball-pulse\",\"edit\":\"1\"}}};\n            <\/script>\n        <\/div>\n\t\t<\/div>\n\t\t\t\t\t\t<\/div>\n\t\t\t\t<\/div>\n\t\t\t\t<div class=\"elementor-element elementor-element-bb2f5f9 elementor-widget__width-initial elementor-widget elementor-widget-spacer\" data-id=\"bb2f5f9\" data-element_type=\"widget\" data-e-type=\"widget\" data-widget_type=\"spacer.default\">\n\t\t\t\t<div class=\"elementor-widget-container\">\n\t\t\t\t\t\t\t<div class=\"elementor-spacer\">\n\t\t\t<div class=\"elementor-spacer-inner\"><\/div>\n\t\t<\/div>\n\t\t\t\t\t\t<\/div>\n\t\t\t\t<\/div>\n\t\t\t\t<div class=\"elementor-element elementor-element-287a9d9 elementor-align-center elementor-icon-list--layout-traditional elementor-list-item-link-full_width elementor-widget elementor-widget-icon-list\" data-id=\"287a9d9\" data-element_type=\"widget\" data-e-type=\"widget\" data-widget_type=\"icon-list.default\">\n\t\t\t\t<div class=\"elementor-widget-container\">\n\t\t\t\t\t\t\t<ul class=\"elementor-icon-list-items\">\n\t\t\t\t\t\t\t<li class=\"elementor-icon-list-item\">\n\t\t\t\t\t\t\t\t\t\t\t<a href=\"https:\/\/www.instagram.com\/trailforth\/\" target=\"_blank\">\n\n\t\t\t\t\t\t\t\t\t\t\t\t<span class=\"elementor-icon-list-icon\">\n\t\t\t\t\t\t\t<i aria-hidden=\"true\" class=\"fab fa-instagram\"><\/i>\t\t\t\t\t\t<\/span>\n\t\t\t\t\t\t\t\t\t\t<span class=\"elementor-icon-list-text\">trailforth <\/span>\n\t\t\t\t\t\t\t\t\t\t\t<\/a>\n\t\t\t\t\t\t\t\t\t<\/li>\n\t\t\t\t\t\t<\/ul>\n\t\t\t\t\t\t<\/div>\n\t\t\t\t<\/div>\n\t\t\t\t\t<\/div>\n\t\t<\/div>\n\t\t\t\t<div class=\"elementor-column elementor-col-33 elementor-inner-column elementor-element elementor-element-33503b4\" data-id=\"33503b4\" data-element_type=\"column\" data-e-type=\"column\">\n\t\t\t<div class=\"elementor-widget-wrap\">\n\t\t\t\t\t\t\t<\/div>\n\t\t<\/div>\n\t\t\t\t\t<\/div>\n\t\t<\/section>\n\t\t\t\t\t<\/div>\n\t\t<\/div>\n\t\t\t\t\t<\/div>\n\t\t<\/section>\n\t\t\t\t<section class=\"elementor-section elementor-top-section elementor-element elementor-element-51ed773 elementor-section-boxed elementor-section-height-default elementor-section-height-default wpr-particle-no wpr-jarallax-no wpr-parallax-no wpr-sticky-section-no wpr-equal-height-no\" data-id=\"51ed773\" data-element_type=\"section\" data-e-type=\"section\">\n\t\t\t\t\t\t<div class=\"elementor-container elementor-column-gap-default\">\n\t\t\t\t\t<div class=\"elementor-column elementor-col-100 elementor-top-column elementor-element elementor-element-91e8908\" data-id=\"91e8908\" data-element_type=\"column\" data-e-type=\"column\">\n\t\t\t<div class=\"elementor-widget-wrap elementor-element-populated\">\n\t\t\t\t\t\t<div class=\"elementor-element elementor-element-a41f85f elementor-widget elementor-widget-spacer\" data-id=\"a41f85f\" data-element_type=\"widget\" data-e-type=\"widget\" data-widget_type=\"spacer.default\">\n\t\t\t\t<div class=\"elementor-widget-container\">\n\t\t\t\t\t\t\t<div class=\"elementor-spacer\">\n\t\t\t<div class=\"elementor-spacer-inner\"><\/div>\n\t\t<\/div>\n\t\t\t\t\t\t<\/div>\n\t\t\t\t<\/div>\n\t\t\t\t\t<\/div>\n\t\t<\/div>\n\t\t\t\t\t<\/div>\n\t\t<\/section>\n\t\t\t\t<section class=\"elementor-section elementor-top-section elementor-element elementor-element-1e35673 elementor-section-boxed elementor-section-height-default elementor-section-height-default wpr-particle-no wpr-jarallax-no wpr-parallax-no wpr-sticky-section-no wpr-equal-height-no\" data-id=\"1e35673\" data-element_type=\"section\" data-e-type=\"section\" data-settings=\"{&quot;background_background&quot;:&quot;classic&quot;}\">\n\t\t\t\t\t\t<div class=\"elementor-container elementor-column-gap-default\">\n\t\t\t\t\t<div class=\"elementor-column elementor-col-50 elementor-top-column elementor-element elementor-element-7711b81\" data-id=\"7711b81\" data-element_type=\"column\" data-e-type=\"column\">\n\t\t\t<div class=\"elementor-widget-wrap elementor-element-populated\">\n\t\t\t\t\t\t<div class=\"elementor-element elementor-element-6495ce0 elementor-widget__width-initial elementor-widget elementor-widget-html\" data-id=\"6495ce0\" data-element_type=\"widget\" data-e-type=\"widget\" data-widget_type=\"html.default\">\n\t\t\t\t<div class=\"elementor-widget-container\">\n\t\t\t\t\t<link rel=\"preconnect\" href=\"https:\/\/fonts.googleapis.com\">\r\n<link rel=\"preconnect\" href=\"https:\/\/fonts.gstatic.com\" crossorigin>\r\n<link href=\"https:\/\/fonts.googleapis.com\/css2?family=Poppins:wght@300;600;800&display=swap\" rel=\"stylesheet\">\r\n<link rel=\"stylesheet\" href=\"https:\/\/cdnjs.cloudflare.com\/ajax\/libs\/font-awesome\/6.0.0\/css\/all.min.css\">\r\n\r\n<section class=\"tf-final-banner\" aria-label=\"Reserva de tours y experiencias en Guayaquil\" itemscope itemtype=\"https:\/\/schema.org\/Service\">\r\n    <div class=\"tf-accent-line\"><\/div>\r\n    \r\n    <div class=\"tf-banner-content\">\r\n        <div class=\"tf-brand-info\">\r\n            <span class=\"tf-pre\">Official Experience by<\/span>\r\n            <h3 class=\"tf-brand-name\" itemprop=\"provider\">Trail Forth <span class=\"tf-light\">Tours & Activities<\/span><\/h3>\r\n            <span class=\"tf-tagline\">The Experience Collection<\/span>\r\n        <\/div>\r\n\r\n        <h2 class=\"tf-invite-h2\" itemprop=\"name\">\r\n            Reserva: Tours, Experiencias & Actividades: <span class=\"tf-city\">Guayaquil<\/span>\r\n        <\/h2>\r\n\r\n        <div class=\"tf-icon-strip\">\r\n            <div class=\"tf-icon-box\" title=\"Tours de Fotograf\u00eda en Guayaquil\"><i class=\"fas fa-camera\" aria-hidden=\"true\"><\/i><span class=\"sr-only\">Fotograf\u00eda<\/span><\/div>\r\n            <div class=\"tf-icon-box\" title=\"Exploraci\u00f3n Urbana y Caminatas\"><i class=\"fas fa-map-marked-alt\" aria-hidden=\"true\"><\/i><span class=\"sr-only\">Exploraci\u00f3n Urbana<\/span><\/div>\r\n            <div class=\"tf-icon-box\" title=\"Gastronom\u00eda y Experiencias Culinarias\"><i class=\"fas fa-glass-cheers\" aria-hidden=\"true\"><\/i><span class=\"sr-only\">Gastronom\u00eda<\/span><\/div>\r\n            <div class=\"tf-icon-box\" title=\"City Tours y Recorridos en Bus\"><i class=\"fas fa-bus\" aria-hidden=\"true\"><\/i><span class=\"sr-only\">City Tours<\/span><\/div>\r\n            <div class=\"tf-icon-box\" title=\"Aventura en Bici por Guayaquil\"><i class=\"fas fa-bicycle\" aria-hidden=\"true\"><\/i><span class=\"sr-only\">Aventura en Bici<\/span><\/div>\r\n            <div class=\"tf-icon-box\" title=\"Rutas de Senderismo y Naturaleza\"><i class=\"fas fa-route\" aria-hidden=\"true\"><\/i><span class=\"sr-only\">Rutas y Senderos<\/span><\/div>\r\n            <div class=\"tf-icon-box\" title=\"Turismo Cultural y Museos\"><i class=\"fas fa-landmark\" aria-hidden=\"true\"><\/i><span class=\"sr-only\">Cultura y Museos<\/span><\/div>\r\n        <\/div>\r\n        \r\n        <meta itemprop=\"description\" content=\"Agencia especializada en tours personalizados, fotograf\u00eda y experiencias culturales en Guayaquil.\">\r\n        <div itemprop=\"areaServed\" itemscope itemtype=\"https:\/\/schema.org\/City\" class=\"sr-only\">\r\n            <span itemprop=\"name\">Guayaquil<\/span>\r\n        <\/div>\r\n    <\/div>\r\n<\/section>\r\n\r\n<style>\r\n\/* 1. MANTENEMOS TU DISE\u00d1O EXACTO *\/\r\n.tf-final-banner {\r\n    display: flex;\r\n    background: rgba(255, 255, 255, 0.95);\r\n    width: 100%; \r\n    max-width: 1200px;\r\n    margin: 30px 0;\r\n    padding: 30px 30px 30px 0;\r\n    border-radius: 0; \r\n    border: none;\r\n    font-family: 'Poppins', sans-serif !important;\r\n    box-sizing: border-box;\r\n    text-align: left;\r\n}\r\n\r\n\/* SEO: Clase para que Google lea las keywords sin afectar el dise\u00f1o *\/\r\n.sr-only {\r\n    position: absolute;\r\n    width: 1px;\r\n    height: 1px;\r\n    padding: 0;\r\n    margin: -1px;\r\n    overflow: hidden;\r\n    clip: rect(0, 0, 0, 0);\r\n    white-space: nowrap;\r\n    border-width: 0;\r\n}\r\n\r\n.tf-accent-line {\r\n    width: 6px;\r\n    background-color: #ffcc00;\r\n    margin-right: 25px;\r\n    flex-shrink: 0;\r\n}\r\n\r\n.tf-banner-content {\r\n    width: 100%;\r\n}\r\n\r\n.tf-pre {\r\n    font-size: 10px;\r\n    text-transform: uppercase;\r\n    letter-spacing: 2.5px;\r\n    color: #ffcc00;\r\n    font-weight: 600;\r\n    display: block;\r\n    margin-bottom: 2px;\r\n}\r\n\r\n.tf-brand-name {\r\n    font-size: 26px !important;\r\n    font-weight: 600 !important;\r\n    color: #024F87 !important;\r\n    margin: 0 !important;\r\n    line-height: 1;\r\n}\r\n\r\n.tf-light { font-weight: 300 !important; opacity: 0.8; }\r\n\r\n.tf-tagline {\r\n    display: block;\r\n    font-size: 10px;\r\n    text-transform: uppercase;\r\n    letter-spacing: 4px;\r\n    color: #000000;\r\n    font-weight: 300;\r\n    margin-top: 6px;\r\n}\r\n\r\n.tf-invite-h2 {\r\n    font-size: 26px !important;\r\n    font-weight: 600 !important;\r\n    color: #024F87 !important;\r\n    margin: 18px 0 !important;\r\n    line-height: 1.2;\r\n}\r\n\r\n.tf-city { color: #007FD5; }\r\n\r\n.tf-icon-strip {\r\n    display: flex;\r\n    justify-content: flex-start;\r\n    gap: 15px;\r\n    margin-top: 25px;\r\n    flex-wrap: wrap;\r\n}\r\n\r\n.tf-icon-box {\r\n    width: 42px;\r\n    height: 42px;\r\n    background: #fdf8f3;\r\n    border: 1px solid #f5e6d3;\r\n    display: flex;\r\n    align-items: center;\r\n    justify-content: center;\r\n    border-radius: 4px;\r\n    color: #024F87;\r\n    transition: all 0.3s ease;\r\n}\r\n\r\n.tf-icon-box:hover {\r\n    background: #024F87;\r\n    color: #fff;\r\n    transform: translateY(-2px);\r\n}\r\n\r\n@media (max-width: 600px) {\r\n    .tf-brand-name, .tf-invite-h2 { font-size: 22px !important; }\r\n}\r\n<\/style>\t\t\t\t<\/div>\n\t\t\t\t<\/div>\n\t\t\t\t\t<\/div>\n\t\t<\/div>\n\t\t\t\t<div class=\"elementor-column elementor-col-50 elementor-top-column elementor-element elementor-element-6ab7fd0\" data-id=\"6ab7fd0\" data-element_type=\"column\" data-e-type=\"column\">\n\t\t\t<div class=\"elementor-widget-wrap elementor-element-populated\">\n\t\t\t\t\t\t<div class=\"elementor-element elementor-element-758c495 elementor-widget elementor-widget-html\" data-id=\"758c495\" data-element_type=\"widget\" data-e-type=\"widget\" data-widget_type=\"html.default\">\n\t\t\t\t<div class=\"elementor-widget-container\">\n\t\t\t\t\t<div class=\"tf-hero-card\">\r\n    <div class=\"video-background\">\r\n        <iframe \r\n            src=\"https:\/\/www.youtube.com\/embed\/PxUauHg4gSs?autoplay=1&mute=1&loop=1&playlist=PxUauHg4gSs&end=17&controls=0&showinfo=0&rel=0&modestbranding=1&iv_load_policy=3&enablejsapi=1\" \r\n            frameborder=\"0\" \r\n            allow=\"autoplay; encrypted-media\" \r\n            allowfullscreen>\r\n        <\/iframe>\r\n    <\/div>\r\n\r\n    <div class=\"card-overlay\">\r\n        <div class=\"card-content\">\r\n            <span class=\"category-badge\">The Experience Collection<\/span>\r\n            \r\n            <p class=\"description-small\">Reserva los Tours & Actividades<\/p>\r\n            \r\n            <div class=\"cta-wrapper\">\r\n                <a href=\"https:\/\/trailforthjournal.com\/es\/tours-y-actividades\/guayaquil\/\" target=\"_blank\" class=\"btn-primary\">\r\n                    <span class=\"play-icon\"><\/span> VER EXPERIENCIAS\r\n                <\/a>\r\n            <\/div>\r\n        <\/div>\r\n    <\/div>\r\n<\/div>\r\n\r\n<style>\r\n\/* Mantenemos tu estilo exacto que ya funciona en Elementor *\/\r\n.tf-hero-card {\r\n    position: relative;\r\n    width: 100%;\r\n    max-width: 450px;\r\n    height: 300px;\r\n    margin: 20px auto;\r\n    border-radius: 24px;\r\n    overflow: hidden;\r\n    background: #000;\r\n    box-shadow: 0 15px 35px rgba(0,0,0,0.2);\r\n    font-family: 'Poppins', sans-serif;\r\n}\r\n\r\n.video-background {\r\n    position: absolute;\r\n    top: 0;\r\n    left: 0;\r\n    width: 100%;\r\n    height: 100%;\r\n    pointer-events: none;\r\n}\r\n\r\n.video-background iframe {\r\n    width: 300%; \r\n    height: 100%;\r\n    min-width: 177.77%; \r\n    position: absolute;\r\n    top: 50%;\r\n    left: 50%;\r\n    transform: translate(-50%, -50%) scale(1.3); \r\n    border: none;\r\n}\r\n\r\n.card-overlay {\r\n    position: absolute;\r\n    bottom: 0;\r\n    left: 0;\r\n    width: 100%;\r\n    height: 100%;\r\n    background: linear-gradient(180deg, transparent 15%, rgba(0,0,0,0.85) 85%);\r\n    display: flex;\r\n    align-items: flex-end;\r\n    padding: 25px;\r\n    box-sizing: border-box;\r\n    z-index: 2;\r\n}\r\n\r\n.category-badge {\r\n    display: inline-block;\r\n    background: #FFCC00;\r\n    color: #000;\r\n    font-size: 9px;\r\n    font-weight: 800;\r\n    padding: 4px 10px;\r\n    border-radius: 50px;\r\n    text-transform: uppercase;\r\n    letter-spacing: 1px;\r\n    margin-bottom: 6px;\r\n}\r\n\r\n.description-small {\r\n    color: rgba(255,255,255,0.9);\r\n    font-size: 13px;\r\n    margin-bottom: 18px;\r\n    font-weight: 400;\r\n}\r\n\r\n.btn-primary {\r\n    display: inline-flex;\r\n    align-items: center;\r\n    color: #fff;\r\n    text-decoration: none;\r\n    font-size: 11px;\r\n    font-weight: 600;\r\n    letter-spacing: 1px;\r\n    border: 1px solid rgba(255,255,255,0.5);\r\n    padding: 10px 20px;\r\n    border-radius: 50px;\r\n    transition: all 0.3s ease;\r\n    background: rgba(0,0,0,0.4);\r\n    backdrop-filter: blur(8px);\r\n    -webkit-backdrop-filter: blur(8px);\r\n}\r\n\r\n.btn-primary:hover {\r\n    background: #fff;\r\n    color: #000;\r\n}\r\n\r\n.play-icon {\r\n    width: 0; \r\n    height: 0; \r\n    border-top: 4px solid transparent;\r\n    border-bottom: 4px solid transparent;\r\n    border-left: 7px solid currentColor;\r\n    margin-right: 8px;\r\n}\r\n\r\n@media (max-width: 480px) {\r\n    .tf-hero-card {\r\n        height: 280px;\r\n    }\r\n}\r\n<\/style>\t\t\t\t<\/div>\n\t\t\t\t<\/div>\n\t\t\t\t\t<\/div>\n\t\t<\/div>\n\t\t\t\t\t<\/div>\n\t\t<\/section>\n\t\t\t\t<section class=\"elementor-section elementor-top-section elementor-element elementor-element-098e5d8 elementor-section-boxed elementor-section-height-default elementor-section-height-default wpr-particle-no wpr-jarallax-no wpr-parallax-no wpr-sticky-section-no wpr-equal-height-no\" data-id=\"098e5d8\" data-element_type=\"section\" data-e-type=\"section\">\n\t\t\t\t\t\t<div class=\"elementor-container elementor-column-gap-default\">\n\t\t\t\t\t<div class=\"elementor-column elementor-col-100 elementor-top-column elementor-element elementor-element-a052ee4\" data-id=\"a052ee4\" data-element_type=\"column\" data-e-type=\"column\">\n\t\t\t<div class=\"elementor-widget-wrap elementor-element-populated\">\n\t\t\t\t\t\t<div class=\"elementor-element elementor-element-bed0162 elementor-widget elementor-widget-spacer\" data-id=\"bed0162\" data-element_type=\"widget\" data-e-type=\"widget\" data-widget_type=\"spacer.default\">\n\t\t\t\t<div class=\"elementor-widget-container\">\n\t\t\t\t\t\t\t<div class=\"elementor-spacer\">\n\t\t\t<div class=\"elementor-spacer-inner\"><\/div>\n\t\t<\/div>\n\t\t\t\t\t\t<\/div>\n\t\t\t\t<\/div>\n\t\t\t\t\t<\/div>\n\t\t<\/div>\n\t\t\t\t\t<\/div>\n\t\t<\/section>\n\t\t\t\t<section class=\"elementor-section elementor-top-section elementor-element elementor-element-bc6ac63 elementor-section-boxed elementor-section-height-default elementor-section-height-default wpr-particle-no wpr-jarallax-no wpr-parallax-no wpr-sticky-section-no wpr-equal-height-no\" data-id=\"bc6ac63\" data-element_type=\"section\" data-e-type=\"section\" data-settings=\"{&quot;background_background&quot;:&quot;classic&quot;}\">\n\t\t\t\t\t\t<div class=\"elementor-container elementor-column-gap-default\">\n\t\t\t\t\t<div class=\"elementor-column elementor-col-25 elementor-top-column elementor-element elementor-element-c29d0cf\" data-id=\"c29d0cf\" data-element_type=\"column\" data-e-type=\"column\" data-settings=\"{&quot;background_background&quot;:&quot;classic&quot;}\">\n\t\t\t<div class=\"elementor-widget-wrap elementor-element-populated\">\n\t\t\t\t\t<div class=\"elementor-background-overlay\"><\/div>\n\t\t\t\t\t\t<div class=\"elementor-element elementor-element-1c61496 elementor-align-end elementor-icon-list--layout-traditional elementor-list-item-link-full_width elementor-widget elementor-widget-icon-list\" data-id=\"1c61496\" data-element_type=\"widget\" data-e-type=\"widget\" data-widget_type=\"icon-list.default\">\n\t\t\t\t<div class=\"elementor-widget-container\">\n\t\t\t\t\t\t\t<ul class=\"elementor-icon-list-items\">\n\t\t\t\t\t\t\t<li class=\"elementor-icon-list-item\">\n\t\t\t\t\t\t\t\t\t\t\t<a href=\"https:\/\/www.instagram.com\/trailforth\/\" target=\"_blank\">\n\n\t\t\t\t\t\t\t\t\t\t\t\t<span class=\"elementor-icon-list-icon\">\n\t\t\t\t\t\t\t<i aria-hidden=\"true\" class=\"fab fa-instagram\"><\/i>\t\t\t\t\t\t<\/span>\n\t\t\t\t\t\t\t\t\t\t<span class=\"elementor-icon-list-text\">trailforth <\/span>\n\t\t\t\t\t\t\t\t\t\t\t<\/a>\n\t\t\t\t\t\t\t\t\t<\/li>\n\t\t\t\t\t\t<\/ul>\n\t\t\t\t\t\t<\/div>\n\t\t\t\t<\/div>\n\t\t\t\t<div class=\"elementor-element elementor-element-617a1db elementor-widget elementor-widget-text-editor\" data-id=\"617a1db\" data-element_type=\"widget\" data-e-type=\"widget\" data-widget_type=\"text-editor.default\">\n\t\t\t\t<div class=\"elementor-widget-container\">\n\t\t\t\t\t\t\t\t\t<p>Foto coloreada Catedral de Guayaquil, 1877.<\/p>\t\t\t\t\t\t\t\t<\/div>\n\t\t\t\t<\/div>\n\t\t\t\t\t<\/div>\n\t\t<\/div>\n\t\t\t\t<div class=\"elementor-column elementor-col-25 elementor-top-column elementor-element elementor-element-e902927\" data-id=\"e902927\" data-element_type=\"column\" data-e-type=\"column\">\n\t\t\t<div class=\"elementor-widget-wrap elementor-element-populated\">\n\t\t\t\t\t\t<div class=\"elementor-element elementor-element-7db8ad9 elementor-widget elementor-widget-spacer\" data-id=\"7db8ad9\" data-element_type=\"widget\" data-e-type=\"widget\" data-widget_type=\"spacer.default\">\n\t\t\t\t<div class=\"elementor-widget-container\">\n\t\t\t\t\t\t\t<div class=\"elementor-spacer\">\n\t\t\t<div class=\"elementor-spacer-inner\"><\/div>\n\t\t<\/div>\n\t\t\t\t\t\t<\/div>\n\t\t\t\t<\/div>\n\t\t\t\t\t<\/div>\n\t\t<\/div>\n\t\t\t\t<div class=\"elementor-column elementor-col-25 elementor-top-column elementor-element elementor-element-46f26c9\" data-id=\"46f26c9\" data-element_type=\"column\" data-e-type=\"column\">\n\t\t\t<div class=\"elementor-widget-wrap elementor-element-populated\">\n\t\t\t\t\t\t<div class=\"elementor-element elementor-element-396c6e1 elementor-widget elementor-widget-spacer\" data-id=\"396c6e1\" data-element_type=\"widget\" data-e-type=\"widget\" data-widget_type=\"spacer.default\">\n\t\t\t\t<div class=\"elementor-widget-container\">\n\t\t\t\t\t\t\t<div class=\"elementor-spacer\">\n\t\t\t<div class=\"elementor-spacer-inner\"><\/div>\n\t\t<\/div>\n\t\t\t\t\t\t<\/div>\n\t\t\t\t<\/div>\n\t\t\t\t\t<\/div>\n\t\t<\/div>\n\t\t\t\t<div class=\"elementor-column elementor-col-25 elementor-top-column elementor-element elementor-element-d6e2fdd\" data-id=\"d6e2fdd\" data-element_type=\"column\" data-e-type=\"column\">\n\t\t\t<div class=\"elementor-widget-wrap elementor-element-populated\">\n\t\t\t\t\t\t<div class=\"elementor-element elementor-element-efa38fc elementor-widget elementor-widget-heading\" data-id=\"efa38fc\" data-element_type=\"widget\" data-e-type=\"widget\" data-widget_type=\"heading.default\">\n\t\t\t\t<div class=\"elementor-widget-container\">\n\t\t\t\t\t<h2 class=\"elementor-heading-title elementor-size-default\">Descripci\u00f3n de la Catedral de Guayaquil.<\/h2>\t\t\t\t<\/div>\n\t\t\t\t<\/div>\n\t\t\t\t<div class=\"elementor-element elementor-element-2d9ee9c elementor-widget__width-initial elementor-widget elementor-widget-text-editor\" data-id=\"2d9ee9c\" data-element_type=\"widget\" data-e-type=\"widget\" data-widget_type=\"text-editor.default\">\n\t\t\t\t<div class=\"elementor-widget-container\">\n\t\t\t\t\t\t\t\t\t<p><span data-slate-fragment=\"JTVCJTdCJTIyaWQlMjIlM0ElMjJuLUpGcWlMNiUyMiUyQyUyMnR5cGUlMjIlM0ElMjJwYXJhZ3JhcGglMjIlMkMlMjJjaGlsZHJlbiUyMiUzQSU1QiU3QiUyMnRleHQlMjIlM0ElMjJBY3R1YWxtZW50ZSUyMGV4aXN0ZW4lMjBkb3MlMjByZWxvamVzJTJDJTIwYW50aWd1YW1lbnRlJTIwdW5vJTIwZGUlMjBlbGxvcyUyMGluZGljYWJhJTIwbGElMjBtYXJlYSUyMGRlbCUyMHIlQzMlQURvJTIwR3VheWFzLiUyMEVuJTIwbGElMjB6b25hJTIwc3VwZXJpb3IlMjBzZSUyMGVuY3VlbnRyYSUyMGxhJTIwZXN0YXR1YSUyMGRlJTIwU2FudGlhZ28lMjBNYXlvciUyQyUyMGxhJTIwbWlzbWElMjBxdWUlMjBzZSUyMHB1ZWRlJTIwYXByZWNpYXIlMjBkZXNkZSUyMGFsZ3VuYXMlMjBjYWxsZXMlMjBxdWUlMjBlc3QlQzMlQTFuJTIwYWxyZWRlZG9yJTIwZGUlMjBsYSUyMGNhdGVkcmFsLiUyMEVuJTIwZWwlMjBpbnRlcmlvciUyMGRlJTIwZXN0ZSUyMGltcG9ydGFudGUlMjB0ZW1wbG8lMjBjYXQlQzMlQjNsaWNvJTIwZXhpc3RlbiUyMHRyZXMlMjBuYXZlcyUzQSUyMGNlbnRyYWwlMkMlMjBsYXRlcmFsJTIweSUyMGNydWNlcm8uJTIwSnVudG8lMjBhbCUyMGFsdGFyJTIwc2UlMjBlbmN1ZW50cmElMjB1bmElMjBjYXBpbGxhJTIwZGVzaWduYWRhJTIwYWwlMjBTYW50JUMzJUFEc2ltbyUyQyUyMHklMjBkZWJham8lMjBkZSUyMGVsbGElMjBlc3QlQzMlQTElMjB1bmElMjBjcmlwdGElMjBlbiUyMGRvbmRlJTIwcmVwb3NhbiUyMHR1bWJhcyUyMGRlJTIwbSVDMyVBMXMlMjBkZSUyMDIwMCUyMGElQzMlQjFvcyUyMGRlJTIwYW50aWclQzMlQkNlZGFkLiUyMFNpbiUyMGR1ZGElMjBlbCUyMGx1Z2FyJTIwbSVDMyVBMXMlMjBpbXBvcnRhbnRlJTIwZGUlMjBHdWF5YXF1aWwlMjBzb2JyZSUyMGV4cHJlc2klQzMlQjNuJTIwZGUlMjBmZSUyMHF1ZSUyMGFiYXJjYSUyMHZpZHIlQzMlQURhbGVzJTJDJTIwb2ppdmFzJTJDJTIwaW0lQzMlQTFnZW5lcyUyMGRlJTIwYXAlQzMlQjNzdG9sZXMlMjBkZWwlMjBhbnRpZ3VvJTIweSUyMG51ZXZvJTIwdGVzdGFtZW50byUyQyUyMGFzJUMzJUFEJTIwY29tbyUyMEJlYXRvcyUyMHklMjBTYW50b3MlMjBpbXBvcnRhbnRlcyUyMGVuJTIwSGlzcGFub2FtJUMzJUE5cmljYS4lMjAlMjIlN0QlNUQlN0QlNUQ=\">Actualmente existen dos relojes, antiguamente uno de ellos indicaba la marea del r\u00edo Guayas. En la zona superior se encuentra la estatua de Santiago Mayor, la misma que se puede apreciar desde algunas calles que est\u00e1n alrededor de la catedral. En el interior de este importante templo cat\u00f3lico existen tres naves: central, lateral y crucero. Junto al altar se encuentra una capilla designada al Sant\u00edsimo, y debajo de ella est\u00e1 una cripta en donde reposan tumbas de m\u00e1s de 200 a\u00f1os de antig\u00fcedad.<\/span><\/p>\t\t\t\t\t\t\t\t<\/div>\n\t\t\t\t<\/div>\n\t\t\t\t<div class=\"elementor-element elementor-element-e1dab33 elementor-widget elementor-widget-text-editor\" data-id=\"e1dab33\" data-element_type=\"widget\" data-e-type=\"widget\" data-widget_type=\"text-editor.default\">\n\t\t\t\t<div class=\"elementor-widget-container\">\n\t\t\t\t\t\t\t\t\t<p><span data-slate-fragment=\"JTVCJTdCJTIyaWQlMjIlM0ElMjJuLUpGcWlMNiUyMiUyQyUyMnR5cGUlMjIlM0ElMjJwYXJhZ3JhcGglMjIlMkMlMjJjaGlsZHJlbiUyMiUzQSU1QiU3QiUyMnRleHQlMjIlM0ElMjJBY3R1YWxtZW50ZSUyMGV4aXN0ZW4lMjBkb3MlMjByZWxvamVzJTJDJTIwYW50aWd1YW1lbnRlJTIwdW5vJTIwZGUlMjBlbGxvcyUyMGluZGljYWJhJTIwbGElMjBtYXJlYSUyMGRlbCUyMHIlQzMlQURvJTIwR3VheWFzLiUyMEVuJTIwbGElMjB6b25hJTIwc3VwZXJpb3IlMjBzZSUyMGVuY3VlbnRyYSUyMGxhJTIwZXN0YXR1YSUyMGRlJTIwU2FudGlhZ28lMjBNYXlvciUyQyUyMGxhJTIwbWlzbWElMjBxdWUlMjBzZSUyMHB1ZWRlJTIwYXByZWNpYXIlMjBkZXNkZSUyMGFsZ3VuYXMlMjBjYWxsZXMlMjBxdWUlMjBlc3QlQzMlQTFuJTIwYWxyZWRlZG9yJTIwZGUlMjBsYSUyMGNhdGVkcmFsLiUyMEVuJTIwZWwlMjBpbnRlcmlvciUyMGRlJTIwZXN0ZSUyMGltcG9ydGFudGUlMjB0ZW1wbG8lMjBjYXQlQzMlQjNsaWNvJTIwZXhpc3RlbiUyMHRyZXMlMjBuYXZlcyUzQSUyMGNlbnRyYWwlMkMlMjBsYXRlcmFsJTIweSUyMGNydWNlcm8uJTIwSnVudG8lMjBhbCUyMGFsdGFyJTIwc2UlMjBlbmN1ZW50cmElMjB1bmElMjBjYXBpbGxhJTIwZGVzaWduYWRhJTIwYWwlMjBTYW50JUMzJUFEc2ltbyUyQyUyMHklMjBkZWJham8lMjBkZSUyMGVsbGElMjBlc3QlQzMlQTElMjB1bmElMjBjcmlwdGElMjBlbiUyMGRvbmRlJTIwcmVwb3NhbiUyMHR1bWJhcyUyMGRlJTIwbSVDMyVBMXMlMjBkZSUyMDIwMCUyMGElQzMlQjFvcyUyMGRlJTIwYW50aWclQzMlQkNlZGFkLiUyMFNpbiUyMGR1ZGElMjBlbCUyMGx1Z2FyJTIwbSVDMyVBMXMlMjBpbXBvcnRhbnRlJTIwZGUlMjBHdWF5YXF1aWwlMjBzb2JyZSUyMGV4cHJlc2klQzMlQjNuJTIwZGUlMjBmZSUyMHF1ZSUyMGFiYXJjYSUyMHZpZHIlQzMlQURhbGVzJTJDJTIwb2ppdmFzJTJDJTIwaW0lQzMlQTFnZW5lcyUyMGRlJTIwYXAlQzMlQjNzdG9sZXMlMjBkZWwlMjBhbnRpZ3VvJTIweSUyMG51ZXZvJTIwdGVzdGFtZW50byUyQyUyMGFzJUMzJUFEJTIwY29tbyUyMEJlYXRvcyUyMHklMjBTYW50b3MlMjBpbXBvcnRhbnRlcyUyMGVuJTIwSGlzcGFub2FtJUMzJUE5cmljYS4lMjAlMjIlN0QlNUQlN0QlNUQ=\">Sin duda, este es el lugar m\u00e1s importante de Guayaquil sobre expresi\u00f3n de fe; que abarca vidr\u00edales, ojivas, im\u00e1genes de ap\u00f3stoles del antiguo y nuevo testamento, as\u00ed como Beatos y Santos importantes en Hispanoam\u00e9rica. <\/span><\/p>\t\t\t\t\t\t\t\t<\/div>\n\t\t\t\t<\/div>\n\t\t\t\t<div class=\"elementor-element elementor-element-bd9f70c elementor-widget elementor-widget-text-editor\" data-id=\"bd9f70c\" data-element_type=\"widget\" data-e-type=\"widget\" data-widget_type=\"text-editor.default\">\n\t\t\t\t<div class=\"elementor-widget-container\">\n\t\t\t\t\t\t\t\t\t<p><span data-slate-fragment=\"JTVCJTdCJTIyaWQlMjIlM0ElMjJuLUNaa01CMyUyMiUyQyUyMnR5cGUlMjIlM0ElMjJwYXJhZ3JhcGglMjIlMkMlMjJjaGlsZHJlbiUyMiUzQSU1QiU3QiUyMnRleHQlMjIlM0ElMjJMYSUyMENhdGVkcmFsJTIwdGllbmUlMjB0cmVzJTIwcHJvY2VzaW9uZXMlMjBpbXBvcnRhbnRlcyUyMGVuJTIwZWwlMjBhJUMzJUIxbyUzQSUyMENvcnB1cyUyMENocmlzdGklMkMlMjBDb3JheiVDMyVCM24lMjBkZSUyMEplcyVDMyVCQXMlMjB5JTIwQ3Jpc3RvJTIwUmV5LiUyMiU3RCU1RCU3RCU1RA==\">La Catedral tiene tres procesiones importantes en el a\u00f1o: Corpus Christi, Coraz\u00f3n de Jes\u00fas y Cristo Rey. La Catedral de Guayaquil es parte de la <a href=\"https:\/\/www.arquidiocesisdeguayaquil.org.ec\/\"><strong>Arquidi\u00f3cesis de Guayaquil<\/strong><\/a>.<\/span><\/p>\t\t\t\t\t\t\t\t<\/div>\n\t\t\t\t<\/div>\n\t\t\t\t\t<\/div>\n\t\t<\/div>\n\t\t\t\t\t<\/div>\n\t\t<\/section>\n\t\t\t\t<section class=\"elementor-section elementor-top-section elementor-element elementor-element-1d7b65d elementor-section-boxed elementor-section-height-default elementor-section-height-default wpr-particle-no wpr-jarallax-no wpr-parallax-no wpr-sticky-section-no wpr-equal-height-no\" data-id=\"1d7b65d\" data-element_type=\"section\" data-e-type=\"section\">\n\t\t\t\t\t\t<div class=\"elementor-container elementor-column-gap-default\">\n\t\t\t\t\t<div class=\"elementor-column elementor-col-100 elementor-top-column elementor-element elementor-element-ce6c474\" data-id=\"ce6c474\" data-element_type=\"column\" data-e-type=\"column\">\n\t\t\t<div class=\"elementor-widget-wrap elementor-element-populated\">\n\t\t\t\t\t\t<div class=\"elementor-element elementor-element-fab0c41 elementor-widget elementor-widget-text-editor\" data-id=\"fab0c41\" data-element_type=\"widget\" data-e-type=\"widget\" data-widget_type=\"text-editor.default\">\n\t\t\t\t<div class=\"elementor-widget-container\">\n\t\t\t\t\t\t\t\t\t<p>Para quienes desean profundizar en la historia de este y otros hitos, ofrecemos dos experiencias disponibles <b data-path-to-node=\"6,1\" data-index-in-node=\"109\">todos los d\u00edas<\/b>: nuestro <b data-path-to-node=\"6,1\" data-index-in-node=\"133\"><a class=\"ng-star-inserted\" href=\"https:\/\/trailforthjournal.com\/es\/tours-y-actividades\/guayaquil\/#city-tour\" target=\"_blank\" rel=\"noopener\" data-hveid=\"0\" data-ved=\"0CAAQ_4QMahgKEwjaiM265fOTAxUAAAAAHQAAAAAQ4gE\">City Tour en Guayaquil<\/a><\/b>, un recorrido completo y c\u00f3modo por las mayores atracciones de Guayaquil, o nuestro <b data-path-to-node=\"6,1\" data-index-in-node=\"227\"><a class=\"ng-star-inserted\" href=\"https:\/\/trailforthjournal.com\/es\/tours-y-actividades\/guayaquil\/#walking-tour\" target=\"_blank\" rel=\"noopener\" data-hveid=\"0\" data-ved=\"0CAAQ_4QMahgKEwjaiM265fOTAxUAAAAAHQAAAAAQ4wE\">Walking Tour de vistas a\u00e9reas<\/a><\/b>, que incluye vistas ideal para descubrir los puntos m\u00e1s importantes en poco tiempo mediante una caminata estrat\u00e9gica. T\u00fa eliges el ritmo, nosotros ponemos la historia.<\/p>\t\t\t\t\t\t\t\t<\/div>\n\t\t\t\t<\/div>\n\t\t\t\t\t<\/div>\n\t\t<\/div>\n\t\t\t\t\t<\/div>\n\t\t<\/section>\n\t\t\t\t<section class=\"elementor-section elementor-top-section elementor-element elementor-element-a14621d elementor-section-boxed elementor-section-height-default elementor-section-height-default wpr-particle-no wpr-jarallax-no wpr-parallax-no wpr-sticky-section-no wpr-equal-height-no\" data-id=\"a14621d\" data-element_type=\"section\" data-e-type=\"section\">\n\t\t\t\t\t\t<div class=\"elementor-container elementor-column-gap-default\">\n\t\t\t\t\t<div class=\"elementor-column elementor-col-100 elementor-top-column elementor-element elementor-element-c9dacae\" data-id=\"c9dacae\" data-element_type=\"column\" data-e-type=\"column\">\n\t\t\t<div class=\"elementor-widget-wrap elementor-element-populated\">\n\t\t\t\t\t\t<div class=\"elementor-element elementor-element-8b42bfc elementor-widget elementor-widget-spacer\" data-id=\"8b42bfc\" data-element_type=\"widget\" data-e-type=\"widget\" data-widget_type=\"spacer.default\">\n\t\t\t\t<div class=\"elementor-widget-container\">\n\t\t\t\t\t\t\t<div class=\"elementor-spacer\">\n\t\t\t<div class=\"elementor-spacer-inner\"><\/div>\n\t\t<\/div>\n\t\t\t\t\t\t<\/div>\n\t\t\t\t<\/div>\n\t\t\t\t\t<\/div>\n\t\t<\/div>\n\t\t\t\t\t<\/div>\n\t\t<\/section>\n\t\t\t\t<section class=\"elementor-section elementor-top-section elementor-element elementor-element-c7d4d9c elementor-section-boxed elementor-section-height-default elementor-section-height-default wpr-particle-no wpr-jarallax-no wpr-parallax-no wpr-sticky-section-no wpr-equal-height-no\" data-id=\"c7d4d9c\" data-element_type=\"section\" data-e-type=\"section\">\n\t\t\t\t\t\t<div class=\"elementor-container elementor-column-gap-default\">\n\t\t\t\t\t<div class=\"elementor-column elementor-col-100 elementor-top-column elementor-element elementor-element-a0efe2e\" data-id=\"a0efe2e\" data-element_type=\"column\" data-e-type=\"column\">\n\t\t\t<div class=\"elementor-widget-wrap elementor-element-populated\">\n\t\t\t\t\t\t<div class=\"elementor-element elementor-element-9e3c71e elementor-widget elementor-widget-heading\" data-id=\"9e3c71e\" data-element_type=\"widget\" data-e-type=\"widget\" data-widget_type=\"heading.default\">\n\t\t\t\t<div class=\"elementor-widget-container\">\n\t\t\t\t\t<h2 class=\"elementor-heading-title elementor-size-default\">Catedral de Guayaquil, fotos interiores.<\/h2>\t\t\t\t<\/div>\n\t\t\t\t<\/div>\n\t\t\t\t\t<\/div>\n\t\t<\/div>\n\t\t\t\t\t<\/div>\n\t\t<\/section>\n\t\t\t\t<section class=\"elementor-section elementor-top-section elementor-element elementor-element-c3e319d elementor-section-content-middle elementor-section-boxed elementor-section-height-default elementor-section-height-default wpr-particle-no wpr-jarallax-no wpr-parallax-no wpr-sticky-section-no wpr-equal-height-no\" data-id=\"c3e319d\" data-element_type=\"section\" data-e-type=\"section\" data-settings=\"{&quot;background_background&quot;:&quot;classic&quot;}\">\n\t\t\t\t\t\t\t<div class=\"elementor-background-overlay\"><\/div>\n\t\t\t\t\t\t\t<div class=\"elementor-container elementor-column-gap-no\">\n\t\t\t\t\t<div class=\"elementor-column elementor-col-33 elementor-top-column elementor-element elementor-element-fe05199\" data-id=\"fe05199\" data-element_type=\"column\" data-e-type=\"column\">\n\t\t\t<div class=\"elementor-widget-wrap elementor-element-populated\">\n\t\t\t\t\t\t<div class=\"elementor-element elementor-element-b36a0cc elementor-cta--skin-cover elementor-cta--valign-middle elementor-bg-transform elementor-bg-transform-zoom-out elementor-widget__width-auto elementor-animated-content elementor-widget elementor-widget-call-to-action\" data-id=\"b36a0cc\" data-element_type=\"widget\" data-e-type=\"widget\" data-widget_type=\"call-to-action.default\">\n\t\t\t\t<div class=\"elementor-widget-container\">\n\t\t\t\t\t\t\t<div class=\"elementor-cta\">\n\t\t\t\t\t<div class=\"elementor-cta__bg-wrapper\">\n\t\t\t\t<div class=\"elementor-cta__bg elementor-bg\" style=\"background-image: url(https:\/\/i0.wp.com\/trailforthjournal.com\/es\/wp-content\/uploads\/sites\/4\/2023\/10\/Catedral-de-Guayaquil-oracion-scaled.jpg?fit=2560%2C1657&#038;ssl=1);\" role=\"img\" aria-label=\"Imagen de la Virgen de Guadalupe en la Catedral de Guayaquil\"><\/div>\n\t\t\t\t<div class=\"elementor-cta__bg-overlay\"><\/div>\n\t\t\t<\/div>\n\t\t\t\t\t\t\t<div class=\"elementor-cta__content\">\n\t\t\t\t\n\t\t\t\t\t\t\t\t\t<h2 class=\"elementor-cta__title elementor-cta__content-item elementor-content-item elementor-animated-item--fade-in\">\n\t\t\t\t\t\tCatedral<br>de Guayaquil\t\t\t\t\t<\/h2>\n\t\t\t\t\n\t\t\t\t\t\t\t\t\t<div class=\"elementor-cta__description elementor-cta__content-item elementor-content-item elementor-animated-item--fade-in\">\n\t\t\t\t\t\tImagen de la <br>Virgen de Guadalupe<br>\t\t\t\t\t<\/div>\n\t\t\t\t\n\t\t\t\t\t\t\t<\/div>\n\t\t\t\t\t\t<\/div>\n\t\t\t\t\t\t<\/div>\n\t\t\t\t<\/div>\n\t\t\t\t\t<\/div>\n\t\t<\/div>\n\t\t\t\t<div class=\"elementor-column elementor-col-33 elementor-top-column elementor-element elementor-element-330e177\" data-id=\"330e177\" data-element_type=\"column\" data-e-type=\"column\">\n\t\t\t<div class=\"elementor-widget-wrap elementor-element-populated\">\n\t\t\t\t\t\t<div class=\"elementor-element elementor-element-ac13732 elementor-cta--skin-cover elementor-cta--valign-middle elementor-bg-transform elementor-bg-transform-zoom-out elementor-widget__width-auto elementor-animated-content elementor-widget elementor-widget-call-to-action\" data-id=\"ac13732\" data-element_type=\"widget\" data-e-type=\"widget\" data-widget_type=\"call-to-action.default\">\n\t\t\t\t<div class=\"elementor-widget-container\">\n\t\t\t\t\t\t\t<div class=\"elementor-cta\">\n\t\t\t\t\t<div class=\"elementor-cta__bg-wrapper\">\n\t\t\t\t<div class=\"elementor-cta__bg elementor-bg\" style=\"background-image: url(https:\/\/i0.wp.com\/trailforthjournal.com\/es\/wp-content\/uploads\/sites\/4\/2023\/10\/Catedral-de-Guayaquil-scaled.jpg?fit=1773%2C2560&#038;ssl=1);\" role=\"img\" aria-label=\"Interior de la Catedral de Guayaquil\"><\/div>\n\t\t\t\t<div class=\"elementor-cta__bg-overlay\"><\/div>\n\t\t\t<\/div>\n\t\t\t\t\t\t\t<div class=\"elementor-cta__content\">\n\t\t\t\t\n\t\t\t\t\t\t\t\t\t<h2 class=\"elementor-cta__title elementor-cta__content-item elementor-content-item elementor-animated-item--fade-in\">\n\t\t\t\t\t\tInterior\t\t\t\t\t<\/h2>\n\t\t\t\t\n\t\t\t\t\t\t\t\t\t<div class=\"elementor-cta__description elementor-cta__content-item elementor-content-item elementor-animated-item--fade-in\">\n\t\t\t\t\t\tCatedral de Guayaquil\t\t\t\t\t<\/div>\n\t\t\t\t\n\t\t\t\t\t\t\t<\/div>\n\t\t\t\t\t\t<\/div>\n\t\t\t\t\t\t<\/div>\n\t\t\t\t<\/div>\n\t\t\t\t\t<\/div>\n\t\t<\/div>\n\t\t\t\t<div class=\"elementor-column elementor-col-33 elementor-top-column elementor-element elementor-element-c27a54a\" data-id=\"c27a54a\" data-element_type=\"column\" data-e-type=\"column\">\n\t\t\t<div class=\"elementor-widget-wrap elementor-element-populated\">\n\t\t\t\t\t\t<div class=\"elementor-element elementor-element-e1f68f9 elementor-cta--skin-cover elementor-cta--valign-middle elementor-bg-transform elementor-bg-transform-zoom-out elementor-widget__width-auto elementor-animated-content elementor-widget elementor-widget-call-to-action\" data-id=\"e1f68f9\" data-element_type=\"widget\" data-e-type=\"widget\" data-widget_type=\"call-to-action.default\">\n\t\t\t\t<div class=\"elementor-widget-container\">\n\t\t\t\t\t\t\t<div class=\"elementor-cta\">\n\t\t\t\t\t<div class=\"elementor-cta__bg-wrapper\">\n\t\t\t\t<div class=\"elementor-cta__bg elementor-bg\" style=\"background-image: url(https:\/\/i0.wp.com\/trailforthjournal.com\/es\/wp-content\/uploads\/sites\/4\/2023\/10\/Catedral-de-Guayaquil-Jesus-scaled.jpg?fit=2560%2C1493&#038;ssl=1);\" role=\"img\" aria-label=\"Imagen de Jes\u00fas crucificado Catedral de Guayaquil\"><\/div>\n\t\t\t\t<div class=\"elementor-cta__bg-overlay\"><\/div>\n\t\t\t<\/div>\n\t\t\t\t\t\t\t<div class=\"elementor-cta__content\">\n\t\t\t\t\n\t\t\t\t\t\t\t\t\t<h2 class=\"elementor-cta__title elementor-cta__content-item elementor-content-item elementor-animated-item--fade-in\">\n\t\t\t\t\t\tCatedral<br>de Guayaquil\t\t\t\t\t<\/h2>\n\t\t\t\t\n\t\t\t\t\t\t\t\t\t<div class=\"elementor-cta__description elementor-cta__content-item elementor-content-item elementor-animated-item--fade-in\">\n\t\t\t\t\t\tImagen de Jes\u00fas <br> crucificado. <br>\t\t\t\t\t<\/div>\n\t\t\t\t\n\t\t\t\t\t\t\t<\/div>\n\t\t\t\t\t\t<\/div>\n\t\t\t\t\t\t<\/div>\n\t\t\t\t<\/div>\n\t\t\t\t\t<\/div>\n\t\t<\/div>\n\t\t\t\t\t<\/div>\n\t\t<\/section>\n\t\t\t\t<section class=\"elementor-section elementor-top-section elementor-element elementor-element-d8e3466 elementor-section-boxed elementor-section-height-default elementor-section-height-default wpr-particle-no wpr-jarallax-no wpr-parallax-no wpr-sticky-section-no wpr-equal-height-no\" data-id=\"d8e3466\" data-element_type=\"section\" data-e-type=\"section\">\n\t\t\t\t\t\t<div class=\"elementor-container elementor-column-gap-default\">\n\t\t\t\t\t<div class=\"elementor-column elementor-col-100 elementor-top-column elementor-element elementor-element-5160d44\" data-id=\"5160d44\" data-element_type=\"column\" data-e-type=\"column\">\n\t\t\t<div class=\"elementor-widget-wrap elementor-element-populated\">\n\t\t\t\t\t\t<div class=\"elementor-element elementor-element-afaff44 elementor-widget-divider--view-line elementor-widget elementor-widget-divider\" data-id=\"afaff44\" data-element_type=\"widget\" data-e-type=\"widget\" data-widget_type=\"divider.default\">\n\t\t\t\t<div class=\"elementor-widget-container\">\n\t\t\t\t\t\t\t<div class=\"elementor-divider\">\n\t\t\t<span class=\"elementor-divider-separator\">\n\t\t\t\t\t\t<\/span>\n\t\t<\/div>\n\t\t\t\t\t\t<\/div>\n\t\t\t\t<\/div>\n\t\t\t\t<div class=\"elementor-element elementor-element-5af34f4 animated-slow elementor-invisible elementor-widget elementor-widget-heading\" data-id=\"5af34f4\" data-element_type=\"widget\" data-e-type=\"widget\" data-settings=\"{&quot;_animation&quot;:&quot;fadeInUp&quot;}\" data-widget_type=\"heading.default\">\n\t\t\t\t<div class=\"elementor-widget-container\">\n\t\t\t\t\t<h3 class=\"elementor-heading-title elementor-size-default\">Trail Forth Journal<\/h3>\t\t\t\t<\/div>\n\t\t\t\t<\/div>\n\t\t\t\t\t<\/div>\n\t\t<\/div>\n\t\t\t\t\t<\/div>\n\t\t<\/section>\n\t\t\t\t<section class=\"elementor-section elementor-top-section elementor-element elementor-element-b0c25de elementor-section-boxed elementor-section-height-default elementor-section-height-default wpr-particle-no wpr-jarallax-no wpr-parallax-no wpr-sticky-section-no wpr-equal-height-no\" data-id=\"b0c25de\" data-element_type=\"section\" data-e-type=\"section\" data-settings=\"{&quot;background_background&quot;:&quot;classic&quot;}\">\n\t\t\t\t\t\t<div class=\"elementor-container elementor-column-gap-default\">\n\t\t\t\t\t<div class=\"elementor-column elementor-col-100 elementor-top-column elementor-element elementor-element-c277ced\" data-id=\"c277ced\" data-element_type=\"column\" data-e-type=\"column\">\n\t\t\t<div class=\"elementor-widget-wrap\">\n\t\t\t\t\t\t\t<\/div>\n\t\t<\/div>\n\t\t\t\t\t<\/div>\n\t\t<\/section>\n\t\t\t\t<section class=\"elementor-section elementor-top-section elementor-element elementor-element-cd59ca0 elementor-section-boxed elementor-section-height-default elementor-section-height-default wpr-particle-no wpr-jarallax-no wpr-parallax-no wpr-sticky-section-no wpr-equal-height-no\" data-id=\"cd59ca0\" data-element_type=\"section\" data-e-type=\"section\">\n\t\t\t\t\t\t<div class=\"elementor-container elementor-column-gap-default\">\n\t\t\t\t\t<div class=\"elementor-column elementor-col-100 elementor-top-column elementor-element elementor-element-06e86cb\" data-id=\"06e86cb\" data-element_type=\"column\" data-e-type=\"column\">\n\t\t\t<div class=\"elementor-widget-wrap elementor-element-populated\">\n\t\t\t\t\t\t<div class=\"elementor-element elementor-element-38af600 elementor-widget elementor-widget-html\" data-id=\"38af600\" data-element_type=\"widget\" data-e-type=\"widget\" data-widget_type=\"html.default\">\n\t\t\t\t<div class=\"elementor-widget-container\">\n\t\t\t\t\t<div class=\"tf-author-card\">\n    <div class=\"tf-card-inner\">\n        <div class=\"tf-author-profile\">\n            <div class=\"tf-avatar-container\">\n                <img data-recalc-dims=\"1\" decoding=\"async\" src=\"https:\/\/i0.wp.com\/trailforthjournal.com\/es\/wp-content\/uploads\/sites\/4\/2026\/02\/Editor-%C2%B7-Curador-de-rutas-y-experiencias.png?w=1032&#038;ssl=1\" alt=\"Jairo Cabrera\" class=\"tf-photo\">\n            <\/div>\n            <h3 class=\"tf-author-name\">Jairo Cabrera<\/h3>\n            <span class=\"tf-author-role\">Editor \u00b7 Curador de rutas y experiencias<\/span>\n        <\/div>\n\n        <div class=\"tf-author-content\">\n            <p class=\"tf-bio\">\n                \"Trail Forth Journal es un proyecto editorial independiente dedicado a documentar mapas, lugares, rutas y experiencias en Ecuador, desde una mirada local y cercana.\"\n            <\/p>\n            <p class=\"tf-support-text\">\n                 Si esta gu\u00eda te ayud\u00f3 a planear tu viaje, puedes escribirme si est\u00e1s organizando tu visita o apoyar el proyecto:\n            <\/p>\n            \n            <div class=\"tf-cta-group\">\n                <button class=\"tf-btn-primary\" onclick=\"toggleQueryPanel()\">\n                    <span>\ud83e\udded Ayuda para planear tu viaje<\/span>\n                <\/button>\n                <button class=\"tf-btn-secondary\" onclick=\"toggleStep1()\">\n                    <span>\u2615 Apoya Trail Forth Journal<\/span>\n                <\/button>\n            <\/div>\n        <\/div>\n    <\/div>\n\n    <div id=\"queryPanel\" class=\"tf-sliding-panel\">\n        <div class=\"tf-panel-content-box\">\n            <h4>\u00bfEn qu\u00e9 puedo ayudarte?<\/h4>\n            <p style=\"font-size: 13px; color: #666; margin-bottom: 15px;\">Cu\u00e9ntame sobre tus fechas, hotel o dudas de transporte para ayudarte a planear mejor.<\/p>\n            <textarea id=\"userQuery\" class=\"tf-query-textarea\" placeholder=\"Ej: Hola Jairo, planeo visitar Guayaquil...\"><\/textarea>\n            <div class=\"tf-action-grid\">\n                <button onclick=\"sendViaWhatsApp()\" class=\"tf-btn-action wa\"><span>Enviar por WhatsApp<\/span><\/button>\n                <button onclick=\"sendViaEmail()\" class=\"tf-btn-action mail\"><span>Enviar por Correo<\/span><\/button>\n            <\/div>\n        <\/div>\n    <\/div>\n\n    <div id=\"stepConsent\" class=\"tf-sliding-panel\">\n        <div class=\"tf-panel-content-box\">\n            <p>Este apoyo es voluntario y ayuda a sostener este proyecto editorial independiente.<\/p>\n            <label class=\"tf-checkbox-label\">\n                <input type=\"checkbox\" id=\"consentCheckbox\" onchange=\"toggleContinueBtn()\">\n                <span>Entiendo que esta es una contribuci\u00f3n voluntaria.<\/span>\n            <\/label>\n            <button class=\"tf-policy-link-btn\" onclick=\"openModal()\">Ver pol\u00edtica de contribuciones<\/button>\n            <button id=\"btnContinue\" class=\"tf-btn-continue\" disabled onclick=\"showQRCodes()\">Continuar<\/button>\n        <\/div>\n    <\/div>\n\n    <div id=\"stepQR\" class=\"tf-sliding-panel\" style=\"border-top: none;\">\n        <div class=\"tf-panel-content-box\">\n            \n            <div class=\"tf-qr-wrapper\">\n                <div class=\"tf-qr-card\">\n                    <img data-recalc-dims=\"1\" decoding=\"async\" src=\"https:\/\/i0.wp.com\/trailforthjournal.com\/es\/wp-content\/uploads\/sites\/4\/2026\/02\/QR-deuna.jpg?w=1032&#038;ssl=1\" alt=\"QR Deuna\">\n                <\/div>\n                <div class=\"tf-qr-card\">\n                    <img data-recalc-dims=\"1\" decoding=\"async\" src=\"https:\/\/i0.wp.com\/trailforthjournal.com\/es\/wp-content\/uploads\/sites\/4\/2026\/02\/QR-Zelle.jpg?w=1032&#038;ssl=1\" alt=\"QR Zelle\">\n                <\/div>\n            <\/div>\n\n            <div class=\"tf-direct-links\">\n                <a href=\"https:\/\/paypal.me\/trailforth\" target=\"_blank\" class=\"tf-link-btn paypal\">\n                    <img decoding=\"async\" src=\"https:\/\/upload.wikimedia.org\/wikipedia\/commons\/b\/b5\/PayPal.svg\" alt=\"PayPal\"> Contribuir por PayPal\n                <\/a>\n                <a href=\"https:\/\/www.buymeacoffee.com\/trailforthjournal\" target=\"_blank\" class=\"tf-link-btn bmc\">\n                    <span>\u2615<\/span> Buy Me a Coffee\n                <\/a>\n            <\/div>\n\n            <p class=\"tf-qr-footer\">\u201cTu apoyo voluntario nos ayuda a seguir documentando y compartiendo lugares de Ecuador desde una mirada local.\u201d<\/p>\n        <\/div>\n    <\/div>\n<\/div>\n\n<div id=\"policyModal\" class=\"tf-modal-overlay\">\n    <div class=\"tf-modal-content\">\n        <div class=\"tf-modal-header\">\n            <h4>Pol\u00edtica de Contribuciones<\/h4>\n            <button class=\"tf-close-modal\" onclick=\"closeModal()\">&times;<\/button>\n        <\/div>\n        <div class=\"tf-modal-body\">\n            <p>Las contribuciones realizadas son voluntarias, no reembolsables y ayudan a sostener el trabajo de documentaci\u00f3n de Trail Forth Journal.<\/p>\n        <\/div>\n        <div class=\"tf-modal-footer\">\n            <button class=\"tf-btn-primary\" style=\"padding: 10px 25px;\" onclick=\"closeModal()\">Entendido<\/button>\n        <\/div>\n    <\/div>\n<\/div>\n\n<style>\n    :root {\n        --tf-blue-dark: #1E3A8A; \n        --tf-blue-main: #3F74E8;  \n        --tf-blue-light: #4580FF; \n        --tf-wa-green: #25D366;\n    }\n\n    .tf-author-card {\n        max-width: 900px;\n        margin: 40px auto;\n        background: #ffffff;\n        border-radius: 30px;\n        border: 1px solid #eee;\n        box-shadow: 0 20px 50px rgba(0,0,0,0.05);\n        overflow: hidden;\n        font-family: 'Inter', sans-serif;\n    }\n\n    .tf-card-inner { display: flex; padding: 40px 50px; gap: 40px; align-items: center; }\n    .tf-avatar-container { width: 130px; height: 130px; margin: 0 auto; }\n    .tf-photo { width: 100%; height: 100%; border-radius: 50%; object-fit: cover; border: 1px solid #eee; }\n\n    .tf-author-profile { flex: 0 0 220px; text-align: center; }\n    .tf-author-name { margin: 15px 0 0 0; font-size: 22px; color: #111; font-weight: 800; }\n    .tf-author-role { font-size: 10px; color: var(--tf-blue-dark); text-transform: uppercase; letter-spacing: 1.5px; display: block; margin-top: 8px; font-weight: 500; }\n    .tf-bio { font-size: 15px; line-height: 1.6; color: #555; font-style: italic; margin-bottom: 20px; border-left: 3px solid #f0f2f4; padding-left: 20px; }\n    .tf-support-text { font-size: 14px; color: #333; margin-bottom: 20px; }\n\n    .tf-cta-group { display: flex; gap: 12px; }\n    .tf-btn-primary, .tf-btn-secondary { flex: 1; padding: 14px; border-radius: 12px; font-size: 12px; font-weight: 700; cursor: pointer; transition: 0.3s; border: none; color: white; }\n    .tf-btn-primary { background-color: var(--tf-blue-main); }\n    .tf-btn-secondary { background-color: var(--tf-blue-light); }\n    .tf-btn-primary:hover, .tf-btn-secondary:hover { transform: translateY(-2px); box-shadow: 0 5px 15px rgba(0,0,0,0.1); }\n\n    .tf-sliding-panel { display: none; background: #fafafa; padding: 35px; border-top: 1px solid #f0f0f0; animation: tfSlideUp 0.4s ease forwards; }\n    .tf-panel-content-box { text-align: center; max-width: 550px; margin: 0 auto; }\n    \n    .tf-query-textarea { width: 100%; height: 90px; padding: 15px; border-radius: 12px; border: 1px solid #ddd; font-size: 14px; resize: none; margin-bottom: 15px; }\n    .tf-action-grid { display: flex; gap: 12px; }\n    .tf-btn-action { flex: 1; padding: 12px; border-radius: 50px; border: none; color: white; font-weight: 700; cursor: pointer; font-size: 13px; }\n    .tf-btn-action.wa { background: var(--tf-wa-green); }\n    .tf-btn-action.mail { background: var(--tf-blue-dark); }\n\n    .tf-checkbox-label { display: flex; align-items: center; justify-content: center; gap: 10px; cursor: pointer; font-size: 13px; color: #666; margin-bottom: 15px; }\n    .tf-policy-link-btn { background: none; border: none; font-size: 11px; color: var(--tf-blue-main); text-decoration: underline; cursor: pointer; margin-bottom: 15px; width: 100%; }\n    .tf-btn-continue { background-color: #ccc; color: white; border: none; padding: 12px 30px; border-radius: 50px; font-weight: 700; cursor: not-allowed; }\n    .tf-btn-continue.active { background-color: var(--tf-blue-dark); cursor: pointer; }\n\n    \/* Estilos QRs Simplificados *\/\n    .tf-qr-wrapper { display: grid; grid-template-columns: 1fr 1fr; gap: 20px; max-width: 400px; margin: 0 auto 30px; }\n    .tf-qr-card { text-align: center; }\n    .tf-qr-card img { width: 100%; max-width: 170px; border-radius: 15px; border: 1px solid #eee; background: white; padding: 8px; box-shadow: 0 5px 15px rgba(0,0,0,0.03); }\n\n    \/* Botones de Link *\/\n    .tf-direct-links { display: flex; flex-direction: column; gap: 10px; max-width: 320px; margin: 0 auto; }\n    .tf-link-btn { display: flex; align-items: center; justify-content: center; gap: 8px; padding: 12px; border-radius: 10px; text-decoration: none; font-size: 12px; font-weight: 700; border: 1px solid #ddd; transition: 0.3s; }\n    .tf-link-btn.paypal { background: #fff; color: #003087; border-color: #003087; }\n    .tf-link-btn.paypal img { height: 14px; }\n    .tf-link-btn.bmc { background: #FFDD00; color: #000; border-color: #FFDD00; }\n    .tf-link-btn:hover { background: #f9f9f9; transform: translateY(-2px); box-shadow: 0 4px 10px rgba(0,0,0,0.05); }\n\n    .tf-qr-footer { text-align: center; margin-top: 25px; font-size: 12px; color: #888; font-style: italic; line-height: 1.5; }\n\n    \/* Modal *\/\n    .tf-modal-overlay { position: fixed; top: 0; left: 0; width: 100%; height: 100%; background: rgba(0,0,0,0.4); backdrop-filter: blur(3px); display: none; align-items: center; justify-content: center; z-index: 9999; }\n    .tf-modal-content { background: white; width: 85%; max-width: 400px; border-radius: 20px; overflow: hidden; }\n    .tf-modal-header { padding: 15px 20px; background: #fcfcfc; border-bottom: 1px solid #eee; display: flex; justify-content: space-between; align-items: center; }\n    .tf-close-modal { background: none; border: none; font-size: 22px; cursor: pointer; color: #bbb; }\n    .tf-modal-body { padding: 20px; font-size: 13px; color: #555; line-height: 1.5; }\n\n    @keyframes tfSlideUp { from { opacity: 0; transform: translateY(10px); } to { opacity: 1; transform: translateY(0); } }\n\n    @media (max-width: 768px) {\n        .tf-card-inner { flex-direction: column; text-align: center; padding: 30px; }\n        .tf-author-profile { flex: none; }\n        .tf-cta-group { flex-direction: column; }\n        .tf-qr-wrapper { grid-template-columns: 1fr; gap: 15px; }\n        .tf-qr-card img { max-width: 140px; }\n    }\n<\/style>\n\n<script>\nfunction toggleQueryPanel() {\n    document.getElementById('stepConsent').style.display = 'none';\n    document.getElementById('stepQR').style.display = 'none';\n    const p = document.getElementById('queryPanel');\n    p.style.display = (p.style.display === 'block') ? 'none' : 'block';\n}\nfunction toggleStep1() {\n    document.getElementById('queryPanel').style.display = 'none';\n    document.getElementById('stepQR').style.display = 'none';\n    const p = document.getElementById('stepConsent');\n    p.style.display = (p.style.display === 'block') ? 'none' : 'block';\n}\nfunction sendViaWhatsApp() {\n    const t = document.getElementById('userQuery').value;\n    if(!t) return alert(\"Por favor, escribe tu consulta.\");\n    window.open(`https:\/\/wa.me\/593978887324?text=${encodeURIComponent(t)}`, '_blank');\n}\nfunction sendViaEmail() {\n    const t = document.getElementById('userQuery').value;\n    if(!t) return alert(\"Por favor, escribe tu consulta.\");\n    window.location.href = `mailto:info@trailforthjournal.com?subject=Consulta&body=${encodeURIComponent(t)}`;\n}\nfunction toggleContinueBtn() {\n    const c = document.getElementById('consentCheckbox');\n    const b = document.getElementById('btnContinue');\n    b.disabled = !c.checked;\n    c.checked ? b.classList.add('active') : b.classList.remove('active');\n}\nfunction showQRCodes() {\n    document.getElementById('stepConsent').style.display = 'none';\n    document.getElementById('stepQR').style.display = 'block';\n}\nfunction openModal() { document.getElementById('policyModal').style.display = 'flex'; }\nfunction closeModal() { document.getElementById('policyModal').style.display = 'none'; }\n<\/script>\n\t\t\t\t<\/div>\n\t\t\t\t<\/div>\n\t\t\t\t\t<\/div>\n\t\t<\/div>\n\t\t\t\t\t<\/div>\n\t\t<\/section>\n\t\t\t\t<section class=\"elementor-section elementor-top-section elementor-element elementor-element-51d49aa elementor-section-boxed elementor-section-height-default elementor-section-height-default wpr-particle-no wpr-jarallax-no wpr-parallax-no wpr-sticky-section-no wpr-equal-height-no\" data-id=\"51d49aa\" data-element_type=\"section\" data-e-type=\"section\">\n\t\t\t\t\t\t<div class=\"elementor-container elementor-column-gap-default\">\n\t\t\t\t\t<div class=\"elementor-column elementor-col-100 elementor-top-column elementor-element elementor-element-3651cb1\" data-id=\"3651cb1\" data-element_type=\"column\" data-e-type=\"column\">\n\t\t\t<div class=\"elementor-widget-wrap elementor-element-populated\">\n\t\t\t\t\t\t<div class=\"elementor-element elementor-element-b85a557 elementor-widget elementor-widget-spacer\" data-id=\"b85a557\" data-element_type=\"widget\" data-e-type=\"widget\" data-widget_type=\"spacer.default\">\n\t\t\t\t<div class=\"elementor-widget-container\">\n\t\t\t\t\t\t\t<div class=\"elementor-spacer\">\n\t\t\t<div class=\"elementor-spacer-inner\"><\/div>\n\t\t<\/div>\n\t\t\t\t\t\t<\/div>\n\t\t\t\t<\/div>\n\t\t\t\t\t<\/div>\n\t\t<\/div>\n\t\t\t\t\t<\/div>\n\t\t<\/section>\n\t\t\t\t<section class=\"elementor-section elementor-top-section elementor-element elementor-element-f184252 elementor-section-boxed elementor-section-height-default elementor-section-height-default wpr-particle-no wpr-jarallax-no wpr-parallax-no wpr-sticky-section-no wpr-equal-height-no\" data-id=\"f184252\" data-element_type=\"section\" data-e-type=\"section\">\n\t\t\t\t\t\t<div class=\"elementor-container elementor-column-gap-default\">\n\t\t\t\t\t<div class=\"elementor-column elementor-col-100 elementor-top-column elementor-element elementor-element-acfc64d\" data-id=\"acfc64d\" data-element_type=\"column\" data-e-type=\"column\">\n\t\t\t<div class=\"elementor-widget-wrap elementor-element-populated\">\n\t\t\t\t\t\t<div class=\"elementor-element elementor-element-cafb552 elementor-shape-rounded elementor-grid-0 e-grid-align-center elementor-widget elementor-widget-social-icons\" data-id=\"cafb552\" data-element_type=\"widget\" data-e-type=\"widget\" data-widget_type=\"social-icons.default\">\n\t\t\t\t<div class=\"elementor-widget-container\">\n\t\t\t\t\t\t\t<div class=\"elementor-social-icons-wrapper elementor-grid\">\n\t\t\t\t\t\t\t<span class=\"elementor-grid-item\">\n\t\t\t\t\t<a class=\"elementor-icon elementor-social-icon elementor-social-icon-ellipsis-v elementor-repeater-item-07ab4f2\" target=\"_blank\">\n\t\t\t\t\t\t<span class=\"elementor-screen-only\">Ellipsis-v<\/span>\n\t\t\t\t\t\t<i aria-hidden=\"true\" class=\"fas fa-ellipsis-v\"><\/i>\t\t\t\t\t<\/a>\n\t\t\t\t<\/span>\n\t\t\t\t\t<\/div>\n\t\t\t\t\t\t<\/div>\n\t\t\t\t<\/div>\n\t\t\t\t\t<\/div>\n\t\t<\/div>\n\t\t\t\t\t<\/div>\n\t\t<\/section>\n\t\t\t\t<section class=\"elementor-section elementor-top-section elementor-element elementor-element-9ab9c64 elementor-section-boxed elementor-section-height-default elementor-section-height-default wpr-particle-no wpr-jarallax-no wpr-parallax-no wpr-sticky-section-no wpr-equal-height-no\" data-id=\"9ab9c64\" data-element_type=\"section\" data-e-type=\"section\">\n\t\t\t\t\t\t<div class=\"elementor-container elementor-column-gap-no\">\n\t\t\t\t\t<div class=\"elementor-column elementor-col-100 elementor-top-column elementor-element elementor-element-459e6ed\" data-id=\"459e6ed\" data-element_type=\"column\" data-e-type=\"column\">\n\t\t\t<div class=\"elementor-widget-wrap elementor-element-populated\">\n\t\t\t\t\t\t<div class=\"elementor-element elementor-element-259a1ff elementor-widget elementor-widget-heading\" data-id=\"259a1ff\" data-element_type=\"widget\" data-e-type=\"widget\" data-widget_type=\"heading.default\">\n\t\t\t\t<div class=\"elementor-widget-container\">\n\t\t\t\t\t<h2 class=\"elementor-heading-title elementor-size-default\">Compartir<\/h2>\t\t\t\t<\/div>\n\t\t\t\t<\/div>\n\t\t\t\t\t<\/div>\n\t\t<\/div>\n\t\t\t\t\t<\/div>\n\t\t<\/section>\n\t\t\t\t<section class=\"elementor-section elementor-top-section elementor-element elementor-element-a82c7cf elementor-section-boxed elementor-section-height-default elementor-section-height-default wpr-particle-no wpr-jarallax-no wpr-parallax-no wpr-sticky-section-no wpr-equal-height-no\" data-id=\"a82c7cf\" data-element_type=\"section\" data-e-type=\"section\">\n\t\t\t\t\t\t<div class=\"elementor-container elementor-column-gap-default\">\n\t\t\t\t\t<div class=\"elementor-column elementor-col-100 elementor-top-column elementor-element elementor-element-5fd8a20\" data-id=\"5fd8a20\" data-element_type=\"column\" data-e-type=\"column\">\n\t\t\t<div class=\"elementor-widget-wrap elementor-element-populated\">\n\t\t\t\t\t\t<div class=\"elementor-element elementor-element-e31e8c2 elementor-widget elementor-widget-spacer\" data-id=\"e31e8c2\" data-element_type=\"widget\" data-e-type=\"widget\" data-widget_type=\"spacer.default\">\n\t\t\t\t<div class=\"elementor-widget-container\">\n\t\t\t\t\t\t\t<div class=\"elementor-spacer\">\n\t\t\t<div class=\"elementor-spacer-inner\"><\/div>\n\t\t<\/div>\n\t\t\t\t\t\t<\/div>\n\t\t\t\t<\/div>\n\t\t\t\t\t<\/div>\n\t\t<\/div>\n\t\t\t\t\t<\/div>\n\t\t<\/section>\n\t\t\t\t<section class=\"elementor-section elementor-top-section elementor-element elementor-element-345e408 elementor-section-boxed elementor-section-height-default elementor-section-height-default wpr-particle-no wpr-jarallax-no wpr-parallax-no wpr-sticky-section-no wpr-equal-height-no\" data-id=\"345e408\" data-element_type=\"section\" data-e-type=\"section\">\n\t\t\t\t\t\t<div class=\"elementor-container elementor-column-gap-no\">\n\t\t\t\t\t<div class=\"elementor-column elementor-col-100 elementor-top-column elementor-element elementor-element-eba8fc9\" data-id=\"eba8fc9\" data-element_type=\"column\" data-e-type=\"column\">\n\t\t\t<div class=\"elementor-widget-wrap elementor-element-populated\">\n\t\t\t\t\t\t<div class=\"elementor-element elementor-element-78ef234 elementor-view-default elementor-widget elementor-widget-icon\" data-id=\"78ef234\" data-element_type=\"widget\" data-e-type=\"widget\" data-widget_type=\"icon.default\">\n\t\t\t\t<div class=\"elementor-widget-container\">\n\t\t\t\t\t\t\t<div class=\"elementor-icon-wrapper\">\n\t\t\t<div class=\"elementor-icon\">\n\t\t\t<i aria-hidden=\"true\" class=\"fas fa-share-alt\"><\/i>\t\t\t<\/div>\n\t\t<\/div>\n\t\t\t\t\t\t<\/div>\n\t\t\t\t<\/div>\n\t\t\t\t\t<\/div>\n\t\t<\/div>\n\t\t\t\t\t<\/div>\n\t\t<\/section>\n\t\t\t\t<section class=\"elementor-section elementor-top-section elementor-element elementor-element-3f4aa74 elementor-section-boxed elementor-section-height-default elementor-section-height-default wpr-particle-no wpr-jarallax-no wpr-parallax-no wpr-sticky-section-no wpr-equal-height-no\" data-id=\"3f4aa74\" data-element_type=\"section\" data-e-type=\"section\">\n\t\t\t\t\t\t<div class=\"elementor-container elementor-column-gap-default\">\n\t\t\t\t\t<div class=\"elementor-column elementor-col-100 elementor-top-column elementor-element elementor-element-8b9b228\" data-id=\"8b9b228\" data-element_type=\"column\" data-e-type=\"column\">\n\t\t\t<div class=\"elementor-widget-wrap elementor-element-populated\">\n\t\t\t\t\t\t<div class=\"elementor-element elementor-element-8998227 elementor-widget elementor-widget-spacer\" data-id=\"8998227\" data-element_type=\"widget\" data-e-type=\"widget\" data-widget_type=\"spacer.default\">\n\t\t\t\t<div class=\"elementor-widget-container\">\n\t\t\t\t\t\t\t<div class=\"elementor-spacer\">\n\t\t\t<div class=\"elementor-spacer-inner\"><\/div>\n\t\t<\/div>\n\t\t\t\t\t\t<\/div>\n\t\t\t\t<\/div>\n\t\t\t\t\t<\/div>\n\t\t<\/div>\n\t\t\t\t\t<\/div>\n\t\t<\/section>\n\t\t\t\t<section class=\"elementor-section elementor-top-section elementor-element elementor-element-d5a8594 elementor-section-boxed elementor-section-height-default elementor-section-height-default wpr-particle-no wpr-jarallax-no wpr-parallax-no wpr-sticky-section-no wpr-equal-height-no\" data-id=\"d5a8594\" data-element_type=\"section\" data-e-type=\"section\">\n\t\t\t\t\t\t<div class=\"elementor-container elementor-column-gap-default\">\n\t\t\t\t\t<div class=\"elementor-column elementor-col-100 elementor-top-column elementor-element elementor-element-836f5d5\" data-id=\"836f5d5\" data-element_type=\"column\" data-e-type=\"column\">\n\t\t\t<div class=\"elementor-widget-wrap elementor-element-populated\">\n\t\t\t\t\t\t<div class=\"elementor-element elementor-element-7b7543a elementor-grid-0 elementor-widget elementor-widget-wpr-sharing-buttons\" data-id=\"7b7543a\" data-element_type=\"widget\" data-e-type=\"widget\" data-widget_type=\"wpr-sharing-buttons.default\">\n\t\t\t\t<div class=\"elementor-widget-container\">\n\t\t\t\t\t<div class=\"wpr-sharing-buttons elementor-grid wpr-sharing-official wpr-sharing-label-off wpr-sharing-label-tr\"><div class=\"elementor-grid-item\"><a href=\"https:\/\/www.facebook.com\/sharer.php?u=https:\/\/trailforthjournal.com\/es\/lugar-emblematico\/catedral-de-guayaquil\/\" class=\"wpr-sharing-icon wpr-sharing-facebook-f\" title=\"\" target=\"_blank\"><i class=\"fab fa-facebook-f\"><\/i><\/a><\/div><div class=\"elementor-grid-item\"><a href=\"https:\/\/twitter.com\/intent\/tweet?url=https:\/\/trailforthjournal.com\/es\/lugar-emblematico\/catedral-de-guayaquil\/\" class=\"wpr-sharing-icon wpr-sharing-twitter\" title=\"\" target=\"_blank\"><i class=\"fab fa-twitter\"><\/i><\/a><\/div><div class=\"elementor-grid-item\"><a href=\"https:\/\/www.linkedin.com\/shareArticle?mini=true&url=https:\/\/trailforthjournal.com\/es\/lugar-emblematico\/catedral-de-guayaquil\/&title=Catedral de Guayaquil: La majestuosa arquitectura neog\u00f3tica en el coraz\u00f3n de la ciudad&summary=Catedral de Guayaquil. El coraz\u00f3n de la fe de los Guayaquile\u00f1os. Un lugar s\u00edmbolo de fe y cultura de la urbe porte\u00f1a.&source=https:\/\/trailforthjournal.com\/es\/lugar-emblematico\/catedral-de-guayaquil\/\" class=\"wpr-sharing-icon wpr-sharing-linkedin-in\" title=\"\" target=\"_blank\"><i class=\"fab fa-linkedin-in\"><\/i><\/a><\/div><div class=\"elementor-grid-item\"><a href=\"https:\/\/api.whatsapp.com\/send?text=*Catedral de Guayaquil: La majestuosa arquitectura neog\u00f3tica en el coraz\u00f3n de la ciudad*%0ahttps:\/\/trailforthjournal.com\/es\/lugar-emblematico\/catedral-de-guayaquil\/\" class=\"wpr-sharing-icon wpr-sharing-whatsapp\" title=\"\" target=\"_blank\"><i class=\"fab fa-whatsapp\"><\/i><\/a><\/div><div class=\"elementor-grid-item\"><a href=\"mailto:?subject=Catedral de Guayaquil: La majestuosa arquitectura neog\u00f3tica en el coraz\u00f3n de la ciudad&body=https:\/\/trailforthjournal.com\/es\/lugar-emblematico\/catedral-de-guayaquil\/\" class=\"wpr-sharing-icon wpr-sharing-envelope\" title=\"\" target=\"_blank\"><i class=\"fas fa-envelope\"><\/i><\/a><\/div><\/div>\t\t\t\t<\/div>\n\t\t\t\t<\/div>\n\t\t\t\t\t<\/div>\n\t\t<\/div>\n\t\t\t\t\t<\/div>\n\t\t<\/section>\n\t\t\t\t<section class=\"elementor-section elementor-top-section elementor-element elementor-element-3b4ac61 elementor-section-boxed elementor-section-height-default elementor-section-height-default wpr-particle-no wpr-jarallax-no wpr-parallax-no wpr-sticky-section-no wpr-equal-height-no\" data-id=\"3b4ac61\" data-element_type=\"section\" data-e-type=\"section\">\n\t\t\t\t\t\t<div class=\"elementor-container elementor-column-gap-default\">\n\t\t\t\t\t<div class=\"elementor-column elementor-col-100 elementor-top-column elementor-element elementor-element-7e42bd2\" data-id=\"7e42bd2\" data-element_type=\"column\" data-e-type=\"column\">\n\t\t\t<div class=\"elementor-widget-wrap elementor-element-populated\">\n\t\t\t\t\t\t<div class=\"elementor-element elementor-element-2c8cf89 elementor-widget elementor-widget-spacer\" data-id=\"2c8cf89\" data-element_type=\"widget\" data-e-type=\"widget\" data-widget_type=\"spacer.default\">\n\t\t\t\t<div class=\"elementor-widget-container\">\n\t\t\t\t\t\t\t<div class=\"elementor-spacer\">\n\t\t\t<div class=\"elementor-spacer-inner\"><\/div>\n\t\t<\/div>\n\t\t\t\t\t\t<\/div>\n\t\t\t\t<\/div>\n\t\t\t\t\t<\/div>\n\t\t<\/div>\n\t\t\t\t\t<\/div>\n\t\t<\/section>\n\t\t\t\t<section class=\"elementor-section elementor-top-section elementor-element elementor-element-4394f91 elementor-section-boxed elementor-section-height-default elementor-section-height-default wpr-particle-no wpr-jarallax-no wpr-parallax-no wpr-sticky-section-no wpr-equal-height-no\" data-id=\"4394f91\" data-element_type=\"section\" data-e-type=\"section\">\n\t\t\t\t\t\t<div class=\"elementor-container elementor-column-gap-no\">\n\t\t\t\t\t<div class=\"elementor-column elementor-col-100 elementor-top-column elementor-element elementor-element-4d09a3c\" data-id=\"4d09a3c\" data-element_type=\"column\" data-e-type=\"column\">\n\t\t\t<div class=\"elementor-widget-wrap elementor-element-populated\">\n\t\t\t\t\t\t<div class=\"elementor-element elementor-element-34ee047 premium-title-color elementor-widget elementor-widget-premium-addon-title\" data-id=\"34ee047\" data-element_type=\"widget\" data-e-type=\"widget\" data-widget_type=\"premium-addon-title.default\">\n\t\t\t\t<div class=\"elementor-widget-container\">\n\t\t\t\t\t\n\t\t<div class=\"premium-title-container style7\">\n\t\t\t<h2 class=\"premium-title-header premium-title-style7\">\n\t\t\t\t\t\t\t\t\t\t\t\t\t\t\t<span class=\"premium-title-style7-stripe-wrap\">\n\t\t\t\t\t\t\t<span class=\"premium-title-style7-stripe\"><\/span>\n\t\t\t\t\t\t<\/span>\n\t\t\t\t\t\t\t\t\t\t<div class=\"premium-title-style7-inner\">\n\t\t\t\t\n\t\t\t\t\n\t\t\t\t\t\t\t\t\t\t\t\t\t\t\t\t\t\t\t\t\t<span class=\"premium-title-text\">\n\t\t\t\t\tRelacionado\t\t\t\t<\/span>\n\t\t\t\t\t\n\t\t\t\t\t\t\t\t\t<\/div>\n\t\t\t\t\t\t\t\t\n\t\t\t\t\t\t\t<\/h2>\n\n\t\t<\/div>\n\n\t\t\t\t\t\t<\/div>\n\t\t\t\t<\/div>\n\t\t\t\t\t<\/div>\n\t\t<\/div>\n\t\t\t\t\t<\/div>\n\t\t<\/section>\n\t\t\t\t<section class=\"elementor-section elementor-top-section elementor-element elementor-element-b33c90e elementor-section-content-middle elementor-section-full_width elementor-section-height-default elementor-section-height-default wpr-particle-no wpr-jarallax-no wpr-parallax-no wpr-sticky-section-no wpr-equal-height-no\" data-id=\"b33c90e\" data-element_type=\"section\" data-e-type=\"section\">\n\t\t\t\t\t\t<div class=\"elementor-container elementor-column-gap-no\">\n\t\t\t\t\t<div class=\"elementor-column elementor-col-100 elementor-top-column elementor-element elementor-element-aa9e8a3\" data-id=\"aa9e8a3\" data-element_type=\"column\" data-e-type=\"column\">\n\t\t\t<div class=\"elementor-widget-wrap elementor-element-populated\">\n\t\t\t\t\t\t<div class=\"elementor-element elementor-element-79f136c premium-blog-align-left elementor-widget elementor-widget-premium-addon-blog\" data-id=\"79f136c\" data-element_type=\"widget\" data-e-type=\"widget\" data-settings=\"{&quot;force_height&quot;:&quot;true&quot;,&quot;premium_blog_columns_number&quot;:&quot;25%&quot;,&quot;premium_blog_grid&quot;:&quot;yes&quot;,&quot;premium_blog_layout&quot;:&quot;even&quot;,&quot;premium_blog_columns_number_tablet&quot;:&quot;50%&quot;,&quot;premium_blog_columns_number_mobile&quot;:&quot;100%&quot;,&quot;scroll_to_offset&quot;:&quot;yes&quot;}\" data-widget_type=\"premium-addon-blog.default\">\n\t\t\t\t<div class=\"elementor-widget-container\">\n\t\t\t\t\t\n\t\t\n\n\t\t\t\t<div class=\"premium-blog-wrap  premium-blog-even\" data-page=\"9649\">\n\t\t\t\t\t\t\t\t\t<div class=\"premium-blog-post-outer-container\" data-total=\"7\">\n\t\t\t<div class=\"premium-blog-post-container premium-blog-skin-banner\">\n\t\t\t\t\t\t\t\t\t<div class=\"premium-blog-thumb-effect-wrapper\">\n\t\t\t\t\t\t<div class=\"premium-blog-thumbnail-container premium-blog-zoomin-effect\">\n\t\t\t\t\t\t\t<img fetchpriority=\"high\" decoding=\"async\" data-attachment-id=\"21773\" data-permalink=\"https:\/\/trailforthjournal.com\/es\/cultura\/plaza-de-la-administracion-guayaquil\/attachment\/dsc01710-2\/\" data-orig-file=\"https:\/\/i0.wp.com\/trailforthjournal.com\/es\/wp-content\/uploads\/sites\/4\/2023\/04\/DSC01710-2-scaled.jpg?fit=2560%2C1920&amp;ssl=1\" data-orig-size=\"2560,1920\" data-comments-opened=\"0\" data-image-meta=\"{&quot;aperture&quot;:&quot;3.3&quot;,&quot;credit&quot;:&quot;&quot;,&quot;camera&quot;:&quot;DSC-W830&quot;,&quot;caption&quot;:&quot;&quot;,&quot;created_timestamp&quot;:&quot;1390611780&quot;,&quot;copyright&quot;:&quot;&quot;,&quot;focal_length&quot;:&quot;4.5&quot;,&quot;iso&quot;:&quot;80&quot;,&quot;shutter_speed&quot;:&quot;0.002&quot;,&quot;title&quot;:&quot;&quot;,&quot;orientation&quot;:&quot;1&quot;}\" data-image-title=\"Vista de la plaza de la administraci\u00f3n Guayaquil\" data-image-description=\"&lt;p&gt;Vista de la plaza de la administraci\u00f3n Guayaquil&lt;\/p&gt;\n\" data-image-caption=\"&lt;p&gt;Vista de la plaza de la administraci\u00f3n Guayaquil&lt;\/p&gt;\n\" data-large-file=\"https:\/\/i0.wp.com\/trailforthjournal.com\/es\/wp-content\/uploads\/sites\/4\/2023\/04\/DSC01710-2-scaled.jpg?fit=1024%2C768&amp;ssl=1\" width=\"2560\" height=\"1920\" src=\"https:\/\/i0.wp.com\/trailforthjournal.com\/es\/wp-content\/uploads\/sites\/4\/2023\/04\/DSC01710-2-scaled.jpg?fit=2560%2C1920&amp;ssl=1\" class=\"attachment-full size-full wp-image-21773\" alt=\"Vista de la plaza de la administraci\u00f3n Guayaquil\" data-attachment-id=\"21773\" data-permalink=\"https:\/\/trailforthjournal.com\/es\/cultura\/plaza-de-la-administracion-guayaquil\/attachment\/dsc01710-2\/\" data-orig-file=\"https:\/\/i0.wp.com\/trailforthjournal.com\/es\/wp-content\/uploads\/sites\/4\/2023\/04\/DSC01710-2-scaled.jpg?fit=2560%2C1920&amp;ssl=1\" data-orig-size=\"2560,1920\" data-comments-opened=\"0\" data-image-meta=\"{&quot;aperture&quot;:&quot;3.3&quot;,&quot;credit&quot;:&quot;&quot;,&quot;camera&quot;:&quot;DSC-W830&quot;,&quot;caption&quot;:&quot;&quot;,&quot;created_timestamp&quot;:&quot;1390611780&quot;,&quot;copyright&quot;:&quot;&quot;,&quot;focal_length&quot;:&quot;4.5&quot;,&quot;iso&quot;:&quot;80&quot;,&quot;shutter_speed&quot;:&quot;0.002&quot;,&quot;title&quot;:&quot;&quot;,&quot;orientation&quot;:&quot;1&quot;}\" data-image-title=\"Vista de la plaza de la administraci\u00f3n Guayaquil\" data-image-description=\"&lt;p&gt;Vista de la plaza de la administraci\u00f3n Guayaquil&lt;\/p&gt;\n\" data-image-caption=\"&lt;p&gt;Vista de la plaza de la administraci\u00f3n Guayaquil&lt;\/p&gt;\n\" data-large-file=\"https:\/\/i0.wp.com\/trailforthjournal.com\/es\/wp-content\/uploads\/sites\/4\/2023\/04\/DSC01710-2-scaled.jpg?fit=1024%2C768&amp;ssl=1\" srcset=\"https:\/\/i0.wp.com\/trailforthjournal.com\/es\/wp-content\/uploads\/sites\/4\/2023\/04\/DSC01710-2-scaled.jpg?w=2560&amp;ssl=1 2560w, https:\/\/i0.wp.com\/trailforthjournal.com\/es\/wp-content\/uploads\/sites\/4\/2023\/04\/DSC01710-2-scaled.jpg?resize=300%2C225&amp;ssl=1 300w, https:\/\/i0.wp.com\/trailforthjournal.com\/es\/wp-content\/uploads\/sites\/4\/2023\/04\/DSC01710-2-scaled.jpg?resize=1024%2C768&amp;ssl=1 1024w, https:\/\/i0.wp.com\/trailforthjournal.com\/es\/wp-content\/uploads\/sites\/4\/2023\/04\/DSC01710-2-scaled.jpg?resize=768%2C576&amp;ssl=1 768w, https:\/\/i0.wp.com\/trailforthjournal.com\/es\/wp-content\/uploads\/sites\/4\/2023\/04\/DSC01710-2-scaled.jpg?resize=1536%2C1152&amp;ssl=1 1536w, https:\/\/i0.wp.com\/trailforthjournal.com\/es\/wp-content\/uploads\/sites\/4\/2023\/04\/DSC01710-2-scaled.jpg?resize=2048%2C1536&amp;ssl=1 2048w, https:\/\/i0.wp.com\/trailforthjournal.com\/es\/wp-content\/uploads\/sites\/4\/2023\/04\/DSC01710-2-scaled.jpg?resize=67%2C50&amp;ssl=1 67w, https:\/\/i0.wp.com\/trailforthjournal.com\/es\/wp-content\/uploads\/sites\/4\/2023\/04\/DSC01710-2-scaled.jpg?resize=600%2C450&amp;ssl=1 600w\" sizes=\"(max-width: 1032px) 100vw, 1032px\" \/>\t\t\t\t\t\t<\/div>\n\t\t\t\t\t\t\t\t\t\t\t\t\t<div class=\"premium-blog-thumbnail-overlay\">\n\t\t\t\t\t\t\t\t<a class=\"elementor-icon\" href=\"https:\/\/trailforthjournal.com\/es\/cultura\/plaza-de-la-administracion-guayaquil\/\" target=\"_blank\"><\/a>\n\t\t\t\t\t\t\t<\/div>\n\n\t\t\t\t\t\t\t\t\t\t\t\t\t\t\t\t\t\t<\/div>\n\t\t\t\t\t\t\t\t\t\t\t\t<div class=\"premium-blog-content-wrapper \">\n\n\t\t\t\t\t<div class=\"premium-blog-inner-container\">\n\n\t\t\t\t\t\t\t\t\t\t\t\t\t\t<h1 class=\"premium-blog-entry-title\">\n\t\t\t<a href=\"https:\/\/trailforthjournal.com\/es\/cultura\/plaza-de-la-administracion-guayaquil\/\" target=\"_blank\">\n\t\t\t\tExplora el encanto patrimonial de La Plaza de la Administraci\u00f3n: pilar del poder c\u00edvico y pol\u00edtico de Guayaquil\t\t\t<\/a>\n\t\t<\/h1>\n\t\t\t\t<div class=\"premium-blog-entry-meta\">\n\t\t\t\n\t\t\t\n\t\t\t\n\t\t\t\t\t<\/div>\n\t\t\n\t\t\t\t\t<\/div>\n\n\t\t\t\t\t\t\t\t\t\t\n\t\t\t\t<\/div>\n\t\t\t<\/div>\n\t\t<\/div>\n\n\t\t\t\t<div class=\"premium-blog-post-outer-container\" data-total=\"7\">\n\t\t\t<div class=\"premium-blog-post-container premium-blog-skin-banner\">\n\t\t\t\t\t\t\t\t\t<div class=\"premium-blog-thumb-effect-wrapper\">\n\t\t\t\t\t\t<div class=\"premium-blog-thumbnail-container premium-blog-zoomin-effect\">\n\t\t\t\t\t\t\t<img decoding=\"async\" data-attachment-id=\"6781\" data-permalink=\"https:\/\/trailforthjournal.com\/es\/gastronomia\/restaurante-la-balandra\/attachment\/f39f2ede-d547-4740-bd3c-3098949be615\/\" data-orig-file=\"https:\/\/i0.wp.com\/trailforthjournal.com\/es\/wp-content\/uploads\/sites\/4\/2022\/03\/f39f2ede-d547-4740-bd3c-3098949be615.jpeg?fit=1280%2C1280&amp;ssl=1\" data-orig-size=\"1280,1280\" data-comments-opened=\"0\" data-image-meta=\"{&quot;aperture&quot;:&quot;0&quot;,&quot;credit&quot;:&quot;&quot;,&quot;camera&quot;:&quot;&quot;,&quot;caption&quot;:&quot;&quot;,&quot;created_timestamp&quot;:&quot;0&quot;,&quot;copyright&quot;:&quot;&quot;,&quot;focal_length&quot;:&quot;0&quot;,&quot;iso&quot;:&quot;0&quot;,&quot;shutter_speed&quot;:&quot;0&quot;,&quot;title&quot;:&quot;&quot;,&quot;orientation&quot;:&quot;1&quot;}\" data-image-title=\"f39f2ede-d547-4740-bd3c-3098949be615\" data-image-description=\"\" data-image-caption=\"\" data-large-file=\"https:\/\/i0.wp.com\/trailforthjournal.com\/es\/wp-content\/uploads\/sites\/4\/2022\/03\/f39f2ede-d547-4740-bd3c-3098949be615.jpeg?fit=1024%2C1024&amp;ssl=1\" width=\"1280\" height=\"1280\" src=\"https:\/\/i0.wp.com\/trailforthjournal.com\/es\/wp-content\/uploads\/sites\/4\/2022\/03\/f39f2ede-d547-4740-bd3c-3098949be615.jpeg?fit=1280%2C1280&amp;ssl=1\" class=\"attachment-full size-full wp-image-6781\" alt=\"\" data-attachment-id=\"6781\" data-permalink=\"https:\/\/trailforthjournal.com\/es\/gastronomia\/restaurante-la-balandra\/attachment\/f39f2ede-d547-4740-bd3c-3098949be615\/\" data-orig-file=\"https:\/\/i0.wp.com\/trailforthjournal.com\/es\/wp-content\/uploads\/sites\/4\/2022\/03\/f39f2ede-d547-4740-bd3c-3098949be615.jpeg?fit=1280%2C1280&amp;ssl=1\" data-orig-size=\"1280,1280\" data-comments-opened=\"0\" data-image-meta=\"{&quot;aperture&quot;:&quot;0&quot;,&quot;credit&quot;:&quot;&quot;,&quot;camera&quot;:&quot;&quot;,&quot;caption&quot;:&quot;&quot;,&quot;created_timestamp&quot;:&quot;0&quot;,&quot;copyright&quot;:&quot;&quot;,&quot;focal_length&quot;:&quot;0&quot;,&quot;iso&quot;:&quot;0&quot;,&quot;shutter_speed&quot;:&quot;0&quot;,&quot;title&quot;:&quot;&quot;,&quot;orientation&quot;:&quot;1&quot;}\" data-image-title=\"f39f2ede-d547-4740-bd3c-3098949be615\" data-image-description=\"\" data-image-caption=\"\" data-large-file=\"https:\/\/i0.wp.com\/trailforthjournal.com\/es\/wp-content\/uploads\/sites\/4\/2022\/03\/f39f2ede-d547-4740-bd3c-3098949be615.jpeg?fit=1024%2C1024&amp;ssl=1\" srcset=\"https:\/\/i0.wp.com\/trailforthjournal.com\/es\/wp-content\/uploads\/sites\/4\/2022\/03\/f39f2ede-d547-4740-bd3c-3098949be615.jpeg?w=1280&amp;ssl=1 1280w, https:\/\/i0.wp.com\/trailforthjournal.com\/es\/wp-content\/uploads\/sites\/4\/2022\/03\/f39f2ede-d547-4740-bd3c-3098949be615.jpeg?resize=300%2C300&amp;ssl=1 300w, https:\/\/i0.wp.com\/trailforthjournal.com\/es\/wp-content\/uploads\/sites\/4\/2022\/03\/f39f2ede-d547-4740-bd3c-3098949be615.jpeg?resize=1024%2C1024&amp;ssl=1 1024w, https:\/\/i0.wp.com\/trailforthjournal.com\/es\/wp-content\/uploads\/sites\/4\/2022\/03\/f39f2ede-d547-4740-bd3c-3098949be615.jpeg?resize=150%2C150&amp;ssl=1 150w, https:\/\/i0.wp.com\/trailforthjournal.com\/es\/wp-content\/uploads\/sites\/4\/2022\/03\/f39f2ede-d547-4740-bd3c-3098949be615.jpeg?resize=768%2C768&amp;ssl=1 768w, https:\/\/i0.wp.com\/trailforthjournal.com\/es\/wp-content\/uploads\/sites\/4\/2022\/03\/f39f2ede-d547-4740-bd3c-3098949be615.jpeg?resize=600%2C600&amp;ssl=1 600w, https:\/\/i0.wp.com\/trailforthjournal.com\/es\/wp-content\/uploads\/sites\/4\/2022\/03\/f39f2ede-d547-4740-bd3c-3098949be615.jpeg?resize=100%2C100&amp;ssl=1 100w\" sizes=\"(max-width: 1032px) 100vw, 1032px\" \/>\t\t\t\t\t\t<\/div>\n\t\t\t\t\t\t\t\t\t\t\t\t\t<div class=\"premium-blog-thumbnail-overlay\">\n\t\t\t\t\t\t\t\t<a class=\"elementor-icon\" href=\"https:\/\/trailforthjournal.com\/es\/gastronomia\/restaurante-la-balandra\/\" target=\"_blank\"><\/a>\n\t\t\t\t\t\t\t<\/div>\n\n\t\t\t\t\t\t\t\t\t\t\t\t\t\t\t\t\t\t<\/div>\n\t\t\t\t\t\t\t\t\t\t\t\t<div class=\"premium-blog-content-wrapper \">\n\n\t\t\t\t\t<div class=\"premium-blog-inner-container\">\n\n\t\t\t\t\t\t\t\t\t\t\t\t\t\t<h1 class=\"premium-blog-entry-title\">\n\t\t\t<a href=\"https:\/\/trailforthjournal.com\/es\/gastronomia\/restaurante-la-balandra\/\" target=\"_blank\">\n\t\t\t\t\u00bfC\u00f3mo nace el Restaurante La Balandra?\t\t\t<\/a>\n\t\t<\/h1>\n\t\t\t\t<div class=\"premium-blog-entry-meta\">\n\t\t\t\n\t\t\t\n\t\t\t\n\t\t\t\t\t<\/div>\n\t\t\n\t\t\t\t\t<\/div>\n\n\t\t\t\t\t\t\t\t\t\t\n\t\t\t\t<\/div>\n\t\t\t<\/div>\n\t\t<\/div>\n\n\t\t\t\t<div class=\"premium-blog-post-outer-container\" data-total=\"7\">\n\t\t\t<div class=\"premium-blog-post-container premium-blog-skin-banner\">\n\t\t\t\t\t\t\t\t\t<div class=\"premium-blog-thumb-effect-wrapper\">\n\t\t\t\t\t\t<div class=\"premium-blog-thumbnail-container premium-blog-zoomin-effect\">\n\t\t\t\t\t\t\t<img decoding=\"async\" data-attachment-id=\"26505\" data-permalink=\"https:\/\/trailforthjournal.com\/es\/lugar-emblematico\/barrio-las-penas\/attachment\/las-penas-esferica-3\/\" data-orig-file=\"https:\/\/i0.wp.com\/trailforthjournal.com\/es\/wp-content\/uploads\/sites\/4\/2023\/10\/Las-Penas-Esferica-3.jpg?fit=2560%2C1440&amp;ssl=1\" data-orig-size=\"2560,1440\" data-comments-opened=\"0\" data-image-meta=\"{&quot;aperture&quot;:&quot;0&quot;,&quot;credit&quot;:&quot;&quot;,&quot;camera&quot;:&quot;&quot;,&quot;caption&quot;:&quot;&quot;,&quot;created_timestamp&quot;:&quot;0&quot;,&quot;copyright&quot;:&quot;&quot;,&quot;focal_length&quot;:&quot;0&quot;,&quot;iso&quot;:&quot;0&quot;,&quot;shutter_speed&quot;:&quot;0&quot;,&quot;title&quot;:&quot;&quot;,&quot;orientation&quot;:&quot;0&quot;}\" data-image-title=\"calle-numa-pompillo-llona-las-penas\" data-image-description=\"&lt;p&gt;Fotograf\u00eda con perspectiva de \u00e1ngulo bajo que resalta el pavimiento de piedra y las coloridas casas restauradas del barrio m\u00e1s antiguo de Guayaquil.&lt;\/p&gt;\n\" data-image-caption=\"&lt;p&gt;La calle Numa Pompilio Llona, el coraz\u00f3n art\u00edstico e hist\u00f3rico del Barrio Las Pe\u00f1as&lt;\/p&gt;\n\" data-large-file=\"https:\/\/i0.wp.com\/trailforthjournal.com\/es\/wp-content\/uploads\/sites\/4\/2023\/10\/Las-Penas-Esferica-3.jpg?fit=1024%2C576&amp;ssl=1\" width=\"2560\" height=\"1440\" src=\"https:\/\/i0.wp.com\/trailforthjournal.com\/es\/wp-content\/uploads\/sites\/4\/2023\/10\/Las-Penas-Esferica-3.jpg?fit=2560%2C1440&amp;ssl=1\" class=\"attachment-full size-full wp-image-26505\" alt=\"Vista desde el suelo de la calle empedrada Numa Pompilio Llona en el Barrio Las Pe\u00f1as, Guayaquil, con fachadas de casas coloniales de colores vibrantes.\" data-attachment-id=\"26505\" data-permalink=\"https:\/\/trailforthjournal.com\/es\/lugar-emblematico\/barrio-las-penas\/attachment\/las-penas-esferica-3\/\" data-orig-file=\"https:\/\/i0.wp.com\/trailforthjournal.com\/es\/wp-content\/uploads\/sites\/4\/2023\/10\/Las-Penas-Esferica-3.jpg?fit=2560%2C1440&amp;ssl=1\" data-orig-size=\"2560,1440\" data-comments-opened=\"0\" data-image-meta=\"{&quot;aperture&quot;:&quot;0&quot;,&quot;credit&quot;:&quot;&quot;,&quot;camera&quot;:&quot;&quot;,&quot;caption&quot;:&quot;&quot;,&quot;created_timestamp&quot;:&quot;0&quot;,&quot;copyright&quot;:&quot;&quot;,&quot;focal_length&quot;:&quot;0&quot;,&quot;iso&quot;:&quot;0&quot;,&quot;shutter_speed&quot;:&quot;0&quot;,&quot;title&quot;:&quot;&quot;,&quot;orientation&quot;:&quot;0&quot;}\" data-image-title=\"calle-numa-pompillo-llona-las-penas\" data-image-description=\"&lt;p&gt;Fotograf\u00eda con perspectiva de \u00e1ngulo bajo que resalta el pavimiento de piedra y las coloridas casas restauradas del barrio m\u00e1s antiguo de Guayaquil.&lt;\/p&gt;\n\" data-image-caption=\"&lt;p&gt;La calle Numa Pompilio Llona, el coraz\u00f3n art\u00edstico e hist\u00f3rico del Barrio Las Pe\u00f1as&lt;\/p&gt;\n\" data-large-file=\"https:\/\/i0.wp.com\/trailforthjournal.com\/es\/wp-content\/uploads\/sites\/4\/2023\/10\/Las-Penas-Esferica-3.jpg?fit=1024%2C576&amp;ssl=1\" srcset=\"https:\/\/i0.wp.com\/trailforthjournal.com\/es\/wp-content\/uploads\/sites\/4\/2023\/10\/Las-Penas-Esferica-3.jpg?w=2560&amp;ssl=1 2560w, https:\/\/i0.wp.com\/trailforthjournal.com\/es\/wp-content\/uploads\/sites\/4\/2023\/10\/Las-Penas-Esferica-3.jpg?resize=300%2C169&amp;ssl=1 300w, https:\/\/i0.wp.com\/trailforthjournal.com\/es\/wp-content\/uploads\/sites\/4\/2023\/10\/Las-Penas-Esferica-3.jpg?resize=1024%2C576&amp;ssl=1 1024w, https:\/\/i0.wp.com\/trailforthjournal.com\/es\/wp-content\/uploads\/sites\/4\/2023\/10\/Las-Penas-Esferica-3.jpg?resize=768%2C432&amp;ssl=1 768w, https:\/\/i0.wp.com\/trailforthjournal.com\/es\/wp-content\/uploads\/sites\/4\/2023\/10\/Las-Penas-Esferica-3.jpg?resize=1536%2C864&amp;ssl=1 1536w, https:\/\/i0.wp.com\/trailforthjournal.com\/es\/wp-content\/uploads\/sites\/4\/2023\/10\/Las-Penas-Esferica-3.jpg?resize=2048%2C1152&amp;ssl=1 2048w, https:\/\/i0.wp.com\/trailforthjournal.com\/es\/wp-content\/uploads\/sites\/4\/2023\/10\/Las-Penas-Esferica-3.jpg?resize=89%2C50&amp;ssl=1 89w, https:\/\/i0.wp.com\/trailforthjournal.com\/es\/wp-content\/uploads\/sites\/4\/2023\/10\/Las-Penas-Esferica-3.jpg?resize=600%2C338&amp;ssl=1 600w\" sizes=\"(max-width: 1032px) 100vw, 1032px\" \/>\t\t\t\t\t\t<\/div>\n\t\t\t\t\t\t\t\t\t\t\t\t\t<div class=\"premium-blog-thumbnail-overlay\">\n\t\t\t\t\t\t\t\t<a class=\"elementor-icon\" href=\"https:\/\/trailforthjournal.com\/es\/lugar-emblematico\/barrio-las-penas\/\" target=\"_blank\"><\/a>\n\t\t\t\t\t\t\t<\/div>\n\n\t\t\t\t\t\t\t\t\t\t\t\t\t\t\t\t\t\t<\/div>\n\t\t\t\t\t\t\t\t\t\t\t\t<div class=\"premium-blog-content-wrapper \">\n\n\t\t\t\t\t<div class=\"premium-blog-inner-container\">\n\n\t\t\t\t\t\t\t\t\t\t\t\t\t\t<h1 class=\"premium-blog-entry-title\">\n\t\t\t<a href=\"https:\/\/trailforthjournal.com\/es\/lugar-emblematico\/barrio-las-penas\/\" target=\"_blank\">\n\t\t\t\tBarrio Las Pe\u00f1as Guayaquil | Un viaje hist\u00f3rico entre arte, leyendas y el R\u00edo Guayas\t\t\t<\/a>\n\t\t<\/h1>\n\t\t\t\t<div class=\"premium-blog-entry-meta\">\n\t\t\t\n\t\t\t\n\t\t\t\n\t\t\t\t\t<\/div>\n\t\t\n\t\t\t\t\t<\/div>\n\n\t\t\t\t\t\t\t\t\t\t\n\t\t\t\t<\/div>\n\t\t\t<\/div>\n\t\t<\/div>\n\n\t\t\t\t<div class=\"premium-blog-post-outer-container\" data-total=\"7\">\n\t\t\t<div class=\"premium-blog-post-container premium-blog-skin-banner\">\n\t\t\t\t\t\t\t\t\t<div class=\"premium-blog-thumb-effect-wrapper\">\n\t\t\t\t\t\t<div class=\"premium-blog-thumbnail-container premium-blog-zoomin-effect\">\n\t\t\t\t\t\t\t<img loading=\"lazy\" decoding=\"async\" data-attachment-id=\"642\" data-permalink=\"https:\/\/trailforthjournal.com\/es\/cultura\/zaruma-unesco-ecuador\/attachment\/zaruma-by-jairo-cabrera\/\" data-orig-file=\"https:\/\/i0.wp.com\/trailforthjournal.com\/es\/wp-content\/uploads\/sites\/4\/2022\/01\/Zaruma-by-Jairo-Cabrera-scaled.jpg?fit=2560%2C1920&amp;ssl=1\" data-orig-size=\"2560,1920\" data-comments-opened=\"1\" data-image-meta=\"{&quot;aperture&quot;:&quot;2.4&quot;,&quot;credit&quot;:&quot;&quot;,&quot;camera&quot;:&quot;iPhone 5c&quot;,&quot;caption&quot;:&quot;&quot;,&quot;created_timestamp&quot;:&quot;1489314731&quot;,&quot;copyright&quot;:&quot;&quot;,&quot;focal_length&quot;:&quot;4.12&quot;,&quot;iso&quot;:&quot;50&quot;,&quot;shutter_speed&quot;:&quot;0.00066401062416999&quot;,&quot;title&quot;:&quot;&quot;,&quot;orientation&quot;:&quot;1&quot;}\" data-image-title=\"Zaruma Calles\" data-image-description=\"&lt;p&gt;Calles Zaruma&lt;\/p&gt;\n\" data-image-caption=\"&lt;p&gt;El Valor de Zaruma para la UNESCO&lt;\/p&gt;\n\" data-large-file=\"https:\/\/i0.wp.com\/trailforthjournal.com\/es\/wp-content\/uploads\/sites\/4\/2022\/01\/Zaruma-by-Jairo-Cabrera-scaled.jpg?fit=1024%2C768&amp;ssl=1\" width=\"2560\" height=\"1920\" src=\"https:\/\/i0.wp.com\/trailforthjournal.com\/es\/wp-content\/uploads\/sites\/4\/2022\/01\/Zaruma-by-Jairo-Cabrera-scaled.jpg?fit=2560%2C1920&amp;ssl=1\" class=\"attachment-full size-full wp-image-642\" alt=\"Zaruma\" data-attachment-id=\"642\" data-permalink=\"https:\/\/trailforthjournal.com\/es\/cultura\/zaruma-unesco-ecuador\/attachment\/zaruma-by-jairo-cabrera\/\" data-orig-file=\"https:\/\/i0.wp.com\/trailforthjournal.com\/es\/wp-content\/uploads\/sites\/4\/2022\/01\/Zaruma-by-Jairo-Cabrera-scaled.jpg?fit=2560%2C1920&amp;ssl=1\" data-orig-size=\"2560,1920\" data-comments-opened=\"1\" data-image-meta=\"{&quot;aperture&quot;:&quot;2.4&quot;,&quot;credit&quot;:&quot;&quot;,&quot;camera&quot;:&quot;iPhone 5c&quot;,&quot;caption&quot;:&quot;&quot;,&quot;created_timestamp&quot;:&quot;1489314731&quot;,&quot;copyright&quot;:&quot;&quot;,&quot;focal_length&quot;:&quot;4.12&quot;,&quot;iso&quot;:&quot;50&quot;,&quot;shutter_speed&quot;:&quot;0.00066401062416999&quot;,&quot;title&quot;:&quot;&quot;,&quot;orientation&quot;:&quot;1&quot;}\" data-image-title=\"Zaruma Calles\" data-image-description=\"&lt;p&gt;Calles Zaruma&lt;\/p&gt;\n\" data-image-caption=\"&lt;p&gt;El Valor de Zaruma para la UNESCO&lt;\/p&gt;\n\" data-large-file=\"https:\/\/i0.wp.com\/trailforthjournal.com\/es\/wp-content\/uploads\/sites\/4\/2022\/01\/Zaruma-by-Jairo-Cabrera-scaled.jpg?fit=1024%2C768&amp;ssl=1\" srcset=\"https:\/\/i0.wp.com\/trailforthjournal.com\/es\/wp-content\/uploads\/sites\/4\/2022\/01\/Zaruma-by-Jairo-Cabrera-scaled.jpg?w=2560&amp;ssl=1 2560w, https:\/\/i0.wp.com\/trailforthjournal.com\/es\/wp-content\/uploads\/sites\/4\/2022\/01\/Zaruma-by-Jairo-Cabrera-scaled.jpg?resize=300%2C225&amp;ssl=1 300w, https:\/\/i0.wp.com\/trailforthjournal.com\/es\/wp-content\/uploads\/sites\/4\/2022\/01\/Zaruma-by-Jairo-Cabrera-scaled.jpg?resize=1024%2C768&amp;ssl=1 1024w, https:\/\/i0.wp.com\/trailforthjournal.com\/es\/wp-content\/uploads\/sites\/4\/2022\/01\/Zaruma-by-Jairo-Cabrera-scaled.jpg?resize=768%2C576&amp;ssl=1 768w, https:\/\/i0.wp.com\/trailforthjournal.com\/es\/wp-content\/uploads\/sites\/4\/2022\/01\/Zaruma-by-Jairo-Cabrera-scaled.jpg?resize=1536%2C1152&amp;ssl=1 1536w, https:\/\/i0.wp.com\/trailforthjournal.com\/es\/wp-content\/uploads\/sites\/4\/2022\/01\/Zaruma-by-Jairo-Cabrera-scaled.jpg?resize=2048%2C1536&amp;ssl=1 2048w, https:\/\/i0.wp.com\/trailforthjournal.com\/es\/wp-content\/uploads\/sites\/4\/2022\/01\/Zaruma-by-Jairo-Cabrera-scaled.jpg?resize=400%2C300&amp;ssl=1 400w, https:\/\/i0.wp.com\/trailforthjournal.com\/es\/wp-content\/uploads\/sites\/4\/2022\/01\/Zaruma-by-Jairo-Cabrera-scaled.jpg?resize=600%2C450&amp;ssl=1 600w\" sizes=\"(max-width: 1032px) 100vw, 1032px\" \/>\t\t\t\t\t\t<\/div>\n\t\t\t\t\t\t\t\t\t\t\t\t\t<div class=\"premium-blog-thumbnail-overlay\">\n\t\t\t\t\t\t\t\t<a class=\"elementor-icon\" href=\"https:\/\/trailforthjournal.com\/es\/cultura\/zaruma-unesco-ecuador\/\" target=\"_blank\"><\/a>\n\t\t\t\t\t\t\t<\/div>\n\n\t\t\t\t\t\t\t\t\t\t\t\t\t\t\t\t\t\t<\/div>\n\t\t\t\t\t\t\t\t\t\t\t\t<div class=\"premium-blog-content-wrapper \">\n\n\t\t\t\t\t<div class=\"premium-blog-inner-container\">\n\n\t\t\t\t\t\t\t\t\t\t\t\t\t\t<h1 class=\"premium-blog-entry-title\">\n\t\t\t<a href=\"https:\/\/trailforthjournal.com\/es\/cultura\/zaruma-unesco-ecuador\/\" target=\"_blank\">\n\t\t\t\tZaruma y la UNESCO: \u00bfPor qu\u00e9 su Centro Hist\u00f3rico merece ser Patrimonio Mundial?\t\t\t<\/a>\n\t\t<\/h1>\n\t\t\t\t<div class=\"premium-blog-entry-meta\">\n\t\t\t\n\t\t\t\n\t\t\t\n\t\t\t\t\t<\/div>\n\t\t\n\t\t\t\t\t<\/div>\n\n\t\t\t\t\t\t\t\t\t\t\n\t\t\t\t<\/div>\n\t\t\t<\/div>\n\t\t<\/div>\n\n\t\t\t\t\t\t\t<\/div>\n\n\t\t\n\t\t\n\t\t\t\t\t\t<\/div>\n\t\t\t\t<\/div>\n\t\t\t\t\t<\/div>\n\t\t<\/div>\n\t\t\t\t\t<\/div>\n\t\t<\/section>\n\t\t\t\t<section class=\"elementor-section elementor-top-section elementor-element elementor-element-c4cd946 elementor-section-boxed elementor-section-height-default elementor-section-height-default wpr-particle-no wpr-jarallax-no wpr-parallax-no wpr-sticky-section-no wpr-equal-height-no\" data-id=\"c4cd946\" data-element_type=\"section\" data-e-type=\"section\">\n\t\t\t\t\t\t<div class=\"elementor-container elementor-column-gap-default\">\n\t\t\t\t\t<div class=\"elementor-column elementor-col-100 elementor-top-column elementor-element elementor-element-88383b8\" data-id=\"88383b8\" data-element_type=\"column\" data-e-type=\"column\">\n\t\t\t<div class=\"elementor-widget-wrap elementor-element-populated\">\n\t\t\t\t\t\t<div class=\"elementor-element elementor-element-a54a33d elementor-widget elementor-widget-spacer\" data-id=\"a54a33d\" data-element_type=\"widget\" data-e-type=\"widget\" data-widget_type=\"spacer.default\">\n\t\t\t\t<div class=\"elementor-widget-container\">\n\t\t\t\t\t\t\t<div class=\"elementor-spacer\">\n\t\t\t<div class=\"elementor-spacer-inner\"><\/div>\n\t\t<\/div>\n\t\t\t\t\t\t<\/div>\n\t\t\t\t<\/div>\n\t\t\t\t\t<\/div>\n\t\t<\/div>\n\t\t\t\t\t<\/div>\n\t\t<\/section>\n\t\t\t\t<section class=\"elementor-section elementor-top-section elementor-element elementor-element-6ab7e2a elementor-section-boxed elementor-section-height-default elementor-section-height-default wpr-particle-no wpr-jarallax-no wpr-parallax-no wpr-sticky-section-no wpr-equal-height-no\" data-id=\"6ab7e2a\" data-element_type=\"section\" data-e-type=\"section\">\n\t\t\t\t\t\t\t<div class=\"elementor-background-overlay\"><\/div>\n\t\t\t\t\t\t\t<div class=\"elementor-container elementor-column-gap-no\">\n\t\t\t\t\t<div class=\"elementor-column elementor-col-100 elementor-top-column elementor-element elementor-element-8d5002f\" data-id=\"8d5002f\" data-element_type=\"column\" data-e-type=\"column\">\n\t\t\t<div class=\"elementor-widget-wrap elementor-element-populated\">\n\t\t\t\t\t\t<div class=\"elementor-element elementor-element-6b51651 premium-title-color elementor-widget elementor-widget-premium-addon-title\" data-id=\"6b51651\" data-element_type=\"widget\" data-e-type=\"widget\" data-widget_type=\"premium-addon-title.default\">\n\t\t\t\t<div class=\"elementor-widget-container\">\n\t\t\t\t\t\n\t\t<div class=\"premium-title-container style7\">\n\t\t\t<h2 class=\"premium-title-header premium-title-style7\">\n\t\t\t\t\t\t\t\t\t\t\t\t\t\t\t<span class=\"premium-title-style7-stripe-wrap\">\n\t\t\t\t\t\t\t<span class=\"premium-title-style7-stripe\"><\/span>\n\t\t\t\t\t\t<\/span>\n\t\t\t\t\t\t\t\t\t\t<div class=\"premium-title-style7-inner\">\n\t\t\t\t\n\t\t\t\t\n\t\t\t\t\t\t\t\t\t\t\t\t\t\t\t\t\t\t\t\t\t<span class=\"premium-title-text\">\n\t\t\t\t\tIr m\u00e1s lejos\t\t\t\t<\/span>\n\t\t\t\t\t\n\t\t\t\t\t\t\t\t\t<\/div>\n\t\t\t\t\t\t\t\t\n\t\t\t\t\t\t\t<\/h2>\n\n\t\t<\/div>\n\n\t\t\t\t\t\t<\/div>\n\t\t\t\t<\/div>\n\t\t\t\t\t<\/div>\n\t\t<\/div>\n\t\t\t\t\t<\/div>\n\t\t<\/section>\n\t\t\t\t<section class=\"elementor-section elementor-top-section elementor-element elementor-element-112254b elementor-section-full_width elementor-section-content-middle elementor-section-height-default elementor-section-height-default wpr-particle-no wpr-jarallax-no wpr-parallax-no wpr-sticky-section-no wpr-equal-height-no\" data-id=\"112254b\" data-element_type=\"section\" data-e-type=\"section\" data-settings=\"{&quot;background_background&quot;:&quot;classic&quot;}\">\n\t\t\t\t\t\t<div class=\"elementor-container elementor-column-gap-no\">\n\t\t\t\t\t<div class=\"elementor-column elementor-col-100 elementor-top-column elementor-element elementor-element-ad00533\" data-id=\"ad00533\" data-element_type=\"column\" data-e-type=\"column\">\n\t\t\t<div class=\"elementor-widget-wrap elementor-element-populated\">\n\t\t\t\t\t\t<div class=\"elementor-element elementor-element-0025757 premium-blog-align-left elementor-widget elementor-widget-premium-addon-blog\" data-id=\"0025757\" data-element_type=\"widget\" data-e-type=\"widget\" data-settings=\"{&quot;force_height&quot;:&quot;true&quot;,&quot;premium_blog_columns_number&quot;:&quot;25%&quot;,&quot;premium_blog_grid&quot;:&quot;yes&quot;,&quot;premium_blog_layout&quot;:&quot;even&quot;,&quot;premium_blog_columns_number_tablet&quot;:&quot;50%&quot;,&quot;premium_blog_columns_number_mobile&quot;:&quot;100%&quot;,&quot;scroll_to_offset&quot;:&quot;yes&quot;}\" data-widget_type=\"premium-addon-blog.default\">\n\t\t\t\t<div class=\"elementor-widget-container\">\n\t\t\t\t\t\n\t\t\n\n\t\t\t\t<div class=\"premium-blog-wrap  premium-blog-even\" data-page=\"9649\">\n\t\t\t\t\t\t\t\t\t<div class=\"premium-blog-post-outer-container\" data-total=\"3\">\n\t\t\t<div class=\"premium-blog-post-container premium-blog-skin-banner\">\n\t\t\t\t\t\t\t\t\t<div class=\"premium-blog-thumb-effect-wrapper\">\n\t\t\t\t\t\t<div class=\"premium-blog-thumbnail-container premium-blog-zoomin-effect\">\n\t\t\t\t\t\t\t<img loading=\"lazy\" decoding=\"async\" data-attachment-id=\"8933\" data-permalink=\"https:\/\/trailforthjournal.com\/es\/cultura\/centro-historico-quito-tesoro-colonial\/attachment\/quito-barroco\/\" data-orig-file=\"https:\/\/i0.wp.com\/trailforthjournal.com\/es\/wp-content\/uploads\/sites\/4\/2022\/05\/Quito-Barroco.jpg?fit=1227%2C777&amp;ssl=1\" data-orig-size=\"1227,777\" data-comments-opened=\"0\" data-image-meta=\"{&quot;aperture&quot;:&quot;0&quot;,&quot;credit&quot;:&quot;Getty Images\/Westend61&quot;,&quot;camera&quot;:&quot;&quot;,&quot;caption&quot;:&quot;&quot;,&quot;created_timestamp&quot;:&quot;1626899310&quot;,&quot;copyright&quot;:&quot;&quot;,&quot;focal_length&quot;:&quot;0&quot;,&quot;iso&quot;:&quot;0&quot;,&quot;shutter_speed&quot;:&quot;0&quot;,&quot;title&quot;:&quot;&quot;,&quot;orientation&quot;:&quot;0&quot;}\" data-image-title=\"quito-nocturno-panecillo-centro-historico\" data-image-description=\"&lt;p&gt;Paisaje urbano nocturno de Quito desde un mirador elevado. Se aprecia la densidad del centro hist\u00f3rico, la iluminaci\u00f3n de las iglesias y el monumento de la Virgen de El Panecillo en la cima del cerro.&lt;\/p&gt;\n\" data-image-caption=\"&lt;p&gt;Quito se ilumina al caer la noche, revelando la silueta de El Panecillo custodiando la capital andina.&lt;\/p&gt;\n\" data-large-file=\"https:\/\/i0.wp.com\/trailforthjournal.com\/es\/wp-content\/uploads\/sites\/4\/2022\/05\/Quito-Barroco.jpg?fit=1024%2C648&amp;ssl=1\" width=\"1227\" height=\"777\" src=\"https:\/\/i0.wp.com\/trailforthjournal.com\/es\/wp-content\/uploads\/sites\/4\/2022\/05\/Quito-Barroco.jpg?fit=1227%2C777&amp;ssl=1\" class=\"attachment-full size-full wp-image-8933\" alt=\"Vista panor\u00e1mica nocturna del centro hist\u00f3rico de Quito, Ecuador, con el cerro de El Panecillo iluminado bajo un cielo p\u00farpura al atardecer\" data-attachment-id=\"8933\" data-permalink=\"https:\/\/trailforthjournal.com\/es\/cultura\/centro-historico-quito-tesoro-colonial\/attachment\/quito-barroco\/\" data-orig-file=\"https:\/\/i0.wp.com\/trailforthjournal.com\/es\/wp-content\/uploads\/sites\/4\/2022\/05\/Quito-Barroco.jpg?fit=1227%2C777&amp;ssl=1\" data-orig-size=\"1227,777\" data-comments-opened=\"0\" data-image-meta=\"{&quot;aperture&quot;:&quot;0&quot;,&quot;credit&quot;:&quot;Getty Images\/Westend61&quot;,&quot;camera&quot;:&quot;&quot;,&quot;caption&quot;:&quot;&quot;,&quot;created_timestamp&quot;:&quot;1626899310&quot;,&quot;copyright&quot;:&quot;&quot;,&quot;focal_length&quot;:&quot;0&quot;,&quot;iso&quot;:&quot;0&quot;,&quot;shutter_speed&quot;:&quot;0&quot;,&quot;title&quot;:&quot;&quot;,&quot;orientation&quot;:&quot;0&quot;}\" data-image-title=\"quito-nocturno-panecillo-centro-historico\" data-image-description=\"&lt;p&gt;Paisaje urbano nocturno de Quito desde un mirador elevado. Se aprecia la densidad del centro hist\u00f3rico, la iluminaci\u00f3n de las iglesias y el monumento de la Virgen de El Panecillo en la cima del cerro.&lt;\/p&gt;\n\" data-image-caption=\"&lt;p&gt;Quito se ilumina al caer la noche, revelando la silueta de El Panecillo custodiando la capital andina.&lt;\/p&gt;\n\" data-large-file=\"https:\/\/i0.wp.com\/trailforthjournal.com\/es\/wp-content\/uploads\/sites\/4\/2022\/05\/Quito-Barroco.jpg?fit=1024%2C648&amp;ssl=1\" srcset=\"https:\/\/i0.wp.com\/trailforthjournal.com\/es\/wp-content\/uploads\/sites\/4\/2022\/05\/Quito-Barroco.jpg?w=1227&amp;ssl=1 1227w, https:\/\/i0.wp.com\/trailforthjournal.com\/es\/wp-content\/uploads\/sites\/4\/2022\/05\/Quito-Barroco.jpg?resize=300%2C190&amp;ssl=1 300w, https:\/\/i0.wp.com\/trailforthjournal.com\/es\/wp-content\/uploads\/sites\/4\/2022\/05\/Quito-Barroco.jpg?resize=1024%2C648&amp;ssl=1 1024w, https:\/\/i0.wp.com\/trailforthjournal.com\/es\/wp-content\/uploads\/sites\/4\/2022\/05\/Quito-Barroco.jpg?resize=768%2C486&amp;ssl=1 768w, https:\/\/i0.wp.com\/trailforthjournal.com\/es\/wp-content\/uploads\/sites\/4\/2022\/05\/Quito-Barroco.jpg?resize=237%2C150&amp;ssl=1 237w, https:\/\/i0.wp.com\/trailforthjournal.com\/es\/wp-content\/uploads\/sites\/4\/2022\/05\/Quito-Barroco.jpg?resize=600%2C380&amp;ssl=1 600w\" sizes=\"(max-width: 1032px) 100vw, 1032px\" \/>\t\t\t\t\t\t<\/div>\n\t\t\t\t\t\t\t\t\t\t\t\t\t<div class=\"premium-blog-thumbnail-overlay\">\n\t\t\t\t\t\t\t\t<a class=\"elementor-icon\" href=\"https:\/\/trailforthjournal.com\/es\/cultura\/centro-historico-quito-tesoro-colonial\/\" target=\"_blank\"><\/a>\n\t\t\t\t\t\t\t<\/div>\n\n\t\t\t\t\t\t\t\t\t\t\t\t\t\t\t\t\t\t<\/div>\n\t\t\t\t\t\t\t\t\t\t\t\t<div class=\"premium-blog-content-wrapper \">\n\n\t\t\t\t\t<div class=\"premium-blog-inner-container\">\n\n\t\t\t\t\t\t\t\t\t\t\t\t\t\t<h1 class=\"premium-blog-entry-title\">\n\t\t\t<a href=\"https:\/\/trailforthjournal.com\/es\/cultura\/centro-historico-quito-tesoro-colonial\/\" target=\"_blank\">\n\t\t\t\tLa Magia del Centro Hist\u00f3rico de Quito: Patrimonio de la Humanidad (1978) y tesoro colonial\t\t\t<\/a>\n\t\t<\/h1>\n\t\t\t\t<div class=\"premium-blog-entry-meta\">\n\t\t\t\n\t\t\t\n\t\t\t\n\t\t\t\t\t<\/div>\n\t\t\n\t\t\t\t\t<\/div>\n\n\t\t\t\t\t\t\t\t\t\t\n\t\t\t\t<\/div>\n\t\t\t<\/div>\n\t\t<\/div>\n\n\t\t\t\t<div class=\"premium-blog-post-outer-container\" data-total=\"3\">\n\t\t\t<div class=\"premium-blog-post-container premium-blog-skin-banner\">\n\t\t\t\t\t\t\t\t\t<div class=\"premium-blog-thumb-effect-wrapper\">\n\t\t\t\t\t\t<div class=\"premium-blog-thumbnail-container premium-blog-zoomin-effect\">\n\t\t\t\t\t\t\t<img loading=\"lazy\" decoding=\"async\" data-attachment-id=\"691\" data-permalink=\"https:\/\/trailforthjournal.com\/es\/ambiente\/oso-de-anteojos-andes-ecuador\/attachment\/osoandino-1-001\/\" data-orig-file=\"https:\/\/i0.wp.com\/trailforthjournal.com\/es\/wp-content\/uploads\/sites\/4\/2022\/01\/Osoandino-1-001.jpg?fit=1791%2C1066&amp;ssl=1\" data-orig-size=\"1791,1066\" data-comments-opened=\"1\" data-image-meta=\"{&quot;aperture&quot;:&quot;0&quot;,&quot;credit&quot;:&quot;Picasa&quot;,&quot;camera&quot;:&quot;&quot;,&quot;caption&quot;:&quot;&quot;,&quot;created_timestamp&quot;:&quot;1627575854&quot;,&quot;copyright&quot;:&quot;&quot;,&quot;focal_length&quot;:&quot;0&quot;,&quot;iso&quot;:&quot;0&quot;,&quot;shutter_speed&quot;:&quot;0&quot;,&quot;title&quot;:&quot;&quot;,&quot;orientation&quot;:&quot;1&quot;}\" data-image-title=\"Osoandino 1-001\" data-image-description=\"&lt;p&gt;Oso de Anteojos&lt;\/p&gt;\n\" data-image-caption=\"&lt;p&gt;Oso de Anteojos&lt;\/p&gt;\n\" data-large-file=\"https:\/\/i0.wp.com\/trailforthjournal.com\/es\/wp-content\/uploads\/sites\/4\/2022\/01\/Osoandino-1-001.jpg?fit=1024%2C609&amp;ssl=1\" width=\"1791\" height=\"1066\" src=\"https:\/\/i0.wp.com\/trailforthjournal.com\/es\/wp-content\/uploads\/sites\/4\/2022\/01\/Osoandino-1-001.jpg?fit=1791%2C1066&amp;ssl=1\" class=\"attachment-full size-full wp-image-691\" alt=\"Oso de Anteojos\" data-attachment-id=\"691\" data-permalink=\"https:\/\/trailforthjournal.com\/es\/ambiente\/oso-de-anteojos-andes-ecuador\/attachment\/osoandino-1-001\/\" data-orig-file=\"https:\/\/i0.wp.com\/trailforthjournal.com\/es\/wp-content\/uploads\/sites\/4\/2022\/01\/Osoandino-1-001.jpg?fit=1791%2C1066&amp;ssl=1\" data-orig-size=\"1791,1066\" data-comments-opened=\"1\" data-image-meta=\"{&quot;aperture&quot;:&quot;0&quot;,&quot;credit&quot;:&quot;Picasa&quot;,&quot;camera&quot;:&quot;&quot;,&quot;caption&quot;:&quot;&quot;,&quot;created_timestamp&quot;:&quot;1627575854&quot;,&quot;copyright&quot;:&quot;&quot;,&quot;focal_length&quot;:&quot;0&quot;,&quot;iso&quot;:&quot;0&quot;,&quot;shutter_speed&quot;:&quot;0&quot;,&quot;title&quot;:&quot;&quot;,&quot;orientation&quot;:&quot;1&quot;}\" data-image-title=\"Osoandino 1-001\" data-image-description=\"&lt;p&gt;Oso de Anteojos&lt;\/p&gt;\n\" data-image-caption=\"&lt;p&gt;Oso de Anteojos&lt;\/p&gt;\n\" data-large-file=\"https:\/\/i0.wp.com\/trailforthjournal.com\/es\/wp-content\/uploads\/sites\/4\/2022\/01\/Osoandino-1-001.jpg?fit=1024%2C609&amp;ssl=1\" srcset=\"https:\/\/i0.wp.com\/trailforthjournal.com\/es\/wp-content\/uploads\/sites\/4\/2022\/01\/Osoandino-1-001.jpg?w=1791&amp;ssl=1 1791w, https:\/\/i0.wp.com\/trailforthjournal.com\/es\/wp-content\/uploads\/sites\/4\/2022\/01\/Osoandino-1-001.jpg?resize=300%2C179&amp;ssl=1 300w, https:\/\/i0.wp.com\/trailforthjournal.com\/es\/wp-content\/uploads\/sites\/4\/2022\/01\/Osoandino-1-001.jpg?resize=1024%2C609&amp;ssl=1 1024w, https:\/\/i0.wp.com\/trailforthjournal.com\/es\/wp-content\/uploads\/sites\/4\/2022\/01\/Osoandino-1-001.jpg?resize=768%2C457&amp;ssl=1 768w, https:\/\/i0.wp.com\/trailforthjournal.com\/es\/wp-content\/uploads\/sites\/4\/2022\/01\/Osoandino-1-001.jpg?resize=1536%2C914&amp;ssl=1 1536w, https:\/\/i0.wp.com\/trailforthjournal.com\/es\/wp-content\/uploads\/sites\/4\/2022\/01\/Osoandino-1-001.jpg?resize=421%2C251&amp;ssl=1 421w, https:\/\/i0.wp.com\/trailforthjournal.com\/es\/wp-content\/uploads\/sites\/4\/2022\/01\/Osoandino-1-001.jpg?resize=600%2C357&amp;ssl=1 600w\" sizes=\"(max-width: 1032px) 100vw, 1032px\" \/>\t\t\t\t\t\t<\/div>\n\t\t\t\t\t\t\t\t\t\t\t\t\t<div class=\"premium-blog-thumbnail-overlay\">\n\t\t\t\t\t\t\t\t<a class=\"elementor-icon\" href=\"https:\/\/trailforthjournal.com\/es\/ambiente\/oso-de-anteojos-andes-ecuador\/\" target=\"_blank\"><\/a>\n\t\t\t\t\t\t\t<\/div>\n\n\t\t\t\t\t\t\t\t\t\t\t\t\t\t\t\t\t\t<\/div>\n\t\t\t\t\t\t\t\t\t\t\t\t<div class=\"premium-blog-content-wrapper \">\n\n\t\t\t\t\t<div class=\"premium-blog-inner-container\">\n\n\t\t\t\t\t\t\t\t\t\t\t\t\t\t<h1 class=\"premium-blog-entry-title\">\n\t\t\t<a href=\"https:\/\/trailforthjournal.com\/es\/ambiente\/oso-de-anteojos-andes-ecuador\/\" target=\"_blank\">\n\t\t\t\tOso de Anteojos en Ecuador: \u00bfPor qu\u00e9 su conservaci\u00f3n es vital para los Andes?\t\t\t<\/a>\n\t\t<\/h1>\n\t\t\t\t<div class=\"premium-blog-entry-meta\">\n\t\t\t\n\t\t\t\n\t\t\t\n\t\t\t\t\t<\/div>\n\t\t\n\t\t\t\t\t<\/div>\n\n\t\t\t\t\t\t\t\t\t\t\n\t\t\t\t<\/div>\n\t\t\t<\/div>\n\t\t<\/div>\n\n\t\t\t\t<div class=\"premium-blog-post-outer-container\" data-total=\"3\">\n\t\t\t<div class=\"premium-blog-post-container premium-blog-skin-banner\">\n\t\t\t\t\t\t\t\t\t<div class=\"premium-blog-thumb-effect-wrapper\">\n\t\t\t\t\t\t<div class=\"premium-blog-thumbnail-container premium-blog-zoomin-effect\">\n\t\t\t\t\t\t\t<img loading=\"lazy\" decoding=\"async\" data-attachment-id=\"50444\" data-permalink=\"https:\/\/trailforthjournal.com\/es\/aventura\/avenida-de-los-volcanes-ecuador\/attachment\/avenida-de-los-volcances-tungurahua\/\" data-orig-file=\"https:\/\/i0.wp.com\/trailforthjournal.com\/es\/wp-content\/uploads\/sites\/4\/2026\/01\/avenida-de-los-volcances-tungurahua.webp?fit=1440%2C961&amp;ssl=1\" data-orig-size=\"1440,961\" data-comments-opened=\"0\" data-image-meta=\"{&quot;aperture&quot;:&quot;0&quot;,&quot;credit&quot;:&quot;&quot;,&quot;camera&quot;:&quot;&quot;,&quot;caption&quot;:&quot;&quot;,&quot;created_timestamp&quot;:&quot;0&quot;,&quot;copyright&quot;:&quot;&quot;,&quot;focal_length&quot;:&quot;0&quot;,&quot;iso&quot;:&quot;0&quot;,&quot;shutter_speed&quot;:&quot;0&quot;,&quot;title&quot;:&quot;&quot;,&quot;orientation&quot;:&quot;0&quot;}\" data-image-title=\"volcan-tungurahua-avenida-volcanes-ecuador-turismo\" data-image-description=\"&lt;p&gt;Fotograf\u00eda de paisaje del Volc\u00e1n Tungurahua al amanecer o atardecer. Se observa la cima con nieve, laderas escarpadas y un mar de nubes que cubre los valles, con vegetaci\u00f3n densa de bosque nublado en primer plano&lt;\/p&gt;\n\" data-image-caption=\"&lt;p&gt;Vista del Volc\u00e1n Tungurahua nevado con nubes bajas y bosque andino exuberante en la Avenida de los Volcanes, Ecuador&lt;\/p&gt;\n\" data-large-file=\"https:\/\/i0.wp.com\/trailforthjournal.com\/es\/wp-content\/uploads\/sites\/4\/2026\/01\/avenida-de-los-volcances-tungurahua.webp?fit=1024%2C683&amp;ssl=1\" width=\"1440\" height=\"961\" src=\"https:\/\/i0.wp.com\/trailforthjournal.com\/es\/wp-content\/uploads\/sites\/4\/2026\/01\/avenida-de-los-volcances-tungurahua.webp?fit=1440%2C961&amp;ssl=1\" class=\"attachment-full size-full wp-image-50444\" alt=\"Vista del Volc\u00e1n Tungurahua nevado con nubes bajas y bosque andino exuberante en la Avenida de los Volcanes, Ecuador\" data-attachment-id=\"50444\" data-permalink=\"https:\/\/trailforthjournal.com\/es\/aventura\/avenida-de-los-volcanes-ecuador\/attachment\/avenida-de-los-volcances-tungurahua\/\" data-orig-file=\"https:\/\/i0.wp.com\/trailforthjournal.com\/es\/wp-content\/uploads\/sites\/4\/2026\/01\/avenida-de-los-volcances-tungurahua.webp?fit=1440%2C961&amp;ssl=1\" data-orig-size=\"1440,961\" data-comments-opened=\"0\" data-image-meta=\"{&quot;aperture&quot;:&quot;0&quot;,&quot;credit&quot;:&quot;&quot;,&quot;camera&quot;:&quot;&quot;,&quot;caption&quot;:&quot;&quot;,&quot;created_timestamp&quot;:&quot;0&quot;,&quot;copyright&quot;:&quot;&quot;,&quot;focal_length&quot;:&quot;0&quot;,&quot;iso&quot;:&quot;0&quot;,&quot;shutter_speed&quot;:&quot;0&quot;,&quot;title&quot;:&quot;&quot;,&quot;orientation&quot;:&quot;0&quot;}\" data-image-title=\"volcan-tungurahua-avenida-volcanes-ecuador-turismo\" data-image-description=\"&lt;p&gt;Fotograf\u00eda de paisaje del Volc\u00e1n Tungurahua al amanecer o atardecer. Se observa la cima con nieve, laderas escarpadas y un mar de nubes que cubre los valles, con vegetaci\u00f3n densa de bosque nublado en primer plano&lt;\/p&gt;\n\" data-image-caption=\"&lt;p&gt;Vista del Volc\u00e1n Tungurahua nevado con nubes bajas y bosque andino exuberante en la Avenida de los Volcanes, Ecuador&lt;\/p&gt;\n\" data-large-file=\"https:\/\/i0.wp.com\/trailforthjournal.com\/es\/wp-content\/uploads\/sites\/4\/2026\/01\/avenida-de-los-volcances-tungurahua.webp?fit=1024%2C683&amp;ssl=1\" srcset=\"https:\/\/i0.wp.com\/trailforthjournal.com\/es\/wp-content\/uploads\/sites\/4\/2026\/01\/avenida-de-los-volcances-tungurahua.webp?w=1440&amp;ssl=1 1440w, https:\/\/i0.wp.com\/trailforthjournal.com\/es\/wp-content\/uploads\/sites\/4\/2026\/01\/avenida-de-los-volcances-tungurahua.webp?resize=300%2C200&amp;ssl=1 300w, https:\/\/i0.wp.com\/trailforthjournal.com\/es\/wp-content\/uploads\/sites\/4\/2026\/01\/avenida-de-los-volcances-tungurahua.webp?resize=1024%2C683&amp;ssl=1 1024w, https:\/\/i0.wp.com\/trailforthjournal.com\/es\/wp-content\/uploads\/sites\/4\/2026\/01\/avenida-de-los-volcances-tungurahua.webp?resize=768%2C513&amp;ssl=1 768w, https:\/\/i0.wp.com\/trailforthjournal.com\/es\/wp-content\/uploads\/sites\/4\/2026\/01\/avenida-de-los-volcances-tungurahua.webp?resize=75%2C50&amp;ssl=1 75w, https:\/\/i0.wp.com\/trailforthjournal.com\/es\/wp-content\/uploads\/sites\/4\/2026\/01\/avenida-de-los-volcances-tungurahua.webp?resize=600%2C400&amp;ssl=1 600w\" sizes=\"(max-width: 1032px) 100vw, 1032px\" \/>\t\t\t\t\t\t<\/div>\n\t\t\t\t\t\t\t\t\t\t\t\t\t<div class=\"premium-blog-thumbnail-overlay\">\n\t\t\t\t\t\t\t\t<a class=\"elementor-icon\" href=\"https:\/\/trailforthjournal.com\/es\/aventura\/avenida-de-los-volcanes-ecuador\/\" target=\"_blank\"><\/a>\n\t\t\t\t\t\t\t<\/div>\n\n\t\t\t\t\t\t\t\t\t\t\t\t\t\t\t\t\t\t<\/div>\n\t\t\t\t\t\t\t\t\t\t\t\t<div class=\"premium-blog-content-wrapper \">\n\n\t\t\t\t\t<div class=\"premium-blog-inner-container\">\n\n\t\t\t\t\t\t\t\t\t\t\t\t\t\t<h1 class=\"premium-blog-entry-title\">\n\t\t\t<a href=\"https:\/\/trailforthjournal.com\/es\/aventura\/avenida-de-los-volcanes-ecuador\/\" target=\"_blank\">\n\t\t\t\tGu\u00eda de la Avenida de los Volcanes en Ecuador: fotograf\u00eda y aventura\t\t\t<\/a>\n\t\t<\/h1>\n\t\t\t\t<div class=\"premium-blog-entry-meta\">\n\t\t\t\n\t\t\t\n\t\t\t\n\t\t\t\t\t<\/div>\n\t\t\n\t\t\t\t\t<\/div>\n\n\t\t\t\t\t\t\t\t\t\t\n\t\t\t\t<\/div>\n\t\t\t<\/div>\n\t\t<\/div>\n\n\t\t\t\t<div class=\"premium-blog-post-outer-container\" data-total=\"3\">\n\t\t\t<div class=\"premium-blog-post-container premium-blog-skin-banner\">\n\t\t\t\t\t\t\t\t\t<div class=\"premium-blog-thumb-effect-wrapper\">\n\t\t\t\t\t\t<div class=\"premium-blog-thumbnail-container premium-blog-zoomin-effect\">\n\t\t\t\t\t\t\t<img loading=\"lazy\" decoding=\"async\" data-attachment-id=\"47589\" data-permalink=\"https:\/\/trailforthjournal.com\/es\/aventura\/parque-nacional-cajas-lagunas\/attachment\/parque-nacional-cajas-visita\/\" data-orig-file=\"https:\/\/i0.wp.com\/trailforthjournal.com\/es\/wp-content\/uploads\/sites\/4\/2022\/05\/parque-nacional-cajas-visita-scaled.jpg?fit=2560%2C2344&amp;ssl=1\" data-orig-size=\"2560,2344\" data-comments-opened=\"0\" data-image-meta=\"{&quot;aperture&quot;:&quot;0&quot;,&quot;credit&quot;:&quot;&quot;,&quot;camera&quot;:&quot;&quot;,&quot;caption&quot;:&quot;&quot;,&quot;created_timestamp&quot;:&quot;0&quot;,&quot;copyright&quot;:&quot;&quot;,&quot;focal_length&quot;:&quot;0&quot;,&quot;iso&quot;:&quot;0&quot;,&quot;shutter_speed&quot;:&quot;0&quot;,&quot;title&quot;:&quot;&quot;,&quot;orientation&quot;:&quot;0&quot;}\" data-image-title=\"parque-nacional-cajas-azuay-paramo-ecuador\" data-image-description=\"&lt;p&gt;Vista panor\u00e1mica del Parque Nacional Cajas durante el ocaso. Se aprecian las siluetas de las monta\u00f1as escarpadas, una peque\u00f1a cascada o riachuelo descendiendo por la ladera, y la caracter\u00edstica neblina del p\u00e1ramo envolviendo los picos. En primer plano, se observa el reflejo de la luz residual sobre una laguna&lt;\/p&gt;\n\" data-image-caption=\"&lt;p&gt;El Parque Nacional Cajas: un santuario de agua y roca en las tierras altas de los Andes ecuatorianos&lt;\/p&gt;\n\" data-large-file=\"https:\/\/i0.wp.com\/trailforthjournal.com\/es\/wp-content\/uploads\/sites\/4\/2022\/05\/parque-nacional-cajas-visita-scaled.jpg?fit=1024%2C938&amp;ssl=1\" width=\"2560\" height=\"2344\" src=\"https:\/\/i0.wp.com\/trailforthjournal.com\/es\/wp-content\/uploads\/sites\/4\/2022\/05\/parque-nacional-cajas-visita-scaled.jpg?fit=2560%2C2344&amp;ssl=1\" class=\"attachment-full size-full wp-image-47589\" alt=\"Paisaje de monta\u00f1a en el Parque Nacional Cajas, Azuay, con formaciones rocosas, neblina y una laguna al atardecer\" data-attachment-id=\"47589\" data-permalink=\"https:\/\/trailforthjournal.com\/es\/aventura\/parque-nacional-cajas-lagunas\/attachment\/parque-nacional-cajas-visita\/\" data-orig-file=\"https:\/\/i0.wp.com\/trailforthjournal.com\/es\/wp-content\/uploads\/sites\/4\/2022\/05\/parque-nacional-cajas-visita-scaled.jpg?fit=2560%2C2344&amp;ssl=1\" data-orig-size=\"2560,2344\" data-comments-opened=\"0\" data-image-meta=\"{&quot;aperture&quot;:&quot;0&quot;,&quot;credit&quot;:&quot;&quot;,&quot;camera&quot;:&quot;&quot;,&quot;caption&quot;:&quot;&quot;,&quot;created_timestamp&quot;:&quot;0&quot;,&quot;copyright&quot;:&quot;&quot;,&quot;focal_length&quot;:&quot;0&quot;,&quot;iso&quot;:&quot;0&quot;,&quot;shutter_speed&quot;:&quot;0&quot;,&quot;title&quot;:&quot;&quot;,&quot;orientation&quot;:&quot;0&quot;}\" data-image-title=\"parque-nacional-cajas-azuay-paramo-ecuador\" data-image-description=\"&lt;p&gt;Vista panor\u00e1mica del Parque Nacional Cajas durante el ocaso. Se aprecian las siluetas de las monta\u00f1as escarpadas, una peque\u00f1a cascada o riachuelo descendiendo por la ladera, y la caracter\u00edstica neblina del p\u00e1ramo envolviendo los picos. En primer plano, se observa el reflejo de la luz residual sobre una laguna&lt;\/p&gt;\n\" data-image-caption=\"&lt;p&gt;El Parque Nacional Cajas: un santuario de agua y roca en las tierras altas de los Andes ecuatorianos&lt;\/p&gt;\n\" data-large-file=\"https:\/\/i0.wp.com\/trailforthjournal.com\/es\/wp-content\/uploads\/sites\/4\/2022\/05\/parque-nacional-cajas-visita-scaled.jpg?fit=1024%2C938&amp;ssl=1\" srcset=\"https:\/\/i0.wp.com\/trailforthjournal.com\/es\/wp-content\/uploads\/sites\/4\/2022\/05\/parque-nacional-cajas-visita-scaled.jpg?w=2560&amp;ssl=1 2560w, https:\/\/i0.wp.com\/trailforthjournal.com\/es\/wp-content\/uploads\/sites\/4\/2022\/05\/parque-nacional-cajas-visita-scaled.jpg?resize=300%2C275&amp;ssl=1 300w, https:\/\/i0.wp.com\/trailforthjournal.com\/es\/wp-content\/uploads\/sites\/4\/2022\/05\/parque-nacional-cajas-visita-scaled.jpg?resize=1024%2C938&amp;ssl=1 1024w, https:\/\/i0.wp.com\/trailforthjournal.com\/es\/wp-content\/uploads\/sites\/4\/2022\/05\/parque-nacional-cajas-visita-scaled.jpg?resize=768%2C703&amp;ssl=1 768w, https:\/\/i0.wp.com\/trailforthjournal.com\/es\/wp-content\/uploads\/sites\/4\/2022\/05\/parque-nacional-cajas-visita-scaled.jpg?resize=1536%2C1406&amp;ssl=1 1536w, https:\/\/i0.wp.com\/trailforthjournal.com\/es\/wp-content\/uploads\/sites\/4\/2022\/05\/parque-nacional-cajas-visita-scaled.jpg?resize=2048%2C1875&amp;ssl=1 2048w, https:\/\/i0.wp.com\/trailforthjournal.com\/es\/wp-content\/uploads\/sites\/4\/2022\/05\/parque-nacional-cajas-visita-scaled.jpg?resize=55%2C50&amp;ssl=1 55w, https:\/\/i0.wp.com\/trailforthjournal.com\/es\/wp-content\/uploads\/sites\/4\/2022\/05\/parque-nacional-cajas-visita-scaled.jpg?resize=600%2C549&amp;ssl=1 600w\" sizes=\"(max-width: 1032px) 100vw, 1032px\" \/>\t\t\t\t\t\t<\/div>\n\t\t\t\t\t\t\t\t\t\t\t\t\t<div class=\"premium-blog-thumbnail-overlay\">\n\t\t\t\t\t\t\t\t<a class=\"elementor-icon\" href=\"https:\/\/trailforthjournal.com\/es\/aventura\/parque-nacional-cajas-lagunas\/\" target=\"_blank\"><\/a>\n\t\t\t\t\t\t\t<\/div>\n\n\t\t\t\t\t\t\t\t\t\t\t\t\t\t\t\t\t\t<\/div>\n\t\t\t\t\t\t\t\t\t\t\t\t<div class=\"premium-blog-content-wrapper \">\n\n\t\t\t\t\t<div class=\"premium-blog-inner-container\">\n\n\t\t\t\t\t\t\t\t\t\t\t\t\t\t<h1 class=\"premium-blog-entry-title\">\n\t\t\t<a href=\"https:\/\/trailforthjournal.com\/es\/aventura\/parque-nacional-cajas-lagunas\/\" target=\"_blank\">\n\t\t\t\tGu\u00eda Completa del Parque Nacional Cajas: Qu\u00e9 ver, rutas y consejos (2026)\t\t\t<\/a>\n\t\t<\/h1>\n\t\t\t\t<div class=\"premium-blog-entry-meta\">\n\t\t\t\n\t\t\t\n\t\t\t\n\t\t\t\t\t<\/div>\n\t\t\n\t\t\t\t\t<\/div>\n\n\t\t\t\t\t\t\t\t\t\t\n\t\t\t\t<\/div>\n\t\t\t<\/div>\n\t\t<\/div>\n\n\t\t\t\t\t\t\t<\/div>\n\n\t\t\n\t\t\n\t\t\t\t\t\t<\/div>\n\t\t\t\t<\/div>\n\t\t\t\t\t<\/div>\n\t\t<\/div>\n\t\t\t\t\t<\/div>\n\t\t<\/section>\n\t\t\t\t<section class=\"elementor-section elementor-top-section elementor-element elementor-element-e12d7c0 elementor-section-full_width elementor-section-content-middle elementor-section-height-default elementor-section-height-default wpr-particle-no wpr-jarallax-no wpr-parallax-no wpr-sticky-section-no wpr-equal-height-no\" data-id=\"e12d7c0\" data-element_type=\"section\" data-e-type=\"section\" data-settings=\"{&quot;background_background&quot;:&quot;classic&quot;}\">\n\t\t\t\t\t\t<div class=\"elementor-container elementor-column-gap-no\">\n\t\t\t\t\t<div class=\"elementor-column elementor-col-100 elementor-top-column elementor-element elementor-element-9127bf2\" data-id=\"9127bf2\" data-element_type=\"column\" data-e-type=\"column\">\n\t\t\t<div class=\"elementor-widget-wrap elementor-element-populated\">\n\t\t\t\t\t\t<div class=\"elementor-element elementor-element-0ab3f6f premium-blog-align-left elementor-widget elementor-widget-premium-addon-blog\" data-id=\"0ab3f6f\" data-element_type=\"widget\" data-e-type=\"widget\" data-settings=\"{&quot;force_height&quot;:&quot;true&quot;,&quot;premium_blog_columns_number&quot;:&quot;25%&quot;,&quot;premium_blog_grid&quot;:&quot;yes&quot;,&quot;premium_blog_layout&quot;:&quot;even&quot;,&quot;premium_blog_columns_number_tablet&quot;:&quot;50%&quot;,&quot;premium_blog_columns_number_mobile&quot;:&quot;100%&quot;,&quot;scroll_to_offset&quot;:&quot;yes&quot;}\" data-widget_type=\"premium-addon-blog.default\">\n\t\t\t\t<div class=\"elementor-widget-container\">\n\t\t\t\t\t\n\t\t\n\n\t\t\t\t<div class=\"premium-blog-wrap  premium-blog-even\" data-page=\"9649\">\n\t\t\t\t\t\t\t\t\t<div class=\"premium-blog-post-outer-container\" data-total=\"2\">\n\t\t\t<div class=\"premium-blog-post-container premium-blog-skin-banner\">\n\t\t\t\t\t\t\t\t\t<div class=\"premium-blog-thumb-effect-wrapper\">\n\t\t\t\t\t\t<div class=\"premium-blog-thumbnail-container premium-blog-zoomin-effect\">\n\t\t\t\t\t\t\t<img loading=\"lazy\" decoding=\"async\" data-attachment-id=\"12969\" data-permalink=\"https:\/\/trailforthjournal.com\/es\/ambiente\/reglas-imba-ciclismo-montana-ecuador\/attachment\/img_3304\/\" data-orig-file=\"https:\/\/i0.wp.com\/trailforthjournal.com\/es\/wp-content\/uploads\/sites\/4\/2022\/08\/IMG_3304.jpg?fit=1920%2C1280&amp;ssl=1\" data-orig-size=\"1920,1280\" data-comments-opened=\"0\" data-image-meta=\"{&quot;aperture&quot;:&quot;0&quot;,&quot;credit&quot;:&quot;&quot;,&quot;camera&quot;:&quot;&quot;,&quot;caption&quot;:&quot;&quot;,&quot;created_timestamp&quot;:&quot;0&quot;,&quot;copyright&quot;:&quot;&quot;,&quot;focal_length&quot;:&quot;0&quot;,&quot;iso&quot;:&quot;0&quot;,&quot;shutter_speed&quot;:&quot;0&quot;,&quot;title&quot;:&quot;&quot;,&quot;orientation&quot;:&quot;1&quot;}\" data-image-title=\"Reglas del camino, IMBA\" data-image-description=\"&lt;p&gt;Reglas del camino, IMBA&lt;\/p&gt;\n\" data-image-caption=\"&lt;p&gt;Reglas del camino, IMBA&lt;\/p&gt;\n\" data-large-file=\"https:\/\/i0.wp.com\/trailforthjournal.com\/es\/wp-content\/uploads\/sites\/4\/2022\/08\/IMG_3304.jpg?fit=1024%2C683&amp;ssl=1\" width=\"1920\" height=\"1280\" src=\"https:\/\/i0.wp.com\/trailforthjournal.com\/es\/wp-content\/uploads\/sites\/4\/2022\/08\/IMG_3304.jpg?fit=1920%2C1280&amp;ssl=1\" class=\"attachment-full size-full wp-image-12969\" alt=\"Reglas del camino, IMBA\" data-attachment-id=\"12969\" data-permalink=\"https:\/\/trailforthjournal.com\/es\/ambiente\/reglas-imba-ciclismo-montana-ecuador\/attachment\/img_3304\/\" data-orig-file=\"https:\/\/i0.wp.com\/trailforthjournal.com\/es\/wp-content\/uploads\/sites\/4\/2022\/08\/IMG_3304.jpg?fit=1920%2C1280&amp;ssl=1\" data-orig-size=\"1920,1280\" data-comments-opened=\"0\" data-image-meta=\"{&quot;aperture&quot;:&quot;0&quot;,&quot;credit&quot;:&quot;&quot;,&quot;camera&quot;:&quot;&quot;,&quot;caption&quot;:&quot;&quot;,&quot;created_timestamp&quot;:&quot;0&quot;,&quot;copyright&quot;:&quot;&quot;,&quot;focal_length&quot;:&quot;0&quot;,&quot;iso&quot;:&quot;0&quot;,&quot;shutter_speed&quot;:&quot;0&quot;,&quot;title&quot;:&quot;&quot;,&quot;orientation&quot;:&quot;1&quot;}\" data-image-title=\"Reglas del camino, IMBA\" data-image-description=\"&lt;p&gt;Reglas del camino, IMBA&lt;\/p&gt;\n\" data-image-caption=\"&lt;p&gt;Reglas del camino, IMBA&lt;\/p&gt;\n\" data-large-file=\"https:\/\/i0.wp.com\/trailforthjournal.com\/es\/wp-content\/uploads\/sites\/4\/2022\/08\/IMG_3304.jpg?fit=1024%2C683&amp;ssl=1\" srcset=\"https:\/\/i0.wp.com\/trailforthjournal.com\/es\/wp-content\/uploads\/sites\/4\/2022\/08\/IMG_3304.jpg?w=1920&amp;ssl=1 1920w, https:\/\/i0.wp.com\/trailforthjournal.com\/es\/wp-content\/uploads\/sites\/4\/2022\/08\/IMG_3304.jpg?resize=300%2C200&amp;ssl=1 300w, https:\/\/i0.wp.com\/trailforthjournal.com\/es\/wp-content\/uploads\/sites\/4\/2022\/08\/IMG_3304.jpg?resize=1024%2C683&amp;ssl=1 1024w, https:\/\/i0.wp.com\/trailforthjournal.com\/es\/wp-content\/uploads\/sites\/4\/2022\/08\/IMG_3304.jpg?resize=768%2C512&amp;ssl=1 768w, https:\/\/i0.wp.com\/trailforthjournal.com\/es\/wp-content\/uploads\/sites\/4\/2022\/08\/IMG_3304.jpg?resize=1536%2C1024&amp;ssl=1 1536w, https:\/\/i0.wp.com\/trailforthjournal.com\/es\/wp-content\/uploads\/sites\/4\/2022\/08\/IMG_3304.jpg?resize=225%2C150&amp;ssl=1 225w\" sizes=\"(max-width: 1032px) 100vw, 1032px\" \/>\t\t\t\t\t\t<\/div>\n\t\t\t\t\t\t\t\t\t\t\t\t\t<div class=\"premium-blog-thumbnail-overlay\">\n\t\t\t\t\t\t\t\t<a class=\"elementor-icon\" href=\"https:\/\/trailforthjournal.com\/es\/ambiente\/reglas-imba-ciclismo-montana-ecuador\/\" target=\"_blank\"><\/a>\n\t\t\t\t\t\t\t<\/div>\n\n\t\t\t\t\t\t\t\t\t\t\t\t\t\t\t\t\t\t<\/div>\n\t\t\t\t\t\t\t\t\t\t\t\t<div class=\"premium-blog-content-wrapper \">\n\n\t\t\t\t\t<div class=\"premium-blog-inner-container\">\n\n\t\t\t\t\t\t\t\t\t\t\t\t\t\t<h1 class=\"premium-blog-entry-title\">\n\t\t\t<a href=\"https:\/\/trailforthjournal.com\/es\/ambiente\/reglas-imba-ciclismo-montana-ecuador\/\" target=\"_blank\">\n\t\t\t\tReglas IMBA en Ecuador: La Gu\u00eda \u00c9tica del Ciclismo de Monta\u00f1a Responsable\t\t\t<\/a>\n\t\t<\/h1>\n\t\t\t\t<div class=\"premium-blog-entry-meta\">\n\t\t\t\n\t\t\t\n\t\t\t\n\t\t\t\t\t<\/div>\n\t\t\n\t\t\t\t\t<\/div>\n\n\t\t\t\t\t\t\t\t\t\t\n\t\t\t\t<\/div>\n\t\t\t<\/div>\n\t\t<\/div>\n\n\t\t\t\t<div class=\"premium-blog-post-outer-container\" data-total=\"2\">\n\t\t\t<div class=\"premium-blog-post-container premium-blog-skin-banner\">\n\t\t\t\t\t\t\t\t\t<div class=\"premium-blog-thumb-effect-wrapper\">\n\t\t\t\t\t\t<div class=\"premium-blog-thumbnail-container premium-blog-zoomin-effect\">\n\t\t\t\t\t\t\t<img loading=\"lazy\" decoding=\"async\" data-attachment-id=\"50259\" data-permalink=\"https:\/\/trailforthjournal.com\/es\/ambiente\/guia-playas-ecuador\/attachment\/playas-de-ecuador\/\" data-orig-file=\"https:\/\/i0.wp.com\/trailforthjournal.com\/es\/wp-content\/uploads\/sites\/4\/2022\/11\/playas-de-ecuador.jpg?fit=1920%2C1440&amp;ssl=1\" data-orig-size=\"1920,1440\" data-comments-opened=\"0\" data-image-meta=\"{&quot;aperture&quot;:&quot;0&quot;,&quot;credit&quot;:&quot;&quot;,&quot;camera&quot;:&quot;&quot;,&quot;caption&quot;:&quot;&quot;,&quot;created_timestamp&quot;:&quot;0&quot;,&quot;copyright&quot;:&quot;&quot;,&quot;focal_length&quot;:&quot;0&quot;,&quot;iso&quot;:&quot;0&quot;,&quot;shutter_speed&quot;:&quot;0&quot;,&quot;title&quot;:&quot;&quot;,&quot;orientation&quot;:&quot;0&quot;}\" data-image-title=\"playas-de-ecuador\" data-image-description=\"\" data-image-caption=\"\" data-large-file=\"https:\/\/i0.wp.com\/trailforthjournal.com\/es\/wp-content\/uploads\/sites\/4\/2022\/11\/playas-de-ecuador.jpg?fit=1024%2C768&amp;ssl=1\" width=\"1920\" height=\"1440\" src=\"https:\/\/i0.wp.com\/trailforthjournal.com\/es\/wp-content\/uploads\/sites\/4\/2022\/11\/playas-de-ecuador.jpg?fit=1920%2C1440&amp;ssl=1\" class=\"attachment-full size-full wp-image-50259\" alt=\"\" data-attachment-id=\"50259\" data-permalink=\"https:\/\/trailforthjournal.com\/es\/ambiente\/guia-playas-ecuador\/attachment\/playas-de-ecuador\/\" data-orig-file=\"https:\/\/i0.wp.com\/trailforthjournal.com\/es\/wp-content\/uploads\/sites\/4\/2022\/11\/playas-de-ecuador.jpg?fit=1920%2C1440&amp;ssl=1\" data-orig-size=\"1920,1440\" data-comments-opened=\"0\" data-image-meta=\"{&quot;aperture&quot;:&quot;0&quot;,&quot;credit&quot;:&quot;&quot;,&quot;camera&quot;:&quot;&quot;,&quot;caption&quot;:&quot;&quot;,&quot;created_timestamp&quot;:&quot;0&quot;,&quot;copyright&quot;:&quot;&quot;,&quot;focal_length&quot;:&quot;0&quot;,&quot;iso&quot;:&quot;0&quot;,&quot;shutter_speed&quot;:&quot;0&quot;,&quot;title&quot;:&quot;&quot;,&quot;orientation&quot;:&quot;0&quot;}\" data-image-title=\"playas-de-ecuador\" data-image-description=\"\" data-image-caption=\"\" data-large-file=\"https:\/\/i0.wp.com\/trailforthjournal.com\/es\/wp-content\/uploads\/sites\/4\/2022\/11\/playas-de-ecuador.jpg?fit=1024%2C768&amp;ssl=1\" srcset=\"https:\/\/i0.wp.com\/trailforthjournal.com\/es\/wp-content\/uploads\/sites\/4\/2022\/11\/playas-de-ecuador.jpg?w=1920&amp;ssl=1 1920w, https:\/\/i0.wp.com\/trailforthjournal.com\/es\/wp-content\/uploads\/sites\/4\/2022\/11\/playas-de-ecuador.jpg?resize=300%2C225&amp;ssl=1 300w, https:\/\/i0.wp.com\/trailforthjournal.com\/es\/wp-content\/uploads\/sites\/4\/2022\/11\/playas-de-ecuador.jpg?resize=1024%2C768&amp;ssl=1 1024w, https:\/\/i0.wp.com\/trailforthjournal.com\/es\/wp-content\/uploads\/sites\/4\/2022\/11\/playas-de-ecuador.jpg?resize=768%2C576&amp;ssl=1 768w, https:\/\/i0.wp.com\/trailforthjournal.com\/es\/wp-content\/uploads\/sites\/4\/2022\/11\/playas-de-ecuador.jpg?resize=1536%2C1152&amp;ssl=1 1536w, https:\/\/i0.wp.com\/trailforthjournal.com\/es\/wp-content\/uploads\/sites\/4\/2022\/11\/playas-de-ecuador.jpg?resize=67%2C50&amp;ssl=1 67w, https:\/\/i0.wp.com\/trailforthjournal.com\/es\/wp-content\/uploads\/sites\/4\/2022\/11\/playas-de-ecuador.jpg?resize=600%2C450&amp;ssl=1 600w\" sizes=\"(max-width: 1032px) 100vw, 1032px\" \/>\t\t\t\t\t\t<\/div>\n\t\t\t\t\t\t\t\t\t\t\t\t\t<div class=\"premium-blog-thumbnail-overlay\">\n\t\t\t\t\t\t\t\t<a class=\"elementor-icon\" href=\"https:\/\/trailforthjournal.com\/es\/ambiente\/guia-playas-ecuador\/\" target=\"_blank\"><\/a>\n\t\t\t\t\t\t\t<\/div>\n\n\t\t\t\t\t\t\t\t\t\t\t\t\t\t\t\t\t\t<\/div>\n\t\t\t\t\t\t\t\t\t\t\t\t<div class=\"premium-blog-content-wrapper \">\n\n\t\t\t\t\t<div class=\"premium-blog-inner-container\">\n\n\t\t\t\t\t\t\t\t\t\t\t\t\t\t<h1 class=\"premium-blog-entry-title\">\n\t\t\t<a href=\"https:\/\/trailforthjournal.com\/es\/ambiente\/guia-playas-ecuador\/\" target=\"_blank\">\n\t\t\t\tGu\u00eda de las Mejores Playas de Ecuador: Un Recorrido por su Entorno Natural\t\t\t<\/a>\n\t\t<\/h1>\n\t\t\t\t<div class=\"premium-blog-entry-meta\">\n\t\t\t\n\t\t\t\n\t\t\t\n\t\t\t\t\t<\/div>\n\t\t\n\t\t\t\t\t<\/div>\n\n\t\t\t\t\t\t\t\t\t\t\n\t\t\t\t<\/div>\n\t\t\t<\/div>\n\t\t<\/div>\n\n\t\t\t\t<div class=\"premium-blog-post-outer-container\" data-total=\"2\">\n\t\t\t<div class=\"premium-blog-post-container premium-blog-skin-banner\">\n\t\t\t\t\t\t\t\t\t<div class=\"premium-blog-thumb-effect-wrapper\">\n\t\t\t\t\t\t<div class=\"premium-blog-thumbnail-container premium-blog-zoomin-effect\">\n\t\t\t\t\t\t\t<img loading=\"lazy\" decoding=\"async\" data-attachment-id=\"14519\" data-permalink=\"https:\/\/trailforthjournal.com\/es\/cultura\/importancia-del-turismo-ecuador\/attachment\/cotopaxi-by-tourist\/\" data-orig-file=\"https:\/\/i0.wp.com\/trailforthjournal.com\/es\/wp-content\/uploads\/sites\/4\/2022\/10\/Cotopaxi-by-tourist-scaled.jpg?fit=2560%2C1920&amp;ssl=1\" data-orig-size=\"2560,1920\" data-comments-opened=\"1\" data-image-meta=\"{&quot;aperture&quot;:&quot;8&quot;,&quot;credit&quot;:&quot;&quot;,&quot;camera&quot;:&quot;FinePix S100FS&quot;,&quot;caption&quot;:&quot;&quot;,&quot;created_timestamp&quot;:&quot;1261841149&quot;,&quot;copyright&quot;:&quot;&quot;,&quot;focal_length&quot;:&quot;15.4&quot;,&quot;iso&quot;:&quot;400&quot;,&quot;shutter_speed&quot;:&quot;0.00052631578947368&quot;,&quot;title&quot;:&quot;&quot;,&quot;orientation&quot;:&quot;1&quot;}\" data-image-title=\"Cotopaxi fotografiado por turistas\" data-image-description=\"&lt;p&gt;Cotopaxi fotografiado por turistas&lt;\/p&gt;\n\" data-image-caption=\"&lt;p&gt;Cotopaxi fotografiado por turistas&lt;\/p&gt;\n\" data-large-file=\"https:\/\/i0.wp.com\/trailforthjournal.com\/es\/wp-content\/uploads\/sites\/4\/2022\/10\/Cotopaxi-by-tourist-scaled.jpg?fit=1024%2C768&amp;ssl=1\" width=\"2560\" height=\"1920\" src=\"https:\/\/i0.wp.com\/trailforthjournal.com\/es\/wp-content\/uploads\/sites\/4\/2022\/10\/Cotopaxi-by-tourist-scaled.jpg?fit=2560%2C1920&amp;ssl=1\" class=\"attachment-full size-full wp-image-14519\" alt=\"Cotopaxi fotografiado por turistas\" data-attachment-id=\"14519\" data-permalink=\"https:\/\/trailforthjournal.com\/es\/cultura\/importancia-del-turismo-ecuador\/attachment\/cotopaxi-by-tourist\/\" data-orig-file=\"https:\/\/i0.wp.com\/trailforthjournal.com\/es\/wp-content\/uploads\/sites\/4\/2022\/10\/Cotopaxi-by-tourist-scaled.jpg?fit=2560%2C1920&amp;ssl=1\" data-orig-size=\"2560,1920\" data-comments-opened=\"1\" data-image-meta=\"{&quot;aperture&quot;:&quot;8&quot;,&quot;credit&quot;:&quot;&quot;,&quot;camera&quot;:&quot;FinePix S100FS&quot;,&quot;caption&quot;:&quot;&quot;,&quot;created_timestamp&quot;:&quot;1261841149&quot;,&quot;copyright&quot;:&quot;&quot;,&quot;focal_length&quot;:&quot;15.4&quot;,&quot;iso&quot;:&quot;400&quot;,&quot;shutter_speed&quot;:&quot;0.00052631578947368&quot;,&quot;title&quot;:&quot;&quot;,&quot;orientation&quot;:&quot;1&quot;}\" data-image-title=\"Cotopaxi fotografiado por turistas\" data-image-description=\"&lt;p&gt;Cotopaxi fotografiado por turistas&lt;\/p&gt;\n\" data-image-caption=\"&lt;p&gt;Cotopaxi fotografiado por turistas&lt;\/p&gt;\n\" data-large-file=\"https:\/\/i0.wp.com\/trailforthjournal.com\/es\/wp-content\/uploads\/sites\/4\/2022\/10\/Cotopaxi-by-tourist-scaled.jpg?fit=1024%2C768&amp;ssl=1\" srcset=\"https:\/\/i0.wp.com\/trailforthjournal.com\/es\/wp-content\/uploads\/sites\/4\/2022\/10\/Cotopaxi-by-tourist-scaled.jpg?w=2560&amp;ssl=1 2560w, https:\/\/i0.wp.com\/trailforthjournal.com\/es\/wp-content\/uploads\/sites\/4\/2022\/10\/Cotopaxi-by-tourist-scaled.jpg?resize=300%2C225&amp;ssl=1 300w, https:\/\/i0.wp.com\/trailforthjournal.com\/es\/wp-content\/uploads\/sites\/4\/2022\/10\/Cotopaxi-by-tourist-scaled.jpg?resize=1024%2C768&amp;ssl=1 1024w, https:\/\/i0.wp.com\/trailforthjournal.com\/es\/wp-content\/uploads\/sites\/4\/2022\/10\/Cotopaxi-by-tourist-scaled.jpg?resize=768%2C576&amp;ssl=1 768w, https:\/\/i0.wp.com\/trailforthjournal.com\/es\/wp-content\/uploads\/sites\/4\/2022\/10\/Cotopaxi-by-tourist-scaled.jpg?resize=1536%2C1152&amp;ssl=1 1536w, https:\/\/i0.wp.com\/trailforthjournal.com\/es\/wp-content\/uploads\/sites\/4\/2022\/10\/Cotopaxi-by-tourist-scaled.jpg?resize=2048%2C1536&amp;ssl=1 2048w, https:\/\/i0.wp.com\/trailforthjournal.com\/es\/wp-content\/uploads\/sites\/4\/2022\/10\/Cotopaxi-by-tourist-scaled.jpg?resize=80%2C60&amp;ssl=1 80w, https:\/\/i0.wp.com\/trailforthjournal.com\/es\/wp-content\/uploads\/sites\/4\/2022\/10\/Cotopaxi-by-tourist-scaled.jpg?resize=200%2C150&amp;ssl=1 200w, https:\/\/i0.wp.com\/trailforthjournal.com\/es\/wp-content\/uploads\/sites\/4\/2022\/10\/Cotopaxi-by-tourist-scaled.jpg?resize=600%2C450&amp;ssl=1 600w\" sizes=\"(max-width: 1032px) 100vw, 1032px\" \/>\t\t\t\t\t\t<\/div>\n\t\t\t\t\t\t\t\t\t\t\t\t\t<div class=\"premium-blog-thumbnail-overlay\">\n\t\t\t\t\t\t\t\t<a class=\"elementor-icon\" href=\"https:\/\/trailforthjournal.com\/es\/cultura\/importancia-del-turismo-ecuador\/\" target=\"_blank\"><\/a>\n\t\t\t\t\t\t\t<\/div>\n\n\t\t\t\t\t\t\t\t\t\t\t\t\t\t\t\t\t\t<\/div>\n\t\t\t\t\t\t\t\t\t\t\t\t<div class=\"premium-blog-content-wrapper \">\n\n\t\t\t\t\t<div class=\"premium-blog-inner-container\">\n\n\t\t\t\t\t\t\t\t\t\t\t\t\t\t<h1 class=\"premium-blog-entry-title\">\n\t\t\t<a href=\"https:\/\/trailforthjournal.com\/es\/cultura\/importancia-del-turismo-ecuador\/\" target=\"_blank\">\n\t\t\t\tLa importancia del Turismo para Ecuador: Motor de la Econom\u00eda y el Desarrollo Sostenible\t\t\t<\/a>\n\t\t<\/h1>\n\t\t\t\t<div class=\"premium-blog-entry-meta\">\n\t\t\t\n\t\t\t\n\t\t\t\n\t\t\t\t\t<\/div>\n\t\t\n\t\t\t\t\t<\/div>\n\n\t\t\t\t\t\t\t\t\t\t\n\t\t\t\t<\/div>\n\t\t\t<\/div>\n\t\t<\/div>\n\n\t\t\t\t<div class=\"premium-blog-post-outer-container\" data-total=\"2\">\n\t\t\t<div class=\"premium-blog-post-container premium-blog-skin-banner\">\n\t\t\t\t\t\t\t\t\t<div class=\"premium-blog-thumb-effect-wrapper\">\n\t\t\t\t\t\t<div class=\"premium-blog-thumbnail-container premium-blog-zoomin-effect\">\n\t\t\t\t\t\t\t<img loading=\"lazy\" decoding=\"async\" data-attachment-id=\"41861\" data-permalink=\"https:\/\/trailforthjournal.com\/es\/embajador\/\" data-orig-file=\"https:\/\/i0.wp.com\/trailforthjournal.com\/es\/wp-content\/uploads\/sites\/4\/2025\/06\/Embajador.jpg?fit=2457%2C1771&amp;ssl=1\" data-orig-size=\"2457,1771\" data-comments-opened=\"0\" data-image-meta=\"{&quot;aperture&quot;:&quot;0&quot;,&quot;credit&quot;:&quot;&quot;,&quot;camera&quot;:&quot;&quot;,&quot;caption&quot;:&quot;&quot;,&quot;created_timestamp&quot;:&quot;0&quot;,&quot;copyright&quot;:&quot;&quot;,&quot;focal_length&quot;:&quot;0&quot;,&quot;iso&quot;:&quot;0&quot;,&quot;shutter_speed&quot;:&quot;0&quot;,&quot;title&quot;:&quot;&quot;,&quot;orientation&quot;:&quot;0&quot;}\" data-image-title=\"Embajador de ecuador\" data-image-description=\"&lt;p&gt;Embajador de ecuador&lt;\/p&gt;\n\" data-image-caption=\"&lt;p&gt;Embajador de ecuador&lt;\/p&gt;\n\" data-large-file=\"https:\/\/i0.wp.com\/trailforthjournal.com\/es\/wp-content\/uploads\/sites\/4\/2025\/06\/Embajador.jpg?fit=1024%2C738&amp;ssl=1\" width=\"2457\" height=\"1771\" src=\"https:\/\/i0.wp.com\/trailforthjournal.com\/es\/wp-content\/uploads\/sites\/4\/2025\/06\/Embajador.jpg?fit=2457%2C1771&amp;ssl=1\" class=\"attachment-full size-full wp-image-41861\" alt=\"Embajador de ecuador\" data-attachment-id=\"41861\" data-permalink=\"https:\/\/trailforthjournal.com\/es\/embajador\/\" data-orig-file=\"https:\/\/i0.wp.com\/trailforthjournal.com\/es\/wp-content\/uploads\/sites\/4\/2025\/06\/Embajador.jpg?fit=2457%2C1771&amp;ssl=1\" data-orig-size=\"2457,1771\" data-comments-opened=\"0\" data-image-meta=\"{&quot;aperture&quot;:&quot;0&quot;,&quot;credit&quot;:&quot;&quot;,&quot;camera&quot;:&quot;&quot;,&quot;caption&quot;:&quot;&quot;,&quot;created_timestamp&quot;:&quot;0&quot;,&quot;copyright&quot;:&quot;&quot;,&quot;focal_length&quot;:&quot;0&quot;,&quot;iso&quot;:&quot;0&quot;,&quot;shutter_speed&quot;:&quot;0&quot;,&quot;title&quot;:&quot;&quot;,&quot;orientation&quot;:&quot;0&quot;}\" data-image-title=\"Embajador de ecuador\" data-image-description=\"&lt;p&gt;Embajador de ecuador&lt;\/p&gt;\n\" data-image-caption=\"&lt;p&gt;Embajador de ecuador&lt;\/p&gt;\n\" data-large-file=\"https:\/\/i0.wp.com\/trailforthjournal.com\/es\/wp-content\/uploads\/sites\/4\/2025\/06\/Embajador.jpg?fit=1024%2C738&amp;ssl=1\" srcset=\"https:\/\/i0.wp.com\/trailforthjournal.com\/es\/wp-content\/uploads\/sites\/4\/2025\/06\/Embajador.jpg?w=2457&amp;ssl=1 2457w, https:\/\/i0.wp.com\/trailforthjournal.com\/es\/wp-content\/uploads\/sites\/4\/2025\/06\/Embajador.jpg?resize=300%2C216&amp;ssl=1 300w, https:\/\/i0.wp.com\/trailforthjournal.com\/es\/wp-content\/uploads\/sites\/4\/2025\/06\/Embajador.jpg?resize=1024%2C738&amp;ssl=1 1024w, https:\/\/i0.wp.com\/trailforthjournal.com\/es\/wp-content\/uploads\/sites\/4\/2025\/06\/Embajador.jpg?resize=768%2C554&amp;ssl=1 768w, https:\/\/i0.wp.com\/trailforthjournal.com\/es\/wp-content\/uploads\/sites\/4\/2025\/06\/Embajador.jpg?resize=1536%2C1107&amp;ssl=1 1536w, https:\/\/i0.wp.com\/trailforthjournal.com\/es\/wp-content\/uploads\/sites\/4\/2025\/06\/Embajador.jpg?resize=2048%2C1476&amp;ssl=1 2048w, https:\/\/i0.wp.com\/trailforthjournal.com\/es\/wp-content\/uploads\/sites\/4\/2025\/06\/Embajador.jpg?resize=69%2C50&amp;ssl=1 69w, https:\/\/i0.wp.com\/trailforthjournal.com\/es\/wp-content\/uploads\/sites\/4\/2025\/06\/Embajador.jpg?resize=600%2C432&amp;ssl=1 600w\" sizes=\"(max-width: 1032px) 100vw, 1032px\" \/>\t\t\t\t\t\t<\/div>\n\t\t\t\t\t\t\t\t\t\t\t\t\t<div class=\"premium-blog-thumbnail-overlay\">\n\t\t\t\t\t\t\t\t<a class=\"elementor-icon\" href=\"https:\/\/trailforthjournal.com\/es\/agencia\/registro-operadores-turistico-ecuador\/\" target=\"_blank\"><\/a>\n\t\t\t\t\t\t\t<\/div>\n\n\t\t\t\t\t\t\t\t\t\t\t\t\t\t\t\t\t\t<\/div>\n\t\t\t\t\t\t\t\t\t\t\t\t<div class=\"premium-blog-content-wrapper \">\n\n\t\t\t\t\t<div class=\"premium-blog-inner-container\">\n\n\t\t\t\t\t\t\t\t\t\t\t\t\t\t<h1 class=\"premium-blog-entry-title\">\n\t\t\t<a href=\"https:\/\/trailforthjournal.com\/es\/agencia\/registro-operadores-turistico-ecuador\/\" target=\"_blank\">\n\t\t\t\tRegistro de Operadores Tur\u00edsticos Ecuador | \u00danete a Trail Forth Journal\t\t\t<\/a>\n\t\t<\/h1>\n\t\t\t\t<div class=\"premium-blog-entry-meta\">\n\t\t\t\n\t\t\t\n\t\t\t\n\t\t\t\t\t<\/div>\n\t\t\n\t\t\t\t\t<\/div>\n\n\t\t\t\t\t\t\t\t\t\t\n\t\t\t\t<\/div>\n\t\t\t<\/div>\n\t\t<\/div>\n\n\t\t\t\t\t\t\t<\/div>\n\n\t\t\n\t\t\n\t\t\t\t\t\t<\/div>\n\t\t\t\t<\/div>\n\t\t\t\t\t<\/div>\n\t\t<\/div>\n\t\t\t\t\t<\/div>\n\t\t<\/section>\n\t\t\t\t<\/div>\n\t\t","protected":false},"excerpt":{"rendered":"<p>Catedral de Guayaquil. El coraz\u00f3n de la fe de los Guayaquile\u00f1os. Un lugar s\u00edmbolo de fe y cultura de la urbe porte\u00f1a.<\/p>\n","protected":false},"author":1,"featured_media":5428,"comment_status":"closed","ping_status":"closed","sticky":false,"template":"elementor_header_footer","format":"standard","meta":{"_acf_changed":false,"jetpack_post_was_ever_published":false,"_jetpack_newsletter_access":"","_jetpack_dont_email_post_to_subs":false,"_jetpack_newsletter_tier_id":0,"_jetpack_memberships_contains_paywalled_content":false,"_jetpack_memberships_contains_paid_content":false,"footnotes":""},"categories":[18,32],"tags":[20,179],"class_list":["post-9649","post","type-post","status-publish","format-standard","has-post-thumbnail","hentry","category-cultura","category-lugar-emblematico","tag-costa","tag-santiago-de-guayaquil"],"acf":[],"yoast_head":"<!-- This site is optimized with the Yoast SEO Premium plugin v22.0 (Yoast SEO v27.4) - https:\/\/yoast.com\/product\/yoast-seo-premium-wordpress\/ -->\n<title>Catedral de Guayaquil: La majestuosa arquitectura neog\u00f3tica en el coraz\u00f3n de la ciudad &#8212; Trail Forth Journal<\/title>\n<meta name=\"description\" content=\"Catedral de Guayaquil. El coraz\u00f3n de la fe de los Guayaquile\u00f1os. Un lugar s\u00edmbolo de fe y cultura de la urbe porte\u00f1a. \u26ea\ufe0f\" \/>\n<meta name=\"robots\" content=\"index, follow, max-snippet:-1, max-image-preview:large, max-video-preview:-1\" \/>\n<link rel=\"canonical\" href=\"https:\/\/trailforthjournal.com\/es\/cultura\/catedral-de-guayaquil\/\" \/>\n<meta property=\"og:locale\" content=\"es_ES\" \/>\n<meta property=\"og:type\" content=\"article\" \/>\n<meta property=\"og:title\" content=\"Catedral de Guayaquil: La majestuosa arquitectura neog\u00f3tica en el coraz\u00f3n de la ciudad &#8212; Trail Forth Journal\" \/>\n<meta property=\"og:description\" content=\"Catedral de Guayaquil. El coraz\u00f3n de la fe de los Guayaquile\u00f1os. Un lugar lugar simb\u00f3lico de fe, cultura e historia en la urbe porte\u00f1a.\" \/>\n<meta property=\"og:url\" content=\"https:\/\/trailforthjournal.com\/es\/cultura\/catedral-de-guayaquil\/\" \/>\n<meta property=\"og:site_name\" content=\"Trail Forth Journal\" \/>\n<meta property=\"article:publisher\" content=\"https:\/\/www.facebook.com\/trailforth\" \/>\n<meta property=\"article:published_time\" content=\"2022-01-09T23:00:00+00:00\" \/>\n<meta property=\"article:modified_time\" content=\"2026-04-22T04:15:45+00:00\" \/>\n<meta property=\"og:image\" content=\"https:\/\/trailforthjournal.com\/es\/wp-content\/uploads\/sites\/4\/2022\/03\/DSC01674-2-scaled.jpg\" \/>\n\t<meta property=\"og:image:width\" content=\"2560\" \/>\n\t<meta property=\"og:image:height\" content=\"1920\" \/>\n\t<meta property=\"og:image:type\" content=\"image\/jpeg\" \/>\n<meta name=\"author\" content=\"jairocabrera\" \/>\n<meta name=\"twitter:card\" content=\"summary_large_image\" \/>\n<meta name=\"twitter:title\" content=\"Catedral de Guayaquil: La majestuosa arquitectura neog\u00f3tica en el coraz\u00f3n de la ciudad &#8212; Trail Forth Journal\" \/>\n<meta name=\"twitter:description\" content=\"Catedral de Guayaquil. El coraz\u00f3n de la fe de los Guayaquile\u00f1os. Un lugar lugar simb\u00f3lico de fe, cultura e historia en la urbe porte\u00f1a.\" \/>\n<meta name=\"twitter:creator\" content=\"@trailforth\" \/>\n<meta name=\"twitter:site\" content=\"@trailforth\" \/>\n<meta name=\"twitter:label1\" content=\"Escrito por\" \/>\n\t<meta name=\"twitter:data1\" content=\"jairocabrera\" \/>\n\t<meta name=\"twitter:label2\" content=\"Tiempo de lectura\" \/>\n\t<meta name=\"twitter:data2\" content=\"9 minutos\" \/>\n<!-- \/ Yoast SEO Premium plugin. -->","yoast_head_json":{"title":"Catedral de Guayaquil: La majestuosa arquitectura neog\u00f3tica en el coraz\u00f3n de la ciudad &#8212; Trail Forth Journal","description":"Catedral de Guayaquil. El coraz\u00f3n de la fe de los Guayaquile\u00f1os. Un lugar s\u00edmbolo de fe y cultura de la urbe porte\u00f1a. \u26ea\ufe0f","robots":{"index":"index","follow":"follow","max-snippet":"max-snippet:-1","max-image-preview":"max-image-preview:large","max-video-preview":"max-video-preview:-1"},"canonical":"https:\/\/trailforthjournal.com\/es\/cultura\/catedral-de-guayaquil\/","og_locale":"es_ES","og_type":"article","og_title":"Catedral de Guayaquil: La majestuosa arquitectura neog\u00f3tica en el coraz\u00f3n de la ciudad &#8212; Trail Forth Journal","og_description":"Catedral de Guayaquil. El coraz\u00f3n de la fe de los Guayaquile\u00f1os. Un lugar lugar simb\u00f3lico de fe, cultura e historia en la urbe porte\u00f1a.","og_url":"https:\/\/trailforthjournal.com\/es\/cultura\/catedral-de-guayaquil\/","og_site_name":"Trail Forth Journal","article_publisher":"https:\/\/www.facebook.com\/trailforth","article_published_time":"2022-01-09T23:00:00+00:00","article_modified_time":"2026-04-22T04:15:45+00:00","og_image":[{"width":2560,"height":1920,"url":"https:\/\/trailforthjournal.com\/es\/wp-content\/uploads\/sites\/4\/2022\/03\/DSC01674-2-scaled.jpg","type":"image\/jpeg"}],"author":"jairocabrera","twitter_card":"summary_large_image","twitter_title":"Catedral de Guayaquil: La majestuosa arquitectura neog\u00f3tica en el coraz\u00f3n de la ciudad &#8212; Trail Forth Journal","twitter_description":"Catedral de Guayaquil. El coraz\u00f3n de la fe de los Guayaquile\u00f1os. Un lugar lugar simb\u00f3lico de fe, cultura e historia en la urbe porte\u00f1a.","twitter_creator":"@trailforth","twitter_site":"@trailforth","twitter_misc":{"Escrito por":"jairocabrera","Tiempo de lectura":"9 minutos"},"schema":{"@context":"https:\/\/schema.org","@graph":[{"@type":"Article","@id":"https:\/\/trailforthjournal.com\/es\/cultura\/catedral-de-guayaquil\/#article","isPartOf":{"@id":"https:\/\/trailforthjournal.com\/es\/cultura\/catedral-de-guayaquil\/"},"author":{"name":"jairocabrera","@id":"https:\/\/trailforthjournal.com\/es\/#\/schema\/person\/c38e1195d2fbb77206faaef3a81d4dad"},"headline":"Catedral de Guayaquil: La majestuosa arquitectura neog\u00f3tica en el coraz\u00f3n de la ciudad","datePublished":"2022-01-09T23:00:00+00:00","dateModified":"2026-04-22T04:15:45+00:00","mainEntityOfPage":{"@id":"https:\/\/trailforthjournal.com\/es\/cultura\/catedral-de-guayaquil\/"},"wordCount":1044,"publisher":{"@id":"https:\/\/trailforthjournal.com\/es\/#organization"},"image":{"@id":"https:\/\/trailforthjournal.com\/es\/cultura\/catedral-de-guayaquil\/#primaryimage"},"thumbnailUrl":"https:\/\/i0.wp.com\/trailforthjournal.com\/es\/wp-content\/uploads\/sites\/4\/2022\/03\/DSC01674-2-scaled.jpg?fit=2560%2C1920&ssl=1","keywords":["Costa","Santiago de Guayaquil"],"articleSection":["Cultura","Lugar Emblem\u00e1tico"],"inLanguage":"es"},{"@type":"WebPage","@id":"https:\/\/trailforthjournal.com\/es\/cultura\/catedral-de-guayaquil\/","url":"https:\/\/trailforthjournal.com\/es\/cultura\/catedral-de-guayaquil\/","name":"Catedral de Guayaquil: La majestuosa arquitectura neog\u00f3tica en el coraz\u00f3n de la ciudad &#8212; Trail Forth Journal","isPartOf":{"@id":"https:\/\/trailforthjournal.com\/es\/#website"},"primaryImageOfPage":{"@id":"https:\/\/trailforthjournal.com\/es\/cultura\/catedral-de-guayaquil\/#primaryimage"},"image":{"@id":"https:\/\/trailforthjournal.com\/es\/cultura\/catedral-de-guayaquil\/#primaryimage"},"thumbnailUrl":"https:\/\/i0.wp.com\/trailforthjournal.com\/es\/wp-content\/uploads\/sites\/4\/2022\/03\/DSC01674-2-scaled.jpg?fit=2560%2C1920&ssl=1","datePublished":"2022-01-09T23:00:00+00:00","dateModified":"2026-04-22T04:15:45+00:00","description":"Catedral de Guayaquil. El coraz\u00f3n de la fe de los Guayaquile\u00f1os. Un lugar s\u00edmbolo de fe y cultura de la urbe porte\u00f1a. \u26ea\ufe0f","breadcrumb":{"@id":"https:\/\/trailforthjournal.com\/es\/cultura\/catedral-de-guayaquil\/#breadcrumb"},"inLanguage":"es","potentialAction":[{"@type":"ReadAction","target":["https:\/\/trailforthjournal.com\/es\/cultura\/catedral-de-guayaquil\/"]}]},{"@type":"ImageObject","inLanguage":"es","@id":"https:\/\/trailforthjournal.com\/es\/cultura\/catedral-de-guayaquil\/#primaryimage","url":"https:\/\/i0.wp.com\/trailforthjournal.com\/es\/wp-content\/uploads\/sites\/4\/2022\/03\/DSC01674-2-scaled.jpg?fit=2560%2C1920&ssl=1","contentUrl":"https:\/\/i0.wp.com\/trailforthjournal.com\/es\/wp-content\/uploads\/sites\/4\/2022\/03\/DSC01674-2-scaled.jpg?fit=2560%2C1920&ssl=1","width":2560,"height":1920,"caption":"La Catedral Metropolitana y la Plaza de la Administraci\u00f3n: el coraz\u00f3n hist\u00f3rico y espiritual de Guayaquil"},{"@type":"BreadcrumbList","@id":"https:\/\/trailforthjournal.com\/es\/cultura\/catedral-de-guayaquil\/#breadcrumb","itemListElement":[{"@type":"ListItem","position":1,"name":"Portada","item":"https:\/\/trailforthjournal.com\/es\/"},{"@type":"ListItem","position":2,"name":"Catedral de Guayaquil: La majestuosa arquitectura neog\u00f3tica en el coraz\u00f3n de la ciudad"}]},{"@type":"WebSite","@id":"https:\/\/trailforthjournal.com\/es\/#website","url":"https:\/\/trailforthjournal.com\/es\/","name":"Trail Forth Journal","description":"Make Life a Journey","publisher":{"@id":"https:\/\/trailforthjournal.com\/es\/#organization"},"alternateName":"Trail Forth Journal Espa\u00f1ol","potentialAction":[{"@type":"SearchAction","target":{"@type":"EntryPoint","urlTemplate":"https:\/\/trailforthjournal.com\/es\/?s={search_term_string}"},"query-input":{"@type":"PropertyValueSpecification","valueRequired":true,"valueName":"search_term_string"}}],"inLanguage":"es"},{"@type":["Organization","Place"],"@id":"https:\/\/trailforthjournal.com\/es\/#organization","name":"Trail Forth Journal","alternateName":"Trail Forth Journal Espa\u00f1ol","url":"https:\/\/trailforthjournal.com\/es\/","logo":{"@type":"ImageObject","inLanguage":"es","@id":"https:\/\/trailforthjournal.com\/es\/#\/schema\/logo\/image\/","url":"https:\/\/trailforthjournal.com\/es\/wp-content\/uploads\/sites\/4\/2022\/01\/Trail-Forth-Journal-PNG.png","contentUrl":"https:\/\/trailforthjournal.com\/es\/wp-content\/uploads\/sites\/4\/2022\/01\/Trail-Forth-Journal-PNG.png","width":2629,"height":2629,"caption":"Trail Forth Journal"},"image":{"@id":"https:\/\/trailforthjournal.com\/es\/#\/schema\/logo\/image\/"},"sameAs":["https:\/\/www.facebook.com\/trailforth","https:\/\/x.com\/trailforth","https:\/\/www.instagram.com\/trailforth\/"],"mainEntityOfPage":{"@id":"https:\/\/trailforthjournal.com\/es\/cultura\/catedral-de-guayaquil\/"}},{"@type":"Person","@id":"https:\/\/trailforthjournal.com\/es\/#\/schema\/person\/c38e1195d2fbb77206faaef3a81d4dad","name":"jairocabrera","image":{"@type":"ImageObject","inLanguage":"es","@id":"https:\/\/secure.gravatar.com\/avatar\/56722a61efc14e69ef47b9fbbb54f81138a4e882a78e644b52a4d66d41edcfc5?s=96&d=mm&r=g","url":"https:\/\/secure.gravatar.com\/avatar\/56722a61efc14e69ef47b9fbbb54f81138a4e882a78e644b52a4d66d41edcfc5?s=96&d=mm&r=g","contentUrl":"https:\/\/secure.gravatar.com\/avatar\/56722a61efc14e69ef47b9fbbb54f81138a4e882a78e644b52a4d66d41edcfc5?s=96&d=mm&r=g","caption":"jairocabrera"},"sameAs":["http:\/\/trailforthjournal.com"]}]}},"jetpack_featured_media_url":"https:\/\/i0.wp.com\/trailforthjournal.com\/es\/wp-content\/uploads\/sites\/4\/2022\/03\/DSC01674-2-scaled.jpg?fit=2560%2C1920&ssl=1","jetpack_shortlink":"https:\/\/wp.me\/pdrACa-2vD","jetpack_sharing_enabled":true,"_links":{"self":[{"href":"https:\/\/trailforthjournal.com\/es\/wp-json\/wp\/v2\/posts\/9649","targetHints":{"allow":["GET"]}}],"collection":[{"href":"https:\/\/trailforthjournal.com\/es\/wp-json\/wp\/v2\/posts"}],"about":[{"href":"https:\/\/trailforthjournal.com\/es\/wp-json\/wp\/v2\/types\/post"}],"author":[{"embeddable":true,"href":"https:\/\/trailforthjournal.com\/es\/wp-json\/wp\/v2\/users\/1"}],"replies":[{"embeddable":true,"href":"https:\/\/trailforthjournal.com\/es\/wp-json\/wp\/v2\/comments?post=9649"}],"version-history":[{"count":0,"href":"https:\/\/trailforthjournal.com\/es\/wp-json\/wp\/v2\/posts\/9649\/revisions"}],"wp:featuredmedia":[{"embeddable":true,"href":"https:\/\/trailforthjournal.com\/es\/wp-json\/wp\/v2\/media\/5428"}],"wp:attachment":[{"href":"https:\/\/trailforthjournal.com\/es\/wp-json\/wp\/v2\/media?parent=9649"}],"wp:term":[{"taxonomy":"category","embeddable":true,"href":"https:\/\/trailforthjournal.com\/es\/wp-json\/wp\/v2\/categories?post=9649"},{"taxonomy":"post_tag","embeddable":true,"href":"https:\/\/trailforthjournal.com\/es\/wp-json\/wp\/v2\/tags?post=9649"}],"curies":[{"name":"wp","href":"https:\/\/api.w.org\/{rel}","templated":true}]}}