{"id":6294,"date":"2022-03-29T16:16:00","date_gmt":"2022-03-29T21:16:00","guid":{"rendered":"https:\/\/trailforthjournal.com\/es\/?p=6294"},"modified":"2026-02-03T15:32:17","modified_gmt":"2026-02-03T20:32:17","slug":"parque-nacional-antisana-condor-ecuador","status":"publish","type":"post","link":"https:\/\/trailforthjournal.com\/es\/aventura\/parque-nacional-antisana-condor-ecuador\/","title":{"rendered":"Parque Nacional Antisana: El nuevo santuario para la conservaci\u00f3n del C\u00f3ndor Andino en Ecuador"},"content":{"rendered":"\t\t<div data-elementor-type=\"wp-post\" data-elementor-id=\"6294\" class=\"elementor elementor-6294\" data-elementor-post-type=\"post\">\n\t\t\t\t\t\t<section class=\"elementor-section elementor-top-section elementor-element elementor-element-09c8257 elementor-section-boxed elementor-section-height-default elementor-section-height-default wpr-particle-no wpr-jarallax-no wpr-parallax-no wpr-sticky-section-no wpr-equal-height-no\" data-id=\"09c8257\" data-element_type=\"section\" data-e-type=\"section\">\n\t\t\t\t\t\t<div class=\"elementor-container elementor-column-gap-default\">\n\t\t\t\t\t<div class=\"elementor-column elementor-col-100 elementor-top-column elementor-element elementor-element-49b0bf1\" data-id=\"49b0bf1\" data-element_type=\"column\" data-e-type=\"column\">\n\t\t\t<div class=\"elementor-widget-wrap elementor-element-populated\">\n\t\t\t\t\t\t<div class=\"elementor-element elementor-element-742aa66 elementor-widget elementor-widget-spacer\" data-id=\"742aa66\" data-element_type=\"widget\" data-e-type=\"widget\" data-widget_type=\"spacer.default\">\n\t\t\t\t<div class=\"elementor-widget-container\">\n\t\t\t\t\t\t\t<div class=\"elementor-spacer\">\n\t\t\t<div class=\"elementor-spacer-inner\"><\/div>\n\t\t<\/div>\n\t\t\t\t\t\t<\/div>\n\t\t\t\t<\/div>\n\t\t\t\t\t<\/div>\n\t\t<\/div>\n\t\t\t\t\t<\/div>\n\t\t<\/section>\n\t\t\t\t<section class=\"elementor-section elementor-top-section elementor-element elementor-element-783588b elementor-section-boxed elementor-section-height-default elementor-section-height-default wpr-particle-no wpr-jarallax-no wpr-parallax-no wpr-sticky-section-no wpr-equal-height-no\" data-id=\"783588b\" data-element_type=\"section\" data-e-type=\"section\">\n\t\t\t\t\t\t<div class=\"elementor-container elementor-column-gap-default\">\n\t\t\t\t\t<div class=\"elementor-column elementor-col-100 elementor-top-column elementor-element elementor-element-5c29f23\" data-id=\"5c29f23\" data-element_type=\"column\" data-e-type=\"column\">\n\t\t\t<div class=\"elementor-widget-wrap elementor-element-populated\">\n\t\t\t\t\t\t<div class=\"elementor-element elementor-element-dc5d85f pa-icon-pos-after premium-lq__none elementor-widget elementor-widget-premium-addon-button\" data-id=\"dc5d85f\" data-element_type=\"widget\" data-e-type=\"widget\" data-widget_type=\"premium-addon-button.default\">\n\t\t\t\t<div class=\"elementor-widget-container\">\n\t\t\t\t\t\n\n\t\t<a class=\"premium-button premium-button-style6 premium-btn-sm premium-button-style6\" href=\"https:\/\/trailforthjournal.com\/en\/adventure\/antisana-national-park-condor-ecuador\/\">\n\t\t\t<div class=\"premium-button-text-icon-wrapper\">\n\t\t\t\t\n\t\t\t\t\t\t\t\t\t\t\t\t\t\t\t\t\t\t<svg class=\"svg-inline--fas-fa-chevron-right premium-drawable-icon premium-svg-nodraw\" aria-hidden='true' xmlns='http:\/\/www.w3.org\/2000\/svg' viewBox='0 0 320 512'><path d=\"M285.476 272.971L91.132 467.314c-9.373 9.373-24.569 9.373-33.941 0l-22.667-22.667c-9.357-9.357-9.375-24.522-.04-33.901L188.505 256 34.484 101.255c-9.335-9.379-9.317-24.544.04-33.901l22.667-22.667c9.373-9.373 24.569-9.373 33.941 0L285.475 239.03c9.373 9.372 9.373 24.568.001 33.941z\"><\/path><\/svg>\t\t\t\t\t\t\t\t\t\t\t\t\t\t\t\n\t\t\t\t\t\t\t\t\t<span >\n\t\t\t\t\t\tEnglish\t\t\t\t\t<\/span>\n\t\t\t\t\t\t\t<\/div>\n\n\t\t\t\n\t\t\t\n\t\t\t\n\t\t<\/a>\n\n\n\t\t\t\t\t\t<\/div>\n\t\t\t\t<\/div>\n\t\t\t\t\t<\/div>\n\t\t<\/div>\n\t\t\t\t\t<\/div>\n\t\t<\/section>\n\t\t\t\t<section class=\"elementor-section elementor-top-section elementor-element elementor-element-150f6fd elementor-section-boxed elementor-section-height-default elementor-section-height-default wpr-particle-no wpr-jarallax-no wpr-parallax-no wpr-sticky-section-no wpr-equal-height-no\" data-id=\"150f6fd\" data-element_type=\"section\" data-e-type=\"section\">\n\t\t\t\t\t\t<div class=\"elementor-container elementor-column-gap-default\">\n\t\t\t\t\t<div class=\"elementor-column elementor-col-100 elementor-top-column elementor-element elementor-element-b35aa6f\" data-id=\"b35aa6f\" data-element_type=\"column\" data-e-type=\"column\">\n\t\t\t<div class=\"elementor-widget-wrap elementor-element-populated\">\n\t\t\t\t\t\t<div class=\"elementor-element elementor-element-ec67f69 elementor-widget elementor-widget-spacer\" data-id=\"ec67f69\" data-element_type=\"widget\" data-e-type=\"widget\" data-widget_type=\"spacer.default\">\n\t\t\t\t<div class=\"elementor-widget-container\">\n\t\t\t\t\t\t\t<div class=\"elementor-spacer\">\n\t\t\t<div class=\"elementor-spacer-inner\"><\/div>\n\t\t<\/div>\n\t\t\t\t\t\t<\/div>\n\t\t\t\t<\/div>\n\t\t\t\t\t<\/div>\n\t\t<\/div>\n\t\t\t\t\t<\/div>\n\t\t<\/section>\n\t\t\t\t<section class=\"elementor-section elementor-top-section elementor-element elementor-element-b9ca547 elementor-section-boxed elementor-section-height-default elementor-section-height-default wpr-particle-no wpr-jarallax-no wpr-parallax-no wpr-sticky-section-no wpr-equal-height-no\" data-id=\"b9ca547\" data-element_type=\"section\" data-e-type=\"section\">\n\t\t\t\t\t\t<div class=\"elementor-container elementor-column-gap-default\">\n\t\t\t\t\t<div class=\"elementor-column elementor-col-100 elementor-top-column elementor-element elementor-element-bb452cf\" data-id=\"bb452cf\" data-element_type=\"column\" data-e-type=\"column\">\n\t\t\t<div class=\"elementor-widget-wrap elementor-element-populated\">\n\t\t\t\t\t\t<div class=\"elementor-element elementor-element-cf607f9 elementor-widget elementor-widget-heading\" data-id=\"cf607f9\" data-element_type=\"widget\" data-e-type=\"widget\" data-widget_type=\"heading.default\">\n\t\t\t\t<div class=\"elementor-widget-container\">\n\t\t\t\t\t<h1 class=\"elementor-heading-title elementor-size-default\">El Parque Nacional Antisana, tiene como objetivo fortalecer una mayor protecci\u00f3n del c\u00f3ndor andino en el Ecuador.<\/h1>\t\t\t\t<\/div>\n\t\t\t\t<\/div>\n\t\t\t\t\t<\/div>\n\t\t<\/div>\n\t\t\t\t\t<\/div>\n\t\t<\/section>\n\t\t\t\t<section class=\"elementor-section elementor-top-section elementor-element elementor-element-d4e6734 elementor-section-boxed elementor-section-height-default elementor-section-height-default wpr-particle-no wpr-jarallax-no wpr-parallax-no wpr-sticky-section-no wpr-equal-height-no\" data-id=\"d4e6734\" data-element_type=\"section\" data-e-type=\"section\">\n\t\t\t\t\t\t<div class=\"elementor-container elementor-column-gap-default\">\n\t\t\t\t\t<div class=\"elementor-column elementor-col-100 elementor-top-column elementor-element elementor-element-a021838\" data-id=\"a021838\" data-element_type=\"column\" data-e-type=\"column\">\n\t\t\t<div class=\"elementor-widget-wrap elementor-element-populated\">\n\t\t\t\t\t\t<div class=\"elementor-element elementor-element-5c5aa65 elementor-widget elementor-widget-spacer\" data-id=\"5c5aa65\" data-element_type=\"widget\" data-e-type=\"widget\" data-widget_type=\"spacer.default\">\n\t\t\t\t<div class=\"elementor-widget-container\">\n\t\t\t\t\t\t\t<div class=\"elementor-spacer\">\n\t\t\t<div class=\"elementor-spacer-inner\"><\/div>\n\t\t<\/div>\n\t\t\t\t\t\t<\/div>\n\t\t\t\t<\/div>\n\t\t\t\t\t<\/div>\n\t\t<\/div>\n\t\t\t\t\t<\/div>\n\t\t<\/section>\n\t\t\t\t<section class=\"elementor-section elementor-top-section elementor-element elementor-element-97800bf elementor-section-boxed elementor-section-height-default elementor-section-height-default wpr-particle-no wpr-jarallax-no wpr-parallax-no wpr-sticky-section-no wpr-equal-height-no\" data-id=\"97800bf\" data-element_type=\"section\" data-e-type=\"section\">\n\t\t\t\t\t\t<div class=\"elementor-container elementor-column-gap-default\">\n\t\t\t\t\t<div class=\"elementor-column elementor-col-100 elementor-top-column elementor-element elementor-element-f203d5b\" data-id=\"f203d5b\" data-element_type=\"column\" data-e-type=\"column\" data-settings=\"{&quot;background_background&quot;:&quot;classic&quot;}\">\n\t\t\t<div class=\"elementor-widget-wrap elementor-element-populated\">\n\t\t\t\t\t<div class=\"elementor-background-overlay\"><\/div>\n\t\t\t\t\t\t<div class=\"elementor-element elementor-element-86b7007 elementor-align-end elementor-icon-list--layout-traditional elementor-list-item-link-full_width elementor-widget elementor-widget-icon-list\" data-id=\"86b7007\" data-element_type=\"widget\" data-e-type=\"widget\" data-widget_type=\"icon-list.default\">\n\t\t\t\t<div class=\"elementor-widget-container\">\n\t\t\t\t\t\t\t<ul class=\"elementor-icon-list-items\">\n\t\t\t\t\t\t\t<li class=\"elementor-icon-list-item\">\n\t\t\t\t\t\t\t\t\t\t\t<a href=\"https:\/\/www.instagram.com\/trailforth\/\" target=\"_blank\">\n\n\t\t\t\t\t\t\t\t\t\t\t\t<span class=\"elementor-icon-list-icon\">\n\t\t\t\t\t\t\t<i aria-hidden=\"true\" class=\"fab fa-instagram\"><\/i>\t\t\t\t\t\t<\/span>\n\t\t\t\t\t\t\t\t\t\t<span class=\"elementor-icon-list-text\">trailforth <\/span>\n\t\t\t\t\t\t\t\t\t\t\t<\/a>\n\t\t\t\t\t\t\t\t\t<\/li>\n\t\t\t\t\t\t<\/ul>\n\t\t\t\t\t\t<\/div>\n\t\t\t\t<\/div>\n\t\t\t\t<div class=\"elementor-element elementor-element-6e4a3c1 elementor-widget elementor-widget-text-editor\" data-id=\"6e4a3c1\" data-element_type=\"widget\" data-e-type=\"widget\" data-widget_type=\"text-editor.default\">\n\t\t\t\t<div class=\"elementor-widget-container\">\n\t\t\t\t\t\t\t\t\t<p>Vista del nevado Antisana.<\/p>\t\t\t\t\t\t\t\t<\/div>\n\t\t\t\t<\/div>\n\t\t\t\t\t<\/div>\n\t\t<\/div>\n\t\t\t\t\t<\/div>\n\t\t<\/section>\n\t\t\t\t<section class=\"elementor-section elementor-top-section elementor-element elementor-element-0189efc elementor-section-boxed elementor-section-height-default elementor-section-height-default wpr-particle-no wpr-jarallax-no wpr-parallax-no wpr-sticky-section-no wpr-equal-height-no\" data-id=\"0189efc\" data-element_type=\"section\" data-e-type=\"section\">\n\t\t\t\t\t\t<div class=\"elementor-container elementor-column-gap-default\">\n\t\t\t\t\t<div class=\"elementor-column elementor-col-100 elementor-top-column elementor-element elementor-element-83ae3b3\" data-id=\"83ae3b3\" data-element_type=\"column\" data-e-type=\"column\">\n\t\t\t<div class=\"elementor-widget-wrap elementor-element-populated\">\n\t\t\t\t\t\t<div class=\"elementor-element elementor-element-1f73473 elementor-widget elementor-widget-text-editor\" data-id=\"1f73473\" data-element_type=\"widget\" data-e-type=\"widget\" data-widget_type=\"text-editor.default\">\n\t\t\t\t<div class=\"elementor-widget-container\">\n\t\t\t\t\t\t\t\t\t<p>Texto &amp; Fotos: Jairo Cabrera &#8211; \/ Mapa: OpenStreetMap<\/p>\t\t\t\t\t\t\t\t<\/div>\n\t\t\t\t<\/div>\n\t\t\t\t\t<\/div>\n\t\t<\/div>\n\t\t\t\t\t<\/div>\n\t\t<\/section>\n\t\t\t\t<section class=\"elementor-section elementor-top-section elementor-element elementor-element-98d5865 elementor-section-boxed elementor-section-height-default elementor-section-height-default wpr-particle-no wpr-jarallax-no wpr-parallax-no wpr-sticky-section-no wpr-equal-height-no\" data-id=\"98d5865\" data-element_type=\"section\" data-e-type=\"section\">\n\t\t\t\t\t\t<div class=\"elementor-container elementor-column-gap-default\">\n\t\t\t\t\t<div class=\"elementor-column elementor-col-100 elementor-top-column elementor-element elementor-element-17518be\" data-id=\"17518be\" data-element_type=\"column\" data-e-type=\"column\">\n\t\t\t<div class=\"elementor-widget-wrap elementor-element-populated\">\n\t\t\t\t\t\t<div class=\"elementor-element elementor-element-4d0a778 elementor-widget elementor-widget-spacer\" data-id=\"4d0a778\" data-element_type=\"widget\" data-e-type=\"widget\" data-widget_type=\"spacer.default\">\n\t\t\t\t<div class=\"elementor-widget-container\">\n\t\t\t\t\t\t\t<div class=\"elementor-spacer\">\n\t\t\t<div class=\"elementor-spacer-inner\"><\/div>\n\t\t<\/div>\n\t\t\t\t\t\t<\/div>\n\t\t\t\t<\/div>\n\t\t\t\t\t<\/div>\n\t\t<\/div>\n\t\t\t\t\t<\/div>\n\t\t<\/section>\n\t\t\t\t<section class=\"elementor-section elementor-top-section elementor-element elementor-element-234ce28 elementor-section-boxed elementor-section-height-default elementor-section-height-default wpr-particle-no wpr-jarallax-no wpr-parallax-no wpr-sticky-section-no wpr-equal-height-no\" data-id=\"234ce28\" data-element_type=\"section\" data-e-type=\"section\">\n\t\t\t\t\t\t<div class=\"elementor-container elementor-column-gap-default\">\n\t\t\t\t\t<div class=\"elementor-column elementor-col-100 elementor-top-column elementor-element elementor-element-08afca0\" data-id=\"08afca0\" data-element_type=\"column\" data-e-type=\"column\">\n\t\t\t<div class=\"elementor-widget-wrap elementor-element-populated\">\n\t\t\t\t\t\t<div class=\"elementor-element elementor-element-f82f87a elementor-drop-cap-yes elementor-drop-cap-view-default elementor-widget elementor-widget-text-editor\" data-id=\"f82f87a\" data-element_type=\"widget\" data-e-type=\"widget\" data-settings=\"{&quot;drop_cap&quot;:&quot;yes&quot;}\" data-widget_type=\"text-editor.default\">\n\t\t\t\t<div class=\"elementor-widget-container\">\n\t\t\t\t\t\t\t\t\t<p>El Parque Nacional Antisana, tiene como objetivo <strong>fortalecer una mayor protecci\u00f3n del c\u00f3ndor andino en el Ecuador.<\/strong> El Parque Nacional cuenta con una <strong>superficie aproximada de 120.581,3 hect\u00e1reas <\/strong>y colinda con otras<strong> \u00e1reas protegidas del Subsistema Estatal<\/strong>, como son el Parque Nacional Cayambe Coca al norte, el Parque Nacional Sumaco Napo Galeras al noroeste y, la Reserva Biol\u00f3gica Colonso Chalupas al suroeste. El Parque Nacional est\u00e1 ubicado en las provincias de Pichincha y Napo.<\/p>\t\t\t\t\t\t\t\t<\/div>\n\t\t\t\t<\/div>\n\t\t\t\t\t<\/div>\n\t\t<\/div>\n\t\t\t\t\t<\/div>\n\t\t<\/section>\n\t\t\t\t<section class=\"elementor-section elementor-top-section elementor-element elementor-element-0afc8d7 elementor-section-boxed elementor-section-height-default elementor-section-height-default wpr-particle-no wpr-jarallax-no wpr-parallax-no wpr-sticky-section-no wpr-equal-height-no\" data-id=\"0afc8d7\" data-element_type=\"section\" data-e-type=\"section\">\n\t\t\t\t\t\t<div class=\"elementor-container elementor-column-gap-default\">\n\t\t\t\t\t<div class=\"elementor-column elementor-col-100 elementor-top-column elementor-element elementor-element-294736a\" data-id=\"294736a\" data-element_type=\"column\" data-e-type=\"column\">\n\t\t\t<div class=\"elementor-widget-wrap elementor-element-populated\">\n\t\t\t\t\t\t<div class=\"elementor-element elementor-element-3f50843 elementor-widget elementor-widget-heading\" data-id=\"3f50843\" data-element_type=\"widget\" data-e-type=\"widget\" data-widget_type=\"heading.default\">\n\t\t\t\t<div class=\"elementor-widget-container\">\n\t\t\t\t\t<h2 class=\"elementor-heading-title elementor-size-default\">El nombre del Parque Nacional Antisana.<\/h2>\t\t\t\t<\/div>\n\t\t\t\t<\/div>\n\t\t\t\t\t<\/div>\n\t\t<\/div>\n\t\t\t\t\t<\/div>\n\t\t<\/section>\n\t\t\t\t<section class=\"elementor-section elementor-top-section elementor-element elementor-element-3d04789 elementor-section-boxed elementor-section-height-default elementor-section-height-default wpr-particle-no wpr-jarallax-no wpr-parallax-no wpr-sticky-section-no wpr-equal-height-no\" data-id=\"3d04789\" data-element_type=\"section\" data-e-type=\"section\">\n\t\t\t\t\t\t<div class=\"elementor-container elementor-column-gap-default\">\n\t\t\t\t\t<div class=\"elementor-column elementor-col-100 elementor-top-column elementor-element elementor-element-ca5594d\" data-id=\"ca5594d\" data-element_type=\"column\" data-e-type=\"column\">\n\t\t\t<div class=\"elementor-widget-wrap elementor-element-populated\">\n\t\t\t\t\t\t<div class=\"elementor-element elementor-element-9d618ad elementor-widget elementor-widget-text-editor\" data-id=\"9d618ad\" data-element_type=\"widget\" data-e-type=\"widget\" data-widget_type=\"text-editor.default\">\n\t\t\t\t<div class=\"elementor-widget-container\">\n\t\t\t\t\t\t\t\t\t<p>El nombre de este parque nacional se debe al <strong>Antisana, un volc\u00e1n ubicado en la cordillera Oriental de los Andes con una altura de 5.758<\/strong> metros sobre el nivel del mar, y su zona de influencia se encuentra situada en la sierra central y estribaciones orientales de los Andes. En este parque nacional en su interior hay p\u00e1ramos y bosques andinos. <strong>El paso y retroceso de los glaciares y la evoluci\u00f3n han creado en su territorio paisajes impresionantes y una vida silvestre muy diversa debido a la actividad volc\u00e1nica.<\/strong><\/p>\t\t\t\t\t\t\t\t<\/div>\n\t\t\t\t<\/div>\n\t\t\t\t\t<\/div>\n\t\t<\/div>\n\t\t\t\t\t<\/div>\n\t\t<\/section>\n\t\t\t\t<section class=\"elementor-section elementor-top-section elementor-element elementor-element-f5a1f6d elementor-section-boxed elementor-section-height-default elementor-section-height-default wpr-particle-no wpr-jarallax-no wpr-parallax-no wpr-sticky-section-no wpr-equal-height-no\" data-id=\"f5a1f6d\" data-element_type=\"section\" data-e-type=\"section\">\n\t\t\t\t\t\t<div class=\"elementor-container elementor-column-gap-default\">\n\t\t\t\t\t<div class=\"elementor-column elementor-col-100 elementor-top-column elementor-element elementor-element-d7ff42e\" data-id=\"d7ff42e\" data-element_type=\"column\" data-e-type=\"column\">\n\t\t\t<div class=\"elementor-widget-wrap elementor-element-populated\">\n\t\t\t\t\t\t<div class=\"elementor-element elementor-element-77524aa elementor-widget elementor-widget-heading\" data-id=\"77524aa\" data-element_type=\"widget\" data-e-type=\"widget\" data-widget_type=\"heading.default\">\n\t\t\t\t<div class=\"elementor-widget-container\">\n\t\t\t\t\t<h2 class=\"elementor-heading-title elementor-size-default\">Riquezas naturales en el Parque Nacional Antisana.<\/h2>\t\t\t\t<\/div>\n\t\t\t\t<\/div>\n\t\t\t\t\t<\/div>\n\t\t<\/div>\n\t\t\t\t\t<\/div>\n\t\t<\/section>\n\t\t\t\t<section class=\"elementor-section elementor-top-section elementor-element elementor-element-1507de5 elementor-section-boxed elementor-section-height-default elementor-section-height-default wpr-particle-no wpr-jarallax-no wpr-parallax-no wpr-sticky-section-no wpr-equal-height-no\" data-id=\"1507de5\" data-element_type=\"section\" data-e-type=\"section\">\n\t\t\t\t\t\t<div class=\"elementor-container elementor-column-gap-default\">\n\t\t\t\t\t<div class=\"elementor-column elementor-col-100 elementor-top-column elementor-element elementor-element-7375fb3\" data-id=\"7375fb3\" data-element_type=\"column\" data-e-type=\"column\">\n\t\t\t<div class=\"elementor-widget-wrap elementor-element-populated\">\n\t\t\t\t\t\t<div class=\"elementor-element elementor-element-ea3fb91 elementor-widget elementor-widget-text-editor\" data-id=\"ea3fb91\" data-element_type=\"widget\" data-e-type=\"widget\" data-widget_type=\"text-editor.default\">\n\t\t\t\t<div class=\"elementor-widget-container\">\n\t\t\t\t\t\t\t\t\t<p>La <strong>laguna de la Mica<\/strong> es un espejo asombroso del volc\u00e1n, desde aqu\u00ed va parte del agua que recibe la ciudad de Quito. Adem\u00e1s de esta laguna, existen en la zona \u00e1reas pantanosas donde el agua se anega en \u00e9poca lluviosa, formando <strong>lagunas estacionales como: Santa Luc\u00eda y Mauca Machay<\/strong>. En el parque nacional nacen los r\u00edos que luego de su viaje por las laderas orientales, van a alimentar los r\u00edos Coca y Napo. En el valle del Tambo hay aguas termales.<\/p>\t\t\t\t\t\t\t\t<\/div>\n\t\t\t\t<\/div>\n\t\t\t\t\t<\/div>\n\t\t<\/div>\n\t\t\t\t\t<\/div>\n\t\t<\/section>\n\t\t\t\t<section class=\"elementor-section elementor-top-section elementor-element elementor-element-02e241f elementor-section-boxed elementor-section-height-default elementor-section-height-default wpr-particle-no wpr-jarallax-no wpr-parallax-no wpr-sticky-section-no wpr-equal-height-no\" data-id=\"02e241f\" data-element_type=\"section\" data-e-type=\"section\">\n\t\t\t\t\t\t<div class=\"elementor-container elementor-column-gap-default\">\n\t\t\t\t\t<div class=\"elementor-column elementor-col-100 elementor-top-column elementor-element elementor-element-a368e73\" data-id=\"a368e73\" data-element_type=\"column\" data-e-type=\"column\">\n\t\t\t<div class=\"elementor-widget-wrap elementor-element-populated\">\n\t\t\t\t\t\t<div class=\"elementor-element elementor-element-e96cae3 elementor-widget elementor-widget-spacer\" data-id=\"e96cae3\" data-element_type=\"widget\" data-e-type=\"widget\" data-widget_type=\"spacer.default\">\n\t\t\t\t<div class=\"elementor-widget-container\">\n\t\t\t\t\t\t\t<div class=\"elementor-spacer\">\n\t\t\t<div class=\"elementor-spacer-inner\"><\/div>\n\t\t<\/div>\n\t\t\t\t\t\t<\/div>\n\t\t\t\t<\/div>\n\t\t\t\t\t<\/div>\n\t\t<\/div>\n\t\t\t\t\t<\/div>\n\t\t<\/section>\n\t\t\t\t<section class=\"elementor-section elementor-top-section elementor-element elementor-element-cb266f5 elementor-section-boxed elementor-section-height-default elementor-section-height-default wpr-particle-no wpr-jarallax-no wpr-parallax-no wpr-sticky-section-no wpr-equal-height-no\" data-id=\"cb266f5\" data-element_type=\"section\" data-e-type=\"section\">\n\t\t\t\t\t\t<div class=\"elementor-container elementor-column-gap-default\">\n\t\t\t\t\t<div class=\"elementor-column elementor-col-25 elementor-top-column elementor-element elementor-element-5da1afd\" data-id=\"5da1afd\" data-element_type=\"column\" data-e-type=\"column\" data-settings=\"{&quot;background_background&quot;:&quot;classic&quot;}\">\n\t\t\t<div class=\"elementor-widget-wrap elementor-element-populated\">\n\t\t\t\t\t<div class=\"elementor-background-overlay\"><\/div>\n\t\t\t\t\t\t<div class=\"elementor-element elementor-element-7226783 elementor-align-end elementor-icon-list--layout-traditional elementor-list-item-link-full_width elementor-widget elementor-widget-icon-list\" data-id=\"7226783\" data-element_type=\"widget\" data-e-type=\"widget\" data-widget_type=\"icon-list.default\">\n\t\t\t\t<div class=\"elementor-widget-container\">\n\t\t\t\t\t\t\t<ul class=\"elementor-icon-list-items\">\n\t\t\t\t\t\t\t<li class=\"elementor-icon-list-item\">\n\t\t\t\t\t\t\t\t\t\t\t<a href=\"https:\/\/www.instagram.com\/trailforth\/\" target=\"_blank\">\n\n\t\t\t\t\t\t\t\t\t\t\t\t<span class=\"elementor-icon-list-icon\">\n\t\t\t\t\t\t\t<i aria-hidden=\"true\" class=\"fab fa-instagram\"><\/i>\t\t\t\t\t\t<\/span>\n\t\t\t\t\t\t\t\t\t\t<span class=\"elementor-icon-list-text\">trailforth <\/span>\n\t\t\t\t\t\t\t\t\t\t\t<\/a>\n\t\t\t\t\t\t\t\t\t<\/li>\n\t\t\t\t\t\t<\/ul>\n\t\t\t\t\t\t<\/div>\n\t\t\t\t<\/div>\n\t\t\t\t<div class=\"elementor-element elementor-element-80216a2 elementor-widget elementor-widget-text-editor\" data-id=\"80216a2\" data-element_type=\"widget\" data-e-type=\"widget\" data-widget_type=\"text-editor.default\">\n\t\t\t\t<div class=\"elementor-widget-container\">\n\t\t\t\t\t\t\t\t\t<p>Glaciar en el Parque Nacional Antisana y su volc\u00e1n Antisana.<\/p>\t\t\t\t\t\t\t\t<\/div>\n\t\t\t\t<\/div>\n\t\t\t\t\t<\/div>\n\t\t<\/div>\n\t\t\t\t<div class=\"elementor-column elementor-col-25 elementor-top-column elementor-element elementor-element-8ef1b66\" data-id=\"8ef1b66\" data-element_type=\"column\" data-e-type=\"column\">\n\t\t\t<div class=\"elementor-widget-wrap elementor-element-populated\">\n\t\t\t\t\t\t<div class=\"elementor-element elementor-element-81b88e2 elementor-widget elementor-widget-spacer\" data-id=\"81b88e2\" data-element_type=\"widget\" data-e-type=\"widget\" data-widget_type=\"spacer.default\">\n\t\t\t\t<div class=\"elementor-widget-container\">\n\t\t\t\t\t\t\t<div class=\"elementor-spacer\">\n\t\t\t<div class=\"elementor-spacer-inner\"><\/div>\n\t\t<\/div>\n\t\t\t\t\t\t<\/div>\n\t\t\t\t<\/div>\n\t\t\t\t\t<\/div>\n\t\t<\/div>\n\t\t\t\t<div class=\"elementor-column elementor-col-25 elementor-top-column elementor-element elementor-element-c8bea28\" data-id=\"c8bea28\" data-element_type=\"column\" data-e-type=\"column\">\n\t\t\t<div class=\"elementor-widget-wrap elementor-element-populated\">\n\t\t\t\t\t\t<div class=\"elementor-element elementor-element-15a7276 elementor-widget elementor-widget-spacer\" data-id=\"15a7276\" data-element_type=\"widget\" data-e-type=\"widget\" data-widget_type=\"spacer.default\">\n\t\t\t\t<div class=\"elementor-widget-container\">\n\t\t\t\t\t\t\t<div class=\"elementor-spacer\">\n\t\t\t<div class=\"elementor-spacer-inner\"><\/div>\n\t\t<\/div>\n\t\t\t\t\t\t<\/div>\n\t\t\t\t<\/div>\n\t\t\t\t\t<\/div>\n\t\t<\/div>\n\t\t\t\t<div class=\"elementor-column elementor-col-25 elementor-top-column elementor-element elementor-element-19087ee\" data-id=\"19087ee\" data-element_type=\"column\" data-e-type=\"column\">\n\t\t\t<div class=\"elementor-widget-wrap elementor-element-populated\">\n\t\t\t\t\t\t<div class=\"elementor-element elementor-element-c6c7d17 elementor-widget elementor-widget-text-editor\" data-id=\"c6c7d17\" data-element_type=\"widget\" data-e-type=\"widget\" data-widget_type=\"text-editor.default\">\n\t\t\t\t<div class=\"elementor-widget-container\">\n\t\t\t\t\t\t\t\t\t<p>Estos territorios son administrados por el <a href=\"http:\/\/areasprotegidas.ambiente.gob.ec\/es\" target=\"_blank\" rel=\"noreferrer noopener\">Ministerio del Ambiente del Ambiente, Agua y Transici\u00f3n Ecol\u00f3gica<\/a> en conjunto con 17 guarda parques que realizan labores de control y vigilancia de flora y fauna silvestre, educaci\u00f3n ambiental, monitoreo y seguimiento de especies, control de visitantes, manejo de los sitios de visita, mantenimiento de infraestructura tur\u00edstica como senderos, se\u00f1al\u00e9tica, entre otros.<\/p>\t\t\t\t\t\t\t\t<\/div>\n\t\t\t\t<\/div>\n\t\t\t\t<div class=\"elementor-element elementor-element-0046365 elementor-widget elementor-widget-text-editor\" data-id=\"0046365\" data-element_type=\"widget\" data-e-type=\"widget\" data-widget_type=\"text-editor.default\">\n\t\t\t\t<div class=\"elementor-widget-container\">\n\t\t\t\t\t\t\t\t\t<p>Esta \u00e1rea protegida representa un territorio importante de conservaci\u00f3n de la biodiversidad. Posee nueve tipos de ecosistemas donde se incluyen a los glaciares del volc\u00e1n Antisana, adem\u00e1s de p\u00e1ramos y bosques de monta\u00f1a de la cordillera oriental. La situaci\u00f3n geogr\u00e1fica y las \u00e9pocas del a\u00f1o inciden directamente en el clima de la zona; en el volc\u00e1n con nieve perpetua y en zonas aleda\u00f1as la temperatura var\u00eda desde algunos grados Celsius bajo cero, hasta 10\u00baC y en las zonas m\u00e1s bajas hasta aproximadamente 20\u00baC.<\/p>\t\t\t\t\t\t\t\t<\/div>\n\t\t\t\t<\/div>\n\t\t\t\t\t<\/div>\n\t\t<\/div>\n\t\t\t\t\t<\/div>\n\t\t<\/section>\n\t\t\t\t<section class=\"elementor-section elementor-top-section elementor-element elementor-element-dc2e53f elementor-section-boxed elementor-section-height-default elementor-section-height-default wpr-particle-no wpr-jarallax-no wpr-parallax-no wpr-sticky-section-no wpr-equal-height-no\" data-id=\"dc2e53f\" data-element_type=\"section\" data-e-type=\"section\">\n\t\t\t\t\t\t<div class=\"elementor-container elementor-column-gap-default\">\n\t\t\t\t\t<div class=\"elementor-column elementor-col-100 elementor-top-column elementor-element elementor-element-baf09d5\" data-id=\"baf09d5\" data-element_type=\"column\" data-e-type=\"column\">\n\t\t\t<div class=\"elementor-widget-wrap elementor-element-populated\">\n\t\t\t\t\t\t<div class=\"elementor-element elementor-element-7e313e3 elementor-widget elementor-widget-spacer\" data-id=\"7e313e3\" data-element_type=\"widget\" data-e-type=\"widget\" data-widget_type=\"spacer.default\">\n\t\t\t\t<div class=\"elementor-widget-container\">\n\t\t\t\t\t\t\t<div class=\"elementor-spacer\">\n\t\t\t<div class=\"elementor-spacer-inner\"><\/div>\n\t\t<\/div>\n\t\t\t\t\t\t<\/div>\n\t\t\t\t<\/div>\n\t\t\t\t\t<\/div>\n\t\t<\/div>\n\t\t\t\t\t<\/div>\n\t\t<\/section>\n\t\t\t\t<section class=\"elementor-section elementor-top-section elementor-element elementor-element-ecfe129 elementor-section-boxed elementor-section-height-default elementor-section-height-default wpr-particle-no wpr-jarallax-no wpr-parallax-no wpr-sticky-section-no wpr-equal-height-no\" data-id=\"ecfe129\" data-element_type=\"section\" data-e-type=\"section\">\n\t\t\t\t\t\t<div class=\"elementor-container elementor-column-gap-default\">\n\t\t\t\t\t<div class=\"elementor-column elementor-col-100 elementor-top-column elementor-element elementor-element-3abc9db\" data-id=\"3abc9db\" data-element_type=\"column\" data-e-type=\"column\">\n\t\t\t<div class=\"elementor-widget-wrap elementor-element-populated\">\n\t\t\t\t\t\t<div class=\"elementor-element elementor-element-5f1fff1 elementor-widget elementor-widget-heading\" data-id=\"5f1fff1\" data-element_type=\"widget\" data-e-type=\"widget\" data-widget_type=\"heading.default\">\n\t\t\t\t<div class=\"elementor-widget-container\">\n\t\t\t\t\t<h2 class=\"elementor-heading-title elementor-size-default\">De Reserva Ecol\u00f3gica Antisana a Parque Nacional.<\/h2>\t\t\t\t<\/div>\n\t\t\t\t<\/div>\n\t\t\t\t\t<\/div>\n\t\t<\/div>\n\t\t\t\t\t<\/div>\n\t\t<\/section>\n\t\t\t\t<section class=\"elementor-section elementor-top-section elementor-element elementor-element-c51f58a elementor-section-boxed elementor-section-height-default elementor-section-height-default wpr-particle-no wpr-jarallax-no wpr-parallax-no wpr-sticky-section-no wpr-equal-height-no\" data-id=\"c51f58a\" data-element_type=\"section\" data-e-type=\"section\">\n\t\t\t\t\t\t<div class=\"elementor-container elementor-column-gap-default\">\n\t\t\t\t\t<div class=\"elementor-column elementor-col-100 elementor-top-column elementor-element elementor-element-ec700b7\" data-id=\"ec700b7\" data-element_type=\"column\" data-e-type=\"column\">\n\t\t\t<div class=\"elementor-widget-wrap elementor-element-populated\">\n\t\t\t\t\t\t<div class=\"elementor-element elementor-element-67000c9 elementor-widget elementor-widget-text-editor\" data-id=\"67000c9\" data-element_type=\"widget\" data-e-type=\"widget\" data-widget_type=\"text-editor.default\">\n\t\t\t\t<div class=\"elementor-widget-container\">\n\t\t\t\t\t\t\t\t\t<p>A trav\u00e9s del Acuerdo Ministerial del 20 de julio de 2021 el Ministerio del Ambiente, Agua y Transici\u00f3n Ecol\u00f3gica, oficializ\u00f3 el cambio de categor\u00eda de Reserva Ecol\u00f3gica Antisana a Parque Nacional Antisana con el fin de <strong>fortalecer acciones de conservaci\u00f3n para el <a href=\"https:\/\/www.iucnredlist.org\/es\/species\/22697641\/181325230\" target=\"_blank\" rel=\"noreferrer noopener\">c\u00f3ndor andino (<em>Vultur gryphus<\/em>)<\/a><\/strong>. El parque nacional se suma como el parque nacional n\u00famero 14 a la lista de Parques Nacionales del Ecuador.<\/p>\t\t\t\t\t\t\t\t<\/div>\n\t\t\t\t<\/div>\n\t\t\t\t\t<\/div>\n\t\t<\/div>\n\t\t\t\t\t<\/div>\n\t\t<\/section>\n\t\t\t\t<section class=\"elementor-section elementor-top-section elementor-element elementor-element-59d6936 elementor-section-boxed elementor-section-height-default elementor-section-height-default wpr-particle-no wpr-jarallax-no wpr-parallax-no wpr-sticky-section-no wpr-equal-height-no\" data-id=\"59d6936\" data-element_type=\"section\" data-e-type=\"section\">\n\t\t\t\t\t\t<div class=\"elementor-container elementor-column-gap-default\">\n\t\t\t\t\t<div class=\"elementor-column elementor-col-100 elementor-top-column elementor-element elementor-element-0bbe311\" data-id=\"0bbe311\" data-element_type=\"column\" data-e-type=\"column\">\n\t\t\t<div class=\"elementor-widget-wrap elementor-element-populated\">\n\t\t\t\t\t\t<div class=\"elementor-element elementor-element-0678ab0 elementor-widget-divider--view-line elementor-widget elementor-widget-divider\" data-id=\"0678ab0\" data-element_type=\"widget\" data-e-type=\"widget\" data-widget_type=\"divider.default\">\n\t\t\t\t<div class=\"elementor-widget-container\">\n\t\t\t\t\t\t\t<div class=\"elementor-divider\">\n\t\t\t<span class=\"elementor-divider-separator\">\n\t\t\t\t\t\t<\/span>\n\t\t<\/div>\n\t\t\t\t\t\t<\/div>\n\t\t\t\t<\/div>\n\t\t\t\t<div class=\"elementor-element elementor-element-709356a animated-slow elementor-invisible elementor-widget elementor-widget-heading\" data-id=\"709356a\" data-element_type=\"widget\" data-e-type=\"widget\" data-settings=\"{&quot;_animation&quot;:&quot;fadeInUp&quot;}\" data-widget_type=\"heading.default\">\n\t\t\t\t<div class=\"elementor-widget-container\">\n\t\t\t\t\t<h3 class=\"elementor-heading-title elementor-size-default\">Trail Forth Journal<\/h3>\t\t\t\t<\/div>\n\t\t\t\t<\/div>\n\t\t\t\t\t<\/div>\n\t\t<\/div>\n\t\t\t\t\t<\/div>\n\t\t<\/section>\n\t\t\t\t<section class=\"elementor-section elementor-top-section elementor-element elementor-element-377c984 elementor-section-boxed elementor-section-height-default elementor-section-height-default wpr-particle-no wpr-jarallax-no wpr-parallax-no wpr-sticky-section-no wpr-equal-height-no\" data-id=\"377c984\" data-element_type=\"section\" data-e-type=\"section\" data-settings=\"{&quot;background_background&quot;:&quot;classic&quot;}\">\n\t\t\t\t\t\t<div class=\"elementor-container elementor-column-gap-default\">\n\t\t\t\t\t<div class=\"elementor-column elementor-col-100 elementor-top-column elementor-element elementor-element-12be9d2\" data-id=\"12be9d2\" data-element_type=\"column\" data-e-type=\"column\">\n\t\t\t<div class=\"elementor-widget-wrap\">\n\t\t\t\t\t\t\t<\/div>\n\t\t<\/div>\n\t\t\t\t\t<\/div>\n\t\t<\/section>\n\t\t\t\t<section class=\"elementor-section elementor-top-section elementor-element elementor-element-934ce73 elementor-section-boxed elementor-section-height-default elementor-section-height-default wpr-particle-no wpr-jarallax-no wpr-parallax-no wpr-sticky-section-no wpr-equal-height-no\" data-id=\"934ce73\" data-element_type=\"section\" data-e-type=\"section\">\n\t\t\t\t\t\t<div class=\"elementor-container elementor-column-gap-default\">\n\t\t\t\t\t<div class=\"elementor-column elementor-col-100 elementor-top-column elementor-element elementor-element-2f5fab4\" data-id=\"2f5fab4\" data-element_type=\"column\" data-e-type=\"column\">\n\t\t\t<div class=\"elementor-widget-wrap elementor-element-populated\">\n\t\t\t\t\t\t<div class=\"elementor-element elementor-element-248b9ff elementor-widget elementor-widget-html\" data-id=\"248b9ff\" data-element_type=\"widget\" data-e-type=\"widget\" data-widget_type=\"html.default\">\n\t\t\t\t<div class=\"elementor-widget-container\">\n\t\t\t\t\t<div class=\"tf-author-card\">\n    <div class=\"tf-card-inner\">\n        <div class=\"tf-author-profile\">\n            <div class=\"tf-avatar-container\">\n                <img data-recalc-dims=\"1\" decoding=\"async\" src=\"https:\/\/i0.wp.com\/trailforthjournal.com\/es\/wp-content\/uploads\/sites\/4\/2026\/02\/Editor-%C2%B7-Curador-de-rutas-y-experiencias.png?w=1032&#038;ssl=1\" alt=\"Jairo Cabrera\" class=\"tf-photo\">\n            <\/div>\n            <h3 class=\"tf-author-name\">Jairo Cabrera<\/h3>\n            <span class=\"tf-author-role\">Editor \u00b7 Curador de rutas y experiencias<\/span>\n        <\/div>\n\n        <div class=\"tf-author-content\">\n            <p class=\"tf-bio\">\n                \"Trail Forth Journal es un proyecto editorial independiente dedicado a documentar mapas, lugares, rutas y experiencias en Ecuador, desde una mirada local y cercana.\"\n            <\/p>\n            <p class=\"tf-support-text\">\n                 Si esta gu\u00eda te ayud\u00f3 a planear tu viaje, puedes escribirme si est\u00e1s organizando tu visita o apoyar el proyecto:\n            <\/p>\n            \n            <div class=\"tf-cta-group\">\n                <button class=\"tf-btn-primary\" onclick=\"toggleQueryPanel()\">\n                    <span>\ud83e\udded Ayuda para planear tu viaje<\/span>\n                <\/button>\n                <button class=\"tf-btn-secondary\" onclick=\"toggleStep1()\">\n                    <span>\u2615 Apoya Trail Forth Journal<\/span>\n                <\/button>\n            <\/div>\n        <\/div>\n    <\/div>\n\n    <div id=\"queryPanel\" class=\"tf-sliding-panel\">\n        <div class=\"tf-panel-content-box\">\n            <h4>\u00bfEn qu\u00e9 puedo ayudarte?<\/h4>\n            <p style=\"font-size: 13px; color: #666; margin-bottom: 15px;\">Cu\u00e9ntame sobre tus fechas, hotel o dudas de transporte para ayudarte a planear mejor.<\/p>\n            <textarea id=\"userQuery\" class=\"tf-query-textarea\" placeholder=\"Ej: Hola Jairo, planeo visitar Guayaquil...\"><\/textarea>\n            <div class=\"tf-action-grid\">\n                <button onclick=\"sendViaWhatsApp()\" class=\"tf-btn-action wa\"><span>Enviar por WhatsApp<\/span><\/button>\n                <button onclick=\"sendViaEmail()\" class=\"tf-btn-action mail\"><span>Enviar por Correo<\/span><\/button>\n            <\/div>\n        <\/div>\n    <\/div>\n\n    <div id=\"stepConsent\" class=\"tf-sliding-panel\">\n        <div class=\"tf-panel-content-box\">\n            <p>Este apoyo es voluntario y ayuda a sostener este proyecto editorial independiente.<\/p>\n            <label class=\"tf-checkbox-label\">\n                <input type=\"checkbox\" id=\"consentCheckbox\" onchange=\"toggleContinueBtn()\">\n                <span>Entiendo que esta es una contribuci\u00f3n voluntaria.<\/span>\n            <\/label>\n            <button class=\"tf-policy-link-btn\" onclick=\"openModal()\">Ver pol\u00edtica de contribuciones<\/button>\n            <button id=\"btnContinue\" class=\"tf-btn-continue\" disabled onclick=\"showQRCodes()\">Continuar<\/button>\n        <\/div>\n    <\/div>\n\n    <div id=\"stepQR\" class=\"tf-sliding-panel\" style=\"border-top: none;\">\n        <div class=\"tf-panel-content-box\">\n            \n            <div class=\"tf-qr-wrapper\">\n                <div class=\"tf-qr-card\">\n                    <img data-recalc-dims=\"1\" decoding=\"async\" src=\"https:\/\/i0.wp.com\/trailforthjournal.com\/es\/wp-content\/uploads\/sites\/4\/2026\/02\/QR-deuna.jpg?w=1032&#038;ssl=1\" alt=\"QR Deuna\">\n                <\/div>\n                <div class=\"tf-qr-card\">\n                    <img data-recalc-dims=\"1\" decoding=\"async\" src=\"https:\/\/i0.wp.com\/trailforthjournal.com\/es\/wp-content\/uploads\/sites\/4\/2026\/02\/QR-Zelle.jpg?w=1032&#038;ssl=1\" alt=\"QR Zelle\">\n                <\/div>\n            <\/div>\n\n            <div class=\"tf-direct-links\">\n                <a href=\"https:\/\/paypal.me\/trailforth\" target=\"_blank\" class=\"tf-link-btn paypal\">\n                    <img decoding=\"async\" src=\"https:\/\/upload.wikimedia.org\/wikipedia\/commons\/b\/b5\/PayPal.svg\" alt=\"PayPal\"> Contribuir por PayPal\n                <\/a>\n                <a href=\"https:\/\/www.buymeacoffee.com\/trailforthjournal\" target=\"_blank\" class=\"tf-link-btn bmc\">\n                    <span>\u2615<\/span> Buy Me a Coffee\n                <\/a>\n            <\/div>\n\n            <p class=\"tf-qr-footer\">\u201cTu apoyo voluntario nos ayuda a seguir documentando y compartiendo lugares de Ecuador desde una mirada local.\u201d<\/p>\n        <\/div>\n    <\/div>\n<\/div>\n\n<div id=\"policyModal\" class=\"tf-modal-overlay\">\n    <div class=\"tf-modal-content\">\n        <div class=\"tf-modal-header\">\n            <h4>Pol\u00edtica de Contribuciones<\/h4>\n            <button class=\"tf-close-modal\" onclick=\"closeModal()\">&times;<\/button>\n        <\/div>\n        <div class=\"tf-modal-body\">\n            <p>Las contribuciones realizadas son voluntarias, no reembolsables y ayudan a sostener el trabajo de documentaci\u00f3n de Trail Forth Journal.<\/p>\n        <\/div>\n        <div class=\"tf-modal-footer\">\n            <button class=\"tf-btn-primary\" style=\"padding: 10px 25px;\" onclick=\"closeModal()\">Entendido<\/button>\n        <\/div>\n    <\/div>\n<\/div>\n\n<style>\n    :root {\n        --tf-blue-dark: #1E3A8A; \n        --tf-blue-main: #3F74E8;  \n        --tf-blue-light: #4580FF; \n        --tf-wa-green: #25D366;\n    }\n\n    .tf-author-card {\n        max-width: 900px;\n        margin: 40px auto;\n        background: #ffffff;\n        border-radius: 30px;\n        border: 1px solid #eee;\n        box-shadow: 0 20px 50px rgba(0,0,0,0.05);\n        overflow: hidden;\n        font-family: 'Inter', sans-serif;\n    }\n\n    .tf-card-inner { display: flex; padding: 40px 50px; gap: 40px; align-items: center; }\n    .tf-avatar-container { width: 130px; height: 130px; margin: 0 auto; }\n    .tf-photo { width: 100%; height: 100%; border-radius: 50%; object-fit: cover; border: 1px solid #eee; }\n\n    .tf-author-profile { flex: 0 0 220px; text-align: center; }\n    .tf-author-name { margin: 15px 0 0 0; font-size: 22px; color: #111; font-weight: 800; }\n    .tf-author-role { font-size: 10px; color: var(--tf-blue-dark); text-transform: uppercase; letter-spacing: 1.5px; display: block; margin-top: 8px; font-weight: 500; }\n    .tf-bio { font-size: 15px; line-height: 1.6; color: #555; font-style: italic; margin-bottom: 20px; border-left: 3px solid #f0f2f4; padding-left: 20px; }\n    .tf-support-text { font-size: 14px; color: #333; margin-bottom: 20px; }\n\n    .tf-cta-group { display: flex; gap: 12px; }\n    .tf-btn-primary, .tf-btn-secondary { flex: 1; padding: 14px; border-radius: 12px; font-size: 12px; font-weight: 700; cursor: pointer; transition: 0.3s; border: none; color: white; }\n    .tf-btn-primary { background-color: var(--tf-blue-main); }\n    .tf-btn-secondary { background-color: var(--tf-blue-light); }\n    .tf-btn-primary:hover, .tf-btn-secondary:hover { transform: translateY(-2px); box-shadow: 0 5px 15px rgba(0,0,0,0.1); }\n\n    .tf-sliding-panel { display: none; background: #fafafa; padding: 35px; border-top: 1px solid #f0f0f0; animation: tfSlideUp 0.4s ease forwards; }\n    .tf-panel-content-box { text-align: center; max-width: 550px; margin: 0 auto; }\n    \n    .tf-query-textarea { width: 100%; height: 90px; padding: 15px; border-radius: 12px; border: 1px solid #ddd; font-size: 14px; resize: none; margin-bottom: 15px; }\n    .tf-action-grid { display: flex; gap: 12px; }\n    .tf-btn-action { flex: 1; padding: 12px; border-radius: 50px; border: none; color: white; font-weight: 700; cursor: pointer; font-size: 13px; }\n    .tf-btn-action.wa { background: var(--tf-wa-green); }\n    .tf-btn-action.mail { background: var(--tf-blue-dark); }\n\n    .tf-checkbox-label { display: flex; align-items: center; justify-content: center; gap: 10px; cursor: pointer; font-size: 13px; color: #666; margin-bottom: 15px; }\n    .tf-policy-link-btn { background: none; border: none; font-size: 11px; color: var(--tf-blue-main); text-decoration: underline; cursor: pointer; margin-bottom: 15px; width: 100%; }\n    .tf-btn-continue { background-color: #ccc; color: white; border: none; padding: 12px 30px; border-radius: 50px; font-weight: 700; cursor: not-allowed; }\n    .tf-btn-continue.active { background-color: var(--tf-blue-dark); cursor: pointer; }\n\n    \/* Estilos QRs Simplificados *\/\n    .tf-qr-wrapper { display: grid; grid-template-columns: 1fr 1fr; gap: 20px; max-width: 400px; margin: 0 auto 30px; }\n    .tf-qr-card { text-align: center; }\n    .tf-qr-card img { width: 100%; max-width: 170px; border-radius: 15px; border: 1px solid #eee; background: white; padding: 8px; box-shadow: 0 5px 15px rgba(0,0,0,0.03); }\n\n    \/* Botones de Link *\/\n    .tf-direct-links { display: flex; flex-direction: column; gap: 10px; max-width: 320px; margin: 0 auto; }\n    .tf-link-btn { display: flex; align-items: center; justify-content: center; gap: 8px; padding: 12px; border-radius: 10px; text-decoration: none; font-size: 12px; font-weight: 700; border: 1px solid #ddd; transition: 0.3s; }\n    .tf-link-btn.paypal { background: #fff; color: #003087; border-color: #003087; }\n    .tf-link-btn.paypal img { height: 14px; }\n    .tf-link-btn.bmc { background: #FFDD00; color: #000; border-color: #FFDD00; }\n    .tf-link-btn:hover { background: #f9f9f9; transform: translateY(-2px); box-shadow: 0 4px 10px rgba(0,0,0,0.05); }\n\n    .tf-qr-footer { text-align: center; margin-top: 25px; font-size: 12px; color: #888; font-style: italic; line-height: 1.5; }\n\n    \/* Modal *\/\n    .tf-modal-overlay { position: fixed; top: 0; left: 0; width: 100%; height: 100%; background: rgba(0,0,0,0.4); backdrop-filter: blur(3px); display: none; align-items: center; justify-content: center; z-index: 9999; }\n    .tf-modal-content { background: white; width: 85%; max-width: 400px; border-radius: 20px; overflow: hidden; }\n    .tf-modal-header { padding: 15px 20px; background: #fcfcfc; border-bottom: 1px solid #eee; display: flex; justify-content: space-between; align-items: center; }\n    .tf-close-modal { background: none; border: none; font-size: 22px; cursor: pointer; color: #bbb; }\n    .tf-modal-body { padding: 20px; font-size: 13px; color: #555; line-height: 1.5; }\n\n    @keyframes tfSlideUp { from { opacity: 0; transform: translateY(10px); } to { opacity: 1; transform: translateY(0); } }\n\n    @media (max-width: 768px) {\n        .tf-card-inner { flex-direction: column; text-align: center; padding: 30px; }\n        .tf-author-profile { flex: none; }\n        .tf-cta-group { flex-direction: column; }\n        .tf-qr-wrapper { grid-template-columns: 1fr; gap: 15px; }\n        .tf-qr-card img { max-width: 140px; }\n    }\n<\/style>\n\n<script>\nfunction toggleQueryPanel() {\n    document.getElementById('stepConsent').style.display = 'none';\n    document.getElementById('stepQR').style.display = 'none';\n    const p = document.getElementById('queryPanel');\n    p.style.display = (p.style.display === 'block') ? 'none' : 'block';\n}\nfunction toggleStep1() {\n    document.getElementById('queryPanel').style.display = 'none';\n    document.getElementById('stepQR').style.display = 'none';\n    const p = document.getElementById('stepConsent');\n    p.style.display = (p.style.display === 'block') ? 'none' : 'block';\n}\nfunction sendViaWhatsApp() {\n    const t = document.getElementById('userQuery').value;\n    if(!t) return alert(\"Por favor, escribe tu consulta.\");\n    window.open(`https:\/\/wa.me\/593978887324?text=${encodeURIComponent(t)}`, '_blank');\n}\nfunction sendViaEmail() {\n    const t = document.getElementById('userQuery').value;\n    if(!t) return alert(\"Por favor, escribe tu consulta.\");\n    window.location.href = `mailto:info@trailforthjournal.com?subject=Consulta&body=${encodeURIComponent(t)}`;\n}\nfunction toggleContinueBtn() {\n    const c = document.getElementById('consentCheckbox');\n    const b = document.getElementById('btnContinue');\n    b.disabled = !c.checked;\n    c.checked ? b.classList.add('active') : b.classList.remove('active');\n}\nfunction showQRCodes() {\n    document.getElementById('stepConsent').style.display = 'none';\n    document.getElementById('stepQR').style.display = 'block';\n}\nfunction openModal() { document.getElementById('policyModal').style.display = 'flex'; }\nfunction closeModal() { document.getElementById('policyModal').style.display = 'none'; }\n<\/script>\n\t\t\t\t<\/div>\n\t\t\t\t<\/div>\n\t\t\t\t\t<\/div>\n\t\t<\/div>\n\t\t\t\t\t<\/div>\n\t\t<\/section>\n\t\t\t\t<section class=\"elementor-section elementor-top-section elementor-element elementor-element-e374620 elementor-section-boxed elementor-section-height-default elementor-section-height-default wpr-particle-no wpr-jarallax-no wpr-parallax-no wpr-sticky-section-no wpr-equal-height-no\" data-id=\"e374620\" data-element_type=\"section\" data-e-type=\"section\">\n\t\t\t\t\t\t<div class=\"elementor-container elementor-column-gap-default\">\n\t\t\t\t\t<div class=\"elementor-column elementor-col-100 elementor-top-column elementor-element elementor-element-bf37417\" data-id=\"bf37417\" data-element_type=\"column\" data-e-type=\"column\">\n\t\t\t<div class=\"elementor-widget-wrap elementor-element-populated\">\n\t\t\t\t\t\t<div class=\"elementor-element elementor-element-d83b525 elementor-widget elementor-widget-spacer\" data-id=\"d83b525\" data-element_type=\"widget\" data-e-type=\"widget\" data-widget_type=\"spacer.default\">\n\t\t\t\t<div class=\"elementor-widget-container\">\n\t\t\t\t\t\t\t<div class=\"elementor-spacer\">\n\t\t\t<div class=\"elementor-spacer-inner\"><\/div>\n\t\t<\/div>\n\t\t\t\t\t\t<\/div>\n\t\t\t\t<\/div>\n\t\t\t\t\t<\/div>\n\t\t<\/div>\n\t\t\t\t\t<\/div>\n\t\t<\/section>\n\t\t\t\t<section class=\"elementor-section elementor-top-section elementor-element elementor-element-8a6c441 elementor-section-boxed elementor-section-height-default elementor-section-height-default wpr-particle-no wpr-jarallax-no wpr-parallax-no wpr-sticky-section-no wpr-equal-height-no\" data-id=\"8a6c441\" data-element_type=\"section\" data-e-type=\"section\">\n\t\t\t\t\t\t<div class=\"elementor-container elementor-column-gap-default\">\n\t\t\t\t\t<div class=\"elementor-column elementor-col-100 elementor-top-column elementor-element elementor-element-fac0cb5\" data-id=\"fac0cb5\" data-element_type=\"column\" data-e-type=\"column\">\n\t\t\t<div class=\"elementor-widget-wrap elementor-element-populated\">\n\t\t\t\t\t\t<div class=\"elementor-element elementor-element-37049e8 elementor-shape-rounded elementor-grid-0 e-grid-align-center elementor-widget elementor-widget-social-icons\" data-id=\"37049e8\" data-element_type=\"widget\" data-e-type=\"widget\" data-widget_type=\"social-icons.default\">\n\t\t\t\t<div class=\"elementor-widget-container\">\n\t\t\t\t\t\t\t<div class=\"elementor-social-icons-wrapper elementor-grid\">\n\t\t\t\t\t\t\t<span class=\"elementor-grid-item\">\n\t\t\t\t\t<a class=\"elementor-icon elementor-social-icon elementor-social-icon-ellipsis-v elementor-repeater-item-07ab4f2\" target=\"_blank\">\n\t\t\t\t\t\t<span class=\"elementor-screen-only\">Ellipsis-v<\/span>\n\t\t\t\t\t\t<i aria-hidden=\"true\" class=\"fas fa-ellipsis-v\"><\/i>\t\t\t\t\t<\/a>\n\t\t\t\t<\/span>\n\t\t\t\t\t<\/div>\n\t\t\t\t\t\t<\/div>\n\t\t\t\t<\/div>\n\t\t\t\t\t<\/div>\n\t\t<\/div>\n\t\t\t\t\t<\/div>\n\t\t<\/section>\n\t\t\t\t<section class=\"elementor-section elementor-top-section elementor-element elementor-element-78f7f9b elementor-section-boxed elementor-section-height-default elementor-section-height-default wpr-particle-no wpr-jarallax-no wpr-parallax-no wpr-sticky-section-no wpr-equal-height-no\" data-id=\"78f7f9b\" data-element_type=\"section\" data-e-type=\"section\">\n\t\t\t\t\t\t<div class=\"elementor-container elementor-column-gap-no\">\n\t\t\t\t\t<div class=\"elementor-column elementor-col-100 elementor-top-column elementor-element elementor-element-566606b\" data-id=\"566606b\" data-element_type=\"column\" data-e-type=\"column\">\n\t\t\t<div class=\"elementor-widget-wrap elementor-element-populated\">\n\t\t\t\t\t\t<div class=\"elementor-element elementor-element-2239001 elementor-widget elementor-widget-heading\" data-id=\"2239001\" data-element_type=\"widget\" data-e-type=\"widget\" data-widget_type=\"heading.default\">\n\t\t\t\t<div class=\"elementor-widget-container\">\n\t\t\t\t\t<h2 class=\"elementor-heading-title elementor-size-default\">Compartir<\/h2>\t\t\t\t<\/div>\n\t\t\t\t<\/div>\n\t\t\t\t\t<\/div>\n\t\t<\/div>\n\t\t\t\t\t<\/div>\n\t\t<\/section>\n\t\t\t\t<section class=\"elementor-section elementor-top-section elementor-element elementor-element-374e489 elementor-section-boxed elementor-section-height-default elementor-section-height-default wpr-particle-no wpr-jarallax-no wpr-parallax-no wpr-sticky-section-no wpr-equal-height-no\" data-id=\"374e489\" data-element_type=\"section\" data-e-type=\"section\">\n\t\t\t\t\t\t<div class=\"elementor-container elementor-column-gap-default\">\n\t\t\t\t\t<div class=\"elementor-column elementor-col-100 elementor-top-column elementor-element elementor-element-5d72b06\" data-id=\"5d72b06\" data-element_type=\"column\" data-e-type=\"column\">\n\t\t\t<div class=\"elementor-widget-wrap elementor-element-populated\">\n\t\t\t\t\t\t<div class=\"elementor-element elementor-element-0ead5cc elementor-widget elementor-widget-spacer\" data-id=\"0ead5cc\" data-element_type=\"widget\" data-e-type=\"widget\" data-widget_type=\"spacer.default\">\n\t\t\t\t<div class=\"elementor-widget-container\">\n\t\t\t\t\t\t\t<div class=\"elementor-spacer\">\n\t\t\t<div class=\"elementor-spacer-inner\"><\/div>\n\t\t<\/div>\n\t\t\t\t\t\t<\/div>\n\t\t\t\t<\/div>\n\t\t\t\t\t<\/div>\n\t\t<\/div>\n\t\t\t\t\t<\/div>\n\t\t<\/section>\n\t\t\t\t<section class=\"elementor-section elementor-top-section elementor-element elementor-element-1f5b4e2 elementor-section-boxed elementor-section-height-default elementor-section-height-default wpr-particle-no wpr-jarallax-no wpr-parallax-no wpr-sticky-section-no wpr-equal-height-no\" data-id=\"1f5b4e2\" data-element_type=\"section\" data-e-type=\"section\">\n\t\t\t\t\t\t<div class=\"elementor-container elementor-column-gap-no\">\n\t\t\t\t\t<div class=\"elementor-column elementor-col-100 elementor-top-column elementor-element elementor-element-5d1e568\" data-id=\"5d1e568\" data-element_type=\"column\" data-e-type=\"column\">\n\t\t\t<div class=\"elementor-widget-wrap elementor-element-populated\">\n\t\t\t\t\t\t<div class=\"elementor-element elementor-element-e8c9955 elementor-view-default elementor-widget elementor-widget-icon\" data-id=\"e8c9955\" data-element_type=\"widget\" data-e-type=\"widget\" data-widget_type=\"icon.default\">\n\t\t\t\t<div class=\"elementor-widget-container\">\n\t\t\t\t\t\t\t<div class=\"elementor-icon-wrapper\">\n\t\t\t<div class=\"elementor-icon\">\n\t\t\t<i aria-hidden=\"true\" class=\"fas fa-share-alt\"><\/i>\t\t\t<\/div>\n\t\t<\/div>\n\t\t\t\t\t\t<\/div>\n\t\t\t\t<\/div>\n\t\t\t\t\t<\/div>\n\t\t<\/div>\n\t\t\t\t\t<\/div>\n\t\t<\/section>\n\t\t\t\t<section class=\"elementor-section elementor-top-section elementor-element elementor-element-a627951 elementor-section-boxed elementor-section-height-default elementor-section-height-default wpr-particle-no wpr-jarallax-no wpr-parallax-no wpr-sticky-section-no wpr-equal-height-no\" data-id=\"a627951\" data-element_type=\"section\" data-e-type=\"section\">\n\t\t\t\t\t\t<div class=\"elementor-container elementor-column-gap-default\">\n\t\t\t\t\t<div class=\"elementor-column elementor-col-100 elementor-top-column elementor-element elementor-element-7939aa5\" data-id=\"7939aa5\" data-element_type=\"column\" data-e-type=\"column\">\n\t\t\t<div class=\"elementor-widget-wrap elementor-element-populated\">\n\t\t\t\t\t\t<div class=\"elementor-element elementor-element-b63160d elementor-widget elementor-widget-spacer\" data-id=\"b63160d\" data-element_type=\"widget\" data-e-type=\"widget\" data-widget_type=\"spacer.default\">\n\t\t\t\t<div class=\"elementor-widget-container\">\n\t\t\t\t\t\t\t<div class=\"elementor-spacer\">\n\t\t\t<div class=\"elementor-spacer-inner\"><\/div>\n\t\t<\/div>\n\t\t\t\t\t\t<\/div>\n\t\t\t\t<\/div>\n\t\t\t\t\t<\/div>\n\t\t<\/div>\n\t\t\t\t\t<\/div>\n\t\t<\/section>\n\t\t\t\t<section class=\"elementor-section elementor-top-section elementor-element elementor-element-f5f464b elementor-section-boxed elementor-section-height-default elementor-section-height-default wpr-particle-no wpr-jarallax-no wpr-parallax-no wpr-sticky-section-no wpr-equal-height-no\" data-id=\"f5f464b\" data-element_type=\"section\" data-e-type=\"section\">\n\t\t\t\t\t\t<div class=\"elementor-container elementor-column-gap-default\">\n\t\t\t\t\t<div class=\"elementor-column elementor-col-100 elementor-top-column elementor-element elementor-element-3785fbb\" data-id=\"3785fbb\" data-element_type=\"column\" data-e-type=\"column\">\n\t\t\t<div class=\"elementor-widget-wrap elementor-element-populated\">\n\t\t\t\t\t\t<div class=\"elementor-element elementor-element-ac64bf2 elementor-grid-0 elementor-widget elementor-widget-wpr-sharing-buttons\" data-id=\"ac64bf2\" data-element_type=\"widget\" data-e-type=\"widget\" data-widget_type=\"wpr-sharing-buttons.default\">\n\t\t\t\t<div class=\"elementor-widget-container\">\n\t\t\t\t\t<div class=\"wpr-sharing-buttons elementor-grid wpr-sharing-official wpr-sharing-label-off wpr-sharing-label-tr\"><div class=\"elementor-grid-item\"><a href=\"https:\/\/www.facebook.com\/sharer.php?u=https:\/\/trailforthjournal.com\/es\/aventura\/parque-nacional-antisana-condor-ecuador\/\" class=\"wpr-sharing-icon wpr-sharing-facebook-f\" title=\"\" target=\"_blank\"><i class=\"fab fa-facebook-f\"><\/i><\/a><\/div><div class=\"elementor-grid-item\"><a href=\"https:\/\/twitter.com\/intent\/tweet?url=https:\/\/trailforthjournal.com\/es\/aventura\/parque-nacional-antisana-condor-ecuador\/\" class=\"wpr-sharing-icon wpr-sharing-twitter\" title=\"\" target=\"_blank\"><i class=\"fab fa-twitter\"><\/i><\/a><\/div><div class=\"elementor-grid-item\"><a href=\"https:\/\/www.linkedin.com\/shareArticle?mini=true&url=https:\/\/trailforthjournal.com\/es\/aventura\/parque-nacional-antisana-condor-ecuador\/&title=Parque Nacional Antisana: El nuevo santuario para la conservaci\u00f3n del C\u00f3ndor Andino en Ecuador&summary=El Parque Nacional Antisana, tiene como objetivo fortalecer una mayor protecci\u00f3n para el c\u00f3ndor andino en el Ecuador.&source=https:\/\/trailforthjournal.com\/es\/aventura\/parque-nacional-antisana-condor-ecuador\/\" class=\"wpr-sharing-icon wpr-sharing-linkedin-in\" title=\"\" target=\"_blank\"><i class=\"fab fa-linkedin-in\"><\/i><\/a><\/div><div class=\"elementor-grid-item\"><a href=\"https:\/\/api.whatsapp.com\/send?text=*Parque Nacional Antisana: El nuevo santuario para la conservaci\u00f3n del C\u00f3ndor Andino en Ecuador*%0ahttps:\/\/trailforthjournal.com\/es\/aventura\/parque-nacional-antisana-condor-ecuador\/\" class=\"wpr-sharing-icon wpr-sharing-whatsapp\" title=\"\" target=\"_blank\"><i class=\"fab fa-whatsapp\"><\/i><\/a><\/div><div class=\"elementor-grid-item\"><a href=\"mailto:?subject=Parque Nacional Antisana: El nuevo santuario para la conservaci\u00f3n del C\u00f3ndor Andino en Ecuador&body=https:\/\/trailforthjournal.com\/es\/aventura\/parque-nacional-antisana-condor-ecuador\/\" class=\"wpr-sharing-icon wpr-sharing-envelope\" title=\"\" target=\"_blank\"><i class=\"fas fa-envelope\"><\/i><\/a><\/div><\/div>\t\t\t\t<\/div>\n\t\t\t\t<\/div>\n\t\t\t\t\t<\/div>\n\t\t<\/div>\n\t\t\t\t\t<\/div>\n\t\t<\/section>\n\t\t\t\t<section class=\"elementor-section elementor-top-section elementor-element elementor-element-f84c003 elementor-section-boxed elementor-section-height-default elementor-section-height-default wpr-particle-no wpr-jarallax-no wpr-parallax-no wpr-sticky-section-no wpr-equal-height-no\" data-id=\"f84c003\" data-element_type=\"section\" data-e-type=\"section\">\n\t\t\t\t\t\t<div class=\"elementor-container elementor-column-gap-default\">\n\t\t\t\t\t<div class=\"elementor-column elementor-col-100 elementor-top-column elementor-element elementor-element-a01d3c9\" data-id=\"a01d3c9\" data-element_type=\"column\" data-e-type=\"column\">\n\t\t\t<div class=\"elementor-widget-wrap elementor-element-populated\">\n\t\t\t\t\t\t<div class=\"elementor-element elementor-element-a67011f elementor-widget elementor-widget-spacer\" data-id=\"a67011f\" data-element_type=\"widget\" data-e-type=\"widget\" data-widget_type=\"spacer.default\">\n\t\t\t\t<div class=\"elementor-widget-container\">\n\t\t\t\t\t\t\t<div class=\"elementor-spacer\">\n\t\t\t<div class=\"elementor-spacer-inner\"><\/div>\n\t\t<\/div>\n\t\t\t\t\t\t<\/div>\n\t\t\t\t<\/div>\n\t\t\t\t\t<\/div>\n\t\t<\/div>\n\t\t\t\t\t<\/div>\n\t\t<\/section>\n\t\t\t\t<section class=\"elementor-section elementor-top-section elementor-element elementor-element-e17b682 elementor-section-boxed elementor-section-height-default elementor-section-height-default wpr-particle-no wpr-jarallax-no wpr-parallax-no wpr-sticky-section-no wpr-equal-height-no\" data-id=\"e17b682\" data-element_type=\"section\" data-e-type=\"section\">\n\t\t\t\t\t\t<div class=\"elementor-container elementor-column-gap-no\">\n\t\t\t\t\t<div class=\"elementor-column elementor-col-100 elementor-top-column elementor-element elementor-element-b92d81e\" data-id=\"b92d81e\" data-element_type=\"column\" data-e-type=\"column\">\n\t\t\t<div class=\"elementor-widget-wrap elementor-element-populated\">\n\t\t\t\t\t\t<div class=\"elementor-element elementor-element-8cef5ba premium-title-color elementor-widget elementor-widget-premium-addon-title\" data-id=\"8cef5ba\" data-element_type=\"widget\" data-e-type=\"widget\" data-widget_type=\"premium-addon-title.default\">\n\t\t\t\t<div class=\"elementor-widget-container\">\n\t\t\t\t\t\n\t\t<div class=\"premium-title-container style7\">\n\t\t\t<h2 class=\"premium-title-header premium-title-style7\">\n\t\t\t\t\t\t\t\t\t\t\t\t\t\t\t<span class=\"premium-title-style7-stripe-wrap\">\n\t\t\t\t\t\t\t<span class=\"premium-title-style7-stripe\"><\/span>\n\t\t\t\t\t\t<\/span>\n\t\t\t\t\t\t\t\t\t\t<div class=\"premium-title-style7-inner\">\n\t\t\t\t\n\t\t\t\t\n\t\t\t\t\t\t\t\t\t\t\t\t\t\t\t\t\t\t\t\t\t<span class=\"premium-title-text\">\n\t\t\t\t\tRelacionado\t\t\t\t<\/span>\n\t\t\t\t\t\n\t\t\t\t\t\t\t\t\t<\/div>\n\t\t\t\t\t\t\t\t\n\t\t\t\t\t\t\t<\/h2>\n\n\t\t<\/div>\n\n\t\t\t\t\t\t<\/div>\n\t\t\t\t<\/div>\n\t\t\t\t\t<\/div>\n\t\t<\/div>\n\t\t\t\t\t<\/div>\n\t\t<\/section>\n\t\t\t\t<section class=\"elementor-section elementor-top-section elementor-element elementor-element-b8dcd04 elementor-section-content-middle elementor-section-boxed elementor-section-height-default elementor-section-height-default wpr-particle-no wpr-jarallax-no wpr-parallax-no wpr-sticky-section-no wpr-equal-height-no\" data-id=\"b8dcd04\" data-element_type=\"section\" data-e-type=\"section\">\n\t\t\t\t\t\t<div class=\"elementor-container elementor-column-gap-no\">\n\t\t\t\t\t<div class=\"elementor-column elementor-col-100 elementor-top-column elementor-element elementor-element-d56536f\" data-id=\"d56536f\" data-element_type=\"column\" data-e-type=\"column\">\n\t\t\t<div class=\"elementor-widget-wrap elementor-element-populated\">\n\t\t\t\t\t\t<div class=\"elementor-element elementor-element-7b389c2 premium-blog-align-left elementor-widget elementor-widget-premium-addon-blog\" data-id=\"7b389c2\" data-element_type=\"widget\" data-e-type=\"widget\" data-settings=\"{&quot;force_height&quot;:&quot;true&quot;,&quot;premium_blog_grid&quot;:&quot;yes&quot;,&quot;premium_blog_layout&quot;:&quot;even&quot;,&quot;premium_blog_columns_number&quot;:&quot;50%&quot;,&quot;premium_blog_columns_number_tablet&quot;:&quot;50%&quot;,&quot;premium_blog_columns_number_mobile&quot;:&quot;100%&quot;,&quot;scroll_to_offset&quot;:&quot;yes&quot;}\" data-widget_type=\"premium-addon-blog.default\">\n\t\t\t\t<div class=\"elementor-widget-container\">\n\t\t\t\t\t\n\t\t\n\n\t\t\t\t<div class=\"premium-blog-wrap  premium-blog-even\" data-page=\"6294\">\n\t\t\t\t\t\t\t\t\t<div class=\"premium-blog-post-outer-container\" data-total=\"1\">\n\t\t\t<div class=\"premium-blog-post-container premium-blog-skin-banner\">\n\t\t\t\t\t\t\t\t\t<div class=\"premium-blog-thumb-effect-wrapper\">\n\t\t\t\t\t\t<div class=\"premium-blog-thumbnail-container premium-blog-zoomin-effect\">\n\t\t\t\t\t\t\t<img fetchpriority=\"high\" decoding=\"async\" data-attachment-id=\"8506\" data-permalink=\"https:\/\/trailforthjournal.com\/es\/aventura\/tres-lugares-acampar-ecuador\/attachment\/2022-04-29_11-52-42\/\" data-orig-file=\"https:\/\/i0.wp.com\/trailforthjournal.com\/es\/wp-content\/uploads\/sites\/4\/2022\/04\/2022-04-29_11-52-42.jpg?fit=1280%2C853&amp;ssl=1\" data-orig-size=\"1280,853\" data-comments-opened=\"0\" data-image-meta=\"{&quot;aperture&quot;:&quot;8&quot;,&quot;credit&quot;:&quot;&quot;,&quot;camera&quot;:&quot;Canon EOS 500D&quot;,&quot;caption&quot;:&quot;&quot;,&quot;created_timestamp&quot;:&quot;1418483585&quot;,&quot;copyright&quot;:&quot;&quot;,&quot;focal_length&quot;:&quot;18&quot;,&quot;iso&quot;:&quot;100&quot;,&quot;shutter_speed&quot;:&quot;0.005&quot;,&quot;title&quot;:&quot;&quot;,&quot;orientation&quot;:&quot;1&quot;}\" data-image-title=\"Tres lugares m\u00e1gicos para acampar en Ecuador.\" data-image-description=\"&lt;p&gt;Tres lugares m\u00e1gicos para acampar en Ecuador.&lt;\/p&gt;\n\" data-image-caption=\"&lt;p&gt;Tres lugares m\u00e1gicos para acampar en Ecuador.&lt;\/p&gt;\n\" data-large-file=\"https:\/\/i0.wp.com\/trailforthjournal.com\/es\/wp-content\/uploads\/sites\/4\/2022\/04\/2022-04-29_11-52-42.jpg?fit=1024%2C682&amp;ssl=1\" width=\"1280\" height=\"853\" src=\"https:\/\/i0.wp.com\/trailforthjournal.com\/es\/wp-content\/uploads\/sites\/4\/2022\/04\/2022-04-29_11-52-42.jpg?fit=1280%2C853&amp;ssl=1\" class=\"attachment-full size-full wp-image-8506\" alt=\"Tres lugares m\u00e1gicos para acampar en Ecuador.\" data-attachment-id=\"8506\" data-permalink=\"https:\/\/trailforthjournal.com\/es\/aventura\/tres-lugares-acampar-ecuador\/attachment\/2022-04-29_11-52-42\/\" data-orig-file=\"https:\/\/i0.wp.com\/trailforthjournal.com\/es\/wp-content\/uploads\/sites\/4\/2022\/04\/2022-04-29_11-52-42.jpg?fit=1280%2C853&amp;ssl=1\" data-orig-size=\"1280,853\" data-comments-opened=\"0\" data-image-meta=\"{&quot;aperture&quot;:&quot;8&quot;,&quot;credit&quot;:&quot;&quot;,&quot;camera&quot;:&quot;Canon EOS 500D&quot;,&quot;caption&quot;:&quot;&quot;,&quot;created_timestamp&quot;:&quot;1418483585&quot;,&quot;copyright&quot;:&quot;&quot;,&quot;focal_length&quot;:&quot;18&quot;,&quot;iso&quot;:&quot;100&quot;,&quot;shutter_speed&quot;:&quot;0.005&quot;,&quot;title&quot;:&quot;&quot;,&quot;orientation&quot;:&quot;1&quot;}\" data-image-title=\"Tres lugares m\u00e1gicos para acampar en Ecuador.\" data-image-description=\"&lt;p&gt;Tres lugares m\u00e1gicos para acampar en Ecuador.&lt;\/p&gt;\n\" data-image-caption=\"&lt;p&gt;Tres lugares m\u00e1gicos para acampar en Ecuador.&lt;\/p&gt;\n\" data-large-file=\"https:\/\/i0.wp.com\/trailforthjournal.com\/es\/wp-content\/uploads\/sites\/4\/2022\/04\/2022-04-29_11-52-42.jpg?fit=1024%2C682&amp;ssl=1\" srcset=\"https:\/\/i0.wp.com\/trailforthjournal.com\/es\/wp-content\/uploads\/sites\/4\/2022\/04\/2022-04-29_11-52-42.jpg?w=1280&amp;ssl=1 1280w, https:\/\/i0.wp.com\/trailforthjournal.com\/es\/wp-content\/uploads\/sites\/4\/2022\/04\/2022-04-29_11-52-42.jpg?resize=300%2C200&amp;ssl=1 300w, https:\/\/i0.wp.com\/trailforthjournal.com\/es\/wp-content\/uploads\/sites\/4\/2022\/04\/2022-04-29_11-52-42.jpg?resize=1024%2C682&amp;ssl=1 1024w, https:\/\/i0.wp.com\/trailforthjournal.com\/es\/wp-content\/uploads\/sites\/4\/2022\/04\/2022-04-29_11-52-42.jpg?resize=768%2C512&amp;ssl=1 768w, https:\/\/i0.wp.com\/trailforthjournal.com\/es\/wp-content\/uploads\/sites\/4\/2022\/04\/2022-04-29_11-52-42.jpg?resize=225%2C150&amp;ssl=1 225w, https:\/\/i0.wp.com\/trailforthjournal.com\/es\/wp-content\/uploads\/sites\/4\/2022\/04\/2022-04-29_11-52-42.jpg?resize=600%2C400&amp;ssl=1 600w\" sizes=\"(max-width: 1032px) 100vw, 1032px\" \/>\t\t\t\t\t\t<\/div>\n\t\t\t\t\t\t\t\t\t\t\t\t\t<div class=\"premium-blog-thumbnail-overlay\">\n\t\t\t\t\t\t\t\t<a class=\"elementor-icon\" href=\"https:\/\/trailforthjournal.com\/es\/aventura\/tres-lugares-acampar-ecuador\/\" target=\"_blank\"><\/a>\n\t\t\t\t\t\t\t<\/div>\n\n\t\t\t\t\t\t\t\t\t\t\t\t\t\t\t\t\t\t<\/div>\n\t\t\t\t\t\t\t\t\t\t\t\t<div class=\"premium-blog-content-wrapper \">\n\n\t\t\t\t\t<div class=\"premium-blog-inner-container\">\n\n\t\t\t\t\t\t\t\t\t\t\t\t\t\t<h1 class=\"premium-blog-entry-title\">\n\t\t\t<a href=\"https:\/\/trailforthjournal.com\/es\/aventura\/tres-lugares-acampar-ecuador\/\" target=\"_blank\">\n\t\t\t\tTres lugares m\u00e1gicos para acampar en Ecuador: naturaleza, aventura y estrellas\t\t\t<\/a>\n\t\t<\/h1>\n\t\t\t\t<div class=\"premium-blog-entry-meta\">\n\t\t\t\n\t\t\t\n\t\t\t\n\t\t\t\t\t<\/div>\n\t\t\n\t\t\t\t\t<\/div>\n\n\t\t\t\t\t\t\t\t\t\t\n\t\t\t\t<\/div>\n\t\t\t<\/div>\n\t\t<\/div>\n\n\t\t\t\t\t\t\t<\/div>\n\n\t\t\n\t\t\n\t\t\t\t\t\t<\/div>\n\t\t\t\t<\/div>\n\t\t\t\t\t<\/div>\n\t\t<\/div>\n\t\t\t\t\t<\/div>\n\t\t<\/section>\n\t\t\t\t<section class=\"elementor-section elementor-top-section elementor-element elementor-element-bde12ff elementor-section-content-middle elementor-section-boxed elementor-section-height-default elementor-section-height-default wpr-particle-no wpr-jarallax-no wpr-parallax-no wpr-sticky-section-no wpr-equal-height-no\" data-id=\"bde12ff\" data-element_type=\"section\" data-e-type=\"section\">\n\t\t\t\t\t\t<div class=\"elementor-container elementor-column-gap-no\">\n\t\t\t\t\t<div class=\"elementor-column elementor-col-100 elementor-top-column elementor-element elementor-element-28c564b\" data-id=\"28c564b\" data-element_type=\"column\" data-e-type=\"column\">\n\t\t\t<div class=\"elementor-widget-wrap elementor-element-populated\">\n\t\t\t\t\t\t<div class=\"elementor-element elementor-element-fa73fed premium-blog-align-left elementor-widget elementor-widget-premium-addon-blog\" data-id=\"fa73fed\" data-element_type=\"widget\" data-e-type=\"widget\" data-settings=\"{&quot;force_height&quot;:&quot;true&quot;,&quot;premium_blog_columns_number&quot;:&quot;25%&quot;,&quot;premium_blog_grid&quot;:&quot;yes&quot;,&quot;premium_blog_layout&quot;:&quot;even&quot;,&quot;premium_blog_columns_number_tablet&quot;:&quot;50%&quot;,&quot;premium_blog_columns_number_mobile&quot;:&quot;100%&quot;,&quot;scroll_to_offset&quot;:&quot;yes&quot;}\" data-widget_type=\"premium-addon-blog.default\">\n\t\t\t\t<div class=\"elementor-widget-container\">\n\t\t\t\t\t\n\t\t\n\n\t\t\t\t<div class=\"premium-blog-wrap  premium-blog-even\" data-page=\"6294\">\n\t\t\t\t\t\t\t\t\t<div class=\"premium-blog-post-outer-container\" data-total=\"3\">\n\t\t\t<div class=\"premium-blog-post-container premium-blog-skin-banner\">\n\t\t\t\t\t\t\t\t\t<div class=\"premium-blog-thumb-effect-wrapper\">\n\t\t\t\t\t\t<div class=\"premium-blog-thumbnail-container premium-blog-zoomin-effect\">\n\t\t\t\t\t\t\t<img decoding=\"async\" data-attachment-id=\"1550\" data-permalink=\"https:\/\/trailforthjournal.com\/es\/lugar-emblematico\/las-islas-galapagos-desde-el-espacio\/attachment\/galapagos_islands\/\" data-orig-file=\"https:\/\/i0.wp.com\/trailforthjournal.com\/es\/wp-content\/uploads\/sites\/4\/2022\/01\/Galapagos_Islands-scaled.jpg?fit=2555%2C2560&amp;ssl=1\" data-orig-size=\"2555,2560\" data-comments-opened=\"1\" data-image-meta=\"{&quot;aperture&quot;:&quot;0&quot;,&quot;credit&quot;:&quot;&quot;,&quot;camera&quot;:&quot;&quot;,&quot;caption&quot;:&quot;&quot;,&quot;created_timestamp&quot;:&quot;0&quot;,&quot;copyright&quot;:&quot;&quot;,&quot;focal_length&quot;:&quot;0&quot;,&quot;iso&quot;:&quot;0&quot;,&quot;shutter_speed&quot;:&quot;0&quot;,&quot;title&quot;:&quot;&quot;,&quot;orientation&quot;:&quot;1&quot;}\" data-image-title=\"galapagos-islas-isabela-fernandina-satelite\" data-image-description=\"&lt;p&gt;Imagen satelital de alta resoluci\u00f3n que destaca la morfolog\u00eda volc\u00e1nica de las islas m\u00e1s j\u00f3venes del archipi\u00e9lago de Gal\u00e1pagos, Ecuador&lt;\/p&gt;\n\" data-image-caption=\"&lt;p&gt;Mapa satelital de la zona occidental de Gal\u00e1pagos, donde se aprecia la actividad volc\u00e1nica de Isabela y Fernandina&lt;\/p&gt;\n\" data-large-file=\"https:\/\/i0.wp.com\/trailforthjournal.com\/es\/wp-content\/uploads\/sites\/4\/2022\/01\/Galapagos_Islands-scaled.jpg?fit=1022%2C1024&amp;ssl=1\" width=\"2555\" height=\"2560\" src=\"https:\/\/i0.wp.com\/trailforthjournal.com\/es\/wp-content\/uploads\/sites\/4\/2022\/01\/Galapagos_Islands-scaled.jpg?fit=2555%2C2560&amp;ssl=1\" class=\"attachment-full size-full wp-image-1550\" alt=\"Vista satelital de las Islas Gal\u00e1pagos mostrando la Isla Isabela, la Isla Fernandina y sus cr\u00e1teres volc\u00e1nicos.\" data-attachment-id=\"1550\" data-permalink=\"https:\/\/trailforthjournal.com\/es\/lugar-emblematico\/las-islas-galapagos-desde-el-espacio\/attachment\/galapagos_islands\/\" data-orig-file=\"https:\/\/i0.wp.com\/trailforthjournal.com\/es\/wp-content\/uploads\/sites\/4\/2022\/01\/Galapagos_Islands-scaled.jpg?fit=2555%2C2560&amp;ssl=1\" data-orig-size=\"2555,2560\" data-comments-opened=\"1\" data-image-meta=\"{&quot;aperture&quot;:&quot;0&quot;,&quot;credit&quot;:&quot;&quot;,&quot;camera&quot;:&quot;&quot;,&quot;caption&quot;:&quot;&quot;,&quot;created_timestamp&quot;:&quot;0&quot;,&quot;copyright&quot;:&quot;&quot;,&quot;focal_length&quot;:&quot;0&quot;,&quot;iso&quot;:&quot;0&quot;,&quot;shutter_speed&quot;:&quot;0&quot;,&quot;title&quot;:&quot;&quot;,&quot;orientation&quot;:&quot;1&quot;}\" data-image-title=\"galapagos-islas-isabela-fernandina-satelite\" data-image-description=\"&lt;p&gt;Imagen satelital de alta resoluci\u00f3n que destaca la morfolog\u00eda volc\u00e1nica de las islas m\u00e1s j\u00f3venes del archipi\u00e9lago de Gal\u00e1pagos, Ecuador&lt;\/p&gt;\n\" data-image-caption=\"&lt;p&gt;Mapa satelital de la zona occidental de Gal\u00e1pagos, donde se aprecia la actividad volc\u00e1nica de Isabela y Fernandina&lt;\/p&gt;\n\" data-large-file=\"https:\/\/i0.wp.com\/trailforthjournal.com\/es\/wp-content\/uploads\/sites\/4\/2022\/01\/Galapagos_Islands-scaled.jpg?fit=1022%2C1024&amp;ssl=1\" srcset=\"https:\/\/i0.wp.com\/trailforthjournal.com\/es\/wp-content\/uploads\/sites\/4\/2022\/01\/Galapagos_Islands-scaled.jpg?w=2555&amp;ssl=1 2555w, https:\/\/i0.wp.com\/trailforthjournal.com\/es\/wp-content\/uploads\/sites\/4\/2022\/01\/Galapagos_Islands-scaled.jpg?resize=300%2C300&amp;ssl=1 300w, https:\/\/i0.wp.com\/trailforthjournal.com\/es\/wp-content\/uploads\/sites\/4\/2022\/01\/Galapagos_Islands-scaled.jpg?resize=1022%2C1024&amp;ssl=1 1022w, https:\/\/i0.wp.com\/trailforthjournal.com\/es\/wp-content\/uploads\/sites\/4\/2022\/01\/Galapagos_Islands-scaled.jpg?resize=150%2C150&amp;ssl=1 150w, https:\/\/i0.wp.com\/trailforthjournal.com\/es\/wp-content\/uploads\/sites\/4\/2022\/01\/Galapagos_Islands-scaled.jpg?resize=768%2C770&amp;ssl=1 768w, https:\/\/i0.wp.com\/trailforthjournal.com\/es\/wp-content\/uploads\/sites\/4\/2022\/01\/Galapagos_Islands-scaled.jpg?w=2064&amp;ssl=1 2064w\" sizes=\"(max-width: 1032px) 100vw, 1032px\" \/>\t\t\t\t\t\t<\/div>\n\t\t\t\t\t\t\t\t\t\t\t\t\t<div class=\"premium-blog-thumbnail-overlay\">\n\t\t\t\t\t\t\t\t<a class=\"elementor-icon\" href=\"https:\/\/trailforthjournal.com\/es\/lugar-emblematico\/las-islas-galapagos-desde-el-espacio\/\" target=\"_blank\"><\/a>\n\t\t\t\t\t\t\t<\/div>\n\n\t\t\t\t\t\t\t\t\t\t\t\t\t\t\t\t\t\t<\/div>\n\t\t\t\t\t\t\t\t\t\t\t\t<div class=\"premium-blog-content-wrapper \">\n\n\t\t\t\t\t<div class=\"premium-blog-inner-container\">\n\n\t\t\t\t\t\t\t\t\t\t\t\t\t\t<h1 class=\"premium-blog-entry-title\">\n\t\t\t<a href=\"https:\/\/trailforthjournal.com\/es\/lugar-emblematico\/las-islas-galapagos-desde-el-espacio\/\" target=\"_blank\">\n\t\t\t\tIslas Gal\u00e1pagos vistas desde el espacio: El Archipi\u00e9lago de la evoluci\u00f3n en Ecuador\t\t\t<\/a>\n\t\t<\/h1>\n\t\t\t\t<div class=\"premium-blog-entry-meta\">\n\t\t\t\n\t\t\t\n\t\t\t\n\t\t\t\t\t<\/div>\n\t\t\n\t\t\t\t\t<\/div>\n\n\t\t\t\t\t\t\t\t\t\t\n\t\t\t\t<\/div>\n\t\t\t<\/div>\n\t\t<\/div>\n\n\t\t\t\t<div class=\"premium-blog-post-outer-container\" data-total=\"3\">\n\t\t\t<div class=\"premium-blog-post-container premium-blog-skin-banner\">\n\t\t\t\t\t\t\t\t\t<div class=\"premium-blog-thumb-effect-wrapper\">\n\t\t\t\t\t\t<div class=\"premium-blog-thumbnail-container premium-blog-zoomin-effect\">\n\t\t\t\t\t\t\t<img decoding=\"async\" data-attachment-id=\"50259\" data-permalink=\"https:\/\/trailforthjournal.com\/es\/ambiente\/guia-playas-ecuador\/attachment\/playas-de-ecuador\/\" data-orig-file=\"https:\/\/i0.wp.com\/trailforthjournal.com\/es\/wp-content\/uploads\/sites\/4\/2022\/11\/playas-de-ecuador.jpg?fit=1920%2C1440&amp;ssl=1\" data-orig-size=\"1920,1440\" data-comments-opened=\"0\" data-image-meta=\"{&quot;aperture&quot;:&quot;0&quot;,&quot;credit&quot;:&quot;&quot;,&quot;camera&quot;:&quot;&quot;,&quot;caption&quot;:&quot;&quot;,&quot;created_timestamp&quot;:&quot;0&quot;,&quot;copyright&quot;:&quot;&quot;,&quot;focal_length&quot;:&quot;0&quot;,&quot;iso&quot;:&quot;0&quot;,&quot;shutter_speed&quot;:&quot;0&quot;,&quot;title&quot;:&quot;&quot;,&quot;orientation&quot;:&quot;0&quot;}\" data-image-title=\"playas-de-ecuador\" data-image-description=\"\" data-image-caption=\"\" data-large-file=\"https:\/\/i0.wp.com\/trailforthjournal.com\/es\/wp-content\/uploads\/sites\/4\/2022\/11\/playas-de-ecuador.jpg?fit=1024%2C768&amp;ssl=1\" width=\"1920\" height=\"1440\" src=\"https:\/\/i0.wp.com\/trailforthjournal.com\/es\/wp-content\/uploads\/sites\/4\/2022\/11\/playas-de-ecuador.jpg?fit=1920%2C1440&amp;ssl=1\" class=\"attachment-full size-full wp-image-50259\" alt=\"\" data-attachment-id=\"50259\" data-permalink=\"https:\/\/trailforthjournal.com\/es\/ambiente\/guia-playas-ecuador\/attachment\/playas-de-ecuador\/\" data-orig-file=\"https:\/\/i0.wp.com\/trailforthjournal.com\/es\/wp-content\/uploads\/sites\/4\/2022\/11\/playas-de-ecuador.jpg?fit=1920%2C1440&amp;ssl=1\" data-orig-size=\"1920,1440\" data-comments-opened=\"0\" data-image-meta=\"{&quot;aperture&quot;:&quot;0&quot;,&quot;credit&quot;:&quot;&quot;,&quot;camera&quot;:&quot;&quot;,&quot;caption&quot;:&quot;&quot;,&quot;created_timestamp&quot;:&quot;0&quot;,&quot;copyright&quot;:&quot;&quot;,&quot;focal_length&quot;:&quot;0&quot;,&quot;iso&quot;:&quot;0&quot;,&quot;shutter_speed&quot;:&quot;0&quot;,&quot;title&quot;:&quot;&quot;,&quot;orientation&quot;:&quot;0&quot;}\" data-image-title=\"playas-de-ecuador\" data-image-description=\"\" data-image-caption=\"\" data-large-file=\"https:\/\/i0.wp.com\/trailforthjournal.com\/es\/wp-content\/uploads\/sites\/4\/2022\/11\/playas-de-ecuador.jpg?fit=1024%2C768&amp;ssl=1\" srcset=\"https:\/\/i0.wp.com\/trailforthjournal.com\/es\/wp-content\/uploads\/sites\/4\/2022\/11\/playas-de-ecuador.jpg?w=1920&amp;ssl=1 1920w, https:\/\/i0.wp.com\/trailforthjournal.com\/es\/wp-content\/uploads\/sites\/4\/2022\/11\/playas-de-ecuador.jpg?resize=300%2C225&amp;ssl=1 300w, https:\/\/i0.wp.com\/trailforthjournal.com\/es\/wp-content\/uploads\/sites\/4\/2022\/11\/playas-de-ecuador.jpg?resize=1024%2C768&amp;ssl=1 1024w, https:\/\/i0.wp.com\/trailforthjournal.com\/es\/wp-content\/uploads\/sites\/4\/2022\/11\/playas-de-ecuador.jpg?resize=768%2C576&amp;ssl=1 768w, https:\/\/i0.wp.com\/trailforthjournal.com\/es\/wp-content\/uploads\/sites\/4\/2022\/11\/playas-de-ecuador.jpg?resize=1536%2C1152&amp;ssl=1 1536w, https:\/\/i0.wp.com\/trailforthjournal.com\/es\/wp-content\/uploads\/sites\/4\/2022\/11\/playas-de-ecuador.jpg?resize=67%2C50&amp;ssl=1 67w, https:\/\/i0.wp.com\/trailforthjournal.com\/es\/wp-content\/uploads\/sites\/4\/2022\/11\/playas-de-ecuador.jpg?resize=600%2C450&amp;ssl=1 600w\" sizes=\"(max-width: 1032px) 100vw, 1032px\" \/>\t\t\t\t\t\t<\/div>\n\t\t\t\t\t\t\t\t\t\t\t\t\t<div class=\"premium-blog-thumbnail-overlay\">\n\t\t\t\t\t\t\t\t<a class=\"elementor-icon\" href=\"https:\/\/trailforthjournal.com\/es\/ambiente\/guia-playas-ecuador\/\" target=\"_blank\"><\/a>\n\t\t\t\t\t\t\t<\/div>\n\n\t\t\t\t\t\t\t\t\t\t\t\t\t\t\t\t\t\t<\/div>\n\t\t\t\t\t\t\t\t\t\t\t\t<div class=\"premium-blog-content-wrapper \">\n\n\t\t\t\t\t<div class=\"premium-blog-inner-container\">\n\n\t\t\t\t\t\t\t\t\t\t\t\t\t\t<h1 class=\"premium-blog-entry-title\">\n\t\t\t<a href=\"https:\/\/trailforthjournal.com\/es\/ambiente\/guia-playas-ecuador\/\" target=\"_blank\">\n\t\t\t\tGu\u00eda de las Mejores Playas de Ecuador: Un Recorrido por su Entorno Natural\t\t\t<\/a>\n\t\t<\/h1>\n\t\t\t\t<div class=\"premium-blog-entry-meta\">\n\t\t\t\n\t\t\t\n\t\t\t\n\t\t\t\t\t<\/div>\n\t\t\n\t\t\t\t\t<\/div>\n\n\t\t\t\t\t\t\t\t\t\t\n\t\t\t\t<\/div>\n\t\t\t<\/div>\n\t\t<\/div>\n\n\t\t\t\t<div class=\"premium-blog-post-outer-container\" data-total=\"3\">\n\t\t\t<div class=\"premium-blog-post-container premium-blog-skin-banner\">\n\t\t\t\t\t\t\t\t\t<div class=\"premium-blog-thumb-effect-wrapper\">\n\t\t\t\t\t\t<div class=\"premium-blog-thumbnail-container premium-blog-zoomin-effect\">\n\t\t\t\t\t\t\t<img loading=\"lazy\" decoding=\"async\" data-attachment-id=\"47589\" data-permalink=\"https:\/\/trailforthjournal.com\/es\/aventura\/parque-nacional-cajas-lagunas\/attachment\/parque-nacional-cajas-visita\/\" data-orig-file=\"https:\/\/i0.wp.com\/trailforthjournal.com\/es\/wp-content\/uploads\/sites\/4\/2022\/05\/parque-nacional-cajas-visita-scaled.jpg?fit=2560%2C2344&amp;ssl=1\" data-orig-size=\"2560,2344\" data-comments-opened=\"0\" data-image-meta=\"{&quot;aperture&quot;:&quot;0&quot;,&quot;credit&quot;:&quot;&quot;,&quot;camera&quot;:&quot;&quot;,&quot;caption&quot;:&quot;&quot;,&quot;created_timestamp&quot;:&quot;0&quot;,&quot;copyright&quot;:&quot;&quot;,&quot;focal_length&quot;:&quot;0&quot;,&quot;iso&quot;:&quot;0&quot;,&quot;shutter_speed&quot;:&quot;0&quot;,&quot;title&quot;:&quot;&quot;,&quot;orientation&quot;:&quot;0&quot;}\" data-image-title=\"parque-nacional-cajas-azuay-paramo-ecuador\" data-image-description=\"&lt;p&gt;Vista panor\u00e1mica del Parque Nacional Cajas durante el ocaso. Se aprecian las siluetas de las monta\u00f1as escarpadas, una peque\u00f1a cascada o riachuelo descendiendo por la ladera, y la caracter\u00edstica neblina del p\u00e1ramo envolviendo los picos. En primer plano, se observa el reflejo de la luz residual sobre una laguna&lt;\/p&gt;\n\" data-image-caption=\"&lt;p&gt;El Parque Nacional Cajas: un santuario de agua y roca en las tierras altas de los Andes ecuatorianos&lt;\/p&gt;\n\" data-large-file=\"https:\/\/i0.wp.com\/trailforthjournal.com\/es\/wp-content\/uploads\/sites\/4\/2022\/05\/parque-nacional-cajas-visita-scaled.jpg?fit=1024%2C938&amp;ssl=1\" width=\"2560\" height=\"2344\" src=\"https:\/\/i0.wp.com\/trailforthjournal.com\/es\/wp-content\/uploads\/sites\/4\/2022\/05\/parque-nacional-cajas-visita-scaled.jpg?fit=2560%2C2344&amp;ssl=1\" class=\"attachment-full size-full wp-image-47589\" alt=\"Paisaje de monta\u00f1a en el Parque Nacional Cajas, Azuay, con formaciones rocosas, neblina y una laguna al atardecer\" data-attachment-id=\"47589\" data-permalink=\"https:\/\/trailforthjournal.com\/es\/aventura\/parque-nacional-cajas-lagunas\/attachment\/parque-nacional-cajas-visita\/\" data-orig-file=\"https:\/\/i0.wp.com\/trailforthjournal.com\/es\/wp-content\/uploads\/sites\/4\/2022\/05\/parque-nacional-cajas-visita-scaled.jpg?fit=2560%2C2344&amp;ssl=1\" data-orig-size=\"2560,2344\" data-comments-opened=\"0\" data-image-meta=\"{&quot;aperture&quot;:&quot;0&quot;,&quot;credit&quot;:&quot;&quot;,&quot;camera&quot;:&quot;&quot;,&quot;caption&quot;:&quot;&quot;,&quot;created_timestamp&quot;:&quot;0&quot;,&quot;copyright&quot;:&quot;&quot;,&quot;focal_length&quot;:&quot;0&quot;,&quot;iso&quot;:&quot;0&quot;,&quot;shutter_speed&quot;:&quot;0&quot;,&quot;title&quot;:&quot;&quot;,&quot;orientation&quot;:&quot;0&quot;}\" data-image-title=\"parque-nacional-cajas-azuay-paramo-ecuador\" data-image-description=\"&lt;p&gt;Vista panor\u00e1mica del Parque Nacional Cajas durante el ocaso. Se aprecian las siluetas de las monta\u00f1as escarpadas, una peque\u00f1a cascada o riachuelo descendiendo por la ladera, y la caracter\u00edstica neblina del p\u00e1ramo envolviendo los picos. En primer plano, se observa el reflejo de la luz residual sobre una laguna&lt;\/p&gt;\n\" data-image-caption=\"&lt;p&gt;El Parque Nacional Cajas: un santuario de agua y roca en las tierras altas de los Andes ecuatorianos&lt;\/p&gt;\n\" data-large-file=\"https:\/\/i0.wp.com\/trailforthjournal.com\/es\/wp-content\/uploads\/sites\/4\/2022\/05\/parque-nacional-cajas-visita-scaled.jpg?fit=1024%2C938&amp;ssl=1\" srcset=\"https:\/\/i0.wp.com\/trailforthjournal.com\/es\/wp-content\/uploads\/sites\/4\/2022\/05\/parque-nacional-cajas-visita-scaled.jpg?w=2560&amp;ssl=1 2560w, https:\/\/i0.wp.com\/trailforthjournal.com\/es\/wp-content\/uploads\/sites\/4\/2022\/05\/parque-nacional-cajas-visita-scaled.jpg?resize=300%2C275&amp;ssl=1 300w, https:\/\/i0.wp.com\/trailforthjournal.com\/es\/wp-content\/uploads\/sites\/4\/2022\/05\/parque-nacional-cajas-visita-scaled.jpg?resize=1024%2C938&amp;ssl=1 1024w, https:\/\/i0.wp.com\/trailforthjournal.com\/es\/wp-content\/uploads\/sites\/4\/2022\/05\/parque-nacional-cajas-visita-scaled.jpg?resize=768%2C703&amp;ssl=1 768w, https:\/\/i0.wp.com\/trailforthjournal.com\/es\/wp-content\/uploads\/sites\/4\/2022\/05\/parque-nacional-cajas-visita-scaled.jpg?resize=1536%2C1406&amp;ssl=1 1536w, https:\/\/i0.wp.com\/trailforthjournal.com\/es\/wp-content\/uploads\/sites\/4\/2022\/05\/parque-nacional-cajas-visita-scaled.jpg?resize=2048%2C1875&amp;ssl=1 2048w, https:\/\/i0.wp.com\/trailforthjournal.com\/es\/wp-content\/uploads\/sites\/4\/2022\/05\/parque-nacional-cajas-visita-scaled.jpg?resize=55%2C50&amp;ssl=1 55w, https:\/\/i0.wp.com\/trailforthjournal.com\/es\/wp-content\/uploads\/sites\/4\/2022\/05\/parque-nacional-cajas-visita-scaled.jpg?resize=600%2C549&amp;ssl=1 600w\" sizes=\"(max-width: 1032px) 100vw, 1032px\" \/>\t\t\t\t\t\t<\/div>\n\t\t\t\t\t\t\t\t\t\t\t\t\t<div class=\"premium-blog-thumbnail-overlay\">\n\t\t\t\t\t\t\t\t<a class=\"elementor-icon\" href=\"https:\/\/trailforthjournal.com\/es\/aventura\/parque-nacional-cajas-lagunas\/\" target=\"_blank\"><\/a>\n\t\t\t\t\t\t\t<\/div>\n\n\t\t\t\t\t\t\t\t\t\t\t\t\t\t\t\t\t\t<\/div>\n\t\t\t\t\t\t\t\t\t\t\t\t<div class=\"premium-blog-content-wrapper \">\n\n\t\t\t\t\t<div class=\"premium-blog-inner-container\">\n\n\t\t\t\t\t\t\t\t\t\t\t\t\t\t<h1 class=\"premium-blog-entry-title\">\n\t\t\t<a href=\"https:\/\/trailforthjournal.com\/es\/aventura\/parque-nacional-cajas-lagunas\/\" target=\"_blank\">\n\t\t\t\tGu\u00eda Completa del Parque Nacional Cajas: Qu\u00e9 ver, rutas y consejos (2026)\t\t\t<\/a>\n\t\t<\/h1>\n\t\t\t\t<div class=\"premium-blog-entry-meta\">\n\t\t\t\n\t\t\t\n\t\t\t\n\t\t\t\t\t<\/div>\n\t\t\n\t\t\t\t\t<\/div>\n\n\t\t\t\t\t\t\t\t\t\t\n\t\t\t\t<\/div>\n\t\t\t<\/div>\n\t\t<\/div>\n\n\t\t\t\t<div class=\"premium-blog-post-outer-container\" data-total=\"3\">\n\t\t\t<div class=\"premium-blog-post-container premium-blog-skin-banner\">\n\t\t\t\t\t\t\t\t\t<div class=\"premium-blog-thumb-effect-wrapper\">\n\t\t\t\t\t\t<div class=\"premium-blog-thumbnail-container premium-blog-zoomin-effect\">\n\t\t\t\t\t\t\t<img loading=\"lazy\" decoding=\"async\" data-attachment-id=\"33493\" data-permalink=\"https:\/\/trailforthjournal.com\/es\/ambiente\/avistamiento-ballenas-jorobadas-ecuador\/attachment\/ballenas-jorobadas-ecuador-2\/\" data-orig-file=\"https:\/\/i0.wp.com\/trailforthjournal.com\/es\/wp-content\/uploads\/sites\/4\/2022\/11\/ballenas-jorobadas-ecuador.jpg?fit=2457%2C1569&amp;ssl=1\" data-orig-size=\"2457,1569\" data-comments-opened=\"0\" data-image-meta=\"{&quot;aperture&quot;:&quot;0&quot;,&quot;credit&quot;:&quot;&quot;,&quot;camera&quot;:&quot;&quot;,&quot;caption&quot;:&quot;&quot;,&quot;created_timestamp&quot;:&quot;0&quot;,&quot;copyright&quot;:&quot;&quot;,&quot;focal_length&quot;:&quot;0&quot;,&quot;iso&quot;:&quot;0&quot;,&quot;shutter_speed&quot;:&quot;0&quot;,&quot;title&quot;:&quot;&quot;,&quot;orientation&quot;:&quot;0&quot;}\" data-image-title=\"Ballenas Jorobadas en Ecuador\" data-image-description=\"&lt;p&gt;Ballenas Jorobadas en Ecuador&lt;\/p&gt;\n\" data-image-caption=\"&lt;p&gt;Ballenas Jorobadas en Ecuador&lt;\/p&gt;\n\" data-large-file=\"https:\/\/i0.wp.com\/trailforthjournal.com\/es\/wp-content\/uploads\/sites\/4\/2022\/11\/ballenas-jorobadas-ecuador.jpg?fit=1024%2C654&amp;ssl=1\" width=\"2457\" height=\"1569\" src=\"https:\/\/i0.wp.com\/trailforthjournal.com\/es\/wp-content\/uploads\/sites\/4\/2022\/11\/ballenas-jorobadas-ecuador.jpg?fit=2457%2C1569&amp;ssl=1\" class=\"attachment-full size-full wp-image-33493\" alt=\"Ballenas Jorobadas en Ecuador\" data-attachment-id=\"33493\" data-permalink=\"https:\/\/trailforthjournal.com\/es\/ambiente\/avistamiento-ballenas-jorobadas-ecuador\/attachment\/ballenas-jorobadas-ecuador-2\/\" data-orig-file=\"https:\/\/i0.wp.com\/trailforthjournal.com\/es\/wp-content\/uploads\/sites\/4\/2022\/11\/ballenas-jorobadas-ecuador.jpg?fit=2457%2C1569&amp;ssl=1\" data-orig-size=\"2457,1569\" data-comments-opened=\"0\" data-image-meta=\"{&quot;aperture&quot;:&quot;0&quot;,&quot;credit&quot;:&quot;&quot;,&quot;camera&quot;:&quot;&quot;,&quot;caption&quot;:&quot;&quot;,&quot;created_timestamp&quot;:&quot;0&quot;,&quot;copyright&quot;:&quot;&quot;,&quot;focal_length&quot;:&quot;0&quot;,&quot;iso&quot;:&quot;0&quot;,&quot;shutter_speed&quot;:&quot;0&quot;,&quot;title&quot;:&quot;&quot;,&quot;orientation&quot;:&quot;0&quot;}\" data-image-title=\"Ballenas Jorobadas en Ecuador\" data-image-description=\"&lt;p&gt;Ballenas Jorobadas en Ecuador&lt;\/p&gt;\n\" data-image-caption=\"&lt;p&gt;Ballenas Jorobadas en Ecuador&lt;\/p&gt;\n\" data-large-file=\"https:\/\/i0.wp.com\/trailforthjournal.com\/es\/wp-content\/uploads\/sites\/4\/2022\/11\/ballenas-jorobadas-ecuador.jpg?fit=1024%2C654&amp;ssl=1\" srcset=\"https:\/\/i0.wp.com\/trailforthjournal.com\/es\/wp-content\/uploads\/sites\/4\/2022\/11\/ballenas-jorobadas-ecuador.jpg?w=2457&amp;ssl=1 2457w, https:\/\/i0.wp.com\/trailforthjournal.com\/es\/wp-content\/uploads\/sites\/4\/2022\/11\/ballenas-jorobadas-ecuador.jpg?resize=300%2C192&amp;ssl=1 300w, https:\/\/i0.wp.com\/trailforthjournal.com\/es\/wp-content\/uploads\/sites\/4\/2022\/11\/ballenas-jorobadas-ecuador.jpg?resize=1024%2C654&amp;ssl=1 1024w, https:\/\/i0.wp.com\/trailforthjournal.com\/es\/wp-content\/uploads\/sites\/4\/2022\/11\/ballenas-jorobadas-ecuador.jpg?resize=768%2C490&amp;ssl=1 768w, https:\/\/i0.wp.com\/trailforthjournal.com\/es\/wp-content\/uploads\/sites\/4\/2022\/11\/ballenas-jorobadas-ecuador.jpg?resize=1536%2C981&amp;ssl=1 1536w, https:\/\/i0.wp.com\/trailforthjournal.com\/es\/wp-content\/uploads\/sites\/4\/2022\/11\/ballenas-jorobadas-ecuador.jpg?resize=2048%2C1308&amp;ssl=1 2048w, https:\/\/i0.wp.com\/trailforthjournal.com\/es\/wp-content\/uploads\/sites\/4\/2022\/11\/ballenas-jorobadas-ecuador.jpg?resize=78%2C50&amp;ssl=1 78w, https:\/\/i0.wp.com\/trailforthjournal.com\/es\/wp-content\/uploads\/sites\/4\/2022\/11\/ballenas-jorobadas-ecuador.jpg?resize=600%2C383&amp;ssl=1 600w\" sizes=\"(max-width: 1032px) 100vw, 1032px\" \/>\t\t\t\t\t\t<\/div>\n\t\t\t\t\t\t\t\t\t\t\t\t\t<div class=\"premium-blog-thumbnail-overlay\">\n\t\t\t\t\t\t\t\t<a class=\"elementor-icon\" href=\"https:\/\/trailforthjournal.com\/es\/ambiente\/avistamiento-ballenas-jorobadas-ecuador\/\" target=\"_blank\"><\/a>\n\t\t\t\t\t\t\t<\/div>\n\n\t\t\t\t\t\t\t\t\t\t\t\t\t\t\t\t\t\t<\/div>\n\t\t\t\t\t\t\t\t\t\t\t\t<div class=\"premium-blog-content-wrapper \">\n\n\t\t\t\t\t<div class=\"premium-blog-inner-container\">\n\n\t\t\t\t\t\t\t\t\t\t\t\t\t\t<h1 class=\"premium-blog-entry-title\">\n\t\t\t<a href=\"https:\/\/trailforthjournal.com\/es\/ambiente\/avistamiento-ballenas-jorobadas-ecuador\/\" target=\"_blank\">\n\t\t\t\tAvistamiento de Ballenas Jorobadas en Ecuador: Gu\u00eda de temporada y mejores playas\t\t\t<\/a>\n\t\t<\/h1>\n\t\t\t\t<div class=\"premium-blog-entry-meta\">\n\t\t\t\n\t\t\t\n\t\t\t\n\t\t\t\t\t<\/div>\n\t\t\n\t\t\t\t\t<\/div>\n\n\t\t\t\t\t\t\t\t\t\t\n\t\t\t\t<\/div>\n\t\t\t<\/div>\n\t\t<\/div>\n\n\t\t\t\t\t\t\t<\/div>\n\n\t\t\n\t\t\n\t\t\t\t\t\t<\/div>\n\t\t\t\t<\/div>\n\t\t\t\t\t<\/div>\n\t\t<\/div>\n\t\t\t\t\t<\/div>\n\t\t<\/section>\n\t\t\t\t<section class=\"elementor-section elementor-top-section elementor-element elementor-element-9eac6c9 elementor-section-boxed elementor-section-height-default elementor-section-height-default wpr-particle-no wpr-jarallax-no wpr-parallax-no wpr-sticky-section-no wpr-equal-height-no\" data-id=\"9eac6c9\" data-element_type=\"section\" data-e-type=\"section\">\n\t\t\t\t\t\t<div class=\"elementor-container elementor-column-gap-default\">\n\t\t\t\t\t<div class=\"elementor-column elementor-col-100 elementor-top-column elementor-element elementor-element-b519840\" data-id=\"b519840\" data-element_type=\"column\" data-e-type=\"column\">\n\t\t\t<div class=\"elementor-widget-wrap elementor-element-populated\">\n\t\t\t\t\t\t<div class=\"elementor-element elementor-element-b9c75f2 elementor-widget elementor-widget-spacer\" data-id=\"b9c75f2\" data-element_type=\"widget\" data-e-type=\"widget\" data-widget_type=\"spacer.default\">\n\t\t\t\t<div class=\"elementor-widget-container\">\n\t\t\t\t\t\t\t<div class=\"elementor-spacer\">\n\t\t\t<div class=\"elementor-spacer-inner\"><\/div>\n\t\t<\/div>\n\t\t\t\t\t\t<\/div>\n\t\t\t\t<\/div>\n\t\t\t\t\t<\/div>\n\t\t<\/div>\n\t\t\t\t\t<\/div>\n\t\t<\/section>\n\t\t\t\t<section class=\"elementor-section elementor-top-section elementor-element elementor-element-e8e8308 elementor-section-boxed elementor-section-height-default elementor-section-height-default wpr-particle-no wpr-jarallax-no wpr-parallax-no wpr-sticky-section-no wpr-equal-height-no\" data-id=\"e8e8308\" data-element_type=\"section\" data-e-type=\"section\">\n\t\t\t\t\t\t\t<div class=\"elementor-background-overlay\"><\/div>\n\t\t\t\t\t\t\t<div class=\"elementor-container elementor-column-gap-no\">\n\t\t\t\t\t<div class=\"elementor-column elementor-col-100 elementor-top-column elementor-element elementor-element-c438ca2\" data-id=\"c438ca2\" data-element_type=\"column\" data-e-type=\"column\">\n\t\t\t<div class=\"elementor-widget-wrap elementor-element-populated\">\n\t\t\t\t\t\t<div class=\"elementor-element elementor-element-e360b99 premium-title-color elementor-widget elementor-widget-premium-addon-title\" data-id=\"e360b99\" data-element_type=\"widget\" data-e-type=\"widget\" data-widget_type=\"premium-addon-title.default\">\n\t\t\t\t<div class=\"elementor-widget-container\">\n\t\t\t\t\t\n\t\t<div class=\"premium-title-container style7\">\n\t\t\t<h2 class=\"premium-title-header premium-title-style7\">\n\t\t\t\t\t\t\t\t\t\t\t\t\t\t\t<span class=\"premium-title-style7-stripe-wrap\">\n\t\t\t\t\t\t\t<span class=\"premium-title-style7-stripe\"><\/span>\n\t\t\t\t\t\t<\/span>\n\t\t\t\t\t\t\t\t\t\t<div class=\"premium-title-style7-inner\">\n\t\t\t\t\n\t\t\t\t\n\t\t\t\t\t\t\t\t\t\t\t\t\t\t\t\t\t\t\t\t\t<span class=\"premium-title-text\">\n\t\t\t\t\tIr m\u00e1s lejos\t\t\t\t<\/span>\n\t\t\t\t\t\n\t\t\t\t\t\t\t\t\t<\/div>\n\t\t\t\t\t\t\t\t\n\t\t\t\t\t\t\t<\/h2>\n\n\t\t<\/div>\n\n\t\t\t\t\t\t<\/div>\n\t\t\t\t<\/div>\n\t\t\t\t\t<\/div>\n\t\t<\/div>\n\t\t\t\t\t<\/div>\n\t\t<\/section>\n\t\t\t\t<section class=\"elementor-section elementor-top-section elementor-element elementor-element-f3bc4de elementor-section-full_width elementor-section-content-middle elementor-section-height-default elementor-section-height-default wpr-particle-no wpr-jarallax-no wpr-parallax-no wpr-sticky-section-no wpr-equal-height-no\" data-id=\"f3bc4de\" data-element_type=\"section\" data-e-type=\"section\" data-settings=\"{&quot;background_background&quot;:&quot;classic&quot;}\">\n\t\t\t\t\t\t<div class=\"elementor-container elementor-column-gap-no\">\n\t\t\t\t\t<div class=\"elementor-column elementor-col-100 elementor-top-column elementor-element elementor-element-908acf0\" data-id=\"908acf0\" data-element_type=\"column\" data-e-type=\"column\">\n\t\t\t<div class=\"elementor-widget-wrap elementor-element-populated\">\n\t\t\t\t\t\t<div class=\"elementor-element elementor-element-50c9426 premium-blog-align-left elementor-widget elementor-widget-premium-addon-blog\" data-id=\"50c9426\" data-element_type=\"widget\" data-e-type=\"widget\" data-settings=\"{&quot;force_height&quot;:&quot;true&quot;,&quot;premium_blog_columns_number&quot;:&quot;25%&quot;,&quot;premium_blog_grid&quot;:&quot;yes&quot;,&quot;premium_blog_layout&quot;:&quot;even&quot;,&quot;premium_blog_columns_number_tablet&quot;:&quot;50%&quot;,&quot;premium_blog_columns_number_mobile&quot;:&quot;100%&quot;,&quot;scroll_to_offset&quot;:&quot;yes&quot;}\" data-widget_type=\"premium-addon-blog.default\">\n\t\t\t\t<div class=\"elementor-widget-container\">\n\t\t\t\t\t\n\t\t\n\n\t\t\t\t<div class=\"premium-blog-wrap  premium-blog-even\" data-page=\"6294\">\n\t\t\t\t\t\t\t\t\t<div class=\"premium-blog-post-outer-container\" data-total=\"6\">\n\t\t\t<div class=\"premium-blog-post-container premium-blog-skin-banner\">\n\t\t\t\t\t\t\t\t\t<div class=\"premium-blog-thumb-effect-wrapper\">\n\t\t\t\t\t\t<div class=\"premium-blog-thumbnail-container premium-blog-zoomin-effect\">\n\t\t\t\t\t\t\t<img loading=\"lazy\" decoding=\"async\" data-attachment-id=\"27101\" data-permalink=\"https:\/\/trailforthjournal.com\/es\/cultura\/iglesia-san-francisco-guayaquil\/attachment\/dji_0025-2\/\" data-orig-file=\"https:\/\/i0.wp.com\/trailforthjournal.com\/es\/wp-content\/uploads\/sites\/4\/2023\/10\/DJI_0025-2-scaled.jpg?fit=2560%2C1438&amp;ssl=1\" data-orig-size=\"2560,1438\" data-comments-opened=\"0\" data-image-meta=\"{&quot;aperture&quot;:&quot;2.8&quot;,&quot;credit&quot;:&quot;&quot;,&quot;camera&quot;:&quot;FC300C&quot;,&quot;caption&quot;:&quot;&quot;,&quot;created_timestamp&quot;:&quot;1553326760&quot;,&quot;copyright&quot;:&quot;&quot;,&quot;focal_length&quot;:&quot;3.61&quot;,&quot;iso&quot;:&quot;100&quot;,&quot;shutter_speed&quot;:&quot;0.0023809523809524&quot;,&quot;title&quot;:&quot;&quot;,&quot;orientation&quot;:&quot;1&quot;}\" data-image-title=\"Iglesia San Francisco, Guayaquil\" data-image-description=\"&lt;p&gt;Iglesia San Francisco, Guayaquil&lt;\/p&gt;\n\" data-image-caption=\"&lt;p&gt;Iglesia San Francisco, Guayaquil&lt;\/p&gt;\n\" data-large-file=\"https:\/\/i0.wp.com\/trailforthjournal.com\/es\/wp-content\/uploads\/sites\/4\/2023\/10\/DJI_0025-2-scaled.jpg?fit=1024%2C575&amp;ssl=1\" width=\"2560\" height=\"1438\" src=\"https:\/\/i0.wp.com\/trailforthjournal.com\/es\/wp-content\/uploads\/sites\/4\/2023\/10\/DJI_0025-2-scaled.jpg?fit=2560%2C1438&amp;ssl=1\" class=\"attachment-full size-full wp-image-27101\" alt=\"Iglesia San Francisco, Guayaquil\" data-attachment-id=\"27101\" data-permalink=\"https:\/\/trailforthjournal.com\/es\/cultura\/iglesia-san-francisco-guayaquil\/attachment\/dji_0025-2\/\" data-orig-file=\"https:\/\/i0.wp.com\/trailforthjournal.com\/es\/wp-content\/uploads\/sites\/4\/2023\/10\/DJI_0025-2-scaled.jpg?fit=2560%2C1438&amp;ssl=1\" data-orig-size=\"2560,1438\" data-comments-opened=\"0\" data-image-meta=\"{&quot;aperture&quot;:&quot;2.8&quot;,&quot;credit&quot;:&quot;&quot;,&quot;camera&quot;:&quot;FC300C&quot;,&quot;caption&quot;:&quot;&quot;,&quot;created_timestamp&quot;:&quot;1553326760&quot;,&quot;copyright&quot;:&quot;&quot;,&quot;focal_length&quot;:&quot;3.61&quot;,&quot;iso&quot;:&quot;100&quot;,&quot;shutter_speed&quot;:&quot;0.0023809523809524&quot;,&quot;title&quot;:&quot;&quot;,&quot;orientation&quot;:&quot;1&quot;}\" data-image-title=\"Iglesia San Francisco, Guayaquil\" data-image-description=\"&lt;p&gt;Iglesia San Francisco, Guayaquil&lt;\/p&gt;\n\" data-image-caption=\"&lt;p&gt;Iglesia San Francisco, Guayaquil&lt;\/p&gt;\n\" data-large-file=\"https:\/\/i0.wp.com\/trailforthjournal.com\/es\/wp-content\/uploads\/sites\/4\/2023\/10\/DJI_0025-2-scaled.jpg?fit=1024%2C575&amp;ssl=1\" srcset=\"https:\/\/i0.wp.com\/trailforthjournal.com\/es\/wp-content\/uploads\/sites\/4\/2023\/10\/DJI_0025-2-scaled.jpg?w=2560&amp;ssl=1 2560w, https:\/\/i0.wp.com\/trailforthjournal.com\/es\/wp-content\/uploads\/sites\/4\/2023\/10\/DJI_0025-2-scaled.jpg?resize=300%2C168&amp;ssl=1 300w, https:\/\/i0.wp.com\/trailforthjournal.com\/es\/wp-content\/uploads\/sites\/4\/2023\/10\/DJI_0025-2-scaled.jpg?resize=1024%2C575&amp;ssl=1 1024w, https:\/\/i0.wp.com\/trailforthjournal.com\/es\/wp-content\/uploads\/sites\/4\/2023\/10\/DJI_0025-2-scaled.jpg?resize=768%2C431&amp;ssl=1 768w, https:\/\/i0.wp.com\/trailforthjournal.com\/es\/wp-content\/uploads\/sites\/4\/2023\/10\/DJI_0025-2-scaled.jpg?resize=1536%2C863&amp;ssl=1 1536w, https:\/\/i0.wp.com\/trailforthjournal.com\/es\/wp-content\/uploads\/sites\/4\/2023\/10\/DJI_0025-2-scaled.jpg?resize=2048%2C1150&amp;ssl=1 2048w, https:\/\/i0.wp.com\/trailforthjournal.com\/es\/wp-content\/uploads\/sites\/4\/2023\/10\/DJI_0025-2-scaled.jpg?resize=89%2C50&amp;ssl=1 89w, https:\/\/i0.wp.com\/trailforthjournal.com\/es\/wp-content\/uploads\/sites\/4\/2023\/10\/DJI_0025-2-scaled.jpg?resize=600%2C337&amp;ssl=1 600w\" sizes=\"(max-width: 1032px) 100vw, 1032px\" \/>\t\t\t\t\t\t<\/div>\n\t\t\t\t\t\t\t\t\t\t\t\t\t<div class=\"premium-blog-thumbnail-overlay\">\n\t\t\t\t\t\t\t\t<a class=\"elementor-icon\" href=\"https:\/\/trailforthjournal.com\/es\/cultura\/iglesia-san-francisco-guayaquil\/\" target=\"_blank\"><\/a>\n\t\t\t\t\t\t\t<\/div>\n\n\t\t\t\t\t\t\t\t\t\t\t\t\t\t\t\t\t\t<\/div>\n\t\t\t\t\t\t\t\t\t\t\t\t<div class=\"premium-blog-content-wrapper \">\n\n\t\t\t\t\t<div class=\"premium-blog-inner-container\">\n\n\t\t\t\t\t\t\t\t\t\t\t\t\t\t<h1 class=\"premium-blog-entry-title\">\n\t\t\t<a href=\"https:\/\/trailforthjournal.com\/es\/cultura\/iglesia-san-francisco-guayaquil\/\" target=\"_blank\">\n\t\t\t\tIglesia San Francisco de Guayaquil: Historia, arquitectura y el legado de los Franciscanos\t\t\t<\/a>\n\t\t<\/h1>\n\t\t\t\t<div class=\"premium-blog-entry-meta\">\n\t\t\t\n\t\t\t\n\t\t\t\n\t\t\t\t\t<\/div>\n\t\t\n\t\t\t\t\t<\/div>\n\n\t\t\t\t\t\t\t\t\t\t\n\t\t\t\t<\/div>\n\t\t\t<\/div>\n\t\t<\/div>\n\n\t\t\t\t<div class=\"premium-blog-post-outer-container\" data-total=\"6\">\n\t\t\t<div class=\"premium-blog-post-container premium-blog-skin-banner\">\n\t\t\t\t\t\t\t\t\t<div class=\"premium-blog-thumb-effect-wrapper\">\n\t\t\t\t\t\t<div class=\"premium-blog-thumbnail-container premium-blog-zoomin-effect\">\n\t\t\t\t\t\t\t<img loading=\"lazy\" decoding=\"async\" data-attachment-id=\"26030\" data-permalink=\"https:\/\/trailforthjournal.com\/es\/cultura\/cerro-santa-ana-guayaquil\/attachment\/cerro-santa-ana-2\/\" data-orig-file=\"https:\/\/i0.wp.com\/trailforthjournal.com\/es\/wp-content\/uploads\/sites\/4\/2023\/09\/Cerro-Santa-Ana-scaled.jpg?fit=2560%2C1713&amp;ssl=1\" data-orig-size=\"2560,1713\" data-comments-opened=\"0\" data-image-meta=\"{&quot;aperture&quot;:&quot;4.5&quot;,&quot;credit&quot;:&quot;&quot;,&quot;camera&quot;:&quot;Canon EOS REBEL T3i&quot;,&quot;caption&quot;:&quot;&quot;,&quot;created_timestamp&quot;:&quot;1534658636&quot;,&quot;copyright&quot;:&quot;&quot;,&quot;focal_length&quot;:&quot;32&quot;,&quot;iso&quot;:&quot;400&quot;,&quot;shutter_speed&quot;:&quot;0.076923076923077&quot;,&quot;title&quot;:&quot;&quot;,&quot;orientation&quot;:&quot;0&quot;}\" data-image-title=\"cerro-santa-ana-guayaquil-nocturna-faro\" data-image-description=\"&lt;p&gt;Fotograf\u00eda del Cerro Santa Ana durante la hora azul. Se aprecian las luces de las viviendas que suben por la colina, el faro en la cima y, en primer plano, parte de la infraestructura moderna de Puerto Santa Ana, incluyendo el edificio \u00abThe Point\u00bb a la izquierda&lt;\/p&gt;\n\" data-image-caption=\"&lt;p&gt;El Cerro Santa Ana se ilumina al anochecer, destacando el ic\u00f3nico faro que vigila el r\u00edo Guayas&lt;\/p&gt;\n\" data-large-file=\"https:\/\/i0.wp.com\/trailforthjournal.com\/es\/wp-content\/uploads\/sites\/4\/2023\/09\/Cerro-Santa-Ana-scaled.jpg?fit=1024%2C685&amp;ssl=1\" width=\"2560\" height=\"1713\" src=\"https:\/\/i0.wp.com\/trailforthjournal.com\/es\/wp-content\/uploads\/sites\/4\/2023\/09\/Cerro-Santa-Ana-scaled.jpg?fit=2560%2C1713&amp;ssl=1\" class=\"attachment-full size-full wp-image-26030\" alt=\"Vista nocturna del Cerro Santa Ana en Guayaquil con el faro iluminado, casas coloridas y edificios modernos en la base\" data-attachment-id=\"26030\" data-permalink=\"https:\/\/trailforthjournal.com\/es\/cultura\/cerro-santa-ana-guayaquil\/attachment\/cerro-santa-ana-2\/\" data-orig-file=\"https:\/\/i0.wp.com\/trailforthjournal.com\/es\/wp-content\/uploads\/sites\/4\/2023\/09\/Cerro-Santa-Ana-scaled.jpg?fit=2560%2C1713&amp;ssl=1\" data-orig-size=\"2560,1713\" data-comments-opened=\"0\" data-image-meta=\"{&quot;aperture&quot;:&quot;4.5&quot;,&quot;credit&quot;:&quot;&quot;,&quot;camera&quot;:&quot;Canon EOS REBEL T3i&quot;,&quot;caption&quot;:&quot;&quot;,&quot;created_timestamp&quot;:&quot;1534658636&quot;,&quot;copyright&quot;:&quot;&quot;,&quot;focal_length&quot;:&quot;32&quot;,&quot;iso&quot;:&quot;400&quot;,&quot;shutter_speed&quot;:&quot;0.076923076923077&quot;,&quot;title&quot;:&quot;&quot;,&quot;orientation&quot;:&quot;0&quot;}\" data-image-title=\"cerro-santa-ana-guayaquil-nocturna-faro\" data-image-description=\"&lt;p&gt;Fotograf\u00eda del Cerro Santa Ana durante la hora azul. Se aprecian las luces de las viviendas que suben por la colina, el faro en la cima y, en primer plano, parte de la infraestructura moderna de Puerto Santa Ana, incluyendo el edificio \u00abThe Point\u00bb a la izquierda&lt;\/p&gt;\n\" data-image-caption=\"&lt;p&gt;El Cerro Santa Ana se ilumina al anochecer, destacando el ic\u00f3nico faro que vigila el r\u00edo Guayas&lt;\/p&gt;\n\" data-large-file=\"https:\/\/i0.wp.com\/trailforthjournal.com\/es\/wp-content\/uploads\/sites\/4\/2023\/09\/Cerro-Santa-Ana-scaled.jpg?fit=1024%2C685&amp;ssl=1\" srcset=\"https:\/\/i0.wp.com\/trailforthjournal.com\/es\/wp-content\/uploads\/sites\/4\/2023\/09\/Cerro-Santa-Ana-scaled.jpg?w=2560&amp;ssl=1 2560w, https:\/\/i0.wp.com\/trailforthjournal.com\/es\/wp-content\/uploads\/sites\/4\/2023\/09\/Cerro-Santa-Ana-scaled.jpg?resize=300%2C201&amp;ssl=1 300w, https:\/\/i0.wp.com\/trailforthjournal.com\/es\/wp-content\/uploads\/sites\/4\/2023\/09\/Cerro-Santa-Ana-scaled.jpg?resize=1024%2C685&amp;ssl=1 1024w, https:\/\/i0.wp.com\/trailforthjournal.com\/es\/wp-content\/uploads\/sites\/4\/2023\/09\/Cerro-Santa-Ana-scaled.jpg?resize=768%2C514&amp;ssl=1 768w, https:\/\/i0.wp.com\/trailforthjournal.com\/es\/wp-content\/uploads\/sites\/4\/2023\/09\/Cerro-Santa-Ana-scaled.jpg?resize=1536%2C1028&amp;ssl=1 1536w, https:\/\/i0.wp.com\/trailforthjournal.com\/es\/wp-content\/uploads\/sites\/4\/2023\/09\/Cerro-Santa-Ana-scaled.jpg?resize=2048%2C1370&amp;ssl=1 2048w, https:\/\/i0.wp.com\/trailforthjournal.com\/es\/wp-content\/uploads\/sites\/4\/2023\/09\/Cerro-Santa-Ana-scaled.jpg?resize=75%2C50&amp;ssl=1 75w, https:\/\/i0.wp.com\/trailforthjournal.com\/es\/wp-content\/uploads\/sites\/4\/2023\/09\/Cerro-Santa-Ana-scaled.jpg?resize=600%2C401&amp;ssl=1 600w\" sizes=\"(max-width: 1032px) 100vw, 1032px\" \/>\t\t\t\t\t\t<\/div>\n\t\t\t\t\t\t\t\t\t\t\t\t\t<div class=\"premium-blog-thumbnail-overlay\">\n\t\t\t\t\t\t\t\t<a class=\"elementor-icon\" href=\"https:\/\/trailforthjournal.com\/es\/cultura\/cerro-santa-ana-guayaquil\/\" target=\"_blank\"><\/a>\n\t\t\t\t\t\t\t<\/div>\n\n\t\t\t\t\t\t\t\t\t\t\t\t\t\t\t\t\t\t<\/div>\n\t\t\t\t\t\t\t\t\t\t\t\t<div class=\"premium-blog-content-wrapper \">\n\n\t\t\t\t\t<div class=\"premium-blog-inner-container\">\n\n\t\t\t\t\t\t\t\t\t\t\t\t\t\t<h1 class=\"premium-blog-entry-title\">\n\t\t\t<a href=\"https:\/\/trailforthjournal.com\/es\/cultura\/cerro-santa-ana-guayaquil\/\" target=\"_blank\">\n\t\t\t\tCerro Santa Ana en Guayaquil: sube 444 escalones y descubre el origen la urbe porte\u00f1a\t\t\t<\/a>\n\t\t<\/h1>\n\t\t\t\t<div class=\"premium-blog-entry-meta\">\n\t\t\t\n\t\t\t\n\t\t\t\n\t\t\t\t\t<\/div>\n\t\t\n\t\t\t\t\t<\/div>\n\n\t\t\t\t\t\t\t\t\t\t\n\t\t\t\t<\/div>\n\t\t\t<\/div>\n\t\t<\/div>\n\n\t\t\t\t<div class=\"premium-blog-post-outer-container\" data-total=\"6\">\n\t\t\t<div class=\"premium-blog-post-container premium-blog-skin-banner\">\n\t\t\t\t\t\t\t\t\t<div class=\"premium-blog-thumb-effect-wrapper\">\n\t\t\t\t\t\t<div class=\"premium-blog-thumbnail-container premium-blog-zoomin-effect\">\n\t\t\t\t\t\t\t<img loading=\"lazy\" decoding=\"async\" data-attachment-id=\"10230\" data-permalink=\"https:\/\/trailforthjournal.com\/es\/lugar-emblematico\/puerto-santa-ana\/attachment\/img_0623-2\/\" data-orig-file=\"https:\/\/i0.wp.com\/trailforthjournal.com\/es\/wp-content\/uploads\/sites\/4\/2022\/05\/IMG_0623-2-scaled.jpg?fit=2560%2C1707&amp;ssl=1\" data-orig-size=\"2560,1707\" data-comments-opened=\"0\" data-image-meta=\"{&quot;aperture&quot;:&quot;3.5&quot;,&quot;credit&quot;:&quot;&quot;,&quot;camera&quot;:&quot;Canon EOS REBEL T3i&quot;,&quot;caption&quot;:&quot;&quot;,&quot;created_timestamp&quot;:&quot;1506927413&quot;,&quot;copyright&quot;:&quot;&quot;,&quot;focal_length&quot;:&quot;18&quot;,&quot;iso&quot;:&quot;2500&quot;,&quot;shutter_speed&quot;:&quot;0.033333333333333&quot;,&quot;title&quot;:&quot;&quot;,&quot;orientation&quot;:&quot;1&quot;}\" data-image-title=\"puerto-santa-ana-guayaquil-noche-moderno\" data-image-description=\"&lt;p&gt;Fotograf\u00eda nocturna de Puerto Santa Ana. Se observa el dise\u00f1o de los edificios curvos, la iluminaci\u00f3n de los postes met\u00e1licos, las terrazas de los restaurantes y el reflejo de las luces sobre el agua.&lt;\/p&gt;\n\" data-image-caption=\"&lt;p&gt;Puerto Santa Ana: modernidad y brisa marina en el sector m\u00e1s exclusivo de Guayaquil.&lt;\/p&gt;\n\" data-large-file=\"https:\/\/i0.wp.com\/trailforthjournal.com\/es\/wp-content\/uploads\/sites\/4\/2022\/05\/IMG_0623-2-scaled.jpg?fit=1024%2C683&amp;ssl=1\" width=\"2560\" height=\"1707\" src=\"https:\/\/i0.wp.com\/trailforthjournal.com\/es\/wp-content\/uploads\/sites\/4\/2022\/05\/IMG_0623-2-scaled.jpg?fit=2560%2C1707&amp;ssl=1\" class=\"attachment-full size-full wp-image-10230\" alt=\"Paseo peatonal iluminado en Puerto Santa Ana, Guayaquil, con edificios modernos y restaurantes frente al r\u00edo Guayas.\" data-attachment-id=\"10230\" data-permalink=\"https:\/\/trailforthjournal.com\/es\/lugar-emblematico\/puerto-santa-ana\/attachment\/img_0623-2\/\" data-orig-file=\"https:\/\/i0.wp.com\/trailforthjournal.com\/es\/wp-content\/uploads\/sites\/4\/2022\/05\/IMG_0623-2-scaled.jpg?fit=2560%2C1707&amp;ssl=1\" data-orig-size=\"2560,1707\" data-comments-opened=\"0\" data-image-meta=\"{&quot;aperture&quot;:&quot;3.5&quot;,&quot;credit&quot;:&quot;&quot;,&quot;camera&quot;:&quot;Canon EOS REBEL T3i&quot;,&quot;caption&quot;:&quot;&quot;,&quot;created_timestamp&quot;:&quot;1506927413&quot;,&quot;copyright&quot;:&quot;&quot;,&quot;focal_length&quot;:&quot;18&quot;,&quot;iso&quot;:&quot;2500&quot;,&quot;shutter_speed&quot;:&quot;0.033333333333333&quot;,&quot;title&quot;:&quot;&quot;,&quot;orientation&quot;:&quot;1&quot;}\" data-image-title=\"puerto-santa-ana-guayaquil-noche-moderno\" data-image-description=\"&lt;p&gt;Fotograf\u00eda nocturna de Puerto Santa Ana. Se observa el dise\u00f1o de los edificios curvos, la iluminaci\u00f3n de los postes met\u00e1licos, las terrazas de los restaurantes y el reflejo de las luces sobre el agua.&lt;\/p&gt;\n\" data-image-caption=\"&lt;p&gt;Puerto Santa Ana: modernidad y brisa marina en el sector m\u00e1s exclusivo de Guayaquil.&lt;\/p&gt;\n\" data-large-file=\"https:\/\/i0.wp.com\/trailforthjournal.com\/es\/wp-content\/uploads\/sites\/4\/2022\/05\/IMG_0623-2-scaled.jpg?fit=1024%2C683&amp;ssl=1\" srcset=\"https:\/\/i0.wp.com\/trailforthjournal.com\/es\/wp-content\/uploads\/sites\/4\/2022\/05\/IMG_0623-2-scaled.jpg?w=2560&amp;ssl=1 2560w, https:\/\/i0.wp.com\/trailforthjournal.com\/es\/wp-content\/uploads\/sites\/4\/2022\/05\/IMG_0623-2-scaled.jpg?resize=300%2C200&amp;ssl=1 300w, https:\/\/i0.wp.com\/trailforthjournal.com\/es\/wp-content\/uploads\/sites\/4\/2022\/05\/IMG_0623-2-scaled.jpg?resize=1024%2C683&amp;ssl=1 1024w, https:\/\/i0.wp.com\/trailforthjournal.com\/es\/wp-content\/uploads\/sites\/4\/2022\/05\/IMG_0623-2-scaled.jpg?resize=768%2C512&amp;ssl=1 768w, https:\/\/i0.wp.com\/trailforthjournal.com\/es\/wp-content\/uploads\/sites\/4\/2022\/05\/IMG_0623-2-scaled.jpg?resize=1536%2C1024&amp;ssl=1 1536w, https:\/\/i0.wp.com\/trailforthjournal.com\/es\/wp-content\/uploads\/sites\/4\/2022\/05\/IMG_0623-2-scaled.jpg?resize=2048%2C1365&amp;ssl=1 2048w, https:\/\/i0.wp.com\/trailforthjournal.com\/es\/wp-content\/uploads\/sites\/4\/2022\/05\/IMG_0623-2-scaled.jpg?resize=225%2C150&amp;ssl=1 225w, https:\/\/i0.wp.com\/trailforthjournal.com\/es\/wp-content\/uploads\/sites\/4\/2022\/05\/IMG_0623-2-scaled.jpg?resize=600%2C400&amp;ssl=1 600w\" sizes=\"(max-width: 1032px) 100vw, 1032px\" \/>\t\t\t\t\t\t<\/div>\n\t\t\t\t\t\t\t\t\t\t\t\t\t<div class=\"premium-blog-thumbnail-overlay\">\n\t\t\t\t\t\t\t\t<a class=\"elementor-icon\" href=\"https:\/\/trailforthjournal.com\/es\/lugar-emblematico\/puerto-santa-ana\/\" target=\"_blank\"><\/a>\n\t\t\t\t\t\t\t<\/div>\n\n\t\t\t\t\t\t\t\t\t\t\t\t\t\t\t\t\t\t<\/div>\n\t\t\t\t\t\t\t\t\t\t\t\t<div class=\"premium-blog-content-wrapper \">\n\n\t\t\t\t\t<div class=\"premium-blog-inner-container\">\n\n\t\t\t\t\t\t\t\t\t\t\t\t\t\t<h1 class=\"premium-blog-entry-title\">\n\t\t\t<a href=\"https:\/\/trailforthjournal.com\/es\/lugar-emblematico\/puerto-santa-ana\/\" target=\"_blank\">\n\t\t\t\tDescubre Puerto Santa Ana y su vibrante ritmo en Guayaquil\t\t\t<\/a>\n\t\t<\/h1>\n\t\t\t\t<div class=\"premium-blog-entry-meta\">\n\t\t\t\n\t\t\t\n\t\t\t\n\t\t\t\t\t<\/div>\n\t\t\n\t\t\t\t\t<\/div>\n\n\t\t\t\t\t\t\t\t\t\t\n\t\t\t\t<\/div>\n\t\t\t<\/div>\n\t\t<\/div>\n\n\t\t\t\t<div class=\"premium-blog-post-outer-container\" data-total=\"6\">\n\t\t\t<div class=\"premium-blog-post-container premium-blog-skin-banner\">\n\t\t\t\t\t\t\t\t\t<div class=\"premium-blog-thumb-effect-wrapper\">\n\t\t\t\t\t\t<div class=\"premium-blog-thumbnail-container premium-blog-zoomin-effect\">\n\t\t\t\t\t\t\t<img loading=\"lazy\" decoding=\"async\" data-attachment-id=\"18780\" data-permalink=\"https:\/\/trailforthjournal.com\/es\/guayaquil-1890-1930-sepelio\/\" data-orig-file=\"https:\/\/i0.wp.com\/trailforthjournal.com\/es\/wp-content\/uploads\/sites\/4\/2023\/01\/Guayaquil-1890-1930-sepelio.jpg?fit=1525%2C921&amp;ssl=1\" data-orig-size=\"1525,921\" data-comments-opened=\"0\" data-image-meta=\"{&quot;aperture&quot;:&quot;0&quot;,&quot;credit&quot;:&quot;&quot;,&quot;camera&quot;:&quot;&quot;,&quot;caption&quot;:&quot;&quot;,&quot;created_timestamp&quot;:&quot;1675176681&quot;,&quot;copyright&quot;:&quot;&quot;,&quot;focal_length&quot;:&quot;0&quot;,&quot;iso&quot;:&quot;0&quot;,&quot;shutter_speed&quot;:&quot;0&quot;,&quot;title&quot;:&quot;&quot;,&quot;orientation&quot;:&quot;1&quot;}\" data-image-title=\"sepelio-historico-guayaquil-1890-1930-carroza\" data-image-description=\"&lt;p&gt;Imagen de archivo coloreada de un sepelio tradicional. Se observa una elegante carroza f\u00fanebre tirada por cuatro caballos blancos, transe\u00fantes con vestimenta de la \u00e9poca y, al fondo, la arquitectura caracter\u00edstica de la ciudad con portales y balcones, junto a las torres de una iglesia&lt;\/p&gt;\n\" data-image-caption=\"&lt;p&gt;Un cortejo f\u00fanebre recorre las calles de Guayaquil a inicios del siglo XX, mostrando las costumbres y la arquitectura de la \u00e9poca&lt;\/p&gt;\n\" data-large-file=\"https:\/\/i0.wp.com\/trailforthjournal.com\/es\/wp-content\/uploads\/sites\/4\/2023\/01\/Guayaquil-1890-1930-sepelio.jpg?fit=1024%2C618&amp;ssl=1\" width=\"1525\" height=\"921\" src=\"https:\/\/i0.wp.com\/trailforthjournal.com\/es\/wp-content\/uploads\/sites\/4\/2023\/01\/Guayaquil-1890-1930-sepelio.jpg?fit=1525%2C921&amp;ssl=1\" class=\"attachment-full size-full wp-image-18780\" alt=\"Fotograf\u00eda hist\u00f3rica de un sepelio en Guayaquil (1890-1930) con una carroza f\u00fanebre tirada por caballos y edificios coloniales de fondo\" data-attachment-id=\"18780\" data-permalink=\"https:\/\/trailforthjournal.com\/es\/guayaquil-1890-1930-sepelio\/\" data-orig-file=\"https:\/\/i0.wp.com\/trailforthjournal.com\/es\/wp-content\/uploads\/sites\/4\/2023\/01\/Guayaquil-1890-1930-sepelio.jpg?fit=1525%2C921&amp;ssl=1\" data-orig-size=\"1525,921\" data-comments-opened=\"0\" data-image-meta=\"{&quot;aperture&quot;:&quot;0&quot;,&quot;credit&quot;:&quot;&quot;,&quot;camera&quot;:&quot;&quot;,&quot;caption&quot;:&quot;&quot;,&quot;created_timestamp&quot;:&quot;1675176681&quot;,&quot;copyright&quot;:&quot;&quot;,&quot;focal_length&quot;:&quot;0&quot;,&quot;iso&quot;:&quot;0&quot;,&quot;shutter_speed&quot;:&quot;0&quot;,&quot;title&quot;:&quot;&quot;,&quot;orientation&quot;:&quot;1&quot;}\" data-image-title=\"sepelio-historico-guayaquil-1890-1930-carroza\" data-image-description=\"&lt;p&gt;Imagen de archivo coloreada de un sepelio tradicional. Se observa una elegante carroza f\u00fanebre tirada por cuatro caballos blancos, transe\u00fantes con vestimenta de la \u00e9poca y, al fondo, la arquitectura caracter\u00edstica de la ciudad con portales y balcones, junto a las torres de una iglesia&lt;\/p&gt;\n\" data-image-caption=\"&lt;p&gt;Un cortejo f\u00fanebre recorre las calles de Guayaquil a inicios del siglo XX, mostrando las costumbres y la arquitectura de la \u00e9poca&lt;\/p&gt;\n\" data-large-file=\"https:\/\/i0.wp.com\/trailforthjournal.com\/es\/wp-content\/uploads\/sites\/4\/2023\/01\/Guayaquil-1890-1930-sepelio.jpg?fit=1024%2C618&amp;ssl=1\" srcset=\"https:\/\/i0.wp.com\/trailforthjournal.com\/es\/wp-content\/uploads\/sites\/4\/2023\/01\/Guayaquil-1890-1930-sepelio.jpg?w=1525&amp;ssl=1 1525w, https:\/\/i0.wp.com\/trailforthjournal.com\/es\/wp-content\/uploads\/sites\/4\/2023\/01\/Guayaquil-1890-1930-sepelio.jpg?resize=300%2C181&amp;ssl=1 300w, https:\/\/i0.wp.com\/trailforthjournal.com\/es\/wp-content\/uploads\/sites\/4\/2023\/01\/Guayaquil-1890-1930-sepelio.jpg?resize=1024%2C618&amp;ssl=1 1024w, https:\/\/i0.wp.com\/trailforthjournal.com\/es\/wp-content\/uploads\/sites\/4\/2023\/01\/Guayaquil-1890-1930-sepelio.jpg?resize=768%2C464&amp;ssl=1 768w, https:\/\/i0.wp.com\/trailforthjournal.com\/es\/wp-content\/uploads\/sites\/4\/2023\/01\/Guayaquil-1890-1930-sepelio.jpg?resize=248%2C150&amp;ssl=1 248w, https:\/\/i0.wp.com\/trailforthjournal.com\/es\/wp-content\/uploads\/sites\/4\/2023\/01\/Guayaquil-1890-1930-sepelio.jpg?resize=600%2C362&amp;ssl=1 600w\" sizes=\"(max-width: 1032px) 100vw, 1032px\" \/>\t\t\t\t\t\t<\/div>\n\t\t\t\t\t\t\t\t\t\t\t\t\t<div class=\"premium-blog-thumbnail-overlay\">\n\t\t\t\t\t\t\t\t<a class=\"elementor-icon\" href=\"https:\/\/trailforthjournal.com\/es\/cultura\/como-es-la-historia-de-guayaquil\/\" target=\"_blank\"><\/a>\n\t\t\t\t\t\t\t<\/div>\n\n\t\t\t\t\t\t\t\t\t\t\t\t\t\t\t\t\t\t<\/div>\n\t\t\t\t\t\t\t\t\t\t\t\t<div class=\"premium-blog-content-wrapper \">\n\n\t\t\t\t\t<div class=\"premium-blog-inner-container\">\n\n\t\t\t\t\t\t\t\t\t\t\t\t\t\t<h1 class=\"premium-blog-entry-title\">\n\t\t\t<a href=\"https:\/\/trailforthjournal.com\/es\/cultura\/como-es-la-historia-de-guayaquil\/\" target=\"_blank\">\n\t\t\t\t\u00bfC\u00f3mo es la historia de Guayaquil? Un viaje cronol\u00f3gico por Piratas, Incendios y la Independencia de Ecuador\t\t\t<\/a>\n\t\t<\/h1>\n\t\t\t\t<div class=\"premium-blog-entry-meta\">\n\t\t\t\n\t\t\t\n\t\t\t\n\t\t\t\t\t<\/div>\n\t\t\n\t\t\t\t\t<\/div>\n\n\t\t\t\t\t\t\t\t\t\t\n\t\t\t\t<\/div>\n\t\t\t<\/div>\n\t\t<\/div>\n\n\t\t\t\t\t\t\t<\/div>\n\n\t\t\n\t\t\n\t\t\t\t\t\t<\/div>\n\t\t\t\t<\/div>\n\t\t\t\t\t<\/div>\n\t\t<\/div>\n\t\t\t\t\t<\/div>\n\t\t<\/section>\n\t\t\t\t<section class=\"elementor-section elementor-top-section elementor-element elementor-element-5dba862 elementor-section-full_width elementor-section-content-middle elementor-section-height-default elementor-section-height-default wpr-particle-no wpr-jarallax-no wpr-parallax-no wpr-sticky-section-no wpr-equal-height-no\" data-id=\"5dba862\" data-element_type=\"section\" data-e-type=\"section\" data-settings=\"{&quot;background_background&quot;:&quot;classic&quot;}\">\n\t\t\t\t\t\t<div class=\"elementor-container elementor-column-gap-no\">\n\t\t\t\t\t<div class=\"elementor-column elementor-col-100 elementor-top-column elementor-element elementor-element-989f59b\" data-id=\"989f59b\" data-element_type=\"column\" data-e-type=\"column\">\n\t\t\t<div class=\"elementor-widget-wrap elementor-element-populated\">\n\t\t\t\t\t\t<div class=\"elementor-element elementor-element-f833827 premium-blog-align-left elementor-widget elementor-widget-premium-addon-blog\" data-id=\"f833827\" data-element_type=\"widget\" data-e-type=\"widget\" data-settings=\"{&quot;force_height&quot;:&quot;true&quot;,&quot;premium_blog_columns_number&quot;:&quot;25%&quot;,&quot;premium_blog_grid&quot;:&quot;yes&quot;,&quot;premium_blog_layout&quot;:&quot;even&quot;,&quot;premium_blog_columns_number_tablet&quot;:&quot;50%&quot;,&quot;premium_blog_columns_number_mobile&quot;:&quot;100%&quot;,&quot;scroll_to_offset&quot;:&quot;yes&quot;}\" data-widget_type=\"premium-addon-blog.default\">\n\t\t\t\t<div class=\"elementor-widget-container\">\n\t\t\t\t\t\n\t\t\n\n\t\t\t\t<div class=\"premium-blog-wrap  premium-blog-even\" data-page=\"6294\">\n\t\t\t\t\t\t\t\t\t<div class=\"premium-blog-post-outer-container\" data-total=\"2\">\n\t\t\t<div class=\"premium-blog-post-container premium-blog-skin-banner\">\n\t\t\t\t\t\t\t\t\t<div class=\"premium-blog-thumb-effect-wrapper\">\n\t\t\t\t\t\t<div class=\"premium-blog-thumbnail-container premium-blog-zoomin-effect\">\n\t\t\t\t\t\t\t<img loading=\"lazy\" decoding=\"async\" data-attachment-id=\"47755\" data-permalink=\"https:\/\/trailforthjournal.com\/es\/cultura\/centro-historico-cuenca\/attachment\/centro-historico-cuenca-ecuador\/\" data-orig-file=\"https:\/\/i0.wp.com\/trailforthjournal.com\/es\/wp-content\/uploads\/sites\/4\/2025\/01\/centro-historico-cuenca-ecuador.jpg?fit=1280%2C960&amp;ssl=1\" data-orig-size=\"1280,960\" data-comments-opened=\"0\" data-image-meta=\"{&quot;aperture&quot;:&quot;0&quot;,&quot;credit&quot;:&quot;&quot;,&quot;camera&quot;:&quot;&quot;,&quot;caption&quot;:&quot;&quot;,&quot;created_timestamp&quot;:&quot;0&quot;,&quot;copyright&quot;:&quot;&quot;,&quot;focal_length&quot;:&quot;0&quot;,&quot;iso&quot;:&quot;0&quot;,&quot;shutter_speed&quot;:&quot;0&quot;,&quot;title&quot;:&quot;&quot;,&quot;orientation&quot;:&quot;0&quot;}\" data-image-title=\"cuenca-centro-historico-catedral-inmaculada\" data-image-description=\"&lt;p&gt;Vista de la Catedral de la Inmaculada Concepci\u00f3n desde la calle Benigno Malo. Se aprecia el detalle del ladrillo visto, caracter\u00edstico de la ciudad, junto con la vida cotidiana en el Parque Calder\u00f3n y el flujo vehicular del casco antiguo&lt;\/p&gt;\n\" data-image-caption=\"&lt;p&gt;La imponente arquitectura de ladrillo de la Catedral Nueva, s\u00edmbolo del centro hist\u00f3rico de Cuenca.&lt;\/p&gt;\n\" data-large-file=\"https:\/\/i0.wp.com\/trailforthjournal.com\/es\/wp-content\/uploads\/sites\/4\/2025\/01\/centro-historico-cuenca-ecuador.jpg?fit=1024%2C768&amp;ssl=1\" width=\"1280\" height=\"960\" src=\"https:\/\/i0.wp.com\/trailforthjournal.com\/es\/wp-content\/uploads\/sites\/4\/2025\/01\/centro-historico-cuenca-ecuador.jpg?fit=1280%2C960&amp;ssl=1\" class=\"attachment-full size-full wp-image-47755\" alt=\"Fachada lateral de la Catedral de la Inmaculada Concepci\u00f3n en el centro hist\u00f3rico de Cuenca, mostrando su arquitectura de ladrillo y el entorno urbano patrimonial\" data-attachment-id=\"47755\" data-permalink=\"https:\/\/trailforthjournal.com\/es\/cultura\/centro-historico-cuenca\/attachment\/centro-historico-cuenca-ecuador\/\" data-orig-file=\"https:\/\/i0.wp.com\/trailforthjournal.com\/es\/wp-content\/uploads\/sites\/4\/2025\/01\/centro-historico-cuenca-ecuador.jpg?fit=1280%2C960&amp;ssl=1\" data-orig-size=\"1280,960\" data-comments-opened=\"0\" data-image-meta=\"{&quot;aperture&quot;:&quot;0&quot;,&quot;credit&quot;:&quot;&quot;,&quot;camera&quot;:&quot;&quot;,&quot;caption&quot;:&quot;&quot;,&quot;created_timestamp&quot;:&quot;0&quot;,&quot;copyright&quot;:&quot;&quot;,&quot;focal_length&quot;:&quot;0&quot;,&quot;iso&quot;:&quot;0&quot;,&quot;shutter_speed&quot;:&quot;0&quot;,&quot;title&quot;:&quot;&quot;,&quot;orientation&quot;:&quot;0&quot;}\" data-image-title=\"cuenca-centro-historico-catedral-inmaculada\" data-image-description=\"&lt;p&gt;Vista de la Catedral de la Inmaculada Concepci\u00f3n desde la calle Benigno Malo. Se aprecia el detalle del ladrillo visto, caracter\u00edstico de la ciudad, junto con la vida cotidiana en el Parque Calder\u00f3n y el flujo vehicular del casco antiguo&lt;\/p&gt;\n\" data-image-caption=\"&lt;p&gt;La imponente arquitectura de ladrillo de la Catedral Nueva, s\u00edmbolo del centro hist\u00f3rico de Cuenca.&lt;\/p&gt;\n\" data-large-file=\"https:\/\/i0.wp.com\/trailforthjournal.com\/es\/wp-content\/uploads\/sites\/4\/2025\/01\/centro-historico-cuenca-ecuador.jpg?fit=1024%2C768&amp;ssl=1\" srcset=\"https:\/\/i0.wp.com\/trailforthjournal.com\/es\/wp-content\/uploads\/sites\/4\/2025\/01\/centro-historico-cuenca-ecuador.jpg?w=1280&amp;ssl=1 1280w, https:\/\/i0.wp.com\/trailforthjournal.com\/es\/wp-content\/uploads\/sites\/4\/2025\/01\/centro-historico-cuenca-ecuador.jpg?resize=300%2C225&amp;ssl=1 300w, https:\/\/i0.wp.com\/trailforthjournal.com\/es\/wp-content\/uploads\/sites\/4\/2025\/01\/centro-historico-cuenca-ecuador.jpg?resize=1024%2C768&amp;ssl=1 1024w, https:\/\/i0.wp.com\/trailforthjournal.com\/es\/wp-content\/uploads\/sites\/4\/2025\/01\/centro-historico-cuenca-ecuador.jpg?resize=768%2C576&amp;ssl=1 768w, https:\/\/i0.wp.com\/trailforthjournal.com\/es\/wp-content\/uploads\/sites\/4\/2025\/01\/centro-historico-cuenca-ecuador.jpg?resize=67%2C50&amp;ssl=1 67w, https:\/\/i0.wp.com\/trailforthjournal.com\/es\/wp-content\/uploads\/sites\/4\/2025\/01\/centro-historico-cuenca-ecuador.jpg?resize=600%2C450&amp;ssl=1 600w\" sizes=\"(max-width: 1032px) 100vw, 1032px\" \/>\t\t\t\t\t\t<\/div>\n\t\t\t\t\t\t\t\t\t\t\t\t\t<div class=\"premium-blog-thumbnail-overlay\">\n\t\t\t\t\t\t\t\t<a class=\"elementor-icon\" href=\"https:\/\/trailforthjournal.com\/es\/cultura\/centro-historico-cuenca\/\" target=\"_blank\"><\/a>\n\t\t\t\t\t\t\t<\/div>\n\n\t\t\t\t\t\t\t\t\t\t\t\t\t\t\t\t\t\t<\/div>\n\t\t\t\t\t\t\t\t\t\t\t\t<div class=\"premium-blog-content-wrapper \">\n\n\t\t\t\t\t<div class=\"premium-blog-inner-container\">\n\n\t\t\t\t\t\t\t\t\t\t\t\t\t\t<h1 class=\"premium-blog-entry-title\">\n\t\t\t<a href=\"https:\/\/trailforthjournal.com\/es\/cultura\/centro-historico-cuenca\/\" target=\"_blank\">\n\t\t\t\tCentro Hist\u00f3rico de Cuenca: Descubre el Patrimonio de la UNESCO en Ecuador\t\t\t<\/a>\n\t\t<\/h1>\n\t\t\t\t<div class=\"premium-blog-entry-meta\">\n\t\t\t\n\t\t\t\n\t\t\t\n\t\t\t\t\t<\/div>\n\t\t\n\t\t\t\t\t<\/div>\n\n\t\t\t\t\t\t\t\t\t\t\n\t\t\t\t<\/div>\n\t\t\t<\/div>\n\t\t<\/div>\n\n\t\t\t\t<div class=\"premium-blog-post-outer-container\" data-total=\"2\">\n\t\t\t<div class=\"premium-blog-post-container premium-blog-skin-banner\">\n\t\t\t\t\t\t\t\t\t<div class=\"premium-blog-thumb-effect-wrapper\">\n\t\t\t\t\t\t<div class=\"premium-blog-thumbnail-container premium-blog-zoomin-effect\">\n\t\t\t\t\t\t\t<img loading=\"lazy\" decoding=\"async\" data-attachment-id=\"34229\" data-permalink=\"https:\/\/trailforthjournal.com\/es\/wp-17203020786331916779417640204164\/\" data-orig-file=\"https:\/\/i0.wp.com\/trailforthjournal.com\/es\/wp-content\/uploads\/sites\/4\/2024\/07\/wp-17203020786331916779417640204164.jpg?fit=2000%2C1332&amp;ssl=1\" data-orig-size=\"2000,1332\" data-comments-opened=\"0\" data-image-meta=\"{&quot;aperture&quot;:&quot;0&quot;,&quot;credit&quot;:&quot;&quot;,&quot;camera&quot;:&quot;&quot;,&quot;caption&quot;:&quot;&quot;,&quot;created_timestamp&quot;:&quot;0&quot;,&quot;copyright&quot;:&quot;&quot;,&quot;focal_length&quot;:&quot;0&quot;,&quot;iso&quot;:&quot;0&quot;,&quot;shutter_speed&quot;:&quot;0&quot;,&quot;title&quot;:&quot;&quot;,&quot;orientation&quot;:&quot;0&quot;}\" data-image-title=\"Cosas que hacer en Guayaquil | Ecuador, Sudam\u00e9rica\" data-image-description=\"&lt;p&gt;Cosas que hacer en Guayaquil | Ecuador, Sudam\u00e9rica&lt;\/p&gt;\n\" data-image-caption=\"&lt;p&gt;Cosas que hacer en Guayaquil | Ecuador, Sudam\u00e9rica&lt;\/p&gt;\n\" data-large-file=\"https:\/\/i0.wp.com\/trailforthjournal.com\/es\/wp-content\/uploads\/sites\/4\/2024\/07\/wp-17203020786331916779417640204164.jpg?fit=1024%2C682&amp;ssl=1\" width=\"2000\" height=\"1332\" src=\"https:\/\/i0.wp.com\/trailforthjournal.com\/es\/wp-content\/uploads\/sites\/4\/2024\/07\/wp-17203020786331916779417640204164.jpg?fit=2000%2C1332&amp;ssl=1\" class=\"attachment-full size-full wp-image-34229\" alt=\"Cosas que hacer en Guayaquil | Ecuador, Sudam\u00e9rica\" data-attachment-id=\"34229\" data-permalink=\"https:\/\/trailforthjournal.com\/es\/wp-17203020786331916779417640204164\/\" data-orig-file=\"https:\/\/i0.wp.com\/trailforthjournal.com\/es\/wp-content\/uploads\/sites\/4\/2024\/07\/wp-17203020786331916779417640204164.jpg?fit=2000%2C1332&amp;ssl=1\" data-orig-size=\"2000,1332\" data-comments-opened=\"0\" data-image-meta=\"{&quot;aperture&quot;:&quot;0&quot;,&quot;credit&quot;:&quot;&quot;,&quot;camera&quot;:&quot;&quot;,&quot;caption&quot;:&quot;&quot;,&quot;created_timestamp&quot;:&quot;0&quot;,&quot;copyright&quot;:&quot;&quot;,&quot;focal_length&quot;:&quot;0&quot;,&quot;iso&quot;:&quot;0&quot;,&quot;shutter_speed&quot;:&quot;0&quot;,&quot;title&quot;:&quot;&quot;,&quot;orientation&quot;:&quot;0&quot;}\" data-image-title=\"Cosas que hacer en Guayaquil | Ecuador, Sudam\u00e9rica\" data-image-description=\"&lt;p&gt;Cosas que hacer en Guayaquil | Ecuador, Sudam\u00e9rica&lt;\/p&gt;\n\" data-image-caption=\"&lt;p&gt;Cosas que hacer en Guayaquil | Ecuador, Sudam\u00e9rica&lt;\/p&gt;\n\" data-large-file=\"https:\/\/i0.wp.com\/trailforthjournal.com\/es\/wp-content\/uploads\/sites\/4\/2024\/07\/wp-17203020786331916779417640204164.jpg?fit=1024%2C682&amp;ssl=1\" srcset=\"https:\/\/i0.wp.com\/trailforthjournal.com\/es\/wp-content\/uploads\/sites\/4\/2024\/07\/wp-17203020786331916779417640204164.jpg?w=2000&amp;ssl=1 2000w, https:\/\/i0.wp.com\/trailforthjournal.com\/es\/wp-content\/uploads\/sites\/4\/2024\/07\/wp-17203020786331916779417640204164.jpg?resize=300%2C200&amp;ssl=1 300w, https:\/\/i0.wp.com\/trailforthjournal.com\/es\/wp-content\/uploads\/sites\/4\/2024\/07\/wp-17203020786331916779417640204164.jpg?resize=1024%2C682&amp;ssl=1 1024w, https:\/\/i0.wp.com\/trailforthjournal.com\/es\/wp-content\/uploads\/sites\/4\/2024\/07\/wp-17203020786331916779417640204164.jpg?resize=768%2C511&amp;ssl=1 768w, https:\/\/i0.wp.com\/trailforthjournal.com\/es\/wp-content\/uploads\/sites\/4\/2024\/07\/wp-17203020786331916779417640204164.jpg?resize=1536%2C1023&amp;ssl=1 1536w, https:\/\/i0.wp.com\/trailforthjournal.com\/es\/wp-content\/uploads\/sites\/4\/2024\/07\/wp-17203020786331916779417640204164.jpg?resize=75%2C50&amp;ssl=1 75w, https:\/\/i0.wp.com\/trailforthjournal.com\/es\/wp-content\/uploads\/sites\/4\/2024\/07\/wp-17203020786331916779417640204164.jpg?resize=600%2C400&amp;ssl=1 600w\" sizes=\"(max-width: 1032px) 100vw, 1032px\" \/>\t\t\t\t\t\t<\/div>\n\t\t\t\t\t\t\t\t\t\t\t\t\t<div class=\"premium-blog-thumbnail-overlay\">\n\t\t\t\t\t\t\t\t<a class=\"elementor-icon\" href=\"https:\/\/trailforthjournal.com\/es\/guia-turistica\/cuenca\/\" target=\"_blank\"><\/a>\n\t\t\t\t\t\t\t<\/div>\n\n\t\t\t\t\t\t\t\t\t\t\t\t\t\t\t\t\t\t<\/div>\n\t\t\t\t\t\t\t\t\t\t\t\t<div class=\"premium-blog-content-wrapper \">\n\n\t\t\t\t\t<div class=\"premium-blog-inner-container\">\n\n\t\t\t\t\t\t\t\t\t\t\t\t\t\t<h1 class=\"premium-blog-entry-title\">\n\t\t\t<a href=\"https:\/\/trailforthjournal.com\/es\/guia-turistica\/cuenca\/\" target=\"_blank\">\n\t\t\t\tImprescindibles de Viaje: Gu\u00eda tur\u00edstica de Cuenca | Ecuador, Sudam\u00e9rica &#8211; 2026\t\t\t<\/a>\n\t\t<\/h1>\n\t\t\t\t<div class=\"premium-blog-entry-meta\">\n\t\t\t\n\t\t\t\n\t\t\t\n\t\t\t\t\t<\/div>\n\t\t\n\t\t\t\t\t<\/div>\n\n\t\t\t\t\t\t\t\t\t\t\n\t\t\t\t<\/div>\n\t\t\t<\/div>\n\t\t<\/div>\n\n\t\t\t\t<div class=\"premium-blog-post-outer-container\" data-total=\"2\">\n\t\t\t<div class=\"premium-blog-post-container premium-blog-skin-banner\">\n\t\t\t\t\t\t\t\t\t<div class=\"premium-blog-thumb-effect-wrapper\">\n\t\t\t\t\t\t<div class=\"premium-blog-thumbnail-container premium-blog-zoomin-effect\">\n\t\t\t\t\t\t\t<img loading=\"lazy\" decoding=\"async\" data-attachment-id=\"47739\" data-permalink=\"https:\/\/trailforthjournal.com\/es\/cultura\/mapa-lugares-turisticos-cuenca\/attachment\/cosas-que-hacer-en-cuenca\/\" data-orig-file=\"https:\/\/i0.wp.com\/trailforthjournal.com\/es\/wp-content\/uploads\/sites\/4\/2025\/12\/cosas-que-hacer-en-cuenca.jpg?fit=2048%2C1536&amp;ssl=1\" data-orig-size=\"2048,1536\" data-comments-opened=\"0\" data-image-meta=\"{&quot;aperture&quot;:&quot;2.2&quot;,&quot;credit&quot;:&quot;&quot;,&quot;camera&quot;:&quot;Galaxy S24 Ultra&quot;,&quot;caption&quot;:&quot;&quot;,&quot;created_timestamp&quot;:&quot;1765235801&quot;,&quot;copyright&quot;:&quot;&quot;,&quot;focal_length&quot;:&quot;2.2&quot;,&quot;iso&quot;:&quot;80&quot;,&quot;shutter_speed&quot;:&quot;0.0083333333333333&quot;,&quot;title&quot;:&quot;&quot;,&quot;orientation&quot;:&quot;0&quot;}\" data-image-title=\"cosas-que-hacer-en-cuenca-seminario-san-luis\" data-image-description=\"&lt;p&gt;Fotograf\u00eda nocturna del patio interior del Seminario San Luis en Cuenca. Se observa la decoraci\u00f3n con luces de hadas, mesas de restaurantes y la imponente arquitectura de la Catedral de la Inmaculada Concepci\u00f3n al fondo&lt;\/p&gt;\n\" data-image-caption=\"&lt;p&gt;El Seminario San Luis: un rinc\u00f3n m\u00e1gico para disfrutar de la gastronom\u00eda bajo las c\u00fapulas de la Catedral&lt;\/p&gt;\n\" data-large-file=\"https:\/\/i0.wp.com\/trailforthjournal.com\/es\/wp-content\/uploads\/sites\/4\/2025\/12\/cosas-que-hacer-en-cuenca.jpg?fit=1024%2C768&amp;ssl=1\" width=\"2048\" height=\"1536\" src=\"https:\/\/i0.wp.com\/trailforthjournal.com\/es\/wp-content\/uploads\/sites\/4\/2025\/12\/cosas-que-hacer-en-cuenca.jpg?fit=2048%2C1536&amp;ssl=1\" class=\"attachment-full size-full wp-image-47739\" alt=\"Patio iluminado del Seminario San Luis con vista a las c\u00fapulas azules de la Catedral de Cuenca, Ecuador, de noche\" data-attachment-id=\"47739\" data-permalink=\"https:\/\/trailforthjournal.com\/es\/cultura\/mapa-lugares-turisticos-cuenca\/attachment\/cosas-que-hacer-en-cuenca\/\" data-orig-file=\"https:\/\/i0.wp.com\/trailforthjournal.com\/es\/wp-content\/uploads\/sites\/4\/2025\/12\/cosas-que-hacer-en-cuenca.jpg?fit=2048%2C1536&amp;ssl=1\" data-orig-size=\"2048,1536\" data-comments-opened=\"0\" data-image-meta=\"{&quot;aperture&quot;:&quot;2.2&quot;,&quot;credit&quot;:&quot;&quot;,&quot;camera&quot;:&quot;Galaxy S24 Ultra&quot;,&quot;caption&quot;:&quot;&quot;,&quot;created_timestamp&quot;:&quot;1765235801&quot;,&quot;copyright&quot;:&quot;&quot;,&quot;focal_length&quot;:&quot;2.2&quot;,&quot;iso&quot;:&quot;80&quot;,&quot;shutter_speed&quot;:&quot;0.0083333333333333&quot;,&quot;title&quot;:&quot;&quot;,&quot;orientation&quot;:&quot;0&quot;}\" data-image-title=\"cosas-que-hacer-en-cuenca-seminario-san-luis\" data-image-description=\"&lt;p&gt;Fotograf\u00eda nocturna del patio interior del Seminario San Luis en Cuenca. Se observa la decoraci\u00f3n con luces de hadas, mesas de restaurantes y la imponente arquitectura de la Catedral de la Inmaculada Concepci\u00f3n al fondo&lt;\/p&gt;\n\" data-image-caption=\"&lt;p&gt;El Seminario San Luis: un rinc\u00f3n m\u00e1gico para disfrutar de la gastronom\u00eda bajo las c\u00fapulas de la Catedral&lt;\/p&gt;\n\" data-large-file=\"https:\/\/i0.wp.com\/trailforthjournal.com\/es\/wp-content\/uploads\/sites\/4\/2025\/12\/cosas-que-hacer-en-cuenca.jpg?fit=1024%2C768&amp;ssl=1\" srcset=\"https:\/\/i0.wp.com\/trailforthjournal.com\/es\/wp-content\/uploads\/sites\/4\/2025\/12\/cosas-que-hacer-en-cuenca.jpg?w=2048&amp;ssl=1 2048w, https:\/\/i0.wp.com\/trailforthjournal.com\/es\/wp-content\/uploads\/sites\/4\/2025\/12\/cosas-que-hacer-en-cuenca.jpg?resize=300%2C225&amp;ssl=1 300w, https:\/\/i0.wp.com\/trailforthjournal.com\/es\/wp-content\/uploads\/sites\/4\/2025\/12\/cosas-que-hacer-en-cuenca.jpg?resize=1024%2C768&amp;ssl=1 1024w, https:\/\/i0.wp.com\/trailforthjournal.com\/es\/wp-content\/uploads\/sites\/4\/2025\/12\/cosas-que-hacer-en-cuenca.jpg?resize=768%2C576&amp;ssl=1 768w, https:\/\/i0.wp.com\/trailforthjournal.com\/es\/wp-content\/uploads\/sites\/4\/2025\/12\/cosas-que-hacer-en-cuenca.jpg?resize=1536%2C1152&amp;ssl=1 1536w, https:\/\/i0.wp.com\/trailforthjournal.com\/es\/wp-content\/uploads\/sites\/4\/2025\/12\/cosas-que-hacer-en-cuenca.jpg?resize=67%2C50&amp;ssl=1 67w, https:\/\/i0.wp.com\/trailforthjournal.com\/es\/wp-content\/uploads\/sites\/4\/2025\/12\/cosas-que-hacer-en-cuenca.jpg?resize=600%2C450&amp;ssl=1 600w\" sizes=\"(max-width: 1032px) 100vw, 1032px\" \/>\t\t\t\t\t\t<\/div>\n\t\t\t\t\t\t\t\t\t\t\t\t\t<div class=\"premium-blog-thumbnail-overlay\">\n\t\t\t\t\t\t\t\t<a class=\"elementor-icon\" href=\"https:\/\/trailforthjournal.com\/es\/cultura\/mapa-lugares-turisticos-cuenca\/\" target=\"_blank\"><\/a>\n\t\t\t\t\t\t\t<\/div>\n\n\t\t\t\t\t\t\t\t\t\t\t\t\t\t\t\t\t\t<\/div>\n\t\t\t\t\t\t\t\t\t\t\t\t<div class=\"premium-blog-content-wrapper \">\n\n\t\t\t\t\t<div class=\"premium-blog-inner-container\">\n\n\t\t\t\t\t\t\t\t\t\t\t\t\t\t<h1 class=\"premium-blog-entry-title\">\n\t\t\t<a href=\"https:\/\/trailforthjournal.com\/es\/cultura\/mapa-lugares-turisticos-cuenca\/\" target=\"_blank\">\n\t\t\t\tDescubre los Lugares Tur\u00edsticos de Cuenca, descarga el Mapa y recorre la Antenas del Ecuador \u00a1GRATIS!\t\t\t<\/a>\n\t\t<\/h1>\n\t\t\t\t<div class=\"premium-blog-entry-meta\">\n\t\t\t\n\t\t\t\n\t\t\t\n\t\t\t\t\t<\/div>\n\t\t\n\t\t\t\t\t<\/div>\n\n\t\t\t\t\t\t\t\t\t\t\n\t\t\t\t<\/div>\n\t\t\t<\/div>\n\t\t<\/div>\n\n\t\t\t\t<div class=\"premium-blog-post-outer-container\" data-total=\"2\">\n\t\t\t<div class=\"premium-blog-post-container premium-blog-skin-banner\">\n\t\t\t\t\t\t\t\t\t<div class=\"premium-blog-thumb-effect-wrapper\">\n\t\t\t\t\t\t<div class=\"premium-blog-thumbnail-container premium-blog-zoomin-effect\">\n\t\t\t\t\t\t\t<img loading=\"lazy\" decoding=\"async\" data-attachment-id=\"41861\" data-permalink=\"https:\/\/trailforthjournal.com\/es\/embajador\/\" data-orig-file=\"https:\/\/i0.wp.com\/trailforthjournal.com\/es\/wp-content\/uploads\/sites\/4\/2025\/06\/Embajador.jpg?fit=2457%2C1771&amp;ssl=1\" data-orig-size=\"2457,1771\" data-comments-opened=\"0\" data-image-meta=\"{&quot;aperture&quot;:&quot;0&quot;,&quot;credit&quot;:&quot;&quot;,&quot;camera&quot;:&quot;&quot;,&quot;caption&quot;:&quot;&quot;,&quot;created_timestamp&quot;:&quot;0&quot;,&quot;copyright&quot;:&quot;&quot;,&quot;focal_length&quot;:&quot;0&quot;,&quot;iso&quot;:&quot;0&quot;,&quot;shutter_speed&quot;:&quot;0&quot;,&quot;title&quot;:&quot;&quot;,&quot;orientation&quot;:&quot;0&quot;}\" data-image-title=\"Embajador de ecuador\" data-image-description=\"&lt;p&gt;Embajador de ecuador&lt;\/p&gt;\n\" data-image-caption=\"&lt;p&gt;Embajador de ecuador&lt;\/p&gt;\n\" data-large-file=\"https:\/\/i0.wp.com\/trailforthjournal.com\/es\/wp-content\/uploads\/sites\/4\/2025\/06\/Embajador.jpg?fit=1024%2C738&amp;ssl=1\" width=\"2457\" height=\"1771\" src=\"https:\/\/i0.wp.com\/trailforthjournal.com\/es\/wp-content\/uploads\/sites\/4\/2025\/06\/Embajador.jpg?fit=2457%2C1771&amp;ssl=1\" class=\"attachment-full size-full wp-image-41861\" alt=\"Embajador de ecuador\" data-attachment-id=\"41861\" data-permalink=\"https:\/\/trailforthjournal.com\/es\/embajador\/\" data-orig-file=\"https:\/\/i0.wp.com\/trailforthjournal.com\/es\/wp-content\/uploads\/sites\/4\/2025\/06\/Embajador.jpg?fit=2457%2C1771&amp;ssl=1\" data-orig-size=\"2457,1771\" data-comments-opened=\"0\" data-image-meta=\"{&quot;aperture&quot;:&quot;0&quot;,&quot;credit&quot;:&quot;&quot;,&quot;camera&quot;:&quot;&quot;,&quot;caption&quot;:&quot;&quot;,&quot;created_timestamp&quot;:&quot;0&quot;,&quot;copyright&quot;:&quot;&quot;,&quot;focal_length&quot;:&quot;0&quot;,&quot;iso&quot;:&quot;0&quot;,&quot;shutter_speed&quot;:&quot;0&quot;,&quot;title&quot;:&quot;&quot;,&quot;orientation&quot;:&quot;0&quot;}\" data-image-title=\"Embajador de ecuador\" data-image-description=\"&lt;p&gt;Embajador de ecuador&lt;\/p&gt;\n\" data-image-caption=\"&lt;p&gt;Embajador de ecuador&lt;\/p&gt;\n\" data-large-file=\"https:\/\/i0.wp.com\/trailforthjournal.com\/es\/wp-content\/uploads\/sites\/4\/2025\/06\/Embajador.jpg?fit=1024%2C738&amp;ssl=1\" srcset=\"https:\/\/i0.wp.com\/trailforthjournal.com\/es\/wp-content\/uploads\/sites\/4\/2025\/06\/Embajador.jpg?w=2457&amp;ssl=1 2457w, https:\/\/i0.wp.com\/trailforthjournal.com\/es\/wp-content\/uploads\/sites\/4\/2025\/06\/Embajador.jpg?resize=300%2C216&amp;ssl=1 300w, https:\/\/i0.wp.com\/trailforthjournal.com\/es\/wp-content\/uploads\/sites\/4\/2025\/06\/Embajador.jpg?resize=1024%2C738&amp;ssl=1 1024w, https:\/\/i0.wp.com\/trailforthjournal.com\/es\/wp-content\/uploads\/sites\/4\/2025\/06\/Embajador.jpg?resize=768%2C554&amp;ssl=1 768w, https:\/\/i0.wp.com\/trailforthjournal.com\/es\/wp-content\/uploads\/sites\/4\/2025\/06\/Embajador.jpg?resize=1536%2C1107&amp;ssl=1 1536w, https:\/\/i0.wp.com\/trailforthjournal.com\/es\/wp-content\/uploads\/sites\/4\/2025\/06\/Embajador.jpg?resize=2048%2C1476&amp;ssl=1 2048w, https:\/\/i0.wp.com\/trailforthjournal.com\/es\/wp-content\/uploads\/sites\/4\/2025\/06\/Embajador.jpg?resize=69%2C50&amp;ssl=1 69w, https:\/\/i0.wp.com\/trailforthjournal.com\/es\/wp-content\/uploads\/sites\/4\/2025\/06\/Embajador.jpg?resize=600%2C432&amp;ssl=1 600w\" sizes=\"(max-width: 1032px) 100vw, 1032px\" \/>\t\t\t\t\t\t<\/div>\n\t\t\t\t\t\t\t\t\t\t\t\t\t<div class=\"premium-blog-thumbnail-overlay\">\n\t\t\t\t\t\t\t\t<a class=\"elementor-icon\" href=\"https:\/\/trailforthjournal.com\/es\/agencia\/registro-operadores-turistico-ecuador\/\" target=\"_blank\"><\/a>\n\t\t\t\t\t\t\t<\/div>\n\n\t\t\t\t\t\t\t\t\t\t\t\t\t\t\t\t\t\t<\/div>\n\t\t\t\t\t\t\t\t\t\t\t\t<div class=\"premium-blog-content-wrapper \">\n\n\t\t\t\t\t<div class=\"premium-blog-inner-container\">\n\n\t\t\t\t\t\t\t\t\t\t\t\t\t\t<h1 class=\"premium-blog-entry-title\">\n\t\t\t<a href=\"https:\/\/trailforthjournal.com\/es\/agencia\/registro-operadores-turistico-ecuador\/\" target=\"_blank\">\n\t\t\t\tRegistro de Operadores Tur\u00edsticos Ecuador | \u00danete a Trail Forth Journal\t\t\t<\/a>\n\t\t<\/h1>\n\t\t\t\t<div class=\"premium-blog-entry-meta\">\n\t\t\t\n\t\t\t\n\t\t\t\n\t\t\t\t\t<\/div>\n\t\t\n\t\t\t\t\t<\/div>\n\n\t\t\t\t\t\t\t\t\t\t\n\t\t\t\t<\/div>\n\t\t\t<\/div>\n\t\t<\/div>\n\n\t\t\t\t\t\t\t<\/div>\n\n\t\t\n\t\t\n\t\t\t\t\t\t<\/div>\n\t\t\t\t<\/div>\n\t\t\t\t\t<\/div>\n\t\t<\/div>\n\t\t\t\t\t<\/div>\n\t\t<\/section>\n\t\t\t\t<\/div>\n\t\t","protected":false},"excerpt":{"rendered":"<p>El Parque Nacional Antisana, tiene como objetivo fortalecer una mayor protecci\u00f3n para el c\u00f3ndor andino en el Ecuador.<\/p>\n","protected":false},"author":1,"featured_media":6311,"comment_status":"closed","ping_status":"closed","sticky":false,"template":"elementor_header_footer","format":"standard","meta":{"_acf_changed":false,"jetpack_post_was_ever_published":false,"_jetpack_newsletter_access":"","_jetpack_dont_email_post_to_subs":false,"_jetpack_newsletter_tier_id":0,"_jetpack_memberships_contains_paywalled_content":false,"_jetpack_memberships_contains_paid_content":false,"footnotes":""},"categories":[25,16,32],"tags":[22,21,181],"class_list":["post-6294","post","type-post","status-publish","format-standard","has-post-thumbnail","hentry","category-ambiente","category-aventura","category-lugar-emblematico","tag-amazonas","tag-andes","tag-san-francisco-de-quito"],"acf":[],"yoast_head":"<!-- This site is optimized with the Yoast SEO Premium plugin v22.0 (Yoast SEO v27.4) - https:\/\/yoast.com\/product\/yoast-seo-premium-wordpress\/ -->\n<title>Parque Nacional Antisana: El nuevo santuario para la conservaci\u00f3n del C\u00f3ndor Andino en Ecuador &#8212; Trail Forth Journal<\/title>\n<meta name=\"description\" content=\"El Parque Nacional Antisana, tiene como objetivo fortalecer una mayor protecci\u00f3n para el c\u00f3ndor andino en el Ecuador\" \/>\n<meta name=\"robots\" content=\"index, follow, max-snippet:-1, max-image-preview:large, max-video-preview:-1\" \/>\n<link rel=\"canonical\" href=\"https:\/\/trailforthjournal.com\/es\/aventura\/parque-nacional-antisana-condor-ecuador\/\" \/>\n<meta property=\"og:locale\" content=\"es_ES\" \/>\n<meta property=\"og:type\" content=\"article\" \/>\n<meta property=\"og:title\" content=\"Parque Nacional Antisana: El nuevo santuario para la conservaci\u00f3n del C\u00f3ndor Andino en Ecuador &#8212; Trail Forth Journal\" \/>\n<meta property=\"og:description\" content=\"El Parque Nacional Antisana, tiene como objetivo fortalecer una mayor protecci\u00f3n para el c\u00f3ndor andino en el Ecuador\" \/>\n<meta property=\"og:url\" content=\"https:\/\/trailforthjournal.com\/es\/aventura\/parque-nacional-antisana-condor-ecuador\/\" \/>\n<meta property=\"og:site_name\" content=\"Trail Forth Journal\" \/>\n<meta property=\"article:publisher\" content=\"https:\/\/www.facebook.com\/trailforth\" \/>\n<meta property=\"article:published_time\" content=\"2022-03-29T21:16:00+00:00\" \/>\n<meta property=\"article:modified_time\" content=\"2026-02-03T20:32:17+00:00\" \/>\n<meta property=\"og:image\" content=\"https:\/\/trailforthjournal.com\/es\/wp-content\/uploads\/sites\/4\/2022\/03\/Antisana-Comp-002.jpg\" \/>\n\t<meta property=\"og:image:width\" content=\"1257\" \/>\n\t<meta property=\"og:image:height\" content=\"796\" \/>\n\t<meta property=\"og:image:type\" content=\"image\/jpeg\" \/>\n<meta name=\"author\" content=\"jairocabrera\" \/>\n<meta name=\"twitter:card\" content=\"summary_large_image\" \/>\n<meta name=\"twitter:title\" content=\"Parque Nacional Antisana: El nuevo santuario para la conservaci\u00f3n del C\u00f3ndor Andino en Ecuador &#8212; Trail Forth Journal\" \/>\n<meta name=\"twitter:description\" content=\"El Parque Nacional Antisana, tiene como objetivo fortalecer una mayor protecci\u00f3n para el c\u00f3ndor andino en el Ecuador\" \/>\n<meta name=\"twitter:creator\" content=\"@trailforth\" \/>\n<meta name=\"twitter:site\" content=\"@trailforth\" \/>\n<meta name=\"twitter:label1\" content=\"Escrito por\" \/>\n\t<meta name=\"twitter:data1\" content=\"jairocabrera\" \/>\n\t<meta name=\"twitter:label2\" content=\"Tiempo de lectura\" \/>\n\t<meta name=\"twitter:data2\" content=\"9 minutos\" \/>\n<!-- \/ Yoast SEO Premium plugin. -->","yoast_head_json":{"title":"Parque Nacional Antisana: El nuevo santuario para la conservaci\u00f3n del C\u00f3ndor Andino en Ecuador &#8212; Trail Forth Journal","description":"El Parque Nacional Antisana, tiene como objetivo fortalecer una mayor protecci\u00f3n para el c\u00f3ndor andino en el Ecuador","robots":{"index":"index","follow":"follow","max-snippet":"max-snippet:-1","max-image-preview":"max-image-preview:large","max-video-preview":"max-video-preview:-1"},"canonical":"https:\/\/trailforthjournal.com\/es\/aventura\/parque-nacional-antisana-condor-ecuador\/","og_locale":"es_ES","og_type":"article","og_title":"Parque Nacional Antisana: El nuevo santuario para la conservaci\u00f3n del C\u00f3ndor Andino en Ecuador &#8212; Trail Forth Journal","og_description":"El Parque Nacional Antisana, tiene como objetivo fortalecer una mayor protecci\u00f3n para el c\u00f3ndor andino en el Ecuador","og_url":"https:\/\/trailforthjournal.com\/es\/aventura\/parque-nacional-antisana-condor-ecuador\/","og_site_name":"Trail Forth Journal","article_publisher":"https:\/\/www.facebook.com\/trailforth","article_published_time":"2022-03-29T21:16:00+00:00","article_modified_time":"2026-02-03T20:32:17+00:00","og_image":[{"width":1257,"height":796,"url":"https:\/\/trailforthjournal.com\/es\/wp-content\/uploads\/sites\/4\/2022\/03\/Antisana-Comp-002.jpg","type":"image\/jpeg"}],"author":"jairocabrera","twitter_card":"summary_large_image","twitter_title":"Parque Nacional Antisana: El nuevo santuario para la conservaci\u00f3n del C\u00f3ndor Andino en Ecuador &#8212; Trail Forth Journal","twitter_description":"El Parque Nacional Antisana, tiene como objetivo fortalecer una mayor protecci\u00f3n para el c\u00f3ndor andino en el Ecuador","twitter_creator":"@trailforth","twitter_site":"@trailforth","twitter_misc":{"Escrito por":"jairocabrera","Tiempo de lectura":"9 minutos"},"schema":{"@context":"https:\/\/schema.org","@graph":[{"@type":"Article","@id":"https:\/\/trailforthjournal.com\/es\/aventura\/parque-nacional-antisana-condor-ecuador\/#article","isPartOf":{"@id":"https:\/\/trailforthjournal.com\/es\/aventura\/parque-nacional-antisana-condor-ecuador\/"},"author":{"name":"jairocabrera","@id":"https:\/\/trailforthjournal.com\/es\/#\/schema\/person\/c38e1195d2fbb77206faaef3a81d4dad"},"headline":"Parque Nacional Antisana: El nuevo santuario para la conservaci\u00f3n del C\u00f3ndor Andino en Ecuador","datePublished":"2022-03-29T21:16:00+00:00","dateModified":"2026-02-03T20:32:17+00:00","mainEntityOfPage":{"@id":"https:\/\/trailforthjournal.com\/es\/aventura\/parque-nacional-antisana-condor-ecuador\/"},"wordCount":801,"publisher":{"@id":"https:\/\/trailforthjournal.com\/es\/#organization"},"image":{"@id":"https:\/\/trailforthjournal.com\/es\/aventura\/parque-nacional-antisana-condor-ecuador\/#primaryimage"},"thumbnailUrl":"https:\/\/i0.wp.com\/trailforthjournal.com\/es\/wp-content\/uploads\/sites\/4\/2022\/03\/Antisana-Comp-002.jpg?fit=1257%2C796&ssl=1","keywords":["Amazonas","Andes","San Francisco de Quito"],"articleSection":["Ambiente","Aventura","Lugar Emblem\u00e1tico"],"inLanguage":"es"},{"@type":"WebPage","@id":"https:\/\/trailforthjournal.com\/es\/aventura\/parque-nacional-antisana-condor-ecuador\/","url":"https:\/\/trailforthjournal.com\/es\/aventura\/parque-nacional-antisana-condor-ecuador\/","name":"Parque Nacional Antisana: El nuevo santuario para la conservaci\u00f3n del C\u00f3ndor Andino en Ecuador &#8212; Trail Forth Journal","isPartOf":{"@id":"https:\/\/trailforthjournal.com\/es\/#website"},"primaryImageOfPage":{"@id":"https:\/\/trailforthjournal.com\/es\/aventura\/parque-nacional-antisana-condor-ecuador\/#primaryimage"},"image":{"@id":"https:\/\/trailforthjournal.com\/es\/aventura\/parque-nacional-antisana-condor-ecuador\/#primaryimage"},"thumbnailUrl":"https:\/\/i0.wp.com\/trailforthjournal.com\/es\/wp-content\/uploads\/sites\/4\/2022\/03\/Antisana-Comp-002.jpg?fit=1257%2C796&ssl=1","datePublished":"2022-03-29T21:16:00+00:00","dateModified":"2026-02-03T20:32:17+00:00","description":"El Parque Nacional Antisana, tiene como objetivo fortalecer una mayor protecci\u00f3n para el c\u00f3ndor andino en el Ecuador","breadcrumb":{"@id":"https:\/\/trailforthjournal.com\/es\/aventura\/parque-nacional-antisana-condor-ecuador\/#breadcrumb"},"inLanguage":"es","potentialAction":[{"@type":"ReadAction","target":["https:\/\/trailforthjournal.com\/es\/aventura\/parque-nacional-antisana-condor-ecuador\/"]}]},{"@type":"ImageObject","inLanguage":"es","@id":"https:\/\/trailforthjournal.com\/es\/aventura\/parque-nacional-antisana-condor-ecuador\/#primaryimage","url":"https:\/\/i0.wp.com\/trailforthjournal.com\/es\/wp-content\/uploads\/sites\/4\/2022\/03\/Antisana-Comp-002.jpg?fit=1257%2C796&ssl=1","contentUrl":"https:\/\/i0.wp.com\/trailforthjournal.com\/es\/wp-content\/uploads\/sites\/4\/2022\/03\/Antisana-Comp-002.jpg?fit=1257%2C796&ssl=1","width":1257,"height":796,"caption":"Parque Nacional Antisana"},{"@type":"BreadcrumbList","@id":"https:\/\/trailforthjournal.com\/es\/aventura\/parque-nacional-antisana-condor-ecuador\/#breadcrumb","itemListElement":[{"@type":"ListItem","position":1,"name":"Portada","item":"https:\/\/trailforthjournal.com\/es\/"},{"@type":"ListItem","position":2,"name":"Parque Nacional Antisana: El nuevo santuario para la conservaci\u00f3n del C\u00f3ndor Andino en Ecuador"}]},{"@type":"WebSite","@id":"https:\/\/trailforthjournal.com\/es\/#website","url":"https:\/\/trailforthjournal.com\/es\/","name":"Trail Forth Journal","description":"Make Life a Journey","publisher":{"@id":"https:\/\/trailforthjournal.com\/es\/#organization"},"alternateName":"Trail Forth Journal Espa\u00f1ol","potentialAction":[{"@type":"SearchAction","target":{"@type":"EntryPoint","urlTemplate":"https:\/\/trailforthjournal.com\/es\/?s={search_term_string}"},"query-input":{"@type":"PropertyValueSpecification","valueRequired":true,"valueName":"search_term_string"}}],"inLanguage":"es"},{"@type":["Organization","Place"],"@id":"https:\/\/trailforthjournal.com\/es\/#organization","name":"Trail Forth Journal","alternateName":"Trail Forth Journal Espa\u00f1ol","url":"https:\/\/trailforthjournal.com\/es\/","logo":{"@type":"ImageObject","inLanguage":"es","@id":"https:\/\/trailforthjournal.com\/es\/#\/schema\/logo\/image\/","url":"https:\/\/trailforthjournal.com\/es\/wp-content\/uploads\/sites\/4\/2022\/01\/Trail-Forth-Journal-PNG.png","contentUrl":"https:\/\/trailforthjournal.com\/es\/wp-content\/uploads\/sites\/4\/2022\/01\/Trail-Forth-Journal-PNG.png","width":2629,"height":2629,"caption":"Trail Forth Journal"},"image":{"@id":"https:\/\/trailforthjournal.com\/es\/#\/schema\/logo\/image\/"},"sameAs":["https:\/\/www.facebook.com\/trailforth","https:\/\/x.com\/trailforth","https:\/\/www.instagram.com\/trailforth\/"],"mainEntityOfPage":{"@id":"https:\/\/trailforthjournal.com\/es\/aventura\/parque-nacional-antisana-condor-ecuador\/"}},{"@type":"Person","@id":"https:\/\/trailforthjournal.com\/es\/#\/schema\/person\/c38e1195d2fbb77206faaef3a81d4dad","name":"jairocabrera","image":{"@type":"ImageObject","inLanguage":"es","@id":"https:\/\/secure.gravatar.com\/avatar\/56722a61efc14e69ef47b9fbbb54f81138a4e882a78e644b52a4d66d41edcfc5?s=96&d=mm&r=g","url":"https:\/\/secure.gravatar.com\/avatar\/56722a61efc14e69ef47b9fbbb54f81138a4e882a78e644b52a4d66d41edcfc5?s=96&d=mm&r=g","contentUrl":"https:\/\/secure.gravatar.com\/avatar\/56722a61efc14e69ef47b9fbbb54f81138a4e882a78e644b52a4d66d41edcfc5?s=96&d=mm&r=g","caption":"jairocabrera"},"sameAs":["http:\/\/trailforthjournal.com"]}]}},"jetpack_featured_media_url":"https:\/\/i0.wp.com\/trailforthjournal.com\/es\/wp-content\/uploads\/sites\/4\/2022\/03\/Antisana-Comp-002.jpg?fit=1257%2C796&ssl=1","jetpack_shortlink":"https:\/\/wp.me\/pdrACa-1Dw","jetpack_sharing_enabled":true,"_links":{"self":[{"href":"https:\/\/trailforthjournal.com\/es\/wp-json\/wp\/v2\/posts\/6294","targetHints":{"allow":["GET"]}}],"collection":[{"href":"https:\/\/trailforthjournal.com\/es\/wp-json\/wp\/v2\/posts"}],"about":[{"href":"https:\/\/trailforthjournal.com\/es\/wp-json\/wp\/v2\/types\/post"}],"author":[{"embeddable":true,"href":"https:\/\/trailforthjournal.com\/es\/wp-json\/wp\/v2\/users\/1"}],"replies":[{"embeddable":true,"href":"https:\/\/trailforthjournal.com\/es\/wp-json\/wp\/v2\/comments?post=6294"}],"version-history":[{"count":0,"href":"https:\/\/trailforthjournal.com\/es\/wp-json\/wp\/v2\/posts\/6294\/revisions"}],"wp:featuredmedia":[{"embeddable":true,"href":"https:\/\/trailforthjournal.com\/es\/wp-json\/wp\/v2\/media\/6311"}],"wp:attachment":[{"href":"https:\/\/trailforthjournal.com\/es\/wp-json\/wp\/v2\/media?parent=6294"}],"wp:term":[{"taxonomy":"category","embeddable":true,"href":"https:\/\/trailforthjournal.com\/es\/wp-json\/wp\/v2\/categories?post=6294"},{"taxonomy":"post_tag","embeddable":true,"href":"https:\/\/trailforthjournal.com\/es\/wp-json\/wp\/v2\/tags?post=6294"}],"curies":[{"name":"wp","href":"https:\/\/api.w.org\/{rel}","templated":true}]}}