{"id":52096,"date":"2026-03-19T15:52:42","date_gmt":"2026-03-19T20:52:42","guid":{"rendered":"https:\/\/trailforthjournal.com\/es\/?p=52096"},"modified":"2026-04-16T23:22:34","modified_gmt":"2026-04-17T04:22:34","slug":"guayaquil","status":"publish","type":"post","link":"https:\/\/trailforthjournal.com\/es\/tours-y-actividades\/guayaquil\/","title":{"rendered":"Explora los mejores Tours en Guayaquil, Ecuador | Gu\u00edas Locales y Excursiones"},"content":{"rendered":"\t\t<div data-elementor-type=\"wp-post\" data-elementor-id=\"52096\" class=\"elementor elementor-52096\" data-elementor-post-type=\"post\">\n\t\t\t\t\t\t<section class=\"elementor-section elementor-top-section elementor-element elementor-element-8139c04 elementor-section-boxed elementor-section-height-default elementor-section-height-default wpr-particle-no wpr-jarallax-no wpr-parallax-no wpr-sticky-section-no wpr-equal-height-no\" data-id=\"8139c04\" data-element_type=\"section\" data-e-type=\"section\">\n\t\t\t\t\t\t<div class=\"elementor-container elementor-column-gap-default\">\n\t\t\t\t\t<div class=\"elementor-column elementor-col-100 elementor-top-column elementor-element elementor-element-e245844\" data-id=\"e245844\" data-element_type=\"column\" data-e-type=\"column\">\n\t\t\t<div class=\"elementor-widget-wrap elementor-element-populated\">\n\t\t\t\t\t\t<div class=\"elementor-element elementor-element-58292c1 elementor-widget elementor-widget-spacer\" data-id=\"58292c1\" data-element_type=\"widget\" data-e-type=\"widget\" data-widget_type=\"spacer.default\">\n\t\t\t\t<div class=\"elementor-widget-container\">\n\t\t\t\t\t\t\t<div class=\"elementor-spacer\">\n\t\t\t<div class=\"elementor-spacer-inner\"><\/div>\n\t\t<\/div>\n\t\t\t\t\t\t<\/div>\n\t\t\t\t<\/div>\n\t\t\t\t\t<\/div>\n\t\t<\/div>\n\t\t\t\t\t<\/div>\n\t\t<\/section>\n\t\t\t\t<section class=\"elementor-section elementor-top-section elementor-element elementor-element-35c9fd8 elementor-section-boxed elementor-section-height-default elementor-section-height-default wpr-particle-no wpr-jarallax-no wpr-parallax-no wpr-sticky-section-no wpr-equal-height-no\" data-id=\"35c9fd8\" data-element_type=\"section\" data-e-type=\"section\">\n\t\t\t\t\t\t<div class=\"elementor-container elementor-column-gap-default\">\n\t\t\t\t\t<div class=\"elementor-column elementor-col-100 elementor-top-column elementor-element elementor-element-dc35b42\" data-id=\"dc35b42\" data-element_type=\"column\" data-e-type=\"column\">\n\t\t\t<div class=\"elementor-widget-wrap elementor-element-populated\">\n\t\t\t\t\t\t<div class=\"elementor-element elementor-element-9778761 pa-icon-pos-after premium-lq__none elementor-widget elementor-widget-premium-addon-button\" data-id=\"9778761\" data-element_type=\"widget\" data-e-type=\"widget\" data-widget_type=\"premium-addon-button.default\">\n\t\t\t\t<div class=\"elementor-widget-container\">\n\t\t\t\t\t\n\n\t\t<a class=\"premium-button premium-button-style6 premium-btn-sm premium-button-style6\" href=\"https:\/\/trailforthjournal.com\/en\/culture\/guayaquil-travel-guide\/\">\n\t\t\t<div class=\"premium-button-text-icon-wrapper\">\n\t\t\t\t\n\t\t\t\t\t\t\t\t\t\t\t\t\t\t\t\t\t\t<svg class=\"svg-inline--fas-fa-chevron-right premium-drawable-icon premium-svg-nodraw\" aria-hidden='true' xmlns='http:\/\/www.w3.org\/2000\/svg' viewBox='0 0 320 512'><path d=\"M285.476 272.971L91.132 467.314c-9.373 9.373-24.569 9.373-33.941 0l-22.667-22.667c-9.357-9.357-9.375-24.522-.04-33.901L188.505 256 34.484 101.255c-9.335-9.379-9.317-24.544.04-33.901l22.667-22.667c9.373-9.373 24.569-9.373 33.941 0L285.475 239.03c9.373 9.372 9.373 24.568.001 33.941z\"><\/path><\/svg>\t\t\t\t\t\t\t\t\t\t\t\t\t\t\t\n\t\t\t\t\t\t\t\t\t<span >\n\t\t\t\t\t\tEnglish\t\t\t\t\t<\/span>\n\t\t\t\t\t\t\t<\/div>\n\n\t\t\t\n\t\t\t\n\t\t\t\n\t\t<\/a>\n\n\n\t\t\t\t\t\t<\/div>\n\t\t\t\t<\/div>\n\t\t\t\t\t<\/div>\n\t\t<\/div>\n\t\t\t\t\t<\/div>\n\t\t<\/section>\n\t\t\t\t<section class=\"elementor-section elementor-top-section elementor-element elementor-element-67fc478 elementor-section-boxed elementor-section-height-default elementor-section-height-default wpr-particle-no wpr-jarallax-no wpr-parallax-no wpr-sticky-section-no wpr-equal-height-no\" data-id=\"67fc478\" data-element_type=\"section\" data-e-type=\"section\">\n\t\t\t\t\t\t<div class=\"elementor-container elementor-column-gap-default\">\n\t\t\t\t\t<div class=\"elementor-column elementor-col-100 elementor-top-column elementor-element elementor-element-2a1251f\" data-id=\"2a1251f\" data-element_type=\"column\" data-e-type=\"column\">\n\t\t\t<div class=\"elementor-widget-wrap elementor-element-populated\">\n\t\t\t\t\t\t<div class=\"elementor-element elementor-element-4b52070 elementor-widget elementor-widget-spacer\" data-id=\"4b52070\" data-element_type=\"widget\" data-e-type=\"widget\" data-widget_type=\"spacer.default\">\n\t\t\t\t<div class=\"elementor-widget-container\">\n\t\t\t\t\t\t\t<div class=\"elementor-spacer\">\n\t\t\t<div class=\"elementor-spacer-inner\"><\/div>\n\t\t<\/div>\n\t\t\t\t\t\t<\/div>\n\t\t\t\t<\/div>\n\t\t\t\t\t<\/div>\n\t\t<\/div>\n\t\t\t\t\t<\/div>\n\t\t<\/section>\n\t\t\t\t<section class=\"elementor-section elementor-top-section elementor-element elementor-element-054ee50 elementor-section-boxed elementor-section-height-default elementor-section-height-default wpr-particle-no wpr-jarallax-no wpr-parallax-no wpr-sticky-section-no wpr-equal-height-no\" data-id=\"054ee50\" data-element_type=\"section\" data-e-type=\"section\" data-settings=\"{&quot;background_background&quot;:&quot;classic&quot;}\">\n\t\t\t\t\t\t<div class=\"elementor-container elementor-column-gap-default\">\n\t\t\t\t\t<div class=\"elementor-column elementor-col-100 elementor-top-column elementor-element elementor-element-c5a3c34\" data-id=\"c5a3c34\" data-element_type=\"column\" data-e-type=\"column\" data-settings=\"{&quot;background_background&quot;:&quot;classic&quot;}\">\n\t\t\t<div class=\"elementor-widget-wrap elementor-element-populated\">\n\t\t\t\t\t\t<div class=\"elementor-element elementor-element-0789f87 elementor-widget elementor-widget-html\" data-id=\"0789f87\" data-element_type=\"widget\" data-e-type=\"widget\" data-widget_type=\"html.default\">\n\t\t\t\t<div class=\"elementor-widget-container\">\n\t\t\t\t\t<link rel=\"preconnect\" href=\"https:\/\/fonts.googleapis.com\">\r\n<link rel=\"preconnect\" href=\"https:\/\/fonts.gstatic.com\" crossorigin>\r\n<link href=\"https:\/\/fonts.googleapis.com\/css2?family=Poppins:wght@300;400;600;700;800&display=swap\" rel=\"stylesheet\">\r\n<link rel=\"stylesheet\" href=\"https:\/\/cdnjs.cloudflare.com\/ajax\/libs\/font-awesome\/6.0.0\/css\/all.min.css\">\r\n\r\n<section class=\"tf-final-banner\" aria-label=\"Book Guayaquil Tours and Experiences\">\r\n    <div class=\"tf-accent-line\"><\/div>\r\n    \r\n    <div class=\"tf-banner-content\">\r\n        <div class=\"tf-brand-info\">\r\n            <span class=\"tf-pre\">Official Experience by<\/span>\r\n            <h3 class=\"tf-brand-name\">Trail Forth <span class=\"tf-light\">Tours & Activities<\/span><\/h3>\r\n            <span class=\"tf-tagline\">The Experience Collection<\/span>\r\n        <\/div>\r\n\r\n        <h2 class=\"tf-invite-h2\">\r\n            Reserva: Tours, Experiencias & Actividades: <span class=\"tf-city\">Guayaquil<\/span>\r\n        <\/h2>\r\n\r\n        <div class=\"tf-icon-strip\">\r\n            <div class=\"tf-icon-box\" title=\"Guayaquil Photography Tours\"><i class=\"fas fa-camera\" aria-hidden=\"true\"><\/i><span class=\"sr-only\">Photography<\/span><\/div>\r\n            <div class=\"tf-icon-box\" title=\"Guayaquil Urban Exploration\"><i class=\"fas fa-map-marked-alt\" aria-hidden=\"true\"><\/i><span class=\"sr-only\">Urban Exploration<\/span><\/div>\r\n            <div class=\"tf-icon-box\" title=\"Guayaquil Gastronomy Experiences\"><i class=\"fas fa-glass-cheers\" aria-hidden=\"true\"><\/i><span class=\"sr-only\">Gastronomy<\/span><\/div>\r\n            <div class=\"tf-icon-box\" title=\"City Tours in Guayaquil\"><i class=\"fas fa-bus\" aria-hidden=\"true\"><\/i><span class=\"sr-only\">City Tours<\/span><\/div>\r\n            <div class=\"tf-icon-box\" title=\"Bike Adventures Guayaquil\"><i class=\"fas fa-bicycle\" aria-hidden=\"true\"><\/i><span class=\"sr-only\">Bike Adventures<\/span><\/div>\r\n            <div class=\"tf-icon-box\" title=\"Hiking Routes & Trails\"><i class=\"fas fa-route\" aria-hidden=\"true\"><\/i><span class=\"sr-only\">Routes & Trails<\/span><\/div>\r\n            <div class=\"tf-icon-box\" title=\"Culture & Museums Guayaquil\"><i class=\"fas fa-landmark\" aria-hidden=\"true\"><\/i><span class=\"sr-only\">Culture & Museums<\/span><\/div>\r\n        <\/div>\r\n    <\/div>\r\n<\/section>\r\n\r\n<style>\r\n\/* CSS ORIGINAL MANTENIDO *\/\r\n.tf-final-banner {\r\n    display: flex;\r\n    background: rgba(255, 255, 255, 0.95);\r\n    width: 100%; \r\n    max-width: 1200px;\r\n    margin: 30px 0;\r\n    padding: 30px 30px 30px 0;\r\n    border-radius: 0; \r\n    border: none;\r\n    font-family: 'Poppins', Helvetica, Arial, sans-serif !important;\r\n    box-sizing: border-box;\r\n    text-align: left;\r\n}\r\n\r\n\/* SEO: Clase para texto oculto (Legible por Google pero invisible al usuario) *\/\r\n.sr-only {\r\n    position: absolute;\r\n    width: 1px;\r\n    height: 1px;\r\n    padding: 0;\r\n    margin: -1px;\r\n    overflow: hidden;\r\n    clip: rect(0, 0, 0, 0);\r\n    white-space: nowrap;\r\n    border-width: 0;\r\n}\r\n\r\n.tf-accent-line {\r\n    width: 6px;\r\n    background-color: #ffcc00;\r\n    margin-right: 25px;\r\n    flex-shrink: 0;\r\n}\r\n\r\n.tf-banner-content {\r\n    width: 100%;\r\n}\r\n\r\n.tf-pre {\r\n    font-size: 10px;\r\n    text-transform: uppercase;\r\n    letter-spacing: 2.5px;\r\n    color: #ffcc00;\r\n    font-weight: 600;\r\n    display: block;\r\n    margin-bottom: 2px;\r\n    font-family: 'Poppins', sans-serif !important;\r\n}\r\n\r\n.tf-brand-name {\r\n    font-size: 26px !important;\r\n    font-weight: 600 !important;\r\n    color: #024F87 !important;\r\n    margin: 0 !important;\r\n    line-height: 1;\r\n    font-family: 'Poppins', sans-serif !important;\r\n}\r\n\r\n.tf-light { font-weight: 300 !important; opacity: 0.8; }\r\n\r\n.tf-tagline {\r\n    display: block;\r\n    font-size: 10px;\r\n    text-transform: uppercase;\r\n    letter-spacing: 4px;\r\n    color: #000000; \r\n    font-weight: 300;\r\n    margin-top: 6px;\r\n    font-family: 'Poppins', sans-serif !important;\r\n}\r\n\r\n.tf-invite-h2 {\r\n    font-size: 26px !important;\r\n    font-weight: 600 !important;\r\n    color: #024F87 !important;\r\n    margin: 18px 0 !important;\r\n    line-height: 1.2;\r\n    font-family: 'Poppins', sans-serif !important;\r\n}\r\n\r\n.tf-city { color: #007FD5; } \r\n\r\n.tf-icon-strip {\r\n    display: flex;\r\n    justify-content: flex-start;\r\n    gap: 15px;\r\n    margin-top: 25px;\r\n    flex-wrap: wrap;\r\n}\r\n\r\n.tf-icon-box {\r\n    width: 42px;\r\n    height: 42px;\r\n    background: #fdf8f3;\r\n    border: 1px solid #f5e6d3;\r\n    display: flex;\r\n    align-items: center;\r\n    justify-content: center;\r\n    border-radius: 4px;\r\n    color: #024F87;\r\n    transition: all 0.3s ease;\r\n}\r\n\r\n.tf-icon-box:hover {\r\n    background: #024F87;\r\n    color: #fff;\r\n    transform: translateY(-2px);\r\n}\r\n\r\n@media (max-width: 600px) {\r\n    .tf-brand-name, .tf-invite-h2 { font-size: 22px !important; }\r\n}\r\n<\/style>\t\t\t\t<\/div>\n\t\t\t\t<\/div>\n\t\t\t\t\t<\/div>\n\t\t<\/div>\n\t\t\t\t\t<\/div>\n\t\t<\/section>\n\t\t\t\t<section class=\"elementor-section elementor-top-section elementor-element elementor-element-832e4a5 elementor-section-boxed elementor-section-height-default elementor-section-height-default wpr-particle-no wpr-jarallax-no wpr-parallax-no wpr-sticky-section-no wpr-equal-height-no\" data-id=\"832e4a5\" data-element_type=\"section\" data-e-type=\"section\">\n\t\t\t\t\t\t<div class=\"elementor-container elementor-column-gap-default\">\n\t\t\t\t\t<div class=\"elementor-column elementor-col-33 elementor-top-column elementor-element elementor-element-ede159d\" data-id=\"ede159d\" data-element_type=\"column\" data-e-type=\"column\" data-settings=\"{&quot;background_background&quot;:&quot;classic&quot;}\">\n\t\t\t<div class=\"elementor-widget-wrap elementor-element-populated\">\n\t\t\t\t\t\t<div class=\"elementor-element elementor-element-bbf97dd elementor-widget elementor-widget-html\" data-id=\"bbf97dd\" data-element_type=\"widget\" data-e-type=\"widget\" id=\"city-tour\" data-widget_type=\"html.default\">\n\t\t\t\t<div class=\"elementor-widget-container\">\n\t\t\t\t\t<style>\r\n  \/* Importaci\u00f3n de fuentes oficiales del estilo Volvo *\/\r\n  @import url('https:\/\/fonts.googleapis.com\/css2?family=Volkhov:ital@0;1&family=Inter:wght@300;400;500&display=swap');\r\n\r\n  \/* Ajuste para el ancla: evita que el men\u00fa tape el banner al saltar *\/\r\n  #city-tour, #walking-tour {\r\n    scroll-margin-top: 120px;\r\n  }\r\n\r\n  .vcard {\r\n    max-width: 360px;\r\n    margin: 2rem auto;\r\n    background: #fafaf8;\r\n    border: 1px solid #e2e2de;\r\n    border-radius: 4px;\r\n    overflow: hidden;\r\n    font-family: 'Inter', sans-serif;\r\n    cursor: pointer;\r\n    transition: box-shadow 0.3s ease;\r\n    text-align: left;\r\n  }\r\n  .vcard:hover {\r\n    box-shadow: 0 8px 32px rgba(0,0,0,0.10);\r\n  }\r\n\r\n  \/* IMAGEN Y BADGES *\/\r\n  .vcard-img {\r\n    position: relative;\r\n    width: 100%;\r\n    height: 220px;\r\n    overflow: hidden;\r\n    background: #d4cfc8;\r\n  }\r\n  .vcard-img img {\r\n    width: 100%; height: 100%;\r\n    object-fit: cover; display: block;\r\n    transition: transform 0.5s ease;\r\n    filter: brightness(0.95);\r\n  }\r\n  .vcard:hover .vcard-img img { transform: scale(1.03); }\r\n\r\n  .vcard-badge {\r\n    position: absolute;\r\n    top: 0; left: 0;\r\n    background: #1c1c1c;\r\n    color: #f4f4f0;\r\n    font-size: 9px;\r\n    font-weight: 500;\r\n    padding: 6px 14px;\r\n    letter-spacing: 2px;\r\n    text-transform: uppercase;\r\n  }\r\n\r\n  .vcard-cancel {\r\n    position: absolute;\r\n    bottom: 14px; left: 16px;\r\n    display: flex; align-items: center; gap: 6px;\r\n    background: rgba(250,250,248,0.92);\r\n    color: #1c1c1c;\r\n    font-size: 10px;\r\n    font-weight: 500;\r\n    padding: 5px 10px;\r\n    letter-spacing: 0.5px;\r\n    border-radius: 2px;\r\n  }\r\n  .vcard-cancel-dot {\r\n    width: 6px; height: 6px; border-radius: 50%;\r\n    background: #2d6a3f; flex-shrink: 0;\r\n  }\r\n\r\n  \/* CUERPO DEL BANNER *\/\r\n  .vcard-body { padding: 22px 24px 24px; }\r\n\r\n  .vcard-eyebrow {\r\n    font-size: 9px;\r\n    font-weight: 500;\r\n    letter-spacing: 2.5px;\r\n    text-transform: uppercase;\r\n    color: #888880;\r\n    margin-bottom: 10px;\r\n  }\r\n\r\n  .vcard-title {\r\n    font-family: 'Volkhov', Georgia, serif;\r\n    font-size: 19px;\r\n    font-weight: 400;\r\n    color: #1c1c1c;\r\n    line-height: 1.3;\r\n    margin: 0 0 18px 0;\r\n  }\r\n\r\n  \/* FILA DE METADATA (CELDAS) *\/\r\n  .vcard-meta {\r\n    display: flex;\r\n    gap: 0;\r\n    margin-bottom: 18px;\r\n    border-top: 1px solid #e2e2de;\r\n    border-bottom: 1px solid #e2e2de;\r\n  }\r\n  .vcard-meta-item {\r\n    flex: 1;\r\n    padding: 10px 0;\r\n    display: flex; flex-direction: column;\r\n    align-items: center; justify-content: center;\r\n    gap: 3px;\r\n    border-right: 1px solid #e2e2de;\r\n  }\r\n  .vcard-meta-item:last-child { border-right: none; }\r\n  .vcard-meta-label {\r\n    font-size: 8px;\r\n    letter-spacing: 1.5px;\r\n    text-transform: uppercase;\r\n    color: #aaa;\r\n    font-weight: 500;\r\n  }\r\n  .vcard-meta-val {\r\n    font-size: 12px;\r\n    color: #1c1c1c;\r\n    font-weight: 400;\r\n  }\r\n\r\n  \/* ETIQUETAS \/ INCLUDES *\/\r\n  .vcard-includes {\r\n    display: flex; flex-wrap: wrap; gap: 7px;\r\n    margin-bottom: 18px;\r\n  }\r\n  .vcard-pill {\r\n    font-size: 10px;\r\n    color: #555;\r\n    border: 1px solid #d8d8d4;\r\n    border-radius: 2px;\r\n    padding: 4px 10px;\r\n    letter-spacing: 0.3px;\r\n  }\r\n\r\n  \/* RATING *\/\r\n  .vcard-rating {\r\n    display: flex; align-items: center; gap: 8px;\r\n    margin-bottom: 20px;\r\n  }\r\n  .vcard-stars { color: #1c1c1c; font-size: 12px; letter-spacing: 2px; }\r\n  .vcard-rating-num { font-size: 12px; color: #1c1c1c; font-weight: 500; }\r\n  .vcard-rating-sub { font-size: 11px; color: #aaa; }\r\n\r\n  \/* FOOTER: PRECIO Y BOT\u00d3N *\/\r\n  .vcard-footer {\r\n    display: flex; align-items: flex-end;\r\n    justify-content: space-between;\r\n    padding-top: 18px;\r\n    border-top: 1px solid #e2e2de;\r\n  }\r\n  .vcard-price-label {\r\n    font-size: 9px; letter-spacing: 2px;\r\n    text-transform: uppercase; color: #aaa;\r\n    margin-bottom: 4px;\r\n  }\r\n  .vcard-price {\r\n    font-family: 'Volkhov', Georgia, serif;\r\n    font-size: 26px;\r\n    font-weight: 400;\r\n    color: #1c1c1c;\r\n    line-height: 1;\r\n  }\r\n  .vcard-price-per {\r\n    font-size: 11px; color: #aaa;\r\n    font-weight: 300; margin-left: 2px;\r\n  }\r\n\r\n  .vcard-btn {\r\n    background: #1c1c1c;\r\n    color: #f4f4f0 !important;\r\n    border: none;\r\n    border-radius: 2px;\r\n    padding: 11px 20px;\r\n    font-size: 10px;\r\n    font-weight: 500;\r\n    letter-spacing: 1.5px;\r\n    text-transform: uppercase;\r\n    cursor: pointer;\r\n    font-family: 'Inter', sans-serif;\r\n    transition: background 0.2s;\r\n    white-space: nowrap;\r\n    text-decoration: none !important;\r\n    display: inline-block;\r\n  }\r\n  .vcard-btn:hover { background: #333; }\r\n<\/style>\r\n\r\n<article id=\"city-tour\" class=\"vcard\" onclick=\"window.open('https:\/\/trailforthjournal.com\/es\/reservar\/guayaquil-city-tour-privado\/', '_blank')\">\r\n  <div class=\"vcard-img\">\r\n    <img data-recalc-dims=\"1\" decoding=\"async\" src=\"https:\/\/i0.wp.com\/trailforthjournal.com\/es\/wp-content\/uploads\/sites\/4\/2022\/01\/Guia-Guayaquil-Iguanas-fondo-.png?w=1032&#038;ssl=1\"\r\n         alt=\"City Tour Guayaquil: Recorrido Hist\u00f3rico y Moderno\" loading=\"lazy\">\r\n    <div class=\"vcard-badge\">Tour privado<\/div>\r\n    <div class=\"vcard-cancel\">\r\n      <span class=\"vcard-cancel-dot\"><\/span>\r\n      Cancelaci\u00f3n gratuita\r\n    <\/div>\r\n  <\/div>\r\n\r\n  <div class=\"vcard-body\">\r\n    <div class=\"vcard-eyebrow\">Guayaquil \u00b7 Experiencia Privada<\/div>\r\n    <h3 class=\"vcard-title\">City Tour Guayaquil: Recorrido Hist\u00f3rico y Moderno<\/h3>\r\n\r\n    <div class=\"vcard-meta\">\r\n      <div class=\"vcard-meta-item\">\r\n        <span class=\"vcard-meta-label\">Duraci\u00f3n<\/span>\r\n        <span class=\"vcard-meta-val\">3\u20134 h<\/span>\r\n      <\/div>\r\n      <div class=\"vcard-meta-item\">\r\n        <span class=\"vcard-meta-label\">Grupo<\/span>\r\n        <span class=\"vcard-meta-val\">M\u00edn. 2<\/span>\r\n      <\/div>\r\n      <div class=\"vcard-meta-item\">\r\n        <span class=\"vcard-meta-label\">Idioma<\/span>\r\n        <span class=\"vcard-meta-val\">ES \/ EN<\/span>\r\n      <\/div>\r\n    <\/div>\r\n\r\n    <div class=\"vcard-includes\">\r\n      <span class=\"vcard-pill\">Transporte privado<\/span>\r\n      <span class=\"vcard-pill\">Gu\u00eda biling\u00fce<\/span>\r\n      <span class=\"vcard-pill\">Cata de chocolate<\/span>\r\n      <span class=\"vcard-pill\">Cata de vino<\/span>\r\n    <\/div>\r\n\r\n    <div class=\"vcard-rating\">\r\n      <span class=\"vcard-stars\">\u2605\u2605\u2605\u2605\u2605<\/span>\r\n      <span class=\"vcard-rating-num\">5.0<\/span>\r\n      <span class=\"vcard-rating-sub\">\u00b7 Precio garantizado<\/span>\r\n    <\/div>\r\n\r\n    <div class=\"vcard-footer\">\r\n      <div>\r\n        <div class=\"vcard-price-label\">Desde<\/div>\r\n        <div>\r\n          <span class=\"vcard-price\">$80<\/span>\r\n          <span class=\"vcard-price-per\">\/ persona<\/span>\r\n        <\/div>\r\n      <\/div>\r\n      <a href=\"https:\/\/trailforthjournal.com\/es\/reservar\/guayaquil-city-tour-privado\/\"\r\n         target=\"_blank\" rel=\"noopener\" class=\"vcard-btn\"\r\n         onclick=\"event.stopPropagation();\">\r\n        Reservar\r\n      <\/a>\r\n    <\/div>\r\n  <\/div>\r\n<\/article>\t\t\t\t<\/div>\n\t\t\t\t<\/div>\n\t\t\t\t\t<\/div>\n\t\t<\/div>\n\t\t\t\t<div class=\"elementor-column elementor-col-33 elementor-top-column elementor-element elementor-element-67f2f0a\" data-id=\"67f2f0a\" data-element_type=\"column\" data-e-type=\"column\" data-settings=\"{&quot;background_background&quot;:&quot;classic&quot;}\">\n\t\t\t<div class=\"elementor-widget-wrap elementor-element-populated\">\n\t\t\t\t\t\t<div class=\"elementor-element elementor-element-8bbf6cf elementor-widget elementor-widget-html\" data-id=\"8bbf6cf\" data-element_type=\"widget\" data-e-type=\"widget\" id=\"manglares-tour\" data-widget_type=\"html.default\">\n\t\t\t\t<div class=\"elementor-widget-container\">\n\t\t\t\t\t<article class=\"vcard\" onclick=\"window.open('https:\/\/trailforthjournal.com\/es\/reservar\/manglares-churute-guayaquil\/', '_blank')\">\r\n  <div class=\"vcard-img\">\r\n    <img data-recalc-dims=\"1\" decoding=\"async\" src=\"https:\/\/i0.wp.com\/trailforthjournal.com\/es\/wp-content\/uploads\/sites\/4\/2026\/01\/manglares-churute-group.png?w=1032&#038;ssl=1\"\r\n         alt=\"Tour a la Reserva Ecol\u00f3gica Manglares Churute - Trail Forth\" loading=\"lazy\">\r\n    <div class=\"vcard-badge\">Naturaleza<\/div>\r\n    <div class=\"vcard-cancel\">\r\n      <span class=\"vcard-cancel-dot\"><\/span>\r\n      Cancelaci\u00f3n gratuita\r\n    <\/div>\r\n    <button class=\"vcard-save\" onclick=\"event.stopPropagation(); this.style.color='#c0392b';\" title=\"Guardar\">\u2661<\/button>\r\n  <\/div>\r\n\r\n  <div class=\"vcard-body\">\r\n    <div class=\"vcard-eyebrow\">Guayas \u00b7 Reserva Ecol\u00f3gica<\/div>\r\n    <h3 class=\"vcard-title\">Manglares Churute: Avistamiento de Aves, Monos y Naturaleza<\/h3>\r\n\r\n    <div class=\"vcard-meta\">\r\n      <div class=\"vcard-meta-item\">\r\n        <span class=\"vcard-meta-label\">Duraci\u00f3n<\/span>\r\n        <span class=\"vcard-meta-val\">4\u20135 h<\/span>\r\n      <\/div>\r\n      <div class=\"vcard-meta-item\">\r\n        <span class=\"vcard-meta-label\">Grupo<\/span>\r\n        <span class=\"vcard-meta-val\">M\u00edn. 2<\/span>\r\n      <\/div>\r\n      <div class=\"vcard-meta-item\">\r\n        <span class=\"vcard-meta-label\">Idioma<\/span>\r\n        <span class=\"vcard-meta-val\">ES \/ EN<\/span>\r\n      <\/div>\r\n    <\/div>\r\n\r\n    <div class=\"vcard-includes\">\r\n      <span class=\"vcard-pill\">Paseo en Canoa<\/span>\r\n      <span class=\"vcard-pill\">Senderismo<\/span>\r\n      <span class=\"vcard-pill\">Avistamiento Fauna<\/span>\r\n      <span class=\"vcard-pill\">Transporte<\/span>\r\n    <\/div>\r\n\r\n    <div class=\"vcard-rating\">\r\n      <span class=\"vcard-stars\">\u2605\u2605\u2605\u2605\u2605<\/span>\r\n      <span class=\"vcard-rating-num\">4.8<\/span>\r\n      <span class=\"vcard-rating-sub\">\u00b7 Aventura Ecol\u00f3gica<\/span>\r\n    <\/div>\r\n\r\n    <div class=\"vcard-footer\">\r\n      <div>\r\n        <div class=\"vcard-price-label\">Desde<\/div>\r\n        <div>\r\n          <span class=\"vcard-price\">$206<\/span>\r\n          <span class=\"vcard-price-per\">\/ persona<\/span>\r\n        <\/div>\r\n      <\/div>\r\n      <a href=\"https:\/\/trailforthjournal.com\/es\/reservar\/manglares-churute-guayaquil\/\"\r\n         target=\"_blank\" rel=\"noopener\" class=\"vcard-btn\"\r\n         onclick=\"event.stopPropagation();\">\r\n        Reservar\r\n      <\/a>\r\n    <\/div>\r\n  <\/div>\r\n<\/article>\t\t\t\t<\/div>\n\t\t\t\t<\/div>\n\t\t\t\t\t<\/div>\n\t\t<\/div>\n\t\t\t\t<div class=\"elementor-column elementor-col-33 elementor-top-column elementor-element elementor-element-2c3bb5b\" data-id=\"2c3bb5b\" data-element_type=\"column\" data-e-type=\"column\" data-settings=\"{&quot;background_background&quot;:&quot;classic&quot;}\">\n\t\t\t<div class=\"elementor-widget-wrap elementor-element-populated\">\n\t\t\t\t\t\t<div class=\"elementor-element elementor-element-0870f0c elementor-widget elementor-widget-html\" data-id=\"0870f0c\" data-element_type=\"widget\" data-e-type=\"widget\" id=\"cacao-tour\" data-widget_type=\"html.default\">\n\t\t\t\t<div class=\"elementor-widget-container\">\n\t\t\t\t\t<article class=\"vcard\" onclick=\"window.open('https:\/\/trailforthjournal.com\/es\/reservar\/tour-cacao-guayaquil-hacienda\/', '_blank')\">\r\n  <div class=\"vcard-img\">\r\n    <img data-recalc-dims=\"1\" decoding=\"async\" src=\"https:\/\/i0.wp.com\/trailforthjournal.com\/es\/wp-content\/uploads\/sites\/4\/2026\/01\/tour-cacao-guide.png?w=1032&#038;ssl=1\"\r\n         alt=\"Tour de Cacao en Guayaquil: Experiencia de la Hacienda a la Barra\" loading=\"lazy\">\r\n    <div class=\"vcard-badge\">Hacienda<\/div>\r\n    <div class=\"vcard-cancel\">\r\n      <span class=\"vcard-cancel-dot\"><\/span>\r\n      Cancelaci\u00f3n gratuita\r\n    <\/div>\r\n    <button class=\"vcard-save\" onclick=\"event.stopPropagation(); this.style.color='#c0392b';\" title=\"Guardar\">\u2661<\/button>\r\n  <\/div>\r\n\r\n  <div class=\"vcard-body\">\r\n    <div class=\"vcard-eyebrow\">Costa \u00b7 Experiencia de Origen<\/div>\r\n    <h3 class=\"vcard-title\">Tour de Cacao: Historia, Tradici\u00f3n y Chocolate Artesanal<\/h3>\r\n\r\n    <div class=\"vcard-meta\">\r\n      <div class=\"vcard-meta-item\">\r\n        <span class=\"vcard-meta-label\">Duraci\u00f3n<\/span>\r\n        <span class=\"vcard-meta-val\">3\u20134 h<\/span>\r\n      <\/div>\r\n      <div class=\"vcard-meta-item\">\r\n        <span class=\"vcard-meta-label\">Grupo<\/span>\r\n        <span class=\"vcard-meta-val\">M\u00edn. 2<\/span>\r\n      <\/div>\r\n      <div class=\"vcard-meta-item\">\r\n        <span class=\"vcard-meta-label\">Idioma<\/span>\r\n        <span class=\"vcard-meta-val\">ES \/ EN<\/span>\r\n      <\/div>\r\n    <\/div>\r\n\r\n    <div class=\"vcard-includes\">\r\n      <span class=\"vcard-pill\">Visita a Hacienda<\/span>\r\n      <span class=\"vcard-pill\">Taller de Chocolate<\/span>\r\n      <span class=\"vcard-pill\">Almuerzo T\u00edpico<\/span>\r\n      <span class=\"vcard-pill\">Transporte<\/span>\r\n    <\/div>\r\n\r\n    <div class=\"vcard-rating\">\r\n      <span class=\"vcard-stars\">\u2605\u2605\u2605\u2605\u2605<\/span>\r\n      <span class=\"vcard-rating-num\">5.0<\/span>\r\n      <span class=\"vcard-rating-sub\">\u00b7 Gastronom\u00eda y Cultura<\/span>\r\n    <\/div>\r\n\r\n    <div class=\"vcard-footer\">\r\n      <div>\r\n        <div class=\"vcard-price-label\">Desde<\/div>\r\n        <div>\r\n          <span class=\"vcard-price\">$180<\/span>\r\n          <span class=\"vcard-price-per\">\/ persona<\/span>\r\n        <\/div>\r\n      <\/div>\r\n      <a href=\"https:\/\/trailforthjournal.com\/es\/reservar\/tour-cacao-guayaquil-hacienda\/\"\r\n         target=\"_blank\" rel=\"noopener\" class=\"vcard-btn\"\r\n         onclick=\"event.stopPropagation();\">\r\n        Reservar\r\n      <\/a>\r\n    <\/div>\r\n  <\/div>\r\n<\/article>\t\t\t\t<\/div>\n\t\t\t\t<\/div>\n\t\t\t\t\t<\/div>\n\t\t<\/div>\n\t\t\t\t\t<\/div>\n\t\t<\/section>\n\t\t\t\t<section class=\"elementor-section elementor-top-section elementor-element elementor-element-3b97e5b elementor-section-boxed elementor-section-height-default elementor-section-height-default wpr-particle-no wpr-jarallax-no wpr-parallax-no wpr-sticky-section-no wpr-equal-height-no\" data-id=\"3b97e5b\" data-element_type=\"section\" data-e-type=\"section\">\n\t\t\t\t\t\t<div class=\"elementor-container elementor-column-gap-default\">\n\t\t\t\t\t<div class=\"elementor-column elementor-col-100 elementor-top-column elementor-element elementor-element-2d93a5f\" data-id=\"2d93a5f\" data-element_type=\"column\" data-e-type=\"column\" data-settings=\"{&quot;background_background&quot;:&quot;classic&quot;}\">\n\t\t\t<div class=\"elementor-widget-wrap elementor-element-populated\">\n\t\t\t\t\t\t<div class=\"elementor-element elementor-element-12c7670 elementor-widget elementor-widget-html\" data-id=\"12c7670\" data-element_type=\"widget\" data-e-type=\"widget\" data-widget_type=\"html.default\">\n\t\t\t\t<div class=\"elementor-widget-container\">\n\t\t\t\t\t<style>\n\/*--- 1. FUENTES PREMIUM ---*\/\n@import url('https:\/\/fonts.googleapis.com\/css2?family=Cormorant+Garamond:wght@300;600&display=swap');\n\n\/*--- 2. CONTENEDOR SLIM (100:40) ---*\/\n.tfj-slim-container {\n    width: 100%;\n    aspect-ratio: 100 \/ 40; \n    max-height: 450px;\n    position: relative;\n    overflow: hidden;\n    background-color: #000;\n    display: flex;\n    margin: 0 auto;\n}\n\n\/*--- 3. SLIDER KEN BURNS ---*\/\n.tfj-slide-bg {\n    position: absolute;\n    width: 100%;\n    height: 100%;\n    background-size: cover;\n    background-position: center;\n    opacity: 0;\n    transform: scale(1.1);\n    animation: tfjFadeZoom 25s infinite;\n    z-index: 1;\n}\n\n.tfj-slide-bg:nth-child(1) { background-image: url('https:\/\/trailforthjournal.com\/es\/wp-content\/uploads\/sites\/4\/2026\/03\/Tours-en-Guayaquil-scaled.jpg'); animation-delay: 0s; }\n.tfj-slide-bg:nth-child(2) { background-image: url('https:\/\/trailforthjournal.com\/es\/wp-content\/uploads\/sites\/4\/2026\/01\/manglares-churute-group.png'); animation-delay: 5s; }\n.tfj-slide-bg:nth-child(3) { background-image: url('https:\/\/trailforthjournal.com\/es\/wp-content\/uploads\/sites\/4\/2026\/03\/Cacao-costa-Ecuador-3-scaled.jpg'); animation-delay: 10s; }\n.tfj-slide-bg:nth-child(4) { background-image: url('https:\/\/trailforthjournal.com\/es\/wp-content\/uploads\/sites\/4\/2026\/01\/manglares-churute-borda.png'); animation-delay: 15s; }\n.tfj-slide-bg:nth-child(5) { background-image: url('https:\/\/trailforthjournal.com\/es\/wp-content\/uploads\/sites\/4\/2023\/11\/IMG_1107-scaled.jpg'); animation-delay: 20s; }\n\n@keyframes tfjFadeZoom {\n    0% { opacity: 0; transform: scale(1.1); }\n    5% { opacity: 1; }\n    20% { opacity: 1; }\n    25% { opacity: 0; transform: scale(1.0); }\n    100% { opacity: 0; }\n}\n\n\/*--- DEGRADADO OSCURO RADIAL INVERTIDO (EFECTO VI\u00d1ETA) ---*\/\n.tfj-slim-container::before {\n    content: '';\n    position: absolute;\n    top: 0; left: 0; width: 100%; height: 100%;\n    background: radial-gradient(circle at center, rgba(0,0,0,0) 0%, rgba(0,0,0,0.5) 65%, rgba(0,0,0,0.85) 100%);\n    z-index: 5;\n}\n\n\/*--- 4. COLUMNAS SLIM ---*\/\n.tfj-slim-left, .tfj-slim-right {\n    flex: 1;\n    height: 100%;\n    display: flex;\n    flex-direction: column;\n    justify-content: center;\n    z-index: 10;\n    padding: 20px 50px;\n    box-sizing: border-box;\n}\n\n\/* COLUMNA IZQUIERDA: THE EXPERIENCE COLLECTION *\/\n.tfj-slim-left {\n    align-items: center;\n}\n\n.tfj-slim-left h3 {\n    font-family: 'Cormorant Garamond', serif;\n    font-weight: 300;\n    font-size: 2.2rem;\n    letter-spacing: 0.3em;\n    color: #fff;\n    margin: 0;\n    text-transform: uppercase;\n    text-align: center;\n    line-height: 1.1;\n    text-shadow: 0 2px 10px rgba(0,0,0,0.5);\n}\n\n.tfj-slim-left span {\n    font-family: 'Cormorant Garamond', serif;\n    font-weight: 600;\n    font-size: 0.9rem;\n    letter-spacing: 0.6em;\n    color: #d4af37;\n    text-transform: uppercase;\n    margin-top: 20px;\n    display: block;\n}\n\n\/* COLUMNA DERECHA: NUEVO TEXTO ACTUALIZADO *\/\n.tfj-slim-right {\n    align-items: center;\n}\n\n.tfj-slim-right p {\n    font-family: 'Cormorant Garamond', serif;\n    font-weight: 300;\n    font-size: 1.35rem; \/* Un poco m\u00e1s grande para el nuevo texto *\/\n    line-height: 1.7;\n    color: #fff;\n    margin: 0;\n    max-width: 450px;\n    text-align: center;\n    text-shadow: 0 2px 8px rgba(0,0,0,0.6);\n}\n\n\/* RESPONSIVIDAD (M\u00d3VIL) *\/\n@media (max-width: 768px) {\n    .tfj-slim-container { aspect-ratio: 100 \/ 120; flex-direction: column; }\n    .tfj-slim-left { flex: none; width: 100%; padding: 50px 20px 10px 20px; justify-content: flex-end;}\n    .tfj-slim-left h3 { font-size: 1.7rem; }\n    .tfj-slim-right { flex: none; width: 100%; padding: 10px 20px 50px 20px; justify-content: flex-start;}\n    .tfj-slim-right p { font-size: 1.15rem; max-width: 100%;}\n    .tfj-slim-container::before {\n        background: radial-gradient(circle at center, rgba(0,0,0,0) 0%, rgba(0,0,0,0.6) 70%, rgba(0,0,0,0.9) 100%);\n    }\n}\n<\/style>\n\n<div class=\"tfj-slim-container\">\n    <div class=\"tfj-slide-bg\"><\/div>\n    <div class=\"tfj-slide-bg\"><\/div>\n    <div class=\"tfj-slide-bg\"><\/div>\n    <div class=\"tfj-slide-bg\"><\/div>\n    <div class=\"tfj-slide-bg\"><\/div>\n\n    <div class=\"tfj-slim-left\">\n        <h3>The Experience Collection<\/h3>\n        <span>Guayaquil<\/span>\n    <\/div>\n\n    <div class=\"tfj-slim-right\">\n        <p>Explora y descubre Guayaquil a trav\u00e9s de experiencias que te conectan con su cultura, naturaleza y esp\u00edritu aventurero, con la seguridad y el confort que mereces.<\/p>\n    <\/div>\n<\/div>\n\t\t\t\t<\/div>\n\t\t\t\t<\/div>\n\t\t\t\t\t<\/div>\n\t\t<\/div>\n\t\t\t\t\t<\/div>\n\t\t<\/section>\n\t\t\t\t<section class=\"elementor-section elementor-top-section elementor-element elementor-element-cdd1c18 elementor-section-boxed elementor-section-height-default elementor-section-height-default wpr-particle-no wpr-jarallax-no wpr-parallax-no wpr-sticky-section-no wpr-equal-height-no\" data-id=\"cdd1c18\" data-element_type=\"section\" data-e-type=\"section\">\n\t\t\t\t\t\t<div class=\"elementor-container elementor-column-gap-default\">\n\t\t\t\t\t<div class=\"elementor-column elementor-col-33 elementor-top-column elementor-element elementor-element-d2428b5\" data-id=\"d2428b5\" data-element_type=\"column\" data-e-type=\"column\" data-settings=\"{&quot;background_background&quot;:&quot;classic&quot;}\">\n\t\t\t<div class=\"elementor-widget-wrap elementor-element-populated\">\n\t\t\t\t\t\t<div class=\"elementor-element elementor-element-344af5d elementor-widget elementor-widget-html\" data-id=\"344af5d\" data-element_type=\"widget\" data-e-type=\"widget\" id=\"maac-museo\" data-widget_type=\"html.default\">\n\t\t\t\t<div class=\"elementor-widget-container\">\n\t\t\t\t\t<article class=\"vcard\" onclick=\"window.open('https:\/\/trailforthjournal.com\/es\/cultura\/museo-antropologico-arte-contemporaneo\/', '_blank')\">\r\n  <div class=\"vcard-img\">\r\n    <img data-recalc-dims=\"1\" decoding=\"async\" src=\"https:\/\/i0.wp.com\/trailforthjournal.com\/es\/wp-content\/uploads\/sites\/4\/2022\/05\/24465770774_e36bc43f29_o-scaled.jpg?w=1032&#038;ssl=1\" \r\n         alt=\"Museo Antropol\u00f3gico y de Arte Contempor\u00e1neo MAAC Guayaquil\" loading=\"lazy\">\r\n    <div class=\"vcard-badge\">Cultura<\/div>\r\n    <div class=\"vcard-cancel\" style=\"color: #2d6a3f;\">\r\n      <span class=\"vcard-cancel-dot\"><\/span>\r\n      Entrada Libre\r\n    <\/div>\r\n    <button class=\"vcard-save\" onclick=\"event.stopPropagation(); this.style.color='#c0392b';\" title=\"Guardar\">\u2661<\/button>\r\n  <\/div>\r\n\r\n  <div class=\"vcard-body\">\r\n    <div class=\"vcard-eyebrow\">Guayaquil \u00b7 Malec\u00f3n 2000<\/div>\r\n    <h3 class=\"vcard-title\">MAAC: El Tesoro Arqueol\u00f3gico y Contempor\u00e1neo de Guayaquil<\/h3>\r\n\r\n    <div class=\"vcard-meta\">\r\n      <div class=\"vcard-meta-item\">\r\n        <span class=\"vcard-meta-label\">Visita<\/span>\r\n        <span class=\"vcard-meta-val\">1.5 \u2013 2 h<\/span>\r\n      <\/div>\r\n      <div class=\"vcard-meta-item\">\r\n        <span class=\"vcard-meta-label\">Clima<\/span>\r\n        <span class=\"vcard-meta-val\">A\/C<\/span>\r\n      <\/div>\r\n      <div class=\"vcard-meta-item\">\r\n        <span class=\"vcard-meta-label\">Tipo<\/span>\r\n        <span class=\"vcard-meta-val\">Museo<\/span>\r\n      <\/div>\r\n    <\/div>\r\n\r\n    <div class=\"vcard-includes\">\r\n      <span class=\"vcard-pill\">Arqueolog\u00eda<\/span>\r\n      <span class=\"vcard-pill\">Arte Moderno<\/span>\r\n      <span class=\"vcard-pill\">Sala de Cine<\/span>\r\n      <span class=\"vcard-pill\">Historia<\/span>\r\n    <\/div>\r\n\r\n    <div class=\"vcard-rating\">\r\n      <span class=\"vcard-stars\">\u2605\u2605\u2605\u2605\u2605<\/span>\r\n      <span class=\"vcard-rating-num\">4.7<\/span>\r\n      <span class=\"vcard-rating-sub\">\u00b7 Imperdible cultural<\/span>\r\n    <\/div>\r\n\r\n    <div class=\"vcard-footer\">\r\n      <div>\r\n        <div class=\"vcard-price-label\">Acceso<\/div>\r\n        <span class=\"vcard-price\">Gratis<\/span>\r\n      <\/div>\r\n      <a href=\"https:\/\/trailforthjournal.com\/es\/cultura\/museo-antropologico-arte-contemporaneo\/\"\r\n         target=\"_blank\" rel=\"noopener\" class=\"vcard-btn\"\r\n         onclick=\"event.stopPropagation();\">\r\n        Ver Gu\u00eda\r\n      <\/a>\r\n    <\/div>\r\n  <\/div>\r\n<\/article>\t\t\t\t<\/div>\n\t\t\t\t<\/div>\n\t\t\t\t\t<\/div>\n\t\t<\/div>\n\t\t\t\t<div class=\"elementor-column elementor-col-33 elementor-top-column elementor-element elementor-element-6da3ee4\" data-id=\"6da3ee4\" data-element_type=\"column\" data-e-type=\"column\" data-settings=\"{&quot;background_background&quot;:&quot;classic&quot;}\">\n\t\t\t<div class=\"elementor-widget-wrap elementor-element-populated\">\n\t\t\t\t\t\t<div class=\"elementor-element elementor-element-69d3344 elementor-widget elementor-widget-html\" data-id=\"69d3344\" data-element_type=\"widget\" data-e-type=\"widget\" id=\"walking-tour\" data-widget_type=\"html.default\">\n\t\t\t\t<div class=\"elementor-widget-container\">\n\t\t\t\t\t<article class=\"vcard\" onclick=\"window.open('https:\/\/trailforthjournal.com\/es\/reservar\/guayaquil-walking-tour-panoramico\/', '_blank')\">\r\n  <div class=\"vcard-img\">\r\n    <img data-recalc-dims=\"1\" decoding=\"async\" src=\"https:\/\/i0.wp.com\/trailforthjournal.com\/es\/wp-content\/uploads\/sites\/4\/2024\/02\/1000118859.png?w=1032&#038;ssl=1\"\r\n         alt=\"Guayaquil Walking Tour Panor\u00e1mico: R\u00edo Guayas y Aerov\u00eda\" loading=\"lazy\">\r\n    <div class=\"vcard-badge\">Multimodal<\/div>\r\n    <div class=\"vcard-cancel\">\r\n      <span class=\"vcard-cancel-dot\"><\/span>\r\n      Cancelaci\u00f3n gratuita\r\n    <\/div>\r\n    <button class=\"vcard-save\" onclick=\"event.stopPropagation(); this.style.color='#c0392b';\" title=\"Guardar\">\u2661<\/button>\r\n  <\/div>\r\n\r\n  <div class=\"vcard-body\">\r\n    <div class=\"vcard-eyebrow\">Guayaquil \u00b7 Centro Hist\u00f3rico<\/div>\r\n    <h3 class=\"vcard-title\">Walking Tour Panor\u00e1mico: R\u00edo, Telef\u00e9rico y Museo de Caf\u00e9<\/h3>\r\n\r\n    <div class=\"vcard-meta\">\r\n      <div class=\"vcard-meta-item\">\r\n        <span class=\"vcard-meta-label\">Duraci\u00f3n<\/span>\r\n        <span class=\"vcard-meta-val\">2 h<\/span>\r\n      <\/div>\r\n      <div class=\"vcard-meta-item\">\r\n        <span class=\"vcard-meta-label\">Grupo<\/span>\r\n        <span class=\"vcard-meta-val\">M\u00edn. 2<\/span>\r\n      <\/div>\r\n      <div class=\"vcard-meta-item\">\r\n        <span class=\"vcard-meta-label\">Idioma<\/span>\r\n        <span class=\"vcard-meta-val\">ES \/ EN<\/span>\r\n      <\/div>\r\n    <\/div>\r\n\r\n    <div class=\"vcard-includes\">\r\n      <span class=\"vcard-pill\">Paseo en lancha<\/span>\r\n      <span class=\"vcard-pill\">Vistas 360\u00b0<\/span>\r\n      <span class=\"vcard-pill\">Cata de Caf\u00e9\/Cacao<\/span>\r\n      <span class=\"vcard-pill\">Calle Panam\u00e1<\/span>\r\n    <\/div>\r\n\r\n    <div class=\"vcard-rating\">\r\n      <span class=\"vcard-stars\">\u2605\u2605\u2605\u2605\u2605<\/span>\r\n      <span class=\"vcard-rating-num\">4.9<\/span>\r\n      <span class=\"vcard-rating-sub\">\u00b7 Precio garantizado<\/span>\r\n    <\/div>\r\n\r\n    <div class=\"vcard-footer\">\r\n      <div>\r\n        <div class=\"vcard-price-label\">Desde<\/div>\r\n        <div>\r\n          <span class=\"vcard-price\">$35<\/span>\r\n          <span class=\"vcard-price-per\">\/ persona<\/span>\r\n        <\/div>\r\n      <\/div>\r\n      <a href=\"https:\/\/trailforthjournal.com\/es\/reservar\/guayaquil-walking-tour-panoramico\/\"\r\n         target=\"_blank\" rel=\"noopener\" class=\"vcard-btn\"\r\n         onclick=\"event.stopPropagation();\">\r\n        Reservar\r\n      <\/a>\r\n    <\/div>\r\n  <\/div>\r\n<\/article>\t\t\t\t<\/div>\n\t\t\t\t<\/div>\n\t\t\t\t\t<\/div>\n\t\t<\/div>\n\t\t\t\t<div class=\"elementor-column elementor-col-33 elementor-top-column elementor-element elementor-element-8a3bd68\" data-id=\"8a3bd68\" data-element_type=\"column\" data-e-type=\"column\" data-settings=\"{&quot;background_background&quot;:&quot;classic&quot;}\">\n\t\t\t<div class=\"elementor-widget-wrap elementor-element-populated\">\n\t\t\t\t\t\t<div class=\"elementor-element elementor-element-a97c6e1 elementor-widget elementor-widget-html\" data-id=\"a97c6e1\" data-element_type=\"widget\" data-e-type=\"widget\" id=\"nahim-isaias\" data-widget_type=\"html.default\">\n\t\t\t\t<div class=\"elementor-widget-container\">\n\t\t\t\t\t<article class=\"vcard\" onclick=\"window.open('https:\/\/trailforthjournal.com\/es\/cultura\/museo-nahim-isaias-guayaquil\/', '_blank')\">\r\n  <div class=\"vcard-img\">\r\n    <img data-recalc-dims=\"1\" decoding=\"async\" src=\"https:\/\/i0.wp.com\/trailforthjournal.com\/es\/wp-content\/uploads\/sites\/4\/2023\/11\/Museo-NI-scaled.jpg?w=1032&#038;ssl=1\" \r\n         alt=\"Museo Nah\u00edm Isa\u00edas Barquet y Plaza de la Administraci\u00f3n\" loading=\"lazy\">\r\n    <div class=\"vcard-badge\">Cultura<\/div>\r\n    <div class=\"vcard-cancel\" style=\"color: #2d6a3f;\">\r\n      <span class=\"vcard-cancel-dot\"><\/span>\r\n      Entrada Libre\r\n    <\/div>\r\n    <button class=\"vcard-save\" onclick=\"event.stopPropagation(); this.style.color='#c0392b';\" title=\"Guardar\">\u2661<\/button>\r\n  <\/div>\r\n\r\n  <div class=\"vcard-body\">\r\n    <div class=\"vcard-eyebrow\">Guayaquil \u00b7 Plaza de la Administraci\u00f3n<\/div>\r\n    <h3 class=\"vcard-title\">Museo Nah\u00edm Isa\u00edas: Arte Colonial y la Escuela Quite\u00f1a<\/h3>\r\n\r\n    <div class=\"vcard-meta\">\r\n      <div class=\"vcard-meta-item\">\r\n        <span class=\"vcard-meta-label\">Piezas<\/span>\r\n        <span class=\"vcard-meta-val\">~2.500<\/span>\r\n      <\/div>\r\n      <div class=\"vcard-meta-item\">\r\n        <span class=\"vcard-meta-label\">Visita<\/span>\r\n        <span class=\"vcard-meta-val\">1 \u2013 1.5 h<\/span>\r\n      <\/div>\r\n      <div class=\"vcard-meta-item\">\r\n        <span class=\"vcard-meta-label\">\u00c9poca<\/span>\r\n        <span class=\"vcard-meta-val\">XVI - XIX<\/span>\r\n      <\/div>\r\n    <\/div>\r\n\r\n    <div class=\"vcard-includes\">\r\n      <span class=\"vcard-pill\">Escuela Quite\u00f1a<\/span>\r\n      <span class=\"vcard-pill\">Arte Colonial<\/span>\r\n      <span class=\"vcard-pill\">Arte Emergente<\/span>\r\n      <span class=\"vcard-pill\">Centro C\u00edvico<\/span>\r\n    <\/div>\r\n\r\n    <div class=\"vcard-rating\">\r\n      <span class=\"vcard-stars\">\u2605\u2605\u2605\u2605\u2605<\/span>\r\n      <span class=\"vcard-rating-num\">4.8<\/span>\r\n      <span class=\"vcard-rating-sub\">\u00b7 Patrimonio Nacional<\/span>\r\n    <\/div>\r\n\r\n    <div class=\"vcard-footer\">\r\n      <div>\r\n        <div class=\"vcard-price-label\">Acceso<\/div>\r\n        <span class=\"vcard-price\">Gratis<\/span>\r\n      <\/div>\r\n      <a href=\"https:\/\/trailforthjournal.com\/es\/cultura\/museo-nahim-isaias-guayaquil\/\"\r\n         target=\"_blank\" rel=\"noopener\" class=\"vcard-btn\"\r\n         onclick=\"event.stopPropagation();\">\r\n        Ver Gu\u00eda\r\n      <\/a>\r\n    <\/div>\r\n  <\/div>\r\n<\/article>\t\t\t\t<\/div>\n\t\t\t\t<\/div>\n\t\t\t\t\t<\/div>\n\t\t<\/div>\n\t\t\t\t\t<\/div>\n\t\t<\/section>\n\t\t\t\t<section class=\"elementor-section elementor-top-section elementor-element elementor-element-98d9264 elementor-section-boxed elementor-section-height-default elementor-section-height-default wpr-particle-no wpr-jarallax-no wpr-parallax-no wpr-sticky-section-no wpr-equal-height-no\" data-id=\"98d9264\" data-element_type=\"section\" data-e-type=\"section\">\n\t\t\t\t\t\t<div class=\"elementor-container elementor-column-gap-default\">\n\t\t\t\t\t<div class=\"elementor-column elementor-col-33 elementor-top-column elementor-element elementor-element-7c0fce2\" data-id=\"7c0fce2\" data-element_type=\"column\" data-e-type=\"column\" data-settings=\"{&quot;background_background&quot;:&quot;classic&quot;}\">\n\t\t\t<div class=\"elementor-widget-wrap elementor-element-populated\">\n\t\t\t\t\t\t<div class=\"elementor-element elementor-element-5259191 elementor-widget elementor-widget-html\" data-id=\"5259191\" data-element_type=\"widget\" data-e-type=\"widget\" data-widget_type=\"html.default\">\n\t\t\t\t<div class=\"elementor-widget-container\">\n\t\t\t\t\t<article class=\"vcard\" onclick=\"window.open('https:\/\/trailforthjournal.com\/es\/reservar\/traslados-aeropuerto-guayaquil-shuttle\/', '_blank')\">\r\n  <div class=\"vcard-img\">\r\n    <img data-recalc-dims=\"1\" decoding=\"async\" src=\"https:\/\/i0.wp.com\/trailforthjournal.com\/es\/wp-content\/uploads\/sites\/4\/2026\/01\/traslado-aeropuerto-guayaquil-hotel.jpg?w=1032&#038;ssl=1\" \r\n         alt=\"Traslado Aeropuerto Guayaquil Shuttle Privado al Hotel\" loading=\"lazy\">\r\n    <div class=\"vcard-badge\">Servicio VIP<\/div>\r\n    <div class=\"vcard-cancel\">\r\n      <span class=\"vcard-cancel-dot\"><\/span>\r\n      Espera garantizada\r\n    <\/div>\r\n    <button class=\"vcard-save\" onclick=\"event.stopPropagation(); this.style.color='#c0392b';\" title=\"Guardar\">\u2661<\/button>\r\n  <\/div>\r\n\r\n  <div class=\"vcard-body\">\r\n    <div class=\"vcard-eyebrow\">Log\u00edstica \u00b7 Transporte Privado<\/div>\r\n    <h3 class=\"vcard-title\">Traslado Aeropuerto Guayaquil: Confort y Seguridad 24\/7<\/h3>\r\n\r\n    <div class=\"vcard-meta\">\r\n      <div class=\"vcard-meta-item\">\r\n        <span class=\"vcard-meta-label\">Disponibilidad<\/span>\r\n        <span class=\"vcard-meta-val\">24 Horas<\/span>\r\n      <\/div>\r\n      <div class=\"vcard-meta-item\">\r\n        <span class=\"vcard-meta-label\">Capacidad<\/span>\r\n        <span class=\"vcard-meta-val\">1\u20136 Pers.<\/span>\r\n      <\/div>\r\n      <div class=\"vcard-meta-item\">\r\n        <span class=\"vcard-meta-label\">Espera<\/span>\r\n        <span class=\"vcard-meta-val\">Incluida<\/span>\r\n      <\/div>\r\n    <\/div>\r\n\r\n    <div class=\"vcard-includes\">\r\n      <span class=\"vcard-pill\">Rastreo de Vuelo<\/span>\r\n      <span class=\"vcard-pill\">Aire Acondicionado<\/span>\r\n      <span class=\"vcard-pill\">Asistencia Equipaje<\/span>\r\n      <span class=\"vcard-pill\">Puerta a Puerta<\/span>\r\n    <\/div>\r\n\r\n    <div class=\"vcard-rating\">\r\n      <span class=\"vcard-stars\">\u2605\u2605\u2605\u2605\u2605<\/span>\r\n      <span class=\"vcard-rating-num\">5.0<\/span>\r\n      <span class=\"vcard-rating-sub\">\u00b7 Soporte Local 24\/7<\/span>\r\n    <\/div>\r\n\r\n    <div class=\"vcard-footer\">\r\n      <div>\r\n        <div class=\"vcard-price-label\">Desde<\/div>\r\n        <div>\r\n          <span class=\"vcard-price\">$25<\/span>\r\n          <span class=\"vcard-price-per\">\/ trayecto<\/span>\r\n        <\/div>\r\n      <\/div>\r\n      <a href=\"https:\/\/trailforthjournal.com\/es\/reservar\/traslados-aeropuerto-guayaquil-shuttle\/\"\r\n         target=\"_blank\" rel=\"noopener\" class=\"vcard-btn\"\r\n         onclick=\"event.stopPropagation();\">\r\n        Reservar\r\n      <\/a>\r\n    <\/div>\r\n  <\/div>\r\n<\/article>\t\t\t\t<\/div>\n\t\t\t\t<\/div>\n\t\t\t\t\t<\/div>\n\t\t<\/div>\n\t\t\t\t<div class=\"elementor-column elementor-col-33 elementor-top-column elementor-element elementor-element-5df2e7b\" data-id=\"5df2e7b\" data-element_type=\"column\" data-e-type=\"column\" data-settings=\"{&quot;background_background&quot;:&quot;classic&quot;}\">\n\t\t\t<div class=\"elementor-widget-wrap elementor-element-populated\">\n\t\t\t\t\t\t<div class=\"elementor-element elementor-element-821969b elementor-widget elementor-widget-html\" data-id=\"821969b\" data-element_type=\"widget\" data-e-type=\"widget\" data-widget_type=\"html.default\">\n\t\t\t\t<div class=\"elementor-widget-container\">\n\t\t\t\t\t<article class=\"vcard\" onclick=\"window.open('https:\/\/trailforthjournal.com\/es\/reservar\/trekking-parque-nacional-cajas\/', '_blank')\">\r\n  <div class=\"vcard-img\">\r\n    <img data-recalc-dims=\"1\" decoding=\"async\" src=\"https:\/\/i0.wp.com\/trailforthjournal.com\/es\/wp-content\/uploads\/sites\/4\/2025\/12\/tour-cuenca-y-parque-nacional-cajas.png?w=1032&#038;ssl=1\" \r\n         alt=\"Trekking en el Parque Nacional Cajas desde Guayaquil\" loading=\"lazy\">\r\n    <div class=\"vcard-badge\">Aventura Andes<\/div>\r\n    <div class=\"vcard-cancel\">\r\n      <span class=\"vcard-cancel-dot\"><\/span>\r\n      Cancelaci\u00f3n gratuita\r\n    <\/div>\r\n    <button class=\"vcard-save\" onclick=\"event.stopPropagation(); this.style.color='#c0392b';\" title=\"Guardar\">\u2661<\/button>\r\n  <\/div>\r\n\r\n  <div class=\"vcard-body\">\r\n    <div class=\"vcard-eyebrow\">Azuay \u00b7 P\u00e1ramo y Lagunas<\/div>\r\n    <h3 class=\"vcard-title\">Trekking en el Parque Nacional Cajas: Aventura en los Andes<\/h3>\r\n\r\n    <div class=\"vcard-meta\">\r\n      <div class=\"vcard-meta-item\">\r\n        <span class=\"vcard-meta-label\">Duraci\u00f3n<\/span>\r\n        <span class=\"vcard-meta-val\">Full Day<\/span>\r\n      <\/div>\r\n      <div class=\"vcard-meta-item\">\r\n        <span class=\"vcard-meta-label\">Nivel<\/span>\r\n        <span class=\"vcard-meta-val\">Moderado<\/span>\r\n      <\/div>\r\n      <div class=\"vcard-meta-item\">\r\n        <span class=\"vcard-meta-label\">Altitud<\/span>\r\n        <span class=\"vcard-meta-val\">~3.900m<\/span>\r\n      <\/div>\r\n    <\/div>\r\n\r\n    <div class=\"vcard-includes\">\r\n      <span class=\"vcard-pill\">Transporte Privado<\/span>\r\n      <span class=\"vcard-pill\">Gu\u00eda Certificado<\/span>\r\n      <span class=\"vcard-pill\">Senderismo<\/span>\r\n      <span class=\"vcard-pill\">Pick-up Hotel<\/span>\r\n    <\/div>\r\n\r\n    <div class=\"vcard-rating\">\r\n      <span class=\"vcard-stars\">\u2605\u2605\u2605\u2605\u2605<\/span>\r\n      <span class=\"vcard-rating-num\">5.0<\/span>\r\n      <span class=\"vcard-rating-sub\">\u00b7 Tour Privado<\/span>\r\n    <\/div>\r\n\r\n    <div class=\"vcard-footer\">\r\n      <div>\r\n        <div class=\"vcard-price-label\">Desde<\/div>\r\n        <div>\r\n          <span class=\"vcard-price\">$50<\/span>\r\n          <span class=\"vcard-price-per\">\/ persona<\/span>\r\n        <\/div>\r\n      <\/div>\r\n      <a href=\"https:\/\/trailforthjournal.com\/es\/reservar\/trekking-parque-nacional-cajas\/\"\r\n         target=\"_blank\" rel=\"noopener\" class=\"vcard-btn\"\r\n         onclick=\"event.stopPropagation();\">\r\n        Reservar\r\n      <\/a>\r\n    <\/div>\r\n  <\/div>\r\n<\/article>\t\t\t\t<\/div>\n\t\t\t\t<\/div>\n\t\t\t\t\t<\/div>\n\t\t<\/div>\n\t\t\t\t<div class=\"elementor-column elementor-col-33 elementor-top-column elementor-element elementor-element-6cac737\" data-id=\"6cac737\" data-element_type=\"column\" data-e-type=\"column\" data-settings=\"{&quot;background_background&quot;:&quot;classic&quot;}\">\n\t\t\t<div class=\"elementor-widget-wrap elementor-element-populated\">\n\t\t\t\t\t\t<div class=\"elementor-element elementor-element-6c6c4d0 elementor-widget elementor-widget-html\" data-id=\"6c6c4d0\" data-element_type=\"widget\" data-e-type=\"widget\" data-widget_type=\"html.default\">\n\t\t\t\t<div class=\"elementor-widget-container\">\n\t\t\t\t\t<article class=\"vcard\" onclick=\"window.open('https:\/\/trailforthjournal.com\/es\/reservar\/city-tour-cuenca\/', '_blank')\">\r\n  <div class=\"vcard-img\">\r\n    <img data-recalc-dims=\"1\" decoding=\"async\" src=\"https:\/\/i0.wp.com\/trailforthjournal.com\/es\/wp-content\/uploads\/sites\/4\/2024\/04\/Cuenca-portada.jpg?w=1032&#038;ssl=1\" \r\n         alt=\"City Tour Privado en Cuenca - Patrimonio de la Humanidad\" loading=\"lazy\">\r\n    <div class=\"vcard-badge\">Andes & Cultura<\/div>\r\n    <div class=\"vcard-cancel\">\r\n      <span class=\"vcard-cancel-dot\"><\/span>\r\n      Cancelaci\u00f3n gratuita\r\n    <\/div>\r\n    <button class=\"vcard-save\" onclick=\"event.stopPropagation(); this.style.color='#c0392b';\" title=\"Guardar\">\u2661<\/button>\r\n  <\/div>\r\n\r\n  <div class=\"vcard-body\">\r\n    <div class=\"vcard-eyebrow\">Azuay \u00b7 Patrimonio de la UNESCO<\/div>\r\n    <h3 class=\"vcard-title\">City Tour Cuenca: Una Inmersi\u00f3n Privada en el Coraz\u00f3n de los Andes<\/h3>\r\n\r\n    <div class=\"vcard-meta\">\r\n      <div class=\"vcard-meta-item\">\r\n        <span class=\"vcard-meta-label\">Duraci\u00f3n<\/span>\r\n        <span class=\"vcard-meta-val\">2 d\u00edas 1 noche<\/span>\r\n      <\/div>\r\n      <div class=\"vcard-meta-item\">\r\n        <span class=\"vcard-meta-label\">Desde<\/span>\r\n        <span class=\"vcard-meta-val\">Guayaquil<\/span>\r\n      <\/div>\r\n      <div class=\"vcard-meta-item\">\r\n        <span class=\"vcard-meta-label\">Idioma<\/span>\r\n        <span class=\"vcard-meta-val\">ES \/ EN<\/span>\r\n      <\/div>\r\n    <\/div>\r\n\r\n    <div class=\"vcard-includes\">\r\n      <span class=\"vcard-pill\">Transporte Privado<\/span>\r\n      <span class=\"vcard-pill\">Centro Hist\u00f3rico<\/span>\r\n      <span class=\"vcard-pill\">Catedral Turi<\/span>\r\n      <span class=\"vcard-pill\">Gu\u00eda Experto<\/span>\r\n    <\/div>\r\n\r\n    <div class=\"vcard-rating\">\r\n      <span class=\"vcard-stars\">\u2605\u2605\u2605\u2605\u2605<\/span>\r\n      <span class=\"vcard-rating-num\">5.0<\/span>\r\n      <span class=\"vcard-rating-sub\">\u00b7 Experience Collection<\/span>\r\n    <\/div>\r\n\r\n    <div class=\"vcard-footer\">\r\n      <div>\r\n        <div class=\"vcard-price-label\">Desde<\/div>\r\n        <div>\r\n          <span class=\"vcard-price\">$250<\/span>\r\n          <span class=\"vcard-price-per\">\/ persona<\/span>\r\n        <\/div>\r\n      <\/div>\r\n      <a href=\"https:\/\/trailforthjournal.com\/es\/reservar\/city-tour-cuenca\/\"\r\n         target=\"_blank\" rel=\"noopener\" class=\"vcard-btn\"\r\n         onclick=\"event.stopPropagation();\">\r\n        Reservar\r\n      <\/a>\r\n    <\/div>\r\n  <\/div>\r\n<\/article>\t\t\t\t<\/div>\n\t\t\t\t<\/div>\n\t\t\t\t\t<\/div>\n\t\t<\/div>\n\t\t\t\t\t<\/div>\n\t\t<\/section>\n\t\t\t\t<section class=\"elementor-section elementor-top-section elementor-element elementor-element-b802a8f elementor-section-boxed elementor-section-height-default elementor-section-height-default wpr-particle-no wpr-jarallax-no wpr-parallax-no wpr-sticky-section-no wpr-equal-height-no\" data-id=\"b802a8f\" data-element_type=\"section\" data-e-type=\"section\">\n\t\t\t\t\t\t<div class=\"elementor-container elementor-column-gap-default\">\n\t\t\t\t\t<div class=\"elementor-column elementor-col-33 elementor-top-column elementor-element elementor-element-7100b12\" data-id=\"7100b12\" data-element_type=\"column\" data-e-type=\"column\" data-settings=\"{&quot;background_background&quot;:&quot;classic&quot;}\">\n\t\t\t<div class=\"elementor-widget-wrap elementor-element-populated\">\n\t\t\t\t\t\t<div class=\"elementor-element elementor-element-84b6cba elementor-widget elementor-widget-html\" data-id=\"84b6cba\" data-element_type=\"widget\" data-e-type=\"widget\" data-widget_type=\"html.default\">\n\t\t\t\t<div class=\"elementor-widget-container\">\n\t\t\t\t\t<article class=\"vcard\" onclick=\"window.open('https:\/\/trailforthjournal.com\/es\/reservar\/traslados-aeropuerto-guayaquil-shuttle\/', '_blank')\">\r\n  <div class=\"vcard-img\">\r\n    <img data-recalc-dims=\"1\" decoding=\"async\" src=\"https:\/\/i0.wp.com\/trailforthjournal.com\/es\/wp-content\/uploads\/sites\/4\/2026\/01\/traslado-guayaquil-salinas.png?w=1032&#038;ssl=1\" \r\n         alt=\"Traslado Privado de Guayaquil a Salinas\" loading=\"lazy\">\r\n    <div class=\"vcard-badge\">Servicio VIP<\/div>\r\n    <div class=\"vcard-cancel\">\r\n      <span class=\"vcard-cancel-dot\"><\/span>\r\n      Espera en Aeropuerto\r\n    <\/div>\r\n    <button class=\"vcard-save\" onclick=\"event.stopPropagation(); this.style.color='#c0392b';\" title=\"Guardar\">\u2661<\/button>\r\n  <\/div>\r\n\r\n  <div class=\"vcard-body\">\r\n    <div class=\"vcard-eyebrow\">Log\u00edstica \u00b7 Guayaquil a Salinas<\/div>\r\n    <h3 class=\"vcard-title\">Traslado Privado Guayaquil - Salinas: Confort de Costa<\/h3>\r\n\r\n    <div class=\"vcard-meta\">\r\n      <div class=\"vcard-meta-item\">\r\n        <span class=\"vcard-meta-label\">Duraci\u00f3n<\/span>\r\n        <span class=\"vcard-meta-val\">~2.15 Horas<\/span>\r\n      <\/div>\r\n      <div class=\"vcard-meta-item\">\r\n        <span class=\"vcard-meta-label\">Capacidad<\/span>\r\n        <span class=\"vcard-meta-val\">1\u20136 Pers.<\/span>\r\n      <\/div>\r\n      <div class=\"vcard-meta-item\">\r\n        <span class=\"vcard-meta-label\">Espera<\/span>\r\n        <span class=\"vcard-meta-val\">Incluida<\/span>\r\n      <\/div>\r\n    <\/div>\r\n\r\n    <div class=\"vcard-includes\">\r\n      <span class=\"vcard-pill\">Aire Acondicionado<\/span>\r\n      <span class=\"vcard-pill\">Asistencia Equipaje<\/span>\r\n      <span class=\"vcard-pill\">Monitoreo Vuelo<\/span>\r\n      <span class=\"vcard-pill\">Ruta del Spondylus<\/span>\r\n    <\/div>\r\n\r\n    <div class=\"vcard-rating\">\r\n      <span class=\"vcard-stars\">\u2605\u2605\u2605\u2605\u2605<\/span>\r\n      <span class=\"vcard-rating-num\">5.0<\/span>\r\n      <span class=\"vcard-rating-sub\">\u00b7 Soporte 24\/7<\/span>\r\n    <\/div>\r\n\r\n    <div class=\"vcard-footer\">\r\n      <div>\r\n        <div class=\"vcard-price-label\">Desde<\/div>\r\n        <div>\r\n          <span class=\"vcard-price\">$110<\/span>\r\n          <span class=\"vcard-price-per\">\/ trayecto<\/span>\r\n        <\/div>\r\n      <\/div>\r\n      <a href=\"https:\/\/trailforthjournal.com\/es\/reservar\/traslados-aeropuerto-guayaquil-shuttle\/\"\r\n         target=\"_blank\" rel=\"noopener\" class=\"vcard-btn\"\r\n         onclick=\"event.stopPropagation();\">\r\n        Reservar\r\n      <\/a>\r\n    <\/div>\r\n  <\/div>\r\n<\/article>\t\t\t\t<\/div>\n\t\t\t\t<\/div>\n\t\t\t\t\t<\/div>\n\t\t<\/div>\n\t\t\t\t<div class=\"elementor-column elementor-col-33 elementor-top-column elementor-element elementor-element-38cfec8\" data-id=\"38cfec8\" data-element_type=\"column\" data-e-type=\"column\" data-settings=\"{&quot;background_background&quot;:&quot;classic&quot;}\">\n\t\t\t<div class=\"elementor-widget-wrap elementor-element-populated\">\n\t\t\t\t\t\t<div class=\"elementor-element elementor-element-392fa36 elementor-widget elementor-widget-html\" data-id=\"392fa36\" data-element_type=\"widget\" data-e-type=\"widget\" data-widget_type=\"html.default\">\n\t\t\t\t<div class=\"elementor-widget-container\">\n\t\t\t\t\t<article class=\"vcard\" onclick=\"window.open('https:\/\/trailforthjournal.com\/es\/reservar\/traslados-aeropuerto-guayaquil-shuttle\/', '_blank')\">\r\n  <div class=\"vcard-img\">\r\n    <img data-recalc-dims=\"1\" decoding=\"async\" src=\"https:\/\/i0.wp.com\/trailforthjournal.com\/es\/wp-content\/uploads\/sites\/4\/2026\/01\/traslado-guayaquil-aeropuerto-cuenca.png?w=1032&#038;ssl=1\" \r\n         alt=\"Traslado Privado de Guayaquil a Monta\u00f1ita u Ol\u00f3n\" loading=\"lazy\">\r\n    <div class=\"vcard-badge\">Costa - Andes<\/div>\r\n    <div class=\"vcard-cancel\">\r\n      <span class=\"vcard-cancel-dot\"><\/span>\r\n      Disponibilidad 24\/7\r\n    <\/div>\r\n    <button class=\"vcard-save\" onclick=\"event.stopPropagation(); this.style.color='#c0392b';\" title=\"Guardar\">\u2661<\/button>\r\n  <\/div>\r\n\r\n  <div class=\"vcard-body\">\r\n    <div class=\"vcard-eyebrow\">Log\u00edstica \u00b7 Costa Ecuatoriana<\/div>\r\n    <h3 class=\"vcard-title\">Traslado Guayaquil - Cuenca: Viaje sin estr\u00e9s.<\/h3>\r\n\r\n    <div class=\"vcard-meta\">\r\n      <div class=\"vcard-meta-item\">\r\n        <span class=\"vcard-meta-label\">Duraci\u00f3n<\/span>\r\n        <span class=\"vcard-meta-val\">~4 Horas<\/span>\r\n      <\/div>\r\n      <div class=\"vcard-meta-item\">\r\n        <span class=\"vcard-meta-label\">Capacidad<\/span>\r\n        <span class=\"vcard-meta-val\">1\u20136 Pers.<\/span>\r\n      <\/div>\r\n      <div class=\"vcard-meta-item\">\r\n        <span class=\"vcard-meta-label\">Ruta<\/span>\r\n        <span class=\"vcard-meta-val\">V\u00eda El Cajas<\/span>\r\n      <\/div>\r\n    <\/div>\r\n\r\n    <div class=\"vcard-includes\">\r\n      <span class=\"vcard-pill\">Rastreo de Vuelo<\/span>\r\n      <span class=\"vcard-pill\">Espacio Equipaje<\/span>\r\n      <span class=\"vcard-pill\">Chofer Privado<\/span>\r\n      <span class=\"vcard-pill\">Puerta a Puerta<\/span>\r\n    <\/div>\r\n\r\n    <div class=\"vcard-rating\">\r\n      <span class=\"vcard-stars\">\u2605\u2605\u2605\u2605\u2605<\/span>\r\n      <span class=\"vcard-rating-num\">5.0<\/span>\r\n      <span class=\"vcard-rating-sub\">\u00b7 Servicio Puerta a Puerta<\/span>\r\n    <\/div>\r\n\r\n    <div class=\"vcard-footer\">\r\n      <div>\r\n        <div class=\"vcard-price-label\">Desde<\/div>\r\n        <div>\r\n          <span class=\"vcard-price\">$160<\/span>\r\n          <span class=\"vcard-price-per\">\/ trayecto<\/span>\r\n        <\/div>\r\n      <\/div>\r\n      <a href=\"https:\/\/trailforthjournal.com\/es\/reservar\/traslados-aeropuerto-guayaquil-shuttle\/\"\r\n         target=\"_blank\" rel=\"noopener\" class=\"vcard-btn\"\r\n         onclick=\"event.stopPropagation();\">\r\n        Reservar\r\n      <\/a>\r\n    <\/div>\r\n  <\/div>\r\n<\/article>\t\t\t\t<\/div>\n\t\t\t\t<\/div>\n\t\t\t\t\t<\/div>\n\t\t<\/div>\n\t\t\t\t<div class=\"elementor-column elementor-col-33 elementor-top-column elementor-element elementor-element-7540b14\" data-id=\"7540b14\" data-element_type=\"column\" data-e-type=\"column\" data-settings=\"{&quot;background_background&quot;:&quot;classic&quot;}\">\n\t\t\t<div class=\"elementor-widget-wrap elementor-element-populated\">\n\t\t\t\t\t\t<div class=\"elementor-element elementor-element-da4c1ab elementor-widget elementor-widget-html\" data-id=\"da4c1ab\" data-element_type=\"widget\" data-e-type=\"widget\" data-widget_type=\"html.default\">\n\t\t\t\t<div class=\"elementor-widget-container\">\n\t\t\t\t\t<article class=\"vcard\" onclick=\"window.open('https:\/\/trailforthjournal.com\/es\/reservar\/traslados-aeropuerto-guayaquil-shuttle\/', '_blank')\">\r\n  <div class=\"vcard-img\">\r\n    <img data-recalc-dims=\"1\" decoding=\"async\" src=\"https:\/\/i0.wp.com\/trailforthjournal.com\/es\/wp-content\/uploads\/sites\/4\/2026\/01\/traslado-guayaquil-olon-montanita-.png?w=1032&#038;ssl=1\" \r\n         alt=\"Traslado Privado de Guayaquil a Monta\u00f1ita u Ol\u00f3n\" loading=\"lazy\">\r\n    <div class=\"vcard-badge\">Ruta del Spondylus<\/div>\r\n    <div class=\"vcard-cancel\">\r\n      <span class=\"vcard-cancel-dot\"><\/span>\r\n      Disponibilidad 24\/7\r\n    <\/div>\r\n    <button class=\"vcard-save\" onclick=\"event.stopPropagation(); this.style.color='#c0392b';\" title=\"Guardar\">\u2661<\/button>\r\n  <\/div>\r\n\r\n  <div class=\"vcard-body\">\r\n    <div class=\"vcard-eyebrow\">Log\u00edstica \u00b7 Costa Ecuatoriana<\/div>\r\n    <h3 class=\"vcard-title\">Traslado Guayaquil - Monta\u00f1ita \/ Ol\u00f3n: Viaje sin Estr\u00e9s<\/h3>\r\n\r\n    <div class=\"vcard-meta\">\r\n      <div class=\"vcard-meta-item\">\r\n        <span class=\"vcard-meta-label\">Duraci\u00f3n<\/span>\r\n        <span class=\"vcard-meta-val\">~2.45 Horas<\/span>\r\n      <\/div>\r\n      <div class=\"vcard-meta-item\">\r\n        <span class=\"vcard-meta-label\">Capacidad<\/span>\r\n        <span class=\"vcard-meta-val\">1\u20136 Pers.<\/span>\r\n      <\/div>\r\n      <div class=\"vcard-meta-item\">\r\n        <span class=\"vcard-meta-label\">Ruta<\/span>\r\n        <span class=\"vcard-meta-val\">Playa<\/span>\r\n      <\/div>\r\n    <\/div>\r\n\r\n    <div class=\"vcard-includes\">\r\n      <span class=\"vcard-pill\">Rastreo de Vuelo<\/span>\r\n      <span class=\"vcard-pill\">Espacio Equipaje<\/span>\r\n      <span class=\"vcard-pill\">Chofer Privado<\/span>\r\n      <span class=\"vcard-pill\">Directo al Hotel<\/span>\r\n    <\/div>\r\n\r\n    <div class=\"vcard-rating\">\r\n      <span class=\"vcard-stars\">\u2605\u2605\u2605\u2605\u2605<\/span>\r\n      <span class=\"vcard-rating-num\">5.0<\/span>\r\n      <span class=\"vcard-rating-sub\">\u00b7 Servicio Puerta a Puerta<\/span>\r\n    <\/div>\r\n\r\n    <div class=\"vcard-footer\">\r\n      <div>\r\n        <div class=\"vcard-price-label\">Desde<\/div>\r\n        <div>\r\n          <span class=\"vcard-price\">$130<\/span>\r\n          <span class=\"vcard-price-per\">\/ trayecto<\/span>\r\n        <\/div>\r\n      <\/div>\r\n      <a href=\"https:\/\/trailforthjournal.com\/es\/reservar\/traslados-aeropuerto-guayaquil-shuttle\/\"\r\n         target=\"_blank\" rel=\"noopener\" class=\"vcard-btn\"\r\n         onclick=\"event.stopPropagation();\">\r\n        Reservar\r\n      <\/a>\r\n    <\/div>\r\n  <\/div>\r\n<\/article>\t\t\t\t<\/div>\n\t\t\t\t<\/div>\n\t\t\t\t\t<\/div>\n\t\t<\/div>\n\t\t\t\t\t<\/div>\n\t\t<\/section>\n\t\t\t\t<section class=\"elementor-section elementor-top-section elementor-element elementor-element-a4ce375 elementor-section-boxed elementor-section-height-default elementor-section-height-default wpr-particle-no wpr-jarallax-no wpr-parallax-no wpr-sticky-section-no wpr-equal-height-no\" data-id=\"a4ce375\" data-element_type=\"section\" data-e-type=\"section\">\n\t\t\t\t\t\t<div class=\"elementor-container elementor-column-gap-default\">\n\t\t\t\t\t<div class=\"elementor-column elementor-col-100 elementor-top-column elementor-element elementor-element-0ac1ebd\" data-id=\"0ac1ebd\" data-element_type=\"column\" data-e-type=\"column\" data-settings=\"{&quot;background_background&quot;:&quot;classic&quot;}\">\n\t\t\t<div class=\"elementor-widget-wrap elementor-element-populated\">\n\t\t\t\t\t\t<div class=\"elementor-element elementor-element-bb067cb elementor-widget elementor-widget-html\" data-id=\"bb067cb\" data-element_type=\"widget\" data-e-type=\"widget\" data-widget_type=\"html.default\">\n\t\t\t\t<div class=\"elementor-widget-container\">\n\t\t\t\t\t<link href=\"https:\/\/fonts.googleapis.com\/css2?family=Poppins:wght@300;600;800&display=swap\" rel=\"stylesheet\">\r\n<link rel=\"stylesheet\" href=\"https:\/\/cdnjs.cloudflare.com\/ajax\/libs\/font-awesome\/5.15.4\/css\/all.min.css\">\r\n\r\n<div class=\"tf-seamless-banner\">\r\n    <div class=\"tf-banner-grid\">\r\n        <div class=\"tf-brand-info\">\r\n            <span class=\"tf-pre\">Official Experience by<\/span>\r\n            <h2 class=\"tf-main-brand\">Trail Forth <span class=\"tf-light\">Tours & Activities<\/span><\/h2>\r\n            <span class=\"tf-tagline\">The Experience Collection<\/span>\r\n        <\/div>\r\n\r\n        <div class=\"tf-benefits\">\r\n            <div class=\"tf-benefit-item\">\r\n                <i class=\"fas fa-award\"><\/i>\r\n                <div class=\"tf-text-stack\">\r\n                    <span class=\"tf-label\">Best Price<\/span>\r\n                    <span class=\"tf-value\">Guaranteed<\/span>\r\n                <\/div>\r\n            <\/div>\r\n            \r\n            <div class=\"tf-benefit-item\">\r\n                <i class=\"fas fa-headset\"><\/i>\r\n                <div class=\"tf-text-stack\">\r\n                    <span class=\"tf-label\">24\/7 Local<\/span>\r\n                    <span class=\"tf-value\">Support<\/span>\r\n                <\/div>\r\n            <\/div>\r\n            \r\n            <div class=\"tf-benefit-item\">\r\n                <i class=\"fas fa-calendar-check\"><\/i>\r\n                <div class=\"tf-text-stack\">\r\n                    <span class=\"tf-label\">Flexible<\/span>\r\n                    <span class=\"tf-value\">Booking<\/span>\r\n                <\/div>\r\n            <\/div>\r\n        <\/div>\r\n    <\/div>\r\n<\/div>\r\n\r\n<style>\r\n\/* Contenedor Principal *\/\r\n.tf-seamless-banner {\r\n    background-color: #1a1a1a;\r\n    color: #ffffff;\r\n    width: 100%;\r\n    margin: 0 !important;\r\n    padding: 25px 5%;\r\n    font-family: 'Poppins', sans-serif !important;\r\n    border-bottom: 4px solid #ffcc00;\r\n    box-sizing: border-box;\r\n}\r\n\r\n.tf-banner-grid {\r\n    display: flex;\r\n    justify-content: space-between;\r\n    align-items: center;\r\n    max-width: 1200px;\r\n    margin: 0 auto;\r\n}\r\n\r\n\/* Tipograf\u00eda de Marca (Mismos tama\u00f1os y pesos) *\/\r\n.tf-pre {\r\n    font-family: 'Poppins', sans-serif !important;\r\n    font-size: 10px;\r\n    text-transform: uppercase;\r\n    letter-spacing: 2.5px;\r\n    color: #ffcc00;\r\n    font-weight: 600;\r\n    display: block;\r\n    margin-bottom: 2px;\r\n}\r\n\r\n.tf-main-brand {\r\n    font-family: 'Poppins', sans-serif !important;\r\n    font-size: 26px !important;\r\n    font-weight: 600 !important;\r\n    margin: 0 !important;\r\n    color: #fff !important;\r\n    line-height: 1;\r\n    letter-spacing: -0.5px;\r\n}\r\n\r\n.tf-light {\r\n    font-weight: 300 !important;\r\n    opacity: 0.9;\r\n}\r\n\r\n\/* El nuevo Slogan (Opci\u00f3n 1) manteniendo estilo *\/\r\n.tf-tagline {\r\n    display: block;\r\n    font-family: 'Poppins', sans-serif !important;\r\n    font-size: 10px;\r\n    text-transform: uppercase;\r\n    letter-spacing: 4px;\r\n    color: #ffcc00;\r\n    font-weight: 300;\r\n    margin-top: 6px;\r\n    opacity: 0.9;\r\n}\r\n\r\n\/* Contenedor de Beneficios *\/\r\n.tf-benefits {\r\n    display: flex;\r\n    gap: 40px;\r\n}\r\n\r\n.tf-benefit-item {\r\n    display: flex;\r\n    align-items: center;\r\n    gap: 12px;\r\n}\r\n\r\n.tf-benefit-item i {\r\n    font-size: 20px;\r\n    color: #ffcc00;\r\n}\r\n\r\n.tf-text-stack {\r\n    display: flex;\r\n    flex-direction: column;\r\n}\r\n\r\n.tf-label {\r\n    font-family: 'Poppins', sans-serif !important;\r\n    font-size: 11px;\r\n    font-weight: 300;\r\n    text-transform: uppercase;\r\n    letter-spacing: 0.5px;\r\n    color: #bbb;\r\n    line-height: 1.2;\r\n}\r\n\r\n.tf-value {\r\n    font-family: 'Poppins', sans-serif !important;\r\n    font-size: 13px;\r\n    font-weight: 600;\r\n    color: #fff;\r\n    line-height: 1.2;\r\n}\r\n\r\n\/* Responsivo para m\u00f3viles *\/\r\n@media (max-width: 950px) {\r\n    .tf-banner-grid {\r\n        flex-direction: column;\r\n        text-align: center;\r\n        gap: 30px;\r\n    }\r\n    .tf-benefits {\r\n        flex-wrap: wrap;\r\n        justify-content: center;\r\n        gap: 20px;\r\n    }\r\n    .tf-benefit-item {\r\n        flex-direction: column;\r\n        text-align: center;\r\n        width: 110px;\r\n    }\r\n}\r\n<\/style>\t\t\t\t<\/div>\n\t\t\t\t<\/div>\n\t\t\t\t\t<\/div>\n\t\t<\/div>\n\t\t\t\t\t<\/div>\n\t\t<\/section>\n\t\t\t\t<section class=\"elementor-section elementor-top-section elementor-element elementor-element-ef3b3ea elementor-section-boxed elementor-section-height-default elementor-section-height-default wpr-particle-no wpr-jarallax-no wpr-parallax-no wpr-sticky-section-no wpr-equal-height-no\" data-id=\"ef3b3ea\" data-element_type=\"section\" data-e-type=\"section\">\n\t\t\t\t\t\t<div class=\"elementor-container elementor-column-gap-default\">\n\t\t\t\t\t<div class=\"elementor-column elementor-col-100 elementor-top-column elementor-element elementor-element-a0cbe03\" data-id=\"a0cbe03\" data-element_type=\"column\" data-e-type=\"column\">\n\t\t\t<div class=\"elementor-widget-wrap elementor-element-populated\">\n\t\t\t\t\t\t<div class=\"elementor-element elementor-element-93196d4 elementor-widget elementor-widget-html\" data-id=\"93196d4\" data-element_type=\"widget\" data-e-type=\"widget\" data-widget_type=\"html.default\">\n\t\t\t\t<div class=\"elementor-widget-container\">\n\t\t\t\t\t<style>\r\n    \/* Forzamos la carga de la fuente dentro del bloque de estilo *\/\r\n    @import url('https:\/\/fonts.googleapis.com\/css2?family=Material+Symbols+Outlined:opsz,wght,FILL,GRAD@20..48,100..700,0..1,-50..200');\r\n\r\n    .tf-row-services {\r\n        display: grid;\r\n        grid-template-columns: repeat(4, 1fr);\r\n        gap: 15px;\r\n        font-family: 'Poppins', sans-serif;\r\n        margin: 40px 0;\r\n    }\r\n\r\n    \/* Clase cr\u00edtica para que el texto se convierta en icono *\/\r\n    .material-symbols-outlined {\r\n        font-family: 'Material Symbols Outlined' !important; \/* Forzamos la familia de fuente *\/\r\n        font-weight: normal;\r\n        font-style: normal;\r\n        font-size: 42px;\r\n        line-height: 1;\r\n        letter-spacing: normal;\r\n        text-transform: none;\r\n        display: inline-block;\r\n        white-space: nowrap;\r\n        word-wrap: normal;\r\n        direction: ltr;\r\n        -webkit-font-feature-settings: 'liga';\r\n        -webkit-font-smoothing: antialiased;\r\n        color: #024F87;\r\n        margin-bottom: 18px;\r\n    }\r\n\r\n    .tf-col-item {\r\n        background: #ffffff;\r\n        border: 1px solid #e1e8ed;\r\n        border-radius: 12px;\r\n        padding: 30px 15px;\r\n        text-align: center;\r\n        transition: all 0.4s ease;\r\n        display: flex;\r\n        flex-direction: column;\r\n        align-items: center;\r\n        height: 100%;\r\n    }\r\n\r\n    .tf-col-item:hover {\r\n        transform: translateY(-8px);\r\n        box-shadow: 0 15px 35px rgba(2, 79, 135, 0.1);\r\n        border-color: #024F87;\r\n    }\r\n\r\n    .tf-col-title {\r\n        font-size: 16px;\r\n        font-weight: 700;\r\n        color: #1a1a1a;\r\n        margin: 0 0 12px 0;\r\n        line-height: 1.2;\r\n        min-height: 40px;\r\n        display: flex;\r\n        align-items: center;\r\n        justify-content: center;\r\n    }\r\n\r\n    .tf-col-desc {\r\n        font-size: 13px;\r\n        color: #546e7a;\r\n        line-height: 1.5;\r\n        margin: 0;\r\n    }\r\n\r\n    @media (max-width: 991px) { .tf-row-services { grid-template-columns: repeat(2, 1fr); } }\r\n    @media (max-width: 600px) { .tf-row-services { grid-template-columns: 1fr; } }\r\n<\/style>\r\n\r\n<div class=\"tf-row-services\">\r\n    <div class=\"tf-col-item\">\r\n        <span class=\"material-symbols-outlined\">things_to_do<\/span>\r\n        <h3 class=\"tf-col-title\">Tours Privados en Guayaquil<\/h3>\r\n        <p class=\"tf-col-desc\">Confort y exclusividad recorriendo los puntos hist\u00f3ricos m\u00e1s ic\u00f3nicos.<\/p>\r\n    <\/div>\r\n    <div class=\"tf-col-item\">\r\n        <span class=\"material-symbols-outlined\">photo_camera<\/span>\r\n        <h3 class=\"tf-col-title\">Walking Tours Guayaquil<\/h3>\r\n        <p class=\"tf-col-desc\">La esencia local a pie: Barrio Las Pe\u00f1as, el Faro y el Centro Hist\u00f3rico.<\/p>\r\n    <\/div>\r\n    <div class=\"tf-col-item\">\r\n        <span class=\"material-symbols-outlined\">airport_shuttle<\/span>\r\n        <h3 class=\"tf-col-title\">Traslados Aeropuerto (GYE)<\/h3>\r\n        <p class=\"tf-col-desc\">Transporte seguro y puntual directo a tu hotel. Sin esperas, sin estr\u00e9s.<\/p>\r\n    <\/div>\r\n    <div class=\"tf-col-item\">\r\n        <span class=\"material-symbols-outlined\">signpost<\/span>\r\n        <h3 class=\"tf-col-title\">Tours Personalizados<\/h3>\r\n        <p class=\"tf-col-desc\">Dise\u00f1amos itinerarios a medida seg\u00fan tus intereses y tiempo disponible.<\/p>\r\n    <\/div>\r\n<\/div>\t\t\t\t<\/div>\n\t\t\t\t<\/div>\n\t\t\t\t\t<\/div>\n\t\t<\/div>\n\t\t\t\t\t<\/div>\n\t\t<\/section>\n\t\t\t\t<section class=\"elementor-section elementor-top-section elementor-element elementor-element-7fb8359 elementor-section-boxed elementor-section-height-default elementor-section-height-default wpr-particle-no wpr-jarallax-no wpr-parallax-no wpr-sticky-section-no wpr-equal-height-no\" data-id=\"7fb8359\" data-element_type=\"section\" data-e-type=\"section\">\n\t\t\t\t\t\t<div class=\"elementor-container elementor-column-gap-default\">\n\t\t\t\t\t<div class=\"elementor-column elementor-col-100 elementor-top-column elementor-element elementor-element-417fac1\" data-id=\"417fac1\" data-element_type=\"column\" data-e-type=\"column\">\n\t\t\t<div class=\"elementor-widget-wrap elementor-element-populated\">\n\t\t\t\t\t\t<div class=\"elementor-element elementor-element-f02858a elementor-widget elementor-widget-html\" data-id=\"f02858a\" data-element_type=\"widget\" data-e-type=\"widget\" data-widget_type=\"html.default\">\n\t\t\t\t<div class=\"elementor-widget-container\">\n\t\t\t\t\t<style>\n  :root {\n    --primary-color: #002347; \/* Navy elegante *\/\n    --accent-color: #c5a059;  \/* Dorado suave *\/\n    --text-color: #333333;\n    --bg-light: #f9f9f9;\n  }\n\n  .faq-container {\n    max-width: 800px;\n    margin: 40px auto;\n    font-family: 'Poppins', sans-serif;\n    color: var(--text-color);\n  }\n\n  .faq-title {\n    text-align: center;\n    font-family: 'Montserrat', sans-serif;\n    font-weight: 700;\n    text-transform: uppercase;\n    letter-spacing: 2px;\n    color: var(--primary-color);\n    margin-bottom: 40px;\n    font-size: 1.8rem;\n  }\n\n  \/* Estilo del Acorde\u00f3n *\/\n  .faq-item {\n    border-bottom: 1px solid #e0e0e0;\n    margin-bottom: 10px;\n  }\n\n  .faq-item input[type=\"checkbox\"] {\n    display: none;\n  }\n\n  .faq-question {\n    display: flex;\n    justify-content: space-between;\n    align-items: center;\n    padding: 20px 10px;\n    cursor: pointer;\n    font-weight: 500;\n    font-size: 1.1rem;\n    transition: color 0.3s ease;\n  }\n\n  .faq-question:hover {\n    color: var(--accent-color);\n  }\n\n  .faq-question::after {\n    content: '\\002B'; \/* Signo + *\/\n    font-size: 1.5rem;\n    color: var(--accent-color);\n    transition: transform 0.4s ease;\n  }\n\n  .faq-answer {\n    max-height: 0;\n    overflow: hidden;\n    transition: max-height 0.4s cubic-bezier(0, 1, 0, 1);\n    background-color: var(--bg-light);\n    border-radius: 4px;\n  }\n\n  .faq-answer p {\n    padding: 20px;\n    line-height: 1.7;\n    font-size: 1rem;\n    margin: 0;\n    color: #555;\n  }\n\n  \/* L\u00f3gica de apertura *\/\n  .faq-item input[type=\"checkbox\"]:checked ~ .faq-answer {\n    max-height: 500px;\n    transition: max-height 0.4s cubic-bezier(1, 0, 1, 0);\n  }\n\n  .faq-item input[type=\"checkbox\"]:checked ~ .faq-question::after {\n    transform: rotate(45deg); \/* Se convierte en X *\/\n  }\n<\/style>\n\n<div class=\"faq-container\">\n  <h2 class=\"faq-title\">Preguntas Frecuentes<\/h2>\n\n  <div class=\"faq-item\">\n    <input type=\"checkbox\" id=\"faq-1\">\n    <label class=\"faq-question\" for=\"faq-1\">\u00bfCu\u00e1les son los mejores tours en Guayaquil?<\/label>\n    <div class=\"faq-answer\">\n      <p>Los mejores tours en Guayaquil incluyen recorridos por el Malec\u00f3n 2000, Las Pe\u00f1as y el Cerro Santa Ana, adem\u00e1s de experiencias culturales, gastron\u00f3micas y tours privados con gu\u00edas locales.<\/p>\n    <\/div>\n  <\/div>\n\n  <div class=\"faq-item\">\n    <input type=\"checkbox\" id=\"faq-2\">\n    <label class=\"faq-question\" for=\"faq-2\">\u00bfCu\u00e1nto cuesta un tour en Guayaquil?<\/label>\n    <div class=\"faq-answer\">\n      <p>El precio var\u00eda seg\u00fan la duraci\u00f3n y el servicio. Ofrecemos desde city tours esenciales hasta experiencias premium y tours privados adaptados a tu presupuesto y expectativas.<\/p>\n    <\/div>\n  <\/div>\n\n  <div class=\"faq-item\">\n    <input type=\"checkbox\" id=\"faq-3\">\n    <label class=\"faq-question\" for=\"faq-3\">\u00bfSe pueden reservar tours en Guayaquil el mismo d\u00eda?<\/label>\n    <div class=\"faq-answer\">\n      <p>S\u00ed, contamos con opciones de confirmaci\u00f3n inmediata para actividades urbanas. Recomendamos contactarnos por WhatsApp para gestionar disponibilidad de \u00faltimo minuto para \"hoy\".<\/p>\n    <\/div>\n  <\/div>\n\n  <div class=\"faq-item\">\n    <input type=\"checkbox\" id=\"faq-4\">\n    <label class=\"faq-question\" for=\"faq-4\">\u00bfQu\u00e9 incluyen los tours en Guayaquil?<\/label>\n    <div class=\"faq-answer\">\n      <p>Nuestros servicios suelen incluir gu\u00eda profesional biling\u00fce, transporte privado (seg\u00fan el tour) y una curadur\u00eda de sitios hist\u00f3ricos. Los detalles espec\u00edficos est\u00e1n en cada ficha de actividad.<\/p>\n    <\/div>\n  <\/div>\n\n  <div class=\"faq-item\">\n    <input type=\"checkbox\" id=\"faq-5\">\n    <label class=\"faq-question\" for=\"faq-5\">\u00bfHay tours privados en Guayaquil?<\/label>\n    <div class=\"faq-answer\">\n      <p>Absolutamente. Nos especializamos en tours privados dise\u00f1ados para quienes buscan seguridad, flexibilidad de horarios y una atenci\u00f3n personalizada de alto nivel.<\/p>\n    <\/div>\n  <\/div>\n\n  <div class=\"faq-item\">\n    <input type=\"checkbox\" id=\"faq-6\">\n    <label class=\"faq-question\" for=\"faq-6\">\u00bfQu\u00e9 tours hacer en Guayaquil en un d\u00eda?<\/label>\n    <div class=\"faq-answer\">\n      <p>Para una escala de un d\u00eda, recomendamos el \"City Tour Integral\" que cubre el Malec\u00f3n, el centro hist\u00f3rico y el cerro, optimizando el tiempo para capturar la esencia de la ciudad.<\/p>\n    <\/div>\n  <\/div>\n<\/div>\n\t\t\t\t<\/div>\n\t\t\t\t<\/div>\n\t\t\t\t\t<\/div>\n\t\t<\/div>\n\t\t\t\t\t<\/div>\n\t\t<\/section>\n\t\t\t\t<section class=\"elementor-section elementor-top-section elementor-element elementor-element-ceb5ce1 elementor-section-boxed elementor-section-height-default elementor-section-height-default wpr-particle-no wpr-jarallax-no wpr-parallax-no wpr-sticky-section-no wpr-equal-height-no\" data-id=\"ceb5ce1\" data-element_type=\"section\" data-e-type=\"section\">\n\t\t\t\t\t\t<div class=\"elementor-container elementor-column-gap-default\">\n\t\t\t\t\t<div class=\"elementor-column elementor-col-100 elementor-top-column elementor-element elementor-element-361a8f4\" data-id=\"361a8f4\" data-element_type=\"column\" data-e-type=\"column\">\n\t\t\t<div class=\"elementor-widget-wrap elementor-element-populated\">\n\t\t\t\t\t\t<div class=\"elementor-element elementor-element-1e4efb7 elementor-widget elementor-widget-spacer\" data-id=\"1e4efb7\" data-element_type=\"widget\" data-e-type=\"widget\" data-widget_type=\"spacer.default\">\n\t\t\t\t<div class=\"elementor-widget-container\">\n\t\t\t\t\t\t\t<div class=\"elementor-spacer\">\n\t\t\t<div class=\"elementor-spacer-inner\"><\/div>\n\t\t<\/div>\n\t\t\t\t\t\t<\/div>\n\t\t\t\t<\/div>\n\t\t\t\t\t<\/div>\n\t\t<\/div>\n\t\t\t\t\t<\/div>\n\t\t<\/section>\n\t\t\t\t<section class=\"elementor-section elementor-top-section elementor-element elementor-element-f9fa713 elementor-section-boxed elementor-section-height-default elementor-section-height-default wpr-particle-no wpr-jarallax-no wpr-parallax-no wpr-sticky-section-no wpr-equal-height-no\" data-id=\"f9fa713\" data-element_type=\"section\" data-e-type=\"section\">\n\t\t\t\t\t\t<div class=\"elementor-container elementor-column-gap-default\">\n\t\t\t\t\t<div class=\"elementor-column elementor-col-100 elementor-top-column elementor-element elementor-element-bb72649\" data-id=\"bb72649\" data-element_type=\"column\" data-e-type=\"column\" data-settings=\"{&quot;background_background&quot;:&quot;classic&quot;}\">\n\t\t\t<div class=\"elementor-widget-wrap elementor-element-populated\">\n\t\t\t\t\t\t<div class=\"elementor-element elementor-element-2637a95 elementor-align-end elementor-icon-list--layout-inline elementor-list-item-link-full_width elementor-widget elementor-widget-icon-list\" data-id=\"2637a95\" data-element_type=\"widget\" data-e-type=\"widget\" data-widget_type=\"icon-list.default\">\n\t\t\t\t<div class=\"elementor-widget-container\">\n\t\t\t\t\t\t\t<ul class=\"elementor-icon-list-items elementor-inline-items\">\n\t\t\t\t\t\t\t<li class=\"elementor-icon-list-item elementor-inline-item\">\n\t\t\t\t\t\t\t\t\t\t\t<a href=\"https:\/\/www.instagram.com\/trailforth\/\" target=\"_blank\">\n\n\t\t\t\t\t\t\t\t\t\t\t\t<span class=\"elementor-icon-list-icon\">\n\t\t\t\t\t\t\t<i aria-hidden=\"true\" class=\"fab fa-instagram\"><\/i>\t\t\t\t\t\t<\/span>\n\t\t\t\t\t\t\t\t\t\t<span class=\"elementor-icon-list-text\">trailforth <\/span>\n\t\t\t\t\t\t\t\t\t\t\t<\/a>\n\t\t\t\t\t\t\t\t\t<\/li>\n\t\t\t\t\t\t<\/ul>\n\t\t\t\t\t\t<\/div>\n\t\t\t\t<\/div>\n\t\t\t\t<div class=\"elementor-element elementor-element-71627bf elementor-widget elementor-widget-text-editor\" data-id=\"71627bf\" data-element_type=\"widget\" data-e-type=\"widget\" data-widget_type=\"text-editor.default\">\n\t\t\t\t<div class=\"elementor-widget-container\">\n\t\t\t\t\t\t\t\t\t<p>Aeropuerto de Guayaquil<\/p>\t\t\t\t\t\t\t\t<\/div>\n\t\t\t\t<\/div>\n\t\t\t\t\t<\/div>\n\t\t<\/div>\n\t\t\t\t\t<\/div>\n\t\t<\/section>\n\t\t\t\t<section class=\"elementor-section elementor-top-section elementor-element elementor-element-b91a565 elementor-section-boxed elementor-section-height-default elementor-section-height-default wpr-particle-no wpr-jarallax-no wpr-parallax-no wpr-sticky-section-no wpr-equal-height-no\" data-id=\"b91a565\" data-element_type=\"section\" data-e-type=\"section\">\n\t\t\t\t\t\t<div class=\"elementor-container elementor-column-gap-default\">\n\t\t\t\t\t<div class=\"elementor-column elementor-col-100 elementor-top-column elementor-element elementor-element-8b6b0ec\" data-id=\"8b6b0ec\" data-element_type=\"column\" data-e-type=\"column\">\n\t\t\t<div class=\"elementor-widget-wrap elementor-element-populated\">\n\t\t\t\t\t\t<div class=\"elementor-element elementor-element-7a5cc86 elementor-widget elementor-widget-spacer\" data-id=\"7a5cc86\" data-element_type=\"widget\" data-e-type=\"widget\" data-widget_type=\"spacer.default\">\n\t\t\t\t<div class=\"elementor-widget-container\">\n\t\t\t\t\t\t\t<div class=\"elementor-spacer\">\n\t\t\t<div class=\"elementor-spacer-inner\"><\/div>\n\t\t<\/div>\n\t\t\t\t\t\t<\/div>\n\t\t\t\t<\/div>\n\t\t\t\t\t<\/div>\n\t\t<\/div>\n\t\t\t\t\t<\/div>\n\t\t<\/section>\n\t\t\t\t<section class=\"elementor-section elementor-top-section elementor-element elementor-element-c150adc elementor-section-boxed elementor-section-height-default elementor-section-height-default wpr-particle-no wpr-jarallax-no wpr-parallax-no wpr-sticky-section-no wpr-equal-height-no\" data-id=\"c150adc\" data-element_type=\"section\" data-e-type=\"section\">\n\t\t\t\t\t\t<div class=\"elementor-container elementor-column-gap-default\">\n\t\t\t\t\t<div class=\"elementor-column elementor-col-100 elementor-top-column elementor-element elementor-element-5882165\" data-id=\"5882165\" data-element_type=\"column\" data-e-type=\"column\">\n\t\t\t<div class=\"elementor-widget-wrap elementor-element-populated\">\n\t\t\t\t\t\t<div class=\"elementor-element elementor-element-a2cedbc elementor-widget elementor-widget-html\" data-id=\"a2cedbc\" data-element_type=\"widget\" data-e-type=\"widget\" data-widget_type=\"html.default\">\n\t\t\t\t<div class=\"elementor-widget-container\">\n\t\t\t\t\t<script type=\"application\/ld+json\">\n{\n  \"@context\": \"https:\/\/schema.org\",\n  \"@graph\": [\n    {\n      \"@type\": \"TravelAgency\",\n      \"@id\": \"https:\/\/trailforthjournal.com\/#organization\",\n      \"name\": \"Trail Forth Tours & Activities\",\n      \"url\": \"https:\/\/trailforthjournal.com\/\",\n      \"logo\": {\n        \"@type\": \"ImageObject\",\n        \"url\": \"https:\/\/trailforthjournal.com\/wp-content\/uploads\/logo.png\",\n        \"width\": \"600\",\n        \"height\": \"60\"\n      },\n      \"sameAs\": [\n        \"https:\/\/www.instagram.com\/trailforth\/\",\n        \"https:\/\/www.instagram.com\/guialocalguayaquil\/\"\n      ],\n      \"description\": \"Agencia especializada en experiencias guiadas y recorridos personalizados de alta gama en Guayaquil.\",\n      \"telephone\": \"+5939XXXXXXXX\", \n      \"priceRange\": \"$$ - $$$\",\n      \"openingHours\": \"Mo-Su 08:00-20:00\",\n      \"address\": {\n        \"@type\": \"PostalAddress\",\n        \"streetAddress\": \"Direcci\u00f3n f\u00edsica o sector si la tienes\",\n        \"addressLocality\": \"Guayaquil\",\n        \"addressRegion\": \"Guayas\",\n        \"addressCountry\": \"EC\"\n      },\n      \"hasOfferCatalog\": {\n        \"@type\": \"OfferCatalog\",\n        \"name\": \"Cat\u00e1logo de Tours y Traslados Guayaquil 2026\",\n        \"itemListElement\": [\n          {\n            \"@type\": \"ListItem\",\n            \"position\": 1,\n            \"item\": {\n              \"@type\": \"Service\",\n              \"name\": \"City Tour Guayaquil Privado\",\n              \"offers\": {\n                \"@type\": \"Offer\",\n                \"priceCurrency\": \"USD\",\n                \"availability\": \"https:\/\/schema.org\/InStock\"\n              }\n            }\n          },\n          {\n            \"@type\": \"ListItem\",\n            \"position\": 2,\n            \"item\": {\n              \"@type\": \"Service\",\n              \"name\": \"Tour Manglares Churute\",\n              \"offers\": {\n                \"@type\": \"Offer\",\n                \"priceCurrency\": \"USD\"\n              }\n            }\n          }\n        ]\n      }\n    },\n    {\n      \"@type\": \"WebPage\",\n      \"@id\": \"https:\/\/trailforthjournal.com\/es\/tours-y-traslados\/guayaquil\/#webpage\",\n      \"url\": \"https:\/\/trailforthjournal.com\/es\/tours-y-traslados\/guayaquil\/\",\n      \"name\": \"Tours y Traslados en Guayaquil 2026 | Experiencias y Transporte Privado\",\n      \"isPartOf\": { \"@id\": \"https:\/\/trailforthjournal.com\/#website\" },\n      \"primaryImageOfPage\": { \"@id\": \"https:\/\/trailforthjournal.com\/wp-content\/uploads\/guayaquil-tour.jpg\" },\n      \"breadcrumb\": {\n        \"@type\": \"BreadcrumbList\",\n        \"@id\": \"https:\/\/trailforthjournal.com\/es\/tours-y-traslados\/guayaquil\/#breadcrumb\",\n        \"itemListElement\": [\n          { \"@type\": \"ListItem\", \"position\": 1, \"name\": \"Inicio\", \"item\": \"https:\/\/trailforthjournal.com\/es\/\" },\n          { \"@type\": \"ListItem\", \"position\": 2, \"name\": \"Tours y Traslados\", \"item\": \"https:\/\/trailforthjournal.com\/es\/tours-y-traslados\/\" },\n          { \"@type\": \"ListItem\", \"position\": 3, \"name\": \"Guayaquil\" }\n        ]\n      }\n    }\n  ]\n}\n<\/script>\n\t\t\t\t<\/div>\n\t\t\t\t<\/div>\n\t\t\t\t\t<\/div>\n\t\t<\/div>\n\t\t\t\t\t<\/div>\n\t\t<\/section>\n\t\t\t\t<section class=\"elementor-section elementor-top-section elementor-element elementor-element-018098b elementor-section-boxed elementor-section-height-default elementor-section-height-default wpr-particle-no wpr-jarallax-no wpr-parallax-no wpr-sticky-section-no wpr-equal-height-no\" data-id=\"018098b\" data-element_type=\"section\" data-e-type=\"section\">\n\t\t\t\t\t\t<div class=\"elementor-container elementor-column-gap-default\">\n\t\t\t\t\t<div class=\"elementor-column elementor-col-100 elementor-top-column elementor-element elementor-element-a68c4d6\" data-id=\"a68c4d6\" data-element_type=\"column\" data-e-type=\"column\">\n\t\t\t<div class=\"elementor-widget-wrap elementor-element-populated\">\n\t\t\t\t\t\t<div class=\"elementor-element elementor-element-3597332 elementor-widget-divider--view-line elementor-widget elementor-widget-divider\" data-id=\"3597332\" data-element_type=\"widget\" data-e-type=\"widget\" data-widget_type=\"divider.default\">\n\t\t\t\t<div class=\"elementor-widget-container\">\n\t\t\t\t\t\t\t<div class=\"elementor-divider\">\n\t\t\t<span class=\"elementor-divider-separator\">\n\t\t\t\t\t\t<\/span>\n\t\t<\/div>\n\t\t\t\t\t\t<\/div>\n\t\t\t\t<\/div>\n\t\t\t\t<div class=\"elementor-element elementor-element-0d0504f animated-slow elementor-invisible elementor-widget elementor-widget-heading\" data-id=\"0d0504f\" data-element_type=\"widget\" data-e-type=\"widget\" data-settings=\"{&quot;_animation&quot;:&quot;fadeInUp&quot;}\" data-widget_type=\"heading.default\">\n\t\t\t\t<div class=\"elementor-widget-container\">\n\t\t\t\t\t<h5 class=\"elementor-heading-title elementor-size-default\">Trail Forth Journal<\/h5>\t\t\t\t<\/div>\n\t\t\t\t<\/div>\n\t\t\t\t\t<\/div>\n\t\t<\/div>\n\t\t\t\t\t<\/div>\n\t\t<\/section>\n\t\t\t\t<section class=\"elementor-section elementor-top-section elementor-element elementor-element-bccc0fd elementor-section-boxed elementor-section-height-default elementor-section-height-default wpr-particle-no wpr-jarallax-no wpr-parallax-no wpr-sticky-section-no wpr-equal-height-no\" data-id=\"bccc0fd\" data-element_type=\"section\" data-e-type=\"section\" data-settings=\"{&quot;background_background&quot;:&quot;classic&quot;}\">\n\t\t\t\t\t\t<div class=\"elementor-container elementor-column-gap-default\">\n\t\t\t\t\t<div class=\"elementor-column elementor-col-100 elementor-top-column elementor-element elementor-element-9fbb1cc\" data-id=\"9fbb1cc\" data-element_type=\"column\" data-e-type=\"column\">\n\t\t\t<div class=\"elementor-widget-wrap\">\n\t\t\t\t\t\t\t<\/div>\n\t\t<\/div>\n\t\t\t\t\t<\/div>\n\t\t<\/section>\n\t\t\t\t<section class=\"elementor-section elementor-top-section elementor-element elementor-element-51535c5 elementor-section-boxed elementor-section-height-default elementor-section-height-default wpr-particle-no wpr-jarallax-no wpr-parallax-no wpr-sticky-section-no wpr-equal-height-no\" data-id=\"51535c5\" data-element_type=\"section\" data-e-type=\"section\">\n\t\t\t\t\t\t<div class=\"elementor-container elementor-column-gap-default\">\n\t\t\t\t\t<div class=\"elementor-column elementor-col-100 elementor-top-column elementor-element elementor-element-a17b0ad\" data-id=\"a17b0ad\" data-element_type=\"column\" data-e-type=\"column\">\n\t\t\t<div class=\"elementor-widget-wrap elementor-element-populated\">\n\t\t\t\t\t\t<div class=\"elementor-element elementor-element-22953b6 elementor-widget elementor-widget-html\" data-id=\"22953b6\" data-element_type=\"widget\" data-e-type=\"widget\" data-widget_type=\"html.default\">\n\t\t\t\t<div class=\"elementor-widget-container\">\n\t\t\t\t\t<div class=\"tf-author-card\">\r\n    <div class=\"tf-card-inner\">\r\n        <div class=\"tf-author-profile\">\r\n            <div class=\"tf-avatar-container\">\r\n                <img data-recalc-dims=\"1\" decoding=\"async\" src=\"https:\/\/i0.wp.com\/trailforthjournal.com\/es\/wp-content\/uploads\/sites\/4\/2026\/02\/Editor-%C2%B7-Curador-de-rutas-y-experiencias.png?w=1032&#038;ssl=1\" alt=\"Jairo Cabrera\" class=\"tf-photo\">\r\n                <img decoding=\"async\" src=\"https:\/\/upload.wikimedia.org\/wikipedia\/commons\/e\/e8\/Flag_of_Ecuador.svg\" alt=\"Ecuador\" class=\"tf-flag-badge\">\r\n            <\/div>\r\n            <h3 class=\"tf-author-name\">Jairo Cabrera<\/h3>\r\n            <span class=\"tf-author-role\">Editor \u00b7 Curador de Rutas y Experiencias<\/span>\r\n        <\/div>\r\n\r\n        <div class=\"tf-author-content\">\r\n            <p class=\"tf-bio\">\r\n                \u201cTrail Forth Journal es un proyecto editorial independiente dedicado a documentar mapas, lugares, rutas y experiencias en todo el Ecuador, vistos desde una perspectiva local\u201d.\r\n            <\/p>\r\n            <p class=\"tf-support-text\">\r\n                 Si esta gu\u00eda te ayud\u00f3 a planificar tu viaje, no dudes en escribirme si tienes alguna pregunta. Tambi\u00e9n puedes apoyar este proyecto.\r\n            <\/p>\r\n            \r\n            <div class=\"tf-cta-group\">\r\n                <button class=\"tf-btn-primary\" onclick=\"toggleQueryPanel()\">\r\n                    <span>\ud83e\udded Ayuda para planificar mi viaje<\/span>\r\n                <\/button>\r\n                <button class=\"tf-btn-secondary\" onclick=\"toggleStep1()\">\r\n                    <span>\u2615 Apoyar a Trail Forth Journal<\/span>\r\n                <\/button>\r\n            <\/div>\r\n        <\/div>\r\n    <\/div>\r\n\r\n    <div id=\"queryPanel\" class=\"tf-sliding-panel\">\r\n        <div class=\"tf-panel-content-box\">\r\n            <h4>\u00bfC\u00f3mo puedo ayudarte?<\/h4>\r\n            <p style=\"font-size: 13px; color: #666; margin-bottom: 15px;\">Cu\u00e9ntame sobre tus fechas, dudas de alojamiento o transporte para ayudarte a planificar mejor.<\/p>\r\n            <textarea id=\"userQuery\" class=\"tf-query-textarea\" placeholder=\"Ej: Hola Jairo, estoy planeando visitar Guayaquil...\"><\/textarea>\r\n            <div class=\"tf-action-grid\">\r\n                <button onclick=\"sendViaWhatsApp()\" class=\"tf-btn-action wa\"><span>Enviar por WhatsApp<\/span><\/button>\r\n                <button onclick=\"sendViaEmail()\" class=\"tf-btn-action mail\"><span>Enviar por Correo<\/span><\/button>\r\n            <\/div>\r\n        <\/div>\r\n    <\/div>\r\n\r\n    <div id=\"stepConsent\" class=\"tf-sliding-panel\">\r\n        <div class=\"tf-panel-content-box\">\r\n            <p>Este apoyo es voluntario y ayuda a sostener este proyecto editorial independiente.<\/p>\r\n            <label class=\"tf-checkbox-label\">\r\n                <input type=\"checkbox\" id=\"consentCheckbox\" onchange=\"toggleContinueBtn()\">\r\n                <span>Entiendo que esta es una contribuci\u00f3n voluntaria.<\/span>\r\n            <\/label>\r\n            <button class=\"tf-policy-link-btn\" onclick=\"openModal()\">Ver pol\u00edtica de contribuciones.<\/button>\r\n            <button id=\"btnContinue\" class=\"tf-btn-continue\" disabled onclick=\"showQRCodes()\">Continuar<\/button>\r\n        <\/div>\r\n    <\/div>\r\n\r\n    <div id=\"stepQR\" class=\"tf-sliding-panel\" style=\"border-top: none;\">\r\n        <div class=\"tf-panel-content-box\">\r\n            <div class=\"tf-qr-wrapper\">\r\n                <div class=\"tf-qr-card\">\r\n                    <img data-recalc-dims=\"1\" decoding=\"async\" src=\"https:\/\/i0.wp.com\/trailforthjournal.com\/es\/wp-content\/uploads\/sites\/4\/2026\/02\/QR-deuna.jpg?w=1032&#038;ssl=1\" alt=\"QR Deuna\">\r\n                <\/div>\r\n                <div class=\"tf-qr-card\">\r\n                    <img data-recalc-dims=\"1\" decoding=\"async\" src=\"https:\/\/i0.wp.com\/trailforthjournal.com\/es\/wp-content\/uploads\/sites\/4\/2026\/02\/QR-Zelle.jpg?w=1032&#038;ssl=1\" alt=\"QR Zelle\">\r\n                <\/div>\r\n            <\/div>\r\n\r\n            <div class=\"tf-direct-links\">\r\n                <a href=\"https:\/\/paypal.me\/trailforth\" target=\"_blank\" class=\"tf-link-btn paypal\">\r\n                    <img decoding=\"async\" src=\"https:\/\/upload.wikimedia.org\/wikipedia\/commons\/b\/b5\/PayPal.svg\" alt=\"PayPal\"> Hacer una contribuci\u00f3n v\u00eda PayPal.\r\n                <\/a>\r\n                <a href=\"https:\/\/www.buymeacoffee.com\/trailforthjournal\" target=\"_blank\" class=\"tf-link-btn bmc\">\r\n                    <span>\u2615<\/span> Invitame un caf\u00e9 (Buy Me a Coffee)\r\n                <\/a>\r\n            <\/div>\r\n\r\n            <p class=\"tf-qr-footer\">\u201cTu apoyo voluntario nos permite seguir documentando y compartiendo lugares de Ecuador desde una visi\u00f3n local\u201d.<\/p>\r\n        <\/div>\r\n    <\/div>\r\n<\/div>\r\n\r\n<div id=\"policyModal\" class=\"tf-modal-overlay\">\r\n    <div class=\"tf-modal-content\">\r\n        <div class=\"tf-modal-header\">\r\n            <h4>Pol\u00edtica de Contribuciones<\/h4>\r\n            <button class=\"tf-close-modal\" onclick=\"closeModal()\">&times;<\/button>\r\n        <\/div>\r\n        <div class=\"tf-modal-body\">\r\n            <p>Las contribuciones son voluntarias y no reembolsables. Estos aportes ayudan directamente a financiar el trabajo de documentaci\u00f3n de Trail Forth Journal.<\/p>\r\n        <\/div>\r\n        <div class=\"tf-modal-footer\">\r\n            <button class=\"tf-btn-primary\" style=\"padding: 10px 40px; width: auto;\" onclick=\"closeModal()\">Entendido<\/button>\r\n        <\/div>\r\n    <\/div>\r\n<\/div>\r\n\r\n<style>\r\n    \/* El CSS se mantiene igual, solo aseg\u00farate de que est\u00e9 incluido *\/\r\n    @import url('https:\/\/fonts.googleapis.com\/css2?family=Inter:wght@400;500;700;800&display=swap');\r\n\r\n    :root {\r\n        --tf-blue-dark: #1E3A8A; \r\n        --tf-blue-main: #3F74E8;  \r\n        --tf-blue-light: #4580FF; \r\n        --tf-wa-green: #25D366;\r\n    }\r\n\r\n    .tf-author-card {\r\n        max-width: 900px;\r\n        margin: 40px auto;\r\n        background: #ffffff;\r\n        border-radius: 30px;\r\n        border: 1px solid #eee;\r\n        box-shadow: 0 20px 50px rgba(0,0,0,0.05);\r\n        overflow: hidden;\r\n        font-family: 'Inter', sans-serif;\r\n    }\r\n\r\n    .tf-card-inner { display: flex; padding: 40px 50px; gap: 40px; align-items: center; }\r\n    .tf-avatar-container { width: 130px; height: 130px; margin: 0 auto; position: relative; }\r\n    .tf-photo { width: 100%; height: 100%; border-radius: 50%; object-fit: cover; border: 1px solid #eee; }\r\n    .tf-flag-badge {\r\n        position: absolute;\r\n        bottom: 0px;\r\n        right: 0px;\r\n        width: 35px !important;\r\n        height: 35px !important;\r\n        border-radius: 50% !important;\r\n        box-shadow: 0 2px 8px rgba(0,0,0,0.2);\r\n        border: 3px solid #fff !important;\r\n        object-fit: cover !important;\r\n        z-index: 10;\r\n    }\r\n\r\n    .tf-author-profile { flex: 0 0 220px; text-align: center; }\r\n    .tf-author-name { margin: 15px 0 0 0; font-size: 22px; color: #111; font-weight: 800; }\r\n    .tf-author-role { font-size: 10px; color: var(--tf-blue-dark); text-transform: uppercase; letter-spacing: 1.5px; display: block; margin-top: 8px; font-weight: 500; }\r\n    .tf-bio { font-size: 15px; line-height: 1.6; color: #555; font-style: italic; margin-bottom: 20px; border-left: 3px solid #f0f2f4; padding-left: 20px; }\r\n    .tf-support-text { font-size: 14px; color: #333; margin-bottom: 20px; }\r\n    .tf-cta-group { display: flex; gap: 12px; }\r\n    .tf-btn-primary, .tf-btn-secondary { flex: 1; padding: 14px; border-radius: 12px; font-size: 12px; font-weight: 700; cursor: pointer; transition: 0.3s; border: none; color: white; }\r\n    .tf-btn-primary { background-color: var(--tf-blue-main); }\r\n    .tf-btn-secondary { background-color: var(--tf-blue-light); }\r\n\r\n    .tf-sliding-panel { display: none; background: #fafafa; padding: 35px; border-top: 1px solid #f0f0f0; animation: tfSlideUp 0.4s ease forwards; }\r\n    .tf-panel-content-box { text-align: center; max-width: 550px; margin: 0 auto; }\r\n    .tf-query-textarea { width: 100%; height: 90px; padding: 15px; border-radius: 12px; border: 1px solid #ddd; font-size: 14px; resize: none; margin-bottom: 15px; font-family: 'Inter', sans-serif; }\r\n    .tf-action-grid { display: flex; gap: 10px; }\r\n    .tf-btn-action { flex: 1; padding: 12px; border-radius: 50px; border: none; color: white; font-weight: 700; cursor: pointer; font-size: 13px; }\r\n    .tf-btn-action.wa { background: var(--tf-wa-green); }\r\n    .tf-btn-action.mail { background: var(--tf-blue-dark); }\r\n    .tf-btn-continue { background-color: #ccc; color: white; border: none; padding: 12px 30px; border-radius: 50px; font-weight: 700; cursor: not-allowed; }\r\n    .tf-btn-continue.active { background-color: var(--tf-blue-dark); cursor: pointer; }\r\n    .tf-qr-wrapper { display: grid; grid-template-columns: 1fr 1fr; gap: 20px; max-width: 400px; margin: 0 auto 30px; }\r\n    .tf-qr-card img { width: 100%; max-width: 170px; border-radius: 15px; border: 1px solid #eee; background: white; padding: 8px; }\r\n    .tf-link-btn { display: flex; align-items: center; justify-content: center; gap: 8px; padding: 12px; border-radius: 10px; text-decoration: none; font-size: 12px; font-weight: 700; border: 1px solid #ddd; transition: 0.3s; color: #333; }\r\n    .tf-link-btn.paypal { background: #fff; color: #003087; border-color: #003087; margin-bottom: 10px; }\r\n    .tf-link-btn.bmc { background: #FFDD00; color: #000; border-color: #FFDD00; }\r\n    .tf-qr-footer { font-size: 12px; color: #777; font-style: italic; margin-top: 20px; }\r\n    .tf-policy-link-btn { background: none; border: none; color: var(--tf-blue-main); text-decoration: underline; font-size: 12px; cursor: pointer; display: block; margin: 10px auto 20px; }\r\n\r\n    .tf-modal-overlay { position: fixed; top: 0; left: 0; width: 100%; height: 100%; background: rgba(0,0,0,0.4); backdrop-filter: blur(3px); display: none; align-items: center; justify-content: center; z-index: 9999; }\r\n    .tf-modal-content { background: white; width: 85%; max-width: 400px; border-radius: 20px; overflow: hidden; }\r\n    .tf-modal-header { padding: 20px; border-bottom: 1px solid #eee; display: flex; justify-content: space-between; align-items: center; }\r\n    .tf-modal-header h4 { margin: 0; }\r\n    .tf-close-modal { background: none; border: none; font-size: 24px; cursor: pointer; }\r\n    .tf-modal-body { padding: 20px; font-size: 14px; line-height: 1.5; color: #444; }\r\n    .tf-modal-footer { padding: 20px; text-align: center; }\r\n\r\n    @keyframes tfSlideUp { from { opacity: 0; transform: translateY(10px); } to { opacity: 1; transform: translateY(0); } }\r\n\r\n    @media (max-width: 768px) {\r\n        .tf-card-inner { flex-direction: column; text-align: center; padding: 30px; }\r\n        .tf-cta-group { flex-direction: column; }\r\n        .tf-qr-wrapper { grid-template-columns: 1fr; }\r\n        .tf-action-grid { flex-direction: column; }\r\n    }\r\n<\/style>\r\n\r\n<script>\r\nfunction toggleQueryPanel() {\r\n    document.getElementById('stepConsent').style.display = 'none';\r\n    document.getElementById('stepQR').style.display = 'none';\r\n    const p = document.getElementById('queryPanel');\r\n    p.style.display = (p.style.display === 'block') ? 'none' : 'block';\r\n}\r\nfunction toggleStep1() {\r\n    document.getElementById('queryPanel').style.display = 'none';\r\n    document.getElementById('stepQR').style.display = 'none';\r\n    const p = document.getElementById('stepConsent');\r\n    p.style.display = (p.style.display === 'block') ? 'none' : 'block';\r\n}\r\nfunction sendViaWhatsApp() {\r\n    const t = document.getElementById('userQuery').value;\r\n    if(!t) return alert(\"Por favor, escribe tu mensaje.\");\r\n    window.open(`https:\/\/wa.me\/593978887324?text=${encodeURIComponent(t)}`, '_blank');\r\n}\r\nfunction sendViaEmail() {\r\n    const t = document.getElementById('userQuery').value;\r\n    if(!t) return alert(\"Por favor, escribe tu mensaje.\");\r\n    window.location.href = `mailto:info@trailforthjournal.com?subject=Consulta de Viaje&body=${encodeURIComponent(t)}`;\r\n}\r\nfunction toggleContinueBtn() {\r\n    const c = document.getElementById('consentCheckbox');\r\n    const b = document.getElementById('btnContinue');\r\n    b.disabled = !c.checked;\r\n    c.checked ? b.classList.add('active') : b.classList.remove('active');\r\n}\r\nfunction showQRCodes() {\r\n    document.getElementById('stepConsent').style.display = 'none';\r\n    document.getElementById('stepQR').style.display = 'block';\r\n}\r\nfunction openModal() { document.getElementById('policyModal').style.display = 'flex'; }\r\nfunction closeModal() { document.getElementById('policyModal').style.display = 'none'; }\r\n<\/script>\t\t\t\t<\/div>\n\t\t\t\t<\/div>\n\t\t\t\t\t<\/div>\n\t\t<\/div>\n\t\t\t\t\t<\/div>\n\t\t<\/section>\n\t\t\t\t<section class=\"elementor-section elementor-top-section elementor-element elementor-element-174a5f0 elementor-section-boxed elementor-section-height-default elementor-section-height-default wpr-particle-no wpr-jarallax-no wpr-parallax-no wpr-sticky-section-no wpr-equal-height-no\" data-id=\"174a5f0\" data-element_type=\"section\" data-e-type=\"section\">\n\t\t\t\t\t\t<div class=\"elementor-container elementor-column-gap-default\">\n\t\t\t\t\t<div class=\"elementor-column elementor-col-100 elementor-top-column elementor-element elementor-element-24733ca\" data-id=\"24733ca\" data-element_type=\"column\" data-e-type=\"column\">\n\t\t\t<div class=\"elementor-widget-wrap elementor-element-populated\">\n\t\t\t\t\t\t<div class=\"elementor-element elementor-element-e71f64f elementor-widget elementor-widget-spacer\" data-id=\"e71f64f\" data-element_type=\"widget\" data-e-type=\"widget\" data-widget_type=\"spacer.default\">\n\t\t\t\t<div class=\"elementor-widget-container\">\n\t\t\t\t\t\t\t<div class=\"elementor-spacer\">\n\t\t\t<div class=\"elementor-spacer-inner\"><\/div>\n\t\t<\/div>\n\t\t\t\t\t\t<\/div>\n\t\t\t\t<\/div>\n\t\t\t\t\t<\/div>\n\t\t<\/div>\n\t\t\t\t\t<\/div>\n\t\t<\/section>\n\t\t\t\t<section class=\"elementor-section elementor-top-section elementor-element elementor-element-1841f05 elementor-section-boxed elementor-section-height-default elementor-section-height-default wpr-particle-no wpr-jarallax-no wpr-parallax-no wpr-sticky-section-no wpr-equal-height-no\" data-id=\"1841f05\" data-element_type=\"section\" data-e-type=\"section\">\n\t\t\t\t\t\t<div class=\"elementor-container elementor-column-gap-default\">\n\t\t\t\t\t<div class=\"elementor-column elementor-col-100 elementor-top-column elementor-element elementor-element-c36dd30\" data-id=\"c36dd30\" data-element_type=\"column\" data-e-type=\"column\">\n\t\t\t<div class=\"elementor-widget-wrap elementor-element-populated\">\n\t\t\t\t\t\t<div class=\"elementor-element elementor-element-8bd4b53 elementor-shape-rounded elementor-grid-0 e-grid-align-center elementor-widget elementor-widget-social-icons\" data-id=\"8bd4b53\" data-element_type=\"widget\" data-e-type=\"widget\" data-widget_type=\"social-icons.default\">\n\t\t\t\t<div class=\"elementor-widget-container\">\n\t\t\t\t\t\t\t<div class=\"elementor-social-icons-wrapper elementor-grid\">\n\t\t\t\t\t\t\t<span class=\"elementor-grid-item\">\n\t\t\t\t\t<a class=\"elementor-icon elementor-social-icon elementor-social-icon-ellipsis-v elementor-repeater-item-07ab4f2\" target=\"_blank\">\n\t\t\t\t\t\t<span class=\"elementor-screen-only\">Ellipsis-v<\/span>\n\t\t\t\t\t\t<i aria-hidden=\"true\" class=\"fas fa-ellipsis-v\"><\/i>\t\t\t\t\t<\/a>\n\t\t\t\t<\/span>\n\t\t\t\t\t<\/div>\n\t\t\t\t\t\t<\/div>\n\t\t\t\t<\/div>\n\t\t\t\t\t<\/div>\n\t\t<\/div>\n\t\t\t\t\t<\/div>\n\t\t<\/section>\n\t\t\t\t<section class=\"elementor-section elementor-top-section elementor-element elementor-element-ab684b7 elementor-section-boxed elementor-section-height-default elementor-section-height-default wpr-particle-no wpr-jarallax-no wpr-parallax-no wpr-sticky-section-no wpr-equal-height-no\" data-id=\"ab684b7\" data-element_type=\"section\" data-e-type=\"section\">\n\t\t\t\t\t\t<div class=\"elementor-container elementor-column-gap-no\">\n\t\t\t\t\t<div class=\"elementor-column elementor-col-100 elementor-top-column elementor-element elementor-element-8b5839f\" data-id=\"8b5839f\" data-element_type=\"column\" data-e-type=\"column\">\n\t\t\t<div class=\"elementor-widget-wrap elementor-element-populated\">\n\t\t\t\t\t\t<div class=\"elementor-element elementor-element-b906cfb elementor-widget elementor-widget-heading\" data-id=\"b906cfb\" data-element_type=\"widget\" data-e-type=\"widget\" data-widget_type=\"heading.default\">\n\t\t\t\t<div class=\"elementor-widget-container\">\n\t\t\t\t\t<h5 class=\"elementor-heading-title elementor-size-default\">Compartir<\/h5>\t\t\t\t<\/div>\n\t\t\t\t<\/div>\n\t\t\t\t\t<\/div>\n\t\t<\/div>\n\t\t\t\t\t<\/div>\n\t\t<\/section>\n\t\t\t\t<section class=\"elementor-section elementor-top-section elementor-element elementor-element-9b5aee4 elementor-section-boxed elementor-section-height-default elementor-section-height-default wpr-particle-no wpr-jarallax-no wpr-parallax-no wpr-sticky-section-no wpr-equal-height-no\" data-id=\"9b5aee4\" data-element_type=\"section\" data-e-type=\"section\">\n\t\t\t\t\t\t<div class=\"elementor-container elementor-column-gap-default\">\n\t\t\t\t\t<div class=\"elementor-column elementor-col-100 elementor-top-column elementor-element elementor-element-7b056ed\" data-id=\"7b056ed\" data-element_type=\"column\" data-e-type=\"column\">\n\t\t\t<div class=\"elementor-widget-wrap elementor-element-populated\">\n\t\t\t\t\t\t<div class=\"elementor-element elementor-element-2237b78 elementor-widget elementor-widget-spacer\" data-id=\"2237b78\" data-element_type=\"widget\" data-e-type=\"widget\" data-widget_type=\"spacer.default\">\n\t\t\t\t<div class=\"elementor-widget-container\">\n\t\t\t\t\t\t\t<div class=\"elementor-spacer\">\n\t\t\t<div class=\"elementor-spacer-inner\"><\/div>\n\t\t<\/div>\n\t\t\t\t\t\t<\/div>\n\t\t\t\t<\/div>\n\t\t\t\t\t<\/div>\n\t\t<\/div>\n\t\t\t\t\t<\/div>\n\t\t<\/section>\n\t\t\t\t<section class=\"elementor-section elementor-top-section elementor-element elementor-element-c25f03a elementor-section-boxed elementor-section-height-default elementor-section-height-default wpr-particle-no wpr-jarallax-no wpr-parallax-no wpr-sticky-section-no wpr-equal-height-no\" data-id=\"c25f03a\" data-element_type=\"section\" data-e-type=\"section\">\n\t\t\t\t\t\t<div class=\"elementor-container elementor-column-gap-no\">\n\t\t\t\t\t<div class=\"elementor-column elementor-col-100 elementor-top-column elementor-element elementor-element-2b1f5d9\" data-id=\"2b1f5d9\" data-element_type=\"column\" data-e-type=\"column\">\n\t\t\t<div class=\"elementor-widget-wrap elementor-element-populated\">\n\t\t\t\t\t\t<div class=\"elementor-element elementor-element-caa5be4 elementor-view-default elementor-widget elementor-widget-icon\" data-id=\"caa5be4\" data-element_type=\"widget\" data-e-type=\"widget\" data-widget_type=\"icon.default\">\n\t\t\t\t<div class=\"elementor-widget-container\">\n\t\t\t\t\t\t\t<div class=\"elementor-icon-wrapper\">\n\t\t\t<div class=\"elementor-icon\">\n\t\t\t<i aria-hidden=\"true\" class=\"fas fa-share-alt\"><\/i>\t\t\t<\/div>\n\t\t<\/div>\n\t\t\t\t\t\t<\/div>\n\t\t\t\t<\/div>\n\t\t\t\t\t<\/div>\n\t\t<\/div>\n\t\t\t\t\t<\/div>\n\t\t<\/section>\n\t\t\t\t<section class=\"elementor-section elementor-top-section elementor-element elementor-element-17ef4ce elementor-section-boxed elementor-section-height-default elementor-section-height-default wpr-particle-no wpr-jarallax-no wpr-parallax-no wpr-sticky-section-no wpr-equal-height-no\" data-id=\"17ef4ce\" data-element_type=\"section\" data-e-type=\"section\">\n\t\t\t\t\t\t<div class=\"elementor-container elementor-column-gap-default\">\n\t\t\t\t\t<div class=\"elementor-column elementor-col-100 elementor-top-column elementor-element elementor-element-2aea8da\" data-id=\"2aea8da\" data-element_type=\"column\" data-e-type=\"column\">\n\t\t\t<div class=\"elementor-widget-wrap elementor-element-populated\">\n\t\t\t\t\t\t<div class=\"elementor-element elementor-element-4b2b6a5 elementor-widget elementor-widget-spacer\" data-id=\"4b2b6a5\" data-element_type=\"widget\" data-e-type=\"widget\" data-widget_type=\"spacer.default\">\n\t\t\t\t<div class=\"elementor-widget-container\">\n\t\t\t\t\t\t\t<div class=\"elementor-spacer\">\n\t\t\t<div class=\"elementor-spacer-inner\"><\/div>\n\t\t<\/div>\n\t\t\t\t\t\t<\/div>\n\t\t\t\t<\/div>\n\t\t\t\t\t<\/div>\n\t\t<\/div>\n\t\t\t\t\t<\/div>\n\t\t<\/section>\n\t\t\t\t<section class=\"elementor-section elementor-top-section elementor-element elementor-element-ef443ca elementor-section-boxed elementor-section-height-default elementor-section-height-default wpr-particle-no wpr-jarallax-no wpr-parallax-no wpr-sticky-section-no wpr-equal-height-no\" data-id=\"ef443ca\" data-element_type=\"section\" data-e-type=\"section\">\n\t\t\t\t\t\t<div class=\"elementor-container elementor-column-gap-default\">\n\t\t\t\t\t<div class=\"elementor-column elementor-col-100 elementor-top-column elementor-element elementor-element-7cbe7cf\" data-id=\"7cbe7cf\" data-element_type=\"column\" data-e-type=\"column\">\n\t\t\t<div class=\"elementor-widget-wrap elementor-element-populated\">\n\t\t\t\t\t\t<div class=\"elementor-element elementor-element-dc61116 elementor-grid-0 elementor-widget elementor-widget-wpr-sharing-buttons\" data-id=\"dc61116\" data-element_type=\"widget\" data-e-type=\"widget\" data-widget_type=\"wpr-sharing-buttons.default\">\n\t\t\t\t<div class=\"elementor-widget-container\">\n\t\t\t\t\t<div class=\"wpr-sharing-buttons elementor-grid wpr-sharing-official wpr-sharing-label-off wpr-sharing-label-tr\"><div class=\"elementor-grid-item\"><a href=\"https:\/\/www.facebook.com\/sharer.php?u=https:\/\/trailforthjournal.com\/es\/tours-y-actividades\/guayaquil\/\" class=\"wpr-sharing-icon wpr-sharing-facebook-f\" title=\"\" target=\"_blank\"><i class=\"fab fa-facebook-f\"><\/i><\/a><\/div><div class=\"elementor-grid-item\"><a href=\"https:\/\/twitter.com\/intent\/tweet?url=https:\/\/trailforthjournal.com\/es\/tours-y-actividades\/guayaquil\/\" class=\"wpr-sharing-icon wpr-sharing-twitter\" title=\"\" target=\"_blank\"><i class=\"fab fa-twitter\"><\/i><\/a><\/div><div class=\"elementor-grid-item\"><a href=\"https:\/\/www.linkedin.com\/shareArticle?mini=true&url=https:\/\/trailforthjournal.com\/es\/tours-y-actividades\/guayaquil\/&title=Explora los mejores Tours en Guayaquil, Ecuador | Gu\u00edas Locales y Excursiones&summary=Reserva tours en Guayaquil y traslados privados: city tours, excursiones y transporte desde el aeropuerto con servicio seguro y atenci\u00f3n personalizada.&source=https:\/\/trailforthjournal.com\/es\/tours-y-actividades\/guayaquil\/\" class=\"wpr-sharing-icon wpr-sharing-linkedin-in\" title=\"\" target=\"_blank\"><i class=\"fab fa-linkedin-in\"><\/i><\/a><\/div><div class=\"elementor-grid-item\"><a href=\"https:\/\/api.whatsapp.com\/send?text=*Explora los mejores Tours en Guayaquil, Ecuador | Gu\u00edas Locales y Excursiones*%0ahttps:\/\/trailforthjournal.com\/es\/tours-y-actividades\/guayaquil\/\" class=\"wpr-sharing-icon wpr-sharing-whatsapp\" title=\"\" target=\"_blank\"><i class=\"fab fa-whatsapp\"><\/i><\/a><\/div><div class=\"elementor-grid-item\"><a href=\"mailto:?subject=Explora los mejores Tours en Guayaquil, Ecuador | Gu\u00edas Locales y Excursiones&body=https:\/\/trailforthjournal.com\/es\/tours-y-actividades\/guayaquil\/\" class=\"wpr-sharing-icon wpr-sharing-envelope\" title=\"\" target=\"_blank\"><i class=\"fas fa-envelope\"><\/i><\/a><\/div><div class=\"elementor-grid-item\"><a href=\"https:\/\/www.facebook.com\/sharer.php?u=https:\/\/trailforthjournal.com\/es\/tours-y-actividades\/guayaquil\/\" class=\"wpr-sharing-icon wpr-sharing-facebook-f\" title=\"\" target=\"_blank\"><i class=\"fab fa-facebook-f\"><\/i><\/a><\/div><\/div>\t\t\t\t<\/div>\n\t\t\t\t<\/div>\n\t\t\t\t\t<\/div>\n\t\t<\/div>\n\t\t\t\t\t<\/div>\n\t\t<\/section>\n\t\t\t\t<section class=\"elementor-section elementor-top-section elementor-element elementor-element-6ac1453 elementor-section-boxed elementor-section-height-default elementor-section-height-default wpr-particle-no wpr-jarallax-no wpr-parallax-no wpr-sticky-section-no wpr-equal-height-no\" data-id=\"6ac1453\" data-element_type=\"section\" data-e-type=\"section\">\n\t\t\t\t\t\t<div class=\"elementor-container elementor-column-gap-default\">\n\t\t\t\t\t<div class=\"elementor-column elementor-col-100 elementor-top-column elementor-element elementor-element-de670da\" data-id=\"de670da\" data-element_type=\"column\" data-e-type=\"column\">\n\t\t\t<div class=\"elementor-widget-wrap elementor-element-populated\">\n\t\t\t\t\t\t<div class=\"elementor-element elementor-element-c113fad elementor-widget elementor-widget-spacer\" data-id=\"c113fad\" data-element_type=\"widget\" data-e-type=\"widget\" data-widget_type=\"spacer.default\">\n\t\t\t\t<div class=\"elementor-widget-container\">\n\t\t\t\t\t\t\t<div class=\"elementor-spacer\">\n\t\t\t<div class=\"elementor-spacer-inner\"><\/div>\n\t\t<\/div>\n\t\t\t\t\t\t<\/div>\n\t\t\t\t<\/div>\n\t\t\t\t\t<\/div>\n\t\t<\/div>\n\t\t\t\t\t<\/div>\n\t\t<\/section>\n\t\t\t\t<section class=\"elementor-section elementor-top-section elementor-element elementor-element-2170055 elementor-section-boxed elementor-section-height-default elementor-section-height-default wpr-particle-no wpr-jarallax-no wpr-parallax-no wpr-sticky-section-no wpr-equal-height-no\" data-id=\"2170055\" data-element_type=\"section\" data-e-type=\"section\">\n\t\t\t\t\t\t<div class=\"elementor-container elementor-column-gap-no\">\n\t\t\t\t\t<div class=\"elementor-column elementor-col-100 elementor-top-column elementor-element elementor-element-a997a00\" data-id=\"a997a00\" data-element_type=\"column\" data-e-type=\"column\">\n\t\t\t<div class=\"elementor-widget-wrap elementor-element-populated\">\n\t\t\t\t\t\t<div class=\"elementor-element elementor-element-6192f6b premium-title-color elementor-widget elementor-widget-premium-addon-title\" data-id=\"6192f6b\" data-element_type=\"widget\" data-e-type=\"widget\" data-widget_type=\"premium-addon-title.default\">\n\t\t\t\t<div class=\"elementor-widget-container\">\n\t\t\t\t\t\n\t\t<div class=\"premium-title-container style7\">\n\t\t\t<h5 class=\"premium-title-header premium-title-style7\">\n\t\t\t\t\t\t\t\t\t\t\t\t\t\t\t<span class=\"premium-title-style7-stripe-wrap\">\n\t\t\t\t\t\t\t<span class=\"premium-title-style7-stripe\"><\/span>\n\t\t\t\t\t\t<\/span>\n\t\t\t\t\t\t\t\t\t\t<div class=\"premium-title-style7-inner\">\n\t\t\t\t\n\t\t\t\t\n\t\t\t\t\t\t\t\t\t\t\t\t\t\t\t\t\t\t\t\t\t<span class=\"premium-title-text\">\n\t\t\t\t\tRelacionado\t\t\t\t<\/span>\n\t\t\t\t\t\n\t\t\t\t\t\t\t\t\t<\/div>\n\t\t\t\t\t\t\t\t\n\t\t\t\t\t\t\t<\/h5>\n\n\t\t<\/div>\n\n\t\t\t\t\t\t<\/div>\n\t\t\t\t<\/div>\n\t\t\t\t\t<\/div>\n\t\t<\/div>\n\t\t\t\t\t<\/div>\n\t\t<\/section>\n\t\t\t\t<section class=\"elementor-section elementor-top-section elementor-element elementor-element-d953259 elementor-section-content-middle elementor-section-full_width elementor-section-height-default elementor-section-height-default wpr-particle-no wpr-jarallax-no wpr-parallax-no wpr-sticky-section-no wpr-equal-height-no\" data-id=\"d953259\" data-element_type=\"section\" data-e-type=\"section\">\n\t\t\t\t\t\t<div class=\"elementor-container elementor-column-gap-no\">\n\t\t\t\t\t<div class=\"elementor-column elementor-col-100 elementor-top-column elementor-element elementor-element-8ef10d7\" data-id=\"8ef10d7\" data-element_type=\"column\" data-e-type=\"column\">\n\t\t\t<div class=\"elementor-widget-wrap elementor-element-populated\">\n\t\t\t\t\t\t<div class=\"elementor-element elementor-element-9b10f03 premium-blog-align-left elementor-widget elementor-widget-premium-addon-blog\" data-id=\"9b10f03\" data-element_type=\"widget\" data-e-type=\"widget\" data-settings=\"{&quot;force_height&quot;:&quot;true&quot;,&quot;premium_blog_columns_number&quot;:&quot;25%&quot;,&quot;premium_blog_grid&quot;:&quot;yes&quot;,&quot;premium_blog_layout&quot;:&quot;even&quot;,&quot;premium_blog_columns_number_tablet&quot;:&quot;50%&quot;,&quot;premium_blog_columns_number_mobile&quot;:&quot;100%&quot;,&quot;scroll_to_offset&quot;:&quot;yes&quot;}\" data-widget_type=\"premium-addon-blog.default\">\n\t\t\t\t<div class=\"elementor-widget-container\">\n\t\t\t\t\t\n\t\t\n\n\t\t\t\t<div class=\"premium-blog-wrap  premium-blog-even\" data-page=\"52096\">\n\t\t\t\t\t\t\t\t\t<div class=\"premium-blog-post-outer-container\" data-total=\"7\">\n\t\t\t<div class=\"premium-blog-post-container premium-blog-skin-banner\">\n\t\t\t\t\t\t\t\t\t<div class=\"premium-blog-thumb-effect-wrapper\">\n\t\t\t\t\t\t<div class=\"premium-blog-thumbnail-container premium-blog-zoomin-effect\">\n\t\t\t\t\t\t\t<img fetchpriority=\"high\" decoding=\"async\" data-attachment-id=\"26505\" data-permalink=\"https:\/\/trailforthjournal.com\/es\/lugar-emblematico\/barrio-las-penas\/attachment\/las-penas-esferica-3\/\" data-orig-file=\"https:\/\/i0.wp.com\/trailforthjournal.com\/es\/wp-content\/uploads\/sites\/4\/2023\/10\/Las-Penas-Esferica-3.jpg?fit=2560%2C1440&amp;ssl=1\" data-orig-size=\"2560,1440\" data-comments-opened=\"0\" data-image-meta=\"{&quot;aperture&quot;:&quot;0&quot;,&quot;credit&quot;:&quot;&quot;,&quot;camera&quot;:&quot;&quot;,&quot;caption&quot;:&quot;&quot;,&quot;created_timestamp&quot;:&quot;0&quot;,&quot;copyright&quot;:&quot;&quot;,&quot;focal_length&quot;:&quot;0&quot;,&quot;iso&quot;:&quot;0&quot;,&quot;shutter_speed&quot;:&quot;0&quot;,&quot;title&quot;:&quot;&quot;,&quot;orientation&quot;:&quot;0&quot;}\" data-image-title=\"calle-numa-pompillo-llona-las-penas\" data-image-description=\"&lt;p&gt;Fotograf\u00eda con perspectiva de \u00e1ngulo bajo que resalta el pavimiento de piedra y las coloridas casas restauradas del barrio m\u00e1s antiguo de Guayaquil.&lt;\/p&gt;\n\" data-image-caption=\"&lt;p&gt;La calle Numa Pompilio Llona, el coraz\u00f3n art\u00edstico e hist\u00f3rico del Barrio Las Pe\u00f1as&lt;\/p&gt;\n\" data-large-file=\"https:\/\/i0.wp.com\/trailforthjournal.com\/es\/wp-content\/uploads\/sites\/4\/2023\/10\/Las-Penas-Esferica-3.jpg?fit=1024%2C576&amp;ssl=1\" width=\"2560\" height=\"1440\" src=\"https:\/\/i0.wp.com\/trailforthjournal.com\/es\/wp-content\/uploads\/sites\/4\/2023\/10\/Las-Penas-Esferica-3.jpg?fit=2560%2C1440&amp;ssl=1\" class=\"attachment-full size-full wp-image-26505\" alt=\"Vista desde el suelo de la calle empedrada Numa Pompilio Llona en el Barrio Las Pe\u00f1as, Guayaquil, con fachadas de casas coloniales de colores vibrantes.\" data-attachment-id=\"26505\" data-permalink=\"https:\/\/trailforthjournal.com\/es\/lugar-emblematico\/barrio-las-penas\/attachment\/las-penas-esferica-3\/\" data-orig-file=\"https:\/\/i0.wp.com\/trailforthjournal.com\/es\/wp-content\/uploads\/sites\/4\/2023\/10\/Las-Penas-Esferica-3.jpg?fit=2560%2C1440&amp;ssl=1\" data-orig-size=\"2560,1440\" data-comments-opened=\"0\" data-image-meta=\"{&quot;aperture&quot;:&quot;0&quot;,&quot;credit&quot;:&quot;&quot;,&quot;camera&quot;:&quot;&quot;,&quot;caption&quot;:&quot;&quot;,&quot;created_timestamp&quot;:&quot;0&quot;,&quot;copyright&quot;:&quot;&quot;,&quot;focal_length&quot;:&quot;0&quot;,&quot;iso&quot;:&quot;0&quot;,&quot;shutter_speed&quot;:&quot;0&quot;,&quot;title&quot;:&quot;&quot;,&quot;orientation&quot;:&quot;0&quot;}\" data-image-title=\"calle-numa-pompillo-llona-las-penas\" data-image-description=\"&lt;p&gt;Fotograf\u00eda con perspectiva de \u00e1ngulo bajo que resalta el pavimiento de piedra y las coloridas casas restauradas del barrio m\u00e1s antiguo de Guayaquil.&lt;\/p&gt;\n\" data-image-caption=\"&lt;p&gt;La calle Numa Pompilio Llona, el coraz\u00f3n art\u00edstico e hist\u00f3rico del Barrio Las Pe\u00f1as&lt;\/p&gt;\n\" data-large-file=\"https:\/\/i0.wp.com\/trailforthjournal.com\/es\/wp-content\/uploads\/sites\/4\/2023\/10\/Las-Penas-Esferica-3.jpg?fit=1024%2C576&amp;ssl=1\" srcset=\"https:\/\/i0.wp.com\/trailforthjournal.com\/es\/wp-content\/uploads\/sites\/4\/2023\/10\/Las-Penas-Esferica-3.jpg?w=2560&amp;ssl=1 2560w, https:\/\/i0.wp.com\/trailforthjournal.com\/es\/wp-content\/uploads\/sites\/4\/2023\/10\/Las-Penas-Esferica-3.jpg?resize=300%2C169&amp;ssl=1 300w, https:\/\/i0.wp.com\/trailforthjournal.com\/es\/wp-content\/uploads\/sites\/4\/2023\/10\/Las-Penas-Esferica-3.jpg?resize=1024%2C576&amp;ssl=1 1024w, https:\/\/i0.wp.com\/trailforthjournal.com\/es\/wp-content\/uploads\/sites\/4\/2023\/10\/Las-Penas-Esferica-3.jpg?resize=768%2C432&amp;ssl=1 768w, https:\/\/i0.wp.com\/trailforthjournal.com\/es\/wp-content\/uploads\/sites\/4\/2023\/10\/Las-Penas-Esferica-3.jpg?resize=1536%2C864&amp;ssl=1 1536w, https:\/\/i0.wp.com\/trailforthjournal.com\/es\/wp-content\/uploads\/sites\/4\/2023\/10\/Las-Penas-Esferica-3.jpg?resize=2048%2C1152&amp;ssl=1 2048w, https:\/\/i0.wp.com\/trailforthjournal.com\/es\/wp-content\/uploads\/sites\/4\/2023\/10\/Las-Penas-Esferica-3.jpg?resize=89%2C50&amp;ssl=1 89w, https:\/\/i0.wp.com\/trailforthjournal.com\/es\/wp-content\/uploads\/sites\/4\/2023\/10\/Las-Penas-Esferica-3.jpg?resize=600%2C338&amp;ssl=1 600w\" sizes=\"(max-width: 1032px) 100vw, 1032px\" \/>\t\t\t\t\t\t<\/div>\n\t\t\t\t\t\t\t\t\t\t\t\t\t<div class=\"premium-blog-thumbnail-overlay\">\n\t\t\t\t\t\t\t\t<a class=\"elementor-icon\" href=\"https:\/\/trailforthjournal.com\/es\/lugar-emblematico\/barrio-las-penas\/\" target=\"_blank\"><\/a>\n\t\t\t\t\t\t\t<\/div>\n\n\t\t\t\t\t\t\t\t\t\t\t\t\t\t\t\t\t\t<\/div>\n\t\t\t\t\t\t\t\t\t\t\t\t<div class=\"premium-blog-content-wrapper \">\n\n\t\t\t\t\t<div class=\"premium-blog-inner-container\">\n\n\t\t\t\t\t\t\t\t\t\t\t\t\t\t<h1 class=\"premium-blog-entry-title\">\n\t\t\t<a href=\"https:\/\/trailforthjournal.com\/es\/lugar-emblematico\/barrio-las-penas\/\" target=\"_blank\">\n\t\t\t\tBarrio Las Pe\u00f1as Guayaquil | Un viaje hist\u00f3rico entre arte, leyendas y el R\u00edo Guayas\t\t\t<\/a>\n\t\t<\/h1>\n\t\t\t\t<div class=\"premium-blog-entry-meta\">\n\t\t\t\n\t\t\t\n\t\t\t\n\t\t\t\t\t<\/div>\n\t\t\n\t\t\t\t\t<\/div>\n\n\t\t\t\t\t\t\t\t\t\t\n\t\t\t\t<\/div>\n\t\t\t<\/div>\n\t\t<\/div>\n\n\t\t\t\t<div class=\"premium-blog-post-outer-container\" data-total=\"7\">\n\t\t\t<div class=\"premium-blog-post-container premium-blog-skin-banner\">\n\t\t\t\t\t\t\t\t\t<div class=\"premium-blog-thumb-effect-wrapper\">\n\t\t\t\t\t\t<div class=\"premium-blog-thumbnail-container premium-blog-zoomin-effect\">\n\t\t\t\t\t\t\t<img decoding=\"async\" data-attachment-id=\"27081\" data-permalink=\"https:\/\/trailforthjournal.com\/es\/cultura\/la-rotonda-guayaquil\/attachment\/wp_006754-2\/\" data-orig-file=\"https:\/\/i0.wp.com\/trailforthjournal.com\/es\/wp-content\/uploads\/sites\/4\/2023\/10\/WP_006754-2-scaled.jpg?fit=2560%2C1920&amp;ssl=1\" data-orig-size=\"2560,1920\" data-comments-opened=\"0\" data-image-meta=\"{&quot;aperture&quot;:&quot;2.2&quot;,&quot;credit&quot;:&quot;&quot;,&quot;camera&quot;:&quot;Nokia Lumia 900&quot;,&quot;caption&quot;:&quot;&quot;,&quot;created_timestamp&quot;:&quot;1463057036&quot;,&quot;copyright&quot;:&quot;&quot;,&quot;focal_length&quot;:&quot;0&quot;,&quot;iso&quot;:&quot;0&quot;,&quot;shutter_speed&quot;:&quot;0.00047596382674917&quot;,&quot;title&quot;:&quot;&quot;,&quot;orientation&quot;:&quot;1&quot;}\" data-image-title=\"hemiciclo-la-rotonda-malecon-2000\" data-image-description=\"&lt;p&gt;Vista frontal del monumento a la Entrevista de Guayaquil, ubicado en el Malec\u00f3n 2000, destacando sus columnas de m\u00e1rmol, las banderas sudamericanas y la cercan\u00eda al r\u00edo Guayas.&lt;\/p&gt;\n\" data-image-caption=\"&lt;p&gt;El Hemiciclo de la Rotonda conmemora el hist\u00f3rico encuentro entre Bol\u00edvar y San Mart\u00edn en Guayaquil.&lt;\/p&gt;\n\" data-large-file=\"https:\/\/i0.wp.com\/trailforthjournal.com\/es\/wp-content\/uploads\/sites\/4\/2023\/10\/WP_006754-2-scaled.jpg?fit=1024%2C768&amp;ssl=1\" width=\"2560\" height=\"1920\" src=\"https:\/\/i0.wp.com\/trailforthjournal.com\/es\/wp-content\/uploads\/sites\/4\/2023\/10\/WP_006754-2-scaled.jpg?fit=2560%2C1920&amp;ssl=1\" class=\"attachment-full size-full wp-image-27081\" alt=\"Monumento del Hemiciclo de la Rotonda con las estatuas de Sim\u00f3n Bol\u00edvar y Jos\u00e9 de San Mart\u00edn, rodeado de banderas y columnas blancas en el Malec\u00f3n 2000.\" data-attachment-id=\"27081\" data-permalink=\"https:\/\/trailforthjournal.com\/es\/cultura\/la-rotonda-guayaquil\/attachment\/wp_006754-2\/\" data-orig-file=\"https:\/\/i0.wp.com\/trailforthjournal.com\/es\/wp-content\/uploads\/sites\/4\/2023\/10\/WP_006754-2-scaled.jpg?fit=2560%2C1920&amp;ssl=1\" data-orig-size=\"2560,1920\" data-comments-opened=\"0\" data-image-meta=\"{&quot;aperture&quot;:&quot;2.2&quot;,&quot;credit&quot;:&quot;&quot;,&quot;camera&quot;:&quot;Nokia Lumia 900&quot;,&quot;caption&quot;:&quot;&quot;,&quot;created_timestamp&quot;:&quot;1463057036&quot;,&quot;copyright&quot;:&quot;&quot;,&quot;focal_length&quot;:&quot;0&quot;,&quot;iso&quot;:&quot;0&quot;,&quot;shutter_speed&quot;:&quot;0.00047596382674917&quot;,&quot;title&quot;:&quot;&quot;,&quot;orientation&quot;:&quot;1&quot;}\" data-image-title=\"hemiciclo-la-rotonda-malecon-2000\" data-image-description=\"&lt;p&gt;Vista frontal del monumento a la Entrevista de Guayaquil, ubicado en el Malec\u00f3n 2000, destacando sus columnas de m\u00e1rmol, las banderas sudamericanas y la cercan\u00eda al r\u00edo Guayas.&lt;\/p&gt;\n\" data-image-caption=\"&lt;p&gt;El Hemiciclo de la Rotonda conmemora el hist\u00f3rico encuentro entre Bol\u00edvar y San Mart\u00edn en Guayaquil.&lt;\/p&gt;\n\" data-large-file=\"https:\/\/i0.wp.com\/trailforthjournal.com\/es\/wp-content\/uploads\/sites\/4\/2023\/10\/WP_006754-2-scaled.jpg?fit=1024%2C768&amp;ssl=1\" srcset=\"https:\/\/i0.wp.com\/trailforthjournal.com\/es\/wp-content\/uploads\/sites\/4\/2023\/10\/WP_006754-2-scaled.jpg?w=2560&amp;ssl=1 2560w, https:\/\/i0.wp.com\/trailforthjournal.com\/es\/wp-content\/uploads\/sites\/4\/2023\/10\/WP_006754-2-scaled.jpg?resize=300%2C225&amp;ssl=1 300w, https:\/\/i0.wp.com\/trailforthjournal.com\/es\/wp-content\/uploads\/sites\/4\/2023\/10\/WP_006754-2-scaled.jpg?resize=1024%2C768&amp;ssl=1 1024w, https:\/\/i0.wp.com\/trailforthjournal.com\/es\/wp-content\/uploads\/sites\/4\/2023\/10\/WP_006754-2-scaled.jpg?resize=768%2C576&amp;ssl=1 768w, https:\/\/i0.wp.com\/trailforthjournal.com\/es\/wp-content\/uploads\/sites\/4\/2023\/10\/WP_006754-2-scaled.jpg?resize=1536%2C1152&amp;ssl=1 1536w, https:\/\/i0.wp.com\/trailforthjournal.com\/es\/wp-content\/uploads\/sites\/4\/2023\/10\/WP_006754-2-scaled.jpg?resize=2048%2C1536&amp;ssl=1 2048w, https:\/\/i0.wp.com\/trailforthjournal.com\/es\/wp-content\/uploads\/sites\/4\/2023\/10\/WP_006754-2-scaled.jpg?resize=67%2C50&amp;ssl=1 67w, https:\/\/i0.wp.com\/trailforthjournal.com\/es\/wp-content\/uploads\/sites\/4\/2023\/10\/WP_006754-2-scaled.jpg?resize=600%2C450&amp;ssl=1 600w\" sizes=\"(max-width: 1032px) 100vw, 1032px\" \/>\t\t\t\t\t\t<\/div>\n\t\t\t\t\t\t\t\t\t\t\t\t\t<div class=\"premium-blog-thumbnail-overlay\">\n\t\t\t\t\t\t\t\t<a class=\"elementor-icon\" href=\"https:\/\/trailforthjournal.com\/es\/cultura\/la-rotonda-guayaquil\/\" target=\"_blank\"><\/a>\n\t\t\t\t\t\t\t<\/div>\n\n\t\t\t\t\t\t\t\t\t\t\t\t\t\t\t\t\t\t<\/div>\n\t\t\t\t\t\t\t\t\t\t\t\t<div class=\"premium-blog-content-wrapper \">\n\n\t\t\t\t\t<div class=\"premium-blog-inner-container\">\n\n\t\t\t\t\t\t\t\t\t\t\t\t\t\t<h1 class=\"premium-blog-entry-title\">\n\t\t\t<a href=\"https:\/\/trailforthjournal.com\/es\/cultura\/la-rotonda-guayaquil\/\" target=\"_blank\">\n\t\t\t\tHemiciclo de La Rotonda en Guayaquil: historia y encuentro de Bol\u00edvar y San Mart\u00edn\t\t\t<\/a>\n\t\t<\/h1>\n\t\t\t\t<div class=\"premium-blog-entry-meta\">\n\t\t\t\n\t\t\t\n\t\t\t\n\t\t\t\t\t<\/div>\n\t\t\n\t\t\t\t\t<\/div>\n\n\t\t\t\t\t\t\t\t\t\t\n\t\t\t\t<\/div>\n\t\t\t<\/div>\n\t\t<\/div>\n\n\t\t\t\t<div class=\"premium-blog-post-outer-container\" data-total=\"7\">\n\t\t\t<div class=\"premium-blog-post-container premium-blog-skin-banner\">\n\t\t\t\t\t\t\t\t\t<div class=\"premium-blog-thumb-effect-wrapper\">\n\t\t\t\t\t\t<div class=\"premium-blog-thumbnail-container premium-blog-zoomin-effect\">\n\t\t\t\t\t\t\t<img decoding=\"async\" data-attachment-id=\"9328\" data-permalink=\"https:\/\/trailforthjournal.com\/es\/aventura\/parque-nacional-cajas-lagunas\/attachment\/img_5309\/\" data-orig-file=\"https:\/\/i0.wp.com\/trailforthjournal.com\/es\/wp-content\/uploads\/sites\/4\/2022\/05\/IMG_5309-scaled.jpg?fit=2560%2C1707&amp;ssl=1\" data-orig-size=\"2560,1707\" data-comments-opened=\"0\" data-image-meta=\"{&quot;aperture&quot;:&quot;3.5&quot;,&quot;credit&quot;:&quot;&quot;,&quot;camera&quot;:&quot;Canon EOS REBEL T3i&quot;,&quot;caption&quot;:&quot;&quot;,&quot;created_timestamp&quot;:&quot;1552694987&quot;,&quot;copyright&quot;:&quot;&quot;,&quot;focal_length&quot;:&quot;18&quot;,&quot;iso&quot;:&quot;1600&quot;,&quot;shutter_speed&quot;:&quot;0.00025&quot;,&quot;title&quot;:&quot;&quot;,&quot;orientation&quot;:&quot;1&quot;}\" data-image-title=\"Tour Cultural por Guayaquil\" data-image-description=\"&lt;p&gt;Tour Cultural por Guayaquil&lt;\/p&gt;\n\" data-image-caption=\"&lt;p&gt;Tour Cultural por Guayaquil&lt;\/p&gt;\n\" data-large-file=\"https:\/\/i0.wp.com\/trailforthjournal.com\/es\/wp-content\/uploads\/sites\/4\/2022\/05\/IMG_5309-scaled.jpg?fit=1024%2C683&amp;ssl=1\" width=\"2560\" height=\"1707\" src=\"https:\/\/i0.wp.com\/trailforthjournal.com\/es\/wp-content\/uploads\/sites\/4\/2022\/05\/IMG_5309-scaled.jpg?fit=2560%2C1707&amp;ssl=1\" class=\"attachment-full size-full wp-image-9328\" alt=\"Tour Cultural por Guayaquil\" data-attachment-id=\"9328\" data-permalink=\"https:\/\/trailforthjournal.com\/es\/aventura\/parque-nacional-cajas-lagunas\/attachment\/img_5309\/\" data-orig-file=\"https:\/\/i0.wp.com\/trailforthjournal.com\/es\/wp-content\/uploads\/sites\/4\/2022\/05\/IMG_5309-scaled.jpg?fit=2560%2C1707&amp;ssl=1\" data-orig-size=\"2560,1707\" data-comments-opened=\"0\" data-image-meta=\"{&quot;aperture&quot;:&quot;3.5&quot;,&quot;credit&quot;:&quot;&quot;,&quot;camera&quot;:&quot;Canon EOS REBEL T3i&quot;,&quot;caption&quot;:&quot;&quot;,&quot;created_timestamp&quot;:&quot;1552694987&quot;,&quot;copyright&quot;:&quot;&quot;,&quot;focal_length&quot;:&quot;18&quot;,&quot;iso&quot;:&quot;1600&quot;,&quot;shutter_speed&quot;:&quot;0.00025&quot;,&quot;title&quot;:&quot;&quot;,&quot;orientation&quot;:&quot;1&quot;}\" data-image-title=\"Tour Cultural por Guayaquil\" data-image-description=\"&lt;p&gt;Tour Cultural por Guayaquil&lt;\/p&gt;\n\" data-image-caption=\"&lt;p&gt;Tour Cultural por Guayaquil&lt;\/p&gt;\n\" data-large-file=\"https:\/\/i0.wp.com\/trailforthjournal.com\/es\/wp-content\/uploads\/sites\/4\/2022\/05\/IMG_5309-scaled.jpg?fit=1024%2C683&amp;ssl=1\" srcset=\"https:\/\/i0.wp.com\/trailforthjournal.com\/es\/wp-content\/uploads\/sites\/4\/2022\/05\/IMG_5309-scaled.jpg?w=2560&amp;ssl=1 2560w, https:\/\/i0.wp.com\/trailforthjournal.com\/es\/wp-content\/uploads\/sites\/4\/2022\/05\/IMG_5309-scaled.jpg?resize=300%2C200&amp;ssl=1 300w, https:\/\/i0.wp.com\/trailforthjournal.com\/es\/wp-content\/uploads\/sites\/4\/2022\/05\/IMG_5309-scaled.jpg?resize=1024%2C683&amp;ssl=1 1024w, https:\/\/i0.wp.com\/trailforthjournal.com\/es\/wp-content\/uploads\/sites\/4\/2022\/05\/IMG_5309-scaled.jpg?resize=768%2C512&amp;ssl=1 768w, https:\/\/i0.wp.com\/trailforthjournal.com\/es\/wp-content\/uploads\/sites\/4\/2022\/05\/IMG_5309-scaled.jpg?resize=1536%2C1024&amp;ssl=1 1536w, https:\/\/i0.wp.com\/trailforthjournal.com\/es\/wp-content\/uploads\/sites\/4\/2022\/05\/IMG_5309-scaled.jpg?resize=2048%2C1365&amp;ssl=1 2048w, https:\/\/i0.wp.com\/trailforthjournal.com\/es\/wp-content\/uploads\/sites\/4\/2022\/05\/IMG_5309-scaled.jpg?resize=225%2C150&amp;ssl=1 225w, https:\/\/i0.wp.com\/trailforthjournal.com\/es\/wp-content\/uploads\/sites\/4\/2022\/05\/IMG_5309-scaled.jpg?resize=600%2C400&amp;ssl=1 600w\" sizes=\"(max-width: 1032px) 100vw, 1032px\" \/>\t\t\t\t\t\t<\/div>\n\t\t\t\t\t\t\t\t\t\t\t\t\t<div class=\"premium-blog-thumbnail-overlay\">\n\t\t\t\t\t\t\t\t<a class=\"elementor-icon\" href=\"https:\/\/trailforthjournal.com\/es\/mapa-tour\/recorrido-cultural-teatro-guayaquil\/\" target=\"_blank\"><\/a>\n\t\t\t\t\t\t\t<\/div>\n\n\t\t\t\t\t\t\t\t\t\t\t\t\t\t\t\t\t\t<\/div>\n\t\t\t\t\t\t\t\t\t\t\t\t<div class=\"premium-blog-content-wrapper \">\n\n\t\t\t\t\t<div class=\"premium-blog-inner-container\">\n\n\t\t\t\t\t\t\t\t\t\t\t\t\t\t<h1 class=\"premium-blog-entry-title\">\n\t\t\t<a href=\"https:\/\/trailforthjournal.com\/es\/mapa-tour\/recorrido-cultural-teatro-guayaquil\/\" target=\"_blank\">\n\t\t\t\tGuayaquil de noche y d\u00eda: Un recorrido Cultural con obras de teatro y opciones de ocio\t\t\t<\/a>\n\t\t<\/h1>\n\t\t\t\t<div class=\"premium-blog-entry-meta\">\n\t\t\t\n\t\t\t\n\t\t\t\n\t\t\t\t\t<\/div>\n\t\t\n\t\t\t\t\t<\/div>\n\n\t\t\t\t\t\t\t\t\t\t\n\t\t\t\t<\/div>\n\t\t\t<\/div>\n\t\t<\/div>\n\n\t\t\t\t<div class=\"premium-blog-post-outer-container\" data-total=\"7\">\n\t\t\t<div class=\"premium-blog-post-container premium-blog-skin-banner\">\n\t\t\t\t\t\t\t\t\t<div class=\"premium-blog-thumb-effect-wrapper\">\n\t\t\t\t\t\t<div class=\"premium-blog-thumbnail-container premium-blog-zoomin-effect\">\n\t\t\t\t\t\t\t<img loading=\"lazy\" decoding=\"async\" data-attachment-id=\"10179\" data-permalink=\"https:\/\/trailforthjournal.com\/es\/cultura\/museo-nahim-isaias-guayaquil\/attachment\/48318183202_302724019b_o\/\" data-orig-file=\"https:\/\/i0.wp.com\/trailforthjournal.com\/es\/wp-content\/uploads\/sites\/4\/2022\/05\/48318183202_302724019b_o-scaled.jpg?fit=2560%2C1635&amp;ssl=1\" data-orig-size=\"2560,1635\" data-comments-opened=\"0\" data-image-meta=\"{&quot;aperture&quot;:&quot;2.8&quot;,&quot;credit&quot;:&quot;&quot;,&quot;camera&quot;:&quot;Canon EOS 5D Mark III&quot;,&quot;caption&quot;:&quot;&quot;,&quot;created_timestamp&quot;:&quot;1563265884&quot;,&quot;copyright&quot;:&quot;&quot;,&quot;focal_length&quot;:&quot;16&quot;,&quot;iso&quot;:&quot;2000&quot;,&quot;shutter_speed&quot;:&quot;0.01&quot;,&quot;title&quot;:&quot;&quot;,&quot;orientation&quot;:&quot;1&quot;}\" data-image-title=\"exhibicion-arte-sacro-esculturas-religiosas\" data-image-description=\"&lt;p&gt;Fotograf\u00eda de interiores de una sala de museo o centro cultural. Se observan varias figuras de Cristo en la cruz dispuestas en las paredes y una escena central de la crucifixi\u00f3n con la Virgen Mar\u00eda y Mar\u00eda Magdalena. Los muros curvos contienen inscripciones de pasajes b\u00edblicos.&lt;\/p&gt;\n\" data-image-caption=\"&lt;p&gt;Una mirada al arte sacro: representaci\u00f3n de la Pasi\u00f3n en una sala que combina fe, historia y tradici\u00f3n art\u00edstica.&lt;\/p&gt;\n\" data-large-file=\"https:\/\/i0.wp.com\/trailforthjournal.com\/es\/wp-content\/uploads\/sites\/4\/2022\/05\/48318183202_302724019b_o-scaled.jpg?fit=1024%2C654&amp;ssl=1\" width=\"2560\" height=\"1635\" src=\"https:\/\/i0.wp.com\/trailforthjournal.com\/es\/wp-content\/uploads\/sites\/4\/2022\/05\/48318183202_302724019b_o-scaled.jpg?fit=2560%2C1635&amp;ssl=1\" class=\"attachment-full size-full wp-image-10179\" alt=\"Sala de museo con exhibici\u00f3n de arte sacro mostrando esculturas de la crucifixi\u00f3n de Jes\u00fas y textos b\u00edblicos en las paredes.\" data-attachment-id=\"10179\" data-permalink=\"https:\/\/trailforthjournal.com\/es\/cultura\/museo-nahim-isaias-guayaquil\/attachment\/48318183202_302724019b_o\/\" data-orig-file=\"https:\/\/i0.wp.com\/trailforthjournal.com\/es\/wp-content\/uploads\/sites\/4\/2022\/05\/48318183202_302724019b_o-scaled.jpg?fit=2560%2C1635&amp;ssl=1\" data-orig-size=\"2560,1635\" data-comments-opened=\"0\" data-image-meta=\"{&quot;aperture&quot;:&quot;2.8&quot;,&quot;credit&quot;:&quot;&quot;,&quot;camera&quot;:&quot;Canon EOS 5D Mark III&quot;,&quot;caption&quot;:&quot;&quot;,&quot;created_timestamp&quot;:&quot;1563265884&quot;,&quot;copyright&quot;:&quot;&quot;,&quot;focal_length&quot;:&quot;16&quot;,&quot;iso&quot;:&quot;2000&quot;,&quot;shutter_speed&quot;:&quot;0.01&quot;,&quot;title&quot;:&quot;&quot;,&quot;orientation&quot;:&quot;1&quot;}\" data-image-title=\"exhibicion-arte-sacro-esculturas-religiosas\" data-image-description=\"&lt;p&gt;Fotograf\u00eda de interiores de una sala de museo o centro cultural. Se observan varias figuras de Cristo en la cruz dispuestas en las paredes y una escena central de la crucifixi\u00f3n con la Virgen Mar\u00eda y Mar\u00eda Magdalena. Los muros curvos contienen inscripciones de pasajes b\u00edblicos.&lt;\/p&gt;\n\" data-image-caption=\"&lt;p&gt;Una mirada al arte sacro: representaci\u00f3n de la Pasi\u00f3n en una sala que combina fe, historia y tradici\u00f3n art\u00edstica.&lt;\/p&gt;\n\" data-large-file=\"https:\/\/i0.wp.com\/trailforthjournal.com\/es\/wp-content\/uploads\/sites\/4\/2022\/05\/48318183202_302724019b_o-scaled.jpg?fit=1024%2C654&amp;ssl=1\" srcset=\"https:\/\/i0.wp.com\/trailforthjournal.com\/es\/wp-content\/uploads\/sites\/4\/2022\/05\/48318183202_302724019b_o-scaled.jpg?w=2560&amp;ssl=1 2560w, https:\/\/i0.wp.com\/trailforthjournal.com\/es\/wp-content\/uploads\/sites\/4\/2022\/05\/48318183202_302724019b_o-scaled.jpg?resize=300%2C192&amp;ssl=1 300w, https:\/\/i0.wp.com\/trailforthjournal.com\/es\/wp-content\/uploads\/sites\/4\/2022\/05\/48318183202_302724019b_o-scaled.jpg?resize=1024%2C654&amp;ssl=1 1024w, https:\/\/i0.wp.com\/trailforthjournal.com\/es\/wp-content\/uploads\/sites\/4\/2022\/05\/48318183202_302724019b_o-scaled.jpg?resize=768%2C490&amp;ssl=1 768w, https:\/\/i0.wp.com\/trailforthjournal.com\/es\/wp-content\/uploads\/sites\/4\/2022\/05\/48318183202_302724019b_o-scaled.jpg?resize=1536%2C981&amp;ssl=1 1536w, https:\/\/i0.wp.com\/trailforthjournal.com\/es\/wp-content\/uploads\/sites\/4\/2022\/05\/48318183202_302724019b_o-scaled.jpg?resize=2048%2C1308&amp;ssl=1 2048w, https:\/\/i0.wp.com\/trailforthjournal.com\/es\/wp-content\/uploads\/sites\/4\/2022\/05\/48318183202_302724019b_o-scaled.jpg?resize=235%2C150&amp;ssl=1 235w, https:\/\/i0.wp.com\/trailforthjournal.com\/es\/wp-content\/uploads\/sites\/4\/2022\/05\/48318183202_302724019b_o-scaled.jpg?resize=600%2C383&amp;ssl=1 600w\" sizes=\"(max-width: 1032px) 100vw, 1032px\" \/>\t\t\t\t\t\t<\/div>\n\t\t\t\t\t\t\t\t\t\t\t\t\t<div class=\"premium-blog-thumbnail-overlay\">\n\t\t\t\t\t\t\t\t<a class=\"elementor-icon\" href=\"https:\/\/trailforthjournal.com\/es\/cultura\/museo-nahim-isaias-guayaquil\/\" target=\"_blank\"><\/a>\n\t\t\t\t\t\t\t<\/div>\n\n\t\t\t\t\t\t\t\t\t\t\t\t\t\t\t\t\t\t<\/div>\n\t\t\t\t\t\t\t\t\t\t\t\t<div class=\"premium-blog-content-wrapper \">\n\n\t\t\t\t\t<div class=\"premium-blog-inner-container\">\n\n\t\t\t\t\t\t\t\t\t\t\t\t\t\t<h1 class=\"premium-blog-entry-title\">\n\t\t\t<a href=\"https:\/\/trailforthjournal.com\/es\/cultura\/museo-nahim-isaias-guayaquil\/\" target=\"_blank\">\n\t\t\t\tMuseo Nah\u00edm Isa\u00edas Barquet: Arte y Colecciones Hist\u00f3ricas en Guayaquil\t\t\t<\/a>\n\t\t<\/h1>\n\t\t\t\t<div class=\"premium-blog-entry-meta\">\n\t\t\t\n\t\t\t\n\t\t\t\n\t\t\t\t\t<\/div>\n\t\t\n\t\t\t\t\t<\/div>\n\n\t\t\t\t\t\t\t\t\t\t\n\t\t\t\t<\/div>\n\t\t\t<\/div>\n\t\t<\/div>\n\n\t\t\t\t\t\t\t<\/div>\n\n\t\t\n\t\t\n\t\t\t\t\t\t<\/div>\n\t\t\t\t<\/div>\n\t\t\t\t\t<\/div>\n\t\t<\/div>\n\t\t\t\t\t<\/div>\n\t\t<\/section>\n\t\t\t\t<section class=\"elementor-section elementor-top-section elementor-element elementor-element-320e122 elementor-section-boxed elementor-section-height-default elementor-section-height-default wpr-particle-no wpr-jarallax-no wpr-parallax-no wpr-sticky-section-no wpr-equal-height-no\" data-id=\"320e122\" data-element_type=\"section\" data-e-type=\"section\">\n\t\t\t\t\t\t<div class=\"elementor-container elementor-column-gap-default\">\n\t\t\t\t\t<div class=\"elementor-column elementor-col-100 elementor-top-column elementor-element elementor-element-f12fa6c\" data-id=\"f12fa6c\" data-element_type=\"column\" data-e-type=\"column\">\n\t\t\t<div class=\"elementor-widget-wrap elementor-element-populated\">\n\t\t\t\t\t\t<div class=\"elementor-element elementor-element-b4f397d elementor-widget elementor-widget-spacer\" data-id=\"b4f397d\" data-element_type=\"widget\" data-e-type=\"widget\" data-widget_type=\"spacer.default\">\n\t\t\t\t<div class=\"elementor-widget-container\">\n\t\t\t\t\t\t\t<div class=\"elementor-spacer\">\n\t\t\t<div class=\"elementor-spacer-inner\"><\/div>\n\t\t<\/div>\n\t\t\t\t\t\t<\/div>\n\t\t\t\t<\/div>\n\t\t\t\t\t<\/div>\n\t\t<\/div>\n\t\t\t\t\t<\/div>\n\t\t<\/section>\n\t\t\t\t<section class=\"elementor-section elementor-top-section elementor-element elementor-element-79c0e99 elementor-section-boxed elementor-section-height-default elementor-section-height-default wpr-particle-no wpr-jarallax-no wpr-parallax-no wpr-sticky-section-no wpr-equal-height-no\" data-id=\"79c0e99\" data-element_type=\"section\" data-e-type=\"section\">\n\t\t\t\t\t\t\t<div class=\"elementor-background-overlay\"><\/div>\n\t\t\t\t\t\t\t<div class=\"elementor-container elementor-column-gap-no\">\n\t\t\t\t\t<div class=\"elementor-column elementor-col-100 elementor-top-column elementor-element elementor-element-55444c9\" data-id=\"55444c9\" data-element_type=\"column\" data-e-type=\"column\">\n\t\t\t<div class=\"elementor-widget-wrap elementor-element-populated\">\n\t\t\t\t\t\t<div class=\"elementor-element elementor-element-1eb79e8 premium-title-color elementor-widget elementor-widget-premium-addon-title\" data-id=\"1eb79e8\" data-element_type=\"widget\" data-e-type=\"widget\" data-widget_type=\"premium-addon-title.default\">\n\t\t\t\t<div class=\"elementor-widget-container\">\n\t\t\t\t\t\n\t\t<div class=\"premium-title-container style7\">\n\t\t\t<h5 class=\"premium-title-header premium-title-style7\">\n\t\t\t\t\t\t\t\t\t\t\t\t\t\t\t<span class=\"premium-title-style7-stripe-wrap\">\n\t\t\t\t\t\t\t<span class=\"premium-title-style7-stripe\"><\/span>\n\t\t\t\t\t\t<\/span>\n\t\t\t\t\t\t\t\t\t\t<div class=\"premium-title-style7-inner\">\n\t\t\t\t\n\t\t\t\t\n\t\t\t\t\t\t\t\t\t\t\t\t\t\t\t\t\t\t\t\t\t<span class=\"premium-title-text\">\n\t\t\t\t\tIr m\u00e1s lejos\t\t\t\t<\/span>\n\t\t\t\t\t\n\t\t\t\t\t\t\t\t\t<\/div>\n\t\t\t\t\t\t\t\t\n\t\t\t\t\t\t\t<\/h5>\n\n\t\t<\/div>\n\n\t\t\t\t\t\t<\/div>\n\t\t\t\t<\/div>\n\t\t\t\t\t<\/div>\n\t\t<\/div>\n\t\t\t\t\t<\/div>\n\t\t<\/section>\n\t\t\t\t<section class=\"elementor-section elementor-top-section elementor-element elementor-element-8ca90c2 elementor-section-full_width elementor-section-content-middle elementor-section-height-default elementor-section-height-default wpr-particle-no wpr-jarallax-no wpr-parallax-no wpr-sticky-section-no wpr-equal-height-no\" data-id=\"8ca90c2\" data-element_type=\"section\" data-e-type=\"section\" data-settings=\"{&quot;background_background&quot;:&quot;classic&quot;}\">\n\t\t\t\t\t\t<div class=\"elementor-container elementor-column-gap-no\">\n\t\t\t\t\t<div class=\"elementor-column elementor-col-100 elementor-top-column elementor-element elementor-element-bee5ede\" data-id=\"bee5ede\" data-element_type=\"column\" data-e-type=\"column\">\n\t\t\t<div class=\"elementor-widget-wrap elementor-element-populated\">\n\t\t\t\t\t\t<div class=\"elementor-element elementor-element-01f1f45 premium-blog-align-left elementor-widget elementor-widget-premium-addon-blog\" data-id=\"01f1f45\" data-element_type=\"widget\" data-e-type=\"widget\" data-settings=\"{&quot;force_height&quot;:&quot;true&quot;,&quot;premium_blog_columns_number&quot;:&quot;25%&quot;,&quot;premium_blog_grid&quot;:&quot;yes&quot;,&quot;premium_blog_layout&quot;:&quot;even&quot;,&quot;premium_blog_columns_number_tablet&quot;:&quot;50%&quot;,&quot;premium_blog_columns_number_mobile&quot;:&quot;100%&quot;,&quot;scroll_to_offset&quot;:&quot;yes&quot;}\" data-widget_type=\"premium-addon-blog.default\">\n\t\t\t\t<div class=\"elementor-widget-container\">\n\t\t\t\t\t\n\t\t\n\n\t\t\t\t<div class=\"premium-blog-wrap  premium-blog-even\" data-page=\"52096\">\n\t\t\t\t\t\t\t\t\t<div class=\"premium-blog-post-outer-container\" data-total=\"3\">\n\t\t\t<div class=\"premium-blog-post-container premium-blog-skin-banner\">\n\t\t\t\t\t\t\t\t\t<div class=\"premium-blog-thumb-effect-wrapper\">\n\t\t\t\t\t\t<div class=\"premium-blog-thumbnail-container premium-blog-zoomin-effect\">\n\t\t\t\t\t\t\t<img loading=\"lazy\" decoding=\"async\" data-attachment-id=\"47755\" data-permalink=\"https:\/\/trailforthjournal.com\/es\/cultura\/centro-historico-cuenca\/attachment\/centro-historico-cuenca-ecuador\/\" data-orig-file=\"https:\/\/i0.wp.com\/trailforthjournal.com\/es\/wp-content\/uploads\/sites\/4\/2025\/01\/centro-historico-cuenca-ecuador.jpg?fit=1280%2C960&amp;ssl=1\" data-orig-size=\"1280,960\" data-comments-opened=\"0\" data-image-meta=\"{&quot;aperture&quot;:&quot;0&quot;,&quot;credit&quot;:&quot;&quot;,&quot;camera&quot;:&quot;&quot;,&quot;caption&quot;:&quot;&quot;,&quot;created_timestamp&quot;:&quot;0&quot;,&quot;copyright&quot;:&quot;&quot;,&quot;focal_length&quot;:&quot;0&quot;,&quot;iso&quot;:&quot;0&quot;,&quot;shutter_speed&quot;:&quot;0&quot;,&quot;title&quot;:&quot;&quot;,&quot;orientation&quot;:&quot;0&quot;}\" data-image-title=\"cuenca-centro-historico-catedral-inmaculada\" data-image-description=\"&lt;p&gt;Vista de la Catedral de la Inmaculada Concepci\u00f3n desde la calle Benigno Malo. Se aprecia el detalle del ladrillo visto, caracter\u00edstico de la ciudad, junto con la vida cotidiana en el Parque Calder\u00f3n y el flujo vehicular del casco antiguo&lt;\/p&gt;\n\" data-image-caption=\"&lt;p&gt;La imponente arquitectura de ladrillo de la Catedral Nueva, s\u00edmbolo del centro hist\u00f3rico de Cuenca.&lt;\/p&gt;\n\" data-large-file=\"https:\/\/i0.wp.com\/trailforthjournal.com\/es\/wp-content\/uploads\/sites\/4\/2025\/01\/centro-historico-cuenca-ecuador.jpg?fit=1024%2C768&amp;ssl=1\" width=\"1280\" height=\"960\" src=\"https:\/\/i0.wp.com\/trailforthjournal.com\/es\/wp-content\/uploads\/sites\/4\/2025\/01\/centro-historico-cuenca-ecuador.jpg?fit=1280%2C960&amp;ssl=1\" class=\"attachment-full size-full wp-image-47755\" alt=\"Fachada lateral de la Catedral de la Inmaculada Concepci\u00f3n en el centro hist\u00f3rico de Cuenca, mostrando su arquitectura de ladrillo y el entorno urbano patrimonial\" data-attachment-id=\"47755\" data-permalink=\"https:\/\/trailforthjournal.com\/es\/cultura\/centro-historico-cuenca\/attachment\/centro-historico-cuenca-ecuador\/\" data-orig-file=\"https:\/\/i0.wp.com\/trailforthjournal.com\/es\/wp-content\/uploads\/sites\/4\/2025\/01\/centro-historico-cuenca-ecuador.jpg?fit=1280%2C960&amp;ssl=1\" data-orig-size=\"1280,960\" data-comments-opened=\"0\" data-image-meta=\"{&quot;aperture&quot;:&quot;0&quot;,&quot;credit&quot;:&quot;&quot;,&quot;camera&quot;:&quot;&quot;,&quot;caption&quot;:&quot;&quot;,&quot;created_timestamp&quot;:&quot;0&quot;,&quot;copyright&quot;:&quot;&quot;,&quot;focal_length&quot;:&quot;0&quot;,&quot;iso&quot;:&quot;0&quot;,&quot;shutter_speed&quot;:&quot;0&quot;,&quot;title&quot;:&quot;&quot;,&quot;orientation&quot;:&quot;0&quot;}\" data-image-title=\"cuenca-centro-historico-catedral-inmaculada\" data-image-description=\"&lt;p&gt;Vista de la Catedral de la Inmaculada Concepci\u00f3n desde la calle Benigno Malo. Se aprecia el detalle del ladrillo visto, caracter\u00edstico de la ciudad, junto con la vida cotidiana en el Parque Calder\u00f3n y el flujo vehicular del casco antiguo&lt;\/p&gt;\n\" data-image-caption=\"&lt;p&gt;La imponente arquitectura de ladrillo de la Catedral Nueva, s\u00edmbolo del centro hist\u00f3rico de Cuenca.&lt;\/p&gt;\n\" data-large-file=\"https:\/\/i0.wp.com\/trailforthjournal.com\/es\/wp-content\/uploads\/sites\/4\/2025\/01\/centro-historico-cuenca-ecuador.jpg?fit=1024%2C768&amp;ssl=1\" srcset=\"https:\/\/i0.wp.com\/trailforthjournal.com\/es\/wp-content\/uploads\/sites\/4\/2025\/01\/centro-historico-cuenca-ecuador.jpg?w=1280&amp;ssl=1 1280w, https:\/\/i0.wp.com\/trailforthjournal.com\/es\/wp-content\/uploads\/sites\/4\/2025\/01\/centro-historico-cuenca-ecuador.jpg?resize=300%2C225&amp;ssl=1 300w, https:\/\/i0.wp.com\/trailforthjournal.com\/es\/wp-content\/uploads\/sites\/4\/2025\/01\/centro-historico-cuenca-ecuador.jpg?resize=1024%2C768&amp;ssl=1 1024w, https:\/\/i0.wp.com\/trailforthjournal.com\/es\/wp-content\/uploads\/sites\/4\/2025\/01\/centro-historico-cuenca-ecuador.jpg?resize=768%2C576&amp;ssl=1 768w, https:\/\/i0.wp.com\/trailforthjournal.com\/es\/wp-content\/uploads\/sites\/4\/2025\/01\/centro-historico-cuenca-ecuador.jpg?resize=67%2C50&amp;ssl=1 67w, https:\/\/i0.wp.com\/trailforthjournal.com\/es\/wp-content\/uploads\/sites\/4\/2025\/01\/centro-historico-cuenca-ecuador.jpg?resize=600%2C450&amp;ssl=1 600w\" sizes=\"(max-width: 1032px) 100vw, 1032px\" \/>\t\t\t\t\t\t<\/div>\n\t\t\t\t\t\t\t\t\t\t\t\t\t<div class=\"premium-blog-thumbnail-overlay\">\n\t\t\t\t\t\t\t\t<a class=\"elementor-icon\" href=\"https:\/\/trailforthjournal.com\/es\/cultura\/centro-historico-cuenca\/\" target=\"_blank\"><\/a>\n\t\t\t\t\t\t\t<\/div>\n\n\t\t\t\t\t\t\t\t\t\t\t\t\t\t\t\t\t\t<\/div>\n\t\t\t\t\t\t\t\t\t\t\t\t<div class=\"premium-blog-content-wrapper \">\n\n\t\t\t\t\t<div class=\"premium-blog-inner-container\">\n\n\t\t\t\t\t\t\t\t\t\t\t\t\t\t<h1 class=\"premium-blog-entry-title\">\n\t\t\t<a href=\"https:\/\/trailforthjournal.com\/es\/cultura\/centro-historico-cuenca\/\" target=\"_blank\">\n\t\t\t\tCentro Hist\u00f3rico de Cuenca: Descubre el Patrimonio de la UNESCO en Ecuador\t\t\t<\/a>\n\t\t<\/h1>\n\t\t\t\t<div class=\"premium-blog-entry-meta\">\n\t\t\t\n\t\t\t\n\t\t\t\n\t\t\t\t\t<\/div>\n\t\t\n\t\t\t\t\t<\/div>\n\n\t\t\t\t\t\t\t\t\t\t\n\t\t\t\t<\/div>\n\t\t\t<\/div>\n\t\t<\/div>\n\n\t\t\t\t<div class=\"premium-blog-post-outer-container\" data-total=\"3\">\n\t\t\t<div class=\"premium-blog-post-container premium-blog-skin-banner\">\n\t\t\t\t\t\t\t\t\t<div class=\"premium-blog-thumb-effect-wrapper\">\n\t\t\t\t\t\t<div class=\"premium-blog-thumbnail-container premium-blog-zoomin-effect\">\n\t\t\t\t\t\t\t<img loading=\"lazy\" decoding=\"async\" data-attachment-id=\"8933\" data-permalink=\"https:\/\/trailforthjournal.com\/es\/cultura\/centro-historico-quito-tesoro-colonial\/attachment\/quito-barroco\/\" data-orig-file=\"https:\/\/i0.wp.com\/trailforthjournal.com\/es\/wp-content\/uploads\/sites\/4\/2022\/05\/Quito-Barroco.jpg?fit=1227%2C777&amp;ssl=1\" data-orig-size=\"1227,777\" data-comments-opened=\"0\" data-image-meta=\"{&quot;aperture&quot;:&quot;0&quot;,&quot;credit&quot;:&quot;Getty Images\/Westend61&quot;,&quot;camera&quot;:&quot;&quot;,&quot;caption&quot;:&quot;&quot;,&quot;created_timestamp&quot;:&quot;1626899310&quot;,&quot;copyright&quot;:&quot;&quot;,&quot;focal_length&quot;:&quot;0&quot;,&quot;iso&quot;:&quot;0&quot;,&quot;shutter_speed&quot;:&quot;0&quot;,&quot;title&quot;:&quot;&quot;,&quot;orientation&quot;:&quot;0&quot;}\" data-image-title=\"quito-nocturno-panecillo-centro-historico\" data-image-description=\"&lt;p&gt;Paisaje urbano nocturno de Quito desde un mirador elevado. Se aprecia la densidad del centro hist\u00f3rico, la iluminaci\u00f3n de las iglesias y el monumento de la Virgen de El Panecillo en la cima del cerro.&lt;\/p&gt;\n\" data-image-caption=\"&lt;p&gt;Quito se ilumina al caer la noche, revelando la silueta de El Panecillo custodiando la capital andina.&lt;\/p&gt;\n\" data-large-file=\"https:\/\/i0.wp.com\/trailforthjournal.com\/es\/wp-content\/uploads\/sites\/4\/2022\/05\/Quito-Barroco.jpg?fit=1024%2C648&amp;ssl=1\" width=\"1227\" height=\"777\" src=\"https:\/\/i0.wp.com\/trailforthjournal.com\/es\/wp-content\/uploads\/sites\/4\/2022\/05\/Quito-Barroco.jpg?fit=1227%2C777&amp;ssl=1\" class=\"attachment-full size-full wp-image-8933\" alt=\"Vista panor\u00e1mica nocturna del centro hist\u00f3rico de Quito, Ecuador, con el cerro de El Panecillo iluminado bajo un cielo p\u00farpura al atardecer\" data-attachment-id=\"8933\" data-permalink=\"https:\/\/trailforthjournal.com\/es\/cultura\/centro-historico-quito-tesoro-colonial\/attachment\/quito-barroco\/\" data-orig-file=\"https:\/\/i0.wp.com\/trailforthjournal.com\/es\/wp-content\/uploads\/sites\/4\/2022\/05\/Quito-Barroco.jpg?fit=1227%2C777&amp;ssl=1\" data-orig-size=\"1227,777\" data-comments-opened=\"0\" data-image-meta=\"{&quot;aperture&quot;:&quot;0&quot;,&quot;credit&quot;:&quot;Getty Images\/Westend61&quot;,&quot;camera&quot;:&quot;&quot;,&quot;caption&quot;:&quot;&quot;,&quot;created_timestamp&quot;:&quot;1626899310&quot;,&quot;copyright&quot;:&quot;&quot;,&quot;focal_length&quot;:&quot;0&quot;,&quot;iso&quot;:&quot;0&quot;,&quot;shutter_speed&quot;:&quot;0&quot;,&quot;title&quot;:&quot;&quot;,&quot;orientation&quot;:&quot;0&quot;}\" data-image-title=\"quito-nocturno-panecillo-centro-historico\" data-image-description=\"&lt;p&gt;Paisaje urbano nocturno de Quito desde un mirador elevado. Se aprecia la densidad del centro hist\u00f3rico, la iluminaci\u00f3n de las iglesias y el monumento de la Virgen de El Panecillo en la cima del cerro.&lt;\/p&gt;\n\" data-image-caption=\"&lt;p&gt;Quito se ilumina al caer la noche, revelando la silueta de El Panecillo custodiando la capital andina.&lt;\/p&gt;\n\" data-large-file=\"https:\/\/i0.wp.com\/trailforthjournal.com\/es\/wp-content\/uploads\/sites\/4\/2022\/05\/Quito-Barroco.jpg?fit=1024%2C648&amp;ssl=1\" srcset=\"https:\/\/i0.wp.com\/trailforthjournal.com\/es\/wp-content\/uploads\/sites\/4\/2022\/05\/Quito-Barroco.jpg?w=1227&amp;ssl=1 1227w, https:\/\/i0.wp.com\/trailforthjournal.com\/es\/wp-content\/uploads\/sites\/4\/2022\/05\/Quito-Barroco.jpg?resize=300%2C190&amp;ssl=1 300w, https:\/\/i0.wp.com\/trailforthjournal.com\/es\/wp-content\/uploads\/sites\/4\/2022\/05\/Quito-Barroco.jpg?resize=1024%2C648&amp;ssl=1 1024w, https:\/\/i0.wp.com\/trailforthjournal.com\/es\/wp-content\/uploads\/sites\/4\/2022\/05\/Quito-Barroco.jpg?resize=768%2C486&amp;ssl=1 768w, https:\/\/i0.wp.com\/trailforthjournal.com\/es\/wp-content\/uploads\/sites\/4\/2022\/05\/Quito-Barroco.jpg?resize=237%2C150&amp;ssl=1 237w, https:\/\/i0.wp.com\/trailforthjournal.com\/es\/wp-content\/uploads\/sites\/4\/2022\/05\/Quito-Barroco.jpg?resize=600%2C380&amp;ssl=1 600w\" sizes=\"(max-width: 1032px) 100vw, 1032px\" \/>\t\t\t\t\t\t<\/div>\n\t\t\t\t\t\t\t\t\t\t\t\t\t<div class=\"premium-blog-thumbnail-overlay\">\n\t\t\t\t\t\t\t\t<a class=\"elementor-icon\" href=\"https:\/\/trailforthjournal.com\/es\/cultura\/centro-historico-quito-tesoro-colonial\/\" target=\"_blank\"><\/a>\n\t\t\t\t\t\t\t<\/div>\n\n\t\t\t\t\t\t\t\t\t\t\t\t\t\t\t\t\t\t<\/div>\n\t\t\t\t\t\t\t\t\t\t\t\t<div class=\"premium-blog-content-wrapper \">\n\n\t\t\t\t\t<div class=\"premium-blog-inner-container\">\n\n\t\t\t\t\t\t\t\t\t\t\t\t\t\t<h1 class=\"premium-blog-entry-title\">\n\t\t\t<a href=\"https:\/\/trailforthjournal.com\/es\/cultura\/centro-historico-quito-tesoro-colonial\/\" target=\"_blank\">\n\t\t\t\tLa Magia del Centro Hist\u00f3rico de Quito: Patrimonio de la Humanidad (1978) y tesoro colonial\t\t\t<\/a>\n\t\t<\/h1>\n\t\t\t\t<div class=\"premium-blog-entry-meta\">\n\t\t\t\n\t\t\t\n\t\t\t\n\t\t\t\t\t<\/div>\n\t\t\n\t\t\t\t\t<\/div>\n\n\t\t\t\t\t\t\t\t\t\t\n\t\t\t\t<\/div>\n\t\t\t<\/div>\n\t\t<\/div>\n\n\t\t\t\t<div class=\"premium-blog-post-outer-container\" data-total=\"3\">\n\t\t\t<div class=\"premium-blog-post-container premium-blog-skin-banner\">\n\t\t\t\t\t\t\t\t\t<div class=\"premium-blog-thumb-effect-wrapper\">\n\t\t\t\t\t\t<div class=\"premium-blog-thumbnail-container premium-blog-zoomin-effect\">\n\t\t\t\t\t\t\t<img loading=\"lazy\" decoding=\"async\" data-attachment-id=\"8506\" data-permalink=\"https:\/\/trailforthjournal.com\/es\/aventura\/tres-lugares-acampar-ecuador\/attachment\/2022-04-29_11-52-42\/\" data-orig-file=\"https:\/\/i0.wp.com\/trailforthjournal.com\/es\/wp-content\/uploads\/sites\/4\/2022\/04\/2022-04-29_11-52-42.jpg?fit=1280%2C853&amp;ssl=1\" data-orig-size=\"1280,853\" data-comments-opened=\"0\" data-image-meta=\"{&quot;aperture&quot;:&quot;8&quot;,&quot;credit&quot;:&quot;&quot;,&quot;camera&quot;:&quot;Canon EOS 500D&quot;,&quot;caption&quot;:&quot;&quot;,&quot;created_timestamp&quot;:&quot;1418483585&quot;,&quot;copyright&quot;:&quot;&quot;,&quot;focal_length&quot;:&quot;18&quot;,&quot;iso&quot;:&quot;100&quot;,&quot;shutter_speed&quot;:&quot;0.005&quot;,&quot;title&quot;:&quot;&quot;,&quot;orientation&quot;:&quot;1&quot;}\" data-image-title=\"Tres lugares m\u00e1gicos para acampar en Ecuador.\" data-image-description=\"&lt;p&gt;Tres lugares m\u00e1gicos para acampar en Ecuador.&lt;\/p&gt;\n\" data-image-caption=\"&lt;p&gt;Tres lugares m\u00e1gicos para acampar en Ecuador.&lt;\/p&gt;\n\" data-large-file=\"https:\/\/i0.wp.com\/trailforthjournal.com\/es\/wp-content\/uploads\/sites\/4\/2022\/04\/2022-04-29_11-52-42.jpg?fit=1024%2C682&amp;ssl=1\" width=\"1280\" height=\"853\" src=\"https:\/\/i0.wp.com\/trailforthjournal.com\/es\/wp-content\/uploads\/sites\/4\/2022\/04\/2022-04-29_11-52-42.jpg?fit=1280%2C853&amp;ssl=1\" class=\"attachment-full size-full wp-image-8506\" alt=\"Tres lugares m\u00e1gicos para acampar en Ecuador.\" data-attachment-id=\"8506\" data-permalink=\"https:\/\/trailforthjournal.com\/es\/aventura\/tres-lugares-acampar-ecuador\/attachment\/2022-04-29_11-52-42\/\" data-orig-file=\"https:\/\/i0.wp.com\/trailforthjournal.com\/es\/wp-content\/uploads\/sites\/4\/2022\/04\/2022-04-29_11-52-42.jpg?fit=1280%2C853&amp;ssl=1\" data-orig-size=\"1280,853\" data-comments-opened=\"0\" data-image-meta=\"{&quot;aperture&quot;:&quot;8&quot;,&quot;credit&quot;:&quot;&quot;,&quot;camera&quot;:&quot;Canon EOS 500D&quot;,&quot;caption&quot;:&quot;&quot;,&quot;created_timestamp&quot;:&quot;1418483585&quot;,&quot;copyright&quot;:&quot;&quot;,&quot;focal_length&quot;:&quot;18&quot;,&quot;iso&quot;:&quot;100&quot;,&quot;shutter_speed&quot;:&quot;0.005&quot;,&quot;title&quot;:&quot;&quot;,&quot;orientation&quot;:&quot;1&quot;}\" data-image-title=\"Tres lugares m\u00e1gicos para acampar en Ecuador.\" data-image-description=\"&lt;p&gt;Tres lugares m\u00e1gicos para acampar en Ecuador.&lt;\/p&gt;\n\" data-image-caption=\"&lt;p&gt;Tres lugares m\u00e1gicos para acampar en Ecuador.&lt;\/p&gt;\n\" data-large-file=\"https:\/\/i0.wp.com\/trailforthjournal.com\/es\/wp-content\/uploads\/sites\/4\/2022\/04\/2022-04-29_11-52-42.jpg?fit=1024%2C682&amp;ssl=1\" srcset=\"https:\/\/i0.wp.com\/trailforthjournal.com\/es\/wp-content\/uploads\/sites\/4\/2022\/04\/2022-04-29_11-52-42.jpg?w=1280&amp;ssl=1 1280w, https:\/\/i0.wp.com\/trailforthjournal.com\/es\/wp-content\/uploads\/sites\/4\/2022\/04\/2022-04-29_11-52-42.jpg?resize=300%2C200&amp;ssl=1 300w, https:\/\/i0.wp.com\/trailforthjournal.com\/es\/wp-content\/uploads\/sites\/4\/2022\/04\/2022-04-29_11-52-42.jpg?resize=1024%2C682&amp;ssl=1 1024w, https:\/\/i0.wp.com\/trailforthjournal.com\/es\/wp-content\/uploads\/sites\/4\/2022\/04\/2022-04-29_11-52-42.jpg?resize=768%2C512&amp;ssl=1 768w, https:\/\/i0.wp.com\/trailforthjournal.com\/es\/wp-content\/uploads\/sites\/4\/2022\/04\/2022-04-29_11-52-42.jpg?resize=225%2C150&amp;ssl=1 225w, https:\/\/i0.wp.com\/trailforthjournal.com\/es\/wp-content\/uploads\/sites\/4\/2022\/04\/2022-04-29_11-52-42.jpg?resize=600%2C400&amp;ssl=1 600w\" sizes=\"(max-width: 1032px) 100vw, 1032px\" \/>\t\t\t\t\t\t<\/div>\n\t\t\t\t\t\t\t\t\t\t\t\t\t<div class=\"premium-blog-thumbnail-overlay\">\n\t\t\t\t\t\t\t\t<a class=\"elementor-icon\" href=\"https:\/\/trailforthjournal.com\/es\/aventura\/tres-lugares-acampar-ecuador\/\" target=\"_blank\"><\/a>\n\t\t\t\t\t\t\t<\/div>\n\n\t\t\t\t\t\t\t\t\t\t\t\t\t\t\t\t\t\t<\/div>\n\t\t\t\t\t\t\t\t\t\t\t\t<div class=\"premium-blog-content-wrapper \">\n\n\t\t\t\t\t<div class=\"premium-blog-inner-container\">\n\n\t\t\t\t\t\t\t\t\t\t\t\t\t\t<h1 class=\"premium-blog-entry-title\">\n\t\t\t<a href=\"https:\/\/trailforthjournal.com\/es\/aventura\/tres-lugares-acampar-ecuador\/\" target=\"_blank\">\n\t\t\t\tTres lugares m\u00e1gicos para acampar en Ecuador: naturaleza, aventura y estrellas\t\t\t<\/a>\n\t\t<\/h1>\n\t\t\t\t<div class=\"premium-blog-entry-meta\">\n\t\t\t\n\t\t\t\n\t\t\t\n\t\t\t\t\t<\/div>\n\t\t\n\t\t\t\t\t<\/div>\n\n\t\t\t\t\t\t\t\t\t\t\n\t\t\t\t<\/div>\n\t\t\t<\/div>\n\t\t<\/div>\n\n\t\t\t\t<div class=\"premium-blog-post-outer-container\" data-total=\"3\">\n\t\t\t<div class=\"premium-blog-post-container premium-blog-skin-banner\">\n\t\t\t\t\t\t\t\t\t<div class=\"premium-blog-thumb-effect-wrapper\">\n\t\t\t\t\t\t<div class=\"premium-blog-thumbnail-container premium-blog-zoomin-effect\">\n\t\t\t\t\t\t\t<img loading=\"lazy\" decoding=\"async\" data-attachment-id=\"47589\" data-permalink=\"https:\/\/trailforthjournal.com\/es\/aventura\/parque-nacional-cajas-lagunas\/attachment\/parque-nacional-cajas-visita\/\" data-orig-file=\"https:\/\/i0.wp.com\/trailforthjournal.com\/es\/wp-content\/uploads\/sites\/4\/2022\/05\/parque-nacional-cajas-visita-scaled.jpg?fit=2560%2C2344&amp;ssl=1\" data-orig-size=\"2560,2344\" data-comments-opened=\"0\" data-image-meta=\"{&quot;aperture&quot;:&quot;0&quot;,&quot;credit&quot;:&quot;&quot;,&quot;camera&quot;:&quot;&quot;,&quot;caption&quot;:&quot;&quot;,&quot;created_timestamp&quot;:&quot;0&quot;,&quot;copyright&quot;:&quot;&quot;,&quot;focal_length&quot;:&quot;0&quot;,&quot;iso&quot;:&quot;0&quot;,&quot;shutter_speed&quot;:&quot;0&quot;,&quot;title&quot;:&quot;&quot;,&quot;orientation&quot;:&quot;0&quot;}\" data-image-title=\"parque-nacional-cajas-azuay-paramo-ecuador\" data-image-description=\"&lt;p&gt;Vista panor\u00e1mica del Parque Nacional Cajas durante el ocaso. Se aprecian las siluetas de las monta\u00f1as escarpadas, una peque\u00f1a cascada o riachuelo descendiendo por la ladera, y la caracter\u00edstica neblina del p\u00e1ramo envolviendo los picos. En primer plano, se observa el reflejo de la luz residual sobre una laguna&lt;\/p&gt;\n\" data-image-caption=\"&lt;p&gt;El Parque Nacional Cajas: un santuario de agua y roca en las tierras altas de los Andes ecuatorianos&lt;\/p&gt;\n\" data-large-file=\"https:\/\/i0.wp.com\/trailforthjournal.com\/es\/wp-content\/uploads\/sites\/4\/2022\/05\/parque-nacional-cajas-visita-scaled.jpg?fit=1024%2C938&amp;ssl=1\" width=\"2560\" height=\"2344\" src=\"https:\/\/i0.wp.com\/trailforthjournal.com\/es\/wp-content\/uploads\/sites\/4\/2022\/05\/parque-nacional-cajas-visita-scaled.jpg?fit=2560%2C2344&amp;ssl=1\" class=\"attachment-full size-full wp-image-47589\" alt=\"Paisaje de monta\u00f1a en el Parque Nacional Cajas, Azuay, con formaciones rocosas, neblina y una laguna al atardecer\" data-attachment-id=\"47589\" data-permalink=\"https:\/\/trailforthjournal.com\/es\/aventura\/parque-nacional-cajas-lagunas\/attachment\/parque-nacional-cajas-visita\/\" data-orig-file=\"https:\/\/i0.wp.com\/trailforthjournal.com\/es\/wp-content\/uploads\/sites\/4\/2022\/05\/parque-nacional-cajas-visita-scaled.jpg?fit=2560%2C2344&amp;ssl=1\" data-orig-size=\"2560,2344\" data-comments-opened=\"0\" data-image-meta=\"{&quot;aperture&quot;:&quot;0&quot;,&quot;credit&quot;:&quot;&quot;,&quot;camera&quot;:&quot;&quot;,&quot;caption&quot;:&quot;&quot;,&quot;created_timestamp&quot;:&quot;0&quot;,&quot;copyright&quot;:&quot;&quot;,&quot;focal_length&quot;:&quot;0&quot;,&quot;iso&quot;:&quot;0&quot;,&quot;shutter_speed&quot;:&quot;0&quot;,&quot;title&quot;:&quot;&quot;,&quot;orientation&quot;:&quot;0&quot;}\" data-image-title=\"parque-nacional-cajas-azuay-paramo-ecuador\" data-image-description=\"&lt;p&gt;Vista panor\u00e1mica del Parque Nacional Cajas durante el ocaso. Se aprecian las siluetas de las monta\u00f1as escarpadas, una peque\u00f1a cascada o riachuelo descendiendo por la ladera, y la caracter\u00edstica neblina del p\u00e1ramo envolviendo los picos. En primer plano, se observa el reflejo de la luz residual sobre una laguna&lt;\/p&gt;\n\" data-image-caption=\"&lt;p&gt;El Parque Nacional Cajas: un santuario de agua y roca en las tierras altas de los Andes ecuatorianos&lt;\/p&gt;\n\" data-large-file=\"https:\/\/i0.wp.com\/trailforthjournal.com\/es\/wp-content\/uploads\/sites\/4\/2022\/05\/parque-nacional-cajas-visita-scaled.jpg?fit=1024%2C938&amp;ssl=1\" srcset=\"https:\/\/i0.wp.com\/trailforthjournal.com\/es\/wp-content\/uploads\/sites\/4\/2022\/05\/parque-nacional-cajas-visita-scaled.jpg?w=2560&amp;ssl=1 2560w, https:\/\/i0.wp.com\/trailforthjournal.com\/es\/wp-content\/uploads\/sites\/4\/2022\/05\/parque-nacional-cajas-visita-scaled.jpg?resize=300%2C275&amp;ssl=1 300w, https:\/\/i0.wp.com\/trailforthjournal.com\/es\/wp-content\/uploads\/sites\/4\/2022\/05\/parque-nacional-cajas-visita-scaled.jpg?resize=1024%2C938&amp;ssl=1 1024w, https:\/\/i0.wp.com\/trailforthjournal.com\/es\/wp-content\/uploads\/sites\/4\/2022\/05\/parque-nacional-cajas-visita-scaled.jpg?resize=768%2C703&amp;ssl=1 768w, https:\/\/i0.wp.com\/trailforthjournal.com\/es\/wp-content\/uploads\/sites\/4\/2022\/05\/parque-nacional-cajas-visita-scaled.jpg?resize=1536%2C1406&amp;ssl=1 1536w, https:\/\/i0.wp.com\/trailforthjournal.com\/es\/wp-content\/uploads\/sites\/4\/2022\/05\/parque-nacional-cajas-visita-scaled.jpg?resize=2048%2C1875&amp;ssl=1 2048w, https:\/\/i0.wp.com\/trailforthjournal.com\/es\/wp-content\/uploads\/sites\/4\/2022\/05\/parque-nacional-cajas-visita-scaled.jpg?resize=55%2C50&amp;ssl=1 55w, https:\/\/i0.wp.com\/trailforthjournal.com\/es\/wp-content\/uploads\/sites\/4\/2022\/05\/parque-nacional-cajas-visita-scaled.jpg?resize=600%2C549&amp;ssl=1 600w\" sizes=\"(max-width: 1032px) 100vw, 1032px\" \/>\t\t\t\t\t\t<\/div>\n\t\t\t\t\t\t\t\t\t\t\t\t\t<div class=\"premium-blog-thumbnail-overlay\">\n\t\t\t\t\t\t\t\t<a class=\"elementor-icon\" href=\"https:\/\/trailforthjournal.com\/es\/aventura\/parque-nacional-cajas-lagunas\/\" target=\"_blank\"><\/a>\n\t\t\t\t\t\t\t<\/div>\n\n\t\t\t\t\t\t\t\t\t\t\t\t\t\t\t\t\t\t<\/div>\n\t\t\t\t\t\t\t\t\t\t\t\t<div class=\"premium-blog-content-wrapper \">\n\n\t\t\t\t\t<div class=\"premium-blog-inner-container\">\n\n\t\t\t\t\t\t\t\t\t\t\t\t\t\t<h1 class=\"premium-blog-entry-title\">\n\t\t\t<a href=\"https:\/\/trailforthjournal.com\/es\/aventura\/parque-nacional-cajas-lagunas\/\" target=\"_blank\">\n\t\t\t\tGu\u00eda Completa del Parque Nacional Cajas: Qu\u00e9 ver, rutas y consejos (2026)\t\t\t<\/a>\n\t\t<\/h1>\n\t\t\t\t<div class=\"premium-blog-entry-meta\">\n\t\t\t\n\t\t\t\n\t\t\t\n\t\t\t\t\t<\/div>\n\t\t\n\t\t\t\t\t<\/div>\n\n\t\t\t\t\t\t\t\t\t\t\n\t\t\t\t<\/div>\n\t\t\t<\/div>\n\t\t<\/div>\n\n\t\t\t\t\t\t\t<\/div>\n\n\t\t\n\t\t\n\t\t\t\t\t\t<\/div>\n\t\t\t\t<\/div>\n\t\t\t\t\t<\/div>\n\t\t<\/div>\n\t\t\t\t\t<\/div>\n\t\t<\/section>\n\t\t\t\t<section class=\"elementor-section elementor-top-section elementor-element elementor-element-49b0b27 elementor-section-full_width elementor-section-content-middle elementor-section-height-default elementor-section-height-default wpr-particle-no wpr-jarallax-no wpr-parallax-no wpr-sticky-section-no wpr-equal-height-no\" data-id=\"49b0b27\" data-element_type=\"section\" data-e-type=\"section\" data-settings=\"{&quot;background_background&quot;:&quot;classic&quot;}\">\n\t\t\t\t\t\t<div class=\"elementor-container elementor-column-gap-no\">\n\t\t\t\t\t<div class=\"elementor-column elementor-col-100 elementor-top-column elementor-element elementor-element-e4f4dc3\" data-id=\"e4f4dc3\" data-element_type=\"column\" data-e-type=\"column\">\n\t\t\t<div class=\"elementor-widget-wrap elementor-element-populated\">\n\t\t\t\t\t\t<div class=\"elementor-element elementor-element-f8b6dab premium-blog-align-left elementor-widget elementor-widget-premium-addon-blog\" data-id=\"f8b6dab\" data-element_type=\"widget\" data-e-type=\"widget\" data-settings=\"{&quot;force_height&quot;:&quot;true&quot;,&quot;premium_blog_columns_number&quot;:&quot;25%&quot;,&quot;premium_blog_grid&quot;:&quot;yes&quot;,&quot;premium_blog_layout&quot;:&quot;even&quot;,&quot;premium_blog_columns_number_tablet&quot;:&quot;50%&quot;,&quot;premium_blog_columns_number_mobile&quot;:&quot;100%&quot;,&quot;scroll_to_offset&quot;:&quot;yes&quot;}\" data-widget_type=\"premium-addon-blog.default\">\n\t\t\t\t<div class=\"elementor-widget-container\">\n\t\t\t\t\t\n\t\t\n\n\t\t\t\t<div class=\"premium-blog-wrap  premium-blog-even\" data-page=\"52096\">\n\t\t\t\t\t\t\t\t\t<div class=\"premium-blog-post-outer-container\" data-total=\"2\">\n\t\t\t<div class=\"premium-blog-post-container premium-blog-skin-banner\">\n\t\t\t\t\t\t\t\t\t<div class=\"premium-blog-thumb-effect-wrapper\">\n\t\t\t\t\t\t<div class=\"premium-blog-thumbnail-container premium-blog-zoomin-effect\">\n\t\t\t\t\t\t\t<img loading=\"lazy\" decoding=\"async\" data-attachment-id=\"41861\" data-permalink=\"https:\/\/trailforthjournal.com\/es\/embajador\/\" data-orig-file=\"https:\/\/i0.wp.com\/trailforthjournal.com\/es\/wp-content\/uploads\/sites\/4\/2025\/06\/Embajador.jpg?fit=2457%2C1771&amp;ssl=1\" data-orig-size=\"2457,1771\" data-comments-opened=\"0\" data-image-meta=\"{&quot;aperture&quot;:&quot;0&quot;,&quot;credit&quot;:&quot;&quot;,&quot;camera&quot;:&quot;&quot;,&quot;caption&quot;:&quot;&quot;,&quot;created_timestamp&quot;:&quot;0&quot;,&quot;copyright&quot;:&quot;&quot;,&quot;focal_length&quot;:&quot;0&quot;,&quot;iso&quot;:&quot;0&quot;,&quot;shutter_speed&quot;:&quot;0&quot;,&quot;title&quot;:&quot;&quot;,&quot;orientation&quot;:&quot;0&quot;}\" data-image-title=\"Embajador de ecuador\" data-image-description=\"&lt;p&gt;Embajador de ecuador&lt;\/p&gt;\n\" data-image-caption=\"&lt;p&gt;Embajador de ecuador&lt;\/p&gt;\n\" data-large-file=\"https:\/\/i0.wp.com\/trailforthjournal.com\/es\/wp-content\/uploads\/sites\/4\/2025\/06\/Embajador.jpg?fit=1024%2C738&amp;ssl=1\" width=\"2457\" height=\"1771\" src=\"https:\/\/i0.wp.com\/trailforthjournal.com\/es\/wp-content\/uploads\/sites\/4\/2025\/06\/Embajador.jpg?fit=2457%2C1771&amp;ssl=1\" class=\"attachment-full size-full wp-image-41861\" alt=\"Embajador de ecuador\" data-attachment-id=\"41861\" data-permalink=\"https:\/\/trailforthjournal.com\/es\/embajador\/\" data-orig-file=\"https:\/\/i0.wp.com\/trailforthjournal.com\/es\/wp-content\/uploads\/sites\/4\/2025\/06\/Embajador.jpg?fit=2457%2C1771&amp;ssl=1\" data-orig-size=\"2457,1771\" data-comments-opened=\"0\" data-image-meta=\"{&quot;aperture&quot;:&quot;0&quot;,&quot;credit&quot;:&quot;&quot;,&quot;camera&quot;:&quot;&quot;,&quot;caption&quot;:&quot;&quot;,&quot;created_timestamp&quot;:&quot;0&quot;,&quot;copyright&quot;:&quot;&quot;,&quot;focal_length&quot;:&quot;0&quot;,&quot;iso&quot;:&quot;0&quot;,&quot;shutter_speed&quot;:&quot;0&quot;,&quot;title&quot;:&quot;&quot;,&quot;orientation&quot;:&quot;0&quot;}\" data-image-title=\"Embajador de ecuador\" data-image-description=\"&lt;p&gt;Embajador de ecuador&lt;\/p&gt;\n\" data-image-caption=\"&lt;p&gt;Embajador de ecuador&lt;\/p&gt;\n\" data-large-file=\"https:\/\/i0.wp.com\/trailforthjournal.com\/es\/wp-content\/uploads\/sites\/4\/2025\/06\/Embajador.jpg?fit=1024%2C738&amp;ssl=1\" srcset=\"https:\/\/i0.wp.com\/trailforthjournal.com\/es\/wp-content\/uploads\/sites\/4\/2025\/06\/Embajador.jpg?w=2457&amp;ssl=1 2457w, https:\/\/i0.wp.com\/trailforthjournal.com\/es\/wp-content\/uploads\/sites\/4\/2025\/06\/Embajador.jpg?resize=300%2C216&amp;ssl=1 300w, https:\/\/i0.wp.com\/trailforthjournal.com\/es\/wp-content\/uploads\/sites\/4\/2025\/06\/Embajador.jpg?resize=1024%2C738&amp;ssl=1 1024w, https:\/\/i0.wp.com\/trailforthjournal.com\/es\/wp-content\/uploads\/sites\/4\/2025\/06\/Embajador.jpg?resize=768%2C554&amp;ssl=1 768w, https:\/\/i0.wp.com\/trailforthjournal.com\/es\/wp-content\/uploads\/sites\/4\/2025\/06\/Embajador.jpg?resize=1536%2C1107&amp;ssl=1 1536w, https:\/\/i0.wp.com\/trailforthjournal.com\/es\/wp-content\/uploads\/sites\/4\/2025\/06\/Embajador.jpg?resize=2048%2C1476&amp;ssl=1 2048w, https:\/\/i0.wp.com\/trailforthjournal.com\/es\/wp-content\/uploads\/sites\/4\/2025\/06\/Embajador.jpg?resize=69%2C50&amp;ssl=1 69w, https:\/\/i0.wp.com\/trailforthjournal.com\/es\/wp-content\/uploads\/sites\/4\/2025\/06\/Embajador.jpg?resize=600%2C432&amp;ssl=1 600w\" sizes=\"(max-width: 1032px) 100vw, 1032px\" \/>\t\t\t\t\t\t<\/div>\n\t\t\t\t\t\t\t\t\t\t\t\t\t<div class=\"premium-blog-thumbnail-overlay\">\n\t\t\t\t\t\t\t\t<a class=\"elementor-icon\" href=\"https:\/\/trailforthjournal.com\/es\/agencia\/registro-operadores-turistico-ecuador\/\" target=\"_blank\"><\/a>\n\t\t\t\t\t\t\t<\/div>\n\n\t\t\t\t\t\t\t\t\t\t\t\t\t\t\t\t\t\t<\/div>\n\t\t\t\t\t\t\t\t\t\t\t\t<div class=\"premium-blog-content-wrapper \">\n\n\t\t\t\t\t<div class=\"premium-blog-inner-container\">\n\n\t\t\t\t\t\t\t\t\t\t\t\t\t\t<h1 class=\"premium-blog-entry-title\">\n\t\t\t<a href=\"https:\/\/trailforthjournal.com\/es\/agencia\/registro-operadores-turistico-ecuador\/\" target=\"_blank\">\n\t\t\t\tRegistro de Operadores Tur\u00edsticos Ecuador | \u00danete a Trail Forth Journal\t\t\t<\/a>\n\t\t<\/h1>\n\t\t\t\t<div class=\"premium-blog-entry-meta\">\n\t\t\t\n\t\t\t\n\t\t\t\n\t\t\t\t\t<\/div>\n\t\t\n\t\t\t\t\t<\/div>\n\n\t\t\t\t\t\t\t\t\t\t\n\t\t\t\t<\/div>\n\t\t\t<\/div>\n\t\t<\/div>\n\n\t\t\t\t<div class=\"premium-blog-post-outer-container\" data-total=\"2\">\n\t\t\t<div class=\"premium-blog-post-container premium-blog-skin-banner\">\n\t\t\t\t\t\t\t\t\t<div class=\"premium-blog-thumb-effect-wrapper\">\n\t\t\t\t\t\t<div class=\"premium-blog-thumbnail-container premium-blog-zoomin-effect\">\n\t\t\t\t\t\t\t<img loading=\"lazy\" decoding=\"async\" data-attachment-id=\"50259\" data-permalink=\"https:\/\/trailforthjournal.com\/es\/ambiente\/guia-playas-ecuador\/attachment\/playas-de-ecuador\/\" data-orig-file=\"https:\/\/i0.wp.com\/trailforthjournal.com\/es\/wp-content\/uploads\/sites\/4\/2022\/11\/playas-de-ecuador.jpg?fit=1920%2C1440&amp;ssl=1\" data-orig-size=\"1920,1440\" data-comments-opened=\"0\" data-image-meta=\"{&quot;aperture&quot;:&quot;0&quot;,&quot;credit&quot;:&quot;&quot;,&quot;camera&quot;:&quot;&quot;,&quot;caption&quot;:&quot;&quot;,&quot;created_timestamp&quot;:&quot;0&quot;,&quot;copyright&quot;:&quot;&quot;,&quot;focal_length&quot;:&quot;0&quot;,&quot;iso&quot;:&quot;0&quot;,&quot;shutter_speed&quot;:&quot;0&quot;,&quot;title&quot;:&quot;&quot;,&quot;orientation&quot;:&quot;0&quot;}\" data-image-title=\"playas-de-ecuador\" data-image-description=\"\" data-image-caption=\"\" data-large-file=\"https:\/\/i0.wp.com\/trailforthjournal.com\/es\/wp-content\/uploads\/sites\/4\/2022\/11\/playas-de-ecuador.jpg?fit=1024%2C768&amp;ssl=1\" width=\"1920\" height=\"1440\" src=\"https:\/\/i0.wp.com\/trailforthjournal.com\/es\/wp-content\/uploads\/sites\/4\/2022\/11\/playas-de-ecuador.jpg?fit=1920%2C1440&amp;ssl=1\" class=\"attachment-full size-full wp-image-50259\" alt=\"\" data-attachment-id=\"50259\" data-permalink=\"https:\/\/trailforthjournal.com\/es\/ambiente\/guia-playas-ecuador\/attachment\/playas-de-ecuador\/\" data-orig-file=\"https:\/\/i0.wp.com\/trailforthjournal.com\/es\/wp-content\/uploads\/sites\/4\/2022\/11\/playas-de-ecuador.jpg?fit=1920%2C1440&amp;ssl=1\" data-orig-size=\"1920,1440\" data-comments-opened=\"0\" data-image-meta=\"{&quot;aperture&quot;:&quot;0&quot;,&quot;credit&quot;:&quot;&quot;,&quot;camera&quot;:&quot;&quot;,&quot;caption&quot;:&quot;&quot;,&quot;created_timestamp&quot;:&quot;0&quot;,&quot;copyright&quot;:&quot;&quot;,&quot;focal_length&quot;:&quot;0&quot;,&quot;iso&quot;:&quot;0&quot;,&quot;shutter_speed&quot;:&quot;0&quot;,&quot;title&quot;:&quot;&quot;,&quot;orientation&quot;:&quot;0&quot;}\" data-image-title=\"playas-de-ecuador\" data-image-description=\"\" data-image-caption=\"\" data-large-file=\"https:\/\/i0.wp.com\/trailforthjournal.com\/es\/wp-content\/uploads\/sites\/4\/2022\/11\/playas-de-ecuador.jpg?fit=1024%2C768&amp;ssl=1\" srcset=\"https:\/\/i0.wp.com\/trailforthjournal.com\/es\/wp-content\/uploads\/sites\/4\/2022\/11\/playas-de-ecuador.jpg?w=1920&amp;ssl=1 1920w, https:\/\/i0.wp.com\/trailforthjournal.com\/es\/wp-content\/uploads\/sites\/4\/2022\/11\/playas-de-ecuador.jpg?resize=300%2C225&amp;ssl=1 300w, https:\/\/i0.wp.com\/trailforthjournal.com\/es\/wp-content\/uploads\/sites\/4\/2022\/11\/playas-de-ecuador.jpg?resize=1024%2C768&amp;ssl=1 1024w, https:\/\/i0.wp.com\/trailforthjournal.com\/es\/wp-content\/uploads\/sites\/4\/2022\/11\/playas-de-ecuador.jpg?resize=768%2C576&amp;ssl=1 768w, https:\/\/i0.wp.com\/trailforthjournal.com\/es\/wp-content\/uploads\/sites\/4\/2022\/11\/playas-de-ecuador.jpg?resize=1536%2C1152&amp;ssl=1 1536w, https:\/\/i0.wp.com\/trailforthjournal.com\/es\/wp-content\/uploads\/sites\/4\/2022\/11\/playas-de-ecuador.jpg?resize=67%2C50&amp;ssl=1 67w, https:\/\/i0.wp.com\/trailforthjournal.com\/es\/wp-content\/uploads\/sites\/4\/2022\/11\/playas-de-ecuador.jpg?resize=600%2C450&amp;ssl=1 600w\" sizes=\"(max-width: 1032px) 100vw, 1032px\" \/>\t\t\t\t\t\t<\/div>\n\t\t\t\t\t\t\t\t\t\t\t\t\t<div class=\"premium-blog-thumbnail-overlay\">\n\t\t\t\t\t\t\t\t<a class=\"elementor-icon\" href=\"https:\/\/trailforthjournal.com\/es\/ambiente\/guia-playas-ecuador\/\" target=\"_blank\"><\/a>\n\t\t\t\t\t\t\t<\/div>\n\n\t\t\t\t\t\t\t\t\t\t\t\t\t\t\t\t\t\t<\/div>\n\t\t\t\t\t\t\t\t\t\t\t\t<div class=\"premium-blog-content-wrapper \">\n\n\t\t\t\t\t<div class=\"premium-blog-inner-container\">\n\n\t\t\t\t\t\t\t\t\t\t\t\t\t\t<h1 class=\"premium-blog-entry-title\">\n\t\t\t<a href=\"https:\/\/trailforthjournal.com\/es\/ambiente\/guia-playas-ecuador\/\" target=\"_blank\">\n\t\t\t\tGu\u00eda de las Mejores Playas de Ecuador: Un Recorrido por su Entorno Natural\t\t\t<\/a>\n\t\t<\/h1>\n\t\t\t\t<div class=\"premium-blog-entry-meta\">\n\t\t\t\n\t\t\t\n\t\t\t\n\t\t\t\t\t<\/div>\n\t\t\n\t\t\t\t\t<\/div>\n\n\t\t\t\t\t\t\t\t\t\t\n\t\t\t\t<\/div>\n\t\t\t<\/div>\n\t\t<\/div>\n\n\t\t\t\t<div class=\"premium-blog-post-outer-container\" data-total=\"2\">\n\t\t\t<div class=\"premium-blog-post-container premium-blog-skin-banner\">\n\t\t\t\t\t\t\t\t\t<div class=\"premium-blog-thumb-effect-wrapper\">\n\t\t\t\t\t\t<div class=\"premium-blog-thumbnail-container premium-blog-zoomin-effect\">\n\t\t\t\t\t\t\t<img loading=\"lazy\" decoding=\"async\" data-attachment-id=\"14519\" data-permalink=\"https:\/\/trailforthjournal.com\/es\/cultura\/importancia-del-turismo-ecuador\/attachment\/cotopaxi-by-tourist\/\" data-orig-file=\"https:\/\/i0.wp.com\/trailforthjournal.com\/es\/wp-content\/uploads\/sites\/4\/2022\/10\/Cotopaxi-by-tourist-scaled.jpg?fit=2560%2C1920&amp;ssl=1\" data-orig-size=\"2560,1920\" data-comments-opened=\"1\" data-image-meta=\"{&quot;aperture&quot;:&quot;8&quot;,&quot;credit&quot;:&quot;&quot;,&quot;camera&quot;:&quot;FinePix S100FS&quot;,&quot;caption&quot;:&quot;&quot;,&quot;created_timestamp&quot;:&quot;1261841149&quot;,&quot;copyright&quot;:&quot;&quot;,&quot;focal_length&quot;:&quot;15.4&quot;,&quot;iso&quot;:&quot;400&quot;,&quot;shutter_speed&quot;:&quot;0.00052631578947368&quot;,&quot;title&quot;:&quot;&quot;,&quot;orientation&quot;:&quot;1&quot;}\" data-image-title=\"Cotopaxi fotografiado por turistas\" data-image-description=\"&lt;p&gt;Cotopaxi fotografiado por turistas&lt;\/p&gt;\n\" data-image-caption=\"&lt;p&gt;Cotopaxi fotografiado por turistas&lt;\/p&gt;\n\" data-large-file=\"https:\/\/i0.wp.com\/trailforthjournal.com\/es\/wp-content\/uploads\/sites\/4\/2022\/10\/Cotopaxi-by-tourist-scaled.jpg?fit=1024%2C768&amp;ssl=1\" width=\"2560\" height=\"1920\" src=\"https:\/\/i0.wp.com\/trailforthjournal.com\/es\/wp-content\/uploads\/sites\/4\/2022\/10\/Cotopaxi-by-tourist-scaled.jpg?fit=2560%2C1920&amp;ssl=1\" class=\"attachment-full size-full wp-image-14519\" alt=\"Cotopaxi fotografiado por turistas\" data-attachment-id=\"14519\" data-permalink=\"https:\/\/trailforthjournal.com\/es\/cultura\/importancia-del-turismo-ecuador\/attachment\/cotopaxi-by-tourist\/\" data-orig-file=\"https:\/\/i0.wp.com\/trailforthjournal.com\/es\/wp-content\/uploads\/sites\/4\/2022\/10\/Cotopaxi-by-tourist-scaled.jpg?fit=2560%2C1920&amp;ssl=1\" data-orig-size=\"2560,1920\" data-comments-opened=\"1\" data-image-meta=\"{&quot;aperture&quot;:&quot;8&quot;,&quot;credit&quot;:&quot;&quot;,&quot;camera&quot;:&quot;FinePix S100FS&quot;,&quot;caption&quot;:&quot;&quot;,&quot;created_timestamp&quot;:&quot;1261841149&quot;,&quot;copyright&quot;:&quot;&quot;,&quot;focal_length&quot;:&quot;15.4&quot;,&quot;iso&quot;:&quot;400&quot;,&quot;shutter_speed&quot;:&quot;0.00052631578947368&quot;,&quot;title&quot;:&quot;&quot;,&quot;orientation&quot;:&quot;1&quot;}\" data-image-title=\"Cotopaxi fotografiado por turistas\" data-image-description=\"&lt;p&gt;Cotopaxi fotografiado por turistas&lt;\/p&gt;\n\" data-image-caption=\"&lt;p&gt;Cotopaxi fotografiado por turistas&lt;\/p&gt;\n\" data-large-file=\"https:\/\/i0.wp.com\/trailforthjournal.com\/es\/wp-content\/uploads\/sites\/4\/2022\/10\/Cotopaxi-by-tourist-scaled.jpg?fit=1024%2C768&amp;ssl=1\" srcset=\"https:\/\/i0.wp.com\/trailforthjournal.com\/es\/wp-content\/uploads\/sites\/4\/2022\/10\/Cotopaxi-by-tourist-scaled.jpg?w=2560&amp;ssl=1 2560w, https:\/\/i0.wp.com\/trailforthjournal.com\/es\/wp-content\/uploads\/sites\/4\/2022\/10\/Cotopaxi-by-tourist-scaled.jpg?resize=300%2C225&amp;ssl=1 300w, https:\/\/i0.wp.com\/trailforthjournal.com\/es\/wp-content\/uploads\/sites\/4\/2022\/10\/Cotopaxi-by-tourist-scaled.jpg?resize=1024%2C768&amp;ssl=1 1024w, https:\/\/i0.wp.com\/trailforthjournal.com\/es\/wp-content\/uploads\/sites\/4\/2022\/10\/Cotopaxi-by-tourist-scaled.jpg?resize=768%2C576&amp;ssl=1 768w, https:\/\/i0.wp.com\/trailforthjournal.com\/es\/wp-content\/uploads\/sites\/4\/2022\/10\/Cotopaxi-by-tourist-scaled.jpg?resize=1536%2C1152&amp;ssl=1 1536w, https:\/\/i0.wp.com\/trailforthjournal.com\/es\/wp-content\/uploads\/sites\/4\/2022\/10\/Cotopaxi-by-tourist-scaled.jpg?resize=2048%2C1536&amp;ssl=1 2048w, https:\/\/i0.wp.com\/trailforthjournal.com\/es\/wp-content\/uploads\/sites\/4\/2022\/10\/Cotopaxi-by-tourist-scaled.jpg?resize=80%2C60&amp;ssl=1 80w, https:\/\/i0.wp.com\/trailforthjournal.com\/es\/wp-content\/uploads\/sites\/4\/2022\/10\/Cotopaxi-by-tourist-scaled.jpg?resize=200%2C150&amp;ssl=1 200w, https:\/\/i0.wp.com\/trailforthjournal.com\/es\/wp-content\/uploads\/sites\/4\/2022\/10\/Cotopaxi-by-tourist-scaled.jpg?resize=600%2C450&amp;ssl=1 600w\" sizes=\"(max-width: 1032px) 100vw, 1032px\" \/>\t\t\t\t\t\t<\/div>\n\t\t\t\t\t\t\t\t\t\t\t\t\t<div class=\"premium-blog-thumbnail-overlay\">\n\t\t\t\t\t\t\t\t<a class=\"elementor-icon\" href=\"https:\/\/trailforthjournal.com\/es\/cultura\/importancia-del-turismo-ecuador\/\" target=\"_blank\"><\/a>\n\t\t\t\t\t\t\t<\/div>\n\n\t\t\t\t\t\t\t\t\t\t\t\t\t\t\t\t\t\t<\/div>\n\t\t\t\t\t\t\t\t\t\t\t\t<div class=\"premium-blog-content-wrapper \">\n\n\t\t\t\t\t<div class=\"premium-blog-inner-container\">\n\n\t\t\t\t\t\t\t\t\t\t\t\t\t\t<h1 class=\"premium-blog-entry-title\">\n\t\t\t<a href=\"https:\/\/trailforthjournal.com\/es\/cultura\/importancia-del-turismo-ecuador\/\" target=\"_blank\">\n\t\t\t\tLa importancia del Turismo para Ecuador: Motor de la Econom\u00eda y el Desarrollo Sostenible\t\t\t<\/a>\n\t\t<\/h1>\n\t\t\t\t<div class=\"premium-blog-entry-meta\">\n\t\t\t\n\t\t\t\n\t\t\t\n\t\t\t\t\t<\/div>\n\t\t\n\t\t\t\t\t<\/div>\n\n\t\t\t\t\t\t\t\t\t\t\n\t\t\t\t<\/div>\n\t\t\t<\/div>\n\t\t<\/div>\n\n\t\t\t\t<div class=\"premium-blog-post-outer-container\" data-total=\"2\">\n\t\t\t<div class=\"premium-blog-post-container premium-blog-skin-banner\">\n\t\t\t\t\t\t\t\t\t<div class=\"premium-blog-thumb-effect-wrapper\">\n\t\t\t\t\t\t<div class=\"premium-blog-thumbnail-container premium-blog-zoomin-effect\">\n\t\t\t\t\t\t\t<img loading=\"lazy\" decoding=\"async\" data-attachment-id=\"12969\" data-permalink=\"https:\/\/trailforthjournal.com\/es\/ambiente\/reglas-imba-ciclismo-montana-ecuador\/attachment\/img_3304\/\" data-orig-file=\"https:\/\/i0.wp.com\/trailforthjournal.com\/es\/wp-content\/uploads\/sites\/4\/2022\/08\/IMG_3304.jpg?fit=1920%2C1280&amp;ssl=1\" data-orig-size=\"1920,1280\" data-comments-opened=\"0\" data-image-meta=\"{&quot;aperture&quot;:&quot;0&quot;,&quot;credit&quot;:&quot;&quot;,&quot;camera&quot;:&quot;&quot;,&quot;caption&quot;:&quot;&quot;,&quot;created_timestamp&quot;:&quot;0&quot;,&quot;copyright&quot;:&quot;&quot;,&quot;focal_length&quot;:&quot;0&quot;,&quot;iso&quot;:&quot;0&quot;,&quot;shutter_speed&quot;:&quot;0&quot;,&quot;title&quot;:&quot;&quot;,&quot;orientation&quot;:&quot;1&quot;}\" data-image-title=\"Reglas del camino, IMBA\" data-image-description=\"&lt;p&gt;Reglas del camino, IMBA&lt;\/p&gt;\n\" data-image-caption=\"&lt;p&gt;Reglas del camino, IMBA&lt;\/p&gt;\n\" data-large-file=\"https:\/\/i0.wp.com\/trailforthjournal.com\/es\/wp-content\/uploads\/sites\/4\/2022\/08\/IMG_3304.jpg?fit=1024%2C683&amp;ssl=1\" width=\"1920\" height=\"1280\" src=\"https:\/\/i0.wp.com\/trailforthjournal.com\/es\/wp-content\/uploads\/sites\/4\/2022\/08\/IMG_3304.jpg?fit=1920%2C1280&amp;ssl=1\" class=\"attachment-full size-full wp-image-12969\" alt=\"Reglas del camino, IMBA\" data-attachment-id=\"12969\" data-permalink=\"https:\/\/trailforthjournal.com\/es\/ambiente\/reglas-imba-ciclismo-montana-ecuador\/attachment\/img_3304\/\" data-orig-file=\"https:\/\/i0.wp.com\/trailforthjournal.com\/es\/wp-content\/uploads\/sites\/4\/2022\/08\/IMG_3304.jpg?fit=1920%2C1280&amp;ssl=1\" data-orig-size=\"1920,1280\" data-comments-opened=\"0\" data-image-meta=\"{&quot;aperture&quot;:&quot;0&quot;,&quot;credit&quot;:&quot;&quot;,&quot;camera&quot;:&quot;&quot;,&quot;caption&quot;:&quot;&quot;,&quot;created_timestamp&quot;:&quot;0&quot;,&quot;copyright&quot;:&quot;&quot;,&quot;focal_length&quot;:&quot;0&quot;,&quot;iso&quot;:&quot;0&quot;,&quot;shutter_speed&quot;:&quot;0&quot;,&quot;title&quot;:&quot;&quot;,&quot;orientation&quot;:&quot;1&quot;}\" data-image-title=\"Reglas del camino, IMBA\" data-image-description=\"&lt;p&gt;Reglas del camino, IMBA&lt;\/p&gt;\n\" data-image-caption=\"&lt;p&gt;Reglas del camino, IMBA&lt;\/p&gt;\n\" data-large-file=\"https:\/\/i0.wp.com\/trailforthjournal.com\/es\/wp-content\/uploads\/sites\/4\/2022\/08\/IMG_3304.jpg?fit=1024%2C683&amp;ssl=1\" srcset=\"https:\/\/i0.wp.com\/trailforthjournal.com\/es\/wp-content\/uploads\/sites\/4\/2022\/08\/IMG_3304.jpg?w=1920&amp;ssl=1 1920w, https:\/\/i0.wp.com\/trailforthjournal.com\/es\/wp-content\/uploads\/sites\/4\/2022\/08\/IMG_3304.jpg?resize=300%2C200&amp;ssl=1 300w, https:\/\/i0.wp.com\/trailforthjournal.com\/es\/wp-content\/uploads\/sites\/4\/2022\/08\/IMG_3304.jpg?resize=1024%2C683&amp;ssl=1 1024w, https:\/\/i0.wp.com\/trailforthjournal.com\/es\/wp-content\/uploads\/sites\/4\/2022\/08\/IMG_3304.jpg?resize=768%2C512&amp;ssl=1 768w, https:\/\/i0.wp.com\/trailforthjournal.com\/es\/wp-content\/uploads\/sites\/4\/2022\/08\/IMG_3304.jpg?resize=1536%2C1024&amp;ssl=1 1536w, https:\/\/i0.wp.com\/trailforthjournal.com\/es\/wp-content\/uploads\/sites\/4\/2022\/08\/IMG_3304.jpg?resize=225%2C150&amp;ssl=1 225w\" sizes=\"(max-width: 1032px) 100vw, 1032px\" \/>\t\t\t\t\t\t<\/div>\n\t\t\t\t\t\t\t\t\t\t\t\t\t<div class=\"premium-blog-thumbnail-overlay\">\n\t\t\t\t\t\t\t\t<a class=\"elementor-icon\" href=\"https:\/\/trailforthjournal.com\/es\/ambiente\/reglas-imba-ciclismo-montana-ecuador\/\" target=\"_blank\"><\/a>\n\t\t\t\t\t\t\t<\/div>\n\n\t\t\t\t\t\t\t\t\t\t\t\t\t\t\t\t\t\t<\/div>\n\t\t\t\t\t\t\t\t\t\t\t\t<div class=\"premium-blog-content-wrapper \">\n\n\t\t\t\t\t<div class=\"premium-blog-inner-container\">\n\n\t\t\t\t\t\t\t\t\t\t\t\t\t\t<h1 class=\"premium-blog-entry-title\">\n\t\t\t<a href=\"https:\/\/trailforthjournal.com\/es\/ambiente\/reglas-imba-ciclismo-montana-ecuador\/\" target=\"_blank\">\n\t\t\t\tReglas IMBA en Ecuador: La Gu\u00eda \u00c9tica del Ciclismo de Monta\u00f1a Responsable\t\t\t<\/a>\n\t\t<\/h1>\n\t\t\t\t<div class=\"premium-blog-entry-meta\">\n\t\t\t\n\t\t\t\n\t\t\t\n\t\t\t\t\t<\/div>\n\t\t\n\t\t\t\t\t<\/div>\n\n\t\t\t\t\t\t\t\t\t\t\n\t\t\t\t<\/div>\n\t\t\t<\/div>\n\t\t<\/div>\n\n\t\t\t\t\t\t\t<\/div>\n\n\t\t\n\t\t\n\t\t\t\t\t\t<\/div>\n\t\t\t\t<\/div>\n\t\t\t\t\t<\/div>\n\t\t<\/div>\n\t\t\t\t\t<\/div>\n\t\t<\/section>\n\t\t\t\t<\/div>\n\t\t","protected":false},"excerpt":{"rendered":"<p>Reserva tours en Guayaquil y traslados privados: city tours, excursiones y transporte desde el aeropuerto con servicio seguro y atenci\u00f3n personalizada.<\/p>\n","protected":false},"author":1,"featured_media":52227,"comment_status":"closed","ping_status":"closed","sticky":false,"template":"elementor_header_footer","format":"standard","meta":{"_acf_changed":false,"jetpack_post_was_ever_published":false,"_jetpack_newsletter_access":"","_jetpack_dont_email_post_to_subs":false,"_jetpack_newsletter_tier_id":0,"_jetpack_memberships_contains_paywalled_content":false,"_jetpack_memberships_contains_paid_content":false,"footnotes":""},"categories":[183],"tags":[20,179],"class_list":["post-52096","post","type-post","status-publish","format-standard","has-post-thumbnail","hentry","category-tours-y-actividades","tag-costa","tag-santiago-de-guayaquil"],"acf":[],"yoast_head":"<!-- This site is optimized with the Yoast SEO Premium plugin v22.0 (Yoast SEO v27.4) - https:\/\/yoast.com\/product\/yoast-seo-premium-wordpress\/ -->\n<title>Explora los mejores Tours en Guayaquil, Ecuador | Gu\u00edas Locales y Excursiones &#8212; Trail Forth Journal<\/title>\n<meta name=\"description\" content=\"Explora los mejores tours en Guayaquil, Ecuador. Reserva experiencias \u00fanicas de historia y naturaleza con gu\u00edas locales expertos. Descubre la esencia de la Perla del Pac\u00edfico.\" \/>\n<meta name=\"robots\" content=\"index, follow, max-snippet:-1, max-image-preview:large, max-video-preview:-1\" \/>\n<link rel=\"canonical\" href=\"https:\/\/trailforthjournal.com\/es\/tours-y-actividades\/guayaquil\/\" \/>\n<meta property=\"og:locale\" content=\"es_ES\" \/>\n<meta property=\"og:type\" content=\"article\" \/>\n<meta property=\"og:title\" content=\"Explora los mejores Tours en Guayaquil, Ecuador | Gu\u00edas Locales y Excursiones\" \/>\n<meta property=\"og:description\" content=\"Reserva tours en Guayaquil y traslados privados: city tours, excursiones y transporte desde el aeropuerto con servicio seguro, puntual y atenci\u00f3n personalizada.\" \/>\n<meta property=\"og:url\" content=\"https:\/\/trailforthjournal.com\/es\/tours-y-actividades\/guayaquil\/\" \/>\n<meta property=\"og:site_name\" content=\"Trail Forth Journal\" \/>\n<meta property=\"article:publisher\" content=\"https:\/\/www.facebook.com\/trailforth\" \/>\n<meta property=\"article:published_time\" content=\"2026-03-19T20:52:42+00:00\" \/>\n<meta property=\"article:modified_time\" content=\"2026-04-17T04:22:34+00:00\" \/>\n<meta property=\"og:image\" content=\"https:\/\/trailforthjournal.com\/es\/wp-content\/uploads\/sites\/4\/2026\/03\/Tours-en-Guayaquil-scaled.jpg\" \/>\n\t<meta property=\"og:image:width\" content=\"2560\" \/>\n\t<meta property=\"og:image:height\" content=\"1707\" \/>\n\t<meta property=\"og:image:type\" content=\"image\/jpeg\" \/>\n<meta name=\"author\" content=\"jairocabrera\" \/>\n<meta name=\"twitter:card\" content=\"summary_large_image\" \/>\n<meta name=\"twitter:description\" content=\"Reserva tours en Guayaquil y traslados privados: city tours, excursiones y transporte desde el aeropuerto con servicio seguro, puntual y atenci\u00f3n personalizada.\" \/>\n<meta name=\"twitter:creator\" content=\"@trailforth\" \/>\n<meta name=\"twitter:site\" content=\"@trailforth\" \/>\n<meta name=\"twitter:label1\" content=\"Escrito por\" \/>\n\t<meta name=\"twitter:data1\" content=\"jairocabrera\" \/>\n\t<meta name=\"twitter:label2\" content=\"Tiempo de lectura\" \/>\n\t<meta name=\"twitter:data2\" content=\"12 minutos\" \/>\n<!-- \/ Yoast SEO Premium plugin. -->","yoast_head_json":{"title":"Explora los mejores Tours en Guayaquil, Ecuador | Gu\u00edas Locales y Excursiones &#8212; Trail Forth Journal","description":"Explora los mejores tours en Guayaquil, Ecuador. Reserva experiencias \u00fanicas de historia y naturaleza con gu\u00edas locales expertos. Descubre la esencia de la Perla del Pac\u00edfico.","robots":{"index":"index","follow":"follow","max-snippet":"max-snippet:-1","max-image-preview":"max-image-preview:large","max-video-preview":"max-video-preview:-1"},"canonical":"https:\/\/trailforthjournal.com\/es\/tours-y-actividades\/guayaquil\/","og_locale":"es_ES","og_type":"article","og_title":"Explora los mejores Tours en Guayaquil, Ecuador | Gu\u00edas Locales y Excursiones","og_description":"Reserva tours en Guayaquil y traslados privados: city tours, excursiones y transporte desde el aeropuerto con servicio seguro, puntual y atenci\u00f3n personalizada.","og_url":"https:\/\/trailforthjournal.com\/es\/tours-y-actividades\/guayaquil\/","og_site_name":"Trail Forth Journal","article_publisher":"https:\/\/www.facebook.com\/trailforth","article_published_time":"2026-03-19T20:52:42+00:00","article_modified_time":"2026-04-17T04:22:34+00:00","og_image":[{"width":2560,"height":1707,"url":"https:\/\/trailforthjournal.com\/es\/wp-content\/uploads\/sites\/4\/2026\/03\/Tours-en-Guayaquil-scaled.jpg","type":"image\/jpeg"}],"author":"jairocabrera","twitter_card":"summary_large_image","twitter_description":"Reserva tours en Guayaquil y traslados privados: city tours, excursiones y transporte desde el aeropuerto con servicio seguro, puntual y atenci\u00f3n personalizada.","twitter_creator":"@trailforth","twitter_site":"@trailforth","twitter_misc":{"Escrito por":"jairocabrera","Tiempo de lectura":"12 minutos"},"schema":{"@context":"https:\/\/schema.org","@graph":[{"@type":"Article","@id":"https:\/\/trailforthjournal.com\/es\/tours-y-actividades\/guayaquil\/#article","isPartOf":{"@id":"https:\/\/trailforthjournal.com\/es\/tours-y-actividades\/guayaquil\/"},"author":{"name":"jairocabrera","@id":"https:\/\/trailforthjournal.com\/es\/#\/schema\/person\/c38e1195d2fbb77206faaef3a81d4dad"},"headline":"Explora los mejores Tours en Guayaquil, Ecuador | Gu\u00edas Locales y Excursiones","datePublished":"2026-03-19T20:52:42+00:00","dateModified":"2026-04-17T04:22:34+00:00","mainEntityOfPage":{"@id":"https:\/\/trailforthjournal.com\/es\/tours-y-actividades\/guayaquil\/"},"wordCount":799,"publisher":{"@id":"https:\/\/trailforthjournal.com\/es\/#organization"},"image":{"@id":"https:\/\/trailforthjournal.com\/es\/tours-y-actividades\/guayaquil\/#primaryimage"},"thumbnailUrl":"https:\/\/i0.wp.com\/trailforthjournal.com\/es\/wp-content\/uploads\/sites\/4\/2026\/03\/Tours-en-Guayaquil-scaled.jpg?fit=2560%2C1707&ssl=1","keywords":["Costa","Santiago de Guayaquil"],"articleSection":["Tours y Actividades"],"inLanguage":"es"},{"@type":"WebPage","@id":"https:\/\/trailforthjournal.com\/es\/tours-y-actividades\/guayaquil\/","url":"https:\/\/trailforthjournal.com\/es\/tours-y-actividades\/guayaquil\/","name":"Explora los mejores Tours en Guayaquil, Ecuador | Gu\u00edas Locales y Excursiones &#8212; Trail Forth Journal","isPartOf":{"@id":"https:\/\/trailforthjournal.com\/es\/#website"},"primaryImageOfPage":{"@id":"https:\/\/trailforthjournal.com\/es\/tours-y-actividades\/guayaquil\/#primaryimage"},"image":{"@id":"https:\/\/trailforthjournal.com\/es\/tours-y-actividades\/guayaquil\/#primaryimage"},"thumbnailUrl":"https:\/\/i0.wp.com\/trailforthjournal.com\/es\/wp-content\/uploads\/sites\/4\/2026\/03\/Tours-en-Guayaquil-scaled.jpg?fit=2560%2C1707&ssl=1","datePublished":"2026-03-19T20:52:42+00:00","dateModified":"2026-04-17T04:22:34+00:00","description":"Explora los mejores tours en Guayaquil, Ecuador. Reserva experiencias \u00fanicas de historia y naturaleza con gu\u00edas locales expertos. Descubre la esencia de la Perla del Pac\u00edfico.","breadcrumb":{"@id":"https:\/\/trailforthjournal.com\/es\/tours-y-actividades\/guayaquil\/#breadcrumb"},"inLanguage":"es","potentialAction":[{"@type":"ReadAction","target":["https:\/\/trailforthjournal.com\/es\/tours-y-actividades\/guayaquil\/"]}]},{"@type":"ImageObject","inLanguage":"es","@id":"https:\/\/trailforthjournal.com\/es\/tours-y-actividades\/guayaquil\/#primaryimage","url":"https:\/\/i0.wp.com\/trailforthjournal.com\/es\/wp-content\/uploads\/sites\/4\/2026\/03\/Tours-en-Guayaquil-scaled.jpg?fit=2560%2C1707&ssl=1","contentUrl":"https:\/\/i0.wp.com\/trailforthjournal.com\/es\/wp-content\/uploads\/sites\/4\/2026\/03\/Tours-en-Guayaquil-scaled.jpg?fit=2560%2C1707&ssl=1","width":2560,"height":1707},{"@type":"BreadcrumbList","@id":"https:\/\/trailforthjournal.com\/es\/tours-y-actividades\/guayaquil\/#breadcrumb","itemListElement":[{"@type":"ListItem","position":1,"name":"Portada","item":"https:\/\/trailforthjournal.com\/es\/"},{"@type":"ListItem","position":2,"name":"Explora los mejores Tours en Guayaquil, Ecuador | Gu\u00edas Locales y Excursiones"}]},{"@type":"WebSite","@id":"https:\/\/trailforthjournal.com\/es\/#website","url":"https:\/\/trailforthjournal.com\/es\/","name":"Trail Forth Journal","description":"Make Life a Journey","publisher":{"@id":"https:\/\/trailforthjournal.com\/es\/#organization"},"alternateName":"Trail Forth Journal Espa\u00f1ol","potentialAction":[{"@type":"SearchAction","target":{"@type":"EntryPoint","urlTemplate":"https:\/\/trailforthjournal.com\/es\/?s={search_term_string}"},"query-input":{"@type":"PropertyValueSpecification","valueRequired":true,"valueName":"search_term_string"}}],"inLanguage":"es"},{"@type":["Organization","Place"],"@id":"https:\/\/trailforthjournal.com\/es\/#organization","name":"Trail Forth Journal","alternateName":"Trail Forth Journal Espa\u00f1ol","url":"https:\/\/trailforthjournal.com\/es\/","logo":{"@type":"ImageObject","inLanguage":"es","@id":"https:\/\/trailforthjournal.com\/es\/#\/schema\/logo\/image\/","url":"https:\/\/trailforthjournal.com\/es\/wp-content\/uploads\/sites\/4\/2022\/01\/Trail-Forth-Journal-PNG.png","contentUrl":"https:\/\/trailforthjournal.com\/es\/wp-content\/uploads\/sites\/4\/2022\/01\/Trail-Forth-Journal-PNG.png","width":2629,"height":2629,"caption":"Trail Forth Journal"},"image":{"@id":"https:\/\/trailforthjournal.com\/es\/#\/schema\/logo\/image\/"},"sameAs":["https:\/\/www.facebook.com\/trailforth","https:\/\/x.com\/trailforth","https:\/\/www.instagram.com\/trailforth\/"],"mainEntityOfPage":{"@id":"https:\/\/trailforthjournal.com\/es\/tours-y-actividades\/guayaquil\/"}},{"@type":"Person","@id":"https:\/\/trailforthjournal.com\/es\/#\/schema\/person\/c38e1195d2fbb77206faaef3a81d4dad","name":"jairocabrera","image":{"@type":"ImageObject","inLanguage":"es","@id":"https:\/\/secure.gravatar.com\/avatar\/56722a61efc14e69ef47b9fbbb54f81138a4e882a78e644b52a4d66d41edcfc5?s=96&d=mm&r=g","url":"https:\/\/secure.gravatar.com\/avatar\/56722a61efc14e69ef47b9fbbb54f81138a4e882a78e644b52a4d66d41edcfc5?s=96&d=mm&r=g","contentUrl":"https:\/\/secure.gravatar.com\/avatar\/56722a61efc14e69ef47b9fbbb54f81138a4e882a78e644b52a4d66d41edcfc5?s=96&d=mm&r=g","caption":"jairocabrera"},"sameAs":["http:\/\/trailforthjournal.com"]}]}},"jetpack_featured_media_url":"https:\/\/i0.wp.com\/trailforthjournal.com\/es\/wp-content\/uploads\/sites\/4\/2026\/03\/Tours-en-Guayaquil-scaled.jpg?fit=2560%2C1707&ssl=1","jetpack_shortlink":"https:\/\/wp.me\/pdrACa-dyg","jetpack_sharing_enabled":true,"_links":{"self":[{"href":"https:\/\/trailforthjournal.com\/es\/wp-json\/wp\/v2\/posts\/52096","targetHints":{"allow":["GET"]}}],"collection":[{"href":"https:\/\/trailforthjournal.com\/es\/wp-json\/wp\/v2\/posts"}],"about":[{"href":"https:\/\/trailforthjournal.com\/es\/wp-json\/wp\/v2\/types\/post"}],"author":[{"embeddable":true,"href":"https:\/\/trailforthjournal.com\/es\/wp-json\/wp\/v2\/users\/1"}],"replies":[{"embeddable":true,"href":"https:\/\/trailforthjournal.com\/es\/wp-json\/wp\/v2\/comments?post=52096"}],"version-history":[{"count":0,"href":"https:\/\/trailforthjournal.com\/es\/wp-json\/wp\/v2\/posts\/52096\/revisions"}],"wp:featuredmedia":[{"embeddable":true,"href":"https:\/\/trailforthjournal.com\/es\/wp-json\/wp\/v2\/media\/52227"}],"wp:attachment":[{"href":"https:\/\/trailforthjournal.com\/es\/wp-json\/wp\/v2\/media?parent=52096"}],"wp:term":[{"taxonomy":"category","embeddable":true,"href":"https:\/\/trailforthjournal.com\/es\/wp-json\/wp\/v2\/categories?post=52096"},{"taxonomy":"post_tag","embeddable":true,"href":"https:\/\/trailforthjournal.com\/es\/wp-json\/wp\/v2\/tags?post=52096"}],"curies":[{"name":"wp","href":"https:\/\/api.w.org\/{rel}","templated":true}]}}