{"id":36287,"date":"2024-08-18T00:47:51","date_gmt":"2024-08-18T05:47:51","guid":{"rendered":"https:\/\/trailforthjournal.com\/es\/?p=36287"},"modified":"2026-08-14T11:37:37","modified_gmt":"2026-08-14T16:37:37","slug":"guayaquil-ecuador","status":"publish","type":"post","link":"https:\/\/trailforthjournal.com\/es\/guia-turistica\/guayaquil-ecuador\/","title":{"rendered":"Gu\u00eda de Guayaquil 2026 | Qu\u00e9 hacer, cultura, compras y experiencias"},"content":{"rendered":"\t\t<div data-elementor-type=\"wp-post\" data-elementor-id=\"36287\" class=\"elementor elementor-36287\" data-elementor-post-type=\"post\">\n\t\t\t\t\t\t<section class=\"elementor-section elementor-top-section elementor-element elementor-element-15a5e27 elementor-section-full_width elementor-section-height-default elementor-section-height-default wpr-particle-no wpr-jarallax-no wpr-parallax-no wpr-sticky-section-no wpr-column-slider-no wpr-equal-height-no\" data-id=\"15a5e27\" data-element_type=\"section\" data-e-type=\"section\" data-settings=\"{&quot;background_background&quot;:&quot;classic&quot;}\">\n\t\t\t\t\t\t<div class=\"elementor-container elementor-column-gap-default\">\n\t\t\t\t\t<div class=\"elementor-column elementor-col-100 elementor-top-column elementor-element elementor-element-422e81f\" data-id=\"422e81f\" data-element_type=\"column\" data-e-type=\"column\">\n\t\t\t<div class=\"elementor-widget-wrap elementor-element-populated\">\n\t\t\t\t\t\t<div class=\"elementor-element elementor-element-6aa8954 elementor-widget elementor-widget-html\" data-id=\"6aa8954\" data-element_type=\"widget\" data-e-type=\"widget\" data-widget_type=\"html.default\">\n\t\t\t\t<div class=\"elementor-widget-container\">\n\t\t\t\t\t<div class=\"v-mega-nav dark-theme\">\n  <div class=\"v-dallas-tabs\">\n    <button class=\"tab-btn active\" onclick=\"filterContent(event, 'planning')\">Tours y Actividades<\/button>\n    <button class=\"tab-btn\" onclick=\"filterContent(event, 'heritage')\">Patrimonio y Fe<\/button>\n    <button class=\"tab-btn\" onclick=\"filterContent(event, 'culture')\">Arte, Festividades y Cultura<\/button>\n  <\/div>\n\n  <div id=\"planning\" class=\"tab-content active\">\n    <div class=\"v-grid-panorama\">\n      <div class=\"v-card-pano\" style=\"background-image: url('https:\/\/trailforthjournal.com\/es\/wp-content\/uploads\/sites\/4\/2026\/01\/manglares-churute-group.png');\">\n        <div class=\"v-overlay-pano\">\n          <span>The Experience Collection<\/span>\n          <h3>Trail Forth: Tours & Activities<\/h3>\n          <a href=\"#tours-actividades\" class=\"v-link-pano\">Reservar Tours en Guayaquil<\/a>\n        <\/div>\n      <\/div>\n      <div class=\"v-card-pano\" style=\"background-image: url('https:\/\/trailforthjournal.com\/es\/wp-content\/uploads\/sites\/4\/2022\/03\/DJI_0016-2-scaled.jpg');\">\n        <div class=\"v-overlay-pano\">\n          <span>Gu\u00eda Pr\u00e1ctica<\/span>\n          <h3>Clima y Mejor \u00c9poca<\/h3>\n          <a href=\"#seo-clima\" class=\"v-link-pano\">Ver Detalles<\/a>\n        <\/div>\n      <\/div>\n    <\/div>\n  <\/div>\n\n  <div id=\"heritage\" class=\"tab-content\">\n    <div class=\"v-grid-panorama\">\n      <div class=\"v-card-pano\" style=\"background-image: url('https:\/\/trailforthjournal.com\/es\/wp-content\/uploads\/sites\/4\/2023\/10\/Las-Penas-Esferica-3.jpg');\">\n        <div class=\"v-overlay-pano\">\n          <span>Barrios Hist\u00f3ricos<\/span>\n          <h3>Zonas Patrimoniales y Las Pe\u00f1as<\/h3>\n          <a href=\"#patrimonial\" class=\"v-link-pano\">Ver Galer\u00eda<\/a>\n        <\/div>\n      <\/div>\n      <div class=\"v-card-pano\" style=\"background-image: url('https:\/\/trailforthjournal.com\/es\/wp-content\/uploads\/sites\/4\/2023\/10\/DJI_0009-2-scaled.jpg');\">\n        <div class=\"v-overlay-pano\">\n          <span>Arquitectura Sacra<\/span>\n          <h3>Ruta de las Iglesias<\/h3>\n          <a href=\"#iglesias-patrimonio\" class=\"v-link-pano\">Explorar Templos<\/a>\n        <\/div>\n      <\/div>\n    <\/div>\n  <\/div>\n\n  <div id=\"culture\" class=\"tab-content\">\n    <div class=\"v-grid-panorama trio\">\n      <div class=\"v-card-pano\" style=\"background-image: url('https:\/\/trailforthjournal.com\/es\/wp-content\/uploads\/sites\/4\/2022\/05\/24465770774_e36bc43f29_o-scaled.jpg');\">\n        <div class=\"v-overlay-pano\">\n          <span>Arte<\/span>\n          <h3>Museos y Cultura<\/h3>\n          <a href=\"#museos\" class=\"v-link-pano\">Ver Galer\u00edas<\/a>\n        <\/div>\n      <\/div>\n      <div class=\"v-card-pano\" style=\"background-image: url('https:\/\/images.unsplash.com\/photo-1470225620780-dba8ba36b745');\">\n        <div class=\"v-overlay-pano\">\n          <span>Agenda Live<\/span>\n          <h3>Eventos y Shows<\/h3>\n          <a href=\"#agenda-eventos-guayaquil\" class=\"v-link-pano\">Ver Cartelera<\/a>\n        <\/div>\n      <\/div>\n      <div class=\"v-card-pano\" style=\"background-image: url('https:\/\/www.clave.com.ec\/wp-content\/uploads\/2016\/05\/MG_68721.jpg');\">\n        <div class=\"v-overlay-pano\">\n          <span>Lifestyle<\/span>\n          <h3>Malls y Shopping<\/h3>\n          <a href=\"#shopping\" class=\"v-link-pano\">D\u00f3nde Comprar<\/a>\n        <\/div>\n      <\/div>\n    <\/div>\n  <\/div>\n<\/div>\n\n<style>\n\/* 1. Contenedor Dark *\/\n.dark-theme { \n    background-color: #000000; \n    border-radius: 15px;\n    padding: 40px 25px !important;\n}\n\n.v-mega-nav { \n    font-family: 'Poppins', sans-serif; \n    max-width: 1200px; \n    margin: auto;\n}\n\n\/* 2. Tabs Estilizados *\/\n.v-dallas-tabs { \n    display: flex; \n    gap: 30px; \n    margin-bottom: 30px; \n    border-bottom: 1px solid #222; \n}\n\n.tab-btn { \n    background: none; border: none; padding: 15px 0; cursor: pointer;\n    font-size: 12px; font-weight: 700; text-transform: uppercase; letter-spacing: 1.5px;\n    color: #555; transition: 0.3s; position: relative;\n}\n\n.tab-btn.active { color: #ffffff; }\n.tab-btn.active::after { \n    content: ''; position: absolute; bottom: -1px; left: 0; width: 100%; height: 2px; background: #ffcc00; \n}\n\n\/* 3. Grid y Contenido *\/\n.tab-content { display: none; opacity: 0; transform: translateY(10px); transition: all 0.4s ease; }\n.tab-content.active { display: block; opacity: 1; transform: translateY(0); }\n\n.v-grid-panorama { \n    display: grid; \n    grid-template-columns: repeat(2, 1fr); \n    gap: 20px; \n}\n\n.v-grid-panorama.trio { \n    grid-template-columns: repeat(3, 1fr); \n}\n\n\/* 4. Tarjetas con Altura Solicitada (250px) *\/\n.v-card-pano { \n    position: relative; \n    height: 250px; \/* ALTURA FIJA *\/\n    background-size: cover; \n    background-position: center;\n    border-radius: 10px; \n    overflow: hidden;\n    display: flex;\n    align-items: flex-end;\n    border: 1px solid #111;\n    transition: 0.3s;\n}\n\n.v-card-pano:hover { transform: scale(1.01); }\n\n\/* 5. Overlay y Enlaces *\/\n.v-overlay-pano { \n    background: linear-gradient(to top, rgba(0, 0, 0, 0.9) 0%, rgba(0, 0, 0, 0.2) 100%); \n    width: 100%; \n    padding: 25px; \n    color: #fff; \n}\n\n.v-overlay-pano span { \n    text-transform: uppercase; font-size: 9px; font-weight: 700; \n    letter-spacing: 1.5px; display: block; margin-bottom: 8px; color: #ffcc00; \n}\n\n.v-overlay-pano h3 { \n    margin: 0 0 15px 0; font-size: 20px; font-weight: 700; line-height: 1.2; color: #ffffff !important;\n}\n\n.v-link-pano { \n    color: #fff; \n    text-decoration: none; \n    border-bottom: 2px solid #ffcc00; \n    font-size: 12px; \n    font-weight: 600; \n    padding-bottom: 3px; \n    transition: 0.3s;\n    display: inline-block;\n}\n\n.v-link-pano:hover { color: #ffcc00; border-bottom-color: transparent; padding-left: 5px; }\n\n\/* 6. Responsive *\/\n@media (max-width: 900px) {\n    .v-grid-panorama.trio { grid-template-columns: 1fr 1fr; }\n}\n\n@media (max-width: 600px) {\n    .v-grid-panorama, .v-grid-panorama.trio { grid-template-columns: 1fr; }\n    .v-card-pano { height: 200px; }\n}\n<\/style>\n\n<script>\nfunction filterContent(evt, categoryId) {\n  var i, tabcontent, tablinks;\n  tabcontent = document.getElementsByClassName(\"tab-content\");\n  for (i = 0; i < tabcontent.length; i++) {\n    tabcontent[i].style.display = \"none\";\n    tabcontent[i].classList.remove(\"active\");\n  }\n  tablinks = document.getElementsByClassName(\"tab-btn\");\n  for (i = 0; i < tablinks.length; i++) {\n    tablinks[i].classList.remove(\"active\");\n  }\n  const target = document.getElementById(categoryId);\n  target.style.display = \"block\";\n  setTimeout(() => { target.classList.add(\"active\"); }, 50);\n  evt.currentTarget.classList.add(\"active\");\n}\n<\/script>\n\t\t\t\t<\/div>\n\t\t\t\t<\/div>\n\t\t\t\t\t<\/div>\n\t\t<\/div>\n\t\t\t\t\t<\/div>\n\t\t<\/section>\n\t\t\t\t<section class=\"elementor-section elementor-top-section elementor-element elementor-element-ca7cfea elementor-section-boxed elementor-section-height-default elementor-section-height-default wpr-particle-no wpr-jarallax-no wpr-parallax-no wpr-sticky-section-no wpr-column-slider-no wpr-equal-height-no\" data-id=\"ca7cfea\" data-element_type=\"section\" data-e-type=\"section\">\n\t\t\t\t\t\t<div class=\"elementor-container elementor-column-gap-default\">\n\t\t\t\t\t<div class=\"elementor-column elementor-col-100 elementor-top-column elementor-element elementor-element-8b4cfa5\" data-id=\"8b4cfa5\" data-element_type=\"column\" data-e-type=\"column\">\n\t\t\t<div class=\"elementor-widget-wrap elementor-element-populated\">\n\t\t\t\t\t\t<div class=\"elementor-element elementor-element-c1adf22 elementor-widget elementor-widget-spacer\" data-id=\"c1adf22\" data-element_type=\"widget\" data-e-type=\"widget\" data-widget_type=\"spacer.default\">\n\t\t\t\t<div class=\"elementor-widget-container\">\n\t\t\t\t\t\t\t<div class=\"elementor-spacer\">\n\t\t\t<div class=\"elementor-spacer-inner\"><\/div>\n\t\t<\/div>\n\t\t\t\t\t\t<\/div>\n\t\t\t\t<\/div>\n\t\t\t\t\t<\/div>\n\t\t<\/div>\n\t\t\t\t\t<\/div>\n\t\t<\/section>\n\t\t\t\t<section class=\"elementor-section elementor-top-section elementor-element elementor-element-32b4504 elementor-section-height-min-height elementor-section-boxed elementor-section-height-default elementor-section-items-middle wpr-sticky-section-no wpr-column-slider-no wpr-equal-height-no\" data-id=\"32b4504\" data-element_type=\"section\" data-e-type=\"section\" data-settings=\"{&quot;background_background&quot;:&quot;video&quot;,&quot;background_video_link&quot;:&quot;https:\\\/\\\/youtu.be\\\/IQLZCmHaH7A&quot;,&quot;background_play_on_mobile&quot;:&quot;yes&quot;,&quot;shape_divider_top&quot;:&quot;triangle-asymmetrical&quot;,&quot;shape_divider_bottom&quot;:&quot;triangle-asymmetrical&quot;}\">\n\t\t\t\t\t\t\t\t<div class=\"elementor-background-video-container\">\n\t\t\t\t\t\t\t\t\t\t\t\t\t<div class=\"elementor-background-video-embed\" role=\"presentation\"><\/div>\n\t\t\t\t\t\t\t\t\t\t\t\t<\/div>\n\t\t\t\t\t\t\t\t\t<div class=\"elementor-background-overlay\"><\/div>\n\t\t\t\t\t\t<div class=\"elementor-shape elementor-shape-top\" aria-hidden=\"true\" data-negative=\"false\">\n\t\t\t<svg xmlns=\"http:\/\/www.w3.org\/2000\/svg\" viewBox=\"0 0 1000 100\" preserveAspectRatio=\"none\">\n\t<path class=\"elementor-shape-fill\" d=\"M738,99l262-93V0H0v5.6L738,99z\"\/>\n<\/svg>\t\t<\/div>\n\t\t\t\t<div class=\"elementor-shape elementor-shape-bottom\" aria-hidden=\"true\" data-negative=\"false\">\n\t\t\t<svg xmlns=\"http:\/\/www.w3.org\/2000\/svg\" viewBox=\"0 0 1000 100\" preserveAspectRatio=\"none\">\n\t<path class=\"elementor-shape-fill\" d=\"M738,99l262-93V0H0v5.6L738,99z\"\/>\n<\/svg>\t\t<\/div>\n\t\t\t\t\t<div class=\"elementor-container elementor-column-gap-default\">\n\t\t\t\t\t<div class=\"elementor-column elementor-col-100 elementor-top-column elementor-element elementor-element-3fa4783\" data-id=\"3fa4783\" data-element_type=\"column\" data-e-type=\"column\" data-settings=\"{&quot;background_background&quot;:&quot;classic&quot;}\">\n\t\t\t<div class=\"elementor-widget-wrap elementor-element-populated\">\n\t\t\t\t\t<div class=\"elementor-background-overlay\"><\/div>\n\t\t\t\t\t\t<div class=\"elementor-element elementor-element-8a274be elementor-widget elementor-widget-heading\" data-id=\"8a274be\" data-element_type=\"widget\" data-e-type=\"widget\" data-widget_type=\"heading.default\">\n\t\t\t\t<div class=\"elementor-widget-container\">\n\t\t\t\t\t<h4 class=\"elementor-heading-title elementor-size-default\">Guayaquil | Qu\u00e9 hacer, cultura, compras y experiencias<\/h4>\t\t\t\t<\/div>\n\t\t\t\t<\/div>\n\t\t\t\t<div class=\"elementor-element elementor-element-da2858b elementor-widget-divider--view-line elementor-invisible elementor-widget elementor-widget-divider\" data-id=\"da2858b\" data-element_type=\"widget\" data-e-type=\"widget\" data-settings=\"{&quot;_animation&quot;:&quot;fadeInUp&quot;}\" data-widget_type=\"divider.default\">\n\t\t\t\t<div class=\"elementor-widget-container\">\n\t\t\t\t\t\t\t<div class=\"elementor-divider\">\n\t\t\t<span class=\"elementor-divider-separator\">\n\t\t\t\t\t\t<\/span>\n\t\t<\/div>\n\t\t\t\t\t\t<\/div>\n\t\t\t\t<\/div>\n\t\t\t\t\t<\/div>\n\t\t<\/div>\n\t\t\t\t\t<\/div>\n\t\t<\/section>\n\t\t\t\t<section class=\"elementor-section elementor-top-section elementor-element elementor-element-8de6ad8 elementor-section-boxed elementor-section-height-default elementor-section-height-default wpr-particle-no wpr-jarallax-no wpr-parallax-no wpr-sticky-section-no wpr-column-slider-no wpr-equal-height-no\" data-id=\"8de6ad8\" data-element_type=\"section\" data-e-type=\"section\">\n\t\t\t\t\t\t<div class=\"elementor-container elementor-column-gap-default\">\n\t\t\t\t\t<div class=\"elementor-column elementor-col-100 elementor-top-column elementor-element elementor-element-7de5e76\" data-id=\"7de5e76\" data-element_type=\"column\" data-e-type=\"column\">\n\t\t\t<div class=\"elementor-widget-wrap elementor-element-populated\">\n\t\t\t\t\t\t<div class=\"elementor-element elementor-element-57cd254 pa-icon-pos-after premium-lq__none elementor-widget elementor-widget-premium-addon-button\" data-id=\"57cd254\" data-element_type=\"widget\" data-e-type=\"widget\" data-widget_type=\"premium-addon-button.default\">\n\t\t\t\t<div class=\"elementor-widget-container\">\n\t\t\t\t\t\n\n\t\t<a class=\"premium-button premium-button-style6 premium-btn-sm premium-button-style6\" href=\"https:\/\/trailforthjournal.com\/en\/travel-guide\/guayaquil-ecuador\/\">\n\t\t\t<div class=\"premium-button-text-icon-wrapper\">\n\t\t\t\t\n\t\t\t\t\t\t\t\t\t\t\t\t\t\t\t\t\t\t<svg class=\"svg-inline--fas-fa-chevron-right premium-drawable-icon premium-svg-nodraw\" aria-hidden=\"true\" xmlns=\"http:\/\/www.w3.org\/2000\/svg\" viewbox=\"0 0 320 512\"><path d=\"M285.476 272.971L91.132 467.314c-9.373 9.373-24.569 9.373-33.941 0l-22.667-22.667c-9.357-9.357-9.375-24.522-.04-33.901L188.505 256 34.484 101.255c-9.335-9.379-9.317-24.544.04-33.901l22.667-22.667c9.373-9.373 24.569-9.373 33.941 0L285.475 239.03c9.373 9.372 9.373 24.568.001 33.941z\"><\/path><\/svg>\t\t\t\t\t\t\t\t\t\t\t\t\t\t\t\n\t\t\t\t\t\t\t\t\t<span >\n\t\t\t\t\t\tEnglish\t\t\t\t\t<\/span>\n\t\t\t\t\t\t\t<\/div>\n\n\t\t\t\n\t\t\t\n\t\t\t\n\t\t<\/a>\n\n\n\t\t\t\t\t\t<\/div>\n\t\t\t\t<\/div>\n\t\t\t\t\t<\/div>\n\t\t<\/div>\n\t\t\t\t\t<\/div>\n\t\t<\/section>\n\t\t\t\t<section class=\"elementor-section elementor-top-section elementor-element elementor-element-e9acdac elementor-section-boxed elementor-section-height-default elementor-section-height-default wpr-particle-no wpr-jarallax-no wpr-parallax-no wpr-sticky-section-no wpr-column-slider-no wpr-equal-height-no\" data-id=\"e9acdac\" data-element_type=\"section\" data-e-type=\"section\">\n\t\t\t\t\t\t<div class=\"elementor-container elementor-column-gap-default\">\n\t\t\t\t\t<div class=\"elementor-column elementor-col-100 elementor-top-column elementor-element elementor-element-b1359e0\" data-id=\"b1359e0\" data-element_type=\"column\" data-e-type=\"column\">\n\t\t\t<div class=\"elementor-widget-wrap elementor-element-populated\">\n\t\t\t\t\t\t<div class=\"elementor-element elementor-element-216e178 elementor-widget elementor-widget-spacer\" data-id=\"216e178\" data-element_type=\"widget\" data-e-type=\"widget\" data-widget_type=\"spacer.default\">\n\t\t\t\t<div class=\"elementor-widget-container\">\n\t\t\t\t\t\t\t<div class=\"elementor-spacer\">\n\t\t\t<div class=\"elementor-spacer-inner\"><\/div>\n\t\t<\/div>\n\t\t\t\t\t\t<\/div>\n\t\t\t\t<\/div>\n\t\t\t\t\t<\/div>\n\t\t<\/div>\n\t\t\t\t\t<\/div>\n\t\t<\/section>\n\t\t\t\t<section class=\"elementor-section elementor-top-section elementor-element elementor-element-35f8dc1 elementor-section-boxed elementor-section-height-default elementor-section-height-default wpr-particle-no wpr-jarallax-no wpr-parallax-no wpr-sticky-section-no wpr-column-slider-no wpr-equal-height-no\" data-id=\"35f8dc1\" data-element_type=\"section\" data-e-type=\"section\">\n\t\t\t\t\t\t<div class=\"elementor-container elementor-column-gap-default\">\n\t\t\t\t\t<div class=\"elementor-column elementor-col-100 elementor-top-column elementor-element elementor-element-550231f\" data-id=\"550231f\" data-element_type=\"column\" data-e-type=\"column\" data-settings=\"{&quot;background_background&quot;:&quot;classic&quot;}\">\n\t\t\t<div class=\"elementor-widget-wrap elementor-element-populated\">\n\t\t\t\t\t\t<div class=\"elementor-element elementor-element-153bf5f elementor-widget elementor-widget-html\" data-id=\"153bf5f\" data-element_type=\"widget\" data-e-type=\"widget\" data-widget_type=\"html.default\">\n\t\t\t\t<div class=\"elementor-widget-container\">\n\t\t\t\t\t<style>\r\n\/* 1. Importaci\u00f3n de la fuente con peso m\u00e1ximo *\/\r\n@import url('https:\/\/fonts.googleapis.com\/css2?family=Permanent+Marker&display=swap');\r\n\r\n.tjf-brush-headline {\r\n    \/* TIPOGRAF\u00cdA MODELO 2 *\/\r\n    font-family: 'Permanent Marker', cursive !important;\r\n    color: #007FD5 !important;\r\n    font-size: clamp(30px, 8vw, 75px) !important;\r\n    \r\n    \/* ESTILO EDITORIAL *\/\r\n    text-align: center;\r\n    line-height: 1.1 !important;\r\n    margin: 40px auto 10px;\r\n    display: block;\r\n    letter-spacing: 1px;\r\n    \r\n    \/* EFECTO DE TEXTURA Y VOLUMEN *\/\r\n    \/* Creamos un relieve sutil que simula la presi\u00f3n del marcador *\/\r\n    text-shadow: 2px 2px 0px rgba(0, 127, 213, 0.15);\r\n    \r\n    \/* FILTRO DE BORDES RUGOSOS (Para que no se vea digital) *\/\r\n    filter: contrast(120%) brightness(105%);\r\n    \r\n    position: relative;\r\n    max-width: 900px;\r\n}\r\n\r\n\/* 2. SUBRAYADO ESTILO BROCHAZO (Decoraci\u00f3n de Marketing) *\/\r\n.tjf-brush-headline::after {\r\n    content: '';\r\n    display: block;\r\n    width: 250px;\r\n    height: 12px;\r\n    background: #007FD5;\r\n    margin: 15px auto 0;\r\n    opacity: 0.7;\r\n    \r\n    \/* Esto crea la forma de un trazo de pincel irregular *\/\r\n    border-radius: 50% 20% \/ 10% 80%;\r\n    transform: rotate(-1.5deg);\r\n}\r\n\r\n\/* 3. EFECTO HOVER INTERACTIVO *\/\r\n.tjf-brush-headline:hover {\r\n    transform: scale(1.02);\r\n    transition: transform 0.3s ease;\r\n    cursor: default;\r\n}\r\n\r\n\/* Ajuste para m\u00f3viles *\/\r\n@media (max-width: 768px) {\r\n    .tjf-brush-headline::after {\r\n        width: 150px;\r\n        height: 8px;\r\n    }\r\n}\r\n<\/style>\r\n\r\n<div style=\"width: 100%; text-align: center; overflow: hidden; padding: 20px 0;\">\r\n    <h2 class=\"tjf-brush-headline\">\r\n        Bienvenido a Guayaquil\r\n    <\/h2>\r\n<\/div>\t\t\t\t<\/div>\n\t\t\t\t<\/div>\n\t\t\t\t\t<\/div>\n\t\t<\/div>\n\t\t\t\t\t<\/div>\n\t\t<\/section>\n\t\t\t\t<section class=\"elementor-section elementor-top-section elementor-element elementor-element-b2c6bc1 elementor-section-boxed elementor-section-height-default elementor-section-height-default wpr-particle-no wpr-jarallax-no wpr-parallax-no wpr-sticky-section-no wpr-column-slider-no wpr-equal-height-no\" data-id=\"b2c6bc1\" data-element_type=\"section\" data-e-type=\"section\">\n\t\t\t\t\t\t<div class=\"elementor-container elementor-column-gap-default\">\n\t\t\t\t\t<div class=\"elementor-column elementor-col-100 elementor-top-column elementor-element elementor-element-4e232b7\" data-id=\"4e232b7\" data-element_type=\"column\" data-e-type=\"column\">\n\t\t\t<div class=\"elementor-widget-wrap elementor-element-populated\">\n\t\t\t\t\t\t<div class=\"elementor-element elementor-element-a9f4c61 elementor-widget elementor-widget-spacer\" data-id=\"a9f4c61\" data-element_type=\"widget\" data-e-type=\"widget\" data-widget_type=\"spacer.default\">\n\t\t\t\t<div class=\"elementor-widget-container\">\n\t\t\t\t\t\t\t<div class=\"elementor-spacer\">\n\t\t\t<div class=\"elementor-spacer-inner\"><\/div>\n\t\t<\/div>\n\t\t\t\t\t\t<\/div>\n\t\t\t\t<\/div>\n\t\t\t\t\t<\/div>\n\t\t<\/div>\n\t\t\t\t\t<\/div>\n\t\t<\/section>\n\t\t\t\t<section class=\"elementor-section elementor-top-section elementor-element elementor-element-6d91067 elementor-section-boxed elementor-section-height-default elementor-section-height-default wpr-particle-no wpr-jarallax-no wpr-parallax-no wpr-sticky-section-no wpr-column-slider-no wpr-equal-height-no\" data-id=\"6d91067\" data-element_type=\"section\" data-e-type=\"section\">\n\t\t\t\t\t\t<div class=\"elementor-container elementor-column-gap-default\">\n\t\t\t\t\t<div class=\"elementor-column elementor-col-25 elementor-top-column elementor-element elementor-element-a1d8c41\" data-id=\"a1d8c41\" data-element_type=\"column\" data-e-type=\"column\">\n\t\t\t<div class=\"elementor-widget-wrap elementor-element-populated\">\n\t\t\t\t\t\t<div class=\"elementor-element elementor-element-9583d6b elementor-widget elementor-widget-heading\" data-id=\"9583d6b\" data-element_type=\"widget\" data-e-type=\"widget\" data-widget_type=\"heading.default\">\n\t\t\t\t<div class=\"elementor-widget-container\">\n\t\t\t\t\t<p class=\"elementor-heading-title elementor-size-default\">Explora lo mejor de la Perla del Pac\u00edfico con nuestra gu\u00eda tur\u00edstica de Guayaquil 2026. Descubre eventos, actividades y tours de la Urbe Porte\u00f1a.<\/p>\t\t\t\t<\/div>\n\t\t\t\t<\/div>\n\t\t\t\t<div class=\"elementor-element elementor-element-2eeab23 elementor-widget elementor-widget-text-editor\" data-id=\"2eeab23\" data-element_type=\"widget\" data-e-type=\"widget\" data-widget_type=\"text-editor.default\">\n\t\t\t\t<div class=\"elementor-widget-container\">\n\t\t\t\t\t\t\t\t\t<p>Texto &amp; Fotos: Trail Forth Journal.<\/p>\t\t\t\t\t\t\t\t<\/div>\n\t\t\t\t<\/div>\n\t\t\t\t<div class=\"elementor-element elementor-element-2774a00 elementor-widget elementor-widget-spacer\" data-id=\"2774a00\" data-element_type=\"widget\" data-e-type=\"widget\" data-widget_type=\"spacer.default\">\n\t\t\t\t<div class=\"elementor-widget-container\">\n\t\t\t\t\t\t\t<div class=\"elementor-spacer\">\n\t\t\t<div class=\"elementor-spacer-inner\"><\/div>\n\t\t<\/div>\n\t\t\t\t\t\t<\/div>\n\t\t\t\t<\/div>\n\t\t\t\t<div class=\"elementor-element elementor-element-ae2544f elementor-toc--content-ellipsis elementor-toc--minimized-on-desktop elementor-widget elementor-widget-table-of-contents\" data-id=\"ae2544f\" data-element_type=\"widget\" data-e-type=\"widget\" data-settings=\"{&quot;headings_by_tags&quot;:[&quot;h2&quot;],&quot;exclude_headings_by_selector&quot;:[],&quot;marker_view&quot;:&quot;bullets&quot;,&quot;no_headings_message&quot;:&quot;No headings were found on this page.&quot;,&quot;collapse_subitems&quot;:&quot;yes&quot;,&quot;minimized_on&quot;:&quot;desktop&quot;,&quot;icon&quot;:{&quot;value&quot;:&quot;fas fa-circle&quot;,&quot;library&quot;:&quot;fa-solid&quot;},&quot;minimize_box&quot;:&quot;yes&quot;,&quot;hierarchical_view&quot;:&quot;yes&quot;,&quot;min_height&quot;:{&quot;unit&quot;:&quot;px&quot;,&quot;size&quot;:&quot;&quot;,&quot;sizes&quot;:[]},&quot;min_height_tablet&quot;:{&quot;unit&quot;:&quot;px&quot;,&quot;size&quot;:&quot;&quot;,&quot;sizes&quot;:[]},&quot;min_height_mobile&quot;:{&quot;unit&quot;:&quot;px&quot;,&quot;size&quot;:&quot;&quot;,&quot;sizes&quot;:[]}}\" data-widget_type=\"table-of-contents.default\">\n\t\t\t\t<div class=\"elementor-widget-container\">\n\t\t\t\t\t\t\t\t\t<div class=\"elementor-toc__header\">\n\t\t\t\t\t\t<h4 class=\"elementor-toc__header-title\">\n\t\t\t\tContenidos\t\t\t<\/h4>\n\t\t\t\t\t\t\t\t\t\t<div class=\"elementor-toc__toggle-button elementor-toc__toggle-button--expand\" role=\"button\" tabindex=\"0\" aria-controls=\"elementor-toc__ae2544f\" aria-expanded=\"true\" aria-label=\"Abrir la tabla de contenidos\"><i aria-hidden=\"true\" class=\"fas fa-chevron-down\"><\/i><\/div>\n\t\t\t\t<div class=\"elementor-toc__toggle-button elementor-toc__toggle-button--collapse\" role=\"button\" tabindex=\"0\" aria-controls=\"elementor-toc__ae2544f\" aria-expanded=\"true\" aria-label=\"Cerrar la tabla de contenidos\"><i aria-hidden=\"true\" class=\"fas fa-chevron-up\"><\/i><\/div>\n\t\t\t\t\t<\/div>\n\t\t\t\t<div id=\"elementor-toc__ae2544f\" class=\"elementor-toc__body elementor-toc__list-items--collapsible\">\n\t\t\t<div class=\"elementor-toc__spinner-container\">\n\t\t\t\t<i class=\"elementor-toc__spinner eicon-animation-spin eicon-loading\" aria-hidden=\"true\"><\/i>\t\t\t<\/div>\n\t\t<\/div>\n\t\t\t\t\t\t<\/div>\n\t\t\t\t<\/div>\n\t\t\t\t<div class=\"elementor-element elementor-element-609b261 elementor-widget elementor-widget-spacer\" data-id=\"609b261\" data-element_type=\"widget\" data-e-type=\"widget\" data-widget_type=\"spacer.default\">\n\t\t\t\t<div class=\"elementor-widget-container\">\n\t\t\t\t\t\t\t<div class=\"elementor-spacer\">\n\t\t\t<div class=\"elementor-spacer-inner\"><\/div>\n\t\t<\/div>\n\t\t\t\t\t\t<\/div>\n\t\t\t\t<\/div>\n\t\t\t\t<div class=\"elementor-element elementor-element-661c52c elementor-widget elementor-widget-heading\" data-id=\"661c52c\" data-element_type=\"widget\" data-e-type=\"widget\" data-widget_type=\"heading.default\">\n\t\t\t\t<div class=\"elementor-widget-container\">\n\t\t\t\t\t<h2 class=\"elementor-heading-title elementor-size-default\">Gu\u00eda de Guayaquil 2026:  Experiencias locales, y excursiones.<\/h2>\t\t\t\t<\/div>\n\t\t\t\t<\/div>\n\t\t\t\t<div class=\"elementor-element elementor-element-1d5ce94 elementor-drop-cap-yes elementor-drop-cap-view-default elementor-widget elementor-widget-text-editor\" data-id=\"1d5ce94\" data-element_type=\"widget\" data-e-type=\"widget\" data-settings=\"{&quot;drop_cap&quot;:&quot;yes&quot;}\" data-widget_type=\"text-editor.default\">\n\t\t\t\t<div class=\"elementor-widget-container\">\n\t\t\t\t\t\t\t\t\t<p style=\"text-align: left;\">Descubrir <b data-path-to-node=\"4\" data-index-in-node=\"10\">qu\u00e9 hacer en Guayaquil<\/b> requiere una hoja de ruta que combine seguridad, clima y autenticidad. Esta gu\u00eda explora la esencia de la urbe porte\u00f1a, desde los ic\u00f3nicos paseos por el <b data-path-to-node=\"4\" data-index-in-node=\"186\">Malec\u00f3n\u00a0<\/b><\/p>\t\t\t\t\t\t\t\t<\/div>\n\t\t\t\t<\/div>\n\t\t\t\t\t<\/div>\n\t\t<\/div>\n\t\t\t\t<div class=\"elementor-column elementor-col-25 elementor-top-column elementor-element elementor-element-38f1527\" data-id=\"38f1527\" data-element_type=\"column\" data-e-type=\"column\">\n\t\t\t<div class=\"elementor-widget-wrap elementor-element-populated\">\n\t\t\t\t\t\t<div class=\"elementor-element elementor-element-6cf9b75 elementor-widget elementor-widget-spacer\" data-id=\"6cf9b75\" data-element_type=\"widget\" data-e-type=\"widget\" data-widget_type=\"spacer.default\">\n\t\t\t\t<div class=\"elementor-widget-container\">\n\t\t\t\t\t\t\t<div class=\"elementor-spacer\">\n\t\t\t<div class=\"elementor-spacer-inner\"><\/div>\n\t\t<\/div>\n\t\t\t\t\t\t<\/div>\n\t\t\t\t<\/div>\n\t\t\t\t\t<\/div>\n\t\t<\/div>\n\t\t\t\t<div class=\"elementor-column elementor-col-25 elementor-top-column elementor-element elementor-element-bd9e130\" data-id=\"bd9e130\" data-element_type=\"column\" data-e-type=\"column\">\n\t\t\t<div class=\"elementor-widget-wrap elementor-element-populated\">\n\t\t\t\t\t\t<div class=\"elementor-element elementor-element-9380df1 elementor-widget elementor-widget-spacer\" data-id=\"9380df1\" data-element_type=\"widget\" data-e-type=\"widget\" data-widget_type=\"spacer.default\">\n\t\t\t\t<div class=\"elementor-widget-container\">\n\t\t\t\t\t\t\t<div class=\"elementor-spacer\">\n\t\t\t<div class=\"elementor-spacer-inner\"><\/div>\n\t\t<\/div>\n\t\t\t\t\t\t<\/div>\n\t\t\t\t<\/div>\n\t\t\t\t\t<\/div>\n\t\t<\/div>\n\t\t\t\t<div class=\"elementor-column elementor-col-25 elementor-top-column elementor-element elementor-element-df903e9\" data-id=\"df903e9\" data-element_type=\"column\" data-e-type=\"column\" data-settings=\"{&quot;background_background&quot;:&quot;classic&quot;}\">\n\t\t\t<div class=\"elementor-widget-wrap elementor-element-populated\">\n\t\t\t\t\t<div class=\"elementor-background-overlay\"><\/div>\n\t\t\t\t\t\t<div class=\"elementor-element elementor-element-142b2ea elementor-align-end elementor-icon-list--layout-traditional elementor-list-item-link-full_width elementor-widget elementor-widget-icon-list\" data-id=\"142b2ea\" data-element_type=\"widget\" data-e-type=\"widget\" data-widget_type=\"icon-list.default\">\n\t\t\t\t<div class=\"elementor-widget-container\">\n\t\t\t\t\t\t\t<ul class=\"elementor-icon-list-items\">\n\t\t\t\t\t\t\t<li class=\"elementor-icon-list-item\">\n\t\t\t\t\t\t\t\t\t\t\t<a href=\"https:\/\/www.instagram.com\/trailforth\/\" target=\"_blank\">\n\n\t\t\t\t\t\t\t\t\t\t\t\t<span class=\"elementor-icon-list-icon\">\n\t\t\t\t\t\t\t<i aria-hidden=\"true\" class=\"fab fa-instagram\"><\/i>\t\t\t\t\t\t<\/span>\n\t\t\t\t\t\t\t\t\t\t<span class=\"elementor-icon-list-text\">trailforth <\/span>\n\t\t\t\t\t\t\t\t\t\t\t<\/a>\n\t\t\t\t\t\t\t\t\t<\/li>\n\t\t\t\t\t\t<\/ul>\n\t\t\t\t\t\t<\/div>\n\t\t\t\t<\/div>\n\t\t\t\t<div class=\"elementor-element elementor-element-6c21201 elementor-widget elementor-widget-text-editor\" data-id=\"6c21201\" data-element_type=\"widget\" data-e-type=\"widget\" data-widget_type=\"text-editor.default\">\n\t\t\t\t<div class=\"elementor-widget-container\">\n\t\t\t\t\t\t\t\t\t<p>Gu\u00eda tur\u00edstica de Guayaquil.<\/p>\t\t\t\t\t\t\t\t<\/div>\n\t\t\t\t<\/div>\n\t\t\t\t\t<\/div>\n\t\t<\/div>\n\t\t\t\t\t<\/div>\n\t\t<\/section>\n\t\t\t\t<section class=\"elementor-section elementor-top-section elementor-element elementor-element-fe735e1 elementor-section-boxed elementor-section-height-default elementor-section-height-default wpr-particle-no wpr-jarallax-no wpr-parallax-no wpr-sticky-section-no wpr-column-slider-no wpr-equal-height-no\" data-id=\"fe735e1\" data-element_type=\"section\" data-e-type=\"section\">\n\t\t\t\t\t\t<div class=\"elementor-container elementor-column-gap-default\">\n\t\t\t\t\t<div class=\"elementor-column elementor-col-100 elementor-top-column elementor-element elementor-element-d66d9b6\" data-id=\"d66d9b6\" data-element_type=\"column\" data-e-type=\"column\">\n\t\t\t<div class=\"elementor-widget-wrap elementor-element-populated\">\n\t\t\t\t\t\t<div class=\"elementor-element elementor-element-27e3a36 elementor-widget elementor-widget-text-editor\" data-id=\"27e3a36\" data-element_type=\"widget\" data-e-type=\"widget\" data-widget_type=\"text-editor.default\">\n\t\t\t\t<div class=\"elementor-widget-container\">\n\t\t\t\t\t\t\t\t\t<p style=\"text-align: left;\">y el hist\u00f3rico <b data-path-to-node=\"4\" data-index-in-node=\"214\">Barrio Las Pe\u00f1as<\/b> en el Cerro Santa Ana, hasta la biodiversidad de la <b data-path-to-node=\"4\" data-index-in-node=\"283\">Reserva Manglares Churute<\/b>. Ya sea que busques una<strong> Experiencia local<\/strong>\u00a0cultural o una excursi\u00f3n de naturaleza hacia la <strong>Ruta del Cacao<\/strong> y el <strong>Parque Nacional Cajas<\/strong>, Guayaquil es el punto de partida ideal para conectar la Costa con la Sierra ecuatoriana. Esta metr\u00f3poli es el motor financiero y el puerto mar\u00edtimo m\u00e1s importante del pa\u00eds. Reconocida en los <strong><a href=\"https:\/\/www.worldtravelawards.com\/award-south-americas-leading-city-break-destination-2023\"><i data-path-to-node=\"15,0\" data-index-in-node=\"168\">World Travel Awards<\/i><\/a><\/strong> como destino <a href=\"https:\/\/www.worldtravelawards.com\/award-south-americas-leading-city-break-destination-2023\"><strong><em>l\u00edder en Sudam\u00e9rica<\/em><\/strong><\/a>, Guayaquil es tambi\u00e9n la <b data-path-to-node=\"15,0\" data-index-in-node=\"246\">puerta de entrada principal a las Islas Gal\u00e1pagos<\/b>, ofreciendo la mejor conexi\u00f3n de vuelos directos hacia el archipi\u00e9lago.\u00a0<\/p>\t\t\t\t\t\t\t\t<\/div>\n\t\t\t\t<\/div>\n\t\t\t\t\t<\/div>\n\t\t<\/div>\n\t\t\t\t\t<\/div>\n\t\t<\/section>\n\t\t\t\t<section class=\"elementor-section elementor-top-section elementor-element elementor-element-0a968dc elementor-section-boxed elementor-section-height-default elementor-section-height-default wpr-particle-no wpr-jarallax-no wpr-parallax-no wpr-sticky-section-no wpr-column-slider-no wpr-equal-height-no\" data-id=\"0a968dc\" data-element_type=\"section\" data-e-type=\"section\">\n\t\t\t\t\t\t<div class=\"elementor-container elementor-column-gap-default\">\n\t\t\t\t\t<div class=\"elementor-column elementor-col-100 elementor-top-column elementor-element elementor-element-e426946\" data-id=\"e426946\" data-element_type=\"column\" data-e-type=\"column\">\n\t\t\t<div class=\"elementor-widget-wrap elementor-element-populated\">\n\t\t\t\t\t\t<div class=\"elementor-element elementor-element-b7b45c4 elementor-widget elementor-widget-text-editor\" data-id=\"b7b45c4\" data-element_type=\"widget\" data-e-type=\"widget\" data-widget_type=\"text-editor.default\">\n\t\t\t\t<div class=\"elementor-widget-container\">\n\t\t\t\t\t\t\t\t\t<p>La identidad de la ciudad fluye junto al <b data-path-to-node=\"6\" data-index-in-node=\"41\">R\u00edo Guayas<\/b>, eje de una zona patrimonial que alberga museos hist\u00f3ricos y monumentos emblem\u00e1ticos como la <strong>Torre Morisca<\/strong>. Este recorrido cultural se complementa con la imponente arquitectura de sus <b data-path-to-node=\"6\" data-index-in-node=\"236\">iglesias patrimoniales<\/b>, como la <strong>Catedral Metropolitana<\/strong>, reflejo vivo de la fe y la resiliencia de Guayaquil. Caminar por sus calles es sumergirse en una narrativa donde el legado colonial y la historia republicana se encuentran en cada fachada, ofreciendo al viajero una experiencia visual y espiritual profunda.<\/p>\t\t\t\t\t\t\t\t<\/div>\n\t\t\t\t<\/div>\n\t\t\t\t\t<\/div>\n\t\t<\/div>\n\t\t\t\t\t<\/div>\n\t\t<\/section>\n\t\t\t\t<section class=\"elementor-section elementor-top-section elementor-element elementor-element-7a3ca17 elementor-section-boxed elementor-section-height-default elementor-section-height-default wpr-particle-no wpr-jarallax-no wpr-parallax-no wpr-sticky-section-no wpr-column-slider-no wpr-equal-height-no\" data-id=\"7a3ca17\" data-element_type=\"section\" data-e-type=\"section\">\n\t\t\t\t\t\t<div class=\"elementor-container elementor-column-gap-default\">\n\t\t\t\t\t<div class=\"elementor-column elementor-col-100 elementor-top-column elementor-element elementor-element-2f16e10\" data-id=\"2f16e10\" data-element_type=\"column\" data-e-type=\"column\">\n\t\t\t<div class=\"elementor-widget-wrap elementor-element-populated\">\n\t\t\t\t\t\t<div class=\"elementor-element elementor-element-a0ba8f1 elementor-widget elementor-widget-text-editor\" data-id=\"a0ba8f1\" data-element_type=\"widget\" data-e-type=\"widget\" data-widget_type=\"text-editor.default\">\n\t\t\t\t<div class=\"elementor-widget-container\">\n\t\t\t\t\t\t\t\t\t<p>Como epicentro econ\u00f3mico del pa\u00eds, Guayaquil se consolida como el destino definitivo de <b data-path-to-node=\"8\" data-index-in-node=\"88\">shopping y lifestyle<\/b>. La ciudad vibra con centros comerciales de clase mundial, una oferta gastron\u00f3mica cosmopolita y zonas de entretenimiento de vanguardia que marcan tendencia en la regi\u00f3n. Esta faceta moderna, sumada a su energ\u00eda portuaria, convierte a la ciudad en un destino din\u00e1mico donde la sofisticaci\u00f3n urbana y las <b data-path-to-node=\"8\" data-index-in-node=\"413\">experiencias locales<\/b> se fusionan para ofrecer lo mejor del entretenimiento y el comercio en el Pac\u00edfico.<\/p>\t\t\t\t\t\t\t\t<\/div>\n\t\t\t\t<\/div>\n\t\t\t\t\t<\/div>\n\t\t<\/div>\n\t\t\t\t\t<\/div>\n\t\t<\/section>\n\t\t\t\t<section class=\"elementor-section elementor-top-section elementor-element elementor-element-9de3650 elementor-section-boxed elementor-section-height-default elementor-section-height-default wpr-particle-no wpr-jarallax-no wpr-parallax-no wpr-sticky-section-no wpr-column-slider-no wpr-equal-height-no\" data-id=\"9de3650\" data-element_type=\"section\" data-e-type=\"section\">\n\t\t\t\t\t\t<div class=\"elementor-container elementor-column-gap-default\">\n\t\t\t\t\t<div class=\"elementor-column elementor-col-100 elementor-top-column elementor-element elementor-element-69d4134\" data-id=\"69d4134\" data-element_type=\"column\" data-e-type=\"column\">\n\t\t\t<div class=\"elementor-widget-wrap elementor-element-populated\">\n\t\t\t\t\t\t<div class=\"elementor-element elementor-element-528124a elementor-widget elementor-widget-spacer\" data-id=\"528124a\" data-element_type=\"widget\" data-e-type=\"widget\" data-widget_type=\"spacer.default\">\n\t\t\t\t<div class=\"elementor-widget-container\">\n\t\t\t\t\t\t\t<div class=\"elementor-spacer\">\n\t\t\t<div class=\"elementor-spacer-inner\"><\/div>\n\t\t<\/div>\n\t\t\t\t\t\t<\/div>\n\t\t\t\t<\/div>\n\t\t\t\t\t<\/div>\n\t\t<\/div>\n\t\t\t\t\t<\/div>\n\t\t<\/section>\n\t\t\t\t<section class=\"elementor-section elementor-top-section elementor-element elementor-element-96081ad elementor-section-boxed elementor-section-height-default elementor-section-height-default wpr-particle-no wpr-jarallax-no wpr-parallax-no wpr-sticky-section-no wpr-column-slider-no wpr-equal-height-no\" data-id=\"96081ad\" data-element_type=\"section\" data-e-type=\"section\">\n\t\t\t\t\t\t<div class=\"elementor-container elementor-column-gap-default\">\n\t\t\t\t\t<div class=\"elementor-column elementor-col-100 elementor-top-column elementor-element elementor-element-22d4663\" data-id=\"22d4663\" data-element_type=\"column\" data-e-type=\"column\">\n\t\t\t<div class=\"elementor-widget-wrap elementor-element-populated\">\n\t\t\t\t\t\t<div class=\"elementor-element elementor-element-c9117a6 elementor-widget elementor-widget-heading\" data-id=\"c9117a6\" data-element_type=\"widget\" data-e-type=\"widget\" data-widget_type=\"heading.default\">\n\t\t\t\t<div class=\"elementor-widget-container\">\n\t\t\t\t\t<h2 class=\"elementor-heading-title elementor-size-default\">Planifica tu viaje: Clima, log\u00edstica y fechas clave en Guayaquil<\/h2>\t\t\t\t<\/div>\n\t\t\t\t<\/div>\n\t\t\t\t<div class=\"elementor-element elementor-element-5b7b645 elementor-widget-divider--view-line elementor-widget elementor-widget-divider\" data-id=\"5b7b645\" data-element_type=\"widget\" data-e-type=\"widget\" data-widget_type=\"divider.default\">\n\t\t\t\t<div class=\"elementor-widget-container\">\n\t\t\t\t\t\t\t<div class=\"elementor-divider\">\n\t\t\t<span class=\"elementor-divider-separator\">\n\t\t\t\t\t\t<\/span>\n\t\t<\/div>\n\t\t\t\t\t\t<\/div>\n\t\t\t\t<\/div>\n\t\t\t\t\t<\/div>\n\t\t<\/div>\n\t\t\t\t\t<\/div>\n\t\t<\/section>\n\t\t\t\t<section class=\"elementor-section elementor-top-section elementor-element elementor-element-f24c669 elementor-section-boxed elementor-section-height-default elementor-section-height-default wpr-particle-no wpr-jarallax-no wpr-parallax-no wpr-sticky-section-no wpr-column-slider-no wpr-equal-height-no\" data-id=\"f24c669\" data-element_type=\"section\" data-e-type=\"section\">\n\t\t\t\t\t\t<div class=\"elementor-container elementor-column-gap-default\">\n\t\t\t\t\t<div class=\"elementor-column elementor-col-100 elementor-top-column elementor-element elementor-element-aa756e6\" data-id=\"aa756e6\" data-element_type=\"column\" data-e-type=\"column\">\n\t\t\t<div class=\"elementor-widget-wrap elementor-element-populated\">\n\t\t\t\t\t\t<div class=\"elementor-element elementor-element-9583de3 elementor-widget elementor-widget-text-editor\" data-id=\"9583de3\" data-element_type=\"widget\" data-e-type=\"widget\" data-widget_type=\"text-editor.default\">\n\t\t\t\t<div class=\"elementor-widget-container\">\n\t\t\t\t\t\t\t\t\t<p>Para disfrutar de la \u00abPerla del Pac\u00edfico\u00bb, es vital entender su din\u00e1mica ambiental y sus puntos de conexi\u00f3n. Guayaquil es el <b data-path-to-node=\"5\" data-index-in-node=\"124\">hub log\u00edstico de Ecuador<\/b>, conectando la Sierra, la Costa y las Gal\u00e1pagos. A continuaci\u00f3n, detallamos la informaci\u00f3n esencial sobre el clima, c\u00f3mo llegar v\u00eda a\u00e9rea o terrestre y las festividades que transforman la ciudad.<\/p>\t\t\t\t\t\t\t\t<\/div>\n\t\t\t\t<\/div>\n\t\t\t\t\t<\/div>\n\t\t<\/div>\n\t\t\t\t\t<\/div>\n\t\t<\/section>\n\t\t\t\t<section class=\"elementor-section elementor-top-section elementor-element elementor-element-f5d0598 elementor-section-boxed elementor-section-height-default elementor-section-height-default wpr-particle-no wpr-jarallax-no wpr-parallax-no wpr-sticky-section-no wpr-column-slider-no wpr-equal-height-no\" data-id=\"f5d0598\" data-element_type=\"section\" data-e-type=\"section\">\n\t\t\t\t\t\t<div class=\"elementor-container elementor-column-gap-default\">\n\t\t\t\t\t<div class=\"elementor-column elementor-col-100 elementor-top-column elementor-element elementor-element-610cecf\" data-id=\"610cecf\" data-element_type=\"column\" data-e-type=\"column\">\n\t\t\t<div class=\"elementor-widget-wrap elementor-element-populated\">\n\t\t\t\t\t\t<div class=\"elementor-element elementor-element-bcaecad elementor-widget elementor-widget-spacer\" data-id=\"bcaecad\" data-element_type=\"widget\" data-e-type=\"widget\" data-widget_type=\"spacer.default\">\n\t\t\t\t<div class=\"elementor-widget-container\">\n\t\t\t\t\t\t\t<div class=\"elementor-spacer\">\n\t\t\t<div class=\"elementor-spacer-inner\"><\/div>\n\t\t<\/div>\n\t\t\t\t\t\t<\/div>\n\t\t\t\t<\/div>\n\t\t\t\t\t<\/div>\n\t\t<\/div>\n\t\t\t\t\t<\/div>\n\t\t<\/section>\n\t\t\t\t<section class=\"elementor-section elementor-top-section elementor-element elementor-element-f8a2d6a elementor-section-boxed elementor-section-height-default elementor-section-height-default wpr-particle-no wpr-jarallax-no wpr-parallax-no wpr-sticky-section-no wpr-column-slider-no wpr-equal-height-no\" data-id=\"f8a2d6a\" data-element_type=\"section\" data-e-type=\"section\">\n\t\t\t\t\t\t<div class=\"elementor-container elementor-column-gap-default\">\n\t\t\t\t\t<div class=\"elementor-column elementor-col-25 elementor-top-column elementor-element elementor-element-a73f3f2\" data-id=\"a73f3f2\" data-element_type=\"column\" data-e-type=\"column\">\n\t\t\t<div class=\"elementor-widget-wrap elementor-element-populated\">\n\t\t\t\t\t\t<div class=\"elementor-element elementor-element-3c69d46 elementor-widget elementor-widget-heading\" data-id=\"3c69d46\" data-element_type=\"widget\" data-e-type=\"widget\" data-widget_type=\"heading.default\">\n\t\t\t\t<div class=\"elementor-widget-container\">\n\t\t\t\t\t<h3 class=\"elementor-heading-title elementor-size-default\">Clima en Guayaquil y mejor \u00e9poca para visitar.<\/h3>\t\t\t\t<\/div>\n\t\t\t\t<\/div>\n\t\t\t\t<div class=\"elementor-element elementor-element-9945d19 elementor-widget elementor-widget-text-editor\" data-id=\"9945d19\" data-element_type=\"widget\" data-e-type=\"widget\" data-widget_type=\"text-editor.default\">\n\t\t\t\t<div class=\"elementor-widget-container\">\n\t\t\t\t\t\t\t\t\t<p>Guayaquil cuenta con dos estaciones definidas: la <b data-path-to-node=\"4\" data-index-in-node=\"50\">temporada seca (mayo a diciembre)<\/b>, ideal para caminar por el <b data-path-to-node=\"4\" data-index-in-node=\"111\">Malec\u00f3n 2000<\/b> con brisa fresca, y la <b data-path-to-node=\"4\" data-index-in-node=\"147\">temporada lluviosa (enero a abril)<\/b>, que destaca por su calor tropical intenso y paisajes exuberantes.<\/p>\t\t\t\t\t\t\t\t<\/div>\n\t\t\t\t<\/div>\n\t\t\t\t\t<\/div>\n\t\t<\/div>\n\t\t\t\t<div class=\"elementor-column elementor-col-25 elementor-top-column elementor-element elementor-element-5bae27b\" data-id=\"5bae27b\" data-element_type=\"column\" data-e-type=\"column\">\n\t\t\t<div class=\"elementor-widget-wrap elementor-element-populated\">\n\t\t\t\t\t\t<div class=\"elementor-element elementor-element-9617214 elementor-widget elementor-widget-spacer\" data-id=\"9617214\" data-element_type=\"widget\" data-e-type=\"widget\" data-widget_type=\"spacer.default\">\n\t\t\t\t<div class=\"elementor-widget-container\">\n\t\t\t\t\t\t\t<div class=\"elementor-spacer\">\n\t\t\t<div class=\"elementor-spacer-inner\"><\/div>\n\t\t<\/div>\n\t\t\t\t\t\t<\/div>\n\t\t\t\t<\/div>\n\t\t\t\t\t<\/div>\n\t\t<\/div>\n\t\t\t\t<div class=\"elementor-column elementor-col-25 elementor-top-column elementor-element elementor-element-70bb50f\" data-id=\"70bb50f\" data-element_type=\"column\" data-e-type=\"column\">\n\t\t\t<div class=\"elementor-widget-wrap elementor-element-populated\">\n\t\t\t\t\t\t<div class=\"elementor-element elementor-element-e69af9c elementor-widget elementor-widget-spacer\" data-id=\"e69af9c\" data-element_type=\"widget\" data-e-type=\"widget\" data-widget_type=\"spacer.default\">\n\t\t\t\t<div class=\"elementor-widget-container\">\n\t\t\t\t\t\t\t<div class=\"elementor-spacer\">\n\t\t\t<div class=\"elementor-spacer-inner\"><\/div>\n\t\t<\/div>\n\t\t\t\t\t\t<\/div>\n\t\t\t\t<\/div>\n\t\t\t\t\t<\/div>\n\t\t<\/div>\n\t\t\t\t<div class=\"elementor-column elementor-col-25 elementor-top-column elementor-element elementor-element-8bd1575\" data-id=\"8bd1575\" data-element_type=\"column\" data-e-type=\"column\">\n\t\t\t<div class=\"elementor-widget-wrap elementor-element-populated\">\n\t\t\t\t\t\t<div class=\"elementor-element elementor-element-d580cac elementor-widget elementor-widget-heading\" data-id=\"d580cac\" data-element_type=\"widget\" data-e-type=\"widget\" data-widget_type=\"heading.default\">\n\t\t\t\t<div class=\"elementor-widget-container\">\n\t\t\t\t\t<h3 class=\"elementor-heading-title elementor-size-default\">C\u00f3mo llegar: Aeropuerto Jos\u00e9 Joaqu\u00edn de Olmedo y Terminal Terrestre.<\/h3>\t\t\t\t<\/div>\n\t\t\t\t<\/div>\n\t\t\t\t<div class=\"elementor-element elementor-element-e92cda5 elementor-widget elementor-widget-text-editor\" data-id=\"e92cda5\" data-element_type=\"widget\" data-e-type=\"widget\" data-widget_type=\"text-editor.default\">\n\t\t\t\t<div class=\"elementor-widget-container\">\n\t\t\t\t\t\t\t\t\t<p>La ciudad conecta v\u00eda a\u00e9rea a trav\u00e9s del <a href=\"https:\/\/www.tagsa.aero\/\"><b data-path-to-node=\"3\" data-index-in-node=\"41\">Aeropuerto Internacional Jos\u00e9 Joaqu\u00edn de Olmedo<\/b><\/a>, ubicado a solo 15 minutos del centro hotelero. Para traslados terrestres desde Cuenca o la Ruta del Spondylus, la <b data-path-to-node=\"3\" data-index-in-node=\"204\">Terminal Terrestre de Guayaquil<\/b> es el centro de conexi\u00f3n m\u00e1s moderno y eficiente del pa\u00eds.<\/p>\t\t\t\t\t\t\t\t<\/div>\n\t\t\t\t<\/div>\n\t\t\t\t\t<\/div>\n\t\t<\/div>\n\t\t\t\t\t<\/div>\n\t\t<\/section>\n\t\t\t\t<section class=\"elementor-section elementor-top-section elementor-element elementor-element-1095fe1 elementor-section-boxed elementor-section-height-default elementor-section-height-default wpr-particle-no wpr-jarallax-no wpr-parallax-no wpr-sticky-section-no wpr-column-slider-no wpr-equal-height-no\" data-id=\"1095fe1\" data-element_type=\"section\" data-e-type=\"section\">\n\t\t\t\t\t\t<div class=\"elementor-container elementor-column-gap-default\">\n\t\t\t\t\t<div class=\"elementor-column elementor-col-100 elementor-top-column elementor-element elementor-element-0d01261\" data-id=\"0d01261\" data-element_type=\"column\" data-e-type=\"column\">\n\t\t\t<div class=\"elementor-widget-wrap elementor-element-populated\">\n\t\t\t\t\t\t<div class=\"elementor-element elementor-element-e97f63b elementor-widget elementor-widget-spacer\" data-id=\"e97f63b\" data-element_type=\"widget\" data-e-type=\"widget\" data-widget_type=\"spacer.default\">\n\t\t\t\t<div class=\"elementor-widget-container\">\n\t\t\t\t\t\t\t<div class=\"elementor-spacer\">\n\t\t\t<div class=\"elementor-spacer-inner\"><\/div>\n\t\t<\/div>\n\t\t\t\t\t\t<\/div>\n\t\t\t\t<\/div>\n\t\t\t\t\t<\/div>\n\t\t<\/div>\n\t\t\t\t\t<\/div>\n\t\t<\/section>\n\t\t\t\t<section class=\"elementor-section elementor-top-section elementor-element elementor-element-89bcf78 elementor-section-boxed elementor-section-height-default elementor-section-height-default wpr-particle-no wpr-jarallax-no wpr-parallax-no wpr-sticky-section-no wpr-column-slider-no wpr-equal-height-no\" data-id=\"89bcf78\" data-element_type=\"section\" data-e-type=\"section\">\n\t\t\t\t\t\t<div class=\"elementor-container elementor-column-gap-default\">\n\t\t\t\t\t<div class=\"elementor-column elementor-col-100 elementor-top-column elementor-element elementor-element-79d1a7b\" data-id=\"79d1a7b\" data-element_type=\"column\" data-e-type=\"column\">\n\t\t\t<div class=\"elementor-widget-wrap elementor-element-populated\">\n\t\t\t\t\t\t<div class=\"elementor-element elementor-element-ab6ce9d elementor-widget elementor-widget-html\" data-id=\"ab6ce9d\" data-element_type=\"widget\" data-e-type=\"widget\" data-widget_type=\"html.default\">\n\t\t\t\t<div class=\"elementor-widget-container\">\n\t\t\t\t\t<style>\r\n\/* 1. FUENTES Y RESET *\/\r\n@import url('https:\/\/fonts.googleapis.com\/css2?family=Poppins:wght@400;600;700;800&display=swap');\r\n\r\n.tf-integrated-tabs, .tf-integrated-tabs * { box-sizing: border-box !important; }\r\n\r\n.tf-integrated-tabs {\r\n    width: 100%;\r\n    margin: 30px 0;\r\n    font-family: 'Poppins', sans-serif;\r\n    background: #fdfdfd;\r\n    border-radius: 12px;\r\n    border: 1px solid #eee;\r\n    overflow: hidden;\r\n    box-shadow: 0 10px 30px rgba(0,0,0,0.05);\r\n}\r\n\r\n\/* 2. NAVEGACI\u00d3N *\/\r\n.tf-tabs-nav {\r\n    display: flex;\r\n    background: #fff;\r\n    border-bottom: 2px solid #f0f0f0;\r\n}\r\n\r\n.tf-tab-btn {\r\n    flex: 1;\r\n    padding: 18px 10px;\r\n    border: none;\r\n    background: none;\r\n    cursor: pointer;\r\n    font-family: 'Poppins', sans-serif;\r\n    font-weight: 700;\r\n    font-size: 13px;\r\n    color: #7f8c8d;\r\n    text-transform: uppercase;\r\n    transition: all 0.3s ease;\r\n    display: flex;\r\n    flex-direction: column;\r\n    align-items: center;\r\n    gap: 6px;\r\n}\r\n\r\n.tf-tab-btn.active {\r\n    color: #2c3e50;\r\n    border-bottom: 4px solid #3498db;\r\n    background: #fcfcfc;\r\n}\r\n\r\n\/* 3. CONTENIDO *\/\r\n.tf-tab-content {\r\n    display: none;\r\n    padding: 30px;\r\n    animation: tfFadeIn 0.4s ease;\r\n}\r\n\r\n.tf-tab-content.active { display: block; }\r\n\r\n.tf-main-title {\r\n    font-size: 1.5rem;\r\n    font-weight: 800;\r\n    color: #2c3e50;\r\n    margin: 0 0 25px 0 !important;\r\n}\r\n\r\n.tf-sub-title {\r\n    font-size: 1.15rem;\r\n    font-weight: 700;\r\n    margin: 0 0 10px 0 !important;\r\n}\r\n\r\n\/* CONTENEDOR DEL WIDGET EXTERNO *\/\r\n.tf-weather-external {\r\n    margin-bottom: 25px;\r\n    border-radius: 10px;\r\n    overflow: hidden; \/* Para que el widget respete el borde redondeado *\/\r\n    border: 1px solid #eee;\r\n}\r\n\r\n.tf-content-grid {\r\n    display: grid;\r\n    grid-template-columns: repeat(auto-fit, minmax(280px, 1fr));\r\n    gap: 20px;\r\n}\r\n\r\n.tf-info-card {\r\n    background: #fff;\r\n    padding: 20px;\r\n    border-radius: 10px;\r\n    border-top: 5px solid #3498db;\r\n    box-shadow: 0 4px 12px rgba(0,0,0,0.03);\r\n}\r\n\r\n.tf-distance-table {\r\n    width: 100%;\r\n    border-collapse: collapse;\r\n    margin-top: 20px;\r\n    font-size: 14px;\r\n    background: white;\r\n    border-radius: 8px;\r\n    overflow: hidden;\r\n    border: 1px solid #eee;\r\n}\r\n\r\n.tf-distance-table th {\r\n    background: #f8f9fa;\r\n    color: #2c3e50;\r\n    text-align: left;\r\n    padding: 12px;\r\n    border-bottom: 2px solid #3498db;\r\n}\r\n\r\n.tf-distance-table td {\r\n    padding: 10px 12px;\r\n    border-bottom: 1px solid #eee;\r\n    color: #555;\r\n}\r\n\r\n@keyframes tfFadeIn {\r\n    from { opacity: 0; transform: translateY(5px); }\r\n    to { opacity: 1; transform: translateY(0); }\r\n}\r\n\r\n@media (max-width: 600px) {\r\n    .tf-tab-btn span { font-size: 10px; }\r\n    .tf-main-title { font-size: 1.3rem; }\r\n    .tf-tab-content { padding: 20px 15px; }\r\n}\r\n<\/style>\r\n\r\n<div class=\"tf-integrated-tabs\">\r\n    <nav class=\"tf-tabs-nav\" role=\"tablist\">\r\n        <button class=\"tf-tab-btn active\" onclick=\"openTF(event, 'seo-clima')\" role=\"tab\" aria-selected=\"true\" aria-controls=\"seo-clima\">\r\n            <i>\u2601\ufe0f<\/i> <span>Clima<\/span>\r\n        <\/button>\r\n        <button class=\"tf-tab-btn\" onclick=\"openTF(event, 'seo-fechas')\" role=\"tab\" aria-selected=\"false\" aria-controls=\"seo-fechas\">\r\n            <i>\ud83c\udf89<\/i> <span>Fechas<\/span>\r\n        <\/button>\r\n        <button class=\"tf-tab-btn\" onclick=\"openTF(event, 'seo-trans')\" role=\"tab\" aria-selected=\"false\" aria-controls=\"seo-trans\">\r\n            <i>\u2708\ufe0f<\/i> <span>Llegar<\/span>\r\n        <\/button>\r\n    <\/nav>\r\n\r\n    <section id=\"seo-clima\" class=\"tf-tab-content active\" role=\"tabpanel\">\r\n        <h3 class=\"tf-main-title\">Clima en Guayaquil<\/h3>\r\n        \r\n        <div class=\"tf-weather-external\">\r\n            <a class=\"weatherwidget-io\" href=\"https:\/\/forecast7.com\/es\/n2d17n79d92\/guayaquil\/\" data-label_1=\"Guayaquil\" data-icons=\"Climacons Animated\" data-days=\"3\" data-theme=\"pure\" >Guayaquil<\/a>\r\n            <script>\r\n            !function(d,s,id){var js,fjs=d.getElementsByTagName(s)[0];if(!d.getElementById(id)){js=d.createElement(s);js.id=id;js.src='https:\/\/weatherwidget.io\/js\/widget.min.js';fjs.parentNode.insertBefore(js,fjs);}}(document,'script','weatherwidget-io-js');\r\n            <\/script>\r\n        <\/div>\r\n\r\n        <div class=\"tf-content-grid\">\r\n            <article class=\"tf-info-card\">\r\n                <h4 class=\"tf-sub-title\" style=\"color:#3498db;\">Temporada Lluviosa<\/h4>\r\n                <p style=\"font-size:12px; font-weight:700; color:#95a5a6; margin-bottom:10px;\">ENERO \u2013 ABRIL<\/p>\r\n                <ul style=\"padding-left:18px; font-size:14px; color:#444; line-height:1.6;\">\r\n                    <li>Ambiente tropical y vegetaci\u00f3n verde.<\/li>\r\n                    <li>Ideal para amantes del calor aut\u00e9ntico.<\/li>\r\n                <\/ul>\r\n            <\/article>\r\n            <article class=\"tf-info-card\" style=\"border-top-color: #f39c12;\">\r\n                <h4 class=\"tf-sub-title\" style=\"color:#f39c12;\">Temporada Seca<\/h4>\r\n                <p style=\"font-size:12px; font-weight:700; color:#95a5a6; margin-bottom:10px;\">MAYO \u2013 DICIEMBRE<\/p>\r\n                <ul style=\"padding-left:18px; font-size:14px; color:#444; line-height:1.6;\">\r\n                    <li>Clima fresco y brisa marina.<\/li>\r\n                    <li>La mejor \u00e9poca para tours urbanos.<\/li>\r\n                <\/ul>\r\n            <\/article>\r\n        <\/div>\r\n    <\/section>\r\n\r\n    <section id=\"seo-fechas\" class=\"tf-tab-content\" role=\"tabpanel\">\r\n        <h3 class=\"tf-main-title\">Calendario de Eventos<\/h3>\r\n        <div style=\"display:flex; flex-direction:column; gap:15px;\">\r\n            <article style=\"display:flex; gap:15px; align-items:center; background:#fff; padding:15px; border-radius:10px; border:1px solid #eee;\">\r\n                <div style=\"background:#f0f7ff; min-width:60px; height:60px; border-radius:8px; display:flex; flex-direction:column; align-items:center; justify-content:center; border:1px solid #d1e7ff;\">\r\n                    <span style=\"font-size:20px; font-weight:800; color:#2c3e50;\">25<\/span>\r\n                    <span style=\"font-size:11px; font-weight:700; color:#3498db;\">JUL<\/span>\r\n                <\/div>\r\n                <div>\r\n                    <h4 class=\"tf-sub-title\" style=\"font-size:1.1rem; margin:0!important;\">Fiestas Julianas<\/h4>\r\n                    <p style=\"margin:0; font-size:14px; color:#555;\">Fundaci\u00f3n de la ciudad con festivales y gastronom\u00eda.<\/p>\r\n                <\/div>\r\n            <\/article>\r\n            <article style=\"display:flex; gap:15px; align-items:center; background:#fff; padding:15px; border-radius:10px; border:1px solid #eee;\">\r\n                <div style=\"background:#fff3e0; min-width:60px; height:60px; border-radius:8px; display:flex; flex-direction:column; align-items:center; justify-content:center; border:1px solid #ffe0b2;\">\r\n                    <span style=\"font-size:20px; font-weight:800; color:#2c3e50;\">09<\/span>\r\n                    <span style=\"font-size:11px; font-weight:700; color:#e67e22;\">OCT<\/span>\r\n                <\/div>\r\n                <div>\r\n                    <h4 class=\"tf-sub-title\" style=\"font-size:1.1rem; margin:0!important;\">Independencia<\/h4>\r\n                    <p style=\"margin:0; font-size:14px; color:#555;\">El evento c\u00edvico m\u00e1s grande de Guayaquil.<\/p>\r\n                <\/div>\r\n            <\/article>\r\n        <\/div>\r\n    <\/section>\r\n\r\n    <section id=\"seo-trans\" class=\"tf-tab-content\" role=\"tabpanel\">\r\n        <h3 class=\"tf-main-title\">Conectividad y Transporte<\/h3>\r\n        <div class=\"tf-content-grid\">\r\n            <div style=\"display:flex; gap:15px;\">\r\n                <span style=\"font-size:28px;\">\u2708\ufe0f<\/span>\r\n                <div>\r\n                    <h4 class=\"tf-sub-title\" style=\"font-size:1.1rem; margin:0!important;\">Aeropuerto Internacional<\/h4>\r\n                    <p style=\"margin:0; font-size:14px; color:#555;\">GYE: A solo 15 minutos del centro tur\u00edstico.<\/p>\r\n                <\/div>\r\n            <\/div>\r\n            <div style=\"display:flex; gap:15px;\">\r\n                <span style=\"font-size:28px;\">\ud83d\ude8c<\/span>\r\n                <div>\r\n                    <h4 class=\"tf-sub-title\" style=\"font-size:1.1rem; margin:0!important;\">Terminal Terrestre<\/h4>\r\n                    <p style=\"margin:0; font-size:14px; color:#555;\">Hub principal con conexiones a todo el pa\u00eds.<\/p>\r\n                <\/div>\r\n            <\/div>\r\n        <\/div>\r\n\r\n        <h4 class=\"tf-sub-title\" style=\"margin-top:30px!important; font-size:1rem; color:#7f8c8d;\">Distancias desde Guayaquil<\/h4>\r\n        <table class=\"tf-distance-table\">\r\n            <thead>\r\n                <tr>\r\n                    <th>Destino<\/th>\r\n                    <th>Distancia<\/th>\r\n                    <th>Tiempo (Auto)<\/th>\r\n                <\/tr>\r\n            <\/thead>\r\n            <tbody>\r\n                <tr><td><strong>Salinas<\/strong><\/td><td>140 km<\/td><td>2h 00m<\/td><\/tr>\r\n                <tr><td><strong>Cuenca<\/strong><\/td><td>195 km<\/td><td>3h 30m<\/td><\/tr>\r\n                <tr><td><strong>Monta\u00f1ita<\/strong><\/td><td>170 km<\/td><td>2h 45m<\/td><\/tr>\r\n            <\/tbody>\r\n        <\/table>\r\n    <\/section>\r\n<\/div>\r\n\r\n<script>\r\nfunction openTF(evt, tabId) {\r\n    var i, tabcontent, tablinks;\r\n    tabcontent = document.getElementsByClassName(\"tf-tab-content\");\r\n    for (i = 0; i < tabcontent.length; i++) {\r\n        tabcontent[i].style.display = \"none\";\r\n        tabcontent[i].classList.remove(\"active\");\r\n    }\r\n    tablinks = document.getElementsByClassName(\"tf-tab-btn\");\r\n    for (i = 0; i < tablinks.length; i++) {\r\n        tablinks[i].classList.remove(\"active\");\r\n        tablinks[i].setAttribute(\"aria-selected\", \"false\");\r\n    }\r\n    document.getElementById(tabId).style.display = \"block\";\r\n    document.getElementById(tabId).classList.add(\"active\");\r\n    evt.currentTarget.classList.add(\"active\");\r\n    evt.currentTarget.setAttribute(\"aria-selected\", \"true\");\r\n    \r\n    \/\/ TRUCO PARA EL WIDGET: Al cambiar de pesta\u00f1a, a veces el widget necesita refrescar su tama\u00f1o\r\n    if(typeof __weatherwidget_init === 'function') __weatherwidget_init();\r\n}\r\n<\/script>\t\t\t\t<\/div>\n\t\t\t\t<\/div>\n\t\t\t\t\t<\/div>\n\t\t<\/div>\n\t\t\t\t\t<\/div>\n\t\t<\/section>\n\t\t\t\t<section class=\"elementor-section elementor-top-section elementor-element elementor-element-e62e470 elementor-section-boxed elementor-section-height-default elementor-section-height-default wpr-particle-no wpr-jarallax-no wpr-parallax-no wpr-sticky-section-no wpr-column-slider-no wpr-equal-height-no\" data-id=\"e62e470\" data-element_type=\"section\" data-e-type=\"section\">\n\t\t\t\t\t\t<div class=\"elementor-container elementor-column-gap-default\">\n\t\t\t\t\t<div class=\"elementor-column elementor-col-100 elementor-top-column elementor-element elementor-element-9cafdf9\" data-id=\"9cafdf9\" data-element_type=\"column\" data-e-type=\"column\">\n\t\t\t<div class=\"elementor-widget-wrap elementor-element-populated\">\n\t\t\t\t\t\t<div class=\"elementor-element elementor-element-9a77b42 elementor-widget elementor-widget-spacer\" data-id=\"9a77b42\" data-element_type=\"widget\" data-e-type=\"widget\" data-widget_type=\"spacer.default\">\n\t\t\t\t<div class=\"elementor-widget-container\">\n\t\t\t\t\t\t\t<div class=\"elementor-spacer\">\n\t\t\t<div class=\"elementor-spacer-inner\"><\/div>\n\t\t<\/div>\n\t\t\t\t\t\t<\/div>\n\t\t\t\t<\/div>\n\t\t\t\t\t<\/div>\n\t\t<\/div>\n\t\t\t\t\t<\/div>\n\t\t<\/section>\n\t\t\t\t<section class=\"elementor-section elementor-top-section elementor-element elementor-element-9654aba elementor-section-boxed elementor-section-height-default elementor-section-height-default wpr-particle-no wpr-jarallax-no wpr-parallax-no wpr-sticky-section-no wpr-column-slider-no wpr-equal-height-no\" data-id=\"9654aba\" data-element_type=\"section\" data-e-type=\"section\">\n\t\t\t\t\t\t<div class=\"elementor-container elementor-column-gap-default\">\n\t\t\t\t\t<div class=\"elementor-column elementor-col-100 elementor-top-column elementor-element elementor-element-79fc48d\" data-id=\"79fc48d\" data-element_type=\"column\" data-e-type=\"column\">\n\t\t\t<div class=\"elementor-widget-wrap elementor-element-populated\">\n\t\t\t\t\t\t<div class=\"elementor-element elementor-element-b3f5b65 elementor-widget elementor-widget-heading\" data-id=\"b3f5b65\" data-element_type=\"widget\" data-e-type=\"widget\" data-widget_type=\"heading.default\">\n\t\t\t\t<div class=\"elementor-widget-container\">\n\t\t\t\t\t<h2 class=\"elementor-heading-title elementor-size-default\">Los mejores tours, excursiones y experiencias en Guayaquil<\/h2>\t\t\t\t<\/div>\n\t\t\t\t<\/div>\n\t\t\t\t<div class=\"elementor-element elementor-element-c2126d2 elementor-widget-divider--view-line elementor-widget elementor-widget-divider\" data-id=\"c2126d2\" data-element_type=\"widget\" data-e-type=\"widget\" data-widget_type=\"divider.default\">\n\t\t\t\t<div class=\"elementor-widget-container\">\n\t\t\t\t\t\t\t<div class=\"elementor-divider\">\n\t\t\t<span class=\"elementor-divider-separator\">\n\t\t\t\t\t\t<\/span>\n\t\t<\/div>\n\t\t\t\t\t\t<\/div>\n\t\t\t\t<\/div>\n\t\t\t\t\t<\/div>\n\t\t<\/div>\n\t\t\t\t\t<\/div>\n\t\t<\/section>\n\t\t\t\t<section class=\"elementor-section elementor-top-section elementor-element elementor-element-c206c46 elementor-section-boxed elementor-section-height-default elementor-section-height-default wpr-particle-no wpr-jarallax-no wpr-parallax-no wpr-sticky-section-no wpr-column-slider-no wpr-equal-height-no\" data-id=\"c206c46\" data-element_type=\"section\" data-e-type=\"section\">\n\t\t\t\t\t\t<div class=\"elementor-container elementor-column-gap-default\">\n\t\t\t\t\t<div class=\"elementor-column elementor-col-100 elementor-top-column elementor-element elementor-element-59dab73\" data-id=\"59dab73\" data-element_type=\"column\" data-e-type=\"column\">\n\t\t\t<div class=\"elementor-widget-wrap elementor-element-populated\">\n\t\t\t\t\t\t<div class=\"elementor-element elementor-element-546b193 elementor-widget elementor-widget-text-editor\" data-id=\"546b193\" data-element_type=\"widget\" data-e-type=\"widget\" data-widget_type=\"text-editor.default\">\n\t\t\t\t<div class=\"elementor-widget-container\">\n\t\t\t\t\t\t\t\t\t<p>Sin importar cu\u00e1nto tiempo vayas a estar en Guayaquil \u2014ya sean unas pocas horas, un viaje de negocios, una escala o varios d\u00edas\u2014: una de las mejores formas de descubrir la ciudad m\u00e1s all\u00e1 de sus principales lugares de inter\u00e9s es apuntarse a una de los numerosos <a href=\"https:\/\/trailforthjournal.com\/es\/tours-y-actividades\/guayaquil\/\"><strong>tours y recorridos guiados que Guayaquil<\/strong><\/a> ofrece a los visitantes. Explora las calles hist\u00f3ricas de Las Pe\u00f1as y el cerro de Santa Ana, disfruta de vistas panor\u00e1micas del r\u00edo y descubre las tradiciones culinarias de Guayaquil a trav\u00e9s de experiencias gastron\u00f3micas y culturales. Los visitantes tambi\u00e9n pueden aprovechar los <a href=\"https:\/\/trailforthjournal.com\/es\/reservar\/guayaquil-city-tour-privado\/\"><strong>tours privados<\/strong><\/a> dise\u00f1ados en funci\u00f3n de sus intereses y horarios. Los viajeros con tiempo limitado pueden explorar c\u00f3modamente la ciudad entre vuelos con experiencias especializadas para escalas, mientras que los tours privados totalmente personalizables ofrecen la flexibilidad de descubrir Guayaquil a su propio ritmo con gu\u00edas locales biling\u00fces y un c\u00f3modo <a href=\"https:\/\/trailforthjournal.com\/es\/reservar\/traslados-aeropuerto-guayaquil-shuttle\/\"><strong>servicio de recogida en el hotel o el aeropuerto.<\/strong><\/a><\/p>\t\t\t\t\t\t\t\t<\/div>\n\t\t\t\t<\/div>\n\t\t\t\t\t<\/div>\n\t\t<\/div>\n\t\t\t\t\t<\/div>\n\t\t<\/section>\n\t\t\t\t<section class=\"elementor-section elementor-top-section elementor-element elementor-element-13300c6 elementor-section-boxed elementor-section-height-default elementor-section-height-default wpr-particle-no wpr-jarallax-no wpr-parallax-no wpr-sticky-section-no wpr-column-slider-no wpr-equal-height-no\" data-id=\"13300c6\" data-element_type=\"section\" data-e-type=\"section\">\n\t\t\t\t\t\t<div class=\"elementor-container elementor-column-gap-default\">\n\t\t\t\t\t<div class=\"elementor-column elementor-col-100 elementor-top-column elementor-element elementor-element-097b3f4\" data-id=\"097b3f4\" data-element_type=\"column\" data-e-type=\"column\">\n\t\t\t<div class=\"elementor-widget-wrap elementor-element-populated\">\n\t\t\t\t\t\t<div class=\"elementor-element elementor-element-1e504d7 elementor-widget elementor-widget-spacer\" data-id=\"1e504d7\" data-element_type=\"widget\" data-e-type=\"widget\" data-widget_type=\"spacer.default\">\n\t\t\t\t<div class=\"elementor-widget-container\">\n\t\t\t\t\t\t\t<div class=\"elementor-spacer\">\n\t\t\t<div class=\"elementor-spacer-inner\"><\/div>\n\t\t<\/div>\n\t\t\t\t\t\t<\/div>\n\t\t\t\t<\/div>\n\t\t\t\t\t<\/div>\n\t\t<\/div>\n\t\t\t\t\t<\/div>\n\t\t<\/section>\n\t\t\t\t<section class=\"elementor-section elementor-top-section elementor-element elementor-element-30642dd elementor-section-boxed elementor-section-height-default elementor-section-height-default wpr-particle-no wpr-jarallax-no wpr-parallax-no wpr-sticky-section-no wpr-column-slider-no wpr-equal-height-no\" data-id=\"30642dd\" data-element_type=\"section\" data-e-type=\"section\">\n\t\t\t\t\t\t<div class=\"elementor-container elementor-column-gap-default\">\n\t\t\t\t\t<div class=\"elementor-column elementor-col-100 elementor-top-column elementor-element elementor-element-43843e3\" data-id=\"43843e3\" data-element_type=\"column\" data-e-type=\"column\">\n\t\t\t<div class=\"elementor-widget-wrap elementor-element-populated\">\n\t\t\t\t\t\t<div class=\"elementor-element elementor-element-b4299ec elementor-widget elementor-widget-heading\" data-id=\"b4299ec\" data-element_type=\"widget\" data-e-type=\"widget\" data-widget_type=\"heading.default\">\n\t\t\t\t<div class=\"elementor-widget-container\">\n\t\t\t\t\t<h2 class=\"elementor-heading-title elementor-size-default\">Atractivos Fluviales: El Malec\u00f3n 2000 y el Estero Salado.<\/h2>\t\t\t\t<\/div>\n\t\t\t\t<\/div>\n\t\t\t\t<div class=\"elementor-element elementor-element-d58bfa4 elementor-widget-divider--view-line elementor-widget elementor-widget-divider\" data-id=\"d58bfa4\" data-element_type=\"widget\" data-e-type=\"widget\" data-widget_type=\"divider.default\">\n\t\t\t\t<div class=\"elementor-widget-container\">\n\t\t\t\t\t\t\t<div class=\"elementor-divider\">\n\t\t\t<span class=\"elementor-divider-separator\">\n\t\t\t\t\t\t<\/span>\n\t\t<\/div>\n\t\t\t\t\t\t<\/div>\n\t\t\t\t<\/div>\n\t\t\t\t\t<\/div>\n\t\t<\/div>\n\t\t\t\t\t<\/div>\n\t\t<\/section>\n\t\t\t\t<section class=\"elementor-section elementor-top-section elementor-element elementor-element-da742cb elementor-section-boxed elementor-section-height-default elementor-section-height-default wpr-particle-no wpr-jarallax-no wpr-parallax-no wpr-sticky-section-no wpr-column-slider-no wpr-equal-height-no\" data-id=\"da742cb\" data-element_type=\"section\" data-e-type=\"section\">\n\t\t\t\t\t\t<div class=\"elementor-container elementor-column-gap-default\">\n\t\t\t\t\t<div class=\"elementor-column elementor-col-100 elementor-top-column elementor-element elementor-element-efc5e2a\" data-id=\"efc5e2a\" data-element_type=\"column\" data-e-type=\"column\">\n\t\t\t<div class=\"elementor-widget-wrap elementor-element-populated\">\n\t\t\t\t\t\t<div class=\"elementor-element elementor-element-10b743f elementor-widget elementor-widget-text-editor\" data-id=\"10b743f\" data-element_type=\"widget\" data-e-type=\"widget\" data-widget_type=\"text-editor.default\">\n\t\t\t\t<div class=\"elementor-widget-container\">\n\t\t\t\t\t\t\t\t\t<p data-path-to-node=\"5\">Explorar el eje fluvial es esencial para entender la identidad de la <b data-path-to-node=\"4\" data-index-in-node=\"69\">Perla del Pac\u00edfico<\/b>. El <a href=\"https:\/\/trailforthjournal.com\/es\/lugar-emblematico\/malecon-2000-guayaquil\/\"><b data-path-to-node=\"4\" data-index-in-node=\"92\">Malec\u00f3n 2000<\/b><\/a> ofrece un recorrido de 2.5 kil\u00f3metros que integra museos, centros comerciales y el ic\u00f3nico <a href=\"https:\/\/trailforthjournal.com\/es\/cultura\/la-rotonda-guayaquil\/\"><b data-path-to-node=\"4\" data-index-in-node=\"196\">Hemiciclo de la Rotonda<\/b><\/a> a orillas del R\u00edo Guayas. Por otro lado, el <b data-path-to-node=\"4\" data-index-in-node=\"264\">Malec\u00f3n del Salado<\/b> brinda una experiencia m\u00e1s bohemia y relajada, conectando con el <b data-path-to-node=\"4\" data-index-in-node=\"348\">Parque Lineal<\/b> y la Fuente Monumental de Aguas Danzantes, ideal para disfrutar de la gastronom\u00eda local y la brisa del estero al atardecer.\u00a0<\/p>\t\t\t\t\t\t\t\t<\/div>\n\t\t\t\t<\/div>\n\t\t\t\t\t<\/div>\n\t\t<\/div>\n\t\t\t\t\t<\/div>\n\t\t<\/section>\n\t\t\t\t<section class=\"elementor-section elementor-top-section elementor-element elementor-element-15974e0 elementor-section-boxed elementor-section-height-default elementor-section-height-default wpr-particle-no wpr-jarallax-no wpr-parallax-no wpr-sticky-section-no wpr-column-slider-no wpr-equal-height-no\" data-id=\"15974e0\" data-element_type=\"section\" data-e-type=\"section\" id=\"ruta-destinos\">\n\t\t\t\t\t\t<div class=\"elementor-container elementor-column-gap-default\">\n\t\t\t\t\t<div class=\"elementor-column elementor-col-100 elementor-top-column elementor-element elementor-element-ba8acf0\" data-id=\"ba8acf0\" data-element_type=\"column\" data-e-type=\"column\">\n\t\t\t<div class=\"elementor-widget-wrap elementor-element-populated\">\n\t\t\t\t\t\t<div class=\"elementor-element elementor-element-ef285ba elementor-widget elementor-widget-html\" data-id=\"ef285ba\" data-element_type=\"widget\" data-e-type=\"widget\" data-widget_type=\"html.default\">\n\t\t\t\t<div class=\"elementor-widget-container\">\n\t\t\t\t\t<style>\r\n\/* 1. FUENTES Y VARIABLES - MANTENIDAS *\/\r\n@import url('https:\/\/fonts.googleapis.com\/css2?family=Poppins:wght@400;600;700;800&display=swap');\r\n\r\n:root {\r\n    --river-blue-dark: #0F2027; \r\n    --river-blue-mid: #1B4F72; \r\n    --river-accent: #00D2FF; \r\n    --river-text: #2D3436;\r\n    --river-bg-card: #FFFFFF;\r\n}\r\n\r\n\/* 2. ENCABEZADO OPTIMIZADO (TEXTO ELIMINADO) *\/\r\n.tf-widget-header {\r\n    font-family: 'Poppins', sans-serif;\r\n    padding: 10px 0 30px 0; \/* Ajustado por eliminaci\u00f3n de texto *\/\r\n    margin-bottom: 20px;\r\n}\r\n\r\n.tf-grid-desc {\r\n    display: grid;\r\n    grid-template-columns: 1fr 1fr;\r\n    gap: 25px;\r\n}\r\n\r\n.tf-desc-box {\r\n    background: #f8f9fa;\r\n    padding: 20px;\r\n    border-radius: 12px;\r\n    border: 1px solid #eee;\r\n}\r\n\r\n.tf-desc-box h4 {\r\n    margin: 0 0 10px 0;\r\n    color: var(--river-blue-mid);\r\n    font-size: 18px;\r\n}\r\n\r\n\/* 3. CONTENEDOR DEL SLIDER *\/\r\n.tf-slider-river-wrapper {\r\n    width: 100%;\r\n    position: relative;\r\n    font-family: 'Poppins', sans-serif;\r\n    padding: 0 60px;\r\n    box-sizing: border-box;\r\n}\r\n\r\n.tf-slider-river-container {\r\n    display: flex;\r\n    overflow-x: auto;\r\n    scroll-behavior: smooth;\r\n    gap: 25px;\r\n    padding: 20px 5px;\r\n    scrollbar-width: none; \r\n    scroll-snap-type: x mandatory; \r\n}\r\n\r\n.tf-slider-river-container::-webkit-scrollbar { display: none; }\r\n\r\n\/* 4. TARJETA OPTIMIZADA *\/\r\n.tf-card-river {\r\n    flex: 0 0 380px; \r\n    background: var(--river-bg-card);\r\n    border-radius: 16px; \r\n    overflow: hidden;\r\n    box-shadow: 0 10px 30px rgba(15, 32, 39, 0.08);\r\n    border: 1px solid #f0f0f0;\r\n    transition: all 0.4s ease;\r\n    display: flex;\r\n    flex-direction: column;\r\n    scroll-snap-align: start; \r\n}\r\n\r\n.tf-card-river:hover {\r\n    transform: translateY(-10px);\r\n    box-shadow: 0 20px 40px rgba(15, 32, 39, 0.15);\r\n}\r\n\r\n.tf-img-wrapper-seo {\r\n    position: relative;\r\n    width: 100%;\r\n    height: 220px;\r\n    overflow: hidden;\r\n}\r\n\r\n.tf-img-seo {\r\n    width: 100%;\r\n    height: 100%;\r\n    object-fit: cover;\r\n    display: block;\r\n}\r\n\r\n.tf-tag-river {\r\n    position: absolute;\r\n    top: 15px;\r\n    right: 15px;\r\n    background: var(--river-blue-dark);\r\n    color: #fff;\r\n    padding: 6px 14px;\r\n    border-radius: 8px;\r\n    font-size: 11px;\r\n    font-weight: 700;\r\n    z-index: 2;\r\n    text-transform: uppercase;\r\n}\r\n\r\n.tf-body-river {\r\n    padding: 25px; \r\n    display: flex;\r\n    flex-direction: column;\r\n    flex-grow: 1;\r\n}\r\n\r\n.tf-cat-river {\r\n    font-size: 12px;\r\n    color: var(--river-accent); \r\n    font-weight: 700;\r\n    margin-bottom: 8px;\r\n}\r\n\r\n.tf-head-river {\r\n    font-size: 22px;\r\n    font-weight: 800;\r\n    color: var(--river-blue-dark);\r\n    margin: 0 0 12px 0;\r\n}\r\n\r\n.tf-desc-river {\r\n    font-size: 14px;\r\n    color: #636e72;\r\n    line-height: 1.6;\r\n    margin-bottom: 20px;\r\n}\r\n\r\n.tf-info-tags-river {\r\n    display: flex;\r\n    flex-wrap: wrap;\r\n    gap: 8px;\r\n    margin-bottom: 25px;\r\n}\r\n\r\n.tf-info-tags-river span {\r\n    background: #f1f7fa;\r\n    color: var(--river-blue-mid);\r\n    padding: 5px 10px;\r\n    border-radius: 6px;\r\n    font-size: 11px;\r\n    font-weight: 600;\r\n}\r\n\r\n.tf-btn-river {\r\n    margin-top: auto;\r\n    background: linear-gradient(135deg, var(--river-blue-mid) 0%, var(--river-blue-dark) 100%);\r\n    color: white !important;\r\n    text-align: center;\r\n    padding: 14px;\r\n    border-radius: 12px;\r\n    text-decoration: none !important;\r\n    font-weight: 700;\r\n    font-size: 14px;\r\n    transition: all 0.3s ease;\r\n}\r\n\r\n\/* 5. FLECHAS NAVEGACI\u00d3N (ESCRITORIO) *\/\r\n.tf-river-arrow {\r\n    position: absolute;\r\n    top: 50%;\r\n    transform: translateY(-50%);\r\n    width: 50px;\r\n    height: 50px;\r\n    background: white;\r\n    color: var(--river-blue-dark);\r\n    border-radius: 50%;\r\n    display: flex;\r\n    align-items: center;\r\n    justify-content: center;\r\n    cursor: pointer;\r\n    z-index: 20;\r\n    box-shadow: 0 5px 15px rgba(0,0,0,0.1);\r\n    border: 1px solid #eee;\r\n    transition: all 0.2s ease;\r\n    user-select: none;\r\n}\r\n\r\n.tf-river-l { left: 5px; }\r\n.tf-river-r { right: 5px; }\r\n.tf-river-arrow:hover { background: var(--river-blue-dark); color: #fff; border-color: var(--river-blue-dark); }\r\n\r\n\/* CONTROLES M\u00d3VILES (Ocultos por defecto) *\/\r\n.tf-mobile-river-arrows {\r\n    display: none;\r\n}\r\n\r\n@media (max-width: 768px) {\r\n    .tf-grid-desc { grid-template-columns: 1fr; }\r\n    .tf-slider-river-wrapper { padding: 0 15px; }\r\n    .tf-card-river { flex: 0 0 85%; }\r\n    \r\n    \/* Ocultar flechas flotantes en m\u00f3vil *\/\r\n    .tf-river-arrow { display: none; }\r\n    \r\n    \/* Mostrar y centrar controles inferiores en m\u00f3viles *\/\r\n    .tf-mobile-river-arrows {\r\n        display: flex;\r\n        justify-content: center;\r\n        gap: 20px;\r\n        margin-top: 5px;\r\n        margin-bottom: 20px;\r\n    }\r\n    \r\n    .tf-mobile-river-arrow {\r\n        width: 45px;\r\n        height: 45px;\r\n        background: var(--river-blue-dark);\r\n        color: white;\r\n        border-radius: 50%;\r\n        display: flex;\r\n        align-items: center;\r\n        justify-content: center;\r\n        cursor: pointer;\r\n        font-weight: bold;\r\n        box-shadow: 0 6px 16px rgba(15, 32, 39, 0.15);\r\n        user-select: none;\r\n        transition: background 0.2s ease;\r\n    }\r\n    \r\n    \/* Feedback t\u00e1ctil en m\u00f3vil *\/\r\n    .tf-mobile-river-arrow:active {\r\n        background: var(--river-accent);\r\n        color: var(--river-blue-dark);\r\n    }\r\n}\r\n<\/style>\r\n\r\n<section style=\"width: 100%; overflow: hidden;\">\r\n    \r\n    <header class=\"tf-widget-header\">\r\n        <div class=\"tf-grid-desc\">\r\n            <div class=\"tf-desc-box\">\r\n                <h4>\ud83c\udfa1 Malec\u00f3n 2000<\/h4>\r\n                <p style=\"font-size: 14px; margin:0; line-height: 1.5;\">El paseo m\u00e1s grande de Guayaquil. Conecta con <strong>Las Pe\u00f1as<\/strong> y <strong>Puerto Santa Ana<\/strong>. Incluye museos como el MAAC y sitios ic\u00f3nicos como la Torre Morisca y La Rotonda.<\/p>\r\n            <\/div>\r\n            <div class=\"tf-desc-box\">\r\n                <h4>\ud83c\udfad Malec\u00f3n del Estero Salado<\/h4>\r\n                <p style=\"font-size: 14px; margin:0; line-height: 1.5;\">Espacio de cultura con el teatro \"La Bota\" y la Plaza Rodolfo Baquerizo. Un lugar perfecto para navegar por el estero en bote y disfrutar del atardecer.<\/p>\r\n            <\/div>\r\n        <\/div>\r\n    <\/header>\r\n\r\n    <div class=\"tf-slider-river-wrapper\">\r\n        <!-- Navegaci\u00f3n Escritorio -->\r\n        <div class=\"tf-river-arrow tf-river-l\" onclick=\"moveRiverSlider(-385)\" aria-label=\"Anterior\">\u276e<\/div>\r\n        <div class=\"tf-river-arrow tf-river-r\" onclick=\"moveRiverSlider(385)\" aria-label=\"Siguiente\">\u276f<\/div>\r\n\r\n        <div class=\"tf-slider-river-container\" id=\"river-slider\" role=\"region\">\r\n            \r\n            <article class=\"tf-card-river\" itemscope itemtype=\"https:\/\/schema.org\/Place\">\r\n                <div class=\"tf-img-wrapper-seo\">\r\n                    <img decoding=\"async\" src=\"https:\/\/trailforthjournal.com\/es\/wp-content\/uploads\/sites\/4\/2022\/05\/IMG_0623-2-scaled.jpg\" alt=\"Puerto Santa Ana\" loading=\"lazy\" class=\"tf-img-seo\" itemprop=\"image\">\r\n                    <div class=\"tf-tag-river\">Modernidad<\/div>\r\n                <\/div>\r\n                <div class=\"tf-body-river\">\r\n                    <span class=\"tf-cat-river\">Lugar Emblem\u00e1tico<\/span>\r\n                    <h4 class=\"tf-head-river\" itemprop=\"name\">Puerto Santa Ana<\/h4>\r\n                    <p class=\"tf-desc-river\" itemprop=\"description\">Arquitectura de vanguardia y gastronom\u00eda de primer nivel en el sector m\u00e1s cosmopolita de Guayaquil.<\/p>\r\n                    <div class=\"tf-info-tags-river\">\r\n                        <span>\ud83c\udfd9\ufe0f Skyline<\/span> <span>\ud83c\udf7d\ufe0f Gourmet<\/span> <span>\ud83c\udfe2 The Point<\/span>\r\n                    <\/div>\r\n                    <a href=\"https:\/\/trailforthjournal.com\/es\/lugar-emblematico\/puerto-santa-ana\/\" target=\"_blank\" rel=\"noopener\" class=\"tf-btn-river\" itemprop=\"url\">Explorar Lugar<\/a>\r\n                <\/div>\r\n            <\/article>\r\n\r\n            <article class=\"tf-card-river\" itemscope itemtype=\"https:\/\/schema.org\/Place\">\r\n                <div class=\"tf-img-wrapper-seo\">\r\n                    <img decoding=\"async\" src=\"https:\/\/trailforthjournal.com\/es\/wp-content\/uploads\/sites\/4\/2022\/03\/IMG_3082-2-scaled.jpg\" alt=\"Malec\u00f3n 2000\" loading=\"lazy\" class=\"tf-img-seo\" itemprop=\"image\">\r\n                    <div class=\"tf-tag-river\">Ic\u00f3nico<\/div>\r\n                <\/div>\r\n                <div class=\"tf-body-river\">\r\n                    <span class=\"tf-cat-river\">Atracci\u00f3n Principal<\/span>\r\n                    <h4 class=\"tf-head-river\" itemprop=\"name\">Malec\u00f3n 2000<\/h4>\r\n                    <p class=\"tf-desc-river\" itemprop=\"description\">2.5 kil\u00f3metros de parques, monumentos y centros comerciales a orillas del R\u00edo Guayas.<\/p>\r\n                    <div class=\"tf-info-tags-river\">\r\n                        <span>\ud83c\udfa1 La Perla<\/span> <span>\ud83c\udf33 Jardines<\/span> <span>\ud83d\udea4 Paseos<\/span>\r\n                    <\/div>\r\n                    <a href=\"https:\/\/trailforthjournal.com\/es\/lugar-emblematico\/malecon-2000-guayaquil\/\" target=\"_blank\" rel=\"noopener\" class=\"tf-btn-river\" itemprop=\"url\">Ver Recorrido<\/a>\r\n                <\/div>\r\n            <\/article>\r\n\r\n            <article class=\"tf-card-river\" itemscope itemtype=\"https:\/\/schema.org\/Place\">\r\n                <div class=\"tf-img-wrapper-seo\">\r\n                    <img decoding=\"async\" src=\"https:\/\/trailforthjournal.com\/es\/wp-content\/uploads\/sites\/4\/2022\/03\/DJI_0043-2-scaled.jpg\" alt=\"Torre Morisca\" loading=\"lazy\" class=\"tf-img-seo\" itemprop=\"image\">\r\n                    <div class=\"tf-tag-river\">Historia<\/div>\r\n                <\/div>\r\n                <div class=\"tf-body-river\">\r\n                    <span class=\"tf-cat-river\">Monumento Hist\u00f3rico<\/span>\r\n                    <h4 class=\"tf-head-river\" itemprop=\"name\">Torre Morisca<\/h4>\r\n                    <p class=\"tf-desc-river\" itemprop=\"description\">El emblem\u00e1tico Reloj P\u00fablico, joya arquitect\u00f3nica de estilo morisco en el centro de la ciudad.<\/p>\r\n                    <div class=\"tf-info-tags-river\">\r\n                        <span>\u23f0 Reloj P\u00fablico<\/span> <span>\ud83d\udd4c Estilo Morisco<\/span> <span>\ud83d\udccd Malec\u00f3n<\/span>\r\n                    <\/div>\r\n                    <a href=\"https:\/\/trailforthjournal.com\/es\/lugar-emblematico\/torre-morisca-guayaquil\/\" target=\"_blank\" rel=\"noopener\" class=\"tf-btn-river\" itemprop=\"url\">Descubrir Torre<\/a>\r\n                <\/div>\r\n            <\/article>\r\n\r\n            <article class=\"tf-card-river\" itemscope itemtype=\"https:\/\/schema.org\/Place\">\r\n                <div class=\"tf-img-wrapper-seo\">\r\n                    <img decoding=\"async\" src=\"https:\/\/trailforthjournal.com\/es\/wp-content\/uploads\/sites\/4\/2023\/10\/WP_006754-2-scaled.jpg\" alt=\"Hemiciclo La Rotonda\" loading=\"lazy\" class=\"tf-img-seo\" itemprop=\"image\">\r\n                    <div class=\"tf-tag-river\">Patrimonio<\/div>\r\n                <\/div>\r\n                <div class=\"tf-body-river\">\r\n                    <span class=\"tf-cat-river\">Cultura e Historia<\/span>\r\n                    <h4 class=\"tf-head-river\" itemprop=\"name\">Hemiciclo La Rotonda<\/h4>\r\n                    <p class=\"tf-desc-river\" itemprop=\"description\">Conmemora la c\u00e9lebre Entrevista de Guayaquil entre Sim\u00f3n Bol\u00edvar y Jos\u00e9 de San Mart\u00edn.<\/p>\r\n                    <div class=\"tf-info-tags-river\">\r\n                        <span>\u2694\ufe0f Libertadores<\/span> <span>\ud83d\udcdc Historia<\/span> <span>\ud83c\udfdb\ufe0f Monumento<\/span>\r\n                    <\/div>\r\n                    <a href=\"https:\/\/trailforthjournal.com\/es\/cultura\/la-rotonda-guayaquil\/\" target=\"_blank\" rel=\"noopener\" class=\"tf-btn-river\" itemprop=\"url\">Leer Historia<\/a>\r\n                <\/div>\r\n            <\/article>\r\n\r\n            <article class=\"tf-card-river\" itemscope itemtype=\"https:\/\/schema.org\/Place\">\r\n                <div class=\"tf-img-wrapper-seo\">\r\n                    <img decoding=\"async\" src=\"https:\/\/trailforthjournal.com\/es\/wp-content\/uploads\/sites\/4\/2022\/11\/Palacio-de-Cristal-scaled.jpg\" alt=\"Palacio de Cristal\" loading=\"lazy\" class=\"tf-img-seo\" itemprop=\"image\">\r\n                    <div class=\"tf-tag-river\">Arte<\/div>\r\n                <\/div>\r\n                <div class=\"tf-body-river\">\r\n                    <span class=\"tf-cat-river\">Centro Cultural<\/span>\r\n                    <h4 class=\"tf-head-river\" itemprop=\"name\">Palacio de Cristal<\/h4>\r\n                    <p class=\"tf-desc-river\" itemprop=\"description\">Antiguo mercado de hierro dise\u00f1ado en talleres de Eiffel, hoy centro vibrante de arte.<\/p>\r\n                    <div class=\"tf-info-tags-river\">\r\n                        <span>\ud83d\udc8e Hierro y Cristal<\/span> <span>\ud83c\udfa8 Exposiciones<\/span> <span>\ud83d\udccd Sur<\/span>\r\n                    <\/div>\r\n                    <a href=\"https:\/\/trailforthjournal.com\/es\/cultura\/palacio-de-cristal-guayaquil\/\" target=\"_blank\" rel=\"noopener\" class=\"tf-btn-river\" itemprop=\"url\">Ver Galer\u00eda<\/a>\r\n                <\/div>\r\n            <\/article>\r\n\r\n        <\/div>\r\n    <\/div>\r\n\r\n    <!-- Navegaci\u00f3n M\u00f3vil -->\r\n    <div class=\"tf-mobile-river-arrows\">\r\n        <div class=\"tf-mobile-river-arrow\" onclick=\"moveRiverSlider(-310)\">\u276e<\/div>\r\n        <div class=\"tf-mobile-river-arrow\" onclick=\"moveRiverSlider(310)\">\u276f<\/div>\r\n    <\/div>\r\n<\/section>\r\n\r\n<script>\r\nfunction moveRiverSlider(dist) {\r\n    document.getElementById('river-slider').scrollBy({ left: dist, behavior: 'smooth' });\r\n}\r\n<\/script>\t\t\t\t<\/div>\n\t\t\t\t<\/div>\n\t\t\t\t\t<\/div>\n\t\t<\/div>\n\t\t\t\t\t<\/div>\n\t\t<\/section>\n\t\t\t\t<section class=\"elementor-section elementor-top-section elementor-element elementor-element-2e15342 elementor-section-boxed elementor-section-height-default elementor-section-height-default wpr-particle-no wpr-jarallax-no wpr-parallax-no wpr-sticky-section-no wpr-column-slider-no wpr-equal-height-no\" data-id=\"2e15342\" data-element_type=\"section\" data-e-type=\"section\">\n\t\t\t\t\t\t<div class=\"elementor-container elementor-column-gap-default\">\n\t\t\t\t\t<div class=\"elementor-column elementor-col-100 elementor-top-column elementor-element elementor-element-4853512\" data-id=\"4853512\" data-element_type=\"column\" data-e-type=\"column\">\n\t\t\t<div class=\"elementor-widget-wrap elementor-element-populated\">\n\t\t\t\t\t\t<div class=\"elementor-element elementor-element-7b1ee84 elementor-widget elementor-widget-spacer\" data-id=\"7b1ee84\" data-element_type=\"widget\" data-e-type=\"widget\" data-widget_type=\"spacer.default\">\n\t\t\t\t<div class=\"elementor-widget-container\">\n\t\t\t\t\t\t\t<div class=\"elementor-spacer\">\n\t\t\t<div class=\"elementor-spacer-inner\"><\/div>\n\t\t<\/div>\n\t\t\t\t\t\t<\/div>\n\t\t\t\t<\/div>\n\t\t\t\t\t<\/div>\n\t\t<\/div>\n\t\t\t\t\t<\/div>\n\t\t<\/section>\n\t\t\t\t<section class=\"elementor-section elementor-top-section elementor-element elementor-element-a49dc56 elementor-section-boxed elementor-section-height-default elementor-section-height-default wpr-particle-no wpr-jarallax-no wpr-parallax-no wpr-sticky-section-no wpr-column-slider-no wpr-equal-height-no\" data-id=\"a49dc56\" data-element_type=\"section\" data-e-type=\"section\">\n\t\t\t\t\t\t<div class=\"elementor-container elementor-column-gap-default\">\n\t\t\t\t\t<div class=\"elementor-column elementor-col-100 elementor-top-column elementor-element elementor-element-f1e694a\" data-id=\"f1e694a\" data-element_type=\"column\" data-e-type=\"column\">\n\t\t\t<div class=\"elementor-widget-wrap elementor-element-populated\">\n\t\t\t\t\t\t<div class=\"elementor-element elementor-element-181963b elementor-widget elementor-widget-heading\" data-id=\"181963b\" data-element_type=\"widget\" data-e-type=\"widget\" data-widget_type=\"heading.default\">\n\t\t\t\t<div class=\"elementor-widget-container\">\n\t\t\t\t\t<h2 class=\"elementor-heading-title elementor-size-default\">Museos y Centros Culturales: El circuito del Arte en Guayaquil<\/h2>\t\t\t\t<\/div>\n\t\t\t\t<\/div>\n\t\t\t\t<div class=\"elementor-element elementor-element-6b89909 elementor-widget-divider--view-line elementor-widget elementor-widget-divider\" data-id=\"6b89909\" data-element_type=\"widget\" data-e-type=\"widget\" data-widget_type=\"divider.default\">\n\t\t\t\t<div class=\"elementor-widget-container\">\n\t\t\t\t\t\t\t<div class=\"elementor-divider\">\n\t\t\t<span class=\"elementor-divider-separator\">\n\t\t\t\t\t\t<\/span>\n\t\t<\/div>\n\t\t\t\t\t\t<\/div>\n\t\t\t\t<\/div>\n\t\t\t\t\t<\/div>\n\t\t<\/div>\n\t\t\t\t\t<\/div>\n\t\t<\/section>\n\t\t\t\t<section class=\"elementor-section elementor-top-section elementor-element elementor-element-55863a7 elementor-section-boxed elementor-section-height-default elementor-section-height-default wpr-particle-no wpr-jarallax-no wpr-parallax-no wpr-sticky-section-no wpr-column-slider-no wpr-equal-height-no\" data-id=\"55863a7\" data-element_type=\"section\" data-e-type=\"section\">\n\t\t\t\t\t\t<div class=\"elementor-container elementor-column-gap-default\">\n\t\t\t\t\t<div class=\"elementor-column elementor-col-100 elementor-top-column elementor-element elementor-element-ff4ea46\" data-id=\"ff4ea46\" data-element_type=\"column\" data-e-type=\"column\">\n\t\t\t<div class=\"elementor-widget-wrap elementor-element-populated\">\n\t\t\t\t\t\t<div class=\"elementor-element elementor-element-2a0ef30 elementor-widget elementor-widget-text-editor\" data-id=\"2a0ef30\" data-element_type=\"widget\" data-e-type=\"widget\" data-widget_type=\"text-editor.default\">\n\t\t\t\t<div class=\"elementor-widget-container\">\n\t\t\t\t\t\t\t\t\t<p data-path-to-node=\"5\">Explorar la red de <b data-path-to-node=\"4\" data-index-in-node=\"19\">museos de Guayaquil<\/b> es descubrir el car\u00e1cter resiliente de la \u00abPerla del Pac\u00edfico\u00bb. Desde los or\u00edgenes coloniales en el <a href=\"https:\/\/trailforthjournal.com\/es\/cultura\/museo-municipal-guayaquil\/\"><b data-path-to-node=\"4\" data-index-in-node=\"139\">Museo Municipal<\/b><\/a> y el arte sacro en el <a href=\"https:\/\/trailforthjournal.com\/es\/cultura\/museo-nahim-isaias-guayaquil\/\"><b data-path-to-node=\"4\" data-index-in-node=\"177\">Nah\u00edm Isa\u00edas<\/b><\/a>, hasta la vanguardia del <a href=\"https:\/\/trailforthjournal.com\/es\/cultura\/museo-antropologico-arte-contemporaneo\/\"><b data-path-to-node=\"4\" data-index-in-node=\"215\">MAAC<\/b><\/a> frente al r\u00edo, la ciudad ofrece un recorrido fascinante por su pasado y presente. Este circuito cultural se complementa con la vibrante <b data-path-to-node=\"4\" data-index-in-node=\"356\">ruta de los teatros<\/b> y las cr\u00f3nicas que narran la \u00e9pica <b data-path-to-node=\"4\" data-index-in-node=\"411\">historia de Guayaquil<\/b>, desde su \u00e9poca como \u00abciudad de madera\u00bb hasta su modernidad actual.<\/p>\t\t\t\t\t\t\t\t<\/div>\n\t\t\t\t<\/div>\n\t\t\t\t\t<\/div>\n\t\t<\/div>\n\t\t\t\t\t<\/div>\n\t\t<\/section>\n\t\t\t\t<section class=\"elementor-section elementor-top-section elementor-element elementor-element-fc91caf elementor-section-boxed elementor-section-height-default elementor-section-height-default wpr-particle-no wpr-jarallax-no wpr-parallax-no wpr-sticky-section-no wpr-column-slider-no wpr-equal-height-no\" data-id=\"fc91caf\" data-element_type=\"section\" data-e-type=\"section\" id=\"museos\">\n\t\t\t\t\t\t<div class=\"elementor-container elementor-column-gap-default\">\n\t\t\t\t\t<div class=\"elementor-column elementor-col-100 elementor-top-column elementor-element elementor-element-ce3b1ea\" data-id=\"ce3b1ea\" data-element_type=\"column\" data-e-type=\"column\">\n\t\t\t<div class=\"elementor-widget-wrap elementor-element-populated\">\n\t\t\t\t\t\t<div class=\"elementor-element elementor-element-1fd24fe elementor-widget elementor-widget-html\" data-id=\"1fd24fe\" data-element_type=\"widget\" data-e-type=\"widget\" data-widget_type=\"html.default\">\n\t\t\t\t<div class=\"elementor-widget-container\">\n\t\t\t\t\t<style>\r\n\/* 1. FUENTES Y VARIABLES *\/\r\n@import url('https:\/\/fonts.googleapis.com\/css2?family=Poppins:wght@400;600;700;800&display=swap');\r\n\r\n:root {\r\n    --art-lima: #CDDC3A; \r\n    --art-lima-dark: #A4B41F; \r\n    --art-lima-pale: #EBF2A1; \r\n    --art-text: #2A3B03; \r\n    --art-bg-card: #FEFFF0;\r\n    --tf-bg-tag: #F4F9D1;\r\n}\r\n\r\n\/* 2. CONTENEDOR DEL SLIDER - AJUSTADO *\/\r\n.tf-slider-pan-wrapper {\r\n    max-width: 1200px;\r\n    margin: 10px auto 40px auto;\r\n    position: relative;\r\n    padding: 0 45px;\r\n    font-family: 'Poppins', sans-serif;\r\n    color: var(--art-text);\r\n}\r\n\r\n.tf-slider-pan-container {\r\n    display: flex;\r\n    overflow-x: auto;\r\n    scroll-behavior: smooth;\r\n    gap: 25px;\r\n    padding: 20px 5px;\r\n    scrollbar-width: none; \r\n    scroll-snap-type: x mandatory;\r\n}\r\n\r\n.tf-slider-pan-container::-webkit-scrollbar { display: none; }\r\n\r\n\/* 3. TARJETA PANOR\u00c1MICA *\/\r\n.tf-card-pan {\r\n    flex: 0 0 380px;\r\n    background: var(--art-bg-card);\r\n    border-radius: 12px;\r\n    overflow: hidden;\r\n    box-shadow: 0 8px 25px rgba(42,59,3,0.08);\r\n    border: 1px solid var(--art-lima-pale);\r\n    transition: transform 0.3s ease, box-shadow 0.3s ease;\r\n    display: flex;\r\n    flex-direction: column;\r\n    scroll-snap-align: start;\r\n}\r\n\r\n.tf-card-pan:hover {\r\n    transform: translateY(-8px);\r\n    box-shadow: 0 12px 35px rgba(205,220,58,0.2);\r\n}\r\n\r\n.tf-img-container-seo {\r\n    position: relative;\r\n    width: 100%;\r\n    height: 230px;\r\n    overflow: hidden;\r\n}\r\n\r\n.tf-img-seo-tag {\r\n    width: 100%;\r\n    height: 100%;\r\n    object-fit: cover;\r\n    display: block;\r\n    transition: transform 0.5s ease;\r\n}\r\n\r\n.tf-card-pan:hover .tf-img-seo-tag {\r\n    transform: scale(1.05);\r\n}\r\n\r\n.tf-tag-badge-pan {\r\n    position: absolute;\r\n    bottom: 15px;\r\n    right: 15px;\r\n    background: var(--art-lima);\r\n    color: var(--art-text);\r\n    padding: 6px 18px;\r\n    border-radius: 50px;\r\n    font-size: 11px;\r\n    font-weight: 700;\r\n    text-transform: uppercase;\r\n    box-shadow: 2px 2px 0px var(--art-text);\r\n    z-index: 2;\r\n}\r\n\r\n.tf-body-pan {\r\n    padding: 25px;\r\n    text-align: left;\r\n    display: flex;\r\n    flex-direction: column;\r\n    flex-grow: 1;\r\n}\r\n\r\n.tf-cat-pan {\r\n    font-size: 12px;\r\n    color: var(--art-lima-dark);\r\n    font-weight: 700;\r\n    text-transform: uppercase;\r\n    letter-spacing: 1px;\r\n    margin-bottom: 10px;\r\n}\r\n\r\n.tf-head-pan {\r\n    font-size: 24px;\r\n    font-weight: 800;\r\n    color: var(--art-text);\r\n    margin: 0 0 12px 0;\r\n    line-height: 1.2;\r\n}\r\n\r\n.tf-quote-pan {\r\n    font-size: 13px;\r\n    font-style: italic;\r\n    color: #6a7c41;\r\n    margin-bottom: 15px;\r\n    padding-left: 12px;\r\n    border-left: 3px solid var(--art-lima);\r\n}\r\n\r\n.tf-desc-pan {\r\n    font-size: 14px;\r\n    color: #4a5a2a;\r\n    line-height: 1.6;\r\n    margin-bottom: 20px;\r\n}\r\n\r\n.tf-info-tags-pan {\r\n    display: flex;\r\n    flex-wrap: wrap;\r\n    gap: 8px;\r\n    margin-bottom: 25px;\r\n}\r\n\r\n.tf-info-tags-pan span {\r\n    background: var(--tf-bg-tag);\r\n    color: var(--art-text);\r\n    padding: 5px 12px;\r\n    border-radius: 6px;\r\n    font-size: 11px;\r\n    font-weight: 600;\r\n    border: 1px solid var(--art-lima-pale);\r\n}\r\n\r\n.tf-action-btn-pan {\r\n    margin-top: auto;\r\n    display: block;\r\n    background: var(--art-text);\r\n    color: var(--art-lima) !important;\r\n    text-align: center;\r\n    padding: 15px;\r\n    border-radius: 10px;\r\n    text-decoration: none !important;\r\n    font-weight: 700;\r\n    font-size: 15px;\r\n    text-transform: uppercase;\r\n    transition: all 0.3s ease;\r\n    letter-spacing: 1px;\r\n}\r\n\r\n.tf-action-btn-pan:hover {\r\n    background: var(--art-lima);\r\n    color: var(--art-text) !important;\r\n    box-shadow: 0 5px 15px rgba(205,220,58,0.4);\r\n}\r\n\r\n\/* 4. FLECHAS NAVEGACI\u00d3N (ESCRITORIO) *\/\r\n.tf-pan-arrow {\r\n    position: absolute;\r\n    top: 50%;\r\n    transform: translateY(-50%);\r\n    width: 45px;\r\n    height: 45px;\r\n    background: var(--art-text);\r\n    color: var(--art-lima);\r\n    border-radius: 50%;\r\n    display: flex;\r\n    align-items: center;\r\n    justify-content: center;\r\n    cursor: pointer;\r\n    z-index: 10;\r\n    font-size: 20px;\r\n    transition: all 0.2s ease;\r\n    user-select: none;\r\n}\r\n\r\n.tf-pan-arrow:hover {\r\n    background: var(--art-lima);\r\n    color: var(--art-text);\r\n    transform: translateY(-50%) scale(1.1);\r\n}\r\n\r\n.tf-arrow-l { left: 0; }\r\n.tf-arrow-r { right: 0; }\r\n\r\n\/* CONTROLES M\u00d3VILES (Ocultos en desktop) *\/\r\n.tf-mobile-pan-controls {\r\n    display: none;\r\n}\r\n\r\n@media (max-width: 768px) {\r\n    .tf-card-pan { flex: 0 0 310px; }\r\n    .tf-slider-pan-wrapper { padding: 0 15px; }\r\n    \r\n    \/* Ocultar flechas laterales de escritorio *\/\r\n    .tf-pan-arrow { display: none; }\r\n    \r\n    \/* Mostrar y centrar los botones en m\u00f3vil *\/\r\n    .tf-mobile-pan-controls {\r\n        display: flex;\r\n        justify-content: center;\r\n        gap: 15px;\r\n        margin-top: 10px;\r\n    }\r\n    \r\n    .tf-mobile-pan-arrow {\r\n        width: 45px;\r\n        height: 45px;\r\n        background: var(--art-text);\r\n        color: var(--art-lima);\r\n        border-radius: 50%;\r\n        display: flex;\r\n        align-items: center;\r\n        justify-content: center;\r\n        cursor: pointer;\r\n        font-size: 18px;\r\n        font-weight: bold;\r\n        box-shadow: 0 4px 15px rgba(42,59,3,0.15);\r\n        user-select: none;\r\n    }\r\n    \r\n    \/* Feedback de interacci\u00f3n al presionar en pantallas t\u00e1ctiles *\/\r\n    .tf-mobile-pan-arrow:active {\r\n        background: var(--art-lima);\r\n        color: var(--art-text);\r\n    }\r\n}\r\n<\/style>\r\n\r\n<script type=\"application\/ld+json\">\r\n{\r\n  \"@context\": \"https:\/\/schema.org\",\r\n  \"@type\": \"ItemList\",\r\n  \"name\": \"Ruta Cultural y Museos de Guayaquil\",\r\n  \"description\": \"Descubre los mejores museos y centros culturales en Guayaquil, Ecuador.\",\r\n  \"itemListElement\": [\r\n    {\r\n      \"@type\": \"ListItem\",\r\n      \"position\": 1,\r\n      \"name\": \"Museo Municipal de Guayaquil\",\r\n      \"url\": \"https:\/\/trailforthjournal.com\/es\/cultura\/museo-municipal-guayaquil\/\"\r\n    },\r\n    {\r\n      \"@type\": \"ListItem\",\r\n      \"position\": 2,\r\n      \"name\": \"Museo Nah\u00edm Isa\u00edas\",\r\n      \"url\": \"https:\/\/trailforthjournal.com\/es\/cultura\/museo-nahim-isaias-guayaquil\/\"\r\n    }\r\n  ]\r\n}\r\n<\/script>\r\n\r\n<div class=\"tf-slider-pan-wrapper\">\r\n    <!-- Navegaci\u00f3n Escritorio -->\r\n    <nav>\r\n        <div class=\"tf-pan-arrow tf-arrow-l\" onclick=\"movePanSlider('prev')\" aria-label=\"Anterior\">\u276e<\/div>\r\n        <div class=\"tf-pan-arrow tf-arrow-r\" onclick=\"movePanSlider('next')\" aria-label=\"Siguiente\">\u276f<\/div>\r\n    <\/nav>\r\n\r\n    <div class=\"tf-slider-pan-container\" id=\"pan-slider\" role=\"list\">\r\n        \r\n        <article class=\"tf-card-pan\" itemscope itemtype=\"https:\/\/schema.org\/Museum\" role=\"listitem\">\r\n            <div class=\"tf-img-container-seo\">\r\n                <img decoding=\"async\" src=\"https:\/\/trailforthjournal.com\/es\/wp-content\/uploads\/sites\/4\/2022\/03\/DSC00287-2-scaled.jpg\" \r\n                     alt=\"Museo Municipal de Guayaquil\" class=\"tf-img-seo-tag\" loading=\"lazy\" itemprop=\"image\">\r\n                <div class=\"tf-tag-badge-pan\">Historia<\/div>\r\n            <\/div>\r\n            <div class=\"tf-body-pan\">\r\n                <span class=\"tf-cat-pan\">Patrimonio Hist\u00f3rico<\/span>\r\n                <h3 class=\"tf-head-pan\" itemprop=\"name\">Museo Municipal<\/h3>\r\n                <div class=\"tf-quote-pan\">\"El origen de la Perla del Pac\u00edfico.\"<\/div>\r\n                <p class=\"tf-desc-pan\" itemprop=\"description\">Explora los hitos fundamentales de Guayaquil desde la era prehisp\u00e1nica hasta la reconstrucci\u00f3n republicana.<\/p>\r\n                <div class=\"tf-info-tags-pan\">\r\n                    <span>\u23f1\ufe0f 1.5 Horas<\/span>\r\n                    <span>\ud83c\udfdb\ufe0f Centro<\/span>\r\n                    <span>\ud83d\udccd Gratuito<\/span>\r\n                <\/div>\r\n                <a href=\"https:\/\/trailforthjournal.com\/es\/cultura\/museo-municipal-guayaquil\/\" target=\"_blank\" rel=\"noopener\" class=\"tf-action-btn-pan\" itemprop=\"url\">Ver Detalles<\/a>\r\n            <\/div>\r\n        <\/article>\r\n\r\n        <article class=\"tf-card-pan\" itemscope itemtype=\"https:\/\/schema.org\/Museum\" role=\"listitem\">\r\n            <div class=\"tf-img-container-seo\">\r\n                <img decoding=\"async\" src=\"https:\/\/trailforthjournal.com\/es\/wp-content\/uploads\/sites\/4\/2022\/05\/48318183202_302724019b_o-scaled.jpg\" \r\n                     alt=\"Museo Nah\u00edm Isa\u00edas Guayaquil\" class=\"tf-img-seo-tag\" loading=\"lazy\" itemprop=\"image\">\r\n                <div class=\"tf-tag-badge-pan\">Arte Colonial<\/div>\r\n            <\/div>\r\n            <div class=\"tf-body-pan\">\r\n                <span class=\"tf-cat-pan\">Arte Religioso<\/span>\r\n                <h3 class=\"tf-head-pan\" itemprop=\"name\">Museo Nah\u00edm Isa\u00edas<\/h3>\r\n                <div class=\"tf-quote-pan\">\"Tesoro sacro en el coraz\u00f3n urbano.\"<\/div>\r\n                <p class=\"tf-desc-pan\" itemprop=\"description\">Impresionante colecci\u00f3n de arte colonial y arqueolog\u00eda frente a la Plaza de la Administraci\u00f3n.<\/p>\r\n                <div class=\"tf-info-tags-pan\">\r\n                    <span>\ud83d\uddbc\ufe0f Arte Sacro<\/span>\r\n                    <span>\ud83d\uddfa\ufe0f Plaza Admin<\/span>\r\n                    <span>\ud83c\udf9f\ufe0f Free<\/span>\r\n                <\/div>\r\n                <a href=\"https:\/\/trailforthjournal.com\/es\/cultura\/museo-nahim-isaias-guayaquil\/\" target=\"_blank\" rel=\"noopener\" class=\"tf-action-btn-pan\" itemprop=\"url\">Ver Detalles<\/a>\r\n            <\/div>\r\n        <\/article>\r\n\r\n        <article class=\"tf-card-pan\" itemscope itemtype=\"https:\/\/schema.org\/Museum\" role=\"listitem\">\r\n            <div class=\"tf-img-container-seo\">\r\n                <img decoding=\"async\" src=\"https:\/\/trailforthjournal.com\/es\/wp-content\/uploads\/sites\/4\/2022\/05\/24465770774_e36bc43f29_o-scaled.jpg\" \r\n                     alt=\"Museo MAAC Guayaquil\" class=\"tf-img-seo-tag\" loading=\"lazy\" itemprop=\"image\">\r\n                <div class=\"tf-tag-badge-pan\">Contempor\u00e1neo<\/div>\r\n            <\/div>\r\n            <div class=\"tf-body-pan\">\r\n                <span class=\"tf-cat-pan\">Arqueolog\u00eda & Arte<\/span>\r\n                <h3 class=\"tf-head-pan\" itemprop=\"name\">Museo Antropol\u00f3gico<\/h3>\r\n                <div class=\"tf-quote-pan\">\"Donde el pasado ancestral se une al hoy.\"<\/div>\r\n                <p class=\"tf-desc-pan\" itemprop=\"description\">El centro cultural MAAC, el m\u00e1s vanguardista del Malec\u00f3n 2000 con vistas al R\u00edo Guayas.<\/p>\r\n                <div class=\"tf-info-tags-pan\">\r\n                    <span>\ud83d\uddff Ancestral<\/span>\r\n                    <span>\ud83c\udfa8 Galer\u00eda<\/span>\r\n                    <span>\ud83c\udf0a Malec\u00f3n<\/span>\r\n                <\/div>\r\n                <a href=\"https:\/\/trailforthjournal.com\/es\/cultura\/museo-antropologico-arte-contemporaneo\/\" target=\"_blank\" rel=\"noopener\" class=\"tf-action-btn-pan\" itemprop=\"url\">Ver Detalles<\/a>\r\n            <\/div>\r\n        <\/article>\r\n\r\n        <article class=\"tf-card-pan\" itemscope itemtype=\"https:\/\/schema.org\/Guide\" role=\"listitem\">\r\n            <div class=\"tf-img-container-seo\">\r\n                <img decoding=\"async\" src=\"https:\/\/trailforthjournal.com\/es\/wp-content\/uploads\/sites\/4\/2022\/05\/IMG_5309-scaled.jpg\" \r\n                     alt=\"Ruta del Teatro Guayaquil\" class=\"tf-img-seo-tag\" loading=\"lazy\" itemprop=\"image\">\r\n                <div class=\"tf-tag-badge-pan\">Artes Vivas<\/div>\r\n            <\/div>\r\n            <div class=\"tf-body-pan\">\r\n                <span class=\"tf-cat-pan\">Ruta Esc\u00e9nica<\/span>\r\n                <h3 class=\"tf-head-pan\" itemprop=\"name\">Recorrido del Teatro<\/h3>\r\n                <div class=\"tf-quote-pan\">\"Bajo las luces de la cartelera porte\u00f1a.\"<\/div>\r\n                <p class=\"tf-desc-pan\" itemprop=\"description\">Mapa cultural por los escenarios m\u00e1s ic\u00f3nicos de las artes esc\u00e9nicas en Guayaquil.<\/p>\r\n                <div class=\"tf-info-tags-pan\">\r\n                    <span>\ud83c\udfad Escenarios<\/span>\r\n                    <span>\ud83d\udcdc Historia<\/span>\r\n                    <span>\ud83d\uddfa\ufe0f Mapa<\/span>\r\n                <\/div>\r\n                <a href=\"https:\/\/trailforthjournal.com\/es\/mapa-tour\/recorrido-cultural-teatro-guayaquil\/\" target=\"_blank\" rel=\"noopener\" class=\"tf-action-btn-pan\" itemprop=\"url\">Ver Detalles<\/a>\r\n            <\/div>\r\n        <\/article>\r\n\r\n        <article class=\"tf-card-pan\" itemscope itemtype=\"https:\/\/schema.org\/Article\" role=\"listitem\">\r\n            <div class=\"tf-img-container-seo\">\r\n                <img decoding=\"async\" src=\"https:\/\/trailforthjournal.com\/es\/wp-content\/uploads\/sites\/4\/2023\/01\/Guayaquil-1890-1930-sepelio.jpg\" \r\n                     alt=\"Historia de Guayaquil\" class=\"tf-img-seo-tag\" loading=\"lazy\" itemprop=\"image\">\r\n                <div class=\"tf-tag-badge-pan\">Archivo<\/div>\r\n            <\/div>\r\n            <div class=\"tf-body-pan\">\r\n                <span class=\"tf-cat-pan\">Especial Cr\u00f3nica<\/span>\r\n                <h3 class=\"tf-head-pan\" itemprop=\"name\">Historia de Guayaquil<\/h3>\r\n                <div class=\"tf-quote-pan\">\"Reconstruyendo la ciudad de madera.\"<\/div>\r\n                <p class=\"tf-desc-pan\" itemprop=\"description\">Relatos \u00e9picos sobre incendios y el car\u00e1cter resiliente de la ciudad de Guayaquil.<\/p>\r\n                <div class=\"tf-info-tags-pan\">\r\n                    <span>\ud83d\udcdc Cr\u00f3nicas<\/span>\r\n                    <span>\ud83d\udcc5 Siglo XIX<\/span>\r\n                    <span>\ud83e\uddd0 Archivo<\/span>\r\n                <\/div>\r\n                <a href=\"https:\/\/trailforthjournal.com\/es\/cultura\/como-es-la-historia-de-guayaquil\/\" target=\"_blank\" rel=\"noopener\" class=\"tf-action-btn-pan\" itemprop=\"url\">Ver Detalles<\/a>\r\n            <\/div>\r\n        <\/article>\r\n\r\n    <\/div>\r\n\r\n    <!-- Navegaci\u00f3n M\u00f3vil -->\r\n    <div class=\"tf-mobile-pan-controls\">\r\n        <div class=\"tf-mobile-pan-arrow\" onclick=\"movePanSlider('prev')\" aria-label=\"Anterior\">\u276e<\/div>\r\n        <div class=\"tf-mobile-pan-arrow\" onclick=\"movePanSlider('next')\" aria-label=\"Siguiente\">\u276f<\/div>\r\n    <\/div>\r\n<\/div>\r\n\r\n<script>\r\nfunction movePanSlider(direction) {\r\n    const slider = document.getElementById('pan-slider');\r\n    if (!slider) return;\r\n    \r\n    \/\/ Detecta din\u00e1micamente el ancho de la tarjeta + su gap para un scroll perfecto\r\n    const firstCard = slider.querySelector('.tf-card-pan');\r\n    const cardWidth = firstCard ? firstCard.offsetWidth + 25 : 335; \r\n    \r\n    const scrollAmount = direction === 'next' ? cardWidth : -cardWidth;\r\n    slider.scrollBy({ left: scrollAmount, behavior: 'smooth' });\r\n}\r\n<\/script>\t\t\t\t<\/div>\n\t\t\t\t<\/div>\n\t\t\t\t\t<\/div>\n\t\t<\/div>\n\t\t\t\t\t<\/div>\n\t\t<\/section>\n\t\t\t\t<section class=\"elementor-section elementor-top-section elementor-element elementor-element-1178b45 elementor-section-boxed elementor-section-height-default elementor-section-height-default wpr-particle-no wpr-jarallax-no wpr-parallax-no wpr-sticky-section-no wpr-column-slider-no wpr-equal-height-no\" data-id=\"1178b45\" data-element_type=\"section\" data-e-type=\"section\">\n\t\t\t\t\t\t<div class=\"elementor-container elementor-column-gap-default\">\n\t\t\t\t\t<div class=\"elementor-column elementor-col-100 elementor-top-column elementor-element elementor-element-98597d8\" data-id=\"98597d8\" data-element_type=\"column\" data-e-type=\"column\">\n\t\t\t<div class=\"elementor-widget-wrap elementor-element-populated\">\n\t\t\t\t\t\t<div class=\"elementor-element elementor-element-70b3b5a elementor-widget elementor-widget-spacer\" data-id=\"70b3b5a\" data-element_type=\"widget\" data-e-type=\"widget\" data-widget_type=\"spacer.default\">\n\t\t\t\t<div class=\"elementor-widget-container\">\n\t\t\t\t\t\t\t<div class=\"elementor-spacer\">\n\t\t\t<div class=\"elementor-spacer-inner\"><\/div>\n\t\t<\/div>\n\t\t\t\t\t\t<\/div>\n\t\t\t\t<\/div>\n\t\t\t\t\t<\/div>\n\t\t<\/div>\n\t\t\t\t\t<\/div>\n\t\t<\/section>\n\t\t\t\t<section class=\"elementor-section elementor-top-section elementor-element elementor-element-b11afbf elementor-section-boxed elementor-section-height-default elementor-section-height-default wpr-particle-no wpr-jarallax-no wpr-parallax-no wpr-sticky-section-no wpr-column-slider-no wpr-equal-height-no\" data-id=\"b11afbf\" data-element_type=\"section\" data-e-type=\"section\">\n\t\t\t\t\t\t<div class=\"elementor-container elementor-column-gap-default\">\n\t\t\t\t\t<div class=\"elementor-column elementor-col-100 elementor-top-column elementor-element elementor-element-b3a6efe\" data-id=\"b3a6efe\" data-element_type=\"column\" data-e-type=\"column\">\n\t\t\t<div class=\"elementor-widget-wrap elementor-element-populated\">\n\t\t\t\t\t\t<div class=\"elementor-element elementor-element-5ec70d4 elementor-widget elementor-widget-heading\" data-id=\"5ec70d4\" data-element_type=\"widget\" data-e-type=\"widget\" data-widget_type=\"heading.default\">\n\t\t\t\t<div class=\"elementor-widget-container\">\n\t\t\t\t\t<h2 class=\"elementor-heading-title elementor-size-default\">Shopping en Guayaquil y Samborond\u00f3n: Los mejores Centros Comerciales y Compras<\/h2>\t\t\t\t<\/div>\n\t\t\t\t<\/div>\n\t\t\t\t<div class=\"elementor-element elementor-element-0076d7e elementor-widget-divider--view-line elementor-widget elementor-widget-divider\" data-id=\"0076d7e\" data-element_type=\"widget\" data-e-type=\"widget\" data-widget_type=\"divider.default\">\n\t\t\t\t<div class=\"elementor-widget-container\">\n\t\t\t\t\t\t\t<div class=\"elementor-divider\">\n\t\t\t<span class=\"elementor-divider-separator\">\n\t\t\t\t\t\t<\/span>\n\t\t<\/div>\n\t\t\t\t\t\t<\/div>\n\t\t\t\t<\/div>\n\t\t\t\t\t<\/div>\n\t\t<\/div>\n\t\t\t\t\t<\/div>\n\t\t<\/section>\n\t\t\t\t<section class=\"elementor-section elementor-top-section elementor-element elementor-element-7bac238 elementor-section-boxed elementor-section-height-default elementor-section-height-default wpr-particle-no wpr-jarallax-no wpr-parallax-no wpr-sticky-section-no wpr-column-slider-no wpr-equal-height-no\" data-id=\"7bac238\" data-element_type=\"section\" data-e-type=\"section\">\n\t\t\t\t\t\t<div class=\"elementor-container elementor-column-gap-default\">\n\t\t\t\t\t<div class=\"elementor-column elementor-col-100 elementor-top-column elementor-element elementor-element-11bfb96\" data-id=\"11bfb96\" data-element_type=\"column\" data-e-type=\"column\">\n\t\t\t<div class=\"elementor-widget-wrap elementor-element-populated\">\n\t\t\t\t\t\t<div class=\"elementor-element elementor-element-036b6ad elementor-widget elementor-widget-text-editor\" data-id=\"036b6ad\" data-element_type=\"widget\" data-e-type=\"widget\" data-widget_type=\"text-editor.default\">\n\t\t\t\t<div class=\"elementor-widget-container\">\n\t\t\t\t\t\t\t\t\t<p>El Gran Guayaquil es el motor comercial de <b data-path-to-node=\"3\" data-index-in-node=\"44\">Ecuador<\/b>, ofreciendo una experiencia de <b data-path-to-node=\"3\" data-index-in-node=\"83\">shopping<\/b> que conecta la modernidad con la exclusividad. La oferta abarca desde el <b data-path-to-node=\"3\" data-index-in-node=\"165\">Mall del Sol<\/b>, estrat\u00e9gico por su cercan\u00eda al aeropuerto, hasta los centros de lujo en la <b data-path-to-node=\"3\" data-index-in-node=\"254\">V\u00eda a Samborond\u00f3n<\/b> como <b data-path-to-node=\"3\" data-index-in-node=\"277\">Alhambra Shopping<\/b> y <b data-path-to-node=\"3\" data-index-in-node=\"297\">Plaza Lagos Town Center<\/b>, famosos por su arquitectura y ambiente al aire libre. Para marcas internacionales, <b data-path-to-node=\"3\" data-index-in-node=\"405\">San Marino<\/b> y <b data-path-to-node=\"3\" data-index-in-node=\"418\">Riocentro<\/b> son paradas obligatorias, mientras que el <b data-path-to-node=\"3\" data-index-in-node=\"470\">Mercado Artesanal<\/b> en el centro sigue siendo el punto de referencia para adquirir souvenirs y artesan\u00edas locales.<\/p>\t\t\t\t\t\t\t\t<\/div>\n\t\t\t\t<\/div>\n\t\t\t\t\t<\/div>\n\t\t<\/div>\n\t\t\t\t\t<\/div>\n\t\t<\/section>\n\t\t\t\t<section class=\"elementor-section elementor-top-section elementor-element elementor-element-6622b66 elementor-section-boxed elementor-section-height-default elementor-section-height-default wpr-particle-no wpr-jarallax-no wpr-parallax-no wpr-sticky-section-no wpr-column-slider-no wpr-equal-height-no\" data-id=\"6622b66\" data-element_type=\"section\" data-e-type=\"section\" id=\"shopping\">\n\t\t\t\t\t\t<div class=\"elementor-container elementor-column-gap-default\">\n\t\t\t\t\t<div class=\"elementor-column elementor-col-100 elementor-top-column elementor-element elementor-element-d15cb0f\" data-id=\"d15cb0f\" data-element_type=\"column\" data-e-type=\"column\" data-settings=\"{&quot;background_background&quot;:&quot;classic&quot;}\">\n\t\t\t<div class=\"elementor-widget-wrap elementor-element-populated\">\n\t\t\t\t\t\t<div class=\"elementor-element elementor-element-d7c420e elementor-widget elementor-widget-html\" data-id=\"d7c420e\" data-element_type=\"widget\" data-e-type=\"widget\" data-widget_type=\"html.default\">\n\t\t\t\t<div class=\"elementor-widget-container\">\n\t\t\t\t\t<style>\r\n\/* 1. FUENTES Y VARIABLES *\/\r\n@import url('https:\/\/fonts.googleapis.com\/css2?family=Poppins:wght@400;600;700;800&display=swap');\r\n\r\n:root {\r\n    --mall-blue: #0A2342; \r\n    --mall-gold: #C5A059; \r\n    --mall-text: #2D3436;\r\n    --mall-bg-card: #FFFFFF;\r\n}\r\n\r\n\/* 2. CONTENEDOR INTEGRAL - ESPACIO CERO *\/\r\n.tf-mall-section-container {\r\n    width: 100%;\r\n    margin: 0;\r\n    padding: 0;\r\n    font-family: 'Poppins', sans-serif;\r\n    background-color: #fff;\r\n    overflow: hidden; \/* Evita desborde lateral *\/\r\n}\r\n\r\n\/* SECCI\u00d3N DE TEXTO DIN\u00c1MICO *\/\r\n.tf-mall-intro {\r\n    width: 100%;\r\n    max-width: 1200px;\r\n    margin: 0 auto;\r\n    padding: 40px 20px 20px;\r\n    box-sizing: border-box;\r\n}\r\n\r\n.tf-mall-grid-intro {\r\n    display: grid;\r\n    grid-template-columns: 1.5fr 1fr;\r\n    gap: 30px;\r\n    align-items: center;\r\n    margin-bottom: 30px;\r\n}\r\n\r\n\/* Ajustado de h2 a h3 manteniendo el estilo visual previo *\/\r\n.tf-mall-intro h3.tf-main-title {\r\n    font-size: 32px;\r\n    font-weight: 800;\r\n    color: var(--mall-blue);\r\n    line-height: 1.1;\r\n    margin: 0 0 15px 0;\r\n}\r\n\r\n.tf-mall-intro h3.tf-main-title span { color: var(--mall-gold); }\r\n\r\n.tf-mall-p {\r\n    font-size: 15px;\r\n    color: #636e72;\r\n    line-height: 1.6;\r\n    margin: 0;\r\n}\r\n\r\n.tf-mall-fact-card {\r\n    background: #f8f9fa;\r\n    border-left: 5px solid var(--mall-gold);\r\n    padding: 20px;\r\n    border-radius: 0 12px 12px 0;\r\n}\r\n\r\n.tf-mall-fact-card strong {\r\n    display: block;\r\n    color: var(--mall-blue);\r\n    font-size: 14px;\r\n    text-transform: uppercase;\r\n    margin-bottom: 5px;\r\n}\r\n\r\n.tf-mall-fact-card p {\r\n    font-size: 13px;\r\n    margin: 0;\r\n    color: var(--mall-text);\r\n    line-height: 1.4;\r\n}\r\n\r\n\/* ETIQUETAS SEO *\/\r\n.tf-mall-list-tags {\r\n    display: flex;\r\n    flex-wrap: wrap;\r\n    gap: 8px;\r\n    margin-top: 10px;\r\n}\r\n\r\n.tf-tag-pill {\r\n    background: #f0f4f8;\r\n    color: var(--mall-blue);\r\n    padding: 6px 14px;\r\n    border-radius: 20px;\r\n    font-size: 11px;\r\n    font-weight: 700;\r\n    text-transform: uppercase;\r\n    border: 1px solid transparent;\r\n    transition: 0.3s;\r\n}\r\n\r\n.tf-tag-pill:hover {\r\n    border-color: var(--mall-gold);\r\n    background: #fff;\r\n}\r\n\r\n\/* 3. SLIDER - AJUSTADO A LOS L\u00cdMITES *\/\r\n.tf-slider-mall-wrapper {\r\n    width: 100%;\r\n    max-width: 1200px;\r\n    margin: 0 auto;\r\n    position: relative;\r\n    padding: 20px 45px 20px; \/* Reducido padding inferior por controles m\u00f3viles *\/\r\n    box-sizing: border-box;\r\n}\r\n\r\n.tf-slider-mall-container {\r\n    display: flex;\r\n    overflow-x: auto;\r\n    scroll-behavior: smooth;\r\n    gap: 25px;\r\n    padding: 10px 5px 30px;\r\n    -webkit-overflow-scrolling: touch; \r\n    scrollbar-width: none; \r\n    scroll-snap-type: x mandatory; \r\n}\r\n\r\n.tf-slider-mall-container::-webkit-scrollbar { display: none; }\r\n\r\n\/* TARJETAS ORIGINALES *\/\r\n.tf-card-mall {\r\n    flex: 0 0 350px; \r\n    background: var(--mall-bg-card);\r\n    border-radius: 16px;\r\n    overflow: hidden;\r\n    box-shadow: 0 10px 25px rgba(0,0,0,0.06);\r\n    border: 1px solid #f0f0f0;\r\n    transition: all 0.4s ease;\r\n    display: flex;\r\n    flex-direction: column;\r\n    scroll-snap-align: start; \r\n}\r\n\r\n.tf-card-mall:hover {\r\n    transform: translateY(-10px);\r\n    box-shadow: 0 15px 35px rgba(10,35,66,0.12);\r\n}\r\n\r\n.tf-img-top-mall {\r\n    position: relative;\r\n    width: 100%;\r\n    height: 210px;\r\n    background-size: cover;\r\n    background-position: center;\r\n}\r\n\r\n.tf-img-top-mall::after {\r\n    content: '';\r\n    position: absolute;\r\n    bottom: 0;\r\n    left: 0;\r\n    width: 100%;\r\n    height: 40%;\r\n    background: linear-gradient(transparent, rgba(0,0,0,0.5));\r\n}\r\n\r\n.tf-tag-mall {\r\n    position: absolute;\r\n    top: 15px;\r\n    right: 15px;\r\n    background: var(--mall-blue);\r\n    color: #fff;\r\n    padding: 6px 12px;\r\n    border-radius: 6px;\r\n    font-size: 10px;\r\n    font-weight: 700;\r\n    z-index: 2;\r\n    text-transform: uppercase;\r\n    letter-spacing: 0.5px;\r\n}\r\n\r\n.tf-body-mall {\r\n    padding: 20px;\r\n    display: flex;\r\n    flex-direction: column;\r\n    flex-grow: 1;\r\n}\r\n\r\n.tf-cat-mall {\r\n    font-size: 11px;\r\n    color: var(--mall-gold);\r\n    font-weight: 700;\r\n    text-transform: uppercase;\r\n    margin-bottom: 5px;\r\n}\r\n\r\n.tf-head-mall {\r\n    font-size: 22px;\r\n    font-weight: 800;\r\n    color: var(--mall-blue);\r\n    margin-bottom: 10px;\r\n}\r\n\r\n.tf-desc-mall {\r\n    font-size: 13px;\r\n    color: #636e72;\r\n    line-height: 1.5;\r\n    margin-bottom: 15px;\r\n}\r\n\r\n.tf-info-tags-mall {\r\n    display: flex;\r\n    flex-wrap: wrap;\r\n    gap: 6px;\r\n    margin-bottom: 20px;\r\n}\r\n\r\n.tf-info-tags-mall span {\r\n    background: #f8f9fa;\r\n    color: #2d3436;\r\n    padding: 4px 8px;\r\n    border-radius: 4px;\r\n    font-size: 10px;\r\n    font-weight: 600;\r\n    border: 1px solid #eee;\r\n}\r\n\r\n.tf-btn-mall {\r\n    margin-top: auto;\r\n    background: var(--mall-blue);\r\n    color: white !important;\r\n    text-align: center;\r\n    padding: 12px;\r\n    border-radius: 10px;\r\n    text-decoration: none !important;\r\n    font-weight: 700;\r\n    font-size: 13px;\r\n    text-transform: uppercase;\r\n    transition: 0.3s;\r\n}\r\n\r\n.tf-btn-mall:hover { background: var(--mall-gold); }\r\n\r\n\/* NAVEGACI\u00d3N DESKTOP *\/\r\n.tf-mall-arrow {\r\n    position: absolute;\r\n    top: 45%;\r\n    width: 40px;\r\n    height: 40px;\r\n    background: white;\r\n    color: var(--mall-blue);\r\n    border-radius: 50%;\r\n    display: flex;\r\n    align-items: center;\r\n    justify-content: center;\r\n    cursor: pointer;\r\n    z-index: 10;\r\n    box-shadow: 0 4px 10px rgba(0,0,0,0.1);\r\n    transition: 0.3s;\r\n    user-select: none;\r\n}\r\n\r\n.tf-mall-l { left: 0; }\r\n.tf-mall-r { right: 0; }\r\n.tf-mall-arrow:hover { background: var(--mall-blue); color: #fff; }\r\n\r\n\/* CONTROLES M\u00d3VILES (Ocultos en Escritorio) *\/\r\n.tf-mobile-mall-controls {\r\n    display: none;\r\n}\r\n\r\n\/* MEDIA QUERIES *\/\r\n@media (max-width: 768px) {\r\n    .tf-mall-grid-intro { grid-template-columns: 1fr; }\r\n    .tf-slider-mall-wrapper { padding: 10px 15px 40px; }\r\n    .tf-card-mall { flex: 0 0 280px; }\r\n    \r\n    \/* Ocultar flechas laterales flotantes *\/\r\n    .tf-mall-arrow { display: none; }\r\n    \r\n    \/* Mostrar contenedor de flechas m\u00f3viles inferiores *\/\r\n    .tf-mobile-mall-controls {\r\n        display: flex;\r\n        justify-content: center;\r\n        gap: 20px;\r\n        margin-top: -10px;\r\n    }\r\n    \r\n    .tf-mobile-mall-arrow {\r\n        width: 45px;\r\n        height: 45px;\r\n        background: var(--mall-blue);\r\n        color: white;\r\n        border-radius: 50%;\r\n        display: flex;\r\n        align-items: center;\r\n        justify-content: center;\r\n        cursor: pointer;\r\n        font-weight: bold;\r\n        font-size: 16px;\r\n        box-shadow: 0 4px 12px rgba(10,35,66,0.15);\r\n        user-select: none;\r\n    }\r\n    \r\n    \/* Feedback t\u00e1ctil interactivo *\/\r\n    .tf-mobile-mall-arrow:active {\r\n        background: var(--mall-gold);\r\n    }\r\n}\r\n<\/style>\r\n\r\n<div class=\"tf-mall-section-container\">\r\n    \r\n    <div class=\"tf-mall-intro\">\r\n        <div class=\"tf-mall-grid-intro\">\r\n            <div>\r\n                <h3 class=\"tf-main-title\">Guayaquil: Destino de <span>Shopping<\/span><\/h3>\r\n                <p class=\"tf-mall-p\">\r\n                    La urbe porte\u00f1a ofrece alrededor de 20 centros comerciales estrat\u00e9gicamente distribuidos, brindando la mejor experiencia de compras y comodidad.\r\n                <\/p>\r\n            <\/div>\r\n            <div class=\"tf-mall-fact-card\">\r\n                <strong>Hito Hist\u00f3rico<\/strong>\r\n                <p>El primer centro comercial fue el <strong>Policentro (1978)<\/strong>, fundado por el expresidente Jaime Rold\u00f3s.<\/p>\r\n            <\/div>\r\n        <\/div>\r\n\r\n        <div class=\"tf-mall-list-tags\">\r\n            <span class=\"tf-tag-pill\">Mall del R\u00edo<\/span>\r\n            <span class=\"tf-tag-pill\">Mall del Sur<\/span>\r\n            <span class=\"tf-tag-pill\">Mall El Fort\u00edn<\/span>\r\n            <span class=\"tf-tag-pill\">Riocentro Norte<\/span>\r\n            <span class=\"tf-tag-pill\">Riocentro Sur<\/span>\r\n            <span class=\"tf-tag-pill\">Plaza Mayor<\/span>\r\n            <span class=\"tf-tag-pill\">Plaza Quil<\/span>\r\n            <span class=\"tf-tag-pill\">Alb\u00e1n Borja<\/span>\r\n            <span class=\"tf-tag-pill\">Plaza Orellana<\/span>\r\n            <span class=\"tf-tag-pill\">La Piazza Ceibos<\/span>\r\n            <span class=\"tf-tag-pill\">Plaza Tri\u00e1ngulo<\/span>\r\n            <span class=\"tf-tag-pill\">Terminal Terrestre<\/span>\r\n        <\/div>\r\n    <\/div>\r\n\r\n    <div class=\"tf-slider-mall-wrapper\">\r\n        <div class=\"tf-mall-arrow tf-mall-l\" onclick=\"moveMallSlider('prev')\">\u276e<\/div>\r\n        <div class=\"tf-mall-arrow tf-mall-r\" onclick=\"moveMallSlider('next')\">\u276f<\/div>\r\n\r\n        <div class=\"tf-slider-mall-container\" id=\"mall-slider\">\r\n            \r\n            <div class=\"tf-card-mall\">\r\n                <div class=\"tf-img-top-mall\" style=\"background-image: url('https:\/\/www.clave.com.ec\/wp-content\/uploads\/2016\/05\/MG_68721.jpg');\">\r\n                    <div class=\"tf-tag-mall\">Top Destino<\/div>\r\n                <\/div>\r\n                <div class=\"tf-body-mall\">\r\n                    <span class=\"tf-cat-mall\">Gourmet & Paisaje<\/span>\r\n                    <h3 class=\"tf-head-mall\">Plaza Lagos<\/h3>\r\n                    <p class=\"tf-desc-mall\">El lugar m\u00e1s fotog\u00e9nico. Canales de agua, palmeras y gastronom\u00eda de lujo.<\/p>\r\n                    <div class=\"tf-info-tags-mall\"><span>\ud83d\udcf8 Instagrammable<\/span><span>\ud83c\udf77 Fine Dining<\/span><\/div>\r\n                    <a href=\"http:\/\/www.plazalagos.com.ec\/\" target=\"_blank\" class=\"tf-btn-mall\">Conocer Plaza<\/a>\r\n                <\/div>\r\n            <\/div>\r\n\r\n            <div class=\"tf-card-mall\">\r\n                <div class=\"tf-img-top-mall\" style=\"background-image: url('https:\/\/www.sanmarino.com.ec\/wp-content\/uploads\/2026\/01\/portada-sanma-1-scaled.jpg');\">\r\n                    <div class=\"tf-tag-mall\">Elegancia<\/div>\r\n                <\/div>\r\n                <div class=\"tf-body-mall\">\r\n                    <span class=\"tf-cat-mall\">Lifestyle & Moda<\/span>\r\n                    <h3 class=\"tf-head-mall\">San Marino Shopping<\/h3>\r\n                    <p class=\"tf-desc-mall\">Arquitectura europea y las marcas internacionales m\u00e1s exclusivas de la urbe.<\/p>\r\n                    <div class=\"tf-info-tags-mall\"><span>\ud83d\udc8e Premium<\/span><span>\ud83d\udccd Av. Orellana<\/span><\/div>\r\n                    <a href=\"https:\/\/www.sanmarino.com.ec\/\" target=\"_blank\" class=\"tf-btn-mall\">Ver Marcas<\/a>\r\n                <\/div>\r\n            <\/div>\r\n\r\n            <div class=\"tf-card-mall\">\r\n                <div class=\"tf-img-top-mall\" style=\"background-image: url('https:\/\/www.malldelsol.com.ec\/assets\/media\/2020\/12\/14\/mall-bg.jpg');\">\r\n                    <div class=\"tf-tag-mall\">El Gigante<\/div>\r\n                <\/div>\r\n                <div class=\"tf-body-mall\">\r\n                    <span class=\"tf-cat-mall\">Todo en un lugar<\/span>\r\n                    <h3 class=\"tf-head-mall\">Mall del Sol<\/h3>\r\n                    <p class=\"tf-desc-mall\">El m\u00e1s completo, ubicado estrat\u00e9gicamente junto al aeropuerto.<\/p>\r\n                    <div class=\"tf-info-tags-mall\"><span>\ud83c\udfe2 +200 Locales<\/span><span>\ud83c\udfac IMAX<\/span><\/div>\r\n                    <a href=\"https:\/\/www.malldelsol.com.ec\/\" target=\"_blank\" class=\"tf-btn-mall\">Explorar Mapa<\/a>\r\n                <\/div>\r\n            <\/div>\r\n\r\n            <div class=\"tf-card-mall\">\r\n                <div class=\"tf-img-top-mall\" style=\"background-image: url('https:\/\/blogger.googleusercontent.com\/img\/b\/R29vZ2xl\/AVvXsEjBKBwjL3FjaIaCRQO7TDInW21KUqF4d2CxUL27tKZ-w5ty8bZElCsHhABcOaEzQnW4bOxhzWdL5HlrkyOAtf2k97Hf9lAez2RfVNGQpgiv4gV51xr18NL6GK0w9hnhQ5iN7Gaf6ucPIzvl\/s1600\/Ceibos+1.jpg');\">\r\n                    <div class=\"tf-tag-mall\">V\u00eda a la Costa<\/div>\r\n                <\/div>\r\n                <div class=\"tf-body-mall\">\r\n                    <span class=\"tf-cat-mall\">Entretenimiento<\/span>\r\n                    <h3 class=\"tf-head-mall\">Riocentro Ceibos<\/h3>\r\n                    <p class=\"tf-desc-mall\">Amplios espacios y uno de los cines m\u00e1s modernos del sector norte-oeste.<\/p>\r\n                    <div class=\"tf-info-tags-mall\"><span>\ud83c\udf7f Cine<\/span><span>\ud83c\udf54 Food Court<\/span><\/div>\r\n                    <a href=\"https:\/\/www.riocentroshopping.com\/ceibos\" target=\"_blank\" class=\"tf-btn-mall\">Locales y Servicios<\/a>\r\n                <\/div>\r\n            <\/div>\r\n\r\n            <div class=\"tf-card-mall\">\r\n                <div class=\"tf-img-top-mall\" style=\"background-image: url('https:\/\/s3.amazonaws.com\/resource-api.seruvi.com\/1710178494156-CONTACTO%20SLIDER%20%28%29.jpg');\">\r\n                    <div class=\"tf-tag-mall\">Norte de Guayaquil<\/div>\r\n                <\/div>\r\n                <div class=\"tf-body-mall\">\r\n                    <span class=\"tf-cat-mall\">Moda y Hogar<\/span>\r\n                    <h3 class=\"tf-head-mall\">City Mall<\/h3>\r\n                    <p class=\"tf-desc-mall\">Un punto de encuentro moderno en la Alborada, ideal para compras y ocio.<\/p>\r\n                    <div class=\"tf-info-tags-mall\"><span>\ud83d\udecd\ufe0f Variedad<\/span><span>\ud83d\udccd Alborada<\/span><\/div>\r\n                    <a href=\"https:\/\/www.citymall.com.ec\/\" target=\"_blank\" class=\"tf-btn-mall\">Ver Locales<\/a>\r\n                <\/div>\r\n            <\/div>\r\n\r\n            <div class=\"tf-card-mall\">\r\n                <div class=\"tf-img-top-mall\" style=\"background-image: url('https:\/\/www.plazanavona.com\/wp-content\/uploads\/2025\/03\/Locales-pagina-inicio.webp');\">\r\n                    <div class=\"tf-tag-mall\">Al Aire Libre<\/div>\r\n                <\/div>\r\n                <div class=\"tf-body-mall\">\r\n                    <span class=\"tf-cat-mall\">Lifestyle Samborond\u00f3n<\/span>\r\n                    <h3 class=\"tf-head-mall\">Plaza Navona<\/h3>\r\n                    <p class=\"tf-desc-mall\">Espacio abierto de estilo italiano para cenas gourmet y compras relax.<\/p>\r\n                    <div class=\"tf-info-tags-mall\"><span>\ud83c\udf7d\ufe0f Gastronom\u00eda<\/span><span>\ud83c\udf43 Open Air<\/span><\/div>\r\n                    <a href=\"https:\/\/www.plazanavona.com\/\" target=\"_blank\" class=\"tf-btn-mall\">Reservar Mesa<\/a>\r\n                <\/div>\r\n            <\/div>\r\n\r\n            <div class=\"tf-card-mall\">\r\n                <div class=\"tf-img-top-mall\" style=\"background-image: url('https:\/\/www.metroecuador.com.ec\/resizer\/v2\/O2UBT75JRRFSRLJ4KIOTAQ36YE.jpg?smart=true&auth=840100dfabab806502d57079e51742fe3339477c4f044e9f2651b56e009ef037&width=1600&height=899');\">\r\n                    <div class=\"tf-tag-mall\">Tradici\u00f3n<\/div>\r\n                <\/div>\r\n                <div class=\"tf-body-mall\">\r\n                    <span class=\"tf-cat-mall\">Historia Porte\u00f1a<\/span>\r\n                    <h3 class=\"tf-head-mall\">Policentro<\/h3>\r\n                    <p class=\"tf-desc-mall\">El pionero (1978). Ambiente tradicional y acogedor en la Nueva Kennedy.<\/p>\r\n                    <div class=\"tf-info-tags-mall\"><span>\ud83c\udff7\ufe0f Ofertas<\/span><span>\ud83d\udecd\ufe0f Cl\u00e1sico<\/span><\/div>\r\n                    <a href=\"https:\/\/www.policentro.com.ec\/\" target=\"_blank\" class=\"tf-btn-mall\">Ver Promociones<\/a>\r\n                <\/div>\r\n            <\/div>\r\n\r\n            <div class=\"tf-card-mall\">\r\n                <div class=\"tf-img-top-mall\" style=\"background-image: url('https:\/\/unicentroguayaquil.com\/wp-content\/uploads\/2025\/04\/Rectangle-50-2.webp');\">\r\n                    <div class=\"tf-tag-mall\">Centro Hist\u00f3rico<\/div>\r\n                <\/div>\r\n                <div class=\"tf-body-mall\">\r\n                    <span class=\"tf-cat-mall\">Comercio Central<\/span>\r\n                    <h3 class=\"tf-head-mall\">Unicentro<\/h3>\r\n                    <p class=\"tf-desc-mall\">Frente al Parque Seminario. Ideal para tr\u00e1mites y compras en el coraz\u00f3n de la urbe.<\/p>\r\n                    <div class=\"tf-info-tags-mall\"><span>\ud83d\udccd Centro<\/span><span>\ud83c\udfe6 Bancos<\/span><\/div>\r\n                    <a href=\"https:\/\/unicentroguayaquil.com\/\" target=\"_blank\" class=\"tf-btn-mall\">Visitar Sitio<\/a>\r\n                <\/div>\r\n            <\/div>\r\n\r\n        <\/div>\r\n\r\n        <div class=\"tf-mobile-mall-controls\">\r\n            <div class=\"tf-mobile-mall-arrow\" onclick=\"moveMallSlider('prev')\">\u276e<\/div>\r\n            <div class=\"tf-mobile-mall-arrow\" onclick=\"moveMallSlider('next')\">\u276f<\/div>\r\n        <\/div>\r\n    <\/div>\r\n<\/div>\r\n\r\n<script>\r\nfunction moveMallSlider(direction) {\r\n    const slider = document.getElementById('mall-slider');\r\n    if (!slider) return;\r\n    \r\n    \/\/ Obtiene din\u00e1micamente el ancho de la primera tarjeta + gap (25px)\r\n    const firstCard = slider.querySelector('.tf-card-mall');\r\n    const cardWidth = firstCard ? firstCard.offsetWidth + 25 : 375;\r\n    \r\n    const scrollAmount = direction === 'next' ? cardWidth : -cardWidth;\r\n    slider.scrollBy({ left: scrollAmount, behavior: 'smooth' });\r\n}\r\n<\/script>\t\t\t\t<\/div>\n\t\t\t\t<\/div>\n\t\t\t\t\t<\/div>\n\t\t<\/div>\n\t\t\t\t\t<\/div>\n\t\t<\/section>\n\t\t\t\t<section class=\"elementor-section elementor-top-section elementor-element elementor-element-6a6a05a elementor-section-boxed elementor-section-height-default elementor-section-height-default wpr-particle-no wpr-jarallax-no wpr-parallax-no wpr-sticky-section-no wpr-column-slider-no wpr-equal-height-no\" data-id=\"6a6a05a\" data-element_type=\"section\" data-e-type=\"section\">\n\t\t\t\t\t\t<div class=\"elementor-container elementor-column-gap-default\">\n\t\t\t\t\t<div class=\"elementor-column elementor-col-100 elementor-top-column elementor-element elementor-element-fab0423\" data-id=\"fab0423\" data-element_type=\"column\" data-e-type=\"column\">\n\t\t\t<div class=\"elementor-widget-wrap elementor-element-populated\">\n\t\t\t\t\t\t<div class=\"elementor-element elementor-element-c0ded38 elementor-widget elementor-widget-spacer\" data-id=\"c0ded38\" data-element_type=\"widget\" data-e-type=\"widget\" data-widget_type=\"spacer.default\">\n\t\t\t\t<div class=\"elementor-widget-container\">\n\t\t\t\t\t\t\t<div class=\"elementor-spacer\">\n\t\t\t<div class=\"elementor-spacer-inner\"><\/div>\n\t\t<\/div>\n\t\t\t\t\t\t<\/div>\n\t\t\t\t<\/div>\n\t\t\t\t\t<\/div>\n\t\t<\/div>\n\t\t\t\t\t<\/div>\n\t\t<\/section>\n\t\t\t\t<section class=\"elementor-section elementor-top-section elementor-element elementor-element-3cbc6f7 elementor-section-boxed elementor-section-height-default elementor-section-height-default wpr-particle-no wpr-jarallax-no wpr-parallax-no wpr-sticky-section-no wpr-column-slider-no wpr-equal-height-no\" data-id=\"3cbc6f7\" data-element_type=\"section\" data-e-type=\"section\">\n\t\t\t\t\t\t<div class=\"elementor-container elementor-column-gap-default\">\n\t\t\t\t\t<div class=\"elementor-column elementor-col-100 elementor-top-column elementor-element elementor-element-6116214\" data-id=\"6116214\" data-element_type=\"column\" data-e-type=\"column\">\n\t\t\t<div class=\"elementor-widget-wrap elementor-element-populated\">\n\t\t\t\t\t\t<div class=\"elementor-element elementor-element-dc34d66 elementor-widget elementor-widget-heading\" data-id=\"dc34d66\" data-element_type=\"widget\" data-e-type=\"widget\" data-widget_type=\"heading.default\">\n\t\t\t\t<div class=\"elementor-widget-container\">\n\t\t\t\t\t<h2 class=\"elementor-heading-title elementor-size-default\">Turismo Religioso: Iglesias Patrimoniales y Catedrales de Guayaquil<\/h2>\t\t\t\t<\/div>\n\t\t\t\t<\/div>\n\t\t\t\t<div class=\"elementor-element elementor-element-7f320fe elementor-widget-divider--view-line elementor-widget elementor-widget-divider\" data-id=\"7f320fe\" data-element_type=\"widget\" data-e-type=\"widget\" data-widget_type=\"divider.default\">\n\t\t\t\t<div class=\"elementor-widget-container\">\n\t\t\t\t\t\t\t<div class=\"elementor-divider\">\n\t\t\t<span class=\"elementor-divider-separator\">\n\t\t\t\t\t\t<\/span>\n\t\t<\/div>\n\t\t\t\t\t\t<\/div>\n\t\t\t\t<\/div>\n\t\t\t\t\t<\/div>\n\t\t<\/div>\n\t\t\t\t\t<\/div>\n\t\t<\/section>\n\t\t\t\t<section class=\"elementor-section elementor-top-section elementor-element elementor-element-6dc029c elementor-section-boxed elementor-section-height-default elementor-section-height-default wpr-particle-no wpr-jarallax-no wpr-parallax-no wpr-sticky-section-no wpr-column-slider-no wpr-equal-height-no\" data-id=\"6dc029c\" data-element_type=\"section\" data-e-type=\"section\">\n\t\t\t\t\t\t<div class=\"elementor-container elementor-column-gap-default\">\n\t\t\t\t\t<div class=\"elementor-column elementor-col-100 elementor-top-column elementor-element elementor-element-6d93a3b\" data-id=\"6d93a3b\" data-element_type=\"column\" data-e-type=\"column\">\n\t\t\t<div class=\"elementor-widget-wrap elementor-element-populated\">\n\t\t\t\t\t\t<div class=\"elementor-element elementor-element-5233cb1 elementor-widget elementor-widget-text-editor\" data-id=\"5233cb1\" data-element_type=\"widget\" data-e-type=\"widget\" data-widget_type=\"text-editor.default\">\n\t\t\t\t<div class=\"elementor-widget-container\">\n\t\t\t\t\t\t\t\t\t<p>El centro hist\u00f3rico de la ciudad alberga un invaluable <b data-path-to-node=\"4\" data-index-in-node=\"56\">patrimonio religioso<\/b> que narra siglos de fe y resiliencia. El recorrido comienza en la <b data-path-to-node=\"4\" data-index-in-node=\"143\">Catedral Metropolitana de Guayaquil<\/b>, famosa por su arquitectura neog\u00f3tica y el Seminario de las Iguanas, y contin\u00faa hacia la <b data-path-to-node=\"4\" data-index-in-node=\"268\">Iglesia de San Francisco<\/b>, uno de los templos m\u00e1s antiguos y emblem\u00e1ticos de la urbe. No puede faltar la visita a la <b data-path-to-node=\"4\" data-index-in-node=\"384\">Iglesia de Santo Domingo<\/b>, ubicada a los pies del Cerro Santa Ana, y la <b data-path-to-node=\"4\" data-index-in-node=\"455\">Iglesia de la Merced<\/b>, joyas arquitect\u00f3nicas que resguardan altares barrocos y cr\u00f3nicas coloniales en el coraz\u00f3n de la <b data-path-to-node=\"4\" data-index-in-node=\"573\">Perla del Pac\u00edfico<\/b>.<\/p>\t\t\t\t\t\t\t\t<\/div>\n\t\t\t\t<\/div>\n\t\t\t\t\t<\/div>\n\t\t<\/div>\n\t\t\t\t\t<\/div>\n\t\t<\/section>\n\t\t\t\t<section class=\"elementor-section elementor-top-section elementor-element elementor-element-12402e7 elementor-section-boxed elementor-section-height-default elementor-section-height-default wpr-particle-no wpr-jarallax-no wpr-parallax-no wpr-sticky-section-no wpr-column-slider-no wpr-equal-height-no\" data-id=\"12402e7\" data-element_type=\"section\" data-e-type=\"section\" id=\"iglesias-patrimonio\">\n\t\t\t\t\t\t<div class=\"elementor-container elementor-column-gap-default\">\n\t\t\t\t\t<div class=\"elementor-column elementor-col-100 elementor-top-column elementor-element elementor-element-1f77383\" data-id=\"1f77383\" data-element_type=\"column\" data-e-type=\"column\">\n\t\t\t<div class=\"elementor-widget-wrap elementor-element-populated\">\n\t\t\t\t\t\t<div class=\"elementor-element elementor-element-3d02ac3 elementor-widget elementor-widget-html\" data-id=\"3d02ac3\" data-element_type=\"widget\" data-e-type=\"widget\" data-widget_type=\"html.default\">\n\t\t\t\t<div class=\"elementor-widget-container\">\n\t\t\t\t\t<script type=\"application\/ld+json\">\r\n{\r\n  \"@context\": \"https:\/\/schema.org\",\r\n  \"@type\": \"ItemList\",\r\n  \"name\": \"Iglesias Patrimoniales de Guayaquil\",\r\n  \"description\": \"Explora las construcciones hist\u00f3ricas, dise\u00f1os g\u00f3ticos y la fe de Guayaquil a trav\u00e9s de su arquitectura religiosa.\",\r\n  \"itemListElement\": [\r\n    {\r\n      \"@type\": \"ListItem\",\r\n      \"position\": 1,\r\n      \"item\": {\r\n        \"@type\": \"HistoricalLandmark\",\r\n        \"name\": \"Catedral Metropolitana de Guayaquil\",\r\n        \"description\": \"Coraz\u00f3n del centro hist\u00f3rico, construida originalmente en 1547.\",\r\n        \"image\": \"https:\/\/trailforthjournal.com\/es\/wp-content\/uploads\/sites\/4\/2022\/03\/DSC01674-2-scaled.jpg\",\r\n        \"url\": \"https:\/\/trailforthjournal.com\/es\/lugar-emblematico\/catedral-de-guayaquil\/\"\r\n      }\r\n    },\r\n    {\r\n      \"@type\": \"ListItem\",\r\n      \"position\": 2,\r\n      \"item\": {\r\n        \"@type\": \"HistoricalLandmark\",\r\n        \"name\": \"Bas\u00edlica de la Merced\",\r\n        \"description\": \"Templo de 1927 con inspiraci\u00f3n neog\u00f3tica-bizantina y gran riqueza art\u00edstica.\",\r\n        \"image\": \"https:\/\/trailforthjournal.com\/es\/wp-content\/uploads\/sites\/4\/2023\/10\/DJI_0009-2-scaled.jpg\",\r\n        \"url\": \"https:\/\/trailforthjournal.com\/es\/cultura\/basilica-la-merced-guayaquil\/\"\r\n      }\r\n    },\r\n    {\r\n      \"@type\": \"ListItem\",\r\n      \"position\": 3,\r\n      \"item\": {\r\n        \"@type\": \"HistoricalLandmark\",\r\n        \"name\": \"Iglesia de San Francisco\",\r\n        \"description\": \"Conocida como Nuestra Se\u00f1ora de los \u00c1ngeles, hito hist\u00f3rico reconstruido en 1920.\",\r\n        \"image\": \"https:\/\/trailforthjournal.com\/es\/wp-content\/uploads\/sites\/4\/2023\/10\/DJI_0025-2-scaled.jpg\",\r\n        \"url\": \"https:\/\/trailforthjournal.com\/es\/cultura\/iglesia-san-francisco-guayaquil\/\"\r\n      }\r\n    }\r\n  ]\r\n}\r\n<\/script>\r\n\r\n<style>\r\n\/* 1. VARIABLES Y DISE\u00d1O \"PATRIMONIO JOURNAL\" *\/\r\n@import url('https:\/\/fonts.googleapis.com\/css2?family=Poppins:wght@400;600;700;800&display=swap');\r\n\r\n:root {\r\n    --tf-gold: #D4AF37;\r\n    --tf-dark: #1A1A1A;\r\n    --tf-bg-soft: #F9F9F9;\r\n}\r\n\r\n.tf-patrimonio-wrapper {\r\n    max-width: 1200px;\r\n    margin: 40px auto;\r\n    padding: 0 45px;\r\n    font-family: 'Poppins', sans-serif;\r\n    position: relative;\r\n}\r\n\r\n.tf-patrimonio-intro {\r\n    margin-bottom: 35px;\r\n    border-left: 4px solid var(--tf-gold);\r\n    padding-left: 25px;\r\n}\r\n\r\n.tf-patrimonio-intro p {\r\n    font-size: 15px;\r\n    color: #444;\r\n    line-height: 1.7;\r\n    max-width: 900px;\r\n    font-style: italic;\r\n    margin: 0;\r\n}\r\n\r\n\/* 2. CONTENEDOR DEL SLIDER INTERNO *\/\r\n.tf-patrimonio-slider {\r\n    display: flex;\r\n    overflow-x: auto;\r\n    gap: 25px;\r\n    padding: 10px 5px 40px 5px;\r\n    scrollbar-width: none;\r\n    scroll-behavior: smooth;\r\n}\r\n\r\n.tf-patrimonio-slider::-webkit-scrollbar { display: none; }\r\n\r\n\/* 3. TARJETAS DE PATRIMONIO *\/\r\n.tf-patrimonio-card {\r\n    flex: 0 0 350px;\r\n    background: #fff;\r\n    border-radius: 12px;\r\n    overflow: hidden;\r\n    box-shadow: 0 10px 25px rgba(0,0,0,0.05);\r\n    display: flex;\r\n    flex-direction: column;\r\n    border: 1px solid #eee;\r\n    transition: transform 0.3s ease;\r\n}\r\n\r\n.tf-patrimonio-card:hover { transform: translateY(-5px); }\r\n\r\n.tf-patrimonio-img {\r\n    height: 200px;\r\n    background-size: cover;\r\n    background-position: center;\r\n    position: relative;\r\n    background-color: #eee;\r\n}\r\n\r\n.tf-patrimonio-year {\r\n    position: absolute;\r\n    bottom: 15px;\r\n    right: 15px;\r\n    background: var(--tf-gold);\r\n    color: #fff;\r\n    padding: 4px 12px;\r\n    font-size: 11px;\r\n    font-weight: 700;\r\n    border-radius: 4px;\r\n    z-index: 2;\r\n}\r\n\r\n.tf-patrimonio-body {\r\n    padding: 25px;\r\n    flex-grow: 1;\r\n    display: flex;\r\n    flex-direction: column;\r\n}\r\n\r\n.tf-patrimonio-body h3 {\r\n    font-size: 20px;\r\n    font-weight: 800;\r\n    color: var(--tf-dark);\r\n    margin: 0 0 12px 0;\r\n}\r\n\r\n.tf-patrimonio-body p {\r\n    font-size: 13.5px;\r\n    color: #666;\r\n    line-height: 1.6;\r\n    margin-bottom: 20px;\r\n}\r\n\r\n.tf-patrimonio-link {\r\n    margin-top: auto;\r\n    font-size: 13px;\r\n    font-weight: 700;\r\n    color: var(--tf-dark);\r\n    text-decoration: none !important;\r\n    text-transform: uppercase;\r\n    letter-spacing: 1px;\r\n    display: flex;\r\n    align-items: center;\r\n    transition: color 0.2s;\r\n}\r\n\r\n.tf-patrimonio-link:hover { color: var(--tf-gold); }\r\n\r\n\/* 4. FLECHAS NAVEGACI\u00d3N (ESCRITORIO) *\/\r\n.tf-patrimonio-arrow {\r\n    position: absolute;\r\n    top: 60%;\r\n    transform: translateY(-50%);\r\n    width: 45px;\r\n    height: 45px;\r\n    background: var(--tf-dark);\r\n    color: var(--tf-gold);\r\n    border-radius: 50%;\r\n    display: flex;\r\n    align-items: center;\r\n    justify-content: center;\r\n    cursor: pointer;\r\n    z-index: 10;\r\n    font-size: 18px;\r\n    box-shadow: 0 4px 15px rgba(0,0,0,0.15);\r\n    transition: all 0.3s ease;\r\n}\r\n\r\n.tf-patrimonio-arrow:hover {\r\n    background: var(--tf-gold);\r\n    color: var(--tf-dark);\r\n    transform: translateY(-50%) scale(1.08);\r\n}\r\n\r\n.tf-patrimonio-l { left: -5px; }\r\n.tf-patrimonio-r { right: -5px; }\r\n\r\n\/* Ocultar barra m\u00f3vil por defecto en desktop *\/\r\n.tf-mobile-patrimonio-arrows {\r\n    display: none;\r\n}\r\n\r\n\/* 5. RESPONSIVE DESIGN *\/\r\n@media (max-width: 768px) {\r\n    .tf-patrimonio-wrapper { padding: 0 20px; }\r\n    .tf-patrimonio-card { flex: 0 0 300px; }\r\n    \r\n    .tf-patrimonio-arrow { display: none; }\r\n    \r\n    .tf-mobile-patrimonio-arrows {\r\n        display: flex;\r\n        justify-content: center;\r\n        gap: 20px;\r\n        margin-top: -15px;\r\n        margin-bottom: 20px;\r\n    }\r\n    \r\n    .tf-mobile-patrimonio-arrow {\r\n        width: 45px;\r\n        height: 45px;\r\n        background: var(--tf-dark);\r\n        color: var(--tf-gold);\r\n        border-radius: 50%;\r\n        display: flex;\r\n        align-items: center;\r\n        justify-content: center;\r\n        cursor: pointer;\r\n        font-size: 1.1rem;\r\n        box-shadow: 0 6px 16px rgba(0,0,0,0.15);\r\n        user-select: none;\r\n        transition: background 0.2s ease;\r\n    }\r\n    \r\n    .tf-mobile-patrimonio-arrow:active {\r\n        background: var(--tf-gold);\r\n        color: var(--tf-dark);\r\n    }\r\n}\r\n<\/style>\r\n\r\n<div class=\"tf-patrimonio-wrapper\" itemscope itemtype=\"https:\/\/schema.org\/ItemList\">\r\n    <div class=\"tf-patrimonio-intro\">\r\n        <p>\r\n            \"Estas inmensas construcciones llaman la atenci\u00f3n por sus dise\u00f1os g\u00f3ticos, obras de arte y vitrales; adem\u00e1s de sus leyendas y actos de fe que giran en torno a su comunidad, convirti\u00e9ndolas en un atractivo tur\u00edstico imprescindible para propios y extra\u00f1os.\"\r\n        <\/p>\r\n    <\/div>\r\n\r\n    <!-- Navegaci\u00f3n para Versi\u00f3n Escritorio -->\r\n    <div class=\"tf-patrimonio-arrow tf-patrimonio-l\" onclick=\"movePatrimonioSlider(-375)\" aria-label=\"Anterior\">\u276e<\/div>\r\n    <div class=\"tf-patrimonio-arrow tf-patrimonio-r\" onclick=\"movePatrimonioSlider(375)\" aria-label=\"Siguiente\">\u276f<\/div>\r\n\r\n    <!-- Contenedor del Slider -->\r\n    <div class=\"tf-patrimonio-slider\" id=\"patrimonio-slider\">\r\n        \r\n        <!-- Tarjeta 1: Catedral Metropolitana -->\r\n        <article class=\"tf-patrimonio-card\" itemprop=\"itemListElement\" itemscope itemtype=\"https:\/\/schema.org\/HistoricalLandmark\">\r\n            <meta itemprop=\"image\" content=\"https:\/\/trailforthjournal.com\/es\/wp-content\/uploads\/sites\/4\/2022\/03\/DSC01674-2-scaled.jpg\">\r\n            <div class=\"tf-patrimonio-img lazy-bg\" data-bg=\"https:\/\/trailforthjournal.com\/es\/wp-content\/uploads\/sites\/4\/2022\/03\/DSC01674-2-scaled.jpg\">\r\n                <div class=\"tf-patrimonio-year\">Est. 1547<\/div>\r\n            <\/div>\r\n            <div class=\"tf-patrimonio-body\">\r\n                <h3 itemprop=\"name\">Catedral Metropolitana<\/h3>\r\n                <p itemprop=\"description\">Construida originalmente en 1547 junto a la Casa de Cabildo y la Plaza de Armas, es el coraz\u00f3n del centro hist\u00f3rico y un hito de la fe porte\u00f1a.<\/p>\r\n                <a href=\"https:\/\/trailforthjournal.com\/es\/lugar-emblematico\/catedral-de-guayaquil\/\" class=\"tf-patrimonio-link\" itemprop=\"url\">Ver detalles de visita \u2192<\/a>\r\n            <\/div>\r\n        <\/article>\r\n\r\n        <!-- Tarjeta 2: Bas\u00edlica de la Merced -->\r\n        <article class=\"tf-patrimonio-card\" itemprop=\"itemListElement\" itemscope itemtype=\"https:\/\/schema.org\/HistoricalLandmark\">\r\n            <meta itemprop=\"image\" content=\"https:\/\/trailforthjournal.com\/es\/wp-content\/uploads\/sites\/4\/2023\/10\/DJI_0009-2-scaled.jpg\">\r\n            <div class=\"tf-patrimonio-img lazy-bg\" data-bg=\"https:\/\/trailforthjournal.com\/es\/wp-content\/uploads\/sites\/4\/2023\/10\/DJI_0009-2-scaled.jpg\">\r\n                <div class=\"tf-patrimonio-year\">Est. 1927<\/div>\r\n            <\/div>\r\n            <div class=\"tf-patrimonio-body\">\r\n                <h3 itemprop=\"name\">Bas\u00edlica de la Merced<\/h3>\r\n                <p itemprop=\"description\">Ubicada en la calle V\u00edctor Manuel Rend\u00f3n, este templo de 1927 destaca por su inspiraci\u00f3n neog\u00f3tica-bizantina y su riqueza art\u00edstica interior.<\/p>\r\n                <a href=\"https:\/\/trailforthjournal.com\/es\/cultura\/basilica-la-merced-guayaquil\/\" class=\"tf-patrimonio-link\" itemprop=\"url\">Explorar arquitectura \u2192<\/a>\r\n            <\/div>\r\n        <\/article>\r\n\r\n        <!-- Tarjeta 3: Iglesia de San Francisco -->\r\n        <article class=\"tf-patrimonio-card\" itemprop=\"itemListElement\" itemscope itemtype=\"https:\/\/schema.org\/HistoricalLandmark\">\r\n            <meta itemprop=\"image\" content=\"https:\/\/trailforthjournal.com\/es\/wp-content\/uploads\/sites\/4\/2023\/10\/DJI_0025-2-scaled.jpg\">\r\n            <div class=\"tf-patrimonio-img lazy-bg\" data-bg=\"https:\/\/trailforthjournal.com\/es\/wp-content\/uploads\/sites\/4\/2023\/10\/DJI_0025-2-scaled.jpg\">\r\n                <div class=\"tf-patrimonio-year\">Est. 1702<\/div>\r\n            <\/div>\r\n            <div class=\"tf-patrimonio-body\">\r\n                <h3 itemprop=\"name\">Iglesia de San Francisco<\/h3>\r\n                <p itemprop=\"description\">Conocida como Nuestra Se\u00f1ora de los \u00c1ngeles, fue reconstruida tras varios incendios respetando su dise\u00f1o original de 1920 con materiales perdurables.<\/p>\r\n                <a href=\"https:\/\/trailforthjournal.com\/es\/cultura\/iglesia-san-francisco-guayaquil\/\" class=\"tf-patrimonio-link\" itemprop=\"url\">Conocer su historia \u2192<\/a>\r\n            <\/div>\r\n        <\/article>\r\n\r\n    <\/div>\r\n\r\n    <!-- Navegaci\u00f3n Inferior para Versi\u00f3n M\u00f3vil -->\r\n    <div class=\"tf-mobile-patrimonio-arrows\">\r\n        <div class=\"tf-mobile-patrimonio-arrow\" onclick=\"movePatrimonioSlider(-325)\">\u276e<\/div>\r\n        <div class=\"tf-mobile-patrimonio-arrow\" onclick=\"movePatrimonioSlider(325)\">\u276f<\/div>\r\n    <\/div>\r\n<\/div>\r\n\r\n<script>\r\ndocument.addEventListener(\"DOMContentLoaded\", function() {\r\n    var lazyBgs = [].slice.call(document.querySelectorAll(\".lazy-bg\"));\r\n    if (\"IntersectionObserver\" in window) {\r\n        let bgObserver = new IntersectionObserver(function(entries, observer) {\r\n            entries.forEach(function(entry) {\r\n                if (entry.isIntersecting) {\r\n                    let el = entry.target;\r\n                    let src = el.getAttribute(\"data-bg\");\r\n                    el.style.backgroundImage = \"url('\" + src + \"')\";\r\n                    bgObserver.unobserve(el);\r\n                }\r\n            });\r\n        });\r\n        lazyBgs.forEach(function(bg) { bgObserver.observe(bg); });\r\n    } else {\r\n        lazyBgs.forEach(function(el) {\r\n            let src = el.getAttribute(\"data-bg\");\r\n            el.style.backgroundImage = \"url('\" + src + \"')\";\r\n        });\r\n    }\r\n});\r\n\r\nfunction movePatrimonioSlider(dist) {\r\n    document.getElementById('patrimonio-slider').scrollBy({ left: dist, behavior: 'smooth' });\r\n}\r\n<\/script>\t\t\t\t<\/div>\n\t\t\t\t<\/div>\n\t\t\t\t\t<\/div>\n\t\t<\/div>\n\t\t\t\t\t<\/div>\n\t\t<\/section>\n\t\t\t\t<section class=\"elementor-section elementor-top-section elementor-element elementor-element-90675ca elementor-section-boxed elementor-section-height-default elementor-section-height-default wpr-particle-no wpr-jarallax-no wpr-parallax-no wpr-sticky-section-no wpr-column-slider-no wpr-equal-height-no\" data-id=\"90675ca\" data-element_type=\"section\" data-e-type=\"section\">\n\t\t\t\t\t\t<div class=\"elementor-container elementor-column-gap-default\">\n\t\t\t\t\t<div class=\"elementor-column elementor-col-100 elementor-top-column elementor-element elementor-element-743f7c4\" data-id=\"743f7c4\" data-element_type=\"column\" data-e-type=\"column\">\n\t\t\t<div class=\"elementor-widget-wrap elementor-element-populated\">\n\t\t\t\t\t\t<div class=\"elementor-element elementor-element-4991cbd elementor-widget elementor-widget-spacer\" data-id=\"4991cbd\" data-element_type=\"widget\" data-e-type=\"widget\" data-widget_type=\"spacer.default\">\n\t\t\t\t<div class=\"elementor-widget-container\">\n\t\t\t\t\t\t\t<div class=\"elementor-spacer\">\n\t\t\t<div class=\"elementor-spacer-inner\"><\/div>\n\t\t<\/div>\n\t\t\t\t\t\t<\/div>\n\t\t\t\t<\/div>\n\t\t\t\t\t<\/div>\n\t\t<\/div>\n\t\t\t\t\t<\/div>\n\t\t<\/section>\n\t\t\t\t<section class=\"elementor-section elementor-top-section elementor-element elementor-element-95e96b1 elementor-section-boxed elementor-section-height-default elementor-section-height-default wpr-particle-no wpr-jarallax-no wpr-parallax-no wpr-sticky-section-no wpr-column-slider-no wpr-equal-height-no\" data-id=\"95e96b1\" data-element_type=\"section\" data-e-type=\"section\">\n\t\t\t\t\t\t<div class=\"elementor-container elementor-column-gap-default\">\n\t\t\t\t\t<div class=\"elementor-column elementor-col-100 elementor-top-column elementor-element elementor-element-4f63f95\" data-id=\"4f63f95\" data-element_type=\"column\" data-e-type=\"column\">\n\t\t\t<div class=\"elementor-widget-wrap elementor-element-populated\">\n\t\t\t\t\t\t<div class=\"elementor-element elementor-element-cd1ce0d elementor-widget elementor-widget-heading\" data-id=\"cd1ce0d\" data-element_type=\"widget\" data-e-type=\"widget\" data-widget_type=\"heading.default\">\n\t\t\t\t<div class=\"elementor-widget-container\">\n\t\t\t\t\t<h2 class=\"elementor-heading-title elementor-size-default\">Centro Hist\u00f3rico y Patrimonio: Lugares emblem\u00e1ticos de Guayaquil<\/h2>\t\t\t\t<\/div>\n\t\t\t\t<\/div>\n\t\t\t\t<div class=\"elementor-element elementor-element-784aa01 elementor-widget-divider--view-line elementor-widget elementor-widget-divider\" data-id=\"784aa01\" data-element_type=\"widget\" data-e-type=\"widget\" data-widget_type=\"divider.default\">\n\t\t\t\t<div class=\"elementor-widget-container\">\n\t\t\t\t\t\t\t<div class=\"elementor-divider\">\n\t\t\t<span class=\"elementor-divider-separator\">\n\t\t\t\t\t\t<\/span>\n\t\t<\/div>\n\t\t\t\t\t\t<\/div>\n\t\t\t\t<\/div>\n\t\t\t\t\t<\/div>\n\t\t<\/div>\n\t\t\t\t\t<\/div>\n\t\t<\/section>\n\t\t\t\t<section class=\"elementor-section elementor-top-section elementor-element elementor-element-2bfdd80 elementor-section-boxed elementor-section-height-default elementor-section-height-default wpr-particle-no wpr-jarallax-no wpr-parallax-no wpr-sticky-section-no wpr-column-slider-no wpr-equal-height-no\" data-id=\"2bfdd80\" data-element_type=\"section\" data-e-type=\"section\">\n\t\t\t\t\t\t<div class=\"elementor-container elementor-column-gap-default\">\n\t\t\t\t\t<div class=\"elementor-column elementor-col-100 elementor-top-column elementor-element elementor-element-a3f6066\" data-id=\"a3f6066\" data-element_type=\"column\" data-e-type=\"column\">\n\t\t\t<div class=\"elementor-widget-wrap elementor-element-populated\">\n\t\t\t\t\t\t<div class=\"elementor-element elementor-element-0d24735 elementor-widget elementor-widget-text-editor\" data-id=\"0d24735\" data-element_type=\"widget\" data-e-type=\"widget\" data-widget_type=\"text-editor.default\">\n\t\t\t\t<div class=\"elementor-widget-container\">\n\t\t\t\t\t\t\t\t\t<p>El <b data-path-to-node=\"4\" data-index-in-node=\"4\">patrimonio de Guayaquil<\/b> se vive caminando a trav\u00e9s de sus barrios y monumentos m\u00e1s antiguos. El recorrido por el <b data-path-to-node=\"4\" data-index-in-node=\"117\">centro hist\u00f3rico<\/b> comienza en el <b data-path-to-node=\"4\" data-index-in-node=\"149\">Barrio Las Pe\u00f1as<\/b>, el primer barrio de la ciudad, cuyas calles empedradas conectan con los 444 escalones del <b data-path-to-node=\"4\" data-index-in-node=\"257\">Cerro Santa Ana<\/b>. En el coraz\u00f3n institucional, el <b data-path-to-node=\"4\" data-index-in-node=\"306\">Palacio Municipal<\/b> destaca por su arquitectura neocl\u00e1sica, mientras que el <b data-path-to-node=\"4\" data-index-in-node=\"380\">Parque Seminario<\/b> (Parque de las Iguanas) ofrece una experiencia \u00fanica de naturaleza urbana. Estos <b data-path-to-node=\"4\" data-index-in-node=\"478\">lugares emblem\u00e1ticos de Guayaquil<\/b> representan siglos de historia y resiliencia, siendo paradas obligatorias para entender la identidad de la Perla del Pac\u00edfico.<\/p>\t\t\t\t\t\t\t\t<\/div>\n\t\t\t\t<\/div>\n\t\t\t\t\t<\/div>\n\t\t<\/div>\n\t\t\t\t\t<\/div>\n\t\t<\/section>\n\t\t\t\t<section class=\"elementor-section elementor-top-section elementor-element elementor-element-612043e elementor-section-boxed elementor-section-height-default elementor-section-height-default wpr-particle-no wpr-jarallax-no wpr-parallax-no wpr-sticky-section-no wpr-column-slider-no wpr-equal-height-no\" data-id=\"612043e\" data-element_type=\"section\" data-e-type=\"section\" id=\"patrimonial\">\n\t\t\t\t\t\t<div class=\"elementor-container elementor-column-gap-default\">\n\t\t\t\t\t<div class=\"elementor-column elementor-col-100 elementor-top-column elementor-element elementor-element-040eefa\" data-id=\"040eefa\" data-element_type=\"column\" data-e-type=\"column\">\n\t\t\t<div class=\"elementor-widget-wrap elementor-element-populated\">\n\t\t\t\t\t\t<div class=\"elementor-element elementor-element-b5267b8 elementor-widget elementor-widget-html\" data-id=\"b5267b8\" data-element_type=\"widget\" data-e-type=\"widget\" data-widget_type=\"html.default\">\n\t\t\t\t<div class=\"elementor-widget-container\">\n\t\t\t\t\t<style>\r\n\/* 1. ESTILO \"JOURNAL GUIDE\" - ENFOQUE ESTRAT\u00c9GICO *\/\r\n@import url('https:\/\/fonts.googleapis.com\/css2?family=Poppins:wght@400;600;700;800&display=swap');\r\n\r\n:root {\r\n    --tf-guide-navy: #0A2342; \r\n    --tf-guide-gold: #C5A059; \r\n    --tf-guide-text: #444;\r\n}\r\n\r\n.tf-guide-section { width: 100%; font-family: 'Poppins', sans-serif; background: #fff; padding: 40px 0; position: relative; }\r\n.tf-guide-container { max-width: 1200px; margin: 0 auto; padding: 0 20px; }\r\n\r\n\/* CABECERA NARRATIVA - AJUSTADA A H3 *\/\r\n.tf-guide-intro { margin-bottom: 40px; display: grid; grid-template-columns: 1.2fr 1fr; gap: 40px; align-items: center; }\r\n.tf-guide-intro h3 { font-size: 34px; font-weight: 800; color: var(--tf-guide-navy); line-height: 1.1; margin: 0 0 20px; }\r\n.tf-guide-intro p { font-size: 15px; color: var(--tf-guide-text); line-height: 1.8; margin: 0; }\r\n\r\n.tf-guide-highlight { background: #F8F9FA; padding: 25px; border-radius: 15px; border-right: 4px solid var(--tf-guide-gold); }\r\n.tf-guide-highlight span { display: block; font-size: 11px; font-weight: 800; color: var(--tf-guide-gold); text-transform: uppercase; margin-bottom: 10px; letter-spacing: 1px; }\r\n.tf-guide-highlight p { font-size: 13.5px; font-style: italic; color: #636e72; }\r\n\r\n\/* SLIDER Y FLECHAS ESCRITORIO *\/\r\n.tf-guide-slider-wrapper { position: relative; padding: 20px 45px; } \r\n.tf-guide-slider { display: flex; overflow-x: auto; gap: 25px; padding: 10px 5px 40px; scrollbar-width: none; scroll-behavior: smooth; }\r\n.tf-guide-slider::-webkit-scrollbar { display: none; }\r\n\r\n.tf-guide-arrow { \r\n    position: absolute; \r\n    top: 45%; \r\n    width: 45px; \r\n    height: 45px; \r\n    background: #fff; \r\n    color: var(--tf-guide-navy); \r\n    border-radius: 50%; \r\n    display: flex; \r\n    align-items: center; \r\n    justify-content: center; \r\n    cursor: pointer; \r\n    z-index: 10; \r\n    box-shadow: 0 5px 15px rgba(0,0,0,0.1); \r\n    transition: 0.3s; \r\n    font-weight: bold;\r\n    border: 1px solid #eee;\r\n}\r\n.tf-arrow-l { left: 0; }\r\n.tf-arrow-r { right: 0; }\r\n.tf-guide-arrow:hover { background: var(--tf-guide-navy); color: #fff; }\r\n\r\n\/* NAVEGACI\u00d3N M\u00d3VIL (OCULTA EN ESCRITORIO) *\/\r\n.tf-mobile-guide-arrows {\r\n    display: none;\r\n}\r\n\r\n\/* TARJETAS *\/\r\n.tf-guide-card { flex: 0 0 340px; background: #fff; border-radius: 12px; overflow: hidden; box-shadow: 0 10px 30px rgba(0,0,0,0.05); border: 1px solid #eee; display: flex; flex-direction: column; transition: 0.3s; }\r\n.tf-guide-card:hover { transform: translateY(-10px); }\r\n\r\n.tf-guide-img { height: 210px; background-size: cover; background-position: center; position: relative; }\r\n.tf-guide-num { position: absolute; top: 15px; left: 15px; background: var(--tf-guide-navy); color: #fff; width: 35px; height: 35px; border-radius: 50%; display: flex; align-items: center; justify-content: center; font-weight: 800; font-size: 14px; }\r\n\r\n.tf-guide-body { padding: 25px; flex-grow: 1; display: flex; flex-direction: column; }\r\n.tf-guide-body h3 { font-size: 20px; font-weight: 800; color: var(--tf-guide-navy); margin: 0 0 12px; }\r\n.tf-guide-body p { font-size: 13px; color: #666; line-height: 1.6; margin-bottom: 20px; }\r\n\r\n.tf-guide-btn { background: var(--tf-guide-navy); color: #fff !important; text-align: center; padding: 12px; border-radius: 8px; text-decoration: none !important; font-weight: 700; font-size: 12px; text-transform: uppercase; transition: 0.3s; }\r\n.tf-guide-btn:hover { background: var(--tf-guide-gold); }\r\n\r\n\/* DISE\u00d1O RESPONSIVO ACCESIBLE *\/\r\n@media (max-width: 768px) {\r\n    .tf-guide-intro { grid-template-columns: 1fr; }\r\n    .tf-guide-card { flex: 0 0 280px; }\r\n    .tf-guide-slider-wrapper { padding: 10px 0; }\r\n    \r\n    \/* Mantener ocultas las flechas absolutas laterales *\/\r\n    .tf-guide-arrow { display: none; } \r\n    \r\n    \/* Mostrar y estructurar controles inferiores en m\u00f3viles *\/\r\n    .tf-mobile-guide-arrows {\r\n        display: flex;\r\n        justify-content: center;\r\n        gap: 20px;\r\n        margin-top: -15px; \/* Equilibra el padding inferior generado por el slider *\/\r\n        margin-bottom: 20px;\r\n    }\r\n    \r\n    \/* Estilos de botones t\u00e1ctiles con feedback inmediato *\/\r\n    .tf-mobile-guide-arrow {\r\n        width: 45px;\r\n        height: 45px;\r\n        background: var(--tf-guide-navy);\r\n        color: var(--tf-guide-gold);\r\n        border-radius: 50%;\r\n        display: flex;\r\n        align-items: center;\r\n        justify-content: center;\r\n        cursor: pointer;\r\n        font-size: 1.1rem;\r\n        box-shadow: 0 6px 16px rgba(10,35,66,0.15);\r\n        user-select: none;\r\n        transition: background 0.2s ease;\r\n    }\r\n    \r\n    .tf-mobile-guide-arrow:active {\r\n        background: var(--tf-guide-gold);\r\n        color: var(--tf-guide-navy);\r\n    }\r\n}\r\n<\/style>\r\n\r\n<div class=\"tf-guide-section\">\r\n    <div class=\"tf-guide-container\">\r\n        <div class=\"tf-guide-intro\">\r\n            <div>\r\n                <h3>Itinerario Patrimonial: <span>Qu\u00e9 ver en Guayaquil<\/span><\/h3>\r\n                <p>Recorrer Guayaquil es sumergirse en 500 a\u00f1os de historia. Desde el <strong>Malec\u00f3n 2000<\/strong> hasta el <strong>Hemiciclo de la Rotonda<\/strong>, cada rinc\u00f3n celebra el esp\u00edritu vibrante de la Perla del Pac\u00edfico.<\/p>\r\n            <\/div>\r\n            <div class=\"tf-guide-highlight\">\r\n                <span>Huellas Hist\u00f3ricas<\/span>\r\n                <p>\"Desde el Palacio Municipal hasta el Barrio Las Pe\u00f1as, refugio de figuras como el <strong>Che Guevara<\/strong> y <strong>Pablo Neruda<\/strong>.\"<\/p>\r\n            <\/div>\r\n        <\/div>\r\n\r\n        <div class=\"tf-guide-slider-wrapper\">\r\n            <!-- Navegaci\u00f3n Escritorio -->\r\n            <div class=\"tf-guide-arrow tf-arrow-l\" onclick=\"moveGuideSlider(-365)\" aria-label=\"Anterior\">\u276e<\/div>\r\n            <div class=\"tf-guide-arrow tf-arrow-r\" onclick=\"moveGuideSlider(365)\" aria-label=\"Siguiente\">\u276f<\/div>\r\n\r\n            <!-- Contenedor del Slider -->\r\n            <div class=\"tf-guide-slider\" id=\"guide-slider\">\r\n                \r\n                <div class=\"tf-guide-card\">\r\n                    <div class=\"tf-guide-img\" style=\"background-image: url('https:\/\/trailforthjournal.com\/es\/wp-content\/uploads\/sites\/4\/2023\/10\/Las-Penas-Esferica-3.jpg');\">\r\n                        <div class=\"tf-guide-num\">01<\/div>\r\n                    <\/div>\r\n                    <div class=\"tf-guide-body\">\r\n                        <h3>Barrio Las Pe\u00f1as<\/h3>\r\n                        <p>Casas de colores y calles adoquinadas que ofrecen un vistazo aut\u00e9ntico al pasado colonial y art\u00edstico de la ciudad.<\/p>\r\n                        <a href=\"https:\/\/trailforthjournal.com\/es\/lugar-emblematico\/barrio-las-penas\/\" class=\"tf-guide-btn\">Ver Gu\u00eda Completa<\/a>\r\n                    <\/div>\r\n                <\/div>\r\n\r\n                <div class=\"tf-guide-card\">\r\n                    <div class=\"tf-guide-img\" style=\"background-image: url('https:\/\/trailforthjournal.com\/es\/wp-content\/uploads\/sites\/4\/2023\/09\/Cerro-Santa-Ana-scaled.jpg');\">\r\n                        <div class=\"tf-guide-num\">02<\/div>\r\n                    <\/div>\r\n                    <div class=\"tf-guide-body\">\r\n                        <h3>Cerro Santa Ana<\/h3>\r\n                        <p>Sube los 444 escalones hacia el ic\u00f3nico faro para una recompensa visual de 360\u00b0 sobre el R\u00edo Guayas.<\/p>\r\n                        <a href=\"https:\/\/trailforthjournal.com\/es\/cultura\/cerro-santa-ana-guayaquil\/\" class=\"tf-guide-btn\">Planificar Ascenso<\/a>\r\n                    <\/div>\r\n                <\/div>\r\n\r\n                <div class=\"tf-guide-card\">\r\n                    <div class=\"tf-guide-img\" style=\"background-image: url('https:\/\/trailforthjournal.com\/es\/wp-content\/uploads\/sites\/4\/2022\/03\/IMG_1941-2-scaled.jpg');\">\r\n                        <div class=\"tf-guide-num\">03<\/div>\r\n                    <\/div>\r\n                    <div class=\"tf-guide-body\">\r\n                        <h3>Palacio Municipal<\/h3>\r\n                        <p>Arquitectura neocl\u00e1sica donde se gest\u00f3 la independencia el 9 de octubre de 1820. Un pilar cultural absoluto.<\/p>\r\n                        <a href=\"https:\/\/trailforthjournal.com\/es\/cultura\/palacio-municipal-de-guayaquil\/\" class=\"tf-guide-btn\">Detalles Hist\u00f3ricos<\/a>\r\n                    <\/div>\r\n                <\/div>\r\n\r\n                <div class=\"tf-guide-card\">\r\n                    <div class=\"tf-guide-img\" style=\"background-image: url('https:\/\/trailforthjournal.com\/es\/wp-content\/uploads\/sites\/4\/2023\/10\/parque-de-las-iguanas-parque-seminario.webp');\">\r\n                        <div class=\"tf-guide-num\">04<\/div>\r\n                    <\/div>\r\n                    <div class=\"tf-guide-body\">\r\n                        <h3>Parque Seminario<\/h3>\r\n                        <p>Conocido como el Parque de las Iguanas, el punto de encuentro m\u00e1s curioso entre la naturaleza y la urbe.<\/p>\r\n                        <a href=\"https:\/\/trailforthjournal.com\/es\/lugar-emblematico\/parque-iguanas-seminario-guayaquil\/\" class=\"tf-guide-btn\">Gu\u00eda de Visita<\/a>\r\n                    <\/div>\r\n                <\/div>\r\n\r\n            <\/div>\r\n        <\/div>\r\n\r\n        <!-- Navegaci\u00f3n Inferior para Versi\u00f3n M\u00f3vil -->\r\n        <div class=\"tf-mobile-guide-arrows\">\r\n            <div class=\"tf-mobile-guide-arrow\" onclick=\"moveGuideSlider(-305)\" aria-label=\"Anterior\">\u276e<\/div>\r\n            <div class=\"tf-mobile-guide-arrow\" onclick=\"moveGuideSlider(305)\" aria-label=\"Siguiente\">\u276f<\/div>\r\n        <\/div>\r\n    <\/div>\r\n<\/div>\r\n\r\n<script>\r\nfunction moveGuideSlider(dist) {\r\n    document.getElementById('guide-slider').scrollBy({ left: dist, behavior: 'smooth' });\r\n}\r\n<\/script>\t\t\t\t<\/div>\n\t\t\t\t<\/div>\n\t\t\t\t\t<\/div>\n\t\t<\/div>\n\t\t\t\t\t<\/div>\n\t\t<\/section>\n\t\t\t\t<section class=\"elementor-section elementor-top-section elementor-element elementor-element-50cebaf elementor-section-boxed elementor-section-height-default elementor-section-height-default wpr-particle-no wpr-jarallax-no wpr-parallax-no wpr-sticky-section-no wpr-column-slider-no wpr-equal-height-no\" data-id=\"50cebaf\" data-element_type=\"section\" data-e-type=\"section\">\n\t\t\t\t\t\t<div class=\"elementor-container elementor-column-gap-default\">\n\t\t\t\t\t<div class=\"elementor-column elementor-col-100 elementor-top-column elementor-element elementor-element-14fc153\" data-id=\"14fc153\" data-element_type=\"column\" data-e-type=\"column\">\n\t\t\t<div class=\"elementor-widget-wrap elementor-element-populated\">\n\t\t\t\t\t\t<div class=\"elementor-element elementor-element-7c28186 elementor-widget elementor-widget-spacer\" data-id=\"7c28186\" data-element_type=\"widget\" data-e-type=\"widget\" data-widget_type=\"spacer.default\">\n\t\t\t\t<div class=\"elementor-widget-container\">\n\t\t\t\t\t\t\t<div class=\"elementor-spacer\">\n\t\t\t<div class=\"elementor-spacer-inner\"><\/div>\n\t\t<\/div>\n\t\t\t\t\t\t<\/div>\n\t\t\t\t<\/div>\n\t\t\t\t\t<\/div>\n\t\t<\/div>\n\t\t\t\t\t<\/div>\n\t\t<\/section>\n\t\t\t\t<section class=\"elementor-section elementor-top-section elementor-element elementor-element-003a017 elementor-section-boxed elementor-section-height-default elementor-section-height-default wpr-particle-no wpr-jarallax-no wpr-parallax-no wpr-sticky-section-no wpr-column-slider-no wpr-equal-height-no\" data-id=\"003a017\" data-element_type=\"section\" data-e-type=\"section\">\n\t\t\t\t\t\t<div class=\"elementor-container elementor-column-gap-default\">\n\t\t\t\t\t<div class=\"elementor-column elementor-col-100 elementor-top-column elementor-element elementor-element-9816a6b\" data-id=\"9816a6b\" data-element_type=\"column\" data-e-type=\"column\">\n\t\t\t<div class=\"elementor-widget-wrap elementor-element-populated\">\n\t\t\t\t\t\t<div class=\"elementor-element elementor-element-2bb006e elementor-widget elementor-widget-heading\" data-id=\"2bb006e\" data-element_type=\"widget\" data-e-type=\"widget\" data-widget_type=\"heading.default\">\n\t\t\t\t<div class=\"elementor-widget-container\">\n\t\t\t\t\t<h2 class=\"elementor-heading-title elementor-size-default\">Naturaleza cerca de Guayaquil: parques nacionales, manglares y playas<\/h2>\t\t\t\t<\/div>\n\t\t\t\t<\/div>\n\t\t\t\t<div class=\"elementor-element elementor-element-e0c8a2e elementor-widget-divider--view-line elementor-widget elementor-widget-divider\" data-id=\"e0c8a2e\" data-element_type=\"widget\" data-e-type=\"widget\" data-widget_type=\"divider.default\">\n\t\t\t\t<div class=\"elementor-widget-container\">\n\t\t\t\t\t\t\t<div class=\"elementor-divider\">\n\t\t\t<span class=\"elementor-divider-separator\">\n\t\t\t\t\t\t<\/span>\n\t\t<\/div>\n\t\t\t\t\t\t<\/div>\n\t\t\t\t<\/div>\n\t\t\t\t\t<\/div>\n\t\t<\/div>\n\t\t\t\t\t<\/div>\n\t\t<\/section>\n\t\t\t\t<section class=\"elementor-section elementor-top-section elementor-element elementor-element-ab45274 elementor-section-boxed elementor-section-height-default elementor-section-height-default wpr-particle-no wpr-jarallax-no wpr-parallax-no wpr-sticky-section-no wpr-column-slider-no wpr-equal-height-no\" data-id=\"ab45274\" data-element_type=\"section\" data-e-type=\"section\">\n\t\t\t\t\t\t<div class=\"elementor-container elementor-column-gap-default\">\n\t\t\t\t\t<div class=\"elementor-column elementor-col-100 elementor-top-column elementor-element elementor-element-12eac4d\" data-id=\"12eac4d\" data-element_type=\"column\" data-e-type=\"column\">\n\t\t\t<div class=\"elementor-widget-wrap elementor-element-populated\">\n\t\t\t\t\t\t<div class=\"elementor-element elementor-element-8e01545 elementor-widget elementor-widget-text-editor\" data-id=\"8e01545\" data-element_type=\"widget\" data-e-type=\"widget\" data-widget_type=\"text-editor.default\">\n\t\t\t\t<div class=\"elementor-widget-container\">\n\t\t\t\t\t\t\t\t\t<p>Desde Guayaquil se puede descubrir una gran diversidad de destinos naturales a pocas horas de la ciudad. Los amantes de la vida silvestre pueden explorar la <a href=\"https:\/\/trailforthjournal.com\/es\/reservar\/observacion-fauna-reserva-ecologica-manglares-churute\/\"><strong>Reserva Ecol\u00f3gica Manglares Churute<\/strong><\/a>, un refugio de manglares, bosques secos y humedales en el que es posible observar aves y monos aulladores, as\u00ed como recorrer sus esteros en canoa. Quienes prefieran los paisajes andinos, encontrar\u00e1n en el <a href=\"https:\/\/trailforthjournal.com\/es\/aventura\/parque-nacional-cajas-lagunas\/\"><strong>Parque Nacional Cajas<\/strong><\/a> un escenario de lagunas, glaciares, senderos de alta monta\u00f1a y p\u00e1ramos \u00fanicos. Cerca de la ciudad, el Bosque Protector Cerro Blanco ofrece caminatas por un bosque tropical seco y una extraordinaria biodiversidad. Si prefieres el oc\u00e9ano, las playas de General Villamil, la Reserva Marina El Pelado y el Parque Nacional Machalilla te permitir\u00e1n disfrutar de playas, avistamiento de fauna marina y espectaculares paisajes costeros. Tambi\u00e9n merece la pena visitar el bosque protector La Esperanza, un destino ideal para quienes desean combinar cascadas, senderismo y naturaleza en las estribaciones occidentales de los Andes.<\/p>\t\t\t\t\t\t\t\t<\/div>\n\t\t\t\t<\/div>\n\t\t\t\t\t<\/div>\n\t\t<\/div>\n\t\t\t\t\t<\/div>\n\t\t<\/section>\n\t\t\t\t<section class=\"elementor-section elementor-top-section elementor-element elementor-element-40c90be elementor-section-boxed elementor-section-height-default elementor-section-height-default wpr-particle-no wpr-jarallax-no wpr-parallax-no wpr-sticky-section-no wpr-column-slider-no wpr-equal-height-no\" data-id=\"40c90be\" data-element_type=\"section\" data-e-type=\"section\">\n\t\t\t\t\t\t<div class=\"elementor-container elementor-column-gap-default\">\n\t\t\t\t\t<div class=\"elementor-column elementor-col-100 elementor-top-column elementor-element elementor-element-bd8945f\" data-id=\"bd8945f\" data-element_type=\"column\" data-e-type=\"column\">\n\t\t\t<div class=\"elementor-widget-wrap elementor-element-populated\">\n\t\t\t\t\t\t<div class=\"elementor-element elementor-element-a34128d elementor-widget elementor-widget-html\" data-id=\"a34128d\" data-element_type=\"widget\" data-e-type=\"widget\" data-widget_type=\"html.default\">\n\t\t\t\t<div class=\"elementor-widget-container\">\n\t\t\t\t\t<style>\r\n\/* 1. FUENTES Y VARIABLES - ADAPTADAS A TURISMO\/NATURALEZA *\/\r\n@import url('https:\/\/fonts.googleapis.com\/css2?family=Poppins:wght@400;600;700;800&display=swap');\r\n\r\n:root {\r\n    --tour-green: #1C3F24;     \/* Verde bosque profundo (Confianza y Naturaleza) *\/\r\n    --tour-gold: #D4A373;      \/* Dorado tierra\/cacao (Premium y Aventura) *\/\r\n    --tour-text: #2D3436;\r\n    --tour-bg-card: #FFFFFF;\r\n}\r\n\r\n\/* 2. CONTENEDOR INTEGRAL - ESPACIO CERO *\/\r\n.tf-tour-section-container {\r\n    width: 100%;\r\n    margin: 0;\r\n    padding: 0;\r\n    font-family: 'Poppins', sans-serif;\r\n    background-color: #ffffff;\r\n    overflow: hidden;\r\n}\r\n\r\n\/* SECCI\u00d3N DE TEXTO DIN\u00c1MICO *\/\r\n.tf-tour-intro {\r\n    width: 100%;\r\n    max-width: 1200px;\r\n    margin: 0 auto;\r\n    padding: 40px 20px 20px;\r\n    box-sizing: border-box;\r\n}\r\n\r\n.tf-tour-grid-intro {\r\n    display: grid;\r\n    grid-template-columns: 1.5fr 1fr;\r\n    gap: 30px;\r\n    align-items: center;\r\n    margin-bottom: 30px;\r\n}\r\n\r\n.tf-tour-intro h3.tf-main-title {\r\n    font-size: 32px;\r\n    font-weight: 800;\r\n    color: var(--tour-green);\r\n    line-height: 1.1;\r\n    margin: 0 0 15px 0;\r\n}\r\n\r\n.tf-tour-intro h3.tf-main-title span { color: var(--tour-gold); }\r\n\r\n.tf-tour-p {\r\n    font-size: 15px;\r\n    color: #636e72;\r\n    line-height: 1.6;\r\n    margin: 0;\r\n}\r\n\r\n.tf-tour-fact-card {\r\n    background: #f8f9fa;\r\n    border-left: 5px solid var(--tour-gold);\r\n    padding: 20px;\r\n    border-radius: 0 12px 12px 0;\r\n}\r\n\r\n.tf-tour-fact-card strong {\r\n    display: block;\r\n    color: var(--tour-green);\r\n    font-size: 14px;\r\n    text-transform: uppercase;\r\n    margin-bottom: 5px;\r\n}\r\n\r\n.tf-tour-fact-card p {\r\n    font-size: 13px;\r\n    margin: 0;\r\n    color: var(--tour-text);\r\n    line-height: 1.4;\r\n}\r\n\r\n\/* ETIQUETAS SEO \/ DESTINOS *\/\r\n.tf-tour-list-tags {\r\n    display: flex;\r\n    flex-wrap: wrap;\r\n    gap: 8px;\r\n    margin-top: 10px;\r\n}\r\n\r\n.tf-tour-tag-pill {\r\n    background: #eef5f0;\r\n    color: var(--tour-green);\r\n    padding: 6px 14px;\r\n    border-radius: 20px;\r\n    font-size: 11px;\r\n    font-weight: 700;\r\n    text-transform: uppercase;\r\n    border: 1px solid transparent;\r\n    transition: 0.3s;\r\n}\r\n\r\n.tf-tour-tag-pill:hover {\r\n    border-color: var(--tour-gold);\r\n    background: #fff;\r\n}\r\n\r\n\/* 3. SLIDER - TOTALMENTE OPTIMIZADO *\/\r\n.tf-slider-tour-wrapper {\r\n    width: 100%;\r\n    max-width: 1200px;\r\n    margin: 0 auto;\r\n    position: relative;\r\n    padding: 20px 45px 20px;\r\n    box-sizing: border-box;\r\n}\r\n\r\n.tf-slider-tour-container {\r\n    display: flex;\r\n    overflow-x: auto;\r\n    scroll-behavior: smooth;\r\n    gap: 25px;\r\n    padding: 10px 5px 30px;\r\n    -webkit-overflow-scrolling: touch; \r\n    scrollbar-width: none; \r\n    scroll-snap-type: x mandatory; \r\n}\r\n\r\n.tf-slider-tour-container::-webkit-scrollbar { display: none; }\r\n\r\n\/* TARJETAS DE TOURS *\/\r\n.tf-card-tour {\r\n    flex: 0 0 350px; \r\n    background: var(--tour-bg-card);\r\n    border-radius: 16px;\r\n    overflow: hidden;\r\n    box-shadow: 0 10px 25px rgba(0,0,0,0.06);\r\n    border: 1px solid #f0f0f0;\r\n    transition: all 0.4s ease;\r\n    display: flex;\r\n    flex-direction: column;\r\n    scroll-snap-align: start; \r\n}\r\n\r\n.tf-card-tour:hover {\r\n    transform: translateY(-10px);\r\n    box-shadow: 0 15px 35px rgba(28,63,36,0.12);\r\n}\r\n\r\n.tf-img-top-tour {\r\n    position: relative;\r\n    width: 100%;\r\n    height: 210px;\r\n    background-size: cover;\r\n    background-position: center;\r\n}\r\n\r\n.tf-img-top-tour::after {\r\n    content: '';\r\n    position: absolute;\r\n    bottom: 0;\r\n    left: 0;\r\n    width: 100%;\r\n    height: 40%;\r\n    background: linear-gradient(transparent, rgba(0,0,0,0.6));\r\n}\r\n\r\n.tf-tag-tour {\r\n    position: absolute;\r\n    top: 15px;\r\n    right: 15px;\r\n    background: var(--tour-green);\r\n    color: #fff;\r\n    padding: 6px 12px;\r\n    border-radius: 6px;\r\n    font-size: 10px;\r\n    font-weight: 700;\r\n    z-index: 2;\r\n    text-transform: uppercase;\r\n    letter-spacing: 0.5px;\r\n}\r\n\r\n.tf-body-tour {\r\n    padding: 20px;\r\n    display: flex;\r\n    flex-direction: column;\r\n    flex-grow: 1;\r\n}\r\n\r\n.tf-cat-tour {\r\n    font-size: 11px;\r\n    color: var(--tour-gold);\r\n    font-weight: 700;\r\n    text-transform: uppercase;\r\n    margin-bottom: 5px;\r\n}\r\n\r\n.tf-head-tour {\r\n    font-size: 20px;\r\n    font-weight: 800;\r\n    color: var(--tour-green);\r\n    margin-bottom: 10px;\r\n    line-height: 1.3;\r\n}\r\n\r\n.tf-desc-tour {\r\n    font-size: 13px;\r\n    color: #636e72;\r\n    line-height: 1.5;\r\n    margin-bottom: 15px;\r\n}\r\n\r\n.tf-info-tags-tour {\r\n    display: flex;\r\n    flex-wrap: wrap;\r\n    gap: 6px;\r\n    margin-bottom: 20px;\r\n}\r\n\r\n.tf-info-tags-tour span {\r\n    background: #f8f9fa;\r\n    color: #2d3436;\r\n    padding: 4px 8px;\r\n    border-radius: 4px;\r\n    font-size: 10px;\r\n    font-weight: 600;\r\n    border: 1px solid #eee;\r\n}\r\n\r\n.tf-btn-tour {\r\n    margin-top: auto;\r\n    background: var(--tour-green);\r\n    color: white !important;\r\n    text-align: center;\r\n    padding: 12px;\r\n    border-radius: 10px;\r\n    text-decoration: none !important;\r\n    font-weight: 700;\r\n    font-size: 13px;\r\n    text-transform: uppercase;\r\n    transition: 0.3s;\r\n}\r\n\r\n.tf-btn-tour:hover { background: var(--tour-gold); }\r\n\r\n\/* NAVEGACI\u00d3N DESKTOP *\/\r\n.tf-tour-arrow {\r\n    position: absolute;\r\n    top: 45%;\r\n    width: 40px;\r\n    height: 40px;\r\n    background: white;\r\n    color: var(--tour-green);\r\n    border-radius: 50%;\r\n    display: flex;\r\n    align-items: center;\r\n    justify-content: center;\r\n    cursor: pointer;\r\n    z-index: 10;\r\n    box-shadow: 0 4px 10px rgba(0,0,0,0.1);\r\n    transition: 0.3s;\r\n    user-select: none;\r\n}\r\n\r\n.tf-tour-l { left: 0; }\r\n.tf-tour-r { right: 0; }\r\n.tf-tour-arrow:hover { background: var(--tour-green); color: #fff; }\r\n\r\n\/* CONTROLES M\u00d3VILES *\/\r\n.tf-mobile-tour-controls {\r\n    display: none;\r\n}\r\n\r\n\/* MEDIA QUERIES *\/\r\n@media (max-width: 768px) {\r\n    .tf-tour-grid-intro { grid-template-columns: 1fr; }\r\n    .tf-slider-tour-wrapper { padding: 10px 15px 40px; }\r\n    .tf-card-tour { flex: 0 0 280px; }\r\n    \r\n    .tf-tour-arrow { display: none; }\r\n    \r\n    .tf-mobile-tour-controls {\r\n        display: flex;\r\n        justify-content: center;\r\n        gap: 20px;\r\n        margin-top: -10px;\r\n    }\r\n    \r\n    .tf-mobile-tour-arrow {\r\n        width: 45px;\r\n        height: 45px;\r\n        background: var(--tour-green);\r\n        color: white;\r\n        border-radius: 50%;\r\n        display: flex;\r\n        align-items: center;\r\n        justify-content: center;\r\n        cursor: pointer;\r\n        font-weight: bold;\r\n        font-size: 16px;\r\n        box-shadow: 0 4px 12px rgba(28,63,36,0.15);\r\n        user-select: none;\r\n    }\r\n    \r\n    .tf-mobile-tour-arrow:active {\r\n        background: var(--tour-gold);\r\n    }\r\n}\r\n<\/style>\r\n\r\n<div class=\"tf-tour-section-container\">\r\n    \r\n    <div class=\"tf-tour-intro\">\r\n        <div class=\"tf-tour-grid-intro\">\r\n            <div>\r\n                <h3 class=\"tf-main-title\">Aventuras desde Guayaquil: <span>Naturaleza & Cultura<\/span><\/h3>\r\n                <p class=\"tf-tour-p\">\r\n                    Explora la megabiodiversidad de Ecuador a pocas horas de la costa. Desde manglares protegidos y haciendas cacaoteras tradicionales hasta senderos de alta monta\u00f1a.\r\n                <\/p>\r\n            <\/div>\r\n            <div class=\"tf-tour-fact-card\">\r\n                <strong>Ecuador Megadiverso<\/strong>\r\n                <p>La regi\u00f3n costera e interandina cercana a Guayaquil alberga m\u00e1s de <strong>450 especies de aves<\/strong> y ecosistemas \u00fanicos en el mundo.<\/p>\r\n            <\/div>\r\n        <\/div>\r\n\r\n        <div class=\"tf-tour-list-tags\">\r\n            <span class=\"tf-tour-tag-pill\">Manglares del Guayas<\/span>\r\n            <span class=\"tf-tour-tag-pill\">Ruta del Cacao<\/span>\r\n            <span class=\"tf-tour-tag-pill\">Andes Ecuatorianos<\/span>\r\n            <span class=\"tf-tour-tag-pill\">Ecoturismo<\/span>\r\n            <span class=\"tf-tour-tag-pill\">Birdwatching<\/span>\r\n            <span class=\"tf-tour-tag-pill\">Trekking<\/span>\r\n        <\/div>\r\n    <\/div>\r\n\r\n    <div class=\"tf-slider-tour-wrapper\">\r\n        <div class=\"tf-tour-arrow tf-tour-l\" onclick=\"moveTourSlider('prev')\">\u276e<\/div>\r\n        <div class=\"tf-tour-arrow tf-tour-r\" onclick=\"moveTourSlider('next')\">\u276f<\/div>\r\n\r\n        <div class=\"tf-slider-tour-container\" id=\"tour-slider\">\r\n            \r\n            <!-- TARJETA 1: TOUR MANGLARES CHURUTE Y CACAO (COMBO) -->\r\n            <div class=\"tf-card-tour\">\r\n                <div class=\"tf-img-top-tour\" style=\"background-image: url('https:\/\/trailforthjournal.com\/es\/wp-content\/uploads\/sites\/4\/2025\/11\/Tour-Manglares-Churute-scaled.jpeg');\">\r\n                    <div class=\"tf-tag-tour\">Full Day Combo<\/div>\r\n                <\/div>\r\n                <div class=\"tf-body-tour\">\r\n                    <span class=\"tf-cat-tour\">Naturaleza & Chocolate<\/span>\r\n                    <h3 class=\"tf-head-tour\">Tour Manglares Churute y Cacao desde Guayaquil<\/h3>\r\n                    <p class=\"tf-desc-tour\">La combinaci\u00f3n perfecta. Explora la biodiversidad del manglar por la ma\u00f1ana y descubre la tradici\u00f3n cacaotera local por la tarde.<\/p>\r\n                    <div class=\"tf-info-tags-tour\"><span>\ud83d\udc0a Manglares<\/span><span>\ud83c\udf6b Taller Cacao<\/span><span>\ud83d\ude90 Desde GYE<\/span><\/div>\r\n                    <a href=\"https:\/\/trailforthjournal.com\/es\/reservar\/manglares-churute-desde-guayaquil-cacao\/\" target=\"_blank\" class=\"tf-btn-tour\">Ver Tour Combo<\/a>\r\n                <\/div>\r\n            <\/div>\r\n\r\n            <!-- TARJETA 2: TREKKING DEL CAJAS -->\r\n            <div class=\"tf-card-tour\">\r\n                <div class=\"tf-img-top-tour\" style=\"background-image: url('https:\/\/trailforthjournal.com\/es\/wp-content\/uploads\/sites\/4\/2025\/12\/parque-nacional-cajas-viajeros-scaled.jpeg');\">\r\n                    <div class=\"tf-tag-tour\">Alta Monta\u00f1a<\/div>\r\n                <\/div>\r\n                <div class=\"tf-body-tour\">\r\n                    <span class=\"tf-cat-tour\">Trekking & Paisaje<\/span>\r\n                    <h3 class=\"tf-head-tour\">Trekking en el Parque Nacional Cajas<\/h3>\r\n                    <p class=\"tf-desc-tour\">Camina entre lagunas de origen glaciar, impresionantes bosques de Polylepis (\u00e1rbol de papel) y misteriosos paisajes de p\u00e1ramo andino.<\/p>\r\n                    <div class=\"tf-info-tags-tour\"><span>\ud83e\udd7e Trekking<\/span><span>\ud83c\udfd4\ufe0f P\u00e1ramo<\/span><span>\ud83d\udca7 Lagunas<\/span><\/div>\r\n                    <a href=\"https:\/\/trailforthjournal.com\/es\/reservar\/trekking-parque-nacional-cajas\/\" target=\"_blank\" class=\"tf-btn-tour\">Explorar Sendero<\/a>\r\n                <\/div>\r\n            <\/div>\r\n\r\n            <!-- TARJETA 3: EXPERIENCIA DEL CACAO -->\r\n            <div class=\"tf-card-tour\">\r\n                <div class=\"tf-img-top-tour\" style=\"background-image: url('https:\/\/trailforthjournal.com\/es\/wp-content\/uploads\/sites\/4\/2025\/11\/Cacao-tour-sendero-scaled.jpg');\">\r\n                    <div class=\"tf-tag-tour\">Tradici\u00f3n Viva<\/div>\r\n                <\/div>\r\n                <div class=\"tf-body-tour\">\r\n                    <span class=\"tf-cat-tour\">Gastronom\u00eda & Cultura<\/span>\r\n                    <h3 class=\"tf-head-tour\">Tour del Cacao: Experiencia en Hacienda Tradicional<\/h3>\r\n                    <p class=\"tf-desc-tour\">Descubre el origen del 'Cacao Arriba' de aroma fino. Aprende el proceso artesanal de la Costa desde la cosecha hasta la barra.<\/p>\r\n                    <div class=\"tf-info-tags-tour\"><span>\ud83c\udf6b Chocolate Fino<\/span><span>\ud83d\ude9c Hacienda<\/span><span>\ud83c\udf3e Agroturismo<\/span><\/div>\r\n                    <a href=\"https:\/\/trailforthjournal.com\/es\/reservar\/tour-cacao-guayaquil-hacienda\/\" target=\"_blank\" class=\"tf-btn-tour\">Ver Experiencia<\/a>\r\n                <\/div>\r\n            <\/div>\r\n\r\n            <!-- TARJETA 4: OBSERVACI\u00d3N DE FAUNA (MANGLARES CHURUTE) -->\r\n            <div class=\"tf-card-tour\">\r\n                <div class=\"tf-img-top-tour\" style=\"background-image: url('https:\/\/trailforthjournal.com\/es\/wp-content\/uploads\/sites\/4\/2026\/05\/dos-monos-manglares-churute.jpeg');\">\r\n                    <div class=\"tf-tag-tour\">Fauna Silvestre<\/div>\r\n                <\/div>\r\n                <div class=\"tf-body-tour\">\r\n                    <span class=\"tf-cat-tour\">Ecoturismo Especializado<\/span>\r\n                    <h3 class=\"tf-head-tour\">Observaci\u00f3n de Fauna en Manglares Churute<\/h3>\r\n                    <p class=\"tf-desc-tour\">Navega en canoa artesanal por el estuario, camina por el bosque tropical y avista monos aulladores en su h\u00e1bitat natural.<\/p>\r\n                    <div class=\"tf-info-tags-tour\"><span>\ud83d\udef6 Canoa<\/span><span>\ud83d\udc12 Monos Aulladores<\/span><span>\ud83e\udd9c +300 Aves<\/span><\/div>\r\n                    <a href=\"https:\/\/trailforthjournal.com\/es\/reservar\/observacion-fauna-reserva-ecologica-manglares-churute\/\" target=\"_blank\" class=\"tf-btn-tour\">Reservar Tour<\/a>\r\n                <\/div>\r\n            <\/div>\r\n\r\n        <\/div>\r\n\r\n        <div class=\"tf-mobile-tour-controls\">\r\n            <div class=\"tf-mobile-tour-arrow\" onclick=\"moveTourSlider('prev')\">\u276e<\/div>\r\n            <div class=\"tf-mobile-tour-arrow\" onclick=\"moveTourSlider('next')\">\u276f<\/div>\r\n        <\/div>\r\n    <\/div>\r\n<\/div>\r\n\r\n<script>\r\nfunction moveTourSlider(direction) {\r\n    const slider = document.getElementById('tour-slider');\r\n    if (!slider) return;\r\n    \r\n    \/\/ Obtiene din\u00e1micamente el ancho de la primera tarjeta + gap (25px)\r\n    const firstCard = slider.querySelector('.tf-card-tour');\r\n    const cardWidth = firstCard ? firstCard.offsetWidth + 25 : 375;\r\n    \r\n    const scrollAmount = direction === 'next' ? cardWidth : -cardWidth;\r\n    slider.scrollBy({ left: scrollAmount, behavior: 'smooth' });\r\n}\r\n<\/script>\t\t\t\t<\/div>\n\t\t\t\t<\/div>\n\t\t\t\t\t<\/div>\n\t\t<\/div>\n\t\t\t\t\t<\/div>\n\t\t<\/section>\n\t\t\t\t<section class=\"elementor-section elementor-top-section elementor-element elementor-element-51bcb4b elementor-section-boxed elementor-section-height-default elementor-section-height-default wpr-particle-no wpr-jarallax-no wpr-parallax-no wpr-sticky-section-no wpr-column-slider-no wpr-equal-height-no\" data-id=\"51bcb4b\" data-element_type=\"section\" data-e-type=\"section\">\n\t\t\t\t\t\t<div class=\"elementor-container elementor-column-gap-default\">\n\t\t\t\t\t<div class=\"elementor-column elementor-col-100 elementor-top-column elementor-element elementor-element-f0c1503\" data-id=\"f0c1503\" data-element_type=\"column\" data-e-type=\"column\">\n\t\t\t<div class=\"elementor-widget-wrap elementor-element-populated\">\n\t\t\t\t\t\t<div class=\"elementor-element elementor-element-2941d85 elementor-widget elementor-widget-spacer\" data-id=\"2941d85\" data-element_type=\"widget\" data-e-type=\"widget\" data-widget_type=\"spacer.default\">\n\t\t\t\t<div class=\"elementor-widget-container\">\n\t\t\t\t\t\t\t<div class=\"elementor-spacer\">\n\t\t\t<div class=\"elementor-spacer-inner\"><\/div>\n\t\t<\/div>\n\t\t\t\t\t\t<\/div>\n\t\t\t\t<\/div>\n\t\t\t\t\t<\/div>\n\t\t<\/div>\n\t\t\t\t\t<\/div>\n\t\t<\/section>\n\t\t\t\t<section class=\"elementor-section elementor-top-section elementor-element elementor-element-6569378 elementor-section-boxed elementor-section-height-default elementor-section-height-default wpr-particle-no wpr-jarallax-no wpr-parallax-no wpr-sticky-section-no wpr-column-slider-no wpr-equal-height-no\" data-id=\"6569378\" data-element_type=\"section\" data-e-type=\"section\">\n\t\t\t\t\t\t<div class=\"elementor-container elementor-column-gap-default\">\n\t\t\t\t\t<div class=\"elementor-column elementor-col-25 elementor-top-column elementor-element elementor-element-6d74a11\" data-id=\"6d74a11\" data-element_type=\"column\" data-e-type=\"column\">\n\t\t\t<div class=\"elementor-widget-wrap elementor-element-populated\">\n\t\t\t\t\t\t<div class=\"elementor-element elementor-element-f51497d elementor-widget elementor-widget-heading\" data-id=\"f51497d\" data-element_type=\"widget\" data-e-type=\"widget\" data-widget_type=\"heading.default\">\n\t\t\t\t<div class=\"elementor-widget-container\">\n\t\t\t\t\t<h2 class=\"elementor-heading-title elementor-size-default\">Explora Cuenca y el Parque Nacional El Cajas<\/h2>\t\t\t\t<\/div>\n\t\t\t\t<\/div>\n\t\t\t\t<div class=\"elementor-element elementor-element-b8e0456 elementor-widget-divider--view-line elementor-widget elementor-widget-divider\" data-id=\"b8e0456\" data-element_type=\"widget\" data-e-type=\"widget\" data-widget_type=\"divider.default\">\n\t\t\t\t<div class=\"elementor-widget-container\">\n\t\t\t\t\t\t\t<div class=\"elementor-divider\">\n\t\t\t<span class=\"elementor-divider-separator\">\n\t\t\t\t\t\t<\/span>\n\t\t<\/div>\n\t\t\t\t\t\t<\/div>\n\t\t\t\t<\/div>\n\t\t\t\t<div class=\"elementor-element elementor-element-aac241d elementor-widget elementor-widget-text-editor\" data-id=\"aac241d\" data-element_type=\"widget\" data-e-type=\"widget\" data-widget_type=\"text-editor.default\">\n\t\t\t\t<div class=\"elementor-widget-container\">\n\t\t\t\t\t\t\t\t\t<p>Cuenca, considerada a menudo como una de las ciudades m\u00e1s bellas de Ecuador, El <a href=\"https:\/\/trailforthjournal.com\/es\/cultura\/centro-historico-cuenca\/\"><strong>Centro Hist\u00f3rico de Cuenca<\/strong><\/a> cautiva a los visitantes, por su conservaci\u00f3n, arquitectura colonial, animadas plazas y su rico patrimonio cultural. Pasee por sus calles empedradas, admire monumentos como la Catedral Nueva y visite sus museos y mercados artesanales para descubrir por qu\u00e9 la ciudad es Patrimonio de la Humanidad de la UNESCO. Quienes est\u00e9n interesados en hacer <a href=\"https:\/\/trailforthjournal.com\/es\/tours-y-actividades\/cuenca\/\"><strong>visitas guiadas por Cuenca<\/strong><\/a> podr\u00e1n explorar con expertos locales los lugares de inter\u00e9s hist\u00f3rico de la ciudad, los monumentos culturales y los destinos cercanos. M\u00e1s all\u00e1 del paisaje urbano, el campo circundante cuenta con pueblos con encanto, talleres de artesan\u00eda tradicional y miradores panor\u00e1micos. A poca distancia en coche se encuentra el <a href=\"https:\/\/trailforthjournal.com\/es\/aventura\/parque-nacional-cajas-lagunas\/\"><strong>Parque Nacional El Cajas<\/strong><\/a>, que ofrece a los visitantes una faceta radicalmente diferente de los Andes, con lagos de gran altitud, bosques nubosos, una fauna \u00fanica y algunas de las rutas de senderismo m\u00e1s espectaculares de Ecuador.<\/p>\t\t\t\t\t\t\t\t<\/div>\n\t\t\t\t<\/div>\n\t\t\t\t\t<\/div>\n\t\t<\/div>\n\t\t\t\t<div class=\"elementor-column elementor-col-25 elementor-top-column elementor-element elementor-element-9b5a213\" data-id=\"9b5a213\" data-element_type=\"column\" data-e-type=\"column\">\n\t\t\t<div class=\"elementor-widget-wrap elementor-element-populated\">\n\t\t\t\t\t\t<div class=\"elementor-element elementor-element-e6f8c79 elementor-widget elementor-widget-spacer\" data-id=\"e6f8c79\" data-element_type=\"widget\" data-e-type=\"widget\" data-widget_type=\"spacer.default\">\n\t\t\t\t<div class=\"elementor-widget-container\">\n\t\t\t\t\t\t\t<div class=\"elementor-spacer\">\n\t\t\t<div class=\"elementor-spacer-inner\"><\/div>\n\t\t<\/div>\n\t\t\t\t\t\t<\/div>\n\t\t\t\t<\/div>\n\t\t\t\t\t<\/div>\n\t\t<\/div>\n\t\t\t\t<div class=\"elementor-column elementor-col-25 elementor-top-column elementor-element elementor-element-a6bd74c\" data-id=\"a6bd74c\" data-element_type=\"column\" data-e-type=\"column\">\n\t\t\t<div class=\"elementor-widget-wrap elementor-element-populated\">\n\t\t\t\t\t\t<div class=\"elementor-element elementor-element-11f46ed elementor-widget elementor-widget-spacer\" data-id=\"11f46ed\" data-element_type=\"widget\" data-e-type=\"widget\" data-widget_type=\"spacer.default\">\n\t\t\t\t<div class=\"elementor-widget-container\">\n\t\t\t\t\t\t\t<div class=\"elementor-spacer\">\n\t\t\t<div class=\"elementor-spacer-inner\"><\/div>\n\t\t<\/div>\n\t\t\t\t\t\t<\/div>\n\t\t\t\t<\/div>\n\t\t\t\t\t<\/div>\n\t\t<\/div>\n\t\t\t\t<div class=\"elementor-column elementor-col-25 elementor-top-column elementor-element elementor-element-d18a50a\" data-id=\"d18a50a\" data-element_type=\"column\" data-e-type=\"column\" data-settings=\"{&quot;background_background&quot;:&quot;classic&quot;}\">\n\t\t\t<div class=\"elementor-widget-wrap\">\n\t\t\t\t\t\t\t<\/div>\n\t\t<\/div>\n\t\t\t\t\t<\/div>\n\t\t<\/section>\n\t\t\t\t<section class=\"elementor-section elementor-top-section elementor-element elementor-element-60f5925 elementor-section-boxed elementor-section-height-default elementor-section-height-default wpr-particle-no wpr-jarallax-no wpr-parallax-no wpr-sticky-section-no wpr-column-slider-no wpr-equal-height-no\" data-id=\"60f5925\" data-element_type=\"section\" data-e-type=\"section\">\n\t\t\t\t\t\t<div class=\"elementor-container elementor-column-gap-default\">\n\t\t\t\t\t<div class=\"elementor-column elementor-col-100 elementor-top-column elementor-element elementor-element-b84923b\" data-id=\"b84923b\" data-element_type=\"column\" data-e-type=\"column\">\n\t\t\t<div class=\"elementor-widget-wrap elementor-element-populated\">\n\t\t\t\t\t\t<div class=\"elementor-element elementor-element-5a13fdf elementor-widget elementor-widget-spacer\" data-id=\"5a13fdf\" data-element_type=\"widget\" data-e-type=\"widget\" data-widget_type=\"spacer.default\">\n\t\t\t\t<div class=\"elementor-widget-container\">\n\t\t\t\t\t\t\t<div class=\"elementor-spacer\">\n\t\t\t<div class=\"elementor-spacer-inner\"><\/div>\n\t\t<\/div>\n\t\t\t\t\t\t<\/div>\n\t\t\t\t<\/div>\n\t\t\t\t\t<\/div>\n\t\t<\/div>\n\t\t\t\t\t<\/div>\n\t\t<\/section>\n\t\t\t\t<section class=\"elementor-section elementor-top-section elementor-element elementor-element-1983480 elementor-section-boxed elementor-section-height-default elementor-section-height-default wpr-particle-no wpr-jarallax-no wpr-parallax-no wpr-sticky-section-no wpr-column-slider-no wpr-equal-height-no\" data-id=\"1983480\" data-element_type=\"section\" data-e-type=\"section\">\n\t\t\t\t\t\t<div class=\"elementor-container elementor-column-gap-default\">\n\t\t\t\t\t<div class=\"elementor-column elementor-col-25 elementor-top-column elementor-element elementor-element-33ac291\" data-id=\"33ac291\" data-element_type=\"column\" data-e-type=\"column\" data-settings=\"{&quot;background_background&quot;:&quot;classic&quot;}\">\n\t\t\t<div class=\"elementor-widget-wrap\">\n\t\t\t\t\t\t\t<\/div>\n\t\t<\/div>\n\t\t\t\t<div class=\"elementor-column elementor-col-25 elementor-top-column elementor-element elementor-element-6b03179\" data-id=\"6b03179\" data-element_type=\"column\" data-e-type=\"column\">\n\t\t\t<div class=\"elementor-widget-wrap elementor-element-populated\">\n\t\t\t\t\t\t<div class=\"elementor-element elementor-element-1fa72dc elementor-widget elementor-widget-spacer\" data-id=\"1fa72dc\" data-element_type=\"widget\" data-e-type=\"widget\" data-widget_type=\"spacer.default\">\n\t\t\t\t<div class=\"elementor-widget-container\">\n\t\t\t\t\t\t\t<div class=\"elementor-spacer\">\n\t\t\t<div class=\"elementor-spacer-inner\"><\/div>\n\t\t<\/div>\n\t\t\t\t\t\t<\/div>\n\t\t\t\t<\/div>\n\t\t\t\t\t<\/div>\n\t\t<\/div>\n\t\t\t\t<div class=\"elementor-column elementor-col-25 elementor-top-column elementor-element elementor-element-0de1d9d\" data-id=\"0de1d9d\" data-element_type=\"column\" data-e-type=\"column\">\n\t\t\t<div class=\"elementor-widget-wrap elementor-element-populated\">\n\t\t\t\t\t\t<div class=\"elementor-element elementor-element-e1f420e elementor-widget elementor-widget-spacer\" data-id=\"e1f420e\" data-element_type=\"widget\" data-e-type=\"widget\" data-widget_type=\"spacer.default\">\n\t\t\t\t<div class=\"elementor-widget-container\">\n\t\t\t\t\t\t\t<div class=\"elementor-spacer\">\n\t\t\t<div class=\"elementor-spacer-inner\"><\/div>\n\t\t<\/div>\n\t\t\t\t\t\t<\/div>\n\t\t\t\t<\/div>\n\t\t\t\t\t<\/div>\n\t\t<\/div>\n\t\t\t\t<div class=\"elementor-column elementor-col-25 elementor-top-column elementor-element elementor-element-7c6b352\" data-id=\"7c6b352\" data-element_type=\"column\" data-e-type=\"column\">\n\t\t\t<div class=\"elementor-widget-wrap elementor-element-populated\">\n\t\t\t\t\t\t<div class=\"elementor-element elementor-element-532fe76 elementor-widget elementor-widget-heading\" data-id=\"532fe76\" data-element_type=\"widget\" data-e-type=\"widget\" data-widget_type=\"heading.default\">\n\t\t\t\t<div class=\"elementor-widget-container\">\n\t\t\t\t\t<h2 class=\"elementor-heading-title elementor-size-default\">Visita las Islas Gal\u00e1pagos desde Guayaquil<\/h2>\t\t\t\t<\/div>\n\t\t\t\t<\/div>\n\t\t\t\t<div class=\"elementor-element elementor-element-d015db5 elementor-widget-divider--view-line elementor-widget elementor-widget-divider\" data-id=\"d015db5\" data-element_type=\"widget\" data-e-type=\"widget\" data-widget_type=\"divider.default\">\n\t\t\t\t<div class=\"elementor-widget-container\">\n\t\t\t\t\t\t\t<div class=\"elementor-divider\">\n\t\t\t<span class=\"elementor-divider-separator\">\n\t\t\t\t\t\t<\/span>\n\t\t<\/div>\n\t\t\t\t\t\t<\/div>\n\t\t\t\t<\/div>\n\t\t\t\t<div class=\"elementor-element elementor-element-935ee41 elementor-widget__width-initial elementor-widget elementor-widget-text-editor\" data-id=\"935ee41\" data-element_type=\"widget\" data-e-type=\"widget\" data-widget_type=\"text-editor.default\">\n\t\t\t\t<div class=\"elementor-widget-container\">\n\t\t\t\t\t\t\t\t\t<p>Las islas Gal\u00e1pagos, uno de los destinos de vida silvestre m\u00e1s extraordinarios del mundo, se encuentran f\u00e1cilmente accesibles desde Guayaquil, la ciudad m\u00e1s grande de Ecuador y la principal puerta de entrada al archipi\u00e9lago. Hay vuelos diarios que conectan Guayaquil con las islas, por lo que es f\u00e1cil combinar una visita al Ecuador continental con una aventura en las Gal\u00e1pagos. Tanto si le interesan los encuentros con la fauna, las experiencias de isla en isla, el snorkel, las caminatas por paisajes volc\u00e1nicos o las visitas guiadas por la naturaleza, en las Gal\u00e1pagos podr\u00e1 observar tortugas gigantes, iguanas marinas, piqueros de patas azules, leones marinos y muchas otras especies end\u00e9micas en su h\u00e1bitat natural. Los visitantes pueden elegir entre una gran variedad de <a href=\"https:\/\/trailforthjournal.com\/es\/tours-y-actividades\/galapagos\/\"><strong>tours, excursiones y actividades en Gal\u00e1pagos<\/strong><\/a> que muestran los ecosistemas \u00fanicos, los impresionantes paisajes y la extraordinaria biodiversidad que inspiraron la teor\u00eda de la evoluci\u00f3n de Charles Darwin.<\/p>\t\t\t\t\t\t\t\t<\/div>\n\t\t\t\t<\/div>\n\t\t\t\t\t<\/div>\n\t\t<\/div>\n\t\t\t\t\t<\/div>\n\t\t<\/section>\n\t\t\t\t<section class=\"elementor-section elementor-top-section elementor-element elementor-element-ae6c0a6 elementor-section-boxed elementor-section-height-default elementor-section-height-default wpr-particle-no wpr-jarallax-no wpr-parallax-no wpr-sticky-section-no wpr-column-slider-no wpr-equal-height-no\" data-id=\"ae6c0a6\" data-element_type=\"section\" data-e-type=\"section\">\n\t\t\t\t\t\t<div class=\"elementor-container elementor-column-gap-default\">\n\t\t\t\t\t<div class=\"elementor-column elementor-col-100 elementor-top-column elementor-element elementor-element-23149fb\" data-id=\"23149fb\" data-element_type=\"column\" data-e-type=\"column\">\n\t\t\t<div class=\"elementor-widget-wrap elementor-element-populated\">\n\t\t\t\t\t\t<div class=\"elementor-element elementor-element-de48efb elementor-widget elementor-widget-spacer\" data-id=\"de48efb\" data-element_type=\"widget\" data-e-type=\"widget\" data-widget_type=\"spacer.default\">\n\t\t\t\t<div class=\"elementor-widget-container\">\n\t\t\t\t\t\t\t<div class=\"elementor-spacer\">\n\t\t\t<div class=\"elementor-spacer-inner\"><\/div>\n\t\t<\/div>\n\t\t\t\t\t\t<\/div>\n\t\t\t\t<\/div>\n\t\t\t\t\t<\/div>\n\t\t<\/div>\n\t\t\t\t\t<\/div>\n\t\t<\/section>\n\t\t\t\t<section class=\"elementor-section elementor-top-section elementor-element elementor-element-0e6060f elementor-section-boxed elementor-section-height-default elementor-section-height-default wpr-particle-no wpr-jarallax-no wpr-parallax-no wpr-sticky-section-no wpr-column-slider-no wpr-equal-height-no\" data-id=\"0e6060f\" data-element_type=\"section\" data-e-type=\"section\" id=\"agenda-eventos-gye\">\n\t\t\t\t\t\t<div class=\"elementor-container elementor-column-gap-default\">\n\t\t\t\t\t<div class=\"elementor-column elementor-col-100 elementor-top-column elementor-element elementor-element-e2f2ec6\" data-id=\"e2f2ec6\" data-element_type=\"column\" data-e-type=\"column\">\n\t\t\t<div class=\"elementor-widget-wrap elementor-element-populated\">\n\t\t\t\t\t\t<div class=\"elementor-element elementor-element-0a3e6b6 elementor-widget elementor-widget-heading\" data-id=\"0a3e6b6\" data-element_type=\"widget\" data-e-type=\"widget\" data-widget_type=\"heading.default\">\n\t\t\t\t<div class=\"elementor-widget-container\">\n\t\t\t\t\t<h2 class=\"elementor-heading-title elementor-size-default\">Agenda de Eventos 2026: Qu\u00e9 hacer en Guayaquil hoy<\/h2>\t\t\t\t<\/div>\n\t\t\t\t<\/div>\n\t\t\t\t<div class=\"elementor-element elementor-element-177213e elementor-widget-divider--view-line elementor-widget elementor-widget-divider\" data-id=\"177213e\" data-element_type=\"widget\" data-e-type=\"widget\" data-widget_type=\"divider.default\">\n\t\t\t\t<div class=\"elementor-widget-container\">\n\t\t\t\t\t\t\t<div class=\"elementor-divider\">\n\t\t\t<span class=\"elementor-divider-separator\">\n\t\t\t\t\t\t<\/span>\n\t\t<\/div>\n\t\t\t\t\t\t<\/div>\n\t\t\t\t<\/div>\n\t\t\t\t\t<\/div>\n\t\t<\/div>\n\t\t\t\t\t<\/div>\n\t\t<\/section>\n\t\t\t\t<section class=\"elementor-section elementor-top-section elementor-element elementor-element-fa2a856 elementor-section-boxed elementor-section-height-default elementor-section-height-default wpr-particle-no wpr-jarallax-no wpr-parallax-no wpr-sticky-section-no wpr-column-slider-no wpr-equal-height-no\" data-id=\"fa2a856\" data-element_type=\"section\" data-e-type=\"section\">\n\t\t\t\t\t\t<div class=\"elementor-container elementor-column-gap-default\">\n\t\t\t\t\t<div class=\"elementor-column elementor-col-100 elementor-top-column elementor-element elementor-element-fdbe49b\" data-id=\"fdbe49b\" data-element_type=\"column\" data-e-type=\"column\">\n\t\t\t<div class=\"elementor-widget-wrap elementor-element-populated\">\n\t\t\t\t\t\t<div class=\"elementor-element elementor-element-d4b7705 elementor-widget elementor-widget-text-editor\" data-id=\"d4b7705\" data-element_type=\"widget\" data-e-type=\"widget\" data-widget_type=\"text-editor.default\">\n\t\t\t\t<div class=\"elementor-widget-container\">\n\t\t\t\t\t\t\t\t\t<p>Guayaquil se consolida como el epicentro de los eventos y la productividad en <b data-path-to-node=\"4\" data-index-in-node=\"79\">Ecuador<\/b> para este 2026, ofreciendo una cartelera inigualable que combina entretenimiento masivo con oportunidades de networking. Si buscas <b data-path-to-node=\"4\" data-index-in-node=\"218\">qu\u00e9 hacer en Guayaquil hoy<\/b>, nuestra agenda actualizada te sumerge en una mezcla vibrante: desde <b data-path-to-node=\"4\" data-index-in-node=\"314\">conciertos internacionales<\/b> en el Arena Park y el Estadio Modelo con artistas como Alejandro Sanz y Carlos Vives, hasta congresos y <b data-path-to-node=\"4\" data-index-in-node=\"445\">ferias en Expoplaza<\/b> que lideran la regi\u00f3n, como <b data-path-to-node=\"4\" data-index-in-node=\"493\">Ra\u00edces<\/b> y la <strong>Cumbre Mundial del Banano.<\/strong> Desde grandes noches de gala hasta eventos corporativos especializados, la ciudad garantiza una oferta cultural y de negocios en los recintos m\u00e1s ic\u00f3nicos del Puerto Principal.<\/p>\t\t\t\t\t\t\t\t<\/div>\n\t\t\t\t<\/div>\n\t\t\t\t\t<\/div>\n\t\t<\/div>\n\t\t\t\t\t<\/div>\n\t\t<\/section>\n\t\t\t\t<section class=\"elementor-section elementor-top-section elementor-element elementor-element-d56acd0 elementor-section-boxed elementor-section-height-default elementor-section-height-default wpr-particle-no wpr-jarallax-no wpr-parallax-no wpr-sticky-section-no wpr-column-slider-no wpr-equal-height-no\" data-id=\"d56acd0\" data-element_type=\"section\" data-e-type=\"section\">\n\t\t\t\t\t\t<div class=\"elementor-container elementor-column-gap-default\">\n\t\t\t\t\t<div class=\"elementor-column elementor-col-100 elementor-top-column elementor-element elementor-element-20ce054\" data-id=\"20ce054\" data-element_type=\"column\" data-e-type=\"column\">\n\t\t\t<div class=\"elementor-widget-wrap elementor-element-populated\">\n\t\t\t\t\t\t<div class=\"elementor-element elementor-element-c8fbc31 elementor-widget elementor-widget-spacer\" data-id=\"c8fbc31\" data-element_type=\"widget\" data-e-type=\"widget\" data-widget_type=\"spacer.default\">\n\t\t\t\t<div class=\"elementor-widget-container\">\n\t\t\t\t\t\t\t<div class=\"elementor-spacer\">\n\t\t\t<div class=\"elementor-spacer-inner\"><\/div>\n\t\t<\/div>\n\t\t\t\t\t\t<\/div>\n\t\t\t\t<\/div>\n\t\t\t\t\t<\/div>\n\t\t<\/div>\n\t\t\t\t\t<\/div>\n\t\t<\/section>\n\t\t\t\t<section class=\"elementor-section elementor-top-section elementor-element elementor-element-5282ae4 elementor-section-boxed elementor-section-height-default elementor-section-height-default wpr-particle-no wpr-jarallax-no wpr-parallax-no wpr-sticky-section-no wpr-column-slider-no wpr-equal-height-no\" data-id=\"5282ae4\" data-element_type=\"section\" data-e-type=\"section\">\n\t\t\t\t\t\t<div class=\"elementor-container elementor-column-gap-default\">\n\t\t\t\t\t<div class=\"elementor-column elementor-col-100 elementor-top-column elementor-element elementor-element-07ce7eb\" data-id=\"07ce7eb\" data-element_type=\"column\" data-e-type=\"column\">\n\t\t\t<div class=\"elementor-widget-wrap elementor-element-populated\">\n\t\t\t\t\t\t<div class=\"elementor-element elementor-element-1ba8a3c elementor-widget elementor-widget-html\" data-id=\"1ba8a3c\" data-element_type=\"widget\" data-e-type=\"widget\" data-widget_type=\"html.default\">\n\t\t\t\t<div class=\"elementor-widget-container\">\n\t\t\t\t\t<link href=\"https:\/\/fonts.googleapis.com\/css2?family=Fraunces:ital,opsz,wght@0,9..144,400;0,9..144,600;0,9..144,700;1,9..144,500&family=Poppins:wght@400;500;600;700;800&display=swap\" rel=\"stylesheet\">\r\n\r\n<div class=\"agn-root\">\r\n\r\n    <!-- ============ MASTHEAD (contenido est\u00e1tico, SEO) ============ -->\r\n    <header class=\"agn-masthead\">\r\n        <span class=\"agn-eyebrow\">Trail Forth Journal \u00b7 Guayaquil<\/span>\r\n        <h1 class=\"agn-title\">Qu\u00e9 hacer en<br><em>Guayaquil<\/em><\/h1>\r\n        <p class=\"agn-subhead\">Agenda de eventos y actividades 2026<\/p>\r\n        <p class=\"agn-intro\">Descubre qu\u00e9 hacer en Guayaquil esta semana y en los pr\u00f3ximos meses: conciertos, eventos culturales, exposiciones de museos, teatro, ferias, congresos y actividades familiares. Esta es la agenda de eventos en Guayaquil de Trail Forth Journal, actualizada con la programaci\u00f3n de espacios como el Museo Nacional del Cacao, el MAAC, el Museo Municipal, el Teatro S\u00e1nchez Aguilar y Expoplaza.<\/p>\r\n    <\/header>\r\n\r\n    <!-- ============ CONTROLS: periodo + categor\u00edas ============ -->\r\n    <nav class=\"agn-controls\">\r\n        <div class=\"agn-periods\" role=\"tablist\" aria-label=\"Periodo\">\r\n            <button class=\"agn-period-btn is-active\" data-period=\"all\">Todo<\/button>\r\n            <button class=\"agn-period-btn\" data-period=\"week\">Esta semana<\/button>\r\n            <button class=\"agn-period-btn\" data-period=\"month\">Este mes<\/button>\r\n            <button class=\"agn-period-btn\" data-period=\"later\">Pr\u00f3ximamente<\/button>\r\n        <\/div>\r\n        <div class=\"agn-cats\" id=\"agnCats\">\r\n            <button class=\"agn-cat-chip is-active\" data-cat=\"all\">Todas<\/button>\r\n            <button class=\"agn-cat-chip\" data-cat=\"musica\">\ud83c\udfb5 M\u00fasica<\/button>\r\n            <button class=\"agn-cat-chip\" data-cat=\"teatro\">\ud83c\udfad Teatro<\/button>\r\n            <button class=\"agn-cat-chip\" data-cat=\"arte\">\ud83c\udfa8 Arte &amp; cultura<\/button>\r\n            <button class=\"agn-cat-chip\" data-cat=\"gastronomia\">\ud83c\udf74 Gastronom\u00eda<\/button>\r\n            <button class=\"agn-cat-chip\" data-cat=\"familia\">\ud83d\udc68\u200d\ud83d\udc69\u200d\ud83d\udc67 Familia<\/button>\r\n            <button class=\"agn-cat-chip\" data-cat=\"deportes\">\ud83c\udfc3 Deportes<\/button>\r\n            <button class=\"agn-cat-chip\" data-cat=\"ferias\">\ud83c\udfaa Ferias &amp; festivales<\/button>\r\n            <button class=\"agn-cat-chip\" data-cat=\"negocios\">\ud83d\udcbc Congresos &amp; negocios<\/button>\r\n            <button class=\"agn-cat-chip\" data-cat=\"auto\">\ud83d\ude98 Automotriz<\/button>\r\n        <\/div>\r\n    <\/nav>\r\n\r\n    <!-- ============ AGENDA: eventos como HTML real, no generado por JS ============ -->\r\n    <section class=\"agn-section\">\r\n        <div class=\"agn-section-head\">\r\n            <h2>Agenda de eventos en Guayaquil<\/h2>\r\n            <p>Ordenados por fecha. Filtra por periodo o categor\u00eda para encontrar tu pr\u00f3ximo plan.<\/p>\r\n        <\/div>\r\n\r\n        <div class=\"agn-grid\" id=\"agnGrid\">\r\n\r\n            <!-- 15 AGO \u2014 UARTES en Vivo -->\r\n            <article class=\"agn-card\" data-date=\"2026-08-13\" data-cat=\"musica\">\r\n                <div class=\"agn-card-media\">\r\n                    <div class=\"agn-date-badge\"><span class=\"d\">13<\/span><span class=\"m\">ago<\/span><\/div>\r\n                    <span class=\"agn-cat-badge\">\ud83c\udfb5<\/span>\r\n                    <img decoding=\"async\" src=\"https:\/\/images.unsplash.com\/photo-1493225457124-a3eb161ffa5f?auto=format&fit=crop&w=700&q=80\" alt=\"UARTES en Vivo: Nuevas Voces de la Vanguardia Sonora en Museo de la M\u00fasica Popular Julio Jaramillo, Guayaquil\" loading=\"lazy\">\r\n                <\/div>\r\n                <div class=\"agn-card-body\">\r\n                    <h3 class=\"agn-card-title\">UARTES en Vivo: Nuevas Voces de la Vanguardia Sonora<\/h3>\r\n                    <p class=\"agn-card-loc\">\ud83d\udccd Museo de la M\u00fasica Popular Julio Jaramillo<\/p>\r\n                    <button class=\"agn-toggle\" type=\"button\" aria-expanded=\"false\"><span>Ver ficha<\/span><span class=\"agn-plus\">+<\/span><\/button>\r\n                    <div class=\"agn-detail\">\r\n                        <div class=\"agn-detail-inner\">\r\n                            <div class=\"agn-meta-row\">\ud83d\udcc5 13 de agosto de 2026<\/div>\r\n                            <div class=\"agn-meta-row\">\ud83d\udd50 16h00<\/div>\r\n                            <div class=\"agn-meta-row\">\ud83d\udccd Museo de la M\u00fasica Popular Julio Jaramillo, Guayaquil<\/div>\r\n                            <p class=\"agn-desc\">UARTES en Vivo es el espacio donde estudiantes de m\u00fasica de la Universidad de las Artes del Ecuador presentan sus proyectos sonoros m\u00e1s recientes. Esta edici\u00f3n, titulada Nuevas Voces de la Vanguardia Sonora, re\u00fane propuestas experimentales de la nueva generaci\u00f3n de m\u00fasicos guayaquile\u00f1os. El concierto se realiza en el Museo de la M\u00fasica Popular Julio Jaramillo, el espacio que la ciudad dedica a la memoria del pasillo ecuatoriano. Es una cita ideal para quienes siguen la escena musical emergente de Guayaquil y quieren descubrir talento nuevo antes que nadie, con entrada libre y un formato \u00edntimo.<\/p>\r\n                            <div class=\"agn-goodfor\"><span>M\u00fasica experimental<\/span><span>P\u00fablico joven<\/span><span>Entrada libre<\/span><\/div>\r\n                            <div class=\"agn-cta-row\">\r\n                                <a class=\"agn-btn agn-btn--solid\" href=\"https:\/\/www.instagram.com\/uartesec\/\" target=\"_blank\" rel=\"noopener\">\ud83c\udf9f\ufe0f M\u00e1s informaci\u00f3n<\/a>\r\n                                <a class=\"agn-btn agn-btn--ghost\" href=\"https:\/\/uartes.edu.ec\" target=\"_blank\" rel=\"noopener\">\ud83c\udf10 Sitio oficial<\/a>\r\n                            <\/div>\r\n                        <\/div>\r\n                    <\/div>\r\n                <\/div>\r\n            <\/article>\r\n\r\n            <!-- 13 AGO \u2014 Concierto Orquesta Sinf\u00f3nica Juvenil -->\r\n            <article class=\"agn-card\" data-date=\"2026-08-13\" data-cat=\"musica\">\r\n                <div class=\"agn-card-media\">\r\n                    <div class=\"agn-date-badge\"><span class=\"d\">13<\/span><span class=\"m\">ago<\/span><\/div>\r\n                    <span class=\"agn-cat-badge\">\ud83c\udfb5<\/span>\r\n                    <img decoding=\"async\" src=\"https:\/\/images.unsplash.com\/photo-1465847899084-d164df4dedc6?auto=format&fit=crop&w=700&q=80\" alt=\"Concierto El arte que nos une con la Orquesta Sinf\u00f3nica Juvenil en Museo Municipal de Guayaquil\" loading=\"lazy\">\r\n                <\/div>\r\n                <div class=\"agn-card-body\">\r\n                    <h3 class=\"agn-card-title\">Concierto \"El arte que nos une\": Orquesta Sinf\u00f3nica Juvenil<\/h3>\r\n                    <p class=\"agn-card-loc\">\ud83d\udccd Museo Municipal de Guayaquil<\/p>\r\n                    <button class=\"agn-toggle\" type=\"button\" aria-expanded=\"false\"><span>Ver ficha<\/span><span class=\"agn-plus\">+<\/span><\/button>\r\n                    <div class=\"agn-detail\">\r\n                        <div class=\"agn-detail-inner\">\r\n                            <div class=\"agn-meta-row\">\ud83d\udcc5 13 de agosto de 2026<\/div>\r\n                            <div class=\"agn-meta-row\">\ud83d\udd50 17h00<\/div>\r\n                            <div class=\"agn-meta-row\">\ud83d\udccd Museo Municipal de Guayaquil, calle Sucre entre Chile y Pedro Carbo<\/div>\r\n                            <p class=\"agn-desc\">El arte que nos une es el ciclo de conciertos gratuitos con el que el Museo Municipal acerca la m\u00fasica sinf\u00f3nica a p\u00fablicos de todas las edades. En esta fecha se presenta la Orquesta Sinf\u00f3nica Juvenil de Guayaquil, integrada por j\u00f3venes m\u00fasicos en formaci\u00f3n, con un repertorio pensado para un p\u00fablico que se acerca por primera vez a este tipo de m\u00fasica. Es un plan ideal para pasar una tarde de jueves distinta en pleno centro hist\u00f3rico, sin costo de entrada y en un recinto patrimonial de la ciudad.<\/p>\r\n                            <div class=\"agn-goodfor\"><span>Familias<\/span><span>M\u00fasica cl\u00e1sica<\/span><span>Entrada libre<\/span><\/div>\r\n                            <div class=\"agn-cta-row\">\r\n                                <a class=\"agn-btn agn-btn--solid\" href=\"https:\/\/guayaquil.gob.ec\" target=\"_blank\" rel=\"noopener\">\ud83c\udf9f\ufe0f M\u00e1s informaci\u00f3n<\/a>\r\n                                <a class=\"agn-btn agn-btn--ghost\" href=\"https:\/\/guayaquil.gob.ec\" target=\"_blank\" rel=\"noopener\">\ud83c\udf10 Sitio oficial<\/a>\r\n                            <\/div>\r\n                        <\/div>\r\n                    <\/div>\r\n                <\/div>\r\n            <\/article>\r\n\r\n            <!-- 14 AGO \u2014 El tigre -->\r\n            <article class=\"agn-card\" data-date=\"2026-08-14\" data-cat=\"teatro\">\r\n                <div class=\"agn-card-media\">\r\n                    <div class=\"agn-date-badge\"><span class=\"d\">14<\/span><span class=\"m\">ago<\/span><\/div>\r\n                    <span class=\"agn-cat-badge\">\ud83c\udfad<\/span>\r\n                    <img decoding=\"async\" src=\"https:\/\/images.unsplash.com\/photo-1503095396549-807759245b35?auto=format&fit=crop&w=700&q=80\" alt=\"Obra teatral El tigre en Museo Municipal de Guayaquil, teatro infantil\" loading=\"lazy\">\r\n                <\/div>\r\n                <div class=\"agn-card-body\">\r\n                    <h3 class=\"agn-card-title\">Obra teatral \"El tigre\"<\/h3>\r\n                    <p class=\"agn-card-loc\">\ud83d\udccd Museo Municipal de Guayaquil<\/p>\r\n                    <button class=\"agn-toggle\" type=\"button\" aria-expanded=\"false\"><span>Ver ficha<\/span><span class=\"agn-plus\">+<\/span><\/button>\r\n                    <div class=\"agn-detail\">\r\n                        <div class=\"agn-detail-inner\">\r\n                            <div class=\"agn-meta-row\">\ud83d\udcc5 14 de agosto de 2026<\/div>\r\n                            <div class=\"agn-meta-row\">\ud83d\udd50 10h00 y 11h00 (dos funciones)<\/div>\r\n                            <div class=\"agn-meta-row\">\ud83d\udccd Museo Municipal de Guayaquil<\/div>\r\n                            <p class=\"agn-desc\">\"El tigre\" es una puesta en escena pensada para las infancias, con dos funciones matutinas en la sala de artes esc\u00e9nicas del Museo Municipal. Forma parte de la programaci\u00f3n cultural gratuita que el museo ofrece durante agosto, orientada a escuelas, familias y grupos de ni\u00f1os. Es una buena opci\u00f3n para una salida corta entre semana, con una duraci\u00f3n adecuada para p\u00fablico infantil y un horario compatible con actividades escolares o vacacionales.<\/p>\r\n                            <div class=\"agn-goodfor\"><span>Ni\u00f1os<\/span><span>Escuelas<\/span><span>Entrada libre<\/span><\/div>\r\n                            <div class=\"agn-cta-row\">\r\n                                <a class=\"agn-btn agn-btn--solid\" href=\"https:\/\/guayaquil.gob.ec\" target=\"_blank\" rel=\"noopener\">\ud83c\udf9f\ufe0f M\u00e1s informaci\u00f3n<\/a>\r\n                                <a class=\"agn-btn agn-btn--ghost\" href=\"https:\/\/guayaquil.gob.ec\" target=\"_blank\" rel=\"noopener\">\ud83c\udf10 Sitio oficial<\/a>\r\n                            <\/div>\r\n                        <\/div>\r\n                    <\/div>\r\n                <\/div>\r\n            <\/article>\r\n\r\n            <!-- 15 AGO \u2014 Sebasti\u00e1n Yatra -->\r\n            <article class=\"agn-card\" data-date=\"2026-08-15\" data-cat=\"musica\">\r\n                <div class=\"agn-card-media\">\r\n                    <div class=\"agn-date-badge\"><span class=\"d\">15<\/span><span class=\"m\">ago<\/span><\/div>\r\n                    <span class=\"agn-cat-badge\">\ud83c\udfb5<\/span>\r\n                    <span class=\"agn-soon-badge\">Destacado<\/span>\r\n                    <img decoding=\"async\" src=\"https:\/\/images.unsplash.com\/photo-1506157786151-b8491531f063?auto=format&fit=crop&w=700&q=80\" alt=\"Concierto de Sebasti\u00e1n Yatra en Estadio Alberto Spencer, Guayaquil\" loading=\"lazy\">\r\n                <\/div>\r\n                <div class=\"agn-card-body\">\r\n                    <h3 class=\"agn-card-title\">Sebasti\u00e1n Yatra en Guayaquil<\/h3>\r\n                    <p class=\"agn-card-loc\">\ud83d\udccd Estadio Alberto Spencer<\/p>\r\n                    <button class=\"agn-toggle\" type=\"button\" aria-expanded=\"false\"><span>Ver ficha<\/span><span class=\"agn-plus\">+<\/span><\/button>\r\n                    <div class=\"agn-detail\">\r\n                        <div class=\"agn-detail-inner\">\r\n                            <div class=\"agn-meta-row\">\ud83d\udcc5 15 de agosto de 2026<\/div>\r\n                            <div class=\"agn-meta-row\">\ud83d\udd50 21h00<\/div>\r\n                            <div class=\"agn-meta-row\">\ud83d\udccd Estadio Alberto Spencer, Guayaquil<\/div>\r\n                            <p class=\"agn-desc\">El colombiano Sebasti\u00e1n Yatra llega al Estadio Alberto Spencer con un show de pop latino a gran escala, dentro de la agenda de conciertos internacionales que ha convertido a Guayaquil en un destino recurrente para giras masivas. El repertorio combina sus mayores \u00e9xitos con la producci\u00f3n de estadio que caracteriza sus presentaciones m\u00e1s recientes. Es uno de los conciertos m\u00e1s esperados de agosto en la ciudad, con entradas por zonas numeradas y generales a la venta en Ticketshow.<\/p>\r\n                            <div class=\"agn-goodfor\"><span>Pop latino<\/span><span>Fans j\u00f3venes<\/span><\/div>\r\n                            <div class=\"agn-cta-row\">\r\n                                <a class=\"agn-btn agn-btn--solid\" href=\"https:\/\/www.ticketshow.com.ec\/evento\/Sebastian-Yatra-Guayaquil-2026\" target=\"_blank\" rel=\"noopener\">\ud83c\udf9f\ufe0f Entradas<\/a>\r\n                                <a class=\"agn-btn agn-btn--ghost\" href=\"https:\/\/www.ticketshow.com.ec\" target=\"_blank\" rel=\"noopener\">\ud83c\udf10 Sitio oficial<\/a>\r\n                            <\/div>\r\n                        <\/div>\r\n                    <\/div>\r\n                <\/div>\r\n            <\/article>\r\n\r\n            <!-- 15 AGO \u2014 Taller antifaces -->\r\n            <article class=\"agn-card\" data-date=\"2026-08-15\" data-cat=\"familia\">\r\n                <div class=\"agn-card-media\">\r\n                    <div class=\"agn-date-badge\"><span class=\"d\">15<\/span><span class=\"m\">ago<\/span><\/div>\r\n                    <span class=\"agn-cat-badge\">\ud83d\udc68\u200d\ud83d\udc69\u200d\ud83d\udc67<\/span>\r\n                    <img decoding=\"async\" src=\"https:\/\/images.unsplash.com\/photo-1460661419201-fd4cecdf8a8b?auto=format&fit=crop&w=700&q=80\" alt=\"Taller de creaci\u00f3n de antifaces Seres del Tr\u00f3pico en Museo Nacional del Cacao, Guayaquil\" loading=\"lazy\">\r\n                <\/div>\r\n                <div class=\"agn-card-body\">\r\n                    <h3 class=\"agn-card-title\">Taller \"Seres del Tr\u00f3pico\": creaci\u00f3n de antifaces (Parte 2)<\/h3>\r\n                    <p class=\"agn-card-loc\">\ud83d\udccd Museo Nacional del Cacao<\/p>\r\n                    <button class=\"agn-toggle\" type=\"button\" aria-expanded=\"false\"><span>Ver ficha<\/span><span class=\"agn-plus\">+<\/span><\/button>\r\n                    <div class=\"agn-detail\">\r\n                        <div class=\"agn-detail-inner\">\r\n                            <div class=\"agn-meta-row\">\ud83d\udcc5 15 de agosto de 2026<\/div>\r\n                            <div class=\"agn-meta-row\">\ud83d\udd50 11h00<\/div>\r\n                            <div class=\"agn-meta-row\">\ud83d\udccd Museo Nacional del Cacao, Malec\u00f3n Sim\u00f3n Bol\u00edvar<\/div>\r\n                            <p class=\"agn-desc\">Segunda parte del taller familiar \"Seres del Tr\u00f3pico\", en el que ni\u00f1os y adultos crean antifaces inspirados en la fauna del litoral ecuatoriano, guiados por el equipo educativo del Museo Nacional del Cacao. La actividad forma parte de la l\u00ednea de talleres que el museo dedica a la naturaleza y la identidad local, en un espacio que combina la historia del cacao con propuestas de creaci\u00f3n art\u00edstica para toda la familia. No es necesario haber asistido a la primera parte para participar.<\/p>\r\n                            <div class=\"agn-goodfor\"><span>Familias<\/span><span>Ni\u00f1os<\/span><span>Entrada libre<\/span><\/div>\r\n                            <div class=\"agn-cta-row\">\r\n                                <a class=\"agn-btn agn-btn--solid\" href=\"https:\/\/www.instagram.com\/museodelcacao.gye\/\" target=\"_blank\" rel=\"noopener\">\ud83c\udf9f\ufe0f M\u00e1s informaci\u00f3n<\/a>\r\n                                <a class=\"agn-btn agn-btn--ghost\" href=\"https:\/\/guayaquil.gob.ec\" target=\"_blank\" rel=\"noopener\">\ud83c\udf10 Sitio oficial<\/a>\r\n                            <\/div>\r\n                        <\/div>\r\n                    <\/div>\r\n                <\/div>\r\n            <\/article>\r\n\r\n            <!-- 15 AGO \u2014 Taller fotograf\u00eda -->\r\n            <article class=\"agn-card\" data-date=\"2026-08-15\" data-cat=\"arte\">\r\n                <div class=\"agn-card-media\">\r\n                    <div class=\"agn-date-badge\"><span class=\"d\">15<\/span><span class=\"m\">ago<\/span><\/div>\r\n                    <span class=\"agn-cat-badge\">\ud83c\udfa8<\/span>\r\n                    <img decoding=\"async\" src=\"https:\/\/images.unsplash.com\/photo-1554080353-a576cf803bda?auto=format&fit=crop&w=700&q=80\" alt=\"Taller de fotograf\u00eda Instante Urbano en Museo Nacional del Cacao, calle Panam\u00e1, Guayaquil\" loading=\"lazy\">\r\n                <\/div>\r\n                <div class=\"agn-card-body\">\r\n                    <h3 class=\"agn-card-title\">Taller de fotograf\u00eda: \"Instante Urbano\"<\/h3>\r\n                    <p class=\"agn-card-loc\">\ud83d\udccd Museo Nacional del Cacao<\/p>\r\n                    <button class=\"agn-toggle\" type=\"button\" aria-expanded=\"false\"><span>Ver ficha<\/span><span class=\"agn-plus\">+<\/span><\/button>\r\n                    <div class=\"agn-detail\">\r\n                        <div class=\"agn-detail-inner\">\r\n                            <div class=\"agn-meta-row\">\ud83d\udcc5 15 de agosto de 2026<\/div>\r\n                            <div class=\"agn-meta-row\">\ud83d\udd50 15h00<\/div>\r\n                            <div class=\"agn-meta-row\">\ud83d\udccd Museo Nacional del Cacao, calle Panam\u00e1<\/div>\r\n                            <p class=\"agn-desc\">\"Instante Urbano: Geometr\u00eda, luz y memoria en la calle Panam\u00e1\" es un taller de fotograf\u00eda callejera guiado por el Museo Nacional del Cacao, en uno de los tramos m\u00e1s fotog\u00e9nicos del centro hist\u00f3rico de Guayaquil. Los participantes recorren la calle Panam\u00e1 aprendiendo a leer su arquitectura, su luz y su gente a trav\u00e9s del lente. Pensado tanto para aficionados con c\u00e1mara r\u00e9flex como para quienes solo tienen su celular, es una manera distinta de conocer el patrimonio arquitect\u00f3nico de la ciudad.<\/p>\r\n                            <div class=\"agn-goodfor\"><span>Fot\u00f3grafos<\/span><span>Centro hist\u00f3rico<\/span><span>Entrada libre<\/span><\/div>\r\n                            <div class=\"agn-cta-row\">\r\n                                <a class=\"agn-btn agn-btn--solid\" href=\"https:\/\/www.instagram.com\/museodelcacao.gye\/\" target=\"_blank\" rel=\"noopener\">\ud83c\udf9f\ufe0f M\u00e1s informaci\u00f3n<\/a>\r\n                                <a class=\"agn-btn agn-btn--ghost\" href=\"https:\/\/guayaquil.gob.ec\" target=\"_blank\" rel=\"noopener\">\ud83c\udf10 Sitio oficial<\/a>\r\n                            <\/div>\r\n                        <\/div>\r\n                    <\/div>\r\n                <\/div>\r\n            <\/article>\r\n\r\n            <!-- 15 AGO \u2014 Cortos Festival de Cine -->\r\n            <article class=\"agn-card\" data-date=\"2026-08-15\" data-cat=\"arte\">\r\n                <div class=\"agn-card-media\">\r\n                    <div class=\"agn-date-badge\"><span class=\"d\">15<\/span><span class=\"m\">ago<\/span><\/div>\r\n                    <span class=\"agn-cat-badge\">\ud83c\udfa8<\/span>\r\n                    <img decoding=\"async\" src=\"https:\/\/images.unsplash.com\/photo-1489599849927-2ee91cede3ba?auto=format&fit=crop&w=700&q=80\" alt=\"XII Festival Internacional de Cine de Guayaquil, proyecci\u00f3n de cortometrajes en Museo Municipal\" loading=\"lazy\">\r\n                <\/div>\r\n                <div class=\"agn-card-body\">\r\n                    <h3 class=\"agn-card-title\">XII Festival Internacional de Cine de Guayaquil: cortometrajes<\/h3>\r\n                    <p class=\"agn-card-loc\">\ud83d\udccd Museo Municipal de Guayaquil<\/p>\r\n                    <button class=\"agn-toggle\" type=\"button\" aria-expanded=\"false\"><span>Ver ficha<\/span><span class=\"agn-plus\">+<\/span><\/button>\r\n                    <div class=\"agn-detail\">\r\n                        <div class=\"agn-detail-inner\">\r\n                            <div class=\"agn-meta-row\">\ud83d\udcc5 15 de agosto de 2026<\/div>\r\n                            <div class=\"agn-meta-row\">\ud83d\udd50 10h00<\/div>\r\n                            <div class=\"agn-meta-row\">\ud83d\udccd Museo Municipal de Guayaquil<\/div>\r\n                            <p class=\"agn-desc\">Dentro de la programaci\u00f3n de la XII edici\u00f3n del Festival Internacional de Cine de Guayaquil, el Museo Municipal proyecta una selecci\u00f3n de cortometrajes con entrada libre. El festival, inaugurado a mediados de agosto en el Centro Cultural Olmedo, extiende su programaci\u00f3n a otros espacios culturales de la ciudad durante todo el mes. Es una buena puerta de entrada al cine independiente ecuatoriano e internacional para quienes no siguen habitualmente los festivales.<\/p>\r\n                            <div class=\"agn-goodfor\"><span>Cin\u00e9filos<\/span><span>Entrada libre<\/span><\/div>\r\n                            <div class=\"agn-cta-row\">\r\n                                <a class=\"agn-btn agn-btn--solid\" href=\"https:\/\/guayaquil.gob.ec\" target=\"_blank\" rel=\"noopener\">\ud83c\udf9f\ufe0f M\u00e1s informaci\u00f3n<\/a>\r\n                                <a class=\"agn-btn agn-btn--ghost\" href=\"https:\/\/guayaquil.gob.ec\" target=\"_blank\" rel=\"noopener\">\ud83c\udf10 Sitio oficial<\/a>\r\n                            <\/div>\r\n                        <\/div>\r\n                    <\/div>\r\n                <\/div>\r\n            <\/article>\r\n\r\n            <!-- 15-17 AGO \u2014 Bull\u00e9 a Bull\u00e9 -->\r\n            <article class=\"agn-card\" data-date=\"2026-08-15\" data-cat=\"teatro\">\r\n                <div class=\"agn-card-media\">\r\n                    <div class=\"agn-date-badge\"><span class=\"d\">15<\/span><span class=\"m\">ago<\/span><\/div>\r\n                    <span class=\"agn-cat-badge\">\ud83c\udfad<\/span>\r\n                    <span class=\"agn-soon-badge\">Destacado<\/span>\r\n                    <img decoding=\"async\" src=\"https:\/\/images.unsplash.com\/photo-1516450360452-9312f5e86fc7?auto=format&fit=crop&w=700&q=80\" alt=\"Bull\u00e9 a Bull\u00e9 con Pep Bou en Teatro S\u00e1nchez Aguilar, Samborond\u00f3n, Guayaquil\" loading=\"lazy\">\r\n                <\/div>\r\n                <div class=\"agn-card-body\">\r\n                    <h3 class=\"agn-card-title\">\"Bull\u00e9 a Bull\u00e9\", con Pep Bou<\/h3>\r\n                    <p class=\"agn-card-loc\">\ud83d\udccd Teatro S\u00e1nchez Aguilar<\/p>\r\n                    <button class=\"agn-toggle\" type=\"button\" aria-expanded=\"false\"><span>Ver ficha<\/span><span class=\"agn-plus\">+<\/span><\/button>\r\n                    <div class=\"agn-detail\">\r\n                        <div class=\"agn-detail-inner\">\r\n                            <div class=\"agn-meta-row\">\ud83d\udcc5 15 al 17 de agosto de 2026<\/div>\r\n                            <div class=\"agn-meta-row\">\ud83d\udd50 Viernes, s\u00e1bado y domingo \u2014 horarios en boleter\u00eda<\/div>\r\n                            <div class=\"agn-meta-row\">\ud83d\udccd Teatro S\u00e1nchez Aguilar, Samborond\u00f3n<\/div>\r\n                            <p class=\"agn-desc\">El artista esc\u00e9nico catal\u00e1n Pep Bou transforma burbujas de jab\u00f3n en un espect\u00e1culo visual sin palabras, con tres funciones en el Teatro S\u00e1nchez Aguilar. \"Bull\u00e9 a Bull\u00e9\" combina f\u00edsica, luz y poes\u00eda esc\u00e9nica en un formato que atraviesa edades: funciona tanto para ni\u00f1os que ven las burbujas como magia, como para adultos que aprecian el nivel t\u00e9cnico detr\u00e1s de cada figura. Es una de las propuestas familiares m\u00e1s comentadas de la cartelera de agosto del teatro.<\/p>\r\n                            <div class=\"agn-goodfor\"><span>Familias<\/span><span>Ni\u00f1os<\/span><\/div>\r\n                            <div class=\"agn-cta-row\">\r\n                                <a class=\"agn-btn agn-btn--solid\" href=\"https:\/\/teatrosanchezaguilar.org\/web-tsa\/\" target=\"_blank\" rel=\"noopener\">\ud83c\udf9f\ufe0f Entradas<\/a>\r\n                                <a class=\"agn-btn agn-btn--ghost\" href=\"https:\/\/teatrosanchezaguilar.org\/web-tsa\/\" target=\"_blank\" rel=\"noopener\">\ud83c\udf10 Sitio oficial<\/a>\r\n                            <\/div>\r\n                        <\/div>\r\n                    <\/div>\r\n                <\/div>\r\n            <\/article>\r\n\r\n            <!-- 15-22 AGO \u2014 REINAS -->\r\n            <article class=\"agn-card\" data-date=\"2026-08-15\" data-cat=\"teatro\">\r\n                <div class=\"agn-card-media\">\r\n                    <div class=\"agn-date-badge\"><span class=\"d\">15<\/span><span class=\"m\">ago<\/span><\/div>\r\n                    <span class=\"agn-cat-badge\">\ud83c\udfad<\/span>\r\n                    <img decoding=\"async\" src=\"https:\/\/images.unsplash.com\/photo-1503095396549-807759245b35?auto=format&fit=crop&w=700&q=80\" alt=\"REINAS, comedia teatral en el MAAC, Guayaquil\" loading=\"lazy\">\r\n                <\/div>\r\n                <div class=\"agn-card-body\">\r\n                    <h3 class=\"agn-card-title\">REINAS, comedia teatral<\/h3>\r\n                    <p class=\"agn-card-loc\">\ud83d\udccd MAAC \u2014 Museo Antropol\u00f3gico y de Arte Contempor\u00e1neo<\/p>\r\n                    <button class=\"agn-toggle\" type=\"button\" aria-expanded=\"false\"><span>Ver ficha<\/span><span class=\"agn-plus\">+<\/span><\/button>\r\n                    <div class=\"agn-detail\">\r\n                        <div class=\"agn-detail-inner\">\r\n                            <div class=\"agn-meta-row\">\ud83d\udcc5 15 al 22 de agosto de 2026<\/div>\r\n                            <div class=\"agn-meta-row\">\ud83d\udd50 19h30<\/div>\r\n                            <div class=\"agn-meta-row\">\ud83d\udccd MAAC, Malec\u00f3n y Loja, Guayaquil<\/div>\r\n                            <p class=\"agn-desc\">REINAS es una comedia teatral protagonizada por cuatro mujeres que enfrentan sus miedos, recuerdos y sue\u00f1os con humor y honestidad. La obra, producida por Alvo Bureau, se presenta en el MAAC durante una semana completa de funciones. Vale la pena confirmar el punto exacto de acceso antes de asistir: el edificio principal del museo contin\u00faa en labores de adecuaci\u00f3n, por lo que buena parte de su programaci\u00f3n cultural se desarrolla en espacios exteriores y salas habilitadas del complejo.<\/p>\r\n                            <div class=\"agn-goodfor\"><span>Amigas<\/span><span>Comedia<\/span><\/div>\r\n                            <div class=\"agn-cta-row\">\r\n                                <a class=\"agn-btn agn-btn--solid\" href=\"https:\/\/eventosecuador.com\/evento\/reinas\" target=\"_blank\" rel=\"noopener\">\ud83c\udf9f\ufe0f Entradas<\/a>\r\n                                <a class=\"agn-btn agn-btn--ghost\" href=\"https:\/\/eventosecuador.com\/evento\/reinas\" target=\"_blank\" rel=\"noopener\">\ud83c\udf10 Sitio oficial<\/a>\r\n                            <\/div>\r\n                        <\/div>\r\n                    <\/div>\r\n                <\/div>\r\n            <\/article>\r\n\r\n            <!-- 18-20 AGO \u2014 Un hombre es un hombre -->\r\n            <article class=\"agn-card\" data-date=\"2026-08-18\" data-cat=\"teatro\">\r\n                <div class=\"agn-card-media\">\r\n                    <div class=\"agn-date-badge\"><span class=\"d\">18<\/span><span class=\"m\">ago<\/span><\/div>\r\n                    <span class=\"agn-cat-badge\">\ud83c\udfad<\/span>\r\n                    <img decoding=\"async\" src=\"https:\/\/images.unsplash.com\/photo-1541428141115-06d6577f13a4?auto=format&fit=crop&w=700&q=80\" alt=\"Un hombre es un hombre, teatro de la Universidad de las Artes en Museo Municipal de Guayaquil\" loading=\"lazy\">\r\n                <\/div>\r\n                <div class=\"agn-card-body\">\r\n                    <h3 class=\"agn-card-title\">\"Un hombre es un hombre\", teatro de la UARTES<\/h3>\r\n                    <p class=\"agn-card-loc\">\ud83d\udccd Museo Municipal de Guayaquil<\/p>\r\n                    <button class=\"agn-toggle\" type=\"button\" aria-expanded=\"false\"><span>Ver ficha<\/span><span class=\"agn-plus\">+<\/span><\/button>\r\n                    <div class=\"agn-detail\">\r\n                        <div class=\"agn-detail-inner\">\r\n                            <div class=\"agn-meta-row\">\ud83d\udcc5 18 al 20 de agosto de 2026<\/div>\r\n                            <div class=\"agn-meta-row\">\ud83d\udd50 11h00 y 15h00<\/div>\r\n                            <div class=\"agn-meta-row\">\ud83d\udccd Museo Municipal de Guayaquil<\/div>\r\n                            <p class=\"agn-desc\">Estudiantes de actuaci\u00f3n de la Universidad de las Artes del Ecuador ponen en escena el cl\u00e1sico de Bertolt Brecht sobre identidad, guerra y circunstancia, con tres d\u00edas de funciones en el Museo Municipal. Es una oportunidad de ver teatro emergente ecuatoriano con entrada libre, en el marco de la relaci\u00f3n permanente que la UARTES mantiene con los espacios culturales de Guayaquil para mostrar el trabajo de sus estudiantes ante p\u00fablico general.<\/p>\r\n                            <div class=\"agn-goodfor\"><span>Teatro emergente<\/span><span>Entrada libre<\/span><\/div>\r\n                            <div class=\"agn-cta-row\">\r\n                                <a class=\"agn-btn agn-btn--solid\" href=\"https:\/\/www.instagram.com\/uartesec\/\" target=\"_blank\" rel=\"noopener\">\ud83c\udf9f\ufe0f M\u00e1s informaci\u00f3n<\/a>\r\n                                <a class=\"agn-btn agn-btn--ghost\" href=\"https:\/\/uartes.edu.ec\" target=\"_blank\" rel=\"noopener\">\ud83c\udf10 Sitio oficial<\/a>\r\n                            <\/div>\r\n                        <\/div>\r\n                    <\/div>\r\n                <\/div>\r\n            <\/article>\r\n\r\n            <!-- 21 AGO \u2014 Conversatorio -->\r\n            <article class=\"agn-card\" data-date=\"2026-08-21\" data-cat=\"arte\">\r\n                <div class=\"agn-card-media\">\r\n                    <div class=\"agn-date-badge\"><span class=\"d\">21<\/span><span class=\"m\">ago<\/span><\/div>\r\n                    <span class=\"agn-cat-badge\">\ud83c\udfa8<\/span>\r\n                    <img decoding=\"async\" src=\"https:\/\/images.unsplash.com\/photo-1475721027785-f74eccf877e2?auto=format&fit=crop&w=700&q=80\" alt=\"Conversatorio Esta podr\u00eda ser tu historia en Museo de la M\u00fasica Popular Julio Jaramillo, Guayaquil\" loading=\"lazy\">\r\n                <\/div>\r\n                <div class=\"agn-card-body\">\r\n                    <h3 class=\"agn-card-title\">Conversatorio \"Esta podr\u00eda ser tu historia\"<\/h3>\r\n                    <p class=\"agn-card-loc\">\ud83d\udccd Museo de la M\u00fasica Popular Julio Jaramillo<\/p>\r\n                    <button class=\"agn-toggle\" type=\"button\" aria-expanded=\"false\"><span>Ver ficha<\/span><span class=\"agn-plus\">+<\/span><\/button>\r\n                    <div class=\"agn-detail\">\r\n                        <div class=\"agn-detail-inner\">\r\n                            <div class=\"agn-meta-row\">\ud83d\udcc5 21 de agosto de 2026<\/div>\r\n                            <div class=\"agn-meta-row\">\ud83d\udd50 15h30<\/div>\r\n                            <div class=\"agn-meta-row\">\ud83d\udccd Museo de la M\u00fasica Popular Julio Jaramillo<\/div>\r\n                            <p class=\"agn-desc\">Un espacio de conversaci\u00f3n \u00edntima alrededor de la memoria musical popular guayaquile\u00f1a, en la sala m\u00faltiple del museo dedicado a Julio Jaramillo. El conversatorio invita a reflexionar sobre c\u00f3mo las canciones populares terminan siendo tambi\u00e9n relatos de vida colectivos. Es una actividad de entrada libre pensada para un p\u00fablico interesado en la historia cultural de la ciudad, m\u00e1s que en un concierto en vivo.<\/p>\r\n                            <div class=\"agn-goodfor\"><span>Memoria musical<\/span><span>Entrada libre<\/span><\/div>\r\n                            <div class=\"agn-cta-row\">\r\n                                <a class=\"agn-btn agn-btn--solid\" href=\"https:\/\/guayaquil.gob.ec\" target=\"_blank\" rel=\"noopener\">\ud83c\udf9f\ufe0f M\u00e1s informaci\u00f3n<\/a>\r\n                                <a class=\"agn-btn agn-btn--ghost\" href=\"https:\/\/guayaquil.gob.ec\" target=\"_blank\" rel=\"noopener\">\ud83c\udf10 Sitio oficial<\/a>\r\n                            <\/div>\r\n                        <\/div>\r\n                    <\/div>\r\n                <\/div>\r\n            <\/article>\r\n\r\n            <!-- 21 AGO \u2014 El Ecuador que Produce -->\r\n            <article class=\"agn-card\" data-date=\"2026-08-21\" data-cat=\"arte\">\r\n                <div class=\"agn-card-media\">\r\n                    <div class=\"agn-date-badge\"><span class=\"d\">21<\/span><span class=\"m\">ago<\/span><\/div>\r\n                    <span class=\"agn-cat-badge\">\ud83c\udfa8<\/span>\r\n                    <img decoding=\"async\" src=\"https:\/\/images.unsplash.com\/photo-1523050854058-8df90110c9f1?auto=format&fit=crop&w=700&q=80\" alt=\"Inauguraci\u00f3n de la exposici\u00f3n El Ecuador que Produce en Museo Nacional del Cacao, Guayaquil\" loading=\"lazy\">\r\n                <\/div>\r\n                <div class=\"agn-card-body\">\r\n                    <h3 class=\"agn-card-title\">Inauguraci\u00f3n: \"El Ecuador que Produce\"<\/h3>\r\n                    <p class=\"agn-card-loc\">\ud83d\udccd Museo Nacional del Cacao<\/p>\r\n                    <button class=\"agn-toggle\" type=\"button\" aria-expanded=\"false\"><span>Ver ficha<\/span><span class=\"agn-plus\">+<\/span><\/button>\r\n                    <div class=\"agn-detail\">\r\n                        <div class=\"agn-detail-inner\">\r\n                            <div class=\"agn-meta-row\">\ud83d\udcc5 21 de agosto de 2026<\/div>\r\n                            <div class=\"agn-meta-row\">\ud83d\udd50 16h00<\/div>\r\n                            <div class=\"agn-meta-row\">\ud83d\udccd Museo Nacional del Cacao, Malec\u00f3n Sim\u00f3n Bol\u00edvar<\/div>\r\n                            <p class=\"agn-desc\">\"El Ecuador que Produce\" es una nueva muestra del Museo Nacional del Cacao dedicada a los sectores productivos que sostienen la econom\u00eda del pa\u00eds, desde la perspectiva del museo que ya cuenta la historia del cacao como motor de desarrollo. La inauguraci\u00f3n es gratuita y abierta al p\u00fablico. La exposici\u00f3n permanecer\u00e1 disponible durante las semanas siguientes, por lo que tambi\u00e9n es una buena opci\u00f3n para quienes prefieren visitarla con calma en otro momento del mes.<\/p>\r\n                            <div class=\"agn-goodfor\"><span>Historia econ\u00f3mica<\/span><span>Entrada libre<\/span><\/div>\r\n                            <div class=\"agn-cta-row\">\r\n                                <a class=\"agn-btn agn-btn--solid\" href=\"https:\/\/www.instagram.com\/museodelcacao.gye\/\" target=\"_blank\" rel=\"noopener\">\ud83c\udf9f\ufe0f M\u00e1s informaci\u00f3n<\/a>\r\n                                <a class=\"agn-btn agn-btn--ghost\" href=\"https:\/\/guayaquil.gob.ec\" target=\"_blank\" rel=\"noopener\">\ud83c\udf10 Sitio oficial<\/a>\r\n                            <\/div>\r\n                        <\/div>\r\n                    <\/div>\r\n                <\/div>\r\n            <\/article>\r\n\r\n            <!-- 22 AGO \u2014 Banda Sinf\u00f3nica Juvenil -->\r\n            <article class=\"agn-card\" data-date=\"2026-08-22\" data-cat=\"musica\">\r\n                <div class=\"agn-card-media\">\r\n                    <div class=\"agn-date-badge\"><span class=\"d\">22<\/span><span class=\"m\">ago<\/span><\/div>\r\n                    <span class=\"agn-cat-badge\">\ud83c\udfb5<\/span>\r\n                    <img decoding=\"async\" src=\"https:\/\/images.unsplash.com\/photo-1465847899084-d164df4dedc6?auto=format&fit=crop&w=700&q=80\" alt=\"Concierto El arte que nos une con la Banda Sinf\u00f3nica Juvenil en Museo Municipal de Guayaquil\" loading=\"lazy\">\r\n                <\/div>\r\n                <div class=\"agn-card-body\">\r\n                    <h3 class=\"agn-card-title\">Concierto \"El arte que nos une\": Banda Sinf\u00f3nica Juvenil<\/h3>\r\n                    <p class=\"agn-card-loc\">\ud83d\udccd Museo Municipal de Guayaquil<\/p>\r\n                    <button class=\"agn-toggle\" type=\"button\" aria-expanded=\"false\"><span>Ver ficha<\/span><span class=\"agn-plus\">+<\/span><\/button>\r\n                    <div class=\"agn-detail\">\r\n                        <div class=\"agn-detail-inner\">\r\n                            <div class=\"agn-meta-row\">\ud83d\udcc5 22 de agosto de 2026<\/div>\r\n                            <div class=\"agn-meta-row\">\ud83d\udd50 10h00<\/div>\r\n                            <div class=\"agn-meta-row\">\ud83d\udccd Museo Municipal de Guayaquil<\/div>\r\n                            <p class=\"agn-desc\">Nueva edici\u00f3n del ciclo \"El arte que nos une\", esta vez con la Banda Sinf\u00f3nica Juvenil en una funci\u00f3n matutina de s\u00e1bado. Es un plan corto y gratuito para abrir el fin de semana en familia, sin necesidad de reservar con anticipaci\u00f3n. El Museo Municipal habilita su sala de artes esc\u00e9nicas para este tipo de conciertos formativos, dirigidos tanto a quienes ya siguen m\u00fasica cl\u00e1sica como a quienes se acercan por primera vez.<\/p>\r\n                            <div class=\"agn-goodfor\"><span>Familias<\/span><span>S\u00e1bado por la ma\u00f1ana<\/span><\/div>\r\n                            <div class=\"agn-cta-row\">\r\n                                <a class=\"agn-btn agn-btn--solid\" href=\"https:\/\/guayaquil.gob.ec\" target=\"_blank\" rel=\"noopener\">\ud83c\udf9f\ufe0f M\u00e1s informaci\u00f3n<\/a>\r\n                                <a class=\"agn-btn agn-btn--ghost\" href=\"https:\/\/guayaquil.gob.ec\" target=\"_blank\" rel=\"noopener\">\ud83c\udf10 Sitio oficial<\/a>\r\n                            <\/div>\r\n                        <\/div>\r\n                    <\/div>\r\n                <\/div>\r\n            <\/article>\r\n\r\n            <!-- 23 AGO \u2014 El Dojo de Fuego -->\r\n            <article class=\"agn-card\" data-date=\"2026-08-23\" data-cat=\"deportes\">\r\n                <div class=\"agn-card-media\">\r\n                    <div class=\"agn-date-badge\"><span class=\"d\">23<\/span><span class=\"m\">ago<\/span><\/div>\r\n                    <span class=\"agn-cat-badge\">\ud83c\udfc3<\/span>\r\n                    <img decoding=\"async\" src=\"https:\/\/images.unsplash.com\/photo-1547153760-18fc86324498?auto=format&fit=crop&w=700&q=80\" alt=\"El Dojo de Fuego, encuentro nacional de breakdance en Plaza del Artista, calle Panam\u00e1, Guayaquil\" loading=\"lazy\">\r\n                <\/div>\r\n                <div class=\"agn-card-body\">\r\n                    <h3 class=\"agn-card-title\">El Dojo de Fuego: encuentro nacional de breakdance<\/h3>\r\n                    <p class=\"agn-card-loc\">\ud83d\udccd Plaza del Artista, calle Panam\u00e1<\/p>\r\n                    <button class=\"agn-toggle\" type=\"button\" aria-expanded=\"false\"><span>Ver ficha<\/span><span class=\"agn-plus\">+<\/span><\/button>\r\n                    <div class=\"agn-detail\">\r\n                        <div class=\"agn-detail-inner\">\r\n                            <div class=\"agn-meta-row\">\ud83d\udcc5 23 de agosto de 2026<\/div>\r\n                            <div class=\"agn-meta-row\">\ud83d\udd50 10h00 \u2013 16h30<\/div>\r\n                            <div class=\"agn-meta-row\">\ud83d\udccd Plaza del Artista, calle Panam\u00e1, Guayaquil<\/div>\r\n                            <p class=\"agn-desc\">Bboys y bgirls de distintas ciudades del pa\u00eds se re\u00fanen en la Plaza del Artista para una jornada completa de battles de breakdance al aire libre. El Dojo de Fuego es de entrada libre y convierte uno de los tramos m\u00e1s animados de la calle Panam\u00e1 en una pista improvisada durante todo el domingo. Una alternativa poco convencional para quienes buscan algo distinto a los circuitos culturales tradicionales de la ciudad.<\/p>\r\n                            <div class=\"agn-goodfor\"><span>Breakdance<\/span><span>Entrada libre<\/span><\/div>\r\n                            <div class=\"agn-cta-row\">\r\n                                <a class=\"agn-btn agn-btn--solid\" href=\"https:\/\/guayaquil.gob.ec\" target=\"_blank\" rel=\"noopener\">\ud83c\udf9f\ufe0f M\u00e1s informaci\u00f3n<\/a>\r\n                                <a class=\"agn-btn agn-btn--ghost\" href=\"https:\/\/guayaquil.gob.ec\" target=\"_blank\" rel=\"noopener\">\ud83c\udf10 Sitio oficial<\/a>\r\n                            <\/div>\r\n                        <\/div>\r\n                    <\/div>\r\n                <\/div>\r\n            <\/article>\r\n\r\n            <!-- 28 AGO \u2014 La Hora Lila -->\r\n            <article class=\"agn-card\" data-date=\"2026-08-28\" data-cat=\"musica\">\r\n                <div class=\"agn-card-media\">\r\n                    <div class=\"agn-date-badge\"><span class=\"d\">28<\/span><span class=\"m\">ago<\/span><\/div>\r\n                    <span class=\"agn-cat-badge\">\ud83c\udfb5<\/span>\r\n                    <img decoding=\"async\" src=\"https:\/\/images.unsplash.com\/photo-1493225457124-a3eb161ffa5f?auto=format&fit=crop&w=700&q=80\" alt=\"La Hora Lila con Hugo Idrovo en Museo de la M\u00fasica Popular Julio Jaramillo, Guayaquil\" loading=\"lazy\">\r\n                <\/div>\r\n                <div class=\"agn-card-body\">\r\n                    <h3 class=\"agn-card-title\">La Hora Lila, con Hugo Idrovo<\/h3>\r\n                    <p class=\"agn-card-loc\">\ud83d\udccd Museo de la M\u00fasica Popular Julio Jaramillo<\/p>\r\n                    <button class=\"agn-toggle\" type=\"button\" aria-expanded=\"false\"><span>Ver ficha<\/span><span class=\"agn-plus\">+<\/span><\/button>\r\n                    <div class=\"agn-detail\">\r\n                        <div class=\"agn-detail-inner\">\r\n                            <div class=\"agn-meta-row\">\ud83d\udcc5 28 de agosto de 2026<\/div>\r\n                            <div class=\"agn-meta-row\">\ud83d\udd50 16h00<\/div>\r\n                            <div class=\"agn-meta-row\">\ud83d\udccd Museo de la M\u00fasica Popular Julio Jaramillo<\/div>\r\n                            <p class=\"agn-desc\">Una tarde dedicada a la m\u00fasica popular ecuatoriana en la voz y el relato de Hugo Idrovo, dentro del ciclo de charlas y sesiones musicales que organiza el museo. La Hora Lila combina an\u00e9cdotas, historia local y m\u00fasica en vivo en un formato de sala peque\u00f1a, ideal para quienes disfrutan del pasillo, el pasacalle y otros g\u00e9neros tradicionales de la costa ecuatoriana.<\/p>\r\n                            <div class=\"agn-goodfor\"><span>M\u00fasica popular<\/span><span>Entrada libre<\/span><\/div>\r\n                            <div class=\"agn-cta-row\">\r\n                                <a class=\"agn-btn agn-btn--solid\" href=\"https:\/\/guayaquil.gob.ec\" target=\"_blank\" rel=\"noopener\">\ud83c\udf9f\ufe0f M\u00e1s informaci\u00f3n<\/a>\r\n                                <a class=\"agn-btn agn-btn--ghost\" href=\"https:\/\/guayaquil.gob.ec\" target=\"_blank\" rel=\"noopener\">\ud83c\udf10 Sitio oficial<\/a>\r\n                            <\/div>\r\n                        <\/div>\r\n                    <\/div>\r\n                <\/div>\r\n            <\/article>\r\n\r\n            <!-- 29 AGO \u2014 Tributo a Directores de Danza -->\r\n            <article class=\"agn-card\" data-date=\"2026-08-29\" data-cat=\"arte\">\r\n                <div class=\"agn-card-media\">\r\n                    <div class=\"agn-date-badge\"><span class=\"d\">29<\/span><span class=\"m\">ago<\/span><\/div>\r\n                    <span class=\"agn-cat-badge\">\ud83c\udfa8<\/span>\r\n                    <img decoding=\"async\" src=\"https:\/\/images.unsplash.com\/photo-1508700115892-45ecd05ae2ad?auto=format&fit=crop&w=700&q=80\" alt=\"Tributo a los Directores de Danza en Museo Municipal de Guayaquil\" loading=\"lazy\">\r\n                <\/div>\r\n                <div class=\"agn-card-body\">\r\n                    <h3 class=\"agn-card-title\">Tributo a los Directores de Danza<\/h3>\r\n                    <p class=\"agn-card-loc\">\ud83d\udccd Museo Municipal de Guayaquil<\/p>\r\n                    <button class=\"agn-toggle\" type=\"button\" aria-expanded=\"false\"><span>Ver ficha<\/span><span class=\"agn-plus\">+<\/span><\/button>\r\n                    <div class=\"agn-detail\">\r\n                        <div class=\"agn-detail-inner\">\r\n                            <div class=\"agn-meta-row\">\ud83d\udcc5 29 de agosto de 2026<\/div>\r\n                            <div class=\"agn-meta-row\">\ud83d\udd50 15h00<\/div>\r\n                            <div class=\"agn-meta-row\">\ud83d\udccd Museo Municipal de Guayaquil<\/div>\r\n                            <p class=\"agn-desc\">Un homenaje a las figuras que durante a\u00f1os han formado a generaciones de bailarines en Guayaquil, con presentaciones de distintas compa\u00f1\u00edas y academias de la ciudad. El tributo cierra el ciclo de danza de agosto en el Museo Municipal, con entrada libre y un formato de gala corta pensado para todo p\u00fablico, m\u00e1s all\u00e1 de quienes ya siguen de cerca la escena danc\u00edstica local.<\/p>\r\n                            <div class=\"agn-goodfor\"><span>Danza<\/span><span>Entrada libre<\/span><\/div>\r\n                            <div class=\"agn-cta-row\">\r\n                                <a class=\"agn-btn agn-btn--solid\" href=\"https:\/\/guayaquil.gob.ec\" target=\"_blank\" rel=\"noopener\">\ud83c\udf9f\ufe0f M\u00e1s informaci\u00f3n<\/a>\r\n                                <a class=\"agn-btn agn-btn--ghost\" href=\"https:\/\/guayaquil.gob.ec\" target=\"_blank\" rel=\"noopener\">\ud83c\udf10 Sitio oficial<\/a>\r\n                            <\/div>\r\n                        <\/div>\r\n                    <\/div>\r\n                <\/div>\r\n            <\/article>\r\n\r\n            <!-- 29 AGO \u2014 Percepciones del ancestralismo -->\r\n            <article class=\"agn-card\" data-date=\"2026-08-29\" data-cat=\"arte\">\r\n                <div class=\"agn-card-media\">\r\n                    <div class=\"agn-date-badge\"><span class=\"d\">29<\/span><span class=\"m\">ago<\/span><\/div>\r\n                    <span class=\"agn-cat-badge\">\ud83c\udfa8<\/span>\r\n                    <img decoding=\"async\" src=\"https:\/\/images.unsplash.com\/photo-1531913764164-f85c52e6e654?auto=format&fit=crop&w=700&q=80\" alt=\"Inauguraci\u00f3n de la exposici\u00f3n Percepciones del ancestralismo en Museo Nacional del Cacao, Guayaquil\" loading=\"lazy\">\r\n                <\/div>\r\n                <div class=\"agn-card-body\">\r\n                    <h3 class=\"agn-card-title\">Inauguraci\u00f3n: \"Percepciones del ancestralismo\"<\/h3>\r\n                    <p class=\"agn-card-loc\">\ud83d\udccd Museo Nacional del Cacao<\/p>\r\n                    <button class=\"agn-toggle\" type=\"button\" aria-expanded=\"false\"><span>Ver ficha<\/span><span class=\"agn-plus\">+<\/span><\/button>\r\n                    <div class=\"agn-detail\">\r\n                        <div class=\"agn-detail-inner\">\r\n                            <div class=\"agn-meta-row\">\ud83d\udcc5 29 de agosto de 2026<\/div>\r\n                            <div class=\"agn-meta-row\">\ud83d\udd50 16h00<\/div>\r\n                            <div class=\"agn-meta-row\">\ud83d\udccd Museo Nacional del Cacao<\/div>\r\n                            <p class=\"agn-desc\">Nueva muestra del Museo Nacional del Cacao que dialoga con las ra\u00edces ancestrales del litoral ecuatoriano, con la que el museo cierra su programaci\u00f3n de exposiciones de agosto. La inauguraci\u00f3n es de entrada libre y re\u00fane obra de artistas contempor\u00e1neos en torno a la memoria y la identidad. Una buena excusa para volver al museo m\u00e1s all\u00e1 del recorrido hist\u00f3rico habitual.<\/p>\r\n                            <div class=\"agn-goodfor\"><span>Arte contempor\u00e1neo<\/span><span>Entrada libre<\/span><\/div>\r\n                            <div class=\"agn-cta-row\">\r\n                                <a class=\"agn-btn agn-btn--solid\" href=\"https:\/\/www.instagram.com\/museodelcacao.gye\/\" target=\"_blank\" rel=\"noopener\">\ud83c\udf9f\ufe0f M\u00e1s informaci\u00f3n<\/a>\r\n                                <a class=\"agn-btn agn-btn--ghost\" href=\"https:\/\/guayaquil.gob.ec\" target=\"_blank\" rel=\"noopener\">\ud83c\udf10 Sitio oficial<\/a>\r\n                            <\/div>\r\n                        <\/div>\r\n                    <\/div>\r\n                <\/div>\r\n            <\/article>\r\n\r\n            <!-- 3 SEP \u2014 Habitat -->\r\n            <article class=\"agn-card\" data-date=\"2026-09-03\" data-cat=\"ferias\">\r\n                <div class=\"agn-card-media\">\r\n                    <div class=\"agn-date-badge\"><span class=\"d\">03<\/span><span class=\"m\">sep<\/span><\/div>\r\n                    <span class=\"agn-cat-badge\">\ud83c\udfaa<\/span>\r\n                    <img decoding=\"async\" src=\"https:\/\/images.unsplash.com\/photo-1460317442991-0ec209397118?auto=format&fit=crop&w=700&q=80\" alt=\"Feria inmobiliaria Habitat en Expoplaza Guayaquil\" loading=\"lazy\">\r\n                <\/div>\r\n                <div class=\"agn-card-body\">\r\n                    <h3 class=\"agn-card-title\">Habitat, feria inmobiliaria<\/h3>\r\n                    <p class=\"agn-card-loc\">\ud83d\udccd Expoplaza Guayaquil<\/p>\r\n                    <button class=\"agn-toggle\" type=\"button\" aria-expanded=\"false\"><span>Ver ficha<\/span><span class=\"agn-plus\">+<\/span><\/button>\r\n                    <div class=\"agn-detail\">\r\n                        <div class=\"agn-detail-inner\">\r\n                            <div class=\"agn-meta-row\">\ud83d\udcc5 3 de septiembre de 2026<\/div>\r\n                            <div class=\"agn-meta-row\">\ud83d\udd50 10h00 \u2013 19h00<\/div>\r\n                            <div class=\"agn-meta-row\">\ud83d\udccd Expoplaza Guayaquil<\/div>\r\n                            <p class=\"agn-desc\">Habitat es la feria inmobiliaria de referencia en Guayaquil, con la oferta de las principales constructoras y desarrolladoras del pa\u00eds reunida bajo un mismo techo en Expoplaza. Es el punto de encuentro para quienes est\u00e1n comprando su primera vivienda, buscando invertir o simplemente quieren conocer las tendencias de dise\u00f1o y precios del mercado inmobiliario ecuatoriano actual.<\/p>\r\n                            <div class=\"agn-goodfor\"><span>Compradores<\/span><span>Inversionistas<\/span><\/div>\r\n                            <div class=\"agn-cta-row\">\r\n                                <a class=\"agn-btn agn-btn--solid\" href=\"https:\/\/www.expoplaza.ec\/evento\/habitat-2024\/\" target=\"_blank\" rel=\"noopener\">\ud83c\udf9f\ufe0f Entradas<\/a>\r\n                                <a class=\"agn-btn agn-btn--ghost\" href=\"https:\/\/www.expoplaza.ec\" target=\"_blank\" rel=\"noopener\">\ud83c\udf10 Sitio oficial<\/a>\r\n                            <\/div>\r\n                        <\/div>\r\n                    <\/div>\r\n                <\/div>\r\n            <\/article>\r\n\r\n            <!-- 5 SEP \u2014 Merengue Fest -->\r\n            <article class=\"agn-card\" data-date=\"2026-09-05\" data-cat=\"musica\">\r\n                <div class=\"agn-card-media\">\r\n                    <div class=\"agn-date-badge\"><span class=\"d\">05<\/span><span class=\"m\">sep<\/span><\/div>\r\n                    <span class=\"agn-cat-badge\">\ud83c\udfb5<\/span>\r\n                    <img decoding=\"async\" src=\"https:\/\/images.unsplash.com\/photo-1571266028243-3716f02abc5d?auto=format&fit=crop&w=700&q=80\" alt=\"Merengue Fest 90s en Coliseo Voltaire, Guayaquil\" loading=\"lazy\">\r\n                <\/div>\r\n                <div class=\"agn-card-body\">\r\n                    <h3 class=\"agn-card-title\">Merengue Fest 90s<\/h3>\r\n                    <p class=\"agn-card-loc\">\ud83d\udccd Coliseo Voltaire<\/p>\r\n                    <button class=\"agn-toggle\" type=\"button\" aria-expanded=\"false\"><span>Ver ficha<\/span><span class=\"agn-plus\">+<\/span><\/button>\r\n                    <div class=\"agn-detail\">\r\n                        <div class=\"agn-detail-inner\">\r\n                            <div class=\"agn-meta-row\">\ud83d\udcc5 5 de septiembre de 2026<\/div>\r\n                            <div class=\"agn-meta-row\">\ud83d\udd50 19h00<\/div>\r\n                            <div class=\"agn-meta-row\">\ud83d\udccd Coliseo Voltaire, Guayaquil<\/div>\r\n                            <p class=\"agn-desc\">Una noche completa de merengue ochentero y noventero en el Coliseo Voltaire, pensada para bailar sin parar de principio a fin. Merengue Fest 90s re\u00fane a varias agrupaciones dedicadas al g\u00e9nero, con un p\u00fablico que suele llenar la pista desde las primeras canciones. Ideal para quienes crecieron con esta m\u00fasica y para grupos de amigos que buscan un plan de baile m\u00e1s que de concierto sentado.<\/p>\r\n                            <div class=\"agn-goodfor\"><span>Baile<\/span><span>Nost\u00e1lgicos<\/span><\/div>\r\n                            <div class=\"agn-cta-row\">\r\n                                <a class=\"agn-btn agn-btn--solid\" href=\"https:\/\/www.ticketshow.com.ec\/evento\/MERENGUE-FEST-DE-LOS-90-GUAYAQUIL-2026\" target=\"_blank\" rel=\"noopener\">\ud83c\udf9f\ufe0f Entradas<\/a>\r\n                                <a class=\"agn-btn agn-btn--ghost\" href=\"https:\/\/www.ticketshow.com.ec\" target=\"_blank\" rel=\"noopener\">\ud83c\udf10 Sitio oficial<\/a>\r\n                            <\/div>\r\n                        <\/div>\r\n                    <\/div>\r\n                <\/div>\r\n            <\/article>\r\n\r\n            <!-- 16 SEP \u2014 FIL Guayaquil -->\r\n            <article class=\"agn-card\" data-date=\"2026-09-16\" data-cat=\"arte\">\r\n                <div class=\"agn-card-media\">\r\n                    <div class=\"agn-date-badge\"><span class=\"d\">16<\/span><span class=\"m\">sep<\/span><\/div>\r\n                    <span class=\"agn-cat-badge\">\ud83c\udfa8<\/span>\r\n                    <img decoding=\"async\" src=\"https:\/\/images.unsplash.com\/photo-1524995997946-a1c2e315a42f?auto=format&fit=crop&w=700&q=80\" alt=\"Feria Internacional del Libro FIL Guayaquil en Expoplaza\" loading=\"lazy\">\r\n                <\/div>\r\n                <div class=\"agn-card-body\">\r\n                    <h3 class=\"agn-card-title\">FIL Guayaquil: Feria Internacional del Libro<\/h3>\r\n                    <p class=\"agn-card-loc\">\ud83d\udccd Expoplaza Guayaquil<\/p>\r\n                    <button class=\"agn-toggle\" type=\"button\" aria-expanded=\"false\"><span>Ver ficha<\/span><span class=\"agn-plus\">+<\/span><\/button>\r\n                    <div class=\"agn-detail\">\r\n                        <div class=\"agn-detail-inner\">\r\n                            <div class=\"agn-meta-row\">\ud83d\udcc5 16 de septiembre de 2026<\/div>\r\n                            <div class=\"agn-meta-row\">\ud83d\udd50 10h00 \u2013 20h00<\/div>\r\n                            <div class=\"agn-meta-row\">\ud83d\udccd Expoplaza Guayaquil<\/div>\r\n                            <p class=\"agn-desc\">La Feria Internacional del Libro de Guayaquil re\u00fane durante varios d\u00edas a editoriales, autores nacionales e internacionales y lectores de todas las edades, con presentaciones de libros, charlas y actividades infantiles paralelas. Es uno de los eventos culturales de mayor convocatoria del segundo semestre en la ciudad, y una salida familiar de bajo costo pensada para pasar horas recorriendo stands.<\/p>\r\n                            <div class=\"agn-goodfor\"><span>Lectores<\/span><span>Familias<\/span><\/div>\r\n                            <div class=\"agn-cta-row\">\r\n                                <a class=\"agn-btn agn-btn--solid\" href=\"https:\/\/www.expoplaza.ec\/evento\/fil24-guayaquil\/\" target=\"_blank\" rel=\"noopener\">\ud83c\udf9f\ufe0f Entradas<\/a>\r\n                                <a class=\"agn-btn agn-btn--ghost\" href=\"https:\/\/www.expoplaza.ec\" target=\"_blank\" rel=\"noopener\">\ud83c\udf10 Sitio oficial<\/a>\r\n                            <\/div>\r\n                        <\/div>\r\n                    <\/div>\r\n                <\/div>\r\n            <\/article>\r\n\r\n            <!-- 1 OCT \u2014 Horeca Fest -->\r\n            <article class=\"agn-card\" data-date=\"2026-10-01\" data-cat=\"gastronomia\">\r\n                <div class=\"agn-card-media\">\r\n                    <div class=\"agn-date-badge\"><span class=\"d\">01<\/span><span class=\"m\">oct<\/span><\/div>\r\n                    <span class=\"agn-cat-badge\">\ud83c\udf74<\/span>\r\n                    <img decoding=\"async\" src=\"https:\/\/images.unsplash.com\/photo-1552566626-52f8b828add9?auto=format&fit=crop&w=700&q=80\" alt=\"Horeca Fest, feria gastron\u00f3mica en Expoplaza Guayaquil\" loading=\"lazy\">\r\n                <\/div>\r\n                <div class=\"agn-card-body\">\r\n                    <h3 class=\"agn-card-title\">Horeca Fest<\/h3>\r\n                    <p class=\"agn-card-loc\">\ud83d\udccd Expoplaza Guayaquil<\/p>\r\n                    <button class=\"agn-toggle\" type=\"button\" aria-expanded=\"false\"><span>Ver ficha<\/span><span class=\"agn-plus\">+<\/span><\/button>\r\n                    <div class=\"agn-detail\">\r\n                        <div class=\"agn-detail-inner\">\r\n                            <div class=\"agn-meta-row\">\ud83d\udcc5 1 de octubre de 2026<\/div>\r\n                            <div class=\"agn-meta-row\">\ud83d\udd50 10h00 \u2013 19h00<\/div>\r\n                            <div class=\"agn-meta-row\">\ud83d\udccd Expoplaza Guayaquil<\/div>\r\n                            <p class=\"agn-desc\">Horeca Fest es el punto de encuentro del sector hotelero, restaurantero y de bares de Ecuador, con proveedores, maquinaria, insumos y las \u00faltimas tendencias del rubro gastron\u00f3mico. Aunque est\u00e1 orientada principalmente a profesionales del sector, tambi\u00e9n es un buen plan para foodies curiosos que quieren ver de cerca hacia d\u00f3nde va la escena de restaurantes de Guayaquil.<\/p>\r\n                            <div class=\"agn-goodfor\"><span>Sector Horeca<\/span><span>Profesionales<\/span><\/div>\r\n                            <div class=\"agn-cta-row\">\r\n                                <a class=\"agn-btn agn-btn--solid\" href=\"https:\/\/www.expoplaza.ec\/evento\/horeca\/\" target=\"_blank\" rel=\"noopener\">\ud83c\udf9f\ufe0f Entradas<\/a>\r\n                                <a class=\"agn-btn agn-btn--ghost\" href=\"https:\/\/www.expoplaza.ec\" target=\"_blank\" rel=\"noopener\">\ud83c\udf10 Sitio oficial<\/a>\r\n                            <\/div>\r\n                        <\/div>\r\n                    <\/div>\r\n                <\/div>\r\n            <\/article>\r\n\r\n            <!-- 10 OCT \u2014 El Puma -->\r\n            <article class=\"agn-card\" data-date=\"2026-10-10\" data-cat=\"musica\">\r\n                <div class=\"agn-card-media\">\r\n                    <div class=\"agn-date-badge\"><span class=\"d\">10<\/span><span class=\"m\">oct<\/span><\/div>\r\n                    <span class=\"agn-cat-badge\">\ud83c\udfb5<\/span>\r\n                    <img decoding=\"async\" src=\"https:\/\/images.unsplash.com\/photo-1511671782779-c97d3d27a1d4?auto=format&fit=crop&w=700&q=80\" alt=\"Jos\u00e9 Luis Rodr\u00edguez El Puma en Teatro Centro de Arte, Guayaquil\" loading=\"lazy\">\r\n                <\/div>\r\n                <div class=\"agn-card-body\">\r\n                    <h3 class=\"agn-card-title\">Jos\u00e9 Luis Rodr\u00edguez \"El Puma\" en Guayaquil<\/h3>\r\n                    <p class=\"agn-card-loc\">\ud83d\udccd Teatro Centro de Arte<\/p>\r\n                    <button class=\"agn-toggle\" type=\"button\" aria-expanded=\"false\"><span>Ver ficha<\/span><span class=\"agn-plus\">+<\/span><\/button>\r\n                    <div class=\"agn-detail\">\r\n                        <div class=\"agn-detail-inner\">\r\n                            <div class=\"agn-meta-row\">\ud83d\udcc5 10 de octubre de 2026<\/div>\r\n                            <div class=\"agn-meta-row\">\ud83d\udd50 20h00<\/div>\r\n                            <div class=\"agn-meta-row\">\ud83d\udccd Teatro Centro de Arte, Guayaquil<\/div>\r\n                            <p class=\"agn-desc\">Una leyenda viva de la balada latinoamericana se presenta en formato de gran teatro, con el repertorio de siempre y la puesta en escena que caracteriza sus giras recientes. El concierto est\u00e1 dirigido a un p\u00fablico adulto que creci\u00f3 con sus canciones, en una sala pensada para escuchar bien m\u00e1s que para el estadio.<\/p>\r\n                            <div class=\"agn-goodfor\"><span>Cl\u00e1sicos<\/span><span>P\u00fablico adulto<\/span><\/div>\r\n                            <div class=\"agn-cta-row\">\r\n                                <a class=\"agn-btn agn-btn--solid\" href=\"https:\/\/www.ticketshow.com.ec\/evento\/JOSE-LUIS-RODRIGUEZ-EL-PUMA-GUAYAQUIL-2026\" target=\"_blank\" rel=\"noopener\">\ud83c\udf9f\ufe0f Entradas<\/a>\r\n                                <a class=\"agn-btn agn-btn--ghost\" href=\"https:\/\/www.ticketshow.com.ec\" target=\"_blank\" rel=\"noopener\">\ud83c\udf10 Sitio oficial<\/a>\r\n                            <\/div>\r\n                        <\/div>\r\n                    <\/div>\r\n                <\/div>\r\n            <\/article>\r\n\r\n            <!-- 10 NOV \u2014 Cumbre del Banano -->\r\n            <article class=\"agn-card\" data-date=\"2026-11-10\" data-cat=\"negocios\">\r\n                <div class=\"agn-card-media\">\r\n                    <div class=\"agn-date-badge\"><span class=\"d\">10<\/span><span class=\"m\">nov<\/span><\/div>\r\n                    <span class=\"agn-cat-badge\">\ud83d\udcbc<\/span>\r\n                    <img decoding=\"async\" src=\"https:\/\/images.unsplash.com\/photo-1571771894821-ce9b6c11b08e?auto=format&fit=crop&w=700&q=80\" alt=\"Cumbre del Banano en Expoplaza Guayaquil\" loading=\"lazy\">\r\n                <\/div>\r\n                <div class=\"agn-card-body\">\r\n                    <h3 class=\"agn-card-title\">Cumbre del Banano<\/h3>\r\n                    <p class=\"agn-card-loc\">\ud83d\udccd Expoplaza Guayaquil<\/p>\r\n                    <button class=\"agn-toggle\" type=\"button\" aria-expanded=\"false\"><span>Ver ficha<\/span><span class=\"agn-plus\">+<\/span><\/button>\r\n                    <div class=\"agn-detail\">\r\n                        <div class=\"agn-detail-inner\">\r\n                            <div class=\"agn-meta-row\">\ud83d\udcc5 10 de noviembre de 2026<\/div>\r\n                            <div class=\"agn-meta-row\">\ud83d\udd50 09h00 \u2013 17h00<\/div>\r\n                            <div class=\"agn-meta-row\">\ud83d\udccd Expoplaza Guayaquil<\/div>\r\n                            <p class=\"agn-desc\">El congreso que re\u00fane a toda la cadena de valor del banano ecuatoriano, del productor al exportador, con conferencias t\u00e9cnicas y una feria comercial paralela. Ecuador es uno de los mayores exportadores de banano del mundo, y este evento en Expoplaza se ha consolidado como su principal espacio de discusi\u00f3n sectorial y de generaci\u00f3n de contactos comerciales.<\/p>\r\n                            <div class=\"agn-goodfor\"><span>Sector agro<\/span><span>Networking<\/span><\/div>\r\n                            <div class=\"agn-cta-row\">\r\n                                <a class=\"agn-btn agn-btn--solid\" href=\"https:\/\/www.expoplaza.ec\/evento\/la-cumbre\/\" target=\"_blank\" rel=\"noopener\">\ud83c\udf9f\ufe0f Entradas<\/a>\r\n                                <a class=\"agn-btn agn-btn--ghost\" href=\"https:\/\/www.expoplaza.ec\" target=\"_blank\" rel=\"noopener\">\ud83c\udf10 Sitio oficial<\/a>\r\n                            <\/div>\r\n                        <\/div>\r\n                    <\/div>\r\n                <\/div>\r\n            <\/article>\r\n\r\n            <!-- 20 NOV \u2014 Ricardo Arjona -->\r\n            <article class=\"agn-card\" data-date=\"2026-11-20\" data-cat=\"musica\">\r\n                <div class=\"agn-card-media\">\r\n                    <div class=\"agn-date-badge\"><span class=\"d\">20<\/span><span class=\"m\">nov<\/span><\/div>\r\n                    <span class=\"agn-cat-badge\">\ud83c\udfb5<\/span>\r\n                    <img decoding=\"async\" src=\"https:\/\/images.unsplash.com\/photo-1533174072545-7a4b6ad7a6c3?auto=format&fit=crop&w=700&q=80\" alt=\"Ricardo Arjona en Estadio Modelo, Guayaquil\" loading=\"lazy\">\r\n                <\/div>\r\n                <div class=\"agn-card-body\">\r\n                    <h3 class=\"agn-card-title\">Ricardo Arjona en Guayaquil<\/h3>\r\n                    <p class=\"agn-card-loc\">\ud83d\udccd Estadio Modelo<\/p>\r\n                    <button class=\"agn-toggle\" type=\"button\" aria-expanded=\"false\"><span>Ver ficha<\/span><span class=\"agn-plus\">+<\/span><\/button>\r\n                    <div class=\"agn-detail\">\r\n                        <div class=\"agn-detail-inner\">\r\n                            <div class=\"agn-meta-row\">\ud83d\udcc5 20 de noviembre de 2026<\/div>\r\n                            <div class=\"agn-meta-row\">\ud83d\udd50 20h30<\/div>\r\n                            <div class=\"agn-meta-row\">\ud83d\udccd Estadio Modelo, Guayaquil<\/div>\r\n                            <p class=\"agn-desc\">Letras narrativas y un estadio que se sabe cada verso: as\u00ed suelen ser las presentaciones de Arjona en Guayaquil, y esta fecha de noviembre no promete ser la excepci\u00f3n. El show combina cl\u00e1sicos de distintas d\u00e9cadas con material m\u00e1s reciente, en un formato de gran producci\u00f3n pensado para cerrar el a\u00f1o de conciertos internacionales en la ciudad.<\/p>\r\n                            <div class=\"agn-goodfor\"><span>Grandes conciertos<\/span><span>Letras<\/span><\/div>\r\n                            <div class=\"agn-cta-row\">\r\n                                <a class=\"agn-btn agn-btn--solid\" href=\"https:\/\/www.ticketshow.com.ec\/evento\/Ricardo-Arjona-Guayaquil-2026\" target=\"_blank\" rel=\"noopener\">\ud83c\udf9f\ufe0f Entradas<\/a>\r\n                                <a class=\"agn-btn agn-btn--ghost\" href=\"https:\/\/www.ticketshow.com.ec\" target=\"_blank\" rel=\"noopener\">\ud83c\udf10 Sitio oficial<\/a>\r\n                            <\/div>\r\n                        <\/div>\r\n                    <\/div>\r\n                <\/div>\r\n            <\/article>\r\n\r\n            <!-- 5 DIC \u2014 Carlos Vives -->\r\n            <article class=\"agn-card\" data-date=\"2026-12-05\" data-cat=\"musica\">\r\n                <div class=\"agn-card-media\">\r\n                    <div class=\"agn-date-badge\"><span class=\"d\">05<\/span><span class=\"m\">dic<\/span><\/div>\r\n                    <span class=\"agn-cat-badge\">\ud83c\udfb5<\/span>\r\n                    <img decoding=\"async\" src=\"https:\/\/images.unsplash.com\/photo-1550184658-ff6132a417a1?auto=format&fit=crop&w=700&q=80\" alt=\"Carlos Vives en Estadio Modelo, Guayaquil\" loading=\"lazy\">\r\n                <\/div>\r\n                <div class=\"agn-card-body\">\r\n                    <h3 class=\"agn-card-title\">Carlos Vives en Guayaquil<\/h3>\r\n                    <p class=\"agn-card-loc\">\ud83d\udccd Estadio Modelo<\/p>\r\n                    <button class=\"agn-toggle\" type=\"button\" aria-expanded=\"false\"><span>Ver ficha<\/span><span class=\"agn-plus\">+<\/span><\/button>\r\n                    <div class=\"agn-detail\">\r\n                        <div class=\"agn-detail-inner\">\r\n                            <div class=\"agn-meta-row\">\ud83d\udcc5 5 de diciembre de 2026<\/div>\r\n                            <div class=\"agn-meta-row\">\ud83d\udd50 21h00<\/div>\r\n                            <div class=\"agn-meta-row\">\ud83d\udccd Estadio Modelo, Guayaquil<\/div>\r\n                            <p class=\"agn-desc\">Vallenato con alma de rock para cerrar el a\u00f1o bailando: Carlos Vives llega al Estadio Modelo con un repertorio que combina sus cl\u00e1sicos de siempre con colaboraciones m\u00e1s recientes. Suele ser uno de los conciertos con mayor ambiente de baile de toda la temporada, ideal para ir en grupo grande.<\/p>\r\n                            <div class=\"agn-goodfor\"><span>Baile<\/span><span>Fin de a\u00f1o<\/span><\/div>\r\n                            <div class=\"agn-cta-row\">\r\n                                <a class=\"agn-btn agn-btn--solid\" href=\"https:\/\/www.ticketshow.com.ec\/evento\/CARLOS-VIVES-GUAYAQUIL-2026\" target=\"_blank\" rel=\"noopener\">\ud83c\udf9f\ufe0f Entradas<\/a>\r\n                                <a class=\"agn-btn agn-btn--ghost\" href=\"https:\/\/www.ticketshow.com.ec\" target=\"_blank\" rel=\"noopener\">\ud83c\udf10 Sitio oficial<\/a>\r\n                            <\/div>\r\n                        <\/div>\r\n                    <\/div>\r\n                <\/div>\r\n            <\/article>\r\n\r\n        <\/div>\r\n        <p class=\"agn-empty\" id=\"agnEmpty\">No hay eventos que coincidan con este filtro por ahora. Prueba con \"Todo\" o revisa otra categor\u00eda.<\/p>\r\n    <\/section>\r\n\r\n    <!-- ============ FAQ (contenido est\u00e1tico, SEO) ============ -->\r\n    <section class=\"agn-faq\">\r\n        <h2>Preguntas frecuentes sobre la agenda de Guayaquil<\/h2>\r\n        <div class=\"agn-faq-item\">\r\n            <h3>\u00bfQu\u00e9 hacer este fin de semana en Guayaquil?<\/h3>\r\n            <p>Depende del fin de semana, pero normalmente hay opciones en tres frentes: conciertos o teatro en salas como el Teatro S\u00e1nchez Aguilar o el Estadio Modelo, actividades gratuitas de museos como el Museo del Cacao o el Museo Municipal, y ferias tem\u00e1ticas en Expoplaza. Usa los filtros de \"Esta semana\" y por categor\u00eda en esta agenda para ver el listado actualizado.<\/p>\r\n        <\/div>\r\n        <div class=\"agn-faq-item\">\r\n            <h3>\u00bfQu\u00e9 eventos hay hoy en Guayaquil?<\/h3>\r\n            <p>La cartelera de eventos en Guayaquil cambia todos los d\u00edas. Esta agenda re\u00fane conciertos, teatro, exposiciones de museos, ferias y congresos ordenados por fecha, para que puedas revisar r\u00e1pidamente qu\u00e9 est\u00e1 pasando en la ciudad hoy y en los pr\u00f3ximos d\u00edas.<\/p>\r\n        <\/div>\r\n        <div class=\"agn-faq-item\">\r\n            <h3>\u00bfD\u00f3nde encontrar eventos culturales en Guayaquil?<\/h3>\r\n            <p>Los principales espacios culturales de la ciudad son el Museo Nacional del Cacao, el MAAC (Museo Antropol\u00f3gico y de Arte Contempor\u00e1neo), el Museo Municipal, el Museo de la M\u00fasica Popular Julio Jaramillo y el Teatro S\u00e1nchez Aguilar. La mayor\u00eda de sus actividades \u2014talleres, conversatorios, exposiciones y funciones de teatro\u2014 tienen entrada libre.<\/p>\r\n        <\/div>\r\n        <div class=\"agn-faq-item\">\r\n            <h3>\u00bfQu\u00e9 hacer en Guayaquil si es tu primera vez en la ciudad?<\/h3>\r\n            <p>Adem\u00e1s de revisar la agenda de eventos, lo m\u00e1s recomendable es combinar un recorrido por el Malec\u00f3n 2000 y el Cerro Santa Ana con alg\u00fan evento cultural gratuito del mismo d\u00eda. Al final de esta p\u00e1gina encontrar\u00e1s tours, traslados y experiencias guiadas por Guayaquil pensadas justamente para complementar tu visita.<\/p>\r\n        <\/div>\r\n    <\/section>\r\n\r\n    <!-- ============ M\u00c1S COSAS QUE HACER ============ -->\r\n    <section class=\"agn-more\">\r\n        <div class=\"agn-more-head\">\r\n            <span class=\"agn-eyebrow agn-eyebrow--light\">Trail Forth recomienda<\/span>\r\n            <h2>M\u00e1s cosas que hacer <em>en Guayaquil<\/em><\/h2>\r\n            <p>\u00bfVienes a Guayaquil? Entre un evento y otro, as\u00ed se conoce el resto de la ciudad.<\/p>\r\n        <\/div>\r\n        <div class=\"agn-more-track\" id=\"agnMoreTrack\"><\/div>\r\n        <a class=\"agn-more-all\" href=\"https:\/\/trailforthjournal.com\/es\/tours-y-actividades\/guayaquil\/\" target=\"_blank\" rel=\"noopener\">Ver todas las actividades en Guayaquil \u2192<\/a>\r\n    <\/section>\r\n\r\n<\/div>\r\n\r\n<!-- ============ SEO: Schema.org est\u00e1tico (no depende de JS) ============ -->\r\n<script type=\"application\/ld+json\">\r\n{\r\n  \"@context\": \"https:\/\/schema.org\",\r\n  \"@type\": \"ItemList\",\r\n  \"name\": \"Agenda de eventos en Guayaquil\",\r\n  \"itemListElement\": [\r\n    { \"@type\": \"ListItem\", \"position\": 1, \"item\": { \"@type\": \"Event\", \"name\": \"UARTES en Vivo: Nuevas Voces de la Vanguardia Sonora\", \"startDate\": \"2026-08-13T16:00\", \"eventAttendanceMode\": \"https:\/\/schema.org\/OfflineEventAttendanceMode\", \"eventStatus\": \"https:\/\/schema.org\/EventScheduled\", \"location\": {\"@type\":\"Place\",\"name\":\"Museo de la M\u00fasica Popular Julio Jaramillo\",\"address\":{\"@type\":\"PostalAddress\",\"addressLocality\":\"Guayaquil\",\"addressCountry\":\"EC\"}}, \"description\": \"Estudiantes de la Universidad de las Artes presentan sus proyectos sonoros m\u00e1s recientes.\", \"url\": \"https:\/\/uartes.edu.ec\" } },\r\n    { \"@type\": \"ListItem\", \"position\": 2, \"item\": { \"@type\": \"Event\", \"name\": \"El arte que nos une: Orquesta Sinf\u00f3nica Juvenil\", \"startDate\": \"2026-08-13T17:00\", \"eventAttendanceMode\": \"https:\/\/schema.org\/OfflineEventAttendanceMode\", \"eventStatus\": \"https:\/\/schema.org\/EventScheduled\", \"location\": {\"@type\":\"Place\",\"name\":\"Museo Municipal de Guayaquil\",\"address\":{\"@type\":\"PostalAddress\",\"addressLocality\":\"Guayaquil\",\"addressCountry\":\"EC\"}}, \"description\": \"Ciclo de conciertos gratuitos con la Orquesta Sinf\u00f3nica Juvenil de Guayaquil.\", \"url\": \"https:\/\/guayaquil.gob.ec\" } },\r\n    { \"@type\": \"ListItem\", \"position\": 3, \"item\": { \"@type\": \"Event\", \"name\": \"Obra teatral El tigre\", \"startDate\": \"2026-08-14T10:00\", \"eventAttendanceMode\": \"https:\/\/schema.org\/OfflineEventAttendanceMode\", \"eventStatus\": \"https:\/\/schema.org\/EventScheduled\", \"location\": {\"@type\":\"Place\",\"name\":\"Museo Municipal de Guayaquil\",\"address\":{\"@type\":\"PostalAddress\",\"addressLocality\":\"Guayaquil\",\"addressCountry\":\"EC\"}}, \"description\": \"Teatro infantil con dos funciones matutinas.\", \"url\": \"https:\/\/guayaquil.gob.ec\" } },\r\n    { \"@type\": \"ListItem\", \"position\": 4, \"item\": { \"@type\": \"Event\", \"name\": \"Sebasti\u00e1n Yatra en Guayaquil\", \"startDate\": \"2026-08-15T21:00\", \"eventAttendanceMode\": \"https:\/\/schema.org\/OfflineEventAttendanceMode\", \"eventStatus\": \"https:\/\/schema.org\/EventScheduled\", \"location\": {\"@type\":\"Place\",\"name\":\"Estadio Alberto Spencer\",\"address\":{\"@type\":\"PostalAddress\",\"addressLocality\":\"Guayaquil\",\"addressCountry\":\"EC\"}}, \"image\": \"https:\/\/images.unsplash.com\/photo-1506157786151-b8491531f063\", \"description\": \"Concierto de pop latino a gran escala en el Estadio Alberto Spencer.\", \"url\": \"https:\/\/www.ticketshow.com.ec\/evento\/Sebastian-Yatra-Guayaquil-2026\" } },\r\n    { \"@type\": \"ListItem\", \"position\": 5, \"item\": { \"@type\": \"Event\", \"name\": \"Bull\u00e9 a Bull\u00e9, con Pep Bou\", \"startDate\": \"2026-08-15\", \"endDate\": \"2026-08-17\", \"eventAttendanceMode\": \"https:\/\/schema.org\/OfflineEventAttendanceMode\", \"eventStatus\": \"https:\/\/schema.org\/EventScheduled\", \"location\": {\"@type\":\"Place\",\"name\":\"Teatro S\u00e1nchez Aguilar\",\"address\":{\"@type\":\"PostalAddress\",\"addressLocality\":\"Samborond\u00f3n\",\"addressCountry\":\"EC\"}}, \"description\": \"Espect\u00e1culo visual de burbujas de jab\u00f3n del artista catal\u00e1n Pep Bou.\", \"url\": \"https:\/\/teatrosanchezaguilar.org\/web-tsa\/\" } },\r\n    { \"@type\": \"ListItem\", \"position\": 6, \"item\": { \"@type\": \"Event\", \"name\": \"REINAS, comedia teatral\", \"startDate\": \"2026-08-15T19:30\", \"endDate\": \"2026-08-22T19:30\", \"eventAttendanceMode\": \"https:\/\/schema.org\/OfflineEventAttendanceMode\", \"eventStatus\": \"https:\/\/schema.org\/EventScheduled\", \"location\": {\"@type\":\"Place\",\"name\":\"MAAC\",\"address\":{\"@type\":\"PostalAddress\",\"addressLocality\":\"Guayaquil\",\"addressCountry\":\"EC\"}}, \"description\": \"Comedia teatral sobre cuatro mujeres que enfrentan sus miedos y sue\u00f1os.\", \"url\": \"https:\/\/eventosecuador.com\/evento\/reinas\" } },\r\n    { \"@type\": \"ListItem\", \"position\": 7, \"item\": { \"@type\": \"Event\", \"name\": \"Un hombre es un hombre, teatro de la UARTES\", \"startDate\": \"2026-08-18\", \"endDate\": \"2026-08-20\", \"eventAttendanceMode\": \"https:\/\/schema.org\/OfflineEventAttendanceMode\", \"eventStatus\": \"https:\/\/schema.org\/EventScheduled\", \"location\": {\"@type\":\"Place\",\"name\":\"Museo Municipal de Guayaquil\",\"address\":{\"@type\":\"PostalAddress\",\"addressLocality\":\"Guayaquil\",\"addressCountry\":\"EC\"}}, \"description\": \"Puesta en escena del cl\u00e1sico de Bertolt Brecht por estudiantes de la UARTES.\", \"url\": \"https:\/\/uartes.edu.ec\" } },\r\n    { \"@type\": \"ListItem\", \"position\": 8, \"item\": { \"@type\": \"Event\", \"name\": \"Merengue Fest 90s\", \"startDate\": \"2026-09-05T19:00\", \"eventAttendanceMode\": \"https:\/\/schema.org\/OfflineEventAttendanceMode\", \"eventStatus\": \"https:\/\/schema.org\/EventScheduled\", \"location\": {\"@type\":\"Place\",\"name\":\"Coliseo Voltaire\",\"address\":{\"@type\":\"PostalAddress\",\"addressLocality\":\"Guayaquil\",\"addressCountry\":\"EC\"}}, \"image\": \"https:\/\/images.unsplash.com\/photo-1571266028243-3716f02abc5d\", \"description\": \"Noche de merengue ochentero y noventero en el Coliseo Voltaire.\", \"url\": \"https:\/\/www.ticketshow.com.ec\/evento\/MERENGUE-FEST-DE-LOS-90-GUAYAQUIL-2026\" } },\r\n    { \"@type\": \"ListItem\", \"position\": 9, \"item\": { \"@type\": \"Event\", \"name\": \"FIL Guayaquil: Feria Internacional del Libro\", \"startDate\": \"2026-09-16T10:00\", \"eventAttendanceMode\": \"https:\/\/schema.org\/OfflineEventAttendanceMode\", \"eventStatus\": \"https:\/\/schema.org\/EventScheduled\", \"location\": {\"@type\":\"Place\",\"name\":\"Expoplaza Guayaquil\",\"address\":{\"@type\":\"PostalAddress\",\"addressLocality\":\"Guayaquil\",\"addressCountry\":\"EC\"}}, \"description\": \"Feria del libro con editoriales, autores y actividades familiares.\", \"url\": \"https:\/\/www.expoplaza.ec\/evento\/fil24-guayaquil\/\" } },\r\n    { \"@type\": \"ListItem\", \"position\": 10, \"item\": { \"@type\": \"Event\", \"name\": \"Ricardo Arjona en Guayaquil\", \"startDate\": \"2026-11-20T20:30\", \"eventAttendanceMode\": \"https:\/\/schema.org\/OfflineEventAttendanceMode\", \"eventStatus\": \"https:\/\/schema.org\/EventScheduled\", \"location\": {\"@type\":\"Place\",\"name\":\"Estadio Modelo\",\"address\":{\"@type\":\"PostalAddress\",\"addressLocality\":\"Guayaquil\",\"addressCountry\":\"EC\"}}, \"image\": \"https:\/\/images.unsplash.com\/photo-1533174072545-7a4b6ad7a6c3\", \"description\": \"Concierto de Ricardo Arjona en el Estadio Modelo.\", \"url\": \"https:\/\/www.ticketshow.com.ec\/evento\/Ricardo-Arjona-Guayaquil-2026\" } },\r\n    { \"@type\": \"ListItem\", \"position\": 11, \"item\": { \"@type\": \"Event\", \"name\": \"Carlos Vives en Guayaquil\", \"startDate\": \"2026-12-05T21:00\", \"eventAttendanceMode\": \"https:\/\/schema.org\/OfflineEventAttendanceMode\", \"eventStatus\": \"https:\/\/schema.org\/EventScheduled\", \"location\": {\"@type\":\"Place\",\"name\":\"Estadio Modelo\",\"address\":{\"@type\":\"PostalAddress\",\"addressLocality\":\"Guayaquil\",\"addressCountry\":\"EC\"}}, \"image\": \"https:\/\/images.unsplash.com\/photo-1550184658-ff6132a417a1\", \"description\": \"Concierto de Carlos Vives en el Estadio Modelo, cierre de a\u00f1o.\", \"url\": \"https:\/\/www.ticketshow.com.ec\/evento\/CARLOS-VIVES-GUAYAQUIL-2026\" } }\r\n  ]\r\n}\r\n<\/script>\r\n<script type=\"application\/ld+json\">\r\n{\r\n  \"@context\": \"https:\/\/schema.org\",\r\n  \"@type\": \"FAQPage\",\r\n  \"mainEntity\": [\r\n    { \"@type\": \"Question\", \"name\": \"\u00bfQu\u00e9 hacer este fin de semana en Guayaquil?\", \"acceptedAnswer\": { \"@type\": \"Answer\", \"text\": \"Depende del fin de semana, pero normalmente hay opciones en tres frentes: conciertos o teatro en salas como el Teatro S\u00e1nchez Aguilar o el Estadio Modelo, actividades gratuitas de museos como el Museo del Cacao o el Museo Municipal, y ferias tem\u00e1ticas en Expoplaza.\" } },\r\n    { \"@type\": \"Question\", \"name\": \"\u00bfQu\u00e9 eventos hay hoy en Guayaquil?\", \"acceptedAnswer\": { \"@type\": \"Answer\", \"text\": \"La cartelera de eventos en Guayaquil cambia todos los d\u00edas. Esta agenda re\u00fane conciertos, teatro, exposiciones de museos, ferias y congresos ordenados por fecha.\" } },\r\n    { \"@type\": \"Question\", \"name\": \"\u00bfD\u00f3nde encontrar eventos culturales en Guayaquil?\", \"acceptedAnswer\": { \"@type\": \"Answer\", \"text\": \"Los principales espacios culturales de la ciudad son el Museo Nacional del Cacao, el MAAC, el Museo Municipal, el Museo de la M\u00fasica Popular Julio Jaramillo y el Teatro S\u00e1nchez Aguilar.\" } },\r\n    { \"@type\": \"Question\", \"name\": \"\u00bfQu\u00e9 hacer en Guayaquil si es tu primera vez en la ciudad?\", \"acceptedAnswer\": { \"@type\": \"Answer\", \"text\": \"Lo m\u00e1s recomendable es combinar un recorrido por el Malec\u00f3n 2000 y el Cerro Santa Ana con alg\u00fan evento cultural gratuito del mismo d\u00eda, adem\u00e1s de reservar un tour guiado.\" } }\r\n  ]\r\n}\r\n<\/script>\r\n\r\n<style>\r\n    \/* =========================================================\r\n       TOKENS\r\n    ========================================================= *\/\r\n    .agn-root, .agn-root * {\r\n        box-sizing: border-box !important;\r\n    }\r\n    .agn-root {\r\n        --cream: #FAF7F0;\r\n        --ink: #16181A;\r\n        --ink-soft: #3A3B3D;\r\n        --gold: #B08A2E;\r\n        --gold-deep: #8C6E23;\r\n        --gold-tint: #F1E6C8;\r\n        --terracotta: #C1502E;\r\n        --line: #E7E1D2;\r\n        --muted: #726B5D;\r\n        --white: #FFFFFF;\r\n\r\n        --font-display: 'Fraunces', Georgia, serif;\r\n        --font-ui: 'Poppins', sans-serif;\r\n\r\n        font-family: var(--font-ui);\r\n        background: var(--cream);\r\n        color: var(--ink);\r\n        max-width: 1240px;\r\n        margin: 0 auto;\r\n        padding: 56px 20px 0;\r\n        width: 100%;\r\n        overflow: hidden;\r\n        -webkit-font-smoothing: antialiased;\r\n    }\r\n\r\n    \/* MASTHEAD *\/\r\n    .agn-masthead { max-width: 720px; margin: 0 0 40px; }\r\n    .agn-eyebrow {\r\n        display: inline-block; font-family: var(--font-ui); font-size: 11px; font-weight: 700;\r\n        letter-spacing: .14em; text-transform: uppercase; color: var(--gold-deep);\r\n        border-bottom: 1px solid var(--gold); padding-bottom: 6px; margin-bottom: 18px;\r\n    }\r\n    .agn-title {\r\n        font-family: var(--font-display); font-weight: 600; font-size: clamp(34px, 5vw, 52px);\r\n        line-height: 1.05; margin: 0 0 10px; color: var(--ink); letter-spacing: -.01em;\r\n    }\r\n    .agn-title em { font-style: italic; font-weight: 500; color: var(--gold-deep); }\r\n    .agn-subhead {\r\n        font-family: var(--font-ui); font-size: 13px; font-weight: 700; letter-spacing: .04em;\r\n        text-transform: uppercase; color: var(--muted); margin: 0 0 18px;\r\n    }\r\n    .agn-intro { font-family: var(--font-ui); font-size: 15px; line-height: 1.7; color: var(--muted); margin: 0; max-width: 62ch; }\r\n\r\n    \/* CONTROLS *\/\r\n    .agn-controls { position: relative; margin-bottom: 46px; padding-bottom: 22px; border-bottom: 1px solid var(--line); }\r\n    .agn-periods { display: inline-flex; flex-wrap: wrap; background: var(--white); border: 1px solid var(--line); border-radius: 999px; padding: 4px; gap: 2px; margin-bottom: 18px; }\r\n    .agn-period-btn {\r\n        font-family: var(--font-ui); font-size: 13px; font-weight: 600; letter-spacing: .01em;\r\n        padding: 10px 18px; border: none; border-radius: 999px; background: transparent; color: var(--ink-soft);\r\n        cursor: pointer; transition: .25s; white-space: nowrap;\r\n    }\r\n    .agn-period-btn:hover { color: var(--ink); }\r\n    .agn-period-btn.is-active { background: var(--ink); color: var(--gold-tint); }\r\n\r\n    .agn-cats { display: flex; flex-wrap: nowrap; overflow-x: auto; gap: 8px; padding-bottom: 4px; scrollbar-width: thin; }\r\n    .agn-cats::-webkit-scrollbar { height: 4px; }\r\n    .agn-cats::-webkit-scrollbar-thumb { background: var(--line); border-radius: 4px; }\r\n    .agn-cat-chip {\r\n        flex: 0 0 auto; font-family: var(--font-ui); font-size: 12.5px; font-weight: 600; padding: 8px 15px;\r\n        border-radius: 999px; border: 1px solid var(--line); background: var(--white); color: var(--ink-soft);\r\n        cursor: pointer; transition: .2s; white-space: nowrap;\r\n    }\r\n    .agn-cat-chip:hover { border-color: var(--gold); }\r\n    .agn-cat-chip.is-active { background: var(--gold-tint); border-color: var(--gold); color: var(--gold-deep); }\r\n\r\n    \/* SECTION *\/\r\n    .agn-section { margin-bottom: 12px; }\r\n    .agn-section-head { display: flex; align-items: baseline; gap: 16px; flex-wrap: wrap; margin-bottom: 22px; }\r\n    .agn-section-head h2 { font-family: var(--font-display); font-weight: 600; font-size: 26px; margin: 0; color: var(--ink); }\r\n    .agn-section-head p { font-family: var(--font-ui); font-size: 13px; color: var(--muted); margin: 0; }\r\n\r\n    .agn-empty {\r\n        display: none; font-family: var(--font-ui); font-size: 14px; color: var(--muted); background: var(--white);\r\n        border: 1px dashed var(--line); border-radius: 12px; padding: 22px; margin: 0 0 40px;\r\n    }\r\n    .agn-empty.is-visible { display: block; }\r\n\r\n    .agn-grid { display: grid; grid-template-columns: repeat(auto-fill, minmax(290px, 1fr)); gap: 22px; margin-bottom: 40px; }\r\n\r\n    \/* CARD *\/\r\n    .agn-card { background: var(--white); border: 1px solid var(--line); border-radius: 14px; overflow: hidden; transition: box-shadow .25s, transform .25s; }\r\n    .agn-card.is-hidden { display: none; }\r\n    .agn-card:hover { box-shadow: 0 14px 30px rgba(22,24,26,.10); transform: translateY(-3px); }\r\n\r\n    .agn-card-media { position: relative; width: 100%; height: 190px; overflow: hidden; background: var(--gold-tint); }\r\n    .agn-card-media img { width: 100%; height: 100%; object-fit: cover; display: block; }\r\n    .agn-date-badge { position: absolute; top: 14px; left: 14px; background: var(--white); color: var(--ink); border-radius: 8px; padding: 7px 10px; text-align: center; line-height: 1; box-shadow: 0 4px 10px rgba(0,0,0,.15); }\r\n    .agn-date-badge .d { display: block; font-family: var(--font-display); font-weight: 700; font-size: 18px; }\r\n    .agn-date-badge .m { display: block; font-family: var(--font-ui); font-size: 9px; font-weight: 700; letter-spacing: .06em; text-transform: uppercase; color: var(--gold-deep); margin-top: 2px; }\r\n    .agn-cat-badge { position: absolute; top: 14px; right: 14px; background: rgba(22,24,26,.72); backdrop-filter: blur(2px); color: var(--white); font-size: 13px; padding: 6px 9px; border-radius: 999px; }\r\n    .agn-soon-badge { position: absolute; bottom: 14px; left: 14px; background: var(--terracotta); color: var(--white); font-family: var(--font-ui); font-size: 10px; font-weight: 700; letter-spacing: .06em; text-transform: uppercase; padding: 5px 9px; border-radius: 6px; }\r\n\r\n    .agn-card-body { padding: 18px 18px 16px; }\r\n    .agn-card-title { font-family: var(--font-display); font-weight: 600; font-size: 19px; line-height: 1.2; margin: 0 0 8px; color: var(--ink); }\r\n    .agn-card-loc { font-family: var(--font-ui); font-size: 12.5px; color: var(--muted); margin: 0 0 14px; }\r\n\r\n    .agn-toggle {\r\n        width: 100%; display: flex; align-items: center; justify-content: space-between; background: none; border: none;\r\n        border-top: 1px solid var(--line); padding: 12px 0 0; font-family: var(--font-ui); font-size: 12.5px; font-weight: 700;\r\n        color: var(--gold-deep); cursor: pointer; letter-spacing: .02em;\r\n    }\r\n    .agn-toggle .agn-plus { font-size: 15px; transition: transform .25s; }\r\n    .agn-card.is-open .agn-plus { transform: rotate(45deg); }\r\n\r\n    .agn-detail { max-height: 0; overflow: hidden; transition: max-height .4s ease; }\r\n    .agn-card.is-open .agn-detail { max-height: 900px; }\r\n\r\n    .agn-detail-inner { padding: 16px 0 4px; }\r\n    .agn-meta-row { font-family: var(--font-ui); font-size: 12.5px; color: var(--ink-soft); margin-bottom: 6px; }\r\n    .agn-desc { font-family: var(--font-ui); font-size: 13.5px; line-height: 1.7; color: var(--ink-soft); margin: 12px 0 14px; }\r\n    .agn-goodfor { display: flex; flex-wrap: wrap; gap: 6px; margin-bottom: 16px; }\r\n    .agn-goodfor span { font-family: var(--font-ui); font-size: 10.5px; font-weight: 600; color: var(--gold-deep); background: var(--gold-tint); padding: 4px 9px; border-radius: 999px; }\r\n    .agn-cta-row { display: flex; gap: 10px; flex-wrap: wrap; }\r\n    .agn-btn { font-family: var(--font-ui); font-size: 11.5px; font-weight: 700; letter-spacing: .03em; text-transform: uppercase; text-decoration: none !important; padding: 10px 16px; border-radius: 8px; transition: .2s; }\r\n    .agn-btn--solid { background: var(--ink); color: var(--gold-tint) !important; }\r\n    .agn-btn--solid:hover { background: var(--gold-deep); }\r\n    .agn-btn--ghost { border: 1.5px solid var(--ink); color: var(--ink) !important; }\r\n    .agn-btn--ghost:hover { background: var(--ink); color: var(--white) !important; }\r\n\r\n    \/* FAQ *\/\r\n    .agn-faq { max-width: 780px; margin: 20px 0 56px; padding-top: 32px; border-top: 1px solid var(--line); }\r\n    .agn-faq h2 { font-family: var(--font-display); font-weight: 600; font-size: 24px; margin: 0 0 24px; color: var(--ink); }\r\n    .agn-faq-item { margin-bottom: 20px; }\r\n    .agn-faq-item h3 { font-family: var(--font-ui); font-size: 14.5px; font-weight: 700; color: var(--ink); margin: 0 0 6px; }\r\n    .agn-faq-item p { font-family: var(--font-ui); font-size: 13.5px; line-height: 1.7; color: var(--muted); margin: 0; }\r\n\r\n    \/* MORE THINGS TO DO *\/\r\n    .agn-more { background: var(--ink); margin: 0 -20px; padding: 56px 20px 64px; border-radius: 22px 22px 0 0; }\r\n    .agn-more-head { max-width: 640px; margin: 0 auto 30px; text-align: left; }\r\n    .agn-eyebrow--light { color: var(--gold); border-bottom-color: var(--gold); }\r\n    .agn-more-head h2 { font-family: var(--font-display); font-weight: 600; font-size: 28px; color: var(--white); margin: 0 0 10px; }\r\n    .agn-more-head h2 em { color: var(--gold); font-style: italic; font-weight: 500; }\r\n    .agn-more-head p { font-family: var(--font-ui); font-size: 14px; color: #B9B4A6; margin: 0; }\r\n\r\n    .agn-more-track { display: flex; gap: 18px; overflow-x: auto; padding: 4px 4px 14px; scroll-snap-type: x mandatory; }\r\n    .agn-more-track::-webkit-scrollbar { height: 5px; }\r\n    .agn-more-track::-webkit-scrollbar-thumb { background: #3A3B3D; border-radius: 4px; }\r\n    .agn-more-card { flex: 0 0 260px; scroll-snap-align: start; background: #1F2224; border-radius: 14px; overflow: hidden; text-decoration: none !important; display: block; transition: transform .25s; border: 1px solid #2C2F31; }\r\n    .agn-more-card:hover { transform: translateY(-4px); }\r\n    .agn-more-card img { width: 100%; height: 150px; object-fit: cover; display: block; }\r\n    .agn-more-card-body { padding: 16px; }\r\n    .agn-more-card-body h3 { font-family: var(--font-display); font-size: 16.5px; font-weight: 600; color: var(--white); margin: 0 0 8px; line-height: 1.25; }\r\n    .agn-more-card-body p { font-family: var(--font-ui); font-size: 12px; line-height: 1.55; color: #A9A499; margin: 0 0 14px; }\r\n    .agn-more-card-cta { font-family: var(--font-ui); font-size: 11px; font-weight: 700; letter-spacing: .04em; text-transform: uppercase; color: var(--gold); }\r\n    .agn-more-all { display: block; text-align: center; margin: 8px auto 0; font-family: var(--font-ui); font-size: 13px; font-weight: 700; color: var(--gold-tint) !important; text-decoration: none !important; border-bottom: 1px solid var(--gold); width: fit-content; padding-bottom: 3px; }\r\n\r\n    @media (max-width: 640px) {\r\n        .agn-root { padding: 40px 16px 0; }\r\n        .agn-periods { display: flex; width: 100%; }\r\n        .agn-period-btn { flex: 1; text-align: center; padding: 10px 8px; }\r\n        .agn-more { margin: 0 -16px; padding: 44px 16px 52px; }\r\n    }\r\n<\/style>\r\n\r\n<script>\r\n(function () {\r\n    \/* ---------------------------------------------------------\r\n       Los eventos ya existen como HTML real (arriba). Este script\r\n       solo aplica filtros de periodo\/categor\u00eda y controla el\r\n       acorde\u00f3n \u2014 no genera contenido, para que buscadores y\r\n       lectores sin JS vean la informaci\u00f3n completa igual.\r\n    --------------------------------------------------------- *\/\r\n    let activePeriod = 'all';\r\n    let activeCat = 'all';\r\n\r\n    function bucketOf(dateStr, today, weekEnd, monthEnd) {\r\n        const d = new Date(dateStr + \"T00:00:00\");\r\n        if (d < today) return 'past';\r\n        if (d <= weekEnd) return 'week';\r\n        if (d <= monthEnd) return 'month';\r\n        return 'later';\r\n    }\r\n\r\n    function applyFilters() {\r\n        const today = new Date(new Date().toDateString());\r\n        const weekEnd = new Date(today); weekEnd.setDate(weekEnd.getDate() + 7);\r\n        const monthEnd = new Date(today.getFullYear(), today.getMonth() + 1, 0);\r\n\r\n        let visibleCount = 0;\r\n        document.querySelectorAll('.agn-card').forEach(card => {\r\n            const bucket = bucketOf(card.dataset.date, today, weekEnd, monthEnd);\r\n            const matchesPeriod = activePeriod === 'all' || bucket === activePeriod;\r\n            const matchesCat = activeCat === 'all' || card.dataset.cat === activeCat;\r\n            const visible = bucket !== 'past' && matchesPeriod && matchesCat;\r\n            card.classList.toggle('is-hidden', !visible);\r\n            if (visible) visibleCount++;\r\n\r\n            \/\/ Marca \"Destacado\" din\u00e1micamente para eventos dentro de los pr\u00f3ximos 3 d\u00edas\r\n            const d = new Date(card.dataset.date + \"T00:00:00\");\r\n            const daysAway = Math.round((d - today) \/ 86400000);\r\n            let badge = card.querySelector('.agn-soon-badge');\r\n            if (daysAway >= 0 && daysAway <= 3) {\r\n                if (!badge) {\r\n                    badge = document.createElement('span');\r\n                    badge.className = 'agn-soon-badge';\r\n                    badge.textContent = 'Esta semana';\r\n                    card.querySelector('.agn-card-media').appendChild(badge);\r\n                } else {\r\n                    badge.textContent = 'Esta semana';\r\n                }\r\n            }\r\n        });\r\n\r\n        document.getElementById('agnEmpty').classList.toggle('is-visible', visibleCount === 0);\r\n    }\r\n\r\n    document.querySelectorAll('.agn-period-btn').forEach(btn => {\r\n        btn.addEventListener('click', () => {\r\n            activePeriod = btn.dataset.period;\r\n            document.querySelectorAll('.agn-period-btn').forEach(b => b.classList.toggle('is-active', b === btn));\r\n            applyFilters();\r\n        });\r\n    });\r\n\r\n    document.querySelectorAll('.agn-cat-chip').forEach(chip => {\r\n        chip.addEventListener('click', () => {\r\n            activeCat = chip.dataset.cat;\r\n            document.querySelectorAll('.agn-cat-chip').forEach(c => c.classList.toggle('is-active', c === chip));\r\n            applyFilters();\r\n        });\r\n    });\r\n\r\n    document.querySelectorAll('.agn-toggle').forEach(btn => {\r\n        btn.addEventListener('click', () => {\r\n            const card = btn.closest('.agn-card');\r\n            const open = card.classList.toggle('is-open');\r\n            btn.setAttribute('aria-expanded', open ? 'true' : 'false');\r\n        });\r\n    });\r\n\r\n    \/* ---------------------------------------------------------\r\n       M\u00c1S COSAS QUE HACER (promoci\u00f3n cruzada Trail Forth)\r\n    --------------------------------------------------------- *\/\r\n    const moreThings = [\r\n        { title: \"City Tour Privado en Guayaquil\", blurb: \"Un recorrido a tu ritmo por el Malec\u00f3n, Las Pe\u00f1as y el Cerro Santa Ana, con gu\u00eda privado.\", cta: \"Reservar\", url: \"https:\/\/trailforthjournal.com\/es\/reservar\/guayaquil-city-tour-privado\/\",\r\n          img: \"https:\/\/trailforthjournal.com\/es\/wp-content\/uploads\/sites\/4\/2025\/11\/tour-guayaquil-premium-scaled-1.png\" },\r\n        { title: \"Walking Tour Panor\u00e1mico\", blurb: \"Guayaquil a pie, con historias del casco hist\u00f3rico que no salen en las gu\u00edas.\", cta: \"Reservar\", url: \"https:\/\/trailforthjournal.com\/es\/reservar\/guayaquil-walking-tour-panoramico\/\",\r\n          img: \"https:\/\/trailforthjournal.com\/es\/wp-content\/uploads\/sites\/4\/2026\/04\/walking-tour-guayaquil-trail-forth-tours-and-activities.jpg\" },\r\n        { title: \"Traslados Aeropuerto Guayaquil\", blurb: \"Shuttle directo y sin sorpresas entre el aeropuerto y tu hotel.\", cta: \"Reservar\", url: \"https:\/\/trailforthjournal.com\/es\/reservar\/traslados-aeropuerto-guayaquil-shuttle\/\",\r\n          img: \"https:\/\/trailforthjournal.com\/es\/wp-content\/uploads\/sites\/4\/2026\/06\/aeropuerto-guayaquil.jpg\" },\r\n        { title: \"Mapa de Lugares Tur\u00edsticos\", blurb: \"Todo lo imprescindible de la ciudad, ubicado en un solo mapa interactivo.\", cta: \"Explorar mapa\", url: \"https:\/\/trailforthjournal.com\/es\/explora\/mapa-lugares-turisticos-guayaquil\/\",\r\n          img: \"https:\/\/trailforthjournal.com\/es\/wp-content\/uploads\/sites\/4\/2026\/07\/mapa-turistico-de-guayaquil.png\" },\r\n        { title: \"Tour Gastron\u00f3mico Privado\", blurb: \"Historia, sabores y maridaje: Guayaquil contada a trav\u00e9s de su cocina.\", cta: \"Reservar\", url: \"https:\/\/trailforthjournal.com\/es\/reservar\/tour-gastronomico-guayaquil-historia-maridaje\/\",\r\n          img: \"https:\/\/trailforthjournal.com\/es\/wp-content\/uploads\/sites\/4\/2026\/06\/tour-gastronomia-guayaquil.jpg\" },\r\n        { title: \"Tour Express en Guayaquil\", blurb: \"\u00bfEscala en el aeropuerto? Descubre la ciudad entre vuelos, sin perder el pr\u00f3ximo.\", cta: \"Reservar\", url: \"https:\/\/trailforthjournal.com\/es\/reservar\/tour-express-escala-guayaquil\/\",\r\n          img: \"https:\/\/trailforthjournal.com\/es\/wp-content\/uploads\/sites\/4\/2026\/06\/lugares-turisticos-guayaquil-scaled.jpeg\" }\r\n    ];\r\n\r\n    function renderMore() {\r\n        const track = document.getElementById('agnMoreTrack');\r\n        track.innerHTML = moreThings.map(item => `\r\n            <a class=\"agn-more-card\" href=\"${item.url}\" target=\"_blank\" rel=\"noopener\">\r\n                <img decoding=\"async\" src=\"${item.img}\" alt=\"${item.title}\" loading=\"lazy\">\r\n                <div class=\"agn-more-card-body\">\r\n                    <h3>${item.title}<\/h3>\r\n                    <p>${item.blurb}<\/p>\r\n                    <span class=\"agn-more-card-cta\">${item.cta} \u2192<\/span>\r\n                <\/div>\r\n            <\/a>\r\n        `).join('');\r\n    }\r\n\r\n    applyFilters();\r\n    renderMore();\r\n})();\r\n<\/script>\t\t\t\t<\/div>\n\t\t\t\t<\/div>\n\t\t\t\t\t<\/div>\n\t\t<\/div>\n\t\t\t\t\t<\/div>\n\t\t<\/section>\n\t\t\t\t<section class=\"elementor-section elementor-top-section elementor-element elementor-element-8ca9490 elementor-section-boxed elementor-section-height-default elementor-section-height-default wpr-particle-no wpr-jarallax-no wpr-parallax-no wpr-sticky-section-no wpr-column-slider-no wpr-equal-height-no\" data-id=\"8ca9490\" data-element_type=\"section\" data-e-type=\"section\">\n\t\t\t\t\t\t<div class=\"elementor-container elementor-column-gap-default\">\n\t\t\t\t\t<div class=\"elementor-column elementor-col-100 elementor-top-column elementor-element elementor-element-a45155d\" data-id=\"a45155d\" data-element_type=\"column\" data-e-type=\"column\">\n\t\t\t<div class=\"elementor-widget-wrap elementor-element-populated\">\n\t\t\t\t\t\t<div class=\"elementor-element elementor-element-2ee6290 elementor-widget elementor-widget-spacer\" data-id=\"2ee6290\" data-element_type=\"widget\" data-e-type=\"widget\" data-widget_type=\"spacer.default\">\n\t\t\t\t<div class=\"elementor-widget-container\">\n\t\t\t\t\t\t\t<div class=\"elementor-spacer\">\n\t\t\t<div class=\"elementor-spacer-inner\"><\/div>\n\t\t<\/div>\n\t\t\t\t\t\t<\/div>\n\t\t\t\t<\/div>\n\t\t\t\t\t<\/div>\n\t\t<\/div>\n\t\t\t\t\t<\/div>\n\t\t<\/section>\n\t\t\t\t<section class=\"elementor-section elementor-top-section elementor-element elementor-element-a5596b6 elementor-section-boxed elementor-section-height-default elementor-section-height-default wpr-particle-no wpr-jarallax-no wpr-parallax-no wpr-sticky-section-no wpr-column-slider-no wpr-equal-height-no\" data-id=\"a5596b6\" data-element_type=\"section\" data-e-type=\"section\">\n\t\t\t\t\t\t<div class=\"elementor-container elementor-column-gap-default\">\n\t\t\t\t\t<div class=\"elementor-column elementor-col-25 elementor-top-column elementor-element elementor-element-3deda3e\" data-id=\"3deda3e\" data-element_type=\"column\" data-e-type=\"column\">\n\t\t\t<div class=\"elementor-widget-wrap elementor-element-populated\">\n\t\t\t\t\t\t<div class=\"elementor-element elementor-element-2184ef4 elementor-widget elementor-widget-heading\" data-id=\"2184ef4\" data-element_type=\"widget\" data-e-type=\"widget\" data-widget_type=\"heading.default\">\n\t\t\t\t<div class=\"elementor-widget-container\">\n\t\t\t\t\t<h2 class=\"elementor-heading-title elementor-size-default\">Preguntas frecuentes sobre cosas que hacer en Guayaquil.<\/h2>\t\t\t\t<\/div>\n\t\t\t\t<\/div>\n\t\t\t\t<div class=\"elementor-element elementor-element-a4390cb elementor-widget elementor-widget-html\" data-id=\"a4390cb\" data-element_type=\"widget\" data-e-type=\"widget\" data-widget_type=\"html.default\">\n\t\t\t\t<div class=\"elementor-widget-container\">\n\t\t\t\t\t<style>\r\n.pc-wrapper { padding: 8px 0; font-family: 'Poppins', sans-serif; }\r\n.pc-container { max-width: 780px; margin: 0 auto; display: grid; gap: 18px; }\r\n.pc-item { background: #ffffff; border-radius: 4px; position: relative; box-shadow: 0 14px 28px rgba(0,0,0,0.18); }\r\n.pc-summary { list-style: none; cursor: pointer; display: flex; align-items: center; gap: 16px; padding: 22px 26px; font-weight: 700; color: #024F87; font-size: 15.5px; position: relative; }\r\n.pc-summary::-webkit-details-marker { display: none; }\r\n.pc-stampcorner { position: absolute; top: 10px; right: 10px; width: 30px; height: 38px; background: #FFDA00; border: 2px dashed #024F87; }\r\n.pc-q { flex: 1; line-height: 1.4; display: flex; flex-direction: column; gap: 4px; padding-right: 20px; }\r\n.pc-eyebrow { font-family: 'Courier New', monospace; font-size: 11px; letter-spacing: 1px; text-transform: uppercase; color: #ffffff; background: #024F87; padding: 2px 8px; border-radius: 3px; width: fit-content; }\r\n.pc-icon { color: #FFDA00; -webkit-text-stroke: 1px #024F87; font-size: 20px; flex-shrink: 0; transition: transform .3s ease; }\r\n.pc-item[open] .pc-icon { transform: translateX(6px); }\r\n.pc-answer { padding: 0 26px 24px 26px; color: #2c2c2e; font-size: 14.5px; line-height: 1.75; border-top: 1px solid #f0f0f0; margin: 0 26px; padding-top: 14px; }\r\n.pc-answer strong { color: #024F87; }\r\n<\/style>\r\n<div class=\"pc-wrapper\"><div class=\"pc-container\">\r\n    <details class=\"pc-item\">\r\n      <summary class=\"pc-summary\">\r\n        <span class=\"pc-stampcorner\"><\/span>\r\n        <span class=\"pc-q\"><span class=\"pc-eyebrow\">Pregunta 01<\/span>\u00bfCu\u00e1ntos d\u00edas se necesitan para conocer Guayaquil?<\/span>\r\n        <span class=\"pc-icon\">\u2708<\/span>\r\n      <\/summary>\r\n      <div class=\"pc-answer\"><p>Con <strong>1 a 2 d\u00edas<\/strong> es suficiente para recorrer el centro hist\u00f3rico: Malec\u00f3n 2000, Barrio Las Pe\u00f1as, Cerro Santa Ana y Puerto Santa Ana. Muchos viajeros usan Guayaquil como punto de partida antes de volar a Gal\u00e1pagos o continuar hacia Cuenca.<\/p><\/div>\r\n    <\/details>\r\n    <details class=\"pc-item\">\r\n      <summary class=\"pc-summary\">\r\n        <span class=\"pc-stampcorner\"><\/span>\r\n        <span class=\"pc-q\"><span class=\"pc-eyebrow\">Pregunta 02<\/span>\u00bfEs Guayaquil la capital de Ecuador?<\/span>\r\n        <span class=\"pc-icon\">\u2708<\/span>\r\n      <\/summary>\r\n      <div class=\"pc-answer\"><p>No. <strong>Quito<\/strong> es la capital administrativa, pero Guayaquil es la ciudad m\u00e1s poblada del pa\u00eds y su principal puerto y centro econ\u00f3mico, ubicada a orillas del r\u00edo Guayas.<\/p><\/div>\r\n    <\/details>\r\n    <details class=\"pc-item\">\r\n      <summary class=\"pc-summary\">\r\n        <span class=\"pc-stampcorner\"><\/span>\r\n        <span class=\"pc-q\"><span class=\"pc-eyebrow\">Pregunta 03<\/span>\u00bfCu\u00e1l es la mejor \u00e9poca para visitar Guayaquil?<\/span>\r\n        <span class=\"pc-icon\">\u2708<\/span>\r\n      <\/summary>\r\n      <div class=\"pc-answer\"><p>La temporada seca, entre <strong>junio y diciembre<\/strong>, ofrece temperaturas m\u00e1s frescas y es ideal para caminatas por el Malec\u00f3n. La temporada lluviosa (enero a mayo) muestra la costa en su \u00e9poca m\u00e1s verde y tropical.<\/p><\/div>\r\n    <\/details>\r\n    <details class=\"pc-item\">\r\n      <summary class=\"pc-summary\">\r\n        <span class=\"pc-stampcorner\"><\/span>\r\n        <span class=\"pc-q\"><span class=\"pc-eyebrow\">Pregunta 04<\/span>\u00bfEs Guayaquil una ciudad segura para el turismo?<\/span>\r\n        <span class=\"pc-icon\">\u2708<\/span>\r\n      <\/summary>\r\n      <div class=\"pc-answer\"><p>El turismo en Guayaquil ha mejorado significativamente en seguridad. Se recomienda mantenerse dentro de los <strong>corredores tur\u00edsticos<\/strong> como el Malec\u00f3n, Las Pe\u00f1as y Puerto Santa Ana, y usar apps de transporte registradas o traslados privados durante la noche.<\/p><\/div>\r\n    <\/details>\r\n    <details class=\"pc-item\">\r\n      <summary class=\"pc-summary\">\r\n        <span class=\"pc-stampcorner\"><\/span>\r\n        <span class=\"pc-q\"><span class=\"pc-eyebrow\">Pregunta 05<\/span>\u00bfC\u00f3mo moverse por Guayaquil?<\/span>\r\n        <span class=\"pc-icon\">\u2708<\/span>\r\n      <\/summary>\r\n      <div class=\"pc-answer\"><p>El sistema de buses <strong>Metrov\u00eda<\/strong> conecta gran parte de la ciudad, aunque para turistas lo m\u00e1s pr\u00e1ctico son los taxis registrados o apps de transporte, especialmente para moverse entre el centro hist\u00f3rico, Puerto Santa Ana y otros sectores.<\/p><\/div>\r\n    <\/details>\r\n    <details class=\"pc-item\">\r\n      <summary class=\"pc-summary\">\r\n        <span class=\"pc-stampcorner\"><\/span>\r\n        <span class=\"pc-q\"><span class=\"pc-eyebrow\">Pregunta 06<\/span>\u00bfQu\u00e9 diferencia a Guayaquil de Quito y Cuenca?<\/span>\r\n        <span class=\"pc-icon\">\u2708<\/span>\r\n      <\/summary>\r\n      <div class=\"pc-answer\"><p>Guayaquil es una ciudad costera y comercial con un clima c\u00e1lido tropical, mientras que <strong>Quito<\/strong> es la capital andina con arquitectura colonial en altura, y <strong>Cuenca<\/strong> destaca por su centro hist\u00f3rico patrimonio de la humanidad. Cada una ofrece una experiencia distinta dentro de un mismo viaje por Ecuador.<\/p><\/div>\r\n    <\/details>\r\n  <\/div><\/div>\t\t\t\t<\/div>\n\t\t\t\t<\/div>\n\t\t\t\t\t<\/div>\n\t\t<\/div>\n\t\t\t\t<div class=\"elementor-column elementor-col-25 elementor-top-column elementor-element elementor-element-291545b\" data-id=\"291545b\" data-element_type=\"column\" data-e-type=\"column\">\n\t\t\t<div class=\"elementor-widget-wrap elementor-element-populated\">\n\t\t\t\t\t\t<div class=\"elementor-element elementor-element-6ecf747 elementor-widget elementor-widget-spacer\" data-id=\"6ecf747\" data-element_type=\"widget\" data-e-type=\"widget\" data-widget_type=\"spacer.default\">\n\t\t\t\t<div class=\"elementor-widget-container\">\n\t\t\t\t\t\t\t<div class=\"elementor-spacer\">\n\t\t\t<div class=\"elementor-spacer-inner\"><\/div>\n\t\t<\/div>\n\t\t\t\t\t\t<\/div>\n\t\t\t\t<\/div>\n\t\t\t\t\t<\/div>\n\t\t<\/div>\n\t\t\t\t<div class=\"elementor-column elementor-col-25 elementor-top-column elementor-element elementor-element-c4d4c08\" data-id=\"c4d4c08\" data-element_type=\"column\" data-e-type=\"column\">\n\t\t\t<div class=\"elementor-widget-wrap elementor-element-populated\">\n\t\t\t\t\t\t<div class=\"elementor-element elementor-element-178fab9 elementor-widget elementor-widget-spacer\" data-id=\"178fab9\" data-element_type=\"widget\" data-e-type=\"widget\" data-widget_type=\"spacer.default\">\n\t\t\t\t<div class=\"elementor-widget-container\">\n\t\t\t\t\t\t\t<div class=\"elementor-spacer\">\n\t\t\t<div class=\"elementor-spacer-inner\"><\/div>\n\t\t<\/div>\n\t\t\t\t\t\t<\/div>\n\t\t\t\t<\/div>\n\t\t\t\t<div class=\"elementor-element elementor-element-b116cfb elementor-widget elementor-widget-spacer\" data-id=\"b116cfb\" data-element_type=\"widget\" data-e-type=\"widget\" data-widget_type=\"spacer.default\">\n\t\t\t\t<div class=\"elementor-widget-container\">\n\t\t\t\t\t\t\t<div class=\"elementor-spacer\">\n\t\t\t<div class=\"elementor-spacer-inner\"><\/div>\n\t\t<\/div>\n\t\t\t\t\t\t<\/div>\n\t\t\t\t<\/div>\n\t\t\t\t\t<\/div>\n\t\t<\/div>\n\t\t\t\t<div class=\"elementor-column elementor-col-25 elementor-top-column elementor-element elementor-element-d0eac45\" data-id=\"d0eac45\" data-element_type=\"column\" data-e-type=\"column\" data-settings=\"{&quot;background_background&quot;:&quot;classic&quot;}\">\n\t\t\t<div class=\"elementor-widget-wrap elementor-element-populated\">\n\t\t\t\t\t<div class=\"elementor-background-overlay\"><\/div>\n\t\t\t\t\t\t<div class=\"elementor-element elementor-element-3b2feef elementor-widget elementor-widget-spacer\" data-id=\"3b2feef\" data-element_type=\"widget\" data-e-type=\"widget\" data-widget_type=\"spacer.default\">\n\t\t\t\t<div class=\"elementor-widget-container\">\n\t\t\t\t\t\t\t<div class=\"elementor-spacer\">\n\t\t\t<div class=\"elementor-spacer-inner\"><\/div>\n\t\t<\/div>\n\t\t\t\t\t\t<\/div>\n\t\t\t\t<\/div>\n\t\t\t\t<div class=\"elementor-element elementor-element-c70eb64 elementor-shape-rounded elementor-grid-0 e-grid-align-center elementor-widget elementor-widget-social-icons\" data-id=\"c70eb64\" data-element_type=\"widget\" data-e-type=\"widget\" data-widget_type=\"social-icons.default\">\n\t\t\t\t<div class=\"elementor-widget-container\">\n\t\t\t\t\t\t\t<div class=\"elementor-social-icons-wrapper elementor-grid\">\n\t\t\t\t\t\t\t<span class=\"elementor-grid-item\">\n\t\t\t\t\t<a class=\"elementor-icon elementor-social-icon elementor-social-icon-map-marker-alt elementor-repeater-item-3106be1\" target=\"_blank\">\n\t\t\t\t\t\t<span class=\"elementor-screen-only\">Map-marker-alt<\/span>\n\t\t\t\t\t\t<i aria-hidden=\"true\" class=\"fas fa-map-marker-alt\"><\/i>\t\t\t\t\t<\/a>\n\t\t\t\t<\/span>\n\t\t\t\t\t<\/div>\n\t\t\t\t\t\t<\/div>\n\t\t\t\t<\/div>\n\t\t\t\t<div class=\"elementor-element elementor-element-e49006a elementor-widget elementor-widget-heading\" data-id=\"e49006a\" data-element_type=\"widget\" data-e-type=\"widget\" data-widget_type=\"heading.default\">\n\t\t\t\t<div class=\"elementor-widget-container\">\n\t\t\t\t\t<h5 class=\"elementor-heading-title elementor-size-default\">Guayaquil<\/h5>\t\t\t\t<\/div>\n\t\t\t\t<\/div>\n\t\t\t\t<div class=\"elementor-element elementor-element-04c20fc elementor-widget elementor-widget-html\" data-id=\"04c20fc\" data-element_type=\"widget\" data-e-type=\"widget\" data-widget_type=\"html.default\">\n\t\t\t\t<div class=\"elementor-widget-container\">\n\t\t\t\t\t<a class=\"weatherwidget-io\" href=\"https:\/\/forecast7.com\/es\/n2d17n79d92\/guayaquil\/\" data-label_1=\"GUAYAQUIL\" data-font=\"Ubuntu\" data-icons=\"Climacons Animated\" data-mode=\"Current\" data-days=\"3\" data-theme=\"gray\" data-basecolor=\"rgba(89, 99, 103, 0)\" >GUAYAQUIL<\/a>\r\n<script>\r\n!function(d,s,id){var js,fjs=d.getElementsByTagName(s)[0];if(!d.getElementById(id)){js=d.createElement(s);js.id=id;js.src='https:\/\/weatherwidget.io\/js\/widget.min.js';fjs.parentNode.insertBefore(js,fjs);}}(document,'script','weatherwidget-io-js');\r\n<\/script>\t\t\t\t<\/div>\n\t\t\t\t<\/div>\n\t\t\t\t<div class=\"elementor-element elementor-element-724b04b elementor-widget elementor-widget-spacer\" data-id=\"724b04b\" data-element_type=\"widget\" data-e-type=\"widget\" data-widget_type=\"spacer.default\">\n\t\t\t\t<div class=\"elementor-widget-container\">\n\t\t\t\t\t\t\t<div class=\"elementor-spacer\">\n\t\t\t<div class=\"elementor-spacer-inner\"><\/div>\n\t\t<\/div>\n\t\t\t\t\t\t<\/div>\n\t\t\t\t<\/div>\n\t\t\t\t<div class=\"elementor-element elementor-element-d7597d1 elementor-align-center elementor-icon-list--layout-inline elementor-list-item-link-full_width elementor-widget elementor-widget-icon-list\" data-id=\"d7597d1\" data-element_type=\"widget\" data-e-type=\"widget\" data-widget_type=\"icon-list.default\">\n\t\t\t\t<div class=\"elementor-widget-container\">\n\t\t\t\t\t\t\t<ul class=\"elementor-icon-list-items elementor-inline-items\">\n\t\t\t\t\t\t\t<li class=\"elementor-icon-list-item elementor-inline-item\">\n\t\t\t\t\t\t\t\t\t\t\t<a href=\"https:\/\/www.instagram.com\/trailforth\/\" target=\"_blank\">\n\n\t\t\t\t\t\t\t\t\t\t\t\t<span class=\"elementor-icon-list-icon\">\n\t\t\t\t\t\t\t<i aria-hidden=\"true\" class=\"fab fa-instagram\"><\/i>\t\t\t\t\t\t<\/span>\n\t\t\t\t\t\t\t\t\t\t<span class=\"elementor-icon-list-text\">trailforth <\/span>\n\t\t\t\t\t\t\t\t\t\t\t<\/a>\n\t\t\t\t\t\t\t\t\t<\/li>\n\t\t\t\t\t\t<\/ul>\n\t\t\t\t\t\t<\/div>\n\t\t\t\t<\/div>\n\t\t\t\t\t<\/div>\n\t\t<\/div>\n\t\t\t\t\t<\/div>\n\t\t<\/section>\n\t\t\t\t<section class=\"elementor-section elementor-top-section elementor-element elementor-element-6346b1f elementor-section-boxed elementor-section-height-default elementor-section-height-default wpr-particle-no wpr-jarallax-no wpr-parallax-no wpr-sticky-section-no wpr-column-slider-no wpr-equal-height-no\" data-id=\"6346b1f\" data-element_type=\"section\" data-e-type=\"section\">\n\t\t\t\t\t\t<div class=\"elementor-container elementor-column-gap-default\">\n\t\t\t\t\t<div class=\"elementor-column elementor-col-100 elementor-top-column elementor-element elementor-element-b9fcc6f\" data-id=\"b9fcc6f\" data-element_type=\"column\" data-e-type=\"column\">\n\t\t\t<div class=\"elementor-widget-wrap elementor-element-populated\">\n\t\t\t\t\t\t<div class=\"elementor-element elementor-element-bba2372 elementor-widget elementor-widget-spacer\" data-id=\"bba2372\" data-element_type=\"widget\" data-e-type=\"widget\" data-widget_type=\"spacer.default\">\n\t\t\t\t<div class=\"elementor-widget-container\">\n\t\t\t\t\t\t\t<div class=\"elementor-spacer\">\n\t\t\t<div class=\"elementor-spacer-inner\"><\/div>\n\t\t<\/div>\n\t\t\t\t\t\t<\/div>\n\t\t\t\t<\/div>\n\t\t\t\t\t<\/div>\n\t\t<\/div>\n\t\t\t\t\t<\/div>\n\t\t<\/section>\n\t\t\t\t<section class=\"elementor-section elementor-top-section elementor-element elementor-element-2b0d3a3 elementor-section-boxed elementor-section-height-default elementor-section-height-default wpr-particle-no wpr-jarallax-no wpr-parallax-no wpr-sticky-section-no wpr-column-slider-no wpr-equal-height-no\" data-id=\"2b0d3a3\" data-element_type=\"section\" data-e-type=\"section\">\n\t\t\t\t\t\t<div class=\"elementor-container elementor-column-gap-default\">\n\t\t\t\t\t<div class=\"elementor-column elementor-col-100 elementor-top-column elementor-element elementor-element-4eb49f2\" data-id=\"4eb49f2\" data-element_type=\"column\" data-e-type=\"column\">\n\t\t\t<div class=\"elementor-widget-wrap elementor-element-populated\">\n\t\t\t\t\t\t<div class=\"elementor-element elementor-element-454a42e elementor-widget elementor-widget-html\" data-id=\"454a42e\" data-element_type=\"widget\" data-e-type=\"widget\" data-widget_type=\"html.default\">\n\t\t\t\t<div class=\"elementor-widget-container\">\n\t\t\t\t\t<script type=\"application\/ld+json\">\r\n{\r\n  \"@context\": \"https:\/\/schema.org\",\r\n  \"@graph\": [\r\n    {\r\n      \"@type\": \"TravelAgency\",\r\n      \"@id\": \"https:\/\/trailforthjournal.com\/#organization\",\r\n      \"name\": \"Trail Forth Tours & Activities\",\r\n      \"url\": \"https:\/\/trailforthjournal.com\/\",\r\n      \"logo\": \"https:\/\/trailforthjournal.com\/wp-content\/uploads\/logo.png\",\r\n      \"image\": \"https:\/\/trailforthjournal.com\/wp-content\/uploads\/logo.png\",\r\n      \"description\": \"Agencia especializada en experiencias guiadas, actividades culturales y recorridos personalizados en Guayaquil.\",\r\n      \"address\": {\r\n        \"@type\": \"PostalAddress\",\r\n        \"addressLocality\": \"Guayaquil\",\r\n        \"addressCountry\": \"EC\"\r\n      },\r\n      \"hasOfferCatalog\": {\r\n        \"@type\": \"OfferCatalog\",\r\n        \"name\": \"Cat\u00e1logo de Tours 2026\",\r\n        \"itemListElement\": [\r\n          {\r\n            \"@type\": \"Offer\",\r\n            \"itemOffered\": {\r\n              \"@type\": \"Service\",\r\n              \"name\": \"City Tour Guayaquil Privado\",\r\n              \"description\": \"Recorrido hist\u00f3rico por el Malec\u00f3n 2000 y el Barrio Las Pe\u00f1as.\"\r\n            }\r\n          },\r\n          {\r\n            \"@type\": \"Offer\",\r\n            \"itemOffered\": {\r\n              \"@type\": \"Service\",\r\n              \"name\": \"Walking Tour Panor\u00e1mico\",\r\n              \"description\": \"Exploraci\u00f3n a pie de la arquitectura y parques del centro de Guayaquil.\"\r\n            }\r\n          },\r\n          {\r\n            \"@type\": \"Offer\",\r\n            \"itemOffered\": {\r\n              \"@type\": \"Service\",\r\n              \"name\": \"Tour Manglares Churute\",\r\n              \"description\": \"Observaci\u00f3n de fauna silvestre y paseo en bote en reserva ecol\u00f3gica.\"\r\n            }\r\n          },\r\n          {\r\n            \"@type\": \"Offer\",\r\n            \"itemOffered\": {\r\n              \"@type\": \"Service\",\r\n              \"name\": \"Tour del Cacao y Hacienda\",\r\n              \"description\": \"Experiencia del chocolate fino de aroma en hacienda tradicional.\"\r\n            }\r\n          },\r\n          {\r\n            \"@type\": \"Offer\",\r\n            \"itemOffered\": {\r\n              \"@type\": \"Service\",\r\n              \"name\": \"Tour Cuenca y El Cajas\",\r\n              \"description\": \"Excursi\u00f3n privada desde Guayaquil a los Andes y ciudad colonial.\"\r\n            }\r\n          }\r\n        ]\r\n      }\r\n    },\r\n    {\r\n      \"@type\": \"WebPage\",\r\n      \"@id\": \"https:\/\/trailforthjournal.com\/es\/cultura\/guia-turistica-guayaquil\/#webpage\",\r\n      \"url\": \"https:\/\/trailforthjournal.com\/es\/cultura\/guia-turistica-guayaquil\/\",\r\n      \"name\": \"Gu\u00eda de Guayaquil 2026 | Qu\u00e9 hacer, cultura, compras y experiencias\",\r\n      \"description\": \"Descubre qu\u00e9 hacer en Guayaquil en 2026: cultura, compras, agenda de eventos y experiencias locales. Planifica tu viaje con esta gu\u00eda completa y actualizada.\",\r\n      \"breadcrumb\": {\r\n        \"@type\": \"BreadcrumbList\",\r\n        \"itemListElement\": [\r\n          {\r\n            \"@type\": \"ListItem\",\r\n            \"position\": 1,\r\n            \"name\": \"Inicio\",\r\n            \"item\": \"https:\/\/trailforthjournal.com\/es\/\"\r\n          },\r\n          {\r\n            \"@type\": \"ListItem\",\r\n            \"position\": 2,\r\n            \"name\": \"Cultura\",\r\n            \"item\": \"https:\/\/trailforthjournal.com\/es\/cultura\/\"\r\n          },\r\n          {\r\n            \"@type\": \"ListItem\",\r\n            \"position\": 3,\r\n            \"name\": \"Gu\u00eda de Guayaquil\"\r\n          }\r\n        ]\r\n      },\r\n      \"publisher\": { \"@id\": \"https:\/\/trailforthjournal.com\/#organization\" },\r\n      \"about\": { \r\n        \"@type\": \"Place\", \r\n        \"name\": \"Guayaquil\" \r\n      }\r\n    },\r\n    {\r\n      \"@type\": \"FAQPage\",\r\n      \"mainEntity\": [\r\n        {\r\n          \"@type\": \"Question\",\r\n          \"name\": \"\u00bfQu\u00e9 cosas no me puedo perder al visitar Guayaquil en 2026?\",\r\n          \"acceptedAnswer\": { \r\n            \"@type\": \"Answer\", \r\n            \"text\": \"Los imprescindibles incluyen recorrer el ic\u00f3nico Malec\u00f3n 2000 y el hist\u00f3rico Barrio Las Pe\u00f1as, explorar la arquitectura sacra del centro y disfrutar del vibrante estilo de vida en Puerto Santa Ana. Adem\u00e1s, la ciudad es el destino ideal para compras y te recomendamos descubrir la agenda cultural de la Perla del Pac\u00edfico.\" \r\n          }\r\n        },\r\n        {\r\n          \"@type\": \"Question\",\r\n          \"name\": \"\u00bfCu\u00e1les son las mejores experiencias locales para descubrir Guayaquil y sus alrededores?\",\r\n          \"acceptedAnswer\": { \r\n            \"@type\": \"Answer\", \r\n            \"text\": \"Para una mirada profunda y aut\u00e9ntica, las mejores opciones son los City Tours privados por el centro hist\u00f3rico, las excursiones de naturaleza a la Reserva Manglares Churute y las rutas gastron\u00f3micas para conocer el origen del chocolate en haciendas cacaoteras tradicionales cerca de la ciudad.\" \r\n          }\r\n        }\r\n      ]\r\n    }\r\n  ]\r\n}\r\n<\/script>\t\t\t\t<\/div>\n\t\t\t\t<\/div>\n\t\t\t\t\t<\/div>\n\t\t<\/div>\n\t\t\t\t\t<\/div>\n\t\t<\/section>\n\t\t\t\t<section class=\"elementor-section elementor-top-section elementor-element elementor-element-341f7a1 elementor-section-boxed elementor-section-height-default elementor-section-height-default wpr-particle-no wpr-jarallax-no wpr-parallax-no wpr-sticky-section-no wpr-column-slider-no wpr-equal-height-no\" data-id=\"341f7a1\" data-element_type=\"section\" data-e-type=\"section\">\n\t\t\t\t\t\t<div class=\"elementor-container elementor-column-gap-default\">\n\t\t\t\t\t<div class=\"elementor-column elementor-col-100 elementor-top-column elementor-element elementor-element-cf4e13e\" data-id=\"cf4e13e\" data-element_type=\"column\" data-e-type=\"column\">\n\t\t\t<div class=\"elementor-widget-wrap elementor-element-populated\">\n\t\t\t\t\t\t<div class=\"elementor-element elementor-element-24bd5f3 elementor-widget-divider--view-line elementor-widget elementor-widget-divider\" data-id=\"24bd5f3\" data-element_type=\"widget\" data-e-type=\"widget\" data-widget_type=\"divider.default\">\n\t\t\t\t<div class=\"elementor-widget-container\">\n\t\t\t\t\t\t\t<div class=\"elementor-divider\">\n\t\t\t<span class=\"elementor-divider-separator\">\n\t\t\t\t\t\t<\/span>\n\t\t<\/div>\n\t\t\t\t\t\t<\/div>\n\t\t\t\t<\/div>\n\t\t\t\t<div class=\"elementor-element elementor-element-3eb4324 animated-slow elementor-invisible elementor-widget elementor-widget-heading\" data-id=\"3eb4324\" data-element_type=\"widget\" data-e-type=\"widget\" data-settings=\"{&quot;_animation&quot;:&quot;fadeInUp&quot;}\" data-widget_type=\"heading.default\">\n\t\t\t\t<div class=\"elementor-widget-container\">\n\t\t\t\t\t<h5 class=\"elementor-heading-title elementor-size-default\">Trail Forth Journal<\/h5>\t\t\t\t<\/div>\n\t\t\t\t<\/div>\n\t\t\t\t\t<\/div>\n\t\t<\/div>\n\t\t\t\t\t<\/div>\n\t\t<\/section>\n\t\t\t\t<section class=\"elementor-section elementor-top-section elementor-element elementor-element-9d43949 elementor-section-boxed elementor-section-height-default elementor-section-height-default wpr-particle-no wpr-jarallax-no wpr-parallax-no wpr-sticky-section-no wpr-column-slider-no wpr-equal-height-no\" data-id=\"9d43949\" data-element_type=\"section\" data-e-type=\"section\" data-settings=\"{&quot;background_background&quot;:&quot;classic&quot;}\">\n\t\t\t\t\t\t<div class=\"elementor-container elementor-column-gap-default\">\n\t\t\t\t\t<div class=\"elementor-column elementor-col-100 elementor-top-column elementor-element elementor-element-bb95729\" data-id=\"bb95729\" data-element_type=\"column\" data-e-type=\"column\">\n\t\t\t<div class=\"elementor-widget-wrap\">\n\t\t\t\t\t\t\t<\/div>\n\t\t<\/div>\n\t\t\t\t\t<\/div>\n\t\t<\/section>\n\t\t\t\t<section class=\"elementor-section elementor-top-section elementor-element elementor-element-8d72580 elementor-section-boxed elementor-section-height-default elementor-section-height-default wpr-particle-no wpr-jarallax-no wpr-parallax-no wpr-sticky-section-no wpr-column-slider-no wpr-equal-height-no\" data-id=\"8d72580\" data-element_type=\"section\" data-e-type=\"section\">\n\t\t\t\t\t\t<div class=\"elementor-container elementor-column-gap-default\">\n\t\t\t\t\t<div class=\"elementor-column elementor-col-100 elementor-top-column elementor-element elementor-element-da06290\" data-id=\"da06290\" data-element_type=\"column\" data-e-type=\"column\">\n\t\t\t<div class=\"elementor-widget-wrap elementor-element-populated\">\n\t\t\t\t\t\t<div class=\"elementor-element elementor-element-3920c49 elementor-widget elementor-widget-html\" data-id=\"3920c49\" data-element_type=\"widget\" data-e-type=\"widget\" data-widget_type=\"html.default\">\n\t\t\t\t<div class=\"elementor-widget-container\">\n\t\t\t\t\t<div class=\"tf-author-card\">\r\n    <div class=\"tf-card-inner\">\r\n        <div class=\"tf-author-profile\">\r\n            <div class=\"tf-avatar-container\">\r\n                <img decoding=\"async\" src=\"https:\/\/trailforthjournal.com\/es\/wp-content\/uploads\/sites\/4\/2026\/02\/Editor-\u00b7-Curador-de-rutas-y-experiencias.png\" alt=\"Jairo Cabrera\" class=\"tf-photo\">\r\n                <img decoding=\"async\" src=\"https:\/\/upload.wikimedia.org\/wikipedia\/commons\/e\/e8\/Flag_of_Ecuador.svg\" alt=\"Ecuador\" class=\"tf-flag-badge\">\r\n            <\/div>\r\n            <h3 class=\"tf-author-name\">Jairo Cabrera<\/h3>\r\n            <span class=\"tf-author-role\">Editor \u00b7 Curador de rutas y experiencias<\/span>\r\n        <\/div>\r\n\r\n        <div class=\"tf-author-content\">\r\n            <p class=\"tf-bio\">\r\n                \"Trail Forth Journal es un proyecto editorial independiente dedicado a documentar mapas, lugares, rutas y experiencias en Ecuador, desde una mirada local y cercana.\"\r\n            <\/p>\r\n            <p class=\"tf-support-text\">\r\n                 Si esta gu\u00eda te ayud\u00f3 a planear tu viaje, puedes escribirme si est\u00e1s organizando tu visita o apoyar el proyecto:\r\n            <\/p>\r\n            \r\n            <div class=\"tf-cta-group\">\r\n                <button class=\"tf-btn-primary\" onclick=\"toggleQueryPanel()\">\r\n                    <span>\ud83e\udded Ayuda para planear tu viaje<\/span>\r\n                <\/button>\r\n                <button class=\"tf-btn-secondary\" onclick=\"toggleStep1()\">\r\n                    <span>\u2615 Apoya Trail Forth Journal<\/span>\r\n                <\/button>\r\n            <\/div>\r\n        <\/div>\r\n    <\/div>\r\n\r\n    <div id=\"queryPanel\" class=\"tf-sliding-panel\">\r\n        <div class=\"tf-panel-content-box\">\r\n            <h4>\u00bfEn qu\u00e9 puedo ayudarte?<\/h4>\r\n            <p style=\"font-size: 13px; color: #666; margin-bottom: 15px;\">Cu\u00e9ntame sobre tus fechas, hotel o dudas de transporte para ayudarte a planear mejor.<\/p>\r\n            <textarea id=\"userQuery\" class=\"tf-query-textarea\" placeholder=\"Ej: Hola Jairo, planeo visitar Guayaquil...\"><\/textarea>\r\n            <div class=\"tf-action-grid\">\r\n                <button onclick=\"sendViaWhatsApp()\" class=\"tf-btn-action wa\"><span>Enviar por WhatsApp<\/span><\/button>\r\n                <button onclick=\"sendViaEmail()\" class=\"tf-btn-action mail\"><span>Enviar por Correo<\/span><\/button>\r\n            <\/div>\r\n        <\/div>\r\n    <\/div>\r\n\r\n    <div id=\"stepConsent\" class=\"tf-sliding-panel\">\r\n        <div class=\"tf-panel-content-box\">\r\n            <p>Este apoyo es voluntario y ayuda a sostener este proyecto editorial independiente.<\/p>\r\n            <label class=\"tf-checkbox-label\">\r\n                <input type=\"checkbox\" id=\"consentCheckbox\" onchange=\"toggleContinueBtn()\">\r\n                <span>Entiendo que esta es una contribuci\u00f3n voluntaria.<\/span>\r\n            <\/label>\r\n            <button class=\"tf-policy-link-btn\" onclick=\"openModal()\">Ver pol\u00edtica de contribuciones<\/button>\r\n            <button id=\"btnContinue\" class=\"tf-btn-continue\" disabled onclick=\"showQRCodes()\">Continuar<\/button>\r\n        <\/div>\r\n    <\/div>\r\n\r\n    <div id=\"stepQR\" class=\"tf-sliding-panel\" style=\"border-top: none;\">\r\n        <div class=\"tf-panel-content-box\">\r\n            <div class=\"tf-qr-wrapper\">\r\n                <div class=\"tf-qr-card\">\r\n                    <img decoding=\"async\" src=\"https:\/\/trailforthjournal.com\/es\/wp-content\/uploads\/sites\/4\/2026\/02\/QR-deuna.jpg\" alt=\"QR Deuna\">\r\n                <\/div>\r\n                <div class=\"tf-qr-card\">\r\n                    <img decoding=\"async\" src=\"https:\/\/trailforthjournal.com\/es\/wp-content\/uploads\/sites\/4\/2026\/02\/QR-Zelle.jpg\" alt=\"QR Zelle\">\r\n                <\/div>\r\n            <\/div>\r\n\r\n            <div class=\"tf-direct-links\">\r\n                <a href=\"https:\/\/paypal.me\/trailforth\" target=\"_blank\" class=\"tf-link-btn paypal\">\r\n                    <img decoding=\"async\" src=\"https:\/\/upload.wikimedia.org\/wikipedia\/commons\/b\/b5\/PayPal.svg\" alt=\"PayPal\"> Contribuir por PayPal\r\n                <\/a>\r\n                <a href=\"https:\/\/www.buymeacoffee.com\/trailforthjournal\" target=\"_blank\" class=\"tf-link-btn bmc\">\r\n                    <span>\u2615<\/span> Buy Me a Coffee\r\n                <\/a>\r\n            <\/div>\r\n\r\n            <p class=\"tf-qr-footer\">\u201cTu apoyo voluntario nos ayuda a seguir documentando y compartiendo lugares de Ecuador desde una mirada local.\u201d<\/p>\r\n        <\/div>\r\n    <\/div>\r\n<\/div>\r\n\r\n<div id=\"policyModal\" class=\"tf-modal-overlay\">\r\n    <div class=\"tf-modal-content\">\r\n        <div class=\"tf-modal-header\">\r\n            <h4>Pol\u00edtica de Contribuciones<\/h4>\r\n            <button class=\"tf-close-modal\" onclick=\"closeModal()\">&times;<\/button>\r\n        <\/div>\r\n        <div class=\"tf-modal-body\">\r\n            <p>Las contribuciones realizadas son voluntarias, no reembolsables y ayudan a sostener el trabajo de documentaci\u00f3n de Trail Forth Journal.<\/p>\r\n        <\/div>\r\n        <div class=\"tf-modal-footer\">\r\n            <button class=\"tf-btn-primary\" style=\"padding: 10px 40px; width: auto;\" onclick=\"closeModal()\">Entendido<\/button>\r\n        <\/div>\r\n    <\/div>\r\n<\/div>\r\n\r\n<style>\r\n    :root {\r\n        --tf-blue-dark: #1E3A8A; \r\n        --tf-blue-main: #3F74E8;  \r\n        --tf-blue-light: #4580FF; \r\n        --tf-wa-green: #25D366;\r\n    }\r\n\r\n    .tf-author-card {\r\n        max-width: 900px;\r\n        margin: 40px auto;\r\n        background: #ffffff;\r\n        border-radius: 30px;\r\n        border: 1px solid #eee;\r\n        box-shadow: 0 20px 50px rgba(0,0,0,0.05);\r\n        overflow: hidden;\r\n        font-family: 'Inter', sans-serif;\r\n    }\r\n\r\n    .tf-card-inner { display: flex; padding: 40px 50px; gap: 40px; align-items: center; }\r\n    \r\n    \/* Contenedor relativo para posicionar la bandera *\/\r\n    .tf-avatar-container { \r\n        width: 130px; \r\n        height: 130px; \r\n        margin: 0 auto; \r\n        position: relative; \r\n    }\r\n    \r\n    .tf-photo { width: 100%; height: 100%; border-radius: 50%; object-fit: cover; border: 1px solid #eee; }\r\n\r\n    \/* Estilo de la bandera circular *\/\r\n    .tf-flag-badge {\r\n        position: absolute;\r\n        bottom: 0px;\r\n        right: 0px;\r\n        width: 35px !important;\r\n        height: 35px !important;\r\n        aspect-ratio: 1 \/ 1 !important;\r\n        border-radius: 50% !important;\r\n        box-shadow: 0 2px 8px rgba(0,0,0,0.2);\r\n        border: 3px solid #fff !important;\r\n        object-fit: cover !important;\r\n        background-color: white;\r\n        display: block;\r\n        z-index: 10;\r\n    }\r\n\r\n    .tf-author-profile { flex: 0 0 220px; text-align: center; }\r\n    .tf-author-name { margin: 15px 0 0 0; font-size: 22px; color: #111; font-weight: 800; }\r\n    .tf-author-role { font-size: 10px; color: var(--tf-blue-dark); text-transform: uppercase; letter-spacing: 1.5px; display: block; margin-top: 8px; font-weight: 500; }\r\n    .tf-bio { font-size: 15px; line-height: 1.6; color: #555; font-style: italic; margin-bottom: 20px; border-left: 3px solid #f0f2f4; padding-left: 20px; }\r\n    .tf-support-text { font-size: 14px; color: #333; margin-bottom: 20px; }\r\n\r\n    .tf-cta-group { display: flex; gap: 12px; }\r\n    .tf-btn-primary, .tf-btn-secondary { flex: 1; padding: 14px; border-radius: 12px; font-size: 12px; font-weight: 700; cursor: pointer; transition: 0.3s; border: none; color: white; }\r\n    .tf-btn-primary { background-color: var(--tf-blue-main); }\r\n    .tf-btn-secondary { background-color: var(--tf-blue-light); }\r\n    .tf-btn-primary:hover, .tf-btn-secondary:hover { transform: translateY(-2px); box-shadow: 0 5px 15px rgba(0,0,0,0.1); }\r\n\r\n    .tf-sliding-panel { display: none; background: #fafafa; padding: 35px; border-top: 1px solid #f0f0f0; animation: tfSlideUp 0.4s ease forwards; }\r\n    .tf-panel-content-box { text-align: center; max-width: 550px; margin: 0 auto; }\r\n    \r\n    .tf-query-textarea { width: 100%; height: 90px; padding: 15px; border-radius: 12px; border: 1px solid #ddd; font-size: 14px; resize: none; margin-bottom: 15px; }\r\n    .tf-action-grid { display: flex; gap: 12px; }\r\n    .tf-btn-action { flex: 1; padding: 12px; border-radius: 50px; border: none; color: white; font-weight: 700; cursor: pointer; font-size: 13px; }\r\n    .tf-btn-action.wa { background: var(--tf-wa-green); }\r\n    .tf-btn-action.mail { background: var(--tf-blue-dark); }\r\n\r\n    .tf-checkbox-label { display: flex; align-items: center; justify-content: center; gap: 10px; cursor: pointer; font-size: 13px; color: #666; margin-bottom: 15px; }\r\n    .tf-policy-link-btn { background: none; border: none; font-size: 11px; color: var(--tf-blue-main); text-decoration: underline; cursor: pointer; margin-bottom: 15px; width: 100%; }\r\n    .tf-btn-continue { background-color: #ccc; color: white; border: none; padding: 12px 30px; border-radius: 50px; font-weight: 700; cursor: not-allowed; }\r\n    .tf-btn-continue.active { background-color: var(--tf-blue-dark); cursor: pointer; }\r\n\r\n    .tf-qr-wrapper { display: grid; grid-template-columns: 1fr 1fr; gap: 20px; max-width: 400px; margin: 0 auto 30px; }\r\n    .tf-qr-card { text-align: center; }\r\n    .tf-qr-card img { width: 100%; max-width: 170px; border-radius: 15px; border: 1px solid #eee; background: white; padding: 8px; box-shadow: 0 5px 15px rgba(0,0,0,0.03); }\r\n\r\n    .tf-direct-links { display: flex; flex-direction: column; gap: 10px; max-width: 320px; margin: 0 auto; }\r\n    .tf-link-btn { display: flex; align-items: center; justify-content: center; gap: 8px; padding: 12px; border-radius: 10px; text-decoration: none; font-size: 12px; font-weight: 700; border: 1px solid #ddd; transition: 0.3s; }\r\n    .tf-link-btn.paypal { background: #fff; color: #003087; border-color: #003087; }\r\n    .tf-link-btn.paypal img { height: 14px; }\r\n    .tf-link-btn.bmc { background: #FFDD00; color: #000; border-color: #FFDD00; }\r\n    .tf-link-btn:hover { background: #f9f9f9; transform: translateY(-2px); box-shadow: 0 4px 10px rgba(0,0,0,0.05); }\r\n\r\n    .tf-qr-footer { text-align: center; margin-top: 25px; font-size: 12px; color: #888; font-style: italic; line-height: 1.5; }\r\n\r\n    .tf-modal-overlay { position: fixed; top: 0; left: 0; width: 100%; height: 100%; background: rgba(0,0,0,0.4); backdrop-filter: blur(3px); display: none; align-items: center; justify-content: center; z-index: 9999; }\r\n    .tf-modal-content { background: white; width: 85%; max-width: 400px; border-radius: 20px; overflow: hidden; }\r\n    .tf-modal-header { padding: 15px 20px; background: #fcfcfc; border-bottom: 1px solid #eee; display: flex; justify-content: space-between; align-items: center; }\r\n    .tf-close-modal { background: none; border: none; font-size: 22px; cursor: pointer; color: #bbb; }\r\n    .tf-modal-body { padding: 20px; font-size: 13px; color: #555; line-height: 1.5; }\r\n    \r\n    .tf-modal-footer { \r\n        padding: 15px 20px 25px; \r\n        display: flex; \r\n        justify-content: center; \r\n        border-top: 1px solid #eee;\r\n    }\r\n\r\n    @keyframes tfSlideUp { from { opacity: 0; transform: translateY(10px); } to { opacity: 1; transform: translateY(0); } }\r\n\r\n    @media (max-width: 768px) {\r\n        .tf-card-inner { flex-direction: column; text-align: center; padding: 30px; }\r\n        .tf-author-profile { flex: none; }\r\n        .tf-cta-group { flex-direction: column; }\r\n        .tf-qr-wrapper { grid-template-columns: 1fr; gap: 15px; }\r\n        .tf-qr-card img { max-width: 140px; }\r\n    }\r\n<\/style>\r\n\r\n<script>\r\nfunction toggleQueryPanel() {\r\n    document.getElementById('stepConsent').style.display = 'none';\r\n    document.getElementById('stepQR').style.display = 'none';\r\n    const p = document.getElementById('queryPanel');\r\n    p.style.display = (p.style.display === 'block') ? 'none' : 'block';\r\n}\r\nfunction toggleStep1() {\r\n    document.getElementById('queryPanel').style.display = 'none';\r\n    document.getElementById('stepQR').style.display = 'none';\r\n    const p = document.getElementById('stepConsent');\r\n    p.style.display = (p.style.display === 'block') ? 'none' : 'block';\r\n}\r\nfunction sendViaWhatsApp() {\r\n    const t = document.getElementById('userQuery').value;\r\n    if(!t) return alert(\"Por favor, escribe tu consulta.\");\r\n    window.open(`https:\/\/wa.me\/593978887324?text=${encodeURIComponent(t)}`, '_blank');\r\n}\r\nfunction sendViaEmail() {\r\n    const t = document.getElementById('userQuery').value;\r\n    if(!t) return alert(\"Por favor, escribe tu consulta.\");\r\n    window.location.href = `mailto:info@trailforthjournal.com?subject=Consulta&body=${encodeURIComponent(t)}`;\r\n}\r\nfunction toggleContinueBtn() {\r\n    const c = document.getElementById('consentCheckbox');\r\n    const b = document.getElementById('btnContinue');\r\n    b.disabled = !c.checked;\r\n    c.checked ? b.classList.add('active') : b.classList.remove('active');\r\n}\r\nfunction showQRCodes() {\r\n    document.getElementById('stepConsent').style.display = 'none';\r\n    document.getElementById('stepQR').style.display = 'block';\r\n}\r\nfunction openModal() { document.getElementById('policyModal').style.display = 'flex'; }\r\nfunction closeModal() { document.getElementById('policyModal').style.display = 'none'; }\r\n<\/script>\t\t\t\t<\/div>\n\t\t\t\t<\/div>\n\t\t\t\t\t<\/div>\n\t\t<\/div>\n\t\t\t\t\t<\/div>\n\t\t<\/section>\n\t\t\t\t<section class=\"elementor-section elementor-top-section elementor-element elementor-element-8b1e3b2 elementor-section-boxed elementor-section-height-default elementor-section-height-default wpr-particle-no wpr-jarallax-no wpr-parallax-no wpr-sticky-section-no wpr-column-slider-no wpr-equal-height-no\" data-id=\"8b1e3b2\" data-element_type=\"section\" data-e-type=\"section\">\n\t\t\t\t\t\t<div class=\"elementor-container elementor-column-gap-default\">\n\t\t\t\t\t<div class=\"elementor-column elementor-col-100 elementor-top-column elementor-element elementor-element-053f149\" data-id=\"053f149\" data-element_type=\"column\" data-e-type=\"column\">\n\t\t\t<div class=\"elementor-widget-wrap elementor-element-populated\">\n\t\t\t\t\t\t<div class=\"elementor-element elementor-element-84da240 elementor-widget elementor-widget-spacer\" data-id=\"84da240\" data-element_type=\"widget\" data-e-type=\"widget\" data-widget_type=\"spacer.default\">\n\t\t\t\t<div class=\"elementor-widget-container\">\n\t\t\t\t\t\t\t<div class=\"elementor-spacer\">\n\t\t\t<div class=\"elementor-spacer-inner\"><\/div>\n\t\t<\/div>\n\t\t\t\t\t\t<\/div>\n\t\t\t\t<\/div>\n\t\t\t\t\t<\/div>\n\t\t<\/div>\n\t\t\t\t\t<\/div>\n\t\t<\/section>\n\t\t\t\t<section class=\"elementor-section elementor-top-section elementor-element elementor-element-bb448dd elementor-section-boxed elementor-section-height-default elementor-section-height-default wpr-particle-no wpr-jarallax-no wpr-parallax-no wpr-sticky-section-no wpr-column-slider-no wpr-equal-height-no\" data-id=\"bb448dd\" data-element_type=\"section\" data-e-type=\"section\">\n\t\t\t\t\t\t<div class=\"elementor-container elementor-column-gap-default\">\n\t\t\t\t\t<div class=\"elementor-column elementor-col-100 elementor-top-column elementor-element elementor-element-043d13a\" data-id=\"043d13a\" data-element_type=\"column\" data-e-type=\"column\">\n\t\t\t<div class=\"elementor-widget-wrap elementor-element-populated\">\n\t\t\t\t\t\t<div class=\"elementor-element elementor-element-c5c216f elementor-shape-rounded elementor-grid-0 e-grid-align-center elementor-widget elementor-widget-social-icons\" data-id=\"c5c216f\" data-element_type=\"widget\" data-e-type=\"widget\" data-widget_type=\"social-icons.default\">\n\t\t\t\t<div class=\"elementor-widget-container\">\n\t\t\t\t\t\t\t<div class=\"elementor-social-icons-wrapper elementor-grid\">\n\t\t\t\t\t\t\t<span class=\"elementor-grid-item\">\n\t\t\t\t\t<a class=\"elementor-icon elementor-social-icon elementor-social-icon-ellipsis-v elementor-repeater-item-07ab4f2\" target=\"_blank\">\n\t\t\t\t\t\t<span class=\"elementor-screen-only\">Ellipsis-v<\/span>\n\t\t\t\t\t\t<i aria-hidden=\"true\" class=\"fas fa-ellipsis-v\"><\/i>\t\t\t\t\t<\/a>\n\t\t\t\t<\/span>\n\t\t\t\t\t<\/div>\n\t\t\t\t\t\t<\/div>\n\t\t\t\t<\/div>\n\t\t\t\t\t<\/div>\n\t\t<\/div>\n\t\t\t\t\t<\/div>\n\t\t<\/section>\n\t\t\t\t<section class=\"elementor-section elementor-top-section elementor-element elementor-element-a82e6b9 elementor-section-boxed elementor-section-height-default elementor-section-height-default wpr-particle-no wpr-jarallax-no wpr-parallax-no wpr-sticky-section-no wpr-column-slider-no wpr-equal-height-no\" data-id=\"a82e6b9\" data-element_type=\"section\" data-e-type=\"section\">\n\t\t\t\t\t\t<div class=\"elementor-container elementor-column-gap-no\">\n\t\t\t\t\t<div class=\"elementor-column elementor-col-100 elementor-top-column elementor-element elementor-element-34ce38d\" data-id=\"34ce38d\" data-element_type=\"column\" data-e-type=\"column\">\n\t\t\t<div class=\"elementor-widget-wrap elementor-element-populated\">\n\t\t\t\t\t\t<div class=\"elementor-element elementor-element-261b517 elementor-widget elementor-widget-heading\" data-id=\"261b517\" data-element_type=\"widget\" data-e-type=\"widget\" data-widget_type=\"heading.default\">\n\t\t\t\t<div class=\"elementor-widget-container\">\n\t\t\t\t\t<h5 class=\"elementor-heading-title elementor-size-default\">Compartir<\/h5>\t\t\t\t<\/div>\n\t\t\t\t<\/div>\n\t\t\t\t\t<\/div>\n\t\t<\/div>\n\t\t\t\t\t<\/div>\n\t\t<\/section>\n\t\t\t\t<section class=\"elementor-section elementor-top-section elementor-element elementor-element-78b5f1c elementor-section-boxed elementor-section-height-default elementor-section-height-default wpr-particle-no wpr-jarallax-no wpr-parallax-no wpr-sticky-section-no wpr-column-slider-no wpr-equal-height-no\" data-id=\"78b5f1c\" data-element_type=\"section\" data-e-type=\"section\">\n\t\t\t\t\t\t<div class=\"elementor-container elementor-column-gap-default\">\n\t\t\t\t\t<div class=\"elementor-column elementor-col-100 elementor-top-column elementor-element elementor-element-19c26fb\" data-id=\"19c26fb\" data-element_type=\"column\" data-e-type=\"column\">\n\t\t\t<div class=\"elementor-widget-wrap elementor-element-populated\">\n\t\t\t\t\t\t<div class=\"elementor-element elementor-element-6db9021 elementor-widget elementor-widget-spacer\" data-id=\"6db9021\" data-element_type=\"widget\" data-e-type=\"widget\" data-widget_type=\"spacer.default\">\n\t\t\t\t<div class=\"elementor-widget-container\">\n\t\t\t\t\t\t\t<div class=\"elementor-spacer\">\n\t\t\t<div class=\"elementor-spacer-inner\"><\/div>\n\t\t<\/div>\n\t\t\t\t\t\t<\/div>\n\t\t\t\t<\/div>\n\t\t\t\t\t<\/div>\n\t\t<\/div>\n\t\t\t\t\t<\/div>\n\t\t<\/section>\n\t\t\t\t<section class=\"elementor-section elementor-top-section elementor-element elementor-element-407841a elementor-section-boxed elementor-section-height-default elementor-section-height-default wpr-particle-no wpr-jarallax-no wpr-parallax-no wpr-sticky-section-no wpr-column-slider-no wpr-equal-height-no\" data-id=\"407841a\" data-element_type=\"section\" data-e-type=\"section\">\n\t\t\t\t\t\t<div class=\"elementor-container elementor-column-gap-no\">\n\t\t\t\t\t<div class=\"elementor-column elementor-col-100 elementor-top-column elementor-element elementor-element-181bf34\" data-id=\"181bf34\" data-element_type=\"column\" data-e-type=\"column\">\n\t\t\t<div class=\"elementor-widget-wrap elementor-element-populated\">\n\t\t\t\t\t\t<div class=\"elementor-element elementor-element-5f32700 elementor-view-default elementor-widget elementor-widget-icon\" data-id=\"5f32700\" data-element_type=\"widget\" data-e-type=\"widget\" data-widget_type=\"icon.default\">\n\t\t\t\t<div class=\"elementor-widget-container\">\n\t\t\t\t\t\t\t<div class=\"elementor-icon-wrapper\">\n\t\t\t<div class=\"elementor-icon\">\n\t\t\t<i aria-hidden=\"true\" class=\"fas fa-share-alt\"><\/i>\t\t\t<\/div>\n\t\t<\/div>\n\t\t\t\t\t\t<\/div>\n\t\t\t\t<\/div>\n\t\t\t\t\t<\/div>\n\t\t<\/div>\n\t\t\t\t\t<\/div>\n\t\t<\/section>\n\t\t\t\t<section class=\"elementor-section elementor-top-section elementor-element elementor-element-dd3a376 elementor-section-boxed elementor-section-height-default elementor-section-height-default wpr-particle-no wpr-jarallax-no wpr-parallax-no wpr-sticky-section-no wpr-column-slider-no wpr-equal-height-no\" data-id=\"dd3a376\" data-element_type=\"section\" data-e-type=\"section\">\n\t\t\t\t\t\t<div class=\"elementor-container elementor-column-gap-default\">\n\t\t\t\t\t<div class=\"elementor-column elementor-col-100 elementor-top-column elementor-element elementor-element-5e6393c\" data-id=\"5e6393c\" data-element_type=\"column\" data-e-type=\"column\">\n\t\t\t<div class=\"elementor-widget-wrap elementor-element-populated\">\n\t\t\t\t\t\t<div class=\"elementor-element elementor-element-3018056 elementor-widget elementor-widget-spacer\" data-id=\"3018056\" data-element_type=\"widget\" data-e-type=\"widget\" data-widget_type=\"spacer.default\">\n\t\t\t\t<div class=\"elementor-widget-container\">\n\t\t\t\t\t\t\t<div class=\"elementor-spacer\">\n\t\t\t<div class=\"elementor-spacer-inner\"><\/div>\n\t\t<\/div>\n\t\t\t\t\t\t<\/div>\n\t\t\t\t<\/div>\n\t\t\t\t\t<\/div>\n\t\t<\/div>\n\t\t\t\t\t<\/div>\n\t\t<\/section>\n\t\t\t\t<section class=\"elementor-section elementor-top-section elementor-element elementor-element-68ef4cf elementor-section-boxed elementor-section-height-default elementor-section-height-default wpr-particle-no wpr-jarallax-no wpr-parallax-no wpr-sticky-section-no wpr-column-slider-no wpr-equal-height-no\" data-id=\"68ef4cf\" data-element_type=\"section\" data-e-type=\"section\">\n\t\t\t\t\t\t<div class=\"elementor-container elementor-column-gap-default\">\n\t\t\t\t\t<div class=\"elementor-column elementor-col-100 elementor-top-column elementor-element elementor-element-2cb68cf\" data-id=\"2cb68cf\" data-element_type=\"column\" data-e-type=\"column\">\n\t\t\t<div class=\"elementor-widget-wrap elementor-element-populated\">\n\t\t\t\t\t\t<div class=\"elementor-element elementor-element-cce8051 elementor-grid-0 elementor-widget elementor-widget-wpr-sharing-buttons\" data-id=\"cce8051\" data-element_type=\"widget\" data-e-type=\"widget\" data-widget_type=\"wpr-sharing-buttons.default\">\n\t\t\t\t<div class=\"elementor-widget-container\">\n\t\t\t\t\t<div class=\"wpr-sharing-buttons elementor-grid wpr-sharing-official wpr-sharing-label-off wpr-sharing-label-tr\"><div class=\"elementor-grid-item\"><a href=\"https:\/\/www.facebook.com\/sharer.php?u=https:\/\/trailforthjournal.com\/es\/guia-turistica\/guayaquil-ecuador\/\" class=\"wpr-sharing-icon wpr-sharing-facebook-f\" title=\"\" target=\"_blank\"><i class=\"fab fa-facebook-f\"><\/i><\/a><\/div><div class=\"elementor-grid-item\"><a href=\"https:\/\/twitter.com\/intent\/tweet?url=https:\/\/trailforthjournal.com\/es\/guia-turistica\/guayaquil-ecuador\/\" class=\"wpr-sharing-icon wpr-sharing-twitter\" title=\"\" target=\"_blank\"><i class=\"fab fa-twitter\"><\/i><\/a><\/div><div class=\"elementor-grid-item\"><a href=\"https:\/\/www.linkedin.com\/shareArticle?mini=true&url=https:\/\/trailforthjournal.com\/es\/guia-turistica\/guayaquil-ecuador\/&title=Gu\u00eda de Guayaquil 2026 | Qu\u00e9 hacer, cultura, compras y experiencias&summary=Descubre qu\u00e9 hacer en Guayaquil en 2026: cultura, compras, agenda anual de eventos y experiencias locales. Planifica tu viaje con esta gu\u00eda completa y actualizada.&source=https:\/\/trailforthjournal.com\/es\/guia-turistica\/guayaquil-ecuador\/\" class=\"wpr-sharing-icon wpr-sharing-linkedin-in\" title=\"\" target=\"_blank\"><i class=\"fab fa-linkedin-in\"><\/i><\/a><\/div><div class=\"elementor-grid-item\"><a href=\"https:\/\/api.whatsapp.com\/send?text=*Gu\u00eda de Guayaquil 2026 | Qu\u00e9 hacer, cultura, compras y experiencias*%0ahttps:\/\/trailforthjournal.com\/es\/guia-turistica\/guayaquil-ecuador\/\" class=\"wpr-sharing-icon wpr-sharing-whatsapp\" title=\"\" target=\"_blank\"><i class=\"fab fa-whatsapp\"><\/i><\/a><\/div><div class=\"elementor-grid-item\"><a href=\"mailto:?subject=Gu\u00eda de Guayaquil 2026 | Qu\u00e9 hacer, cultura, compras y experiencias&body=https:\/\/trailforthjournal.com\/es\/guia-turistica\/guayaquil-ecuador\/\" class=\"wpr-sharing-icon wpr-sharing-envelope\" title=\"\" target=\"_blank\"><i class=\"fas fa-envelope\"><\/i><\/a><\/div><div class=\"elementor-grid-item\"><a href=\"https:\/\/www.facebook.com\/sharer.php?u=https:\/\/trailforthjournal.com\/es\/guia-turistica\/guayaquil-ecuador\/\" class=\"wpr-sharing-icon wpr-sharing-facebook-f\" title=\"\" target=\"_blank\"><i class=\"fab fa-facebook-f\"><\/i><\/a><\/div><\/div>\t\t\t\t<\/div>\n\t\t\t\t<\/div>\n\t\t\t\t\t<\/div>\n\t\t<\/div>\n\t\t\t\t\t<\/div>\n\t\t<\/section>\n\t\t\t\t<section class=\"elementor-section elementor-top-section elementor-element elementor-element-d1b9409 elementor-section-boxed elementor-section-height-default elementor-section-height-default wpr-particle-no wpr-jarallax-no wpr-parallax-no wpr-sticky-section-no wpr-column-slider-no wpr-equal-height-no\" data-id=\"d1b9409\" data-element_type=\"section\" data-e-type=\"section\">\n\t\t\t\t\t\t<div class=\"elementor-container elementor-column-gap-default\">\n\t\t\t\t\t<div class=\"elementor-column elementor-col-100 elementor-top-column elementor-element elementor-element-5045cd2\" data-id=\"5045cd2\" data-element_type=\"column\" data-e-type=\"column\">\n\t\t\t<div class=\"elementor-widget-wrap elementor-element-populated\">\n\t\t\t\t\t\t<div class=\"elementor-element elementor-element-a7ae444 elementor-widget elementor-widget-spacer\" data-id=\"a7ae444\" data-element_type=\"widget\" data-e-type=\"widget\" data-widget_type=\"spacer.default\">\n\t\t\t\t<div class=\"elementor-widget-container\">\n\t\t\t\t\t\t\t<div class=\"elementor-spacer\">\n\t\t\t<div class=\"elementor-spacer-inner\"><\/div>\n\t\t<\/div>\n\t\t\t\t\t\t<\/div>\n\t\t\t\t<\/div>\n\t\t\t\t\t<\/div>\n\t\t<\/div>\n\t\t\t\t\t<\/div>\n\t\t<\/section>\n\t\t\t\t<section class=\"elementor-section elementor-top-section elementor-element elementor-element-fc30bcb elementor-section-boxed elementor-section-height-default elementor-section-height-default wpr-particle-no wpr-jarallax-no wpr-parallax-no wpr-sticky-section-no wpr-column-slider-no wpr-equal-height-no\" data-id=\"fc30bcb\" data-element_type=\"section\" data-e-type=\"section\">\n\t\t\t\t\t\t<div class=\"elementor-container elementor-column-gap-no\">\n\t\t\t\t\t<div class=\"elementor-column elementor-col-100 elementor-top-column elementor-element elementor-element-0e6debe\" data-id=\"0e6debe\" data-element_type=\"column\" data-e-type=\"column\">\n\t\t\t<div class=\"elementor-widget-wrap elementor-element-populated\">\n\t\t\t\t\t\t<div class=\"elementor-element elementor-element-8bec4ef premium-title-color elementor-widget elementor-widget-premium-addon-title\" data-id=\"8bec4ef\" data-element_type=\"widget\" data-e-type=\"widget\" data-widget_type=\"premium-addon-title.default\">\n\t\t\t\t<div class=\"elementor-widget-container\">\n\t\t\t\t\t\n\t\t<div class=\"premium-title-wrapper\">\n\t\t\t<div class=\"premium-title-container\">\n\t\t\t\t<h5 class=\"premium-title-header premium-title-style7\">\n\t\t\t\t\t\t\t\t\t\t\t\t\t\t\t\t\t\t<span class=\"premium-title-style7-stripe-wrap\">\n\t\t\t\t\t\t\t\t<span class=\"premium-title-style7-stripe\"><\/span>\n\t\t\t\t\t\t\t<\/span>\n\t\t\t\t\t\t\t\t\t\t\t\t<div class=\"premium-title-style7-inner\">\n\t\t\t\t\t\n\t\t\t\t\t\n\t\t\t\t\t\t\t\t\t\t\t\t\t\t\t\t\t\t\t\t\t\t\t\t\t\t<span class=\"premium-title-text\">\n\t\t\t\t\t\tRelacionado\t\t\t\t\t<\/span>\n\t\t\t\t\t\t\n\t\t\t\t\t\t\t\t\t\t\t<\/div>\n\t\t\t\t\t\t\t\t\t\t\n\t\t\t\t\t\t\t\t\t<\/h5>\n\n\t\t\t<\/div>\n\n\t\t\t\t\t<\/div>\n\n\t\t\t\t\t\t<\/div>\n\t\t\t\t<\/div>\n\t\t\t\t\t<\/div>\n\t\t<\/div>\n\t\t\t\t\t<\/div>\n\t\t<\/section>\n\t\t\t\t<section class=\"elementor-section elementor-top-section elementor-element elementor-element-098b757 elementor-section-content-middle elementor-section-full_width elementor-section-height-default elementor-section-height-default wpr-particle-no wpr-jarallax-no wpr-parallax-no wpr-sticky-section-no wpr-column-slider-no wpr-equal-height-no\" data-id=\"098b757\" data-element_type=\"section\" data-e-type=\"section\">\n\t\t\t\t\t\t<div class=\"elementor-container elementor-column-gap-no\">\n\t\t\t\t\t<div class=\"elementor-column elementor-col-100 elementor-top-column elementor-element elementor-element-c7a75d9\" data-id=\"c7a75d9\" data-element_type=\"column\" data-e-type=\"column\">\n\t\t\t<div class=\"elementor-widget-wrap elementor-element-populated\">\n\t\t\t\t\t\t<div class=\"elementor-element elementor-element-4642db1 premium-blog-align-left elementor-widget elementor-widget-premium-addon-blog\" data-id=\"4642db1\" data-element_type=\"widget\" data-e-type=\"widget\" data-settings=\"{&quot;force_height&quot;:&quot;true&quot;,&quot;premium_blog_columns_number&quot;:&quot;25%&quot;,&quot;premium_blog_grid&quot;:&quot;yes&quot;,&quot;premium_blog_layout&quot;:&quot;even&quot;,&quot;premium_blog_columns_number_tablet&quot;:&quot;50%&quot;,&quot;premium_blog_columns_number_mobile&quot;:&quot;100%&quot;,&quot;scroll_to_offset&quot;:&quot;yes&quot;}\" data-widget_type=\"premium-addon-blog.default\">\n\t\t\t\t<div class=\"elementor-widget-container\">\n\t\t\t\t\t\n\t\t\n\n\t\t\t\t<div class=\"premium-blog-wrap  premium-blog-even\" data-page=\"36287\">\n\t\t\t\t\t\t\t\t\t<div class=\"premium-blog-post-outer-container\" data-total=\"6\">\n\t\t\t<div class=\"premium-blog-post-container premium-blog-skin-banner\">\n\t\t\t\t\t\t\t\t\t<div class=\"premium-blog-thumb-effect-wrapper\">\n\t\t\t\t\t\t<div class=\"premium-blog-thumbnail-container premium-blog-zoomin-effect\">\n\t\t\t\t\t\t\t<img fetchpriority=\"high\" decoding=\"async\" width=\"2560\" height=\"1759\" src=\"https:\/\/trailforthjournal.com\/es\/wp-content\/uploads\/sites\/4\/2022\/11\/Palacio-de-Cristal-scaled.jpg\" class=\"attachment-full size-full wp-image-15349\" alt=\"Palacio de Cristal de Guayaquil, vista en la noche\" srcset=\"https:\/\/trailforthjournal.com\/es\/wp-content\/uploads\/sites\/4\/2022\/11\/Palacio-de-Cristal-scaled.jpg 2560w, https:\/\/trailforthjournal.com\/es\/wp-content\/uploads\/sites\/4\/2022\/11\/Palacio-de-Cristal-300x206.jpg 300w, https:\/\/trailforthjournal.com\/es\/wp-content\/uploads\/sites\/4\/2022\/11\/Palacio-de-Cristal-1024x703.jpg 1024w, https:\/\/trailforthjournal.com\/es\/wp-content\/uploads\/sites\/4\/2022\/11\/Palacio-de-Cristal-768x528.jpg 768w, https:\/\/trailforthjournal.com\/es\/wp-content\/uploads\/sites\/4\/2022\/11\/Palacio-de-Cristal-1536x1055.jpg 1536w, https:\/\/trailforthjournal.com\/es\/wp-content\/uploads\/sites\/4\/2022\/11\/Palacio-de-Cristal-2048x1407.jpg 2048w, https:\/\/trailforthjournal.com\/es\/wp-content\/uploads\/sites\/4\/2022\/11\/Palacio-de-Cristal-73x50.jpg 73w, https:\/\/trailforthjournal.com\/es\/wp-content\/uploads\/sites\/4\/2022\/11\/Palacio-de-Cristal-600x412.jpg 600w\" sizes=\"(max-width: 2560px) 100vw, 2560px\" \/>\t\t\t\t\t\t<\/div>\n\t\t\t\t\t\t\t\t\t\t\t\t\t<div class=\"premium-blog-thumbnail-overlay\">\n\t\t\t\t\t\t\t\t<a class=\"elementor-icon\" href=\"https:\/\/trailforthjournal.com\/es\/cultura\/palacio-de-cristal-guayaquil\/\" target=\"_blank\"><\/a>\n\t\t\t\t\t\t\t<\/div>\n\n\t\t\t\t\t\t\t\t\t\t\t\t\t\t\t\t\t\t<\/div>\n\t\t\t\t\t\t\t\t\t\t\t\t<div class=\"premium-blog-content-wrapper \">\n\n\t\t\t\t\t<div class=\"premium-blog-inner-container\">\n\n\t\t\t\t\t\t\t\t\t\t\t\t\t\t<h1 class=\"premium-blog-entry-title\">\n\t\t\t<a href=\"https:\/\/trailforthjournal.com\/es\/cultura\/palacio-de-cristal-guayaquil\/\" target=\"_blank\">\n\t\t\t\tPalacio de Cristal en Guayaquil: Un icono de hierro desde 1908\t\t\t<\/a>\n\t\t<\/h1>\n\t\t\t\t<div class=\"premium-blog-entry-meta\">\n\t\t\t\n\t\t\t\n\t\t\t\n\t\t\t\t\t<\/div>\n\t\t\n\t\t\t\t\t<\/div>\n\n\t\t\t\t\t\t\t\t\t\t\n\t\t\t\t<\/div>\n\t\t\t<\/div>\n\t\t<\/div>\n\n\t\t\t\t<div class=\"premium-blog-post-outer-container\" data-total=\"6\">\n\t\t\t<div class=\"premium-blog-post-container premium-blog-skin-banner\">\n\t\t\t\t\t\t\t\t\t<div class=\"premium-blog-thumb-effect-wrapper\">\n\t\t\t\t\t\t<div class=\"premium-blog-thumbnail-container premium-blog-zoomin-effect\">\n\t\t\t\t\t\t\t<img decoding=\"async\" width=\"1248\" height=\"807\" src=\"https:\/\/trailforthjournal.com\/es\/wp-content\/uploads\/sites\/4\/2023\/01\/Guayaquil-1890-1930-sepelio.jpg\" class=\"attachment-full size-full wp-image-18780\" alt=\"vista-al-rio-guayas-guayaquil-1890-1930\" srcset=\"https:\/\/trailforthjournal.com\/es\/wp-content\/uploads\/sites\/4\/2023\/01\/Guayaquil-1890-1930-sepelio.jpg 1248w, https:\/\/trailforthjournal.com\/es\/wp-content\/uploads\/sites\/4\/2023\/01\/Guayaquil-1890-1930-sepelio-300x194.jpg 300w, https:\/\/trailforthjournal.com\/es\/wp-content\/uploads\/sites\/4\/2023\/01\/Guayaquil-1890-1930-sepelio-1024x662.jpg 1024w, https:\/\/trailforthjournal.com\/es\/wp-content\/uploads\/sites\/4\/2023\/01\/Guayaquil-1890-1930-sepelio-768x497.jpg 768w, https:\/\/trailforthjournal.com\/es\/wp-content\/uploads\/sites\/4\/2023\/01\/Guayaquil-1890-1930-sepelio-77x50.jpg 77w, https:\/\/trailforthjournal.com\/es\/wp-content\/uploads\/sites\/4\/2023\/01\/Guayaquil-1890-1930-sepelio-600x388.jpg 600w\" sizes=\"(max-width: 1248px) 100vw, 1248px\" \/>\t\t\t\t\t\t<\/div>\n\t\t\t\t\t\t\t\t\t\t\t\t\t<div class=\"premium-blog-thumbnail-overlay\">\n\t\t\t\t\t\t\t\t<a class=\"elementor-icon\" href=\"https:\/\/trailforthjournal.com\/es\/cultura\/como-es-la-historia-de-guayaquil\/\" target=\"_blank\"><\/a>\n\t\t\t\t\t\t\t<\/div>\n\n\t\t\t\t\t\t\t\t\t\t\t\t\t\t\t\t\t\t<\/div>\n\t\t\t\t\t\t\t\t\t\t\t\t<div class=\"premium-blog-content-wrapper \">\n\n\t\t\t\t\t<div class=\"premium-blog-inner-container\">\n\n\t\t\t\t\t\t\t\t\t\t\t\t\t\t<h1 class=\"premium-blog-entry-title\">\n\t\t\t<a href=\"https:\/\/trailforthjournal.com\/es\/cultura\/como-es-la-historia-de-guayaquil\/\" target=\"_blank\">\n\t\t\t\t\u00bfC\u00f3mo es la historia de Guayaquil? Un viaje cronol\u00f3gico por Piratas, Incendios y la Independencia de Ecuador\t\t\t<\/a>\n\t\t<\/h1>\n\t\t\t\t<div class=\"premium-blog-entry-meta\">\n\t\t\t\n\t\t\t\n\t\t\t\n\t\t\t\t\t<\/div>\n\t\t\n\t\t\t\t\t<\/div>\n\n\t\t\t\t\t\t\t\t\t\t\n\t\t\t\t<\/div>\n\t\t\t<\/div>\n\t\t<\/div>\n\n\t\t\t\t<div class=\"premium-blog-post-outer-container\" data-total=\"6\">\n\t\t\t<div class=\"premium-blog-post-container premium-blog-skin-banner\">\n\t\t\t\t\t\t\t\t\t<div class=\"premium-blog-thumb-effect-wrapper\">\n\t\t\t\t\t\t<div class=\"premium-blog-thumbnail-container premium-blog-zoomin-effect\">\n\t\t\t\t\t\t\t<img decoding=\"async\" width=\"2560\" height=\"1920\" src=\"https:\/\/trailforthjournal.com\/es\/wp-content\/uploads\/sites\/4\/2022\/11\/DSC00371-scaled.jpg\" class=\"attachment-full size-full wp-image-15074\" alt=\"Cementerio Patrimonial de Guayaquil\" srcset=\"https:\/\/trailforthjournal.com\/es\/wp-content\/uploads\/sites\/4\/2022\/11\/DSC00371-scaled.jpg 2560w, https:\/\/trailforthjournal.com\/es\/wp-content\/uploads\/sites\/4\/2022\/11\/DSC00371-300x225.jpg 300w, https:\/\/trailforthjournal.com\/es\/wp-content\/uploads\/sites\/4\/2022\/11\/DSC00371-1024x768.jpg 1024w, https:\/\/trailforthjournal.com\/es\/wp-content\/uploads\/sites\/4\/2022\/11\/DSC00371-768x576.jpg 768w, https:\/\/trailforthjournal.com\/es\/wp-content\/uploads\/sites\/4\/2022\/11\/DSC00371-1536x1152.jpg 1536w, https:\/\/trailforthjournal.com\/es\/wp-content\/uploads\/sites\/4\/2022\/11\/DSC00371-2048x1536.jpg 2048w, https:\/\/trailforthjournal.com\/es\/wp-content\/uploads\/sites\/4\/2022\/11\/DSC00371-67x50.jpg 67w, https:\/\/trailforthjournal.com\/es\/wp-content\/uploads\/sites\/4\/2022\/11\/DSC00371-600x450.jpg 600w\" sizes=\"(max-width: 2560px) 100vw, 2560px\" \/>\t\t\t\t\t\t<\/div>\n\t\t\t\t\t\t\t\t\t\t\t\t\t<div class=\"premium-blog-thumbnail-overlay\">\n\t\t\t\t\t\t\t\t<a class=\"elementor-icon\" href=\"https:\/\/trailforthjournal.com\/es\/cultura\/cementerio-patrimonial-guayaquil\/\" target=\"_blank\"><\/a>\n\t\t\t\t\t\t\t<\/div>\n\n\t\t\t\t\t\t\t\t\t\t\t\t\t\t\t\t\t\t<\/div>\n\t\t\t\t\t\t\t\t\t\t\t\t<div class=\"premium-blog-content-wrapper \">\n\n\t\t\t\t\t<div class=\"premium-blog-inner-container\">\n\n\t\t\t\t\t\t\t\t\t\t\t\t\t\t<h1 class=\"premium-blog-entry-title\">\n\t\t\t<a href=\"https:\/\/trailforthjournal.com\/es\/cultura\/cementerio-patrimonial-guayaquil\/\" target=\"_blank\">\n\t\t\t\tEl Cementerio de Guayaquil: Tesoro Nacional y Patrimonio Cultural de Ecuador\t\t\t<\/a>\n\t\t<\/h1>\n\t\t\t\t<div class=\"premium-blog-entry-meta\">\n\t\t\t\n\t\t\t\n\t\t\t\n\t\t\t\t\t<\/div>\n\t\t\n\t\t\t\t\t<\/div>\n\n\t\t\t\t\t\t\t\t\t\t\n\t\t\t\t<\/div>\n\t\t\t<\/div>\n\t\t<\/div>\n\n\t\t\t\t<div class=\"premium-blog-post-outer-container\" data-total=\"6\">\n\t\t\t<div class=\"premium-blog-post-container premium-blog-skin-banner\">\n\t\t\t\t\t\t\t\t\t<div class=\"premium-blog-thumb-effect-wrapper\">\n\t\t\t\t\t\t<div class=\"premium-blog-thumbnail-container premium-blog-zoomin-effect\">\n\t\t\t\t\t\t\t<img loading=\"lazy\" decoding=\"async\" width=\"2560\" height=\"1920\" src=\"https:\/\/trailforthjournal.com\/es\/wp-content\/uploads\/sites\/4\/2022\/03\/DSC01674-2-scaled.jpg\" class=\"attachment-full size-full wp-image-5428\" alt=\"Fachada frontal neog\u00f3tica de la Catedral Metropolitana de Guayaquil con el monumento ecuestre a Sim\u00f3n Bol\u00edvar en el Parque Seminario\" srcset=\"https:\/\/trailforthjournal.com\/es\/wp-content\/uploads\/sites\/4\/2022\/03\/DSC01674-2-scaled.jpg 2560w, https:\/\/trailforthjournal.com\/es\/wp-content\/uploads\/sites\/4\/2022\/03\/DSC01674-2-300x225.jpg 300w, https:\/\/trailforthjournal.com\/es\/wp-content\/uploads\/sites\/4\/2022\/03\/DSC01674-2-1024x768.jpg 1024w, https:\/\/trailforthjournal.com\/es\/wp-content\/uploads\/sites\/4\/2022\/03\/DSC01674-2-768x576.jpg 768w, https:\/\/trailforthjournal.com\/es\/wp-content\/uploads\/sites\/4\/2022\/03\/DSC01674-2-1536x1152.jpg 1536w, https:\/\/trailforthjournal.com\/es\/wp-content\/uploads\/sites\/4\/2022\/03\/DSC01674-2-2048x1536.jpg 2048w, https:\/\/trailforthjournal.com\/es\/wp-content\/uploads\/sites\/4\/2022\/03\/DSC01674-2-67x50.jpg 67w, https:\/\/trailforthjournal.com\/es\/wp-content\/uploads\/sites\/4\/2022\/03\/DSC01674-2-600x450.jpg 600w\" sizes=\"(max-width: 2560px) 100vw, 2560px\" \/>\t\t\t\t\t\t<\/div>\n\t\t\t\t\t\t\t\t\t\t\t\t\t<div class=\"premium-blog-thumbnail-overlay\">\n\t\t\t\t\t\t\t\t<a class=\"elementor-icon\" href=\"https:\/\/trailforthjournal.com\/es\/lugar-emblematico\/catedral-de-guayaquil\/\" target=\"_blank\"><\/a>\n\t\t\t\t\t\t\t<\/div>\n\n\t\t\t\t\t\t\t\t\t\t\t\t\t\t\t\t\t\t<\/div>\n\t\t\t\t\t\t\t\t\t\t\t\t<div class=\"premium-blog-content-wrapper \">\n\n\t\t\t\t\t<div class=\"premium-blog-inner-container\">\n\n\t\t\t\t\t\t\t\t\t\t\t\t\t\t<h1 class=\"premium-blog-entry-title\">\n\t\t\t<a href=\"https:\/\/trailforthjournal.com\/es\/lugar-emblematico\/catedral-de-guayaquil\/\" target=\"_blank\">\n\t\t\t\tCatedral de Guayaquil: La majestuosa arquitectura neog\u00f3tica en el coraz\u00f3n de la ciudad\t\t\t<\/a>\n\t\t<\/h1>\n\t\t\t\t<div class=\"premium-blog-entry-meta\">\n\t\t\t\n\t\t\t\n\t\t\t\n\t\t\t\t\t<\/div>\n\t\t\n\t\t\t\t\t<\/div>\n\n\t\t\t\t\t\t\t\t\t\t\n\t\t\t\t<\/div>\n\t\t\t<\/div>\n\t\t<\/div>\n\n\t\t\t\t\t\t\t<\/div>\n\n\t\t\n\t\t\n\t\t\t\t\t\t<\/div>\n\t\t\t\t<\/div>\n\t\t\t\t\t<\/div>\n\t\t<\/div>\n\t\t\t\t\t<\/div>\n\t\t<\/section>\n\t\t\t\t<section class=\"elementor-section elementor-top-section elementor-element elementor-element-08f0861 elementor-section-boxed elementor-section-height-default elementor-section-height-default wpr-particle-no wpr-jarallax-no wpr-parallax-no wpr-sticky-section-no wpr-column-slider-no wpr-equal-height-no\" data-id=\"08f0861\" data-element_type=\"section\" data-e-type=\"section\">\n\t\t\t\t\t\t<div class=\"elementor-container elementor-column-gap-default\">\n\t\t\t\t\t<div class=\"elementor-column elementor-col-100 elementor-top-column elementor-element elementor-element-2fbffb8\" data-id=\"2fbffb8\" data-element_type=\"column\" data-e-type=\"column\">\n\t\t\t<div class=\"elementor-widget-wrap elementor-element-populated\">\n\t\t\t\t\t\t<div class=\"elementor-element elementor-element-466214c elementor-widget elementor-widget-spacer\" data-id=\"466214c\" data-element_type=\"widget\" data-e-type=\"widget\" data-widget_type=\"spacer.default\">\n\t\t\t\t<div class=\"elementor-widget-container\">\n\t\t\t\t\t\t\t<div class=\"elementor-spacer\">\n\t\t\t<div class=\"elementor-spacer-inner\"><\/div>\n\t\t<\/div>\n\t\t\t\t\t\t<\/div>\n\t\t\t\t<\/div>\n\t\t\t\t\t<\/div>\n\t\t<\/div>\n\t\t\t\t\t<\/div>\n\t\t<\/section>\n\t\t\t\t<section class=\"elementor-section elementor-top-section elementor-element elementor-element-a9c84bf elementor-section-boxed elementor-section-height-default elementor-section-height-default wpr-particle-no wpr-jarallax-no wpr-parallax-no wpr-sticky-section-no wpr-column-slider-no wpr-equal-height-no\" data-id=\"a9c84bf\" data-element_type=\"section\" data-e-type=\"section\">\n\t\t\t\t\t\t\t<div class=\"elementor-background-overlay\"><\/div>\n\t\t\t\t\t\t\t<div class=\"elementor-container elementor-column-gap-no\">\n\t\t\t\t\t<div class=\"elementor-column elementor-col-100 elementor-top-column elementor-element elementor-element-3bb449b\" data-id=\"3bb449b\" data-element_type=\"column\" data-e-type=\"column\">\n\t\t\t<div class=\"elementor-widget-wrap elementor-element-populated\">\n\t\t\t\t\t\t<div class=\"elementor-element elementor-element-0980573 premium-title-color elementor-widget elementor-widget-premium-addon-title\" data-id=\"0980573\" data-element_type=\"widget\" data-e-type=\"widget\" data-widget_type=\"premium-addon-title.default\">\n\t\t\t\t<div class=\"elementor-widget-container\">\n\t\t\t\t\t\n\t\t<div class=\"premium-title-wrapper\">\n\t\t\t<div class=\"premium-title-container\">\n\t\t\t\t<h5 class=\"premium-title-header premium-title-style7\">\n\t\t\t\t\t\t\t\t\t\t\t\t\t\t\t\t\t\t<span class=\"premium-title-style7-stripe-wrap\">\n\t\t\t\t\t\t\t\t<span class=\"premium-title-style7-stripe\"><\/span>\n\t\t\t\t\t\t\t<\/span>\n\t\t\t\t\t\t\t\t\t\t\t\t<div class=\"premium-title-style7-inner\">\n\t\t\t\t\t\n\t\t\t\t\t\n\t\t\t\t\t\t\t\t\t\t\t\t\t\t\t\t\t\t\t\t\t\t\t\t\t\t<span class=\"premium-title-text\">\n\t\t\t\t\t\tIr m\u00e1s lejos\t\t\t\t\t<\/span>\n\t\t\t\t\t\t\n\t\t\t\t\t\t\t\t\t\t\t<\/div>\n\t\t\t\t\t\t\t\t\t\t\n\t\t\t\t\t\t\t\t\t<\/h5>\n\n\t\t\t<\/div>\n\n\t\t\t\t\t<\/div>\n\n\t\t\t\t\t\t<\/div>\n\t\t\t\t<\/div>\n\t\t\t\t\t<\/div>\n\t\t<\/div>\n\t\t\t\t\t<\/div>\n\t\t<\/section>\n\t\t\t\t<section class=\"elementor-section elementor-top-section elementor-element elementor-element-d76440b elementor-section-full_width elementor-section-content-middle elementor-section-height-default elementor-section-height-default wpr-particle-no wpr-jarallax-no wpr-parallax-no wpr-sticky-section-no wpr-column-slider-no wpr-equal-height-no\" data-id=\"d76440b\" data-element_type=\"section\" data-e-type=\"section\" data-settings=\"{&quot;background_background&quot;:&quot;classic&quot;}\">\n\t\t\t\t\t\t<div class=\"elementor-container elementor-column-gap-no\">\n\t\t\t\t\t<div class=\"elementor-column elementor-col-100 elementor-top-column elementor-element elementor-element-47908e2\" data-id=\"47908e2\" data-element_type=\"column\" data-e-type=\"column\">\n\t\t\t<div class=\"elementor-widget-wrap elementor-element-populated\">\n\t\t\t\t\t\t<div class=\"elementor-element elementor-element-c23ddca premium-blog-align-left elementor-widget elementor-widget-premium-addon-blog\" data-id=\"c23ddca\" data-element_type=\"widget\" data-e-type=\"widget\" data-settings=\"{&quot;force_height&quot;:&quot;true&quot;,&quot;premium_blog_columns_number&quot;:&quot;25%&quot;,&quot;premium_blog_grid&quot;:&quot;yes&quot;,&quot;premium_blog_layout&quot;:&quot;even&quot;,&quot;premium_blog_columns_number_tablet&quot;:&quot;50%&quot;,&quot;premium_blog_columns_number_mobile&quot;:&quot;100%&quot;,&quot;scroll_to_offset&quot;:&quot;yes&quot;}\" data-widget_type=\"premium-addon-blog.default\">\n\t\t\t\t<div class=\"elementor-widget-container\">\n\t\t\t\t\t\n\t\t\n\n\t\t\t\t<div class=\"premium-blog-wrap  premium-blog-even\" data-page=\"36287\">\n\t\t\t\t\t\t\t\t\t<div class=\"premium-blog-post-outer-container\" data-total=\"3\">\n\t\t\t<div class=\"premium-blog-post-container premium-blog-skin-banner\">\n\t\t\t\t\t\t\t\t\t<div class=\"premium-blog-thumb-effect-wrapper\">\n\t\t\t\t\t\t<div class=\"premium-blog-thumbnail-container premium-blog-zoomin-effect\">\n\t\t\t\t\t\t\t<img loading=\"lazy\" decoding=\"async\" width=\"1150\" height=\"800\" src=\"https:\/\/trailforthjournal.com\/es\/wp-content\/uploads\/sites\/4\/2022\/03\/Globo-11.jpg\" class=\"attachment-full size-full wp-image-4776\" alt=\"\u00bfC\u00f3mo es volar en un globo aerost\u00e1tico en Ecuador?\" srcset=\"https:\/\/trailforthjournal.com\/es\/wp-content\/uploads\/sites\/4\/2022\/03\/Globo-11.jpg 1150w, https:\/\/trailforthjournal.com\/es\/wp-content\/uploads\/sites\/4\/2022\/03\/Globo-11-300x209.jpg 300w, https:\/\/trailforthjournal.com\/es\/wp-content\/uploads\/sites\/4\/2022\/03\/Globo-11-1024x712.jpg 1024w, https:\/\/trailforthjournal.com\/es\/wp-content\/uploads\/sites\/4\/2022\/03\/Globo-11-768x534.jpg 768w, https:\/\/trailforthjournal.com\/es\/wp-content\/uploads\/sites\/4\/2022\/03\/Globo-11-72x50.jpg 72w, https:\/\/trailforthjournal.com\/es\/wp-content\/uploads\/sites\/4\/2022\/03\/Globo-11-600x417.jpg 600w\" sizes=\"(max-width: 1150px) 100vw, 1150px\" \/>\t\t\t\t\t\t<\/div>\n\t\t\t\t\t\t\t\t\t\t\t\t\t<div class=\"premium-blog-thumbnail-overlay\">\n\t\t\t\t\t\t\t\t<a class=\"elementor-icon\" href=\"https:\/\/trailforthjournal.com\/es\/aventura\/volar-en-globo-ecuador\/\" target=\"_blank\"><\/a>\n\t\t\t\t\t\t\t<\/div>\n\n\t\t\t\t\t\t\t\t\t\t\t\t\t\t\t\t\t\t<\/div>\n\t\t\t\t\t\t\t\t\t\t\t\t<div class=\"premium-blog-content-wrapper \">\n\n\t\t\t\t\t<div class=\"premium-blog-inner-container\">\n\n\t\t\t\t\t\t\t\t\t\t\t\t\t\t<h1 class=\"premium-blog-entry-title\">\n\t\t\t<a href=\"https:\/\/trailforthjournal.com\/es\/aventura\/volar-en-globo-ecuador\/\" target=\"_blank\">\n\t\t\t\t\u00bfC\u00f3mo es volar en un globo aerost\u00e1tico en Ecuador?\t\t\t<\/a>\n\t\t<\/h1>\n\t\t\t\t<div class=\"premium-blog-entry-meta\">\n\t\t\t\n\t\t\t\n\t\t\t\n\t\t\t\t\t<\/div>\n\t\t\n\t\t\t\t\t<\/div>\n\n\t\t\t\t\t\t\t\t\t\t\n\t\t\t\t<\/div>\n\t\t\t<\/div>\n\t\t<\/div>\n\n\t\t\t\t<div class=\"premium-blog-post-outer-container\" data-total=\"3\">\n\t\t\t<div class=\"premium-blog-post-container premium-blog-skin-banner\">\n\t\t\t\t\t\t\t\t\t<div class=\"premium-blog-thumb-effect-wrapper\">\n\t\t\t\t\t\t<div class=\"premium-blog-thumbnail-container premium-blog-zoomin-effect\">\n\t\t\t\t\t\t\t<img loading=\"lazy\" decoding=\"async\" width=\"2048\" height=\"1536\" src=\"https:\/\/trailforthjournal.com\/es\/wp-content\/uploads\/sites\/4\/2025\/12\/cosas-que-hacer-en-cuenca.jpg\" class=\"attachment-full size-full wp-image-47739\" alt=\"Patio iluminado del Seminario San Luis con vista a las c\u00fapulas azules de la Catedral de Cuenca, Ecuador, de noche\" srcset=\"https:\/\/trailforthjournal.com\/es\/wp-content\/uploads\/sites\/4\/2025\/12\/cosas-que-hacer-en-cuenca.jpg 2048w, https:\/\/trailforthjournal.com\/es\/wp-content\/uploads\/sites\/4\/2025\/12\/cosas-que-hacer-en-cuenca-300x225.jpg 300w, https:\/\/trailforthjournal.com\/es\/wp-content\/uploads\/sites\/4\/2025\/12\/cosas-que-hacer-en-cuenca-1024x768.jpg 1024w, https:\/\/trailforthjournal.com\/es\/wp-content\/uploads\/sites\/4\/2025\/12\/cosas-que-hacer-en-cuenca-768x576.jpg 768w, https:\/\/trailforthjournal.com\/es\/wp-content\/uploads\/sites\/4\/2025\/12\/cosas-que-hacer-en-cuenca-1536x1152.jpg 1536w, https:\/\/trailforthjournal.com\/es\/wp-content\/uploads\/sites\/4\/2025\/12\/cosas-que-hacer-en-cuenca-67x50.jpg 67w, https:\/\/trailforthjournal.com\/es\/wp-content\/uploads\/sites\/4\/2025\/12\/cosas-que-hacer-en-cuenca-600x450.jpg 600w\" sizes=\"(max-width: 2048px) 100vw, 2048px\" \/>\t\t\t\t\t\t<\/div>\n\t\t\t\t\t\t\t\t\t\t\t\t\t<div class=\"premium-blog-thumbnail-overlay\">\n\t\t\t\t\t\t\t\t<a class=\"elementor-icon\" href=\"https:\/\/trailforthjournal.com\/es\/cultura\/mapa-lugares-turisticos-cuenca\/\" target=\"_blank\"><\/a>\n\t\t\t\t\t\t\t<\/div>\n\n\t\t\t\t\t\t\t\t\t\t\t\t\t\t\t\t\t\t<\/div>\n\t\t\t\t\t\t\t\t\t\t\t\t<div class=\"premium-blog-content-wrapper \">\n\n\t\t\t\t\t<div class=\"premium-blog-inner-container\">\n\n\t\t\t\t\t\t\t\t\t\t\t\t\t\t<h1 class=\"premium-blog-entry-title\">\n\t\t\t<a href=\"https:\/\/trailforthjournal.com\/es\/cultura\/mapa-lugares-turisticos-cuenca\/\" target=\"_blank\">\n\t\t\t\tDescubre los Lugares Tur\u00edsticos de Cuenca, descarga el Mapa y recorre la Antenas del Ecuador \u00a1GRATIS!\t\t\t<\/a>\n\t\t<\/h1>\n\t\t\t\t<div class=\"premium-blog-entry-meta\">\n\t\t\t\n\t\t\t\n\t\t\t\n\t\t\t\t\t<\/div>\n\t\t\n\t\t\t\t\t<\/div>\n\n\t\t\t\t\t\t\t\t\t\t\n\t\t\t\t<\/div>\n\t\t\t<\/div>\n\t\t<\/div>\n\n\t\t\t\t<div class=\"premium-blog-post-outer-container\" data-total=\"3\">\n\t\t\t<div class=\"premium-blog-post-container premium-blog-skin-banner\">\n\t\t\t\t\t\t\t\t\t<div class=\"premium-blog-thumb-effect-wrapper\">\n\t\t\t\t\t\t<div class=\"premium-blog-thumbnail-container premium-blog-zoomin-effect\">\n\t\t\t\t\t\t\t<img loading=\"lazy\" decoding=\"async\" width=\"2560\" height=\"1707\" src=\"https:\/\/trailforthjournal.com\/es\/wp-content\/uploads\/sites\/4\/2022\/05\/parque-nacional-cajas-visita-scaled.jpg\" class=\"attachment-full size-full wp-image-47589\" alt=\"Paisaje de monta\u00f1a en el Parque Nacional Cajas, Azuay, con formaciones rocosas, neblina y una laguna al atardecer\" srcset=\"https:\/\/trailforthjournal.com\/es\/wp-content\/uploads\/sites\/4\/2022\/05\/parque-nacional-cajas-visita-scaled.jpg 2560w, https:\/\/trailforthjournal.com\/es\/wp-content\/uploads\/sites\/4\/2022\/05\/parque-nacional-cajas-visita-300x200.jpg 300w, https:\/\/trailforthjournal.com\/es\/wp-content\/uploads\/sites\/4\/2022\/05\/parque-nacional-cajas-visita-1024x683.jpg 1024w, https:\/\/trailforthjournal.com\/es\/wp-content\/uploads\/sites\/4\/2022\/05\/parque-nacional-cajas-visita-768x512.jpg 768w, https:\/\/trailforthjournal.com\/es\/wp-content\/uploads\/sites\/4\/2022\/05\/parque-nacional-cajas-visita-1536x1024.jpg 1536w, https:\/\/trailforthjournal.com\/es\/wp-content\/uploads\/sites\/4\/2022\/05\/parque-nacional-cajas-visita-2048x1365.jpg 2048w, https:\/\/trailforthjournal.com\/es\/wp-content\/uploads\/sites\/4\/2022\/05\/parque-nacional-cajas-visita-75x50.jpg 75w, https:\/\/trailforthjournal.com\/es\/wp-content\/uploads\/sites\/4\/2022\/05\/parque-nacional-cajas-visita-600x400.jpg 600w\" sizes=\"(max-width: 2560px) 100vw, 2560px\" \/>\t\t\t\t\t\t<\/div>\n\t\t\t\t\t\t\t\t\t\t\t\t\t<div class=\"premium-blog-thumbnail-overlay\">\n\t\t\t\t\t\t\t\t<a class=\"elementor-icon\" href=\"https:\/\/trailforthjournal.com\/es\/aventura\/parque-nacional-cajas-lagunas\/\" target=\"_blank\"><\/a>\n\t\t\t\t\t\t\t<\/div>\n\n\t\t\t\t\t\t\t\t\t\t\t\t\t\t\t\t\t\t<\/div>\n\t\t\t\t\t\t\t\t\t\t\t\t<div class=\"premium-blog-content-wrapper \">\n\n\t\t\t\t\t<div class=\"premium-blog-inner-container\">\n\n\t\t\t\t\t\t\t\t\t\t\t\t\t\t<h1 class=\"premium-blog-entry-title\">\n\t\t\t<a href=\"https:\/\/trailforthjournal.com\/es\/aventura\/parque-nacional-cajas-lagunas\/\" target=\"_blank\">\n\t\t\t\tGu\u00eda Completa del Parque Nacional Cajas: Qu\u00e9 ver, rutas y consejos (2026)\t\t\t<\/a>\n\t\t<\/h1>\n\t\t\t\t<div class=\"premium-blog-entry-meta\">\n\t\t\t\n\t\t\t\n\t\t\t\n\t\t\t\t\t<\/div>\n\t\t\n\t\t\t\t\t<\/div>\n\n\t\t\t\t\t\t\t\t\t\t\n\t\t\t\t<\/div>\n\t\t\t<\/div>\n\t\t<\/div>\n\n\t\t\t\t<div class=\"premium-blog-post-outer-container\" data-total=\"3\">\n\t\t\t<div class=\"premium-blog-post-container premium-blog-skin-banner\">\n\t\t\t\t\t\t\t\t\t<div class=\"premium-blog-thumb-effect-wrapper\">\n\t\t\t\t\t\t<div class=\"premium-blog-thumbnail-container premium-blog-zoomin-effect\">\n\t\t\t\t\t\t\t<img loading=\"lazy\" decoding=\"async\" width=\"1599\" height=\"1134\" src=\"https:\/\/trailforthjournal.com\/es\/wp-content\/uploads\/sites\/4\/2026\/02\/guia-turistica-cuenca-ecuador.jpeg\" class=\"attachment-full size-full wp-image-54696\" alt=\"\" srcset=\"https:\/\/trailforthjournal.com\/es\/wp-content\/uploads\/sites\/4\/2026\/02\/guia-turistica-cuenca-ecuador.jpeg 1599w, https:\/\/trailforthjournal.com\/es\/wp-content\/uploads\/sites\/4\/2026\/02\/guia-turistica-cuenca-ecuador-300x213.jpeg 300w, https:\/\/trailforthjournal.com\/es\/wp-content\/uploads\/sites\/4\/2026\/02\/guia-turistica-cuenca-ecuador-1024x726.jpeg 1024w, https:\/\/trailforthjournal.com\/es\/wp-content\/uploads\/sites\/4\/2026\/02\/guia-turistica-cuenca-ecuador-768x545.jpeg 768w, https:\/\/trailforthjournal.com\/es\/wp-content\/uploads\/sites\/4\/2026\/02\/guia-turistica-cuenca-ecuador-1536x1089.jpeg 1536w, https:\/\/trailforthjournal.com\/es\/wp-content\/uploads\/sites\/4\/2026\/02\/guia-turistica-cuenca-ecuador-71x50.jpeg 71w, https:\/\/trailforthjournal.com\/es\/wp-content\/uploads\/sites\/4\/2026\/02\/guia-turistica-cuenca-ecuador-600x426.jpeg 600w\" sizes=\"(max-width: 1599px) 100vw, 1599px\" \/>\t\t\t\t\t\t<\/div>\n\t\t\t\t\t\t\t\t\t\t\t\t\t<div class=\"premium-blog-thumbnail-overlay\">\n\t\t\t\t\t\t\t\t<a class=\"elementor-icon\" href=\"https:\/\/trailforthjournal.com\/es\/guia-turistica\/cuenca-ecuador\/\" target=\"_blank\"><\/a>\n\t\t\t\t\t\t\t<\/div>\n\n\t\t\t\t\t\t\t\t\t\t\t\t\t\t\t\t\t\t<\/div>\n\t\t\t\t\t\t\t\t\t\t\t\t<div class=\"premium-blog-content-wrapper \">\n\n\t\t\t\t\t<div class=\"premium-blog-inner-container\">\n\n\t\t\t\t\t\t\t\t\t\t\t\t\t\t<h1 class=\"premium-blog-entry-title\">\n\t\t\t<a href=\"https:\/\/trailforthjournal.com\/es\/guia-turistica\/cuenca-ecuador\/\" target=\"_blank\">\n\t\t\t\tImprescindibles de Viaje: Gu\u00eda tur\u00edstica de Cuenca | Ecuador, Sudam\u00e9rica &#8211; 2026\t\t\t<\/a>\n\t\t<\/h1>\n\t\t\t\t<div class=\"premium-blog-entry-meta\">\n\t\t\t\n\t\t\t\n\t\t\t\n\t\t\t\t\t<\/div>\n\t\t\n\t\t\t\t\t<\/div>\n\n\t\t\t\t\t\t\t\t\t\t\n\t\t\t\t<\/div>\n\t\t\t<\/div>\n\t\t<\/div>\n\n\t\t\t\t\t\t\t<\/div>\n\n\t\t\n\t\t\n\t\t\t\t\t\t<\/div>\n\t\t\t\t<\/div>\n\t\t\t\t\t<\/div>\n\t\t<\/div>\n\t\t\t\t\t<\/div>\n\t\t<\/section>\n\t\t\t\t<section class=\"elementor-section elementor-top-section elementor-element elementor-element-308c13a elementor-section-full_width elementor-section-content-middle elementor-section-height-default elementor-section-height-default wpr-particle-no wpr-jarallax-no wpr-parallax-no wpr-sticky-section-no wpr-column-slider-no wpr-equal-height-no\" data-id=\"308c13a\" data-element_type=\"section\" data-e-type=\"section\" data-settings=\"{&quot;background_background&quot;:&quot;classic&quot;}\">\n\t\t\t\t\t\t<div class=\"elementor-container elementor-column-gap-no\">\n\t\t\t\t\t<div class=\"elementor-column elementor-col-100 elementor-top-column elementor-element elementor-element-9f696b1\" data-id=\"9f696b1\" data-element_type=\"column\" data-e-type=\"column\">\n\t\t\t<div class=\"elementor-widget-wrap elementor-element-populated\">\n\t\t\t\t\t\t<div class=\"elementor-element elementor-element-21a0571 premium-blog-align-left elementor-widget elementor-widget-premium-addon-blog\" data-id=\"21a0571\" data-element_type=\"widget\" data-e-type=\"widget\" data-settings=\"{&quot;force_height&quot;:&quot;true&quot;,&quot;premium_blog_columns_number&quot;:&quot;25%&quot;,&quot;premium_blog_grid&quot;:&quot;yes&quot;,&quot;premium_blog_layout&quot;:&quot;even&quot;,&quot;premium_blog_columns_number_tablet&quot;:&quot;50%&quot;,&quot;premium_blog_columns_number_mobile&quot;:&quot;100%&quot;,&quot;scroll_to_offset&quot;:&quot;yes&quot;}\" data-widget_type=\"premium-addon-blog.default\">\n\t\t\t\t<div class=\"elementor-widget-container\">\n\t\t\t\t\t\n\t\t\n\n\t\t\t\t<div class=\"premium-blog-wrap  premium-blog-even\" data-page=\"36287\">\n\t\t\t\t\t\t\t\t\t<div class=\"premium-blog-post-outer-container\" data-total=\"2\">\n\t\t\t<div class=\"premium-blog-post-container premium-blog-skin-banner\">\n\t\t\t\t\t\t\t\t\t<div class=\"premium-blog-thumb-effect-wrapper\">\n\t\t\t\t\t\t<div class=\"premium-blog-thumbnail-container premium-blog-zoomin-effect\">\n\t\t\t\t\t\t\t<img loading=\"lazy\" decoding=\"async\" width=\"1920\" height=\"1440\" src=\"https:\/\/trailforthjournal.com\/es\/wp-content\/uploads\/sites\/4\/2022\/11\/playas-de-ecuador.jpg\" class=\"attachment-full size-full wp-image-50259\" alt=\"\" srcset=\"https:\/\/trailforthjournal.com\/es\/wp-content\/uploads\/sites\/4\/2022\/11\/playas-de-ecuador.jpg 1920w, https:\/\/trailforthjournal.com\/es\/wp-content\/uploads\/sites\/4\/2022\/11\/playas-de-ecuador-300x225.jpg 300w, https:\/\/trailforthjournal.com\/es\/wp-content\/uploads\/sites\/4\/2022\/11\/playas-de-ecuador-1024x768.jpg 1024w, https:\/\/trailforthjournal.com\/es\/wp-content\/uploads\/sites\/4\/2022\/11\/playas-de-ecuador-768x576.jpg 768w, https:\/\/trailforthjournal.com\/es\/wp-content\/uploads\/sites\/4\/2022\/11\/playas-de-ecuador-1536x1152.jpg 1536w, https:\/\/trailforthjournal.com\/es\/wp-content\/uploads\/sites\/4\/2022\/11\/playas-de-ecuador-67x50.jpg 67w, https:\/\/trailforthjournal.com\/es\/wp-content\/uploads\/sites\/4\/2022\/11\/playas-de-ecuador-600x450.jpg 600w\" sizes=\"(max-width: 1920px) 100vw, 1920px\" \/>\t\t\t\t\t\t<\/div>\n\t\t\t\t\t\t\t\t\t\t\t\t\t<div class=\"premium-blog-thumbnail-overlay\">\n\t\t\t\t\t\t\t\t<a class=\"elementor-icon\" href=\"https:\/\/trailforthjournal.com\/es\/ambiente\/guia-playas-ecuador\/\" target=\"_blank\"><\/a>\n\t\t\t\t\t\t\t<\/div>\n\n\t\t\t\t\t\t\t\t\t\t\t\t\t\t\t\t\t\t<\/div>\n\t\t\t\t\t\t\t\t\t\t\t\t<div class=\"premium-blog-content-wrapper \">\n\n\t\t\t\t\t<div class=\"premium-blog-inner-container\">\n\n\t\t\t\t\t\t\t\t\t\t\t\t\t\t<h1 class=\"premium-blog-entry-title\">\n\t\t\t<a href=\"https:\/\/trailforthjournal.com\/es\/ambiente\/guia-playas-ecuador\/\" target=\"_blank\">\n\t\t\t\tGu\u00eda de las Mejores Playas de Ecuador: Un Recorrido por su Entorno Natural\t\t\t<\/a>\n\t\t<\/h1>\n\t\t\t\t<div class=\"premium-blog-entry-meta\">\n\t\t\t\n\t\t\t\n\t\t\t\n\t\t\t\t\t<\/div>\n\t\t\n\t\t\t\t\t<\/div>\n\n\t\t\t\t\t\t\t\t\t\t\n\t\t\t\t<\/div>\n\t\t\t<\/div>\n\t\t<\/div>\n\n\t\t\t\t<div class=\"premium-blog-post-outer-container\" data-total=\"2\">\n\t\t\t<div class=\"premium-blog-post-container premium-blog-skin-banner\">\n\t\t\t\t\t\t\t\t\t<div class=\"premium-blog-thumb-effect-wrapper\">\n\t\t\t\t\t\t<div class=\"premium-blog-thumbnail-container premium-blog-zoomin-effect\">\n\t\t\t\t\t\t\t<img loading=\"lazy\" decoding=\"async\" width=\"2048\" height=\"1536\" src=\"https:\/\/trailforthjournal.com\/es\/wp-content\/uploads\/sites\/4\/2022\/10\/Cotopaxi-by-tourist.jpg\" class=\"attachment-full size-full wp-image-14519\" alt=\"Cotopaxi fotografiado por turistas\" srcset=\"https:\/\/trailforthjournal.com\/es\/wp-content\/uploads\/sites\/4\/2022\/10\/Cotopaxi-by-tourist.jpg 2048w, https:\/\/trailforthjournal.com\/es\/wp-content\/uploads\/sites\/4\/2022\/10\/Cotopaxi-by-tourist-300x225.jpg 300w, https:\/\/trailforthjournal.com\/es\/wp-content\/uploads\/sites\/4\/2022\/10\/Cotopaxi-by-tourist-1024x768.jpg 1024w, https:\/\/trailforthjournal.com\/es\/wp-content\/uploads\/sites\/4\/2022\/10\/Cotopaxi-by-tourist-768x576.jpg 768w, https:\/\/trailforthjournal.com\/es\/wp-content\/uploads\/sites\/4\/2022\/10\/Cotopaxi-by-tourist-1536x1152.jpg 1536w, https:\/\/trailforthjournal.com\/es\/wp-content\/uploads\/sites\/4\/2022\/10\/Cotopaxi-by-tourist-67x50.jpg 67w, https:\/\/trailforthjournal.com\/es\/wp-content\/uploads\/sites\/4\/2022\/10\/Cotopaxi-by-tourist-600x450.jpg 600w\" sizes=\"(max-width: 2048px) 100vw, 2048px\" \/>\t\t\t\t\t\t<\/div>\n\t\t\t\t\t\t\t\t\t\t\t\t\t<div class=\"premium-blog-thumbnail-overlay\">\n\t\t\t\t\t\t\t\t<a class=\"elementor-icon\" href=\"https:\/\/trailforthjournal.com\/es\/cultura\/importancia-del-turismo-ecuador\/\" target=\"_blank\"><\/a>\n\t\t\t\t\t\t\t<\/div>\n\n\t\t\t\t\t\t\t\t\t\t\t\t\t\t\t\t\t\t<\/div>\n\t\t\t\t\t\t\t\t\t\t\t\t<div class=\"premium-blog-content-wrapper \">\n\n\t\t\t\t\t<div class=\"premium-blog-inner-container\">\n\n\t\t\t\t\t\t\t\t\t\t\t\t\t\t<h1 class=\"premium-blog-entry-title\">\n\t\t\t<a href=\"https:\/\/trailforthjournal.com\/es\/cultura\/importancia-del-turismo-ecuador\/\" target=\"_blank\">\n\t\t\t\tLa importancia del Turismo para Ecuador: Motor de la Econom\u00eda y el Desarrollo Sostenible\t\t\t<\/a>\n\t\t<\/h1>\n\t\t\t\t<div class=\"premium-blog-entry-meta\">\n\t\t\t\n\t\t\t\n\t\t\t\n\t\t\t\t\t<\/div>\n\t\t\n\t\t\t\t\t<\/div>\n\n\t\t\t\t\t\t\t\t\t\t\n\t\t\t\t<\/div>\n\t\t\t<\/div>\n\t\t<\/div>\n\n\t\t\t\t<div class=\"premium-blog-post-outer-container\" data-total=\"2\">\n\t\t\t<div class=\"premium-blog-post-container premium-blog-skin-banner\">\n\t\t\t\t\t\t\t\t\t<div class=\"premium-blog-thumb-effect-wrapper\">\n\t\t\t\t\t\t<div class=\"premium-blog-thumbnail-container premium-blog-zoomin-effect\">\n\t\t\t\t\t\t\t<img loading=\"lazy\" decoding=\"async\" width=\"1440\" height=\"961\" src=\"https:\/\/trailforthjournal.com\/es\/wp-content\/uploads\/sites\/4\/2026\/01\/avenida-de-los-volcances-tungurahua.webp\" class=\"attachment-full size-full wp-image-50444\" alt=\"Vista del Volc\u00e1n Tungurahua nevado con nubes bajas y bosque andino exuberante en la Avenida de los Volcanes, Ecuador\" srcset=\"https:\/\/trailforthjournal.com\/es\/wp-content\/uploads\/sites\/4\/2026\/01\/avenida-de-los-volcances-tungurahua.webp 1440w, https:\/\/trailforthjournal.com\/es\/wp-content\/uploads\/sites\/4\/2026\/01\/avenida-de-los-volcances-tungurahua-300x200.webp 300w, https:\/\/trailforthjournal.com\/es\/wp-content\/uploads\/sites\/4\/2026\/01\/avenida-de-los-volcances-tungurahua-1024x683.webp 1024w, https:\/\/trailforthjournal.com\/es\/wp-content\/uploads\/sites\/4\/2026\/01\/avenida-de-los-volcances-tungurahua-768x513.webp 768w, https:\/\/trailforthjournal.com\/es\/wp-content\/uploads\/sites\/4\/2026\/01\/avenida-de-los-volcances-tungurahua-75x50.webp 75w, https:\/\/trailforthjournal.com\/es\/wp-content\/uploads\/sites\/4\/2026\/01\/avenida-de-los-volcances-tungurahua-600x400.webp 600w\" sizes=\"(max-width: 1440px) 100vw, 1440px\" \/>\t\t\t\t\t\t<\/div>\n\t\t\t\t\t\t\t\t\t\t\t\t\t<div class=\"premium-blog-thumbnail-overlay\">\n\t\t\t\t\t\t\t\t<a class=\"elementor-icon\" href=\"https:\/\/trailforthjournal.com\/es\/aventura\/avenida-de-los-volcanes-ecuador\/\" target=\"_blank\"><\/a>\n\t\t\t\t\t\t\t<\/div>\n\n\t\t\t\t\t\t\t\t\t\t\t\t\t\t\t\t\t\t<\/div>\n\t\t\t\t\t\t\t\t\t\t\t\t<div class=\"premium-blog-content-wrapper \">\n\n\t\t\t\t\t<div class=\"premium-blog-inner-container\">\n\n\t\t\t\t\t\t\t\t\t\t\t\t\t\t<h1 class=\"premium-blog-entry-title\">\n\t\t\t<a href=\"https:\/\/trailforthjournal.com\/es\/aventura\/avenida-de-los-volcanes-ecuador\/\" target=\"_blank\">\n\t\t\t\tGu\u00eda de la Avenida de los Volcanes en Ecuador: fotograf\u00eda y aventura\t\t\t<\/a>\n\t\t<\/h1>\n\t\t\t\t<div class=\"premium-blog-entry-meta\">\n\t\t\t\n\t\t\t\n\t\t\t\n\t\t\t\t\t<\/div>\n\t\t\n\t\t\t\t\t<\/div>\n\n\t\t\t\t\t\t\t\t\t\t\n\t\t\t\t<\/div>\n\t\t\t<\/div>\n\t\t<\/div>\n\n\t\t\t\t<div class=\"premium-blog-post-outer-container\" data-total=\"2\">\n\t\t\t<div class=\"premium-blog-post-container premium-blog-skin-banner\">\n\t\t\t\t\t\t\t\t\t<div class=\"premium-blog-thumb-effect-wrapper\">\n\t\t\t\t\t\t<div class=\"premium-blog-thumbnail-container premium-blog-zoomin-effect\">\n\t\t\t\t\t\t\t<img loading=\"lazy\" decoding=\"async\" width=\"2457\" height=\"1567\" src=\"https:\/\/trailforthjournal.com\/es\/wp-content\/uploads\/sites\/4\/2022\/08\/IMG_3304.jpg\" class=\"attachment-full size-full wp-image-12969\" alt=\"Reglas del camino, IMBA\" srcset=\"https:\/\/trailforthjournal.com\/es\/wp-content\/uploads\/sites\/4\/2022\/08\/IMG_3304.jpg 2457w, https:\/\/trailforthjournal.com\/es\/wp-content\/uploads\/sites\/4\/2022\/08\/IMG_3304-300x191.jpg 300w, https:\/\/trailforthjournal.com\/es\/wp-content\/uploads\/sites\/4\/2022\/08\/IMG_3304-1024x653.jpg 1024w, https:\/\/trailforthjournal.com\/es\/wp-content\/uploads\/sites\/4\/2022\/08\/IMG_3304-768x490.jpg 768w, https:\/\/trailforthjournal.com\/es\/wp-content\/uploads\/sites\/4\/2022\/08\/IMG_3304-1536x980.jpg 1536w, https:\/\/trailforthjournal.com\/es\/wp-content\/uploads\/sites\/4\/2022\/08\/IMG_3304-2048x1306.jpg 2048w, https:\/\/trailforthjournal.com\/es\/wp-content\/uploads\/sites\/4\/2022\/08\/IMG_3304-78x50.jpg 78w, https:\/\/trailforthjournal.com\/es\/wp-content\/uploads\/sites\/4\/2022\/08\/IMG_3304-600x383.jpg 600w\" sizes=\"(max-width: 2457px) 100vw, 2457px\" \/>\t\t\t\t\t\t<\/div>\n\t\t\t\t\t\t\t\t\t\t\t\t\t<div class=\"premium-blog-thumbnail-overlay\">\n\t\t\t\t\t\t\t\t<a class=\"elementor-icon\" href=\"https:\/\/trailforthjournal.com\/es\/ambiente\/reglas-imba-ciclismo-montana-ecuador\/\" target=\"_blank\"><\/a>\n\t\t\t\t\t\t\t<\/div>\n\n\t\t\t\t\t\t\t\t\t\t\t\t\t\t\t\t\t\t<\/div>\n\t\t\t\t\t\t\t\t\t\t\t\t<div class=\"premium-blog-content-wrapper \">\n\n\t\t\t\t\t<div class=\"premium-blog-inner-container\">\n\n\t\t\t\t\t\t\t\t\t\t\t\t\t\t<h1 class=\"premium-blog-entry-title\">\n\t\t\t<a href=\"https:\/\/trailforthjournal.com\/es\/ambiente\/reglas-imba-ciclismo-montana-ecuador\/\" target=\"_blank\">\n\t\t\t\tReglas IMBA en Ecuador: La Gu\u00eda \u00c9tica del Ciclismo de Monta\u00f1a Responsable\t\t\t<\/a>\n\t\t<\/h1>\n\t\t\t\t<div class=\"premium-blog-entry-meta\">\n\t\t\t\n\t\t\t\n\t\t\t\n\t\t\t\t\t<\/div>\n\t\t\n\t\t\t\t\t<\/div>\n\n\t\t\t\t\t\t\t\t\t\t\n\t\t\t\t<\/div>\n\t\t\t<\/div>\n\t\t<\/div>\n\n\t\t\t\t\t\t\t<\/div>\n\n\t\t\n\t\t\n\t\t\t\t\t\t<\/div>\n\t\t\t\t<\/div>\n\t\t\t\t\t<\/div>\n\t\t<\/div>\n\t\t\t\t\t<\/div>\n\t\t<\/section>\n\t\t\t\t<\/div>\n\t\t","protected":false},"excerpt":{"rendered":"<p>Descubre qu\u00e9 hacer en Guayaquil en 2026: cultura, compras, agenda anual de eventos y experiencias locales. Planifica tu viaje con esta gu\u00eda completa y actualizada.<\/p>\n","protected":false},"author":1,"featured_media":34229,"comment_status":"closed","ping_status":"closed","sticky":false,"template":"elementor_header_footer","format":"standard","meta":{"_acf_changed":false,"footnotes":""},"categories":[18,44,191,32],"tags":[20,179],"class_list":["post-36287","post","type-post","status-publish","format-standard","has-post-thumbnail","hentry","category-cultura","category-gastronomia","category-guia-turistica","category-lugar-emblematico","tag-costa","tag-santiago-de-guayaquil"],"acf":[],"yoast_head":"<!-- This site is optimized with the Yoast SEO Premium plugin v27.6 (Yoast SEO v28.4) - https:\/\/yoast.com\/product\/yoast-seo-premium-wordpress\/ -->\n<title>Gu\u00eda de Guayaquil 2026 | Qu\u00e9 hacer, cultura, compras y experiencias &#8212; Trail Forth Journal<\/title>\n<meta name=\"description\" content=\"Descubre qu\u00e9 hacer en Guayaquil en 2026: cultura, compras, agenda anual de eventos y experiencias locales. Planifica tu viaje con esta gu\u00eda completa y actualizada.\" \/>\n<meta name=\"robots\" content=\"index, follow, max-snippet:-1, max-image-preview:large, max-video-preview:-1\" \/>\n<link rel=\"canonical\" href=\"https:\/\/trailforthjournal.com\/es\/cultura\/guayaquil-ecuador\/\" \/>\n<meta property=\"og:locale\" content=\"es_ES\" \/>\n<meta property=\"og:type\" content=\"article\" \/>\n<meta property=\"og:title\" content=\"Gu\u00eda de Guayaquil 2026 | Qu\u00e9 hacer, cultura, compras y experiencias - Trail Forth Journal\" \/>\n<meta property=\"og:description\" content=\"Descubre qu\u00e9 hacer en Guayaquil en 2026: cultura, compras, agenda anual de eventos y experiencias locales. Planifica tu viaje con esta gu\u00eda completa y actualizada.\" \/>\n<meta property=\"og:url\" content=\"https:\/\/trailforthjournal.com\/es\/cultura\/guayaquil-ecuador\/\" \/>\n<meta property=\"og:site_name\" content=\"Trail Forth Journal\" \/>\n<meta property=\"article:publisher\" content=\"https:\/\/www.facebook.com\/trailforth\" \/>\n<meta property=\"article:published_time\" content=\"2024-08-18T05:47:51+00:00\" \/>\n<meta property=\"article:modified_time\" content=\"2026-08-14T16:37:37+00:00\" \/>\n<meta property=\"og:image\" content=\"https:\/\/trailforthjournal.com\/es\/wp-content\/uploads\/sites\/4\/2024\/07\/wp-17203020786331916779417640204164.jpg\" \/>\n\t<meta property=\"og:image:width\" content=\"2048\" \/>\n\t<meta property=\"og:image:height\" content=\"1364\" \/>\n\t<meta property=\"og:image:type\" content=\"image\/jpeg\" \/>\n<meta name=\"author\" content=\"jairocabrera\" \/>\n<meta name=\"twitter:card\" content=\"summary_large_image\" \/>\n<meta name=\"twitter:title\" content=\"Gu\u00eda de Guayaquil 2026 | Qu\u00e9 hacer, cultura, compras y experiencias - Trail Forth Journal\" \/>\n<meta name=\"twitter:description\" content=\"Descubre qu\u00e9 hacer en Guayaquil en 2026: cultura, compras, agenda anual de eventos y experiencias locales. Planifica tu viaje con esta gu\u00eda completa y actualizada.\" \/>\n<meta name=\"twitter:creator\" content=\"@trailforth\" \/>\n<meta name=\"twitter:site\" content=\"@trailforth\" \/>\n<meta name=\"twitter:label1\" content=\"Escrito por\" \/>\n\t<meta name=\"twitter:data1\" content=\"jairocabrera\" \/>\n\t<meta name=\"twitter:label2\" content=\"Tiempo de lectura\" \/>\n\t<meta name=\"twitter:data2\" content=\"45 minutos\" \/>\n<!-- \/ Yoast SEO Premium plugin. -->","yoast_head_json":{"title":"Gu\u00eda de Guayaquil 2026 | Qu\u00e9 hacer, cultura, compras y experiencias &#8212; Trail Forth Journal","description":"Descubre qu\u00e9 hacer en Guayaquil en 2026: cultura, compras, agenda anual de eventos y experiencias locales. Planifica tu viaje con esta gu\u00eda completa y actualizada.","robots":{"index":"index","follow":"follow","max-snippet":"max-snippet:-1","max-image-preview":"max-image-preview:large","max-video-preview":"max-video-preview:-1"},"canonical":"https:\/\/trailforthjournal.com\/es\/cultura\/guayaquil-ecuador\/","og_locale":"es_ES","og_type":"article","og_title":"Gu\u00eda de Guayaquil 2026 | Qu\u00e9 hacer, cultura, compras y experiencias - Trail Forth Journal","og_description":"Descubre qu\u00e9 hacer en Guayaquil en 2026: cultura, compras, agenda anual de eventos y experiencias locales. Planifica tu viaje con esta gu\u00eda completa y actualizada.","og_url":"https:\/\/trailforthjournal.com\/es\/cultura\/guayaquil-ecuador\/","og_site_name":"Trail Forth Journal","article_publisher":"https:\/\/www.facebook.com\/trailforth","article_published_time":"2024-08-18T05:47:51+00:00","article_modified_time":"2026-08-14T16:37:37+00:00","og_image":[{"width":2048,"height":1364,"url":"https:\/\/trailforthjournal.com\/es\/wp-content\/uploads\/sites\/4\/2024\/07\/wp-17203020786331916779417640204164.jpg","type":"image\/jpeg"}],"author":"jairocabrera","twitter_card":"summary_large_image","twitter_title":"Gu\u00eda de Guayaquil 2026 | Qu\u00e9 hacer, cultura, compras y experiencias - Trail Forth Journal","twitter_description":"Descubre qu\u00e9 hacer en Guayaquil en 2026: cultura, compras, agenda anual de eventos y experiencias locales. Planifica tu viaje con esta gu\u00eda completa y actualizada.","twitter_creator":"@trailforth","twitter_site":"@trailforth","twitter_misc":{"Escrito por":"jairocabrera","Tiempo de lectura":"45 minutos"},"schema":{"@context":"https:\/\/schema.org","@graph":[{"@type":"Article","@id":"https:\/\/trailforthjournal.com\/es\/cultura\/guayaquil-ecuador\/#article","isPartOf":{"@id":"https:\/\/trailforthjournal.com\/es\/cultura\/guayaquil-ecuador\/"},"author":{"name":"jairocabrera","@id":"https:\/\/trailforthjournal.com\/es\/#\/schema\/person\/c38e1195d2fbb77206faaef3a81d4dad"},"headline":"Gu\u00eda de Guayaquil 2026 | Qu\u00e9 hacer, cultura, compras y experiencias","datePublished":"2024-08-18T05:47:51+00:00","dateModified":"2026-08-14T16:37:37+00:00","mainEntityOfPage":{"@id":"https:\/\/trailforthjournal.com\/es\/cultura\/guayaquil-ecuador\/"},"wordCount":7041,"publisher":{"@id":"https:\/\/trailforthjournal.com\/es\/#organization"},"image":{"@id":"https:\/\/trailforthjournal.com\/es\/cultura\/guayaquil-ecuador\/#primaryimage"},"thumbnailUrl":"https:\/\/trailforthjournal.com\/es\/wp-content\/uploads\/sites\/4\/2024\/07\/wp-17203020786331916779417640204164.jpg","keywords":["Costa","Santiago de Guayaquil"],"articleSection":["Cultura","Gastronom\u00eda","Gu\u00eda Tur\u00edstica","Lugar Emblem\u00e1tico"],"inLanguage":"es"},{"@type":"WebPage","@id":"https:\/\/trailforthjournal.com\/es\/cultura\/guayaquil-ecuador\/","url":"https:\/\/trailforthjournal.com\/es\/cultura\/guayaquil-ecuador\/","name":"Gu\u00eda de Guayaquil 2026 | Qu\u00e9 hacer, cultura, compras y experiencias &#8212; Trail Forth Journal","isPartOf":{"@id":"https:\/\/trailforthjournal.com\/es\/#website"},"primaryImageOfPage":{"@id":"https:\/\/trailforthjournal.com\/es\/cultura\/guayaquil-ecuador\/#primaryimage"},"image":{"@id":"https:\/\/trailforthjournal.com\/es\/cultura\/guayaquil-ecuador\/#primaryimage"},"thumbnailUrl":"https:\/\/trailforthjournal.com\/es\/wp-content\/uploads\/sites\/4\/2024\/07\/wp-17203020786331916779417640204164.jpg","datePublished":"2024-08-18T05:47:51+00:00","dateModified":"2026-08-14T16:37:37+00:00","description":"Descubre qu\u00e9 hacer en Guayaquil en 2026: cultura, compras, agenda anual de eventos y experiencias locales. Planifica tu viaje con esta gu\u00eda completa y actualizada.","breadcrumb":{"@id":"https:\/\/trailforthjournal.com\/es\/cultura\/guayaquil-ecuador\/#breadcrumb"},"inLanguage":"es","potentialAction":[{"@type":"ReadAction","target":["https:\/\/trailforthjournal.com\/es\/cultura\/guayaquil-ecuador\/"]}]},{"@type":"ImageObject","inLanguage":"es","@id":"https:\/\/trailforthjournal.com\/es\/cultura\/guayaquil-ecuador\/#primaryimage","url":"https:\/\/trailforthjournal.com\/es\/wp-content\/uploads\/sites\/4\/2024\/07\/wp-17203020786331916779417640204164.jpg","contentUrl":"https:\/\/trailforthjournal.com\/es\/wp-content\/uploads\/sites\/4\/2024\/07\/wp-17203020786331916779417640204164.jpg","width":2048,"height":1364,"caption":"Cosas que hacer en Guayaquil | Ecuador, Sudam\u00e9rica"},{"@type":"BreadcrumbList","@id":"https:\/\/trailforthjournal.com\/es\/cultura\/guayaquil-ecuador\/#breadcrumb","itemListElement":[{"@type":"ListItem","position":1,"name":"Portada","item":"https:\/\/trailforthjournal.com\/es\/"},{"@type":"ListItem","position":2,"name":"Gu\u00eda de Guayaquil 2026 | Qu\u00e9 hacer, cultura, compras y experiencias"}]},{"@type":"WebSite","@id":"https:\/\/trailforthjournal.com\/es\/#website","url":"https:\/\/trailforthjournal.com\/es\/","name":"Trail Forth Journal","description":"Make Life a Journey","publisher":{"@id":"https:\/\/trailforthjournal.com\/es\/#organization"},"alternateName":"Trail Forth Journal Espa\u00f1ol","potentialAction":[{"@type":"SearchAction","target":{"@type":"EntryPoint","urlTemplate":"https:\/\/trailforthjournal.com\/es\/?s={search_term_string}"},"query-input":{"@type":"PropertyValueSpecification","valueRequired":true,"valueName":"search_term_string"}}],"inLanguage":"es"},{"@type":["Organization","Place"],"@id":"https:\/\/trailforthjournal.com\/es\/#organization","name":"Trail Forth Journal","alternateName":"Trail Forth Journal Espa\u00f1ol","url":"https:\/\/trailforthjournal.com\/es\/","logo":{"@type":"ImageObject","inLanguage":"es","@id":"https:\/\/trailforthjournal.com\/es\/#\/schema\/logo\/image\/","url":"","contentUrl":"","caption":"Trail Forth Journal"},"image":{"@id":"https:\/\/trailforthjournal.com\/es\/#\/schema\/logo\/image\/"},"sameAs":["https:\/\/www.facebook.com\/trailforth","https:\/\/x.com\/trailforth","https:\/\/www.instagram.com\/trailforth\/"],"mainEntityOfPage":{"@id":"https:\/\/trailforthjournal.com\/es\/cultura\/guayaquil-ecuador\/"}},{"@type":"Person","@id":"https:\/\/trailforthjournal.com\/es\/#\/schema\/person\/c38e1195d2fbb77206faaef3a81d4dad","name":"jairocabrera","image":{"@type":"ImageObject","inLanguage":"es","@id":"https:\/\/secure.gravatar.com\/avatar\/56722a61efc14e69ef47b9fbbb54f81138a4e882a78e644b52a4d66d41edcfc5?s=96&d=mm&r=g","url":"https:\/\/secure.gravatar.com\/avatar\/56722a61efc14e69ef47b9fbbb54f81138a4e882a78e644b52a4d66d41edcfc5?s=96&d=mm&r=g","contentUrl":"https:\/\/secure.gravatar.com\/avatar\/56722a61efc14e69ef47b9fbbb54f81138a4e882a78e644b52a4d66d41edcfc5?s=96&d=mm&r=g","caption":"jairocabrera"},"sameAs":["http:\/\/trailforthjournal.com"]}]}},"_links":{"self":[{"href":"https:\/\/trailforthjournal.com\/es\/wp-json\/wp\/v2\/posts\/36287","targetHints":{"allow":["GET"]}}],"collection":[{"href":"https:\/\/trailforthjournal.com\/es\/wp-json\/wp\/v2\/posts"}],"about":[{"href":"https:\/\/trailforthjournal.com\/es\/wp-json\/wp\/v2\/types\/post"}],"author":[{"embeddable":true,"href":"https:\/\/trailforthjournal.com\/es\/wp-json\/wp\/v2\/users\/1"}],"replies":[{"embeddable":true,"href":"https:\/\/trailforthjournal.com\/es\/wp-json\/wp\/v2\/comments?post=36287"}],"version-history":[{"count":0,"href":"https:\/\/trailforthjournal.com\/es\/wp-json\/wp\/v2\/posts\/36287\/revisions"}],"wp:featuredmedia":[{"embeddable":true,"href":"https:\/\/trailforthjournal.com\/es\/wp-json\/wp\/v2\/media\/34229"}],"wp:attachment":[{"href":"https:\/\/trailforthjournal.com\/es\/wp-json\/wp\/v2\/media?parent=36287"}],"wp:term":[{"taxonomy":"category","embeddable":true,"href":"https:\/\/trailforthjournal.com\/es\/wp-json\/wp\/v2\/categories?post=36287"},{"taxonomy":"post_tag","embeddable":true,"href":"https:\/\/trailforthjournal.com\/es\/wp-json\/wp\/v2\/tags?post=36287"}],"curies":[{"name":"wp","href":"https:\/\/api.w.org\/{rel}","templated":true}]}}