{"id":36287,"date":"2024-08-18T00:47:51","date_gmt":"2024-08-18T05:47:51","guid":{"rendered":"https:\/\/trailforthjournal.com\/es\/?p=36287"},"modified":"2026-04-19T09:43:02","modified_gmt":"2026-04-19T14:43:02","slug":"guayaquil-ecuador","status":"publish","type":"post","link":"https:\/\/trailforthjournal.com\/es\/guia-turistica\/guayaquil-ecuador\/","title":{"rendered":"Gu\u00eda de Guayaquil 2026 | Qu\u00e9 hacer, cultura, compras y experiencias"},"content":{"rendered":"\t\t<div data-elementor-type=\"wp-post\" data-elementor-id=\"36287\" class=\"elementor elementor-36287\" data-elementor-post-type=\"post\">\n\t\t\t\t\t\t<section class=\"elementor-section elementor-top-section elementor-element elementor-element-15a5e27 elementor-section-full_width elementor-section-height-default elementor-section-height-default wpr-particle-no wpr-jarallax-no wpr-parallax-no wpr-sticky-section-no wpr-equal-height-no\" data-id=\"15a5e27\" data-element_type=\"section\" data-e-type=\"section\" data-settings=\"{&quot;background_background&quot;:&quot;classic&quot;}\">\n\t\t\t\t\t\t<div class=\"elementor-container elementor-column-gap-default\">\n\t\t\t\t\t<div class=\"elementor-column elementor-col-100 elementor-top-column elementor-element elementor-element-422e81f\" data-id=\"422e81f\" data-element_type=\"column\" data-e-type=\"column\">\n\t\t\t<div class=\"elementor-widget-wrap elementor-element-populated\">\n\t\t\t\t\t\t<div class=\"elementor-element elementor-element-6aa8954 elementor-widget elementor-widget-html\" data-id=\"6aa8954\" data-element_type=\"widget\" data-e-type=\"widget\" data-widget_type=\"html.default\">\n\t\t\t\t<div class=\"elementor-widget-container\">\n\t\t\t\t\t<div class=\"v-mega-nav dark-theme\">\n  <div class=\"v-dallas-tabs\">\n    <button class=\"tab-btn active\" onclick=\"filterContent(event, 'planning')\">Tours y Actividades<\/button>\n    <button class=\"tab-btn\" onclick=\"filterContent(event, 'heritage')\">Patrimonio y Fe<\/button>\n    <button class=\"tab-btn\" onclick=\"filterContent(event, 'culture')\">Arte, Festividades y Cultura<\/button>\n  <\/div>\n\n  <div id=\"planning\" class=\"tab-content active\">\n    <div class=\"v-grid-panorama\">\n      <div class=\"v-card-pano\" style=\"background-image: url('https:\/\/trailforthjournal.com\/es\/wp-content\/uploads\/sites\/4\/2026\/01\/manglares-churute-group.png');\">\n        <div class=\"v-overlay-pano\">\n          <span>The Experience Collection<\/span>\n          <h3>Trail Forth: Tours & Activities<\/h3>\n          <a href=\"#tours-actividades\" class=\"v-link-pano\">Reservar Tours en Guayaquil<\/a>\n        <\/div>\n      <\/div>\n      <div class=\"v-card-pano\" style=\"background-image: url('https:\/\/trailforthjournal.com\/es\/wp-content\/uploads\/sites\/4\/2022\/03\/DJI_0016-2-scaled.jpg');\">\n        <div class=\"v-overlay-pano\">\n          <span>Gu\u00eda Pr\u00e1ctica<\/span>\n          <h3>Clima y Mejor \u00c9poca<\/h3>\n          <a href=\"#seo-clima\" class=\"v-link-pano\">Ver Detalles<\/a>\n        <\/div>\n      <\/div>\n    <\/div>\n  <\/div>\n\n  <div id=\"heritage\" class=\"tab-content\">\n    <div class=\"v-grid-panorama\">\n      <div class=\"v-card-pano\" style=\"background-image: url('https:\/\/trailforthjournal.com\/es\/wp-content\/uploads\/sites\/4\/2023\/10\/Las-Penas-Esferica-3.jpg');\">\n        <div class=\"v-overlay-pano\">\n          <span>Barrios Hist\u00f3ricos<\/span>\n          <h3>Zonas Patrimoniales y Las Pe\u00f1as<\/h3>\n          <a href=\"#patrimonial\" class=\"v-link-pano\">Ver Galer\u00eda<\/a>\n        <\/div>\n      <\/div>\n      <div class=\"v-card-pano\" style=\"background-image: url('https:\/\/trailforthjournal.com\/es\/wp-content\/uploads\/sites\/4\/2023\/10\/DJI_0009-2-scaled.jpg');\">\n        <div class=\"v-overlay-pano\">\n          <span>Arquitectura Sacra<\/span>\n          <h3>Ruta de las Iglesias<\/h3>\n          <a href=\"#iglesias-patrimonio\" class=\"v-link-pano\">Explorar Templos<\/a>\n        <\/div>\n      <\/div>\n    <\/div>\n  <\/div>\n\n  <div id=\"culture\" class=\"tab-content\">\n    <div class=\"v-grid-panorama trio\">\n      <div class=\"v-card-pano\" style=\"background-image: url('https:\/\/trailforthjournal.com\/es\/wp-content\/uploads\/sites\/4\/2022\/05\/24465770774_e36bc43f29_o-scaled.jpg');\">\n        <div class=\"v-overlay-pano\">\n          <span>Arte<\/span>\n          <h3>Museos y Cultura<\/h3>\n          <a href=\"#museos\" class=\"v-link-pano\">Ver Galer\u00edas<\/a>\n        <\/div>\n      <\/div>\n      <div class=\"v-card-pano\" style=\"background-image: url('https:\/\/images.unsplash.com\/photo-1470225620780-dba8ba36b745');\">\n        <div class=\"v-overlay-pano\">\n          <span>Agenda Live<\/span>\n          <h3>Eventos y Shows<\/h3>\n          <a href=\"#agenda-eventos-guayaquil\" class=\"v-link-pano\">Ver Cartelera<\/a>\n        <\/div>\n      <\/div>\n      <div class=\"v-card-pano\" style=\"background-image: url('https:\/\/www.clave.com.ec\/wp-content\/uploads\/2016\/05\/MG_68721.jpg');\">\n        <div class=\"v-overlay-pano\">\n          <span>Lifestyle<\/span>\n          <h3>Malls y Shopping<\/h3>\n          <a href=\"#shopping\" class=\"v-link-pano\">D\u00f3nde Comprar<\/a>\n        <\/div>\n      <\/div>\n    <\/div>\n  <\/div>\n<\/div>\n\n<style>\n\/* 1. Contenedor Dark *\/\n.dark-theme { \n    background-color: #000000; \n    border-radius: 15px;\n    padding: 40px 25px !important;\n}\n\n.v-mega-nav { \n    font-family: 'Poppins', sans-serif; \n    max-width: 1200px; \n    margin: auto;\n}\n\n\/* 2. Tabs Estilizados *\/\n.v-dallas-tabs { \n    display: flex; \n    gap: 30px; \n    margin-bottom: 30px; \n    border-bottom: 1px solid #222; \n}\n\n.tab-btn { \n    background: none; border: none; padding: 15px 0; cursor: pointer;\n    font-size: 12px; font-weight: 700; text-transform: uppercase; letter-spacing: 1.5px;\n    color: #555; transition: 0.3s; position: relative;\n}\n\n.tab-btn.active { color: #ffffff; }\n.tab-btn.active::after { \n    content: ''; position: absolute; bottom: -1px; left: 0; width: 100%; height: 2px; background: #ffcc00; \n}\n\n\/* 3. Grid y Contenido *\/\n.tab-content { display: none; opacity: 0; transform: translateY(10px); transition: all 0.4s ease; }\n.tab-content.active { display: block; opacity: 1; transform: translateY(0); }\n\n.v-grid-panorama { \n    display: grid; \n    grid-template-columns: repeat(2, 1fr); \n    gap: 20px; \n}\n\n.v-grid-panorama.trio { \n    grid-template-columns: repeat(3, 1fr); \n}\n\n\/* 4. Tarjetas con Altura Solicitada (250px) *\/\n.v-card-pano { \n    position: relative; \n    height: 250px; \/* ALTURA FIJA *\/\n    background-size: cover; \n    background-position: center;\n    border-radius: 10px; \n    overflow: hidden;\n    display: flex;\n    align-items: flex-end;\n    border: 1px solid #111;\n    transition: 0.3s;\n}\n\n.v-card-pano:hover { transform: scale(1.01); }\n\n\/* 5. Overlay y Enlaces *\/\n.v-overlay-pano { \n    background: linear-gradient(to top, rgba(0, 0, 0, 0.9) 0%, rgba(0, 0, 0, 0.2) 100%); \n    width: 100%; \n    padding: 25px; \n    color: #fff; \n}\n\n.v-overlay-pano span { \n    text-transform: uppercase; font-size: 9px; font-weight: 700; \n    letter-spacing: 1.5px; display: block; margin-bottom: 8px; color: #ffcc00; \n}\n\n.v-overlay-pano h3 { \n    margin: 0 0 15px 0; font-size: 20px; font-weight: 700; line-height: 1.2; color: #ffffff !important;\n}\n\n.v-link-pano { \n    color: #fff; \n    text-decoration: none; \n    border-bottom: 2px solid #ffcc00; \n    font-size: 12px; \n    font-weight: 600; \n    padding-bottom: 3px; \n    transition: 0.3s;\n    display: inline-block;\n}\n\n.v-link-pano:hover { color: #ffcc00; border-bottom-color: transparent; padding-left: 5px; }\n\n\/* 6. Responsive *\/\n@media (max-width: 900px) {\n    .v-grid-panorama.trio { grid-template-columns: 1fr 1fr; }\n}\n\n@media (max-width: 600px) {\n    .v-grid-panorama, .v-grid-panorama.trio { grid-template-columns: 1fr; }\n    .v-card-pano { height: 200px; }\n}\n<\/style>\n\n<script>\nfunction filterContent(evt, categoryId) {\n  var i, tabcontent, tablinks;\n  tabcontent = document.getElementsByClassName(\"tab-content\");\n  for (i = 0; i < tabcontent.length; i++) {\n    tabcontent[i].style.display = \"none\";\n    tabcontent[i].classList.remove(\"active\");\n  }\n  tablinks = document.getElementsByClassName(\"tab-btn\");\n  for (i = 0; i < tablinks.length; i++) {\n    tablinks[i].classList.remove(\"active\");\n  }\n  const target = document.getElementById(categoryId);\n  target.style.display = \"block\";\n  setTimeout(() => { target.classList.add(\"active\"); }, 50);\n  evt.currentTarget.classList.add(\"active\");\n}\n<\/script>\n\t\t\t\t<\/div>\n\t\t\t\t<\/div>\n\t\t\t\t\t<\/div>\n\t\t<\/div>\n\t\t\t\t\t<\/div>\n\t\t<\/section>\n\t\t\t\t<section class=\"elementor-section elementor-top-section elementor-element elementor-element-ca7cfea elementor-section-boxed elementor-section-height-default elementor-section-height-default wpr-particle-no wpr-jarallax-no wpr-parallax-no wpr-sticky-section-no wpr-equal-height-no\" data-id=\"ca7cfea\" data-element_type=\"section\" data-e-type=\"section\">\n\t\t\t\t\t\t<div class=\"elementor-container elementor-column-gap-default\">\n\t\t\t\t\t<div class=\"elementor-column elementor-col-100 elementor-top-column elementor-element elementor-element-8b4cfa5\" data-id=\"8b4cfa5\" data-element_type=\"column\" data-e-type=\"column\">\n\t\t\t<div class=\"elementor-widget-wrap elementor-element-populated\">\n\t\t\t\t\t\t<div class=\"elementor-element elementor-element-c1adf22 elementor-widget elementor-widget-spacer\" data-id=\"c1adf22\" data-element_type=\"widget\" data-e-type=\"widget\" data-widget_type=\"spacer.default\">\n\t\t\t\t<div class=\"elementor-widget-container\">\n\t\t\t\t\t\t\t<div class=\"elementor-spacer\">\n\t\t\t<div class=\"elementor-spacer-inner\"><\/div>\n\t\t<\/div>\n\t\t\t\t\t\t<\/div>\n\t\t\t\t<\/div>\n\t\t\t\t\t<\/div>\n\t\t<\/div>\n\t\t\t\t\t<\/div>\n\t\t<\/section>\n\t\t\t\t<section class=\"elementor-section elementor-top-section elementor-element elementor-element-32b4504 elementor-section-height-min-height elementor-section-boxed elementor-section-height-default elementor-section-items-middle wpr-sticky-section-no wpr-equal-height-no\" data-id=\"32b4504\" data-element_type=\"section\" data-e-type=\"section\" data-settings=\"{&quot;background_background&quot;:&quot;video&quot;,&quot;background_video_link&quot;:&quot;https:\\\/\\\/youtu.be\\\/IQLZCmHaH7A&quot;,&quot;background_play_on_mobile&quot;:&quot;yes&quot;,&quot;shape_divider_top&quot;:&quot;triangle-asymmetrical&quot;,&quot;shape_divider_bottom&quot;:&quot;triangle-asymmetrical&quot;}\">\n\t\t\t\t\t\t\t\t<div class=\"elementor-background-video-container\">\n\t\t\t\t\t\t\t\t\t\t\t\t\t<div class=\"elementor-background-video-embed\" role=\"presentation\"><\/div>\n\t\t\t\t\t\t\t\t\t\t\t\t<\/div>\n\t\t\t\t\t\t\t\t\t<div class=\"elementor-background-overlay\"><\/div>\n\t\t\t\t\t\t<div class=\"elementor-shape elementor-shape-top\" aria-hidden=\"true\" data-negative=\"false\">\n\t\t\t<svg xmlns=\"http:\/\/www.w3.org\/2000\/svg\" viewBox=\"0 0 1000 100\" preserveAspectRatio=\"none\">\n\t<path class=\"elementor-shape-fill\" d=\"M738,99l262-93V0H0v5.6L738,99z\"\/>\n<\/svg>\t\t<\/div>\n\t\t\t\t<div class=\"elementor-shape elementor-shape-bottom\" aria-hidden=\"true\" data-negative=\"false\">\n\t\t\t<svg xmlns=\"http:\/\/www.w3.org\/2000\/svg\" viewBox=\"0 0 1000 100\" preserveAspectRatio=\"none\">\n\t<path class=\"elementor-shape-fill\" d=\"M738,99l262-93V0H0v5.6L738,99z\"\/>\n<\/svg>\t\t<\/div>\n\t\t\t\t\t<div class=\"elementor-container elementor-column-gap-default\">\n\t\t\t\t\t<div class=\"elementor-column elementor-col-100 elementor-top-column elementor-element elementor-element-3fa4783\" data-id=\"3fa4783\" data-element_type=\"column\" data-e-type=\"column\" data-settings=\"{&quot;background_background&quot;:&quot;classic&quot;}\">\n\t\t\t<div class=\"elementor-widget-wrap elementor-element-populated\">\n\t\t\t\t\t<div class=\"elementor-background-overlay\"><\/div>\n\t\t\t\t\t\t<div class=\"elementor-element elementor-element-8a274be elementor-widget elementor-widget-heading\" data-id=\"8a274be\" data-element_type=\"widget\" data-e-type=\"widget\" data-widget_type=\"heading.default\">\n\t\t\t\t<div class=\"elementor-widget-container\">\n\t\t\t\t\t<h4 class=\"elementor-heading-title elementor-size-default\">Guayaquil | Qu\u00e9 hacer, cultura, compras y experiencias<\/h4>\t\t\t\t<\/div>\n\t\t\t\t<\/div>\n\t\t\t\t<div class=\"elementor-element elementor-element-da2858b elementor-widget-divider--view-line elementor-invisible elementor-widget elementor-widget-divider\" data-id=\"da2858b\" data-element_type=\"widget\" data-e-type=\"widget\" data-settings=\"{&quot;_animation&quot;:&quot;fadeInUp&quot;}\" data-widget_type=\"divider.default\">\n\t\t\t\t<div class=\"elementor-widget-container\">\n\t\t\t\t\t\t\t<div class=\"elementor-divider\">\n\t\t\t<span class=\"elementor-divider-separator\">\n\t\t\t\t\t\t<\/span>\n\t\t<\/div>\n\t\t\t\t\t\t<\/div>\n\t\t\t\t<\/div>\n\t\t\t\t\t<\/div>\n\t\t<\/div>\n\t\t\t\t\t<\/div>\n\t\t<\/section>\n\t\t\t\t<section class=\"elementor-section elementor-top-section elementor-element elementor-element-8de6ad8 elementor-section-boxed elementor-section-height-default elementor-section-height-default wpr-particle-no wpr-jarallax-no wpr-parallax-no wpr-sticky-section-no wpr-equal-height-no\" data-id=\"8de6ad8\" data-element_type=\"section\" data-e-type=\"section\">\n\t\t\t\t\t\t<div class=\"elementor-container elementor-column-gap-default\">\n\t\t\t\t\t<div class=\"elementor-column elementor-col-100 elementor-top-column elementor-element elementor-element-7de5e76\" data-id=\"7de5e76\" data-element_type=\"column\" data-e-type=\"column\">\n\t\t\t<div class=\"elementor-widget-wrap elementor-element-populated\">\n\t\t\t\t\t\t<div class=\"elementor-element elementor-element-57cd254 pa-icon-pos-after premium-lq__none elementor-widget elementor-widget-premium-addon-button\" data-id=\"57cd254\" data-element_type=\"widget\" data-e-type=\"widget\" data-widget_type=\"premium-addon-button.default\">\n\t\t\t\t<div class=\"elementor-widget-container\">\n\t\t\t\t\t\n\n\t\t<a class=\"premium-button premium-button-style6 premium-btn-sm premium-button-style6\" href=\"https:\/\/trailforthjournal.com\/en\/travel-guide\/guayaquil-ecuador\/\">\n\t\t\t<div class=\"premium-button-text-icon-wrapper\">\n\t\t\t\t\n\t\t\t\t\t\t\t\t\t\t\t\t\t\t\t\t\t\t<svg class=\"svg-inline--fas-fa-chevron-right premium-drawable-icon premium-svg-nodraw\" aria-hidden='true' xmlns='http:\/\/www.w3.org\/2000\/svg' viewBox='0 0 320 512'><path d=\"M285.476 272.971L91.132 467.314c-9.373 9.373-24.569 9.373-33.941 0l-22.667-22.667c-9.357-9.357-9.375-24.522-.04-33.901L188.505 256 34.484 101.255c-9.335-9.379-9.317-24.544.04-33.901l22.667-22.667c9.373-9.373 24.569-9.373 33.941 0L285.475 239.03c9.373 9.372 9.373 24.568.001 33.941z\"><\/path><\/svg>\t\t\t\t\t\t\t\t\t\t\t\t\t\t\t\n\t\t\t\t\t\t\t\t\t<span >\n\t\t\t\t\t\tEnglish\t\t\t\t\t<\/span>\n\t\t\t\t\t\t\t<\/div>\n\n\t\t\t\n\t\t\t\n\t\t\t\n\t\t<\/a>\n\n\n\t\t\t\t\t\t<\/div>\n\t\t\t\t<\/div>\n\t\t\t\t\t<\/div>\n\t\t<\/div>\n\t\t\t\t\t<\/div>\n\t\t<\/section>\n\t\t\t\t<section class=\"elementor-section elementor-top-section elementor-element elementor-element-e9acdac elementor-section-boxed elementor-section-height-default elementor-section-height-default wpr-particle-no wpr-jarallax-no wpr-parallax-no wpr-sticky-section-no wpr-equal-height-no\" data-id=\"e9acdac\" data-element_type=\"section\" data-e-type=\"section\">\n\t\t\t\t\t\t<div class=\"elementor-container elementor-column-gap-default\">\n\t\t\t\t\t<div class=\"elementor-column elementor-col-100 elementor-top-column elementor-element elementor-element-b1359e0\" data-id=\"b1359e0\" data-element_type=\"column\" data-e-type=\"column\">\n\t\t\t<div class=\"elementor-widget-wrap elementor-element-populated\">\n\t\t\t\t\t\t<div class=\"elementor-element elementor-element-216e178 elementor-widget elementor-widget-spacer\" data-id=\"216e178\" data-element_type=\"widget\" data-e-type=\"widget\" data-widget_type=\"spacer.default\">\n\t\t\t\t<div class=\"elementor-widget-container\">\n\t\t\t\t\t\t\t<div class=\"elementor-spacer\">\n\t\t\t<div class=\"elementor-spacer-inner\"><\/div>\n\t\t<\/div>\n\t\t\t\t\t\t<\/div>\n\t\t\t\t<\/div>\n\t\t\t\t\t<\/div>\n\t\t<\/div>\n\t\t\t\t\t<\/div>\n\t\t<\/section>\n\t\t\t\t<section class=\"elementor-section elementor-top-section elementor-element elementor-element-35f8dc1 elementor-section-boxed elementor-section-height-default elementor-section-height-default wpr-particle-no wpr-jarallax-no wpr-parallax-no wpr-sticky-section-no wpr-equal-height-no\" data-id=\"35f8dc1\" data-element_type=\"section\" data-e-type=\"section\">\n\t\t\t\t\t\t<div class=\"elementor-container elementor-column-gap-default\">\n\t\t\t\t\t<div class=\"elementor-column elementor-col-100 elementor-top-column elementor-element elementor-element-550231f\" data-id=\"550231f\" data-element_type=\"column\" data-e-type=\"column\" data-settings=\"{&quot;background_background&quot;:&quot;classic&quot;}\">\n\t\t\t<div class=\"elementor-widget-wrap elementor-element-populated\">\n\t\t\t\t\t\t<div class=\"elementor-element elementor-element-153bf5f elementor-widget elementor-widget-html\" data-id=\"153bf5f\" data-element_type=\"widget\" data-e-type=\"widget\" data-widget_type=\"html.default\">\n\t\t\t\t<div class=\"elementor-widget-container\">\n\t\t\t\t\t<style>\r\n\/* 1. Importaci\u00f3n de la fuente con peso m\u00e1ximo *\/\r\n@import url('https:\/\/fonts.googleapis.com\/css2?family=Permanent+Marker&display=swap');\r\n\r\n.tjf-brush-headline {\r\n    \/* TIPOGRAF\u00cdA MODELO 2 *\/\r\n    font-family: 'Permanent Marker', cursive !important;\r\n    color: #007FD5 !important;\r\n    font-size: clamp(30px, 8vw, 75px) !important;\r\n    \r\n    \/* ESTILO EDITORIAL *\/\r\n    text-align: center;\r\n    line-height: 1.1 !important;\r\n    margin: 40px auto 10px;\r\n    display: block;\r\n    letter-spacing: 1px;\r\n    \r\n    \/* EFECTO DE TEXTURA Y VOLUMEN *\/\r\n    \/* Creamos un relieve sutil que simula la presi\u00f3n del marcador *\/\r\n    text-shadow: 2px 2px 0px rgba(0, 127, 213, 0.15);\r\n    \r\n    \/* FILTRO DE BORDES RUGOSOS (Para que no se vea digital) *\/\r\n    filter: contrast(120%) brightness(105%);\r\n    \r\n    position: relative;\r\n    max-width: 900px;\r\n}\r\n\r\n\/* 2. SUBRAYADO ESTILO BROCHAZO (Decoraci\u00f3n de Marketing) *\/\r\n.tjf-brush-headline::after {\r\n    content: '';\r\n    display: block;\r\n    width: 250px;\r\n    height: 12px;\r\n    background: #007FD5;\r\n    margin: 15px auto 0;\r\n    opacity: 0.7;\r\n    \r\n    \/* Esto crea la forma de un trazo de pincel irregular *\/\r\n    border-radius: 50% 20% \/ 10% 80%;\r\n    transform: rotate(-1.5deg);\r\n}\r\n\r\n\/* 3. EFECTO HOVER INTERACTIVO *\/\r\n.tjf-brush-headline:hover {\r\n    transform: scale(1.02);\r\n    transition: transform 0.3s ease;\r\n    cursor: default;\r\n}\r\n\r\n\/* Ajuste para m\u00f3viles *\/\r\n@media (max-width: 768px) {\r\n    .tjf-brush-headline::after {\r\n        width: 150px;\r\n        height: 8px;\r\n    }\r\n}\r\n<\/style>\r\n\r\n<div style=\"width: 100%; text-align: center; overflow: hidden; padding: 20px 0;\">\r\n    <h2 class=\"tjf-brush-headline\">\r\n        Bienvenido a Guayaquil\r\n    <\/h2>\r\n<\/div>\t\t\t\t<\/div>\n\t\t\t\t<\/div>\n\t\t\t\t\t<\/div>\n\t\t<\/div>\n\t\t\t\t\t<\/div>\n\t\t<\/section>\n\t\t\t\t<section class=\"elementor-section elementor-top-section elementor-element elementor-element-b2c6bc1 elementor-section-boxed elementor-section-height-default elementor-section-height-default wpr-particle-no wpr-jarallax-no wpr-parallax-no wpr-sticky-section-no wpr-equal-height-no\" data-id=\"b2c6bc1\" data-element_type=\"section\" data-e-type=\"section\">\n\t\t\t\t\t\t<div class=\"elementor-container elementor-column-gap-default\">\n\t\t\t\t\t<div class=\"elementor-column elementor-col-100 elementor-top-column elementor-element elementor-element-4e232b7\" data-id=\"4e232b7\" data-element_type=\"column\" data-e-type=\"column\">\n\t\t\t<div class=\"elementor-widget-wrap elementor-element-populated\">\n\t\t\t\t\t\t<div class=\"elementor-element elementor-element-a9f4c61 elementor-widget elementor-widget-spacer\" data-id=\"a9f4c61\" data-element_type=\"widget\" data-e-type=\"widget\" data-widget_type=\"spacer.default\">\n\t\t\t\t<div class=\"elementor-widget-container\">\n\t\t\t\t\t\t\t<div class=\"elementor-spacer\">\n\t\t\t<div class=\"elementor-spacer-inner\"><\/div>\n\t\t<\/div>\n\t\t\t\t\t\t<\/div>\n\t\t\t\t<\/div>\n\t\t\t\t\t<\/div>\n\t\t<\/div>\n\t\t\t\t\t<\/div>\n\t\t<\/section>\n\t\t\t\t<section class=\"elementor-section elementor-top-section elementor-element elementor-element-6d91067 elementor-section-boxed elementor-section-height-default elementor-section-height-default wpr-particle-no wpr-jarallax-no wpr-parallax-no wpr-sticky-section-no wpr-equal-height-no\" data-id=\"6d91067\" data-element_type=\"section\" data-e-type=\"section\">\n\t\t\t\t\t\t<div class=\"elementor-container elementor-column-gap-default\">\n\t\t\t\t\t<div class=\"elementor-column elementor-col-25 elementor-top-column elementor-element elementor-element-a1d8c41\" data-id=\"a1d8c41\" data-element_type=\"column\" data-e-type=\"column\">\n\t\t\t<div class=\"elementor-widget-wrap elementor-element-populated\">\n\t\t\t\t\t\t<div class=\"elementor-element elementor-element-9583d6b elementor-widget elementor-widget-heading\" data-id=\"9583d6b\" data-element_type=\"widget\" data-e-type=\"widget\" data-widget_type=\"heading.default\">\n\t\t\t\t<div class=\"elementor-widget-container\">\n\t\t\t\t\t<p class=\"elementor-heading-title elementor-size-default\">Explora lo mejor de la Perla del Pac\u00edfico con nuestra gu\u00eda tur\u00edstica de Guayaquil 2026. Descubre eventos, actividades y tours de la Urbe Porte\u00f1a.<\/p>\t\t\t\t<\/div>\n\t\t\t\t<\/div>\n\t\t\t\t<div class=\"elementor-element elementor-element-2eeab23 elementor-widget elementor-widget-text-editor\" data-id=\"2eeab23\" data-element_type=\"widget\" data-e-type=\"widget\" data-widget_type=\"text-editor.default\">\n\t\t\t\t<div class=\"elementor-widget-container\">\n\t\t\t\t\t\t\t\t\t<p>Texto &amp; Fotos: Trail Forth Journal.<\/p>\t\t\t\t\t\t\t\t<\/div>\n\t\t\t\t<\/div>\n\t\t\t\t<div class=\"elementor-element elementor-element-2774a00 elementor-widget elementor-widget-spacer\" data-id=\"2774a00\" data-element_type=\"widget\" data-e-type=\"widget\" data-widget_type=\"spacer.default\">\n\t\t\t\t<div class=\"elementor-widget-container\">\n\t\t\t\t\t\t\t<div class=\"elementor-spacer\">\n\t\t\t<div class=\"elementor-spacer-inner\"><\/div>\n\t\t<\/div>\n\t\t\t\t\t\t<\/div>\n\t\t\t\t<\/div>\n\t\t\t\t<div class=\"elementor-element elementor-element-ae2544f elementor-toc--content-ellipsis elementor-toc--minimized-on-desktop elementor-widget elementor-widget-table-of-contents\" data-id=\"ae2544f\" data-element_type=\"widget\" data-e-type=\"widget\" data-settings=\"{&quot;headings_by_tags&quot;:[&quot;h2&quot;],&quot;exclude_headings_by_selector&quot;:[],&quot;marker_view&quot;:&quot;bullets&quot;,&quot;no_headings_message&quot;:&quot;No headings were found on this page.&quot;,&quot;collapse_subitems&quot;:&quot;yes&quot;,&quot;minimized_on&quot;:&quot;desktop&quot;,&quot;icon&quot;:{&quot;value&quot;:&quot;fas fa-circle&quot;,&quot;library&quot;:&quot;fa-solid&quot;},&quot;minimize_box&quot;:&quot;yes&quot;,&quot;hierarchical_view&quot;:&quot;yes&quot;,&quot;min_height&quot;:{&quot;unit&quot;:&quot;px&quot;,&quot;size&quot;:&quot;&quot;,&quot;sizes&quot;:[]},&quot;min_height_tablet&quot;:{&quot;unit&quot;:&quot;px&quot;,&quot;size&quot;:&quot;&quot;,&quot;sizes&quot;:[]},&quot;min_height_mobile&quot;:{&quot;unit&quot;:&quot;px&quot;,&quot;size&quot;:&quot;&quot;,&quot;sizes&quot;:[]}}\" data-widget_type=\"table-of-contents.default\">\n\t\t\t\t<div class=\"elementor-widget-container\">\n\t\t\t\t\t\t\t<div class=\"elementor-toc__header\">\n\t\t\t<h4 class=\"elementor-toc__header-title\">\n\t\t\t\tContenidos\t\t\t<\/h4>\n\t\t\t\t\t\t\t<div class=\"elementor-toc__toggle-button elementor-toc__toggle-button--expand\" role=\"button\" tabindex=\"0\" aria-controls=\"elementor-toc__ae2544f\" aria-expanded=\"true\" aria-label=\"Open table of contents\"><i aria-hidden=\"true\" class=\"fas fa-chevron-down\"><\/i><\/div>\n\t\t\t\t<div class=\"elementor-toc__toggle-button elementor-toc__toggle-button--collapse\" role=\"button\" tabindex=\"0\" aria-controls=\"elementor-toc__ae2544f\" aria-expanded=\"true\" aria-label=\"Close table of contents\"><i aria-hidden=\"true\" class=\"fas fa-chevron-up\"><\/i><\/div>\n\t\t\t\t\t<\/div>\n\t\t<div id=\"elementor-toc__ae2544f\" class=\"elementor-toc__body elementor-toc__list-items--collapsible\">\n\t\t\t<div class=\"elementor-toc__spinner-container\">\n\t\t\t\t<i class=\"elementor-toc__spinner eicon-animation-spin eicon-loading\" aria-hidden=\"true\"><\/i>\t\t\t<\/div>\n\t\t<\/div>\n\t\t\t\t\t\t<\/div>\n\t\t\t\t<\/div>\n\t\t\t\t<div class=\"elementor-element elementor-element-609b261 elementor-widget elementor-widget-spacer\" data-id=\"609b261\" data-element_type=\"widget\" data-e-type=\"widget\" data-widget_type=\"spacer.default\">\n\t\t\t\t<div class=\"elementor-widget-container\">\n\t\t\t\t\t\t\t<div class=\"elementor-spacer\">\n\t\t\t<div class=\"elementor-spacer-inner\"><\/div>\n\t\t<\/div>\n\t\t\t\t\t\t<\/div>\n\t\t\t\t<\/div>\n\t\t\t\t<div class=\"elementor-element elementor-element-661c52c elementor-widget elementor-widget-heading\" data-id=\"661c52c\" data-element_type=\"widget\" data-e-type=\"widget\" data-widget_type=\"heading.default\">\n\t\t\t\t<div class=\"elementor-widget-container\">\n\t\t\t\t\t<h2 class=\"elementor-heading-title elementor-size-default\">Gu\u00eda de Guayaquil 2026:  Experiencias locales, y excursiones.<\/h2>\t\t\t\t<\/div>\n\t\t\t\t<\/div>\n\t\t\t\t<div class=\"elementor-element elementor-element-1d5ce94 elementor-drop-cap-yes elementor-drop-cap-view-default elementor-widget elementor-widget-text-editor\" data-id=\"1d5ce94\" data-element_type=\"widget\" data-e-type=\"widget\" data-settings=\"{&quot;drop_cap&quot;:&quot;yes&quot;}\" data-widget_type=\"text-editor.default\">\n\t\t\t\t<div class=\"elementor-widget-container\">\n\t\t\t\t\t\t\t\t\t<p style=\"text-align: left;\">Descubrir <b data-path-to-node=\"4\" data-index-in-node=\"10\">qu\u00e9 hacer en Guayaquil<\/b> requiere una hoja de ruta que combine seguridad, clima y autenticidad. Esta gu\u00eda explora la esencia de la urbe porte\u00f1a, desde los ic\u00f3nicos paseos por el <b data-path-to-node=\"4\" data-index-in-node=\"186\">Malec\u00f3n\u00a0<\/b><\/p>\t\t\t\t\t\t\t\t<\/div>\n\t\t\t\t<\/div>\n\t\t\t\t\t<\/div>\n\t\t<\/div>\n\t\t\t\t<div class=\"elementor-column elementor-col-25 elementor-top-column elementor-element elementor-element-38f1527\" data-id=\"38f1527\" data-element_type=\"column\" data-e-type=\"column\">\n\t\t\t<div class=\"elementor-widget-wrap elementor-element-populated\">\n\t\t\t\t\t\t<div class=\"elementor-element elementor-element-6cf9b75 elementor-widget elementor-widget-spacer\" data-id=\"6cf9b75\" data-element_type=\"widget\" data-e-type=\"widget\" data-widget_type=\"spacer.default\">\n\t\t\t\t<div class=\"elementor-widget-container\">\n\t\t\t\t\t\t\t<div class=\"elementor-spacer\">\n\t\t\t<div class=\"elementor-spacer-inner\"><\/div>\n\t\t<\/div>\n\t\t\t\t\t\t<\/div>\n\t\t\t\t<\/div>\n\t\t\t\t\t<\/div>\n\t\t<\/div>\n\t\t\t\t<div class=\"elementor-column elementor-col-25 elementor-top-column elementor-element elementor-element-bd9e130\" data-id=\"bd9e130\" data-element_type=\"column\" data-e-type=\"column\">\n\t\t\t<div class=\"elementor-widget-wrap elementor-element-populated\">\n\t\t\t\t\t\t<div class=\"elementor-element elementor-element-9380df1 elementor-widget elementor-widget-spacer\" data-id=\"9380df1\" data-element_type=\"widget\" data-e-type=\"widget\" data-widget_type=\"spacer.default\">\n\t\t\t\t<div class=\"elementor-widget-container\">\n\t\t\t\t\t\t\t<div class=\"elementor-spacer\">\n\t\t\t<div class=\"elementor-spacer-inner\"><\/div>\n\t\t<\/div>\n\t\t\t\t\t\t<\/div>\n\t\t\t\t<\/div>\n\t\t\t\t\t<\/div>\n\t\t<\/div>\n\t\t\t\t<div class=\"elementor-column elementor-col-25 elementor-top-column elementor-element elementor-element-df903e9\" data-id=\"df903e9\" data-element_type=\"column\" data-e-type=\"column\" data-settings=\"{&quot;background_background&quot;:&quot;classic&quot;}\">\n\t\t\t<div class=\"elementor-widget-wrap elementor-element-populated\">\n\t\t\t\t\t<div class=\"elementor-background-overlay\"><\/div>\n\t\t\t\t\t\t<div class=\"elementor-element elementor-element-142b2ea elementor-align-end elementor-icon-list--layout-traditional elementor-list-item-link-full_width elementor-widget elementor-widget-icon-list\" data-id=\"142b2ea\" data-element_type=\"widget\" data-e-type=\"widget\" data-widget_type=\"icon-list.default\">\n\t\t\t\t<div class=\"elementor-widget-container\">\n\t\t\t\t\t\t\t<ul class=\"elementor-icon-list-items\">\n\t\t\t\t\t\t\t<li class=\"elementor-icon-list-item\">\n\t\t\t\t\t\t\t\t\t\t\t<a href=\"https:\/\/www.instagram.com\/trailforth\/\" target=\"_blank\">\n\n\t\t\t\t\t\t\t\t\t\t\t\t<span class=\"elementor-icon-list-icon\">\n\t\t\t\t\t\t\t<i aria-hidden=\"true\" class=\"fab fa-instagram\"><\/i>\t\t\t\t\t\t<\/span>\n\t\t\t\t\t\t\t\t\t\t<span class=\"elementor-icon-list-text\">trailforth <\/span>\n\t\t\t\t\t\t\t\t\t\t\t<\/a>\n\t\t\t\t\t\t\t\t\t<\/li>\n\t\t\t\t\t\t<\/ul>\n\t\t\t\t\t\t<\/div>\n\t\t\t\t<\/div>\n\t\t\t\t<div class=\"elementor-element elementor-element-6c21201 elementor-widget elementor-widget-text-editor\" data-id=\"6c21201\" data-element_type=\"widget\" data-e-type=\"widget\" data-widget_type=\"text-editor.default\">\n\t\t\t\t<div class=\"elementor-widget-container\">\n\t\t\t\t\t\t\t\t\t<p>Gu\u00eda tur\u00edstica de Guayaquil.<\/p>\t\t\t\t\t\t\t\t<\/div>\n\t\t\t\t<\/div>\n\t\t\t\t\t<\/div>\n\t\t<\/div>\n\t\t\t\t\t<\/div>\n\t\t<\/section>\n\t\t\t\t<section class=\"elementor-section elementor-top-section elementor-element elementor-element-fe735e1 elementor-section-boxed elementor-section-height-default elementor-section-height-default wpr-particle-no wpr-jarallax-no wpr-parallax-no wpr-sticky-section-no wpr-equal-height-no\" data-id=\"fe735e1\" data-element_type=\"section\" data-e-type=\"section\">\n\t\t\t\t\t\t<div class=\"elementor-container elementor-column-gap-default\">\n\t\t\t\t\t<div class=\"elementor-column elementor-col-100 elementor-top-column elementor-element elementor-element-d66d9b6\" data-id=\"d66d9b6\" data-element_type=\"column\" data-e-type=\"column\">\n\t\t\t<div class=\"elementor-widget-wrap elementor-element-populated\">\n\t\t\t\t\t\t<div class=\"elementor-element elementor-element-27e3a36 elementor-widget elementor-widget-text-editor\" data-id=\"27e3a36\" data-element_type=\"widget\" data-e-type=\"widget\" data-widget_type=\"text-editor.default\">\n\t\t\t\t<div class=\"elementor-widget-container\">\n\t\t\t\t\t\t\t\t\t<p style=\"text-align: left;\">y el hist\u00f3rico <b data-path-to-node=\"4\" data-index-in-node=\"214\">Barrio Las Pe\u00f1as<\/b> en el Cerro Santa Ana, hasta la biodiversidad de la <b data-path-to-node=\"4\" data-index-in-node=\"283\">Reserva Manglares Churute<\/b>. Ya sea que busques una<strong> Experiencia local<\/strong>\u00a0cultural o una excursi\u00f3n de naturaleza hacia la <strong>Ruta del Cacao<\/strong> y el <strong>Parque Nacional Cajas<\/strong>, Guayaquil es el punto de partida ideal para conectar la Costa con la Sierra ecuatoriana. Esta metr\u00f3poli es el motor financiero y el puerto mar\u00edtimo m\u00e1s importante del pa\u00eds. Reconocida en los <strong><a href=\"https:\/\/www.worldtravelawards.com\/award-south-americas-leading-city-break-destination-2023\"><i data-path-to-node=\"15,0\" data-index-in-node=\"168\">World Travel Awards<\/i><\/a><\/strong> como destino <a href=\"https:\/\/www.worldtravelawards.com\/award-south-americas-leading-city-break-destination-2023\"><strong><em>l\u00edder en Sudam\u00e9rica<\/em><\/strong><\/a>, Guayaquil es tambi\u00e9n la <b data-path-to-node=\"15,0\" data-index-in-node=\"246\">puerta de entrada principal a las Islas Gal\u00e1pagos<\/b>, ofreciendo la mejor conexi\u00f3n de vuelos directos hacia el archipi\u00e9lago.\u00a0<\/p>\t\t\t\t\t\t\t\t<\/div>\n\t\t\t\t<\/div>\n\t\t\t\t\t<\/div>\n\t\t<\/div>\n\t\t\t\t\t<\/div>\n\t\t<\/section>\n\t\t\t\t<section class=\"elementor-section elementor-top-section elementor-element elementor-element-0a968dc elementor-section-boxed elementor-section-height-default elementor-section-height-default wpr-particle-no wpr-jarallax-no wpr-parallax-no wpr-sticky-section-no wpr-equal-height-no\" data-id=\"0a968dc\" data-element_type=\"section\" data-e-type=\"section\">\n\t\t\t\t\t\t<div class=\"elementor-container elementor-column-gap-default\">\n\t\t\t\t\t<div class=\"elementor-column elementor-col-100 elementor-top-column elementor-element elementor-element-e426946\" data-id=\"e426946\" data-element_type=\"column\" data-e-type=\"column\">\n\t\t\t<div class=\"elementor-widget-wrap elementor-element-populated\">\n\t\t\t\t\t\t<div class=\"elementor-element elementor-element-b7b45c4 elementor-widget elementor-widget-text-editor\" data-id=\"b7b45c4\" data-element_type=\"widget\" data-e-type=\"widget\" data-widget_type=\"text-editor.default\">\n\t\t\t\t<div class=\"elementor-widget-container\">\n\t\t\t\t\t\t\t\t\t<p>La identidad de la ciudad fluye junto al <b data-path-to-node=\"6\" data-index-in-node=\"41\">R\u00edo Guayas<\/b>, eje de una zona patrimonial que alberga museos hist\u00f3ricos y monumentos emblem\u00e1ticos como la <strong>Torre Morisca<\/strong>. Este recorrido cultural se complementa con la imponente arquitectura de sus <b data-path-to-node=\"6\" data-index-in-node=\"236\">iglesias patrimoniales<\/b>, como la <strong>Catedral Metropolitana<\/strong>, reflejo vivo de la fe y la resiliencia de Guayaquil. Caminar por sus calles es sumergirse en una narrativa donde el legado colonial y la historia republicana se encuentran en cada fachada, ofreciendo al viajero una experiencia visual y espiritual profunda.<\/p>\t\t\t\t\t\t\t\t<\/div>\n\t\t\t\t<\/div>\n\t\t\t\t\t<\/div>\n\t\t<\/div>\n\t\t\t\t\t<\/div>\n\t\t<\/section>\n\t\t\t\t<section class=\"elementor-section elementor-top-section elementor-element elementor-element-7a3ca17 elementor-section-boxed elementor-section-height-default elementor-section-height-default wpr-particle-no wpr-jarallax-no wpr-parallax-no wpr-sticky-section-no wpr-equal-height-no\" data-id=\"7a3ca17\" data-element_type=\"section\" data-e-type=\"section\">\n\t\t\t\t\t\t<div class=\"elementor-container elementor-column-gap-default\">\n\t\t\t\t\t<div class=\"elementor-column elementor-col-100 elementor-top-column elementor-element elementor-element-2f16e10\" data-id=\"2f16e10\" data-element_type=\"column\" data-e-type=\"column\">\n\t\t\t<div class=\"elementor-widget-wrap elementor-element-populated\">\n\t\t\t\t\t\t<div class=\"elementor-element elementor-element-a0ba8f1 elementor-widget elementor-widget-text-editor\" data-id=\"a0ba8f1\" data-element_type=\"widget\" data-e-type=\"widget\" data-widget_type=\"text-editor.default\">\n\t\t\t\t<div class=\"elementor-widget-container\">\n\t\t\t\t\t\t\t\t\t<p>Como epicentro econ\u00f3mico del pa\u00eds, Guayaquil se consolida como el destino definitivo de <b data-path-to-node=\"8\" data-index-in-node=\"88\">shopping y lifestyle<\/b>. La ciudad vibra con centros comerciales de clase mundial, una oferta gastron\u00f3mica cosmopolita y zonas de entretenimiento de vanguardia que marcan tendencia en la regi\u00f3n. Esta faceta moderna, sumada a su energ\u00eda portuaria, convierte a la ciudad en un destino din\u00e1mico donde la sofisticaci\u00f3n urbana y las <b data-path-to-node=\"8\" data-index-in-node=\"413\">experiencias locales<\/b> se fusionan para ofrecer lo mejor del entretenimiento y el comercio en el Pac\u00edfico.<\/p>\t\t\t\t\t\t\t\t<\/div>\n\t\t\t\t<\/div>\n\t\t\t\t\t<\/div>\n\t\t<\/div>\n\t\t\t\t\t<\/div>\n\t\t<\/section>\n\t\t\t\t<section class=\"elementor-section elementor-top-section elementor-element elementor-element-9de3650 elementor-section-boxed elementor-section-height-default elementor-section-height-default wpr-particle-no wpr-jarallax-no wpr-parallax-no wpr-sticky-section-no wpr-equal-height-no\" data-id=\"9de3650\" data-element_type=\"section\" data-e-type=\"section\">\n\t\t\t\t\t\t<div class=\"elementor-container elementor-column-gap-default\">\n\t\t\t\t\t<div class=\"elementor-column elementor-col-100 elementor-top-column elementor-element elementor-element-69d4134\" data-id=\"69d4134\" data-element_type=\"column\" data-e-type=\"column\">\n\t\t\t<div class=\"elementor-widget-wrap elementor-element-populated\">\n\t\t\t\t\t\t<div class=\"elementor-element elementor-element-528124a elementor-widget elementor-widget-spacer\" data-id=\"528124a\" data-element_type=\"widget\" data-e-type=\"widget\" data-widget_type=\"spacer.default\">\n\t\t\t\t<div class=\"elementor-widget-container\">\n\t\t\t\t\t\t\t<div class=\"elementor-spacer\">\n\t\t\t<div class=\"elementor-spacer-inner\"><\/div>\n\t\t<\/div>\n\t\t\t\t\t\t<\/div>\n\t\t\t\t<\/div>\n\t\t\t\t\t<\/div>\n\t\t<\/div>\n\t\t\t\t\t<\/div>\n\t\t<\/section>\n\t\t\t\t<section class=\"elementor-section elementor-top-section elementor-element elementor-element-3462b11 elementor-section-boxed elementor-section-height-default elementor-section-height-default wpr-particle-no wpr-jarallax-no wpr-parallax-no wpr-sticky-section-no wpr-equal-height-no\" data-id=\"3462b11\" data-element_type=\"section\" data-e-type=\"section\" data-settings=\"{&quot;background_background&quot;:&quot;classic&quot;}\">\n\t\t\t\t\t\t<div class=\"elementor-container elementor-column-gap-default\">\n\t\t\t\t\t<div class=\"elementor-column elementor-col-50 elementor-top-column elementor-element elementor-element-947a8b2\" data-id=\"947a8b2\" data-element_type=\"column\" data-e-type=\"column\">\n\t\t\t<div class=\"elementor-widget-wrap elementor-element-populated\">\n\t\t\t\t\t\t<div class=\"elementor-element elementor-element-92038aa elementor-widget__width-initial elementor-widget elementor-widget-html\" data-id=\"92038aa\" data-element_type=\"widget\" data-e-type=\"widget\" data-widget_type=\"html.default\">\n\t\t\t\t<div class=\"elementor-widget-container\">\n\t\t\t\t\t<link rel=\"preconnect\" href=\"https:\/\/fonts.googleapis.com\">\r\n<link rel=\"preconnect\" href=\"https:\/\/fonts.gstatic.com\" crossorigin>\r\n<link href=\"https:\/\/fonts.googleapis.com\/css2?family=Poppins:wght@300;600;800&display=swap\" rel=\"stylesheet\">\r\n<link rel=\"stylesheet\" href=\"https:\/\/cdnjs.cloudflare.com\/ajax\/libs\/font-awesome\/6.0.0\/css\/all.min.css\">\r\n\r\n<section class=\"tf-final-banner\" aria-label=\"Reserva de tours y experiencias en Guayaquil\" itemscope itemtype=\"https:\/\/schema.org\/Service\">\r\n    <div class=\"tf-accent-line\"><\/div>\r\n    \r\n    <div class=\"tf-banner-content\">\r\n        <div class=\"tf-brand-info\">\r\n            <span class=\"tf-pre\">Official Experience by<\/span>\r\n            <h3 class=\"tf-brand-name\" itemprop=\"provider\">Trail Forth <span class=\"tf-light\">Tours & Activities<\/span><\/h3>\r\n            <span class=\"tf-tagline\">The Experience Collection<\/span>\r\n        <\/div>\r\n\r\n        <h2 class=\"tf-invite-h2\" itemprop=\"name\">\r\n            Reserva: Tours, Experiencias & Actividades: <span class=\"tf-city\">Guayaquil<\/span>\r\n        <\/h2>\r\n\r\n        <div class=\"tf-icon-strip\">\r\n            <div class=\"tf-icon-box\" title=\"Tours de Fotograf\u00eda en Guayaquil\"><i class=\"fas fa-camera\" aria-hidden=\"true\"><\/i><span class=\"sr-only\">Fotograf\u00eda<\/span><\/div>\r\n            <div class=\"tf-icon-box\" title=\"Exploraci\u00f3n Urbana y Caminatas\"><i class=\"fas fa-map-marked-alt\" aria-hidden=\"true\"><\/i><span class=\"sr-only\">Exploraci\u00f3n Urbana<\/span><\/div>\r\n            <div class=\"tf-icon-box\" title=\"Gastronom\u00eda y Experiencias Culinarias\"><i class=\"fas fa-glass-cheers\" aria-hidden=\"true\"><\/i><span class=\"sr-only\">Gastronom\u00eda<\/span><\/div>\r\n            <div class=\"tf-icon-box\" title=\"City Tours y Recorridos en Bus\"><i class=\"fas fa-bus\" aria-hidden=\"true\"><\/i><span class=\"sr-only\">City Tours<\/span><\/div>\r\n            <div class=\"tf-icon-box\" title=\"Aventura en Bici por Guayaquil\"><i class=\"fas fa-bicycle\" aria-hidden=\"true\"><\/i><span class=\"sr-only\">Aventura en Bici<\/span><\/div>\r\n            <div class=\"tf-icon-box\" title=\"Rutas de Senderismo y Naturaleza\"><i class=\"fas fa-route\" aria-hidden=\"true\"><\/i><span class=\"sr-only\">Rutas y Senderos<\/span><\/div>\r\n            <div class=\"tf-icon-box\" title=\"Turismo Cultural y Museos\"><i class=\"fas fa-landmark\" aria-hidden=\"true\"><\/i><span class=\"sr-only\">Cultura y Museos<\/span><\/div>\r\n        <\/div>\r\n        \r\n        <meta itemprop=\"description\" content=\"Agencia especializada en tours personalizados, fotograf\u00eda y experiencias culturales en Guayaquil.\">\r\n        <div itemprop=\"areaServed\" itemscope itemtype=\"https:\/\/schema.org\/City\" class=\"sr-only\">\r\n            <span itemprop=\"name\">Guayaquil<\/span>\r\n        <\/div>\r\n    <\/div>\r\n<\/section>\r\n\r\n<style>\r\n\/* 1. MANTENEMOS TU DISE\u00d1O EXACTO *\/\r\n.tf-final-banner {\r\n    display: flex;\r\n    background: rgba(255, 255, 255, 0.95);\r\n    width: 100%; \r\n    max-width: 1200px;\r\n    margin: 30px 0;\r\n    padding: 30px 30px 30px 0;\r\n    border-radius: 0; \r\n    border: none;\r\n    font-family: 'Poppins', sans-serif !important;\r\n    box-sizing: border-box;\r\n    text-align: left;\r\n}\r\n\r\n\/* SEO: Clase para que Google lea las keywords sin afectar el dise\u00f1o *\/\r\n.sr-only {\r\n    position: absolute;\r\n    width: 1px;\r\n    height: 1px;\r\n    padding: 0;\r\n    margin: -1px;\r\n    overflow: hidden;\r\n    clip: rect(0, 0, 0, 0);\r\n    white-space: nowrap;\r\n    border-width: 0;\r\n}\r\n\r\n.tf-accent-line {\r\n    width: 6px;\r\n    background-color: #ffcc00;\r\n    margin-right: 25px;\r\n    flex-shrink: 0;\r\n}\r\n\r\n.tf-banner-content {\r\n    width: 100%;\r\n}\r\n\r\n.tf-pre {\r\n    font-size: 10px;\r\n    text-transform: uppercase;\r\n    letter-spacing: 2.5px;\r\n    color: #ffcc00;\r\n    font-weight: 600;\r\n    display: block;\r\n    margin-bottom: 2px;\r\n}\r\n\r\n.tf-brand-name {\r\n    font-size: 26px !important;\r\n    font-weight: 600 !important;\r\n    color: #024F87 !important;\r\n    margin: 0 !important;\r\n    line-height: 1;\r\n}\r\n\r\n.tf-light { font-weight: 300 !important; opacity: 0.8; }\r\n\r\n.tf-tagline {\r\n    display: block;\r\n    font-size: 10px;\r\n    text-transform: uppercase;\r\n    letter-spacing: 4px;\r\n    color: #000000;\r\n    font-weight: 300;\r\n    margin-top: 6px;\r\n}\r\n\r\n.tf-invite-h2 {\r\n    font-size: 26px !important;\r\n    font-weight: 600 !important;\r\n    color: #024F87 !important;\r\n    margin: 18px 0 !important;\r\n    line-height: 1.2;\r\n}\r\n\r\n.tf-city { color: #007FD5; }\r\n\r\n.tf-icon-strip {\r\n    display: flex;\r\n    justify-content: flex-start;\r\n    gap: 15px;\r\n    margin-top: 25px;\r\n    flex-wrap: wrap;\r\n}\r\n\r\n.tf-icon-box {\r\n    width: 42px;\r\n    height: 42px;\r\n    background: #fdf8f3;\r\n    border: 1px solid #f5e6d3;\r\n    display: flex;\r\n    align-items: center;\r\n    justify-content: center;\r\n    border-radius: 4px;\r\n    color: #024F87;\r\n    transition: all 0.3s ease;\r\n}\r\n\r\n.tf-icon-box:hover {\r\n    background: #024F87;\r\n    color: #fff;\r\n    transform: translateY(-2px);\r\n}\r\n\r\n@media (max-width: 600px) {\r\n    .tf-brand-name, .tf-invite-h2 { font-size: 22px !important; }\r\n}\r\n<\/style>\t\t\t\t<\/div>\n\t\t\t\t<\/div>\n\t\t\t\t\t<\/div>\n\t\t<\/div>\n\t\t\t\t<div class=\"elementor-column elementor-col-50 elementor-top-column elementor-element elementor-element-cd8fdd9\" data-id=\"cd8fdd9\" data-element_type=\"column\" data-e-type=\"column\">\n\t\t\t<div class=\"elementor-widget-wrap elementor-element-populated\">\n\t\t\t\t\t\t<div class=\"elementor-element elementor-element-3de2f6c elementor-widget elementor-widget-html\" data-id=\"3de2f6c\" data-element_type=\"widget\" data-e-type=\"widget\" data-widget_type=\"html.default\">\n\t\t\t\t<div class=\"elementor-widget-container\">\n\t\t\t\t\t<div class=\"tf-hero-card\">\r\n    <div class=\"video-background\">\r\n        <iframe \r\n            src=\"https:\/\/www.youtube.com\/embed\/PxUauHg4gSs?autoplay=1&mute=1&loop=1&playlist=PxUauHg4gSs&end=17&controls=0&showinfo=0&rel=0&modestbranding=1&iv_load_policy=3&enablejsapi=1\" \r\n            frameborder=\"0\" \r\n            allow=\"autoplay; encrypted-media\" \r\n            allowfullscreen>\r\n        <\/iframe>\r\n    <\/div>\r\n\r\n    <div class=\"card-overlay\">\r\n        <div class=\"card-content\">\r\n            <span class=\"category-badge\">The Experience Collection<\/span>\r\n            \r\n            <p class=\"description-small\">Reserva los Tours & Actividades<\/p>\r\n            \r\n            <div class=\"cta-wrapper\">\r\n                <a href=\"https:\/\/trailforthjournal.com\/es\/tours-y-actividades\/guayaquil\/\" target=\"_blank\" class=\"btn-primary\">\r\n                    <span class=\"play-icon\"><\/span> VER EXPERIENCIAS\r\n                <\/a>\r\n            <\/div>\r\n        <\/div>\r\n    <\/div>\r\n<\/div>\r\n\r\n<style>\r\n\/* Mantenemos tu estilo exacto que ya funciona en Elementor *\/\r\n.tf-hero-card {\r\n    position: relative;\r\n    width: 100%;\r\n    max-width: 450px;\r\n    height: 300px;\r\n    margin: 20px auto;\r\n    border-radius: 24px;\r\n    overflow: hidden;\r\n    background: #000;\r\n    box-shadow: 0 15px 35px rgba(0,0,0,0.2);\r\n    font-family: 'Poppins', sans-serif;\r\n}\r\n\r\n.video-background {\r\n    position: absolute;\r\n    top: 0;\r\n    left: 0;\r\n    width: 100%;\r\n    height: 100%;\r\n    pointer-events: none;\r\n}\r\n\r\n.video-background iframe {\r\n    width: 300%; \r\n    height: 100%;\r\n    min-width: 177.77%; \r\n    position: absolute;\r\n    top: 50%;\r\n    left: 50%;\r\n    transform: translate(-50%, -50%) scale(1.3); \r\n    border: none;\r\n}\r\n\r\n.card-overlay {\r\n    position: absolute;\r\n    bottom: 0;\r\n    left: 0;\r\n    width: 100%;\r\n    height: 100%;\r\n    background: linear-gradient(180deg, transparent 15%, rgba(0,0,0,0.85) 85%);\r\n    display: flex;\r\n    align-items: flex-end;\r\n    padding: 25px;\r\n    box-sizing: border-box;\r\n    z-index: 2;\r\n}\r\n\r\n.category-badge {\r\n    display: inline-block;\r\n    background: #FFCC00;\r\n    color: #000;\r\n    font-size: 9px;\r\n    font-weight: 800;\r\n    padding: 4px 10px;\r\n    border-radius: 50px;\r\n    text-transform: uppercase;\r\n    letter-spacing: 1px;\r\n    margin-bottom: 6px;\r\n}\r\n\r\n.description-small {\r\n    color: rgba(255,255,255,0.9);\r\n    font-size: 13px;\r\n    margin-bottom: 18px;\r\n    font-weight: 400;\r\n}\r\n\r\n.btn-primary {\r\n    display: inline-flex;\r\n    align-items: center;\r\n    color: #fff;\r\n    text-decoration: none;\r\n    font-size: 11px;\r\n    font-weight: 600;\r\n    letter-spacing: 1px;\r\n    border: 1px solid rgba(255,255,255,0.5);\r\n    padding: 10px 20px;\r\n    border-radius: 50px;\r\n    transition: all 0.3s ease;\r\n    background: rgba(0,0,0,0.4);\r\n    backdrop-filter: blur(8px);\r\n    -webkit-backdrop-filter: blur(8px);\r\n}\r\n\r\n.btn-primary:hover {\r\n    background: #fff;\r\n    color: #000;\r\n}\r\n\r\n.play-icon {\r\n    width: 0; \r\n    height: 0; \r\n    border-top: 4px solid transparent;\r\n    border-bottom: 4px solid transparent;\r\n    border-left: 7px solid currentColor;\r\n    margin-right: 8px;\r\n}\r\n\r\n@media (max-width: 480px) {\r\n    .tf-hero-card {\r\n        height: 280px;\r\n    }\r\n}\r\n<\/style>\t\t\t\t<\/div>\n\t\t\t\t<\/div>\n\t\t\t\t\t<\/div>\n\t\t<\/div>\n\t\t\t\t\t<\/div>\n\t\t<\/section>\n\t\t\t\t<section class=\"elementor-section elementor-top-section elementor-element elementor-element-5d370f4 elementor-section-boxed elementor-section-height-default elementor-section-height-default wpr-particle-no wpr-jarallax-no wpr-parallax-no wpr-sticky-section-no wpr-equal-height-no\" data-id=\"5d370f4\" data-element_type=\"section\" data-e-type=\"section\">\n\t\t\t\t\t\t<div class=\"elementor-container elementor-column-gap-default\">\n\t\t\t\t\t<div class=\"elementor-column elementor-col-100 elementor-top-column elementor-element elementor-element-468d365\" data-id=\"468d365\" data-element_type=\"column\" data-e-type=\"column\">\n\t\t\t<div class=\"elementor-widget-wrap elementor-element-populated\">\n\t\t\t\t\t\t<div class=\"elementor-element elementor-element-aa9ced7 elementor-widget elementor-widget-spacer\" data-id=\"aa9ced7\" data-element_type=\"widget\" data-e-type=\"widget\" data-widget_type=\"spacer.default\">\n\t\t\t\t<div class=\"elementor-widget-container\">\n\t\t\t\t\t\t\t<div class=\"elementor-spacer\">\n\t\t\t<div class=\"elementor-spacer-inner\"><\/div>\n\t\t<\/div>\n\t\t\t\t\t\t<\/div>\n\t\t\t\t<\/div>\n\t\t\t\t\t<\/div>\n\t\t<\/div>\n\t\t\t\t\t<\/div>\n\t\t<\/section>\n\t\t\t\t<section class=\"elementor-section elementor-top-section elementor-element elementor-element-96081ad elementor-section-boxed elementor-section-height-default elementor-section-height-default wpr-particle-no wpr-jarallax-no wpr-parallax-no wpr-sticky-section-no wpr-equal-height-no\" data-id=\"96081ad\" data-element_type=\"section\" data-e-type=\"section\">\n\t\t\t\t\t\t<div class=\"elementor-container elementor-column-gap-default\">\n\t\t\t\t\t<div class=\"elementor-column elementor-col-100 elementor-top-column elementor-element elementor-element-22d4663\" data-id=\"22d4663\" data-element_type=\"column\" data-e-type=\"column\">\n\t\t\t<div class=\"elementor-widget-wrap elementor-element-populated\">\n\t\t\t\t\t\t<div class=\"elementor-element elementor-element-c9117a6 elementor-widget elementor-widget-heading\" data-id=\"c9117a6\" data-element_type=\"widget\" data-e-type=\"widget\" data-widget_type=\"heading.default\">\n\t\t\t\t<div class=\"elementor-widget-container\">\n\t\t\t\t\t<h2 class=\"elementor-heading-title elementor-size-default\">Planifica tu viaje: Clima, log\u00edstica y fechas clave en Guayaquil<\/h2>\t\t\t\t<\/div>\n\t\t\t\t<\/div>\n\t\t\t\t<div class=\"elementor-element elementor-element-5b7b645 elementor-widget-divider--view-line elementor-widget elementor-widget-divider\" data-id=\"5b7b645\" data-element_type=\"widget\" data-e-type=\"widget\" data-widget_type=\"divider.default\">\n\t\t\t\t<div class=\"elementor-widget-container\">\n\t\t\t\t\t\t\t<div class=\"elementor-divider\">\n\t\t\t<span class=\"elementor-divider-separator\">\n\t\t\t\t\t\t<\/span>\n\t\t<\/div>\n\t\t\t\t\t\t<\/div>\n\t\t\t\t<\/div>\n\t\t\t\t\t<\/div>\n\t\t<\/div>\n\t\t\t\t\t<\/div>\n\t\t<\/section>\n\t\t\t\t<section class=\"elementor-section elementor-top-section elementor-element elementor-element-f24c669 elementor-section-boxed elementor-section-height-default elementor-section-height-default wpr-particle-no wpr-jarallax-no wpr-parallax-no wpr-sticky-section-no wpr-equal-height-no\" data-id=\"f24c669\" data-element_type=\"section\" data-e-type=\"section\">\n\t\t\t\t\t\t<div class=\"elementor-container elementor-column-gap-default\">\n\t\t\t\t\t<div class=\"elementor-column elementor-col-100 elementor-top-column elementor-element elementor-element-aa756e6\" data-id=\"aa756e6\" data-element_type=\"column\" data-e-type=\"column\">\n\t\t\t<div class=\"elementor-widget-wrap elementor-element-populated\">\n\t\t\t\t\t\t<div class=\"elementor-element elementor-element-9583de3 elementor-widget elementor-widget-text-editor\" data-id=\"9583de3\" data-element_type=\"widget\" data-e-type=\"widget\" data-widget_type=\"text-editor.default\">\n\t\t\t\t<div class=\"elementor-widget-container\">\n\t\t\t\t\t\t\t\t\t<p>Para disfrutar de la \u00abPerla del Pac\u00edfico\u00bb, es vital entender su din\u00e1mica ambiental y sus puntos de conexi\u00f3n. Guayaquil es el <b data-path-to-node=\"5\" data-index-in-node=\"124\">hub log\u00edstico de Ecuador<\/b>, conectando la Sierra, la Costa y las Gal\u00e1pagos. A continuaci\u00f3n, detallamos la informaci\u00f3n esencial sobre el clima, c\u00f3mo llegar v\u00eda a\u00e9rea o terrestre y las festividades que transforman la ciudad.<\/p>\t\t\t\t\t\t\t\t<\/div>\n\t\t\t\t<\/div>\n\t\t\t\t\t<\/div>\n\t\t<\/div>\n\t\t\t\t\t<\/div>\n\t\t<\/section>\n\t\t\t\t<section class=\"elementor-section elementor-top-section elementor-element elementor-element-f5d0598 elementor-section-boxed elementor-section-height-default elementor-section-height-default wpr-particle-no wpr-jarallax-no wpr-parallax-no wpr-sticky-section-no wpr-equal-height-no\" data-id=\"f5d0598\" data-element_type=\"section\" data-e-type=\"section\">\n\t\t\t\t\t\t<div class=\"elementor-container elementor-column-gap-default\">\n\t\t\t\t\t<div class=\"elementor-column elementor-col-100 elementor-top-column elementor-element elementor-element-610cecf\" data-id=\"610cecf\" data-element_type=\"column\" data-e-type=\"column\">\n\t\t\t<div class=\"elementor-widget-wrap elementor-element-populated\">\n\t\t\t\t\t\t<div class=\"elementor-element elementor-element-bcaecad elementor-widget elementor-widget-spacer\" data-id=\"bcaecad\" data-element_type=\"widget\" data-e-type=\"widget\" data-widget_type=\"spacer.default\">\n\t\t\t\t<div class=\"elementor-widget-container\">\n\t\t\t\t\t\t\t<div class=\"elementor-spacer\">\n\t\t\t<div class=\"elementor-spacer-inner\"><\/div>\n\t\t<\/div>\n\t\t\t\t\t\t<\/div>\n\t\t\t\t<\/div>\n\t\t\t\t\t<\/div>\n\t\t<\/div>\n\t\t\t\t\t<\/div>\n\t\t<\/section>\n\t\t\t\t<section class=\"elementor-section elementor-top-section elementor-element elementor-element-f8a2d6a elementor-section-boxed elementor-section-height-default elementor-section-height-default wpr-particle-no wpr-jarallax-no wpr-parallax-no wpr-sticky-section-no wpr-equal-height-no\" data-id=\"f8a2d6a\" data-element_type=\"section\" data-e-type=\"section\">\n\t\t\t\t\t\t<div class=\"elementor-container elementor-column-gap-default\">\n\t\t\t\t\t<div class=\"elementor-column elementor-col-25 elementor-top-column elementor-element elementor-element-a73f3f2\" data-id=\"a73f3f2\" data-element_type=\"column\" data-e-type=\"column\">\n\t\t\t<div class=\"elementor-widget-wrap elementor-element-populated\">\n\t\t\t\t\t\t<div class=\"elementor-element elementor-element-3c69d46 elementor-widget elementor-widget-heading\" data-id=\"3c69d46\" data-element_type=\"widget\" data-e-type=\"widget\" data-widget_type=\"heading.default\">\n\t\t\t\t<div class=\"elementor-widget-container\">\n\t\t\t\t\t<h3 class=\"elementor-heading-title elementor-size-default\">Clima en Guayaquil y mejor \u00e9poca para visitar.<\/h3>\t\t\t\t<\/div>\n\t\t\t\t<\/div>\n\t\t\t\t<div class=\"elementor-element elementor-element-9945d19 elementor-widget elementor-widget-text-editor\" data-id=\"9945d19\" data-element_type=\"widget\" data-e-type=\"widget\" data-widget_type=\"text-editor.default\">\n\t\t\t\t<div class=\"elementor-widget-container\">\n\t\t\t\t\t\t\t\t\t<p>Guayaquil cuenta con dos estaciones definidas: la <b data-path-to-node=\"4\" data-index-in-node=\"50\">temporada seca (mayo a diciembre)<\/b>, ideal para caminar por el <b data-path-to-node=\"4\" data-index-in-node=\"111\">Malec\u00f3n 2000<\/b> con brisa fresca, y la <b data-path-to-node=\"4\" data-index-in-node=\"147\">temporada lluviosa (enero a abril)<\/b>, que destaca por su calor tropical intenso y paisajes exuberantes.<\/p>\t\t\t\t\t\t\t\t<\/div>\n\t\t\t\t<\/div>\n\t\t\t\t\t<\/div>\n\t\t<\/div>\n\t\t\t\t<div class=\"elementor-column elementor-col-25 elementor-top-column elementor-element elementor-element-5bae27b\" data-id=\"5bae27b\" data-element_type=\"column\" data-e-type=\"column\">\n\t\t\t<div class=\"elementor-widget-wrap elementor-element-populated\">\n\t\t\t\t\t\t<div class=\"elementor-element elementor-element-9617214 elementor-widget elementor-widget-spacer\" data-id=\"9617214\" data-element_type=\"widget\" data-e-type=\"widget\" data-widget_type=\"spacer.default\">\n\t\t\t\t<div class=\"elementor-widget-container\">\n\t\t\t\t\t\t\t<div class=\"elementor-spacer\">\n\t\t\t<div class=\"elementor-spacer-inner\"><\/div>\n\t\t<\/div>\n\t\t\t\t\t\t<\/div>\n\t\t\t\t<\/div>\n\t\t\t\t\t<\/div>\n\t\t<\/div>\n\t\t\t\t<div class=\"elementor-column elementor-col-25 elementor-top-column elementor-element elementor-element-70bb50f\" data-id=\"70bb50f\" data-element_type=\"column\" data-e-type=\"column\">\n\t\t\t<div class=\"elementor-widget-wrap elementor-element-populated\">\n\t\t\t\t\t\t<div class=\"elementor-element elementor-element-e69af9c elementor-widget elementor-widget-spacer\" data-id=\"e69af9c\" data-element_type=\"widget\" data-e-type=\"widget\" data-widget_type=\"spacer.default\">\n\t\t\t\t<div class=\"elementor-widget-container\">\n\t\t\t\t\t\t\t<div class=\"elementor-spacer\">\n\t\t\t<div class=\"elementor-spacer-inner\"><\/div>\n\t\t<\/div>\n\t\t\t\t\t\t<\/div>\n\t\t\t\t<\/div>\n\t\t\t\t\t<\/div>\n\t\t<\/div>\n\t\t\t\t<div class=\"elementor-column elementor-col-25 elementor-top-column elementor-element elementor-element-8bd1575\" data-id=\"8bd1575\" data-element_type=\"column\" data-e-type=\"column\">\n\t\t\t<div class=\"elementor-widget-wrap elementor-element-populated\">\n\t\t\t\t\t\t<div class=\"elementor-element elementor-element-d580cac elementor-widget elementor-widget-heading\" data-id=\"d580cac\" data-element_type=\"widget\" data-e-type=\"widget\" data-widget_type=\"heading.default\">\n\t\t\t\t<div class=\"elementor-widget-container\">\n\t\t\t\t\t<h3 class=\"elementor-heading-title elementor-size-default\">C\u00f3mo llegar: Aeropuerto Jos\u00e9 Joaqu\u00edn de Olmedo y Terminal Terrestre.<\/h3>\t\t\t\t<\/div>\n\t\t\t\t<\/div>\n\t\t\t\t<div class=\"elementor-element elementor-element-e92cda5 elementor-widget elementor-widget-text-editor\" data-id=\"e92cda5\" data-element_type=\"widget\" data-e-type=\"widget\" data-widget_type=\"text-editor.default\">\n\t\t\t\t<div class=\"elementor-widget-container\">\n\t\t\t\t\t\t\t\t\t<p>La ciudad conecta v\u00eda a\u00e9rea a trav\u00e9s del <b data-path-to-node=\"3\" data-index-in-node=\"41\">Aeropuerto Internacional Jos\u00e9 Joaqu\u00edn de Olmedo<\/b>, ubicado a solo 15 minutos del centro hotelero. Para traslados terrestres desde Cuenca o la Ruta del Spondylus, la <b data-path-to-node=\"3\" data-index-in-node=\"204\">Terminal Terrestre de Guayaquil<\/b> es el centro de conexi\u00f3n m\u00e1s moderno y eficiente del pa\u00eds.<\/p>\t\t\t\t\t\t\t\t<\/div>\n\t\t\t\t<\/div>\n\t\t\t\t\t<\/div>\n\t\t<\/div>\n\t\t\t\t\t<\/div>\n\t\t<\/section>\n\t\t\t\t<section class=\"elementor-section elementor-top-section elementor-element elementor-element-1095fe1 elementor-section-boxed elementor-section-height-default elementor-section-height-default wpr-particle-no wpr-jarallax-no wpr-parallax-no wpr-sticky-section-no wpr-equal-height-no\" data-id=\"1095fe1\" data-element_type=\"section\" data-e-type=\"section\">\n\t\t\t\t\t\t<div class=\"elementor-container elementor-column-gap-default\">\n\t\t\t\t\t<div class=\"elementor-column elementor-col-100 elementor-top-column elementor-element elementor-element-0d01261\" data-id=\"0d01261\" data-element_type=\"column\" data-e-type=\"column\">\n\t\t\t<div class=\"elementor-widget-wrap elementor-element-populated\">\n\t\t\t\t\t\t<div class=\"elementor-element elementor-element-e97f63b elementor-widget elementor-widget-spacer\" data-id=\"e97f63b\" data-element_type=\"widget\" data-e-type=\"widget\" data-widget_type=\"spacer.default\">\n\t\t\t\t<div class=\"elementor-widget-container\">\n\t\t\t\t\t\t\t<div class=\"elementor-spacer\">\n\t\t\t<div class=\"elementor-spacer-inner\"><\/div>\n\t\t<\/div>\n\t\t\t\t\t\t<\/div>\n\t\t\t\t<\/div>\n\t\t\t\t\t<\/div>\n\t\t<\/div>\n\t\t\t\t\t<\/div>\n\t\t<\/section>\n\t\t\t\t<section class=\"elementor-section elementor-top-section elementor-element elementor-element-89bcf78 elementor-section-boxed elementor-section-height-default elementor-section-height-default wpr-particle-no wpr-jarallax-no wpr-parallax-no wpr-sticky-section-no wpr-equal-height-no\" data-id=\"89bcf78\" data-element_type=\"section\" data-e-type=\"section\">\n\t\t\t\t\t\t<div class=\"elementor-container elementor-column-gap-default\">\n\t\t\t\t\t<div class=\"elementor-column elementor-col-100 elementor-top-column elementor-element elementor-element-79d1a7b\" data-id=\"79d1a7b\" data-element_type=\"column\" data-e-type=\"column\">\n\t\t\t<div class=\"elementor-widget-wrap elementor-element-populated\">\n\t\t\t\t\t\t<div class=\"elementor-element elementor-element-ab6ce9d elementor-widget elementor-widget-html\" data-id=\"ab6ce9d\" data-element_type=\"widget\" data-e-type=\"widget\" data-widget_type=\"html.default\">\n\t\t\t\t<div class=\"elementor-widget-container\">\n\t\t\t\t\t<style>\r\n\/* 1. FUENTES Y RESET *\/\r\n@import url('https:\/\/fonts.googleapis.com\/css2?family=Poppins:wght@400;600;700;800&display=swap');\r\n\r\n.tf-integrated-tabs, .tf-integrated-tabs * { box-sizing: border-box !important; }\r\n\r\n.tf-integrated-tabs {\r\n    width: 100%;\r\n    margin: 30px 0;\r\n    font-family: 'Poppins', sans-serif;\r\n    background: #fdfdfd;\r\n    border-radius: 12px;\r\n    border: 1px solid #eee;\r\n    overflow: hidden;\r\n    box-shadow: 0 10px 30px rgba(0,0,0,0.05);\r\n}\r\n\r\n\/* 2. NAVEGACI\u00d3N *\/\r\n.tf-tabs-nav {\r\n    display: flex;\r\n    background: #fff;\r\n    border-bottom: 2px solid #f0f0f0;\r\n}\r\n\r\n.tf-tab-btn {\r\n    flex: 1;\r\n    padding: 18px 10px;\r\n    border: none;\r\n    background: none;\r\n    cursor: pointer;\r\n    font-family: 'Poppins', sans-serif;\r\n    font-weight: 700;\r\n    font-size: 13px;\r\n    color: #7f8c8d;\r\n    text-transform: uppercase;\r\n    transition: all 0.3s ease;\r\n    display: flex;\r\n    flex-direction: column;\r\n    align-items: center;\r\n    gap: 6px;\r\n}\r\n\r\n.tf-tab-btn.active {\r\n    color: #2c3e50;\r\n    border-bottom: 4px solid #3498db;\r\n    background: #fcfcfc;\r\n}\r\n\r\n\/* 3. CONTENIDO *\/\r\n.tf-tab-content {\r\n    display: none;\r\n    padding: 30px;\r\n    animation: tfFadeIn 0.4s ease;\r\n}\r\n\r\n.tf-tab-content.active { display: block; }\r\n\r\n.tf-main-title {\r\n    font-size: 1.5rem;\r\n    font-weight: 800;\r\n    color: #2c3e50;\r\n    margin: 0 0 25px 0 !important;\r\n}\r\n\r\n.tf-sub-title {\r\n    font-size: 1.15rem;\r\n    font-weight: 700;\r\n    margin: 0 0 10px 0 !important;\r\n}\r\n\r\n\/* CONTENEDOR DEL WIDGET EXTERNO *\/\r\n.tf-weather-external {\r\n    margin-bottom: 25px;\r\n    border-radius: 10px;\r\n    overflow: hidden; \/* Para que el widget respete el borde redondeado *\/\r\n    border: 1px solid #eee;\r\n}\r\n\r\n.tf-content-grid {\r\n    display: grid;\r\n    grid-template-columns: repeat(auto-fit, minmax(280px, 1fr));\r\n    gap: 20px;\r\n}\r\n\r\n.tf-info-card {\r\n    background: #fff;\r\n    padding: 20px;\r\n    border-radius: 10px;\r\n    border-top: 5px solid #3498db;\r\n    box-shadow: 0 4px 12px rgba(0,0,0,0.03);\r\n}\r\n\r\n.tf-distance-table {\r\n    width: 100%;\r\n    border-collapse: collapse;\r\n    margin-top: 20px;\r\n    font-size: 14px;\r\n    background: white;\r\n    border-radius: 8px;\r\n    overflow: hidden;\r\n    border: 1px solid #eee;\r\n}\r\n\r\n.tf-distance-table th {\r\n    background: #f8f9fa;\r\n    color: #2c3e50;\r\n    text-align: left;\r\n    padding: 12px;\r\n    border-bottom: 2px solid #3498db;\r\n}\r\n\r\n.tf-distance-table td {\r\n    padding: 10px 12px;\r\n    border-bottom: 1px solid #eee;\r\n    color: #555;\r\n}\r\n\r\n@keyframes tfFadeIn {\r\n    from { opacity: 0; transform: translateY(5px); }\r\n    to { opacity: 1; transform: translateY(0); }\r\n}\r\n\r\n@media (max-width: 600px) {\r\n    .tf-tab-btn span { font-size: 10px; }\r\n    .tf-main-title { font-size: 1.3rem; }\r\n    .tf-tab-content { padding: 20px 15px; }\r\n}\r\n<\/style>\r\n\r\n<div class=\"tf-integrated-tabs\">\r\n    <nav class=\"tf-tabs-nav\" role=\"tablist\">\r\n        <button class=\"tf-tab-btn active\" onclick=\"openTF(event, 'seo-clima')\" role=\"tab\" aria-selected=\"true\" aria-controls=\"seo-clima\">\r\n            <i>\u2601\ufe0f<\/i> <span>Clima<\/span>\r\n        <\/button>\r\n        <button class=\"tf-tab-btn\" onclick=\"openTF(event, 'seo-fechas')\" role=\"tab\" aria-selected=\"false\" aria-controls=\"seo-fechas\">\r\n            <i>\ud83c\udf89<\/i> <span>Fechas<\/span>\r\n        <\/button>\r\n        <button class=\"tf-tab-btn\" onclick=\"openTF(event, 'seo-trans')\" role=\"tab\" aria-selected=\"false\" aria-controls=\"seo-trans\">\r\n            <i>\u2708\ufe0f<\/i> <span>Llegar<\/span>\r\n        <\/button>\r\n    <\/nav>\r\n\r\n    <section id=\"seo-clima\" class=\"tf-tab-content active\" role=\"tabpanel\">\r\n        <h3 class=\"tf-main-title\">Clima en Guayaquil<\/h3>\r\n        \r\n        <div class=\"tf-weather-external\">\r\n            <a class=\"weatherwidget-io\" href=\"https:\/\/forecast7.com\/es\/n2d17n79d92\/guayaquil\/\" data-label_1=\"Guayaquil\" data-icons=\"Climacons Animated\" data-days=\"3\" data-theme=\"pure\" >Guayaquil<\/a>\r\n            <script>\r\n            !function(d,s,id){var js,fjs=d.getElementsByTagName(s)[0];if(!d.getElementById(id)){js=d.createElement(s);js.id=id;js.src='https:\/\/weatherwidget.io\/js\/widget.min.js';fjs.parentNode.insertBefore(js,fjs);}}(document,'script','weatherwidget-io-js');\r\n            <\/script>\r\n        <\/div>\r\n\r\n        <div class=\"tf-content-grid\">\r\n            <article class=\"tf-info-card\">\r\n                <h4 class=\"tf-sub-title\" style=\"color:#3498db;\">Temporada Lluviosa<\/h4>\r\n                <p style=\"font-size:12px; font-weight:700; color:#95a5a6; margin-bottom:10px;\">ENERO \u2013 ABRIL<\/p>\r\n                <ul style=\"padding-left:18px; font-size:14px; color:#444; line-height:1.6;\">\r\n                    <li>Ambiente tropical y vegetaci\u00f3n verde.<\/li>\r\n                    <li>Ideal para amantes del calor aut\u00e9ntico.<\/li>\r\n                <\/ul>\r\n            <\/article>\r\n            <article class=\"tf-info-card\" style=\"border-top-color: #f39c12;\">\r\n                <h4 class=\"tf-sub-title\" style=\"color:#f39c12;\">Temporada Seca<\/h4>\r\n                <p style=\"font-size:12px; font-weight:700; color:#95a5a6; margin-bottom:10px;\">MAYO \u2013 DICIEMBRE<\/p>\r\n                <ul style=\"padding-left:18px; font-size:14px; color:#444; line-height:1.6;\">\r\n                    <li>Clima fresco y brisa marina.<\/li>\r\n                    <li>La mejor \u00e9poca para tours urbanos.<\/li>\r\n                <\/ul>\r\n            <\/article>\r\n        <\/div>\r\n    <\/section>\r\n\r\n    <section id=\"seo-fechas\" class=\"tf-tab-content\" role=\"tabpanel\">\r\n        <h3 class=\"tf-main-title\">Calendario de Eventos<\/h3>\r\n        <div style=\"display:flex; flex-direction:column; gap:15px;\">\r\n            <article style=\"display:flex; gap:15px; align-items:center; background:#fff; padding:15px; border-radius:10px; border:1px solid #eee;\">\r\n                <div style=\"background:#f0f7ff; min-width:60px; height:60px; border-radius:8px; display:flex; flex-direction:column; align-items:center; justify-content:center; border:1px solid #d1e7ff;\">\r\n                    <span style=\"font-size:20px; font-weight:800; color:#2c3e50;\">25<\/span>\r\n                    <span style=\"font-size:11px; font-weight:700; color:#3498db;\">JUL<\/span>\r\n                <\/div>\r\n                <div>\r\n                    <h4 class=\"tf-sub-title\" style=\"font-size:1.1rem; margin:0!important;\">Fiestas Julianas<\/h4>\r\n                    <p style=\"margin:0; font-size:14px; color:#555;\">Fundaci\u00f3n de la ciudad con festivales y gastronom\u00eda.<\/p>\r\n                <\/div>\r\n            <\/article>\r\n            <article style=\"display:flex; gap:15px; align-items:center; background:#fff; padding:15px; border-radius:10px; border:1px solid #eee;\">\r\n                <div style=\"background:#fff3e0; min-width:60px; height:60px; border-radius:8px; display:flex; flex-direction:column; align-items:center; justify-content:center; border:1px solid #ffe0b2;\">\r\n                    <span style=\"font-size:20px; font-weight:800; color:#2c3e50;\">09<\/span>\r\n                    <span style=\"font-size:11px; font-weight:700; color:#e67e22;\">OCT<\/span>\r\n                <\/div>\r\n                <div>\r\n                    <h4 class=\"tf-sub-title\" style=\"font-size:1.1rem; margin:0!important;\">Independencia<\/h4>\r\n                    <p style=\"margin:0; font-size:14px; color:#555;\">El evento c\u00edvico m\u00e1s grande de Guayaquil.<\/p>\r\n                <\/div>\r\n            <\/article>\r\n        <\/div>\r\n    <\/section>\r\n\r\n    <section id=\"seo-trans\" class=\"tf-tab-content\" role=\"tabpanel\">\r\n        <h3 class=\"tf-main-title\">Conectividad y Transporte<\/h3>\r\n        <div class=\"tf-content-grid\">\r\n            <div style=\"display:flex; gap:15px;\">\r\n                <span style=\"font-size:28px;\">\u2708\ufe0f<\/span>\r\n                <div>\r\n                    <h4 class=\"tf-sub-title\" style=\"font-size:1.1rem; margin:0!important;\">Aeropuerto Internacional<\/h4>\r\n                    <p style=\"margin:0; font-size:14px; color:#555;\">GYE: A solo 15 minutos del centro tur\u00edstico.<\/p>\r\n                <\/div>\r\n            <\/div>\r\n            <div style=\"display:flex; gap:15px;\">\r\n                <span style=\"font-size:28px;\">\ud83d\ude8c<\/span>\r\n                <div>\r\n                    <h4 class=\"tf-sub-title\" style=\"font-size:1.1rem; margin:0!important;\">Terminal Terrestre<\/h4>\r\n                    <p style=\"margin:0; font-size:14px; color:#555;\">Hub principal con conexiones a todo el pa\u00eds.<\/p>\r\n                <\/div>\r\n            <\/div>\r\n        <\/div>\r\n\r\n        <h4 class=\"tf-sub-title\" style=\"margin-top:30px!important; font-size:1rem; color:#7f8c8d;\">Distancias desde Guayaquil<\/h4>\r\n        <table class=\"tf-distance-table\">\r\n            <thead>\r\n                <tr>\r\n                    <th>Destino<\/th>\r\n                    <th>Distancia<\/th>\r\n                    <th>Tiempo (Auto)<\/th>\r\n                <\/tr>\r\n            <\/thead>\r\n            <tbody>\r\n                <tr><td><strong>Salinas<\/strong><\/td><td>140 km<\/td><td>2h 00m<\/td><\/tr>\r\n                <tr><td><strong>Cuenca<\/strong><\/td><td>195 km<\/td><td>3h 30m<\/td><\/tr>\r\n                <tr><td><strong>Monta\u00f1ita<\/strong><\/td><td>170 km<\/td><td>2h 45m<\/td><\/tr>\r\n            <\/tbody>\r\n        <\/table>\r\n    <\/section>\r\n<\/div>\r\n\r\n<script>\r\nfunction openTF(evt, tabId) {\r\n    var i, tabcontent, tablinks;\r\n    tabcontent = document.getElementsByClassName(\"tf-tab-content\");\r\n    for (i = 0; i < tabcontent.length; i++) {\r\n        tabcontent[i].style.display = \"none\";\r\n        tabcontent[i].classList.remove(\"active\");\r\n    }\r\n    tablinks = document.getElementsByClassName(\"tf-tab-btn\");\r\n    for (i = 0; i < tablinks.length; i++) {\r\n        tablinks[i].classList.remove(\"active\");\r\n        tablinks[i].setAttribute(\"aria-selected\", \"false\");\r\n    }\r\n    document.getElementById(tabId).style.display = \"block\";\r\n    document.getElementById(tabId).classList.add(\"active\");\r\n    evt.currentTarget.classList.add(\"active\");\r\n    evt.currentTarget.setAttribute(\"aria-selected\", \"true\");\r\n    \r\n    \/\/ TRUCO PARA EL WIDGET: Al cambiar de pesta\u00f1a, a veces el widget necesita refrescar su tama\u00f1o\r\n    if(typeof __weatherwidget_init === 'function') __weatherwidget_init();\r\n}\r\n<\/script>\t\t\t\t<\/div>\n\t\t\t\t<\/div>\n\t\t\t\t\t<\/div>\n\t\t<\/div>\n\t\t\t\t\t<\/div>\n\t\t<\/section>\n\t\t\t\t<section class=\"elementor-section elementor-top-section elementor-element elementor-element-e62e470 elementor-section-boxed elementor-section-height-default elementor-section-height-default wpr-particle-no wpr-jarallax-no wpr-parallax-no wpr-sticky-section-no wpr-equal-height-no\" data-id=\"e62e470\" data-element_type=\"section\" data-e-type=\"section\">\n\t\t\t\t\t\t<div class=\"elementor-container elementor-column-gap-default\">\n\t\t\t\t\t<div class=\"elementor-column elementor-col-100 elementor-top-column elementor-element elementor-element-9cafdf9\" data-id=\"9cafdf9\" data-element_type=\"column\" data-e-type=\"column\">\n\t\t\t<div class=\"elementor-widget-wrap elementor-element-populated\">\n\t\t\t\t\t\t<div class=\"elementor-element elementor-element-9a77b42 elementor-widget elementor-widget-spacer\" data-id=\"9a77b42\" data-element_type=\"widget\" data-e-type=\"widget\" data-widget_type=\"spacer.default\">\n\t\t\t\t<div class=\"elementor-widget-container\">\n\t\t\t\t\t\t\t<div class=\"elementor-spacer\">\n\t\t\t<div class=\"elementor-spacer-inner\"><\/div>\n\t\t<\/div>\n\t\t\t\t\t\t<\/div>\n\t\t\t\t<\/div>\n\t\t\t\t\t<\/div>\n\t\t<\/div>\n\t\t\t\t\t<\/div>\n\t\t<\/section>\n\t\t\t\t<section class=\"elementor-section elementor-top-section elementor-element elementor-element-30642dd elementor-section-boxed elementor-section-height-default elementor-section-height-default wpr-particle-no wpr-jarallax-no wpr-parallax-no wpr-sticky-section-no wpr-equal-height-no\" data-id=\"30642dd\" data-element_type=\"section\" data-e-type=\"section\">\n\t\t\t\t\t\t<div class=\"elementor-container elementor-column-gap-default\">\n\t\t\t\t\t<div class=\"elementor-column elementor-col-100 elementor-top-column elementor-element elementor-element-43843e3\" data-id=\"43843e3\" data-element_type=\"column\" data-e-type=\"column\">\n\t\t\t<div class=\"elementor-widget-wrap elementor-element-populated\">\n\t\t\t\t\t\t<div class=\"elementor-element elementor-element-b4299ec elementor-widget elementor-widget-heading\" data-id=\"b4299ec\" data-element_type=\"widget\" data-e-type=\"widget\" data-widget_type=\"heading.default\">\n\t\t\t\t<div class=\"elementor-widget-container\">\n\t\t\t\t\t<h2 class=\"elementor-heading-title elementor-size-default\">Atractivos Fluviales: El Malec\u00f3n 2000 y el Estero Salado.<\/h2>\t\t\t\t<\/div>\n\t\t\t\t<\/div>\n\t\t\t\t<div class=\"elementor-element elementor-element-d58bfa4 elementor-widget-divider--view-line elementor-widget elementor-widget-divider\" data-id=\"d58bfa4\" data-element_type=\"widget\" data-e-type=\"widget\" data-widget_type=\"divider.default\">\n\t\t\t\t<div class=\"elementor-widget-container\">\n\t\t\t\t\t\t\t<div class=\"elementor-divider\">\n\t\t\t<span class=\"elementor-divider-separator\">\n\t\t\t\t\t\t<\/span>\n\t\t<\/div>\n\t\t\t\t\t\t<\/div>\n\t\t\t\t<\/div>\n\t\t\t\t\t<\/div>\n\t\t<\/div>\n\t\t\t\t\t<\/div>\n\t\t<\/section>\n\t\t\t\t<section class=\"elementor-section elementor-top-section elementor-element elementor-element-da742cb elementor-section-boxed elementor-section-height-default elementor-section-height-default wpr-particle-no wpr-jarallax-no wpr-parallax-no wpr-sticky-section-no wpr-equal-height-no\" data-id=\"da742cb\" data-element_type=\"section\" data-e-type=\"section\">\n\t\t\t\t\t\t<div class=\"elementor-container elementor-column-gap-default\">\n\t\t\t\t\t<div class=\"elementor-column elementor-col-100 elementor-top-column elementor-element elementor-element-efc5e2a\" data-id=\"efc5e2a\" data-element_type=\"column\" data-e-type=\"column\">\n\t\t\t<div class=\"elementor-widget-wrap elementor-element-populated\">\n\t\t\t\t\t\t<div class=\"elementor-element elementor-element-10b743f elementor-widget elementor-widget-text-editor\" data-id=\"10b743f\" data-element_type=\"widget\" data-e-type=\"widget\" data-widget_type=\"text-editor.default\">\n\t\t\t\t<div class=\"elementor-widget-container\">\n\t\t\t\t\t\t\t\t\t<p data-path-to-node=\"5\">Explorar el eje fluvial es esencial para entender la identidad de la <b data-path-to-node=\"4\" data-index-in-node=\"69\">Perla del Pac\u00edfico<\/b>. El <b data-path-to-node=\"4\" data-index-in-node=\"92\">Malec\u00f3n 2000<\/b> ofrece un recorrido de 2.5 kil\u00f3metros que integra museos, centros comerciales y el ic\u00f3nico <b data-path-to-node=\"4\" data-index-in-node=\"196\">Hemiciclo de la Rotonda<\/b> a orillas del R\u00edo Guayas. Por otro lado, el <b data-path-to-node=\"4\" data-index-in-node=\"264\">Malec\u00f3n del Salado<\/b> brinda una experiencia m\u00e1s bohemia y relajada, conectando con el <b data-path-to-node=\"4\" data-index-in-node=\"348\">Parque Lineal<\/b> y la Fuente Monumental de Aguas Danzantes, ideal para disfrutar de la gastronom\u00eda local y la brisa del estero al atardecer.\u00a0<\/p>\t\t\t\t\t\t\t\t<\/div>\n\t\t\t\t<\/div>\n\t\t\t\t\t<\/div>\n\t\t<\/div>\n\t\t\t\t\t<\/div>\n\t\t<\/section>\n\t\t\t\t<section class=\"elementor-section elementor-top-section elementor-element elementor-element-15974e0 elementor-section-boxed elementor-section-height-default elementor-section-height-default wpr-particle-no wpr-jarallax-no wpr-parallax-no wpr-sticky-section-no wpr-equal-height-no\" data-id=\"15974e0\" data-element_type=\"section\" data-e-type=\"section\" id=\"ruta-destinos\">\n\t\t\t\t\t\t<div class=\"elementor-container elementor-column-gap-default\">\n\t\t\t\t\t<div class=\"elementor-column elementor-col-100 elementor-top-column elementor-element elementor-element-ba8acf0\" data-id=\"ba8acf0\" data-element_type=\"column\" data-e-type=\"column\">\n\t\t\t<div class=\"elementor-widget-wrap elementor-element-populated\">\n\t\t\t\t\t\t<div class=\"elementor-element elementor-element-ef285ba elementor-widget elementor-widget-html\" data-id=\"ef285ba\" data-element_type=\"widget\" data-e-type=\"widget\" data-widget_type=\"html.default\">\n\t\t\t\t<div class=\"elementor-widget-container\">\n\t\t\t\t\t<style>\r\n\/* 1. FUENTES Y VARIABLES - MANTENIDAS *\/\r\n@import url('https:\/\/fonts.googleapis.com\/css2?family=Poppins:wght@400;600;700;800&display=swap');\r\n\r\n:root {\r\n    --river-blue-dark: #0F2027; \r\n    --river-blue-mid: #1B4F72; \r\n    --river-accent: #00D2FF; \r\n    --river-text: #2D3436;\r\n    --river-bg-card: #FFFFFF;\r\n}\r\n\r\n\/* 2. ENCABEZADO OPTIMIZADO (TEXTO ELIMINADO) *\/\r\n.tf-widget-header {\r\n    font-family: 'Poppins', sans-serif;\r\n    padding: 10px 0 30px 0; \/* Ajustado por eliminaci\u00f3n de texto *\/\r\n    margin-bottom: 20px;\r\n}\r\n\r\n.tf-grid-desc {\r\n    display: grid;\r\n    grid-template-columns: 1fr 1fr;\r\n    gap: 25px;\r\n}\r\n\r\n.tf-desc-box {\r\n    background: #f8f9fa;\r\n    padding: 20px;\r\n    border-radius: 12px;\r\n    border: 1px solid #eee;\r\n}\r\n\r\n.tf-desc-box h4 {\r\n    margin: 0 0 10px 0;\r\n    color: var(--river-blue-mid);\r\n    font-size: 18px;\r\n}\r\n\r\n\/* 3. CONTENEDOR DEL SLIDER *\/\r\n.tf-slider-river-wrapper {\r\n    width: 100%;\r\n    position: relative;\r\n    font-family: 'Poppins', sans-serif;\r\n    padding: 0 60px;\r\n    box-sizing: border-box;\r\n}\r\n\r\n.tf-slider-river-container {\r\n    display: flex;\r\n    overflow-x: auto;\r\n    scroll-behavior: smooth;\r\n    gap: 25px;\r\n    padding: 20px 5px;\r\n    scrollbar-width: none; \r\n    scroll-snap-type: x mandatory; \r\n}\r\n\r\n.tf-slider-river-container::-webkit-scrollbar { display: none; }\r\n\r\n\/* 4. TARJETA OPTIMIZADA *\/\r\n.tf-card-river {\r\n    flex: 0 0 380px; \r\n    background: var(--river-bg-card);\r\n    border-radius: 16px; \r\n    overflow: hidden;\r\n    box-shadow: 0 10px 30px rgba(15, 32, 39, 0.08);\r\n    border: 1px solid #f0f0f0;\r\n    transition: all 0.4s ease;\r\n    display: flex;\r\n    flex-direction: column;\r\n    scroll-snap-align: start; \r\n}\r\n\r\n.tf-card-river:hover {\r\n    transform: translateY(-10px);\r\n    box-shadow: 0 20px 40px rgba(15, 32, 39, 0.15);\r\n}\r\n\r\n.tf-img-wrapper-seo {\r\n    position: relative;\r\n    width: 100%;\r\n    height: 220px;\r\n    overflow: hidden;\r\n}\r\n\r\n.tf-img-seo {\r\n    width: 100%;\r\n    height: 100%;\r\n    object-fit: cover;\r\n    display: block;\r\n}\r\n\r\n.tf-tag-river {\r\n    position: absolute;\r\n    top: 15px;\r\n    right: 15px;\r\n    background: var(--river-blue-dark);\r\n    color: #fff;\r\n    padding: 6px 14px;\r\n    border-radius: 8px;\r\n    font-size: 11px;\r\n    font-weight: 700;\r\n    z-index: 2;\r\n    text-transform: uppercase;\r\n}\r\n\r\n.tf-body-river {\r\n    padding: 25px; \r\n    display: flex;\r\n    flex-direction: column;\r\n    flex-grow: 1;\r\n}\r\n\r\n.tf-cat-river {\r\n    font-size: 12px;\r\n    color: var(--river-accent); \r\n    font-weight: 700;\r\n    margin-bottom: 8px;\r\n}\r\n\r\n.tf-head-river {\r\n    font-size: 22px;\r\n    font-weight: 800;\r\n    color: var(--river-blue-dark);\r\n    margin: 0 0 12px 0;\r\n}\r\n\r\n.tf-desc-river {\r\n    font-size: 14px;\r\n    color: #636e72;\r\n    line-height: 1.6;\r\n    margin-bottom: 20px;\r\n}\r\n\r\n.tf-info-tags-river {\r\n    display: flex;\r\n    flex-wrap: wrap;\r\n    gap: 8px;\r\n    margin-bottom: 25px;\r\n}\r\n\r\n.tf-info-tags-river span {\r\n    background: #f1f7fa;\r\n    color: var(--river-blue-mid);\r\n    padding: 5px 10px;\r\n    border-radius: 6px;\r\n    font-size: 11px;\r\n    font-weight: 600;\r\n}\r\n\r\n.tf-btn-river {\r\n    margin-top: auto;\r\n    background: linear-gradient(135deg, var(--river-blue-mid) 0%, var(--river-blue-dark) 100%);\r\n    color: white !important;\r\n    text-align: center;\r\n    padding: 14px;\r\n    border-radius: 12px;\r\n    text-decoration: none !important;\r\n    font-weight: 700;\r\n    font-size: 14px;\r\n    transition: all 0.3s ease;\r\n}\r\n\r\n\/* 5. FLECHAS NAVEGACI\u00d3N *\/\r\n.tf-river-arrow {\r\n    position: absolute;\r\n    top: 50%;\r\n    transform: translateY(-50%);\r\n    width: 50px;\r\n    height: 50px;\r\n    background: white;\r\n    color: var(--river-blue-dark);\r\n    border-radius: 50%;\r\n    display: flex;\r\n    align-items: center;\r\n    justify-content: center;\r\n    cursor: pointer;\r\n    z-index: 20;\r\n    box-shadow: 0 5px 15px rgba(0,0,0,0.1);\r\n    border: 1px solid #eee;\r\n    transition: all 0.2s ease;\r\n}\r\n\r\n.tf-river-l { left: 5px; }\r\n.tf-river-r { right: 5px; }\r\n\r\n@media (max-width: 768px) {\r\n    .tf-grid-desc { grid-template-columns: 1fr; }\r\n    .tf-slider-river-wrapper { padding: 0 15px; }\r\n    .tf-card-river { flex: 0 0 85%; }\r\n    .tf-river-arrow { display: none; }\r\n}\r\n<\/style>\r\n\r\n<section style=\"width: 100%; overflow: hidden;\">\r\n    \r\n    <header class=\"tf-widget-header\">\r\n        <div class=\"tf-grid-desc\">\r\n            <div class=\"tf-desc-box\">\r\n                <h4>\ud83c\udfa1 Malec\u00f3n 2000<\/h4>\r\n                <p style=\"font-size: 14px; margin:0; line-height: 1.5;\">El paseo m\u00e1s grande de Guayaquil. Conecta con <strong>Las Pe\u00f1as<\/strong> y <strong>Puerto Santa Ana<\/strong>. Incluye museos como el MAAC y sitios ic\u00f3nicos como la Torre Morisca y La Rotonda.<\/p>\r\n            <\/div>\r\n            <div class=\"tf-desc-box\">\r\n                <h4>\ud83c\udfad Malec\u00f3n del Estero Salado<\/h4>\r\n                <p style=\"font-size: 14px; margin:0; line-height: 1.5;\">Espacio de cultura con el teatro \"La Bota\" y la Plaza Rodolfo Baquerizo. Un lugar perfecto para navegar por el estero en bote y disfrutar del atardecer.<\/p>\r\n            <\/div>\r\n        <\/div>\r\n    <\/header>\r\n\r\n    <div class=\"tf-slider-river-wrapper\">\r\n        <div class=\"tf-river-arrow tf-river-l\" onclick=\"moveRiverSlider(-380)\" aria-label=\"Anterior\">\u276e<\/div>\r\n        <div class=\"tf-river-arrow tf-river-r\" onclick=\"moveRiverSlider(380)\" aria-label=\"Siguiente\">\u276f<\/div>\r\n\r\n        <div class=\"tf-slider-river-container\" id=\"river-slider\" role=\"region\">\r\n            \r\n            <article class=\"tf-card-river\" itemscope itemtype=\"https:\/\/schema.org\/Place\">\r\n                <div class=\"tf-img-wrapper-seo\">\r\n                    <img data-recalc-dims=\"1\" decoding=\"async\" src=\"https:\/\/i0.wp.com\/trailforthjournal.com\/es\/wp-content\/uploads\/sites\/4\/2022\/05\/IMG_0623-2-scaled.jpg?w=1032&#038;ssl=1\" alt=\"Puerto Santa Ana\" loading=\"lazy\" class=\"tf-img-seo\" itemprop=\"image\">\r\n                    <div class=\"tf-tag-river\">Modernidad<\/div>\r\n                <\/div>\r\n                <div class=\"tf-body-river\">\r\n                    <span class=\"tf-cat-river\">Lugar Emblem\u00e1tico<\/span>\r\n                    <h4 class=\"tf-head-river\" itemprop=\"name\">Puerto Santa Ana<\/h4>\r\n                    <p class=\"tf-desc-river\" itemprop=\"description\">Arquitectura de vanguardia y gastronom\u00eda de primer nivel en el sector m\u00e1s cosmopolita de Guayaquil.<\/p>\r\n                    <div class=\"tf-info-tags-river\">\r\n                        <span>\ud83c\udfd9\ufe0f Skyline<\/span> <span>\ud83c\udf7d\ufe0f Gourmet<\/span> <span>\ud83c\udfe2 The Point<\/span>\r\n                    <\/div>\r\n                    <a href=\"https:\/\/trailforthjournal.com\/es\/lugar-emblematico\/puerto-santa-ana\/\" target=\"_blank\" rel=\"noopener\" class=\"tf-btn-river\" itemprop=\"url\">Explorar Lugar<\/a>\r\n                <\/div>\r\n            <\/article>\r\n\r\n            <article class=\"tf-card-river\" itemscope itemtype=\"https:\/\/schema.org\/Place\">\r\n                <div class=\"tf-img-wrapper-seo\">\r\n                    <img data-recalc-dims=\"1\" decoding=\"async\" src=\"https:\/\/i0.wp.com\/trailforthjournal.com\/es\/wp-content\/uploads\/sites\/4\/2022\/03\/IMG_3082-2-scaled.jpg?w=1032&#038;ssl=1\" alt=\"Malec\u00f3n 2000\" loading=\"lazy\" class=\"tf-img-seo\" itemprop=\"image\">\r\n                    <div class=\"tf-tag-river\">Ic\u00f3nico<\/div>\r\n                <\/div>\r\n                <div class=\"tf-body-river\">\r\n                    <span class=\"tf-cat-river\">Atracci\u00f3n Principal<\/span>\r\n                    <h4 class=\"tf-head-river\" itemprop=\"name\">Malec\u00f3n 2000<\/h4>\r\n                    <p class=\"tf-desc-river\" itemprop=\"description\">2.5 kil\u00f3metros de parques, monumentos y centros comerciales a orillas del R\u00edo Guayas.<\/p>\r\n                    <div class=\"tf-info-tags-river\">\r\n                        <span>\ud83c\udfa1 La Perla<\/span> <span>\ud83c\udf33 Jardines<\/span> <span>\ud83d\udea4 Paseos<\/span>\r\n                    <\/div>\r\n                    <a href=\"https:\/\/trailforthjournal.com\/es\/lugar-emblematico\/malecon-2000-guayaquil\/\" target=\"_blank\" rel=\"noopener\" class=\"tf-btn-river\" itemprop=\"url\">Ver Recorrido<\/a>\r\n                <\/div>\r\n            <\/article>\r\n\r\n            <article class=\"tf-card-river\" itemscope itemtype=\"https:\/\/schema.org\/Place\">\r\n                <div class=\"tf-img-wrapper-seo\">\r\n                    <img data-recalc-dims=\"1\" decoding=\"async\" src=\"https:\/\/i0.wp.com\/trailforthjournal.com\/es\/wp-content\/uploads\/sites\/4\/2022\/03\/DJI_0043-2-scaled.jpg?w=1032&#038;ssl=1\" alt=\"Torre Morisca\" loading=\"lazy\" class=\"tf-img-seo\" itemprop=\"image\">\r\n                    <div class=\"tf-tag-river\">Historia<\/div>\r\n                <\/div>\r\n                <div class=\"tf-body-river\">\r\n                    <span class=\"tf-cat-river\">Monumento Hist\u00f3rico<\/span>\r\n                    <h4 class=\"tf-head-river\" itemprop=\"name\">Torre Morisca<\/h4>\r\n                    <p class=\"tf-desc-river\" itemprop=\"description\">El emblem\u00e1tico Reloj P\u00fablico, joya arquitect\u00f3nica de estilo morisco en el centro de la ciudad.<\/p>\r\n                    <div class=\"tf-info-tags-river\">\r\n                        <span>\u23f0 Reloj P\u00fablico<\/span> <span>\ud83d\udd4c Estilo Morisco<\/span> <span>\ud83d\udccd Malec\u00f3n<\/span>\r\n                    <\/div>\r\n                    <a href=\"https:\/\/trailforthjournal.com\/es\/lugar-emblematico\/torre-morisca-guayaquil\/\" target=\"_blank\" rel=\"noopener\" class=\"tf-btn-river\" itemprop=\"url\">Descubrir Torre<\/a>\r\n                <\/div>\r\n            <\/article>\r\n\r\n            <article class=\"tf-card-river\" itemscope itemtype=\"https:\/\/schema.org\/Place\">\r\n                <div class=\"tf-img-wrapper-seo\">\r\n                    <img data-recalc-dims=\"1\" decoding=\"async\" src=\"https:\/\/i0.wp.com\/trailforthjournal.com\/es\/wp-content\/uploads\/sites\/4\/2023\/10\/WP_006754-2-scaled.jpg?w=1032&#038;ssl=1\" alt=\"Hemiciclo La Rotonda\" loading=\"lazy\" class=\"tf-img-seo\" itemprop=\"image\">\r\n                    <div class=\"tf-tag-river\">Patrimonio<\/div>\r\n                <\/div>\r\n                <div class=\"tf-body-river\">\r\n                    <span class=\"tf-cat-river\">Cultura e Historia<\/span>\r\n                    <h4 class=\"tf-head-river\" itemprop=\"name\">Hemiciclo La Rotonda<\/h4>\r\n                    <p class=\"tf-desc-river\" itemprop=\"description\">Conmemora la c\u00e9lebre Entrevista de Guayaquil entre Sim\u00f3n Bol\u00edvar y Jos\u00e9 de San Mart\u00edn.<\/p>\r\n                    <div class=\"tf-info-tags-river\">\r\n                        <span>\u2694\ufe0f Libertadores<\/span> <span>\ud83d\udcdc Historia<\/span> <span>\ud83c\udfdb\ufe0f Monumento<\/span>\r\n                    <\/div>\r\n                    <a href=\"https:\/\/trailforthjournal.com\/es\/cultura\/la-rotonda-guayaquil\/\" target=\"_blank\" rel=\"noopener\" class=\"tf-btn-river\" itemprop=\"url\">Leer Historia<\/a>\r\n                <\/div>\r\n            <\/article>\r\n\r\n            <article class=\"tf-card-river\" itemscope itemtype=\"https:\/\/schema.org\/Place\">\r\n                <div class=\"tf-img-wrapper-seo\">\r\n                    <img data-recalc-dims=\"1\" decoding=\"async\" src=\"https:\/\/i0.wp.com\/trailforthjournal.com\/es\/wp-content\/uploads\/sites\/4\/2022\/11\/Palacio-de-Cristal-scaled.jpg?w=1032&#038;ssl=1\" alt=\"Palacio de Cristal\" loading=\"lazy\" class=\"tf-img-seo\" itemprop=\"image\">\r\n                    <div class=\"tf-tag-river\">Arte<\/div>\r\n                <\/div>\r\n                <div class=\"tf-body-river\">\r\n                    <span class=\"tf-cat-river\">Centro Cultural<\/span>\r\n                    <h4 class=\"tf-head-river\" itemprop=\"name\">Palacio de Cristal<\/h4>\r\n                    <p class=\"tf-desc-river\" itemprop=\"description\">Antiguo mercado de hierro dise\u00f1ado en talleres de Eiffel, hoy centro vibrante de arte.<\/p>\r\n                    <div class=\"tf-info-tags-river\">\r\n                        <span>\ud83d\udc8e Hierro y Cristal<\/span> <span>\ud83c\udfa8 Exposiciones<\/span> <span>\ud83d\udccd Sur<\/span>\r\n                    <\/div>\r\n                    <a href=\"https:\/\/trailforthjournal.com\/es\/cultura\/palacio-de-cristal-guayaquil\/\" target=\"_blank\" rel=\"noopener\" class=\"tf-btn-river\" itemprop=\"url\">Ver Galer\u00eda<\/a>\r\n                <\/div>\r\n            <\/article>\r\n\r\n        <\/div>\r\n    <\/div>\r\n<\/section>\r\n\r\n<script>\r\nfunction moveRiverSlider(dist) {\r\n    document.getElementById('river-slider').scrollBy({ left: dist, behavior: 'smooth' });\r\n}\r\n<\/script>\t\t\t\t<\/div>\n\t\t\t\t<\/div>\n\t\t\t\t\t<\/div>\n\t\t<\/div>\n\t\t\t\t\t<\/div>\n\t\t<\/section>\n\t\t\t\t<section class=\"elementor-section elementor-top-section elementor-element elementor-element-2e15342 elementor-section-boxed elementor-section-height-default elementor-section-height-default wpr-particle-no wpr-jarallax-no wpr-parallax-no wpr-sticky-section-no wpr-equal-height-no\" data-id=\"2e15342\" data-element_type=\"section\" data-e-type=\"section\">\n\t\t\t\t\t\t<div class=\"elementor-container elementor-column-gap-default\">\n\t\t\t\t\t<div class=\"elementor-column elementor-col-100 elementor-top-column elementor-element elementor-element-4853512\" data-id=\"4853512\" data-element_type=\"column\" data-e-type=\"column\">\n\t\t\t<div class=\"elementor-widget-wrap elementor-element-populated\">\n\t\t\t\t\t\t<div class=\"elementor-element elementor-element-7b1ee84 elementor-widget elementor-widget-spacer\" data-id=\"7b1ee84\" data-element_type=\"widget\" data-e-type=\"widget\" data-widget_type=\"spacer.default\">\n\t\t\t\t<div class=\"elementor-widget-container\">\n\t\t\t\t\t\t\t<div class=\"elementor-spacer\">\n\t\t\t<div class=\"elementor-spacer-inner\"><\/div>\n\t\t<\/div>\n\t\t\t\t\t\t<\/div>\n\t\t\t\t<\/div>\n\t\t\t\t\t<\/div>\n\t\t<\/div>\n\t\t\t\t\t<\/div>\n\t\t<\/section>\n\t\t\t\t<section class=\"elementor-section elementor-top-section elementor-element elementor-element-a49dc56 elementor-section-boxed elementor-section-height-default elementor-section-height-default wpr-particle-no wpr-jarallax-no wpr-parallax-no wpr-sticky-section-no wpr-equal-height-no\" data-id=\"a49dc56\" data-element_type=\"section\" data-e-type=\"section\">\n\t\t\t\t\t\t<div class=\"elementor-container elementor-column-gap-default\">\n\t\t\t\t\t<div class=\"elementor-column elementor-col-100 elementor-top-column elementor-element elementor-element-f1e694a\" data-id=\"f1e694a\" data-element_type=\"column\" data-e-type=\"column\">\n\t\t\t<div class=\"elementor-widget-wrap elementor-element-populated\">\n\t\t\t\t\t\t<div class=\"elementor-element elementor-element-181963b elementor-widget elementor-widget-heading\" data-id=\"181963b\" data-element_type=\"widget\" data-e-type=\"widget\" data-widget_type=\"heading.default\">\n\t\t\t\t<div class=\"elementor-widget-container\">\n\t\t\t\t\t<h2 class=\"elementor-heading-title elementor-size-default\">Museos y Centros Culturales: El circuito del Arte en Guayaquil<\/h2>\t\t\t\t<\/div>\n\t\t\t\t<\/div>\n\t\t\t\t<div class=\"elementor-element elementor-element-6b89909 elementor-widget-divider--view-line elementor-widget elementor-widget-divider\" data-id=\"6b89909\" data-element_type=\"widget\" data-e-type=\"widget\" data-widget_type=\"divider.default\">\n\t\t\t\t<div class=\"elementor-widget-container\">\n\t\t\t\t\t\t\t<div class=\"elementor-divider\">\n\t\t\t<span class=\"elementor-divider-separator\">\n\t\t\t\t\t\t<\/span>\n\t\t<\/div>\n\t\t\t\t\t\t<\/div>\n\t\t\t\t<\/div>\n\t\t\t\t\t<\/div>\n\t\t<\/div>\n\t\t\t\t\t<\/div>\n\t\t<\/section>\n\t\t\t\t<section class=\"elementor-section elementor-top-section elementor-element elementor-element-55863a7 elementor-section-boxed elementor-section-height-default elementor-section-height-default wpr-particle-no wpr-jarallax-no wpr-parallax-no wpr-sticky-section-no wpr-equal-height-no\" data-id=\"55863a7\" data-element_type=\"section\" data-e-type=\"section\">\n\t\t\t\t\t\t<div class=\"elementor-container elementor-column-gap-default\">\n\t\t\t\t\t<div class=\"elementor-column elementor-col-100 elementor-top-column elementor-element elementor-element-ff4ea46\" data-id=\"ff4ea46\" data-element_type=\"column\" data-e-type=\"column\">\n\t\t\t<div class=\"elementor-widget-wrap elementor-element-populated\">\n\t\t\t\t\t\t<div class=\"elementor-element elementor-element-2a0ef30 elementor-widget elementor-widget-text-editor\" data-id=\"2a0ef30\" data-element_type=\"widget\" data-e-type=\"widget\" data-widget_type=\"text-editor.default\">\n\t\t\t\t<div class=\"elementor-widget-container\">\n\t\t\t\t\t\t\t\t\t<p data-path-to-node=\"5\">Explorar la red de <b data-path-to-node=\"4\" data-index-in-node=\"19\">museos de Guayaquil<\/b> es descubrir el car\u00e1cter resiliente de la \u00abPerla del Pac\u00edfico\u00bb. Desde los or\u00edgenes coloniales en el <b data-path-to-node=\"4\" data-index-in-node=\"139\">Museo Municipal<\/b> y el arte sacro en el <b data-path-to-node=\"4\" data-index-in-node=\"177\">Nah\u00edm Isa\u00edas<\/b>, hasta la vanguardia del <b data-path-to-node=\"4\" data-index-in-node=\"215\">MAAC<\/b> frente al r\u00edo, la ciudad ofrece un recorrido fascinante por su pasado y presente. Este circuito cultural se complementa con la vibrante <b data-path-to-node=\"4\" data-index-in-node=\"356\">ruta de los teatros<\/b> y las cr\u00f3nicas que narran la \u00e9pica <b data-path-to-node=\"4\" data-index-in-node=\"411\">historia de Guayaquil<\/b>, desde su \u00e9poca como \u00abciudad de madera\u00bb hasta su modernidad actual.<\/p>\t\t\t\t\t\t\t\t<\/div>\n\t\t\t\t<\/div>\n\t\t\t\t\t<\/div>\n\t\t<\/div>\n\t\t\t\t\t<\/div>\n\t\t<\/section>\n\t\t\t\t<section class=\"elementor-section elementor-top-section elementor-element elementor-element-fc91caf elementor-section-boxed elementor-section-height-default elementor-section-height-default wpr-particle-no wpr-jarallax-no wpr-parallax-no wpr-sticky-section-no wpr-equal-height-no\" data-id=\"fc91caf\" data-element_type=\"section\" data-e-type=\"section\" id=\"museos\">\n\t\t\t\t\t\t<div class=\"elementor-container elementor-column-gap-default\">\n\t\t\t\t\t<div class=\"elementor-column elementor-col-100 elementor-top-column elementor-element elementor-element-ce3b1ea\" data-id=\"ce3b1ea\" data-element_type=\"column\" data-e-type=\"column\">\n\t\t\t<div class=\"elementor-widget-wrap elementor-element-populated\">\n\t\t\t\t\t\t<div class=\"elementor-element elementor-element-1fd24fe elementor-widget elementor-widget-html\" data-id=\"1fd24fe\" data-element_type=\"widget\" data-e-type=\"widget\" data-widget_type=\"html.default\">\n\t\t\t\t<div class=\"elementor-widget-container\">\n\t\t\t\t\t<style>\r\n\/* 1. FUENTES Y VARIABLES *\/\r\n@import url('https:\/\/fonts.googleapis.com\/css2?family=Poppins:wght@400;600;700;800&display=swap');\r\n\r\n:root {\r\n    --art-lima: #CDDC3A; \r\n    --art-lima-dark: #A4B41F; \r\n    --art-lima-pale: #EBF2A1; \r\n    --art-text: #2A3B03; \r\n    --art-bg-card: #FEFFF0;\r\n    --tf-bg-tag: #F4F9D1;\r\n}\r\n\r\n\/* 2. CONTENEDOR DEL SLIDER - AJUSTADO *\/\r\n.tf-slider-pan-wrapper {\r\n    max-width: 1200px;\r\n    margin: 10px auto 40px auto;\r\n    position: relative;\r\n    padding: 0 45px;\r\n    font-family: 'Poppins', sans-serif;\r\n    color: var(--art-text);\r\n}\r\n\r\n.tf-slider-pan-container {\r\n    display: flex;\r\n    overflow-x: auto;\r\n    scroll-behavior: smooth;\r\n    gap: 25px;\r\n    padding: 20px 5px;\r\n    scrollbar-width: none; \r\n}\r\n\r\n.tf-slider-pan-container::-webkit-scrollbar { display: none; }\r\n\r\n\/* 3. TARJETA PANOR\u00c1MICA *\/\r\n.tf-card-pan {\r\n    flex: 0 0 380px;\r\n    background: var(--art-bg-card);\r\n    border-radius: 12px;\r\n    overflow: hidden;\r\n    box-shadow: 0 8px 25px rgba(42,59,3,0.08);\r\n    border: 1px solid var(--art-lima-pale);\r\n    transition: transform 0.3s ease, box-shadow 0.3s ease;\r\n    display: flex;\r\n    flex-direction: column;\r\n}\r\n\r\n.tf-card-pan:hover {\r\n    transform: translateY(-8px);\r\n    box-shadow: 0 12px 35px rgba(205,220,58,0.2);\r\n}\r\n\r\n.tf-img-container-seo {\r\n    position: relative;\r\n    width: 100%;\r\n    height: 230px;\r\n    overflow: hidden;\r\n}\r\n\r\n.tf-img-seo-tag {\r\n    width: 100%;\r\n    height: 100%;\r\n    object-fit: cover;\r\n    display: block;\r\n    transition: transform 0.5s ease;\r\n}\r\n\r\n.tf-card-pan:hover .tf-img-seo-tag {\r\n    transform: scale(1.05);\r\n}\r\n\r\n.tf-tag-badge-pan {\r\n    position: absolute;\r\n    bottom: 15px;\r\n    right: 15px;\r\n    background: var(--art-lima);\r\n    color: var(--art-text);\r\n    padding: 6px 18px;\r\n    border-radius: 50px;\r\n    font-size: 11px;\r\n    font-weight: 700;\r\n    text-transform: uppercase;\r\n    box-shadow: 2px 2px 0px var(--art-text);\r\n    z-index: 2;\r\n}\r\n\r\n.tf-body-pan {\r\n    padding: 25px;\r\n    text-align: left;\r\n    display: flex;\r\n    flex-direction: column;\r\n    flex-grow: 1;\r\n}\r\n\r\n.tf-cat-pan {\r\n    font-size: 12px;\r\n    color: var(--art-lima-dark);\r\n    font-weight: 700;\r\n    text-transform: uppercase;\r\n    letter-spacing: 1px;\r\n    margin-bottom: 10px;\r\n}\r\n\r\n.tf-head-pan {\r\n    font-size: 24px;\r\n    font-weight: 800;\r\n    color: var(--art-text);\r\n    margin: 0 0 12px 0;\r\n    line-height: 1.2;\r\n}\r\n\r\n.tf-quote-pan {\r\n    font-size: 13px;\r\n    font-style: italic;\r\n    color: #6a7c41;\r\n    margin-bottom: 15px;\r\n    padding-left: 12px;\r\n    border-left: 3px solid var(--art-lima);\r\n}\r\n\r\n.tf-desc-pan {\r\n    font-size: 14px;\r\n    color: #4a5a2a;\r\n    line-height: 1.6;\r\n    margin-bottom: 20px;\r\n}\r\n\r\n.tf-info-tags-pan {\r\n    display: flex;\r\n    flex-wrap: wrap;\r\n    gap: 8px;\r\n    margin-bottom: 25px;\r\n}\r\n\r\n.tf-info-tags-pan span {\r\n    background: var(--tf-bg-tag);\r\n    color: var(--art-text);\r\n    padding: 5px 12px;\r\n    border-radius: 6px;\r\n    font-size: 11px;\r\n    font-weight: 600;\r\n    border: 1px solid var(--art-lima-pale);\r\n}\r\n\r\n.tf-action-btn-pan {\r\n    margin-top: auto;\r\n    display: block;\r\n    background: var(--art-text);\r\n    color: var(--art-lima) !important;\r\n    text-align: center;\r\n    padding: 15px;\r\n    border-radius: 10px;\r\n    text-decoration: none !important;\r\n    font-weight: 700;\r\n    font-size: 15px;\r\n    text-transform: uppercase;\r\n    transition: all 0.3s ease;\r\n    letter-spacing: 1px;\r\n}\r\n\r\n.tf-action-btn-pan:hover {\r\n    background: var(--art-lima);\r\n    color: var(--art-text) !important;\r\n    box-shadow: 0 5px 15px rgba(205,220,58,0.4);\r\n}\r\n\r\n\/* 4. FLECHAS NAVEGACI\u00d3N *\/\r\n.tf-pan-arrow {\r\n    position: absolute;\r\n    top: 50%;\r\n    transform: translateY(-50%);\r\n    width: 45px;\r\n    height: 45px;\r\n    background: var(--art-text);\r\n    color: var(--art-lima);\r\n    border-radius: 50%;\r\n    display: flex;\r\n    align-items: center;\r\n    justify-content: center;\r\n    cursor: pointer;\r\n    z-index: 10;\r\n    font-size: 20px;\r\n    transition: all 0.2s ease;\r\n}\r\n\r\n.tf-pan-arrow:hover {\r\n    background: var(--art-lima);\r\n    color: var(--art-text);\r\n    transform: translateY(-50%) scale(1.1);\r\n}\r\n\r\n.tf-arrow-l { left: 0; }\r\n.tf-arrow-r { right: 0; }\r\n\r\n@media (max-width: 768px) {\r\n    .tf-card-pan { flex: 0 0 310px; }\r\n    .tf-slider-pan-wrapper { padding: 0 15px; }\r\n    .tf-pan-arrow { display: none; }\r\n}\r\n<\/style>\r\n\r\n<script type=\"application\/ld+json\">\r\n{\r\n  \"@context\": \"https:\/\/schema.org\",\r\n  \"@type\": \"ItemList\",\r\n  \"name\": \"Ruta Cultural y Museos de Guayaquil\",\r\n  \"description\": \"Descubre los mejores museos y centros culturales en Guayaquil, Ecuador.\",\r\n  \"itemListElement\": [\r\n    {\r\n      \"@type\": \"ListItem\",\r\n      \"position\": 1,\r\n      \"name\": \"Museo Municipal de Guayaquil\",\r\n      \"url\": \"https:\/\/trailforthjournal.com\/es\/cultura\/museo-municipal-guayaquil\/\"\r\n    },\r\n    {\r\n      \"@type\": \"ListItem\",\r\n      \"position\": 2,\r\n      \"name\": \"Museo Nah\u00edm Isa\u00edas\",\r\n      \"url\": \"https:\/\/trailforthjournal.com\/es\/cultura\/museo-nahim-isaias-guayaquil\/\"\r\n    }\r\n  ]\r\n}\r\n<\/script>\r\n\r\n<div class=\"tf-slider-pan-wrapper\">\r\n    <nav>\r\n        <div class=\"tf-pan-arrow tf-arrow-l\" onclick=\"movePanSlider(-380)\" aria-label=\"Anterior\">\u276e<\/div>\r\n        <div class=\"tf-pan-arrow tf-arrow-r\" onclick=\"movePanSlider(380)\" aria-label=\"Siguiente\">\u276f<\/div>\r\n    <\/nav>\r\n\r\n    <div class=\"tf-slider-pan-container\" id=\"pan-slider\" role=\"list\">\r\n        \r\n        <article class=\"tf-card-pan\" itemscope itemtype=\"https:\/\/schema.org\/Museum\" role=\"listitem\">\r\n            <div class=\"tf-img-container-seo\">\r\n                <img data-recalc-dims=\"1\" decoding=\"async\" src=\"https:\/\/i0.wp.com\/trailforthjournal.com\/es\/wp-content\/uploads\/sites\/4\/2022\/03\/DSC00287-2-scaled.jpg?w=1032&#038;ssl=1\" \r\n                     alt=\"Museo Municipal de Guayaquil\" class=\"tf-img-seo-tag\" loading=\"lazy\" itemprop=\"image\">\r\n                <div class=\"tf-tag-badge-pan\">Historia<\/div>\r\n            <\/div>\r\n            <div class=\"tf-body-pan\">\r\n                <span class=\"tf-cat-pan\">Patrimonio Hist\u00f3rico<\/span>\r\n                <h3 class=\"tf-head-pan\" itemprop=\"name\">Museo Municipal<\/h3>\r\n                <div class=\"tf-quote-pan\">\"El origen de la Perla del Pac\u00edfico.\"<\/div>\r\n                <p class=\"tf-desc-pan\" itemprop=\"description\">Explora los hitos fundamentales de Guayaquil desde la era prehisp\u00e1nica hasta la reconstrucci\u00f3n republicana.<\/p>\r\n                <div class=\"tf-info-tags-pan\">\r\n                    <span>\u23f1\ufe0f 1.5 Horas<\/span>\r\n                    <span>\ud83c\udfdb\ufe0f Centro<\/span>\r\n                    <span>\ud83d\udccd Gratuito<\/span>\r\n                <\/div>\r\n                <a href=\"https:\/\/trailforthjournal.com\/es\/cultura\/museo-municipal-guayaquil\/\" target=\"_blank\" rel=\"noopener\" class=\"tf-action-btn-pan\" itemprop=\"url\">Ver Detalles<\/a>\r\n            <\/div>\r\n        <\/article>\r\n\r\n        <article class=\"tf-card-pan\" itemscope itemtype=\"https:\/\/schema.org\/Museum\" role=\"listitem\">\r\n            <div class=\"tf-img-container-seo\">\r\n                <img data-recalc-dims=\"1\" decoding=\"async\" src=\"https:\/\/i0.wp.com\/trailforthjournal.com\/es\/wp-content\/uploads\/sites\/4\/2022\/05\/48318183202_302724019b_o-scaled.jpg?w=1032&#038;ssl=1\" \r\n                     alt=\"Museo Nah\u00edm Isa\u00edas Guayaquil\" class=\"tf-img-seo-tag\" loading=\"lazy\" itemprop=\"image\">\r\n                <div class=\"tf-tag-badge-pan\">Arte Colonial<\/div>\r\n            <\/div>\r\n            <div class=\"tf-body-pan\">\r\n                <span class=\"tf-cat-pan\">Arte Religioso<\/span>\r\n                <h3 class=\"tf-head-pan\" itemprop=\"name\">Museo Nah\u00edm Isa\u00edas<\/h3>\r\n                <div class=\"tf-quote-pan\">\"Tesoro sacro en el coraz\u00f3n urbano.\"<\/div>\r\n                <p class=\"tf-desc-pan\" itemprop=\"description\">Impresionante colecci\u00f3n de arte colonial y arqueolog\u00eda frente a la Plaza de la Administraci\u00f3n.<\/p>\r\n                <div class=\"tf-info-tags-pan\">\r\n                    <span>\ud83d\uddbc\ufe0f Arte Sacro<\/span>\r\n                    <span>\ud83d\uddfa\ufe0f Plaza Admin<\/span>\r\n                    <span>\ud83c\udf9f\ufe0f Free<\/span>\r\n                <\/div>\r\n                <a href=\"https:\/\/trailforthjournal.com\/es\/cultura\/museo-nahim-isaias-guayaquil\/\" target=\"_blank\" rel=\"noopener\" class=\"tf-action-btn-pan\" itemprop=\"url\">Ver Detalles<\/a>\r\n            <\/div>\r\n        <\/article>\r\n\r\n        <article class=\"tf-card-pan\" itemscope itemtype=\"https:\/\/schema.org\/Museum\" role=\"listitem\">\r\n            <div class=\"tf-img-container-seo\">\r\n                <img data-recalc-dims=\"1\" decoding=\"async\" src=\"https:\/\/i0.wp.com\/trailforthjournal.com\/es\/wp-content\/uploads\/sites\/4\/2022\/05\/24465770774_e36bc43f29_o-scaled.jpg?w=1032&#038;ssl=1\" \r\n                     alt=\"Museo MAAC Guayaquil\" class=\"tf-img-seo-tag\" loading=\"lazy\" itemprop=\"image\">\r\n                <div class=\"tf-tag-badge-pan\">Contempor\u00e1neo<\/div>\r\n            <\/div>\r\n            <div class=\"tf-body-pan\">\r\n                <span class=\"tf-cat-pan\">Arqueolog\u00eda & Arte<\/span>\r\n                <h3 class=\"tf-head-pan\" itemprop=\"name\">Museo Antropol\u00f3gico<\/h3>\r\n                <div class=\"tf-quote-pan\">\"Donde el pasado ancestral se une al hoy.\"<\/div>\r\n                <p class=\"tf-desc-pan\" itemprop=\"description\">El centro cultural MAAC, el m\u00e1s vanguardista del Malec\u00f3n 2000 con vistas al R\u00edo Guayas.<\/p>\r\n                <div class=\"tf-info-tags-pan\">\r\n                    <span>\ud83d\uddff Ancestral<\/span>\r\n                    <span>\ud83c\udfa8 Galer\u00eda<\/span>\r\n                    <span>\ud83c\udf0a Malec\u00f3n<\/span>\r\n                <\/div>\r\n                <a href=\"https:\/\/trailforthjournal.com\/es\/cultura\/museo-antropologico-arte-contemporaneo\/\" target=\"_blank\" rel=\"noopener\" class=\"tf-action-btn-pan\" itemprop=\"url\">Ver Detalles<\/a>\r\n            <\/div>\r\n        <\/article>\r\n\r\n        <article class=\"tf-card-pan\" itemscope itemtype=\"https:\/\/schema.org\/Guide\" role=\"listitem\">\r\n            <div class=\"tf-img-container-seo\">\r\n                <img data-recalc-dims=\"1\" decoding=\"async\" src=\"https:\/\/i0.wp.com\/trailforthjournal.com\/es\/wp-content\/uploads\/sites\/4\/2022\/05\/IMG_5309-scaled.jpg?w=1032&#038;ssl=1\" \r\n                     alt=\"Ruta del Teatro Guayaquil\" class=\"tf-img-seo-tag\" loading=\"lazy\" itemprop=\"image\">\r\n                <div class=\"tf-tag-badge-pan\">Artes Vivas<\/div>\r\n            <\/div>\r\n            <div class=\"tf-body-pan\">\r\n                <span class=\"tf-cat-pan\">Ruta Esc\u00e9nica<\/span>\r\n                <h3 class=\"tf-head-pan\" itemprop=\"name\">Recorrido del Teatro<\/h3>\r\n                <div class=\"tf-quote-pan\">\"Bajo las luces de la cartelera porte\u00f1a.\"<\/div>\r\n                <p class=\"tf-desc-pan\" itemprop=\"description\">Mapa cultural por los escenarios m\u00e1s ic\u00f3nicos de las artes esc\u00e9nicas en Guayaquil.<\/p>\r\n                <div class=\"tf-info-tags-pan\">\r\n                    <span>\ud83c\udfad Escenarios<\/span>\r\n                    <span>\ud83d\udcdc Historia<\/span>\r\n                    <span>\ud83d\uddfa\ufe0f Mapa<\/span>\r\n                <\/div>\r\n                <a href=\"https:\/\/trailforthjournal.com\/es\/mapa-tour\/recorrido-cultural-teatro-guayaquil\/\" target=\"_blank\" rel=\"noopener\" class=\"tf-action-btn-pan\" itemprop=\"url\">Ver Detalles<\/a>\r\n            <\/div>\r\n        <\/article>\r\n\r\n        <article class=\"tf-card-pan\" itemscope itemtype=\"https:\/\/schema.org\/Article\" role=\"listitem\">\r\n            <div class=\"tf-img-container-seo\">\r\n                <img data-recalc-dims=\"1\" decoding=\"async\" src=\"https:\/\/i0.wp.com\/trailforthjournal.com\/es\/wp-content\/uploads\/sites\/4\/2023\/01\/Guayaquil-1890-1930-sepelio.jpg?w=1032&#038;ssl=1\" \r\n                     alt=\"Historia de Guayaquil\" class=\"tf-img-seo-tag\" loading=\"lazy\" itemprop=\"image\">\r\n                <div class=\"tf-tag-badge-pan\">Archivo<\/div>\r\n            <\/div>\r\n            <div class=\"tf-body-pan\">\r\n                <span class=\"tf-cat-pan\">Especial Cr\u00f3nica<\/span>\r\n                <h3 class=\"tf-head-pan\" itemprop=\"name\">Historia de Guayaquil<\/h3>\r\n                <div class=\"tf-quote-pan\">\"Reconstruyendo la ciudad de madera.\"<\/div>\r\n                <p class=\"tf-desc-pan\" itemprop=\"description\">Relatos \u00e9picos sobre incendios y el car\u00e1cter resiliente de la ciudad de Guayaquil.<\/p>\r\n                <div class=\"tf-info-tags-pan\">\r\n                    <span>\ud83d\udcdc Cr\u00f3nicas<\/span>\r\n                    <span>\ud83d\udcc5 Siglo XIX<\/span>\r\n                    <span>\ud83e\uddd0 Archivo<\/span>\r\n                <\/div>\r\n                <a href=\"https:\/\/trailforthjournal.com\/es\/cultura\/como-es-la-historia-de-guayaquil\/\" target=\"_blank\" rel=\"noopener\" class=\"tf-action-btn-pan\" itemprop=\"url\">Ver Detalles<\/a>\r\n            <\/div>\r\n        <\/article>\r\n\r\n    <\/div>\r\n<\/div>\r\n\r\n<script>\r\nfunction movePanSlider(dist) {\r\n    document.getElementById('pan-slider').scrollBy({ left: dist, behavior: 'smooth' });\r\n}\r\n<\/script>\t\t\t\t<\/div>\n\t\t\t\t<\/div>\n\t\t\t\t\t<\/div>\n\t\t<\/div>\n\t\t\t\t\t<\/div>\n\t\t<\/section>\n\t\t\t\t<section class=\"elementor-section elementor-top-section elementor-element elementor-element-1178b45 elementor-section-boxed elementor-section-height-default elementor-section-height-default wpr-particle-no wpr-jarallax-no wpr-parallax-no wpr-sticky-section-no wpr-equal-height-no\" data-id=\"1178b45\" data-element_type=\"section\" data-e-type=\"section\">\n\t\t\t\t\t\t<div class=\"elementor-container elementor-column-gap-default\">\n\t\t\t\t\t<div class=\"elementor-column elementor-col-100 elementor-top-column elementor-element elementor-element-98597d8\" data-id=\"98597d8\" data-element_type=\"column\" data-e-type=\"column\">\n\t\t\t<div class=\"elementor-widget-wrap elementor-element-populated\">\n\t\t\t\t\t\t<div class=\"elementor-element elementor-element-70b3b5a elementor-widget elementor-widget-spacer\" data-id=\"70b3b5a\" data-element_type=\"widget\" data-e-type=\"widget\" data-widget_type=\"spacer.default\">\n\t\t\t\t<div class=\"elementor-widget-container\">\n\t\t\t\t\t\t\t<div class=\"elementor-spacer\">\n\t\t\t<div class=\"elementor-spacer-inner\"><\/div>\n\t\t<\/div>\n\t\t\t\t\t\t<\/div>\n\t\t\t\t<\/div>\n\t\t\t\t\t<\/div>\n\t\t<\/div>\n\t\t\t\t\t<\/div>\n\t\t<\/section>\n\t\t\t\t<section class=\"elementor-section elementor-top-section elementor-element elementor-element-b11afbf elementor-section-boxed elementor-section-height-default elementor-section-height-default wpr-particle-no wpr-jarallax-no wpr-parallax-no wpr-sticky-section-no wpr-equal-height-no\" data-id=\"b11afbf\" data-element_type=\"section\" data-e-type=\"section\">\n\t\t\t\t\t\t<div class=\"elementor-container elementor-column-gap-default\">\n\t\t\t\t\t<div class=\"elementor-column elementor-col-100 elementor-top-column elementor-element elementor-element-b3a6efe\" data-id=\"b3a6efe\" data-element_type=\"column\" data-e-type=\"column\">\n\t\t\t<div class=\"elementor-widget-wrap elementor-element-populated\">\n\t\t\t\t\t\t<div class=\"elementor-element elementor-element-5ec70d4 elementor-widget elementor-widget-heading\" data-id=\"5ec70d4\" data-element_type=\"widget\" data-e-type=\"widget\" data-widget_type=\"heading.default\">\n\t\t\t\t<div class=\"elementor-widget-container\">\n\t\t\t\t\t<h2 class=\"elementor-heading-title elementor-size-default\">Shopping en Guayaquil y Samborond\u00f3n: Los mejores Centros Comerciales y Compras<\/h2>\t\t\t\t<\/div>\n\t\t\t\t<\/div>\n\t\t\t\t<div class=\"elementor-element elementor-element-0076d7e elementor-widget-divider--view-line elementor-widget elementor-widget-divider\" data-id=\"0076d7e\" data-element_type=\"widget\" data-e-type=\"widget\" data-widget_type=\"divider.default\">\n\t\t\t\t<div class=\"elementor-widget-container\">\n\t\t\t\t\t\t\t<div class=\"elementor-divider\">\n\t\t\t<span class=\"elementor-divider-separator\">\n\t\t\t\t\t\t<\/span>\n\t\t<\/div>\n\t\t\t\t\t\t<\/div>\n\t\t\t\t<\/div>\n\t\t\t\t\t<\/div>\n\t\t<\/div>\n\t\t\t\t\t<\/div>\n\t\t<\/section>\n\t\t\t\t<section class=\"elementor-section elementor-top-section elementor-element elementor-element-7bac238 elementor-section-boxed elementor-section-height-default elementor-section-height-default wpr-particle-no wpr-jarallax-no wpr-parallax-no wpr-sticky-section-no wpr-equal-height-no\" data-id=\"7bac238\" data-element_type=\"section\" data-e-type=\"section\">\n\t\t\t\t\t\t<div class=\"elementor-container elementor-column-gap-default\">\n\t\t\t\t\t<div class=\"elementor-column elementor-col-100 elementor-top-column elementor-element elementor-element-11bfb96\" data-id=\"11bfb96\" data-element_type=\"column\" data-e-type=\"column\">\n\t\t\t<div class=\"elementor-widget-wrap elementor-element-populated\">\n\t\t\t\t\t\t<div class=\"elementor-element elementor-element-036b6ad elementor-widget elementor-widget-text-editor\" data-id=\"036b6ad\" data-element_type=\"widget\" data-e-type=\"widget\" data-widget_type=\"text-editor.default\">\n\t\t\t\t<div class=\"elementor-widget-container\">\n\t\t\t\t\t\t\t\t\t<p>El Gran Guayaquil es el motor comercial de <b data-path-to-node=\"3\" data-index-in-node=\"44\">Ecuador<\/b>, ofreciendo una experiencia de <b data-path-to-node=\"3\" data-index-in-node=\"83\">shopping<\/b> que conecta la modernidad con la exclusividad. La oferta abarca desde el <b data-path-to-node=\"3\" data-index-in-node=\"165\">Mall del Sol<\/b>, estrat\u00e9gico por su cercan\u00eda al aeropuerto, hasta los centros de lujo en la <b data-path-to-node=\"3\" data-index-in-node=\"254\">V\u00eda a Samborond\u00f3n<\/b> como <b data-path-to-node=\"3\" data-index-in-node=\"277\">Alhambra Shopping<\/b> y <b data-path-to-node=\"3\" data-index-in-node=\"297\">Plaza Lagos Town Center<\/b>, famosos por su arquitectura y ambiente al aire libre. Para marcas internacionales, <b data-path-to-node=\"3\" data-index-in-node=\"405\">San Marino<\/b> y <b data-path-to-node=\"3\" data-index-in-node=\"418\">Riocentro<\/b> son paradas obligatorias, mientras que el <b data-path-to-node=\"3\" data-index-in-node=\"470\">Mercado Artesanal<\/b> en el centro sigue siendo el punto de referencia para adquirir souvenirs y artesan\u00edas locales.<\/p>\t\t\t\t\t\t\t\t<\/div>\n\t\t\t\t<\/div>\n\t\t\t\t\t<\/div>\n\t\t<\/div>\n\t\t\t\t\t<\/div>\n\t\t<\/section>\n\t\t\t\t<section class=\"elementor-section elementor-top-section elementor-element elementor-element-6622b66 elementor-section-boxed elementor-section-height-default elementor-section-height-default wpr-particle-no wpr-jarallax-no wpr-parallax-no wpr-sticky-section-no wpr-equal-height-no\" data-id=\"6622b66\" data-element_type=\"section\" data-e-type=\"section\" id=\"shopping\">\n\t\t\t\t\t\t<div class=\"elementor-container elementor-column-gap-default\">\n\t\t\t\t\t<div class=\"elementor-column elementor-col-100 elementor-top-column elementor-element elementor-element-d15cb0f\" data-id=\"d15cb0f\" data-element_type=\"column\" data-e-type=\"column\" data-settings=\"{&quot;background_background&quot;:&quot;classic&quot;}\">\n\t\t\t<div class=\"elementor-widget-wrap elementor-element-populated\">\n\t\t\t\t\t\t<div class=\"elementor-element elementor-element-d7c420e elementor-widget elementor-widget-html\" data-id=\"d7c420e\" data-element_type=\"widget\" data-e-type=\"widget\" data-widget_type=\"html.default\">\n\t\t\t\t<div class=\"elementor-widget-container\">\n\t\t\t\t\t<style>\r\n\/* 1. FUENTES Y VARIABLES *\/\r\n@import url('https:\/\/fonts.googleapis.com\/css2?family=Poppins:wght@400;600;700;800&display=swap');\r\n\r\n:root {\r\n    --mall-blue: #0A2342; \r\n    --mall-gold: #C5A059; \r\n    --mall-text: #2D3436;\r\n    --mall-bg-card: #FFFFFF;\r\n}\r\n\r\n\/* 2. CONTENEDOR INTEGRAL - ESPACIO CERO *\/\r\n.tf-mall-section-container {\r\n    width: 100%;\r\n    margin: 0;\r\n    padding: 0;\r\n    font-family: 'Poppins', sans-serif;\r\n    background-color: #fff;\r\n    overflow: hidden; \/* Evita desborde lateral *\/\r\n}\r\n\r\n\/* SECCI\u00d3N DE TEXTO DIN\u00c1MICO *\/\r\n.tf-mall-intro {\r\n    width: 100%;\r\n    max-width: 1200px;\r\n    margin: 0 auto;\r\n    padding: 40px 20px 20px;\r\n    box-sizing: border-box;\r\n}\r\n\r\n.tf-mall-grid-intro {\r\n    display: grid;\r\n    grid-template-columns: 1.5fr 1fr;\r\n    gap: 30px;\r\n    align-items: center;\r\n    margin-bottom: 30px;\r\n}\r\n\r\n\/* Ajustado de h2 a h3 manteniendo el estilo visual previo *\/\r\n.tf-mall-intro h3.tf-main-title {\r\n    font-size: 32px;\r\n    font-weight: 800;\r\n    color: var(--mall-blue);\r\n    line-height: 1.1;\r\n    margin: 0 0 15px 0;\r\n}\r\n\r\n.tf-mall-intro h3.tf-main-title span { color: var(--mall-gold); }\r\n\r\n.tf-mall-p {\r\n    font-size: 15px;\r\n    color: #636e72;\r\n    line-height: 1.6;\r\n    margin: 0;\r\n}\r\n\r\n.tf-mall-fact-card {\r\n    background: #f8f9fa;\r\n    border-left: 5px solid var(--mall-gold);\r\n    padding: 20px;\r\n    border-radius: 0 12px 12px 0;\r\n}\r\n\r\n.tf-mall-fact-card strong {\r\n    display: block;\r\n    color: var(--mall-blue);\r\n    font-size: 14px;\r\n    text-transform: uppercase;\r\n    margin-bottom: 5px;\r\n}\r\n\r\n.tf-mall-fact-card p {\r\n    font-size: 13px;\r\n    margin: 0;\r\n    color: var(--mall-text);\r\n    line-height: 1.4;\r\n}\r\n\r\n\/* ETIQUETAS SEO *\/\r\n.tf-mall-list-tags {\r\n    display: flex;\r\n    flex-wrap: wrap;\r\n    gap: 8px;\r\n    margin-top: 10px;\r\n}\r\n\r\n.tf-tag-pill {\r\n    background: #f0f4f8;\r\n    color: var(--mall-blue);\r\n    padding: 6px 14px;\r\n    border-radius: 20px;\r\n    font-size: 11px;\r\n    font-weight: 700;\r\n    text-transform: uppercase;\r\n    border: 1px solid transparent;\r\n    transition: 0.3s;\r\n}\r\n\r\n.tf-tag-pill:hover {\r\n    border-color: var(--mall-gold);\r\n    background: #fff;\r\n}\r\n\r\n\/* 3. SLIDER - AJUSTADO A LOS L\u00cdMITES *\/\r\n.tf-slider-mall-wrapper {\r\n    width: 100%;\r\n    max-width: 1200px;\r\n    margin: 0 auto;\r\n    position: relative;\r\n    padding: 20px 45px 50px; \/* Espacio para flechas *\/\r\n    box-sizing: border-box;\r\n}\r\n\r\n.tf-slider-mall-container {\r\n    display: flex;\r\n    overflow-x: auto;\r\n    scroll-behavior: smooth;\r\n    gap: 25px;\r\n    padding: 10px 5px 30px;\r\n    -webkit-overflow-scrolling: touch; \r\n    scrollbar-width: none; \r\n    scroll-snap-type: x mandatory; \r\n}\r\n\r\n.tf-slider-mall-container::-webkit-scrollbar { display: none; }\r\n\r\n\/* TARJETAS ORIGINALES *\/\r\n.tf-card-mall {\r\n    flex: 0 0 350px; \r\n    background: var(--mall-bg-card);\r\n    border-radius: 16px;\r\n    overflow: hidden;\r\n    box-shadow: 0 10px 25px rgba(0,0,0,0.06);\r\n    border: 1px solid #f0f0f0;\r\n    transition: all 0.4s ease;\r\n    display: flex;\r\n    flex-direction: column;\r\n    scroll-snap-align: start; \r\n}\r\n\r\n.tf-card-mall:hover {\r\n    transform: translateY(-10px);\r\n    box-shadow: 0 15px 35px rgba(10,35,66,0.12);\r\n}\r\n\r\n.tf-img-top-mall {\r\n    position: relative;\r\n    width: 100%;\r\n    height: 210px;\r\n    background-size: cover;\r\n    background-position: center;\r\n}\r\n\r\n.tf-img-top-mall::after {\r\n    content: '';\r\n    position: absolute;\r\n    bottom: 0;\r\n    left: 0;\r\n    width: 100%;\r\n    height: 40%;\r\n    background: linear-gradient(transparent, rgba(0,0,0,0.5));\r\n}\r\n\r\n.tf-tag-mall {\r\n    position: absolute;\r\n    top: 15px;\r\n    right: 15px;\r\n    background: var(--mall-blue);\r\n    color: #fff;\r\n    padding: 6px 12px;\r\n    border-radius: 6px;\r\n    font-size: 10px;\r\n    font-weight: 700;\r\n    z-index: 2;\r\n    text-transform: uppercase;\r\n    letter-spacing: 0.5px;\r\n}\r\n\r\n.tf-body-mall {\r\n    padding: 20px;\r\n    display: flex;\r\n    flex-direction: column;\r\n    flex-grow: 1;\r\n}\r\n\r\n.tf-cat-mall {\r\n    font-size: 11px;\r\n    color: var(--mall-gold);\r\n    font-weight: 700;\r\n    text-transform: uppercase;\r\n    margin-bottom: 5px;\r\n}\r\n\r\n.tf-head-mall {\r\n    font-size: 22px;\r\n    font-weight: 800;\r\n    color: var(--mall-blue);\r\n    margin-bottom: 10px;\r\n}\r\n\r\n.tf-desc-mall {\r\n    font-size: 13px;\r\n    color: #636e72;\r\n    line-height: 1.5;\r\n    margin-bottom: 15px;\r\n}\r\n\r\n.tf-info-tags-mall {\r\n    display: flex;\r\n    flex-wrap: wrap;\r\n    gap: 6px;\r\n    margin-bottom: 20px;\r\n}\r\n\r\n.tf-info-tags-mall span {\r\n    background: #f8f9fa;\r\n    color: #2d3436;\r\n    padding: 4px 8px;\r\n    border-radius: 4px;\r\n    font-size: 10px;\r\n    font-weight: 600;\r\n    border: 1px solid #eee;\r\n}\r\n\r\n.tf-btn-mall {\r\n    margin-top: auto;\r\n    background: var(--mall-blue);\r\n    color: white !important;\r\n    text-align: center;\r\n    padding: 12px;\r\n    border-radius: 10px;\r\n    text-decoration: none !important;\r\n    font-weight: 700;\r\n    font-size: 13px;\r\n    text-transform: uppercase;\r\n    transition: 0.3s;\r\n}\r\n\r\n.tf-btn-mall:hover { background: var(--mall-gold); }\r\n\r\n\/* NAVEGACI\u00d3N *\/\r\n.tf-mall-arrow {\r\n    position: absolute;\r\n    top: 45%;\r\n    width: 40px;\r\n    height: 40px;\r\n    background: white;\r\n    color: var(--mall-blue);\r\n    border-radius: 50%;\r\n    display: flex;\r\n    align-items: center;\r\n    justify-content: center;\r\n    cursor: pointer;\r\n    z-index: 10;\r\n    box-shadow: 0 4px 10px rgba(0,0,0,0.1);\r\n    transition: 0.3s;\r\n}\r\n\r\n.tf-mall-l { left: 0; }\r\n.tf-mall-r { right: 0; }\r\n.tf-mall-arrow:hover { background: var(--mall-blue); color: #fff; }\r\n\r\n\/* MEDIA QUERIES *\/\r\n@media (max-width: 768px) {\r\n    .tf-mall-grid-intro { grid-template-columns: 1fr; }\r\n    .tf-slider-mall-wrapper { padding: 10px 20px; }\r\n    .tf-card-mall { flex: 0 0 280px; }\r\n    .tf-mall-arrow { display: none; }\r\n}\r\n<\/style>\r\n\r\n<div class=\"tf-mall-section-container\">\r\n    \r\n    <div class=\"tf-mall-intro\">\r\n        <div class=\"tf-mall-grid-intro\">\r\n            <div>\r\n                <h3 class=\"tf-main-title\">Guayaquil: Destino de <span>Shopping<\/span><\/h3>\r\n                <p class=\"tf-mall-p\">\r\n                    La urbe porte\u00f1a ofrece alrededor de 20 centros comerciales estrat\u00e9gicamente distribuidos, brindando la mejor experiencia de compras y comodidad.\r\n                <\/p>\r\n            <\/div>\r\n            <div class=\"tf-mall-fact-card\">\r\n                <strong>Hito Hist\u00f3rico<\/strong>\r\n                <p>El primer centro comercial fue el <strong>Policentro (1978)<\/strong>, fundado por el expresidente Jaime Rold\u00f3s.<\/p>\r\n            <\/div>\r\n        <\/div>\r\n\r\n        <div class=\"tf-mall-list-tags\">\r\n            <span class=\"tf-tag-pill\">Mall del R\u00edo<\/span>\r\n            <span class=\"tf-tag-pill\">Mall del Sur<\/span>\r\n            <span class=\"tf-tag-pill\">Mall El Fort\u00edn<\/span>\r\n            <span class=\"tf-tag-pill\">Riocentro Norte<\/span>\r\n            <span class=\"tf-tag-pill\">Riocentro Sur<\/span>\r\n            <span class=\"tf-tag-pill\">Plaza Mayor<\/span>\r\n            <span class=\"tf-tag-pill\">Plaza Quil<\/span>\r\n            <span class=\"tf-tag-pill\">Alb\u00e1n Borja<\/span>\r\n            <span class=\"tf-tag-pill\">Plaza Orellana<\/span>\r\n            <span class=\"tf-tag-pill\">La Piazza Ceibos<\/span>\r\n            <span class=\"tf-tag-pill\">Plaza Tri\u00e1ngulo<\/span>\r\n            <span class=\"tf-tag-pill\">Terminal Terrestre<\/span>\r\n        <\/div>\r\n    <\/div>\r\n\r\n    <div class=\"tf-slider-mall-wrapper\">\r\n        <div class=\"tf-mall-arrow tf-mall-l\" onclick=\"moveMallSlider(-375)\">\u276e<\/div>\r\n        <div class=\"tf-mall-arrow tf-mall-r\" onclick=\"moveMallSlider(375)\">\u276f<\/div>\r\n\r\n        <div class=\"tf-slider-mall-container\" id=\"mall-slider\">\r\n            \r\n            <div class=\"tf-card-mall\">\r\n                <div class=\"tf-img-top-mall\" style=\"background-image: url('https:\/\/www.clave.com.ec\/wp-content\/uploads\/2016\/05\/MG_68721.jpg');\">\r\n                    <div class=\"tf-tag-mall\">Top Destino<\/div>\r\n                <\/div>\r\n                <div class=\"tf-body-mall\">\r\n                    <span class=\"tf-cat-mall\">Gourmet & Paisaje<\/span>\r\n                    <h3 class=\"tf-head-mall\">Plaza Lagos<\/h3>\r\n                    <p class=\"tf-desc-mall\">El lugar m\u00e1s fotog\u00e9nico. Canales de agua, palmeras y gastronom\u00eda de lujo.<\/p>\r\n                    <div class=\"tf-info-tags-mall\"><span>\ud83d\udcf8 Instagrammable<\/span><span>\ud83c\udf77 Fine Dining<\/span><\/div>\r\n                    <a href=\"http:\/\/www.plazalagos.com.ec\/\" target=\"_blank\" class=\"tf-btn-mall\">Conocer Plaza<\/a>\r\n                <\/div>\r\n            <\/div>\r\n\r\n            <div class=\"tf-card-mall\">\r\n                <div class=\"tf-img-top-mall\" style=\"background-image: url('https:\/\/www.sanmarino.com.ec\/wp-content\/uploads\/2026\/01\/portada-sanma-1-scaled.jpg');\">\r\n                    <div class=\"tf-tag-mall\">Elegancia<\/div>\r\n                <\/div>\r\n                <div class=\"tf-body-mall\">\r\n                    <span class=\"tf-cat-mall\">Lifestyle & Moda<\/span>\r\n                    <h3 class=\"tf-head-mall\">San Marino Shopping<\/h3>\r\n                    <p class=\"tf-desc-mall\">Arquitectura europea y las marcas internacionales m\u00e1s exclusivas de la urbe.<\/p>\r\n                    <div class=\"tf-info-tags-mall\"><span>\ud83d\udc8e Premium<\/span><span>\ud83d\udccd Av. Orellana<\/span><\/div>\r\n                    <a href=\"https:\/\/www.sanmarino.com.ec\/\" target=\"_blank\" class=\"tf-btn-mall\">Ver Marcas<\/a>\r\n                <\/div>\r\n            <\/div>\r\n\r\n            <div class=\"tf-card-mall\">\r\n                <div class=\"tf-img-top-mall\" style=\"background-image: url('https:\/\/www.malldelsol.com.ec\/assets\/media\/2020\/12\/14\/mall-bg.jpg');\">\r\n                    <div class=\"tf-tag-mall\">El Gigante<\/div>\r\n                <\/div>\r\n                <div class=\"tf-body-mall\">\r\n                    <span class=\"tf-cat-mall\">Todo en un lugar<\/span>\r\n                    <h3 class=\"tf-head-mall\">Mall del Sol<\/h3>\r\n                    <p class=\"tf-desc-mall\">El m\u00e1s completo, ubicado estrat\u00e9gicamente junto al aeropuerto.<\/p>\r\n                    <div class=\"tf-info-tags-mall\"><span>\ud83c\udfe2 +200 Locales<\/span><span>\ud83c\udfac IMAX<\/span><\/div>\r\n                    <a href=\"https:\/\/www.malldelsol.com.ec\/\" target=\"_blank\" class=\"tf-btn-mall\">Explorar Mapa<\/a>\r\n                <\/div>\r\n            <\/div>\r\n\r\n            <div class=\"tf-card-mall\">\r\n                <div class=\"tf-img-top-mall\" style=\"background-image: url('https:\/\/blogger.googleusercontent.com\/img\/b\/R29vZ2xl\/AVvXsEjBKBwjL3FjaIaCRQO7TDInW21KUqF4d2CxUL27tKZ-w5ty8bZElCsHhABcOaEzQnW4bOxhzWdL5HlrkyOAtf2k97Hf9lAez2RfVNGQpgiv4gV51xr18NL6GK0w9hnhQ5iN7Gaf6ucPIzvl\/s1600\/Ceibos+1.jpg');\">\r\n                    <div class=\"tf-tag-mall\">V\u00eda a la Costa<\/div>\r\n                <\/div>\r\n                <div class=\"tf-body-mall\">\r\n                    <span class=\"tf-cat-mall\">Entretenimiento<\/span>\r\n                    <h3 class=\"tf-head-mall\">Riocentro Ceibos<\/h3>\r\n                    <p class=\"tf-desc-mall\">Amplios espacios y uno de los cines m\u00e1s modernos del sector norte-oeste.<\/p>\r\n                    <div class=\"tf-info-tags-mall\"><span>\ud83c\udf7f Cine<\/span><span>\ud83c\udf54 Food Court<\/span><\/div>\r\n                    <a href=\"https:\/\/www.riocentroshopping.com\/ceibos\" target=\"_blank\" class=\"tf-btn-mall\">Locales y Servicios<\/a>\r\n                <\/div>\r\n            <\/div>\r\n\r\n            <div class=\"tf-card-mall\">\r\n                <div class=\"tf-img-top-mall\" style=\"background-image: url('https:\/\/s3.amazonaws.com\/resource-api.seruvi.com\/1710178494156-CONTACTO%20SLIDER%20%28%29.jpg');\">\r\n                    <div class=\"tf-tag-mall\">Norte de Guayaquil<\/div>\r\n                <\/div>\r\n                <div class=\"tf-body-mall\">\r\n                    <span class=\"tf-cat-mall\">Moda y Hogar<\/span>\r\n                    <h3 class=\"tf-head-mall\">City Mall<\/h3>\r\n                    <p class=\"tf-desc-mall\">Un punto de encuentro moderno en la Alborada, ideal para compras y ocio.<\/p>\r\n                    <div class=\"tf-info-tags-mall\"><span>\ud83d\udecd\ufe0f Variedad<\/span><span>\ud83d\udccd Alborada<\/span><\/div>\r\n                    <a href=\"https:\/\/www.citymall.com.ec\/\" target=\"_blank\" class=\"tf-btn-mall\">Ver Locales<\/a>\r\n                <\/div>\r\n            <\/div>\r\n\r\n            <div class=\"tf-card-mall\">\r\n                <div class=\"tf-img-top-mall\" style=\"background-image: url('https:\/\/www.plazanavona.com\/wp-content\/uploads\/2025\/03\/Locales-pagina-inicio.webp');\">\r\n                    <div class=\"tf-tag-mall\">Al Aire Libre<\/div>\r\n                <\/div>\r\n                <div class=\"tf-body-mall\">\r\n                    <span class=\"tf-cat-mall\">Lifestyle Samborond\u00f3n<\/span>\r\n                    <h3 class=\"tf-head-mall\">Plaza Navona<\/h3>\r\n                    <p class=\"tf-desc-mall\">Espacio abierto de estilo italiano para cenas gourmet y compras relax.<\/p>\r\n                    <div class=\"tf-info-tags-mall\"><span>\ud83c\udf7d\ufe0f Gastronom\u00eda<\/span><span>\ud83c\udf43 Open Air<\/span><\/div>\r\n                    <a href=\"https:\/\/www.plazanavona.com\/\" target=\"_blank\" class=\"tf-btn-mall\">Reservar Mesa<\/a>\r\n                <\/div>\r\n            <\/div>\r\n\r\n            <div class=\"tf-card-mall\">\r\n                <div class=\"tf-img-top-mall\" style=\"background-image: url('https:\/\/www.metroecuador.com.ec\/resizer\/v2\/O2UBT75JRRFSRLJ4KIOTAQ36YE.jpg?smart=true&auth=840100dfabab806502d57079e51742fe3339477c4f044e9f2651b56e009ef037&width=1600&height=899');\">\r\n                    <div class=\"tf-tag-mall\">Tradici\u00f3n<\/div>\r\n                <\/div>\r\n                <div class=\"tf-body-mall\">\r\n                    <span class=\"tf-cat-mall\">Historia Porte\u00f1a<\/span>\r\n                    <h3 class=\"tf-head-mall\">Policentro<\/h3>\r\n                    <p class=\"tf-desc-mall\">El pionero (1978). Ambiente tradicional y acogedor en la Nueva Kennedy.<\/p>\r\n                    <div class=\"tf-info-tags-mall\"><span>\ud83c\udff7\ufe0f Ofertas<\/span><span>\ud83d\udecd\ufe0f Cl\u00e1sico<\/span><\/div>\r\n                    <a href=\"https:\/\/www.policentro.com.ec\/\" target=\"_blank\" class=\"tf-btn-mall\">Ver Promociones<\/a>\r\n                <\/div>\r\n            <\/div>\r\n\r\n            <div class=\"tf-card-mall\">\r\n                <div class=\"tf-img-top-mall\" style=\"background-image: url('https:\/\/unicentroguayaquil.com\/wp-content\/uploads\/2025\/04\/Rectangle-50-2.webp');\">\r\n                    <div class=\"tf-tag-mall\">Centro Hist\u00f3rico<\/div>\r\n                <\/div>\r\n                <div class=\"tf-body-mall\">\r\n                    <span class=\"tf-cat-mall\">Comercio Central<\/span>\r\n                    <h3 class=\"tf-head-mall\">Unicentro<\/h3>\r\n                    <p class=\"tf-desc-mall\">Frente al Parque Seminario. Ideal para tr\u00e1mites y compras en el coraz\u00f3n de la urbe.<\/p>\r\n                    <div class=\"tf-info-tags-mall\"><span>\ud83d\udccd Centro<\/span><span>\ud83c\udfe6 Bancos<\/span><\/div>\r\n                    <a href=\"https:\/\/unicentroguayaquil.com\/\" target=\"_blank\" class=\"tf-btn-mall\">Visitar Sitio<\/a>\r\n                <\/div>\r\n            <\/div>\r\n\r\n        <\/div>\r\n    <\/div>\r\n<\/div>\r\n\r\n<script>\r\nfunction moveMallSlider(dist) {\r\n    document.getElementById('mall-slider').scrollBy({ left: dist, behavior: 'smooth' });\r\n}\r\n<\/script>\t\t\t\t<\/div>\n\t\t\t\t<\/div>\n\t\t\t\t\t<\/div>\n\t\t<\/div>\n\t\t\t\t\t<\/div>\n\t\t<\/section>\n\t\t\t\t<section class=\"elementor-section elementor-top-section elementor-element elementor-element-6a6a05a elementor-section-boxed elementor-section-height-default elementor-section-height-default wpr-particle-no wpr-jarallax-no wpr-parallax-no wpr-sticky-section-no wpr-equal-height-no\" data-id=\"6a6a05a\" data-element_type=\"section\" data-e-type=\"section\">\n\t\t\t\t\t\t<div class=\"elementor-container elementor-column-gap-default\">\n\t\t\t\t\t<div class=\"elementor-column elementor-col-100 elementor-top-column elementor-element elementor-element-fab0423\" data-id=\"fab0423\" data-element_type=\"column\" data-e-type=\"column\">\n\t\t\t<div class=\"elementor-widget-wrap elementor-element-populated\">\n\t\t\t\t\t\t<div class=\"elementor-element elementor-element-c0ded38 elementor-widget elementor-widget-spacer\" data-id=\"c0ded38\" data-element_type=\"widget\" data-e-type=\"widget\" data-widget_type=\"spacer.default\">\n\t\t\t\t<div class=\"elementor-widget-container\">\n\t\t\t\t\t\t\t<div class=\"elementor-spacer\">\n\t\t\t<div class=\"elementor-spacer-inner\"><\/div>\n\t\t<\/div>\n\t\t\t\t\t\t<\/div>\n\t\t\t\t<\/div>\n\t\t\t\t\t<\/div>\n\t\t<\/div>\n\t\t\t\t\t<\/div>\n\t\t<\/section>\n\t\t\t\t<section class=\"elementor-section elementor-top-section elementor-element elementor-element-3cbc6f7 elementor-section-boxed elementor-section-height-default elementor-section-height-default wpr-particle-no wpr-jarallax-no wpr-parallax-no wpr-sticky-section-no wpr-equal-height-no\" data-id=\"3cbc6f7\" data-element_type=\"section\" data-e-type=\"section\">\n\t\t\t\t\t\t<div class=\"elementor-container elementor-column-gap-default\">\n\t\t\t\t\t<div class=\"elementor-column elementor-col-100 elementor-top-column elementor-element elementor-element-6116214\" data-id=\"6116214\" data-element_type=\"column\" data-e-type=\"column\">\n\t\t\t<div class=\"elementor-widget-wrap elementor-element-populated\">\n\t\t\t\t\t\t<div class=\"elementor-element elementor-element-dc34d66 elementor-widget elementor-widget-heading\" data-id=\"dc34d66\" data-element_type=\"widget\" data-e-type=\"widget\" data-widget_type=\"heading.default\">\n\t\t\t\t<div class=\"elementor-widget-container\">\n\t\t\t\t\t<h2 class=\"elementor-heading-title elementor-size-default\">Turismo Religioso: Iglesias Patrimoniales y Catedrales de Guayaquil<\/h2>\t\t\t\t<\/div>\n\t\t\t\t<\/div>\n\t\t\t\t<div class=\"elementor-element elementor-element-7f320fe elementor-widget-divider--view-line elementor-widget elementor-widget-divider\" data-id=\"7f320fe\" data-element_type=\"widget\" data-e-type=\"widget\" data-widget_type=\"divider.default\">\n\t\t\t\t<div class=\"elementor-widget-container\">\n\t\t\t\t\t\t\t<div class=\"elementor-divider\">\n\t\t\t<span class=\"elementor-divider-separator\">\n\t\t\t\t\t\t<\/span>\n\t\t<\/div>\n\t\t\t\t\t\t<\/div>\n\t\t\t\t<\/div>\n\t\t\t\t\t<\/div>\n\t\t<\/div>\n\t\t\t\t\t<\/div>\n\t\t<\/section>\n\t\t\t\t<section class=\"elementor-section elementor-top-section elementor-element elementor-element-6dc029c elementor-section-boxed elementor-section-height-default elementor-section-height-default wpr-particle-no wpr-jarallax-no wpr-parallax-no wpr-sticky-section-no wpr-equal-height-no\" data-id=\"6dc029c\" data-element_type=\"section\" data-e-type=\"section\">\n\t\t\t\t\t\t<div class=\"elementor-container elementor-column-gap-default\">\n\t\t\t\t\t<div class=\"elementor-column elementor-col-100 elementor-top-column elementor-element elementor-element-6d93a3b\" data-id=\"6d93a3b\" data-element_type=\"column\" data-e-type=\"column\">\n\t\t\t<div class=\"elementor-widget-wrap elementor-element-populated\">\n\t\t\t\t\t\t<div class=\"elementor-element elementor-element-5233cb1 elementor-widget elementor-widget-text-editor\" data-id=\"5233cb1\" data-element_type=\"widget\" data-e-type=\"widget\" data-widget_type=\"text-editor.default\">\n\t\t\t\t<div class=\"elementor-widget-container\">\n\t\t\t\t\t\t\t\t\t<p>El centro hist\u00f3rico de la ciudad alberga un invaluable <b data-path-to-node=\"4\" data-index-in-node=\"56\">patrimonio religioso<\/b> que narra siglos de fe y resiliencia. El recorrido comienza en la <b data-path-to-node=\"4\" data-index-in-node=\"143\">Catedral Metropolitana de Guayaquil<\/b>, famosa por su arquitectura neog\u00f3tica y el Seminario de las Iguanas, y contin\u00faa hacia la <b data-path-to-node=\"4\" data-index-in-node=\"268\">Iglesia de San Francisco<\/b>, uno de los templos m\u00e1s antiguos y emblem\u00e1ticos de la urbe. No puede faltar la visita a la <b data-path-to-node=\"4\" data-index-in-node=\"384\">Iglesia de Santo Domingo<\/b>, ubicada a los pies del Cerro Santa Ana, y la <b data-path-to-node=\"4\" data-index-in-node=\"455\">Iglesia de la Merced<\/b>, joyas arquitect\u00f3nicas que resguardan altares barrocos y cr\u00f3nicas coloniales en el coraz\u00f3n de la <b data-path-to-node=\"4\" data-index-in-node=\"573\">Perla del Pac\u00edfico<\/b>.<\/p>\t\t\t\t\t\t\t\t<\/div>\n\t\t\t\t<\/div>\n\t\t\t\t\t<\/div>\n\t\t<\/div>\n\t\t\t\t\t<\/div>\n\t\t<\/section>\n\t\t\t\t<section class=\"elementor-section elementor-top-section elementor-element elementor-element-12402e7 elementor-section-boxed elementor-section-height-default elementor-section-height-default wpr-particle-no wpr-jarallax-no wpr-parallax-no wpr-sticky-section-no wpr-equal-height-no\" data-id=\"12402e7\" data-element_type=\"section\" data-e-type=\"section\" id=\"iglesias-patrimonio\">\n\t\t\t\t\t\t<div class=\"elementor-container elementor-column-gap-default\">\n\t\t\t\t\t<div class=\"elementor-column elementor-col-100 elementor-top-column elementor-element elementor-element-1f77383\" data-id=\"1f77383\" data-element_type=\"column\" data-e-type=\"column\">\n\t\t\t<div class=\"elementor-widget-wrap elementor-element-populated\">\n\t\t\t\t\t\t<div class=\"elementor-element elementor-element-3d02ac3 elementor-widget elementor-widget-html\" data-id=\"3d02ac3\" data-element_type=\"widget\" data-e-type=\"widget\" data-widget_type=\"html.default\">\n\t\t\t\t<div class=\"elementor-widget-container\">\n\t\t\t\t\t<script type=\"application\/ld+json\">\r\n{\r\n  \"@context\": \"https:\/\/schema.org\",\r\n  \"@type\": \"ItemList\",\r\n  \"name\": \"Iglesias Patrimoniales de Guayaquil\",\r\n  \"description\": \"Explora las construcciones hist\u00f3ricas, dise\u00f1os g\u00f3ticos y la fe de Guayaquil a trav\u00e9s de su arquitectura religiosa.\",\r\n  \"itemListElement\": [\r\n    {\r\n      \"@type\": \"ListItem\",\r\n      \"position\": 1,\r\n      \"item\": {\r\n        \"@type\": \"HistoricalLandmark\",\r\n        \"name\": \"Catedral Metropolitana de Guayaquil\",\r\n        \"description\": \"Coraz\u00f3n del centro hist\u00f3rico, construida originalmente en 1547.\",\r\n        \"image\": \"https:\/\/trailforthjournal.com\/es\/wp-content\/uploads\/sites\/4\/2022\/03\/DSC01674-2-scaled.jpg\",\r\n        \"url\": \"https:\/\/trailforthjournal.com\/es\/lugar-emblematico\/catedral-de-guayaquil\/\"\r\n      }\r\n    },\r\n    {\r\n      \"@type\": \"ListItem\",\r\n      \"position\": 2,\r\n      \"item\": {\r\n        \"@type\": \"HistoricalLandmark\",\r\n        \"name\": \"Bas\u00edlica de la Merced\",\r\n        \"description\": \"Templo de 1927 con inspiraci\u00f3n neog\u00f3tica-bizantina y gran riqueza art\u00edstica.\",\r\n        \"image\": \"https:\/\/trailforthjournal.com\/es\/wp-content\/uploads\/sites\/4\/2023\/10\/DJI_0009-2-scaled.jpg\",\r\n        \"url\": \"https:\/\/trailforthjournal.com\/es\/cultura\/basilica-la-merced-guayaquil\/\"\r\n      }\r\n    },\r\n    {\r\n      \"@type\": \"ListItem\",\r\n      \"position\": 3,\r\n      \"item\": {\r\n        \"@type\": \"HistoricalLandmark\",\r\n        \"name\": \"Iglesia de San Francisco\",\r\n        \"description\": \"Conocida como Nuestra Se\u00f1ora de los \u00c1ngeles, hito hist\u00f3rico reconstruido en 1920.\",\r\n        \"image\": \"https:\/\/trailforthjournal.com\/es\/wp-content\/uploads\/sites\/4\/2023\/10\/DJI_0025-2-scaled.jpg\",\r\n        \"url\": \"https:\/\/trailforthjournal.com\/es\/cultura\/iglesia-san-francisco-guayaquil\/\"\r\n      }\r\n    }\r\n  ]\r\n}\r\n<\/script>\r\n\r\n<style>\r\n\/* 1. VARIABLES Y DISE\u00d1O \"PATRIMONIO JOURNAL\" - MANTENIDO PIXEL A PIXEL *\/\r\n@import url('https:\/\/fonts.googleapis.com\/css2?family=Poppins:wght@400;600;700;800&display=swap');\r\n\r\n:root {\r\n    --tf-gold: #D4AF37;\r\n    --tf-dark: #1A1A1A;\r\n    --tf-bg-soft: #F9F9F9;\r\n}\r\n\r\n.tf-patrimonio-wrapper {\r\n    max-width: 1200px;\r\n    margin: 40px auto;\r\n    padding: 0 45px;\r\n    font-family: 'Poppins', sans-serif;\r\n}\r\n\r\n.tf-patrimonio-intro {\r\n    margin-bottom: 35px;\r\n    border-left: 4px solid var(--tf-gold);\r\n    padding-left: 25px;\r\n}\r\n\r\n.tf-patrimonio-intro p {\r\n    font-size: 15px;\r\n    color: #444;\r\n    line-height: 1.7;\r\n    max-width: 900px;\r\n    font-style: italic;\r\n    margin: 0;\r\n}\r\n\r\n\/* 2. CONTENEDOR DEL SLIDER *\/\r\n.tf-patrimonio-slider {\r\n    display: flex;\r\n    overflow-x: auto;\r\n    gap: 25px;\r\n    padding: 10px 5px 40px 5px;\r\n    scrollbar-width: none;\r\n    scroll-behavior: smooth;\r\n}\r\n\r\n.tf-patrimonio-slider::-webkit-scrollbar { display: none; }\r\n\r\n\/* 3. TARJETAS DE PATRIMONIO *\/\r\n.tf-patrimonio-card {\r\n    flex: 0 0 350px;\r\n    background: #fff;\r\n    border-radius: 12px;\r\n    overflow: hidden;\r\n    box-shadow: 0 10px 25px rgba(0,0,0,0.05);\r\n    display: flex;\r\n    flex-direction: column;\r\n    border: 1px solid #eee;\r\n    transition: transform 0.3s ease;\r\n}\r\n\r\n.tf-patrimonio-card:hover { transform: translateY(-5px); }\r\n\r\n.tf-patrimonio-img {\r\n    height: 200px;\r\n    background-size: cover;\r\n    background-position: center;\r\n    position: relative;\r\n    background-color: #eee; \/* Fallback color *\/\r\n}\r\n\r\n.tf-patrimonio-year {\r\n    position: absolute;\r\n    bottom: 15px;\r\n    right: 15px;\r\n    background: var(--tf-gold);\r\n    color: #fff;\r\n    padding: 4px 12px;\r\n    font-size: 11px;\r\n    font-weight: 700;\r\n    border-radius: 4px;\r\n    z-index: 2;\r\n}\r\n\r\n.tf-patrimonio-body {\r\n    padding: 25px;\r\n    flex-grow: 1;\r\n    display: flex;\r\n    flex-direction: column;\r\n}\r\n\r\n.tf-patrimonio-body h3 {\r\n    font-size: 20px;\r\n    font-weight: 800;\r\n    color: var(--tf-dark);\r\n    margin: 0 0 12px 0;\r\n}\r\n\r\n.tf-patrimonio-body p {\r\n    font-size: 13.5px;\r\n    color: #666;\r\n    line-height: 1.6;\r\n    margin-bottom: 20px;\r\n}\r\n\r\n.tf-patrimonio-link {\r\n    margin-top: auto;\r\n    font-size: 13px;\r\n    font-weight: 700;\r\n    color: var(--tf-dark);\r\n    text-decoration: none !important;\r\n    text-transform: uppercase;\r\n    letter-spacing: 1px;\r\n    display: flex;\r\n    align-items: center;\r\n    transition: color 0.2s;\r\n}\r\n\r\n.tf-patrimonio-link:hover { color: var(--tf-gold); }\r\n\r\n@media (max-width: 768px) {\r\n    .tf-patrimonio-wrapper { padding: 0 20px; }\r\n    .tf-patrimonio-card { flex: 0 0 300px; }\r\n}\r\n<\/style>\r\n\r\n<div class=\"tf-patrimonio-wrapper\" itemscope itemtype=\"https:\/\/schema.org\/ItemList\">\r\n    <div class=\"tf-patrimonio-intro\">\r\n        <p>\r\n            \"Estas inmensas construcciones llaman la atenci\u00f3n por sus dise\u00f1os g\u00f3ticos, obras de arte y vitrales; adem\u00e1s de sus leyendas y actos de fe que giran en torno a su comunidad, convirti\u00e9ndolas en un atractivo tur\u00edstico imprescindible para propios y extra\u00f1os.\"\r\n        <\/p>\r\n    <\/div>\r\n\r\n    <div class=\"tf-patrimonio-slider\">\r\n        \r\n        <article class=\"tf-patrimonio-card\" itemprop=\"itemListElement\" itemscope itemtype=\"https:\/\/schema.org\/HistoricalLandmark\">\r\n            <meta itemprop=\"image\" content=\"https:\/\/trailforthjournal.com\/es\/wp-content\/uploads\/sites\/4\/2022\/03\/DSC01674-2-scaled.jpg\">\r\n            <div class=\"tf-patrimonio-img lazy-bg\" data-bg=\"https:\/\/trailforthjournal.com\/es\/wp-content\/uploads\/sites\/4\/2022\/03\/DSC01674-2-scaled.jpg\">\r\n                <div class=\"tf-patrimonio-year\">Est. 1547<\/div>\r\n            <\/div>\r\n            <div class=\"tf-patrimonio-body\">\r\n                <h3 itemprop=\"name\">Catedral Metropolitana<\/h3>\r\n                <p itemprop=\"description\">Construida originalmente en 1547 junto a la Casa de Cabildo y la Plaza de Armas, es el coraz\u00f3n del centro hist\u00f3rico y un hito de la fe porte\u00f1a.<\/p>\r\n                <a href=\"https:\/\/trailforthjournal.com\/es\/lugar-emblematico\/catedral-de-guayaquil\/\" class=\"tf-patrimonio-link\" itemprop=\"url\">Ver detalles de visita \u2192<\/a>\r\n            <\/div>\r\n        <\/article>\r\n\r\n        <article class=\"tf-patrimonio-card\" itemprop=\"itemListElement\" itemscope itemtype=\"https:\/\/schema.org\/HistoricalLandmark\">\r\n            <meta itemprop=\"image\" content=\"https:\/\/trailforthjournal.com\/es\/wp-content\/uploads\/sites\/4\/2023\/10\/DJI_0009-2-scaled.jpg\">\r\n            <div class=\"tf-patrimonio-img lazy-bg\" data-bg=\"https:\/\/trailforthjournal.com\/es\/wp-content\/uploads\/sites\/4\/2023\/10\/DJI_0009-2-scaled.jpg\">\r\n                <div class=\"tf-patrimonio-year\">Est. 1927<\/div>\r\n            <\/div>\r\n            <div class=\"tf-patrimonio-body\">\r\n                <h3 itemprop=\"name\">Bas\u00edlica de la Merced<\/h3>\r\n                <p itemprop=\"description\">Ubicada en la calle V\u00edctor Manuel Rend\u00f3n, este templo de 1927 destaca por su inspiraci\u00f3n neog\u00f3tica-bizantina y su riqueza art\u00edstica interior.<\/p>\r\n                <a href=\"https:\/\/trailforthjournal.com\/es\/cultura\/basilica-la-merced-guayaquil\/\" class=\"tf-patrimonio-link\" itemprop=\"url\">Explorar arquitectura \u2192<\/a>\r\n            <\/div>\r\n        <\/article>\r\n\r\n        <article class=\"tf-patrimonio-card\" itemprop=\"itemListElement\" itemscope itemtype=\"https:\/\/schema.org\/HistoricalLandmark\">\r\n            <meta itemprop=\"image\" content=\"https:\/\/trailforthjournal.com\/es\/wp-content\/uploads\/sites\/4\/2023\/10\/DJI_0025-2-scaled.jpg\">\r\n            <div class=\"tf-patrimonio-img lazy-bg\" data-bg=\"https:\/\/trailforthjournal.com\/es\/wp-content\/uploads\/sites\/4\/2023\/10\/DJI_0025-2-scaled.jpg\">\r\n                <div class=\"tf-patrimonio-year\">Est. 1702<\/div>\r\n            <\/div>\r\n            <div class=\"tf-patrimonio-body\">\r\n                <h3 itemprop=\"name\">Iglesia de San Francisco<\/h3>\r\n                <p itemprop=\"description\">Conocida como Nuestra Se\u00f1ora de los \u00c1ngeles, fue reconstruida tras varios incendios respetando su dise\u00f1o original de 1920 con materiales perdurables.<\/p>\r\n                <a href=\"https:\/\/trailforthjournal.com\/es\/cultura\/iglesia-san-francisco-guayaquil\/\" class=\"tf-patrimonio-link\" itemprop=\"url\">Conocer su historia \u2192<\/a>\r\n            <\/div>\r\n        <\/article>\r\n\r\n    <\/div>\r\n<\/div>\r\n\r\n<script>\r\ndocument.addEventListener(\"DOMContentLoaded\", function() {\r\n    var lazyBgs = [].slice.call(document.querySelectorAll(\".lazy-bg\"));\r\n    if (\"IntersectionObserver\" in window) {\r\n        let bgObserver = new IntersectionObserver(function(entries, observer) {\r\n            entries.forEach(function(entry) {\r\n                if (entry.isIntersecting) {\r\n                    let el = entry.target;\r\n                    let src = el.getAttribute(\"data-bg\");\r\n                    el.style.backgroundImage = \"url('\" + src + \"')\";\r\n                    bgObserver.unobserve(el);\r\n                }\r\n            });\r\n        });\r\n        lazyBgs.forEach(function(bg) { bgObserver.observe(bg); });\r\n    } else {\r\n        \/\/ Fallback para navegadores antiguos\r\n        lazyBgs.forEach(function(el) {\r\n            let src = el.getAttribute(\"data-bg\");\r\n            el.style.backgroundImage = \"url('\" + src + \"')\";\r\n        });\r\n    }\r\n});\r\n<\/script>\t\t\t\t<\/div>\n\t\t\t\t<\/div>\n\t\t\t\t\t<\/div>\n\t\t<\/div>\n\t\t\t\t\t<\/div>\n\t\t<\/section>\n\t\t\t\t<section class=\"elementor-section elementor-top-section elementor-element elementor-element-90675ca elementor-section-boxed elementor-section-height-default elementor-section-height-default wpr-particle-no wpr-jarallax-no wpr-parallax-no wpr-sticky-section-no wpr-equal-height-no\" data-id=\"90675ca\" data-element_type=\"section\" data-e-type=\"section\">\n\t\t\t\t\t\t<div class=\"elementor-container elementor-column-gap-default\">\n\t\t\t\t\t<div class=\"elementor-column elementor-col-100 elementor-top-column elementor-element elementor-element-743f7c4\" data-id=\"743f7c4\" data-element_type=\"column\" data-e-type=\"column\">\n\t\t\t<div class=\"elementor-widget-wrap elementor-element-populated\">\n\t\t\t\t\t\t<div class=\"elementor-element elementor-element-4991cbd elementor-widget elementor-widget-spacer\" data-id=\"4991cbd\" data-element_type=\"widget\" data-e-type=\"widget\" data-widget_type=\"spacer.default\">\n\t\t\t\t<div class=\"elementor-widget-container\">\n\t\t\t\t\t\t\t<div class=\"elementor-spacer\">\n\t\t\t<div class=\"elementor-spacer-inner\"><\/div>\n\t\t<\/div>\n\t\t\t\t\t\t<\/div>\n\t\t\t\t<\/div>\n\t\t\t\t\t<\/div>\n\t\t<\/div>\n\t\t\t\t\t<\/div>\n\t\t<\/section>\n\t\t\t\t<section class=\"elementor-section elementor-top-section elementor-element elementor-element-95e96b1 elementor-section-boxed elementor-section-height-default elementor-section-height-default wpr-particle-no wpr-jarallax-no wpr-parallax-no wpr-sticky-section-no wpr-equal-height-no\" data-id=\"95e96b1\" data-element_type=\"section\" data-e-type=\"section\">\n\t\t\t\t\t\t<div class=\"elementor-container elementor-column-gap-default\">\n\t\t\t\t\t<div class=\"elementor-column elementor-col-100 elementor-top-column elementor-element elementor-element-4f63f95\" data-id=\"4f63f95\" data-element_type=\"column\" data-e-type=\"column\">\n\t\t\t<div class=\"elementor-widget-wrap elementor-element-populated\">\n\t\t\t\t\t\t<div class=\"elementor-element elementor-element-cd1ce0d elementor-widget elementor-widget-heading\" data-id=\"cd1ce0d\" data-element_type=\"widget\" data-e-type=\"widget\" data-widget_type=\"heading.default\">\n\t\t\t\t<div class=\"elementor-widget-container\">\n\t\t\t\t\t<h2 class=\"elementor-heading-title elementor-size-default\">Centro Hist\u00f3rico y Patrimonio: Lugares emblem\u00e1ticos de Guayaquil<\/h2>\t\t\t\t<\/div>\n\t\t\t\t<\/div>\n\t\t\t\t<div class=\"elementor-element elementor-element-784aa01 elementor-widget-divider--view-line elementor-widget elementor-widget-divider\" data-id=\"784aa01\" data-element_type=\"widget\" data-e-type=\"widget\" data-widget_type=\"divider.default\">\n\t\t\t\t<div class=\"elementor-widget-container\">\n\t\t\t\t\t\t\t<div class=\"elementor-divider\">\n\t\t\t<span class=\"elementor-divider-separator\">\n\t\t\t\t\t\t<\/span>\n\t\t<\/div>\n\t\t\t\t\t\t<\/div>\n\t\t\t\t<\/div>\n\t\t\t\t\t<\/div>\n\t\t<\/div>\n\t\t\t\t\t<\/div>\n\t\t<\/section>\n\t\t\t\t<section class=\"elementor-section elementor-top-section elementor-element elementor-element-2bfdd80 elementor-section-boxed elementor-section-height-default elementor-section-height-default wpr-particle-no wpr-jarallax-no wpr-parallax-no wpr-sticky-section-no wpr-equal-height-no\" data-id=\"2bfdd80\" data-element_type=\"section\" data-e-type=\"section\">\n\t\t\t\t\t\t<div class=\"elementor-container elementor-column-gap-default\">\n\t\t\t\t\t<div class=\"elementor-column elementor-col-100 elementor-top-column elementor-element elementor-element-a3f6066\" data-id=\"a3f6066\" data-element_type=\"column\" data-e-type=\"column\">\n\t\t\t<div class=\"elementor-widget-wrap elementor-element-populated\">\n\t\t\t\t\t\t<div class=\"elementor-element elementor-element-0d24735 elementor-widget elementor-widget-text-editor\" data-id=\"0d24735\" data-element_type=\"widget\" data-e-type=\"widget\" data-widget_type=\"text-editor.default\">\n\t\t\t\t<div class=\"elementor-widget-container\">\n\t\t\t\t\t\t\t\t\t<p>El <b data-path-to-node=\"4\" data-index-in-node=\"4\">patrimonio de Guayaquil<\/b> se vive caminando a trav\u00e9s de sus barrios y monumentos m\u00e1s antiguos. El recorrido por el <b data-path-to-node=\"4\" data-index-in-node=\"117\">centro hist\u00f3rico<\/b> comienza en el <b data-path-to-node=\"4\" data-index-in-node=\"149\">Barrio Las Pe\u00f1as<\/b>, el primer barrio de la ciudad, cuyas calles empedradas conectan con los 444 escalones del <b data-path-to-node=\"4\" data-index-in-node=\"257\">Cerro Santa Ana<\/b>. En el coraz\u00f3n institucional, el <b data-path-to-node=\"4\" data-index-in-node=\"306\">Palacio Municipal<\/b> destaca por su arquitectura neocl\u00e1sica, mientras que el <b data-path-to-node=\"4\" data-index-in-node=\"380\">Parque Seminario<\/b> (Parque de las Iguanas) ofrece una experiencia \u00fanica de naturaleza urbana. Estos <b data-path-to-node=\"4\" data-index-in-node=\"478\">lugares emblem\u00e1ticos de Guayaquil<\/b> representan siglos de historia y resiliencia, siendo paradas obligatorias para entender la identidad de la Perla del Pac\u00edfico.<\/p>\t\t\t\t\t\t\t\t<\/div>\n\t\t\t\t<\/div>\n\t\t\t\t\t<\/div>\n\t\t<\/div>\n\t\t\t\t\t<\/div>\n\t\t<\/section>\n\t\t\t\t<section class=\"elementor-section elementor-top-section elementor-element elementor-element-612043e elementor-section-boxed elementor-section-height-default elementor-section-height-default wpr-particle-no wpr-jarallax-no wpr-parallax-no wpr-sticky-section-no wpr-equal-height-no\" data-id=\"612043e\" data-element_type=\"section\" data-e-type=\"section\" id=\"patrimonial\">\n\t\t\t\t\t\t<div class=\"elementor-container elementor-column-gap-default\">\n\t\t\t\t\t<div class=\"elementor-column elementor-col-100 elementor-top-column elementor-element elementor-element-040eefa\" data-id=\"040eefa\" data-element_type=\"column\" data-e-type=\"column\">\n\t\t\t<div class=\"elementor-widget-wrap elementor-element-populated\">\n\t\t\t\t\t\t<div class=\"elementor-element elementor-element-b5267b8 elementor-widget elementor-widget-html\" data-id=\"b5267b8\" data-element_type=\"widget\" data-e-type=\"widget\" data-widget_type=\"html.default\">\n\t\t\t\t<div class=\"elementor-widget-container\">\n\t\t\t\t\t<style>\r\n\/* 1. ESTILO \"JOURNAL GUIDE\" - ENFOQUE ESTRAT\u00c9GICO *\/\r\n@import url('https:\/\/fonts.googleapis.com\/css2?family=Poppins:wght@400;600;700;800&display=swap');\r\n\r\n:root {\r\n    --tf-guide-navy: #0A2342; \r\n    --tf-guide-gold: #C5A059; \r\n    --tf-guide-text: #444;\r\n}\r\n\r\n.tf-guide-section { width: 100%; font-family: 'Poppins', sans-serif; background: #fff; padding: 40px 0; position: relative; }\r\n.tf-guide-container { max-width: 1200px; margin: 0 auto; padding: 0 20px; }\r\n\r\n\/* CABECERA NARRATIVA - AJUSTADA A H3 *\/\r\n.tf-guide-intro { margin-bottom: 40px; display: grid; grid-template-columns: 1.2fr 1fr; gap: 40px; align-items: center; }\r\n.tf-guide-intro h3 { font-size: 34px; font-weight: 800; color: var(--tf-guide-navy); line-height: 1.1; margin: 0 0 20px; }\r\n.tf-guide-intro p { font-size: 15px; color: var(--tf-guide-text); line-height: 1.8; margin: 0; }\r\n\r\n.tf-guide-highlight { background: #F8F9FA; padding: 25px; border-radius: 15px; border-right: 4px solid var(--tf-guide-gold); }\r\n.tf-guide-highlight span { display: block; font-size: 11px; font-weight: 800; color: var(--tf-guide-gold); text-transform: uppercase; margin-bottom: 10px; letter-spacing: 1px; }\r\n.tf-guide-highlight p { font-size: 13.5px; font-style: italic; color: #636e72; }\r\n\r\n\/* SLIDER Y FLECHAS *\/\r\n.tf-guide-slider-wrapper { position: relative; padding: 20px 45px; } \r\n.tf-guide-slider { display: flex; overflow-x: auto; gap: 25px; padding: 10px 5px 40px; scrollbar-width: none; scroll-behavior: smooth; }\r\n.tf-guide-slider::-webkit-scrollbar { display: none; }\r\n\r\n.tf-guide-arrow { \r\n    position: absolute; \r\n    top: 45%; \r\n    width: 45px; \r\n    height: 45px; \r\n    background: #fff; \r\n    color: var(--tf-guide-navy); \r\n    border-radius: 50%; \r\n    display: flex; \r\n    align-items: center; \r\n    justify-content: center; \r\n    cursor: pointer; \r\n    z-index: 10; \r\n    box-shadow: 0 5px 15px rgba(0,0,0,0.1); \r\n    transition: 0.3s; \r\n    font-weight: bold;\r\n    border: 1px solid #eee;\r\n}\r\n.tf-arrow-l { left: 0; }\r\n.tf-arrow-r { right: 0; }\r\n.tf-guide-arrow:hover { background: var(--tf-guide-navy); color: #fff; }\r\n\r\n\/* TARJETAS *\/\r\n.tf-guide-card { flex: 0 0 340px; background: #fff; border-radius: 12px; overflow: hidden; box-shadow: 0 10px 30px rgba(0,0,0,0.05); border: 1px solid #eee; display: flex; flex-direction: column; transition: 0.3s; }\r\n.tf-guide-card:hover { transform: translateY(-10px); }\r\n\r\n.tf-guide-img { height: 210px; background-size: cover; background-position: center; position: relative; }\r\n.tf-guide-num { position: absolute; top: 15px; left: 15px; background: var(--tf-guide-navy); color: #fff; width: 35px; height: 35px; border-radius: 50%; display: flex; align-items: center; justify-content: center; font-weight: 800; font-size: 14px; }\r\n\r\n.tf-guide-body { padding: 25px; flex-grow: 1; display: flex; flex-direction: column; }\r\n.tf-guide-body h3 { font-size: 20px; font-weight: 800; color: var(--tf-guide-navy); margin: 0 0 12px; }\r\n.tf-guide-body p { font-size: 13px; color: #666; line-height: 1.6; margin-bottom: 20px; }\r\n\r\n.tf-guide-btn { background: var(--tf-guide-navy); color: #fff !important; text-align: center; padding: 12px; border-radius: 8px; text-decoration: none !important; font-weight: 700; font-size: 12px; text-transform: uppercase; transition: 0.3s; }\r\n.tf-guide-btn:hover { background: var(--tf-guide-gold); }\r\n\r\n@media (max-width: 768px) {\r\n    .tf-guide-intro { grid-template-columns: 1fr; }\r\n    .tf-guide-card { flex: 0 0 280px; }\r\n    .tf-guide-arrow { display: none; } \r\n    .tf-guide-slider-wrapper { padding: 10px 0; }\r\n}\r\n<\/style>\r\n\r\n<div class=\"tf-guide-section\">\r\n    <div class=\"tf-guide-container\">\r\n        <div class=\"tf-guide-intro\">\r\n            <div>\r\n                <h3>Itinerario Patrimonial: <span>Qu\u00e9 ver en Guayaquil<\/span><\/h3>\r\n                <p>Recorrer Guayaquil es sumergirse en 500 a\u00f1os de historia. Desde el <strong>Malec\u00f3n 2000<\/strong> hasta el <strong>Hemiciclo de la Rotonda<\/strong>, cada rinc\u00f3n celebra el esp\u00edritu vibrante de la Perla del Pac\u00edfico.<\/p>\r\n            <\/div>\r\n            <div class=\"tf-guide-highlight\">\r\n                <span>Huellas Hist\u00f3ricas<\/span>\r\n                <p>\"Desde el Palacio Municipal hasta el Barrio Las Pe\u00f1as, refugio de figuras como el <strong>Che Guevara<\/strong> y <strong>Pablo Neruda<\/strong>.\"<\/p>\r\n            <\/div>\r\n        <\/div>\r\n\r\n        <div class=\"tf-guide-slider-wrapper\">\r\n            <div class=\"tf-guide-arrow tf-arrow-l\" onclick=\"moveGuideSlider(-365)\">\u276e<\/div>\r\n            <div class=\"tf-guide-arrow tf-arrow-r\" onclick=\"moveGuideSlider(365)\">\u276f<\/div>\r\n\r\n            <div class=\"tf-guide-slider\" id=\"guide-slider\">\r\n                \r\n                <div class=\"tf-guide-card\">\r\n                    <div class=\"tf-guide-img\" style=\"background-image: url('https:\/\/trailforthjournal.com\/es\/wp-content\/uploads\/sites\/4\/2023\/10\/Las-Penas-Esferica-3.jpg');\">\r\n                        <div class=\"tf-guide-num\">01<\/div>\r\n                    <\/div>\r\n                    <div class=\"tf-guide-body\">\r\n                        <h3>Barrio Las Pe\u00f1as<\/h3>\r\n                        <p>Casas de colores y calles adoquinadas que ofrecen un vistazo aut\u00e9ntico al pasado colonial y art\u00edstico de la ciudad.<\/p>\r\n                        <a href=\"https:\/\/trailforthjournal.com\/es\/lugar-emblematico\/barrio-las-penas\/\" class=\"tf-guide-btn\">Ver Gu\u00eda Completa<\/a>\r\n                    <\/div>\r\n                <\/div>\r\n\r\n                <div class=\"tf-guide-card\">\r\n                    <div class=\"tf-guide-img\" style=\"background-image: url('https:\/\/trailforthjournal.com\/es\/wp-content\/uploads\/sites\/4\/2023\/09\/Cerro-Santa-Ana-scaled.jpg');\">\r\n                        <div class=\"tf-guide-num\">02<\/div>\r\n                    <\/div>\r\n                    <div class=\"tf-guide-body\">\r\n                        <h3>Cerro Santa Ana<\/h3>\r\n                        <p>Sube los 444 escalones hacia el ic\u00f3nico faro para una recompensa visual de 360\u00b0 sobre el R\u00edo Guayas.<\/p>\r\n                        <a href=\"https:\/\/trailforthjournal.com\/es\/cultura\/cerro-santa-ana-guayaquil\/\" class=\"tf-guide-btn\">Planificar Ascenso<\/a>\r\n                    <\/div>\r\n                <\/div>\r\n\r\n                <div class=\"tf-guide-card\">\r\n                    <div class=\"tf-guide-img\" style=\"background-image: url('https:\/\/trailforthjournal.com\/es\/wp-content\/uploads\/sites\/4\/2022\/03\/IMG_1941-2-scaled.jpg');\">\r\n                        <div class=\"tf-guide-num\">03<\/div>\r\n                    <\/div>\r\n                    <div class=\"tf-guide-body\">\r\n                        <h3>Palacio Municipal<\/h3>\r\n                        <p>Arquitectura neocl\u00e1sica donde se gest\u00f3 la independencia el 9 de octubre de 1820. Un pilar cultural absoluto.<\/p>\r\n                        <a href=\"https:\/\/trailforthjournal.com\/es\/cultura\/palacio-municipal-de-guayaquil\/\" class=\"tf-guide-btn\">Detalles Hist\u00f3ricos<\/a>\r\n                    <\/div>\r\n                <\/div>\r\n\r\n                <div class=\"tf-guide-card\">\r\n                    <div class=\"tf-guide-img\" style=\"background-image: url('https:\/\/trailforthjournal.com\/es\/wp-content\/uploads\/sites\/4\/2023\/10\/parque-de-las-iguanas-parque-seminario.webp');\">\r\n                        <div class=\"tf-guide-num\">04<\/div>\r\n                    <\/div>\r\n                    <div class=\"tf-guide-body\">\r\n                        <h3>Parque Seminario<\/h3>\r\n                        <p>Conocido como el Parque de las Iguanas, el punto de encuentro m\u00e1s curioso entre la naturaleza y la urbe.<\/p>\r\n                        <a href=\"https:\/\/trailforthjournal.com\/es\/lugar-emblematico\/parque-iguanas-seminario-guayaquil\/\" class=\"tf-guide-btn\">Gu\u00eda de Visita<\/a>\r\n                    <\/div>\r\n                <\/div>\r\n\r\n            <\/div>\r\n        <\/div>\r\n    <\/div>\r\n<\/div>\r\n\r\n<script>\r\nfunction moveGuideSlider(dist) {\r\n    document.getElementById('guide-slider').scrollBy({ left: dist, behavior: 'smooth' });\r\n}\r\n<\/script>\t\t\t\t<\/div>\n\t\t\t\t<\/div>\n\t\t\t\t\t<\/div>\n\t\t<\/div>\n\t\t\t\t\t<\/div>\n\t\t<\/section>\n\t\t\t\t<section class=\"elementor-section elementor-top-section elementor-element elementor-element-50cebaf elementor-section-boxed elementor-section-height-default elementor-section-height-default wpr-particle-no wpr-jarallax-no wpr-parallax-no wpr-sticky-section-no wpr-equal-height-no\" data-id=\"50cebaf\" data-element_type=\"section\" data-e-type=\"section\">\n\t\t\t\t\t\t<div class=\"elementor-container elementor-column-gap-default\">\n\t\t\t\t\t<div class=\"elementor-column elementor-col-100 elementor-top-column elementor-element elementor-element-14fc153\" data-id=\"14fc153\" data-element_type=\"column\" data-e-type=\"column\">\n\t\t\t<div class=\"elementor-widget-wrap elementor-element-populated\">\n\t\t\t\t\t\t<div class=\"elementor-element elementor-element-7c28186 elementor-widget elementor-widget-spacer\" data-id=\"7c28186\" data-element_type=\"widget\" data-e-type=\"widget\" data-widget_type=\"spacer.default\">\n\t\t\t\t<div class=\"elementor-widget-container\">\n\t\t\t\t\t\t\t<div class=\"elementor-spacer\">\n\t\t\t<div class=\"elementor-spacer-inner\"><\/div>\n\t\t<\/div>\n\t\t\t\t\t\t<\/div>\n\t\t\t\t<\/div>\n\t\t\t\t\t<\/div>\n\t\t<\/div>\n\t\t\t\t\t<\/div>\n\t\t<\/section>\n\t\t\t\t<section class=\"elementor-section elementor-top-section elementor-element elementor-element-0e6060f elementor-section-boxed elementor-section-height-default elementor-section-height-default wpr-particle-no wpr-jarallax-no wpr-parallax-no wpr-sticky-section-no wpr-equal-height-no\" data-id=\"0e6060f\" data-element_type=\"section\" data-e-type=\"section\">\n\t\t\t\t\t\t<div class=\"elementor-container elementor-column-gap-default\">\n\t\t\t\t\t<div class=\"elementor-column elementor-col-100 elementor-top-column elementor-element elementor-element-e2f2ec6\" data-id=\"e2f2ec6\" data-element_type=\"column\" data-e-type=\"column\">\n\t\t\t<div class=\"elementor-widget-wrap elementor-element-populated\">\n\t\t\t\t\t\t<div class=\"elementor-element elementor-element-0a3e6b6 elementor-widget elementor-widget-heading\" data-id=\"0a3e6b6\" data-element_type=\"widget\" data-e-type=\"widget\" data-widget_type=\"heading.default\">\n\t\t\t\t<div class=\"elementor-widget-container\">\n\t\t\t\t\t<h2 class=\"elementor-heading-title elementor-size-default\">Agenda de Eventos 2026: Qu\u00e9 hacer en Guayaquil hoy<\/h2>\t\t\t\t<\/div>\n\t\t\t\t<\/div>\n\t\t\t\t<div class=\"elementor-element elementor-element-177213e elementor-widget-divider--view-line elementor-widget elementor-widget-divider\" data-id=\"177213e\" data-element_type=\"widget\" data-e-type=\"widget\" data-widget_type=\"divider.default\">\n\t\t\t\t<div class=\"elementor-widget-container\">\n\t\t\t\t\t\t\t<div class=\"elementor-divider\">\n\t\t\t<span class=\"elementor-divider-separator\">\n\t\t\t\t\t\t<\/span>\n\t\t<\/div>\n\t\t\t\t\t\t<\/div>\n\t\t\t\t<\/div>\n\t\t\t\t\t<\/div>\n\t\t<\/div>\n\t\t\t\t\t<\/div>\n\t\t<\/section>\n\t\t\t\t<section class=\"elementor-section elementor-top-section elementor-element elementor-element-fa2a856 elementor-section-boxed elementor-section-height-default elementor-section-height-default wpr-particle-no wpr-jarallax-no wpr-parallax-no wpr-sticky-section-no wpr-equal-height-no\" data-id=\"fa2a856\" data-element_type=\"section\" data-e-type=\"section\">\n\t\t\t\t\t\t<div class=\"elementor-container elementor-column-gap-default\">\n\t\t\t\t\t<div class=\"elementor-column elementor-col-100 elementor-top-column elementor-element elementor-element-fdbe49b\" data-id=\"fdbe49b\" data-element_type=\"column\" data-e-type=\"column\">\n\t\t\t<div class=\"elementor-widget-wrap elementor-element-populated\">\n\t\t\t\t\t\t<div class=\"elementor-element elementor-element-d4b7705 elementor-widget elementor-widget-text-editor\" data-id=\"d4b7705\" data-element_type=\"widget\" data-e-type=\"widget\" data-widget_type=\"text-editor.default\">\n\t\t\t\t<div class=\"elementor-widget-container\">\n\t\t\t\t\t\t\t\t\t<p>Guayaquil se consolida como el epicentro de los eventos y la productividad en <b data-path-to-node=\"4\" data-index-in-node=\"79\">Ecuador<\/b> para este 2026, ofreciendo una cartelera inigualable que combina entretenimiento masivo con oportunidades de networking. Si buscas <b data-path-to-node=\"4\" data-index-in-node=\"218\">qu\u00e9 hacer en Guayaquil hoy<\/b>, nuestra agenda actualizada te sumerge en una mezcla vibrante: desde <b data-path-to-node=\"4\" data-index-in-node=\"314\">conciertos internacionales<\/b> en el Arena Park y el Estadio Modelo con artistas como Alejandro Sanz y Carlos Vives, hasta congresos y <b data-path-to-node=\"4\" data-index-in-node=\"445\">ferias en Expoplaza<\/b> que lideran la regi\u00f3n, como <b data-path-to-node=\"4\" data-index-in-node=\"493\">Ra\u00edces<\/b> y la <strong>Cumbre Mundial del Banano.<\/strong> Desde grandes noches de gala hasta eventos corporativos especializados, la ciudad garantiza una oferta cultural y de negocios en los recintos m\u00e1s ic\u00f3nicos del Puerto Principal.<\/p>\t\t\t\t\t\t\t\t<\/div>\n\t\t\t\t<\/div>\n\t\t\t\t\t<\/div>\n\t\t<\/div>\n\t\t\t\t\t<\/div>\n\t\t<\/section>\n\t\t\t\t<section class=\"elementor-section elementor-top-section elementor-element elementor-element-443f9b7 elementor-section-boxed elementor-section-height-default elementor-section-height-default wpr-particle-no wpr-jarallax-no wpr-parallax-no wpr-sticky-section-no wpr-equal-height-no\" data-id=\"443f9b7\" data-element_type=\"section\" data-e-type=\"section\" id=\"agenda-eventos-guayaquil\">\n\t\t\t\t\t\t<div class=\"elementor-container elementor-column-gap-default\">\n\t\t\t\t\t<div class=\"elementor-column elementor-col-100 elementor-top-column elementor-element elementor-element-436fc22\" data-id=\"436fc22\" data-element_type=\"column\" data-e-type=\"column\">\n\t\t\t<div class=\"elementor-widget-wrap elementor-element-populated\">\n\t\t\t\t\t\t<div class=\"elementor-element elementor-element-5ed8f32 elementor-widget elementor-widget-html\" data-id=\"5ed8f32\" data-element_type=\"widget\" data-e-type=\"widget\" data-widget_type=\"html.default\">\n\t\t\t\t<div class=\"elementor-widget-container\">\n\t\t\t\t\t<link href=\"https:\/\/fonts.googleapis.com\/css2?family=Poppins:wght@400;600;700;800&display=swap\" rel=\"stylesheet\">\r\n\r\n<div class=\"calendar-master-container\">\r\n    \r\n    <div class=\"tf-events-editorial\">\r\n        <div class=\"tf-editorial-header\">\r\n            <h2>Guayaquil: <span>Epicentro de Entretenimiento<\/span> y Negocios 2026<\/h2>\r\n        <\/div>\r\n        \r\n        <div class=\"tf-editorial-grid\">\r\n            <div class=\"tf-editorial-col\">\r\n                <h3>M\u00fasica y Festivales<\/h3>\r\n                <p>Si buscas <strong>qu\u00e9 hacer en Guayaquil<\/strong>, la cartelera musical de este a\u00f1o es sencillamente espectacular. Escenarios como el <strong>Arena Park<\/strong>, el <strong>Teatro S\u00e1nchez Aguilar<\/strong> y el <strong>Estadio Modelo<\/strong> vibrar\u00e1n con \u00edconos como Alejandro Sanz, Cuarteto de Nos y Carlos Vives. Adem\u00e1s, festivales como el <strong>Merengue Fest 90s<\/strong> prometen jornadas inolvidables de ritmo y cultura.<\/p>\r\n            <\/div>\r\n            <div class=\"tf-editorial-col\">\r\n                <h3>Negocios y Ferias<\/h3>\r\n                <p>El sector corporativo tiene su cita obligada en <strong>Expoplaza<\/strong>. La agenda de <strong>ferias en Guayaquil<\/strong> incluye hitos industriales como <strong>EDIFICA<\/strong> y el <strong>AutoShow<\/strong>, adem\u00e1s de encuentros globales como la <strong>Cumbre Mundial del Banano<\/strong>, la <strong>Cumbre del Cacao<\/strong> y la feria gastron\u00f3mica <strong>Ra\u00edces<\/strong>.<\/p>\r\n            <\/div>\r\n        <\/div>\r\n        <div class=\"tf-divider\"><\/div>\r\n    <\/div>\r\n\r\n    <div class=\"events-grid\" id=\"eventsGrid\"><\/div>\r\n    \r\n    <div class=\"load-more-container\">\r\n        <button id=\"loadMoreBtn\">Ver m\u00e1s eventos<\/button>\r\n    <\/div>\r\n<\/div>\r\n\r\n<style>\r\n    \/* VARIABLES Y FUENTE POPPINS FORZADA *\/\r\n    .calendar-master-container, \r\n    .calendar-master-container * {\r\n        box-sizing: border-box !important;\r\n        font-family: 'Poppins', sans-serif !important;\r\n    }\r\n\r\n    .calendar-master-container {\r\n        --gold: #d4af37;\r\n        --black: #0a0a0a;\r\n        --white: #ffffff;\r\n        --grey-text: #636e72;\r\n        max-width: 1200px;\r\n        margin: 0 auto;\r\n        padding: 40px 15px;\r\n        width: 100%;\r\n        overflow: hidden;\r\n    }\r\n\r\n    \/* ESTILOS DE LA INTRODUCCI\u00d3N EDITORIAL *\/\r\n    .tf-events-editorial {\r\n        margin-bottom: 50px;\r\n        text-align: left;\r\n    }\r\n\r\n    .tf-editorial-header h2 {\r\n        font-size: 32px;\r\n        font-weight: 800;\r\n        color: var(--black);\r\n        margin: 0 0 35px 0; \/* Aumentado para compensar la falta del p\u00e1rrafo *\/\r\n        line-height: 1.1;\r\n        text-transform: uppercase;\r\n    }\r\n\r\n    .tf-editorial-header h2 span { color: var(--gold); }\r\n\r\n    .tf-editorial-grid {\r\n        display: grid;\r\n        grid-template-columns: 1fr 1fr;\r\n        gap: 40px;\r\n        margin-bottom: 30px;\r\n    }\r\n\r\n    .tf-editorial-col h3 {\r\n        font-size: 18px;\r\n        font-weight: 700;\r\n        color: var(--black);\r\n        border-left: 4px solid var(--gold);\r\n        padding-left: 15px;\r\n        margin-bottom: 12px;\r\n        text-transform: uppercase;\r\n    }\r\n\r\n    .tf-editorial-col p {\r\n        font-size: 14px;\r\n        color: #555;\r\n        line-height: 1.7;\r\n        margin: 0;\r\n    }\r\n\r\n    .tf-divider {\r\n        width: 100%;\r\n        height: 1px;\r\n        background: #eee;\r\n        margin-top: 40px;\r\n    }\r\n\r\n    \/* ESTILOS DEL GRID Y CARDS *\/\r\n    .events-grid {\r\n        display: grid;\r\n        grid-template-columns: repeat(auto-fill, minmax(280px, 1fr)); \r\n        gap: 25px;\r\n        width: 100%;\r\n    }\r\n\r\n    .event-card {\r\n        background: white;\r\n        border-radius: 0; \r\n        overflow: hidden;\r\n        box-shadow: 0 4px 15px rgba(0,0,0,0.08);\r\n        position: relative;\r\n        transition: transform 0.3s ease;\r\n        display: none; \r\n        width: 100%;\r\n        border: 1px solid #f0f0f0;\r\n    }\r\n\r\n    .event-card:hover { transform: translateY(-8px); }\r\n\r\n    .image-wrapper {\r\n        width: 100%;\r\n        height: 200px;\r\n        position: relative;\r\n        overflow: hidden;\r\n        background: #f0f0f0;\r\n    }\r\n\r\n    .event-img-tag {\r\n        width: 100%;\r\n        height: 100%;\r\n        object-fit: cover;\r\n        display: block;\r\n    }\r\n\r\n    .event-date-badge {\r\n        position: absolute;\r\n        top: 0;\r\n        left: 15px;\r\n        background: var(--gold);\r\n        color: black;\r\n        padding: 8px 12px;\r\n        text-align: center;\r\n        font-weight: bold;\r\n        text-transform: uppercase;\r\n        z-index: 5;\r\n    }\r\n\r\n    .event-date-badge .day { font-size: 1.3rem; display: block; line-height: 1; }\r\n    .event-date-badge .month { font-size: 0.75rem; }\r\n\r\n    .event-content { padding: 20px; text-align: left; }\r\n\r\n    .event-category {\r\n        font-size: 0.7rem;\r\n        color: var(--gold);\r\n        text-transform: uppercase;\r\n        font-weight: bold;\r\n        margin-bottom: 8px;\r\n        display: block;\r\n    }\r\n\r\n    .event-title {\r\n        font-size: 1.2rem !important;\r\n        color: var(--black) !important;\r\n        margin: 0 0 12px 0 !important;\r\n        line-height: 1.2 !important;\r\n        height: 2.4em;\r\n        overflow: hidden;\r\n        display: -webkit-box;\r\n        -webkit-line-clamp: 2;\r\n        -webkit-box-orient: vertical;\r\n        font-weight: 700;\r\n    }\r\n\r\n    .event-location {\r\n        font-size: 0.85rem;\r\n        color: var(--grey-text);\r\n        margin-bottom: 18px;\r\n        white-space: nowrap;\r\n        overflow: hidden;\r\n        text-overflow: ellipsis;\r\n    }\r\n\r\n    .btn-tickets {\r\n        display: inline-block;\r\n        padding: 10px 20px;\r\n        border: 2px solid var(--black);\r\n        color: var(--black) !important;\r\n        text-decoration: none !important;\r\n        font-weight: 800;\r\n        text-transform: uppercase;\r\n        font-size: 0.7rem;\r\n        transition: 0.3s;\r\n    }\r\n\r\n    .btn-tickets:hover { background: var(--black); color: var(--gold) !important; }\r\n\r\n    .load-more-container { text-align: center; margin-top: 50px; }\r\n\r\n    #loadMoreBtn {\r\n        background: var(--black);\r\n        color: var(--gold);\r\n        border: none;\r\n        padding: 14px 40px;\r\n        font-size: 0.85rem;\r\n        font-weight: 800;\r\n        text-transform: uppercase;\r\n        cursor: pointer;\r\n        transition: 0.3s;\r\n    }\r\n\r\n    @media (max-width: 768px) {\r\n        .tf-editorial-grid { grid-template-columns: 1fr; gap: 20px; }\r\n        .tf-editorial-header h2 { font-size: 26px; margin-bottom: 25px; }\r\n        .calendar-master-container { padding: 20px 15px; }\r\n    }\r\n<\/style>\r\n\r\n<script>\r\n    (function() {\r\n        const eventData = [\r\n            { title: \"Cuarteto de Nos\", date: \"2026-01-20\", loc: \"Teatro S\u00e1nchez Aguilar\", cat: \"Rock\", img: \"https:\/\/images.unsplash.com\/photo-1498038432885-c6f3f1b912ee\", url: \"https:\/\/sale.ticketshow.com.ec\/rps\/synopsis.aspx?evento=8981\" },\r\n            { title: \"Sin Bandera\", date: \"2026-02-14\", loc: \"Arena Park\", cat: \"Rom\u00e1ntico\", img: \"https:\/\/images.unsplash.com\/photo-1493225255756-d9584f8606e9\", url: \"https:\/\/www.ticketshow.com.ec\/evento\/SIN-BANDERA-GUAYAQUIL-2026\" },\r\n            { title: \"Alejandro Sanz\", date: \"2026-02-21\", loc: \"Estadio Modelo\", cat: \"Concierto\", img: \"https:\/\/images.unsplash.com\/photo-1501281668745-f7f57925c3b4\", url: \"https:\/\/www.ticketshow.com.ec\/evento\/Alejandro-Sanz-Guayaquil-2026\" },\r\n            { title: \"Lucero y Mijares\", date: \"2026-03-05\", loc: \"Arena Park\", cat: \"Concierto\", img: \"https:\/\/images.unsplash.com\/photo-1533174072545-7a4b6ad7a6c3\", url: \"https:\/\/www.ticketshow.com.ec\/evento\/Lucero-y-Mijares-Guayaquil-2026\" },\r\n            { title: \"Kudai y Kiruba\", date: \"2026-03-15\", loc: \"Palacio de Cristal\", cat: \"Pop\", img: \"https:\/\/images.unsplash.com\/photo-1514525253361-bee8a8168ca3\", url: \"https:\/\/www.ticketshow.com.ec\/evento\/KUDAI-Y-KIRUBA-GUAYAQUIL-2026\" },\r\n            { title: \"Andr\u00e9s Cepeda\", date: \"2026-03-20\", loc: \"Arena Park\", cat: \"Concierto\", img: \"https:\/\/images.unsplash.com\/photo-1470225620780-dba8ba36b745\", url: \"https:\/\/www.ticketshow.com.ec\/evento\/ANDRES-CEPEDA-GUAYAQUIL-2026\" },\r\n            { title: \"Milo J\", date: \"2026-04-10\", loc: \"Estadio Modelo\", cat: \"Urbano\", img: \"https:\/\/images.unsplash.com\/photo-1508700115892-45ecd05ae2ad\", url: \"https:\/\/www.ticketshow.com.ec\/evento\/Milo-J-Guayaquil-2026\" },\r\n            { title: \"Ricardo Montaner\", date: \"2026-04-30\", loc: \"Estadio Modelo\", cat: \"Concierto\", img: \"https:\/\/images.unsplash.com\/photo-1453090927415-5f45085b65c0\", url: \"https:\/\/www.ticketshow.com.ec\/evento\/Ricardo-Montaner-Guayaquil-2026\" },\r\n            { title: \"Pablo Albor\u00e1n\", date: \"2026-05-22\", loc: \"Arena Park\", cat: \"Concierto\", img: \"https:\/\/images.unsplash.com\/photo-1549417229-aa67d3263c09\", url: \"https:\/\/www.ticketshow.com.ec\/evento\/Pablo-Alboran-Guayaquil-2026\" },\r\n            { title: \"JQuiles & Lenny Tav\u00e1rez\", date: \"2026-06-12\", loc: \"Explanada MAAC\", cat: \"Reggaet\u00f3n\", img: \"https:\/\/images.unsplash.com\/photo-1429962714451-bb934ecdc4ec\", url: \"https:\/\/www.ticketshow.com.ec\/evento\/Jquiles-y-Lenny-Tavares-Superarte-Guayaquil-2026\" },\r\n            { title: \"Guaynaaquil\", date: \"2026-07-25\", loc: \"Tenis Club\", cat: \"Festival\", img: \"https:\/\/images.unsplash.com\/photo-1516280440614-37939bbacd81\", url: \"https:\/\/www.ticketshow.com.ec\/evento\/GUAYNAAQUIL-GUAYAQUIL-2026\" },\r\n            { title: \"Sebasti\u00e1n Yatra\", date: \"2026-08-15\", loc: \"Estadio Alberto Spencer\", cat: \"Pop\", img: \"https:\/\/images.unsplash.com\/photo-1506157786151-b8491531f063\", url: \"https:\/\/www.ticketshow.com.ec\/evento\/Sebastian-Yatra-Guayaquil-2026\" },\r\n            { title: \"Merengue Fest 90s\", date: \"2026-09-05\", loc: \"Coliseo Voltaire\", cat: \"Festival\", img: \"https:\/\/images.unsplash.com\/photo-1571266028243-3716f02abc5d\", url: \"https:\/\/www.ticketshow.com.ec\/evento\/MERENGUE-FEST-DE-LOS-90-GUAYAQUIL-2026\" },\r\n            { title: \"Jos\u00e9 Luis Rodr\u00edguez 'El Puma'\", date: \"2026-10-10\", loc: \"Teatro Centro de Arte\", cat: \"Cl\u00e1sico\", img: \"https:\/\/images.unsplash.com\/photo-1511671782779-c97d3d27a1d4\", url: \"https:\/\/www.ticketshow.com.ec\/evento\/JOSE-LUIS-RODRIGUEZ-EL-PUMA-GUAYAQUIL-2026\" },\r\n            { title: \"Ricardo Arjona\", date: \"2026-11-20\", loc: \"Estadio Modelo\", cat: \"Concierto\", img: \"https:\/\/images.unsplash.com\/photo-1533174072545-7a4b6ad7a6c3\", url: \"https:\/\/www.ticketshow.com.ec\/evento\/Ricardo-Arjona-Guayaquil-2026\" },\r\n            { title: \"Carlos Vives\", date: \"2026-12-05\", loc: \"Estadio Modelo\", cat: \"Vallenato\/Pop\", img: \"https:\/\/images.unsplash.com\/photo-1550184658-ff6132a417a1\", url: \"https:\/\/www.ticketshow.com.ec\/evento\/CARLOS-VIVES-GUAYAQUIL-2026\" },\r\n\r\n            { title: \"EDIFICA\", date: \"2026-05-19\", loc: \"Expoplaza Guayaquil\", cat: \"Feria Construcci\u00f3n\", img: \"https:\/\/images.unsplash.com\/photo-1503387762-592deb58ef4e\", url: \"https:\/\/www.expoplaza.ec\/evento\/edifica\/\" },\r\n            { title: \"Ra\u00edces\", date: \"2026-07-23\", loc: \"Expoplaza Guayaquil\", cat: \"Gastronom\u00eda\", img: \"https:\/\/images.unsplash.com\/photo-1504674900247-0877df9cc836\", url: \"https:\/\/www.expoplaza.ec\/evento\/raices-2024\/\" },\r\n            { title: \"Cumbre del Cacao\", date: \"2026-08-04\", loc: \"Expoplaza Guayaquil\", cat: \"Congreso\", img: \"https:\/\/images.unsplash.com\/photo-1511381939415-e44015466834\", url: \"https:\/\/www.expoplaza.ec\/evento\/la-cumbre-cacao\/\" },\r\n            { title: \"AutoShow Gye\", date: \"2026-08-11\", loc: \"Expoplaza Guayaquil\", cat: \"Automotriz\", img: \"https:\/\/images.unsplash.com\/photo-1503376780353-7e6692767b70\", url: \"https:\/\/www.expoplaza.ec\/evento\/auto-show-gye-2024\/\" },\r\n            { title: \"Habitat\", date: \"2026-09-03\", loc: \"Expoplaza Guayaquil\", cat: \"Inmobiliaria\", img: \"https:\/\/images.unsplash.com\/photo-1460317442991-0ec209397118\", url: \"https:\/\/www.expoplaza.ec\/evento\/habitat-2024\/\" },\r\n            { title: \"FIL Guayaquil\", date: \"2026-09-16\", loc: \"Expoplaza Guayaquil\", cat: \"Cultura\", img: \"https:\/\/images.unsplash.com\/photo-1524995997946-a1c2e315a42f\", url: \"https:\/\/www.expoplaza.ec\/evento\/fil24-guayaquil\/\" },\r\n            { title: \"Horeca Fest\", date: \"2026-10-01\", loc: \"Expoplaza Guayaquil\", cat: \"Hosteler\u00eda\", img: \"https:\/\/images.unsplash.com\/photo-1552566626-52f8b828add9\", url: \"https:\/\/www.expoplaza.ec\/evento\/horeca\/\" },\r\n            { title: \"Cumbre del Banano\", date: \"2026-11-10\", loc: \"Expoplaza Guayaquil\", cat: \"Congreso\", img: \"https:\/\/images.unsplash.com\/photo-1571771894821-ce9b6c11b08e\", url: \"https:\/\/www.expoplaza.ec\/evento\/la-cumbre\/\" }\r\n        ];\r\n\r\n        const grid = document.getElementById('eventsGrid');\r\n        const loadMoreBtn = document.getElementById('loadMoreBtn');\r\n        let eventsShown = 0;\r\n        const increment = 6;\r\n\r\n        function renderEvents() {\r\n            const today = new Date();\r\n            today.setHours(0, 0, 0, 0);\r\n\r\n            const validEvents = eventData\r\n                .filter(e => new Date(e.date + \"T00:00:00\") >= today)\r\n                .sort((a, b) => new Date(a.date) - new Date(b.date));\r\n\r\n            if (validEvents.length === 0) {\r\n                grid.innerHTML = \"<p style='color:#888; text-align:center; grid-column: 1\/-1;'>No hay eventos programados pr\u00f3ximamente.<\/p>\";\r\n                loadMoreBtn.style.display = 'none';\r\n                return;\r\n            }\r\n\r\n            validEvents.forEach(event => {\r\n                const dateObj = new Date(event.date + \"T00:00:00\");\r\n                const day = dateObj.getDate();\r\n                const month = dateObj.toLocaleString('es-ES', { month: 'short' });\r\n\r\n                const card = document.createElement('div');\r\n                card.className = 'event-card';\r\n                card.innerHTML = `\r\n                    <div class=\"image-wrapper\">\r\n                        <div class=\"event-date-badge\">\r\n                            <span class=\"day\">${day}<\/span>\r\n                            <span class=\"month\">${month}<\/span>\r\n                        <\/div>\r\n                        <img decoding=\"async\" src=\"${event.img}?auto=format&fit=crop&w=600&q=80\" class=\"event-img-tag\" alt=\"${event.title}\" loading=\"lazy\">\r\n                    <\/div>\r\n                    <div class=\"event-content\">\r\n                        <span class=\"event-category\">${event.cat}<\/span>\r\n                        <h3 class=\"event-title\">${event.title}<\/h3>\r\n                        <div class=\"event-location\">\ud83d\udccd ${event.loc}<\/div>\r\n                        <a href=\"${event.url}\" target=\"_blank\" class=\"btn-tickets\">Tickets e Info<\/a>\r\n                    <\/div>\r\n                `;\r\n                grid.appendChild(card);\r\n            });\r\n            showMore();\r\n        }\r\n\r\n        function showMore() {\r\n            const cards = grid.querySelectorAll('.event-card');\r\n            let count = 0;\r\n            for (let i = eventsShown; i < cards.length && count < increment; i++) {\r\n                cards[i].style.display = 'block';\r\n                count++;\r\n            }\r\n            eventsShown += count;\r\n            if (eventsShown >= cards.length) loadMoreBtn.style.display = 'none';\r\n        }\r\n\r\n        loadMoreBtn.addEventListener('click', showMore);\r\n        renderEvents();\r\n    })();\r\n<\/script>\t\t\t\t<\/div>\n\t\t\t\t<\/div>\n\t\t\t\t\t<\/div>\n\t\t<\/div>\n\t\t\t\t\t<\/div>\n\t\t<\/section>\n\t\t\t\t<section class=\"elementor-section elementor-top-section elementor-element elementor-element-8ca9490 elementor-section-boxed elementor-section-height-default elementor-section-height-default wpr-particle-no wpr-jarallax-no wpr-parallax-no wpr-sticky-section-no wpr-equal-height-no\" data-id=\"8ca9490\" data-element_type=\"section\" data-e-type=\"section\">\n\t\t\t\t\t\t<div class=\"elementor-container elementor-column-gap-default\">\n\t\t\t\t\t<div class=\"elementor-column elementor-col-100 elementor-top-column elementor-element elementor-element-a45155d\" data-id=\"a45155d\" data-element_type=\"column\" data-e-type=\"column\">\n\t\t\t<div class=\"elementor-widget-wrap elementor-element-populated\">\n\t\t\t\t\t\t<div class=\"elementor-element elementor-element-2ee6290 elementor-widget elementor-widget-spacer\" data-id=\"2ee6290\" data-element_type=\"widget\" data-e-type=\"widget\" data-widget_type=\"spacer.default\">\n\t\t\t\t<div class=\"elementor-widget-container\">\n\t\t\t\t\t\t\t<div class=\"elementor-spacer\">\n\t\t\t<div class=\"elementor-spacer-inner\"><\/div>\n\t\t<\/div>\n\t\t\t\t\t\t<\/div>\n\t\t\t\t<\/div>\n\t\t\t\t\t<\/div>\n\t\t<\/div>\n\t\t\t\t\t<\/div>\n\t\t<\/section>\n\t\t\t\t<section class=\"elementor-section elementor-top-section elementor-element elementor-element-a5596b6 elementor-section-boxed elementor-section-height-default elementor-section-height-default wpr-particle-no wpr-jarallax-no wpr-parallax-no wpr-sticky-section-no wpr-equal-height-no\" data-id=\"a5596b6\" data-element_type=\"section\" data-e-type=\"section\">\n\t\t\t\t\t\t<div class=\"elementor-container elementor-column-gap-default\">\n\t\t\t\t\t<div class=\"elementor-column elementor-col-25 elementor-top-column elementor-element elementor-element-3deda3e\" data-id=\"3deda3e\" data-element_type=\"column\" data-e-type=\"column\">\n\t\t\t<div class=\"elementor-widget-wrap elementor-element-populated\">\n\t\t\t\t\t\t<div class=\"elementor-element elementor-element-2184ef4 elementor-widget elementor-widget-heading\" data-id=\"2184ef4\" data-element_type=\"widget\" data-e-type=\"widget\" data-widget_type=\"heading.default\">\n\t\t\t\t<div class=\"elementor-widget-container\">\n\t\t\t\t\t<h2 class=\"elementor-heading-title elementor-size-default\">Preguntas frecuentes sobre cosas que hacer en Guayaquil.<\/h2>\t\t\t\t<\/div>\n\t\t\t\t<\/div>\n\t\t\t\t<div class=\"elementor-element elementor-element-a4390cb elementor-widget elementor-widget-html\" data-id=\"a4390cb\" data-element_type=\"widget\" data-e-type=\"widget\" data-widget_type=\"html.default\">\n\t\t\t\t<div class=\"elementor-widget-container\">\n\t\t\t\t\t<div class=\"tf-faq-wrapper\">\r\n    <details class=\"tf-faq-item\" open>\r\n        <summary class=\"tf-faq-question\">\r\n            \u00bfQu\u00e9 cosas no me puedo perder al visitar Guayaquil en 2026?\r\n            <span class=\"tf-icon\"><\/span>\r\n        <\/summary>\r\n        <div class=\"tf-faq-answer\">\r\n            <p>Los imprescindibles incluyen recorrer el ic\u00f3nico <strong>Malec\u00f3n 2000<\/strong> y el hist\u00f3rico <strong>Barrio Las Pe\u00f1as<\/strong>, explorar la arquitectura sacra del centro y disfrutar del vibrante estilo de vida en <strong>Puerto Santa Ana<\/strong>. Adem\u00e1s, la ciudad es el destino ideal para compras y te recomendamos descubrir la agenda cultural de la \"Perla del Pac\u00edfico\".<\/p>\r\n        <\/div>\r\n    <\/details>\r\n\r\n    <details class=\"tf-faq-item\">\r\n        <summary class=\"tf-faq-question\">\r\n            \u00bfCu\u00e1les son las mejores experiencias locales para descubrir Guayaquil y sus alrededores?\r\n            <span class=\"tf-icon\"><\/span>\r\n        <\/summary>\r\n        <div class=\"tf-faq-answer\">\r\n            <p>Para una mirada profunda y aut\u00e9ntica, las mejores opciones son los <strong>City Tours privados<\/strong> por el centro hist\u00f3rico, las excursiones de naturaleza a la <strong>Reserva Manglares Churute<\/strong> y las rutas gastron\u00f3micas para conocer el origen del chocolate en haciendas cacaoteras tradicionales cerca de la ciudad.<\/p>\r\n        <\/div>\r\n    <\/details>\r\n<\/div>\r\n\r\n<style>\r\n\/* Estilo del Contenedor de \u00cdtems *\/\r\n.tf-faq-wrapper {\r\n    max-width: 800px;\r\n    margin: 20px auto;\r\n    font-family: 'Inter', sans-serif; \r\n    color: #333;\r\n}\r\n\r\n\/* Estilo del \u00cdtem (Detalle) *\/\r\n.tf-faq-item {\r\n    background: #ffffff;\r\n    border: 1px solid #e5e5e5;\r\n    border-radius: 8px;\r\n    margin-bottom: 15px;\r\n    transition: all 0.3s ease;\r\n}\r\n\r\n.tf-faq-item:hover {\r\n    border-color: #bfa16a;\r\n    box-shadow: 0 4px 12px rgba(0,0,0,0.05);\r\n}\r\n\r\n\/* Estilo de la Pregunta *\/\r\n.tf-faq-question {\r\n    padding: 18px 25px;\r\n    list-style: none;\r\n    cursor: pointer;\r\n    font-weight: 600;\r\n    font-size: 17px;\r\n    display: flex;\r\n    justify-content: space-between;\r\n    align-items: center;\r\n    outline: none;\r\n}\r\n\r\n.tf-faq-question::-webkit-details-marker {\r\n    display: none;\r\n}\r\n\r\n\/* Icono Personalizado (+ \/ -) *\/\r\n.tf-icon::before {\r\n    content: '+';\r\n    font-size: 22px;\r\n    color: #bfa16a;\r\n    transition: transform 0.3s ease;\r\n}\r\n\r\n.tf-faq-item[open] .tf-icon::before {\r\n    content: '\u2212';\r\n    transform: rotate(180deg);\r\n}\r\n\r\n\/* Estilo de la Respuesta *\/\r\n.tf-faq-answer {\r\n    padding: 0 25px 20px 25px;\r\n    line-height: 1.6;\r\n    font-size: 15px;\r\n    color: #555;\r\n}\r\n\r\n.tf-faq-answer strong {\r\n    color: #1a1a1a;\r\n}\r\n<\/style>\t\t\t\t<\/div>\n\t\t\t\t<\/div>\n\t\t\t\t\t<\/div>\n\t\t<\/div>\n\t\t\t\t<div class=\"elementor-column elementor-col-25 elementor-top-column elementor-element elementor-element-291545b\" data-id=\"291545b\" data-element_type=\"column\" data-e-type=\"column\">\n\t\t\t<div class=\"elementor-widget-wrap elementor-element-populated\">\n\t\t\t\t\t\t<div class=\"elementor-element elementor-element-6ecf747 elementor-widget elementor-widget-spacer\" data-id=\"6ecf747\" data-element_type=\"widget\" data-e-type=\"widget\" data-widget_type=\"spacer.default\">\n\t\t\t\t<div class=\"elementor-widget-container\">\n\t\t\t\t\t\t\t<div class=\"elementor-spacer\">\n\t\t\t<div class=\"elementor-spacer-inner\"><\/div>\n\t\t<\/div>\n\t\t\t\t\t\t<\/div>\n\t\t\t\t<\/div>\n\t\t\t\t\t<\/div>\n\t\t<\/div>\n\t\t\t\t<div class=\"elementor-column elementor-col-25 elementor-top-column elementor-element elementor-element-c4d4c08\" data-id=\"c4d4c08\" data-element_type=\"column\" data-e-type=\"column\">\n\t\t\t<div class=\"elementor-widget-wrap elementor-element-populated\">\n\t\t\t\t\t\t<div class=\"elementor-element elementor-element-178fab9 elementor-widget elementor-widget-spacer\" data-id=\"178fab9\" data-element_type=\"widget\" data-e-type=\"widget\" data-widget_type=\"spacer.default\">\n\t\t\t\t<div class=\"elementor-widget-container\">\n\t\t\t\t\t\t\t<div class=\"elementor-spacer\">\n\t\t\t<div class=\"elementor-spacer-inner\"><\/div>\n\t\t<\/div>\n\t\t\t\t\t\t<\/div>\n\t\t\t\t<\/div>\n\t\t\t\t<div class=\"elementor-element elementor-element-b116cfb elementor-widget elementor-widget-spacer\" data-id=\"b116cfb\" data-element_type=\"widget\" data-e-type=\"widget\" data-widget_type=\"spacer.default\">\n\t\t\t\t<div class=\"elementor-widget-container\">\n\t\t\t\t\t\t\t<div class=\"elementor-spacer\">\n\t\t\t<div class=\"elementor-spacer-inner\"><\/div>\n\t\t<\/div>\n\t\t\t\t\t\t<\/div>\n\t\t\t\t<\/div>\n\t\t\t\t\t<\/div>\n\t\t<\/div>\n\t\t\t\t<div class=\"elementor-column elementor-col-25 elementor-top-column elementor-element elementor-element-d0eac45\" data-id=\"d0eac45\" data-element_type=\"column\" data-e-type=\"column\" data-settings=\"{&quot;background_background&quot;:&quot;classic&quot;}\">\n\t\t\t<div class=\"elementor-widget-wrap elementor-element-populated\">\n\t\t\t\t\t<div class=\"elementor-background-overlay\"><\/div>\n\t\t\t\t\t\t<div class=\"elementor-element elementor-element-3b2feef elementor-widget elementor-widget-spacer\" data-id=\"3b2feef\" data-element_type=\"widget\" data-e-type=\"widget\" data-widget_type=\"spacer.default\">\n\t\t\t\t<div class=\"elementor-widget-container\">\n\t\t\t\t\t\t\t<div class=\"elementor-spacer\">\n\t\t\t<div class=\"elementor-spacer-inner\"><\/div>\n\t\t<\/div>\n\t\t\t\t\t\t<\/div>\n\t\t\t\t<\/div>\n\t\t\t\t<div class=\"elementor-element elementor-element-c70eb64 elementor-shape-rounded elementor-grid-0 e-grid-align-center elementor-widget elementor-widget-social-icons\" data-id=\"c70eb64\" data-element_type=\"widget\" data-e-type=\"widget\" data-widget_type=\"social-icons.default\">\n\t\t\t\t<div class=\"elementor-widget-container\">\n\t\t\t\t\t\t\t<div class=\"elementor-social-icons-wrapper elementor-grid\">\n\t\t\t\t\t\t\t<span class=\"elementor-grid-item\">\n\t\t\t\t\t<a class=\"elementor-icon elementor-social-icon elementor-social-icon-map-marker-alt elementor-repeater-item-3106be1\" target=\"_blank\">\n\t\t\t\t\t\t<span class=\"elementor-screen-only\">Map-marker-alt<\/span>\n\t\t\t\t\t\t<i aria-hidden=\"true\" class=\"fas fa-map-marker-alt\"><\/i>\t\t\t\t\t<\/a>\n\t\t\t\t<\/span>\n\t\t\t\t\t<\/div>\n\t\t\t\t\t\t<\/div>\n\t\t\t\t<\/div>\n\t\t\t\t<div class=\"elementor-element elementor-element-e49006a elementor-widget elementor-widget-heading\" data-id=\"e49006a\" data-element_type=\"widget\" data-e-type=\"widget\" data-widget_type=\"heading.default\">\n\t\t\t\t<div class=\"elementor-widget-container\">\n\t\t\t\t\t<h5 class=\"elementor-heading-title elementor-size-default\">Guayaquil<\/h5>\t\t\t\t<\/div>\n\t\t\t\t<\/div>\n\t\t\t\t<div class=\"elementor-element elementor-element-04c20fc elementor-widget elementor-widget-html\" data-id=\"04c20fc\" data-element_type=\"widget\" data-e-type=\"widget\" data-widget_type=\"html.default\">\n\t\t\t\t<div class=\"elementor-widget-container\">\n\t\t\t\t\t<a class=\"weatherwidget-io\" href=\"https:\/\/forecast7.com\/es\/n2d17n79d92\/guayaquil\/\" data-label_1=\"GUAYAQUIL\" data-font=\"Ubuntu\" data-icons=\"Climacons Animated\" data-mode=\"Current\" data-days=\"3\" data-theme=\"gray\" data-basecolor=\"rgba(89, 99, 103, 0)\" >GUAYAQUIL<\/a>\r\n<script>\r\n!function(d,s,id){var js,fjs=d.getElementsByTagName(s)[0];if(!d.getElementById(id)){js=d.createElement(s);js.id=id;js.src='https:\/\/weatherwidget.io\/js\/widget.min.js';fjs.parentNode.insertBefore(js,fjs);}}(document,'script','weatherwidget-io-js');\r\n<\/script>\t\t\t\t<\/div>\n\t\t\t\t<\/div>\n\t\t\t\t<div class=\"elementor-element elementor-element-724b04b elementor-widget elementor-widget-spacer\" data-id=\"724b04b\" data-element_type=\"widget\" data-e-type=\"widget\" data-widget_type=\"spacer.default\">\n\t\t\t\t<div class=\"elementor-widget-container\">\n\t\t\t\t\t\t\t<div class=\"elementor-spacer\">\n\t\t\t<div class=\"elementor-spacer-inner\"><\/div>\n\t\t<\/div>\n\t\t\t\t\t\t<\/div>\n\t\t\t\t<\/div>\n\t\t\t\t<div class=\"elementor-element elementor-element-d7597d1 elementor-align-center elementor-icon-list--layout-inline elementor-list-item-link-full_width elementor-widget elementor-widget-icon-list\" data-id=\"d7597d1\" data-element_type=\"widget\" data-e-type=\"widget\" data-widget_type=\"icon-list.default\">\n\t\t\t\t<div class=\"elementor-widget-container\">\n\t\t\t\t\t\t\t<ul class=\"elementor-icon-list-items elementor-inline-items\">\n\t\t\t\t\t\t\t<li class=\"elementor-icon-list-item elementor-inline-item\">\n\t\t\t\t\t\t\t\t\t\t\t<a href=\"https:\/\/www.instagram.com\/trailforth\/\" target=\"_blank\">\n\n\t\t\t\t\t\t\t\t\t\t\t\t<span class=\"elementor-icon-list-icon\">\n\t\t\t\t\t\t\t<i aria-hidden=\"true\" class=\"fab fa-instagram\"><\/i>\t\t\t\t\t\t<\/span>\n\t\t\t\t\t\t\t\t\t\t<span class=\"elementor-icon-list-text\">trailforth <\/span>\n\t\t\t\t\t\t\t\t\t\t\t<\/a>\n\t\t\t\t\t\t\t\t\t<\/li>\n\t\t\t\t\t\t<\/ul>\n\t\t\t\t\t\t<\/div>\n\t\t\t\t<\/div>\n\t\t\t\t\t<\/div>\n\t\t<\/div>\n\t\t\t\t\t<\/div>\n\t\t<\/section>\n\t\t\t\t<section class=\"elementor-section elementor-top-section elementor-element elementor-element-6346b1f elementor-section-boxed elementor-section-height-default elementor-section-height-default wpr-particle-no wpr-jarallax-no wpr-parallax-no wpr-sticky-section-no wpr-equal-height-no\" data-id=\"6346b1f\" data-element_type=\"section\" data-e-type=\"section\">\n\t\t\t\t\t\t<div class=\"elementor-container elementor-column-gap-default\">\n\t\t\t\t\t<div class=\"elementor-column elementor-col-100 elementor-top-column elementor-element elementor-element-b9fcc6f\" data-id=\"b9fcc6f\" data-element_type=\"column\" data-e-type=\"column\">\n\t\t\t<div class=\"elementor-widget-wrap elementor-element-populated\">\n\t\t\t\t\t\t<div class=\"elementor-element elementor-element-bba2372 elementor-widget elementor-widget-spacer\" data-id=\"bba2372\" data-element_type=\"widget\" data-e-type=\"widget\" data-widget_type=\"spacer.default\">\n\t\t\t\t<div class=\"elementor-widget-container\">\n\t\t\t\t\t\t\t<div class=\"elementor-spacer\">\n\t\t\t<div class=\"elementor-spacer-inner\"><\/div>\n\t\t<\/div>\n\t\t\t\t\t\t<\/div>\n\t\t\t\t<\/div>\n\t\t\t\t\t<\/div>\n\t\t<\/div>\n\t\t\t\t\t<\/div>\n\t\t<\/section>\n\t\t\t\t<section class=\"elementor-section elementor-top-section elementor-element elementor-element-2b0d3a3 elementor-section-boxed elementor-section-height-default elementor-section-height-default wpr-particle-no wpr-jarallax-no wpr-parallax-no wpr-sticky-section-no wpr-equal-height-no\" data-id=\"2b0d3a3\" data-element_type=\"section\" data-e-type=\"section\">\n\t\t\t\t\t\t<div class=\"elementor-container elementor-column-gap-default\">\n\t\t\t\t\t<div class=\"elementor-column elementor-col-100 elementor-top-column elementor-element elementor-element-4eb49f2\" data-id=\"4eb49f2\" data-element_type=\"column\" data-e-type=\"column\">\n\t\t\t<div class=\"elementor-widget-wrap elementor-element-populated\">\n\t\t\t\t\t\t<div class=\"elementor-element elementor-element-454a42e elementor-widget elementor-widget-html\" data-id=\"454a42e\" data-element_type=\"widget\" data-e-type=\"widget\" data-widget_type=\"html.default\">\n\t\t\t\t<div class=\"elementor-widget-container\">\n\t\t\t\t\t<script type=\"application\/ld+json\">\r\n{\r\n  \"@context\": \"https:\/\/schema.org\",\r\n  \"@graph\": [\r\n    {\r\n      \"@type\": \"TravelAgency\",\r\n      \"@id\": \"https:\/\/trailforthjournal.com\/#organization\",\r\n      \"name\": \"Trail Forth Tours & Activities\",\r\n      \"url\": \"https:\/\/trailforthjournal.com\/\",\r\n      \"logo\": \"https:\/\/trailforthjournal.com\/wp-content\/uploads\/logo.png\",\r\n      \"image\": \"https:\/\/trailforthjournal.com\/wp-content\/uploads\/logo.png\",\r\n      \"description\": \"Agencia especializada en experiencias guiadas, actividades culturales y recorridos personalizados en Guayaquil.\",\r\n      \"address\": {\r\n        \"@type\": \"PostalAddress\",\r\n        \"addressLocality\": \"Guayaquil\",\r\n        \"addressCountry\": \"EC\"\r\n      },\r\n      \"hasOfferCatalog\": {\r\n        \"@type\": \"OfferCatalog\",\r\n        \"name\": \"Cat\u00e1logo de Tours 2026\",\r\n        \"itemListElement\": [\r\n          {\r\n            \"@type\": \"Offer\",\r\n            \"itemOffered\": {\r\n              \"@type\": \"Service\",\r\n              \"name\": \"City Tour Guayaquil Privado\",\r\n              \"description\": \"Recorrido hist\u00f3rico por el Malec\u00f3n 2000 y el Barrio Las Pe\u00f1as.\"\r\n            }\r\n          },\r\n          {\r\n            \"@type\": \"Offer\",\r\n            \"itemOffered\": {\r\n              \"@type\": \"Service\",\r\n              \"name\": \"Walking Tour Panor\u00e1mico\",\r\n              \"description\": \"Exploraci\u00f3n a pie de la arquitectura y parques del centro de Guayaquil.\"\r\n            }\r\n          },\r\n          {\r\n            \"@type\": \"Offer\",\r\n            \"itemOffered\": {\r\n              \"@type\": \"Service\",\r\n              \"name\": \"Tour Manglares Churute\",\r\n              \"description\": \"Observaci\u00f3n de fauna silvestre y paseo en bote en reserva ecol\u00f3gica.\"\r\n            }\r\n          },\r\n          {\r\n            \"@type\": \"Offer\",\r\n            \"itemOffered\": {\r\n              \"@type\": \"Service\",\r\n              \"name\": \"Tour del Cacao y Hacienda\",\r\n              \"description\": \"Experiencia del chocolate fino de aroma en hacienda tradicional.\"\r\n            }\r\n          },\r\n          {\r\n            \"@type\": \"Offer\",\r\n            \"itemOffered\": {\r\n              \"@type\": \"Service\",\r\n              \"name\": \"Tour Cuenca y El Cajas\",\r\n              \"description\": \"Excursi\u00f3n privada desde Guayaquil a los Andes y ciudad colonial.\"\r\n            }\r\n          }\r\n        ]\r\n      }\r\n    },\r\n    {\r\n      \"@type\": \"WebPage\",\r\n      \"@id\": \"https:\/\/trailforthjournal.com\/es\/cultura\/guia-turistica-guayaquil\/#webpage\",\r\n      \"url\": \"https:\/\/trailforthjournal.com\/es\/cultura\/guia-turistica-guayaquil\/\",\r\n      \"name\": \"Gu\u00eda de Guayaquil 2026 | Qu\u00e9 hacer, cultura, compras y experiencias\",\r\n      \"description\": \"Descubre qu\u00e9 hacer en Guayaquil en 2026: cultura, compras, agenda de eventos y experiencias locales. Planifica tu viaje con esta gu\u00eda completa y actualizada.\",\r\n      \"breadcrumb\": {\r\n        \"@type\": \"BreadcrumbList\",\r\n        \"itemListElement\": [\r\n          {\r\n            \"@type\": \"ListItem\",\r\n            \"position\": 1,\r\n            \"name\": \"Inicio\",\r\n            \"item\": \"https:\/\/trailforthjournal.com\/es\/\"\r\n          },\r\n          {\r\n            \"@type\": \"ListItem\",\r\n            \"position\": 2,\r\n            \"name\": \"Cultura\",\r\n            \"item\": \"https:\/\/trailforthjournal.com\/es\/cultura\/\"\r\n          },\r\n          {\r\n            \"@type\": \"ListItem\",\r\n            \"position\": 3,\r\n            \"name\": \"Gu\u00eda de Guayaquil\"\r\n          }\r\n        ]\r\n      },\r\n      \"publisher\": { \"@id\": \"https:\/\/trailforthjournal.com\/#organization\" },\r\n      \"about\": { \r\n        \"@type\": \"Place\", \r\n        \"name\": \"Guayaquil\" \r\n      }\r\n    },\r\n    {\r\n      \"@type\": \"FAQPage\",\r\n      \"mainEntity\": [\r\n        {\r\n          \"@type\": \"Question\",\r\n          \"name\": \"\u00bfQu\u00e9 cosas no me puedo perder al visitar Guayaquil en 2026?\",\r\n          \"acceptedAnswer\": { \r\n            \"@type\": \"Answer\", \r\n            \"text\": \"Los imprescindibles incluyen recorrer el ic\u00f3nico Malec\u00f3n 2000 y el hist\u00f3rico Barrio Las Pe\u00f1as, explorar la arquitectura sacra del centro y disfrutar del vibrante estilo de vida en Puerto Santa Ana. Adem\u00e1s, la ciudad es el destino ideal para compras y te recomendamos descubrir la agenda cultural de la Perla del Pac\u00edfico.\" \r\n          }\r\n        },\r\n        {\r\n          \"@type\": \"Question\",\r\n          \"name\": \"\u00bfCu\u00e1les son las mejores experiencias locales para descubrir Guayaquil y sus alrededores?\",\r\n          \"acceptedAnswer\": { \r\n            \"@type\": \"Answer\", \r\n            \"text\": \"Para una mirada profunda y aut\u00e9ntica, las mejores opciones son los City Tours privados por el centro hist\u00f3rico, las excursiones de naturaleza a la Reserva Manglares Churute y las rutas gastron\u00f3micas para conocer el origen del chocolate en haciendas cacaoteras tradicionales cerca de la ciudad.\" \r\n          }\r\n        }\r\n      ]\r\n    }\r\n  ]\r\n}\r\n<\/script>\t\t\t\t<\/div>\n\t\t\t\t<\/div>\n\t\t\t\t\t<\/div>\n\t\t<\/div>\n\t\t\t\t\t<\/div>\n\t\t<\/section>\n\t\t\t\t<section class=\"elementor-section elementor-top-section elementor-element elementor-element-341f7a1 elementor-section-boxed elementor-section-height-default elementor-section-height-default wpr-particle-no wpr-jarallax-no wpr-parallax-no wpr-sticky-section-no wpr-equal-height-no\" data-id=\"341f7a1\" data-element_type=\"section\" data-e-type=\"section\">\n\t\t\t\t\t\t<div class=\"elementor-container elementor-column-gap-default\">\n\t\t\t\t\t<div class=\"elementor-column elementor-col-100 elementor-top-column elementor-element elementor-element-cf4e13e\" data-id=\"cf4e13e\" data-element_type=\"column\" data-e-type=\"column\">\n\t\t\t<div class=\"elementor-widget-wrap elementor-element-populated\">\n\t\t\t\t\t\t<div class=\"elementor-element elementor-element-24bd5f3 elementor-widget-divider--view-line elementor-widget elementor-widget-divider\" data-id=\"24bd5f3\" data-element_type=\"widget\" data-e-type=\"widget\" data-widget_type=\"divider.default\">\n\t\t\t\t<div class=\"elementor-widget-container\">\n\t\t\t\t\t\t\t<div class=\"elementor-divider\">\n\t\t\t<span class=\"elementor-divider-separator\">\n\t\t\t\t\t\t<\/span>\n\t\t<\/div>\n\t\t\t\t\t\t<\/div>\n\t\t\t\t<\/div>\n\t\t\t\t<div class=\"elementor-element elementor-element-3eb4324 animated-slow elementor-invisible elementor-widget elementor-widget-heading\" data-id=\"3eb4324\" data-element_type=\"widget\" data-e-type=\"widget\" data-settings=\"{&quot;_animation&quot;:&quot;fadeInUp&quot;}\" data-widget_type=\"heading.default\">\n\t\t\t\t<div class=\"elementor-widget-container\">\n\t\t\t\t\t<h5 class=\"elementor-heading-title elementor-size-default\">Trail Forth Journal<\/h5>\t\t\t\t<\/div>\n\t\t\t\t<\/div>\n\t\t\t\t\t<\/div>\n\t\t<\/div>\n\t\t\t\t\t<\/div>\n\t\t<\/section>\n\t\t\t\t<section class=\"elementor-section elementor-top-section elementor-element elementor-element-9d43949 elementor-section-boxed elementor-section-height-default elementor-section-height-default wpr-particle-no wpr-jarallax-no wpr-parallax-no wpr-sticky-section-no wpr-equal-height-no\" data-id=\"9d43949\" data-element_type=\"section\" data-e-type=\"section\" data-settings=\"{&quot;background_background&quot;:&quot;classic&quot;}\">\n\t\t\t\t\t\t<div class=\"elementor-container elementor-column-gap-default\">\n\t\t\t\t\t<div class=\"elementor-column elementor-col-100 elementor-top-column elementor-element elementor-element-bb95729\" data-id=\"bb95729\" data-element_type=\"column\" data-e-type=\"column\">\n\t\t\t<div class=\"elementor-widget-wrap\">\n\t\t\t\t\t\t\t<\/div>\n\t\t<\/div>\n\t\t\t\t\t<\/div>\n\t\t<\/section>\n\t\t\t\t<section class=\"elementor-section elementor-top-section elementor-element elementor-element-4a57a5d elementor-section-boxed elementor-section-height-default elementor-section-height-default wpr-particle-no wpr-jarallax-no wpr-parallax-no wpr-sticky-section-no wpr-equal-height-no\" data-id=\"4a57a5d\" data-element_type=\"section\" data-e-type=\"section\">\n\t\t\t\t\t\t<div class=\"elementor-container elementor-column-gap-default\">\n\t\t\t\t\t<div class=\"elementor-column elementor-col-100 elementor-top-column elementor-element elementor-element-0b0d567\" data-id=\"0b0d567\" data-element_type=\"column\" data-e-type=\"column\">\n\t\t\t<div class=\"elementor-widget-wrap elementor-element-populated\">\n\t\t\t\t\t\t<div class=\"elementor-element elementor-element-cdb9063 elementor-widget elementor-widget-html\" data-id=\"cdb9063\" data-element_type=\"widget\" data-e-type=\"widget\" data-widget_type=\"html.default\">\n\t\t\t\t<div class=\"elementor-widget-container\">\n\t\t\t\t\t<div class=\"tf-author-card\">\n    <div class=\"tf-card-inner\">\n        <div class=\"tf-author-profile\">\n            <div class=\"tf-avatar-container\">\n                <img data-recalc-dims=\"1\" decoding=\"async\" src=\"https:\/\/i0.wp.com\/trailforthjournal.com\/es\/wp-content\/uploads\/sites\/4\/2026\/02\/Editor-%C2%B7-Curador-de-rutas-y-experiencias.png?w=1032&#038;ssl=1\" alt=\"Jairo Cabrera\" class=\"tf-photo\">\n            <\/div>\n            <h3 class=\"tf-author-name\">Jairo Cabrera<\/h3>\n            <span class=\"tf-author-role\">Editor \u00b7 Curador de rutas y experiencias<\/span>\n        <\/div>\n\n        <div class=\"tf-author-content\">\n            <p class=\"tf-bio\">\n                \"Trail Forth Journal es un proyecto editorial independiente dedicado a documentar mapas, lugares, rutas y experiencias en Ecuador, desde una mirada local y cercana.\"\n            <\/p>\n            <p class=\"tf-support-text\">\n                 Si esta gu\u00eda te ayud\u00f3 a planear tu viaje, puedes escribirme si est\u00e1s organizando tu visita o apoyar el proyecto:\n            <\/p>\n            \n            <div class=\"tf-cta-group\">\n                <button class=\"tf-btn-primary\" onclick=\"toggleQueryPanel()\">\n                    <span>\ud83e\udded Ayuda para planear tu viaje<\/span>\n                <\/button>\n                <button class=\"tf-btn-secondary\" onclick=\"toggleStep1()\">\n                    <span>\u2615 Apoya Trail Forth Journal<\/span>\n                <\/button>\n            <\/div>\n        <\/div>\n    <\/div>\n\n    <div id=\"queryPanel\" class=\"tf-sliding-panel\">\n        <div class=\"tf-panel-content-box\">\n            <h4>\u00bfEn qu\u00e9 puedo ayudarte?<\/h4>\n            <p style=\"font-size: 13px; color: #666; margin-bottom: 15px;\">Cu\u00e9ntame sobre tus fechas, hotel o dudas de transporte para ayudarte a planear mejor.<\/p>\n            <textarea id=\"userQuery\" class=\"tf-query-textarea\" placeholder=\"Ej: Hola Jairo, planeo visitar Guayaquil...\"><\/textarea>\n            <div class=\"tf-action-grid\">\n                <button onclick=\"sendViaWhatsApp()\" class=\"tf-btn-action wa\"><span>Enviar por WhatsApp<\/span><\/button>\n                <button onclick=\"sendViaEmail()\" class=\"tf-btn-action mail\"><span>Enviar por Correo<\/span><\/button>\n            <\/div>\n        <\/div>\n    <\/div>\n\n    <div id=\"stepConsent\" class=\"tf-sliding-panel\">\n        <div class=\"tf-panel-content-box\">\n            <p>Este apoyo es voluntario y ayuda a sostener este proyecto editorial independiente.<\/p>\n            <label class=\"tf-checkbox-label\">\n                <input type=\"checkbox\" id=\"consentCheckbox\" onchange=\"toggleContinueBtn()\">\n                <span>Entiendo que esta es una contribuci\u00f3n voluntaria.<\/span>\n            <\/label>\n            <button class=\"tf-policy-link-btn\" onclick=\"openModal()\">Ver pol\u00edtica de contribuciones<\/button>\n            <button id=\"btnContinue\" class=\"tf-btn-continue\" disabled onclick=\"showQRCodes()\">Continuar<\/button>\n        <\/div>\n    <\/div>\n\n    <div id=\"stepQR\" class=\"tf-sliding-panel\" style=\"border-top: none;\">\n        <div class=\"tf-panel-content-box\">\n            \n            <div class=\"tf-qr-wrapper\">\n                <div class=\"tf-qr-card\">\n                    <img data-recalc-dims=\"1\" decoding=\"async\" src=\"https:\/\/i0.wp.com\/trailforthjournal.com\/es\/wp-content\/uploads\/sites\/4\/2026\/02\/QR-deuna.jpg?w=1032&#038;ssl=1\" alt=\"QR Deuna\">\n                <\/div>\n                <div class=\"tf-qr-card\">\n                    <img data-recalc-dims=\"1\" decoding=\"async\" src=\"https:\/\/i0.wp.com\/trailforthjournal.com\/es\/wp-content\/uploads\/sites\/4\/2026\/02\/QR-Zelle.jpg?w=1032&#038;ssl=1\" alt=\"QR Zelle\">\n                <\/div>\n            <\/div>\n\n            <div class=\"tf-direct-links\">\n                <a href=\"https:\/\/paypal.me\/trailforth\" target=\"_blank\" class=\"tf-link-btn paypal\">\n                    <img decoding=\"async\" src=\"https:\/\/upload.wikimedia.org\/wikipedia\/commons\/b\/b5\/PayPal.svg\" alt=\"PayPal\"> Contribuir por PayPal\n                <\/a>\n                <a href=\"https:\/\/www.buymeacoffee.com\/trailforthjournal\" target=\"_blank\" class=\"tf-link-btn bmc\">\n                    <span>\u2615<\/span> Buy Me a Coffee\n                <\/a>\n            <\/div>\n\n            <p class=\"tf-qr-footer\">\u201cTu apoyo voluntario nos ayuda a seguir documentando y compartiendo lugares de Ecuador desde una mirada local.\u201d<\/p>\n        <\/div>\n    <\/div>\n<\/div>\n\n<div id=\"policyModal\" class=\"tf-modal-overlay\">\n    <div class=\"tf-modal-content\">\n        <div class=\"tf-modal-header\">\n            <h4>Pol\u00edtica de Contribuciones<\/h4>\n            <button class=\"tf-close-modal\" onclick=\"closeModal()\">&times;<\/button>\n        <\/div>\n        <div class=\"tf-modal-body\">\n            <p>Las contribuciones realizadas son voluntarias, no reembolsables y ayudan a sostener el trabajo de documentaci\u00f3n de Trail Forth Journal.<\/p>\n        <\/div>\n        <div class=\"tf-modal-footer\">\n            <button class=\"tf-btn-primary\" style=\"padding: 10px 25px;\" onclick=\"closeModal()\">Entendido<\/button>\n        <\/div>\n    <\/div>\n<\/div>\n\n<style>\n    :root {\n        --tf-blue-dark: #1E3A8A; \n        --tf-blue-main: #3F74E8;  \n        --tf-blue-light: #4580FF; \n        --tf-wa-green: #25D366;\n    }\n\n    .tf-author-card {\n        max-width: 900px;\n        margin: 40px auto;\n        background: #ffffff;\n        border-radius: 30px;\n        border: 1px solid #eee;\n        box-shadow: 0 20px 50px rgba(0,0,0,0.05);\n        overflow: hidden;\n        font-family: 'Inter', sans-serif;\n    }\n\n    .tf-card-inner { display: flex; padding: 40px 50px; gap: 40px; align-items: center; }\n    .tf-avatar-container { width: 130px; height: 130px; margin: 0 auto; }\n    .tf-photo { width: 100%; height: 100%; border-radius: 50%; object-fit: cover; border: 1px solid #eee; }\n\n    .tf-author-profile { flex: 0 0 220px; text-align: center; }\n    .tf-author-name { margin: 15px 0 0 0; font-size: 22px; color: #111; font-weight: 800; }\n    .tf-author-role { font-size: 10px; color: var(--tf-blue-dark); text-transform: uppercase; letter-spacing: 1.5px; display: block; margin-top: 8px; font-weight: 500; }\n    .tf-bio { font-size: 15px; line-height: 1.6; color: #555; font-style: italic; margin-bottom: 20px; border-left: 3px solid #f0f2f4; padding-left: 20px; }\n    .tf-support-text { font-size: 14px; color: #333; margin-bottom: 20px; }\n\n    .tf-cta-group { display: flex; gap: 12px; }\n    .tf-btn-primary, .tf-btn-secondary { flex: 1; padding: 14px; border-radius: 12px; font-size: 12px; font-weight: 700; cursor: pointer; transition: 0.3s; border: none; color: white; }\n    .tf-btn-primary { background-color: var(--tf-blue-main); }\n    .tf-btn-secondary { background-color: var(--tf-blue-light); }\n    .tf-btn-primary:hover, .tf-btn-secondary:hover { transform: translateY(-2px); box-shadow: 0 5px 15px rgba(0,0,0,0.1); }\n\n    .tf-sliding-panel { display: none; background: #fafafa; padding: 35px; border-top: 1px solid #f0f0f0; animation: tfSlideUp 0.4s ease forwards; }\n    .tf-panel-content-box { text-align: center; max-width: 550px; margin: 0 auto; }\n    \n    .tf-query-textarea { width: 100%; height: 90px; padding: 15px; border-radius: 12px; border: 1px solid #ddd; font-size: 14px; resize: none; margin-bottom: 15px; }\n    .tf-action-grid { display: flex; gap: 12px; }\n    .tf-btn-action { flex: 1; padding: 12px; border-radius: 50px; border: none; color: white; font-weight: 700; cursor: pointer; font-size: 13px; }\n    .tf-btn-action.wa { background: var(--tf-wa-green); }\n    .tf-btn-action.mail { background: var(--tf-blue-dark); }\n\n    .tf-checkbox-label { display: flex; align-items: center; justify-content: center; gap: 10px; cursor: pointer; font-size: 13px; color: #666; margin-bottom: 15px; }\n    .tf-policy-link-btn { background: none; border: none; font-size: 11px; color: var(--tf-blue-main); text-decoration: underline; cursor: pointer; margin-bottom: 15px; width: 100%; }\n    .tf-btn-continue { background-color: #ccc; color: white; border: none; padding: 12px 30px; border-radius: 50px; font-weight: 700; cursor: not-allowed; }\n    .tf-btn-continue.active { background-color: var(--tf-blue-dark); cursor: pointer; }\n\n    \/* Estilos QRs Simplificados *\/\n    .tf-qr-wrapper { display: grid; grid-template-columns: 1fr 1fr; gap: 20px; max-width: 400px; margin: 0 auto 30px; }\n    .tf-qr-card { text-align: center; }\n    .tf-qr-card img { width: 100%; max-width: 170px; border-radius: 15px; border: 1px solid #eee; background: white; padding: 8px; box-shadow: 0 5px 15px rgba(0,0,0,0.03); }\n\n    \/* Botones de Link *\/\n    .tf-direct-links { display: flex; flex-direction: column; gap: 10px; max-width: 320px; margin: 0 auto; }\n    .tf-link-btn { display: flex; align-items: center; justify-content: center; gap: 8px; padding: 12px; border-radius: 10px; text-decoration: none; font-size: 12px; font-weight: 700; border: 1px solid #ddd; transition: 0.3s; }\n    .tf-link-btn.paypal { background: #fff; color: #003087; border-color: #003087; }\n    .tf-link-btn.paypal img { height: 14px; }\n    .tf-link-btn.bmc { background: #FFDD00; color: #000; border-color: #FFDD00; }\n    .tf-link-btn:hover { background: #f9f9f9; transform: translateY(-2px); box-shadow: 0 4px 10px rgba(0,0,0,0.05); }\n\n    .tf-qr-footer { text-align: center; margin-top: 25px; font-size: 12px; color: #888; font-style: italic; line-height: 1.5; }\n\n    \/* Modal *\/\n    .tf-modal-overlay { position: fixed; top: 0; left: 0; width: 100%; height: 100%; background: rgba(0,0,0,0.4); backdrop-filter: blur(3px); display: none; align-items: center; justify-content: center; z-index: 9999; }\n    .tf-modal-content { background: white; width: 85%; max-width: 400px; border-radius: 20px; overflow: hidden; }\n    .tf-modal-header { padding: 15px 20px; background: #fcfcfc; border-bottom: 1px solid #eee; display: flex; justify-content: space-between; align-items: center; }\n    .tf-close-modal { background: none; border: none; font-size: 22px; cursor: pointer; color: #bbb; }\n    .tf-modal-body { padding: 20px; font-size: 13px; color: #555; line-height: 1.5; }\n\n    @keyframes tfSlideUp { from { opacity: 0; transform: translateY(10px); } to { opacity: 1; transform: translateY(0); } }\n\n    @media (max-width: 768px) {\n        .tf-card-inner { flex-direction: column; text-align: center; padding: 30px; }\n        .tf-author-profile { flex: none; }\n        .tf-cta-group { flex-direction: column; }\n        .tf-qr-wrapper { grid-template-columns: 1fr; gap: 15px; }\n        .tf-qr-card img { max-width: 140px; }\n    }\n<\/style>\n\n<script>\nfunction toggleQueryPanel() {\n    document.getElementById('stepConsent').style.display = 'none';\n    document.getElementById('stepQR').style.display = 'none';\n    const p = document.getElementById('queryPanel');\n    p.style.display = (p.style.display === 'block') ? 'none' : 'block';\n}\nfunction toggleStep1() {\n    document.getElementById('queryPanel').style.display = 'none';\n    document.getElementById('stepQR').style.display = 'none';\n    const p = document.getElementById('stepConsent');\n    p.style.display = (p.style.display === 'block') ? 'none' : 'block';\n}\nfunction sendViaWhatsApp() {\n    const t = document.getElementById('userQuery').value;\n    if(!t) return alert(\"Por favor, escribe tu consulta.\");\n    window.open(`https:\/\/wa.me\/593978887324?text=${encodeURIComponent(t)}`, '_blank');\n}\nfunction sendViaEmail() {\n    const t = document.getElementById('userQuery').value;\n    if(!t) return alert(\"Por favor, escribe tu consulta.\");\n    window.location.href = `mailto:info@trailforthjournal.com?subject=Consulta&body=${encodeURIComponent(t)}`;\n}\nfunction toggleContinueBtn() {\n    const c = document.getElementById('consentCheckbox');\n    const b = document.getElementById('btnContinue');\n    b.disabled = !c.checked;\n    c.checked ? b.classList.add('active') : b.classList.remove('active');\n}\nfunction showQRCodes() {\n    document.getElementById('stepConsent').style.display = 'none';\n    document.getElementById('stepQR').style.display = 'block';\n}\nfunction openModal() { document.getElementById('policyModal').style.display = 'flex'; }\nfunction closeModal() { document.getElementById('policyModal').style.display = 'none'; }\n<\/script>\n\t\t\t\t<\/div>\n\t\t\t\t<\/div>\n\t\t\t\t\t<\/div>\n\t\t<\/div>\n\t\t\t\t\t<\/div>\n\t\t<\/section>\n\t\t\t\t<section class=\"elementor-section elementor-top-section elementor-element elementor-element-8b1e3b2 elementor-section-boxed elementor-section-height-default elementor-section-height-default wpr-particle-no wpr-jarallax-no wpr-parallax-no wpr-sticky-section-no wpr-equal-height-no\" data-id=\"8b1e3b2\" data-element_type=\"section\" data-e-type=\"section\">\n\t\t\t\t\t\t<div class=\"elementor-container elementor-column-gap-default\">\n\t\t\t\t\t<div class=\"elementor-column elementor-col-100 elementor-top-column elementor-element elementor-element-053f149\" data-id=\"053f149\" data-element_type=\"column\" data-e-type=\"column\">\n\t\t\t<div class=\"elementor-widget-wrap elementor-element-populated\">\n\t\t\t\t\t\t<div class=\"elementor-element elementor-element-84da240 elementor-widget elementor-widget-spacer\" data-id=\"84da240\" data-element_type=\"widget\" data-e-type=\"widget\" data-widget_type=\"spacer.default\">\n\t\t\t\t<div class=\"elementor-widget-container\">\n\t\t\t\t\t\t\t<div class=\"elementor-spacer\">\n\t\t\t<div class=\"elementor-spacer-inner\"><\/div>\n\t\t<\/div>\n\t\t\t\t\t\t<\/div>\n\t\t\t\t<\/div>\n\t\t\t\t\t<\/div>\n\t\t<\/div>\n\t\t\t\t\t<\/div>\n\t\t<\/section>\n\t\t\t\t<section class=\"elementor-section elementor-top-section elementor-element elementor-element-bb448dd elementor-section-boxed elementor-section-height-default elementor-section-height-default wpr-particle-no wpr-jarallax-no wpr-parallax-no wpr-sticky-section-no wpr-equal-height-no\" data-id=\"bb448dd\" data-element_type=\"section\" data-e-type=\"section\">\n\t\t\t\t\t\t<div class=\"elementor-container elementor-column-gap-default\">\n\t\t\t\t\t<div class=\"elementor-column elementor-col-100 elementor-top-column elementor-element elementor-element-043d13a\" data-id=\"043d13a\" data-element_type=\"column\" data-e-type=\"column\">\n\t\t\t<div class=\"elementor-widget-wrap elementor-element-populated\">\n\t\t\t\t\t\t<div class=\"elementor-element elementor-element-c5c216f elementor-shape-rounded elementor-grid-0 e-grid-align-center elementor-widget elementor-widget-social-icons\" data-id=\"c5c216f\" data-element_type=\"widget\" data-e-type=\"widget\" data-widget_type=\"social-icons.default\">\n\t\t\t\t<div class=\"elementor-widget-container\">\n\t\t\t\t\t\t\t<div class=\"elementor-social-icons-wrapper elementor-grid\">\n\t\t\t\t\t\t\t<span class=\"elementor-grid-item\">\n\t\t\t\t\t<a class=\"elementor-icon elementor-social-icon elementor-social-icon-ellipsis-v elementor-repeater-item-07ab4f2\" target=\"_blank\">\n\t\t\t\t\t\t<span class=\"elementor-screen-only\">Ellipsis-v<\/span>\n\t\t\t\t\t\t<i aria-hidden=\"true\" class=\"fas fa-ellipsis-v\"><\/i>\t\t\t\t\t<\/a>\n\t\t\t\t<\/span>\n\t\t\t\t\t<\/div>\n\t\t\t\t\t\t<\/div>\n\t\t\t\t<\/div>\n\t\t\t\t\t<\/div>\n\t\t<\/div>\n\t\t\t\t\t<\/div>\n\t\t<\/section>\n\t\t\t\t<section class=\"elementor-section elementor-top-section elementor-element elementor-element-a82e6b9 elementor-section-boxed elementor-section-height-default elementor-section-height-default wpr-particle-no wpr-jarallax-no wpr-parallax-no wpr-sticky-section-no wpr-equal-height-no\" data-id=\"a82e6b9\" data-element_type=\"section\" data-e-type=\"section\">\n\t\t\t\t\t\t<div class=\"elementor-container elementor-column-gap-no\">\n\t\t\t\t\t<div class=\"elementor-column elementor-col-100 elementor-top-column elementor-element elementor-element-34ce38d\" data-id=\"34ce38d\" data-element_type=\"column\" data-e-type=\"column\">\n\t\t\t<div class=\"elementor-widget-wrap elementor-element-populated\">\n\t\t\t\t\t\t<div class=\"elementor-element elementor-element-261b517 elementor-widget elementor-widget-heading\" data-id=\"261b517\" data-element_type=\"widget\" data-e-type=\"widget\" data-widget_type=\"heading.default\">\n\t\t\t\t<div class=\"elementor-widget-container\">\n\t\t\t\t\t<h5 class=\"elementor-heading-title elementor-size-default\">Compartir<\/h5>\t\t\t\t<\/div>\n\t\t\t\t<\/div>\n\t\t\t\t\t<\/div>\n\t\t<\/div>\n\t\t\t\t\t<\/div>\n\t\t<\/section>\n\t\t\t\t<section class=\"elementor-section elementor-top-section elementor-element elementor-element-78b5f1c elementor-section-boxed elementor-section-height-default elementor-section-height-default wpr-particle-no wpr-jarallax-no wpr-parallax-no wpr-sticky-section-no wpr-equal-height-no\" data-id=\"78b5f1c\" data-element_type=\"section\" data-e-type=\"section\">\n\t\t\t\t\t\t<div class=\"elementor-container elementor-column-gap-default\">\n\t\t\t\t\t<div class=\"elementor-column elementor-col-100 elementor-top-column elementor-element elementor-element-19c26fb\" data-id=\"19c26fb\" data-element_type=\"column\" data-e-type=\"column\">\n\t\t\t<div class=\"elementor-widget-wrap elementor-element-populated\">\n\t\t\t\t\t\t<div class=\"elementor-element elementor-element-6db9021 elementor-widget elementor-widget-spacer\" data-id=\"6db9021\" data-element_type=\"widget\" data-e-type=\"widget\" data-widget_type=\"spacer.default\">\n\t\t\t\t<div class=\"elementor-widget-container\">\n\t\t\t\t\t\t\t<div class=\"elementor-spacer\">\n\t\t\t<div class=\"elementor-spacer-inner\"><\/div>\n\t\t<\/div>\n\t\t\t\t\t\t<\/div>\n\t\t\t\t<\/div>\n\t\t\t\t\t<\/div>\n\t\t<\/div>\n\t\t\t\t\t<\/div>\n\t\t<\/section>\n\t\t\t\t<section class=\"elementor-section elementor-top-section elementor-element elementor-element-407841a elementor-section-boxed elementor-section-height-default elementor-section-height-default wpr-particle-no wpr-jarallax-no wpr-parallax-no wpr-sticky-section-no wpr-equal-height-no\" data-id=\"407841a\" data-element_type=\"section\" data-e-type=\"section\">\n\t\t\t\t\t\t<div class=\"elementor-container elementor-column-gap-no\">\n\t\t\t\t\t<div class=\"elementor-column elementor-col-100 elementor-top-column elementor-element elementor-element-181bf34\" data-id=\"181bf34\" data-element_type=\"column\" data-e-type=\"column\">\n\t\t\t<div class=\"elementor-widget-wrap elementor-element-populated\">\n\t\t\t\t\t\t<div class=\"elementor-element elementor-element-5f32700 elementor-view-default elementor-widget elementor-widget-icon\" data-id=\"5f32700\" data-element_type=\"widget\" data-e-type=\"widget\" data-widget_type=\"icon.default\">\n\t\t\t\t<div class=\"elementor-widget-container\">\n\t\t\t\t\t\t\t<div class=\"elementor-icon-wrapper\">\n\t\t\t<div class=\"elementor-icon\">\n\t\t\t<i aria-hidden=\"true\" class=\"fas fa-share-alt\"><\/i>\t\t\t<\/div>\n\t\t<\/div>\n\t\t\t\t\t\t<\/div>\n\t\t\t\t<\/div>\n\t\t\t\t\t<\/div>\n\t\t<\/div>\n\t\t\t\t\t<\/div>\n\t\t<\/section>\n\t\t\t\t<section class=\"elementor-section elementor-top-section elementor-element elementor-element-dd3a376 elementor-section-boxed elementor-section-height-default elementor-section-height-default wpr-particle-no wpr-jarallax-no wpr-parallax-no wpr-sticky-section-no wpr-equal-height-no\" data-id=\"dd3a376\" data-element_type=\"section\" data-e-type=\"section\">\n\t\t\t\t\t\t<div class=\"elementor-container elementor-column-gap-default\">\n\t\t\t\t\t<div class=\"elementor-column elementor-col-100 elementor-top-column elementor-element elementor-element-5e6393c\" data-id=\"5e6393c\" data-element_type=\"column\" data-e-type=\"column\">\n\t\t\t<div class=\"elementor-widget-wrap elementor-element-populated\">\n\t\t\t\t\t\t<div class=\"elementor-element elementor-element-3018056 elementor-widget elementor-widget-spacer\" data-id=\"3018056\" data-element_type=\"widget\" data-e-type=\"widget\" data-widget_type=\"spacer.default\">\n\t\t\t\t<div class=\"elementor-widget-container\">\n\t\t\t\t\t\t\t<div class=\"elementor-spacer\">\n\t\t\t<div class=\"elementor-spacer-inner\"><\/div>\n\t\t<\/div>\n\t\t\t\t\t\t<\/div>\n\t\t\t\t<\/div>\n\t\t\t\t\t<\/div>\n\t\t<\/div>\n\t\t\t\t\t<\/div>\n\t\t<\/section>\n\t\t\t\t<section class=\"elementor-section elementor-top-section elementor-element elementor-element-68ef4cf elementor-section-boxed elementor-section-height-default elementor-section-height-default wpr-particle-no wpr-jarallax-no wpr-parallax-no wpr-sticky-section-no wpr-equal-height-no\" data-id=\"68ef4cf\" data-element_type=\"section\" data-e-type=\"section\">\n\t\t\t\t\t\t<div class=\"elementor-container elementor-column-gap-default\">\n\t\t\t\t\t<div class=\"elementor-column elementor-col-100 elementor-top-column elementor-element elementor-element-2cb68cf\" data-id=\"2cb68cf\" data-element_type=\"column\" data-e-type=\"column\">\n\t\t\t<div class=\"elementor-widget-wrap elementor-element-populated\">\n\t\t\t\t\t\t<div class=\"elementor-element elementor-element-cce8051 elementor-grid-0 elementor-widget elementor-widget-wpr-sharing-buttons\" data-id=\"cce8051\" data-element_type=\"widget\" data-e-type=\"widget\" data-widget_type=\"wpr-sharing-buttons.default\">\n\t\t\t\t<div class=\"elementor-widget-container\">\n\t\t\t\t\t<div class=\"wpr-sharing-buttons elementor-grid wpr-sharing-official wpr-sharing-label-off wpr-sharing-label-tr\"><div class=\"elementor-grid-item\"><a href=\"https:\/\/www.facebook.com\/sharer.php?u=https:\/\/trailforthjournal.com\/es\/guia-turistica\/guayaquil-ecuador\/\" class=\"wpr-sharing-icon wpr-sharing-facebook-f\" title=\"\" target=\"_blank\"><i class=\"fab fa-facebook-f\"><\/i><\/a><\/div><div class=\"elementor-grid-item\"><a href=\"https:\/\/twitter.com\/intent\/tweet?url=https:\/\/trailforthjournal.com\/es\/guia-turistica\/guayaquil-ecuador\/\" class=\"wpr-sharing-icon wpr-sharing-twitter\" title=\"\" target=\"_blank\"><i class=\"fab fa-twitter\"><\/i><\/a><\/div><div class=\"elementor-grid-item\"><a href=\"https:\/\/www.linkedin.com\/shareArticle?mini=true&url=https:\/\/trailforthjournal.com\/es\/guia-turistica\/guayaquil-ecuador\/&title=Gu\u00eda de Guayaquil 2026 | Qu\u00e9 hacer, cultura, compras y experiencias&summary=Descubre qu\u00e9 hacer en Guayaquil en 2026: cultura, compras, agenda anual de eventos y experiencias locales. Planifica tu viaje con esta gu\u00eda completa y actualizada.&source=https:\/\/trailforthjournal.com\/es\/guia-turistica\/guayaquil-ecuador\/\" class=\"wpr-sharing-icon wpr-sharing-linkedin-in\" title=\"\" target=\"_blank\"><i class=\"fab fa-linkedin-in\"><\/i><\/a><\/div><div class=\"elementor-grid-item\"><a href=\"https:\/\/api.whatsapp.com\/send?text=*Gu\u00eda de Guayaquil 2026 | Qu\u00e9 hacer, cultura, compras y experiencias*%0ahttps:\/\/trailforthjournal.com\/es\/guia-turistica\/guayaquil-ecuador\/\" class=\"wpr-sharing-icon wpr-sharing-whatsapp\" title=\"\" target=\"_blank\"><i class=\"fab fa-whatsapp\"><\/i><\/a><\/div><div class=\"elementor-grid-item\"><a href=\"mailto:?subject=Gu\u00eda de Guayaquil 2026 | Qu\u00e9 hacer, cultura, compras y experiencias&body=https:\/\/trailforthjournal.com\/es\/guia-turistica\/guayaquil-ecuador\/\" class=\"wpr-sharing-icon wpr-sharing-envelope\" title=\"\" target=\"_blank\"><i class=\"fas fa-envelope\"><\/i><\/a><\/div><div class=\"elementor-grid-item\"><a href=\"https:\/\/www.facebook.com\/sharer.php?u=https:\/\/trailforthjournal.com\/es\/guia-turistica\/guayaquil-ecuador\/\" class=\"wpr-sharing-icon wpr-sharing-facebook-f\" title=\"\" target=\"_blank\"><i class=\"fab fa-facebook-f\"><\/i><\/a><\/div><\/div>\t\t\t\t<\/div>\n\t\t\t\t<\/div>\n\t\t\t\t\t<\/div>\n\t\t<\/div>\n\t\t\t\t\t<\/div>\n\t\t<\/section>\n\t\t\t\t<section class=\"elementor-section elementor-top-section elementor-element elementor-element-d1b9409 elementor-section-boxed elementor-section-height-default elementor-section-height-default wpr-particle-no wpr-jarallax-no wpr-parallax-no wpr-sticky-section-no wpr-equal-height-no\" data-id=\"d1b9409\" data-element_type=\"section\" data-e-type=\"section\">\n\t\t\t\t\t\t<div class=\"elementor-container elementor-column-gap-default\">\n\t\t\t\t\t<div class=\"elementor-column elementor-col-100 elementor-top-column elementor-element elementor-element-5045cd2\" data-id=\"5045cd2\" data-element_type=\"column\" data-e-type=\"column\">\n\t\t\t<div class=\"elementor-widget-wrap elementor-element-populated\">\n\t\t\t\t\t\t<div class=\"elementor-element elementor-element-a7ae444 elementor-widget elementor-widget-spacer\" data-id=\"a7ae444\" data-element_type=\"widget\" data-e-type=\"widget\" data-widget_type=\"spacer.default\">\n\t\t\t\t<div class=\"elementor-widget-container\">\n\t\t\t\t\t\t\t<div class=\"elementor-spacer\">\n\t\t\t<div class=\"elementor-spacer-inner\"><\/div>\n\t\t<\/div>\n\t\t\t\t\t\t<\/div>\n\t\t\t\t<\/div>\n\t\t\t\t\t<\/div>\n\t\t<\/div>\n\t\t\t\t\t<\/div>\n\t\t<\/section>\n\t\t\t\t<section class=\"elementor-section elementor-top-section elementor-element elementor-element-fc30bcb elementor-section-boxed elementor-section-height-default elementor-section-height-default wpr-particle-no wpr-jarallax-no wpr-parallax-no wpr-sticky-section-no wpr-equal-height-no\" data-id=\"fc30bcb\" data-element_type=\"section\" data-e-type=\"section\">\n\t\t\t\t\t\t<div class=\"elementor-container elementor-column-gap-no\">\n\t\t\t\t\t<div class=\"elementor-column elementor-col-100 elementor-top-column elementor-element elementor-element-0e6debe\" data-id=\"0e6debe\" data-element_type=\"column\" data-e-type=\"column\">\n\t\t\t<div class=\"elementor-widget-wrap elementor-element-populated\">\n\t\t\t\t\t\t<div class=\"elementor-element elementor-element-8bec4ef premium-title-color elementor-widget elementor-widget-premium-addon-title\" data-id=\"8bec4ef\" data-element_type=\"widget\" data-e-type=\"widget\" data-widget_type=\"premium-addon-title.default\">\n\t\t\t\t<div class=\"elementor-widget-container\">\n\t\t\t\t\t\n\t\t<div class=\"premium-title-container style7\">\n\t\t\t<h5 class=\"premium-title-header premium-title-style7\">\n\t\t\t\t\t\t\t\t\t\t\t\t\t\t\t<span class=\"premium-title-style7-stripe-wrap\">\n\t\t\t\t\t\t\t<span class=\"premium-title-style7-stripe\"><\/span>\n\t\t\t\t\t\t<\/span>\n\t\t\t\t\t\t\t\t\t\t<div class=\"premium-title-style7-inner\">\n\t\t\t\t\n\t\t\t\t\n\t\t\t\t\t\t\t\t\t\t\t\t\t\t\t\t\t\t\t\t\t<span class=\"premium-title-text\">\n\t\t\t\t\tRelacionado\t\t\t\t<\/span>\n\t\t\t\t\t\n\t\t\t\t\t\t\t\t\t<\/div>\n\t\t\t\t\t\t\t\t\n\t\t\t\t\t\t\t<\/h5>\n\n\t\t<\/div>\n\n\t\t\t\t\t\t<\/div>\n\t\t\t\t<\/div>\n\t\t\t\t\t<\/div>\n\t\t<\/div>\n\t\t\t\t\t<\/div>\n\t\t<\/section>\n\t\t\t\t<section class=\"elementor-section elementor-top-section elementor-element elementor-element-098b757 elementor-section-content-middle elementor-section-full_width elementor-section-height-default elementor-section-height-default wpr-particle-no wpr-jarallax-no wpr-parallax-no wpr-sticky-section-no wpr-equal-height-no\" data-id=\"098b757\" data-element_type=\"section\" data-e-type=\"section\">\n\t\t\t\t\t\t<div class=\"elementor-container elementor-column-gap-no\">\n\t\t\t\t\t<div class=\"elementor-column elementor-col-100 elementor-top-column elementor-element elementor-element-c7a75d9\" data-id=\"c7a75d9\" data-element_type=\"column\" data-e-type=\"column\">\n\t\t\t<div class=\"elementor-widget-wrap elementor-element-populated\">\n\t\t\t\t\t\t<div class=\"elementor-element elementor-element-4642db1 premium-blog-align-left elementor-widget elementor-widget-premium-addon-blog\" data-id=\"4642db1\" data-element_type=\"widget\" data-e-type=\"widget\" data-settings=\"{&quot;force_height&quot;:&quot;true&quot;,&quot;premium_blog_columns_number&quot;:&quot;25%&quot;,&quot;premium_blog_grid&quot;:&quot;yes&quot;,&quot;premium_blog_layout&quot;:&quot;even&quot;,&quot;premium_blog_columns_number_tablet&quot;:&quot;50%&quot;,&quot;premium_blog_columns_number_mobile&quot;:&quot;100%&quot;,&quot;scroll_to_offset&quot;:&quot;yes&quot;}\" data-widget_type=\"premium-addon-blog.default\">\n\t\t\t\t<div class=\"elementor-widget-container\">\n\t\t\t\t\t\n\t\t\n\n\t\t\t\t<div class=\"premium-blog-wrap  premium-blog-even\" data-page=\"36287\">\n\t\t\t\t\t\t\t\t\t<div class=\"premium-blog-post-outer-container\" data-total=\"7\">\n\t\t\t<div class=\"premium-blog-post-container premium-blog-skin-banner\">\n\t\t\t\t\t\t\t\t\t<div class=\"premium-blog-thumb-effect-wrapper\">\n\t\t\t\t\t\t<div class=\"premium-blog-thumbnail-container premium-blog-zoomin-effect\">\n\t\t\t\t\t\t\t<img fetchpriority=\"high\" decoding=\"async\" data-attachment-id=\"27102\" data-permalink=\"https:\/\/trailforthjournal.com\/es\/cultura\/basilica-la-merced-guayaquil\/attachment\/dji_0009-2\/\" data-orig-file=\"https:\/\/i0.wp.com\/trailforthjournal.com\/es\/wp-content\/uploads\/sites\/4\/2023\/10\/DJI_0009-2-scaled.jpg?fit=2560%2C1438&amp;ssl=1\" data-orig-size=\"2560,1438\" data-comments-opened=\"0\" data-image-meta=\"{&quot;aperture&quot;:&quot;2.8&quot;,&quot;credit&quot;:&quot;&quot;,&quot;camera&quot;:&quot;FC300C&quot;,&quot;caption&quot;:&quot;&quot;,&quot;created_timestamp&quot;:&quot;1553325333&quot;,&quot;copyright&quot;:&quot;&quot;,&quot;focal_length&quot;:&quot;3.61&quot;,&quot;iso&quot;:&quot;150&quot;,&quot;shutter_speed&quot;:&quot;0.01&quot;,&quot;title&quot;:&quot;&quot;,&quot;orientation&quot;:&quot;1&quot;}\" data-image-title=\"Vista a\u00e9rea de la Bas\u00edlica de La Merced\" data-image-description=\"&lt;p&gt;Vista a\u00e9rea de la Bas\u00edlica de La Merced&lt;\/p&gt;\n\" data-image-caption=\"&lt;p&gt;Vista a\u00e9rea de la Bas\u00edlica de La Merced&lt;\/p&gt;\n\" data-large-file=\"https:\/\/i0.wp.com\/trailforthjournal.com\/es\/wp-content\/uploads\/sites\/4\/2023\/10\/DJI_0009-2-scaled.jpg?fit=1024%2C575&amp;ssl=1\" width=\"2560\" height=\"1438\" src=\"https:\/\/i0.wp.com\/trailforthjournal.com\/es\/wp-content\/uploads\/sites\/4\/2023\/10\/DJI_0009-2-scaled.jpg?fit=2560%2C1438&amp;ssl=1\" class=\"attachment-full size-full wp-image-27102\" alt=\"Vista a\u00e9rea de la Bas\u00edlica de La Merced\" data-attachment-id=\"27102\" data-permalink=\"https:\/\/trailforthjournal.com\/es\/cultura\/basilica-la-merced-guayaquil\/attachment\/dji_0009-2\/\" data-orig-file=\"https:\/\/i0.wp.com\/trailforthjournal.com\/es\/wp-content\/uploads\/sites\/4\/2023\/10\/DJI_0009-2-scaled.jpg?fit=2560%2C1438&amp;ssl=1\" data-orig-size=\"2560,1438\" data-comments-opened=\"0\" data-image-meta=\"{&quot;aperture&quot;:&quot;2.8&quot;,&quot;credit&quot;:&quot;&quot;,&quot;camera&quot;:&quot;FC300C&quot;,&quot;caption&quot;:&quot;&quot;,&quot;created_timestamp&quot;:&quot;1553325333&quot;,&quot;copyright&quot;:&quot;&quot;,&quot;focal_length&quot;:&quot;3.61&quot;,&quot;iso&quot;:&quot;150&quot;,&quot;shutter_speed&quot;:&quot;0.01&quot;,&quot;title&quot;:&quot;&quot;,&quot;orientation&quot;:&quot;1&quot;}\" data-image-title=\"Vista a\u00e9rea de la Bas\u00edlica de La Merced\" data-image-description=\"&lt;p&gt;Vista a\u00e9rea de la Bas\u00edlica de La Merced&lt;\/p&gt;\n\" data-image-caption=\"&lt;p&gt;Vista a\u00e9rea de la Bas\u00edlica de La Merced&lt;\/p&gt;\n\" data-large-file=\"https:\/\/i0.wp.com\/trailforthjournal.com\/es\/wp-content\/uploads\/sites\/4\/2023\/10\/DJI_0009-2-scaled.jpg?fit=1024%2C575&amp;ssl=1\" srcset=\"https:\/\/i0.wp.com\/trailforthjournal.com\/es\/wp-content\/uploads\/sites\/4\/2023\/10\/DJI_0009-2-scaled.jpg?w=2560&amp;ssl=1 2560w, https:\/\/i0.wp.com\/trailforthjournal.com\/es\/wp-content\/uploads\/sites\/4\/2023\/10\/DJI_0009-2-scaled.jpg?resize=300%2C168&amp;ssl=1 300w, https:\/\/i0.wp.com\/trailforthjournal.com\/es\/wp-content\/uploads\/sites\/4\/2023\/10\/DJI_0009-2-scaled.jpg?resize=1024%2C575&amp;ssl=1 1024w, https:\/\/i0.wp.com\/trailforthjournal.com\/es\/wp-content\/uploads\/sites\/4\/2023\/10\/DJI_0009-2-scaled.jpg?resize=768%2C431&amp;ssl=1 768w, https:\/\/i0.wp.com\/trailforthjournal.com\/es\/wp-content\/uploads\/sites\/4\/2023\/10\/DJI_0009-2-scaled.jpg?resize=1536%2C863&amp;ssl=1 1536w, https:\/\/i0.wp.com\/trailforthjournal.com\/es\/wp-content\/uploads\/sites\/4\/2023\/10\/DJI_0009-2-scaled.jpg?resize=2048%2C1150&amp;ssl=1 2048w, https:\/\/i0.wp.com\/trailforthjournal.com\/es\/wp-content\/uploads\/sites\/4\/2023\/10\/DJI_0009-2-scaled.jpg?resize=89%2C50&amp;ssl=1 89w, https:\/\/i0.wp.com\/trailforthjournal.com\/es\/wp-content\/uploads\/sites\/4\/2023\/10\/DJI_0009-2-scaled.jpg?resize=600%2C337&amp;ssl=1 600w\" sizes=\"(max-width: 1032px) 100vw, 1032px\" \/>\t\t\t\t\t\t<\/div>\n\t\t\t\t\t\t\t\t\t\t\t\t\t<div class=\"premium-blog-thumbnail-overlay\">\n\t\t\t\t\t\t\t\t<a class=\"elementor-icon\" href=\"https:\/\/trailforthjournal.com\/es\/cultura\/basilica-la-merced-guayaquil\/\" target=\"_blank\"><\/a>\n\t\t\t\t\t\t\t<\/div>\n\n\t\t\t\t\t\t\t\t\t\t\t\t\t\t\t\t\t\t<\/div>\n\t\t\t\t\t\t\t\t\t\t\t\t<div class=\"premium-blog-content-wrapper \">\n\n\t\t\t\t\t<div class=\"premium-blog-inner-container\">\n\n\t\t\t\t\t\t\t\t\t\t\t\t\t\t<h1 class=\"premium-blog-entry-title\">\n\t\t\t<a href=\"https:\/\/trailforthjournal.com\/es\/cultura\/basilica-la-merced-guayaquil\/\" target=\"_blank\">\n\t\t\t\tBas\u00edlica de la Merced de Guayaquil: arquitectura neog\u00f3tica y patrimonio hist\u00f3rico\t\t\t<\/a>\n\t\t<\/h1>\n\t\t\t\t<div class=\"premium-blog-entry-meta\">\n\t\t\t\n\t\t\t\n\t\t\t\n\t\t\t\t\t<\/div>\n\t\t\n\t\t\t\t\t<\/div>\n\n\t\t\t\t\t\t\t\t\t\t\n\t\t\t\t<\/div>\n\t\t\t<\/div>\n\t\t<\/div>\n\n\t\t\t\t<div class=\"premium-blog-post-outer-container\" data-total=\"7\">\n\t\t\t<div class=\"premium-blog-post-container premium-blog-skin-banner\">\n\t\t\t\t\t\t\t\t\t<div class=\"premium-blog-thumb-effect-wrapper\">\n\t\t\t\t\t\t<div class=\"premium-blog-thumbnail-container premium-blog-zoomin-effect\">\n\t\t\t\t\t\t\t<img decoding=\"async\" data-attachment-id=\"27081\" data-permalink=\"https:\/\/trailforthjournal.com\/es\/cultura\/la-rotonda-guayaquil\/attachment\/wp_006754-2\/\" data-orig-file=\"https:\/\/i0.wp.com\/trailforthjournal.com\/es\/wp-content\/uploads\/sites\/4\/2023\/10\/WP_006754-2-scaled.jpg?fit=2560%2C1920&amp;ssl=1\" data-orig-size=\"2560,1920\" data-comments-opened=\"0\" data-image-meta=\"{&quot;aperture&quot;:&quot;2.2&quot;,&quot;credit&quot;:&quot;&quot;,&quot;camera&quot;:&quot;Nokia Lumia 900&quot;,&quot;caption&quot;:&quot;&quot;,&quot;created_timestamp&quot;:&quot;1463057036&quot;,&quot;copyright&quot;:&quot;&quot;,&quot;focal_length&quot;:&quot;0&quot;,&quot;iso&quot;:&quot;0&quot;,&quot;shutter_speed&quot;:&quot;0.00047596382674917&quot;,&quot;title&quot;:&quot;&quot;,&quot;orientation&quot;:&quot;1&quot;}\" data-image-title=\"hemiciclo-la-rotonda-malecon-2000\" data-image-description=\"&lt;p&gt;Vista frontal del monumento a la Entrevista de Guayaquil, ubicado en el Malec\u00f3n 2000, destacando sus columnas de m\u00e1rmol, las banderas sudamericanas y la cercan\u00eda al r\u00edo Guayas.&lt;\/p&gt;\n\" data-image-caption=\"&lt;p&gt;El Hemiciclo de la Rotonda conmemora el hist\u00f3rico encuentro entre Bol\u00edvar y San Mart\u00edn en Guayaquil.&lt;\/p&gt;\n\" data-large-file=\"https:\/\/i0.wp.com\/trailforthjournal.com\/es\/wp-content\/uploads\/sites\/4\/2023\/10\/WP_006754-2-scaled.jpg?fit=1024%2C768&amp;ssl=1\" width=\"2560\" height=\"1920\" src=\"https:\/\/i0.wp.com\/trailforthjournal.com\/es\/wp-content\/uploads\/sites\/4\/2023\/10\/WP_006754-2-scaled.jpg?fit=2560%2C1920&amp;ssl=1\" class=\"attachment-full size-full wp-image-27081\" alt=\"Monumento del Hemiciclo de la Rotonda con las estatuas de Sim\u00f3n Bol\u00edvar y Jos\u00e9 de San Mart\u00edn, rodeado de banderas y columnas blancas en el Malec\u00f3n 2000.\" data-attachment-id=\"27081\" data-permalink=\"https:\/\/trailforthjournal.com\/es\/cultura\/la-rotonda-guayaquil\/attachment\/wp_006754-2\/\" data-orig-file=\"https:\/\/i0.wp.com\/trailforthjournal.com\/es\/wp-content\/uploads\/sites\/4\/2023\/10\/WP_006754-2-scaled.jpg?fit=2560%2C1920&amp;ssl=1\" data-orig-size=\"2560,1920\" data-comments-opened=\"0\" data-image-meta=\"{&quot;aperture&quot;:&quot;2.2&quot;,&quot;credit&quot;:&quot;&quot;,&quot;camera&quot;:&quot;Nokia Lumia 900&quot;,&quot;caption&quot;:&quot;&quot;,&quot;created_timestamp&quot;:&quot;1463057036&quot;,&quot;copyright&quot;:&quot;&quot;,&quot;focal_length&quot;:&quot;0&quot;,&quot;iso&quot;:&quot;0&quot;,&quot;shutter_speed&quot;:&quot;0.00047596382674917&quot;,&quot;title&quot;:&quot;&quot;,&quot;orientation&quot;:&quot;1&quot;}\" data-image-title=\"hemiciclo-la-rotonda-malecon-2000\" data-image-description=\"&lt;p&gt;Vista frontal del monumento a la Entrevista de Guayaquil, ubicado en el Malec\u00f3n 2000, destacando sus columnas de m\u00e1rmol, las banderas sudamericanas y la cercan\u00eda al r\u00edo Guayas.&lt;\/p&gt;\n\" data-image-caption=\"&lt;p&gt;El Hemiciclo de la Rotonda conmemora el hist\u00f3rico encuentro entre Bol\u00edvar y San Mart\u00edn en Guayaquil.&lt;\/p&gt;\n\" data-large-file=\"https:\/\/i0.wp.com\/trailforthjournal.com\/es\/wp-content\/uploads\/sites\/4\/2023\/10\/WP_006754-2-scaled.jpg?fit=1024%2C768&amp;ssl=1\" srcset=\"https:\/\/i0.wp.com\/trailforthjournal.com\/es\/wp-content\/uploads\/sites\/4\/2023\/10\/WP_006754-2-scaled.jpg?w=2560&amp;ssl=1 2560w, https:\/\/i0.wp.com\/trailforthjournal.com\/es\/wp-content\/uploads\/sites\/4\/2023\/10\/WP_006754-2-scaled.jpg?resize=300%2C225&amp;ssl=1 300w, https:\/\/i0.wp.com\/trailforthjournal.com\/es\/wp-content\/uploads\/sites\/4\/2023\/10\/WP_006754-2-scaled.jpg?resize=1024%2C768&amp;ssl=1 1024w, https:\/\/i0.wp.com\/trailforthjournal.com\/es\/wp-content\/uploads\/sites\/4\/2023\/10\/WP_006754-2-scaled.jpg?resize=768%2C576&amp;ssl=1 768w, https:\/\/i0.wp.com\/trailforthjournal.com\/es\/wp-content\/uploads\/sites\/4\/2023\/10\/WP_006754-2-scaled.jpg?resize=1536%2C1152&amp;ssl=1 1536w, https:\/\/i0.wp.com\/trailforthjournal.com\/es\/wp-content\/uploads\/sites\/4\/2023\/10\/WP_006754-2-scaled.jpg?resize=2048%2C1536&amp;ssl=1 2048w, https:\/\/i0.wp.com\/trailforthjournal.com\/es\/wp-content\/uploads\/sites\/4\/2023\/10\/WP_006754-2-scaled.jpg?resize=67%2C50&amp;ssl=1 67w, https:\/\/i0.wp.com\/trailforthjournal.com\/es\/wp-content\/uploads\/sites\/4\/2023\/10\/WP_006754-2-scaled.jpg?resize=600%2C450&amp;ssl=1 600w\" sizes=\"(max-width: 1032px) 100vw, 1032px\" \/>\t\t\t\t\t\t<\/div>\n\t\t\t\t\t\t\t\t\t\t\t\t\t<div class=\"premium-blog-thumbnail-overlay\">\n\t\t\t\t\t\t\t\t<a class=\"elementor-icon\" href=\"https:\/\/trailforthjournal.com\/es\/cultura\/la-rotonda-guayaquil\/\" target=\"_blank\"><\/a>\n\t\t\t\t\t\t\t<\/div>\n\n\t\t\t\t\t\t\t\t\t\t\t\t\t\t\t\t\t\t<\/div>\n\t\t\t\t\t\t\t\t\t\t\t\t<div class=\"premium-blog-content-wrapper \">\n\n\t\t\t\t\t<div class=\"premium-blog-inner-container\">\n\n\t\t\t\t\t\t\t\t\t\t\t\t\t\t<h1 class=\"premium-blog-entry-title\">\n\t\t\t<a href=\"https:\/\/trailforthjournal.com\/es\/cultura\/la-rotonda-guayaquil\/\" target=\"_blank\">\n\t\t\t\tHemiciclo de La Rotonda en Guayaquil: historia y encuentro de Bol\u00edvar y San Mart\u00edn\t\t\t<\/a>\n\t\t<\/h1>\n\t\t\t\t<div class=\"premium-blog-entry-meta\">\n\t\t\t\n\t\t\t\n\t\t\t\n\t\t\t\t\t<\/div>\n\t\t\n\t\t\t\t\t<\/div>\n\n\t\t\t\t\t\t\t\t\t\t\n\t\t\t\t<\/div>\n\t\t\t<\/div>\n\t\t<\/div>\n\n\t\t\t\t<div class=\"premium-blog-post-outer-container\" data-total=\"7\">\n\t\t\t<div class=\"premium-blog-post-container premium-blog-skin-banner\">\n\t\t\t\t\t\t\t\t\t<div class=\"premium-blog-thumb-effect-wrapper\">\n\t\t\t\t\t\t<div class=\"premium-blog-thumbnail-container premium-blog-zoomin-effect\">\n\t\t\t\t\t\t\t<img decoding=\"async\" data-attachment-id=\"10231\" data-permalink=\"https:\/\/trailforthjournal.com\/es\/cultura\/museo-antropologico-arte-contemporaneo\/attachment\/mqb-vue-de-lexposition-chamanes-dinivites-de-lequateur-precolombien-du-16-fevrier-au-15-mai-2016-2\/\" data-orig-file=\"https:\/\/i0.wp.com\/trailforthjournal.com\/es\/wp-content\/uploads\/sites\/4\/2022\/05\/24465770774_e36bc43f29_o-scaled.jpg?fit=2560%2C1707&amp;ssl=1\" data-orig-size=\"2560,1707\" data-comments-opened=\"0\" data-image-meta=\"{&quot;aperture&quot;:&quot;0&quot;,&quot;credit&quot;:&quot;Gautier Deblonde&quot;,&quot;camera&quot;:&quot;&quot;,&quot;caption&quot;:&quot;Mus\\u00e9e du quai Branly. Affiche de l&#039;exposition \\&quot;Chamanes \\u0026amp; dinivit\\u00e9s de l&#039;Equateur pr\\u00e9colombien. Du 16 f\\u00e9vrier au 15 mai 2016.\\n\\nMezzanine Est\\nIn\\u00e9dite en Europe de par son ampleur, cette exposition propose une immersion dans le monde des esprits de l\\u2019Equateur pr\\u00e9colombien \\u00e0 travers l\\u2019une de ses figures majeures : le chamane. Les 265 chefs-d\\u2019\\u0153uvre expos\\u00e9s, pour la plupart pr\\u00e9sent\\u00e9s pour la premi\\u00e8re fois en France, sont issus de plusieurs mus\\u00e9es du Minist\\u00e8re de la Culture et du Patrimoine d\\u2019Equateur. Ces pi\\u00e8ces arch\\u00e9ologiques exceptionnelles d\\u00e9voilent les myst\\u00e8res du chamanisme, legs mill\\u00e9naire transmis aux peuples de l\\u2019actuel Equateur.&quot;,&quot;created_timestamp&quot;:&quot;1455526540&quot;,&quot;copyright&quot;:&quot;\\u00a9 mus\\u00e9e du quai Branly, photo Gautier Deblonde&quot;,&quot;focal_length&quot;:&quot;0&quot;,&quot;iso&quot;:&quot;0&quot;,&quot;shutter_speed&quot;:&quot;0&quot;,&quot;title&quot;:&quot;MQB. Vue de l&#039;exposition \\&quot;Chamanes \\u0026amp; dinivit\\u00e9s de l&#039;Equateur pr\\u00e9colombien. Du 16 f\\u00e9vrier au 15 mai 2016.&quot;,&quot;orientation&quot;:&quot;0&quot;}\" data-image-title=\"museo-maac-guayaquil-arqueologia-precolombina\" data-image-description=\"&lt;p&gt;Vista de una vitrina de exhibici\u00f3n en el Museo Antropol\u00f3gico y de Arte Contempor\u00e1neo. Se observan diversas estatuillas de arcilla pertenecientes a culturas como la Valdivia, Chorrera o Bah\u00eda, destacando el detalle del modelado y las expresiones de las piezas bajo una iluminaci\u00f3n t\u00e9cnica museogr\u00e1fica&lt;\/p&gt;\n\" data-image-caption=\"&lt;p&gt;Tesoros del pasado: figuras ancestrales que narran la historia de las antiguas culturas de la costa ecuatoriana en el MAAC&lt;\/p&gt;\n\" data-large-file=\"https:\/\/i0.wp.com\/trailforthjournal.com\/es\/wp-content\/uploads\/sites\/4\/2022\/05\/24465770774_e36bc43f29_o-scaled.jpg?fit=1024%2C683&amp;ssl=1\" width=\"2560\" height=\"1707\" src=\"https:\/\/i0.wp.com\/trailforthjournal.com\/es\/wp-content\/uploads\/sites\/4\/2022\/05\/24465770774_e36bc43f29_o-scaled.jpg?fit=2560%2C1707&amp;ssl=1\" class=\"attachment-full size-full wp-image-10231\" alt=\"Exhibici\u00f3n de figuras de cer\u00e1mica precolombina en vitrinas iluminadas del Museo MAAC en Guayaquil, Ecuador\" data-attachment-id=\"10231\" data-permalink=\"https:\/\/trailforthjournal.com\/es\/cultura\/museo-antropologico-arte-contemporaneo\/attachment\/mqb-vue-de-lexposition-chamanes-dinivites-de-lequateur-precolombien-du-16-fevrier-au-15-mai-2016-2\/\" data-orig-file=\"https:\/\/i0.wp.com\/trailforthjournal.com\/es\/wp-content\/uploads\/sites\/4\/2022\/05\/24465770774_e36bc43f29_o-scaled.jpg?fit=2560%2C1707&amp;ssl=1\" data-orig-size=\"2560,1707\" data-comments-opened=\"0\" data-image-meta=\"{&quot;aperture&quot;:&quot;0&quot;,&quot;credit&quot;:&quot;Gautier Deblonde&quot;,&quot;camera&quot;:&quot;&quot;,&quot;caption&quot;:&quot;Mus\\u00e9e du quai Branly. Affiche de l&#039;exposition \\&quot;Chamanes \\u0026amp; dinivit\\u00e9s de l&#039;Equateur pr\\u00e9colombien. Du 16 f\\u00e9vrier au 15 mai 2016.\\n\\nMezzanine Est\\nIn\\u00e9dite en Europe de par son ampleur, cette exposition propose une immersion dans le monde des esprits de l\\u2019Equateur pr\\u00e9colombien \\u00e0 travers l\\u2019une de ses figures majeures : le chamane. Les 265 chefs-d\\u2019\\u0153uvre expos\\u00e9s, pour la plupart pr\\u00e9sent\\u00e9s pour la premi\\u00e8re fois en France, sont issus de plusieurs mus\\u00e9es du Minist\\u00e8re de la Culture et du Patrimoine d\\u2019Equateur. Ces pi\\u00e8ces arch\\u00e9ologiques exceptionnelles d\\u00e9voilent les myst\\u00e8res du chamanisme, legs mill\\u00e9naire transmis aux peuples de l\\u2019actuel Equateur.&quot;,&quot;created_timestamp&quot;:&quot;1455526540&quot;,&quot;copyright&quot;:&quot;\\u00a9 mus\\u00e9e du quai Branly, photo Gautier Deblonde&quot;,&quot;focal_length&quot;:&quot;0&quot;,&quot;iso&quot;:&quot;0&quot;,&quot;shutter_speed&quot;:&quot;0&quot;,&quot;title&quot;:&quot;MQB. Vue de l&#039;exposition \\&quot;Chamanes \\u0026amp; dinivit\\u00e9s de l&#039;Equateur pr\\u00e9colombien. Du 16 f\\u00e9vrier au 15 mai 2016.&quot;,&quot;orientation&quot;:&quot;0&quot;}\" data-image-title=\"museo-maac-guayaquil-arqueologia-precolombina\" data-image-description=\"&lt;p&gt;Vista de una vitrina de exhibici\u00f3n en el Museo Antropol\u00f3gico y de Arte Contempor\u00e1neo. Se observan diversas estatuillas de arcilla pertenecientes a culturas como la Valdivia, Chorrera o Bah\u00eda, destacando el detalle del modelado y las expresiones de las piezas bajo una iluminaci\u00f3n t\u00e9cnica museogr\u00e1fica&lt;\/p&gt;\n\" data-image-caption=\"&lt;p&gt;Tesoros del pasado: figuras ancestrales que narran la historia de las antiguas culturas de la costa ecuatoriana en el MAAC&lt;\/p&gt;\n\" data-large-file=\"https:\/\/i0.wp.com\/trailforthjournal.com\/es\/wp-content\/uploads\/sites\/4\/2022\/05\/24465770774_e36bc43f29_o-scaled.jpg?fit=1024%2C683&amp;ssl=1\" srcset=\"https:\/\/i0.wp.com\/trailforthjournal.com\/es\/wp-content\/uploads\/sites\/4\/2022\/05\/24465770774_e36bc43f29_o-scaled.jpg?w=2560&amp;ssl=1 2560w, https:\/\/i0.wp.com\/trailforthjournal.com\/es\/wp-content\/uploads\/sites\/4\/2022\/05\/24465770774_e36bc43f29_o-scaled.jpg?resize=300%2C200&amp;ssl=1 300w, https:\/\/i0.wp.com\/trailforthjournal.com\/es\/wp-content\/uploads\/sites\/4\/2022\/05\/24465770774_e36bc43f29_o-scaled.jpg?resize=1024%2C683&amp;ssl=1 1024w, https:\/\/i0.wp.com\/trailforthjournal.com\/es\/wp-content\/uploads\/sites\/4\/2022\/05\/24465770774_e36bc43f29_o-scaled.jpg?resize=768%2C512&amp;ssl=1 768w, https:\/\/i0.wp.com\/trailforthjournal.com\/es\/wp-content\/uploads\/sites\/4\/2022\/05\/24465770774_e36bc43f29_o-scaled.jpg?resize=1536%2C1024&amp;ssl=1 1536w, https:\/\/i0.wp.com\/trailforthjournal.com\/es\/wp-content\/uploads\/sites\/4\/2022\/05\/24465770774_e36bc43f29_o-scaled.jpg?resize=2048%2C1365&amp;ssl=1 2048w, https:\/\/i0.wp.com\/trailforthjournal.com\/es\/wp-content\/uploads\/sites\/4\/2022\/05\/24465770774_e36bc43f29_o-scaled.jpg?resize=225%2C150&amp;ssl=1 225w, https:\/\/i0.wp.com\/trailforthjournal.com\/es\/wp-content\/uploads\/sites\/4\/2022\/05\/24465770774_e36bc43f29_o-scaled.jpg?resize=600%2C400&amp;ssl=1 600w\" sizes=\"(max-width: 1032px) 100vw, 1032px\" \/>\t\t\t\t\t\t<\/div>\n\t\t\t\t\t\t\t\t\t\t\t\t\t<div class=\"premium-blog-thumbnail-overlay\">\n\t\t\t\t\t\t\t\t<a class=\"elementor-icon\" href=\"https:\/\/trailforthjournal.com\/es\/cultura\/museo-antropologico-arte-contemporaneo\/\" target=\"_blank\"><\/a>\n\t\t\t\t\t\t\t<\/div>\n\n\t\t\t\t\t\t\t\t\t\t\t\t\t\t\t\t\t\t<\/div>\n\t\t\t\t\t\t\t\t\t\t\t\t<div class=\"premium-blog-content-wrapper \">\n\n\t\t\t\t\t<div class=\"premium-blog-inner-container\">\n\n\t\t\t\t\t\t\t\t\t\t\t\t\t\t<h1 class=\"premium-blog-entry-title\">\n\t\t\t<a href=\"https:\/\/trailforthjournal.com\/es\/cultura\/museo-antropologico-arte-contemporaneo\/\" target=\"_blank\">\n\t\t\t\tMuseo Antropol\u00f3gico y de Arte Contempor\u00e1neo &#8211; MAAC: Arte, Historia y Cultura en Guayaquil\t\t\t<\/a>\n\t\t<\/h1>\n\t\t\t\t<div class=\"premium-blog-entry-meta\">\n\t\t\t\n\t\t\t\n\t\t\t\n\t\t\t\t\t<\/div>\n\t\t\n\t\t\t\t\t<\/div>\n\n\t\t\t\t\t\t\t\t\t\t\n\t\t\t\t<\/div>\n\t\t\t<\/div>\n\t\t<\/div>\n\n\t\t\t\t<div class=\"premium-blog-post-outer-container\" data-total=\"7\">\n\t\t\t<div class=\"premium-blog-post-container premium-blog-skin-banner\">\n\t\t\t\t\t\t\t\t\t<div class=\"premium-blog-thumb-effect-wrapper\">\n\t\t\t\t\t\t<div class=\"premium-blog-thumbnail-container premium-blog-zoomin-effect\">\n\t\t\t\t\t\t\t<img loading=\"lazy\" decoding=\"async\" data-attachment-id=\"15074\" data-permalink=\"https:\/\/trailforthjournal.com\/es\/cultura\/cementerio-patrimonial-guayaquil\/attachment\/dsc00371\/\" data-orig-file=\"https:\/\/i0.wp.com\/trailforthjournal.com\/es\/wp-content\/uploads\/sites\/4\/2022\/11\/DSC00371-scaled.jpg?fit=2560%2C1920&amp;ssl=1\" data-orig-size=\"2560,1920\" data-comments-opened=\"1\" data-image-meta=\"{&quot;aperture&quot;:&quot;4.5&quot;,&quot;credit&quot;:&quot;&quot;,&quot;camera&quot;:&quot;DSC-W830&quot;,&quot;caption&quot;:&quot;&quot;,&quot;created_timestamp&quot;:&quot;1389396572&quot;,&quot;copyright&quot;:&quot;&quot;,&quot;focal_length&quot;:&quot;10.87&quot;,&quot;iso&quot;:&quot;80&quot;,&quot;shutter_speed&quot;:&quot;0.008&quot;,&quot;title&quot;:&quot;&quot;,&quot;orientation&quot;:&quot;1&quot;}\" data-image-title=\"Cementerio Patrimonial de Guayaquil\" data-image-description=\"&lt;p&gt;Cementerio Patrimonial de Guayaquil&lt;\/p&gt;\n\" data-image-caption=\"&lt;p&gt;Cementerio Patrimonial de Guayaquil&lt;\/p&gt;\n\" data-large-file=\"https:\/\/i0.wp.com\/trailforthjournal.com\/es\/wp-content\/uploads\/sites\/4\/2022\/11\/DSC00371-scaled.jpg?fit=1024%2C768&amp;ssl=1\" width=\"2560\" height=\"1920\" src=\"https:\/\/i0.wp.com\/trailforthjournal.com\/es\/wp-content\/uploads\/sites\/4\/2022\/11\/DSC00371-scaled.jpg?fit=2560%2C1920&amp;ssl=1\" class=\"attachment-full size-full wp-image-15074\" alt=\"Cementerio Patrimonial de Guayaquil\" data-attachment-id=\"15074\" data-permalink=\"https:\/\/trailforthjournal.com\/es\/cultura\/cementerio-patrimonial-guayaquil\/attachment\/dsc00371\/\" data-orig-file=\"https:\/\/i0.wp.com\/trailforthjournal.com\/es\/wp-content\/uploads\/sites\/4\/2022\/11\/DSC00371-scaled.jpg?fit=2560%2C1920&amp;ssl=1\" data-orig-size=\"2560,1920\" data-comments-opened=\"1\" data-image-meta=\"{&quot;aperture&quot;:&quot;4.5&quot;,&quot;credit&quot;:&quot;&quot;,&quot;camera&quot;:&quot;DSC-W830&quot;,&quot;caption&quot;:&quot;&quot;,&quot;created_timestamp&quot;:&quot;1389396572&quot;,&quot;copyright&quot;:&quot;&quot;,&quot;focal_length&quot;:&quot;10.87&quot;,&quot;iso&quot;:&quot;80&quot;,&quot;shutter_speed&quot;:&quot;0.008&quot;,&quot;title&quot;:&quot;&quot;,&quot;orientation&quot;:&quot;1&quot;}\" data-image-title=\"Cementerio Patrimonial de Guayaquil\" data-image-description=\"&lt;p&gt;Cementerio Patrimonial de Guayaquil&lt;\/p&gt;\n\" data-image-caption=\"&lt;p&gt;Cementerio Patrimonial de Guayaquil&lt;\/p&gt;\n\" data-large-file=\"https:\/\/i0.wp.com\/trailforthjournal.com\/es\/wp-content\/uploads\/sites\/4\/2022\/11\/DSC00371-scaled.jpg?fit=1024%2C768&amp;ssl=1\" srcset=\"https:\/\/i0.wp.com\/trailforthjournal.com\/es\/wp-content\/uploads\/sites\/4\/2022\/11\/DSC00371-scaled.jpg?w=2560&amp;ssl=1 2560w, https:\/\/i0.wp.com\/trailforthjournal.com\/es\/wp-content\/uploads\/sites\/4\/2022\/11\/DSC00371-scaled.jpg?resize=300%2C225&amp;ssl=1 300w, https:\/\/i0.wp.com\/trailforthjournal.com\/es\/wp-content\/uploads\/sites\/4\/2022\/11\/DSC00371-scaled.jpg?resize=1024%2C768&amp;ssl=1 1024w, https:\/\/i0.wp.com\/trailforthjournal.com\/es\/wp-content\/uploads\/sites\/4\/2022\/11\/DSC00371-scaled.jpg?resize=768%2C576&amp;ssl=1 768w, https:\/\/i0.wp.com\/trailforthjournal.com\/es\/wp-content\/uploads\/sites\/4\/2022\/11\/DSC00371-scaled.jpg?resize=1536%2C1152&amp;ssl=1 1536w, https:\/\/i0.wp.com\/trailforthjournal.com\/es\/wp-content\/uploads\/sites\/4\/2022\/11\/DSC00371-scaled.jpg?resize=2048%2C1536&amp;ssl=1 2048w, https:\/\/i0.wp.com\/trailforthjournal.com\/es\/wp-content\/uploads\/sites\/4\/2022\/11\/DSC00371-scaled.jpg?resize=80%2C60&amp;ssl=1 80w, https:\/\/i0.wp.com\/trailforthjournal.com\/es\/wp-content\/uploads\/sites\/4\/2022\/11\/DSC00371-scaled.jpg?resize=200%2C150&amp;ssl=1 200w, https:\/\/i0.wp.com\/trailforthjournal.com\/es\/wp-content\/uploads\/sites\/4\/2022\/11\/DSC00371-scaled.jpg?resize=600%2C450&amp;ssl=1 600w\" sizes=\"(max-width: 1032px) 100vw, 1032px\" \/>\t\t\t\t\t\t<\/div>\n\t\t\t\t\t\t\t\t\t\t\t\t\t<div class=\"premium-blog-thumbnail-overlay\">\n\t\t\t\t\t\t\t\t<a class=\"elementor-icon\" href=\"https:\/\/trailforthjournal.com\/es\/cultura\/cementerio-patrimonial-guayaquil\/\" target=\"_blank\"><\/a>\n\t\t\t\t\t\t\t<\/div>\n\n\t\t\t\t\t\t\t\t\t\t\t\t\t\t\t\t\t\t<\/div>\n\t\t\t\t\t\t\t\t\t\t\t\t<div class=\"premium-blog-content-wrapper \">\n\n\t\t\t\t\t<div class=\"premium-blog-inner-container\">\n\n\t\t\t\t\t\t\t\t\t\t\t\t\t\t<h1 class=\"premium-blog-entry-title\">\n\t\t\t<a href=\"https:\/\/trailforthjournal.com\/es\/cultura\/cementerio-patrimonial-guayaquil\/\" target=\"_blank\">\n\t\t\t\tEl Cementerio de Guayaquil: Tesoro Nacional y Patrimonio Cultural de Ecuador\t\t\t<\/a>\n\t\t<\/h1>\n\t\t\t\t<div class=\"premium-blog-entry-meta\">\n\t\t\t\n\t\t\t\n\t\t\t\n\t\t\t\t\t<\/div>\n\t\t\n\t\t\t\t\t<\/div>\n\n\t\t\t\t\t\t\t\t\t\t\n\t\t\t\t<\/div>\n\t\t\t<\/div>\n\t\t<\/div>\n\n\t\t\t\t\t\t\t<\/div>\n\n\t\t\n\t\t\n\t\t\t\t\t\t<\/div>\n\t\t\t\t<\/div>\n\t\t\t\t\t<\/div>\n\t\t<\/div>\n\t\t\t\t\t<\/div>\n\t\t<\/section>\n\t\t\t\t<section class=\"elementor-section elementor-top-section elementor-element elementor-element-08f0861 elementor-section-boxed elementor-section-height-default elementor-section-height-default wpr-particle-no wpr-jarallax-no wpr-parallax-no wpr-sticky-section-no wpr-equal-height-no\" data-id=\"08f0861\" data-element_type=\"section\" data-e-type=\"section\">\n\t\t\t\t\t\t<div class=\"elementor-container elementor-column-gap-default\">\n\t\t\t\t\t<div class=\"elementor-column elementor-col-100 elementor-top-column elementor-element elementor-element-2fbffb8\" data-id=\"2fbffb8\" data-element_type=\"column\" data-e-type=\"column\">\n\t\t\t<div class=\"elementor-widget-wrap elementor-element-populated\">\n\t\t\t\t\t\t<div class=\"elementor-element elementor-element-466214c elementor-widget elementor-widget-spacer\" data-id=\"466214c\" data-element_type=\"widget\" data-e-type=\"widget\" data-widget_type=\"spacer.default\">\n\t\t\t\t<div class=\"elementor-widget-container\">\n\t\t\t\t\t\t\t<div class=\"elementor-spacer\">\n\t\t\t<div class=\"elementor-spacer-inner\"><\/div>\n\t\t<\/div>\n\t\t\t\t\t\t<\/div>\n\t\t\t\t<\/div>\n\t\t\t\t\t<\/div>\n\t\t<\/div>\n\t\t\t\t\t<\/div>\n\t\t<\/section>\n\t\t\t\t<section class=\"elementor-section elementor-top-section elementor-element elementor-element-a9c84bf elementor-section-boxed elementor-section-height-default elementor-section-height-default wpr-particle-no wpr-jarallax-no wpr-parallax-no wpr-sticky-section-no wpr-equal-height-no\" data-id=\"a9c84bf\" data-element_type=\"section\" data-e-type=\"section\">\n\t\t\t\t\t\t\t<div class=\"elementor-background-overlay\"><\/div>\n\t\t\t\t\t\t\t<div class=\"elementor-container elementor-column-gap-no\">\n\t\t\t\t\t<div class=\"elementor-column elementor-col-100 elementor-top-column elementor-element elementor-element-3bb449b\" data-id=\"3bb449b\" data-element_type=\"column\" data-e-type=\"column\">\n\t\t\t<div class=\"elementor-widget-wrap elementor-element-populated\">\n\t\t\t\t\t\t<div class=\"elementor-element elementor-element-0980573 premium-title-color elementor-widget elementor-widget-premium-addon-title\" data-id=\"0980573\" data-element_type=\"widget\" data-e-type=\"widget\" data-widget_type=\"premium-addon-title.default\">\n\t\t\t\t<div class=\"elementor-widget-container\">\n\t\t\t\t\t\n\t\t<div class=\"premium-title-container style7\">\n\t\t\t<h5 class=\"premium-title-header premium-title-style7\">\n\t\t\t\t\t\t\t\t\t\t\t\t\t\t\t<span class=\"premium-title-style7-stripe-wrap\">\n\t\t\t\t\t\t\t<span class=\"premium-title-style7-stripe\"><\/span>\n\t\t\t\t\t\t<\/span>\n\t\t\t\t\t\t\t\t\t\t<div class=\"premium-title-style7-inner\">\n\t\t\t\t\n\t\t\t\t\n\t\t\t\t\t\t\t\t\t\t\t\t\t\t\t\t\t\t\t\t\t<span class=\"premium-title-text\">\n\t\t\t\t\tIr m\u00e1s lejos\t\t\t\t<\/span>\n\t\t\t\t\t\n\t\t\t\t\t\t\t\t\t<\/div>\n\t\t\t\t\t\t\t\t\n\t\t\t\t\t\t\t<\/h5>\n\n\t\t<\/div>\n\n\t\t\t\t\t\t<\/div>\n\t\t\t\t<\/div>\n\t\t\t\t\t<\/div>\n\t\t<\/div>\n\t\t\t\t\t<\/div>\n\t\t<\/section>\n\t\t\t\t<section class=\"elementor-section elementor-top-section elementor-element elementor-element-d76440b elementor-section-full_width elementor-section-content-middle elementor-section-height-default elementor-section-height-default wpr-particle-no wpr-jarallax-no wpr-parallax-no wpr-sticky-section-no wpr-equal-height-no\" data-id=\"d76440b\" data-element_type=\"section\" data-e-type=\"section\" data-settings=\"{&quot;background_background&quot;:&quot;classic&quot;}\">\n\t\t\t\t\t\t<div class=\"elementor-container elementor-column-gap-no\">\n\t\t\t\t\t<div class=\"elementor-column elementor-col-100 elementor-top-column elementor-element elementor-element-47908e2\" data-id=\"47908e2\" data-element_type=\"column\" data-e-type=\"column\">\n\t\t\t<div class=\"elementor-widget-wrap elementor-element-populated\">\n\t\t\t\t\t\t<div class=\"elementor-element elementor-element-c23ddca premium-blog-align-left elementor-widget elementor-widget-premium-addon-blog\" data-id=\"c23ddca\" data-element_type=\"widget\" data-e-type=\"widget\" data-settings=\"{&quot;force_height&quot;:&quot;true&quot;,&quot;premium_blog_columns_number&quot;:&quot;25%&quot;,&quot;premium_blog_grid&quot;:&quot;yes&quot;,&quot;premium_blog_layout&quot;:&quot;even&quot;,&quot;premium_blog_columns_number_tablet&quot;:&quot;50%&quot;,&quot;premium_blog_columns_number_mobile&quot;:&quot;100%&quot;,&quot;scroll_to_offset&quot;:&quot;yes&quot;}\" data-widget_type=\"premium-addon-blog.default\">\n\t\t\t\t<div class=\"elementor-widget-container\">\n\t\t\t\t\t\n\t\t\n\n\t\t\t\t<div class=\"premium-blog-wrap  premium-blog-even\" data-page=\"36287\">\n\t\t\t\t\t\t\t\t\t<div class=\"premium-blog-post-outer-container\" data-total=\"3\">\n\t\t\t<div class=\"premium-blog-post-container premium-blog-skin-banner\">\n\t\t\t\t\t\t\t\t\t<div class=\"premium-blog-thumb-effect-wrapper\">\n\t\t\t\t\t\t<div class=\"premium-blog-thumbnail-container premium-blog-zoomin-effect\">\n\t\t\t\t\t\t\t<img loading=\"lazy\" decoding=\"async\" data-attachment-id=\"50444\" data-permalink=\"https:\/\/trailforthjournal.com\/es\/aventura\/avenida-de-los-volcanes-ecuador\/attachment\/avenida-de-los-volcances-tungurahua\/\" data-orig-file=\"https:\/\/i0.wp.com\/trailforthjournal.com\/es\/wp-content\/uploads\/sites\/4\/2026\/01\/avenida-de-los-volcances-tungurahua.webp?fit=1440%2C961&amp;ssl=1\" data-orig-size=\"1440,961\" data-comments-opened=\"0\" data-image-meta=\"{&quot;aperture&quot;:&quot;0&quot;,&quot;credit&quot;:&quot;&quot;,&quot;camera&quot;:&quot;&quot;,&quot;caption&quot;:&quot;&quot;,&quot;created_timestamp&quot;:&quot;0&quot;,&quot;copyright&quot;:&quot;&quot;,&quot;focal_length&quot;:&quot;0&quot;,&quot;iso&quot;:&quot;0&quot;,&quot;shutter_speed&quot;:&quot;0&quot;,&quot;title&quot;:&quot;&quot;,&quot;orientation&quot;:&quot;0&quot;}\" data-image-title=\"volcan-tungurahua-avenida-volcanes-ecuador-turismo\" data-image-description=\"&lt;p&gt;Fotograf\u00eda de paisaje del Volc\u00e1n Tungurahua al amanecer o atardecer. Se observa la cima con nieve, laderas escarpadas y un mar de nubes que cubre los valles, con vegetaci\u00f3n densa de bosque nublado en primer plano&lt;\/p&gt;\n\" data-image-caption=\"&lt;p&gt;Vista del Volc\u00e1n Tungurahua nevado con nubes bajas y bosque andino exuberante en la Avenida de los Volcanes, Ecuador&lt;\/p&gt;\n\" data-large-file=\"https:\/\/i0.wp.com\/trailforthjournal.com\/es\/wp-content\/uploads\/sites\/4\/2026\/01\/avenida-de-los-volcances-tungurahua.webp?fit=1024%2C683&amp;ssl=1\" width=\"1440\" height=\"961\" src=\"https:\/\/i0.wp.com\/trailforthjournal.com\/es\/wp-content\/uploads\/sites\/4\/2026\/01\/avenida-de-los-volcances-tungurahua.webp?fit=1440%2C961&amp;ssl=1\" class=\"attachment-full size-full wp-image-50444\" alt=\"Vista del Volc\u00e1n Tungurahua nevado con nubes bajas y bosque andino exuberante en la Avenida de los Volcanes, Ecuador\" data-attachment-id=\"50444\" data-permalink=\"https:\/\/trailforthjournal.com\/es\/aventura\/avenida-de-los-volcanes-ecuador\/attachment\/avenida-de-los-volcances-tungurahua\/\" data-orig-file=\"https:\/\/i0.wp.com\/trailforthjournal.com\/es\/wp-content\/uploads\/sites\/4\/2026\/01\/avenida-de-los-volcances-tungurahua.webp?fit=1440%2C961&amp;ssl=1\" data-orig-size=\"1440,961\" data-comments-opened=\"0\" data-image-meta=\"{&quot;aperture&quot;:&quot;0&quot;,&quot;credit&quot;:&quot;&quot;,&quot;camera&quot;:&quot;&quot;,&quot;caption&quot;:&quot;&quot;,&quot;created_timestamp&quot;:&quot;0&quot;,&quot;copyright&quot;:&quot;&quot;,&quot;focal_length&quot;:&quot;0&quot;,&quot;iso&quot;:&quot;0&quot;,&quot;shutter_speed&quot;:&quot;0&quot;,&quot;title&quot;:&quot;&quot;,&quot;orientation&quot;:&quot;0&quot;}\" data-image-title=\"volcan-tungurahua-avenida-volcanes-ecuador-turismo\" data-image-description=\"&lt;p&gt;Fotograf\u00eda de paisaje del Volc\u00e1n Tungurahua al amanecer o atardecer. Se observa la cima con nieve, laderas escarpadas y un mar de nubes que cubre los valles, con vegetaci\u00f3n densa de bosque nublado en primer plano&lt;\/p&gt;\n\" data-image-caption=\"&lt;p&gt;Vista del Volc\u00e1n Tungurahua nevado con nubes bajas y bosque andino exuberante en la Avenida de los Volcanes, Ecuador&lt;\/p&gt;\n\" data-large-file=\"https:\/\/i0.wp.com\/trailforthjournal.com\/es\/wp-content\/uploads\/sites\/4\/2026\/01\/avenida-de-los-volcances-tungurahua.webp?fit=1024%2C683&amp;ssl=1\" srcset=\"https:\/\/i0.wp.com\/trailforthjournal.com\/es\/wp-content\/uploads\/sites\/4\/2026\/01\/avenida-de-los-volcances-tungurahua.webp?w=1440&amp;ssl=1 1440w, https:\/\/i0.wp.com\/trailforthjournal.com\/es\/wp-content\/uploads\/sites\/4\/2026\/01\/avenida-de-los-volcances-tungurahua.webp?resize=300%2C200&amp;ssl=1 300w, https:\/\/i0.wp.com\/trailforthjournal.com\/es\/wp-content\/uploads\/sites\/4\/2026\/01\/avenida-de-los-volcances-tungurahua.webp?resize=1024%2C683&amp;ssl=1 1024w, https:\/\/i0.wp.com\/trailforthjournal.com\/es\/wp-content\/uploads\/sites\/4\/2026\/01\/avenida-de-los-volcances-tungurahua.webp?resize=768%2C513&amp;ssl=1 768w, https:\/\/i0.wp.com\/trailforthjournal.com\/es\/wp-content\/uploads\/sites\/4\/2026\/01\/avenida-de-los-volcances-tungurahua.webp?resize=75%2C50&amp;ssl=1 75w, https:\/\/i0.wp.com\/trailforthjournal.com\/es\/wp-content\/uploads\/sites\/4\/2026\/01\/avenida-de-los-volcances-tungurahua.webp?resize=600%2C400&amp;ssl=1 600w\" sizes=\"(max-width: 1032px) 100vw, 1032px\" \/>\t\t\t\t\t\t<\/div>\n\t\t\t\t\t\t\t\t\t\t\t\t\t<div class=\"premium-blog-thumbnail-overlay\">\n\t\t\t\t\t\t\t\t<a class=\"elementor-icon\" href=\"https:\/\/trailforthjournal.com\/es\/aventura\/avenida-de-los-volcanes-ecuador\/\" target=\"_blank\"><\/a>\n\t\t\t\t\t\t\t<\/div>\n\n\t\t\t\t\t\t\t\t\t\t\t\t\t\t\t\t\t\t<\/div>\n\t\t\t\t\t\t\t\t\t\t\t\t<div class=\"premium-blog-content-wrapper \">\n\n\t\t\t\t\t<div class=\"premium-blog-inner-container\">\n\n\t\t\t\t\t\t\t\t\t\t\t\t\t\t<h1 class=\"premium-blog-entry-title\">\n\t\t\t<a href=\"https:\/\/trailforthjournal.com\/es\/aventura\/avenida-de-los-volcanes-ecuador\/\" target=\"_blank\">\n\t\t\t\tGu\u00eda de la Avenida de los Volcanes en Ecuador: fotograf\u00eda y aventura\t\t\t<\/a>\n\t\t<\/h1>\n\t\t\t\t<div class=\"premium-blog-entry-meta\">\n\t\t\t\n\t\t\t\n\t\t\t\n\t\t\t\t\t<\/div>\n\t\t\n\t\t\t\t\t<\/div>\n\n\t\t\t\t\t\t\t\t\t\t\n\t\t\t\t<\/div>\n\t\t\t<\/div>\n\t\t<\/div>\n\n\t\t\t\t<div class=\"premium-blog-post-outer-container\" data-total=\"3\">\n\t\t\t<div class=\"premium-blog-post-container premium-blog-skin-banner\">\n\t\t\t\t\t\t\t\t\t<div class=\"premium-blog-thumb-effect-wrapper\">\n\t\t\t\t\t\t<div class=\"premium-blog-thumbnail-container premium-blog-zoomin-effect\">\n\t\t\t\t\t\t\t<img loading=\"lazy\" decoding=\"async\" data-attachment-id=\"8933\" data-permalink=\"https:\/\/trailforthjournal.com\/es\/cultura\/centro-historico-quito-tesoro-colonial\/attachment\/quito-barroco\/\" data-orig-file=\"https:\/\/i0.wp.com\/trailforthjournal.com\/es\/wp-content\/uploads\/sites\/4\/2022\/05\/Quito-Barroco.jpg?fit=1227%2C777&amp;ssl=1\" data-orig-size=\"1227,777\" data-comments-opened=\"0\" data-image-meta=\"{&quot;aperture&quot;:&quot;0&quot;,&quot;credit&quot;:&quot;Getty Images\/Westend61&quot;,&quot;camera&quot;:&quot;&quot;,&quot;caption&quot;:&quot;&quot;,&quot;created_timestamp&quot;:&quot;1626899310&quot;,&quot;copyright&quot;:&quot;&quot;,&quot;focal_length&quot;:&quot;0&quot;,&quot;iso&quot;:&quot;0&quot;,&quot;shutter_speed&quot;:&quot;0&quot;,&quot;title&quot;:&quot;&quot;,&quot;orientation&quot;:&quot;0&quot;}\" data-image-title=\"quito-nocturno-panecillo-centro-historico\" data-image-description=\"&lt;p&gt;Paisaje urbano nocturno de Quito desde un mirador elevado. Se aprecia la densidad del centro hist\u00f3rico, la iluminaci\u00f3n de las iglesias y el monumento de la Virgen de El Panecillo en la cima del cerro.&lt;\/p&gt;\n\" data-image-caption=\"&lt;p&gt;Quito se ilumina al caer la noche, revelando la silueta de El Panecillo custodiando la capital andina.&lt;\/p&gt;\n\" data-large-file=\"https:\/\/i0.wp.com\/trailforthjournal.com\/es\/wp-content\/uploads\/sites\/4\/2022\/05\/Quito-Barroco.jpg?fit=1024%2C648&amp;ssl=1\" width=\"1227\" height=\"777\" src=\"https:\/\/i0.wp.com\/trailforthjournal.com\/es\/wp-content\/uploads\/sites\/4\/2022\/05\/Quito-Barroco.jpg?fit=1227%2C777&amp;ssl=1\" class=\"attachment-full size-full wp-image-8933\" alt=\"Vista panor\u00e1mica nocturna del centro hist\u00f3rico de Quito, Ecuador, con el cerro de El Panecillo iluminado bajo un cielo p\u00farpura al atardecer\" data-attachment-id=\"8933\" data-permalink=\"https:\/\/trailforthjournal.com\/es\/cultura\/centro-historico-quito-tesoro-colonial\/attachment\/quito-barroco\/\" data-orig-file=\"https:\/\/i0.wp.com\/trailforthjournal.com\/es\/wp-content\/uploads\/sites\/4\/2022\/05\/Quito-Barroco.jpg?fit=1227%2C777&amp;ssl=1\" data-orig-size=\"1227,777\" data-comments-opened=\"0\" data-image-meta=\"{&quot;aperture&quot;:&quot;0&quot;,&quot;credit&quot;:&quot;Getty Images\/Westend61&quot;,&quot;camera&quot;:&quot;&quot;,&quot;caption&quot;:&quot;&quot;,&quot;created_timestamp&quot;:&quot;1626899310&quot;,&quot;copyright&quot;:&quot;&quot;,&quot;focal_length&quot;:&quot;0&quot;,&quot;iso&quot;:&quot;0&quot;,&quot;shutter_speed&quot;:&quot;0&quot;,&quot;title&quot;:&quot;&quot;,&quot;orientation&quot;:&quot;0&quot;}\" data-image-title=\"quito-nocturno-panecillo-centro-historico\" data-image-description=\"&lt;p&gt;Paisaje urbano nocturno de Quito desde un mirador elevado. Se aprecia la densidad del centro hist\u00f3rico, la iluminaci\u00f3n de las iglesias y el monumento de la Virgen de El Panecillo en la cima del cerro.&lt;\/p&gt;\n\" data-image-caption=\"&lt;p&gt;Quito se ilumina al caer la noche, revelando la silueta de El Panecillo custodiando la capital andina.&lt;\/p&gt;\n\" data-large-file=\"https:\/\/i0.wp.com\/trailforthjournal.com\/es\/wp-content\/uploads\/sites\/4\/2022\/05\/Quito-Barroco.jpg?fit=1024%2C648&amp;ssl=1\" srcset=\"https:\/\/i0.wp.com\/trailforthjournal.com\/es\/wp-content\/uploads\/sites\/4\/2022\/05\/Quito-Barroco.jpg?w=1227&amp;ssl=1 1227w, https:\/\/i0.wp.com\/trailforthjournal.com\/es\/wp-content\/uploads\/sites\/4\/2022\/05\/Quito-Barroco.jpg?resize=300%2C190&amp;ssl=1 300w, https:\/\/i0.wp.com\/trailforthjournal.com\/es\/wp-content\/uploads\/sites\/4\/2022\/05\/Quito-Barroco.jpg?resize=1024%2C648&amp;ssl=1 1024w, https:\/\/i0.wp.com\/trailforthjournal.com\/es\/wp-content\/uploads\/sites\/4\/2022\/05\/Quito-Barroco.jpg?resize=768%2C486&amp;ssl=1 768w, https:\/\/i0.wp.com\/trailforthjournal.com\/es\/wp-content\/uploads\/sites\/4\/2022\/05\/Quito-Barroco.jpg?resize=237%2C150&amp;ssl=1 237w, https:\/\/i0.wp.com\/trailforthjournal.com\/es\/wp-content\/uploads\/sites\/4\/2022\/05\/Quito-Barroco.jpg?resize=600%2C380&amp;ssl=1 600w\" sizes=\"(max-width: 1032px) 100vw, 1032px\" \/>\t\t\t\t\t\t<\/div>\n\t\t\t\t\t\t\t\t\t\t\t\t\t<div class=\"premium-blog-thumbnail-overlay\">\n\t\t\t\t\t\t\t\t<a class=\"elementor-icon\" href=\"https:\/\/trailforthjournal.com\/es\/cultura\/centro-historico-quito-tesoro-colonial\/\" target=\"_blank\"><\/a>\n\t\t\t\t\t\t\t<\/div>\n\n\t\t\t\t\t\t\t\t\t\t\t\t\t\t\t\t\t\t<\/div>\n\t\t\t\t\t\t\t\t\t\t\t\t<div class=\"premium-blog-content-wrapper \">\n\n\t\t\t\t\t<div class=\"premium-blog-inner-container\">\n\n\t\t\t\t\t\t\t\t\t\t\t\t\t\t<h1 class=\"premium-blog-entry-title\">\n\t\t\t<a href=\"https:\/\/trailforthjournal.com\/es\/cultura\/centro-historico-quito-tesoro-colonial\/\" target=\"_blank\">\n\t\t\t\tLa Magia del Centro Hist\u00f3rico de Quito: Patrimonio de la Humanidad (1978) y tesoro colonial\t\t\t<\/a>\n\t\t<\/h1>\n\t\t\t\t<div class=\"premium-blog-entry-meta\">\n\t\t\t\n\t\t\t\n\t\t\t\n\t\t\t\t\t<\/div>\n\t\t\n\t\t\t\t\t<\/div>\n\n\t\t\t\t\t\t\t\t\t\t\n\t\t\t\t<\/div>\n\t\t\t<\/div>\n\t\t<\/div>\n\n\t\t\t\t<div class=\"premium-blog-post-outer-container\" data-total=\"3\">\n\t\t\t<div class=\"premium-blog-post-container premium-blog-skin-banner\">\n\t\t\t\t\t\t\t\t\t<div class=\"premium-blog-thumb-effect-wrapper\">\n\t\t\t\t\t\t<div class=\"premium-blog-thumbnail-container premium-blog-zoomin-effect\">\n\t\t\t\t\t\t\t<img loading=\"lazy\" decoding=\"async\" data-attachment-id=\"47589\" data-permalink=\"https:\/\/trailforthjournal.com\/es\/aventura\/parque-nacional-cajas-lagunas\/attachment\/parque-nacional-cajas-visita\/\" data-orig-file=\"https:\/\/i0.wp.com\/trailforthjournal.com\/es\/wp-content\/uploads\/sites\/4\/2022\/05\/parque-nacional-cajas-visita-scaled.jpg?fit=2560%2C2344&amp;ssl=1\" data-orig-size=\"2560,2344\" data-comments-opened=\"0\" data-image-meta=\"{&quot;aperture&quot;:&quot;0&quot;,&quot;credit&quot;:&quot;&quot;,&quot;camera&quot;:&quot;&quot;,&quot;caption&quot;:&quot;&quot;,&quot;created_timestamp&quot;:&quot;0&quot;,&quot;copyright&quot;:&quot;&quot;,&quot;focal_length&quot;:&quot;0&quot;,&quot;iso&quot;:&quot;0&quot;,&quot;shutter_speed&quot;:&quot;0&quot;,&quot;title&quot;:&quot;&quot;,&quot;orientation&quot;:&quot;0&quot;}\" data-image-title=\"parque-nacional-cajas-azuay-paramo-ecuador\" data-image-description=\"&lt;p&gt;Vista panor\u00e1mica del Parque Nacional Cajas durante el ocaso. Se aprecian las siluetas de las monta\u00f1as escarpadas, una peque\u00f1a cascada o riachuelo descendiendo por la ladera, y la caracter\u00edstica neblina del p\u00e1ramo envolviendo los picos. En primer plano, se observa el reflejo de la luz residual sobre una laguna&lt;\/p&gt;\n\" data-image-caption=\"&lt;p&gt;El Parque Nacional Cajas: un santuario de agua y roca en las tierras altas de los Andes ecuatorianos&lt;\/p&gt;\n\" data-large-file=\"https:\/\/i0.wp.com\/trailforthjournal.com\/es\/wp-content\/uploads\/sites\/4\/2022\/05\/parque-nacional-cajas-visita-scaled.jpg?fit=1024%2C938&amp;ssl=1\" width=\"2560\" height=\"2344\" src=\"https:\/\/i0.wp.com\/trailforthjournal.com\/es\/wp-content\/uploads\/sites\/4\/2022\/05\/parque-nacional-cajas-visita-scaled.jpg?fit=2560%2C2344&amp;ssl=1\" class=\"attachment-full size-full wp-image-47589\" alt=\"Paisaje de monta\u00f1a en el Parque Nacional Cajas, Azuay, con formaciones rocosas, neblina y una laguna al atardecer\" data-attachment-id=\"47589\" data-permalink=\"https:\/\/trailforthjournal.com\/es\/aventura\/parque-nacional-cajas-lagunas\/attachment\/parque-nacional-cajas-visita\/\" data-orig-file=\"https:\/\/i0.wp.com\/trailforthjournal.com\/es\/wp-content\/uploads\/sites\/4\/2022\/05\/parque-nacional-cajas-visita-scaled.jpg?fit=2560%2C2344&amp;ssl=1\" data-orig-size=\"2560,2344\" data-comments-opened=\"0\" data-image-meta=\"{&quot;aperture&quot;:&quot;0&quot;,&quot;credit&quot;:&quot;&quot;,&quot;camera&quot;:&quot;&quot;,&quot;caption&quot;:&quot;&quot;,&quot;created_timestamp&quot;:&quot;0&quot;,&quot;copyright&quot;:&quot;&quot;,&quot;focal_length&quot;:&quot;0&quot;,&quot;iso&quot;:&quot;0&quot;,&quot;shutter_speed&quot;:&quot;0&quot;,&quot;title&quot;:&quot;&quot;,&quot;orientation&quot;:&quot;0&quot;}\" data-image-title=\"parque-nacional-cajas-azuay-paramo-ecuador\" data-image-description=\"&lt;p&gt;Vista panor\u00e1mica del Parque Nacional Cajas durante el ocaso. Se aprecian las siluetas de las monta\u00f1as escarpadas, una peque\u00f1a cascada o riachuelo descendiendo por la ladera, y la caracter\u00edstica neblina del p\u00e1ramo envolviendo los picos. En primer plano, se observa el reflejo de la luz residual sobre una laguna&lt;\/p&gt;\n\" data-image-caption=\"&lt;p&gt;El Parque Nacional Cajas: un santuario de agua y roca en las tierras altas de los Andes ecuatorianos&lt;\/p&gt;\n\" data-large-file=\"https:\/\/i0.wp.com\/trailforthjournal.com\/es\/wp-content\/uploads\/sites\/4\/2022\/05\/parque-nacional-cajas-visita-scaled.jpg?fit=1024%2C938&amp;ssl=1\" srcset=\"https:\/\/i0.wp.com\/trailforthjournal.com\/es\/wp-content\/uploads\/sites\/4\/2022\/05\/parque-nacional-cajas-visita-scaled.jpg?w=2560&amp;ssl=1 2560w, https:\/\/i0.wp.com\/trailforthjournal.com\/es\/wp-content\/uploads\/sites\/4\/2022\/05\/parque-nacional-cajas-visita-scaled.jpg?resize=300%2C275&amp;ssl=1 300w, https:\/\/i0.wp.com\/trailforthjournal.com\/es\/wp-content\/uploads\/sites\/4\/2022\/05\/parque-nacional-cajas-visita-scaled.jpg?resize=1024%2C938&amp;ssl=1 1024w, https:\/\/i0.wp.com\/trailforthjournal.com\/es\/wp-content\/uploads\/sites\/4\/2022\/05\/parque-nacional-cajas-visita-scaled.jpg?resize=768%2C703&amp;ssl=1 768w, https:\/\/i0.wp.com\/trailforthjournal.com\/es\/wp-content\/uploads\/sites\/4\/2022\/05\/parque-nacional-cajas-visita-scaled.jpg?resize=1536%2C1406&amp;ssl=1 1536w, https:\/\/i0.wp.com\/trailforthjournal.com\/es\/wp-content\/uploads\/sites\/4\/2022\/05\/parque-nacional-cajas-visita-scaled.jpg?resize=2048%2C1875&amp;ssl=1 2048w, https:\/\/i0.wp.com\/trailforthjournal.com\/es\/wp-content\/uploads\/sites\/4\/2022\/05\/parque-nacional-cajas-visita-scaled.jpg?resize=55%2C50&amp;ssl=1 55w, https:\/\/i0.wp.com\/trailforthjournal.com\/es\/wp-content\/uploads\/sites\/4\/2022\/05\/parque-nacional-cajas-visita-scaled.jpg?resize=600%2C549&amp;ssl=1 600w\" sizes=\"(max-width: 1032px) 100vw, 1032px\" \/>\t\t\t\t\t\t<\/div>\n\t\t\t\t\t\t\t\t\t\t\t\t\t<div class=\"premium-blog-thumbnail-overlay\">\n\t\t\t\t\t\t\t\t<a class=\"elementor-icon\" href=\"https:\/\/trailforthjournal.com\/es\/aventura\/parque-nacional-cajas-lagunas\/\" target=\"_blank\"><\/a>\n\t\t\t\t\t\t\t<\/div>\n\n\t\t\t\t\t\t\t\t\t\t\t\t\t\t\t\t\t\t<\/div>\n\t\t\t\t\t\t\t\t\t\t\t\t<div class=\"premium-blog-content-wrapper \">\n\n\t\t\t\t\t<div class=\"premium-blog-inner-container\">\n\n\t\t\t\t\t\t\t\t\t\t\t\t\t\t<h1 class=\"premium-blog-entry-title\">\n\t\t\t<a href=\"https:\/\/trailforthjournal.com\/es\/aventura\/parque-nacional-cajas-lagunas\/\" target=\"_blank\">\n\t\t\t\tGu\u00eda Completa del Parque Nacional Cajas: Qu\u00e9 ver, rutas y consejos (2026)\t\t\t<\/a>\n\t\t<\/h1>\n\t\t\t\t<div class=\"premium-blog-entry-meta\">\n\t\t\t\n\t\t\t\n\t\t\t\n\t\t\t\t\t<\/div>\n\t\t\n\t\t\t\t\t<\/div>\n\n\t\t\t\t\t\t\t\t\t\t\n\t\t\t\t<\/div>\n\t\t\t<\/div>\n\t\t<\/div>\n\n\t\t\t\t<div class=\"premium-blog-post-outer-container\" data-total=\"3\">\n\t\t\t<div class=\"premium-blog-post-container premium-blog-skin-banner\">\n\t\t\t\t\t\t\t\t\t<div class=\"premium-blog-thumb-effect-wrapper\">\n\t\t\t\t\t\t<div class=\"premium-blog-thumbnail-container premium-blog-zoomin-effect\">\n\t\t\t\t\t\t\t<img loading=\"lazy\" decoding=\"async\" data-attachment-id=\"47739\" data-permalink=\"https:\/\/trailforthjournal.com\/es\/cultura\/mapa-lugares-turisticos-cuenca\/attachment\/cosas-que-hacer-en-cuenca\/\" data-orig-file=\"https:\/\/i0.wp.com\/trailforthjournal.com\/es\/wp-content\/uploads\/sites\/4\/2025\/12\/cosas-que-hacer-en-cuenca.jpg?fit=2048%2C1536&amp;ssl=1\" data-orig-size=\"2048,1536\" data-comments-opened=\"0\" data-image-meta=\"{&quot;aperture&quot;:&quot;2.2&quot;,&quot;credit&quot;:&quot;&quot;,&quot;camera&quot;:&quot;Galaxy S24 Ultra&quot;,&quot;caption&quot;:&quot;&quot;,&quot;created_timestamp&quot;:&quot;1765235801&quot;,&quot;copyright&quot;:&quot;&quot;,&quot;focal_length&quot;:&quot;2.2&quot;,&quot;iso&quot;:&quot;80&quot;,&quot;shutter_speed&quot;:&quot;0.0083333333333333&quot;,&quot;title&quot;:&quot;&quot;,&quot;orientation&quot;:&quot;0&quot;}\" data-image-title=\"cosas-que-hacer-en-cuenca-seminario-san-luis\" data-image-description=\"&lt;p&gt;Fotograf\u00eda nocturna del patio interior del Seminario San Luis en Cuenca. Se observa la decoraci\u00f3n con luces de hadas, mesas de restaurantes y la imponente arquitectura de la Catedral de la Inmaculada Concepci\u00f3n al fondo&lt;\/p&gt;\n\" data-image-caption=\"&lt;p&gt;El Seminario San Luis: un rinc\u00f3n m\u00e1gico para disfrutar de la gastronom\u00eda bajo las c\u00fapulas de la Catedral&lt;\/p&gt;\n\" data-large-file=\"https:\/\/i0.wp.com\/trailforthjournal.com\/es\/wp-content\/uploads\/sites\/4\/2025\/12\/cosas-que-hacer-en-cuenca.jpg?fit=1024%2C768&amp;ssl=1\" width=\"2048\" height=\"1536\" src=\"https:\/\/i0.wp.com\/trailforthjournal.com\/es\/wp-content\/uploads\/sites\/4\/2025\/12\/cosas-que-hacer-en-cuenca.jpg?fit=2048%2C1536&amp;ssl=1\" class=\"attachment-full size-full wp-image-47739\" alt=\"Patio iluminado del Seminario San Luis con vista a las c\u00fapulas azules de la Catedral de Cuenca, Ecuador, de noche\" data-attachment-id=\"47739\" data-permalink=\"https:\/\/trailforthjournal.com\/es\/cultura\/mapa-lugares-turisticos-cuenca\/attachment\/cosas-que-hacer-en-cuenca\/\" data-orig-file=\"https:\/\/i0.wp.com\/trailforthjournal.com\/es\/wp-content\/uploads\/sites\/4\/2025\/12\/cosas-que-hacer-en-cuenca.jpg?fit=2048%2C1536&amp;ssl=1\" data-orig-size=\"2048,1536\" data-comments-opened=\"0\" data-image-meta=\"{&quot;aperture&quot;:&quot;2.2&quot;,&quot;credit&quot;:&quot;&quot;,&quot;camera&quot;:&quot;Galaxy S24 Ultra&quot;,&quot;caption&quot;:&quot;&quot;,&quot;created_timestamp&quot;:&quot;1765235801&quot;,&quot;copyright&quot;:&quot;&quot;,&quot;focal_length&quot;:&quot;2.2&quot;,&quot;iso&quot;:&quot;80&quot;,&quot;shutter_speed&quot;:&quot;0.0083333333333333&quot;,&quot;title&quot;:&quot;&quot;,&quot;orientation&quot;:&quot;0&quot;}\" data-image-title=\"cosas-que-hacer-en-cuenca-seminario-san-luis\" data-image-description=\"&lt;p&gt;Fotograf\u00eda nocturna del patio interior del Seminario San Luis en Cuenca. Se observa la decoraci\u00f3n con luces de hadas, mesas de restaurantes y la imponente arquitectura de la Catedral de la Inmaculada Concepci\u00f3n al fondo&lt;\/p&gt;\n\" data-image-caption=\"&lt;p&gt;El Seminario San Luis: un rinc\u00f3n m\u00e1gico para disfrutar de la gastronom\u00eda bajo las c\u00fapulas de la Catedral&lt;\/p&gt;\n\" data-large-file=\"https:\/\/i0.wp.com\/trailforthjournal.com\/es\/wp-content\/uploads\/sites\/4\/2025\/12\/cosas-que-hacer-en-cuenca.jpg?fit=1024%2C768&amp;ssl=1\" srcset=\"https:\/\/i0.wp.com\/trailforthjournal.com\/es\/wp-content\/uploads\/sites\/4\/2025\/12\/cosas-que-hacer-en-cuenca.jpg?w=2048&amp;ssl=1 2048w, https:\/\/i0.wp.com\/trailforthjournal.com\/es\/wp-content\/uploads\/sites\/4\/2025\/12\/cosas-que-hacer-en-cuenca.jpg?resize=300%2C225&amp;ssl=1 300w, https:\/\/i0.wp.com\/trailforthjournal.com\/es\/wp-content\/uploads\/sites\/4\/2025\/12\/cosas-que-hacer-en-cuenca.jpg?resize=1024%2C768&amp;ssl=1 1024w, https:\/\/i0.wp.com\/trailforthjournal.com\/es\/wp-content\/uploads\/sites\/4\/2025\/12\/cosas-que-hacer-en-cuenca.jpg?resize=768%2C576&amp;ssl=1 768w, https:\/\/i0.wp.com\/trailforthjournal.com\/es\/wp-content\/uploads\/sites\/4\/2025\/12\/cosas-que-hacer-en-cuenca.jpg?resize=1536%2C1152&amp;ssl=1 1536w, https:\/\/i0.wp.com\/trailforthjournal.com\/es\/wp-content\/uploads\/sites\/4\/2025\/12\/cosas-que-hacer-en-cuenca.jpg?resize=67%2C50&amp;ssl=1 67w, https:\/\/i0.wp.com\/trailforthjournal.com\/es\/wp-content\/uploads\/sites\/4\/2025\/12\/cosas-que-hacer-en-cuenca.jpg?resize=600%2C450&amp;ssl=1 600w\" sizes=\"(max-width: 1032px) 100vw, 1032px\" \/>\t\t\t\t\t\t<\/div>\n\t\t\t\t\t\t\t\t\t\t\t\t\t<div class=\"premium-blog-thumbnail-overlay\">\n\t\t\t\t\t\t\t\t<a class=\"elementor-icon\" href=\"https:\/\/trailforthjournal.com\/es\/cultura\/mapa-lugares-turisticos-cuenca\/\" target=\"_blank\"><\/a>\n\t\t\t\t\t\t\t<\/div>\n\n\t\t\t\t\t\t\t\t\t\t\t\t\t\t\t\t\t\t<\/div>\n\t\t\t\t\t\t\t\t\t\t\t\t<div class=\"premium-blog-content-wrapper \">\n\n\t\t\t\t\t<div class=\"premium-blog-inner-container\">\n\n\t\t\t\t\t\t\t\t\t\t\t\t\t\t<h1 class=\"premium-blog-entry-title\">\n\t\t\t<a href=\"https:\/\/trailforthjournal.com\/es\/cultura\/mapa-lugares-turisticos-cuenca\/\" target=\"_blank\">\n\t\t\t\tDescubre los Lugares Tur\u00edsticos de Cuenca, descarga el Mapa y recorre la Antenas del Ecuador \u00a1GRATIS!\t\t\t<\/a>\n\t\t<\/h1>\n\t\t\t\t<div class=\"premium-blog-entry-meta\">\n\t\t\t\n\t\t\t\n\t\t\t\n\t\t\t\t\t<\/div>\n\t\t\n\t\t\t\t\t<\/div>\n\n\t\t\t\t\t\t\t\t\t\t\n\t\t\t\t<\/div>\n\t\t\t<\/div>\n\t\t<\/div>\n\n\t\t\t\t\t\t\t<\/div>\n\n\t\t\n\t\t\n\t\t\t\t\t\t<\/div>\n\t\t\t\t<\/div>\n\t\t\t\t\t<\/div>\n\t\t<\/div>\n\t\t\t\t\t<\/div>\n\t\t<\/section>\n\t\t\t\t<section class=\"elementor-section elementor-top-section elementor-element elementor-element-308c13a elementor-section-full_width elementor-section-content-middle elementor-section-height-default elementor-section-height-default wpr-particle-no wpr-jarallax-no wpr-parallax-no wpr-sticky-section-no wpr-equal-height-no\" data-id=\"308c13a\" data-element_type=\"section\" data-e-type=\"section\" data-settings=\"{&quot;background_background&quot;:&quot;classic&quot;}\">\n\t\t\t\t\t\t<div class=\"elementor-container elementor-column-gap-no\">\n\t\t\t\t\t<div class=\"elementor-column elementor-col-100 elementor-top-column elementor-element elementor-element-9f696b1\" data-id=\"9f696b1\" data-element_type=\"column\" data-e-type=\"column\">\n\t\t\t<div class=\"elementor-widget-wrap elementor-element-populated\">\n\t\t\t\t\t\t<div class=\"elementor-element elementor-element-21a0571 premium-blog-align-left elementor-widget elementor-widget-premium-addon-blog\" data-id=\"21a0571\" data-element_type=\"widget\" data-e-type=\"widget\" data-settings=\"{&quot;force_height&quot;:&quot;true&quot;,&quot;premium_blog_columns_number&quot;:&quot;25%&quot;,&quot;premium_blog_grid&quot;:&quot;yes&quot;,&quot;premium_blog_layout&quot;:&quot;even&quot;,&quot;premium_blog_columns_number_tablet&quot;:&quot;50%&quot;,&quot;premium_blog_columns_number_mobile&quot;:&quot;100%&quot;,&quot;scroll_to_offset&quot;:&quot;yes&quot;}\" data-widget_type=\"premium-addon-blog.default\">\n\t\t\t\t<div class=\"elementor-widget-container\">\n\t\t\t\t\t\n\t\t\n\n\t\t\t\t<div class=\"premium-blog-wrap  premium-blog-even\" data-page=\"36287\">\n\t\t\t\t\t\t\t\t\t<div class=\"premium-blog-post-outer-container\" data-total=\"2\">\n\t\t\t<div class=\"premium-blog-post-container premium-blog-skin-banner\">\n\t\t\t\t\t\t\t\t\t<div class=\"premium-blog-thumb-effect-wrapper\">\n\t\t\t\t\t\t<div class=\"premium-blog-thumbnail-container premium-blog-zoomin-effect\">\n\t\t\t\t\t\t\t<img loading=\"lazy\" decoding=\"async\" data-attachment-id=\"50259\" data-permalink=\"https:\/\/trailforthjournal.com\/es\/ambiente\/guia-playas-ecuador\/attachment\/playas-de-ecuador\/\" data-orig-file=\"https:\/\/i0.wp.com\/trailforthjournal.com\/es\/wp-content\/uploads\/sites\/4\/2022\/11\/playas-de-ecuador.jpg?fit=1920%2C1440&amp;ssl=1\" data-orig-size=\"1920,1440\" data-comments-opened=\"0\" data-image-meta=\"{&quot;aperture&quot;:&quot;0&quot;,&quot;credit&quot;:&quot;&quot;,&quot;camera&quot;:&quot;&quot;,&quot;caption&quot;:&quot;&quot;,&quot;created_timestamp&quot;:&quot;0&quot;,&quot;copyright&quot;:&quot;&quot;,&quot;focal_length&quot;:&quot;0&quot;,&quot;iso&quot;:&quot;0&quot;,&quot;shutter_speed&quot;:&quot;0&quot;,&quot;title&quot;:&quot;&quot;,&quot;orientation&quot;:&quot;0&quot;}\" data-image-title=\"playas-de-ecuador\" data-image-description=\"\" data-image-caption=\"\" data-large-file=\"https:\/\/i0.wp.com\/trailforthjournal.com\/es\/wp-content\/uploads\/sites\/4\/2022\/11\/playas-de-ecuador.jpg?fit=1024%2C768&amp;ssl=1\" width=\"1920\" height=\"1440\" src=\"https:\/\/i0.wp.com\/trailforthjournal.com\/es\/wp-content\/uploads\/sites\/4\/2022\/11\/playas-de-ecuador.jpg?fit=1920%2C1440&amp;ssl=1\" class=\"attachment-full size-full wp-image-50259\" alt=\"\" data-attachment-id=\"50259\" data-permalink=\"https:\/\/trailforthjournal.com\/es\/ambiente\/guia-playas-ecuador\/attachment\/playas-de-ecuador\/\" data-orig-file=\"https:\/\/i0.wp.com\/trailforthjournal.com\/es\/wp-content\/uploads\/sites\/4\/2022\/11\/playas-de-ecuador.jpg?fit=1920%2C1440&amp;ssl=1\" data-orig-size=\"1920,1440\" data-comments-opened=\"0\" data-image-meta=\"{&quot;aperture&quot;:&quot;0&quot;,&quot;credit&quot;:&quot;&quot;,&quot;camera&quot;:&quot;&quot;,&quot;caption&quot;:&quot;&quot;,&quot;created_timestamp&quot;:&quot;0&quot;,&quot;copyright&quot;:&quot;&quot;,&quot;focal_length&quot;:&quot;0&quot;,&quot;iso&quot;:&quot;0&quot;,&quot;shutter_speed&quot;:&quot;0&quot;,&quot;title&quot;:&quot;&quot;,&quot;orientation&quot;:&quot;0&quot;}\" data-image-title=\"playas-de-ecuador\" data-image-description=\"\" data-image-caption=\"\" data-large-file=\"https:\/\/i0.wp.com\/trailforthjournal.com\/es\/wp-content\/uploads\/sites\/4\/2022\/11\/playas-de-ecuador.jpg?fit=1024%2C768&amp;ssl=1\" srcset=\"https:\/\/i0.wp.com\/trailforthjournal.com\/es\/wp-content\/uploads\/sites\/4\/2022\/11\/playas-de-ecuador.jpg?w=1920&amp;ssl=1 1920w, https:\/\/i0.wp.com\/trailforthjournal.com\/es\/wp-content\/uploads\/sites\/4\/2022\/11\/playas-de-ecuador.jpg?resize=300%2C225&amp;ssl=1 300w, https:\/\/i0.wp.com\/trailforthjournal.com\/es\/wp-content\/uploads\/sites\/4\/2022\/11\/playas-de-ecuador.jpg?resize=1024%2C768&amp;ssl=1 1024w, https:\/\/i0.wp.com\/trailforthjournal.com\/es\/wp-content\/uploads\/sites\/4\/2022\/11\/playas-de-ecuador.jpg?resize=768%2C576&amp;ssl=1 768w, https:\/\/i0.wp.com\/trailforthjournal.com\/es\/wp-content\/uploads\/sites\/4\/2022\/11\/playas-de-ecuador.jpg?resize=1536%2C1152&amp;ssl=1 1536w, https:\/\/i0.wp.com\/trailforthjournal.com\/es\/wp-content\/uploads\/sites\/4\/2022\/11\/playas-de-ecuador.jpg?resize=67%2C50&amp;ssl=1 67w, https:\/\/i0.wp.com\/trailforthjournal.com\/es\/wp-content\/uploads\/sites\/4\/2022\/11\/playas-de-ecuador.jpg?resize=600%2C450&amp;ssl=1 600w\" sizes=\"(max-width: 1032px) 100vw, 1032px\" \/>\t\t\t\t\t\t<\/div>\n\t\t\t\t\t\t\t\t\t\t\t\t\t<div class=\"premium-blog-thumbnail-overlay\">\n\t\t\t\t\t\t\t\t<a class=\"elementor-icon\" href=\"https:\/\/trailforthjournal.com\/es\/ambiente\/guia-playas-ecuador\/\" target=\"_blank\"><\/a>\n\t\t\t\t\t\t\t<\/div>\n\n\t\t\t\t\t\t\t\t\t\t\t\t\t\t\t\t\t\t<\/div>\n\t\t\t\t\t\t\t\t\t\t\t\t<div class=\"premium-blog-content-wrapper \">\n\n\t\t\t\t\t<div class=\"premium-blog-inner-container\">\n\n\t\t\t\t\t\t\t\t\t\t\t\t\t\t<h1 class=\"premium-blog-entry-title\">\n\t\t\t<a href=\"https:\/\/trailforthjournal.com\/es\/ambiente\/guia-playas-ecuador\/\" target=\"_blank\">\n\t\t\t\tGu\u00eda de las Mejores Playas de Ecuador: Un Recorrido por su Entorno Natural\t\t\t<\/a>\n\t\t<\/h1>\n\t\t\t\t<div class=\"premium-blog-entry-meta\">\n\t\t\t\n\t\t\t\n\t\t\t\n\t\t\t\t\t<\/div>\n\t\t\n\t\t\t\t\t<\/div>\n\n\t\t\t\t\t\t\t\t\t\t\n\t\t\t\t<\/div>\n\t\t\t<\/div>\n\t\t<\/div>\n\n\t\t\t\t<div class=\"premium-blog-post-outer-container\" data-total=\"2\">\n\t\t\t<div class=\"premium-blog-post-container premium-blog-skin-banner\">\n\t\t\t\t\t\t\t\t\t<div class=\"premium-blog-thumb-effect-wrapper\">\n\t\t\t\t\t\t<div class=\"premium-blog-thumbnail-container premium-blog-zoomin-effect\">\n\t\t\t\t\t\t\t<img loading=\"lazy\" decoding=\"async\" data-attachment-id=\"14519\" data-permalink=\"https:\/\/trailforthjournal.com\/es\/cultura\/importancia-del-turismo-ecuador\/attachment\/cotopaxi-by-tourist\/\" data-orig-file=\"https:\/\/i0.wp.com\/trailforthjournal.com\/es\/wp-content\/uploads\/sites\/4\/2022\/10\/Cotopaxi-by-tourist-scaled.jpg?fit=2560%2C1920&amp;ssl=1\" data-orig-size=\"2560,1920\" data-comments-opened=\"1\" data-image-meta=\"{&quot;aperture&quot;:&quot;8&quot;,&quot;credit&quot;:&quot;&quot;,&quot;camera&quot;:&quot;FinePix S100FS&quot;,&quot;caption&quot;:&quot;&quot;,&quot;created_timestamp&quot;:&quot;1261841149&quot;,&quot;copyright&quot;:&quot;&quot;,&quot;focal_length&quot;:&quot;15.4&quot;,&quot;iso&quot;:&quot;400&quot;,&quot;shutter_speed&quot;:&quot;0.00052631578947368&quot;,&quot;title&quot;:&quot;&quot;,&quot;orientation&quot;:&quot;1&quot;}\" data-image-title=\"Cotopaxi fotografiado por turistas\" data-image-description=\"&lt;p&gt;Cotopaxi fotografiado por turistas&lt;\/p&gt;\n\" data-image-caption=\"&lt;p&gt;Cotopaxi fotografiado por turistas&lt;\/p&gt;\n\" data-large-file=\"https:\/\/i0.wp.com\/trailforthjournal.com\/es\/wp-content\/uploads\/sites\/4\/2022\/10\/Cotopaxi-by-tourist-scaled.jpg?fit=1024%2C768&amp;ssl=1\" width=\"2560\" height=\"1920\" src=\"https:\/\/i0.wp.com\/trailforthjournal.com\/es\/wp-content\/uploads\/sites\/4\/2022\/10\/Cotopaxi-by-tourist-scaled.jpg?fit=2560%2C1920&amp;ssl=1\" class=\"attachment-full size-full wp-image-14519\" alt=\"Cotopaxi fotografiado por turistas\" data-attachment-id=\"14519\" data-permalink=\"https:\/\/trailforthjournal.com\/es\/cultura\/importancia-del-turismo-ecuador\/attachment\/cotopaxi-by-tourist\/\" data-orig-file=\"https:\/\/i0.wp.com\/trailforthjournal.com\/es\/wp-content\/uploads\/sites\/4\/2022\/10\/Cotopaxi-by-tourist-scaled.jpg?fit=2560%2C1920&amp;ssl=1\" data-orig-size=\"2560,1920\" data-comments-opened=\"1\" data-image-meta=\"{&quot;aperture&quot;:&quot;8&quot;,&quot;credit&quot;:&quot;&quot;,&quot;camera&quot;:&quot;FinePix S100FS&quot;,&quot;caption&quot;:&quot;&quot;,&quot;created_timestamp&quot;:&quot;1261841149&quot;,&quot;copyright&quot;:&quot;&quot;,&quot;focal_length&quot;:&quot;15.4&quot;,&quot;iso&quot;:&quot;400&quot;,&quot;shutter_speed&quot;:&quot;0.00052631578947368&quot;,&quot;title&quot;:&quot;&quot;,&quot;orientation&quot;:&quot;1&quot;}\" data-image-title=\"Cotopaxi fotografiado por turistas\" data-image-description=\"&lt;p&gt;Cotopaxi fotografiado por turistas&lt;\/p&gt;\n\" data-image-caption=\"&lt;p&gt;Cotopaxi fotografiado por turistas&lt;\/p&gt;\n\" data-large-file=\"https:\/\/i0.wp.com\/trailforthjournal.com\/es\/wp-content\/uploads\/sites\/4\/2022\/10\/Cotopaxi-by-tourist-scaled.jpg?fit=1024%2C768&amp;ssl=1\" srcset=\"https:\/\/i0.wp.com\/trailforthjournal.com\/es\/wp-content\/uploads\/sites\/4\/2022\/10\/Cotopaxi-by-tourist-scaled.jpg?w=2560&amp;ssl=1 2560w, https:\/\/i0.wp.com\/trailforthjournal.com\/es\/wp-content\/uploads\/sites\/4\/2022\/10\/Cotopaxi-by-tourist-scaled.jpg?resize=300%2C225&amp;ssl=1 300w, https:\/\/i0.wp.com\/trailforthjournal.com\/es\/wp-content\/uploads\/sites\/4\/2022\/10\/Cotopaxi-by-tourist-scaled.jpg?resize=1024%2C768&amp;ssl=1 1024w, https:\/\/i0.wp.com\/trailforthjournal.com\/es\/wp-content\/uploads\/sites\/4\/2022\/10\/Cotopaxi-by-tourist-scaled.jpg?resize=768%2C576&amp;ssl=1 768w, https:\/\/i0.wp.com\/trailforthjournal.com\/es\/wp-content\/uploads\/sites\/4\/2022\/10\/Cotopaxi-by-tourist-scaled.jpg?resize=1536%2C1152&amp;ssl=1 1536w, https:\/\/i0.wp.com\/trailforthjournal.com\/es\/wp-content\/uploads\/sites\/4\/2022\/10\/Cotopaxi-by-tourist-scaled.jpg?resize=2048%2C1536&amp;ssl=1 2048w, https:\/\/i0.wp.com\/trailforthjournal.com\/es\/wp-content\/uploads\/sites\/4\/2022\/10\/Cotopaxi-by-tourist-scaled.jpg?resize=80%2C60&amp;ssl=1 80w, https:\/\/i0.wp.com\/trailforthjournal.com\/es\/wp-content\/uploads\/sites\/4\/2022\/10\/Cotopaxi-by-tourist-scaled.jpg?resize=200%2C150&amp;ssl=1 200w, https:\/\/i0.wp.com\/trailforthjournal.com\/es\/wp-content\/uploads\/sites\/4\/2022\/10\/Cotopaxi-by-tourist-scaled.jpg?resize=600%2C450&amp;ssl=1 600w\" sizes=\"(max-width: 1032px) 100vw, 1032px\" \/>\t\t\t\t\t\t<\/div>\n\t\t\t\t\t\t\t\t\t\t\t\t\t<div class=\"premium-blog-thumbnail-overlay\">\n\t\t\t\t\t\t\t\t<a class=\"elementor-icon\" href=\"https:\/\/trailforthjournal.com\/es\/cultura\/importancia-del-turismo-ecuador\/\" target=\"_blank\"><\/a>\n\t\t\t\t\t\t\t<\/div>\n\n\t\t\t\t\t\t\t\t\t\t\t\t\t\t\t\t\t\t<\/div>\n\t\t\t\t\t\t\t\t\t\t\t\t<div class=\"premium-blog-content-wrapper \">\n\n\t\t\t\t\t<div class=\"premium-blog-inner-container\">\n\n\t\t\t\t\t\t\t\t\t\t\t\t\t\t<h1 class=\"premium-blog-entry-title\">\n\t\t\t<a href=\"https:\/\/trailforthjournal.com\/es\/cultura\/importancia-del-turismo-ecuador\/\" target=\"_blank\">\n\t\t\t\tLa importancia del Turismo para Ecuador: Motor de la Econom\u00eda y el Desarrollo Sostenible\t\t\t<\/a>\n\t\t<\/h1>\n\t\t\t\t<div class=\"premium-blog-entry-meta\">\n\t\t\t\n\t\t\t\n\t\t\t\n\t\t\t\t\t<\/div>\n\t\t\n\t\t\t\t\t<\/div>\n\n\t\t\t\t\t\t\t\t\t\t\n\t\t\t\t<\/div>\n\t\t\t<\/div>\n\t\t<\/div>\n\n\t\t\t\t<div class=\"premium-blog-post-outer-container\" data-total=\"2\">\n\t\t\t<div class=\"premium-blog-post-container premium-blog-skin-banner\">\n\t\t\t\t\t\t\t\t\t<div class=\"premium-blog-thumb-effect-wrapper\">\n\t\t\t\t\t\t<div class=\"premium-blog-thumbnail-container premium-blog-zoomin-effect\">\n\t\t\t\t\t\t\t<img loading=\"lazy\" decoding=\"async\" data-attachment-id=\"12969\" data-permalink=\"https:\/\/trailforthjournal.com\/es\/ambiente\/reglas-imba-ciclismo-montana-ecuador\/attachment\/img_3304\/\" data-orig-file=\"https:\/\/i0.wp.com\/trailforthjournal.com\/es\/wp-content\/uploads\/sites\/4\/2022\/08\/IMG_3304.jpg?fit=1920%2C1280&amp;ssl=1\" data-orig-size=\"1920,1280\" data-comments-opened=\"0\" data-image-meta=\"{&quot;aperture&quot;:&quot;0&quot;,&quot;credit&quot;:&quot;&quot;,&quot;camera&quot;:&quot;&quot;,&quot;caption&quot;:&quot;&quot;,&quot;created_timestamp&quot;:&quot;0&quot;,&quot;copyright&quot;:&quot;&quot;,&quot;focal_length&quot;:&quot;0&quot;,&quot;iso&quot;:&quot;0&quot;,&quot;shutter_speed&quot;:&quot;0&quot;,&quot;title&quot;:&quot;&quot;,&quot;orientation&quot;:&quot;1&quot;}\" data-image-title=\"Reglas del camino, IMBA\" data-image-description=\"&lt;p&gt;Reglas del camino, IMBA&lt;\/p&gt;\n\" data-image-caption=\"&lt;p&gt;Reglas del camino, IMBA&lt;\/p&gt;\n\" data-large-file=\"https:\/\/i0.wp.com\/trailforthjournal.com\/es\/wp-content\/uploads\/sites\/4\/2022\/08\/IMG_3304.jpg?fit=1024%2C683&amp;ssl=1\" width=\"1920\" height=\"1280\" src=\"https:\/\/i0.wp.com\/trailforthjournal.com\/es\/wp-content\/uploads\/sites\/4\/2022\/08\/IMG_3304.jpg?fit=1920%2C1280&amp;ssl=1\" class=\"attachment-full size-full wp-image-12969\" alt=\"Reglas del camino, IMBA\" data-attachment-id=\"12969\" data-permalink=\"https:\/\/trailforthjournal.com\/es\/ambiente\/reglas-imba-ciclismo-montana-ecuador\/attachment\/img_3304\/\" data-orig-file=\"https:\/\/i0.wp.com\/trailforthjournal.com\/es\/wp-content\/uploads\/sites\/4\/2022\/08\/IMG_3304.jpg?fit=1920%2C1280&amp;ssl=1\" data-orig-size=\"1920,1280\" data-comments-opened=\"0\" data-image-meta=\"{&quot;aperture&quot;:&quot;0&quot;,&quot;credit&quot;:&quot;&quot;,&quot;camera&quot;:&quot;&quot;,&quot;caption&quot;:&quot;&quot;,&quot;created_timestamp&quot;:&quot;0&quot;,&quot;copyright&quot;:&quot;&quot;,&quot;focal_length&quot;:&quot;0&quot;,&quot;iso&quot;:&quot;0&quot;,&quot;shutter_speed&quot;:&quot;0&quot;,&quot;title&quot;:&quot;&quot;,&quot;orientation&quot;:&quot;1&quot;}\" data-image-title=\"Reglas del camino, IMBA\" data-image-description=\"&lt;p&gt;Reglas del camino, IMBA&lt;\/p&gt;\n\" data-image-caption=\"&lt;p&gt;Reglas del camino, IMBA&lt;\/p&gt;\n\" data-large-file=\"https:\/\/i0.wp.com\/trailforthjournal.com\/es\/wp-content\/uploads\/sites\/4\/2022\/08\/IMG_3304.jpg?fit=1024%2C683&amp;ssl=1\" srcset=\"https:\/\/i0.wp.com\/trailforthjournal.com\/es\/wp-content\/uploads\/sites\/4\/2022\/08\/IMG_3304.jpg?w=1920&amp;ssl=1 1920w, https:\/\/i0.wp.com\/trailforthjournal.com\/es\/wp-content\/uploads\/sites\/4\/2022\/08\/IMG_3304.jpg?resize=300%2C200&amp;ssl=1 300w, https:\/\/i0.wp.com\/trailforthjournal.com\/es\/wp-content\/uploads\/sites\/4\/2022\/08\/IMG_3304.jpg?resize=1024%2C683&amp;ssl=1 1024w, https:\/\/i0.wp.com\/trailforthjournal.com\/es\/wp-content\/uploads\/sites\/4\/2022\/08\/IMG_3304.jpg?resize=768%2C512&amp;ssl=1 768w, https:\/\/i0.wp.com\/trailforthjournal.com\/es\/wp-content\/uploads\/sites\/4\/2022\/08\/IMG_3304.jpg?resize=1536%2C1024&amp;ssl=1 1536w, https:\/\/i0.wp.com\/trailforthjournal.com\/es\/wp-content\/uploads\/sites\/4\/2022\/08\/IMG_3304.jpg?resize=225%2C150&amp;ssl=1 225w\" sizes=\"(max-width: 1032px) 100vw, 1032px\" \/>\t\t\t\t\t\t<\/div>\n\t\t\t\t\t\t\t\t\t\t\t\t\t<div class=\"premium-blog-thumbnail-overlay\">\n\t\t\t\t\t\t\t\t<a class=\"elementor-icon\" href=\"https:\/\/trailforthjournal.com\/es\/ambiente\/reglas-imba-ciclismo-montana-ecuador\/\" target=\"_blank\"><\/a>\n\t\t\t\t\t\t\t<\/div>\n\n\t\t\t\t\t\t\t\t\t\t\t\t\t\t\t\t\t\t<\/div>\n\t\t\t\t\t\t\t\t\t\t\t\t<div class=\"premium-blog-content-wrapper \">\n\n\t\t\t\t\t<div class=\"premium-blog-inner-container\">\n\n\t\t\t\t\t\t\t\t\t\t\t\t\t\t<h1 class=\"premium-blog-entry-title\">\n\t\t\t<a href=\"https:\/\/trailforthjournal.com\/es\/ambiente\/reglas-imba-ciclismo-montana-ecuador\/\" target=\"_blank\">\n\t\t\t\tReglas IMBA en Ecuador: La Gu\u00eda \u00c9tica del Ciclismo de Monta\u00f1a Responsable\t\t\t<\/a>\n\t\t<\/h1>\n\t\t\t\t<div class=\"premium-blog-entry-meta\">\n\t\t\t\n\t\t\t\n\t\t\t\n\t\t\t\t\t<\/div>\n\t\t\n\t\t\t\t\t<\/div>\n\n\t\t\t\t\t\t\t\t\t\t\n\t\t\t\t<\/div>\n\t\t\t<\/div>\n\t\t<\/div>\n\n\t\t\t\t<div class=\"premium-blog-post-outer-container\" data-total=\"2\">\n\t\t\t<div class=\"premium-blog-post-container premium-blog-skin-banner\">\n\t\t\t\t\t\t\t\t\t<div class=\"premium-blog-thumb-effect-wrapper\">\n\t\t\t\t\t\t<div class=\"premium-blog-thumbnail-container premium-blog-zoomin-effect\">\n\t\t\t\t\t\t\t<img loading=\"lazy\" decoding=\"async\" data-attachment-id=\"41861\" data-permalink=\"https:\/\/trailforthjournal.com\/es\/embajador\/\" data-orig-file=\"https:\/\/i0.wp.com\/trailforthjournal.com\/es\/wp-content\/uploads\/sites\/4\/2025\/06\/Embajador.jpg?fit=2457%2C1771&amp;ssl=1\" data-orig-size=\"2457,1771\" data-comments-opened=\"0\" data-image-meta=\"{&quot;aperture&quot;:&quot;0&quot;,&quot;credit&quot;:&quot;&quot;,&quot;camera&quot;:&quot;&quot;,&quot;caption&quot;:&quot;&quot;,&quot;created_timestamp&quot;:&quot;0&quot;,&quot;copyright&quot;:&quot;&quot;,&quot;focal_length&quot;:&quot;0&quot;,&quot;iso&quot;:&quot;0&quot;,&quot;shutter_speed&quot;:&quot;0&quot;,&quot;title&quot;:&quot;&quot;,&quot;orientation&quot;:&quot;0&quot;}\" data-image-title=\"Embajador de ecuador\" data-image-description=\"&lt;p&gt;Embajador de ecuador&lt;\/p&gt;\n\" data-image-caption=\"&lt;p&gt;Embajador de ecuador&lt;\/p&gt;\n\" data-large-file=\"https:\/\/i0.wp.com\/trailforthjournal.com\/es\/wp-content\/uploads\/sites\/4\/2025\/06\/Embajador.jpg?fit=1024%2C738&amp;ssl=1\" width=\"2457\" height=\"1771\" src=\"https:\/\/i0.wp.com\/trailforthjournal.com\/es\/wp-content\/uploads\/sites\/4\/2025\/06\/Embajador.jpg?fit=2457%2C1771&amp;ssl=1\" class=\"attachment-full size-full wp-image-41861\" alt=\"Embajador de ecuador\" data-attachment-id=\"41861\" data-permalink=\"https:\/\/trailforthjournal.com\/es\/embajador\/\" data-orig-file=\"https:\/\/i0.wp.com\/trailforthjournal.com\/es\/wp-content\/uploads\/sites\/4\/2025\/06\/Embajador.jpg?fit=2457%2C1771&amp;ssl=1\" data-orig-size=\"2457,1771\" data-comments-opened=\"0\" data-image-meta=\"{&quot;aperture&quot;:&quot;0&quot;,&quot;credit&quot;:&quot;&quot;,&quot;camera&quot;:&quot;&quot;,&quot;caption&quot;:&quot;&quot;,&quot;created_timestamp&quot;:&quot;0&quot;,&quot;copyright&quot;:&quot;&quot;,&quot;focal_length&quot;:&quot;0&quot;,&quot;iso&quot;:&quot;0&quot;,&quot;shutter_speed&quot;:&quot;0&quot;,&quot;title&quot;:&quot;&quot;,&quot;orientation&quot;:&quot;0&quot;}\" data-image-title=\"Embajador de ecuador\" data-image-description=\"&lt;p&gt;Embajador de ecuador&lt;\/p&gt;\n\" data-image-caption=\"&lt;p&gt;Embajador de ecuador&lt;\/p&gt;\n\" data-large-file=\"https:\/\/i0.wp.com\/trailforthjournal.com\/es\/wp-content\/uploads\/sites\/4\/2025\/06\/Embajador.jpg?fit=1024%2C738&amp;ssl=1\" srcset=\"https:\/\/i0.wp.com\/trailforthjournal.com\/es\/wp-content\/uploads\/sites\/4\/2025\/06\/Embajador.jpg?w=2457&amp;ssl=1 2457w, https:\/\/i0.wp.com\/trailforthjournal.com\/es\/wp-content\/uploads\/sites\/4\/2025\/06\/Embajador.jpg?resize=300%2C216&amp;ssl=1 300w, https:\/\/i0.wp.com\/trailforthjournal.com\/es\/wp-content\/uploads\/sites\/4\/2025\/06\/Embajador.jpg?resize=1024%2C738&amp;ssl=1 1024w, https:\/\/i0.wp.com\/trailforthjournal.com\/es\/wp-content\/uploads\/sites\/4\/2025\/06\/Embajador.jpg?resize=768%2C554&amp;ssl=1 768w, https:\/\/i0.wp.com\/trailforthjournal.com\/es\/wp-content\/uploads\/sites\/4\/2025\/06\/Embajador.jpg?resize=1536%2C1107&amp;ssl=1 1536w, https:\/\/i0.wp.com\/trailforthjournal.com\/es\/wp-content\/uploads\/sites\/4\/2025\/06\/Embajador.jpg?resize=2048%2C1476&amp;ssl=1 2048w, https:\/\/i0.wp.com\/trailforthjournal.com\/es\/wp-content\/uploads\/sites\/4\/2025\/06\/Embajador.jpg?resize=69%2C50&amp;ssl=1 69w, https:\/\/i0.wp.com\/trailforthjournal.com\/es\/wp-content\/uploads\/sites\/4\/2025\/06\/Embajador.jpg?resize=600%2C432&amp;ssl=1 600w\" sizes=\"(max-width: 1032px) 100vw, 1032px\" \/>\t\t\t\t\t\t<\/div>\n\t\t\t\t\t\t\t\t\t\t\t\t\t<div class=\"premium-blog-thumbnail-overlay\">\n\t\t\t\t\t\t\t\t<a class=\"elementor-icon\" href=\"https:\/\/trailforthjournal.com\/es\/agencia\/registro-operadores-turistico-ecuador\/\" target=\"_blank\"><\/a>\n\t\t\t\t\t\t\t<\/div>\n\n\t\t\t\t\t\t\t\t\t\t\t\t\t\t\t\t\t\t<\/div>\n\t\t\t\t\t\t\t\t\t\t\t\t<div class=\"premium-blog-content-wrapper \">\n\n\t\t\t\t\t<div class=\"premium-blog-inner-container\">\n\n\t\t\t\t\t\t\t\t\t\t\t\t\t\t<h1 class=\"premium-blog-entry-title\">\n\t\t\t<a href=\"https:\/\/trailforthjournal.com\/es\/agencia\/registro-operadores-turistico-ecuador\/\" target=\"_blank\">\n\t\t\t\tRegistro de Operadores Tur\u00edsticos Ecuador | \u00danete a Trail Forth Journal\t\t\t<\/a>\n\t\t<\/h1>\n\t\t\t\t<div class=\"premium-blog-entry-meta\">\n\t\t\t\n\t\t\t\n\t\t\t\n\t\t\t\t\t<\/div>\n\t\t\n\t\t\t\t\t<\/div>\n\n\t\t\t\t\t\t\t\t\t\t\n\t\t\t\t<\/div>\n\t\t\t<\/div>\n\t\t<\/div>\n\n\t\t\t\t\t\t\t<\/div>\n\n\t\t\n\t\t\n\t\t\t\t\t\t<\/div>\n\t\t\t\t<\/div>\n\t\t\t\t\t<\/div>\n\t\t<\/div>\n\t\t\t\t\t<\/div>\n\t\t<\/section>\n\t\t\t\t<\/div>\n\t\t","protected":false},"excerpt":{"rendered":"<p>Descubre qu\u00e9 hacer en Guayaquil en 2026: cultura, compras, agenda anual de eventos y experiencias locales. Planifica tu viaje con esta gu\u00eda completa y actualizada.<\/p>\n","protected":false},"author":1,"featured_media":34229,"comment_status":"closed","ping_status":"closed","sticky":false,"template":"elementor_header_footer","format":"standard","meta":{"_acf_changed":false,"jetpack_post_was_ever_published":true,"_jetpack_newsletter_access":"","_jetpack_dont_email_post_to_subs":false,"_jetpack_newsletter_tier_id":0,"_jetpack_memberships_contains_paywalled_content":false,"_jetpack_memberships_contains_paid_content":false,"footnotes":""},"categories":[18,44,191,32],"tags":[20,179],"class_list":["post-36287","post","type-post","status-publish","format-standard","has-post-thumbnail","hentry","category-cultura","category-gastronomia","category-guia-turistica","category-lugar-emblematico","tag-costa","tag-santiago-de-guayaquil"],"acf":[],"yoast_head":"<!-- This site is optimized with the Yoast SEO Premium plugin v22.0 (Yoast SEO v27.4) - https:\/\/yoast.com\/product\/yoast-seo-premium-wordpress\/ -->\n<title>Gu\u00eda de Guayaquil 2026 | Qu\u00e9 hacer, cultura, compras y experiencias &#8212; Trail Forth Journal<\/title>\n<meta name=\"description\" content=\"Descubre qu\u00e9 hacer en Guayaquil en 2026: cultura, compras, agenda anual de eventos y experiencias locales. Planifica tu viaje con esta gu\u00eda completa y actualizada.\" \/>\n<meta name=\"robots\" content=\"index, follow, max-snippet:-1, max-image-preview:large, max-video-preview:-1\" \/>\n<link rel=\"canonical\" href=\"https:\/\/trailforthjournal.com\/es\/cultura\/guayaquil-ecuador\/\" \/>\n<meta property=\"og:locale\" content=\"es_ES\" \/>\n<meta property=\"og:type\" content=\"article\" \/>\n<meta property=\"og:title\" content=\"Gu\u00eda de Guayaquil 2026 | Qu\u00e9 hacer, cultura, compras y experiencias - Trail Forth Journal\" \/>\n<meta property=\"og:description\" content=\"Descubre qu\u00e9 hacer en Guayaquil en 2026: cultura, compras, agenda anual de eventos y experiencias locales. Planifica tu viaje con esta gu\u00eda completa y actualizada.\" \/>\n<meta property=\"og:url\" content=\"https:\/\/trailforthjournal.com\/es\/cultura\/guayaquil-ecuador\/\" \/>\n<meta property=\"og:site_name\" content=\"Trail Forth Journal\" \/>\n<meta property=\"article:publisher\" content=\"https:\/\/www.facebook.com\/trailforth\" \/>\n<meta property=\"article:published_time\" content=\"2024-08-18T05:47:51+00:00\" \/>\n<meta property=\"article:modified_time\" content=\"2026-04-19T14:43:02+00:00\" \/>\n<meta property=\"og:image\" content=\"https:\/\/trailforthjournal.com\/es\/wp-content\/uploads\/sites\/4\/2024\/07\/wp-17203020786331916779417640204164.jpg\" \/>\n\t<meta property=\"og:image:width\" content=\"2000\" \/>\n\t<meta property=\"og:image:height\" content=\"1332\" \/>\n\t<meta property=\"og:image:type\" content=\"image\/jpeg\" \/>\n<meta name=\"author\" content=\"jairocabrera\" \/>\n<meta name=\"twitter:card\" content=\"summary_large_image\" \/>\n<meta name=\"twitter:title\" content=\"Gu\u00eda de Guayaquil 2026 | Qu\u00e9 hacer, cultura, compras y experiencias - Trail Forth Journal\" \/>\n<meta name=\"twitter:description\" content=\"Descubre qu\u00e9 hacer en Guayaquil en 2026: cultura, compras, agenda anual de eventos y experiencias locales. Planifica tu viaje con esta gu\u00eda completa y actualizada.\" \/>\n<meta name=\"twitter:creator\" content=\"@trailforth\" \/>\n<meta name=\"twitter:site\" content=\"@trailforth\" \/>\n<meta name=\"twitter:label1\" content=\"Escrito por\" \/>\n\t<meta name=\"twitter:data1\" content=\"jairocabrera\" \/>\n\t<meta name=\"twitter:label2\" content=\"Tiempo de lectura\" \/>\n\t<meta name=\"twitter:data2\" content=\"24 minutos\" \/>\n<!-- \/ Yoast SEO Premium plugin. -->","yoast_head_json":{"title":"Gu\u00eda de Guayaquil 2026 | Qu\u00e9 hacer, cultura, compras y experiencias &#8212; Trail Forth Journal","description":"Descubre qu\u00e9 hacer en Guayaquil en 2026: cultura, compras, agenda anual de eventos y experiencias locales. Planifica tu viaje con esta gu\u00eda completa y actualizada.","robots":{"index":"index","follow":"follow","max-snippet":"max-snippet:-1","max-image-preview":"max-image-preview:large","max-video-preview":"max-video-preview:-1"},"canonical":"https:\/\/trailforthjournal.com\/es\/cultura\/guayaquil-ecuador\/","og_locale":"es_ES","og_type":"article","og_title":"Gu\u00eda de Guayaquil 2026 | Qu\u00e9 hacer, cultura, compras y experiencias - Trail Forth Journal","og_description":"Descubre qu\u00e9 hacer en Guayaquil en 2026: cultura, compras, agenda anual de eventos y experiencias locales. Planifica tu viaje con esta gu\u00eda completa y actualizada.","og_url":"https:\/\/trailforthjournal.com\/es\/cultura\/guayaquil-ecuador\/","og_site_name":"Trail Forth Journal","article_publisher":"https:\/\/www.facebook.com\/trailforth","article_published_time":"2024-08-18T05:47:51+00:00","article_modified_time":"2026-04-19T14:43:02+00:00","og_image":[{"width":2000,"height":1332,"url":"https:\/\/trailforthjournal.com\/es\/wp-content\/uploads\/sites\/4\/2024\/07\/wp-17203020786331916779417640204164.jpg","type":"image\/jpeg"}],"author":"jairocabrera","twitter_card":"summary_large_image","twitter_title":"Gu\u00eda de Guayaquil 2026 | Qu\u00e9 hacer, cultura, compras y experiencias - Trail Forth Journal","twitter_description":"Descubre qu\u00e9 hacer en Guayaquil en 2026: cultura, compras, agenda anual de eventos y experiencias locales. Planifica tu viaje con esta gu\u00eda completa y actualizada.","twitter_creator":"@trailforth","twitter_site":"@trailforth","twitter_misc":{"Escrito por":"jairocabrera","Tiempo de lectura":"24 minutos"},"schema":{"@context":"https:\/\/schema.org","@graph":[{"@type":"Article","@id":"https:\/\/trailforthjournal.com\/es\/cultura\/guayaquil-ecuador\/#article","isPartOf":{"@id":"https:\/\/trailforthjournal.com\/es\/cultura\/guayaquil-ecuador\/"},"author":{"name":"jairocabrera","@id":"https:\/\/trailforthjournal.com\/es\/#\/schema\/person\/c38e1195d2fbb77206faaef3a81d4dad"},"headline":"Gu\u00eda de Guayaquil 2026 | Qu\u00e9 hacer, cultura, compras y experiencias","datePublished":"2024-08-18T05:47:51+00:00","dateModified":"2026-04-19T14:43:02+00:00","mainEntityOfPage":{"@id":"https:\/\/trailforthjournal.com\/es\/cultura\/guayaquil-ecuador\/"},"wordCount":2906,"publisher":{"@id":"https:\/\/trailforthjournal.com\/es\/#organization"},"image":{"@id":"https:\/\/trailforthjournal.com\/es\/cultura\/guayaquil-ecuador\/#primaryimage"},"thumbnailUrl":"https:\/\/i0.wp.com\/trailforthjournal.com\/es\/wp-content\/uploads\/sites\/4\/2024\/07\/wp-17203020786331916779417640204164.jpg?fit=2000%2C1332&ssl=1","keywords":["Costa","Santiago de Guayaquil"],"articleSection":["Cultura","Gastronom\u00eda","Gu\u00eda Tur\u00edstica","Lugar Emblem\u00e1tico"],"inLanguage":"es"},{"@type":"WebPage","@id":"https:\/\/trailforthjournal.com\/es\/cultura\/guayaquil-ecuador\/","url":"https:\/\/trailforthjournal.com\/es\/cultura\/guayaquil-ecuador\/","name":"Gu\u00eda de Guayaquil 2026 | Qu\u00e9 hacer, cultura, compras y experiencias &#8212; Trail Forth Journal","isPartOf":{"@id":"https:\/\/trailforthjournal.com\/es\/#website"},"primaryImageOfPage":{"@id":"https:\/\/trailforthjournal.com\/es\/cultura\/guayaquil-ecuador\/#primaryimage"},"image":{"@id":"https:\/\/trailforthjournal.com\/es\/cultura\/guayaquil-ecuador\/#primaryimage"},"thumbnailUrl":"https:\/\/i0.wp.com\/trailforthjournal.com\/es\/wp-content\/uploads\/sites\/4\/2024\/07\/wp-17203020786331916779417640204164.jpg?fit=2000%2C1332&ssl=1","datePublished":"2024-08-18T05:47:51+00:00","dateModified":"2026-04-19T14:43:02+00:00","description":"Descubre qu\u00e9 hacer en Guayaquil en 2026: cultura, compras, agenda anual de eventos y experiencias locales. Planifica tu viaje con esta gu\u00eda completa y actualizada.","breadcrumb":{"@id":"https:\/\/trailforthjournal.com\/es\/cultura\/guayaquil-ecuador\/#breadcrumb"},"inLanguage":"es","potentialAction":[{"@type":"ReadAction","target":["https:\/\/trailforthjournal.com\/es\/cultura\/guayaquil-ecuador\/"]}]},{"@type":"ImageObject","inLanguage":"es","@id":"https:\/\/trailforthjournal.com\/es\/cultura\/guayaquil-ecuador\/#primaryimage","url":"https:\/\/i0.wp.com\/trailforthjournal.com\/es\/wp-content\/uploads\/sites\/4\/2024\/07\/wp-17203020786331916779417640204164.jpg?fit=2000%2C1332&ssl=1","contentUrl":"https:\/\/i0.wp.com\/trailforthjournal.com\/es\/wp-content\/uploads\/sites\/4\/2024\/07\/wp-17203020786331916779417640204164.jpg?fit=2000%2C1332&ssl=1","width":2000,"height":1332,"caption":"Cosas que hacer en Guayaquil | Ecuador, Sudam\u00e9rica"},{"@type":"BreadcrumbList","@id":"https:\/\/trailforthjournal.com\/es\/cultura\/guayaquil-ecuador\/#breadcrumb","itemListElement":[{"@type":"ListItem","position":1,"name":"Portada","item":"https:\/\/trailforthjournal.com\/es\/"},{"@type":"ListItem","position":2,"name":"Gu\u00eda de Guayaquil 2026 | Qu\u00e9 hacer, cultura, compras y experiencias"}]},{"@type":"WebSite","@id":"https:\/\/trailforthjournal.com\/es\/#website","url":"https:\/\/trailforthjournal.com\/es\/","name":"Trail Forth Journal","description":"Make Life a Journey","publisher":{"@id":"https:\/\/trailforthjournal.com\/es\/#organization"},"alternateName":"Trail Forth Journal Espa\u00f1ol","potentialAction":[{"@type":"SearchAction","target":{"@type":"EntryPoint","urlTemplate":"https:\/\/trailforthjournal.com\/es\/?s={search_term_string}"},"query-input":{"@type":"PropertyValueSpecification","valueRequired":true,"valueName":"search_term_string"}}],"inLanguage":"es"},{"@type":["Organization","Place"],"@id":"https:\/\/trailforthjournal.com\/es\/#organization","name":"Trail Forth Journal","alternateName":"Trail Forth Journal Espa\u00f1ol","url":"https:\/\/trailforthjournal.com\/es\/","logo":{"@type":"ImageObject","inLanguage":"es","@id":"https:\/\/trailforthjournal.com\/es\/#\/schema\/logo\/image\/","url":"https:\/\/trailforthjournal.com\/es\/wp-content\/uploads\/sites\/4\/2022\/01\/Trail-Forth-Journal-PNG.png","contentUrl":"https:\/\/trailforthjournal.com\/es\/wp-content\/uploads\/sites\/4\/2022\/01\/Trail-Forth-Journal-PNG.png","width":2629,"height":2629,"caption":"Trail Forth Journal"},"image":{"@id":"https:\/\/trailforthjournal.com\/es\/#\/schema\/logo\/image\/"},"sameAs":["https:\/\/www.facebook.com\/trailforth","https:\/\/x.com\/trailforth","https:\/\/www.instagram.com\/trailforth\/"],"mainEntityOfPage":{"@id":"https:\/\/trailforthjournal.com\/es\/cultura\/guayaquil-ecuador\/"}},{"@type":"Person","@id":"https:\/\/trailforthjournal.com\/es\/#\/schema\/person\/c38e1195d2fbb77206faaef3a81d4dad","name":"jairocabrera","image":{"@type":"ImageObject","inLanguage":"es","@id":"https:\/\/secure.gravatar.com\/avatar\/56722a61efc14e69ef47b9fbbb54f81138a4e882a78e644b52a4d66d41edcfc5?s=96&d=mm&r=g","url":"https:\/\/secure.gravatar.com\/avatar\/56722a61efc14e69ef47b9fbbb54f81138a4e882a78e644b52a4d66d41edcfc5?s=96&d=mm&r=g","contentUrl":"https:\/\/secure.gravatar.com\/avatar\/56722a61efc14e69ef47b9fbbb54f81138a4e882a78e644b52a4d66d41edcfc5?s=96&d=mm&r=g","caption":"jairocabrera"},"sameAs":["http:\/\/trailforthjournal.com"]}]}},"jetpack_featured_media_url":"https:\/\/i0.wp.com\/trailforthjournal.com\/es\/wp-content\/uploads\/sites\/4\/2024\/07\/wp-17203020786331916779417640204164.jpg?fit=2000%2C1332&ssl=1","jetpack_shortlink":"https:\/\/wp.me\/pdrACa-9rh","jetpack_sharing_enabled":true,"_links":{"self":[{"href":"https:\/\/trailforthjournal.com\/es\/wp-json\/wp\/v2\/posts\/36287","targetHints":{"allow":["GET"]}}],"collection":[{"href":"https:\/\/trailforthjournal.com\/es\/wp-json\/wp\/v2\/posts"}],"about":[{"href":"https:\/\/trailforthjournal.com\/es\/wp-json\/wp\/v2\/types\/post"}],"author":[{"embeddable":true,"href":"https:\/\/trailforthjournal.com\/es\/wp-json\/wp\/v2\/users\/1"}],"replies":[{"embeddable":true,"href":"https:\/\/trailforthjournal.com\/es\/wp-json\/wp\/v2\/comments?post=36287"}],"version-history":[{"count":0,"href":"https:\/\/trailforthjournal.com\/es\/wp-json\/wp\/v2\/posts\/36287\/revisions"}],"wp:featuredmedia":[{"embeddable":true,"href":"https:\/\/trailforthjournal.com\/es\/wp-json\/wp\/v2\/media\/34229"}],"wp:attachment":[{"href":"https:\/\/trailforthjournal.com\/es\/wp-json\/wp\/v2\/media?parent=36287"}],"wp:term":[{"taxonomy":"category","embeddable":true,"href":"https:\/\/trailforthjournal.com\/es\/wp-json\/wp\/v2\/categories?post=36287"},{"taxonomy":"post_tag","embeddable":true,"href":"https:\/\/trailforthjournal.com\/es\/wp-json\/wp\/v2\/tags?post=36287"}],"curies":[{"name":"wp","href":"https:\/\/api.w.org\/{rel}","templated":true}]}}