{"id":26938,"date":"2023-10-28T16:16:24","date_gmt":"2023-10-28T21:16:24","guid":{"rendered":"https:\/\/trailforthjournal.com\/es\/?p=26938"},"modified":"2026-04-23T22:47:59","modified_gmt":"2026-04-24T03:47:59","slug":"basilica-la-merced-guayaquil","status":"publish","type":"post","link":"https:\/\/trailforthjournal.com\/es\/cultura\/basilica-la-merced-guayaquil\/","title":{"rendered":"Bas\u00edlica de la Merced de Guayaquil: arquitectura neog\u00f3tica y patrimonio hist\u00f3rico"},"content":{"rendered":"\t\t<div data-elementor-type=\"wp-post\" data-elementor-id=\"26938\" class=\"elementor elementor-26938\" data-elementor-post-type=\"post\">\n\t\t\t\t\t\t<section class=\"elementor-section elementor-top-section elementor-element elementor-element-3c97591 elementor-section-boxed elementor-section-height-default elementor-section-height-default wpr-particle-no wpr-jarallax-no wpr-parallax-no wpr-sticky-section-no wpr-equal-height-no\" data-id=\"3c97591\" data-element_type=\"section\" data-e-type=\"section\">\n\t\t\t\t\t\t<div class=\"elementor-container elementor-column-gap-default\">\n\t\t\t\t\t<div class=\"elementor-column elementor-col-100 elementor-top-column elementor-element elementor-element-648d9ab\" data-id=\"648d9ab\" data-element_type=\"column\" data-e-type=\"column\">\n\t\t\t<div class=\"elementor-widget-wrap elementor-element-populated\">\n\t\t\t\t\t\t<div class=\"elementor-element elementor-element-9812858 elementor-widget elementor-widget-spacer\" data-id=\"9812858\" data-element_type=\"widget\" data-e-type=\"widget\" data-widget_type=\"spacer.default\">\n\t\t\t\t<div class=\"elementor-widget-container\">\n\t\t\t\t\t\t\t<div class=\"elementor-spacer\">\n\t\t\t<div class=\"elementor-spacer-inner\"><\/div>\n\t\t<\/div>\n\t\t\t\t\t\t<\/div>\n\t\t\t\t<\/div>\n\t\t\t\t\t<\/div>\n\t\t<\/div>\n\t\t\t\t\t<\/div>\n\t\t<\/section>\n\t\t\t\t<section class=\"elementor-section elementor-top-section elementor-element elementor-element-600380c elementor-section-boxed elementor-section-height-default elementor-section-height-default wpr-particle-no wpr-jarallax-no wpr-parallax-no wpr-sticky-section-no wpr-equal-height-no\" data-id=\"600380c\" data-element_type=\"section\" data-e-type=\"section\">\n\t\t\t\t\t\t<div class=\"elementor-container elementor-column-gap-default\">\n\t\t\t\t\t<div class=\"elementor-column elementor-col-100 elementor-top-column elementor-element elementor-element-3ca2c8f\" data-id=\"3ca2c8f\" data-element_type=\"column\" data-e-type=\"column\">\n\t\t\t<div class=\"elementor-widget-wrap elementor-element-populated\">\n\t\t\t\t\t\t<div class=\"elementor-element elementor-element-4c9bb82 pa-icon-pos-after premium-lq__none elementor-widget elementor-widget-premium-addon-button\" data-id=\"4c9bb82\" data-element_type=\"widget\" data-e-type=\"widget\" data-widget_type=\"premium-addon-button.default\">\n\t\t\t\t<div class=\"elementor-widget-container\">\n\t\t\t\t\t\n\n\t\t<a class=\"premium-button premium-button-style6 premium-btn-sm premium-button-style6\" href=\"https:\/\/trailforthjournal.com\/en\/culture\/guayaquil-cerro-santa-ana\/\">\n\t\t\t<div class=\"premium-button-text-icon-wrapper\">\n\t\t\t\t\n\t\t\t\t\t\t\t\t\t\t\t\t\t\t\t\t\t\t<svg class=\"svg-inline--fas-fa-chevron-right premium-drawable-icon premium-svg-nodraw\" aria-hidden='true' xmlns='http:\/\/www.w3.org\/2000\/svg' viewBox='0 0 320 512'><path d=\"M285.476 272.971L91.132 467.314c-9.373 9.373-24.569 9.373-33.941 0l-22.667-22.667c-9.357-9.357-9.375-24.522-.04-33.901L188.505 256 34.484 101.255c-9.335-9.379-9.317-24.544.04-33.901l22.667-22.667c9.373-9.373 24.569-9.373 33.941 0L285.475 239.03c9.373 9.372 9.373 24.568.001 33.941z\"><\/path><\/svg>\t\t\t\t\t\t\t\t\t\t\t\t\t\t\t\n\t\t\t\t\t\t\t\t\t<span >\n\t\t\t\t\t\tEnglish\t\t\t\t\t<\/span>\n\t\t\t\t\t\t\t<\/div>\n\n\t\t\t\n\t\t\t\n\t\t\t\n\t\t<\/a>\n\n\n\t\t\t\t\t\t<\/div>\n\t\t\t\t<\/div>\n\t\t\t\t\t<\/div>\n\t\t<\/div>\n\t\t\t\t\t<\/div>\n\t\t<\/section>\n\t\t\t\t<section class=\"elementor-section elementor-top-section elementor-element elementor-element-934125f elementor-section-boxed elementor-section-height-default elementor-section-height-default wpr-particle-no wpr-jarallax-no wpr-parallax-no wpr-sticky-section-no wpr-equal-height-no\" data-id=\"934125f\" data-element_type=\"section\" data-e-type=\"section\">\n\t\t\t\t\t\t<div class=\"elementor-container elementor-column-gap-default\">\n\t\t\t\t\t<div class=\"elementor-column elementor-col-100 elementor-top-column elementor-element elementor-element-391ee45\" data-id=\"391ee45\" data-element_type=\"column\" data-e-type=\"column\">\n\t\t\t<div class=\"elementor-widget-wrap elementor-element-populated\">\n\t\t\t\t\t\t<div class=\"elementor-element elementor-element-493d21c elementor-widget elementor-widget-spacer\" data-id=\"493d21c\" data-element_type=\"widget\" data-e-type=\"widget\" data-widget_type=\"spacer.default\">\n\t\t\t\t<div class=\"elementor-widget-container\">\n\t\t\t\t\t\t\t<div class=\"elementor-spacer\">\n\t\t\t<div class=\"elementor-spacer-inner\"><\/div>\n\t\t<\/div>\n\t\t\t\t\t\t<\/div>\n\t\t\t\t<\/div>\n\t\t\t\t\t<\/div>\n\t\t<\/div>\n\t\t\t\t\t<\/div>\n\t\t<\/section>\n\t\t\t\t<section class=\"elementor-section elementor-top-section elementor-element elementor-element-9c9121f elementor-section-boxed elementor-section-height-default elementor-section-height-default wpr-particle-no wpr-jarallax-no wpr-parallax-no wpr-sticky-section-no wpr-equal-height-no\" data-id=\"9c9121f\" data-element_type=\"section\" data-e-type=\"section\">\n\t\t\t\t\t\t<div class=\"elementor-container elementor-column-gap-default\">\n\t\t\t\t\t<div class=\"elementor-column elementor-col-25 elementor-top-column elementor-element elementor-element-ed7ca0b\" data-id=\"ed7ca0b\" data-element_type=\"column\" data-e-type=\"column\">\n\t\t\t<div class=\"elementor-widget-wrap elementor-element-populated\">\n\t\t\t\t\t\t<div class=\"elementor-element elementor-element-dedde75 elementor-widget elementor-widget-heading\" data-id=\"dedde75\" data-element_type=\"widget\" data-e-type=\"widget\" data-widget_type=\"heading.default\">\n\t\t\t\t<div class=\"elementor-widget-container\">\n\t\t\t\t\t<p class=\"elementor-heading-title elementor-size-default\">Ubicada en el coraz\u00f3n de Guayaquil, la Bas\u00edlica de La Merced destaca por su arquitectura neog\u00f3tica y su valor hist\u00f3rico, siendo uno de los templos m\u00e1s emblem\u00e1ticos de la ciudad.<\/p>\t\t\t\t<\/div>\n\t\t\t\t<\/div>\n\t\t\t\t<div class=\"elementor-element elementor-element-aed85d5 elementor-widget elementor-widget-text-editor\" data-id=\"aed85d5\" data-element_type=\"widget\" data-e-type=\"widget\" data-widget_type=\"text-editor.default\">\n\t\t\t\t<div class=\"elementor-widget-container\">\n\t\t\t\t\t\t\t\t\t<p>Texto \/ Fotos: Trail Forth Journal.<\/p>\t\t\t\t\t\t\t\t<\/div>\n\t\t\t\t<\/div>\n\t\t\t\t<div class=\"elementor-element elementor-element-eb50432 elementor-widget elementor-widget-spacer\" data-id=\"eb50432\" data-element_type=\"widget\" data-e-type=\"widget\" data-widget_type=\"spacer.default\">\n\t\t\t\t<div class=\"elementor-widget-container\">\n\t\t\t\t\t\t\t<div class=\"elementor-spacer\">\n\t\t\t<div class=\"elementor-spacer-inner\"><\/div>\n\t\t<\/div>\n\t\t\t\t\t\t<\/div>\n\t\t\t\t<\/div>\n\t\t\t\t<div class=\"elementor-element elementor-element-769d02b elementor-toc--minimized-on-desktop elementor-widget__width-initial elementor-widget elementor-widget-table-of-contents\" data-id=\"769d02b\" data-element_type=\"widget\" data-e-type=\"widget\" data-settings=\"{&quot;headings_by_tags&quot;:[&quot;h2&quot;],&quot;exclude_headings_by_selector&quot;:[],&quot;marker_view&quot;:&quot;bullets&quot;,&quot;no_headings_message&quot;:&quot;No headings were found on this page.&quot;,&quot;collapse_subitems&quot;:&quot;yes&quot;,&quot;minimized_on&quot;:&quot;desktop&quot;,&quot;icon&quot;:{&quot;value&quot;:&quot;fas fa-circle&quot;,&quot;library&quot;:&quot;fa-solid&quot;},&quot;minimize_box&quot;:&quot;yes&quot;,&quot;hierarchical_view&quot;:&quot;yes&quot;,&quot;min_height&quot;:{&quot;unit&quot;:&quot;px&quot;,&quot;size&quot;:&quot;&quot;,&quot;sizes&quot;:[]},&quot;min_height_tablet&quot;:{&quot;unit&quot;:&quot;px&quot;,&quot;size&quot;:&quot;&quot;,&quot;sizes&quot;:[]},&quot;min_height_mobile&quot;:{&quot;unit&quot;:&quot;px&quot;,&quot;size&quot;:&quot;&quot;,&quot;sizes&quot;:[]}}\" data-widget_type=\"table-of-contents.default\">\n\t\t\t\t<div class=\"elementor-widget-container\">\n\t\t\t\t\t\t\t<div class=\"elementor-toc__header\">\n\t\t\t<h4 class=\"elementor-toc__header-title\">\n\t\t\t\tContenidos\t\t\t<\/h4>\n\t\t\t\t\t\t\t<div class=\"elementor-toc__toggle-button elementor-toc__toggle-button--expand\" role=\"button\" tabindex=\"0\" aria-controls=\"elementor-toc__769d02b\" aria-expanded=\"true\" aria-label=\"Open table of contents\"><i aria-hidden=\"true\" class=\"fas fa-chevron-down\"><\/i><\/div>\n\t\t\t\t<div class=\"elementor-toc__toggle-button elementor-toc__toggle-button--collapse\" role=\"button\" tabindex=\"0\" aria-controls=\"elementor-toc__769d02b\" aria-expanded=\"true\" aria-label=\"Close table of contents\"><i aria-hidden=\"true\" class=\"fas fa-chevron-up\"><\/i><\/div>\n\t\t\t\t\t<\/div>\n\t\t<div id=\"elementor-toc__769d02b\" class=\"elementor-toc__body elementor-toc__list-items--collapsible\">\n\t\t\t<div class=\"elementor-toc__spinner-container\">\n\t\t\t\t<i class=\"elementor-toc__spinner eicon-animation-spin eicon-loading\" aria-hidden=\"true\"><\/i>\t\t\t<\/div>\n\t\t<\/div>\n\t\t\t\t\t\t<\/div>\n\t\t\t\t<\/div>\n\t\t\t\t<div class=\"elementor-element elementor-element-de7408f elementor-widget elementor-widget-spacer\" data-id=\"de7408f\" data-element_type=\"widget\" data-e-type=\"widget\" data-widget_type=\"spacer.default\">\n\t\t\t\t<div class=\"elementor-widget-container\">\n\t\t\t\t\t\t\t<div class=\"elementor-spacer\">\n\t\t\t<div class=\"elementor-spacer-inner\"><\/div>\n\t\t<\/div>\n\t\t\t\t\t\t<\/div>\n\t\t\t\t<\/div>\n\t\t\t\t<div class=\"elementor-element elementor-element-efcb190 elementor-drop-cap-yes elementor-drop-cap-view-default elementor-widget elementor-widget-text-editor\" data-id=\"efcb190\" data-element_type=\"widget\" data-e-type=\"widget\" data-settings=\"{&quot;drop_cap&quot;:&quot;yes&quot;}\" data-widget_type=\"text-editor.default\">\n\t\t\t\t<div class=\"elementor-widget-container\">\n\t\t\t\t\t\t\t\t\t<p>Que Guayaquil tenga una iglesia de la Orden Mercedaria es el resultado de los primeros religiosos mercedarios que llegaron a la ciudad junto a Francisco de Orellana. Los frailes de esta congregaci\u00f3n fueron quienes evangelizaron la regi\u00f3n del litoral, y su lugar base era la isla Pun\u00e1. Ellos desde aqu\u00ed se trasladaban a otros lugares de la regi\u00f3n lo que hac\u00eda que descubran caminos y mejoraran la comunicaci\u00f3n entre los espa\u00f1oles y nativos de la regi\u00f3n.<\/p>\t\t\t\t\t\t\t\t<\/div>\n\t\t\t\t<\/div>\n\t\t\t\t<div class=\"elementor-element elementor-element-8281f32 elementor-widget elementor-widget-text-editor\" data-id=\"8281f32\" data-element_type=\"widget\" data-e-type=\"widget\" data-widget_type=\"text-editor.default\">\n\t\t\t\t<div class=\"elementor-widget-container\">\n\t\t\t\t\t\t\t\t\t<p>El primer edificio de la Orden Mercedaria estuvo ubicado en el actual Museo del Bombero (antes del museo se encontraba all\u00ed la Iglesia de la Concepci\u00f3n). La presente ubicaci\u00f3n de la bas\u00edlica actual es desde 1787.<\/p>\t\t\t\t\t\t\t\t<\/div>\n\t\t\t\t<\/div>\n\t\t\t\t\t<\/div>\n\t\t<\/div>\n\t\t\t\t<div class=\"elementor-column elementor-col-25 elementor-top-column elementor-element elementor-element-3fb69d2\" data-id=\"3fb69d2\" data-element_type=\"column\" data-e-type=\"column\">\n\t\t\t<div class=\"elementor-widget-wrap elementor-element-populated\">\n\t\t\t\t\t\t<div class=\"elementor-element elementor-element-a641188 elementor-widget elementor-widget-spacer\" data-id=\"a641188\" data-element_type=\"widget\" data-e-type=\"widget\" data-widget_type=\"spacer.default\">\n\t\t\t\t<div class=\"elementor-widget-container\">\n\t\t\t\t\t\t\t<div class=\"elementor-spacer\">\n\t\t\t<div class=\"elementor-spacer-inner\"><\/div>\n\t\t<\/div>\n\t\t\t\t\t\t<\/div>\n\t\t\t\t<\/div>\n\t\t\t\t\t<\/div>\n\t\t<\/div>\n\t\t\t\t<div class=\"elementor-column elementor-col-25 elementor-top-column elementor-element elementor-element-0d74154\" data-id=\"0d74154\" data-element_type=\"column\" data-e-type=\"column\">\n\t\t\t<div class=\"elementor-widget-wrap elementor-element-populated\">\n\t\t\t\t\t\t<div class=\"elementor-element elementor-element-8f2d594 elementor-widget elementor-widget-spacer\" data-id=\"8f2d594\" data-element_type=\"widget\" data-e-type=\"widget\" data-widget_type=\"spacer.default\">\n\t\t\t\t<div class=\"elementor-widget-container\">\n\t\t\t\t\t\t\t<div class=\"elementor-spacer\">\n\t\t\t<div class=\"elementor-spacer-inner\"><\/div>\n\t\t<\/div>\n\t\t\t\t\t\t<\/div>\n\t\t\t\t<\/div>\n\t\t\t\t\t<\/div>\n\t\t<\/div>\n\t\t\t\t<div class=\"elementor-column elementor-col-25 elementor-top-column elementor-element elementor-element-452aa02\" data-id=\"452aa02\" data-element_type=\"column\" data-e-type=\"column\" data-settings=\"{&quot;background_background&quot;:&quot;classic&quot;}\">\n\t\t\t<div class=\"elementor-widget-wrap elementor-element-populated\">\n\t\t\t\t\t\t<div class=\"elementor-element elementor-element-969c4a1 elementor-widget elementor-widget-text-editor\" data-id=\"969c4a1\" data-element_type=\"widget\" data-e-type=\"widget\" data-widget_type=\"text-editor.default\">\n\t\t\t\t<div class=\"elementor-widget-container\">\n\t\t\t\t\t\t\t\t\t<p>Bas\u00edlica de La Merced, captada con nuestro drone.<\/p>\t\t\t\t\t\t\t\t<\/div>\n\t\t\t\t<\/div>\n\t\t\t\t\t<\/div>\n\t\t<\/div>\n\t\t\t\t\t<\/div>\n\t\t<\/section>\n\t\t\t\t<section class=\"elementor-section elementor-top-section elementor-element elementor-element-ee2d40d elementor-section-boxed elementor-section-height-default elementor-section-height-default wpr-particle-no wpr-jarallax-no wpr-parallax-no wpr-sticky-section-no wpr-equal-height-no\" data-id=\"ee2d40d\" data-element_type=\"section\" data-e-type=\"section\" data-settings=\"{&quot;background_background&quot;:&quot;classic&quot;}\">\n\t\t\t\t\t\t<div class=\"elementor-container elementor-column-gap-default\">\n\t\t\t\t\t<div class=\"elementor-column elementor-col-100 elementor-top-column elementor-element elementor-element-641825f\" data-id=\"641825f\" data-element_type=\"column\" data-e-type=\"column\">\n\t\t\t<div class=\"elementor-widget-wrap elementor-element-populated\">\n\t\t\t\t\t\t<div class=\"elementor-element elementor-element-e0fbb2d elementor-widget elementor-widget-text-editor\" data-id=\"e0fbb2d\" data-element_type=\"widget\" data-e-type=\"widget\" data-widget_type=\"text-editor.default\">\n\t\t\t\t<div class=\"elementor-widget-container\">\n\t\t\t\t\t\t\t\t\t<p>Recorrer la bas\u00edlica menor de la Merced bajo sus arcadas ojivales, es remontarse a los tiempos del g\u00f3tico. Estilo en el cual se erigieron imponentes catedrales del medioevo. La bas\u00edlica presenta tres naves, y en cada una de ellas se encuentran expresiones de fe en la religi\u00f3n Cat\u00f3lica. El Altar Mayor de la Merced est\u00e1 revestido en pan de oro, y en ella se encuentra la Virgen de La Merced vestida del h\u00e1bito con la Cruz Templaria de cuatro brazos iguales, evocando una de las m\u00e1s destacadas \u00f3rdenes de caballer\u00eda religiosa conocida en el pa\u00eds como la patrona de las Fuerzas Armadas del Ecuador.<\/p>\t\t\t\t\t\t\t\t<\/div>\n\t\t\t\t<\/div>\n\t\t\t\t\t<\/div>\n\t\t<\/div>\n\t\t\t\t\t<\/div>\n\t\t<\/section>\n\t\t\t\t<section class=\"elementor-section elementor-top-section elementor-element elementor-element-e399504 elementor-section-boxed elementor-section-height-default elementor-section-height-default wpr-particle-no wpr-jarallax-no wpr-parallax-no wpr-sticky-section-no wpr-equal-height-no\" data-id=\"e399504\" data-element_type=\"section\" data-e-type=\"section\">\n\t\t\t\t\t\t<div class=\"elementor-container elementor-column-gap-default\">\n\t\t\t\t\t<div class=\"elementor-column elementor-col-100 elementor-top-column elementor-element elementor-element-b6318da\" data-id=\"b6318da\" data-element_type=\"column\" data-e-type=\"column\">\n\t\t\t<div class=\"elementor-widget-wrap elementor-element-populated\">\n\t\t\t\t\t\t<div class=\"elementor-element elementor-element-ab22219 elementor-widget elementor-widget-spacer\" data-id=\"ab22219\" data-element_type=\"widget\" data-e-type=\"widget\" data-widget_type=\"spacer.default\">\n\t\t\t\t<div class=\"elementor-widget-container\">\n\t\t\t\t\t\t\t<div class=\"elementor-spacer\">\n\t\t\t<div class=\"elementor-spacer-inner\"><\/div>\n\t\t<\/div>\n\t\t\t\t\t\t<\/div>\n\t\t\t\t<\/div>\n\t\t\t\t\t<\/div>\n\t\t<\/div>\n\t\t\t\t\t<\/div>\n\t\t<\/section>\n\t\t\t\t<section class=\"elementor-section elementor-top-section elementor-element elementor-element-ea4e61b elementor-section-boxed elementor-section-height-default elementor-section-height-default wpr-particle-no wpr-jarallax-no wpr-parallax-no wpr-sticky-section-no wpr-equal-height-no\" data-id=\"ea4e61b\" data-element_type=\"section\" data-e-type=\"section\" data-settings=\"{&quot;background_background&quot;:&quot;classic&quot;}\">\n\t\t\t\t\t\t<div class=\"elementor-container elementor-column-gap-default\">\n\t\t\t\t\t<div class=\"elementor-column elementor-col-50 elementor-top-column elementor-element elementor-element-689de13\" data-id=\"689de13\" data-element_type=\"column\" data-e-type=\"column\">\n\t\t\t<div class=\"elementor-widget-wrap elementor-element-populated\">\n\t\t\t\t\t\t<div class=\"elementor-element elementor-element-21c2051 elementor-widget__width-initial elementor-widget elementor-widget-html\" data-id=\"21c2051\" data-element_type=\"widget\" data-e-type=\"widget\" data-widget_type=\"html.default\">\n\t\t\t\t<div class=\"elementor-widget-container\">\n\t\t\t\t\t<link rel=\"preconnect\" href=\"https:\/\/fonts.googleapis.com\">\r\n<link rel=\"preconnect\" href=\"https:\/\/fonts.gstatic.com\" crossorigin>\r\n<link href=\"https:\/\/fonts.googleapis.com\/css2?family=Poppins:wght@300;600;800&display=swap\" rel=\"stylesheet\">\r\n<link rel=\"stylesheet\" href=\"https:\/\/cdnjs.cloudflare.com\/ajax\/libs\/font-awesome\/6.0.0\/css\/all.min.css\">\r\n\r\n<section class=\"tf-final-banner\" aria-label=\"Reserva de tours y experiencias en Guayaquil\" itemscope itemtype=\"https:\/\/schema.org\/Service\">\r\n    <div class=\"tf-accent-line\"><\/div>\r\n    \r\n    <div class=\"tf-banner-content\">\r\n        <div class=\"tf-brand-info\">\r\n            <span class=\"tf-pre\">Official Experience by<\/span>\r\n            <h3 class=\"tf-brand-name\" itemprop=\"provider\">Trail Forth <span class=\"tf-light\">Tours & Activities<\/span><\/h3>\r\n            <span class=\"tf-tagline\">The Experience Collection<\/span>\r\n        <\/div>\r\n\r\n        <h2 class=\"tf-invite-h2\" itemprop=\"name\">\r\n            Reserva: Tours, Experiencias & Actividades: <span class=\"tf-city\">Guayaquil<\/span>\r\n        <\/h2>\r\n\r\n        <div class=\"tf-icon-strip\">\r\n            <div class=\"tf-icon-box\" title=\"Tours de Fotograf\u00eda en Guayaquil\"><i class=\"fas fa-camera\" aria-hidden=\"true\"><\/i><span class=\"sr-only\">Fotograf\u00eda<\/span><\/div>\r\n            <div class=\"tf-icon-box\" title=\"Exploraci\u00f3n Urbana y Caminatas\"><i class=\"fas fa-map-marked-alt\" aria-hidden=\"true\"><\/i><span class=\"sr-only\">Exploraci\u00f3n Urbana<\/span><\/div>\r\n            <div class=\"tf-icon-box\" title=\"Gastronom\u00eda y Experiencias Culinarias\"><i class=\"fas fa-glass-cheers\" aria-hidden=\"true\"><\/i><span class=\"sr-only\">Gastronom\u00eda<\/span><\/div>\r\n            <div class=\"tf-icon-box\" title=\"City Tours y Recorridos en Bus\"><i class=\"fas fa-bus\" aria-hidden=\"true\"><\/i><span class=\"sr-only\">City Tours<\/span><\/div>\r\n            <div class=\"tf-icon-box\" title=\"Aventura en Bici por Guayaquil\"><i class=\"fas fa-bicycle\" aria-hidden=\"true\"><\/i><span class=\"sr-only\">Aventura en Bici<\/span><\/div>\r\n            <div class=\"tf-icon-box\" title=\"Rutas de Senderismo y Naturaleza\"><i class=\"fas fa-route\" aria-hidden=\"true\"><\/i><span class=\"sr-only\">Rutas y Senderos<\/span><\/div>\r\n            <div class=\"tf-icon-box\" title=\"Turismo Cultural y Museos\"><i class=\"fas fa-landmark\" aria-hidden=\"true\"><\/i><span class=\"sr-only\">Cultura y Museos<\/span><\/div>\r\n        <\/div>\r\n        \r\n        <meta itemprop=\"description\" content=\"Agencia especializada en tours personalizados, fotograf\u00eda y experiencias culturales en Guayaquil.\">\r\n        <div itemprop=\"areaServed\" itemscope itemtype=\"https:\/\/schema.org\/City\" class=\"sr-only\">\r\n            <span itemprop=\"name\">Guayaquil<\/span>\r\n        <\/div>\r\n    <\/div>\r\n<\/section>\r\n\r\n<style>\r\n\/* 1. MANTENEMOS TU DISE\u00d1O EXACTO *\/\r\n.tf-final-banner {\r\n    display: flex;\r\n    background: rgba(255, 255, 255, 0.95);\r\n    width: 100%; \r\n    max-width: 1200px;\r\n    margin: 30px 0;\r\n    padding: 30px 30px 30px 0;\r\n    border-radius: 0; \r\n    border: none;\r\n    font-family: 'Poppins', sans-serif !important;\r\n    box-sizing: border-box;\r\n    text-align: left;\r\n}\r\n\r\n\/* SEO: Clase para que Google lea las keywords sin afectar el dise\u00f1o *\/\r\n.sr-only {\r\n    position: absolute;\r\n    width: 1px;\r\n    height: 1px;\r\n    padding: 0;\r\n    margin: -1px;\r\n    overflow: hidden;\r\n    clip: rect(0, 0, 0, 0);\r\n    white-space: nowrap;\r\n    border-width: 0;\r\n}\r\n\r\n.tf-accent-line {\r\n    width: 6px;\r\n    background-color: #ffcc00;\r\n    margin-right: 25px;\r\n    flex-shrink: 0;\r\n}\r\n\r\n.tf-banner-content {\r\n    width: 100%;\r\n}\r\n\r\n.tf-pre {\r\n    font-size: 10px;\r\n    text-transform: uppercase;\r\n    letter-spacing: 2.5px;\r\n    color: #ffcc00;\r\n    font-weight: 600;\r\n    display: block;\r\n    margin-bottom: 2px;\r\n}\r\n\r\n.tf-brand-name {\r\n    font-size: 26px !important;\r\n    font-weight: 600 !important;\r\n    color: #024F87 !important;\r\n    margin: 0 !important;\r\n    line-height: 1;\r\n}\r\n\r\n.tf-light { font-weight: 300 !important; opacity: 0.8; }\r\n\r\n.tf-tagline {\r\n    display: block;\r\n    font-size: 10px;\r\n    text-transform: uppercase;\r\n    letter-spacing: 4px;\r\n    color: #000000;\r\n    font-weight: 300;\r\n    margin-top: 6px;\r\n}\r\n\r\n.tf-invite-h2 {\r\n    font-size: 26px !important;\r\n    font-weight: 600 !important;\r\n    color: #024F87 !important;\r\n    margin: 18px 0 !important;\r\n    line-height: 1.2;\r\n}\r\n\r\n.tf-city { color: #007FD5; }\r\n\r\n.tf-icon-strip {\r\n    display: flex;\r\n    justify-content: flex-start;\r\n    gap: 15px;\r\n    margin-top: 25px;\r\n    flex-wrap: wrap;\r\n}\r\n\r\n.tf-icon-box {\r\n    width: 42px;\r\n    height: 42px;\r\n    background: #fdf8f3;\r\n    border: 1px solid #f5e6d3;\r\n    display: flex;\r\n    align-items: center;\r\n    justify-content: center;\r\n    border-radius: 4px;\r\n    color: #024F87;\r\n    transition: all 0.3s ease;\r\n}\r\n\r\n.tf-icon-box:hover {\r\n    background: #024F87;\r\n    color: #fff;\r\n    transform: translateY(-2px);\r\n}\r\n\r\n@media (max-width: 600px) {\r\n    .tf-brand-name, .tf-invite-h2 { font-size: 22px !important; }\r\n}\r\n<\/style>\t\t\t\t<\/div>\n\t\t\t\t<\/div>\n\t\t\t\t\t<\/div>\n\t\t<\/div>\n\t\t\t\t<div class=\"elementor-column elementor-col-50 elementor-top-column elementor-element elementor-element-de60e03\" data-id=\"de60e03\" data-element_type=\"column\" data-e-type=\"column\">\n\t\t\t<div class=\"elementor-widget-wrap elementor-element-populated\">\n\t\t\t\t\t\t<div class=\"elementor-element elementor-element-53faa55 elementor-widget elementor-widget-html\" data-id=\"53faa55\" data-element_type=\"widget\" data-e-type=\"widget\" data-widget_type=\"html.default\">\n\t\t\t\t<div class=\"elementor-widget-container\">\n\t\t\t\t\t<div class=\"tf-hero-card\">\r\n    <div class=\"video-background\">\r\n        <iframe \r\n            src=\"https:\/\/www.youtube.com\/embed\/PxUauHg4gSs?autoplay=1&mute=1&loop=1&playlist=PxUauHg4gSs&end=17&controls=0&showinfo=0&rel=0&modestbranding=1&iv_load_policy=3&enablejsapi=1\" \r\n            frameborder=\"0\" \r\n            allow=\"autoplay; encrypted-media\" \r\n            allowfullscreen>\r\n        <\/iframe>\r\n    <\/div>\r\n\r\n    <div class=\"card-overlay\">\r\n        <div class=\"card-content\">\r\n            <span class=\"category-badge\">The Experience Collection<\/span>\r\n            \r\n            <p class=\"description-small\">Reserva los Tours & Actividades<\/p>\r\n            \r\n            <div class=\"cta-wrapper\">\r\n                <a href=\"https:\/\/trailforthjournal.com\/es\/tours-y-actividades\/guayaquil\/\" target=\"_blank\" class=\"btn-primary\">\r\n                    <span class=\"play-icon\"><\/span> VER EXPERIENCIAS\r\n                <\/a>\r\n            <\/div>\r\n        <\/div>\r\n    <\/div>\r\n<\/div>\r\n\r\n<style>\r\n\/* Mantenemos tu estilo exacto que ya funciona en Elementor *\/\r\n.tf-hero-card {\r\n    position: relative;\r\n    width: 100%;\r\n    max-width: 450px;\r\n    height: 300px;\r\n    margin: 20px auto;\r\n    border-radius: 24px;\r\n    overflow: hidden;\r\n    background: #000;\r\n    box-shadow: 0 15px 35px rgba(0,0,0,0.2);\r\n    font-family: 'Poppins', sans-serif;\r\n}\r\n\r\n.video-background {\r\n    position: absolute;\r\n    top: 0;\r\n    left: 0;\r\n    width: 100%;\r\n    height: 100%;\r\n    pointer-events: none;\r\n}\r\n\r\n.video-background iframe {\r\n    width: 300%; \r\n    height: 100%;\r\n    min-width: 177.77%; \r\n    position: absolute;\r\n    top: 50%;\r\n    left: 50%;\r\n    transform: translate(-50%, -50%) scale(1.3); \r\n    border: none;\r\n}\r\n\r\n.card-overlay {\r\n    position: absolute;\r\n    bottom: 0;\r\n    left: 0;\r\n    width: 100%;\r\n    height: 100%;\r\n    background: linear-gradient(180deg, transparent 15%, rgba(0,0,0,0.85) 85%);\r\n    display: flex;\r\n    align-items: flex-end;\r\n    padding: 25px;\r\n    box-sizing: border-box;\r\n    z-index: 2;\r\n}\r\n\r\n.category-badge {\r\n    display: inline-block;\r\n    background: #FFCC00;\r\n    color: #000;\r\n    font-size: 9px;\r\n    font-weight: 800;\r\n    padding: 4px 10px;\r\n    border-radius: 50px;\r\n    text-transform: uppercase;\r\n    letter-spacing: 1px;\r\n    margin-bottom: 6px;\r\n}\r\n\r\n.description-small {\r\n    color: rgba(255,255,255,0.9);\r\n    font-size: 13px;\r\n    margin-bottom: 18px;\r\n    font-weight: 400;\r\n}\r\n\r\n.btn-primary {\r\n    display: inline-flex;\r\n    align-items: center;\r\n    color: #fff;\r\n    text-decoration: none;\r\n    font-size: 11px;\r\n    font-weight: 600;\r\n    letter-spacing: 1px;\r\n    border: 1px solid rgba(255,255,255,0.5);\r\n    padding: 10px 20px;\r\n    border-radius: 50px;\r\n    transition: all 0.3s ease;\r\n    background: rgba(0,0,0,0.4);\r\n    backdrop-filter: blur(8px);\r\n    -webkit-backdrop-filter: blur(8px);\r\n}\r\n\r\n.btn-primary:hover {\r\n    background: #fff;\r\n    color: #000;\r\n}\r\n\r\n.play-icon {\r\n    width: 0; \r\n    height: 0; \r\n    border-top: 4px solid transparent;\r\n    border-bottom: 4px solid transparent;\r\n    border-left: 7px solid currentColor;\r\n    margin-right: 8px;\r\n}\r\n\r\n@media (max-width: 480px) {\r\n    .tf-hero-card {\r\n        height: 280px;\r\n    }\r\n}\r\n<\/style>\t\t\t\t<\/div>\n\t\t\t\t<\/div>\n\t\t\t\t\t<\/div>\n\t\t<\/div>\n\t\t\t\t\t<\/div>\n\t\t<\/section>\n\t\t\t\t<section class=\"elementor-section elementor-top-section elementor-element elementor-element-74a1104 elementor-section-boxed elementor-section-height-default elementor-section-height-default wpr-particle-no wpr-jarallax-no wpr-parallax-no wpr-sticky-section-no wpr-equal-height-no\" data-id=\"74a1104\" data-element_type=\"section\" data-e-type=\"section\">\n\t\t\t\t\t\t<div class=\"elementor-container elementor-column-gap-default\">\n\t\t\t\t\t<div class=\"elementor-column elementor-col-100 elementor-top-column elementor-element elementor-element-5e40b57\" data-id=\"5e40b57\" data-element_type=\"column\" data-e-type=\"column\">\n\t\t\t<div class=\"elementor-widget-wrap elementor-element-populated\">\n\t\t\t\t\t\t<div class=\"elementor-element elementor-element-fa79046 elementor-widget elementor-widget-spacer\" data-id=\"fa79046\" data-element_type=\"widget\" data-e-type=\"widget\" data-widget_type=\"spacer.default\">\n\t\t\t\t<div class=\"elementor-widget-container\">\n\t\t\t\t\t\t\t<div class=\"elementor-spacer\">\n\t\t\t<div class=\"elementor-spacer-inner\"><\/div>\n\t\t<\/div>\n\t\t\t\t\t\t<\/div>\n\t\t\t\t<\/div>\n\t\t\t\t\t<\/div>\n\t\t<\/div>\n\t\t\t\t\t<\/div>\n\t\t<\/section>\n\t\t\t\t<section class=\"elementor-section elementor-top-section elementor-element elementor-element-7262abb elementor-section-boxed elementor-section-height-default elementor-section-height-default wpr-particle-no wpr-jarallax-no wpr-parallax-no wpr-sticky-section-no wpr-equal-height-no\" data-id=\"7262abb\" data-element_type=\"section\" data-e-type=\"section\" data-settings=\"{&quot;background_background&quot;:&quot;classic&quot;}\">\n\t\t\t\t\t\t<div class=\"elementor-container elementor-column-gap-default\">\n\t\t\t\t\t<div class=\"elementor-column elementor-col-100 elementor-top-column elementor-element elementor-element-33f6461\" data-id=\"33f6461\" data-element_type=\"column\" data-e-type=\"column\">\n\t\t\t<div class=\"elementor-widget-wrap elementor-element-populated\">\n\t\t\t\t\t\t<div class=\"elementor-element elementor-element-42cd600 elementor-widget elementor-widget-text-editor\" data-id=\"42cd600\" data-element_type=\"widget\" data-e-type=\"widget\" data-widget_type=\"text-editor.default\">\n\t\t\t\t<div class=\"elementor-widget-container\">\n\t\t\t\t\t\t\t\t\t<p>Estos or\u00edgenes vienen desde Espa\u00f1a en el Siglo XIII, \u00e9poca en la cual se fundaron \u00f3rdenes religiosas fundamentalmente para liberar a los cristianos que hab\u00edan sido capturados y se encontraban en las prisiones de los musulmanes durante la \u00e9poca de las cruzadas, as\u00ed como tambi\u00e9n atender a los enfermos y heridos que regresaban de las batallas. La devoci\u00f3n en el pa\u00eds se consolid\u00f3 durante los tiempos de la Colonia y en la etapa republicana; cuando curiosamente en 1860 Per\u00fa decide ejecutar una invasi\u00f3n a territorio Ecuatoriano y Gabriel Garc\u00eda Moreno (fue Presidente de la Rep\u00fablica) al mando del Ej\u00e9rcito Ecuatoriano, derrot\u00f3 al Ej\u00e9rcito de Per\u00fa el 24 de septiembre \u2014d\u00eda de la fiesta de la Virgen de las Mercedes.<\/p>\t\t\t\t\t\t\t\t<\/div>\n\t\t\t\t<\/div>\n\t\t\t\t\t<\/div>\n\t\t<\/div>\n\t\t\t\t\t<\/div>\n\t\t<\/section>\n\t\t\t\t<section class=\"elementor-section elementor-top-section elementor-element elementor-element-e54c668 elementor-section-boxed elementor-section-height-default elementor-section-height-default wpr-particle-no wpr-jarallax-no wpr-parallax-no wpr-sticky-section-no wpr-equal-height-no\" data-id=\"e54c668\" data-element_type=\"section\" data-e-type=\"section\">\n\t\t\t\t\t\t<div class=\"elementor-container elementor-column-gap-default\">\n\t\t\t\t\t<div class=\"elementor-column elementor-col-100 elementor-top-column elementor-element elementor-element-350e4e5\" data-id=\"350e4e5\" data-element_type=\"column\" data-e-type=\"column\">\n\t\t\t<div class=\"elementor-widget-wrap elementor-element-populated\">\n\t\t\t\t\t\t<div class=\"elementor-element elementor-element-13c0b8c elementor-widget elementor-widget-text-editor\" data-id=\"13c0b8c\" data-element_type=\"widget\" data-e-type=\"widget\" data-widget_type=\"text-editor.default\">\n\t\t\t\t<div class=\"elementor-widget-container\">\n\t\t\t\t\t\t\t\t\t<p>Dentro de la bas\u00edlica encontrar\u00e1n dos importantes representaciones que solo se encontrar\u00e1n en este templo: la alegor\u00eda de la Eucarist\u00eda, realizada por el escultor italiano Enrico Pacciani. Y una pintura realizada cerca de 1800. Es la imagen de la Virgen, y junto a ella est\u00e1 una joven que toca la orla de sus vestiduras. Aquella joven que est\u00e1 presente en la imagen es qui\u00e9n luego se convertir\u00eda en la Esposa de Jos\u00e9 Joaqu\u00edn de Olmedo.<\/p>\t\t\t\t\t\t\t\t<\/div>\n\t\t\t\t<\/div>\n\t\t\t\t\t<\/div>\n\t\t<\/div>\n\t\t\t\t\t<\/div>\n\t\t<\/section>\n\t\t\t\t<section class=\"elementor-section elementor-top-section elementor-element elementor-element-f7716c8 elementor-section-boxed elementor-section-height-default elementor-section-height-default wpr-particle-no wpr-jarallax-no wpr-parallax-no wpr-sticky-section-no wpr-equal-height-no\" data-id=\"f7716c8\" data-element_type=\"section\" data-e-type=\"section\">\n\t\t\t\t\t\t<div class=\"elementor-container elementor-column-gap-default\">\n\t\t\t\t\t<div class=\"elementor-column elementor-col-100 elementor-top-column elementor-element elementor-element-575e5bf\" data-id=\"575e5bf\" data-element_type=\"column\" data-e-type=\"column\">\n\t\t\t<div class=\"elementor-widget-wrap elementor-element-populated\">\n\t\t\t\t\t\t<div class=\"elementor-element elementor-element-7565fe3 elementor-widget elementor-widget-spacer\" data-id=\"7565fe3\" data-element_type=\"widget\" data-e-type=\"widget\" data-widget_type=\"spacer.default\">\n\t\t\t\t<div class=\"elementor-widget-container\">\n\t\t\t\t\t\t\t<div class=\"elementor-spacer\">\n\t\t\t<div class=\"elementor-spacer-inner\"><\/div>\n\t\t<\/div>\n\t\t\t\t\t\t<\/div>\n\t\t\t\t<\/div>\n\t\t\t\t\t<\/div>\n\t\t<\/div>\n\t\t\t\t\t<\/div>\n\t\t<\/section>\n\t\t\t\t<section class=\"elementor-section elementor-top-section elementor-element elementor-element-6fdcaaa elementor-section-boxed elementor-section-height-default elementor-section-height-default wpr-particle-no wpr-jarallax-no wpr-parallax-no wpr-sticky-section-no wpr-equal-height-no\" data-id=\"6fdcaaa\" data-element_type=\"section\" data-e-type=\"section\">\n\t\t\t\t\t\t<div class=\"elementor-container elementor-column-gap-default\">\n\t\t\t\t\t<div class=\"elementor-column elementor-col-100 elementor-top-column elementor-element elementor-element-c5933f2\" data-id=\"c5933f2\" data-element_type=\"column\" data-e-type=\"column\">\n\t\t\t<div class=\"elementor-widget-wrap elementor-element-populated\">\n\t\t\t\t\t\t<div class=\"elementor-element elementor-element-11519b6 elementor-view-default elementor-widget elementor-widget-icon\" data-id=\"11519b6\" data-element_type=\"widget\" data-e-type=\"widget\" data-widget_type=\"icon.default\">\n\t\t\t\t<div class=\"elementor-widget-container\">\n\t\t\t\t\t\t\t<div class=\"elementor-icon-wrapper\">\n\t\t\t<div class=\"elementor-icon\">\n\t\t\t<i aria-hidden=\"true\" class=\"fas fa-map-marked-alt\"><\/i>\t\t\t<\/div>\n\t\t<\/div>\n\t\t\t\t\t\t<\/div>\n\t\t\t\t<\/div>\n\t\t\t\t\t<\/div>\n\t\t<\/div>\n\t\t\t\t\t<\/div>\n\t\t<\/section>\n\t\t\t\t<section class=\"elementor-section elementor-top-section elementor-element elementor-element-6e57788 elementor-section-boxed elementor-section-height-default elementor-section-height-default wpr-particle-no wpr-jarallax-no wpr-parallax-no wpr-sticky-section-no wpr-equal-height-no\" data-id=\"6e57788\" data-element_type=\"section\" data-e-type=\"section\">\n\t\t\t\t\t\t<div class=\"elementor-container elementor-column-gap-default\">\n\t\t\t\t\t<div class=\"elementor-column elementor-col-100 elementor-top-column elementor-element elementor-element-eefbd29\" data-id=\"eefbd29\" data-element_type=\"column\" data-e-type=\"column\">\n\t\t\t<div class=\"elementor-widget-wrap elementor-element-populated\">\n\t\t\t\t\t\t<div class=\"elementor-element elementor-element-7d65980 premium-title-center premium-title-gradient-yes elementor-widget__width-initial premium-title-color elementor-widget elementor-widget-premium-addon-title\" data-id=\"7d65980\" data-element_type=\"widget\" data-e-type=\"widget\" data-widget_type=\"premium-addon-title.default\">\n\t\t\t\t<div class=\"elementor-widget-container\">\n\t\t\t\t\t\n\t\t<div class=\"premium-title-container style3\">\n\t\t\t<h2 class=\"premium-title-header premium-title-style3\">\n\t\t\t\t\n\t\t\t\t\n\t\t\t\t\t\t\t\t\t\t\t\t<span class=\"premium-title-text\">\n\t\t\t\t\tMapa de ubicaci\u00f3n: Puerto Santa Ana\t\t\t\t<\/span>\n\t\t\t\t\t\n\t\t\t\t\t\t\t\t\n\t\t\t\t\t\t\t<\/h2>\n\n\t\t<\/div>\n\n\t\t\t\t\t\t<\/div>\n\t\t\t\t<\/div>\n\t\t\t\t\t<\/div>\n\t\t<\/div>\n\t\t\t\t\t<\/div>\n\t\t<\/section>\n\t\t\t\t<section class=\"elementor-section elementor-top-section elementor-element elementor-element-820829b elementor-section-boxed elementor-section-height-default elementor-section-height-default wpr-particle-no wpr-jarallax-no wpr-parallax-no wpr-sticky-section-no wpr-equal-height-no\" data-id=\"820829b\" data-element_type=\"section\" data-e-type=\"section\">\n\t\t\t\t\t\t<div class=\"elementor-container elementor-column-gap-default\">\n\t\t\t\t\t<div class=\"elementor-column elementor-col-100 elementor-top-column elementor-element elementor-element-72ba07c\" data-id=\"72ba07c\" data-element_type=\"column\" data-e-type=\"column\">\n\t\t\t<div class=\"elementor-widget-wrap elementor-element-populated\">\n\t\t\t\t\t\t<div class=\"elementor-element elementor-element-3e924d9 elementor-widget-divider--view-line elementor-widget elementor-widget-divider\" data-id=\"3e924d9\" data-element_type=\"widget\" data-e-type=\"widget\" data-widget_type=\"divider.default\">\n\t\t\t\t<div class=\"elementor-widget-container\">\n\t\t\t\t\t\t\t<div class=\"elementor-divider\">\n\t\t\t<span class=\"elementor-divider-separator\">\n\t\t\t\t\t\t<\/span>\n\t\t<\/div>\n\t\t\t\t\t\t<\/div>\n\t\t\t\t<\/div>\n\t\t\t\t\t<\/div>\n\t\t<\/div>\n\t\t\t\t\t<\/div>\n\t\t<\/section>\n\t\t\t\t<section class=\"elementor-section elementor-top-section elementor-element elementor-element-4983ed0 elementor-section-boxed elementor-section-height-default elementor-section-height-default wpr-particle-no wpr-jarallax-no wpr-parallax-no wpr-sticky-section-no wpr-equal-height-no\" data-id=\"4983ed0\" data-element_type=\"section\" data-e-type=\"section\">\n\t\t\t\t\t\t<div class=\"elementor-container elementor-column-gap-default\">\n\t\t\t\t\t<div class=\"elementor-column elementor-col-100 elementor-top-column elementor-element elementor-element-a1669c4\" data-id=\"a1669c4\" data-element_type=\"column\" data-e-type=\"column\">\n\t\t\t<div class=\"elementor-widget-wrap elementor-element-populated\">\n\t\t\t\t\t\t<div class=\"elementor-element elementor-element-418bebb elementor-widget elementor-widget-html\" data-id=\"418bebb\" data-element_type=\"widget\" data-e-type=\"widget\" data-widget_type=\"html.default\">\n\t\t\t\t<div class=\"elementor-widget-container\">\n\t\t\t\t\t<div class=\"tfj-main-container\">\r\n    <nav class=\"tfj-sidebar\">\r\n        <div class=\"tfj-sidebar-header\">\r\n            <img data-recalc-dims=\"1\" decoding=\"async\" src=\"https:\/\/i0.wp.com\/trailforthjournal.com\/es\/wp-content\/uploads\/sites\/4\/2026\/03\/Estampilla-Trail-Fort-Journal.png?w=1032&#038;ssl=1\" alt=\"Trail Forth Journal\" class=\"tfj-logo-stamp\">\r\n        <\/div>\r\n\r\n        <div class=\"tfj-sidebar-info\">\r\n            <div class=\"tfj-info-header\">\r\n                <span class=\"tab-icon\">\u2139\ufe0f<\/span>\r\n                <div class=\"tab-text\">\r\n                    <span class=\"tab-title\">Informaci\u00f3n<\/span>\r\n                    <span class=\"tab-sub\">Bas\u00edlica de la Merced<\/span>\r\n                <\/div>\r\n            <\/div>\r\n            \r\n            <div class=\"tfj-info-datos\">\r\n                <div class=\"dato-local\">\r\n                    <span class=\"etiqueta\">\ud83d\udccd UBICACI\u00d3N<\/span>\r\n                    <span class=\"valor\">Calle Pedro Carbo Noboa y V\u00edctor Manuel Rend\u00f3n<\/span>\r\n                <\/div>\r\n                <div class=\"dato-local\">\r\n                    <span class=\"etiqueta\">\u23f0 HORARIOS<\/span>\r\n                    <span class=\"valor\">Lunes a Domingo: 24 hrs.<\/span>\r\n                <\/div>\r\n            <\/div>\r\n        <\/div>\r\n        \r\n        <button class=\"tfj-tab-btn active\" onclick=\"openTab(event, 'tab-mapa')\">\r\n            <span class=\"tab-icon\">\ud83d\udccd<\/span>\r\n            <div class=\"tab-text\">\r\n                <span class=\"tab-title\">Mapa Interactivo<\/span>\r\n                <span class=\"tab-sub\">Bas\u00edlica de la Merced<\/span>\r\n            <\/div>\r\n        <\/button>\r\n        <button class=\"tfj-tab-btn\" onclick=\"openTab(event, 'tab-tours')\">\r\n            <span class=\"tab-icon\">\ud83c\udf9f\ufe0f<\/span>\r\n            <div class=\"tab-text\">\r\n                <span class=\"tab-title\">Experiencias Locales<\/span>\r\n                <span class=\"tab-sub\">Bas\u00edlica de la Merced<\/span>\r\n            <\/div>\r\n        <\/button>\r\n    <\/nav>\r\n\r\n    <div class=\"tfj-content-area\">\r\n        <div id=\"tab-mapa\" class=\"tfj-tab-content active\">\r\n            <div class=\"seccion-actividades-moderna\">\r\n                <div class=\"cabecera-actividades\">\r\n                    <h3>\ud83d\udccd Bas\u00edlica de la Merced<\/h3>\r\n                    <p>Explora los puntos destacados en el mapa interactivo<\/p>\r\n                <\/div>\r\n            <\/div>\r\n            \r\n            <div class=\"modulo-mapa-interactivo\">\r\n                <div class=\"mapa-iframe-wrapper\">\r\n                    <iframe loading=\"lazy\" allowfullscreen allow=\"geolocation\" \r\n                        src=\"https:\/\/trailforthjournal.com\/maps\/guayaquil\/lugares-turisticos-guayaquil\/#19\/-2.1902\/-79.8807\">\r\n                    <\/iframe>\r\n                <\/div>\r\n            <\/div>\r\n            <div class=\"base-decorativa-gye-final\"><\/div>\r\n        <\/div>\r\n\r\n        <div id=\"tab-tours\" class=\"tfj-tab-content\">\r\n            <div class=\"hub-container\">\r\n                <div class=\"hub-hero\" style=\"background-image: linear-gradient(rgba(0,0,0,0.2), rgba(0,0,0,0.8)), url('https:\/\/trailforthjournal.com\/es\/wp-content\/uploads\/sites\/4\/2026\/04\/tours-and-activities-guayaquil.png');\">\r\n                    <div class=\"hub-hero-content\">\r\n                        <span class=\"hub-tag\">Explora<\/span>\r\n                        <h3 class=\"hub-main-title\">Explora Puerto Santa Ana y sus alrededores.<\/h3>\r\n                        <p class=\"hub-description\">Desde la brisa del R\u00edo Guayas hasta las historias del Barrio Las Pe\u00f1as. Conoce cada uno de de estos lugares reservando nuestros recorridos diarios.<\/p>\r\n                    <\/div>\r\n                <\/div>\r\n\r\n                <div class=\"hub-sidebar-list\">\r\n                    <div class=\"list-header\">\r\n                        <h3>Reserva Experiencias Locales:<\/h3>\r\n                        <span class=\"activity-count\">Haz clic para conocer horarios y disponibilidad.<\/span>\r\n                    <\/div>\r\n\r\n                    <div class=\"mini-banner\" onclick=\"window.open('https:\/\/trailforthjournal.com\/es\/reservar\/guayaquil-city-tour-privado\/', '_blank')\">\r\n                        <div class=\"mini-img\">\r\n                            <img data-recalc-dims=\"1\" decoding=\"async\" src=\"https:\/\/i0.wp.com\/trailforthjournal.com\/es\/wp-content\/uploads\/sites\/4\/2022\/01\/Guia-Guayaquil-Iguanas-fondo-.png?w=1032&#038;ssl=1\" alt=\"City Tour\">\r\n                        <\/div>\r\n                        <div class=\"mini-details\">\r\n                            <h4 class=\"mini-title-text\">City Tour Guayaquil: Recorrido Hist\u00f3rico y Moderno<\/h4>\r\n                            <div class=\"mini-meta\">\r\n                                <span class=\"price\">USD $80<\/span>\r\n                                <span class=\"duration\">\u23f1 3.5h<\/span>\r\n                            <\/div>\r\n                        <\/div>\r\n                        <div class=\"mini-arrow\">\u2192<\/div>\r\n                    <\/div>\r\n\r\n                    <div class=\"mini-banner\" onclick=\"window.open('https:\/\/trailforthjournal.com\/es\/reservar\/guayaquil-walking-tour-panoramico\/', '_blank')\">\r\n                        <div class=\"mini-img\">\r\n                            <img data-recalc-dims=\"1\" decoding=\"async\" src=\"https:\/\/i0.wp.com\/trailforthjournal.com\/es\/wp-content\/uploads\/sites\/4\/2024\/02\/1000118859.png?w=1032&#038;ssl=1\" alt=\"Walking Tour\">\r\n                        <\/div>\r\n                        <div class=\"mini-details\">\r\n                            <h4 class=\"mini-title-text\">Guayaquil Walking Tour: Navegaci\u00f3n y Vistas A\u00e9reas<\/h4>\r\n                            <div class=\"mini-meta\">\r\n                                <span class=\"price\">USD: $30<\/span>\r\n                                <span class=\"duration\">\u23f1 1.5h<\/span>\r\n                            <\/div>\r\n                        <\/div>\r\n                        <div class=\"mini-arrow\">\u2192<\/div>\r\n                    <\/div>\r\n\r\n                    <div class=\"hub-footer-cta\">\r\n                        <p>\u00bfBuscas un plan personalizado?<\/p>\r\n                        <a href=\"javascript:void(0)\" class=\"link-contacto\" onclick=\"toggleContactModal()\">Hablar con un experto<\/a>\r\n                    <\/div>\r\n                <\/div>\r\n            <\/div>\r\n        <\/div>\r\n    <\/div>\r\n<\/div>\r\n\r\n<div id=\"contact-modal\" class=\"tfj-modal-overlay\">\r\n    <div class=\"tfj-modal-card\">\r\n        <button class=\"modal-close\" onclick=\"toggleContactModal()\">\u00d7<\/button>\r\n        <h4 style=\"font-family: 'Volkhov'; font-size: 22px; margin-bottom: 10px; color: #111;\">\u00bfC\u00f3mo prefieres contactarnos?<\/h4>\r\n        <p>Nuestro equipo de expertos est\u00e1 listo para ayudarte.<\/p>\r\n        <div class=\"modal-options\">\r\n            <a href=\"https:\/\/wa.me\/593978887324\" target=\"_blank\" class=\"modal-btn whatsapp\"><span>\ud83d\udcac WhatsApp<\/span><\/a>\r\n            <a href=\"mailto:info@trailforthjournal.com\" class=\"modal-btn email\"><span>\u2709\ufe0f Correo Electr\u00f3nico<\/span><\/a>\r\n        <\/div>\r\n    <\/div>\r\n<\/div>\r\n\r\n<style>\r\n    @import url('https:\/\/fonts.googleapis.com\/css2?family=Montserrat:wght@400;700;800&family=Volkhov&family=Inter:wght@400;500&display=swap');\r\n\r\n    :root {\r\n        --primary-gye: #1c1c1c;\r\n        --sidebar-bg: #f8fafc;\r\n        --shadow: 0 10px 30px rgba(0,0,0,0.08);\r\n        --url-borde-nuevo: url('https:\/\/trailforthjournal.com\/es\/wp-content\/uploads\/sites\/4\/2026\/04\/Borde-de-mapa-GYE-e1775882327660.png');\r\n    }\r\n\r\n    .tfj-main-container {\r\n        display: flex;\r\n        max-width: 1200px;\r\n        margin: 40px auto;\r\n        background: #fff;\r\n        border-radius: 24px;\r\n        overflow: hidden;\r\n        box-shadow: var(--shadow);\r\n        height: 600px; \/* Altura fija base *\/\r\n    }\r\n\r\n    \/* SIDEBAR *\/\r\n    .tfj-sidebar { width: 280px; background: var(--sidebar-bg); border-right: 1px solid #e2e8f0; display: flex; flex-direction: column; padding: 20px 0; flex-shrink: 0; }\r\n    .tfj-sidebar-header { padding: 10px 25px 15px; text-align: center; }\r\n    .tfj-logo-stamp { max-width: 85px; height: auto; }\r\n\r\n    \/* ESTILOS INFO SIDEBAR *\/\r\n    .tfj-sidebar-info { padding-bottom: 20px; }\r\n    .tfj-info-header { display: flex; align-items: center; gap: 15px; padding: 10px 25px 15px; }\r\n    .tfj-info-datos { padding: 0 25px; }\r\n    .dato-local { margin-bottom: 12px; }\r\n    .etiqueta { display: block; font-family: 'Montserrat'; font-size: 9px; font-weight: 800; color: #94a3b8; letter-spacing: 0.8px; margin-bottom: 2px; }\r\n    .valor { display: block; font-family: 'Inter'; font-size: 11px; color: #475569; line-height: 1.4; }\r\n\r\n    \/* BOTONES PESTA\u00d1AS *\/\r\n    .tfj-tab-btn { border: none; background: none; padding: 20px 25px; display: flex; align-items: center; gap: 15px; cursor: pointer; text-align: left; transition: 0.3s; border-left: 4px solid transparent; width: 100%; }\r\n    .tfj-tab-btn.active { background: #fff; border-left-color: var(--primary-gye); }\r\n    .tab-title { display: block; font-family: 'Montserrat'; font-weight: 700; font-size: 14px; color: #1e293b; }\r\n    .tab-sub { font-family: 'Inter'; font-size: 11px; color: #94a3b8; }\r\n\r\n    \/* \u00c1REA DE CONTENIDO *\/\r\n    .tfj-content-area { flex: 1; position: relative; overflow: hidden; background: #fff; }\r\n    .tfj-tab-content { display: none; height: 100%; width: 100%; flex-direction: column; }\r\n    .tfj-tab-content.active { display: flex; }\r\n\r\n    \/* FIX MAPA: Altura completa *\/\r\n    .seccion-actividades-moderna { flex-shrink: 0; }\r\n    .cabecera-actividades { padding: 25px 25px 15px; border-bottom: 1px solid #f1f5f9; }\r\n    .cabecera-actividades h3 { color: #1e293b; margin:0; font-family:'Montserrat'; font-size:15px; font-weight:700; }\r\n    .cabecera-actividades p { color: #64748b; font-size: 12px; margin: 5px 0 0; }\r\n\r\n    .modulo-mapa-interactivo { flex: 1; position: relative; width: 100%; min-height: 0; }\r\n    .mapa-iframe-wrapper { position: absolute; top: 0; left: 0; width: 100%; height: 100%; }\r\n    .mapa-iframe-wrapper iframe { width: 100%; height: 100%; border: none; }\r\n    .base-decorativa-gye-final { height: 60px; background-image: var(--url-borde-nuevo); background-repeat: repeat-x; background-position: bottom; background-size: auto 60%; flex-shrink: 0; }\r\n\r\n    \/* HUB TOURS *\/\r\n    .hub-container { display: flex; height: 100%; width: 100%; background: #111111; }\r\n    .hub-hero { flex: 1.2; background-size: cover; background-position: center; display: flex; align-items: flex-end; padding: 40px; }\r\n    .hub-main-title { font-family: 'Volkhov'; font-size: 28px; color: #ffffff !important; margin: 10px 0; line-height: 1.2; }\r\n    .hub-description { font-family: 'Inter'; font-size: 13px; color: #ffffff !important; line-height: 1.5; opacity: 0.9; }\r\n    .hub-tag { background: #fff; color: #000; padding: 3px 8px; font-size: 9px; font-weight: 800; text-transform: uppercase; border-radius: 2px; }\r\n\r\n    .hub-sidebar-list { flex: 0.8; background: #111111; display: flex; flex-direction: column; padding: 25px; gap: 15px; overflow-y: auto; border-left: 1px solid #222; }\r\n    .list-header h3 { margin:0; font-family:'Montserrat'; font-size:14px; font-weight:700; color:#ffffff; }\r\n    .activity-count { font-size: 11px; color: #64748b; }\r\n\r\n    .mini-banner { display: flex; align-items: center; gap: 12px; padding: 12px; border: 1px solid #222; background: #1a1a1a; border-radius: 12px; cursor: pointer; transition: 0.3s; }\r\n    .mini-banner:hover { background: #252525; transform: translateX(5px); }\r\n    .mini-img { width: 50px; height: 50px; border-radius: 8px; overflow: hidden; flex-shrink: 0; }\r\n    .mini-img img { width: 100%; height: 100%; object-fit: cover; }\r\n    \r\n    .mini-title-text { margin: 0 0 4px !important; font-size: 12px !important; font-family: 'Montserrat' !important; color: #ffffff !important; font-weight: 700 !important; line-height: 1.3; }\r\n    .mini-meta { display: flex; gap: 10px; font-size: 10px; color: #94a3b8; }\r\n    .price { font-weight: 800; color: #ffffff; }\r\n    .mini-arrow { margin-left: auto; color: #444; font-size: 14px; }\r\n\r\n    .hub-footer-cta { margin-top: auto; padding-top: 15px; text-align: center; border-top: 1px solid #222; }\r\n    .link-contacto { font-size: 12px; font-weight: 700; color: #ffffff; text-decoration: underline; cursor: pointer; }\r\n\r\n    \/* MODAL *\/\r\n    .tfj-modal-overlay { position: fixed; top: 0; left: 0; width: 100%; height: 100%; background: rgba(0,0,0,0.8); display: none; align-items: center; justify-content: center; z-index: 1000; backdrop-filter: blur(4px); }\r\n    .tfj-modal-card { background: #fff; padding: 35px; border-radius: 24px; max-width: 380px; width: 90%; position: relative; text-align: center; }\r\n    .modal-close { position: absolute; top: 15px; right: 20px; background: none; border: none; font-size: 24px; cursor: pointer; color: #bbb; }\r\n    .modal-btn { padding: 14px; border-radius: 12px; text-decoration: none; font-family: 'Montserrat'; font-weight: 700; font-size: 14px; display: block; margin-bottom: 10px; transition: 0.3s; }\r\n    .modal-btn.whatsapp { background: #25D366; color: #fff; }\r\n    .modal-btn.email { background: #1c1c1c; color: #fff; }\r\n\r\n    \/* RESPONSIVE *\/\r\n    @media (max-width: 900px) {\r\n        .tfj-main-container { flex-direction: column; height: auto; margin: 10px; }\r\n        .tfj-sidebar { width: 100%; height: auto; padding: 15px 0; }\r\n        .hub-container { flex-direction: column; }\r\n        .hub-hero { height: 220px; }\r\n        .tfj-content-area { height: 500px; }\r\n    }\r\n<\/style>\r\n\r\n<script>\r\nfunction openTab(evt, tabName) {\r\n    var i, tabcontent, tablinks;\r\n    tabcontent = document.getElementsByClassName(\"tfj-tab-content\");\r\n    for (i = 0; i < tabcontent.length; i++) {\r\n        tabcontent[i].classList.remove(\"active\");\r\n        tabcontent[i].style.display = \"none\";\r\n    }\r\n    tablinks = document.getElementsByClassName(\"tfj-tab-btn\");\r\n    for (i = 0; i < tablinks.length; i++) {\r\n        tablinks[i].classList.remove(\"active\");\r\n    }\r\n    const targetTab = document.getElementById(tabName);\r\n    targetTab.style.display = \"flex\";\r\n    targetTab.classList.add(\"active\");\r\n    evt.currentTarget.classList.add(\"active\");\r\n}\r\n\r\nfunction toggleContactModal() {\r\n    const modal = document.getElementById('contact-modal');\r\n    modal.style.display = (modal.style.display === 'flex') ? 'none' : 'flex';\r\n}\r\n\r\nwindow.onclick = function(event) {\r\n    const modal = document.getElementById('contact-modal');\r\n    if (event.target == modal) { modal.style.display = \"none\"; }\r\n}\r\n<\/script>\t\t\t\t<\/div>\n\t\t\t\t<\/div>\n\t\t\t\t\t<\/div>\n\t\t<\/div>\n\t\t\t\t\t<\/div>\n\t\t<\/section>\n\t\t\t\t<section class=\"elementor-section elementor-top-section elementor-element elementor-element-b069710 elementor-section-boxed elementor-section-height-default elementor-section-height-default wpr-particle-no wpr-jarallax-no wpr-parallax-no wpr-sticky-section-no wpr-equal-height-no\" data-id=\"b069710\" data-element_type=\"section\" data-e-type=\"section\">\n\t\t\t\t\t\t<div class=\"elementor-container elementor-column-gap-default\">\n\t\t\t\t\t<div class=\"elementor-column elementor-col-100 elementor-top-column elementor-element elementor-element-c124974\" data-id=\"c124974\" data-element_type=\"column\" data-e-type=\"column\">\n\t\t\t<div class=\"elementor-widget-wrap elementor-element-populated\">\n\t\t\t\t\t\t<div class=\"elementor-element elementor-element-e8e473b elementor-widget elementor-widget-heading\" data-id=\"e8e473b\" data-element_type=\"widget\" data-e-type=\"widget\" data-widget_type=\"heading.default\">\n\t\t\t\t<div class=\"elementor-widget-container\">\n\t\t\t\t\t<h3 class=\"elementor-heading-title elementor-size-default\">La Bas\u00edlica de La Merced es solo el comienzo\u2026 descubre todo lo que Guayaquil tiene para ti.<\/h3>\t\t\t\t<\/div>\n\t\t\t\t<\/div>\n\t\t\t\t<div class=\"elementor-element elementor-element-9d6e3d0 elementor-widget-divider--view-line elementor-widget elementor-widget-divider\" data-id=\"9d6e3d0\" data-element_type=\"widget\" data-e-type=\"widget\" data-widget_type=\"divider.default\">\n\t\t\t\t<div class=\"elementor-widget-container\">\n\t\t\t\t\t\t\t<div class=\"elementor-divider\">\n\t\t\t<span class=\"elementor-divider-separator\">\n\t\t\t\t\t\t<\/span>\n\t\t<\/div>\n\t\t\t\t\t\t<\/div>\n\t\t\t\t<\/div>\n\t\t\t\t\t<\/div>\n\t\t<\/div>\n\t\t\t\t\t<\/div>\n\t\t<\/section>\n\t\t\t\t<section class=\"elementor-section elementor-top-section elementor-element elementor-element-7dcb2b5 elementor-section-boxed elementor-section-height-default elementor-section-height-default wpr-particle-no wpr-jarallax-no wpr-parallax-no wpr-sticky-section-no wpr-equal-height-no\" data-id=\"7dcb2b5\" data-element_type=\"section\" data-e-type=\"section\">\n\t\t\t\t\t\t<div class=\"elementor-container elementor-column-gap-default\">\n\t\t\t\t\t<div class=\"elementor-column elementor-col-100 elementor-top-column elementor-element elementor-element-0d4bc5a\" data-id=\"0d4bc5a\" data-element_type=\"column\" data-e-type=\"column\">\n\t\t\t<div class=\"elementor-widget-wrap elementor-element-populated\">\n\t\t\t\t\t\t<div class=\"elementor-element elementor-element-f120cb3 elementor-widget elementor-widget-html\" data-id=\"f120cb3\" data-element_type=\"widget\" data-e-type=\"widget\" data-widget_type=\"html.default\">\n\t\t\t\t<div class=\"elementor-widget-container\">\n\t\t\t\t\t<section class=\"tfj-ecosistema-guayaquil\">\r\n    <div class=\"grid-pilares\">\r\n        \r\n        <article class=\"card-pilar pilar-tours\">\r\n            <div class=\"card-cuerpo\">\r\n                <span class=\"tag-categoria\">Experiencias Premium<\/span>\r\n                <h3><a href=\"https:\/\/trailforthjournal.com\/es\/tours-y-actividades\/guayaquil\/\" title=\"Reserva Tours en Guayaquil con Gu\u00edas Locales\" target=\"_blank\" rel=\"noopener\">Tours y Excursiones en Guayaquil<\/a><\/h3>\r\n                <p>Reserva tours privados y experiencias curadas con gu\u00edas locales certificados. Calidad premium en cada recorrido.<\/p>\r\n                <div class=\"footer-card\">\r\n                    <span class=\"cta-link\">Ver Cat\u00e1logo de Tours \u2192<\/span>\r\n                <\/div>\r\n            <\/div>\r\n        <\/article>\r\n\r\n        <article class=\"card-pilar pilar-lugares\">\r\n            <div class=\"card-cuerpo\">\r\n                <span class=\"tag-categoria\">Planificaci\u00f3n<\/span>\r\n                <h3><a href=\"https:\/\/trailforthjournal.com\/es\/explora\/mapa-lugares-turisticos-guayaquil\/\" title=\"Mapa de lugares tur\u00edsticos en Guayaquil\" target=\"_blank\" rel=\"noopener\">Lugares Tur\u00edsticos y Mapa 2026<\/a><\/h3>\r\n                <p>Explora los 20 sitios imprescindibles de la Perla del Pac\u00edfico con nuestro mapa interactivo y gratuito.<\/p>\r\n                <div class=\"footer-card\">\r\n                    <span class=\"cta-link\">Explorar el Mapa \u2192<\/span>\r\n                <\/div>\r\n            <\/div>\r\n        <\/article>\r\n\r\n        <article class=\"card-pilar pilar-guia\">\r\n            <div class=\"card-cuerpo\">\r\n                <span class=\"tag-categoria\">Gu\u00eda Local<\/span>\r\n                <h3><a href=\"https:\/\/trailforthjournal.com\/es\/guia-turistica\/guayaquil-ecuador\/\" title=\"Qu\u00e9 hacer en Guayaquil: Gu\u00eda completa\" target=\"_blank\" rel=\"noopener\">Qu\u00e9 hacer en Guayaquil: Gu\u00eda 2026<\/a><\/h3>\r\n                <p>Cultura, compras y vida urbana. Todo lo que necesitas saber para vivir Guayaquil como un local.<\/p>\r\n                <div class=\"footer-card\">\r\n                    <span class=\"cta-link\">Leer Gu\u00eda Completa \u2192<\/span>\r\n                <\/div>\r\n            <\/div>\r\n        <\/article>\r\n\r\n    <\/div>\r\n<\/section>\r\n\r\n<style>\r\n    .tfj-ecosistema-guayaquil {\r\n        max-width: 1100px;\r\n        margin: 50px auto;\r\n        padding: 0 20px;\r\n        font-family: 'Montserrat', sans-serif;\r\n    }\r\n    .grid-pilares {\r\n        display: grid;\r\n        grid-template-columns: repeat(auto-fit, minmax(320px, 1fr));\r\n        gap: 30px;\r\n    }\r\n    .card-pilar {\r\n        background: #ffffff;\r\n        border-radius: 24px;\r\n        padding: 35px;\r\n        border: 1px solid #eef2f6;\r\n        box-shadow: 0 10px 30px rgba(0,0,0,0.03);\r\n        transition: all 0.4s ease;\r\n        display: flex;\r\n        flex-direction: column;\r\n        position: relative;\r\n        overflow: hidden;\r\n    }\r\n    .card-pilar::before {\r\n        content: '';\r\n        position: absolute;\r\n        top: 0; left: 0; width: 4px; height: 100%;\r\n        background: #3F74E8;\r\n        opacity: 0;\r\n        transition: 0.3s;\r\n    }\r\n    .card-pilar:hover {\r\n        transform: translateY(-10px);\r\n        box-shadow: 0 25px 50px -12px rgba(0,0,0,0.08);\r\n        border-color: #3F74E8;\r\n    }\r\n    .card-pilar:hover::before {\r\n        opacity: 1;\r\n    }\r\n    .tag-categoria {\r\n        font-size: 11px;\r\n        text-transform: uppercase;\r\n        letter-spacing: 2px;\r\n        color: #64748b;\r\n        font-weight: 700;\r\n        margin-bottom: 15px;\r\n        display: block;\r\n    }\r\n    .card-pilar h3 {\r\n        margin: 0 0 15px 0;\r\n        font-size: 22px;\r\n        line-height: 1.3;\r\n        font-weight: 800;\r\n    }\r\n    .card-pilar h3 a {\r\n        text-decoration: none;\r\n        color: #0f172a;\r\n        transition: color 0.3s;\r\n    }\r\n    .card-pilar p {\r\n        font-size: 15px;\r\n        color: #475569;\r\n        line-height: 1.6;\r\n        margin-bottom: 25px;\r\n    }\r\n    .footer-card {\r\n        margin-top: auto;\r\n    }\r\n    .cta-link {\r\n        font-size: 14px;\r\n        font-weight: 700;\r\n        color: #3F74E8;\r\n        display: inline-block;\r\n    }\r\n    @media (max-width: 768px) {\r\n        .tfj-ecosistema-guayaquil { margin: 30px auto; }\r\n        .card-pilar { padding: 25px; }\r\n    }\r\n<\/style>\t\t\t\t<\/div>\n\t\t\t\t<\/div>\n\t\t\t\t\t<\/div>\n\t\t<\/div>\n\t\t\t\t\t<\/div>\n\t\t<\/section>\n\t\t\t\t<section class=\"elementor-section elementor-top-section elementor-element elementor-element-0c7f8bc elementor-section-boxed elementor-section-height-default elementor-section-height-default wpr-particle-no wpr-jarallax-no wpr-parallax-no wpr-sticky-section-no wpr-equal-height-no\" data-id=\"0c7f8bc\" data-element_type=\"section\" data-e-type=\"section\">\n\t\t\t\t\t\t<div class=\"elementor-container elementor-column-gap-default\">\n\t\t\t\t\t<div class=\"elementor-column elementor-col-100 elementor-top-column elementor-element elementor-element-3c29512\" data-id=\"3c29512\" data-element_type=\"column\" data-e-type=\"column\">\n\t\t\t<div class=\"elementor-widget-wrap elementor-element-populated\">\n\t\t\t\t\t\t<div class=\"elementor-element elementor-element-d552286 elementor-widget elementor-widget-spacer\" data-id=\"d552286\" data-element_type=\"widget\" data-e-type=\"widget\" data-widget_type=\"spacer.default\">\n\t\t\t\t<div class=\"elementor-widget-container\">\n\t\t\t\t\t\t\t<div class=\"elementor-spacer\">\n\t\t\t<div class=\"elementor-spacer-inner\"><\/div>\n\t\t<\/div>\n\t\t\t\t\t\t<\/div>\n\t\t\t\t<\/div>\n\t\t\t\t\t<\/div>\n\t\t<\/div>\n\t\t\t\t\t<\/div>\n\t\t<\/section>\n\t\t\t\t<section class=\"elementor-section elementor-top-section elementor-element elementor-element-733d6ce elementor-section-boxed elementor-section-height-default elementor-section-height-default wpr-particle-no wpr-jarallax-no wpr-parallax-no wpr-sticky-section-no wpr-equal-height-no\" data-id=\"733d6ce\" data-element_type=\"section\" data-e-type=\"section\">\n\t\t\t\t\t\t<div class=\"elementor-container elementor-column-gap-default\">\n\t\t\t\t\t<div class=\"elementor-column elementor-col-100 elementor-top-column elementor-element elementor-element-d5a9d3b\" data-id=\"d5a9d3b\" data-element_type=\"column\" data-e-type=\"column\">\n\t\t\t<div class=\"elementor-widget-wrap elementor-element-populated\">\n\t\t\t\t\t\t<div class=\"elementor-element elementor-element-6476e78 elementor-widget elementor-widget-heading\" data-id=\"6476e78\" data-element_type=\"widget\" data-e-type=\"widget\" data-widget_type=\"heading.default\">\n\t\t\t\t<div class=\"elementor-widget-container\">\n\t\t\t\t\t<h2 class=\"elementor-heading-title elementor-size-default\">Plaza de la Merced<\/h2>\t\t\t\t<\/div>\n\t\t\t\t<\/div>\n\t\t\t\t\t<\/div>\n\t\t<\/div>\n\t\t\t\t\t<\/div>\n\t\t<\/section>\n\t\t\t\t<section class=\"elementor-section elementor-top-section elementor-element elementor-element-3cbd94a elementor-section-boxed elementor-section-height-default elementor-section-height-default wpr-particle-no wpr-jarallax-no wpr-parallax-no wpr-sticky-section-no wpr-equal-height-no\" data-id=\"3cbd94a\" data-element_type=\"section\" data-e-type=\"section\" data-settings=\"{&quot;background_background&quot;:&quot;classic&quot;}\">\n\t\t\t\t\t\t<div class=\"elementor-container elementor-column-gap-default\">\n\t\t\t\t\t<div class=\"elementor-column elementor-col-100 elementor-top-column elementor-element elementor-element-742808f\" data-id=\"742808f\" data-element_type=\"column\" data-e-type=\"column\">\n\t\t\t<div class=\"elementor-widget-wrap elementor-element-populated\">\n\t\t\t\t\t\t<div class=\"elementor-element elementor-element-3b4f62e elementor-widget elementor-widget-text-editor\" data-id=\"3b4f62e\" data-element_type=\"widget\" data-e-type=\"widget\" data-widget_type=\"text-editor.default\">\n\t\t\t\t<div class=\"elementor-widget-container\">\n\t\t\t\t\t\t\t\t\t<p>Durante mucho tiempo la Plaza de la Merced no era m\u00e1s que un espacio de terreno vac\u00edo que se encontraba frente a la Iglesia de la Merced y que no ten\u00eda nombre. En sus primeros a\u00f1os el cabildo porte\u00f1o no hab\u00eda designado un \u00e1rea concerniente a la orden religiosa sobre tener su respectiva plaza. Durante el Incendio Grande en 1896, este lugar fue ocupado por los habitantes como un refugio provisional con el fin de proteger sus bienes materiales de las llamas, sin embargo todos los esfuerzos, fueron in\u00fatiles, al igual que en la Plaza de San Francisco; todo lo que hab\u00eda llegado a estos lugares, fue consumido por el fuego.<\/p>\t\t\t\t\t\t\t\t<\/div>\n\t\t\t\t<\/div>\n\t\t\t\t\t<\/div>\n\t\t<\/div>\n\t\t\t\t\t<\/div>\n\t\t<\/section>\n\t\t\t\t<section class=\"elementor-section elementor-top-section elementor-element elementor-element-34e2a3a elementor-section-boxed elementor-section-height-default elementor-section-height-default wpr-particle-no wpr-jarallax-no wpr-parallax-no wpr-sticky-section-no wpr-equal-height-no\" data-id=\"34e2a3a\" data-element_type=\"section\" data-e-type=\"section\">\n\t\t\t\t\t\t<div class=\"elementor-container elementor-column-gap-default\">\n\t\t\t\t\t<div class=\"elementor-column elementor-col-25 elementor-top-column elementor-element elementor-element-7a09dfb\" data-id=\"7a09dfb\" data-element_type=\"column\" data-e-type=\"column\">\n\t\t\t<div class=\"elementor-widget-wrap elementor-element-populated\">\n\t\t\t\t\t\t<div class=\"elementor-element elementor-element-37ac7fc elementor-widget elementor-widget-text-editor\" data-id=\"37ac7fc\" data-element_type=\"widget\" data-e-type=\"widget\" data-widget_type=\"text-editor.default\">\n\t\t\t\t<div class=\"elementor-widget-container\">\n\t\t\t\t\t\t\t\t\t<p>El 11 de agosto de 1907 fue inaugurada oficialmente la Plaza de la Merced, y dos a\u00f1os despu\u00e9s fue colocada en la Plaza el monumento a Pedro Carbo, un pol\u00edtico, escritor y diplom\u00e1tico ecuatoriano. En la actualidad tambi\u00e9n se conoce este lugar como Plaza Pedro Carbo, es un lugar de peque\u00f1os jardines, fuentes de agua en donde se encuentra levantado el monumento a Pedro Carbo, acompa\u00f1ado de faroles en hierro fundido. La plaza se encuentra rodeada de importantes edificaciones de instituciones p\u00fablicas y privadas, estas construcciones hacen que la Plaza de la Merced se sienta peque\u00f1a en contraste a lo que fue durante la \u00e9poca de la colonia y los inicios de la etapa republicana.<\/p>\t\t\t\t\t\t\t\t<\/div>\n\t\t\t\t<\/div>\n\t\t\t\t<div class=\"elementor-element elementor-element-91f4b5f elementor-widget elementor-widget-text-editor\" data-id=\"91f4b5f\" data-element_type=\"widget\" data-e-type=\"widget\" data-widget_type=\"text-editor.default\">\n\t\t\t\t<div class=\"elementor-widget-container\">\n\t\t\t\t\t\t\t\t\t<p>Para quienes desean profundizar en la historia de este y otros hitos, ofrecemos dos experiencias disponibles <b data-path-to-node=\"6,1\" data-index-in-node=\"109\">todos los d\u00edas<\/b>: nuestro <b data-path-to-node=\"6,1\" data-index-in-node=\"133\"><a class=\"ng-star-inserted\" href=\"https:\/\/trailforthjournal.com\/es\/tours-y-actividades\/guayaquil\/#city-tour\" target=\"_blank\" rel=\"noopener\" data-hveid=\"0\" data-ved=\"0CAAQ_4QMahgKEwjaiM265fOTAxUAAAAAHQAAAAAQ4gE\">City Tour en Guayaquil<\/a><\/b>, un recorrido completo y c\u00f3modo por las mayores atracciones de Guayaquil, o nuestro <b data-path-to-node=\"6,1\" data-index-in-node=\"227\"><a class=\"ng-star-inserted\" href=\"https:\/\/trailforthjournal.com\/es\/tours-y-actividades\/guayaquil\/#walking-tour\" target=\"_blank\" rel=\"noopener\" data-hveid=\"0\" data-ved=\"0CAAQ_4QMahgKEwjaiM265fOTAxUAAAAAHQAAAAAQ4wE\">Walking Tour de vistas a\u00e9reas<\/a><\/b>, que incluye vistas ideal para descubrir los puntos m\u00e1s importantes en poco tiempo mediante una caminata estrat\u00e9gica. T\u00fa eliges el ritmo, nosotros ponemos la historia.<\/p>\t\t\t\t\t\t\t\t<\/div>\n\t\t\t\t<\/div>\n\t\t\t\t\t<\/div>\n\t\t<\/div>\n\t\t\t\t<div class=\"elementor-column elementor-col-25 elementor-top-column elementor-element elementor-element-9dfeb21\" data-id=\"9dfeb21\" data-element_type=\"column\" data-e-type=\"column\">\n\t\t\t<div class=\"elementor-widget-wrap elementor-element-populated\">\n\t\t\t\t\t\t<div class=\"elementor-element elementor-element-25be804 elementor-widget elementor-widget-spacer\" data-id=\"25be804\" data-element_type=\"widget\" data-e-type=\"widget\" data-widget_type=\"spacer.default\">\n\t\t\t\t<div class=\"elementor-widget-container\">\n\t\t\t\t\t\t\t<div class=\"elementor-spacer\">\n\t\t\t<div class=\"elementor-spacer-inner\"><\/div>\n\t\t<\/div>\n\t\t\t\t\t\t<\/div>\n\t\t\t\t<\/div>\n\t\t\t\t\t<\/div>\n\t\t<\/div>\n\t\t\t\t<div class=\"elementor-column elementor-col-25 elementor-top-column elementor-element elementor-element-c3f2e11\" data-id=\"c3f2e11\" data-element_type=\"column\" data-e-type=\"column\">\n\t\t\t<div class=\"elementor-widget-wrap elementor-element-populated\">\n\t\t\t\t\t\t<div class=\"elementor-element elementor-element-2bbf170 elementor-widget elementor-widget-spacer\" data-id=\"2bbf170\" data-element_type=\"widget\" data-e-type=\"widget\" data-widget_type=\"spacer.default\">\n\t\t\t\t<div class=\"elementor-widget-container\">\n\t\t\t\t\t\t\t<div class=\"elementor-spacer\">\n\t\t\t<div class=\"elementor-spacer-inner\"><\/div>\n\t\t<\/div>\n\t\t\t\t\t\t<\/div>\n\t\t\t\t<\/div>\n\t\t\t\t\t<\/div>\n\t\t<\/div>\n\t\t\t\t<div class=\"elementor-column elementor-col-25 elementor-top-column elementor-element elementor-element-dca7aab\" data-id=\"dca7aab\" data-element_type=\"column\" data-e-type=\"column\" data-settings=\"{&quot;background_background&quot;:&quot;classic&quot;}\">\n\t\t\t<div class=\"elementor-widget-wrap elementor-element-populated\">\n\t\t\t\t\t<div class=\"elementor-background-overlay\"><\/div>\n\t\t\t\t\t\t<div class=\"elementor-element elementor-element-20f54b4 elementor-shape-rounded elementor-grid-0 e-grid-align-center elementor-widget elementor-widget-social-icons\" data-id=\"20f54b4\" data-element_type=\"widget\" data-e-type=\"widget\" data-widget_type=\"social-icons.default\">\n\t\t\t\t<div class=\"elementor-widget-container\">\n\t\t\t\t\t\t\t<div class=\"elementor-social-icons-wrapper elementor-grid\">\n\t\t\t\t\t\t\t<span class=\"elementor-grid-item\">\n\t\t\t\t\t<a class=\"elementor-icon elementor-social-icon elementor-social-icon-map-marker-alt elementor-repeater-item-3106be1\" target=\"_blank\">\n\t\t\t\t\t\t<span class=\"elementor-screen-only\">Map-marker-alt<\/span>\n\t\t\t\t\t\t<i aria-hidden=\"true\" class=\"fas fa-map-marker-alt\"><\/i>\t\t\t\t\t<\/a>\n\t\t\t\t<\/span>\n\t\t\t\t\t<\/div>\n\t\t\t\t\t\t<\/div>\n\t\t\t\t<\/div>\n\t\t\t\t<div class=\"elementor-element elementor-element-cad9ba7 elementor-widget elementor-widget-heading\" data-id=\"cad9ba7\" data-element_type=\"widget\" data-e-type=\"widget\" data-widget_type=\"heading.default\">\n\t\t\t\t<div class=\"elementor-widget-container\">\n\t\t\t\t\t<h2 class=\"elementor-heading-title elementor-size-default\">Bas\u00edlica de La Merced<\/h2>\t\t\t\t<\/div>\n\t\t\t\t<\/div>\n\t\t\t\t<div class=\"elementor-element elementor-element-28c3a39 elementor-widget elementor-widget-spacer\" data-id=\"28c3a39\" data-element_type=\"widget\" data-e-type=\"widget\" data-widget_type=\"spacer.default\">\n\t\t\t\t<div class=\"elementor-widget-container\">\n\t\t\t\t\t\t\t<div class=\"elementor-spacer\">\n\t\t\t<div class=\"elementor-spacer-inner\"><\/div>\n\t\t<\/div>\n\t\t\t\t\t\t<\/div>\n\t\t\t\t<\/div>\n\t\t\t\t<div class=\"elementor-element elementor-element-409fe54 elementor-widget elementor-widget-html\" data-id=\"409fe54\" data-element_type=\"widget\" data-e-type=\"widget\" data-widget_type=\"html.default\">\n\t\t\t\t<div class=\"elementor-widget-container\">\n\t\t\t\t\t<a class=\"weatherwidget-io\" href=\"https:\/\/forecast7.com\/es\/n2d17n79d92\/guayaquil\/\" data-label_1=\"GUAYAQUIL\" data-font=\"Ubuntu\" data-icons=\"Climacons Animated\" data-mode=\"Current\" data-days=\"3\" data-theme=\"gray\" data-basecolor=\"rgba(89, 99, 103, 0)\" >GUAYAQUIL<\/a>\r\n<script>\r\n!function(d,s,id){var js,fjs=d.getElementsByTagName(s)[0];if(!d.getElementById(id)){js=d.createElement(s);js.id=id;js.src='https:\/\/weatherwidget.io\/js\/widget.min.js';fjs.parentNode.insertBefore(js,fjs);}}(document,'script','weatherwidget-io-js');\r\n<\/script>\t\t\t\t<\/div>\n\t\t\t\t<\/div>\n\t\t\t\t<div class=\"elementor-element elementor-element-78575ef elementor-align-center elementor-icon-list--layout-inline elementor-list-item-link-full_width elementor-widget elementor-widget-icon-list\" data-id=\"78575ef\" data-element_type=\"widget\" data-e-type=\"widget\" data-widget_type=\"icon-list.default\">\n\t\t\t\t<div class=\"elementor-widget-container\">\n\t\t\t\t\t\t\t<ul class=\"elementor-icon-list-items elementor-inline-items\">\n\t\t\t\t\t\t\t<li class=\"elementor-icon-list-item elementor-inline-item\">\n\t\t\t\t\t\t\t\t\t\t\t<a href=\"https:\/\/www.instagram.com\/trailforth\/\" target=\"_blank\">\n\n\t\t\t\t\t\t\t\t\t\t\t\t<span class=\"elementor-icon-list-icon\">\n\t\t\t\t\t\t\t<i aria-hidden=\"true\" class=\"fab fa-instagram\"><\/i>\t\t\t\t\t\t<\/span>\n\t\t\t\t\t\t\t\t\t\t<span class=\"elementor-icon-list-text\">trailforth <\/span>\n\t\t\t\t\t\t\t\t\t\t\t<\/a>\n\t\t\t\t\t\t\t\t\t<\/li>\n\t\t\t\t\t\t<\/ul>\n\t\t\t\t\t\t<\/div>\n\t\t\t\t<\/div>\n\t\t\t\t\t<\/div>\n\t\t<\/div>\n\t\t\t\t\t<\/div>\n\t\t<\/section>\n\t\t\t\t<section class=\"elementor-section elementor-top-section elementor-element elementor-element-6a72701 elementor-section-boxed elementor-section-height-default elementor-section-height-default wpr-particle-no wpr-jarallax-no wpr-parallax-no wpr-sticky-section-no wpr-equal-height-no\" data-id=\"6a72701\" data-element_type=\"section\" data-e-type=\"section\">\n\t\t\t\t\t\t<div class=\"elementor-container elementor-column-gap-default\">\n\t\t\t\t\t<div class=\"elementor-column elementor-col-100 elementor-top-column elementor-element elementor-element-0239a5a\" data-id=\"0239a5a\" data-element_type=\"column\" data-e-type=\"column\">\n\t\t\t<div class=\"elementor-widget-wrap elementor-element-populated\">\n\t\t\t\t\t\t<div class=\"elementor-element elementor-element-130fb91 elementor-widget-divider--view-line elementor-widget elementor-widget-divider\" data-id=\"130fb91\" data-element_type=\"widget\" data-e-type=\"widget\" data-widget_type=\"divider.default\">\n\t\t\t\t<div class=\"elementor-widget-container\">\n\t\t\t\t\t\t\t<div class=\"elementor-divider\">\n\t\t\t<span class=\"elementor-divider-separator\">\n\t\t\t\t\t\t<\/span>\n\t\t<\/div>\n\t\t\t\t\t\t<\/div>\n\t\t\t\t<\/div>\n\t\t\t\t<div class=\"elementor-element elementor-element-46f1249 animated-slow elementor-invisible elementor-widget elementor-widget-heading\" data-id=\"46f1249\" data-element_type=\"widget\" data-e-type=\"widget\" data-settings=\"{&quot;_animation&quot;:&quot;fadeInUp&quot;}\" data-widget_type=\"heading.default\">\n\t\t\t\t<div class=\"elementor-widget-container\">\n\t\t\t\t\t<h3 class=\"elementor-heading-title elementor-size-default\">Trail Forth Journal<\/h3>\t\t\t\t<\/div>\n\t\t\t\t<\/div>\n\t\t\t\t\t<\/div>\n\t\t<\/div>\n\t\t\t\t\t<\/div>\n\t\t<\/section>\n\t\t\t\t<section class=\"elementor-section elementor-top-section elementor-element elementor-element-f40a47c elementor-section-boxed elementor-section-height-default elementor-section-height-default wpr-particle-no wpr-jarallax-no wpr-parallax-no wpr-sticky-section-no wpr-equal-height-no\" data-id=\"f40a47c\" data-element_type=\"section\" data-e-type=\"section\" data-settings=\"{&quot;background_background&quot;:&quot;classic&quot;}\">\n\t\t\t\t\t\t<div class=\"elementor-container elementor-column-gap-default\">\n\t\t\t\t\t<div class=\"elementor-column elementor-col-100 elementor-top-column elementor-element elementor-element-f792e67\" data-id=\"f792e67\" data-element_type=\"column\" data-e-type=\"column\">\n\t\t\t<div class=\"elementor-widget-wrap\">\n\t\t\t\t\t\t\t<\/div>\n\t\t<\/div>\n\t\t\t\t\t<\/div>\n\t\t<\/section>\n\t\t\t\t<section class=\"elementor-section elementor-top-section elementor-element elementor-element-e02a42b elementor-section-boxed elementor-section-height-default elementor-section-height-default wpr-particle-no wpr-jarallax-no wpr-parallax-no wpr-sticky-section-no wpr-equal-height-no\" data-id=\"e02a42b\" data-element_type=\"section\" data-e-type=\"section\">\n\t\t\t\t\t\t<div class=\"elementor-container elementor-column-gap-default\">\n\t\t\t\t\t<div class=\"elementor-column elementor-col-100 elementor-top-column elementor-element elementor-element-76fadd5\" data-id=\"76fadd5\" data-element_type=\"column\" data-e-type=\"column\">\n\t\t\t<div class=\"elementor-widget-wrap elementor-element-populated\">\n\t\t\t\t\t\t<div class=\"elementor-element elementor-element-3ee25e4 elementor-widget elementor-widget-html\" data-id=\"3ee25e4\" data-element_type=\"widget\" data-e-type=\"widget\" data-widget_type=\"html.default\">\n\t\t\t\t<div class=\"elementor-widget-container\">\n\t\t\t\t\t<div class=\"tf-author-card\">\n    <div class=\"tf-card-inner\">\n        <div class=\"tf-author-profile\">\n            <div class=\"tf-avatar-container\">\n                <img data-recalc-dims=\"1\" decoding=\"async\" src=\"https:\/\/i0.wp.com\/trailforthjournal.com\/es\/wp-content\/uploads\/sites\/4\/2026\/02\/Editor-%C2%B7-Curador-de-rutas-y-experiencias.png?w=1032&#038;ssl=1\" alt=\"Jairo Cabrera\" class=\"tf-photo\">\n            <\/div>\n            <h3 class=\"tf-author-name\">Jairo Cabrera<\/h3>\n            <span class=\"tf-author-role\">Editor \u00b7 Curador de rutas y experiencias<\/span>\n        <\/div>\n\n        <div class=\"tf-author-content\">\n            <p class=\"tf-bio\">\n                \"Trail Forth Journal es un proyecto editorial independiente dedicado a documentar mapas, lugares, rutas y experiencias en Ecuador, desde una mirada local y cercana.\"\n            <\/p>\n            <p class=\"tf-support-text\">\n                 Si esta gu\u00eda te ayud\u00f3 a planear tu viaje, puedes escribirme si est\u00e1s organizando tu visita o apoyar el proyecto:\n            <\/p>\n            \n            <div class=\"tf-cta-group\">\n                <button class=\"tf-btn-primary\" onclick=\"toggleQueryPanel()\">\n                    <span>\ud83e\udded Ayuda para planear tu viaje<\/span>\n                <\/button>\n                <button class=\"tf-btn-secondary\" onclick=\"toggleStep1()\">\n                    <span>\u2615 Apoya Trail Forth Journal<\/span>\n                <\/button>\n            <\/div>\n        <\/div>\n    <\/div>\n\n    <div id=\"queryPanel\" class=\"tf-sliding-panel\">\n        <div class=\"tf-panel-content-box\">\n            <h4>\u00bfEn qu\u00e9 puedo ayudarte?<\/h4>\n            <p style=\"font-size: 13px; color: #666; margin-bottom: 15px;\">Cu\u00e9ntame sobre tus fechas, hotel o dudas de transporte para ayudarte a planear mejor.<\/p>\n            <textarea id=\"userQuery\" class=\"tf-query-textarea\" placeholder=\"Ej: Hola Jairo, planeo visitar Guayaquil...\"><\/textarea>\n            <div class=\"tf-action-grid\">\n                <button onclick=\"sendViaWhatsApp()\" class=\"tf-btn-action wa\"><span>Enviar por WhatsApp<\/span><\/button>\n                <button onclick=\"sendViaEmail()\" class=\"tf-btn-action mail\"><span>Enviar por Correo<\/span><\/button>\n            <\/div>\n        <\/div>\n    <\/div>\n\n    <div id=\"stepConsent\" class=\"tf-sliding-panel\">\n        <div class=\"tf-panel-content-box\">\n            <p>Este apoyo es voluntario y ayuda a sostener este proyecto editorial independiente.<\/p>\n            <label class=\"tf-checkbox-label\">\n                <input type=\"checkbox\" id=\"consentCheckbox\" onchange=\"toggleContinueBtn()\">\n                <span>Entiendo que esta es una contribuci\u00f3n voluntaria.<\/span>\n            <\/label>\n            <button class=\"tf-policy-link-btn\" onclick=\"openModal()\">Ver pol\u00edtica de contribuciones<\/button>\n            <button id=\"btnContinue\" class=\"tf-btn-continue\" disabled onclick=\"showQRCodes()\">Continuar<\/button>\n        <\/div>\n    <\/div>\n\n    <div id=\"stepQR\" class=\"tf-sliding-panel\" style=\"border-top: none;\">\n        <div class=\"tf-panel-content-box\">\n            \n            <div class=\"tf-qr-wrapper\">\n                <div class=\"tf-qr-card\">\n                    <img data-recalc-dims=\"1\" decoding=\"async\" src=\"https:\/\/i0.wp.com\/trailforthjournal.com\/es\/wp-content\/uploads\/sites\/4\/2026\/02\/QR-deuna.jpg?w=1032&#038;ssl=1\" alt=\"QR Deuna\">\n                <\/div>\n                <div class=\"tf-qr-card\">\n                    <img data-recalc-dims=\"1\" decoding=\"async\" src=\"https:\/\/i0.wp.com\/trailforthjournal.com\/es\/wp-content\/uploads\/sites\/4\/2026\/02\/QR-Zelle.jpg?w=1032&#038;ssl=1\" alt=\"QR Zelle\">\n                <\/div>\n            <\/div>\n\n            <div class=\"tf-direct-links\">\n                <a href=\"https:\/\/paypal.me\/trailforth\" target=\"_blank\" class=\"tf-link-btn paypal\">\n                    <img decoding=\"async\" src=\"https:\/\/upload.wikimedia.org\/wikipedia\/commons\/b\/b5\/PayPal.svg\" alt=\"PayPal\"> Contribuir por PayPal\n                <\/a>\n                <a href=\"https:\/\/www.buymeacoffee.com\/trailforthjournal\" target=\"_blank\" class=\"tf-link-btn bmc\">\n                    <span>\u2615<\/span> Buy Me a Coffee\n                <\/a>\n            <\/div>\n\n            <p class=\"tf-qr-footer\">\u201cTu apoyo voluntario nos ayuda a seguir documentando y compartiendo lugares de Ecuador desde una mirada local.\u201d<\/p>\n        <\/div>\n    <\/div>\n<\/div>\n\n<div id=\"policyModal\" class=\"tf-modal-overlay\">\n    <div class=\"tf-modal-content\">\n        <div class=\"tf-modal-header\">\n            <h4>Pol\u00edtica de Contribuciones<\/h4>\n            <button class=\"tf-close-modal\" onclick=\"closeModal()\">&times;<\/button>\n        <\/div>\n        <div class=\"tf-modal-body\">\n            <p>Las contribuciones realizadas son voluntarias, no reembolsables y ayudan a sostener el trabajo de documentaci\u00f3n de Trail Forth Journal.<\/p>\n        <\/div>\n        <div class=\"tf-modal-footer\">\n            <button class=\"tf-btn-primary\" style=\"padding: 10px 25px;\" onclick=\"closeModal()\">Entendido<\/button>\n        <\/div>\n    <\/div>\n<\/div>\n\n<style>\n    :root {\n        --tf-blue-dark: #1E3A8A; \n        --tf-blue-main: #3F74E8;  \n        --tf-blue-light: #4580FF; \n        --tf-wa-green: #25D366;\n    }\n\n    .tf-author-card {\n        max-width: 900px;\n        margin: 40px auto;\n        background: #ffffff;\n        border-radius: 30px;\n        border: 1px solid #eee;\n        box-shadow: 0 20px 50px rgba(0,0,0,0.05);\n        overflow: hidden;\n        font-family: 'Inter', sans-serif;\n    }\n\n    .tf-card-inner { display: flex; padding: 40px 50px; gap: 40px; align-items: center; }\n    .tf-avatar-container { width: 130px; height: 130px; margin: 0 auto; }\n    .tf-photo { width: 100%; height: 100%; border-radius: 50%; object-fit: cover; border: 1px solid #eee; }\n\n    .tf-author-profile { flex: 0 0 220px; text-align: center; }\n    .tf-author-name { margin: 15px 0 0 0; font-size: 22px; color: #111; font-weight: 800; }\n    .tf-author-role { font-size: 10px; color: var(--tf-blue-dark); text-transform: uppercase; letter-spacing: 1.5px; display: block; margin-top: 8px; font-weight: 500; }\n    .tf-bio { font-size: 15px; line-height: 1.6; color: #555; font-style: italic; margin-bottom: 20px; border-left: 3px solid #f0f2f4; padding-left: 20px; }\n    .tf-support-text { font-size: 14px; color: #333; margin-bottom: 20px; }\n\n    .tf-cta-group { display: flex; gap: 12px; }\n    .tf-btn-primary, .tf-btn-secondary { flex: 1; padding: 14px; border-radius: 12px; font-size: 12px; font-weight: 700; cursor: pointer; transition: 0.3s; border: none; color: white; }\n    .tf-btn-primary { background-color: var(--tf-blue-main); }\n    .tf-btn-secondary { background-color: var(--tf-blue-light); }\n    .tf-btn-primary:hover, .tf-btn-secondary:hover { transform: translateY(-2px); box-shadow: 0 5px 15px rgba(0,0,0,0.1); }\n\n    .tf-sliding-panel { display: none; background: #fafafa; padding: 35px; border-top: 1px solid #f0f0f0; animation: tfSlideUp 0.4s ease forwards; }\n    .tf-panel-content-box { text-align: center; max-width: 550px; margin: 0 auto; }\n    \n    .tf-query-textarea { width: 100%; height: 90px; padding: 15px; border-radius: 12px; border: 1px solid #ddd; font-size: 14px; resize: none; margin-bottom: 15px; }\n    .tf-action-grid { display: flex; gap: 12px; }\n    .tf-btn-action { flex: 1; padding: 12px; border-radius: 50px; border: none; color: white; font-weight: 700; cursor: pointer; font-size: 13px; }\n    .tf-btn-action.wa { background: var(--tf-wa-green); }\n    .tf-btn-action.mail { background: var(--tf-blue-dark); }\n\n    .tf-checkbox-label { display: flex; align-items: center; justify-content: center; gap: 10px; cursor: pointer; font-size: 13px; color: #666; margin-bottom: 15px; }\n    .tf-policy-link-btn { background: none; border: none; font-size: 11px; color: var(--tf-blue-main); text-decoration: underline; cursor: pointer; margin-bottom: 15px; width: 100%; }\n    .tf-btn-continue { background-color: #ccc; color: white; border: none; padding: 12px 30px; border-radius: 50px; font-weight: 700; cursor: not-allowed; }\n    .tf-btn-continue.active { background-color: var(--tf-blue-dark); cursor: pointer; }\n\n    \/* Estilos QRs Simplificados *\/\n    .tf-qr-wrapper { display: grid; grid-template-columns: 1fr 1fr; gap: 20px; max-width: 400px; margin: 0 auto 30px; }\n    .tf-qr-card { text-align: center; }\n    .tf-qr-card img { width: 100%; max-width: 170px; border-radius: 15px; border: 1px solid #eee; background: white; padding: 8px; box-shadow: 0 5px 15px rgba(0,0,0,0.03); }\n\n    \/* Botones de Link *\/\n    .tf-direct-links { display: flex; flex-direction: column; gap: 10px; max-width: 320px; margin: 0 auto; }\n    .tf-link-btn { display: flex; align-items: center; justify-content: center; gap: 8px; padding: 12px; border-radius: 10px; text-decoration: none; font-size: 12px; font-weight: 700; border: 1px solid #ddd; transition: 0.3s; }\n    .tf-link-btn.paypal { background: #fff; color: #003087; border-color: #003087; }\n    .tf-link-btn.paypal img { height: 14px; }\n    .tf-link-btn.bmc { background: #FFDD00; color: #000; border-color: #FFDD00; }\n    .tf-link-btn:hover { background: #f9f9f9; transform: translateY(-2px); box-shadow: 0 4px 10px rgba(0,0,0,0.05); }\n\n    .tf-qr-footer { text-align: center; margin-top: 25px; font-size: 12px; color: #888; font-style: italic; line-height: 1.5; }\n\n    \/* Modal *\/\n    .tf-modal-overlay { position: fixed; top: 0; left: 0; width: 100%; height: 100%; background: rgba(0,0,0,0.4); backdrop-filter: blur(3px); display: none; align-items: center; justify-content: center; z-index: 9999; }\n    .tf-modal-content { background: white; width: 85%; max-width: 400px; border-radius: 20px; overflow: hidden; }\n    .tf-modal-header { padding: 15px 20px; background: #fcfcfc; border-bottom: 1px solid #eee; display: flex; justify-content: space-between; align-items: center; }\n    .tf-close-modal { background: none; border: none; font-size: 22px; cursor: pointer; color: #bbb; }\n    .tf-modal-body { padding: 20px; font-size: 13px; color: #555; line-height: 1.5; }\n\n    @keyframes tfSlideUp { from { opacity: 0; transform: translateY(10px); } to { opacity: 1; transform: translateY(0); } }\n\n    @media (max-width: 768px) {\n        .tf-card-inner { flex-direction: column; text-align: center; padding: 30px; }\n        .tf-author-profile { flex: none; }\n        .tf-cta-group { flex-direction: column; }\n        .tf-qr-wrapper { grid-template-columns: 1fr; gap: 15px; }\n        .tf-qr-card img { max-width: 140px; }\n    }\n<\/style>\n\n<script>\nfunction toggleQueryPanel() {\n    document.getElementById('stepConsent').style.display = 'none';\n    document.getElementById('stepQR').style.display = 'none';\n    const p = document.getElementById('queryPanel');\n    p.style.display = (p.style.display === 'block') ? 'none' : 'block';\n}\nfunction toggleStep1() {\n    document.getElementById('queryPanel').style.display = 'none';\n    document.getElementById('stepQR').style.display = 'none';\n    const p = document.getElementById('stepConsent');\n    p.style.display = (p.style.display === 'block') ? 'none' : 'block';\n}\nfunction sendViaWhatsApp() {\n    const t = document.getElementById('userQuery').value;\n    if(!t) return alert(\"Por favor, escribe tu consulta.\");\n    window.open(`https:\/\/wa.me\/593978887324?text=${encodeURIComponent(t)}`, '_blank');\n}\nfunction sendViaEmail() {\n    const t = document.getElementById('userQuery').value;\n    if(!t) return alert(\"Por favor, escribe tu consulta.\");\n    window.location.href = `mailto:info@trailforthjournal.com?subject=Consulta&body=${encodeURIComponent(t)}`;\n}\nfunction toggleContinueBtn() {\n    const c = document.getElementById('consentCheckbox');\n    const b = document.getElementById('btnContinue');\n    b.disabled = !c.checked;\n    c.checked ? b.classList.add('active') : b.classList.remove('active');\n}\nfunction showQRCodes() {\n    document.getElementById('stepConsent').style.display = 'none';\n    document.getElementById('stepQR').style.display = 'block';\n}\nfunction openModal() { document.getElementById('policyModal').style.display = 'flex'; }\nfunction closeModal() { document.getElementById('policyModal').style.display = 'none'; }\n<\/script>\n\t\t\t\t<\/div>\n\t\t\t\t<\/div>\n\t\t\t\t\t<\/div>\n\t\t<\/div>\n\t\t\t\t\t<\/div>\n\t\t<\/section>\n\t\t\t\t<section class=\"elementor-section elementor-top-section elementor-element elementor-element-e8a7f9b elementor-section-boxed elementor-section-height-default elementor-section-height-default wpr-particle-no wpr-jarallax-no wpr-parallax-no wpr-sticky-section-no wpr-equal-height-no\" data-id=\"e8a7f9b\" data-element_type=\"section\" data-e-type=\"section\">\n\t\t\t\t\t\t<div class=\"elementor-container elementor-column-gap-default\">\n\t\t\t\t\t<div class=\"elementor-column elementor-col-100 elementor-top-column elementor-element elementor-element-85ef972\" data-id=\"85ef972\" data-element_type=\"column\" data-e-type=\"column\">\n\t\t\t<div class=\"elementor-widget-wrap elementor-element-populated\">\n\t\t\t\t\t\t<div class=\"elementor-element elementor-element-57d9f27 elementor-widget elementor-widget-spacer\" data-id=\"57d9f27\" data-element_type=\"widget\" data-e-type=\"widget\" data-widget_type=\"spacer.default\">\n\t\t\t\t<div class=\"elementor-widget-container\">\n\t\t\t\t\t\t\t<div class=\"elementor-spacer\">\n\t\t\t<div class=\"elementor-spacer-inner\"><\/div>\n\t\t<\/div>\n\t\t\t\t\t\t<\/div>\n\t\t\t\t<\/div>\n\t\t\t\t\t<\/div>\n\t\t<\/div>\n\t\t\t\t\t<\/div>\n\t\t<\/section>\n\t\t\t\t<section class=\"elementor-section elementor-top-section elementor-element elementor-element-02023cc elementor-section-boxed elementor-section-height-default elementor-section-height-default wpr-particle-no wpr-jarallax-no wpr-parallax-no wpr-sticky-section-no wpr-equal-height-no\" data-id=\"02023cc\" data-element_type=\"section\" data-e-type=\"section\">\n\t\t\t\t\t\t<div class=\"elementor-container elementor-column-gap-default\">\n\t\t\t\t\t<div class=\"elementor-column elementor-col-100 elementor-top-column elementor-element elementor-element-1ab4404\" data-id=\"1ab4404\" data-element_type=\"column\" data-e-type=\"column\">\n\t\t\t<div class=\"elementor-widget-wrap elementor-element-populated\">\n\t\t\t\t\t\t<div class=\"elementor-element elementor-element-39dac44 elementor-shape-rounded elementor-grid-0 e-grid-align-center elementor-widget elementor-widget-social-icons\" data-id=\"39dac44\" data-element_type=\"widget\" data-e-type=\"widget\" data-widget_type=\"social-icons.default\">\n\t\t\t\t<div class=\"elementor-widget-container\">\n\t\t\t\t\t\t\t<div class=\"elementor-social-icons-wrapper elementor-grid\">\n\t\t\t\t\t\t\t<span class=\"elementor-grid-item\">\n\t\t\t\t\t<a class=\"elementor-icon elementor-social-icon elementor-social-icon-ellipsis-v elementor-repeater-item-07ab4f2\" target=\"_blank\">\n\t\t\t\t\t\t<span class=\"elementor-screen-only\">Ellipsis-v<\/span>\n\t\t\t\t\t\t<i aria-hidden=\"true\" class=\"fas fa-ellipsis-v\"><\/i>\t\t\t\t\t<\/a>\n\t\t\t\t<\/span>\n\t\t\t\t\t<\/div>\n\t\t\t\t\t\t<\/div>\n\t\t\t\t<\/div>\n\t\t\t\t\t<\/div>\n\t\t<\/div>\n\t\t\t\t\t<\/div>\n\t\t<\/section>\n\t\t\t\t<section class=\"elementor-section elementor-top-section elementor-element elementor-element-70498ac elementor-section-boxed elementor-section-height-default elementor-section-height-default wpr-particle-no wpr-jarallax-no wpr-parallax-no wpr-sticky-section-no wpr-equal-height-no\" data-id=\"70498ac\" data-element_type=\"section\" data-e-type=\"section\">\n\t\t\t\t\t\t<div class=\"elementor-container elementor-column-gap-no\">\n\t\t\t\t\t<div class=\"elementor-column elementor-col-100 elementor-top-column elementor-element elementor-element-db54108\" data-id=\"db54108\" data-element_type=\"column\" data-e-type=\"column\">\n\t\t\t<div class=\"elementor-widget-wrap elementor-element-populated\">\n\t\t\t\t\t\t<div class=\"elementor-element elementor-element-17bfa77 elementor-widget elementor-widget-heading\" data-id=\"17bfa77\" data-element_type=\"widget\" data-e-type=\"widget\" data-widget_type=\"heading.default\">\n\t\t\t\t<div class=\"elementor-widget-container\">\n\t\t\t\t\t<h2 class=\"elementor-heading-title elementor-size-default\">Compartir<\/h2>\t\t\t\t<\/div>\n\t\t\t\t<\/div>\n\t\t\t\t\t<\/div>\n\t\t<\/div>\n\t\t\t\t\t<\/div>\n\t\t<\/section>\n\t\t\t\t<section class=\"elementor-section elementor-top-section elementor-element elementor-element-e9960a7 elementor-section-boxed elementor-section-height-default elementor-section-height-default wpr-particle-no wpr-jarallax-no wpr-parallax-no wpr-sticky-section-no wpr-equal-height-no\" data-id=\"e9960a7\" data-element_type=\"section\" data-e-type=\"section\">\n\t\t\t\t\t\t<div class=\"elementor-container elementor-column-gap-default\">\n\t\t\t\t\t<div class=\"elementor-column elementor-col-100 elementor-top-column elementor-element elementor-element-ccb759a\" data-id=\"ccb759a\" data-element_type=\"column\" data-e-type=\"column\">\n\t\t\t<div class=\"elementor-widget-wrap elementor-element-populated\">\n\t\t\t\t\t\t<div class=\"elementor-element elementor-element-a2ca39a elementor-widget elementor-widget-spacer\" data-id=\"a2ca39a\" data-element_type=\"widget\" data-e-type=\"widget\" data-widget_type=\"spacer.default\">\n\t\t\t\t<div class=\"elementor-widget-container\">\n\t\t\t\t\t\t\t<div class=\"elementor-spacer\">\n\t\t\t<div class=\"elementor-spacer-inner\"><\/div>\n\t\t<\/div>\n\t\t\t\t\t\t<\/div>\n\t\t\t\t<\/div>\n\t\t\t\t\t<\/div>\n\t\t<\/div>\n\t\t\t\t\t<\/div>\n\t\t<\/section>\n\t\t\t\t<section class=\"elementor-section elementor-top-section elementor-element elementor-element-b57491e elementor-section-boxed elementor-section-height-default elementor-section-height-default wpr-particle-no wpr-jarallax-no wpr-parallax-no wpr-sticky-section-no wpr-equal-height-no\" data-id=\"b57491e\" data-element_type=\"section\" data-e-type=\"section\">\n\t\t\t\t\t\t<div class=\"elementor-container elementor-column-gap-no\">\n\t\t\t\t\t<div class=\"elementor-column elementor-col-100 elementor-top-column elementor-element elementor-element-38e7159\" data-id=\"38e7159\" data-element_type=\"column\" data-e-type=\"column\">\n\t\t\t<div class=\"elementor-widget-wrap elementor-element-populated\">\n\t\t\t\t\t\t<div class=\"elementor-element elementor-element-250c2d8 elementor-view-default elementor-widget elementor-widget-icon\" data-id=\"250c2d8\" data-element_type=\"widget\" data-e-type=\"widget\" data-widget_type=\"icon.default\">\n\t\t\t\t<div class=\"elementor-widget-container\">\n\t\t\t\t\t\t\t<div class=\"elementor-icon-wrapper\">\n\t\t\t<div class=\"elementor-icon\">\n\t\t\t<i aria-hidden=\"true\" class=\"fas fa-share-alt\"><\/i>\t\t\t<\/div>\n\t\t<\/div>\n\t\t\t\t\t\t<\/div>\n\t\t\t\t<\/div>\n\t\t\t\t\t<\/div>\n\t\t<\/div>\n\t\t\t\t\t<\/div>\n\t\t<\/section>\n\t\t\t\t<section class=\"elementor-section elementor-top-section elementor-element elementor-element-592e75a elementor-section-boxed elementor-section-height-default elementor-section-height-default wpr-particle-no wpr-jarallax-no wpr-parallax-no wpr-sticky-section-no wpr-equal-height-no\" data-id=\"592e75a\" data-element_type=\"section\" data-e-type=\"section\">\n\t\t\t\t\t\t<div class=\"elementor-container elementor-column-gap-default\">\n\t\t\t\t\t<div class=\"elementor-column elementor-col-100 elementor-top-column elementor-element elementor-element-9cee10e\" data-id=\"9cee10e\" data-element_type=\"column\" data-e-type=\"column\">\n\t\t\t<div class=\"elementor-widget-wrap elementor-element-populated\">\n\t\t\t\t\t\t<div class=\"elementor-element elementor-element-af7003a elementor-widget elementor-widget-spacer\" data-id=\"af7003a\" data-element_type=\"widget\" data-e-type=\"widget\" data-widget_type=\"spacer.default\">\n\t\t\t\t<div class=\"elementor-widget-container\">\n\t\t\t\t\t\t\t<div class=\"elementor-spacer\">\n\t\t\t<div class=\"elementor-spacer-inner\"><\/div>\n\t\t<\/div>\n\t\t\t\t\t\t<\/div>\n\t\t\t\t<\/div>\n\t\t\t\t\t<\/div>\n\t\t<\/div>\n\t\t\t\t\t<\/div>\n\t\t<\/section>\n\t\t\t\t<section class=\"elementor-section elementor-top-section elementor-element elementor-element-01b621a elementor-section-boxed elementor-section-height-default elementor-section-height-default wpr-particle-no wpr-jarallax-no wpr-parallax-no wpr-sticky-section-no wpr-equal-height-no\" data-id=\"01b621a\" data-element_type=\"section\" data-e-type=\"section\">\n\t\t\t\t\t\t<div class=\"elementor-container elementor-column-gap-default\">\n\t\t\t\t\t<div class=\"elementor-column elementor-col-100 elementor-top-column elementor-element elementor-element-f06c072\" data-id=\"f06c072\" data-element_type=\"column\" data-e-type=\"column\">\n\t\t\t<div class=\"elementor-widget-wrap elementor-element-populated\">\n\t\t\t\t\t\t<div class=\"elementor-element elementor-element-97e64f6 elementor-grid-0 elementor-widget elementor-widget-wpr-sharing-buttons\" data-id=\"97e64f6\" data-element_type=\"widget\" data-e-type=\"widget\" data-widget_type=\"wpr-sharing-buttons.default\">\n\t\t\t\t<div class=\"elementor-widget-container\">\n\t\t\t\t\t<div class=\"wpr-sharing-buttons elementor-grid wpr-sharing-official wpr-sharing-label-off wpr-sharing-label-tr\"><div class=\"elementor-grid-item\"><a href=\"https:\/\/www.facebook.com\/sharer.php?u=https:\/\/trailforthjournal.com\/es\/cultura\/basilica-la-merced-guayaquil\/\" class=\"wpr-sharing-icon wpr-sharing-facebook-f\" title=\"\" target=\"_blank\"><i class=\"fab fa-facebook-f\"><\/i><\/a><\/div><div class=\"elementor-grid-item\"><a href=\"https:\/\/twitter.com\/intent\/tweet?url=https:\/\/trailforthjournal.com\/es\/cultura\/basilica-la-merced-guayaquil\/\" class=\"wpr-sharing-icon wpr-sharing-twitter\" title=\"\" target=\"_blank\"><i class=\"fab fa-twitter\"><\/i><\/a><\/div><div class=\"elementor-grid-item\"><a href=\"https:\/\/www.linkedin.com\/shareArticle?mini=true&url=https:\/\/trailforthjournal.com\/es\/cultura\/basilica-la-merced-guayaquil\/&title=Bas\u00edlica de la Merced de Guayaquil: arquitectura neog\u00f3tica y patrimonio hist\u00f3rico&summary=Recorrer la bas\u00edlica menor de la Merced bajo sus arcadas ojivales, es remontarse a los tiempos del g\u00f3tico. Estilo en el cual se erigieron imponentes catedrales del medioevo.&source=https:\/\/trailforthjournal.com\/es\/cultura\/basilica-la-merced-guayaquil\/\" class=\"wpr-sharing-icon wpr-sharing-linkedin-in\" title=\"\" target=\"_blank\"><i class=\"fab fa-linkedin-in\"><\/i><\/a><\/div><div class=\"elementor-grid-item\"><a href=\"https:\/\/api.whatsapp.com\/send?text=*Bas\u00edlica de la Merced de Guayaquil: arquitectura neog\u00f3tica y patrimonio hist\u00f3rico*%0ahttps:\/\/trailforthjournal.com\/es\/cultura\/basilica-la-merced-guayaquil\/\" class=\"wpr-sharing-icon wpr-sharing-whatsapp\" title=\"\" target=\"_blank\"><i class=\"fab fa-whatsapp\"><\/i><\/a><\/div><div class=\"elementor-grid-item\"><a href=\"mailto:?subject=Bas\u00edlica de la Merced de Guayaquil: arquitectura neog\u00f3tica y patrimonio hist\u00f3rico&body=https:\/\/trailforthjournal.com\/es\/cultura\/basilica-la-merced-guayaquil\/\" class=\"wpr-sharing-icon wpr-sharing-envelope\" title=\"\" target=\"_blank\"><i class=\"fas fa-envelope\"><\/i><\/a><\/div><\/div>\t\t\t\t<\/div>\n\t\t\t\t<\/div>\n\t\t\t\t\t<\/div>\n\t\t<\/div>\n\t\t\t\t\t<\/div>\n\t\t<\/section>\n\t\t\t\t<section class=\"elementor-section elementor-top-section elementor-element elementor-element-78cea64 elementor-section-boxed elementor-section-height-default elementor-section-height-default wpr-particle-no wpr-jarallax-no wpr-parallax-no wpr-sticky-section-no wpr-equal-height-no\" data-id=\"78cea64\" data-element_type=\"section\" data-e-type=\"section\">\n\t\t\t\t\t\t<div class=\"elementor-container elementor-column-gap-default\">\n\t\t\t\t\t<div class=\"elementor-column elementor-col-100 elementor-top-column elementor-element elementor-element-f34cc15\" data-id=\"f34cc15\" data-element_type=\"column\" data-e-type=\"column\">\n\t\t\t<div class=\"elementor-widget-wrap elementor-element-populated\">\n\t\t\t\t\t\t<div class=\"elementor-element elementor-element-20c566a elementor-widget elementor-widget-spacer\" data-id=\"20c566a\" data-element_type=\"widget\" data-e-type=\"widget\" data-widget_type=\"spacer.default\">\n\t\t\t\t<div class=\"elementor-widget-container\">\n\t\t\t\t\t\t\t<div class=\"elementor-spacer\">\n\t\t\t<div class=\"elementor-spacer-inner\"><\/div>\n\t\t<\/div>\n\t\t\t\t\t\t<\/div>\n\t\t\t\t<\/div>\n\t\t\t\t\t<\/div>\n\t\t<\/div>\n\t\t\t\t\t<\/div>\n\t\t<\/section>\n\t\t\t\t<section class=\"elementor-section elementor-top-section elementor-element elementor-element-61c33f4 elementor-section-boxed elementor-section-height-default elementor-section-height-default wpr-particle-no wpr-jarallax-no wpr-parallax-no wpr-sticky-section-no wpr-equal-height-no\" data-id=\"61c33f4\" data-element_type=\"section\" data-e-type=\"section\">\n\t\t\t\t\t\t<div class=\"elementor-container elementor-column-gap-no\">\n\t\t\t\t\t<div class=\"elementor-column elementor-col-100 elementor-top-column elementor-element elementor-element-ead294e\" data-id=\"ead294e\" data-element_type=\"column\" data-e-type=\"column\">\n\t\t\t<div class=\"elementor-widget-wrap elementor-element-populated\">\n\t\t\t\t\t\t<div class=\"elementor-element elementor-element-e9dda0c premium-title-color elementor-widget elementor-widget-premium-addon-title\" data-id=\"e9dda0c\" data-element_type=\"widget\" data-e-type=\"widget\" data-widget_type=\"premium-addon-title.default\">\n\t\t\t\t<div class=\"elementor-widget-container\">\n\t\t\t\t\t\n\t\t<div class=\"premium-title-container style7\">\n\t\t\t<h2 class=\"premium-title-header premium-title-style7\">\n\t\t\t\t\t\t\t\t\t\t\t\t\t\t\t<span class=\"premium-title-style7-stripe-wrap\">\n\t\t\t\t\t\t\t<span class=\"premium-title-style7-stripe\"><\/span>\n\t\t\t\t\t\t<\/span>\n\t\t\t\t\t\t\t\t\t\t<div class=\"premium-title-style7-inner\">\n\t\t\t\t\n\t\t\t\t\n\t\t\t\t\t\t\t\t\t\t\t\t\t\t\t\t\t\t\t\t\t<span class=\"premium-title-text\">\n\t\t\t\t\tRelacionado\t\t\t\t<\/span>\n\t\t\t\t\t\n\t\t\t\t\t\t\t\t\t<\/div>\n\t\t\t\t\t\t\t\t\n\t\t\t\t\t\t\t<\/h2>\n\n\t\t<\/div>\n\n\t\t\t\t\t\t<\/div>\n\t\t\t\t<\/div>\n\t\t\t\t\t<\/div>\n\t\t<\/div>\n\t\t\t\t\t<\/div>\n\t\t<\/section>\n\t\t\t\t<section class=\"elementor-section elementor-top-section elementor-element elementor-element-32fba82 elementor-section-content-middle elementor-section-full_width elementor-section-height-default elementor-section-height-default wpr-particle-no wpr-jarallax-no wpr-parallax-no wpr-sticky-section-no wpr-equal-height-no\" data-id=\"32fba82\" data-element_type=\"section\" data-e-type=\"section\">\n\t\t\t\t\t\t<div class=\"elementor-container elementor-column-gap-no\">\n\t\t\t\t\t<div class=\"elementor-column elementor-col-100 elementor-top-column elementor-element elementor-element-e0be278\" data-id=\"e0be278\" data-element_type=\"column\" data-e-type=\"column\">\n\t\t\t<div class=\"elementor-widget-wrap elementor-element-populated\">\n\t\t\t\t\t\t<div class=\"elementor-element elementor-element-4c87d33 premium-blog-align-left elementor-widget elementor-widget-premium-addon-blog\" data-id=\"4c87d33\" data-element_type=\"widget\" data-e-type=\"widget\" data-settings=\"{&quot;force_height&quot;:&quot;true&quot;,&quot;premium_blog_columns_number&quot;:&quot;25%&quot;,&quot;premium_blog_grid&quot;:&quot;yes&quot;,&quot;premium_blog_layout&quot;:&quot;even&quot;,&quot;premium_blog_columns_number_tablet&quot;:&quot;50%&quot;,&quot;premium_blog_columns_number_mobile&quot;:&quot;100%&quot;,&quot;scroll_to_offset&quot;:&quot;yes&quot;}\" data-widget_type=\"premium-addon-blog.default\">\n\t\t\t\t<div class=\"elementor-widget-container\">\n\t\t\t\t\t\n\t\t\n\n\t\t\t\t<div class=\"premium-blog-wrap  premium-blog-even\" data-page=\"26938\">\n\t\t\t\t\t\t\t\t\t<div class=\"premium-blog-post-outer-container\" data-total=\"2\">\n\t\t\t<div class=\"premium-blog-post-container premium-blog-skin-banner\">\n\t\t\t\t\t\t\t\t\t<div class=\"premium-blog-thumb-effect-wrapper\">\n\t\t\t\t\t\t<div class=\"premium-blog-thumbnail-container premium-blog-zoomin-effect\">\n\t\t\t\t\t\t\t<img fetchpriority=\"high\" decoding=\"async\" data-attachment-id=\"5528\" data-permalink=\"https:\/\/trailforthjournal.com\/es\/cultura\/palacio-municipal-de-guayaquil\/attachment\/img_1941-2\/\" data-orig-file=\"https:\/\/i0.wp.com\/trailforthjournal.com\/es\/wp-content\/uploads\/sites\/4\/2022\/03\/IMG_1941-2-scaled.jpg?fit=2560%2C1920&amp;ssl=1\" data-orig-size=\"2560,1920\" data-comments-opened=\"0\" data-image-meta=\"{&quot;aperture&quot;:&quot;2.4&quot;,&quot;credit&quot;:&quot;&quot;,&quot;camera&quot;:&quot;iPhone 5c&quot;,&quot;caption&quot;:&quot;&quot;,&quot;created_timestamp&quot;:&quot;1480868425&quot;,&quot;copyright&quot;:&quot;&quot;,&quot;focal_length&quot;:&quot;4.12&quot;,&quot;iso&quot;:&quot;50&quot;,&quot;shutter_speed&quot;:&quot;0.00068212824010914&quot;,&quot;title&quot;:&quot;&quot;,&quot;orientation&quot;:&quot;1&quot;}\" data-image-title=\"palacio-municipal-guayaquil-plaza-administracion\" data-image-description=\"&lt;p&gt;Vista del Palacio Municipal de Guayaquil durante el d\u00eda. Se observa la c\u00fapula, las columnas corintias y la estatua de la libertad en la Plaza de la Administraci\u00f3n.&lt;\/p&gt;\n\" data-image-caption=\"&lt;p&gt;El Palacio Municipal de Guayaquil, una obra maestra arquitect\u00f3nica que embellece el centro hist\u00f3rico de la ciudad&lt;\/p&gt;\n\" data-large-file=\"https:\/\/i0.wp.com\/trailforthjournal.com\/es\/wp-content\/uploads\/sites\/4\/2022\/03\/IMG_1941-2-scaled.jpg?fit=1024%2C768&amp;ssl=1\" width=\"2560\" height=\"1920\" src=\"https:\/\/i0.wp.com\/trailforthjournal.com\/es\/wp-content\/uploads\/sites\/4\/2022\/03\/IMG_1941-2-scaled.jpg?fit=2560%2C1920&amp;ssl=1\" class=\"attachment-full size-full wp-image-5528\" alt=\"Fachada lateral del Palacio Municipal de Guayaquil con su c\u00fapula caracter\u00edstica y monumento en la Plaza de la Administraci\u00f3n.\" data-attachment-id=\"5528\" data-permalink=\"https:\/\/trailforthjournal.com\/es\/cultura\/palacio-municipal-de-guayaquil\/attachment\/img_1941-2\/\" data-orig-file=\"https:\/\/i0.wp.com\/trailforthjournal.com\/es\/wp-content\/uploads\/sites\/4\/2022\/03\/IMG_1941-2-scaled.jpg?fit=2560%2C1920&amp;ssl=1\" data-orig-size=\"2560,1920\" data-comments-opened=\"0\" data-image-meta=\"{&quot;aperture&quot;:&quot;2.4&quot;,&quot;credit&quot;:&quot;&quot;,&quot;camera&quot;:&quot;iPhone 5c&quot;,&quot;caption&quot;:&quot;&quot;,&quot;created_timestamp&quot;:&quot;1480868425&quot;,&quot;copyright&quot;:&quot;&quot;,&quot;focal_length&quot;:&quot;4.12&quot;,&quot;iso&quot;:&quot;50&quot;,&quot;shutter_speed&quot;:&quot;0.00068212824010914&quot;,&quot;title&quot;:&quot;&quot;,&quot;orientation&quot;:&quot;1&quot;}\" data-image-title=\"palacio-municipal-guayaquil-plaza-administracion\" data-image-description=\"&lt;p&gt;Vista del Palacio Municipal de Guayaquil durante el d\u00eda. Se observa la c\u00fapula, las columnas corintias y la estatua de la libertad en la Plaza de la Administraci\u00f3n.&lt;\/p&gt;\n\" data-image-caption=\"&lt;p&gt;El Palacio Municipal de Guayaquil, una obra maestra arquitect\u00f3nica que embellece el centro hist\u00f3rico de la ciudad&lt;\/p&gt;\n\" data-large-file=\"https:\/\/i0.wp.com\/trailforthjournal.com\/es\/wp-content\/uploads\/sites\/4\/2022\/03\/IMG_1941-2-scaled.jpg?fit=1024%2C768&amp;ssl=1\" srcset=\"https:\/\/i0.wp.com\/trailforthjournal.com\/es\/wp-content\/uploads\/sites\/4\/2022\/03\/IMG_1941-2-scaled.jpg?w=2560&amp;ssl=1 2560w, https:\/\/i0.wp.com\/trailforthjournal.com\/es\/wp-content\/uploads\/sites\/4\/2022\/03\/IMG_1941-2-scaled.jpg?resize=300%2C225&amp;ssl=1 300w, https:\/\/i0.wp.com\/trailforthjournal.com\/es\/wp-content\/uploads\/sites\/4\/2022\/03\/IMG_1941-2-scaled.jpg?resize=1024%2C768&amp;ssl=1 1024w, https:\/\/i0.wp.com\/trailforthjournal.com\/es\/wp-content\/uploads\/sites\/4\/2022\/03\/IMG_1941-2-scaled.jpg?resize=768%2C576&amp;ssl=1 768w, https:\/\/i0.wp.com\/trailforthjournal.com\/es\/wp-content\/uploads\/sites\/4\/2022\/03\/IMG_1941-2-scaled.jpg?resize=1536%2C1152&amp;ssl=1 1536w, https:\/\/i0.wp.com\/trailforthjournal.com\/es\/wp-content\/uploads\/sites\/4\/2022\/03\/IMG_1941-2-scaled.jpg?resize=2048%2C1536&amp;ssl=1 2048w, https:\/\/i0.wp.com\/trailforthjournal.com\/es\/wp-content\/uploads\/sites\/4\/2022\/03\/IMG_1941-2-scaled.jpg?resize=200%2C150&amp;ssl=1 200w, https:\/\/i0.wp.com\/trailforthjournal.com\/es\/wp-content\/uploads\/sites\/4\/2022\/03\/IMG_1941-2-scaled.jpg?resize=600%2C450&amp;ssl=1 600w\" sizes=\"(max-width: 1032px) 100vw, 1032px\" \/>\t\t\t\t\t\t<\/div>\n\t\t\t\t\t\t\t\t\t\t\t\t\t<div class=\"premium-blog-thumbnail-overlay\">\n\t\t\t\t\t\t\t\t<a class=\"elementor-icon\" href=\"https:\/\/trailforthjournal.com\/es\/cultura\/palacio-municipal-de-guayaquil\/\" target=\"_blank\"><\/a>\n\t\t\t\t\t\t\t<\/div>\n\n\t\t\t\t\t\t\t\t\t\t\t\t\t\t\t\t\t\t<\/div>\n\t\t\t\t\t\t\t\t\t\t\t\t<div class=\"premium-blog-content-wrapper \">\n\n\t\t\t\t\t<div class=\"premium-blog-inner-container\">\n\n\t\t\t\t\t\t\t\t\t\t\t\t\t\t<h1 class=\"premium-blog-entry-title\">\n\t\t\t<a href=\"https:\/\/trailforthjournal.com\/es\/cultura\/palacio-municipal-de-guayaquil\/\" target=\"_blank\">\n\t\t\t\tPalacio Municipal de Guayaquil: Un hito hist\u00f3rico y arquitect\u00f3nico de la ciudad\t\t\t<\/a>\n\t\t<\/h1>\n\t\t\t\t<div class=\"premium-blog-entry-meta\">\n\t\t\t\n\t\t\t\n\t\t\t\n\t\t\t\t\t<\/div>\n\t\t\n\t\t\t\t\t<\/div>\n\n\t\t\t\t\t\t\t\t\t\t\n\t\t\t\t<\/div>\n\t\t\t<\/div>\n\t\t<\/div>\n\n\t\t\t\t<div class=\"premium-blog-post-outer-container\" data-total=\"2\">\n\t\t\t<div class=\"premium-blog-post-container premium-blog-skin-banner\">\n\t\t\t\t\t\t\t\t\t<div class=\"premium-blog-thumb-effect-wrapper\">\n\t\t\t\t\t\t<div class=\"premium-blog-thumbnail-container premium-blog-zoomin-effect\">\n\t\t\t\t\t\t\t<img decoding=\"async\" data-attachment-id=\"27101\" data-permalink=\"https:\/\/trailforthjournal.com\/es\/cultura\/iglesia-san-francisco-guayaquil\/attachment\/dji_0025-2\/\" data-orig-file=\"https:\/\/i0.wp.com\/trailforthjournal.com\/es\/wp-content\/uploads\/sites\/4\/2023\/10\/DJI_0025-2-scaled.jpg?fit=2560%2C1438&amp;ssl=1\" data-orig-size=\"2560,1438\" data-comments-opened=\"0\" data-image-meta=\"{&quot;aperture&quot;:&quot;2.8&quot;,&quot;credit&quot;:&quot;&quot;,&quot;camera&quot;:&quot;FC300C&quot;,&quot;caption&quot;:&quot;&quot;,&quot;created_timestamp&quot;:&quot;1553326760&quot;,&quot;copyright&quot;:&quot;&quot;,&quot;focal_length&quot;:&quot;3.61&quot;,&quot;iso&quot;:&quot;100&quot;,&quot;shutter_speed&quot;:&quot;0.0023809523809524&quot;,&quot;title&quot;:&quot;&quot;,&quot;orientation&quot;:&quot;1&quot;}\" data-image-title=\"Iglesia San Francisco, Guayaquil\" data-image-description=\"&lt;p&gt;Iglesia San Francisco, Guayaquil&lt;\/p&gt;\n\" data-image-caption=\"&lt;p&gt;Iglesia San Francisco, Guayaquil&lt;\/p&gt;\n\" data-large-file=\"https:\/\/i0.wp.com\/trailforthjournal.com\/es\/wp-content\/uploads\/sites\/4\/2023\/10\/DJI_0025-2-scaled.jpg?fit=1024%2C575&amp;ssl=1\" width=\"2560\" height=\"1438\" src=\"https:\/\/i0.wp.com\/trailforthjournal.com\/es\/wp-content\/uploads\/sites\/4\/2023\/10\/DJI_0025-2-scaled.jpg?fit=2560%2C1438&amp;ssl=1\" class=\"attachment-full size-full wp-image-27101\" alt=\"Iglesia San Francisco, Guayaquil\" data-attachment-id=\"27101\" data-permalink=\"https:\/\/trailforthjournal.com\/es\/cultura\/iglesia-san-francisco-guayaquil\/attachment\/dji_0025-2\/\" data-orig-file=\"https:\/\/i0.wp.com\/trailforthjournal.com\/es\/wp-content\/uploads\/sites\/4\/2023\/10\/DJI_0025-2-scaled.jpg?fit=2560%2C1438&amp;ssl=1\" data-orig-size=\"2560,1438\" data-comments-opened=\"0\" data-image-meta=\"{&quot;aperture&quot;:&quot;2.8&quot;,&quot;credit&quot;:&quot;&quot;,&quot;camera&quot;:&quot;FC300C&quot;,&quot;caption&quot;:&quot;&quot;,&quot;created_timestamp&quot;:&quot;1553326760&quot;,&quot;copyright&quot;:&quot;&quot;,&quot;focal_length&quot;:&quot;3.61&quot;,&quot;iso&quot;:&quot;100&quot;,&quot;shutter_speed&quot;:&quot;0.0023809523809524&quot;,&quot;title&quot;:&quot;&quot;,&quot;orientation&quot;:&quot;1&quot;}\" data-image-title=\"Iglesia San Francisco, Guayaquil\" data-image-description=\"&lt;p&gt;Iglesia San Francisco, Guayaquil&lt;\/p&gt;\n\" data-image-caption=\"&lt;p&gt;Iglesia San Francisco, Guayaquil&lt;\/p&gt;\n\" data-large-file=\"https:\/\/i0.wp.com\/trailforthjournal.com\/es\/wp-content\/uploads\/sites\/4\/2023\/10\/DJI_0025-2-scaled.jpg?fit=1024%2C575&amp;ssl=1\" srcset=\"https:\/\/i0.wp.com\/trailforthjournal.com\/es\/wp-content\/uploads\/sites\/4\/2023\/10\/DJI_0025-2-scaled.jpg?w=2560&amp;ssl=1 2560w, https:\/\/i0.wp.com\/trailforthjournal.com\/es\/wp-content\/uploads\/sites\/4\/2023\/10\/DJI_0025-2-scaled.jpg?resize=300%2C168&amp;ssl=1 300w, https:\/\/i0.wp.com\/trailforthjournal.com\/es\/wp-content\/uploads\/sites\/4\/2023\/10\/DJI_0025-2-scaled.jpg?resize=1024%2C575&amp;ssl=1 1024w, https:\/\/i0.wp.com\/trailforthjournal.com\/es\/wp-content\/uploads\/sites\/4\/2023\/10\/DJI_0025-2-scaled.jpg?resize=768%2C431&amp;ssl=1 768w, https:\/\/i0.wp.com\/trailforthjournal.com\/es\/wp-content\/uploads\/sites\/4\/2023\/10\/DJI_0025-2-scaled.jpg?resize=1536%2C863&amp;ssl=1 1536w, https:\/\/i0.wp.com\/trailforthjournal.com\/es\/wp-content\/uploads\/sites\/4\/2023\/10\/DJI_0025-2-scaled.jpg?resize=2048%2C1150&amp;ssl=1 2048w, https:\/\/i0.wp.com\/trailforthjournal.com\/es\/wp-content\/uploads\/sites\/4\/2023\/10\/DJI_0025-2-scaled.jpg?resize=89%2C50&amp;ssl=1 89w, https:\/\/i0.wp.com\/trailforthjournal.com\/es\/wp-content\/uploads\/sites\/4\/2023\/10\/DJI_0025-2-scaled.jpg?resize=600%2C337&amp;ssl=1 600w\" sizes=\"(max-width: 1032px) 100vw, 1032px\" \/>\t\t\t\t\t\t<\/div>\n\t\t\t\t\t\t\t\t\t\t\t\t\t<div class=\"premium-blog-thumbnail-overlay\">\n\t\t\t\t\t\t\t\t<a class=\"elementor-icon\" href=\"https:\/\/trailforthjournal.com\/es\/cultura\/iglesia-san-francisco-guayaquil\/\" target=\"_blank\"><\/a>\n\t\t\t\t\t\t\t<\/div>\n\n\t\t\t\t\t\t\t\t\t\t\t\t\t\t\t\t\t\t<\/div>\n\t\t\t\t\t\t\t\t\t\t\t\t<div class=\"premium-blog-content-wrapper \">\n\n\t\t\t\t\t<div class=\"premium-blog-inner-container\">\n\n\t\t\t\t\t\t\t\t\t\t\t\t\t\t<h1 class=\"premium-blog-entry-title\">\n\t\t\t<a href=\"https:\/\/trailforthjournal.com\/es\/cultura\/iglesia-san-francisco-guayaquil\/\" target=\"_blank\">\n\t\t\t\tIglesia San Francisco de Guayaquil: Historia, arquitectura y el legado de los Franciscanos\t\t\t<\/a>\n\t\t<\/h1>\n\t\t\t\t<div class=\"premium-blog-entry-meta\">\n\t\t\t\n\t\t\t\n\t\t\t\n\t\t\t\t\t<\/div>\n\t\t\n\t\t\t\t\t<\/div>\n\n\t\t\t\t\t\t\t\t\t\t\n\t\t\t\t<\/div>\n\t\t\t<\/div>\n\t\t<\/div>\n\n\t\t\t\t<div class=\"premium-blog-post-outer-container\" data-total=\"2\">\n\t\t\t<div class=\"premium-blog-post-container premium-blog-skin-banner\">\n\t\t\t\t\t\t\t\t\t<div class=\"premium-blog-thumb-effect-wrapper\">\n\t\t\t\t\t\t<div class=\"premium-blog-thumbnail-container premium-blog-zoomin-effect\">\n\t\t\t\t\t\t\t<img decoding=\"async\" data-attachment-id=\"15074\" data-permalink=\"https:\/\/trailforthjournal.com\/es\/cultura\/cementerio-patrimonial-guayaquil\/attachment\/dsc00371\/\" data-orig-file=\"https:\/\/i0.wp.com\/trailforthjournal.com\/es\/wp-content\/uploads\/sites\/4\/2022\/11\/DSC00371-scaled.jpg?fit=2560%2C1920&amp;ssl=1\" data-orig-size=\"2560,1920\" data-comments-opened=\"1\" data-image-meta=\"{&quot;aperture&quot;:&quot;4.5&quot;,&quot;credit&quot;:&quot;&quot;,&quot;camera&quot;:&quot;DSC-W830&quot;,&quot;caption&quot;:&quot;&quot;,&quot;created_timestamp&quot;:&quot;1389396572&quot;,&quot;copyright&quot;:&quot;&quot;,&quot;focal_length&quot;:&quot;10.87&quot;,&quot;iso&quot;:&quot;80&quot;,&quot;shutter_speed&quot;:&quot;0.008&quot;,&quot;title&quot;:&quot;&quot;,&quot;orientation&quot;:&quot;1&quot;}\" data-image-title=\"Cementerio Patrimonial de Guayaquil\" data-image-description=\"&lt;p&gt;Cementerio Patrimonial de Guayaquil&lt;\/p&gt;\n\" data-image-caption=\"&lt;p&gt;Cementerio Patrimonial de Guayaquil&lt;\/p&gt;\n\" data-large-file=\"https:\/\/i0.wp.com\/trailforthjournal.com\/es\/wp-content\/uploads\/sites\/4\/2022\/11\/DSC00371-scaled.jpg?fit=1024%2C768&amp;ssl=1\" width=\"2560\" height=\"1920\" src=\"https:\/\/i0.wp.com\/trailforthjournal.com\/es\/wp-content\/uploads\/sites\/4\/2022\/11\/DSC00371-scaled.jpg?fit=2560%2C1920&amp;ssl=1\" class=\"attachment-full size-full wp-image-15074\" alt=\"Cementerio Patrimonial de Guayaquil\" data-attachment-id=\"15074\" data-permalink=\"https:\/\/trailforthjournal.com\/es\/cultura\/cementerio-patrimonial-guayaquil\/attachment\/dsc00371\/\" data-orig-file=\"https:\/\/i0.wp.com\/trailforthjournal.com\/es\/wp-content\/uploads\/sites\/4\/2022\/11\/DSC00371-scaled.jpg?fit=2560%2C1920&amp;ssl=1\" data-orig-size=\"2560,1920\" data-comments-opened=\"1\" data-image-meta=\"{&quot;aperture&quot;:&quot;4.5&quot;,&quot;credit&quot;:&quot;&quot;,&quot;camera&quot;:&quot;DSC-W830&quot;,&quot;caption&quot;:&quot;&quot;,&quot;created_timestamp&quot;:&quot;1389396572&quot;,&quot;copyright&quot;:&quot;&quot;,&quot;focal_length&quot;:&quot;10.87&quot;,&quot;iso&quot;:&quot;80&quot;,&quot;shutter_speed&quot;:&quot;0.008&quot;,&quot;title&quot;:&quot;&quot;,&quot;orientation&quot;:&quot;1&quot;}\" data-image-title=\"Cementerio Patrimonial de Guayaquil\" data-image-description=\"&lt;p&gt;Cementerio Patrimonial de Guayaquil&lt;\/p&gt;\n\" data-image-caption=\"&lt;p&gt;Cementerio Patrimonial de Guayaquil&lt;\/p&gt;\n\" data-large-file=\"https:\/\/i0.wp.com\/trailforthjournal.com\/es\/wp-content\/uploads\/sites\/4\/2022\/11\/DSC00371-scaled.jpg?fit=1024%2C768&amp;ssl=1\" srcset=\"https:\/\/i0.wp.com\/trailforthjournal.com\/es\/wp-content\/uploads\/sites\/4\/2022\/11\/DSC00371-scaled.jpg?w=2560&amp;ssl=1 2560w, https:\/\/i0.wp.com\/trailforthjournal.com\/es\/wp-content\/uploads\/sites\/4\/2022\/11\/DSC00371-scaled.jpg?resize=300%2C225&amp;ssl=1 300w, https:\/\/i0.wp.com\/trailforthjournal.com\/es\/wp-content\/uploads\/sites\/4\/2022\/11\/DSC00371-scaled.jpg?resize=1024%2C768&amp;ssl=1 1024w, https:\/\/i0.wp.com\/trailforthjournal.com\/es\/wp-content\/uploads\/sites\/4\/2022\/11\/DSC00371-scaled.jpg?resize=768%2C576&amp;ssl=1 768w, https:\/\/i0.wp.com\/trailforthjournal.com\/es\/wp-content\/uploads\/sites\/4\/2022\/11\/DSC00371-scaled.jpg?resize=1536%2C1152&amp;ssl=1 1536w, https:\/\/i0.wp.com\/trailforthjournal.com\/es\/wp-content\/uploads\/sites\/4\/2022\/11\/DSC00371-scaled.jpg?resize=2048%2C1536&amp;ssl=1 2048w, https:\/\/i0.wp.com\/trailforthjournal.com\/es\/wp-content\/uploads\/sites\/4\/2022\/11\/DSC00371-scaled.jpg?resize=80%2C60&amp;ssl=1 80w, https:\/\/i0.wp.com\/trailforthjournal.com\/es\/wp-content\/uploads\/sites\/4\/2022\/11\/DSC00371-scaled.jpg?resize=200%2C150&amp;ssl=1 200w, https:\/\/i0.wp.com\/trailforthjournal.com\/es\/wp-content\/uploads\/sites\/4\/2022\/11\/DSC00371-scaled.jpg?resize=600%2C450&amp;ssl=1 600w\" sizes=\"(max-width: 1032px) 100vw, 1032px\" \/>\t\t\t\t\t\t<\/div>\n\t\t\t\t\t\t\t\t\t\t\t\t\t<div class=\"premium-blog-thumbnail-overlay\">\n\t\t\t\t\t\t\t\t<a class=\"elementor-icon\" href=\"https:\/\/trailforthjournal.com\/es\/cultura\/cementerio-patrimonial-guayaquil\/\" target=\"_blank\"><\/a>\n\t\t\t\t\t\t\t<\/div>\n\n\t\t\t\t\t\t\t\t\t\t\t\t\t\t\t\t\t\t<\/div>\n\t\t\t\t\t\t\t\t\t\t\t\t<div class=\"premium-blog-content-wrapper \">\n\n\t\t\t\t\t<div class=\"premium-blog-inner-container\">\n\n\t\t\t\t\t\t\t\t\t\t\t\t\t\t<h1 class=\"premium-blog-entry-title\">\n\t\t\t<a href=\"https:\/\/trailforthjournal.com\/es\/cultura\/cementerio-patrimonial-guayaquil\/\" target=\"_blank\">\n\t\t\t\tEl Cementerio de Guayaquil: Tesoro Nacional y Patrimonio Cultural de Ecuador\t\t\t<\/a>\n\t\t<\/h1>\n\t\t\t\t<div class=\"premium-blog-entry-meta\">\n\t\t\t\n\t\t\t\n\t\t\t\n\t\t\t\t\t<\/div>\n\t\t\n\t\t\t\t\t<\/div>\n\n\t\t\t\t\t\t\t\t\t\t\n\t\t\t\t<\/div>\n\t\t\t<\/div>\n\t\t<\/div>\n\n\t\t\t\t<div class=\"premium-blog-post-outer-container\" data-total=\"2\">\n\t\t\t<div class=\"premium-blog-post-container premium-blog-skin-banner\">\n\t\t\t\t\t\t\t\t\t<div class=\"premium-blog-thumb-effect-wrapper\">\n\t\t\t\t\t\t<div class=\"premium-blog-thumbnail-container premium-blog-zoomin-effect\">\n\t\t\t\t\t\t\t<img loading=\"lazy\" decoding=\"async\" data-attachment-id=\"5516\" data-permalink=\"https:\/\/trailforthjournal.com\/es\/cultura\/museo-municipal-guayaquil\/attachment\/dsc00287-2\/\" data-orig-file=\"https:\/\/i0.wp.com\/trailforthjournal.com\/es\/wp-content\/uploads\/sites\/4\/2022\/03\/DSC00287-2-scaled.jpg?fit=2560%2C1625&amp;ssl=1\" data-orig-size=\"2560,1625\" data-comments-opened=\"0\" data-image-meta=\"{&quot;aperture&quot;:&quot;3.3&quot;,&quot;credit&quot;:&quot;&quot;,&quot;camera&quot;:&quot;DSC-W830&quot;,&quot;caption&quot;:&quot;&quot;,&quot;created_timestamp&quot;:&quot;1388539390&quot;,&quot;copyright&quot;:&quot;&quot;,&quot;focal_length&quot;:&quot;4.5&quot;,&quot;iso&quot;:&quot;400&quot;,&quot;shutter_speed&quot;:&quot;0.16666666666667&quot;,&quot;title&quot;:&quot;&quot;,&quot;orientation&quot;:&quot;1&quot;}\" data-image-title=\"Museo Municipal Guayaquil\" data-image-description=\"&lt;p&gt;Museo Municipal Guayaquil&lt;\/p&gt;\n\" data-image-caption=\"&lt;p&gt;Museo Municipal Guayaquil&lt;\/p&gt;\n\" data-large-file=\"https:\/\/i0.wp.com\/trailforthjournal.com\/es\/wp-content\/uploads\/sites\/4\/2022\/03\/DSC00287-2-scaled.jpg?fit=1024%2C650&amp;ssl=1\" width=\"2560\" height=\"1625\" src=\"https:\/\/i0.wp.com\/trailforthjournal.com\/es\/wp-content\/uploads\/sites\/4\/2022\/03\/DSC00287-2-scaled.jpg?fit=2560%2C1625&amp;ssl=1\" class=\"attachment-full size-full wp-image-5516\" alt=\"Museo Municipal Guayaquil\" data-attachment-id=\"5516\" data-permalink=\"https:\/\/trailforthjournal.com\/es\/cultura\/museo-municipal-guayaquil\/attachment\/dsc00287-2\/\" data-orig-file=\"https:\/\/i0.wp.com\/trailforthjournal.com\/es\/wp-content\/uploads\/sites\/4\/2022\/03\/DSC00287-2-scaled.jpg?fit=2560%2C1625&amp;ssl=1\" data-orig-size=\"2560,1625\" data-comments-opened=\"0\" data-image-meta=\"{&quot;aperture&quot;:&quot;3.3&quot;,&quot;credit&quot;:&quot;&quot;,&quot;camera&quot;:&quot;DSC-W830&quot;,&quot;caption&quot;:&quot;&quot;,&quot;created_timestamp&quot;:&quot;1388539390&quot;,&quot;copyright&quot;:&quot;&quot;,&quot;focal_length&quot;:&quot;4.5&quot;,&quot;iso&quot;:&quot;400&quot;,&quot;shutter_speed&quot;:&quot;0.16666666666667&quot;,&quot;title&quot;:&quot;&quot;,&quot;orientation&quot;:&quot;1&quot;}\" data-image-title=\"Museo Municipal Guayaquil\" data-image-description=\"&lt;p&gt;Museo Municipal Guayaquil&lt;\/p&gt;\n\" data-image-caption=\"&lt;p&gt;Museo Municipal Guayaquil&lt;\/p&gt;\n\" data-large-file=\"https:\/\/i0.wp.com\/trailforthjournal.com\/es\/wp-content\/uploads\/sites\/4\/2022\/03\/DSC00287-2-scaled.jpg?fit=1024%2C650&amp;ssl=1\" srcset=\"https:\/\/i0.wp.com\/trailforthjournal.com\/es\/wp-content\/uploads\/sites\/4\/2022\/03\/DSC00287-2-scaled.jpg?w=2560&amp;ssl=1 2560w, https:\/\/i0.wp.com\/trailforthjournal.com\/es\/wp-content\/uploads\/sites\/4\/2022\/03\/DSC00287-2-scaled.jpg?resize=300%2C190&amp;ssl=1 300w, https:\/\/i0.wp.com\/trailforthjournal.com\/es\/wp-content\/uploads\/sites\/4\/2022\/03\/DSC00287-2-scaled.jpg?resize=1024%2C650&amp;ssl=1 1024w, https:\/\/i0.wp.com\/trailforthjournal.com\/es\/wp-content\/uploads\/sites\/4\/2022\/03\/DSC00287-2-scaled.jpg?resize=768%2C487&amp;ssl=1 768w, https:\/\/i0.wp.com\/trailforthjournal.com\/es\/wp-content\/uploads\/sites\/4\/2022\/03\/DSC00287-2-scaled.jpg?resize=1536%2C975&amp;ssl=1 1536w, https:\/\/i0.wp.com\/trailforthjournal.com\/es\/wp-content\/uploads\/sites\/4\/2022\/03\/DSC00287-2-scaled.jpg?resize=2048%2C1300&amp;ssl=1 2048w, https:\/\/i0.wp.com\/trailforthjournal.com\/es\/wp-content\/uploads\/sites\/4\/2022\/03\/DSC00287-2-scaled.jpg?resize=236%2C150&amp;ssl=1 236w, https:\/\/i0.wp.com\/trailforthjournal.com\/es\/wp-content\/uploads\/sites\/4\/2022\/03\/DSC00287-2-scaled.jpg?resize=600%2C381&amp;ssl=1 600w\" sizes=\"(max-width: 1032px) 100vw, 1032px\" \/>\t\t\t\t\t\t<\/div>\n\t\t\t\t\t\t\t\t\t\t\t\t\t<div class=\"premium-blog-thumbnail-overlay\">\n\t\t\t\t\t\t\t\t<a class=\"elementor-icon\" href=\"https:\/\/trailforthjournal.com\/es\/cultura\/museo-municipal-guayaquil\/\" target=\"_blank\"><\/a>\n\t\t\t\t\t\t\t<\/div>\n\n\t\t\t\t\t\t\t\t\t\t\t\t\t\t\t\t\t\t<\/div>\n\t\t\t\t\t\t\t\t\t\t\t\t<div class=\"premium-blog-content-wrapper \">\n\n\t\t\t\t\t<div class=\"premium-blog-inner-container\">\n\n\t\t\t\t\t\t\t\t\t\t\t\t\t\t<h1 class=\"premium-blog-entry-title\">\n\t\t\t<a href=\"https:\/\/trailforthjournal.com\/es\/cultura\/museo-municipal-guayaquil\/\" target=\"_blank\">\n\t\t\t\tMuseo Municipal de Guayaquil: tesoros arqueol\u00f3gicos e hist\u00f3ricos del Ecuador\t\t\t<\/a>\n\t\t<\/h1>\n\t\t\t\t<div class=\"premium-blog-entry-meta\">\n\t\t\t\n\t\t\t\n\t\t\t\n\t\t\t\t\t<\/div>\n\t\t\n\t\t\t\t\t<\/div>\n\n\t\t\t\t\t\t\t\t\t\t\n\t\t\t\t<\/div>\n\t\t\t<\/div>\n\t\t<\/div>\n\n\t\t\t\t\t\t\t<\/div>\n\n\t\t\n\t\t\n\t\t\t\t\t\t<\/div>\n\t\t\t\t<\/div>\n\t\t\t\t\t<\/div>\n\t\t<\/div>\n\t\t\t\t\t<\/div>\n\t\t<\/section>\n\t\t\t\t<section class=\"elementor-section elementor-top-section elementor-element elementor-element-42ce5ef elementor-section-boxed elementor-section-height-default elementor-section-height-default wpr-particle-no wpr-jarallax-no wpr-parallax-no wpr-sticky-section-no wpr-equal-height-no\" data-id=\"42ce5ef\" data-element_type=\"section\" data-e-type=\"section\">\n\t\t\t\t\t\t<div class=\"elementor-container elementor-column-gap-default\">\n\t\t\t\t\t<div class=\"elementor-column elementor-col-100 elementor-top-column elementor-element elementor-element-be99831\" data-id=\"be99831\" data-element_type=\"column\" data-e-type=\"column\">\n\t\t\t<div class=\"elementor-widget-wrap elementor-element-populated\">\n\t\t\t\t\t\t<div class=\"elementor-element elementor-element-b3e9fc9 elementor-widget elementor-widget-spacer\" data-id=\"b3e9fc9\" data-element_type=\"widget\" data-e-type=\"widget\" data-widget_type=\"spacer.default\">\n\t\t\t\t<div class=\"elementor-widget-container\">\n\t\t\t\t\t\t\t<div class=\"elementor-spacer\">\n\t\t\t<div class=\"elementor-spacer-inner\"><\/div>\n\t\t<\/div>\n\t\t\t\t\t\t<\/div>\n\t\t\t\t<\/div>\n\t\t\t\t\t<\/div>\n\t\t<\/div>\n\t\t\t\t\t<\/div>\n\t\t<\/section>\n\t\t\t\t<section class=\"elementor-section elementor-top-section elementor-element elementor-element-27628d2 elementor-section-boxed elementor-section-height-default elementor-section-height-default wpr-particle-no wpr-jarallax-no wpr-parallax-no wpr-sticky-section-no wpr-equal-height-no\" data-id=\"27628d2\" data-element_type=\"section\" data-e-type=\"section\">\n\t\t\t\t\t\t\t<div class=\"elementor-background-overlay\"><\/div>\n\t\t\t\t\t\t\t<div class=\"elementor-container elementor-column-gap-no\">\n\t\t\t\t\t<div class=\"elementor-column elementor-col-100 elementor-top-column elementor-element elementor-element-604bd48\" data-id=\"604bd48\" data-element_type=\"column\" data-e-type=\"column\">\n\t\t\t<div class=\"elementor-widget-wrap elementor-element-populated\">\n\t\t\t\t\t\t<div class=\"elementor-element elementor-element-4c29a81 premium-title-color elementor-widget elementor-widget-premium-addon-title\" data-id=\"4c29a81\" data-element_type=\"widget\" data-e-type=\"widget\" data-widget_type=\"premium-addon-title.default\">\n\t\t\t\t<div class=\"elementor-widget-container\">\n\t\t\t\t\t\n\t\t<div class=\"premium-title-container style7\">\n\t\t\t<h2 class=\"premium-title-header premium-title-style7\">\n\t\t\t\t\t\t\t\t\t\t\t\t\t\t\t<span class=\"premium-title-style7-stripe-wrap\">\n\t\t\t\t\t\t\t<span class=\"premium-title-style7-stripe\"><\/span>\n\t\t\t\t\t\t<\/span>\n\t\t\t\t\t\t\t\t\t\t<div class=\"premium-title-style7-inner\">\n\t\t\t\t\n\t\t\t\t\n\t\t\t\t\t\t\t\t\t\t\t\t\t\t\t\t\t\t\t\t\t<span class=\"premium-title-text\">\n\t\t\t\t\tIr m\u00e1s lejos\t\t\t\t<\/span>\n\t\t\t\t\t\n\t\t\t\t\t\t\t\t\t<\/div>\n\t\t\t\t\t\t\t\t\n\t\t\t\t\t\t\t<\/h2>\n\n\t\t<\/div>\n\n\t\t\t\t\t\t<\/div>\n\t\t\t\t<\/div>\n\t\t\t\t\t<\/div>\n\t\t<\/div>\n\t\t\t\t\t<\/div>\n\t\t<\/section>\n\t\t\t\t<section class=\"elementor-section elementor-top-section elementor-element elementor-element-ef1e460 elementor-section-full_width elementor-section-content-middle elementor-section-height-default elementor-section-height-default wpr-particle-no wpr-jarallax-no wpr-parallax-no wpr-sticky-section-no wpr-equal-height-no\" data-id=\"ef1e460\" data-element_type=\"section\" data-e-type=\"section\" data-settings=\"{&quot;background_background&quot;:&quot;classic&quot;}\">\n\t\t\t\t\t\t<div class=\"elementor-container elementor-column-gap-no\">\n\t\t\t\t\t<div class=\"elementor-column elementor-col-100 elementor-top-column elementor-element elementor-element-f4ebb37\" data-id=\"f4ebb37\" data-element_type=\"column\" data-e-type=\"column\">\n\t\t\t<div class=\"elementor-widget-wrap elementor-element-populated\">\n\t\t\t\t\t\t<div class=\"elementor-element elementor-element-cacfa9a premium-blog-align-left elementor-widget elementor-widget-premium-addon-blog\" data-id=\"cacfa9a\" data-element_type=\"widget\" data-e-type=\"widget\" data-settings=\"{&quot;force_height&quot;:&quot;true&quot;,&quot;premium_blog_columns_number&quot;:&quot;25%&quot;,&quot;premium_blog_grid&quot;:&quot;yes&quot;,&quot;premium_blog_layout&quot;:&quot;even&quot;,&quot;premium_blog_columns_number_tablet&quot;:&quot;50%&quot;,&quot;premium_blog_columns_number_mobile&quot;:&quot;100%&quot;,&quot;scroll_to_offset&quot;:&quot;yes&quot;}\" data-widget_type=\"premium-addon-blog.default\">\n\t\t\t\t<div class=\"elementor-widget-container\">\n\t\t\t\t\t\n\t\t\n\n\t\t\t\t<div class=\"premium-blog-wrap  premium-blog-even\" data-page=\"26938\">\n\t\t\t\t\t\t\t\t\t<div class=\"premium-blog-post-outer-container\" data-total=\"3\">\n\t\t\t<div class=\"premium-blog-post-container premium-blog-skin-banner\">\n\t\t\t\t\t\t\t\t\t<div class=\"premium-blog-thumb-effect-wrapper\">\n\t\t\t\t\t\t<div class=\"premium-blog-thumbnail-container premium-blog-zoomin-effect\">\n\t\t\t\t\t\t\t<img loading=\"lazy\" decoding=\"async\" data-attachment-id=\"34229\" data-permalink=\"https:\/\/trailforthjournal.com\/es\/wp-17203020786331916779417640204164\/\" data-orig-file=\"https:\/\/i0.wp.com\/trailforthjournal.com\/es\/wp-content\/uploads\/sites\/4\/2024\/07\/wp-17203020786331916779417640204164.jpg?fit=2000%2C1332&amp;ssl=1\" data-orig-size=\"2000,1332\" data-comments-opened=\"0\" data-image-meta=\"{&quot;aperture&quot;:&quot;0&quot;,&quot;credit&quot;:&quot;&quot;,&quot;camera&quot;:&quot;&quot;,&quot;caption&quot;:&quot;&quot;,&quot;created_timestamp&quot;:&quot;0&quot;,&quot;copyright&quot;:&quot;&quot;,&quot;focal_length&quot;:&quot;0&quot;,&quot;iso&quot;:&quot;0&quot;,&quot;shutter_speed&quot;:&quot;0&quot;,&quot;title&quot;:&quot;&quot;,&quot;orientation&quot;:&quot;0&quot;}\" data-image-title=\"Cosas que hacer en Guayaquil | Ecuador, Sudam\u00e9rica\" data-image-description=\"&lt;p&gt;Cosas que hacer en Guayaquil | Ecuador, Sudam\u00e9rica&lt;\/p&gt;\n\" data-image-caption=\"&lt;p&gt;Cosas que hacer en Guayaquil | Ecuador, Sudam\u00e9rica&lt;\/p&gt;\n\" data-large-file=\"https:\/\/i0.wp.com\/trailforthjournal.com\/es\/wp-content\/uploads\/sites\/4\/2024\/07\/wp-17203020786331916779417640204164.jpg?fit=1024%2C682&amp;ssl=1\" width=\"2000\" height=\"1332\" src=\"https:\/\/i0.wp.com\/trailforthjournal.com\/es\/wp-content\/uploads\/sites\/4\/2024\/07\/wp-17203020786331916779417640204164.jpg?fit=2000%2C1332&amp;ssl=1\" class=\"attachment-full size-full wp-image-34229\" alt=\"Cosas que hacer en Guayaquil | Ecuador, Sudam\u00e9rica\" data-attachment-id=\"34229\" data-permalink=\"https:\/\/trailforthjournal.com\/es\/wp-17203020786331916779417640204164\/\" data-orig-file=\"https:\/\/i0.wp.com\/trailforthjournal.com\/es\/wp-content\/uploads\/sites\/4\/2024\/07\/wp-17203020786331916779417640204164.jpg?fit=2000%2C1332&amp;ssl=1\" data-orig-size=\"2000,1332\" data-comments-opened=\"0\" data-image-meta=\"{&quot;aperture&quot;:&quot;0&quot;,&quot;credit&quot;:&quot;&quot;,&quot;camera&quot;:&quot;&quot;,&quot;caption&quot;:&quot;&quot;,&quot;created_timestamp&quot;:&quot;0&quot;,&quot;copyright&quot;:&quot;&quot;,&quot;focal_length&quot;:&quot;0&quot;,&quot;iso&quot;:&quot;0&quot;,&quot;shutter_speed&quot;:&quot;0&quot;,&quot;title&quot;:&quot;&quot;,&quot;orientation&quot;:&quot;0&quot;}\" data-image-title=\"Cosas que hacer en Guayaquil | Ecuador, Sudam\u00e9rica\" data-image-description=\"&lt;p&gt;Cosas que hacer en Guayaquil | Ecuador, Sudam\u00e9rica&lt;\/p&gt;\n\" data-image-caption=\"&lt;p&gt;Cosas que hacer en Guayaquil | Ecuador, Sudam\u00e9rica&lt;\/p&gt;\n\" data-large-file=\"https:\/\/i0.wp.com\/trailforthjournal.com\/es\/wp-content\/uploads\/sites\/4\/2024\/07\/wp-17203020786331916779417640204164.jpg?fit=1024%2C682&amp;ssl=1\" srcset=\"https:\/\/i0.wp.com\/trailforthjournal.com\/es\/wp-content\/uploads\/sites\/4\/2024\/07\/wp-17203020786331916779417640204164.jpg?w=2000&amp;ssl=1 2000w, https:\/\/i0.wp.com\/trailforthjournal.com\/es\/wp-content\/uploads\/sites\/4\/2024\/07\/wp-17203020786331916779417640204164.jpg?resize=300%2C200&amp;ssl=1 300w, https:\/\/i0.wp.com\/trailforthjournal.com\/es\/wp-content\/uploads\/sites\/4\/2024\/07\/wp-17203020786331916779417640204164.jpg?resize=1024%2C682&amp;ssl=1 1024w, https:\/\/i0.wp.com\/trailforthjournal.com\/es\/wp-content\/uploads\/sites\/4\/2024\/07\/wp-17203020786331916779417640204164.jpg?resize=768%2C511&amp;ssl=1 768w, https:\/\/i0.wp.com\/trailforthjournal.com\/es\/wp-content\/uploads\/sites\/4\/2024\/07\/wp-17203020786331916779417640204164.jpg?resize=1536%2C1023&amp;ssl=1 1536w, https:\/\/i0.wp.com\/trailforthjournal.com\/es\/wp-content\/uploads\/sites\/4\/2024\/07\/wp-17203020786331916779417640204164.jpg?resize=75%2C50&amp;ssl=1 75w, https:\/\/i0.wp.com\/trailforthjournal.com\/es\/wp-content\/uploads\/sites\/4\/2024\/07\/wp-17203020786331916779417640204164.jpg?resize=600%2C400&amp;ssl=1 600w\" sizes=\"(max-width: 1032px) 100vw, 1032px\" \/>\t\t\t\t\t\t<\/div>\n\t\t\t\t\t\t\t\t\t\t\t\t\t<div class=\"premium-blog-thumbnail-overlay\">\n\t\t\t\t\t\t\t\t<a class=\"elementor-icon\" href=\"https:\/\/trailforthjournal.com\/es\/guia-turistica\/cuenca\/\" target=\"_blank\"><\/a>\n\t\t\t\t\t\t\t<\/div>\n\n\t\t\t\t\t\t\t\t\t\t\t\t\t\t\t\t\t\t<\/div>\n\t\t\t\t\t\t\t\t\t\t\t\t<div class=\"premium-blog-content-wrapper \">\n\n\t\t\t\t\t<div class=\"premium-blog-inner-container\">\n\n\t\t\t\t\t\t\t\t\t\t\t\t\t\t<h1 class=\"premium-blog-entry-title\">\n\t\t\t<a href=\"https:\/\/trailforthjournal.com\/es\/guia-turistica\/cuenca\/\" target=\"_blank\">\n\t\t\t\tImprescindibles de Viaje: Gu\u00eda tur\u00edstica de Cuenca | Ecuador, Sudam\u00e9rica &#8211; 2026\t\t\t<\/a>\n\t\t<\/h1>\n\t\t\t\t<div class=\"premium-blog-entry-meta\">\n\t\t\t\n\t\t\t\n\t\t\t\n\t\t\t\t\t<\/div>\n\t\t\n\t\t\t\t\t<\/div>\n\n\t\t\t\t\t\t\t\t\t\t\n\t\t\t\t<\/div>\n\t\t\t<\/div>\n\t\t<\/div>\n\n\t\t\t\t<div class=\"premium-blog-post-outer-container\" data-total=\"3\">\n\t\t\t<div class=\"premium-blog-post-container premium-blog-skin-banner\">\n\t\t\t\t\t\t\t\t\t<div class=\"premium-blog-thumb-effect-wrapper\">\n\t\t\t\t\t\t<div class=\"premium-blog-thumbnail-container premium-blog-zoomin-effect\">\n\t\t\t\t\t\t\t<img loading=\"lazy\" decoding=\"async\" data-attachment-id=\"8933\" data-permalink=\"https:\/\/trailforthjournal.com\/es\/cultura\/centro-historico-quito-tesoro-colonial\/attachment\/quito-barroco\/\" data-orig-file=\"https:\/\/i0.wp.com\/trailforthjournal.com\/es\/wp-content\/uploads\/sites\/4\/2022\/05\/Quito-Barroco.jpg?fit=1227%2C777&amp;ssl=1\" data-orig-size=\"1227,777\" data-comments-opened=\"0\" data-image-meta=\"{&quot;aperture&quot;:&quot;0&quot;,&quot;credit&quot;:&quot;Getty Images\/Westend61&quot;,&quot;camera&quot;:&quot;&quot;,&quot;caption&quot;:&quot;&quot;,&quot;created_timestamp&quot;:&quot;1626899310&quot;,&quot;copyright&quot;:&quot;&quot;,&quot;focal_length&quot;:&quot;0&quot;,&quot;iso&quot;:&quot;0&quot;,&quot;shutter_speed&quot;:&quot;0&quot;,&quot;title&quot;:&quot;&quot;,&quot;orientation&quot;:&quot;0&quot;}\" data-image-title=\"quito-nocturno-panecillo-centro-historico\" data-image-description=\"&lt;p&gt;Paisaje urbano nocturno de Quito desde un mirador elevado. Se aprecia la densidad del centro hist\u00f3rico, la iluminaci\u00f3n de las iglesias y el monumento de la Virgen de El Panecillo en la cima del cerro.&lt;\/p&gt;\n\" data-image-caption=\"&lt;p&gt;Quito se ilumina al caer la noche, revelando la silueta de El Panecillo custodiando la capital andina.&lt;\/p&gt;\n\" data-large-file=\"https:\/\/i0.wp.com\/trailforthjournal.com\/es\/wp-content\/uploads\/sites\/4\/2022\/05\/Quito-Barroco.jpg?fit=1024%2C648&amp;ssl=1\" width=\"1227\" height=\"777\" src=\"https:\/\/i0.wp.com\/trailforthjournal.com\/es\/wp-content\/uploads\/sites\/4\/2022\/05\/Quito-Barroco.jpg?fit=1227%2C777&amp;ssl=1\" class=\"attachment-full size-full wp-image-8933\" alt=\"Vista panor\u00e1mica nocturna del centro hist\u00f3rico de Quito, Ecuador, con el cerro de El Panecillo iluminado bajo un cielo p\u00farpura al atardecer\" data-attachment-id=\"8933\" data-permalink=\"https:\/\/trailforthjournal.com\/es\/cultura\/centro-historico-quito-tesoro-colonial\/attachment\/quito-barroco\/\" data-orig-file=\"https:\/\/i0.wp.com\/trailforthjournal.com\/es\/wp-content\/uploads\/sites\/4\/2022\/05\/Quito-Barroco.jpg?fit=1227%2C777&amp;ssl=1\" data-orig-size=\"1227,777\" data-comments-opened=\"0\" data-image-meta=\"{&quot;aperture&quot;:&quot;0&quot;,&quot;credit&quot;:&quot;Getty Images\/Westend61&quot;,&quot;camera&quot;:&quot;&quot;,&quot;caption&quot;:&quot;&quot;,&quot;created_timestamp&quot;:&quot;1626899310&quot;,&quot;copyright&quot;:&quot;&quot;,&quot;focal_length&quot;:&quot;0&quot;,&quot;iso&quot;:&quot;0&quot;,&quot;shutter_speed&quot;:&quot;0&quot;,&quot;title&quot;:&quot;&quot;,&quot;orientation&quot;:&quot;0&quot;}\" data-image-title=\"quito-nocturno-panecillo-centro-historico\" data-image-description=\"&lt;p&gt;Paisaje urbano nocturno de Quito desde un mirador elevado. Se aprecia la densidad del centro hist\u00f3rico, la iluminaci\u00f3n de las iglesias y el monumento de la Virgen de El Panecillo en la cima del cerro.&lt;\/p&gt;\n\" data-image-caption=\"&lt;p&gt;Quito se ilumina al caer la noche, revelando la silueta de El Panecillo custodiando la capital andina.&lt;\/p&gt;\n\" data-large-file=\"https:\/\/i0.wp.com\/trailforthjournal.com\/es\/wp-content\/uploads\/sites\/4\/2022\/05\/Quito-Barroco.jpg?fit=1024%2C648&amp;ssl=1\" srcset=\"https:\/\/i0.wp.com\/trailforthjournal.com\/es\/wp-content\/uploads\/sites\/4\/2022\/05\/Quito-Barroco.jpg?w=1227&amp;ssl=1 1227w, https:\/\/i0.wp.com\/trailforthjournal.com\/es\/wp-content\/uploads\/sites\/4\/2022\/05\/Quito-Barroco.jpg?resize=300%2C190&amp;ssl=1 300w, https:\/\/i0.wp.com\/trailforthjournal.com\/es\/wp-content\/uploads\/sites\/4\/2022\/05\/Quito-Barroco.jpg?resize=1024%2C648&amp;ssl=1 1024w, https:\/\/i0.wp.com\/trailforthjournal.com\/es\/wp-content\/uploads\/sites\/4\/2022\/05\/Quito-Barroco.jpg?resize=768%2C486&amp;ssl=1 768w, https:\/\/i0.wp.com\/trailforthjournal.com\/es\/wp-content\/uploads\/sites\/4\/2022\/05\/Quito-Barroco.jpg?resize=237%2C150&amp;ssl=1 237w, https:\/\/i0.wp.com\/trailforthjournal.com\/es\/wp-content\/uploads\/sites\/4\/2022\/05\/Quito-Barroco.jpg?resize=600%2C380&amp;ssl=1 600w\" sizes=\"(max-width: 1032px) 100vw, 1032px\" \/>\t\t\t\t\t\t<\/div>\n\t\t\t\t\t\t\t\t\t\t\t\t\t<div class=\"premium-blog-thumbnail-overlay\">\n\t\t\t\t\t\t\t\t<a class=\"elementor-icon\" href=\"https:\/\/trailforthjournal.com\/es\/cultura\/centro-historico-quito-tesoro-colonial\/\" target=\"_blank\"><\/a>\n\t\t\t\t\t\t\t<\/div>\n\n\t\t\t\t\t\t\t\t\t\t\t\t\t\t\t\t\t\t<\/div>\n\t\t\t\t\t\t\t\t\t\t\t\t<div class=\"premium-blog-content-wrapper \">\n\n\t\t\t\t\t<div class=\"premium-blog-inner-container\">\n\n\t\t\t\t\t\t\t\t\t\t\t\t\t\t<h1 class=\"premium-blog-entry-title\">\n\t\t\t<a href=\"https:\/\/trailforthjournal.com\/es\/cultura\/centro-historico-quito-tesoro-colonial\/\" target=\"_blank\">\n\t\t\t\tLa Magia del Centro Hist\u00f3rico de Quito: Patrimonio de la Humanidad (1978) y tesoro colonial\t\t\t<\/a>\n\t\t<\/h1>\n\t\t\t\t<div class=\"premium-blog-entry-meta\">\n\t\t\t\n\t\t\t\n\t\t\t\n\t\t\t\t\t<\/div>\n\t\t\n\t\t\t\t\t<\/div>\n\n\t\t\t\t\t\t\t\t\t\t\n\t\t\t\t<\/div>\n\t\t\t<\/div>\n\t\t<\/div>\n\n\t\t\t\t<div class=\"premium-blog-post-outer-container\" data-total=\"3\">\n\t\t\t<div class=\"premium-blog-post-container premium-blog-skin-banner\">\n\t\t\t\t\t\t\t\t\t<div class=\"premium-blog-thumb-effect-wrapper\">\n\t\t\t\t\t\t<div class=\"premium-blog-thumbnail-container premium-blog-zoomin-effect\">\n\t\t\t\t\t\t\t<img loading=\"lazy\" decoding=\"async\" data-attachment-id=\"6311\" data-permalink=\"https:\/\/trailforthjournal.com\/es\/aventura\/parque-nacional-antisana-condor-ecuador\/attachment\/antisana-comp-002\/\" data-orig-file=\"https:\/\/i0.wp.com\/trailforthjournal.com\/es\/wp-content\/uploads\/sites\/4\/2022\/03\/Antisana-Comp-002.jpg?fit=1257%2C796&amp;ssl=1\" data-orig-size=\"1257,796\" data-comments-opened=\"0\" data-image-meta=\"{&quot;aperture&quot;:&quot;0&quot;,&quot;credit&quot;:&quot;picture alliance via Getty Image&quot;,&quot;camera&quot;:&quot;&quot;,&quot;caption&quot;:&quot;15 February 2019, Ecuador, Antisana: The column of Federal President Steinmeier and his wife travels through the nature reserve and Antisana National Park. Federal President Steinmeier and his wife are visiting Colombia and Ecuador on the occasion of Alexander von Humboldt&#039;s 250th birthday as part of a five-day trip to Latin America. Photo: Bernd von Jutrczenka\/dpa (Photo by Bernd von Jutrczenka\/picture alliance via Getty Images)&quot;,&quot;created_timestamp&quot;:&quot;1629819843&quot;,&quot;copyright&quot;:&quot;(c) Copyright 2019, dpa (www.dpa.de). Alle Rechte vorbehalten&quot;,&quot;focal_length&quot;:&quot;0&quot;,&quot;iso&quot;:&quot;0&quot;,&quot;shutter_speed&quot;:&quot;0&quot;,&quot;title&quot;:&quot;&quot;,&quot;orientation&quot;:&quot;1&quot;}\" data-image-title=\"Parque Nacional Antisana\" data-image-description=\"&lt;p&gt;Parque Nacional Antisana.&lt;\/p&gt;\n\" data-image-caption=\"&lt;p&gt;Parque Nacional Antisana&lt;\/p&gt;\n\" data-large-file=\"https:\/\/i0.wp.com\/trailforthjournal.com\/es\/wp-content\/uploads\/sites\/4\/2022\/03\/Antisana-Comp-002.jpg?fit=1024%2C648&amp;ssl=1\" width=\"1257\" height=\"796\" src=\"https:\/\/i0.wp.com\/trailforthjournal.com\/es\/wp-content\/uploads\/sites\/4\/2022\/03\/Antisana-Comp-002.jpg?fit=1257%2C796&amp;ssl=1\" class=\"attachment-full size-full wp-image-6311\" alt=\"Parque Nacional Antisana\" data-attachment-id=\"6311\" data-permalink=\"https:\/\/trailforthjournal.com\/es\/aventura\/parque-nacional-antisana-condor-ecuador\/attachment\/antisana-comp-002\/\" data-orig-file=\"https:\/\/i0.wp.com\/trailforthjournal.com\/es\/wp-content\/uploads\/sites\/4\/2022\/03\/Antisana-Comp-002.jpg?fit=1257%2C796&amp;ssl=1\" data-orig-size=\"1257,796\" data-comments-opened=\"0\" data-image-meta=\"{&quot;aperture&quot;:&quot;0&quot;,&quot;credit&quot;:&quot;picture alliance via Getty Image&quot;,&quot;camera&quot;:&quot;&quot;,&quot;caption&quot;:&quot;15 February 2019, Ecuador, Antisana: The column of Federal President Steinmeier and his wife travels through the nature reserve and Antisana National Park. Federal President Steinmeier and his wife are visiting Colombia and Ecuador on the occasion of Alexander von Humboldt&#039;s 250th birthday as part of a five-day trip to Latin America. Photo: Bernd von Jutrczenka\/dpa (Photo by Bernd von Jutrczenka\/picture alliance via Getty Images)&quot;,&quot;created_timestamp&quot;:&quot;1629819843&quot;,&quot;copyright&quot;:&quot;(c) Copyright 2019, dpa (www.dpa.de). Alle Rechte vorbehalten&quot;,&quot;focal_length&quot;:&quot;0&quot;,&quot;iso&quot;:&quot;0&quot;,&quot;shutter_speed&quot;:&quot;0&quot;,&quot;title&quot;:&quot;&quot;,&quot;orientation&quot;:&quot;1&quot;}\" data-image-title=\"Parque Nacional Antisana\" data-image-description=\"&lt;p&gt;Parque Nacional Antisana.&lt;\/p&gt;\n\" data-image-caption=\"&lt;p&gt;Parque Nacional Antisana&lt;\/p&gt;\n\" data-large-file=\"https:\/\/i0.wp.com\/trailforthjournal.com\/es\/wp-content\/uploads\/sites\/4\/2022\/03\/Antisana-Comp-002.jpg?fit=1024%2C648&amp;ssl=1\" srcset=\"https:\/\/i0.wp.com\/trailforthjournal.com\/es\/wp-content\/uploads\/sites\/4\/2022\/03\/Antisana-Comp-002.jpg?w=1257&amp;ssl=1 1257w, https:\/\/i0.wp.com\/trailforthjournal.com\/es\/wp-content\/uploads\/sites\/4\/2022\/03\/Antisana-Comp-002.jpg?resize=300%2C190&amp;ssl=1 300w, https:\/\/i0.wp.com\/trailforthjournal.com\/es\/wp-content\/uploads\/sites\/4\/2022\/03\/Antisana-Comp-002.jpg?resize=1024%2C648&amp;ssl=1 1024w, https:\/\/i0.wp.com\/trailforthjournal.com\/es\/wp-content\/uploads\/sites\/4\/2022\/03\/Antisana-Comp-002.jpg?resize=768%2C486&amp;ssl=1 768w, https:\/\/i0.wp.com\/trailforthjournal.com\/es\/wp-content\/uploads\/sites\/4\/2022\/03\/Antisana-Comp-002.jpg?resize=237%2C150&amp;ssl=1 237w, https:\/\/i0.wp.com\/trailforthjournal.com\/es\/wp-content\/uploads\/sites\/4\/2022\/03\/Antisana-Comp-002.jpg?resize=600%2C380&amp;ssl=1 600w\" sizes=\"(max-width: 1032px) 100vw, 1032px\" \/>\t\t\t\t\t\t<\/div>\n\t\t\t\t\t\t\t\t\t\t\t\t\t<div class=\"premium-blog-thumbnail-overlay\">\n\t\t\t\t\t\t\t\t<a class=\"elementor-icon\" href=\"https:\/\/trailforthjournal.com\/es\/aventura\/parque-nacional-antisana-condor-ecuador\/\" target=\"_blank\"><\/a>\n\t\t\t\t\t\t\t<\/div>\n\n\t\t\t\t\t\t\t\t\t\t\t\t\t\t\t\t\t\t<\/div>\n\t\t\t\t\t\t\t\t\t\t\t\t<div class=\"premium-blog-content-wrapper \">\n\n\t\t\t\t\t<div class=\"premium-blog-inner-container\">\n\n\t\t\t\t\t\t\t\t\t\t\t\t\t\t<h1 class=\"premium-blog-entry-title\">\n\t\t\t<a href=\"https:\/\/trailforthjournal.com\/es\/aventura\/parque-nacional-antisana-condor-ecuador\/\" target=\"_blank\">\n\t\t\t\tParque Nacional Antisana: El nuevo santuario para la conservaci\u00f3n del C\u00f3ndor Andino en Ecuador\t\t\t<\/a>\n\t\t<\/h1>\n\t\t\t\t<div class=\"premium-blog-entry-meta\">\n\t\t\t\n\t\t\t\n\t\t\t\n\t\t\t\t\t<\/div>\n\t\t\n\t\t\t\t\t<\/div>\n\n\t\t\t\t\t\t\t\t\t\t\n\t\t\t\t<\/div>\n\t\t\t<\/div>\n\t\t<\/div>\n\n\t\t\t\t<div class=\"premium-blog-post-outer-container\" data-total=\"3\">\n\t\t\t<div class=\"premium-blog-post-container premium-blog-skin-banner\">\n\t\t\t\t\t\t\t\t\t<div class=\"premium-blog-thumb-effect-wrapper\">\n\t\t\t\t\t\t<div class=\"premium-blog-thumbnail-container premium-blog-zoomin-effect\">\n\t\t\t\t\t\t\t<img loading=\"lazy\" decoding=\"async\" data-attachment-id=\"4776\" data-permalink=\"https:\/\/trailforthjournal.com\/es\/aventura\/volar-en-globo-ecuador\/attachment\/globo-11\/\" data-orig-file=\"https:\/\/i0.wp.com\/trailforthjournal.com\/es\/wp-content\/uploads\/sites\/4\/2022\/03\/Globo-11.jpg?fit=1920%2C1079&amp;ssl=1\" data-orig-size=\"1920,1079\" data-comments-opened=\"0\" data-image-meta=\"{&quot;aperture&quot;:&quot;0&quot;,&quot;credit&quot;:&quot;&quot;,&quot;camera&quot;:&quot;&quot;,&quot;caption&quot;:&quot;&quot;,&quot;created_timestamp&quot;:&quot;1584990586&quot;,&quot;copyright&quot;:&quot;&quot;,&quot;focal_length&quot;:&quot;0&quot;,&quot;iso&quot;:&quot;0&quot;,&quot;shutter_speed&quot;:&quot;0&quot;,&quot;title&quot;:&quot;&quot;,&quot;orientation&quot;:&quot;1&quot;}\" data-image-title=\"\u00bfC\u00f3mo es volar en un globo aerost\u00e1tico en Ecuador?\" data-image-description=\"&lt;p&gt;\u00bfC\u00f3mo es volar en un globo aerost\u00e1tico en Ecuador?&lt;\/p&gt;\n\" data-image-caption=\"&lt;p&gt;\u00bfC\u00f3mo es volar en un globo aerost\u00e1tico en Ecuador?&lt;\/p&gt;\n\" data-large-file=\"https:\/\/i0.wp.com\/trailforthjournal.com\/es\/wp-content\/uploads\/sites\/4\/2022\/03\/Globo-11.jpg?fit=1024%2C575&amp;ssl=1\" width=\"1920\" height=\"1079\" src=\"https:\/\/i0.wp.com\/trailforthjournal.com\/es\/wp-content\/uploads\/sites\/4\/2022\/03\/Globo-11.jpg?fit=1920%2C1079&amp;ssl=1\" class=\"attachment-full size-full wp-image-4776\" alt=\"\u00bfC\u00f3mo es volar en un globo aerost\u00e1tico en Ecuador?\" data-attachment-id=\"4776\" data-permalink=\"https:\/\/trailforthjournal.com\/es\/aventura\/volar-en-globo-ecuador\/attachment\/globo-11\/\" data-orig-file=\"https:\/\/i0.wp.com\/trailforthjournal.com\/es\/wp-content\/uploads\/sites\/4\/2022\/03\/Globo-11.jpg?fit=1920%2C1079&amp;ssl=1\" data-orig-size=\"1920,1079\" data-comments-opened=\"0\" data-image-meta=\"{&quot;aperture&quot;:&quot;0&quot;,&quot;credit&quot;:&quot;&quot;,&quot;camera&quot;:&quot;&quot;,&quot;caption&quot;:&quot;&quot;,&quot;created_timestamp&quot;:&quot;1584990586&quot;,&quot;copyright&quot;:&quot;&quot;,&quot;focal_length&quot;:&quot;0&quot;,&quot;iso&quot;:&quot;0&quot;,&quot;shutter_speed&quot;:&quot;0&quot;,&quot;title&quot;:&quot;&quot;,&quot;orientation&quot;:&quot;1&quot;}\" data-image-title=\"\u00bfC\u00f3mo es volar en un globo aerost\u00e1tico en Ecuador?\" data-image-description=\"&lt;p&gt;\u00bfC\u00f3mo es volar en un globo aerost\u00e1tico en Ecuador?&lt;\/p&gt;\n\" data-image-caption=\"&lt;p&gt;\u00bfC\u00f3mo es volar en un globo aerost\u00e1tico en Ecuador?&lt;\/p&gt;\n\" data-large-file=\"https:\/\/i0.wp.com\/trailforthjournal.com\/es\/wp-content\/uploads\/sites\/4\/2022\/03\/Globo-11.jpg?fit=1024%2C575&amp;ssl=1\" srcset=\"https:\/\/i0.wp.com\/trailforthjournal.com\/es\/wp-content\/uploads\/sites\/4\/2022\/03\/Globo-11.jpg?w=1920&amp;ssl=1 1920w, https:\/\/i0.wp.com\/trailforthjournal.com\/es\/wp-content\/uploads\/sites\/4\/2022\/03\/Globo-11.jpg?resize=300%2C169&amp;ssl=1 300w, https:\/\/i0.wp.com\/trailforthjournal.com\/es\/wp-content\/uploads\/sites\/4\/2022\/03\/Globo-11.jpg?resize=1024%2C575&amp;ssl=1 1024w, https:\/\/i0.wp.com\/trailforthjournal.com\/es\/wp-content\/uploads\/sites\/4\/2022\/03\/Globo-11.jpg?resize=768%2C432&amp;ssl=1 768w, https:\/\/i0.wp.com\/trailforthjournal.com\/es\/wp-content\/uploads\/sites\/4\/2022\/03\/Globo-11.jpg?resize=1536%2C863&amp;ssl=1 1536w, https:\/\/i0.wp.com\/trailforthjournal.com\/es\/wp-content\/uploads\/sites\/4\/2022\/03\/Globo-11.jpg?resize=267%2C150&amp;ssl=1 267w, https:\/\/i0.wp.com\/trailforthjournal.com\/es\/wp-content\/uploads\/sites\/4\/2022\/03\/Globo-11.jpg?resize=600%2C337&amp;ssl=1 600w\" sizes=\"(max-width: 1032px) 100vw, 1032px\" \/>\t\t\t\t\t\t<\/div>\n\t\t\t\t\t\t\t\t\t\t\t\t\t<div class=\"premium-blog-thumbnail-overlay\">\n\t\t\t\t\t\t\t\t<a class=\"elementor-icon\" href=\"https:\/\/trailforthjournal.com\/es\/aventura\/volar-en-globo-ecuador\/\" target=\"_blank\"><\/a>\n\t\t\t\t\t\t\t<\/div>\n\n\t\t\t\t\t\t\t\t\t\t\t\t\t\t\t\t\t\t<\/div>\n\t\t\t\t\t\t\t\t\t\t\t\t<div class=\"premium-blog-content-wrapper \">\n\n\t\t\t\t\t<div class=\"premium-blog-inner-container\">\n\n\t\t\t\t\t\t\t\t\t\t\t\t\t\t<h1 class=\"premium-blog-entry-title\">\n\t\t\t<a href=\"https:\/\/trailforthjournal.com\/es\/aventura\/volar-en-globo-ecuador\/\" target=\"_blank\">\n\t\t\t\t\u00bfC\u00f3mo es volar en un globo aerost\u00e1tico en Ecuador?\t\t\t<\/a>\n\t\t<\/h1>\n\t\t\t\t<div class=\"premium-blog-entry-meta\">\n\t\t\t\n\t\t\t\n\t\t\t\n\t\t\t\t\t<\/div>\n\t\t\n\t\t\t\t\t<\/div>\n\n\t\t\t\t\t\t\t\t\t\t\n\t\t\t\t<\/div>\n\t\t\t<\/div>\n\t\t<\/div>\n\n\t\t\t\t\t\t\t<\/div>\n\n\t\t\n\t\t\n\t\t\t\t\t\t<\/div>\n\t\t\t\t<\/div>\n\t\t\t\t\t<\/div>\n\t\t<\/div>\n\t\t\t\t\t<\/div>\n\t\t<\/section>\n\t\t\t\t<section class=\"elementor-section elementor-top-section elementor-element elementor-element-857303a elementor-section-full_width elementor-section-content-middle elementor-section-height-default elementor-section-height-default wpr-particle-no wpr-jarallax-no wpr-parallax-no wpr-sticky-section-no wpr-equal-height-no\" data-id=\"857303a\" data-element_type=\"section\" data-e-type=\"section\" data-settings=\"{&quot;background_background&quot;:&quot;classic&quot;}\">\n\t\t\t\t\t\t<div class=\"elementor-container elementor-column-gap-no\">\n\t\t\t\t\t<div class=\"elementor-column elementor-col-100 elementor-top-column elementor-element elementor-element-5d7a308\" data-id=\"5d7a308\" data-element_type=\"column\" data-e-type=\"column\">\n\t\t\t<div class=\"elementor-widget-wrap elementor-element-populated\">\n\t\t\t\t\t\t<div class=\"elementor-element elementor-element-a720a8f premium-blog-align-left elementor-widget elementor-widget-premium-addon-blog\" data-id=\"a720a8f\" data-element_type=\"widget\" data-e-type=\"widget\" data-settings=\"{&quot;force_height&quot;:&quot;true&quot;,&quot;premium_blog_columns_number&quot;:&quot;25%&quot;,&quot;premium_blog_grid&quot;:&quot;yes&quot;,&quot;premium_blog_layout&quot;:&quot;even&quot;,&quot;premium_blog_columns_number_tablet&quot;:&quot;50%&quot;,&quot;premium_blog_columns_number_mobile&quot;:&quot;100%&quot;,&quot;scroll_to_offset&quot;:&quot;yes&quot;}\" data-widget_type=\"premium-addon-blog.default\">\n\t\t\t\t<div class=\"elementor-widget-container\">\n\t\t\t\t\t\n\t\t\n\n\t\t\t\t<div class=\"premium-blog-wrap  premium-blog-even\" data-page=\"26938\">\n\t\t\t\t\t\t\t\t\t<div class=\"premium-blog-post-outer-container\" data-total=\"2\">\n\t\t\t<div class=\"premium-blog-post-container premium-blog-skin-banner\">\n\t\t\t\t\t\t\t\t\t<div class=\"premium-blog-thumb-effect-wrapper\">\n\t\t\t\t\t\t<div class=\"premium-blog-thumbnail-container premium-blog-zoomin-effect\">\n\t\t\t\t\t\t\t<img loading=\"lazy\" decoding=\"async\" data-attachment-id=\"14519\" data-permalink=\"https:\/\/trailforthjournal.com\/es\/cultura\/importancia-del-turismo-ecuador\/attachment\/cotopaxi-by-tourist\/\" data-orig-file=\"https:\/\/i0.wp.com\/trailforthjournal.com\/es\/wp-content\/uploads\/sites\/4\/2022\/10\/Cotopaxi-by-tourist-scaled.jpg?fit=2560%2C1920&amp;ssl=1\" data-orig-size=\"2560,1920\" data-comments-opened=\"1\" data-image-meta=\"{&quot;aperture&quot;:&quot;8&quot;,&quot;credit&quot;:&quot;&quot;,&quot;camera&quot;:&quot;FinePix S100FS&quot;,&quot;caption&quot;:&quot;&quot;,&quot;created_timestamp&quot;:&quot;1261841149&quot;,&quot;copyright&quot;:&quot;&quot;,&quot;focal_length&quot;:&quot;15.4&quot;,&quot;iso&quot;:&quot;400&quot;,&quot;shutter_speed&quot;:&quot;0.00052631578947368&quot;,&quot;title&quot;:&quot;&quot;,&quot;orientation&quot;:&quot;1&quot;}\" data-image-title=\"Cotopaxi fotografiado por turistas\" data-image-description=\"&lt;p&gt;Cotopaxi fotografiado por turistas&lt;\/p&gt;\n\" data-image-caption=\"&lt;p&gt;Cotopaxi fotografiado por turistas&lt;\/p&gt;\n\" data-large-file=\"https:\/\/i0.wp.com\/trailforthjournal.com\/es\/wp-content\/uploads\/sites\/4\/2022\/10\/Cotopaxi-by-tourist-scaled.jpg?fit=1024%2C768&amp;ssl=1\" width=\"2560\" height=\"1920\" src=\"https:\/\/i0.wp.com\/trailforthjournal.com\/es\/wp-content\/uploads\/sites\/4\/2022\/10\/Cotopaxi-by-tourist-scaled.jpg?fit=2560%2C1920&amp;ssl=1\" class=\"attachment-full size-full wp-image-14519\" alt=\"Cotopaxi fotografiado por turistas\" data-attachment-id=\"14519\" data-permalink=\"https:\/\/trailforthjournal.com\/es\/cultura\/importancia-del-turismo-ecuador\/attachment\/cotopaxi-by-tourist\/\" data-orig-file=\"https:\/\/i0.wp.com\/trailforthjournal.com\/es\/wp-content\/uploads\/sites\/4\/2022\/10\/Cotopaxi-by-tourist-scaled.jpg?fit=2560%2C1920&amp;ssl=1\" data-orig-size=\"2560,1920\" data-comments-opened=\"1\" data-image-meta=\"{&quot;aperture&quot;:&quot;8&quot;,&quot;credit&quot;:&quot;&quot;,&quot;camera&quot;:&quot;FinePix S100FS&quot;,&quot;caption&quot;:&quot;&quot;,&quot;created_timestamp&quot;:&quot;1261841149&quot;,&quot;copyright&quot;:&quot;&quot;,&quot;focal_length&quot;:&quot;15.4&quot;,&quot;iso&quot;:&quot;400&quot;,&quot;shutter_speed&quot;:&quot;0.00052631578947368&quot;,&quot;title&quot;:&quot;&quot;,&quot;orientation&quot;:&quot;1&quot;}\" data-image-title=\"Cotopaxi fotografiado por turistas\" data-image-description=\"&lt;p&gt;Cotopaxi fotografiado por turistas&lt;\/p&gt;\n\" data-image-caption=\"&lt;p&gt;Cotopaxi fotografiado por turistas&lt;\/p&gt;\n\" data-large-file=\"https:\/\/i0.wp.com\/trailforthjournal.com\/es\/wp-content\/uploads\/sites\/4\/2022\/10\/Cotopaxi-by-tourist-scaled.jpg?fit=1024%2C768&amp;ssl=1\" srcset=\"https:\/\/i0.wp.com\/trailforthjournal.com\/es\/wp-content\/uploads\/sites\/4\/2022\/10\/Cotopaxi-by-tourist-scaled.jpg?w=2560&amp;ssl=1 2560w, https:\/\/i0.wp.com\/trailforthjournal.com\/es\/wp-content\/uploads\/sites\/4\/2022\/10\/Cotopaxi-by-tourist-scaled.jpg?resize=300%2C225&amp;ssl=1 300w, https:\/\/i0.wp.com\/trailforthjournal.com\/es\/wp-content\/uploads\/sites\/4\/2022\/10\/Cotopaxi-by-tourist-scaled.jpg?resize=1024%2C768&amp;ssl=1 1024w, https:\/\/i0.wp.com\/trailforthjournal.com\/es\/wp-content\/uploads\/sites\/4\/2022\/10\/Cotopaxi-by-tourist-scaled.jpg?resize=768%2C576&amp;ssl=1 768w, https:\/\/i0.wp.com\/trailforthjournal.com\/es\/wp-content\/uploads\/sites\/4\/2022\/10\/Cotopaxi-by-tourist-scaled.jpg?resize=1536%2C1152&amp;ssl=1 1536w, https:\/\/i0.wp.com\/trailforthjournal.com\/es\/wp-content\/uploads\/sites\/4\/2022\/10\/Cotopaxi-by-tourist-scaled.jpg?resize=2048%2C1536&amp;ssl=1 2048w, https:\/\/i0.wp.com\/trailforthjournal.com\/es\/wp-content\/uploads\/sites\/4\/2022\/10\/Cotopaxi-by-tourist-scaled.jpg?resize=80%2C60&amp;ssl=1 80w, https:\/\/i0.wp.com\/trailforthjournal.com\/es\/wp-content\/uploads\/sites\/4\/2022\/10\/Cotopaxi-by-tourist-scaled.jpg?resize=200%2C150&amp;ssl=1 200w, https:\/\/i0.wp.com\/trailforthjournal.com\/es\/wp-content\/uploads\/sites\/4\/2022\/10\/Cotopaxi-by-tourist-scaled.jpg?resize=600%2C450&amp;ssl=1 600w\" sizes=\"(max-width: 1032px) 100vw, 1032px\" \/>\t\t\t\t\t\t<\/div>\n\t\t\t\t\t\t\t\t\t\t\t\t\t<div class=\"premium-blog-thumbnail-overlay\">\n\t\t\t\t\t\t\t\t<a class=\"elementor-icon\" href=\"https:\/\/trailforthjournal.com\/es\/cultura\/importancia-del-turismo-ecuador\/\" target=\"_blank\"><\/a>\n\t\t\t\t\t\t\t<\/div>\n\n\t\t\t\t\t\t\t\t\t\t\t\t\t\t\t\t\t\t<\/div>\n\t\t\t\t\t\t\t\t\t\t\t\t<div class=\"premium-blog-content-wrapper \">\n\n\t\t\t\t\t<div class=\"premium-blog-inner-container\">\n\n\t\t\t\t\t\t\t\t\t\t\t\t\t\t<h1 class=\"premium-blog-entry-title\">\n\t\t\t<a href=\"https:\/\/trailforthjournal.com\/es\/cultura\/importancia-del-turismo-ecuador\/\" target=\"_blank\">\n\t\t\t\tLa importancia del Turismo para Ecuador: Motor de la Econom\u00eda y el Desarrollo Sostenible\t\t\t<\/a>\n\t\t<\/h1>\n\t\t\t\t<div class=\"premium-blog-entry-meta\">\n\t\t\t\n\t\t\t\n\t\t\t\n\t\t\t\t\t<\/div>\n\t\t\n\t\t\t\t\t<\/div>\n\n\t\t\t\t\t\t\t\t\t\t\n\t\t\t\t<\/div>\n\t\t\t<\/div>\n\t\t<\/div>\n\n\t\t\t\t<div class=\"premium-blog-post-outer-container\" data-total=\"2\">\n\t\t\t<div class=\"premium-blog-post-container premium-blog-skin-banner\">\n\t\t\t\t\t\t\t\t\t<div class=\"premium-blog-thumb-effect-wrapper\">\n\t\t\t\t\t\t<div class=\"premium-blog-thumbnail-container premium-blog-zoomin-effect\">\n\t\t\t\t\t\t\t<img loading=\"lazy\" decoding=\"async\" data-attachment-id=\"50444\" data-permalink=\"https:\/\/trailforthjournal.com\/es\/aventura\/avenida-de-los-volcanes-ecuador\/attachment\/avenida-de-los-volcances-tungurahua\/\" data-orig-file=\"https:\/\/i0.wp.com\/trailforthjournal.com\/es\/wp-content\/uploads\/sites\/4\/2026\/01\/avenida-de-los-volcances-tungurahua.webp?fit=1440%2C961&amp;ssl=1\" data-orig-size=\"1440,961\" data-comments-opened=\"0\" data-image-meta=\"{&quot;aperture&quot;:&quot;0&quot;,&quot;credit&quot;:&quot;&quot;,&quot;camera&quot;:&quot;&quot;,&quot;caption&quot;:&quot;&quot;,&quot;created_timestamp&quot;:&quot;0&quot;,&quot;copyright&quot;:&quot;&quot;,&quot;focal_length&quot;:&quot;0&quot;,&quot;iso&quot;:&quot;0&quot;,&quot;shutter_speed&quot;:&quot;0&quot;,&quot;title&quot;:&quot;&quot;,&quot;orientation&quot;:&quot;0&quot;}\" data-image-title=\"volcan-tungurahua-avenida-volcanes-ecuador-turismo\" data-image-description=\"&lt;p&gt;Fotograf\u00eda de paisaje del Volc\u00e1n Tungurahua al amanecer o atardecer. Se observa la cima con nieve, laderas escarpadas y un mar de nubes que cubre los valles, con vegetaci\u00f3n densa de bosque nublado en primer plano&lt;\/p&gt;\n\" data-image-caption=\"&lt;p&gt;Vista del Volc\u00e1n Tungurahua nevado con nubes bajas y bosque andino exuberante en la Avenida de los Volcanes, Ecuador&lt;\/p&gt;\n\" data-large-file=\"https:\/\/i0.wp.com\/trailforthjournal.com\/es\/wp-content\/uploads\/sites\/4\/2026\/01\/avenida-de-los-volcances-tungurahua.webp?fit=1024%2C683&amp;ssl=1\" width=\"1440\" height=\"961\" src=\"https:\/\/i0.wp.com\/trailforthjournal.com\/es\/wp-content\/uploads\/sites\/4\/2026\/01\/avenida-de-los-volcances-tungurahua.webp?fit=1440%2C961&amp;ssl=1\" class=\"attachment-full size-full wp-image-50444\" alt=\"Vista del Volc\u00e1n Tungurahua nevado con nubes bajas y bosque andino exuberante en la Avenida de los Volcanes, Ecuador\" data-attachment-id=\"50444\" data-permalink=\"https:\/\/trailforthjournal.com\/es\/aventura\/avenida-de-los-volcanes-ecuador\/attachment\/avenida-de-los-volcances-tungurahua\/\" data-orig-file=\"https:\/\/i0.wp.com\/trailforthjournal.com\/es\/wp-content\/uploads\/sites\/4\/2026\/01\/avenida-de-los-volcances-tungurahua.webp?fit=1440%2C961&amp;ssl=1\" data-orig-size=\"1440,961\" data-comments-opened=\"0\" data-image-meta=\"{&quot;aperture&quot;:&quot;0&quot;,&quot;credit&quot;:&quot;&quot;,&quot;camera&quot;:&quot;&quot;,&quot;caption&quot;:&quot;&quot;,&quot;created_timestamp&quot;:&quot;0&quot;,&quot;copyright&quot;:&quot;&quot;,&quot;focal_length&quot;:&quot;0&quot;,&quot;iso&quot;:&quot;0&quot;,&quot;shutter_speed&quot;:&quot;0&quot;,&quot;title&quot;:&quot;&quot;,&quot;orientation&quot;:&quot;0&quot;}\" data-image-title=\"volcan-tungurahua-avenida-volcanes-ecuador-turismo\" data-image-description=\"&lt;p&gt;Fotograf\u00eda de paisaje del Volc\u00e1n Tungurahua al amanecer o atardecer. Se observa la cima con nieve, laderas escarpadas y un mar de nubes que cubre los valles, con vegetaci\u00f3n densa de bosque nublado en primer plano&lt;\/p&gt;\n\" data-image-caption=\"&lt;p&gt;Vista del Volc\u00e1n Tungurahua nevado con nubes bajas y bosque andino exuberante en la Avenida de los Volcanes, Ecuador&lt;\/p&gt;\n\" data-large-file=\"https:\/\/i0.wp.com\/trailforthjournal.com\/es\/wp-content\/uploads\/sites\/4\/2026\/01\/avenida-de-los-volcances-tungurahua.webp?fit=1024%2C683&amp;ssl=1\" srcset=\"https:\/\/i0.wp.com\/trailforthjournal.com\/es\/wp-content\/uploads\/sites\/4\/2026\/01\/avenida-de-los-volcances-tungurahua.webp?w=1440&amp;ssl=1 1440w, https:\/\/i0.wp.com\/trailforthjournal.com\/es\/wp-content\/uploads\/sites\/4\/2026\/01\/avenida-de-los-volcances-tungurahua.webp?resize=300%2C200&amp;ssl=1 300w, https:\/\/i0.wp.com\/trailforthjournal.com\/es\/wp-content\/uploads\/sites\/4\/2026\/01\/avenida-de-los-volcances-tungurahua.webp?resize=1024%2C683&amp;ssl=1 1024w, https:\/\/i0.wp.com\/trailforthjournal.com\/es\/wp-content\/uploads\/sites\/4\/2026\/01\/avenida-de-los-volcances-tungurahua.webp?resize=768%2C513&amp;ssl=1 768w, https:\/\/i0.wp.com\/trailforthjournal.com\/es\/wp-content\/uploads\/sites\/4\/2026\/01\/avenida-de-los-volcances-tungurahua.webp?resize=75%2C50&amp;ssl=1 75w, https:\/\/i0.wp.com\/trailforthjournal.com\/es\/wp-content\/uploads\/sites\/4\/2026\/01\/avenida-de-los-volcances-tungurahua.webp?resize=600%2C400&amp;ssl=1 600w\" sizes=\"(max-width: 1032px) 100vw, 1032px\" \/>\t\t\t\t\t\t<\/div>\n\t\t\t\t\t\t\t\t\t\t\t\t\t<div class=\"premium-blog-thumbnail-overlay\">\n\t\t\t\t\t\t\t\t<a class=\"elementor-icon\" href=\"https:\/\/trailforthjournal.com\/es\/aventura\/avenida-de-los-volcanes-ecuador\/\" target=\"_blank\"><\/a>\n\t\t\t\t\t\t\t<\/div>\n\n\t\t\t\t\t\t\t\t\t\t\t\t\t\t\t\t\t\t<\/div>\n\t\t\t\t\t\t\t\t\t\t\t\t<div class=\"premium-blog-content-wrapper \">\n\n\t\t\t\t\t<div class=\"premium-blog-inner-container\">\n\n\t\t\t\t\t\t\t\t\t\t\t\t\t\t<h1 class=\"premium-blog-entry-title\">\n\t\t\t<a href=\"https:\/\/trailforthjournal.com\/es\/aventura\/avenida-de-los-volcanes-ecuador\/\" target=\"_blank\">\n\t\t\t\tGu\u00eda de la Avenida de los Volcanes en Ecuador: fotograf\u00eda y aventura\t\t\t<\/a>\n\t\t<\/h1>\n\t\t\t\t<div class=\"premium-blog-entry-meta\">\n\t\t\t\n\t\t\t\n\t\t\t\n\t\t\t\t\t<\/div>\n\t\t\n\t\t\t\t\t<\/div>\n\n\t\t\t\t\t\t\t\t\t\t\n\t\t\t\t<\/div>\n\t\t\t<\/div>\n\t\t<\/div>\n\n\t\t\t\t<div class=\"premium-blog-post-outer-container\" data-total=\"2\">\n\t\t\t<div class=\"premium-blog-post-container premium-blog-skin-banner\">\n\t\t\t\t\t\t\t\t\t<div class=\"premium-blog-thumb-effect-wrapper\">\n\t\t\t\t\t\t<div class=\"premium-blog-thumbnail-container premium-blog-zoomin-effect\">\n\t\t\t\t\t\t\t<img loading=\"lazy\" decoding=\"async\" data-attachment-id=\"12969\" data-permalink=\"https:\/\/trailforthjournal.com\/es\/ambiente\/reglas-imba-ciclismo-montana-ecuador\/attachment\/img_3304\/\" data-orig-file=\"https:\/\/i0.wp.com\/trailforthjournal.com\/es\/wp-content\/uploads\/sites\/4\/2022\/08\/IMG_3304.jpg?fit=1920%2C1280&amp;ssl=1\" data-orig-size=\"1920,1280\" data-comments-opened=\"0\" data-image-meta=\"{&quot;aperture&quot;:&quot;0&quot;,&quot;credit&quot;:&quot;&quot;,&quot;camera&quot;:&quot;&quot;,&quot;caption&quot;:&quot;&quot;,&quot;created_timestamp&quot;:&quot;0&quot;,&quot;copyright&quot;:&quot;&quot;,&quot;focal_length&quot;:&quot;0&quot;,&quot;iso&quot;:&quot;0&quot;,&quot;shutter_speed&quot;:&quot;0&quot;,&quot;title&quot;:&quot;&quot;,&quot;orientation&quot;:&quot;1&quot;}\" data-image-title=\"Reglas del camino, IMBA\" data-image-description=\"&lt;p&gt;Reglas del camino, IMBA&lt;\/p&gt;\n\" data-image-caption=\"&lt;p&gt;Reglas del camino, IMBA&lt;\/p&gt;\n\" data-large-file=\"https:\/\/i0.wp.com\/trailforthjournal.com\/es\/wp-content\/uploads\/sites\/4\/2022\/08\/IMG_3304.jpg?fit=1024%2C683&amp;ssl=1\" width=\"1920\" height=\"1280\" src=\"https:\/\/i0.wp.com\/trailforthjournal.com\/es\/wp-content\/uploads\/sites\/4\/2022\/08\/IMG_3304.jpg?fit=1920%2C1280&amp;ssl=1\" class=\"attachment-full size-full wp-image-12969\" alt=\"Reglas del camino, IMBA\" data-attachment-id=\"12969\" data-permalink=\"https:\/\/trailforthjournal.com\/es\/ambiente\/reglas-imba-ciclismo-montana-ecuador\/attachment\/img_3304\/\" data-orig-file=\"https:\/\/i0.wp.com\/trailforthjournal.com\/es\/wp-content\/uploads\/sites\/4\/2022\/08\/IMG_3304.jpg?fit=1920%2C1280&amp;ssl=1\" data-orig-size=\"1920,1280\" data-comments-opened=\"0\" data-image-meta=\"{&quot;aperture&quot;:&quot;0&quot;,&quot;credit&quot;:&quot;&quot;,&quot;camera&quot;:&quot;&quot;,&quot;caption&quot;:&quot;&quot;,&quot;created_timestamp&quot;:&quot;0&quot;,&quot;copyright&quot;:&quot;&quot;,&quot;focal_length&quot;:&quot;0&quot;,&quot;iso&quot;:&quot;0&quot;,&quot;shutter_speed&quot;:&quot;0&quot;,&quot;title&quot;:&quot;&quot;,&quot;orientation&quot;:&quot;1&quot;}\" data-image-title=\"Reglas del camino, IMBA\" data-image-description=\"&lt;p&gt;Reglas del camino, IMBA&lt;\/p&gt;\n\" data-image-caption=\"&lt;p&gt;Reglas del camino, IMBA&lt;\/p&gt;\n\" data-large-file=\"https:\/\/i0.wp.com\/trailforthjournal.com\/es\/wp-content\/uploads\/sites\/4\/2022\/08\/IMG_3304.jpg?fit=1024%2C683&amp;ssl=1\" srcset=\"https:\/\/i0.wp.com\/trailforthjournal.com\/es\/wp-content\/uploads\/sites\/4\/2022\/08\/IMG_3304.jpg?w=1920&amp;ssl=1 1920w, https:\/\/i0.wp.com\/trailforthjournal.com\/es\/wp-content\/uploads\/sites\/4\/2022\/08\/IMG_3304.jpg?resize=300%2C200&amp;ssl=1 300w, https:\/\/i0.wp.com\/trailforthjournal.com\/es\/wp-content\/uploads\/sites\/4\/2022\/08\/IMG_3304.jpg?resize=1024%2C683&amp;ssl=1 1024w, https:\/\/i0.wp.com\/trailforthjournal.com\/es\/wp-content\/uploads\/sites\/4\/2022\/08\/IMG_3304.jpg?resize=768%2C512&amp;ssl=1 768w, https:\/\/i0.wp.com\/trailforthjournal.com\/es\/wp-content\/uploads\/sites\/4\/2022\/08\/IMG_3304.jpg?resize=1536%2C1024&amp;ssl=1 1536w, https:\/\/i0.wp.com\/trailforthjournal.com\/es\/wp-content\/uploads\/sites\/4\/2022\/08\/IMG_3304.jpg?resize=225%2C150&amp;ssl=1 225w\" sizes=\"(max-width: 1032px) 100vw, 1032px\" \/>\t\t\t\t\t\t<\/div>\n\t\t\t\t\t\t\t\t\t\t\t\t\t<div class=\"premium-blog-thumbnail-overlay\">\n\t\t\t\t\t\t\t\t<a class=\"elementor-icon\" href=\"https:\/\/trailforthjournal.com\/es\/ambiente\/reglas-imba-ciclismo-montana-ecuador\/\" target=\"_blank\"><\/a>\n\t\t\t\t\t\t\t<\/div>\n\n\t\t\t\t\t\t\t\t\t\t\t\t\t\t\t\t\t\t<\/div>\n\t\t\t\t\t\t\t\t\t\t\t\t<div class=\"premium-blog-content-wrapper \">\n\n\t\t\t\t\t<div class=\"premium-blog-inner-container\">\n\n\t\t\t\t\t\t\t\t\t\t\t\t\t\t<h1 class=\"premium-blog-entry-title\">\n\t\t\t<a href=\"https:\/\/trailforthjournal.com\/es\/ambiente\/reglas-imba-ciclismo-montana-ecuador\/\" target=\"_blank\">\n\t\t\t\tReglas IMBA en Ecuador: La Gu\u00eda \u00c9tica del Ciclismo de Monta\u00f1a Responsable\t\t\t<\/a>\n\t\t<\/h1>\n\t\t\t\t<div class=\"premium-blog-entry-meta\">\n\t\t\t\n\t\t\t\n\t\t\t\n\t\t\t\t\t<\/div>\n\t\t\n\t\t\t\t\t<\/div>\n\n\t\t\t\t\t\t\t\t\t\t\n\t\t\t\t<\/div>\n\t\t\t<\/div>\n\t\t<\/div>\n\n\t\t\t\t<div class=\"premium-blog-post-outer-container\" data-total=\"2\">\n\t\t\t<div class=\"premium-blog-post-container premium-blog-skin-banner\">\n\t\t\t\t\t\t\t\t\t<div class=\"premium-blog-thumb-effect-wrapper\">\n\t\t\t\t\t\t<div class=\"premium-blog-thumbnail-container premium-blog-zoomin-effect\">\n\t\t\t\t\t\t\t<img loading=\"lazy\" decoding=\"async\" data-attachment-id=\"50259\" data-permalink=\"https:\/\/trailforthjournal.com\/es\/ambiente\/guia-playas-ecuador\/attachment\/playas-de-ecuador\/\" data-orig-file=\"https:\/\/i0.wp.com\/trailforthjournal.com\/es\/wp-content\/uploads\/sites\/4\/2022\/11\/playas-de-ecuador.jpg?fit=1920%2C1440&amp;ssl=1\" data-orig-size=\"1920,1440\" data-comments-opened=\"0\" data-image-meta=\"{&quot;aperture&quot;:&quot;0&quot;,&quot;credit&quot;:&quot;&quot;,&quot;camera&quot;:&quot;&quot;,&quot;caption&quot;:&quot;&quot;,&quot;created_timestamp&quot;:&quot;0&quot;,&quot;copyright&quot;:&quot;&quot;,&quot;focal_length&quot;:&quot;0&quot;,&quot;iso&quot;:&quot;0&quot;,&quot;shutter_speed&quot;:&quot;0&quot;,&quot;title&quot;:&quot;&quot;,&quot;orientation&quot;:&quot;0&quot;}\" data-image-title=\"playas-de-ecuador\" data-image-description=\"\" data-image-caption=\"\" data-large-file=\"https:\/\/i0.wp.com\/trailforthjournal.com\/es\/wp-content\/uploads\/sites\/4\/2022\/11\/playas-de-ecuador.jpg?fit=1024%2C768&amp;ssl=1\" width=\"1920\" height=\"1440\" src=\"https:\/\/i0.wp.com\/trailforthjournal.com\/es\/wp-content\/uploads\/sites\/4\/2022\/11\/playas-de-ecuador.jpg?fit=1920%2C1440&amp;ssl=1\" class=\"attachment-full size-full wp-image-50259\" alt=\"\" data-attachment-id=\"50259\" data-permalink=\"https:\/\/trailforthjournal.com\/es\/ambiente\/guia-playas-ecuador\/attachment\/playas-de-ecuador\/\" data-orig-file=\"https:\/\/i0.wp.com\/trailforthjournal.com\/es\/wp-content\/uploads\/sites\/4\/2022\/11\/playas-de-ecuador.jpg?fit=1920%2C1440&amp;ssl=1\" data-orig-size=\"1920,1440\" data-comments-opened=\"0\" data-image-meta=\"{&quot;aperture&quot;:&quot;0&quot;,&quot;credit&quot;:&quot;&quot;,&quot;camera&quot;:&quot;&quot;,&quot;caption&quot;:&quot;&quot;,&quot;created_timestamp&quot;:&quot;0&quot;,&quot;copyright&quot;:&quot;&quot;,&quot;focal_length&quot;:&quot;0&quot;,&quot;iso&quot;:&quot;0&quot;,&quot;shutter_speed&quot;:&quot;0&quot;,&quot;title&quot;:&quot;&quot;,&quot;orientation&quot;:&quot;0&quot;}\" data-image-title=\"playas-de-ecuador\" data-image-description=\"\" data-image-caption=\"\" data-large-file=\"https:\/\/i0.wp.com\/trailforthjournal.com\/es\/wp-content\/uploads\/sites\/4\/2022\/11\/playas-de-ecuador.jpg?fit=1024%2C768&amp;ssl=1\" srcset=\"https:\/\/i0.wp.com\/trailforthjournal.com\/es\/wp-content\/uploads\/sites\/4\/2022\/11\/playas-de-ecuador.jpg?w=1920&amp;ssl=1 1920w, https:\/\/i0.wp.com\/trailforthjournal.com\/es\/wp-content\/uploads\/sites\/4\/2022\/11\/playas-de-ecuador.jpg?resize=300%2C225&amp;ssl=1 300w, https:\/\/i0.wp.com\/trailforthjournal.com\/es\/wp-content\/uploads\/sites\/4\/2022\/11\/playas-de-ecuador.jpg?resize=1024%2C768&amp;ssl=1 1024w, https:\/\/i0.wp.com\/trailforthjournal.com\/es\/wp-content\/uploads\/sites\/4\/2022\/11\/playas-de-ecuador.jpg?resize=768%2C576&amp;ssl=1 768w, https:\/\/i0.wp.com\/trailforthjournal.com\/es\/wp-content\/uploads\/sites\/4\/2022\/11\/playas-de-ecuador.jpg?resize=1536%2C1152&amp;ssl=1 1536w, https:\/\/i0.wp.com\/trailforthjournal.com\/es\/wp-content\/uploads\/sites\/4\/2022\/11\/playas-de-ecuador.jpg?resize=67%2C50&amp;ssl=1 67w, https:\/\/i0.wp.com\/trailforthjournal.com\/es\/wp-content\/uploads\/sites\/4\/2022\/11\/playas-de-ecuador.jpg?resize=600%2C450&amp;ssl=1 600w\" sizes=\"(max-width: 1032px) 100vw, 1032px\" \/>\t\t\t\t\t\t<\/div>\n\t\t\t\t\t\t\t\t\t\t\t\t\t<div class=\"premium-blog-thumbnail-overlay\">\n\t\t\t\t\t\t\t\t<a class=\"elementor-icon\" href=\"https:\/\/trailforthjournal.com\/es\/ambiente\/guia-playas-ecuador\/\" target=\"_blank\"><\/a>\n\t\t\t\t\t\t\t<\/div>\n\n\t\t\t\t\t\t\t\t\t\t\t\t\t\t\t\t\t\t<\/div>\n\t\t\t\t\t\t\t\t\t\t\t\t<div class=\"premium-blog-content-wrapper \">\n\n\t\t\t\t\t<div class=\"premium-blog-inner-container\">\n\n\t\t\t\t\t\t\t\t\t\t\t\t\t\t<h1 class=\"premium-blog-entry-title\">\n\t\t\t<a href=\"https:\/\/trailforthjournal.com\/es\/ambiente\/guia-playas-ecuador\/\" target=\"_blank\">\n\t\t\t\tGu\u00eda de las Mejores Playas de Ecuador: Un Recorrido por su Entorno Natural\t\t\t<\/a>\n\t\t<\/h1>\n\t\t\t\t<div class=\"premium-blog-entry-meta\">\n\t\t\t\n\t\t\t\n\t\t\t\n\t\t\t\t\t<\/div>\n\t\t\n\t\t\t\t\t<\/div>\n\n\t\t\t\t\t\t\t\t\t\t\n\t\t\t\t<\/div>\n\t\t\t<\/div>\n\t\t<\/div>\n\n\t\t\t\t\t\t\t<\/div>\n\n\t\t\n\t\t\n\t\t\t\t\t\t<\/div>\n\t\t\t\t<\/div>\n\t\t\t\t\t<\/div>\n\t\t<\/div>\n\t\t\t\t\t<\/div>\n\t\t<\/section>\n\t\t\t\t<\/div>\n\t\t","protected":false},"excerpt":{"rendered":"<p>Recorrer la bas\u00edlica menor de la Merced bajo sus arcadas ojivales, es remontarse a los tiempos del g\u00f3tico. Estilo en el cual se erigieron imponentes catedrales del medioevo.<\/p>\n","protected":false},"author":1,"featured_media":27102,"comment_status":"closed","ping_status":"closed","sticky":false,"template":"elementor_header_footer","format":"standard","meta":{"_acf_changed":false,"jetpack_post_was_ever_published":false,"_jetpack_newsletter_access":"","_jetpack_dont_email_post_to_subs":false,"_jetpack_newsletter_tier_id":0,"_jetpack_memberships_contains_paywalled_content":false,"_jetpack_memberships_contains_paid_content":false,"footnotes":""},"categories":[18,32],"tags":[20,179],"class_list":["post-26938","post","type-post","status-publish","format-standard","has-post-thumbnail","hentry","category-cultura","category-lugar-emblematico","tag-costa","tag-santiago-de-guayaquil"],"acf":[],"yoast_head":"<!-- This site is optimized with the Yoast SEO Premium plugin v22.0 (Yoast SEO v27.5) - https:\/\/yoast.com\/product\/yoast-seo-premium-wordpress\/ -->\n<title>Bas\u00edlica de la Merced de Guayaquil: arquitectura neog\u00f3tica y patrimonio hist\u00f3rico<\/title>\n<meta name=\"description\" content=\"Visitar la bas\u00edlica de la Merced, es remontarse a los tiempos del g\u00f3tico. Estilo en el cual se erigieron imponentes catedrales del medioevo.\" \/>\n<meta name=\"robots\" content=\"index, follow, max-snippet:-1, max-image-preview:large, max-video-preview:-1\" \/>\n<link rel=\"canonical\" href=\"https:\/\/trailforthjournal.com\/es\/cultura\/basilica-la-merced-guayaquil\/\" \/>\n<meta property=\"og:locale\" content=\"es_ES\" \/>\n<meta property=\"og:type\" content=\"article\" \/>\n<meta property=\"og:title\" content=\"Bas\u00edlica de la Merced en Guayaquil\" \/>\n<meta property=\"og:description\" content=\"Recorrer la bas\u00edlica menor de la Merced bajo sus arcadas ojivales, es remontarse a los tiempos del g\u00f3tico. Estilo en el cual se erigieron imponentes catedrales del medioevo.\" \/>\n<meta property=\"og:url\" content=\"https:\/\/trailforthjournal.com\/es\/cultura\/basilica-la-merced-guayaquil\/\" \/>\n<meta property=\"og:site_name\" content=\"Trail Forth Journal\" \/>\n<meta property=\"article:publisher\" content=\"https:\/\/www.facebook.com\/trailforth\" \/>\n<meta property=\"article:published_time\" content=\"2023-10-28T21:16:24+00:00\" \/>\n<meta property=\"article:modified_time\" content=\"2026-04-24T03:47:59+00:00\" \/>\n<meta property=\"og:image\" content=\"https:\/\/trailforthjournal.com\/es\/wp-content\/uploads\/sites\/4\/2023\/10\/DJI_0009-2-scaled.jpg\" \/>\n\t<meta property=\"og:image:width\" content=\"2560\" \/>\n\t<meta property=\"og:image:height\" content=\"1438\" \/>\n\t<meta property=\"og:image:type\" content=\"image\/jpeg\" \/>\n<meta name=\"author\" content=\"jairocabrera\" \/>\n<meta name=\"twitter:card\" content=\"summary_large_image\" \/>\n<meta name=\"twitter:title\" content=\"Bas\u00edlica de La Merced en Guayaquil\" \/>\n<meta name=\"twitter:description\" content=\"Recorrer la bas\u00edlica menor de la Merced bajo sus arcadas ojivales, es remontarse a los tiempos del g\u00f3tico. Estilo en el cual se erigieron imponentes catedrales del medioevo.\" \/>\n<meta name=\"twitter:image\" content=\"https:\/\/i0.wp.com\/trailforthjournal.com\/es\/wp-content\/uploads\/sites\/4\/2023\/10\/DJI_0009-2-scaled.jpg?fit=2560%2C1438&ssl=1\" \/>\n<meta name=\"twitter:creator\" content=\"@trailforth\" \/>\n<meta name=\"twitter:site\" content=\"@trailforth\" \/>\n<meta name=\"twitter:label1\" content=\"Escrito por\" \/>\n\t<meta name=\"twitter:data1\" content=\"jairocabrera\" \/>\n\t<meta name=\"twitter:label2\" content=\"Tiempo de lectura\" \/>\n\t<meta name=\"twitter:data2\" content=\"11 minutos\" \/>\n<!-- \/ Yoast SEO Premium plugin. -->","yoast_head_json":{"title":"Bas\u00edlica de la Merced de Guayaquil: arquitectura neog\u00f3tica y patrimonio hist\u00f3rico","description":"Visitar la bas\u00edlica de la Merced, es remontarse a los tiempos del g\u00f3tico. Estilo en el cual se erigieron imponentes catedrales del medioevo.","robots":{"index":"index","follow":"follow","max-snippet":"max-snippet:-1","max-image-preview":"max-image-preview:large","max-video-preview":"max-video-preview:-1"},"canonical":"https:\/\/trailforthjournal.com\/es\/cultura\/basilica-la-merced-guayaquil\/","og_locale":"es_ES","og_type":"article","og_title":"Bas\u00edlica de la Merced en Guayaquil","og_description":"Recorrer la bas\u00edlica menor de la Merced bajo sus arcadas ojivales, es remontarse a los tiempos del g\u00f3tico. Estilo en el cual se erigieron imponentes catedrales del medioevo.","og_url":"https:\/\/trailforthjournal.com\/es\/cultura\/basilica-la-merced-guayaquil\/","og_site_name":"Trail Forth Journal","article_publisher":"https:\/\/www.facebook.com\/trailforth","article_published_time":"2023-10-28T21:16:24+00:00","article_modified_time":"2026-04-24T03:47:59+00:00","og_image":[{"width":2560,"height":1438,"url":"https:\/\/trailforthjournal.com\/es\/wp-content\/uploads\/sites\/4\/2023\/10\/DJI_0009-2-scaled.jpg","type":"image\/jpeg"}],"author":"jairocabrera","twitter_card":"summary_large_image","twitter_title":"Bas\u00edlica de La Merced en Guayaquil","twitter_description":"Recorrer la bas\u00edlica menor de la Merced bajo sus arcadas ojivales, es remontarse a los tiempos del g\u00f3tico. Estilo en el cual se erigieron imponentes catedrales del medioevo.","twitter_image":"https:\/\/i0.wp.com\/trailforthjournal.com\/es\/wp-content\/uploads\/sites\/4\/2023\/10\/DJI_0009-2-scaled.jpg?fit=2560%2C1438&ssl=1","twitter_creator":"@trailforth","twitter_site":"@trailforth","twitter_misc":{"Escrito por":"jairocabrera","Tiempo de lectura":"11 minutos"},"schema":{"@context":"https:\/\/schema.org","@graph":[{"@type":"Article","@id":"https:\/\/trailforthjournal.com\/es\/cultura\/basilica-la-merced-guayaquil\/#article","isPartOf":{"@id":"https:\/\/trailforthjournal.com\/es\/cultura\/basilica-la-merced-guayaquil\/"},"author":{"name":"jairocabrera","@id":"https:\/\/trailforthjournal.com\/es\/#\/schema\/person\/c38e1195d2fbb77206faaef3a81d4dad"},"headline":"Bas\u00edlica de la Merced de Guayaquil: arquitectura neog\u00f3tica y patrimonio hist\u00f3rico","datePublished":"2023-10-28T21:16:24+00:00","dateModified":"2026-04-24T03:47:59+00:00","mainEntityOfPage":{"@id":"https:\/\/trailforthjournal.com\/es\/cultura\/basilica-la-merced-guayaquil\/"},"wordCount":1331,"publisher":{"@id":"https:\/\/trailforthjournal.com\/es\/#organization"},"image":{"@id":"https:\/\/trailforthjournal.com\/es\/cultura\/basilica-la-merced-guayaquil\/#primaryimage"},"thumbnailUrl":"https:\/\/i0.wp.com\/trailforthjournal.com\/es\/wp-content\/uploads\/sites\/4\/2023\/10\/DJI_0009-2-scaled.jpg?fit=2560%2C1438&ssl=1","keywords":["Costa","Santiago de Guayaquil"],"articleSection":["Cultura","Lugar Emblem\u00e1tico"],"inLanguage":"es"},{"@type":"WebPage","@id":"https:\/\/trailforthjournal.com\/es\/cultura\/basilica-la-merced-guayaquil\/","url":"https:\/\/trailforthjournal.com\/es\/cultura\/basilica-la-merced-guayaquil\/","name":"Bas\u00edlica de la Merced de Guayaquil: arquitectura neog\u00f3tica y patrimonio hist\u00f3rico","isPartOf":{"@id":"https:\/\/trailforthjournal.com\/es\/#website"},"primaryImageOfPage":{"@id":"https:\/\/trailforthjournal.com\/es\/cultura\/basilica-la-merced-guayaquil\/#primaryimage"},"image":{"@id":"https:\/\/trailforthjournal.com\/es\/cultura\/basilica-la-merced-guayaquil\/#primaryimage"},"thumbnailUrl":"https:\/\/i0.wp.com\/trailforthjournal.com\/es\/wp-content\/uploads\/sites\/4\/2023\/10\/DJI_0009-2-scaled.jpg?fit=2560%2C1438&ssl=1","datePublished":"2023-10-28T21:16:24+00:00","dateModified":"2026-04-24T03:47:59+00:00","description":"Visitar la bas\u00edlica de la Merced, es remontarse a los tiempos del g\u00f3tico. Estilo en el cual se erigieron imponentes catedrales del medioevo.","breadcrumb":{"@id":"https:\/\/trailforthjournal.com\/es\/cultura\/basilica-la-merced-guayaquil\/#breadcrumb"},"inLanguage":"es","potentialAction":[{"@type":"ReadAction","target":["https:\/\/trailforthjournal.com\/es\/cultura\/basilica-la-merced-guayaquil\/"]}]},{"@type":"ImageObject","inLanguage":"es","@id":"https:\/\/trailforthjournal.com\/es\/cultura\/basilica-la-merced-guayaquil\/#primaryimage","url":"https:\/\/i0.wp.com\/trailforthjournal.com\/es\/wp-content\/uploads\/sites\/4\/2023\/10\/DJI_0009-2-scaled.jpg?fit=2560%2C1438&ssl=1","contentUrl":"https:\/\/i0.wp.com\/trailforthjournal.com\/es\/wp-content\/uploads\/sites\/4\/2023\/10\/DJI_0009-2-scaled.jpg?fit=2560%2C1438&ssl=1","width":2560,"height":1438,"caption":"Vista a\u00e9rea de la Bas\u00edlica de La Merced"},{"@type":"BreadcrumbList","@id":"https:\/\/trailforthjournal.com\/es\/cultura\/basilica-la-merced-guayaquil\/#breadcrumb","itemListElement":[{"@type":"ListItem","position":1,"name":"Portada","item":"https:\/\/trailforthjournal.com\/es\/"},{"@type":"ListItem","position":2,"name":"Bas\u00edlica de la Merced de Guayaquil: arquitectura neog\u00f3tica y patrimonio hist\u00f3rico"}]},{"@type":"WebSite","@id":"https:\/\/trailforthjournal.com\/es\/#website","url":"https:\/\/trailforthjournal.com\/es\/","name":"Trail Forth Journal","description":"Make Life a Journey","publisher":{"@id":"https:\/\/trailforthjournal.com\/es\/#organization"},"alternateName":"Trail Forth Journal Espa\u00f1ol","potentialAction":[{"@type":"SearchAction","target":{"@type":"EntryPoint","urlTemplate":"https:\/\/trailforthjournal.com\/es\/?s={search_term_string}"},"query-input":{"@type":"PropertyValueSpecification","valueRequired":true,"valueName":"search_term_string"}}],"inLanguage":"es"},{"@type":["Organization","Place"],"@id":"https:\/\/trailforthjournal.com\/es\/#organization","name":"Trail Forth Journal","alternateName":"Trail Forth Journal Espa\u00f1ol","url":"https:\/\/trailforthjournal.com\/es\/","logo":{"@type":"ImageObject","inLanguage":"es","@id":"https:\/\/trailforthjournal.com\/es\/#\/schema\/logo\/image\/","url":"https:\/\/trailforthjournal.com\/es\/wp-content\/uploads\/sites\/4\/2022\/01\/Trail-Forth-Journal-PNG.png","contentUrl":"https:\/\/trailforthjournal.com\/es\/wp-content\/uploads\/sites\/4\/2022\/01\/Trail-Forth-Journal-PNG.png","width":2629,"height":2629,"caption":"Trail Forth Journal"},"image":{"@id":"https:\/\/trailforthjournal.com\/es\/#\/schema\/logo\/image\/"},"sameAs":["https:\/\/www.facebook.com\/trailforth","https:\/\/x.com\/trailforth","https:\/\/www.instagram.com\/trailforth\/"],"mainEntityOfPage":{"@id":"https:\/\/trailforthjournal.com\/es\/cultura\/basilica-la-merced-guayaquil\/"}},{"@type":"Person","@id":"https:\/\/trailforthjournal.com\/es\/#\/schema\/person\/c38e1195d2fbb77206faaef3a81d4dad","name":"jairocabrera","image":{"@type":"ImageObject","inLanguage":"es","@id":"https:\/\/secure.gravatar.com\/avatar\/56722a61efc14e69ef47b9fbbb54f81138a4e882a78e644b52a4d66d41edcfc5?s=96&d=mm&r=g","url":"https:\/\/secure.gravatar.com\/avatar\/56722a61efc14e69ef47b9fbbb54f81138a4e882a78e644b52a4d66d41edcfc5?s=96&d=mm&r=g","contentUrl":"https:\/\/secure.gravatar.com\/avatar\/56722a61efc14e69ef47b9fbbb54f81138a4e882a78e644b52a4d66d41edcfc5?s=96&d=mm&r=g","caption":"jairocabrera"},"sameAs":["http:\/\/trailforthjournal.com"]}]}},"jetpack_featured_media_url":"https:\/\/i0.wp.com\/trailforthjournal.com\/es\/wp-content\/uploads\/sites\/4\/2023\/10\/DJI_0009-2-scaled.jpg?fit=2560%2C1438&ssl=1","jetpack_shortlink":"https:\/\/wp.me\/pdrACa-70u","jetpack_sharing_enabled":true,"_links":{"self":[{"href":"https:\/\/trailforthjournal.com\/es\/wp-json\/wp\/v2\/posts\/26938","targetHints":{"allow":["GET"]}}],"collection":[{"href":"https:\/\/trailforthjournal.com\/es\/wp-json\/wp\/v2\/posts"}],"about":[{"href":"https:\/\/trailforthjournal.com\/es\/wp-json\/wp\/v2\/types\/post"}],"author":[{"embeddable":true,"href":"https:\/\/trailforthjournal.com\/es\/wp-json\/wp\/v2\/users\/1"}],"replies":[{"embeddable":true,"href":"https:\/\/trailforthjournal.com\/es\/wp-json\/wp\/v2\/comments?post=26938"}],"version-history":[{"count":0,"href":"https:\/\/trailforthjournal.com\/es\/wp-json\/wp\/v2\/posts\/26938\/revisions"}],"wp:featuredmedia":[{"embeddable":true,"href":"https:\/\/trailforthjournal.com\/es\/wp-json\/wp\/v2\/media\/27102"}],"wp:attachment":[{"href":"https:\/\/trailforthjournal.com\/es\/wp-json\/wp\/v2\/media?parent=26938"}],"wp:term":[{"taxonomy":"category","embeddable":true,"href":"https:\/\/trailforthjournal.com\/es\/wp-json\/wp\/v2\/categories?post=26938"},{"taxonomy":"post_tag","embeddable":true,"href":"https:\/\/trailforthjournal.com\/es\/wp-json\/wp\/v2\/tags?post=26938"}],"curies":[{"name":"wp","href":"https:\/\/api.w.org\/{rel}","templated":true}]}}