{"id":13829,"date":"2022-10-22T11:26:47","date_gmt":"2022-10-22T16:26:47","guid":{"rendered":"https:\/\/trailforthjournal.com\/es\/?p=13829"},"modified":"2026-01-11T10:36:47","modified_gmt":"2026-01-11T15:36:47","slug":"importancia-del-turismo-ecuador","status":"publish","type":"post","link":"https:\/\/trailforthjournal.com\/es\/cultura\/importancia-del-turismo-ecuador\/","title":{"rendered":"La importancia del Turismo para Ecuador: Motor de la Econom\u00eda y el Desarrollo Sostenible"},"content":{"rendered":"\t\t<div data-elementor-type=\"wp-post\" data-elementor-id=\"13829\" class=\"elementor elementor-13829\" data-elementor-post-type=\"post\">\n\t\t\t\t\t\t<section class=\"elementor-section elementor-top-section elementor-element elementor-element-8d5e4ef elementor-section-full_width elementor-section-height-default elementor-section-height-default wpr-particle-no wpr-jarallax-no wpr-parallax-no wpr-sticky-section-no wpr-equal-height-no\" data-id=\"8d5e4ef\" data-element_type=\"section\" data-e-type=\"section\">\n\t\t\t\t\t\t<div class=\"elementor-container elementor-column-gap-no\">\n\t\t\t\t\t<div class=\"elementor-column elementor-col-100 elementor-top-column elementor-element elementor-element-8b19804\" data-id=\"8b19804\" data-element_type=\"column\" data-e-type=\"column\">\n\t\t\t<div class=\"elementor-widget-wrap elementor-element-populated\">\n\t\t\t\t\t\t<div class=\"elementor-element elementor-element-983c373 elementor-widget elementor-widget-shortcode\" data-id=\"983c373\" data-element_type=\"widget\" data-e-type=\"widget\" data-widget_type=\"shortcode.default\">\n\t\t\t\t<div class=\"elementor-widget-container\">\n\t\t\t\t\t\t\t<div class=\"elementor-shortcode\">You do not have permission to view this post.<\/div>\n\t\t\t\t\t\t<\/div>\n\t\t\t\t<\/div>\n\t\t\t\t\t<\/div>\n\t\t<\/div>\n\t\t\t\t\t<\/div>\n\t\t<\/section>\n\t\t\t\t<section class=\"elementor-section elementor-top-section elementor-element elementor-element-b9dad7f elementor-section-boxed elementor-section-height-default elementor-section-height-default wpr-particle-no wpr-jarallax-no wpr-parallax-no wpr-sticky-section-no wpr-equal-height-no\" data-id=\"b9dad7f\" data-element_type=\"section\" data-e-type=\"section\">\n\t\t\t\t\t\t<div class=\"elementor-container elementor-column-gap-default\">\n\t\t\t\t\t<div class=\"elementor-column elementor-col-100 elementor-top-column elementor-element elementor-element-9831a3d\" data-id=\"9831a3d\" data-element_type=\"column\" data-e-type=\"column\">\n\t\t\t<div class=\"elementor-widget-wrap elementor-element-populated\">\n\t\t\t\t\t\t<div class=\"elementor-element elementor-element-44b5a0c elementor-widget elementor-widget-spacer\" data-id=\"44b5a0c\" data-element_type=\"widget\" data-e-type=\"widget\" data-widget_type=\"spacer.default\">\n\t\t\t\t<div class=\"elementor-widget-container\">\n\t\t\t\t\t\t\t<div class=\"elementor-spacer\">\n\t\t\t<div class=\"elementor-spacer-inner\"><\/div>\n\t\t<\/div>\n\t\t\t\t\t\t<\/div>\n\t\t\t\t<\/div>\n\t\t\t\t\t<\/div>\n\t\t<\/div>\n\t\t\t\t\t<\/div>\n\t\t<\/section>\n\t\t\t\t<section class=\"elementor-section elementor-top-section elementor-element elementor-element-f9bd6f6 elementor-section-boxed elementor-section-height-default elementor-section-height-default wpr-particle-no wpr-jarallax-no wpr-parallax-no wpr-sticky-section-no wpr-equal-height-no\" data-id=\"f9bd6f6\" data-element_type=\"section\" data-e-type=\"section\">\n\t\t\t\t\t\t<div class=\"elementor-container elementor-column-gap-default\">\n\t\t\t\t\t<div class=\"elementor-column elementor-col-100 elementor-top-column elementor-element elementor-element-94a3b7d\" data-id=\"94a3b7d\" data-element_type=\"column\" data-e-type=\"column\">\n\t\t\t<div class=\"elementor-widget-wrap elementor-element-populated\">\n\t\t\t\t\t\t<div class=\"elementor-element elementor-element-154d94f pa-icon-pos-after premium-lq__none elementor-widget elementor-widget-premium-addon-button\" data-id=\"154d94f\" data-element_type=\"widget\" data-e-type=\"widget\" data-widget_type=\"premium-addon-button.default\">\n\t\t\t\t<div class=\"elementor-widget-container\">\n\t\t\t\t\t\n\n\t\t<a class=\"premium-button premium-button-style6 premium-btn-sm premium-button-style6\" href=\"https:\/\/trailforthjournal.com\/en\/?p=4453\">\n\t\t\t<div class=\"premium-button-text-icon-wrapper\">\n\t\t\t\t\n\t\t\t\t\t\t\t\t\t\t\t\t\t\t\t\t\t\t<svg class=\"svg-inline--fas-fa-chevron-right premium-drawable-icon premium-svg-nodraw\" aria-hidden='true' xmlns='http:\/\/www.w3.org\/2000\/svg' viewBox='0 0 320 512'><path d=\"M285.476 272.971L91.132 467.314c-9.373 9.373-24.569 9.373-33.941 0l-22.667-22.667c-9.357-9.357-9.375-24.522-.04-33.901L188.505 256 34.484 101.255c-9.335-9.379-9.317-24.544.04-33.901l22.667-22.667c9.373-9.373 24.569-9.373 33.941 0L285.475 239.03c9.373 9.372 9.373 24.568.001 33.941z\"><\/path><\/svg>\t\t\t\t\t\t\t\t\t\t\t\t\t\t\t\n\t\t\t\t\t\t\t\t\t<span >\n\t\t\t\t\t\tEnglish\t\t\t\t\t<\/span>\n\t\t\t\t\t\t\t<\/div>\n\n\t\t\t\n\t\t\t\n\t\t\t\n\t\t<\/a>\n\n\n\t\t\t\t\t\t<\/div>\n\t\t\t\t<\/div>\n\t\t\t\t\t<\/div>\n\t\t<\/div>\n\t\t\t\t\t<\/div>\n\t\t<\/section>\n\t\t\t\t<section class=\"elementor-section elementor-top-section elementor-element elementor-element-8b7b26a elementor-section-boxed elementor-section-height-default elementor-section-height-default wpr-particle-no wpr-jarallax-no wpr-parallax-no wpr-sticky-section-no wpr-equal-height-no\" data-id=\"8b7b26a\" data-element_type=\"section\" data-e-type=\"section\">\n\t\t\t\t\t\t<div class=\"elementor-container elementor-column-gap-default\">\n\t\t\t\t\t<div class=\"elementor-column elementor-col-100 elementor-top-column elementor-element elementor-element-216cadd\" data-id=\"216cadd\" data-element_type=\"column\" data-e-type=\"column\">\n\t\t\t<div class=\"elementor-widget-wrap elementor-element-populated\">\n\t\t\t\t\t\t<div class=\"elementor-element elementor-element-307e3b3 elementor-widget elementor-widget-spacer\" data-id=\"307e3b3\" data-element_type=\"widget\" data-e-type=\"widget\" data-widget_type=\"spacer.default\">\n\t\t\t\t<div class=\"elementor-widget-container\">\n\t\t\t\t\t\t\t<div class=\"elementor-spacer\">\n\t\t\t<div class=\"elementor-spacer-inner\"><\/div>\n\t\t<\/div>\n\t\t\t\t\t\t<\/div>\n\t\t\t\t<\/div>\n\t\t\t\t\t<\/div>\n\t\t<\/div>\n\t\t\t\t\t<\/div>\n\t\t<\/section>\n\t\t\t\t<section class=\"elementor-section elementor-top-section elementor-element elementor-element-8b950d9 elementor-section-boxed elementor-section-height-default elementor-section-height-default wpr-particle-no wpr-jarallax-no wpr-parallax-no wpr-sticky-section-no wpr-equal-height-no\" data-id=\"8b950d9\" data-element_type=\"section\" data-e-type=\"section\">\n\t\t\t\t\t\t<div class=\"elementor-container elementor-column-gap-default\">\n\t\t\t\t\t<div class=\"elementor-column elementor-col-50 elementor-top-column elementor-element elementor-element-e3f4623\" data-id=\"e3f4623\" data-element_type=\"column\" data-e-type=\"column\">\n\t\t\t<div class=\"elementor-widget-wrap elementor-element-populated\">\n\t\t\t\t\t\t<div class=\"elementor-element elementor-element-10c2b8f elementor-widget elementor-widget-heading\" data-id=\"10c2b8f\" data-element_type=\"widget\" data-e-type=\"widget\" data-widget_type=\"heading.default\">\n\t\t\t\t<div class=\"elementor-widget-container\">\n\t\t\t\t\t<h1 class=\"elementor-heading-title elementor-size-default\">La importancia del turismo en Ecuador, tiene una relevancia econ\u00f3mica, social y cultural y ambiental.<\/h1>\t\t\t\t<\/div>\n\t\t\t\t<\/div>\n\t\t\t\t<div class=\"elementor-element elementor-element-496670d elementor-widget elementor-widget-text-editor\" data-id=\"496670d\" data-element_type=\"widget\" data-e-type=\"widget\" data-widget_type=\"text-editor.default\">\n\t\t\t\t<div class=\"elementor-widget-container\">\n\t\t\t\t\t\t\t\t\t<p>Texto: Jairo Cabrera \/ Fotos: Mark Horrell, William Bolton.<\/p>\t\t\t\t\t\t\t\t<\/div>\n\t\t\t\t<\/div>\n\t\t\t\t<div class=\"elementor-element elementor-element-26f27fe envato-kit-138-bracket elementor-widget elementor-widget-heading\" data-id=\"26f27fe\" data-element_type=\"widget\" data-e-type=\"widget\" data-widget_type=\"heading.default\">\n\t\t\t\t<div class=\"elementor-widget-container\">\n\t\t\t\t\t<h3 class=\"elementor-heading-title elementor-size-default\">\"Nuestro sector les da la oportunidad de ganarse la vida. Y de ganar no solo un salario, sino tambi\u00e9n dignidad e igualdad. Los empleos del turismo empoderan tambi\u00e9n a las personas y les brindan una oportunidad de encontrar su lugar en sus propias sociedades, a menudo por vez primera.\"<\/h3>\t\t\t\t<\/div>\n\t\t\t\t<\/div>\n\t\t\t\t<div class=\"elementor-element elementor-element-1b3ca95 elementor-widget elementor-widget-text-editor\" data-id=\"1b3ca95\" data-element_type=\"widget\" data-e-type=\"widget\" data-widget_type=\"text-editor.default\">\n\t\t\t\t<div class=\"elementor-widget-container\">\n\t\t\t\t\t\t\t\t\t<p><em>Mr. Zurab Pololikashvili.<\/em><\/p>\t\t\t\t\t\t\t\t<\/div>\n\t\t\t\t<\/div>\n\t\t\t\t<div class=\"elementor-element elementor-element-c050ecc elementor-widget elementor-widget-text-editor\" data-id=\"c050ecc\" data-element_type=\"widget\" data-e-type=\"widget\" data-widget_type=\"text-editor.default\">\n\t\t\t\t<div class=\"elementor-widget-container\">\n\t\t\t\t\t\t\t\t\t<p><strong>Secretario General de la Organizaci\u00f3n Mundial del Turismo<\/strong>\u00a0(OMT)<\/p>\t\t\t\t\t\t\t\t<\/div>\n\t\t\t\t<\/div>\n\t\t\t\t<div class=\"elementor-element elementor-element-7fb7c033 elementor-widget-divider--view-line elementor-widget elementor-widget-divider\" data-id=\"7fb7c033\" data-element_type=\"widget\" data-e-type=\"widget\" data-widget_type=\"divider.default\">\n\t\t\t\t<div class=\"elementor-widget-container\">\n\t\t\t\t\t\t\t<div class=\"elementor-divider\">\n\t\t\t<span class=\"elementor-divider-separator\">\n\t\t\t\t\t\t<\/span>\n\t\t<\/div>\n\t\t\t\t\t\t<\/div>\n\t\t\t\t<\/div>\n\t\t\t\t\t<\/div>\n\t\t<\/div>\n\t\t\t\t<div class=\"elementor-column elementor-col-50 elementor-top-column elementor-element elementor-element-057bc86\" data-id=\"057bc86\" data-element_type=\"column\" data-e-type=\"column\" data-settings=\"{&quot;background_background&quot;:&quot;classic&quot;}\">\n\t\t\t<div class=\"elementor-widget-wrap elementor-element-populated\">\n\t\t\t\t\t<div class=\"elementor-background-overlay\"><\/div>\n\t\t\t\t\t\t<div class=\"elementor-element elementor-element-8692111 elementor-align-end elementor-icon-list--layout-traditional elementor-list-item-link-full_width elementor-widget elementor-widget-icon-list\" data-id=\"8692111\" data-element_type=\"widget\" data-e-type=\"widget\" data-widget_type=\"icon-list.default\">\n\t\t\t\t<div class=\"elementor-widget-container\">\n\t\t\t\t\t\t\t<ul class=\"elementor-icon-list-items\">\n\t\t\t\t\t\t\t<li class=\"elementor-icon-list-item\">\n\t\t\t\t\t\t\t\t\t\t\t<a href=\"https:\/\/www.instagram.com\/trailforth\/\" target=\"_blank\">\n\n\t\t\t\t\t\t\t\t\t\t\t\t<span class=\"elementor-icon-list-icon\">\n\t\t\t\t\t\t\t<i aria-hidden=\"true\" class=\"fab fa-instagram\"><\/i>\t\t\t\t\t\t<\/span>\n\t\t\t\t\t\t\t\t\t\t<span class=\"elementor-icon-list-text\">trailforth <\/span>\n\t\t\t\t\t\t\t\t\t\t\t<\/a>\n\t\t\t\t\t\t\t\t\t<\/li>\n\t\t\t\t\t\t<\/ul>\n\t\t\t\t\t\t<\/div>\n\t\t\t\t<\/div>\n\t\t\t\t<div class=\"elementor-element elementor-element-fd212bd elementor-widget elementor-widget-text-editor\" data-id=\"fd212bd\" data-element_type=\"widget\" data-e-type=\"widget\" data-widget_type=\"text-editor.default\">\n\t\t\t\t<div class=\"elementor-widget-container\">\n\t\t\t\t\t\t\t\t\t<p>El volc\u00e1n Cotopaxi siendo fotografiado.<\/p>\t\t\t\t\t\t\t\t<\/div>\n\t\t\t\t<\/div>\n\t\t\t\t\t<\/div>\n\t\t<\/div>\n\t\t\t\t\t<\/div>\n\t\t<\/section>\n\t\t\t\t<section class=\"elementor-section elementor-top-section elementor-element elementor-element-c0e5b6c elementor-section-boxed elementor-section-height-default elementor-section-height-default wpr-particle-no wpr-jarallax-no wpr-parallax-no wpr-sticky-section-no wpr-equal-height-no\" data-id=\"c0e5b6c\" data-element_type=\"section\" data-e-type=\"section\">\n\t\t\t\t\t\t<div class=\"elementor-container elementor-column-gap-default\">\n\t\t\t\t\t<div class=\"elementor-column elementor-col-100 elementor-top-column elementor-element elementor-element-2da2f02\" data-id=\"2da2f02\" data-element_type=\"column\" data-e-type=\"column\">\n\t\t\t<div class=\"elementor-widget-wrap elementor-element-populated\">\n\t\t\t\t\t\t<div class=\"elementor-element elementor-element-13aad7f elementor-widget elementor-widget-spacer\" data-id=\"13aad7f\" data-element_type=\"widget\" data-e-type=\"widget\" data-widget_type=\"spacer.default\">\n\t\t\t\t<div class=\"elementor-widget-container\">\n\t\t\t\t\t\t\t<div class=\"elementor-spacer\">\n\t\t\t<div class=\"elementor-spacer-inner\"><\/div>\n\t\t<\/div>\n\t\t\t\t\t\t<\/div>\n\t\t\t\t<\/div>\n\t\t\t\t\t<\/div>\n\t\t<\/div>\n\t\t\t\t\t<\/div>\n\t\t<\/section>\n\t\t\t\t<section class=\"elementor-section elementor-top-section elementor-element elementor-element-ff3e8ab elementor-section-boxed elementor-section-height-default elementor-section-height-default wpr-particle-no wpr-jarallax-no wpr-parallax-no wpr-sticky-section-no wpr-equal-height-no\" data-id=\"ff3e8ab\" data-element_type=\"section\" data-e-type=\"section\">\n\t\t\t\t\t\t<div class=\"elementor-container elementor-column-gap-default\">\n\t\t\t\t\t<div class=\"elementor-column elementor-col-100 elementor-top-column elementor-element elementor-element-1e8a62a\" data-id=\"1e8a62a\" data-element_type=\"column\" data-e-type=\"column\">\n\t\t\t<div class=\"elementor-widget-wrap elementor-element-populated\">\n\t\t\t\t\t\t<div class=\"elementor-element elementor-element-84c594c elementor-drop-cap-yes elementor-drop-cap-view-default elementor-widget elementor-widget-text-editor\" data-id=\"84c594c\" data-element_type=\"widget\" data-e-type=\"widget\" data-settings=\"{&quot;drop_cap&quot;:&quot;yes&quot;}\" data-widget_type=\"text-editor.default\">\n\t\t\t\t<div class=\"elementor-widget-container\">\n\t\t\t\t\t\t\t\t\t<p>El D\u00eda Mundial del Turismo se conmemora todos los a\u00f1os el 27 de septiembre, con celebraciones dirigidas por la OMT. Su prop\u00f3sito es el de concienciar a la comunidad internacional acerca del valor social, cultural, pol\u00edtico y econ\u00f3mico del turismo, adem\u00e1s de sobre c\u00f3mo el sector puede contribuir a lograr los Objetivos de Desarrollo Sostenible. En 2019, en consonancia con el hincapi\u00e9 general de la OMT en las habilidades, la educaci\u00f3n y el empleo a lo largo del a\u00f1o, la celebraci\u00f3n del D\u00eda Mundial del Turismo se articul\u00f3 en torno al tema de \u00abTurismo y empleo: un futuro mejor para todos\u00bb.<\/p>\t\t\t\t\t\t\t\t<\/div>\n\t\t\t\t<\/div>\n\t\t\t\t\t<\/div>\n\t\t<\/div>\n\t\t\t\t\t<\/div>\n\t\t<\/section>\n\t\t\t\t<section class=\"elementor-section elementor-top-section elementor-element elementor-element-4d2bbe6 elementor-section-boxed elementor-section-height-default elementor-section-height-default wpr-particle-no wpr-jarallax-no wpr-parallax-no wpr-sticky-section-no wpr-equal-height-no\" data-id=\"4d2bbe6\" data-element_type=\"section\" data-e-type=\"section\">\n\t\t\t\t\t\t<div class=\"elementor-container elementor-column-gap-default\">\n\t\t\t\t\t<div class=\"elementor-column elementor-col-100 elementor-top-column elementor-element elementor-element-fecd8c9\" data-id=\"fecd8c9\" data-element_type=\"column\" data-e-type=\"column\">\n\t\t\t<div class=\"elementor-widget-wrap elementor-element-populated\">\n\t\t\t\t\t\t<div class=\"elementor-element elementor-element-b494680 elementor-widget elementor-widget-heading\" data-id=\"b494680\" data-element_type=\"widget\" data-e-type=\"widget\" data-widget_type=\"heading.default\">\n\t\t\t\t<div class=\"elementor-widget-container\">\n\t\t\t\t\t<h2 class=\"elementor-heading-title elementor-size-default\">Mensaje oficial del Secretario General, OMT<\/h2>\t\t\t\t<\/div>\n\t\t\t\t<\/div>\n\t\t\t\t\t<\/div>\n\t\t<\/div>\n\t\t\t\t\t<\/div>\n\t\t<\/section>\n\t\t\t\t<section class=\"elementor-section elementor-top-section elementor-element elementor-element-c980f96 elementor-section-boxed elementor-section-height-default elementor-section-height-default wpr-particle-no wpr-jarallax-no wpr-parallax-no wpr-sticky-section-no wpr-equal-height-no\" data-id=\"c980f96\" data-element_type=\"section\" data-e-type=\"section\">\n\t\t\t\t\t\t<div class=\"elementor-container elementor-column-gap-default\">\n\t\t\t\t\t<div class=\"elementor-column elementor-col-100 elementor-top-column elementor-element elementor-element-ee071e7\" data-id=\"ee071e7\" data-element_type=\"column\" data-e-type=\"column\">\n\t\t\t<div class=\"elementor-widget-wrap elementor-element-populated\">\n\t\t\t\t\t\t<div class=\"elementor-element elementor-element-1c1b7c7 elementor-widget elementor-widget-text-editor\" data-id=\"1c1b7c7\" data-element_type=\"widget\" data-e-type=\"widget\" data-widget_type=\"text-editor.default\">\n\t\t\t\t<div class=\"elementor-widget-container\">\n\t\t\t\t\t\t\t\t\t<p>El turismo puede ayudarnos a forjar un futuro mejor para todos. Alrededor del mundo, el sector tur\u00edstico es una fuente principal de empleo, que sustenta muchos millones de puestos de trabajo e impulsa el progreso econ\u00f3mico, tanto a nivel local como nacional.<\/p>\t\t\t\t\t\t\t\t<\/div>\n\t\t\t\t<\/div>\n\t\t\t\t\t<\/div>\n\t\t<\/div>\n\t\t\t\t\t<\/div>\n\t\t<\/section>\n\t\t\t\t<section class=\"elementor-section elementor-top-section elementor-element elementor-element-7036ed2 elementor-section-boxed elementor-section-height-default elementor-section-height-default wpr-particle-no wpr-jarallax-no wpr-parallax-no wpr-sticky-section-no wpr-equal-height-no\" data-id=\"7036ed2\" data-element_type=\"section\" data-e-type=\"section\">\n\t\t\t\t\t\t<div class=\"elementor-container elementor-column-gap-default\">\n\t\t\t\t\t<div class=\"elementor-column elementor-col-100 elementor-top-column elementor-element elementor-element-48edb38\" data-id=\"48edb38\" data-element_type=\"column\" data-e-type=\"column\">\n\t\t\t<div class=\"elementor-widget-wrap elementor-element-populated\">\n\t\t\t\t\t\t<div class=\"elementor-element elementor-element-42e038f elementor-widget elementor-widget-text-editor\" data-id=\"42e038f\" data-element_type=\"widget\" data-e-type=\"widget\" data-widget_type=\"text-editor.default\">\n\t\t\t\t<div class=\"elementor-widget-container\">\n\t\t\t\t\t\t\t\t\t<p>Por otra parte, es tambi\u00e9n un catalizador de igualdad e inclusi\u00f3n. En muchos lugares, el empleo en el turismo ofrece a las mujeres, los j\u00f3venes y aquellos que viven en las comunidades rurales la oportunidad de mantenerse a s\u00ed mismos y a sus familias, as\u00ed como de integrarse m\u00e1s plenamente en la sociedad en general.<\/p>\t\t\t\t\t\t\t\t<\/div>\n\t\t\t\t<\/div>\n\t\t\t\t\t<\/div>\n\t\t<\/div>\n\t\t\t\t\t<\/div>\n\t\t<\/section>\n\t\t\t\t<section class=\"elementor-section elementor-top-section elementor-element elementor-element-baae0ae elementor-section-boxed elementor-section-height-default elementor-section-height-default wpr-particle-no wpr-jarallax-no wpr-parallax-no wpr-sticky-section-no wpr-equal-height-no\" data-id=\"baae0ae\" data-element_type=\"section\" data-e-type=\"section\">\n\t\t\t\t\t\t<div class=\"elementor-container elementor-column-gap-default\">\n\t\t\t\t\t<div class=\"elementor-column elementor-col-100 elementor-top-column elementor-element elementor-element-4b47d02\" data-id=\"4b47d02\" data-element_type=\"column\" data-e-type=\"column\">\n\t\t\t<div class=\"elementor-widget-wrap elementor-element-populated\">\n\t\t\t\t\t\t<div class=\"elementor-element elementor-element-dcb2585 elementor-widget elementor-widget-text-editor\" data-id=\"dcb2585\" data-element_type=\"widget\" data-e-type=\"widget\" data-widget_type=\"text-editor.default\">\n\t\t\t\t<div class=\"elementor-widget-container\">\n\t\t\t\t\t\t\t\t\t<p>El aut\u00e9ntico potencial del turismo, en t\u00e9rminos de creaci\u00f3n de empleo y como motor de igualdad y de desarrollo sostenible apenas se est\u00e1 materializando. Parte esencial de ese potencial lo conforman la creaci\u00f3n de oportunidades de trabajo decente y la contribuci\u00f3n al desarrollo de habilidades profesionales. Si se gestiona adecuadamente, el crecimiento continuado de nuestro sector abarcar\u00e1 innumerables oportunidades y lograr\u00e1 que el turismo est\u00e9 a la altura de su responsabilidad social a nivel mundial para no dejar a nadie atr\u00e1s.<\/p>\t\t\t\t\t\t\t\t<\/div>\n\t\t\t\t<\/div>\n\t\t\t\t\t<\/div>\n\t\t<\/div>\n\t\t\t\t\t<\/div>\n\t\t<\/section>\n\t\t\t\t<section class=\"elementor-section elementor-top-section elementor-element elementor-element-8436d9b elementor-section-boxed elementor-section-height-default elementor-section-height-default wpr-particle-no wpr-jarallax-no wpr-parallax-no wpr-sticky-section-no wpr-equal-height-no\" data-id=\"8436d9b\" data-element_type=\"section\" data-e-type=\"section\">\n\t\t\t\t\t\t<div class=\"elementor-container elementor-column-gap-default\">\n\t\t\t\t\t<div class=\"elementor-column elementor-col-100 elementor-top-column elementor-element elementor-element-763df82\" data-id=\"763df82\" data-element_type=\"column\" data-e-type=\"column\">\n\t\t\t<div class=\"elementor-widget-wrap elementor-element-populated\">\n\t\t\t\t\t\t<div class=\"elementor-element elementor-element-ae1695c elementor-widget elementor-widget-text-editor\" data-id=\"ae1695c\" data-element_type=\"widget\" data-e-type=\"widget\" data-widget_type=\"text-editor.default\">\n\t\t\t\t<div class=\"elementor-widget-container\">\n\t\t\t\t\t\t\t\t\t<p>Ninguna actividad econ\u00f3mica, social o humana por s\u00ed sola prospera de forma aislada. Por este motivo, los gobiernos e interlocutores de los sectores p\u00fablico y privado colaboran cada vez m\u00e1s para gestionar el turismo de forma responsable y sostenible, as\u00ed como para velar por que se aproveche adecuadamente el enorme potencial que encierra.<\/p>\t\t\t\t\t\t\t\t<\/div>\n\t\t\t\t<\/div>\n\t\t\t\t\t<\/div>\n\t\t<\/div>\n\t\t\t\t\t<\/div>\n\t\t<\/section>\n\t\t\t\t<section class=\"elementor-section elementor-top-section elementor-element elementor-element-c4915f9 elementor-section-boxed elementor-section-height-default elementor-section-height-default wpr-particle-no wpr-jarallax-no wpr-parallax-no wpr-sticky-section-no wpr-equal-height-no\" data-id=\"c4915f9\" data-element_type=\"section\" data-e-type=\"section\">\n\t\t\t\t\t\t<div class=\"elementor-container elementor-column-gap-default\">\n\t\t\t\t\t<div class=\"elementor-column elementor-col-100 elementor-top-column elementor-element elementor-element-f9d5671\" data-id=\"f9d5671\" data-element_type=\"column\" data-e-type=\"column\">\n\t\t\t<div class=\"elementor-widget-wrap elementor-element-populated\">\n\t\t\t\t\t\t<div class=\"elementor-element elementor-element-c2670fa elementor-widget elementor-widget-text-editor\" data-id=\"c2670fa\" data-element_type=\"widget\" data-e-type=\"widget\" data-widget_type=\"text-editor.default\">\n\t\t\t\t<div class=\"elementor-widget-container\">\n\t\t\t\t\t\t\t\t\t<p>Del mismo modo que la nueva tecnolog\u00eda est\u00e1 transformando c\u00f3mo viajamos, tambi\u00e9n modifica c\u00f3mo trabajamos. El turismo es pionero a la hora de dar a los trabajadores las habilidades y el conocimiento que necesitan para el empleo del futuro. Asumir este esp\u00edritu creativo, incluida una eficaz cooperaci\u00f3n con colaboradores en el sector tecnol\u00f3gico y en los c\u00edrculos acad\u00e9micos, impulsar\u00e1 la creaci\u00f3n de m\u00e1s y mejores puestos de trabajo.<\/p>\t\t\t\t\t\t\t\t<\/div>\n\t\t\t\t<\/div>\n\t\t\t\t\t<\/div>\n\t\t<\/div>\n\t\t\t\t\t<\/div>\n\t\t<\/section>\n\t\t\t\t<section class=\"elementor-section elementor-top-section elementor-element elementor-element-d1ff6da elementor-section-boxed elementor-section-height-default elementor-section-height-default wpr-particle-no wpr-jarallax-no wpr-parallax-no wpr-sticky-section-no wpr-equal-height-no\" data-id=\"d1ff6da\" data-element_type=\"section\" data-e-type=\"section\">\n\t\t\t\t\t\t<div class=\"elementor-container elementor-column-gap-default\">\n\t\t\t\t\t<div class=\"elementor-column elementor-col-100 elementor-top-column elementor-element elementor-element-dae0b8e\" data-id=\"dae0b8e\" data-element_type=\"column\" data-e-type=\"column\">\n\t\t\t<div class=\"elementor-widget-wrap elementor-element-populated\">\n\t\t\t\t\t\t<div class=\"elementor-element elementor-element-d686c00 elementor-widget elementor-widget-text-editor\" data-id=\"d686c00\" data-element_type=\"widget\" data-e-type=\"widget\" data-widget_type=\"text-editor.default\">\n\t\t\t\t<div class=\"elementor-widget-container\">\n\t\t\t\t\t\t\t\t\t<p>Al celebrar el <b><a href=\"https:\/\/www.unwto.org\/es\/dia-mundial-turismo\">D\u00eda Mundial del Turismo<\/a><\/b>, se reconoce la capacidad transformadora del turismo. Juntos, podemos hacer realidad el potencial del turismo de forjar un futuro mejor y m\u00e1s igualitario.<\/p>\t\t\t\t\t\t\t\t<\/div>\n\t\t\t\t<\/div>\n\t\t\t\t\t<\/div>\n\t\t<\/div>\n\t\t\t\t\t<\/div>\n\t\t<\/section>\n\t\t\t\t<section class=\"elementor-section elementor-top-section elementor-element elementor-element-2a63a56 elementor-section-boxed elementor-section-height-default elementor-section-height-default wpr-particle-no wpr-jarallax-no wpr-parallax-no wpr-sticky-section-no wpr-equal-height-no\" data-id=\"2a63a56\" data-element_type=\"section\" data-e-type=\"section\">\n\t\t\t\t\t\t<div class=\"elementor-container elementor-column-gap-default\">\n\t\t\t\t\t<div class=\"elementor-column elementor-col-100 elementor-top-column elementor-element elementor-element-567c4a6\" data-id=\"567c4a6\" data-element_type=\"column\" data-e-type=\"column\">\n\t\t\t<div class=\"elementor-widget-wrap elementor-element-populated\">\n\t\t\t\t\t\t<div class=\"elementor-element elementor-element-e678b33 elementor-widget elementor-widget-spacer\" data-id=\"e678b33\" data-element_type=\"widget\" data-e-type=\"widget\" data-widget_type=\"spacer.default\">\n\t\t\t\t<div class=\"elementor-widget-container\">\n\t\t\t\t\t\t\t<div class=\"elementor-spacer\">\n\t\t\t<div class=\"elementor-spacer-inner\"><\/div>\n\t\t<\/div>\n\t\t\t\t\t\t<\/div>\n\t\t\t\t<\/div>\n\t\t\t\t\t<\/div>\n\t\t<\/div>\n\t\t\t\t\t<\/div>\n\t\t<\/section>\n\t\t\t\t<section class=\"elementor-section elementor-top-section elementor-element elementor-element-cbab171 elementor-section-boxed elementor-section-height-default elementor-section-height-default wpr-particle-no wpr-jarallax-no wpr-parallax-no wpr-sticky-section-no wpr-equal-height-no\" data-id=\"cbab171\" data-element_type=\"section\" data-e-type=\"section\">\n\t\t\t\t\t\t<div class=\"elementor-container elementor-column-gap-default\">\n\t\t\t\t\t<div class=\"elementor-column elementor-col-100 elementor-top-column elementor-element elementor-element-cd09b66\" data-id=\"cd09b66\" data-element_type=\"column\" data-e-type=\"column\">\n\t\t\t<div class=\"elementor-widget-wrap elementor-element-populated\">\n\t\t\t\t\t\t<div class=\"elementor-element elementor-element-0ac93c1 elementor-widget elementor-widget-heading\" data-id=\"0ac93c1\" data-element_type=\"widget\" data-e-type=\"widget\" data-widget_type=\"heading.default\">\n\t\t\t\t<div class=\"elementor-widget-container\">\n\t\t\t\t\t<h2 class=\"elementor-heading-title elementor-size-default\">El turismo en Ecuador.<\/h2>\t\t\t\t<\/div>\n\t\t\t\t<\/div>\n\t\t\t\t\t<\/div>\n\t\t<\/div>\n\t\t\t\t\t<\/div>\n\t\t<\/section>\n\t\t\t\t<section class=\"elementor-section elementor-top-section elementor-element elementor-element-e9d08d4 elementor-section-boxed elementor-section-height-default elementor-section-height-default wpr-particle-no wpr-jarallax-no wpr-parallax-no wpr-sticky-section-no wpr-equal-height-no\" data-id=\"e9d08d4\" data-element_type=\"section\" data-e-type=\"section\">\n\t\t\t\t\t\t<div class=\"elementor-container elementor-column-gap-default\">\n\t\t\t\t\t<div class=\"elementor-column elementor-col-50 elementor-top-column elementor-element elementor-element-5f8de46\" data-id=\"5f8de46\" data-element_type=\"column\" data-e-type=\"column\" data-settings=\"{&quot;background_background&quot;:&quot;classic&quot;}\">\n\t\t\t<div class=\"elementor-widget-wrap elementor-element-populated\">\n\t\t\t\t\t<div class=\"elementor-background-overlay\"><\/div>\n\t\t\t\t\t\t<div class=\"elementor-element elementor-element-2946a25 elementor-align-end elementor-icon-list--layout-traditional elementor-list-item-link-full_width elementor-widget elementor-widget-icon-list\" data-id=\"2946a25\" data-element_type=\"widget\" data-e-type=\"widget\" data-widget_type=\"icon-list.default\">\n\t\t\t\t<div class=\"elementor-widget-container\">\n\t\t\t\t\t\t\t<ul class=\"elementor-icon-list-items\">\n\t\t\t\t\t\t\t<li class=\"elementor-icon-list-item\">\n\t\t\t\t\t\t\t\t\t\t\t<a href=\"https:\/\/www.instagram.com\/trailforth\/\" target=\"_blank\">\n\n\t\t\t\t\t\t\t\t\t\t\t\t<span class=\"elementor-icon-list-icon\">\n\t\t\t\t\t\t\t<i aria-hidden=\"true\" class=\"fab fa-instagram\"><\/i>\t\t\t\t\t\t<\/span>\n\t\t\t\t\t\t\t\t\t\t<span class=\"elementor-icon-list-text\">trailforth <\/span>\n\t\t\t\t\t\t\t\t\t\t\t<\/a>\n\t\t\t\t\t\t\t\t\t<\/li>\n\t\t\t\t\t\t<\/ul>\n\t\t\t\t\t\t<\/div>\n\t\t\t\t<\/div>\n\t\t\t\t<div class=\"elementor-element elementor-element-74929ba elementor-widget elementor-widget-text-editor\" data-id=\"74929ba\" data-element_type=\"widget\" data-e-type=\"widget\" data-widget_type=\"text-editor.default\">\n\t\t\t\t<div class=\"elementor-widget-container\">\n\t\t\t\t\t\t\t\t\t<p>Vilcabamba recorrido por turistas.<\/p>\t\t\t\t\t\t\t\t<\/div>\n\t\t\t\t<\/div>\n\t\t\t\t\t<\/div>\n\t\t<\/div>\n\t\t\t\t<div class=\"elementor-column elementor-col-50 elementor-top-column elementor-element elementor-element-86c2f7d\" data-id=\"86c2f7d\" data-element_type=\"column\" data-e-type=\"column\">\n\t\t\t<div class=\"elementor-widget-wrap elementor-element-populated\">\n\t\t\t\t\t\t<div class=\"elementor-element elementor-element-395d02a elementor-widget elementor-widget-text-editor\" data-id=\"395d02a\" data-element_type=\"widget\" data-e-type=\"widget\" data-widget_type=\"text-editor.default\">\n\t\t\t\t<div class=\"elementor-widget-container\">\n\t\t\t\t\t\t\t\t\t<p>El turismo se ha convertido en el eje de la actividad econ\u00f3mica y social de varios pa\u00edses en el mundo, siendo este un instrumento para el desarrollo integral e inclusivo, la generaci\u00f3n de empleo y la mejora en la calidad de vida de la poblaci\u00f3n a trav\u00e9s de emprendimientos, infraestructura e ingreso de divisas.<\/p>\t\t\t\t\t\t\t\t<\/div>\n\t\t\t\t<\/div>\n\t\t\t\t<div class=\"elementor-element elementor-element-cc53ef2 elementor-widget elementor-widget-text-editor\" data-id=\"cc53ef2\" data-element_type=\"widget\" data-e-type=\"widget\" data-widget_type=\"text-editor.default\">\n\t\t\t\t<div class=\"elementor-widget-container\">\n\t\t\t\t\t\t\t\t\t<p>De acuerdo la <a href=\"https:\/\/bde.fin.ec\/turismo-2\/#:~:text=El%20turismo%20como%20herramienta%20de%20desarrollo%20nacional&amp;text=En%20los%20%C3%BAltimos%20a%C3%B1os%20el,Producto%20Interno%20Bruto%20(PIB).\"><strong>Banco de Desarrollo del Ecuador<\/strong><\/a>, en los \u00faltimos a\u00f1os el turismo se ha convertido en uno de los sectores econ\u00f3micos de mayor crecimiento a escala nacional, contribuyendo con el 10,2% del Producto Interno Bruto (PIB). A trav\u00e9s de los efectos directos o indirectos e inducidos, contribuye con 1 de cada 10 empleos y genera 1,5 mil millones de d\u00f3lares en exportaci\u00f3n, representando un 6% de las exportaciones a nivel global.<\/p>\t\t\t\t\t\t\t\t<\/div>\n\t\t\t\t<\/div>\n\t\t\t\t<div class=\"elementor-element elementor-element-e0eef5c elementor-widget elementor-widget-heading\" data-id=\"e0eef5c\" data-element_type=\"widget\" data-e-type=\"widget\" data-widget_type=\"heading.default\">\n\t\t\t\t<div class=\"elementor-widget-container\">\n\t\t\t\t\t<h2 class=\"elementor-heading-title elementor-size-default\">\u00bf Sab\u00edas que...?<\/h2>\t\t\t\t<\/div>\n\t\t\t\t<\/div>\n\t\t\t\t<div class=\"elementor-element elementor-element-ec5ecfe elementor-widget elementor-widget-text-editor\" data-id=\"ec5ecfe\" data-element_type=\"widget\" data-e-type=\"widget\" data-widget_type=\"text-editor.default\">\n\t\t\t\t<div class=\"elementor-widget-container\">\n\t\t\t\t\t\t\t\t\t<div><p>El turismo emplea a una de cada 10 personas en el mundo.<\/p><p>El turismo internacional experiment\u00f3 un fuerte repunte en los cinco primeros meses de 2022, con casi 250 millones de desplazamientos registrados, equivalente al 46% de la actividad tur\u00edstica comparada con los niveles pre-pandemia.<\/p><p>Los datos en el turismo se muestran optimistas, pero hay que tener en cuenta que la ofensiva rusa en Ucrania podr\u00eda provocar p\u00e9rdidas de 14000 millones de d\u00f3lares en el sector.<\/p><\/div>\t\t\t\t\t\t\t\t<\/div>\n\t\t\t\t<\/div>\n\t\t\t\t\t<\/div>\n\t\t<\/div>\n\t\t\t\t\t<\/div>\n\t\t<\/section>\n\t\t\t\t<section class=\"elementor-section elementor-top-section elementor-element elementor-element-d0cd206 elementor-section-boxed elementor-section-height-default elementor-section-height-default wpr-particle-no wpr-jarallax-no wpr-parallax-no wpr-sticky-section-no wpr-equal-height-no\" data-id=\"d0cd206\" data-element_type=\"section\" data-e-type=\"section\">\n\t\t\t\t\t\t<div class=\"elementor-container elementor-column-gap-default\">\n\t\t\t\t\t<div class=\"elementor-column elementor-col-100 elementor-top-column elementor-element elementor-element-5bc61d1\" data-id=\"5bc61d1\" data-element_type=\"column\" data-e-type=\"column\">\n\t\t\t<div class=\"elementor-widget-wrap elementor-element-populated\">\n\t\t\t\t\t\t<div class=\"elementor-element elementor-element-eb9544c elementor-widget-divider--view-line elementor-widget elementor-widget-divider\" data-id=\"eb9544c\" data-element_type=\"widget\" data-e-type=\"widget\" data-widget_type=\"divider.default\">\n\t\t\t\t<div class=\"elementor-widget-container\">\n\t\t\t\t\t\t\t<div class=\"elementor-divider\">\n\t\t\t<span class=\"elementor-divider-separator\">\n\t\t\t\t\t\t<\/span>\n\t\t<\/div>\n\t\t\t\t\t\t<\/div>\n\t\t\t\t<\/div>\n\t\t\t\t<div class=\"elementor-element elementor-element-0cadf77 animated-slow elementor-invisible elementor-widget elementor-widget-heading\" data-id=\"0cadf77\" data-element_type=\"widget\" data-e-type=\"widget\" data-settings=\"{&quot;_animation&quot;:&quot;fadeInUp&quot;}\" data-widget_type=\"heading.default\">\n\t\t\t\t<div class=\"elementor-widget-container\">\n\t\t\t\t\t<h3 class=\"elementor-heading-title elementor-size-default\">Trail Forth Journal<\/h3>\t\t\t\t<\/div>\n\t\t\t\t<\/div>\n\t\t\t\t\t<\/div>\n\t\t<\/div>\n\t\t\t\t\t<\/div>\n\t\t<\/section>\n\t\t\t\t<section class=\"elementor-section elementor-top-section elementor-element elementor-element-55fa2ec elementor-section-boxed elementor-section-height-default elementor-section-height-default wpr-particle-no wpr-jarallax-no wpr-parallax-no wpr-sticky-section-no wpr-equal-height-no\" data-id=\"55fa2ec\" data-element_type=\"section\" data-e-type=\"section\" data-settings=\"{&quot;background_background&quot;:&quot;classic&quot;}\">\n\t\t\t\t\t\t<div class=\"elementor-container elementor-column-gap-default\">\n\t\t\t\t\t<div class=\"elementor-column elementor-col-100 elementor-top-column elementor-element elementor-element-afc4738\" data-id=\"afc4738\" data-element_type=\"column\" data-e-type=\"column\">\n\t\t\t<div class=\"elementor-widget-wrap elementor-element-populated\">\n\t\t\t\t\t\t<section class=\"elementor-section elementor-inner-section elementor-element elementor-element-9805dac elementor-section-boxed elementor-section-height-default elementor-section-height-default wpr-particle-no wpr-jarallax-no wpr-parallax-no wpr-sticky-section-no wpr-equal-height-no\" data-id=\"9805dac\" data-element_type=\"section\" data-e-type=\"section\" data-settings=\"{&quot;background_background&quot;:&quot;classic&quot;}\">\n\t\t\t\t\t\t<div class=\"elementor-container elementor-column-gap-default\">\n\t\t\t\t\t<div class=\"elementor-column elementor-col-33 elementor-inner-column elementor-element elementor-element-51c704c\" data-id=\"51c704c\" data-element_type=\"column\" data-e-type=\"column\" data-settings=\"{&quot;background_background&quot;:&quot;classic&quot;}\">\n\t\t\t<div class=\"elementor-widget-wrap elementor-element-populated\">\n\t\t\t\t\t\t<div class=\"elementor-element elementor-element-2c8969c elementor-widget__width-initial elementor-widget elementor-widget-spacer\" data-id=\"2c8969c\" data-element_type=\"widget\" data-e-type=\"widget\" data-widget_type=\"spacer.default\">\n\t\t\t\t<div class=\"elementor-widget-container\">\n\t\t\t\t\t\t\t<div class=\"elementor-spacer\">\n\t\t\t<div class=\"elementor-spacer-inner\"><\/div>\n\t\t<\/div>\n\t\t\t\t\t\t<\/div>\n\t\t\t\t<\/div>\n\t\t\t\t<div class=\"elementor-element elementor-element-dba1f14 elementor-position-left elementor-vertical-align-middle elementor-widget__width-initial elementor-widget elementor-widget-image-box\" data-id=\"dba1f14\" data-element_type=\"widget\" data-e-type=\"widget\" data-widget_type=\"image-box.default\">\n\t\t\t\t<div class=\"elementor-widget-container\">\n\t\t\t\t\t<div class=\"elementor-image-box-wrapper\"><figure class=\"elementor-image-box-img\"><img data-recalc-dims=\"1\" decoding=\"async\" src=\"https:\/\/i0.wp.com\/trailforthjournal.com\/es\/wp-content\/uploads\/sites\/4\/2025\/07\/Jairo-C.-Trail.png?w=1032&#038;ssl=1\" title=\"\" alt=\"Jairo C. Trail\" loading=\"lazy\" \/><\/figure><div class=\"elementor-image-box-content\"><h3 class=\"elementor-image-box-title\">Jairo Cabrera<\/h3><p class=\"elementor-image-box-description\">\ud83c\uddea\ud83c\udde8 Ecuador\n<br>\nDesarrollador &amp; CEO<\/p><\/div><\/div>\t\t\t\t<\/div>\n\t\t\t\t<\/div>\n\t\t\t\t<div class=\"elementor-element elementor-element-237be5a elementor-widget elementor-widget-spacer\" data-id=\"237be5a\" data-element_type=\"widget\" data-e-type=\"widget\" data-widget_type=\"spacer.default\">\n\t\t\t\t<div class=\"elementor-widget-container\">\n\t\t\t\t\t\t\t<div class=\"elementor-spacer\">\n\t\t\t<div class=\"elementor-spacer-inner\"><\/div>\n\t\t<\/div>\n\t\t\t\t\t\t<\/div>\n\t\t\t\t<\/div>\n\t\t\t\t<div class=\"elementor-element elementor-element-c57b507 elementor-widget__width-initial premium-modal-dismissible-yes elementor-widget elementor-widget-premium-addon-modal-box\" data-id=\"c57b507\" data-element_type=\"widget\" data-e-type=\"widget\" data-settings=\"{&quot;premium_modal_box_animation&quot;:&quot;fadeInDown&quot;}\" data-widget_type=\"premium-addon-modal-box.default\">\n\t\t\t\t<div class=\"elementor-widget-container\">\n\t\t\t\t\t\n\t\t<div class=\"premium-modal-box-container\" data-settings=\"{&quot;trigger&quot;:&quot;button&quot;,&quot;show_on_exit&quot;:false}\">\n\t\t\t<div class=\"premium-modal-trigger-container\">\n\t\t\t\t\t\t\t\t\t<button data-toggle=\"premium-modal\" data-target=\"#premium-modal-c57b507\" type=\"button\" class=\"premium-modal-trigger-btn premium-btn-md premium-button-none \" data-text=\"Contacta a Jairo\">\n\n\t\t\t\t\t\t\n\t\t\t\t\t\t<div class=\"premium-button-text-icon-wrapper\">\n\t\t\t\t\t\t\t<span>Contacta a Jairo<\/span>\n\t\t\t\t\t\t<\/div>\n\n\t\t\t\t\t\t\n\t\t\t\t\t\t\n\t\t\t\t\t\t\n\t\t\t\t\t<\/button>\n\t\t\t\t\t\t\t<\/div>\n\n\t\t\t<div id=\"premium-modal-c57b507\" class=\"premium-modal-box-modal\"\n\t\t\trole=\"dialog\"\n\t\t\tstyle=\"display: none\"\n\t\t\t>\n\t\t\t\t<div class=\"premium-modal-box-modal-dialog\" data-delay-animation=\"\" data-modal-animation=\"fadeInDown animated-fast\">\n\t\t\t\t\t\t\t\t\t\t<div class=\"premium-modal-box-modal-body\">\n\t\t\t\t\t\t\n\t\t\t\t\t\t\t<style>.elementor-44880 .elementor-element.elementor-element-1063898{--spacer-size:25px;}.elementor-44880 .elementor-element.elementor-element-e364761{width:var( --container-widget-width, 102.946% );max-width:102.946%;--container-widget-width:102.946%;--container-widget-flex-grow:0;}.elementor-44880 .elementor-element.elementor-element-62d83ad{--spacer-size:25px;}<\/style>\t\t<div data-elementor-type=\"page\" data-elementor-id=\"44880\" class=\"elementor elementor-44880\" data-elementor-post-type=\"elementor_library\">\n\t\t\t\t\t\t<section class=\"elementor-section elementor-top-section elementor-element elementor-element-398e2f7 elementor-section-boxed elementor-section-height-default elementor-section-height-default wpr-particle-no wpr-jarallax-no wpr-parallax-no wpr-sticky-section-no wpr-equal-height-no\" data-id=\"398e2f7\" data-element_type=\"section\" data-e-type=\"section\">\n\t\t\t\t\t\t<div class=\"elementor-container elementor-column-gap-default\">\n\t\t\t\t\t<div class=\"elementor-column elementor-col-100 elementor-top-column elementor-element elementor-element-4f89da2\" data-id=\"4f89da2\" data-element_type=\"column\" data-e-type=\"column\">\n\t\t\t<div class=\"elementor-widget-wrap elementor-element-populated\">\n\t\t\t\t\t\t<div class=\"elementor-element elementor-element-1063898 elementor-widget elementor-widget-spacer\" data-id=\"1063898\" data-element_type=\"widget\" data-e-type=\"widget\" data-widget_type=\"spacer.default\">\n\t\t\t\t<div class=\"elementor-widget-container\">\n\t\t\t\t\t\t\t<div class=\"elementor-spacer\">\n\t\t\t<div class=\"elementor-spacer-inner\"><\/div>\n\t\t<\/div>\n\t\t\t\t\t\t<\/div>\n\t\t\t\t<\/div>\n\t\t\t\t\t<\/div>\n\t\t<\/div>\n\t\t\t\t\t<\/div>\n\t\t<\/section>\n\t\t\t\t<section class=\"elementor-section elementor-top-section elementor-element elementor-element-52ea121 elementor-section-boxed elementor-section-height-default elementor-section-height-default wpr-particle-no wpr-jarallax-no wpr-parallax-no wpr-sticky-section-no wpr-equal-height-no\" data-id=\"52ea121\" data-element_type=\"section\" data-e-type=\"section\">\n\t\t\t\t\t\t<div class=\"elementor-container elementor-column-gap-default\">\n\t\t\t\t\t<div class=\"elementor-column elementor-col-100 elementor-top-column elementor-element elementor-element-8cdf63b\" data-id=\"8cdf63b\" data-element_type=\"column\" data-e-type=\"column\">\n\t\t\t<div class=\"elementor-widget-wrap elementor-element-populated\">\n\t\t\t\t\t\t<div class=\"elementor-element elementor-element-e364761 elementor-widget__width-initial elementor-widget elementor-widget-shortcode\" data-id=\"e364761\" data-element_type=\"widget\" data-e-type=\"widget\" data-widget_type=\"shortcode.default\">\n\t\t\t\t<div class=\"elementor-widget-container\">\n\t\t\t\t\t\t\t<div class=\"elementor-shortcode\"><script>\nvar gform;gform||(document.addEventListener(\"gform_main_scripts_loaded\",function(){gform.scriptsLoaded=!0}),document.addEventListener(\"gform\/theme\/scripts_loaded\",function(){gform.themeScriptsLoaded=!0}),window.addEventListener(\"DOMContentLoaded\",function(){gform.domLoaded=!0}),gform={domLoaded:!1,scriptsLoaded:!1,themeScriptsLoaded:!1,isFormEditor:()=>\"function\"==typeof InitializeEditor,callIfLoaded:function(o){return!(!gform.domLoaded||!gform.scriptsLoaded||!gform.themeScriptsLoaded&&!gform.isFormEditor()||(gform.isFormEditor()&&console.warn(\"The use of gform.initializeOnLoaded() is deprecated in the form editor context and will be removed in Gravity Forms 3.1.\"),o(),0))},initializeOnLoaded:function(o){gform.callIfLoaded(o)||(document.addEventListener(\"gform_main_scripts_loaded\",()=>{gform.scriptsLoaded=!0,gform.callIfLoaded(o)}),document.addEventListener(\"gform\/theme\/scripts_loaded\",()=>{gform.themeScriptsLoaded=!0,gform.callIfLoaded(o)}),window.addEventListener(\"DOMContentLoaded\",()=>{gform.domLoaded=!0,gform.callIfLoaded(o)}))},hooks:{action:{},filter:{}},addAction:function(o,r,e,t){gform.addHook(\"action\",o,r,e,t)},addFilter:function(o,r,e,t){gform.addHook(\"filter\",o,r,e,t)},doAction:function(o){gform.doHook(\"action\",o,arguments)},applyFilters:function(o){return gform.doHook(\"filter\",o,arguments)},removeAction:function(o,r){gform.removeHook(\"action\",o,r)},removeFilter:function(o,r,e){gform.removeHook(\"filter\",o,r,e)},addHook:function(o,r,e,t,n){null==gform.hooks[o][r]&&(gform.hooks[o][r]=[]);var d=gform.hooks[o][r];null==n&&(n=r+\"_\"+d.length),gform.hooks[o][r].push({tag:n,callable:e,priority:t=null==t?10:t})},doHook:function(r,o,e){var t;if(e=Array.prototype.slice.call(e,1),null!=gform.hooks[r][o]&&((o=gform.hooks[r][o]).sort(function(o,r){return o.priority-r.priority}),o.forEach(function(o){\"function\"!=typeof(t=o.callable)&&(t=window[t]),\"action\"==r?t.apply(null,e):e[0]=t.apply(null,e)})),\"filter\"==r)return e[0]},removeHook:function(o,r,t,n){var e;null!=gform.hooks[o][r]&&(e=(e=gform.hooks[o][r]).filter(function(o,r,e){return!!(null!=n&&n!=o.tag||null!=t&&t!=o.priority)}),gform.hooks[o][r]=e)}});\n<\/script>\n\n                <div class='gf_browser_gecko gform_wrapper gform-theme gform-theme--foundation gform-theme--framework gform-theme--orbital' data-form-theme='orbital' data-form-index='0' id='gform_wrapper_17' ><style>#gform_wrapper_17[data-form-index=\"0\"].gform-theme,[data-parent-form=\"17_0\"]{--gf-color-primary: #204ce5;--gf-color-primary-rgb: 32, 76, 229;--gf-color-primary-contrast: #fff;--gf-color-primary-contrast-rgb: 255, 255, 255;--gf-color-primary-darker: #001AB3;--gf-color-primary-lighter: #527EFF;--gf-color-secondary: #fff;--gf-color-secondary-rgb: 255, 255, 255;--gf-color-secondary-contrast: #112337;--gf-color-secondary-contrast-rgb: 17, 35, 55;--gf-color-secondary-darker: #F5F5F5;--gf-color-secondary-lighter: #FFFFFF;--gf-color-out-ctrl-light: rgba(17, 35, 55, 0.1);--gf-color-out-ctrl-light-rgb: 17, 35, 55;--gf-color-out-ctrl-light-darker: rgba(104, 110, 119, 0.35);--gf-color-out-ctrl-light-lighter: #F5F5F5;--gf-color-out-ctrl-dark: #585e6a;--gf-color-out-ctrl-dark-rgb: 88, 94, 106;--gf-color-out-ctrl-dark-darker: #112337;--gf-color-out-ctrl-dark-lighter: rgba(17, 35, 55, 0.65);--gf-color-in-ctrl: #fff;--gf-color-in-ctrl-rgb: 255, 255, 255;--gf-color-in-ctrl-contrast: #112337;--gf-color-in-ctrl-contrast-rgb: 17, 35, 55;--gf-color-in-ctrl-darker: #F5F5F5;--gf-color-in-ctrl-lighter: #FFFFFF;--gf-color-in-ctrl-primary: #204ce5;--gf-color-in-ctrl-primary-rgb: 32, 76, 229;--gf-color-in-ctrl-primary-contrast: #fff;--gf-color-in-ctrl-primary-contrast-rgb: 255, 255, 255;--gf-color-in-ctrl-primary-darker: #001AB3;--gf-color-in-ctrl-primary-lighter: #527EFF;--gf-color-in-ctrl-light: rgba(17, 35, 55, 0.1);--gf-color-in-ctrl-light-rgb: 17, 35, 55;--gf-color-in-ctrl-light-darker: rgba(104, 110, 119, 0.35);--gf-color-in-ctrl-light-lighter: #F5F5F5;--gf-color-in-ctrl-dark: #585e6a;--gf-color-in-ctrl-dark-rgb: 88, 94, 106;--gf-color-in-ctrl-dark-darker: #112337;--gf-color-in-ctrl-dark-lighter: rgba(17, 35, 55, 0.65);--gf-radius: 3px;--gf-font-size-secondary: 14px;--gf-font-size-tertiary: 13px;--gf-icon-ctrl-number: url(\"data:image\/svg+xml,%3Csvg width='8' height='14' viewBox='0 0 8 14' fill='none' xmlns='http:\/\/www.w3.org\/2000\/svg'%3E%3Cpath fill-rule='evenodd' clip-rule='evenodd' d='M4 0C4.26522 5.96046e-08 4.51957 0.105357 4.70711 0.292893L7.70711 3.29289C8.09763 3.68342 8.09763 4.31658 7.70711 4.70711C7.31658 5.09763 6.68342 5.09763 6.29289 4.70711L4 2.41421L1.70711 4.70711C1.31658 5.09763 0.683417 5.09763 0.292893 4.70711C-0.0976311 4.31658 -0.097631 3.68342 0.292893 3.29289L3.29289 0.292893C3.48043 0.105357 3.73478 0 4 0ZM0.292893 9.29289C0.683417 8.90237 1.31658 8.90237 1.70711 9.29289L4 11.5858L6.29289 9.29289C6.68342 8.90237 7.31658 8.90237 7.70711 9.29289C8.09763 9.68342 8.09763 10.3166 7.70711 10.7071L4.70711 13.7071C4.31658 14.0976 3.68342 14.0976 3.29289 13.7071L0.292893 10.7071C-0.0976311 10.3166 -0.0976311 9.68342 0.292893 9.29289Z' fill='rgba(17, 35, 55, 0.65)'\/%3E%3C\/svg%3E\");--gf-icon-ctrl-select: url(\"data:image\/svg+xml,%3Csvg width='10' height='6' viewBox='0 0 10 6' fill='none' xmlns='http:\/\/www.w3.org\/2000\/svg'%3E%3Cpath fill-rule='evenodd' clip-rule='evenodd' d='M0.292893 0.292893C0.683417 -0.097631 1.31658 -0.097631 1.70711 0.292893L5 3.58579L8.29289 0.292893C8.68342 -0.0976311 9.31658 -0.0976311 9.70711 0.292893C10.0976 0.683417 10.0976 1.31658 9.70711 1.70711L5.70711 5.70711C5.31658 6.09763 4.68342 6.09763 4.29289 5.70711L0.292893 1.70711C-0.0976311 1.31658 -0.0976311 0.683418 0.292893 0.292893Z' fill='rgba(17, 35, 55, 0.65)'\/%3E%3C\/svg%3E\");--gf-icon-ctrl-search: url(\"data:image\/svg+xml,%3Csvg version='1.1' xmlns='http:\/\/www.w3.org\/2000\/svg' width='640' height='640'%3E%3Cpath d='M256 128c-70.692 0-128 57.308-128 128 0 70.691 57.308 128 128 128 70.691 0 128-57.309 128-128 0-70.692-57.309-128-128-128zM64 256c0-106.039 85.961-192 192-192s192 85.961 192 192c0 41.466-13.146 79.863-35.498 111.248l154.125 154.125c12.496 12.496 12.496 32.758 0 45.254s-32.758 12.496-45.254 0L367.248 412.502C335.862 434.854 297.467 448 256 448c-106.039 0-192-85.962-192-192z' fill='rgba(17, 35, 55, 0.65)'\/%3E%3C\/svg%3E\");--gf-label-space-y-secondary: var(--gf-label-space-y-md-secondary);--gf-ctrl-border-color: #686e77;--gf-ctrl-size: var(--gf-ctrl-size-md);--gf-ctrl-label-color-primary: #112337;--gf-ctrl-label-color-secondary: #112337;--gf-ctrl-choice-size: var(--gf-ctrl-choice-size-md);--gf-ctrl-checkbox-check-size: var(--gf-ctrl-checkbox-check-size-md);--gf-ctrl-radio-check-size: var(--gf-ctrl-radio-check-size-md);--gf-ctrl-btn-font-size: var(--gf-ctrl-btn-font-size-md);--gf-ctrl-btn-padding-x: var(--gf-ctrl-btn-padding-x-md);--gf-ctrl-btn-size: var(--gf-ctrl-btn-size-md);--gf-ctrl-btn-border-color-secondary: #686e77;--gf-ctrl-file-btn-bg-color-hover: #EBEBEB;--gf-field-img-choice-size: var(--gf-field-img-choice-size-md);--gf-field-img-choice-card-space: var(--gf-field-img-choice-card-space-md);--gf-field-img-choice-check-ind-size: var(--gf-field-img-choice-check-ind-size-md);--gf-field-img-choice-check-ind-icon-size: var(--gf-field-img-choice-check-ind-icon-size-md);--gf-field-pg-steps-number-color: rgba(17, 35, 55, 0.8);}<\/style>\n                        <div class='gform_heading'>\n                            <h2 class=\"gform_title\">Contacto<\/h2>\n                            <p class='gform_description'>Escribenos si estas buscando un intinerario de viaje, vuelo u hospedaje. Podemos asistirte con reservaciones y recomendaciones.<\/p>\n                        <\/div><form method='post' enctype='multipart\/form-data'  id='gform_17'  action='\/es\/wp-json\/wp\/v2\/posts\/13829' data-formid='17' novalidate>\n                        <div class='gform-body gform_body'><div id='gform_fields_17' class='gform_fields top_label form_sublabel_above description_above validation_below'><fieldset id=\"field_17_1\" class=\"gfield gfield--type-name gfield--input-type-name gfield--width-two-thirds gfield_contains_required field_sublabel_above gfield--no-description field_description_above field_validation_below gfield_visibility_visible\"  data-js-reload=\"field_17_1\" ><legend class='gfield_label gform-field-label gfield_label_before_complex' >Nombre<span class=\"gfield_required\"><span class=\"gfield_required gfield_required_text\">(Obligatorio)<\/span><\/span><\/legend><div class='ginput_complex ginput_container ginput_container--name no_prefix has_first_name no_middle_name has_last_name no_suffix gf_name_has_2 ginput_container_name gform-grid-row' id='input_17_1'>\n                            \n                            <span id='input_17_1_3_container' class='name_first gform-grid-col gform-grid-col--size-auto' >\n                                                    <label for='input_17_1_3' class='gform-field-label gform-field-label--type-sub '>Nombre<\/label>\n                                                    <input type='text' name='input_1.3' id='input_17_1_3' value=''   aria-required='true'    autocomplete=\"given-name\" \/>\n                                                <\/span>\n                            \n                            <span id='input_17_1_6_container' class='name_last gform-grid-col gform-grid-col--size-auto' >\n                                                            <label for='input_17_1_6' class='gform-field-label gform-field-label--type-sub '>Apellidos<\/label>\n                                                            <input type='text' name='input_1.6' id='input_17_1_6' value=''   aria-required='true'    autocomplete=\"family-name\" \/>\n                                                        <\/span>\n                            \n                        <\/div><\/fieldset><div id=\"field_17_2\" class=\"gfield gfield--type-email gfield--input-type-email gfield--width-two-thirds gfield_contains_required field_sublabel_above gfield--no-description field_description_above field_validation_below gfield_visibility_visible\"  data-js-reload=\"field_17_2\" ><label class='gfield_label gform-field-label' for='input_17_2'>Correo electr\u00f3nico<span class=\"gfield_required\"><span class=\"gfield_required gfield_required_text\">(Obligatorio)<\/span><\/span><\/label><div class='ginput_container ginput_container_email'>\n                            <input name='input_2' id='input_17_2' type='email' value='' class='large'    aria-required=\"true\" aria-invalid=\"false\"  \/>\n                        <\/div><\/div><div id=\"field_17_3\" class=\"gfield gfield--type-textarea gfield--input-type-textarea gfield--width-two-thirds gfield_contains_required field_sublabel_above gfield--has-description field_description_above field_validation_below gfield_visibility_visible\"  data-js-reload=\"field_17_3\" ><label class='gfield_label gform-field-label' for='input_17_3'>Comentarios<span class=\"gfield_required\"><span class=\"gfield_required gfield_required_text\">(Obligatorio)<\/span><\/span><\/label><div class='gfield_description' id='gfield_description_17_3'>Por favor, haznos saber lo que tienes en mente. \u00bfTienes alguna pregunta para nosotros? Escr\u00edbenos.<\/div><div class='ginput_container ginput_container_textarea'><textarea name='input_3' id='input_17_3' class='textarea medium'  aria-describedby=\"gfield_description_17_3\" maxlength='600'  aria-required=\"true\" aria-invalid=\"false\"   rows='10' cols='50'><\/textarea><\/div><\/div><\/div><\/div>\n        <div class='gform-footer gform_footer top_label'> <input type='submit' id='gform_submit_button_17' class='gform_button button' onclick='gform.submission.handleButtonClick(this);' data-submission-type='submit' value='Enviar'  \/> \n            <input type='hidden' class='gform_hidden' name='gform_submission_method' data-js='gform_submission_method_17' value='postback' \/>\n            <input type='hidden' class='gform_hidden' name='gform_theme' data-js='gform_theme_17' id='gform_theme_17' value='orbital' \/>\n            <input type='hidden' class='gform_hidden' name='gform_style_settings' data-js='gform_style_settings_17' id='gform_style_settings_17' value='[]' \/>\n            <input type='hidden' class='gform_hidden' name='is_submit_17' value='1' \/>\n            <input type='hidden' class='gform_hidden' name='gform_submit' value='17' \/>\n            \n            <input type='hidden' class='gform_hidden' name='gform_unique_id' value='' \/>\n            <input type='hidden' class='gform_hidden' name='state_17' value='WyJbXSIsImYzNTU1ZjMyZjRlZTAwZDNmNGI3MmI1ODZmNTVkNDM0Il0=' \/>\n            <input type='hidden' autocomplete='off' class='gform_hidden' name='gform_target_page_number_17' id='gform_target_page_number_17' value='0' \/>\n            <input type='hidden' autocomplete='off' class='gform_hidden' name='gform_source_page_number_17' id='gform_source_page_number_17' value='1' \/>\n            <input type='hidden' name='gform_field_values' value='' \/>\n            \n        <\/div>\n                        <\/form>\n                        <\/div><script>\ngform.initializeOnLoaded( function() {gformInitSpinner( 17, 'https:\/\/trailforthjournal.com\/es\/wp-content\/plugins\/gravityforms\/images\/spinner.svg', false );jQuery('#gform_ajax_frame_17').on('load',function(){var contents = jQuery(this).contents().find('*').html();var is_postback = contents.indexOf('GF_AJAX_POSTBACK') >= 0;if(!is_postback){return;}var form_content = jQuery(this).contents().find('#gform_wrapper_17');var is_confirmation = jQuery(this).contents().find('#gform_confirmation_wrapper_17').length > 0;var is_redirect = contents.indexOf('gformRedirect(){') >= 0;var is_form = form_content.length > 0 && ! is_redirect && ! is_confirmation;var mt = parseInt(jQuery('html').css('margin-top'), 10) + parseInt(jQuery('body').css('margin-top'), 10) + 100;if(is_form){jQuery('#gform_wrapper_17').html(form_content.html());if(form_content.hasClass('gform_validation_error')){jQuery('#gform_wrapper_17').addClass('gform_validation_error');} else {jQuery('#gform_wrapper_17').removeClass('gform_validation_error');}setTimeout( function() { \/* delay the scroll by 50 milliseconds to fix a bug in chrome *\/  }, 50 );if(window['gformInitDatepicker']) {gformInitDatepicker();}if(window['gformInitPriceFields']) {gformInitPriceFields();}var current_page = jQuery('#gform_source_page_number_17').val();gformInitSpinner( 17, 'https:\/\/trailforthjournal.com\/es\/wp-content\/plugins\/gravityforms\/images\/spinner.svg', false );jQuery(document).trigger('gform_page_loaded', [17, current_page]);window['gf_submitting_17'] = false;}else if(!is_redirect){var confirmation_content = jQuery(this).contents().find('.GF_AJAX_POSTBACK').html();if(!confirmation_content){confirmation_content = contents;}jQuery('#gform_wrapper_17').replaceWith(confirmation_content);jQuery(document).trigger('gform_confirmation_loaded', [17]);window['gf_submitting_17'] = false;wp.a11y.speak(jQuery('#gform_confirmation_message_17').text());}else{jQuery('#gform_17').append(contents);if(window['gformRedirect']) {gformRedirect();}}jQuery(document).trigger(\"gform_pre_post_render\", [{ formId: \"17\", currentPage: \"current_page\", abort: function() { this.preventDefault(); } }]);                if (event && event.defaultPrevented) {                return;         }        const gformWrapperDiv = document.getElementById( \"gform_wrapper_17\" );        if ( gformWrapperDiv ) {            const visibilitySpan = document.createElement( \"span\" );            visibilitySpan.id = \"gform_visibility_test_17\";            gformWrapperDiv.insertAdjacentElement( \"afterend\", visibilitySpan );        }        const visibilityTestDiv = document.getElementById( \"gform_visibility_test_17\" );        let postRenderFired = false;                function triggerPostRender() {            if ( postRenderFired ) {                return;            }            postRenderFired = true;            gform.core.triggerPostRenderEvents( 17, current_page );            if ( visibilityTestDiv ) {                visibilityTestDiv.parentNode.removeChild( visibilityTestDiv );            }        }        function debounce( func, wait, immediate ) {            var timeout;            return function() {                var context = this, args = arguments;                var later = function() {                    timeout = null;                    if ( !immediate ) func.apply( context, args );                };                var callNow = immediate && !timeout;                clearTimeout( timeout );                timeout = setTimeout( later, wait );                if ( callNow ) func.apply( context, args );            };        }        const debouncedTriggerPostRender = debounce( function() {            triggerPostRender();        }, 200 );        if ( visibilityTestDiv && visibilityTestDiv.offsetParent === null ) {            const observer = new MutationObserver( ( mutations ) => {                mutations.forEach( ( mutation ) => {                    if ( mutation.type === 'attributes' && visibilityTestDiv.offsetParent !== null ) {                        debouncedTriggerPostRender();                        observer.disconnect();                    }                });            });            observer.observe( document.body, {                attributes: true,                childList: false,                subtree: true,                attributeFilter: [ 'style', 'class' ],            });        } else {            triggerPostRender();        }    } );} );\n<\/script>\n<\/div>\n\t\t\t\t\t\t<\/div>\n\t\t\t\t<\/div>\n\t\t\t\t\t<\/div>\n\t\t<\/div>\n\t\t\t\t\t<\/div>\n\t\t<\/section>\n\t\t\t\t<section class=\"elementor-section elementor-top-section elementor-element elementor-element-ff297c5 elementor-section-boxed elementor-section-height-default elementor-section-height-default wpr-particle-no wpr-jarallax-no wpr-parallax-no wpr-sticky-section-no wpr-equal-height-no\" data-id=\"ff297c5\" data-element_type=\"section\" data-e-type=\"section\">\n\t\t\t\t\t\t<div class=\"elementor-container elementor-column-gap-default\">\n\t\t\t\t\t<div class=\"elementor-column elementor-col-100 elementor-top-column elementor-element elementor-element-f33e065\" data-id=\"f33e065\" data-element_type=\"column\" data-e-type=\"column\">\n\t\t\t<div class=\"elementor-widget-wrap elementor-element-populated\">\n\t\t\t\t\t\t<div class=\"elementor-element elementor-element-62d83ad elementor-widget elementor-widget-spacer\" data-id=\"62d83ad\" data-element_type=\"widget\" data-e-type=\"widget\" data-widget_type=\"spacer.default\">\n\t\t\t\t<div class=\"elementor-widget-container\">\n\t\t\t\t\t\t\t<div class=\"elementor-spacer\">\n\t\t\t<div class=\"elementor-spacer-inner\"><\/div>\n\t\t<\/div>\n\t\t\t\t\t\t<\/div>\n\t\t\t\t<\/div>\n\t\t\t\t\t<\/div>\n\t\t<\/div>\n\t\t\t\t\t<\/div>\n\t\t<\/section>\n\t\t\t\t<\/div>\n\t\t\n\t\t\t\t\t\t\t\t\t\t\t<\/div>\n\t\t\t\t\t\t\t\t\t<\/div>\n\t\t\t<\/div>\n\t\t<\/div>\n\t\t\t\t\t\t<\/div>\n\t\t\t\t<\/div>\n\t\t\t\t<div class=\"elementor-element elementor-element-f0b06a2 elementor-widget elementor-widget-spacer\" data-id=\"f0b06a2\" data-element_type=\"widget\" data-e-type=\"widget\" data-widget_type=\"spacer.default\">\n\t\t\t\t<div class=\"elementor-widget-container\">\n\t\t\t\t\t\t\t<div class=\"elementor-spacer\">\n\t\t\t<div class=\"elementor-spacer-inner\"><\/div>\n\t\t<\/div>\n\t\t\t\t\t\t<\/div>\n\t\t\t\t<\/div>\n\t\t\t\t<div class=\"elementor-element elementor-element-39089a1 elementor-grid-5 elementor-shape-square e-grid-align-center elementor-widget elementor-widget-social-icons\" data-id=\"39089a1\" data-element_type=\"widget\" data-e-type=\"widget\" data-widget_type=\"social-icons.default\">\n\t\t\t\t<div class=\"elementor-widget-container\">\n\t\t\t\t\t\t\t<div class=\"elementor-social-icons-wrapper elementor-grid\" role=\"list\">\n\t\t\t\t\t\t\t<span class=\"elementor-grid-item\" role=\"listitem\">\n\t\t\t\t\t<a class=\"elementor-icon elementor-social-icon elementor-social-icon-facebook elementor-animation-pulse elementor-repeater-item-26c2a9e\" href=\"https:\/\/www.facebook.com\/trailforth\" target=\"_blank\">\n\t\t\t\t\t\t<span class=\"elementor-screen-only\">Facebook<\/span>\n\t\t\t\t\t\t<i aria-hidden=\"true\" class=\"fab fa-facebook\"><\/i>\t\t\t\t\t<\/a>\n\t\t\t\t<\/span>\n\t\t\t\t\t\t\t<span class=\"elementor-grid-item\" role=\"listitem\">\n\t\t\t\t\t<a class=\"elementor-icon elementor-social-icon elementor-social-icon-instagram elementor-animation-pulse elementor-repeater-item-c1aeb75\" href=\"https:\/\/www.instagram.com\/trailforth\/\" target=\"_blank\">\n\t\t\t\t\t\t<span class=\"elementor-screen-only\">Instagram<\/span>\n\t\t\t\t\t\t<i aria-hidden=\"true\" class=\"fab fa-instagram\"><\/i>\t\t\t\t\t<\/a>\n\t\t\t\t<\/span>\n\t\t\t\t\t\t\t<span class=\"elementor-grid-item\" role=\"listitem\">\n\t\t\t\t\t<a class=\"elementor-icon elementor-social-icon elementor-social-icon-whatsapp elementor-animation-pulse elementor-repeater-item-2466bb6\" href=\"https:\/\/wa.me\/13464739739\" target=\"_blank\">\n\t\t\t\t\t\t<span class=\"elementor-screen-only\">Whatsapp<\/span>\n\t\t\t\t\t\t<i aria-hidden=\"true\" class=\"fab fa-whatsapp\"><\/i>\t\t\t\t\t<\/a>\n\t\t\t\t<\/span>\n\t\t\t\t\t\t\t<span class=\"elementor-grid-item\" role=\"listitem\">\n\t\t\t\t\t<a class=\"elementor-icon elementor-social-icon elementor-social-icon-x-twitter elementor-animation-pulse elementor-repeater-item-4ad9113\" href=\"https:\/\/twitter.com\/trailforth\" target=\"_blank\">\n\t\t\t\t\t\t<span class=\"elementor-screen-only\">X-twitter<\/span>\n\t\t\t\t\t\t<i aria-hidden=\"true\" class=\"fab fa-x-twitter\"><\/i>\t\t\t\t\t<\/a>\n\t\t\t\t<\/span>\n\t\t\t\t\t<\/div>\n\t\t\t\t\t\t<\/div>\n\t\t\t\t<\/div>\n\t\t\t\t<div class=\"elementor-element elementor-element-ea48a84 elementor-widget__width-initial elementor-widget elementor-widget-spacer\" data-id=\"ea48a84\" data-element_type=\"widget\" data-e-type=\"widget\" data-widget_type=\"spacer.default\">\n\t\t\t\t<div class=\"elementor-widget-container\">\n\t\t\t\t\t\t\t<div class=\"elementor-spacer\">\n\t\t\t<div class=\"elementor-spacer-inner\"><\/div>\n\t\t<\/div>\n\t\t\t\t\t\t<\/div>\n\t\t\t\t<\/div>\n\t\t\t\t\t<\/div>\n\t\t<\/div>\n\t\t\t\t<div class=\"elementor-column elementor-col-33 elementor-inner-column elementor-element elementor-element-35c1b9c\" data-id=\"35c1b9c\" data-element_type=\"column\" data-e-type=\"column\" data-settings=\"{&quot;background_background&quot;:&quot;classic&quot;}\">\n\t\t\t<div class=\"elementor-widget-wrap\">\n\t\t\t\t\t\t\t<\/div>\n\t\t<\/div>\n\t\t\t\t<div class=\"elementor-column elementor-col-33 elementor-inner-column elementor-element elementor-element-533bc71\" data-id=\"533bc71\" data-element_type=\"column\" data-e-type=\"column\" data-settings=\"{&quot;background_background&quot;:&quot;classic&quot;}\">\n\t\t\t<div class=\"elementor-widget-wrap elementor-element-populated\">\n\t\t\t\t\t\t<div class=\"elementor-element elementor-element-d1b1016 animated-slow elementor-invisible elementor-widget elementor-widget-testimonial\" data-id=\"d1b1016\" data-element_type=\"widget\" data-e-type=\"widget\" data-settings=\"{&quot;_animation&quot;:&quot;fadeIn&quot;}\" data-widget_type=\"testimonial.default\">\n\t\t\t\t<div class=\"elementor-widget-container\">\n\t\t\t\t\t\t\t<div class=\"elementor-testimonial-wrapper\">\n\t\t\t\t\t\t\t<div class=\"elementor-testimonial-content\">Bienvenido a Trail Forth Journal, espero que hayas disfrutado descrubir un poco m\u00e1s de Ecuador. Si tienes alguna pregunta, estoy siempre dispuesto a ayudarte, as\u00ed que no dudes en ponerte en contacto conmigo, ser\u00e1 un placer escucharte.<\/div>\n\t\t\t\n\t\t\t\t\t<\/div>\n\t\t\t\t\t\t<\/div>\n\t\t\t\t<\/div>\n\t\t\t\t\t<\/div>\n\t\t<\/div>\n\t\t\t\t\t<\/div>\n\t\t<\/section>\n\t\t\t\t\t<\/div>\n\t\t<\/div>\n\t\t\t\t\t<\/div>\n\t\t<\/section>\n\t\t\t\t<section class=\"elementor-section elementor-top-section elementor-element elementor-element-069f2af elementor-section-boxed elementor-section-height-default elementor-section-height-default wpr-particle-no wpr-jarallax-no wpr-parallax-no wpr-sticky-section-no wpr-equal-height-no\" data-id=\"069f2af\" data-element_type=\"section\" data-e-type=\"section\">\n\t\t\t\t\t\t<div class=\"elementor-container elementor-column-gap-default\">\n\t\t\t\t\t<div class=\"elementor-column elementor-col-100 elementor-top-column elementor-element elementor-element-cac6f38\" data-id=\"cac6f38\" data-element_type=\"column\" data-e-type=\"column\">\n\t\t\t<div class=\"elementor-widget-wrap elementor-element-populated\">\n\t\t\t\t\t\t<div class=\"elementor-element elementor-element-62bd3e0 elementor-widget elementor-widget-spacer\" data-id=\"62bd3e0\" data-element_type=\"widget\" data-e-type=\"widget\" data-widget_type=\"spacer.default\">\n\t\t\t\t<div class=\"elementor-widget-container\">\n\t\t\t\t\t\t\t<div class=\"elementor-spacer\">\n\t\t\t<div class=\"elementor-spacer-inner\"><\/div>\n\t\t<\/div>\n\t\t\t\t\t\t<\/div>\n\t\t\t\t<\/div>\n\t\t\t\t\t<\/div>\n\t\t<\/div>\n\t\t\t\t\t<\/div>\n\t\t<\/section>\n\t\t\t\t<section class=\"elementor-section elementor-top-section elementor-element elementor-element-b0ac756 elementor-section-boxed elementor-section-height-default elementor-section-height-default wpr-particle-no wpr-jarallax-no wpr-parallax-no wpr-sticky-section-no wpr-equal-height-no\" data-id=\"b0ac756\" data-element_type=\"section\" data-e-type=\"section\">\n\t\t\t\t\t\t<div class=\"elementor-container elementor-column-gap-default\">\n\t\t\t\t\t<div class=\"elementor-column elementor-col-100 elementor-top-column elementor-element elementor-element-a6f8d20\" data-id=\"a6f8d20\" data-element_type=\"column\" data-e-type=\"column\">\n\t\t\t<div class=\"elementor-widget-wrap elementor-element-populated\">\n\t\t\t\t\t\t<div class=\"elementor-element elementor-element-73722ac elementor-shape-rounded elementor-grid-0 e-grid-align-center elementor-widget elementor-widget-social-icons\" data-id=\"73722ac\" data-element_type=\"widget\" data-e-type=\"widget\" data-widget_type=\"social-icons.default\">\n\t\t\t\t<div class=\"elementor-widget-container\">\n\t\t\t\t\t\t\t<div class=\"elementor-social-icons-wrapper elementor-grid\">\n\t\t\t\t\t\t\t<span class=\"elementor-grid-item\">\n\t\t\t\t\t<a class=\"elementor-icon elementor-social-icon elementor-social-icon-ellipsis-v elementor-repeater-item-07ab4f2\" target=\"_blank\">\n\t\t\t\t\t\t<span class=\"elementor-screen-only\">Ellipsis-v<\/span>\n\t\t\t\t\t\t<i aria-hidden=\"true\" class=\"fas fa-ellipsis-v\"><\/i>\t\t\t\t\t<\/a>\n\t\t\t\t<\/span>\n\t\t\t\t\t<\/div>\n\t\t\t\t\t\t<\/div>\n\t\t\t\t<\/div>\n\t\t\t\t\t<\/div>\n\t\t<\/div>\n\t\t\t\t\t<\/div>\n\t\t<\/section>\n\t\t\t\t<section class=\"elementor-section elementor-top-section elementor-element elementor-element-293c15a elementor-section-boxed elementor-section-height-default elementor-section-height-default wpr-particle-no wpr-jarallax-no wpr-parallax-no wpr-sticky-section-no wpr-equal-height-no\" data-id=\"293c15a\" data-element_type=\"section\" data-e-type=\"section\">\n\t\t\t\t\t\t<div class=\"elementor-container elementor-column-gap-no\">\n\t\t\t\t\t<div class=\"elementor-column elementor-col-100 elementor-top-column elementor-element elementor-element-502b656\" data-id=\"502b656\" data-element_type=\"column\" data-e-type=\"column\">\n\t\t\t<div class=\"elementor-widget-wrap elementor-element-populated\">\n\t\t\t\t\t\t<div class=\"elementor-element elementor-element-fb29970 elementor-widget elementor-widget-heading\" data-id=\"fb29970\" data-element_type=\"widget\" data-e-type=\"widget\" data-widget_type=\"heading.default\">\n\t\t\t\t<div class=\"elementor-widget-container\">\n\t\t\t\t\t<h2 class=\"elementor-heading-title elementor-size-default\">Compartir<\/h2>\t\t\t\t<\/div>\n\t\t\t\t<\/div>\n\t\t\t\t\t<\/div>\n\t\t<\/div>\n\t\t\t\t\t<\/div>\n\t\t<\/section>\n\t\t\t\t<section class=\"elementor-section elementor-top-section elementor-element elementor-element-44f3217 elementor-section-boxed elementor-section-height-default elementor-section-height-default wpr-particle-no wpr-jarallax-no wpr-parallax-no wpr-sticky-section-no wpr-equal-height-no\" data-id=\"44f3217\" data-element_type=\"section\" data-e-type=\"section\">\n\t\t\t\t\t\t<div class=\"elementor-container elementor-column-gap-default\">\n\t\t\t\t\t<div class=\"elementor-column elementor-col-100 elementor-top-column elementor-element elementor-element-295aa8d\" data-id=\"295aa8d\" data-element_type=\"column\" data-e-type=\"column\">\n\t\t\t<div class=\"elementor-widget-wrap elementor-element-populated\">\n\t\t\t\t\t\t<div class=\"elementor-element elementor-element-0764d4d elementor-widget elementor-widget-spacer\" data-id=\"0764d4d\" data-element_type=\"widget\" data-e-type=\"widget\" data-widget_type=\"spacer.default\">\n\t\t\t\t<div class=\"elementor-widget-container\">\n\t\t\t\t\t\t\t<div class=\"elementor-spacer\">\n\t\t\t<div class=\"elementor-spacer-inner\"><\/div>\n\t\t<\/div>\n\t\t\t\t\t\t<\/div>\n\t\t\t\t<\/div>\n\t\t\t\t\t<\/div>\n\t\t<\/div>\n\t\t\t\t\t<\/div>\n\t\t<\/section>\n\t\t\t\t<section class=\"elementor-section elementor-top-section elementor-element elementor-element-5bf6065 elementor-section-boxed elementor-section-height-default elementor-section-height-default wpr-particle-no wpr-jarallax-no wpr-parallax-no wpr-sticky-section-no wpr-equal-height-no\" data-id=\"5bf6065\" data-element_type=\"section\" data-e-type=\"section\">\n\t\t\t\t\t\t<div class=\"elementor-container elementor-column-gap-no\">\n\t\t\t\t\t<div class=\"elementor-column elementor-col-100 elementor-top-column elementor-element elementor-element-bcaab52\" data-id=\"bcaab52\" data-element_type=\"column\" data-e-type=\"column\">\n\t\t\t<div class=\"elementor-widget-wrap elementor-element-populated\">\n\t\t\t\t\t\t<div class=\"elementor-element elementor-element-cd42a45 elementor-view-default elementor-widget elementor-widget-icon\" data-id=\"cd42a45\" data-element_type=\"widget\" data-e-type=\"widget\" data-widget_type=\"icon.default\">\n\t\t\t\t<div class=\"elementor-widget-container\">\n\t\t\t\t\t\t\t<div class=\"elementor-icon-wrapper\">\n\t\t\t<div class=\"elementor-icon\">\n\t\t\t<i aria-hidden=\"true\" class=\"fas fa-share-alt\"><\/i>\t\t\t<\/div>\n\t\t<\/div>\n\t\t\t\t\t\t<\/div>\n\t\t\t\t<\/div>\n\t\t\t\t\t<\/div>\n\t\t<\/div>\n\t\t\t\t\t<\/div>\n\t\t<\/section>\n\t\t\t\t<section class=\"elementor-section elementor-top-section elementor-element elementor-element-5b2bebe elementor-section-boxed elementor-section-height-default elementor-section-height-default wpr-particle-no wpr-jarallax-no wpr-parallax-no wpr-sticky-section-no wpr-equal-height-no\" data-id=\"5b2bebe\" data-element_type=\"section\" data-e-type=\"section\">\n\t\t\t\t\t\t<div class=\"elementor-container elementor-column-gap-default\">\n\t\t\t\t\t<div class=\"elementor-column elementor-col-100 elementor-top-column elementor-element elementor-element-990e48f\" data-id=\"990e48f\" data-element_type=\"column\" data-e-type=\"column\">\n\t\t\t<div class=\"elementor-widget-wrap elementor-element-populated\">\n\t\t\t\t\t\t<div class=\"elementor-element elementor-element-de0368e elementor-widget elementor-widget-spacer\" data-id=\"de0368e\" data-element_type=\"widget\" data-e-type=\"widget\" data-widget_type=\"spacer.default\">\n\t\t\t\t<div class=\"elementor-widget-container\">\n\t\t\t\t\t\t\t<div class=\"elementor-spacer\">\n\t\t\t<div class=\"elementor-spacer-inner\"><\/div>\n\t\t<\/div>\n\t\t\t\t\t\t<\/div>\n\t\t\t\t<\/div>\n\t\t\t\t\t<\/div>\n\t\t<\/div>\n\t\t\t\t\t<\/div>\n\t\t<\/section>\n\t\t\t\t<section class=\"elementor-section elementor-top-section elementor-element elementor-element-9d2c598 elementor-section-boxed elementor-section-height-default elementor-section-height-default wpr-particle-no wpr-jarallax-no wpr-parallax-no wpr-sticky-section-no wpr-equal-height-no\" data-id=\"9d2c598\" data-element_type=\"section\" data-e-type=\"section\">\n\t\t\t\t\t\t<div class=\"elementor-container elementor-column-gap-default\">\n\t\t\t\t\t<div class=\"elementor-column elementor-col-100 elementor-top-column elementor-element elementor-element-4d4e964\" data-id=\"4d4e964\" data-element_type=\"column\" data-e-type=\"column\">\n\t\t\t<div class=\"elementor-widget-wrap elementor-element-populated\">\n\t\t\t\t\t\t<div class=\"elementor-element elementor-element-632d136 elementor-grid-0 elementor-widget elementor-widget-wpr-sharing-buttons\" data-id=\"632d136\" data-element_type=\"widget\" data-e-type=\"widget\" data-widget_type=\"wpr-sharing-buttons.default\">\n\t\t\t\t<div class=\"elementor-widget-container\">\n\t\t\t\t\t<div class=\"wpr-sharing-buttons elementor-grid wpr-sharing-official wpr-sharing-label-off wpr-sharing-label-tr\"><div class=\"elementor-grid-item\"><a href=\"https:\/\/www.facebook.com\/sharer.php?u=https:\/\/trailforthjournal.com\/es\/cultura\/importancia-del-turismo-ecuador\/\" class=\"wpr-sharing-icon wpr-sharing-facebook-f\" title=\"\" target=\"_blank\"><i class=\"fab fa-facebook-f\"><\/i><\/a><\/div><div class=\"elementor-grid-item\"><a href=\"https:\/\/twitter.com\/intent\/tweet?url=https:\/\/trailforthjournal.com\/es\/cultura\/importancia-del-turismo-ecuador\/\" class=\"wpr-sharing-icon wpr-sharing-twitter\" title=\"\" target=\"_blank\"><i class=\"fab fa-twitter\"><\/i><\/a><\/div><div class=\"elementor-grid-item\"><a href=\"https:\/\/www.linkedin.com\/shareArticle?mini=true&url=https:\/\/trailforthjournal.com\/es\/cultura\/importancia-del-turismo-ecuador\/&title=La importancia del Turismo para Ecuador: Motor de la Econom\u00eda y el Desarrollo Sostenible&summary=De acuerdo la Banco de Desarrollo del Ecuador, el Turismo es uno de los sectores econ\u00f3micos de mayor crecimiento con el 10,2% del (PIB).&source=https:\/\/trailforthjournal.com\/es\/cultura\/importancia-del-turismo-ecuador\/\" class=\"wpr-sharing-icon wpr-sharing-linkedin-in\" title=\"\" target=\"_blank\"><i class=\"fab fa-linkedin-in\"><\/i><\/a><\/div><div class=\"elementor-grid-item\"><a href=\"https:\/\/api.whatsapp.com\/send?text=*La importancia del Turismo para Ecuador: Motor de la Econom\u00eda y el Desarrollo Sostenible*%0ahttps:\/\/trailforthjournal.com\/es\/cultura\/importancia-del-turismo-ecuador\/\" class=\"wpr-sharing-icon wpr-sharing-whatsapp\" title=\"\" target=\"_blank\"><i class=\"fab fa-whatsapp\"><\/i><\/a><\/div><div class=\"elementor-grid-item\"><a href=\"mailto:?subject=La importancia del Turismo para Ecuador: Motor de la Econom\u00eda y el Desarrollo Sostenible&body=https:\/\/trailforthjournal.com\/es\/cultura\/importancia-del-turismo-ecuador\/\" class=\"wpr-sharing-icon wpr-sharing-envelope\" title=\"\" target=\"_blank\"><i class=\"fas fa-envelope\"><\/i><\/a><\/div><\/div>\t\t\t\t<\/div>\n\t\t\t\t<\/div>\n\t\t\t\t\t<\/div>\n\t\t<\/div>\n\t\t\t\t\t<\/div>\n\t\t<\/section>\n\t\t\t\t<section class=\"elementor-section elementor-top-section elementor-element elementor-element-95447d0 elementor-section-boxed elementor-section-height-default elementor-section-height-default wpr-particle-no wpr-jarallax-no wpr-parallax-no wpr-sticky-section-no wpr-equal-height-no\" data-id=\"95447d0\" data-element_type=\"section\" data-e-type=\"section\">\n\t\t\t\t\t\t<div class=\"elementor-container elementor-column-gap-default\">\n\t\t\t\t\t<div class=\"elementor-column elementor-col-100 elementor-top-column elementor-element elementor-element-33011e1\" data-id=\"33011e1\" data-element_type=\"column\" data-e-type=\"column\">\n\t\t\t<div class=\"elementor-widget-wrap elementor-element-populated\">\n\t\t\t\t\t\t<div class=\"elementor-element elementor-element-70e0c3a elementor-widget elementor-widget-spacer\" data-id=\"70e0c3a\" data-element_type=\"widget\" data-e-type=\"widget\" data-widget_type=\"spacer.default\">\n\t\t\t\t<div class=\"elementor-widget-container\">\n\t\t\t\t\t\t\t<div class=\"elementor-spacer\">\n\t\t\t<div class=\"elementor-spacer-inner\"><\/div>\n\t\t<\/div>\n\t\t\t\t\t\t<\/div>\n\t\t\t\t<\/div>\n\t\t\t\t\t<\/div>\n\t\t<\/div>\n\t\t\t\t\t<\/div>\n\t\t<\/section>\n\t\t\t\t<section class=\"elementor-section elementor-top-section elementor-element elementor-element-7c77636 elementor-section-boxed elementor-section-height-default elementor-section-height-default wpr-particle-no wpr-jarallax-no wpr-parallax-no wpr-sticky-section-no wpr-equal-height-no\" data-id=\"7c77636\" data-element_type=\"section\" data-e-type=\"section\">\n\t\t\t\t\t\t<div class=\"elementor-container elementor-column-gap-no\">\n\t\t\t\t\t<div class=\"elementor-column elementor-col-100 elementor-top-column elementor-element elementor-element-c95c361\" data-id=\"c95c361\" data-element_type=\"column\" data-e-type=\"column\">\n\t\t\t<div class=\"elementor-widget-wrap elementor-element-populated\">\n\t\t\t\t\t\t<div class=\"elementor-element elementor-element-49d7cff premium-title-color elementor-widget elementor-widget-premium-addon-title\" data-id=\"49d7cff\" data-element_type=\"widget\" data-e-type=\"widget\" data-widget_type=\"premium-addon-title.default\">\n\t\t\t\t<div class=\"elementor-widget-container\">\n\t\t\t\t\t\n\t\t<div class=\"premium-title-container style7\">\n\t\t\t<h2 class=\"premium-title-header premium-title-style7\">\n\t\t\t\t\t\t\t\t\t\t\t\t\t\t\t<span class=\"premium-title-style7-stripe-wrap\">\n\t\t\t\t\t\t\t<span class=\"premium-title-style7-stripe\"><\/span>\n\t\t\t\t\t\t<\/span>\n\t\t\t\t\t\t\t\t\t\t<div class=\"premium-title-style7-inner\">\n\t\t\t\t\n\t\t\t\t\n\t\t\t\t\t\t\t\t\t\t\t\t\t\t\t\t\t\t\t\t\t<span class=\"premium-title-text\">\n\t\t\t\t\tRelacionado\t\t\t\t<\/span>\n\t\t\t\t\t\n\t\t\t\t\t\t\t\t\t<\/div>\n\t\t\t\t\t\t\t\t\n\t\t\t\t\t\t\t<\/h2>\n\n\t\t<\/div>\n\n\t\t\t\t\t\t<\/div>\n\t\t\t\t<\/div>\n\t\t\t\t\t<\/div>\n\t\t<\/div>\n\t\t\t\t\t<\/div>\n\t\t<\/section>\n\t\t\t\t<section class=\"elementor-section elementor-top-section elementor-element elementor-element-a5847a5 elementor-section-content-middle elementor-section-full_width elementor-section-height-default elementor-section-height-default wpr-particle-no wpr-jarallax-no wpr-parallax-no wpr-sticky-section-no wpr-equal-height-no\" data-id=\"a5847a5\" data-element_type=\"section\" data-e-type=\"section\">\n\t\t\t\t\t\t<div class=\"elementor-container elementor-column-gap-no\">\n\t\t\t\t\t<div class=\"elementor-column elementor-col-100 elementor-top-column elementor-element elementor-element-f693e36\" data-id=\"f693e36\" data-element_type=\"column\" data-e-type=\"column\">\n\t\t\t<div class=\"elementor-widget-wrap elementor-element-populated\">\n\t\t\t\t\t\t<div class=\"elementor-element elementor-element-b1c547c premium-blog-align-left elementor-widget elementor-widget-premium-addon-blog\" data-id=\"b1c547c\" data-element_type=\"widget\" data-e-type=\"widget\" data-settings=\"{&quot;force_height&quot;:&quot;true&quot;,&quot;premium_blog_columns_number&quot;:&quot;25%&quot;,&quot;premium_blog_grid&quot;:&quot;yes&quot;,&quot;premium_blog_layout&quot;:&quot;even&quot;,&quot;premium_blog_columns_number_tablet&quot;:&quot;50%&quot;,&quot;premium_blog_columns_number_mobile&quot;:&quot;100%&quot;,&quot;scroll_to_offset&quot;:&quot;yes&quot;}\" data-widget_type=\"premium-addon-blog.default\">\n\t\t\t\t<div class=\"elementor-widget-container\">\n\t\t\t\t\t\n\t\t\n\n\t\t\t\t<div class=\"premium-blog-wrap  premium-blog-even\" data-page=\"13829\">\n\t\t\t\t\t\t\t\t\t<div class=\"premium-blog-post-outer-container\" data-total=\"1\">\n\t\t\t<div class=\"premium-blog-post-container premium-blog-skin-banner\">\n\t\t\t\t\t\t\t\t\t<div class=\"premium-blog-thumb-effect-wrapper\">\n\t\t\t\t\t\t<div class=\"premium-blog-thumbnail-container premium-blog-zoomin-effect\">\n\t\t\t\t\t\t\t<img fetchpriority=\"high\" decoding=\"async\" data-attachment-id=\"50444\" data-permalink=\"https:\/\/trailforthjournal.com\/es\/aventura\/avenida-de-los-volcanes-ecuador\/attachment\/avenida-de-los-volcances-tungurahua\/\" data-orig-file=\"https:\/\/i0.wp.com\/trailforthjournal.com\/es\/wp-content\/uploads\/sites\/4\/2026\/01\/avenida-de-los-volcances-tungurahua.webp?fit=1440%2C961&amp;ssl=1\" data-orig-size=\"1440,961\" data-comments-opened=\"0\" data-image-meta=\"{&quot;aperture&quot;:&quot;0&quot;,&quot;credit&quot;:&quot;&quot;,&quot;camera&quot;:&quot;&quot;,&quot;caption&quot;:&quot;&quot;,&quot;created_timestamp&quot;:&quot;0&quot;,&quot;copyright&quot;:&quot;&quot;,&quot;focal_length&quot;:&quot;0&quot;,&quot;iso&quot;:&quot;0&quot;,&quot;shutter_speed&quot;:&quot;0&quot;,&quot;title&quot;:&quot;&quot;,&quot;orientation&quot;:&quot;0&quot;}\" data-image-title=\"volcan-tungurahua-avenida-volcanes-ecuador-turismo\" data-image-description=\"&lt;p&gt;Fotograf\u00eda de paisaje del Volc\u00e1n Tungurahua al amanecer o atardecer. Se observa la cima con nieve, laderas escarpadas y un mar de nubes que cubre los valles, con vegetaci\u00f3n densa de bosque nublado en primer plano&lt;\/p&gt;\n\" data-image-caption=\"&lt;p&gt;Vista del Volc\u00e1n Tungurahua nevado con nubes bajas y bosque andino exuberante en la Avenida de los Volcanes, Ecuador&lt;\/p&gt;\n\" data-large-file=\"https:\/\/i0.wp.com\/trailforthjournal.com\/es\/wp-content\/uploads\/sites\/4\/2026\/01\/avenida-de-los-volcances-tungurahua.webp?fit=1024%2C683&amp;ssl=1\" width=\"1440\" height=\"961\" src=\"https:\/\/i0.wp.com\/trailforthjournal.com\/es\/wp-content\/uploads\/sites\/4\/2026\/01\/avenida-de-los-volcances-tungurahua.webp?fit=1440%2C961&amp;ssl=1\" class=\"attachment-full size-full wp-image-50444\" alt=\"Vista del Volc\u00e1n Tungurahua nevado con nubes bajas y bosque andino exuberante en la Avenida de los Volcanes, Ecuador\" data-attachment-id=\"50444\" data-permalink=\"https:\/\/trailforthjournal.com\/es\/aventura\/avenida-de-los-volcanes-ecuador\/attachment\/avenida-de-los-volcances-tungurahua\/\" data-orig-file=\"https:\/\/i0.wp.com\/trailforthjournal.com\/es\/wp-content\/uploads\/sites\/4\/2026\/01\/avenida-de-los-volcances-tungurahua.webp?fit=1440%2C961&amp;ssl=1\" data-orig-size=\"1440,961\" data-comments-opened=\"0\" data-image-meta=\"{&quot;aperture&quot;:&quot;0&quot;,&quot;credit&quot;:&quot;&quot;,&quot;camera&quot;:&quot;&quot;,&quot;caption&quot;:&quot;&quot;,&quot;created_timestamp&quot;:&quot;0&quot;,&quot;copyright&quot;:&quot;&quot;,&quot;focal_length&quot;:&quot;0&quot;,&quot;iso&quot;:&quot;0&quot;,&quot;shutter_speed&quot;:&quot;0&quot;,&quot;title&quot;:&quot;&quot;,&quot;orientation&quot;:&quot;0&quot;}\" data-image-title=\"volcan-tungurahua-avenida-volcanes-ecuador-turismo\" data-image-description=\"&lt;p&gt;Fotograf\u00eda de paisaje del Volc\u00e1n Tungurahua al amanecer o atardecer. Se observa la cima con nieve, laderas escarpadas y un mar de nubes que cubre los valles, con vegetaci\u00f3n densa de bosque nublado en primer plano&lt;\/p&gt;\n\" data-image-caption=\"&lt;p&gt;Vista del Volc\u00e1n Tungurahua nevado con nubes bajas y bosque andino exuberante en la Avenida de los Volcanes, Ecuador&lt;\/p&gt;\n\" data-large-file=\"https:\/\/i0.wp.com\/trailforthjournal.com\/es\/wp-content\/uploads\/sites\/4\/2026\/01\/avenida-de-los-volcances-tungurahua.webp?fit=1024%2C683&amp;ssl=1\" srcset=\"https:\/\/i0.wp.com\/trailforthjournal.com\/es\/wp-content\/uploads\/sites\/4\/2026\/01\/avenida-de-los-volcances-tungurahua.webp?w=1440&amp;ssl=1 1440w, https:\/\/i0.wp.com\/trailforthjournal.com\/es\/wp-content\/uploads\/sites\/4\/2026\/01\/avenida-de-los-volcances-tungurahua.webp?resize=300%2C200&amp;ssl=1 300w, https:\/\/i0.wp.com\/trailforthjournal.com\/es\/wp-content\/uploads\/sites\/4\/2026\/01\/avenida-de-los-volcances-tungurahua.webp?resize=1024%2C683&amp;ssl=1 1024w, https:\/\/i0.wp.com\/trailforthjournal.com\/es\/wp-content\/uploads\/sites\/4\/2026\/01\/avenida-de-los-volcances-tungurahua.webp?resize=768%2C513&amp;ssl=1 768w, https:\/\/i0.wp.com\/trailforthjournal.com\/es\/wp-content\/uploads\/sites\/4\/2026\/01\/avenida-de-los-volcances-tungurahua.webp?resize=75%2C50&amp;ssl=1 75w, https:\/\/i0.wp.com\/trailforthjournal.com\/es\/wp-content\/uploads\/sites\/4\/2026\/01\/avenida-de-los-volcances-tungurahua.webp?resize=600%2C400&amp;ssl=1 600w\" sizes=\"(max-width: 1032px) 100vw, 1032px\" \/>\t\t\t\t\t\t<\/div>\n\t\t\t\t\t\t\t\t\t\t\t\t\t<div class=\"premium-blog-thumbnail-overlay\">\n\t\t\t\t\t\t\t\t<a class=\"elementor-icon\" href=\"https:\/\/trailforthjournal.com\/es\/aventura\/avenida-de-los-volcanes-ecuador\/\" target=\"_blank\"><\/a>\n\t\t\t\t\t\t\t<\/div>\n\n\t\t\t\t\t\t\t\t\t\t\t\t\t\t\t\t\t\t<\/div>\n\t\t\t\t\t\t\t\t\t\t\t\t<div class=\"premium-blog-content-wrapper \">\n\n\t\t\t\t\t<div class=\"premium-blog-inner-container\">\n\n\t\t\t\t\t\t\t\t\t\t\t\t\t\t<h1 class=\"premium-blog-entry-title\">\n\t\t\t<a href=\"https:\/\/trailforthjournal.com\/es\/aventura\/avenida-de-los-volcanes-ecuador\/\" target=\"_blank\">\n\t\t\t\tGu\u00eda de la Avenida de los Volcanes en Ecuador: fotograf\u00eda y aventura\t\t\t<\/a>\n\t\t<\/h1>\n\t\t\t\t<div class=\"premium-blog-entry-meta\">\n\t\t\t\n\t\t\t\n\t\t\t\n\t\t\t\t\t<\/div>\n\t\t\n\t\t\t\t\t<\/div>\n\n\t\t\t\t\t\t\t\t\t\t\n\t\t\t\t<\/div>\n\t\t\t<\/div>\n\t\t<\/div>\n\n\t\t\t\t<div class=\"premium-blog-post-outer-container\" data-total=\"1\">\n\t\t\t<div class=\"premium-blog-post-container premium-blog-skin-banner\">\n\t\t\t\t\t\t\t\t\t<div class=\"premium-blog-thumb-effect-wrapper\">\n\t\t\t\t\t\t<div class=\"premium-blog-thumbnail-container premium-blog-zoomin-effect\">\n\t\t\t\t\t\t\t<img decoding=\"async\" data-attachment-id=\"41861\" data-permalink=\"https:\/\/trailforthjournal.com\/es\/embajador\/\" data-orig-file=\"https:\/\/i0.wp.com\/trailforthjournal.com\/es\/wp-content\/uploads\/sites\/4\/2025\/06\/Embajador.jpg?fit=2457%2C1771&amp;ssl=1\" data-orig-size=\"2457,1771\" data-comments-opened=\"0\" data-image-meta=\"{&quot;aperture&quot;:&quot;0&quot;,&quot;credit&quot;:&quot;&quot;,&quot;camera&quot;:&quot;&quot;,&quot;caption&quot;:&quot;&quot;,&quot;created_timestamp&quot;:&quot;0&quot;,&quot;copyright&quot;:&quot;&quot;,&quot;focal_length&quot;:&quot;0&quot;,&quot;iso&quot;:&quot;0&quot;,&quot;shutter_speed&quot;:&quot;0&quot;,&quot;title&quot;:&quot;&quot;,&quot;orientation&quot;:&quot;0&quot;}\" data-image-title=\"Embajador de ecuador\" data-image-description=\"&lt;p&gt;Embajador de ecuador&lt;\/p&gt;\n\" data-image-caption=\"&lt;p&gt;Embajador de ecuador&lt;\/p&gt;\n\" data-large-file=\"https:\/\/i0.wp.com\/trailforthjournal.com\/es\/wp-content\/uploads\/sites\/4\/2025\/06\/Embajador.jpg?fit=1024%2C738&amp;ssl=1\" width=\"2457\" height=\"1771\" src=\"https:\/\/i0.wp.com\/trailforthjournal.com\/es\/wp-content\/uploads\/sites\/4\/2025\/06\/Embajador.jpg?fit=2457%2C1771&amp;ssl=1\" class=\"attachment-full size-full wp-image-41861\" alt=\"Embajador de ecuador\" data-attachment-id=\"41861\" data-permalink=\"https:\/\/trailforthjournal.com\/es\/embajador\/\" data-orig-file=\"https:\/\/i0.wp.com\/trailforthjournal.com\/es\/wp-content\/uploads\/sites\/4\/2025\/06\/Embajador.jpg?fit=2457%2C1771&amp;ssl=1\" data-orig-size=\"2457,1771\" data-comments-opened=\"0\" data-image-meta=\"{&quot;aperture&quot;:&quot;0&quot;,&quot;credit&quot;:&quot;&quot;,&quot;camera&quot;:&quot;&quot;,&quot;caption&quot;:&quot;&quot;,&quot;created_timestamp&quot;:&quot;0&quot;,&quot;copyright&quot;:&quot;&quot;,&quot;focal_length&quot;:&quot;0&quot;,&quot;iso&quot;:&quot;0&quot;,&quot;shutter_speed&quot;:&quot;0&quot;,&quot;title&quot;:&quot;&quot;,&quot;orientation&quot;:&quot;0&quot;}\" data-image-title=\"Embajador de ecuador\" data-image-description=\"&lt;p&gt;Embajador de ecuador&lt;\/p&gt;\n\" data-image-caption=\"&lt;p&gt;Embajador de ecuador&lt;\/p&gt;\n\" data-large-file=\"https:\/\/i0.wp.com\/trailforthjournal.com\/es\/wp-content\/uploads\/sites\/4\/2025\/06\/Embajador.jpg?fit=1024%2C738&amp;ssl=1\" srcset=\"https:\/\/i0.wp.com\/trailforthjournal.com\/es\/wp-content\/uploads\/sites\/4\/2025\/06\/Embajador.jpg?w=2457&amp;ssl=1 2457w, https:\/\/i0.wp.com\/trailforthjournal.com\/es\/wp-content\/uploads\/sites\/4\/2025\/06\/Embajador.jpg?resize=300%2C216&amp;ssl=1 300w, https:\/\/i0.wp.com\/trailforthjournal.com\/es\/wp-content\/uploads\/sites\/4\/2025\/06\/Embajador.jpg?resize=1024%2C738&amp;ssl=1 1024w, https:\/\/i0.wp.com\/trailforthjournal.com\/es\/wp-content\/uploads\/sites\/4\/2025\/06\/Embajador.jpg?resize=768%2C554&amp;ssl=1 768w, https:\/\/i0.wp.com\/trailforthjournal.com\/es\/wp-content\/uploads\/sites\/4\/2025\/06\/Embajador.jpg?resize=1536%2C1107&amp;ssl=1 1536w, https:\/\/i0.wp.com\/trailforthjournal.com\/es\/wp-content\/uploads\/sites\/4\/2025\/06\/Embajador.jpg?resize=2048%2C1476&amp;ssl=1 2048w, https:\/\/i0.wp.com\/trailforthjournal.com\/es\/wp-content\/uploads\/sites\/4\/2025\/06\/Embajador.jpg?resize=69%2C50&amp;ssl=1 69w, https:\/\/i0.wp.com\/trailforthjournal.com\/es\/wp-content\/uploads\/sites\/4\/2025\/06\/Embajador.jpg?resize=600%2C432&amp;ssl=1 600w\" sizes=\"(max-width: 1032px) 100vw, 1032px\" \/>\t\t\t\t\t\t<\/div>\n\t\t\t\t\t\t\t\t\t\t\t\t\t<div class=\"premium-blog-thumbnail-overlay\">\n\t\t\t\t\t\t\t\t<a class=\"elementor-icon\" href=\"https:\/\/trailforthjournal.com\/es\/agencia\/registro-operadores-turistico-ecuador\/\" target=\"_blank\"><\/a>\n\t\t\t\t\t\t\t<\/div>\n\n\t\t\t\t\t\t\t\t\t\t\t\t\t\t\t\t\t\t<\/div>\n\t\t\t\t\t\t\t\t\t\t\t\t<div class=\"premium-blog-content-wrapper \">\n\n\t\t\t\t\t<div class=\"premium-blog-inner-container\">\n\n\t\t\t\t\t\t\t\t\t\t\t\t\t\t<h1 class=\"premium-blog-entry-title\">\n\t\t\t<a href=\"https:\/\/trailforthjournal.com\/es\/agencia\/registro-operadores-turistico-ecuador\/\" target=\"_blank\">\n\t\t\t\tRegistro de Operadores Tur\u00edsticos Ecuador | \u00danete a Trail Forth Journal\t\t\t<\/a>\n\t\t<\/h1>\n\t\t\t\t<div class=\"premium-blog-entry-meta\">\n\t\t\t\n\t\t\t\n\t\t\t\n\t\t\t\t\t<\/div>\n\t\t\n\t\t\t\t\t<\/div>\n\n\t\t\t\t\t\t\t\t\t\t\n\t\t\t\t<\/div>\n\t\t\t<\/div>\n\t\t<\/div>\n\n\t\t\t\t<div class=\"premium-blog-post-outer-container\" data-total=\"1\">\n\t\t\t<div class=\"premium-blog-post-container premium-blog-skin-banner\">\n\t\t\t\t\t\t\t\t\t<div class=\"premium-blog-thumb-effect-wrapper\">\n\t\t\t\t\t\t<div class=\"premium-blog-thumbnail-container premium-blog-zoomin-effect\">\n\t\t\t\t\t\t\t<img decoding=\"async\" data-attachment-id=\"12969\" data-permalink=\"https:\/\/trailforthjournal.com\/es\/ambiente\/reglas-imba-ciclismo-montana-ecuador\/attachment\/img_3304\/\" data-orig-file=\"https:\/\/i0.wp.com\/trailforthjournal.com\/es\/wp-content\/uploads\/sites\/4\/2022\/08\/IMG_3304.jpg?fit=1920%2C1280&amp;ssl=1\" data-orig-size=\"1920,1280\" data-comments-opened=\"0\" data-image-meta=\"{&quot;aperture&quot;:&quot;0&quot;,&quot;credit&quot;:&quot;&quot;,&quot;camera&quot;:&quot;&quot;,&quot;caption&quot;:&quot;&quot;,&quot;created_timestamp&quot;:&quot;0&quot;,&quot;copyright&quot;:&quot;&quot;,&quot;focal_length&quot;:&quot;0&quot;,&quot;iso&quot;:&quot;0&quot;,&quot;shutter_speed&quot;:&quot;0&quot;,&quot;title&quot;:&quot;&quot;,&quot;orientation&quot;:&quot;1&quot;}\" data-image-title=\"Reglas del camino, IMBA\" data-image-description=\"&lt;p&gt;Reglas del camino, IMBA&lt;\/p&gt;\n\" data-image-caption=\"&lt;p&gt;Reglas del camino, IMBA&lt;\/p&gt;\n\" data-large-file=\"https:\/\/i0.wp.com\/trailforthjournal.com\/es\/wp-content\/uploads\/sites\/4\/2022\/08\/IMG_3304.jpg?fit=1024%2C683&amp;ssl=1\" width=\"1920\" height=\"1280\" src=\"https:\/\/i0.wp.com\/trailforthjournal.com\/es\/wp-content\/uploads\/sites\/4\/2022\/08\/IMG_3304.jpg?fit=1920%2C1280&amp;ssl=1\" class=\"attachment-full size-full wp-image-12969\" alt=\"Reglas del camino, IMBA\" data-attachment-id=\"12969\" data-permalink=\"https:\/\/trailforthjournal.com\/es\/ambiente\/reglas-imba-ciclismo-montana-ecuador\/attachment\/img_3304\/\" data-orig-file=\"https:\/\/i0.wp.com\/trailforthjournal.com\/es\/wp-content\/uploads\/sites\/4\/2022\/08\/IMG_3304.jpg?fit=1920%2C1280&amp;ssl=1\" data-orig-size=\"1920,1280\" data-comments-opened=\"0\" data-image-meta=\"{&quot;aperture&quot;:&quot;0&quot;,&quot;credit&quot;:&quot;&quot;,&quot;camera&quot;:&quot;&quot;,&quot;caption&quot;:&quot;&quot;,&quot;created_timestamp&quot;:&quot;0&quot;,&quot;copyright&quot;:&quot;&quot;,&quot;focal_length&quot;:&quot;0&quot;,&quot;iso&quot;:&quot;0&quot;,&quot;shutter_speed&quot;:&quot;0&quot;,&quot;title&quot;:&quot;&quot;,&quot;orientation&quot;:&quot;1&quot;}\" data-image-title=\"Reglas del camino, IMBA\" data-image-description=\"&lt;p&gt;Reglas del camino, IMBA&lt;\/p&gt;\n\" data-image-caption=\"&lt;p&gt;Reglas del camino, IMBA&lt;\/p&gt;\n\" data-large-file=\"https:\/\/i0.wp.com\/trailforthjournal.com\/es\/wp-content\/uploads\/sites\/4\/2022\/08\/IMG_3304.jpg?fit=1024%2C683&amp;ssl=1\" srcset=\"https:\/\/i0.wp.com\/trailforthjournal.com\/es\/wp-content\/uploads\/sites\/4\/2022\/08\/IMG_3304.jpg?w=1920&amp;ssl=1 1920w, https:\/\/i0.wp.com\/trailforthjournal.com\/es\/wp-content\/uploads\/sites\/4\/2022\/08\/IMG_3304.jpg?resize=300%2C200&amp;ssl=1 300w, https:\/\/i0.wp.com\/trailforthjournal.com\/es\/wp-content\/uploads\/sites\/4\/2022\/08\/IMG_3304.jpg?resize=1024%2C683&amp;ssl=1 1024w, https:\/\/i0.wp.com\/trailforthjournal.com\/es\/wp-content\/uploads\/sites\/4\/2022\/08\/IMG_3304.jpg?resize=768%2C512&amp;ssl=1 768w, https:\/\/i0.wp.com\/trailforthjournal.com\/es\/wp-content\/uploads\/sites\/4\/2022\/08\/IMG_3304.jpg?resize=1536%2C1024&amp;ssl=1 1536w, https:\/\/i0.wp.com\/trailforthjournal.com\/es\/wp-content\/uploads\/sites\/4\/2022\/08\/IMG_3304.jpg?resize=225%2C150&amp;ssl=1 225w\" sizes=\"(max-width: 1032px) 100vw, 1032px\" \/>\t\t\t\t\t\t<\/div>\n\t\t\t\t\t\t\t\t\t\t\t\t\t<div class=\"premium-blog-thumbnail-overlay\">\n\t\t\t\t\t\t\t\t<a class=\"elementor-icon\" href=\"https:\/\/trailforthjournal.com\/es\/ambiente\/reglas-imba-ciclismo-montana-ecuador\/\" target=\"_blank\"><\/a>\n\t\t\t\t\t\t\t<\/div>\n\n\t\t\t\t\t\t\t\t\t\t\t\t\t\t\t\t\t\t<\/div>\n\t\t\t\t\t\t\t\t\t\t\t\t<div class=\"premium-blog-content-wrapper \">\n\n\t\t\t\t\t<div class=\"premium-blog-inner-container\">\n\n\t\t\t\t\t\t\t\t\t\t\t\t\t\t<h1 class=\"premium-blog-entry-title\">\n\t\t\t<a href=\"https:\/\/trailforthjournal.com\/es\/ambiente\/reglas-imba-ciclismo-montana-ecuador\/\" target=\"_blank\">\n\t\t\t\tReglas IMBA en Ecuador: La Gu\u00eda \u00c9tica del Ciclismo de Monta\u00f1a Responsable\t\t\t<\/a>\n\t\t<\/h1>\n\t\t\t\t<div class=\"premium-blog-entry-meta\">\n\t\t\t\n\t\t\t\n\t\t\t\n\t\t\t\t\t<\/div>\n\t\t\n\t\t\t\t\t<\/div>\n\n\t\t\t\t\t\t\t\t\t\t\n\t\t\t\t<\/div>\n\t\t\t<\/div>\n\t\t<\/div>\n\n\t\t\t\t<div class=\"premium-blog-post-outer-container\" data-total=\"1\">\n\t\t\t<div class=\"premium-blog-post-container premium-blog-skin-banner\">\n\t\t\t\t\t\t\t\t\t<div class=\"premium-blog-thumb-effect-wrapper\">\n\t\t\t\t\t\t<div class=\"premium-blog-thumbnail-container premium-blog-zoomin-effect\">\n\t\t\t\t\t\t\t<img loading=\"lazy\" decoding=\"async\" data-attachment-id=\"50259\" data-permalink=\"https:\/\/trailforthjournal.com\/es\/ambiente\/guia-playas-ecuador\/attachment\/playas-de-ecuador\/\" data-orig-file=\"https:\/\/i0.wp.com\/trailforthjournal.com\/es\/wp-content\/uploads\/sites\/4\/2022\/11\/playas-de-ecuador.jpg?fit=1920%2C1440&amp;ssl=1\" data-orig-size=\"1920,1440\" data-comments-opened=\"0\" data-image-meta=\"{&quot;aperture&quot;:&quot;0&quot;,&quot;credit&quot;:&quot;&quot;,&quot;camera&quot;:&quot;&quot;,&quot;caption&quot;:&quot;&quot;,&quot;created_timestamp&quot;:&quot;0&quot;,&quot;copyright&quot;:&quot;&quot;,&quot;focal_length&quot;:&quot;0&quot;,&quot;iso&quot;:&quot;0&quot;,&quot;shutter_speed&quot;:&quot;0&quot;,&quot;title&quot;:&quot;&quot;,&quot;orientation&quot;:&quot;0&quot;}\" data-image-title=\"playas-de-ecuador\" data-image-description=\"\" data-image-caption=\"\" data-large-file=\"https:\/\/i0.wp.com\/trailforthjournal.com\/es\/wp-content\/uploads\/sites\/4\/2022\/11\/playas-de-ecuador.jpg?fit=1024%2C768&amp;ssl=1\" width=\"1920\" height=\"1440\" src=\"https:\/\/i0.wp.com\/trailforthjournal.com\/es\/wp-content\/uploads\/sites\/4\/2022\/11\/playas-de-ecuador.jpg?fit=1920%2C1440&amp;ssl=1\" class=\"attachment-full size-full wp-image-50259\" alt=\"\" data-attachment-id=\"50259\" data-permalink=\"https:\/\/trailforthjournal.com\/es\/ambiente\/guia-playas-ecuador\/attachment\/playas-de-ecuador\/\" data-orig-file=\"https:\/\/i0.wp.com\/trailforthjournal.com\/es\/wp-content\/uploads\/sites\/4\/2022\/11\/playas-de-ecuador.jpg?fit=1920%2C1440&amp;ssl=1\" data-orig-size=\"1920,1440\" data-comments-opened=\"0\" data-image-meta=\"{&quot;aperture&quot;:&quot;0&quot;,&quot;credit&quot;:&quot;&quot;,&quot;camera&quot;:&quot;&quot;,&quot;caption&quot;:&quot;&quot;,&quot;created_timestamp&quot;:&quot;0&quot;,&quot;copyright&quot;:&quot;&quot;,&quot;focal_length&quot;:&quot;0&quot;,&quot;iso&quot;:&quot;0&quot;,&quot;shutter_speed&quot;:&quot;0&quot;,&quot;title&quot;:&quot;&quot;,&quot;orientation&quot;:&quot;0&quot;}\" data-image-title=\"playas-de-ecuador\" data-image-description=\"\" data-image-caption=\"\" data-large-file=\"https:\/\/i0.wp.com\/trailforthjournal.com\/es\/wp-content\/uploads\/sites\/4\/2022\/11\/playas-de-ecuador.jpg?fit=1024%2C768&amp;ssl=1\" srcset=\"https:\/\/i0.wp.com\/trailforthjournal.com\/es\/wp-content\/uploads\/sites\/4\/2022\/11\/playas-de-ecuador.jpg?w=1920&amp;ssl=1 1920w, https:\/\/i0.wp.com\/trailforthjournal.com\/es\/wp-content\/uploads\/sites\/4\/2022\/11\/playas-de-ecuador.jpg?resize=300%2C225&amp;ssl=1 300w, https:\/\/i0.wp.com\/trailforthjournal.com\/es\/wp-content\/uploads\/sites\/4\/2022\/11\/playas-de-ecuador.jpg?resize=1024%2C768&amp;ssl=1 1024w, https:\/\/i0.wp.com\/trailforthjournal.com\/es\/wp-content\/uploads\/sites\/4\/2022\/11\/playas-de-ecuador.jpg?resize=768%2C576&amp;ssl=1 768w, https:\/\/i0.wp.com\/trailforthjournal.com\/es\/wp-content\/uploads\/sites\/4\/2022\/11\/playas-de-ecuador.jpg?resize=1536%2C1152&amp;ssl=1 1536w, https:\/\/i0.wp.com\/trailforthjournal.com\/es\/wp-content\/uploads\/sites\/4\/2022\/11\/playas-de-ecuador.jpg?resize=67%2C50&amp;ssl=1 67w, https:\/\/i0.wp.com\/trailforthjournal.com\/es\/wp-content\/uploads\/sites\/4\/2022\/11\/playas-de-ecuador.jpg?resize=600%2C450&amp;ssl=1 600w\" sizes=\"(max-width: 1032px) 100vw, 1032px\" \/>\t\t\t\t\t\t<\/div>\n\t\t\t\t\t\t\t\t\t\t\t\t\t<div class=\"premium-blog-thumbnail-overlay\">\n\t\t\t\t\t\t\t\t<a class=\"elementor-icon\" href=\"https:\/\/trailforthjournal.com\/es\/ambiente\/guia-playas-ecuador\/\" target=\"_blank\"><\/a>\n\t\t\t\t\t\t\t<\/div>\n\n\t\t\t\t\t\t\t\t\t\t\t\t\t\t\t\t\t\t<\/div>\n\t\t\t\t\t\t\t\t\t\t\t\t<div class=\"premium-blog-content-wrapper \">\n\n\t\t\t\t\t<div class=\"premium-blog-inner-container\">\n\n\t\t\t\t\t\t\t\t\t\t\t\t\t\t<h1 class=\"premium-blog-entry-title\">\n\t\t\t<a href=\"https:\/\/trailforthjournal.com\/es\/ambiente\/guia-playas-ecuador\/\" target=\"_blank\">\n\t\t\t\tGu\u00eda de las Mejores Playas de Ecuador: Un Recorrido por su Entorno Natural\t\t\t<\/a>\n\t\t<\/h1>\n\t\t\t\t<div class=\"premium-blog-entry-meta\">\n\t\t\t\n\t\t\t\n\t\t\t\n\t\t\t\t\t<\/div>\n\t\t\n\t\t\t\t\t<\/div>\n\n\t\t\t\t\t\t\t\t\t\t\n\t\t\t\t<\/div>\n\t\t\t<\/div>\n\t\t<\/div>\n\n\t\t\t\t\t\t\t<\/div>\n\n\t\t\n\t\t\n\t\t\t\t\t\t<\/div>\n\t\t\t\t<\/div>\n\t\t\t\t\t<\/div>\n\t\t<\/div>\n\t\t\t\t\t<\/div>\n\t\t<\/section>\n\t\t\t\t<section class=\"elementor-section elementor-top-section elementor-element elementor-element-ce82fac elementor-section-boxed elementor-section-height-default elementor-section-height-default wpr-particle-no wpr-jarallax-no wpr-parallax-no wpr-sticky-section-no wpr-equal-height-no\" data-id=\"ce82fac\" data-element_type=\"section\" data-e-type=\"section\">\n\t\t\t\t\t\t<div class=\"elementor-container elementor-column-gap-default\">\n\t\t\t\t\t<div class=\"elementor-column elementor-col-100 elementor-top-column elementor-element elementor-element-fa5dd25\" data-id=\"fa5dd25\" data-element_type=\"column\" data-e-type=\"column\">\n\t\t\t<div class=\"elementor-widget-wrap elementor-element-populated\">\n\t\t\t\t\t\t<div class=\"elementor-element elementor-element-b48d930 elementor-widget elementor-widget-spacer\" data-id=\"b48d930\" data-element_type=\"widget\" data-e-type=\"widget\" data-widget_type=\"spacer.default\">\n\t\t\t\t<div class=\"elementor-widget-container\">\n\t\t\t\t\t\t\t<div class=\"elementor-spacer\">\n\t\t\t<div class=\"elementor-spacer-inner\"><\/div>\n\t\t<\/div>\n\t\t\t\t\t\t<\/div>\n\t\t\t\t<\/div>\n\t\t\t\t\t<\/div>\n\t\t<\/div>\n\t\t\t\t\t<\/div>\n\t\t<\/section>\n\t\t\t\t<section class=\"elementor-section elementor-top-section elementor-element elementor-element-3379a87 elementor-section-boxed elementor-section-height-default elementor-section-height-default wpr-particle-no wpr-jarallax-no wpr-parallax-no wpr-sticky-section-no wpr-equal-height-no\" data-id=\"3379a87\" data-element_type=\"section\" data-e-type=\"section\">\n\t\t\t\t\t\t\t<div class=\"elementor-background-overlay\"><\/div>\n\t\t\t\t\t\t\t<div class=\"elementor-container elementor-column-gap-no\">\n\t\t\t\t\t<div class=\"elementor-column elementor-col-100 elementor-top-column elementor-element elementor-element-0871230\" data-id=\"0871230\" data-element_type=\"column\" data-e-type=\"column\">\n\t\t\t<div class=\"elementor-widget-wrap elementor-element-populated\">\n\t\t\t\t\t\t<div class=\"elementor-element elementor-element-69123ea premium-title-color elementor-widget elementor-widget-premium-addon-title\" data-id=\"69123ea\" data-element_type=\"widget\" data-e-type=\"widget\" data-widget_type=\"premium-addon-title.default\">\n\t\t\t\t<div class=\"elementor-widget-container\">\n\t\t\t\t\t\n\t\t<div class=\"premium-title-container style7\">\n\t\t\t<h2 class=\"premium-title-header premium-title-style7\">\n\t\t\t\t\t\t\t\t\t\t\t\t\t\t\t<span class=\"premium-title-style7-stripe-wrap\">\n\t\t\t\t\t\t\t<span class=\"premium-title-style7-stripe\"><\/span>\n\t\t\t\t\t\t<\/span>\n\t\t\t\t\t\t\t\t\t\t<div class=\"premium-title-style7-inner\">\n\t\t\t\t\n\t\t\t\t\n\t\t\t\t\t\t\t\t\t\t\t\t\t\t\t\t\t\t\t\t\t<span class=\"premium-title-text\">\n\t\t\t\t\tIr m\u00e1s lejos\t\t\t\t<\/span>\n\t\t\t\t\t\n\t\t\t\t\t\t\t\t\t<\/div>\n\t\t\t\t\t\t\t\t\n\t\t\t\t\t\t\t<\/h2>\n\n\t\t<\/div>\n\n\t\t\t\t\t\t<\/div>\n\t\t\t\t<\/div>\n\t\t\t\t\t<\/div>\n\t\t<\/div>\n\t\t\t\t\t<\/div>\n\t\t<\/section>\n\t\t\t\t<section class=\"elementor-section elementor-top-section elementor-element elementor-element-7ef1633 elementor-section-full_width elementor-section-content-middle elementor-section-height-default elementor-section-height-default wpr-particle-no wpr-jarallax-no wpr-parallax-no wpr-sticky-section-no wpr-equal-height-no\" data-id=\"7ef1633\" data-element_type=\"section\" data-e-type=\"section\" data-settings=\"{&quot;background_background&quot;:&quot;classic&quot;}\">\n\t\t\t\t\t\t<div class=\"elementor-container elementor-column-gap-no\">\n\t\t\t\t\t<div class=\"elementor-column elementor-col-100 elementor-top-column elementor-element elementor-element-3d3d459\" data-id=\"3d3d459\" data-element_type=\"column\" data-e-type=\"column\">\n\t\t\t<div class=\"elementor-widget-wrap elementor-element-populated\">\n\t\t\t\t\t\t<div class=\"elementor-element elementor-element-e155cf4 premium-blog-align-left elementor-widget elementor-widget-premium-addon-blog\" data-id=\"e155cf4\" data-element_type=\"widget\" data-e-type=\"widget\" data-settings=\"{&quot;force_height&quot;:&quot;true&quot;,&quot;premium_blog_columns_number&quot;:&quot;25%&quot;,&quot;premium_blog_grid&quot;:&quot;yes&quot;,&quot;premium_blog_layout&quot;:&quot;even&quot;,&quot;premium_blog_columns_number_tablet&quot;:&quot;50%&quot;,&quot;premium_blog_columns_number_mobile&quot;:&quot;100%&quot;,&quot;scroll_to_offset&quot;:&quot;yes&quot;}\" data-widget_type=\"premium-addon-blog.default\">\n\t\t\t\t<div class=\"elementor-widget-container\">\n\t\t\t\t\t\n\t\t\n\n\t\t\t\t<div class=\"premium-blog-wrap  premium-blog-even\" data-page=\"13829\">\n\t\t\t\t\t\t\t\t\t<div class=\"premium-blog-post-outer-container\" data-total=\"7\">\n\t\t\t<div class=\"premium-blog-post-container premium-blog-skin-banner\">\n\t\t\t\t\t\t\t\t\t<div class=\"premium-blog-thumb-effect-wrapper\">\n\t\t\t\t\t\t<div class=\"premium-blog-thumbnail-container premium-blog-zoomin-effect\">\n\t\t\t\t\t\t\t<img loading=\"lazy\" decoding=\"async\" data-attachment-id=\"10231\" data-permalink=\"https:\/\/trailforthjournal.com\/es\/cultura\/museo-antropologico-arte-contemporaneo\/attachment\/mqb-vue-de-lexposition-chamanes-dinivites-de-lequateur-precolombien-du-16-fevrier-au-15-mai-2016-2\/\" data-orig-file=\"https:\/\/i0.wp.com\/trailforthjournal.com\/es\/wp-content\/uploads\/sites\/4\/2022\/05\/24465770774_e36bc43f29_o-scaled.jpg?fit=2560%2C1707&amp;ssl=1\" data-orig-size=\"2560,1707\" data-comments-opened=\"0\" data-image-meta=\"{&quot;aperture&quot;:&quot;0&quot;,&quot;credit&quot;:&quot;Gautier Deblonde&quot;,&quot;camera&quot;:&quot;&quot;,&quot;caption&quot;:&quot;Mus\\u00e9e du quai Branly. Affiche de l&#039;exposition \\&quot;Chamanes \\u0026amp; dinivit\\u00e9s de l&#039;Equateur pr\\u00e9colombien. Du 16 f\\u00e9vrier au 15 mai 2016.\\n\\nMezzanine Est\\nIn\\u00e9dite en Europe de par son ampleur, cette exposition propose une immersion dans le monde des esprits de l\\u2019Equateur pr\\u00e9colombien \\u00e0 travers l\\u2019une de ses figures majeures : le chamane. Les 265 chefs-d\\u2019\\u0153uvre expos\\u00e9s, pour la plupart pr\\u00e9sent\\u00e9s pour la premi\\u00e8re fois en France, sont issus de plusieurs mus\\u00e9es du Minist\\u00e8re de la Culture et du Patrimoine d\\u2019Equateur. Ces pi\\u00e8ces arch\\u00e9ologiques exceptionnelles d\\u00e9voilent les myst\\u00e8res du chamanisme, legs mill\\u00e9naire transmis aux peuples de l\\u2019actuel Equateur.&quot;,&quot;created_timestamp&quot;:&quot;1455526540&quot;,&quot;copyright&quot;:&quot;\\u00a9 mus\\u00e9e du quai Branly, photo Gautier Deblonde&quot;,&quot;focal_length&quot;:&quot;0&quot;,&quot;iso&quot;:&quot;0&quot;,&quot;shutter_speed&quot;:&quot;0&quot;,&quot;title&quot;:&quot;MQB. Vue de l&#039;exposition \\&quot;Chamanes \\u0026amp; dinivit\\u00e9s de l&#039;Equateur pr\\u00e9colombien. Du 16 f\\u00e9vrier au 15 mai 2016.&quot;,&quot;orientation&quot;:&quot;0&quot;}\" data-image-title=\"museo-maac-guayaquil-arqueologia-precolombina\" data-image-description=\"&lt;p&gt;Vista de una vitrina de exhibici\u00f3n en el Museo Antropol\u00f3gico y de Arte Contempor\u00e1neo. Se observan diversas estatuillas de arcilla pertenecientes a culturas como la Valdivia, Chorrera o Bah\u00eda, destacando el detalle del modelado y las expresiones de las piezas bajo una iluminaci\u00f3n t\u00e9cnica museogr\u00e1fica&lt;\/p&gt;\n\" data-image-caption=\"&lt;p&gt;Tesoros del pasado: figuras ancestrales que narran la historia de las antiguas culturas de la costa ecuatoriana en el MAAC&lt;\/p&gt;\n\" data-large-file=\"https:\/\/i0.wp.com\/trailforthjournal.com\/es\/wp-content\/uploads\/sites\/4\/2022\/05\/24465770774_e36bc43f29_o-scaled.jpg?fit=1024%2C683&amp;ssl=1\" width=\"2560\" height=\"1707\" src=\"https:\/\/i0.wp.com\/trailforthjournal.com\/es\/wp-content\/uploads\/sites\/4\/2022\/05\/24465770774_e36bc43f29_o-scaled.jpg?fit=2560%2C1707&amp;ssl=1\" class=\"attachment-full size-full wp-image-10231\" alt=\"Exhibici\u00f3n de figuras de cer\u00e1mica precolombina en vitrinas iluminadas del Museo MAAC en Guayaquil, Ecuador\" data-attachment-id=\"10231\" data-permalink=\"https:\/\/trailforthjournal.com\/es\/cultura\/museo-antropologico-arte-contemporaneo\/attachment\/mqb-vue-de-lexposition-chamanes-dinivites-de-lequateur-precolombien-du-16-fevrier-au-15-mai-2016-2\/\" data-orig-file=\"https:\/\/i0.wp.com\/trailforthjournal.com\/es\/wp-content\/uploads\/sites\/4\/2022\/05\/24465770774_e36bc43f29_o-scaled.jpg?fit=2560%2C1707&amp;ssl=1\" data-orig-size=\"2560,1707\" data-comments-opened=\"0\" data-image-meta=\"{&quot;aperture&quot;:&quot;0&quot;,&quot;credit&quot;:&quot;Gautier Deblonde&quot;,&quot;camera&quot;:&quot;&quot;,&quot;caption&quot;:&quot;Mus\\u00e9e du quai Branly. Affiche de l&#039;exposition \\&quot;Chamanes \\u0026amp; dinivit\\u00e9s de l&#039;Equateur pr\\u00e9colombien. Du 16 f\\u00e9vrier au 15 mai 2016.\\n\\nMezzanine Est\\nIn\\u00e9dite en Europe de par son ampleur, cette exposition propose une immersion dans le monde des esprits de l\\u2019Equateur pr\\u00e9colombien \\u00e0 travers l\\u2019une de ses figures majeures : le chamane. Les 265 chefs-d\\u2019\\u0153uvre expos\\u00e9s, pour la plupart pr\\u00e9sent\\u00e9s pour la premi\\u00e8re fois en France, sont issus de plusieurs mus\\u00e9es du Minist\\u00e8re de la Culture et du Patrimoine d\\u2019Equateur. Ces pi\\u00e8ces arch\\u00e9ologiques exceptionnelles d\\u00e9voilent les myst\\u00e8res du chamanisme, legs mill\\u00e9naire transmis aux peuples de l\\u2019actuel Equateur.&quot;,&quot;created_timestamp&quot;:&quot;1455526540&quot;,&quot;copyright&quot;:&quot;\\u00a9 mus\\u00e9e du quai Branly, photo Gautier Deblonde&quot;,&quot;focal_length&quot;:&quot;0&quot;,&quot;iso&quot;:&quot;0&quot;,&quot;shutter_speed&quot;:&quot;0&quot;,&quot;title&quot;:&quot;MQB. Vue de l&#039;exposition \\&quot;Chamanes \\u0026amp; dinivit\\u00e9s de l&#039;Equateur pr\\u00e9colombien. Du 16 f\\u00e9vrier au 15 mai 2016.&quot;,&quot;orientation&quot;:&quot;0&quot;}\" data-image-title=\"museo-maac-guayaquil-arqueologia-precolombina\" data-image-description=\"&lt;p&gt;Vista de una vitrina de exhibici\u00f3n en el Museo Antropol\u00f3gico y de Arte Contempor\u00e1neo. Se observan diversas estatuillas de arcilla pertenecientes a culturas como la Valdivia, Chorrera o Bah\u00eda, destacando el detalle del modelado y las expresiones de las piezas bajo una iluminaci\u00f3n t\u00e9cnica museogr\u00e1fica&lt;\/p&gt;\n\" data-image-caption=\"&lt;p&gt;Tesoros del pasado: figuras ancestrales que narran la historia de las antiguas culturas de la costa ecuatoriana en el MAAC&lt;\/p&gt;\n\" data-large-file=\"https:\/\/i0.wp.com\/trailforthjournal.com\/es\/wp-content\/uploads\/sites\/4\/2022\/05\/24465770774_e36bc43f29_o-scaled.jpg?fit=1024%2C683&amp;ssl=1\" srcset=\"https:\/\/i0.wp.com\/trailforthjournal.com\/es\/wp-content\/uploads\/sites\/4\/2022\/05\/24465770774_e36bc43f29_o-scaled.jpg?w=2560&amp;ssl=1 2560w, https:\/\/i0.wp.com\/trailforthjournal.com\/es\/wp-content\/uploads\/sites\/4\/2022\/05\/24465770774_e36bc43f29_o-scaled.jpg?resize=300%2C200&amp;ssl=1 300w, https:\/\/i0.wp.com\/trailforthjournal.com\/es\/wp-content\/uploads\/sites\/4\/2022\/05\/24465770774_e36bc43f29_o-scaled.jpg?resize=1024%2C683&amp;ssl=1 1024w, https:\/\/i0.wp.com\/trailforthjournal.com\/es\/wp-content\/uploads\/sites\/4\/2022\/05\/24465770774_e36bc43f29_o-scaled.jpg?resize=768%2C512&amp;ssl=1 768w, https:\/\/i0.wp.com\/trailforthjournal.com\/es\/wp-content\/uploads\/sites\/4\/2022\/05\/24465770774_e36bc43f29_o-scaled.jpg?resize=1536%2C1024&amp;ssl=1 1536w, https:\/\/i0.wp.com\/trailforthjournal.com\/es\/wp-content\/uploads\/sites\/4\/2022\/05\/24465770774_e36bc43f29_o-scaled.jpg?resize=2048%2C1365&amp;ssl=1 2048w, https:\/\/i0.wp.com\/trailforthjournal.com\/es\/wp-content\/uploads\/sites\/4\/2022\/05\/24465770774_e36bc43f29_o-scaled.jpg?resize=225%2C150&amp;ssl=1 225w, https:\/\/i0.wp.com\/trailforthjournal.com\/es\/wp-content\/uploads\/sites\/4\/2022\/05\/24465770774_e36bc43f29_o-scaled.jpg?resize=600%2C400&amp;ssl=1 600w\" sizes=\"(max-width: 1032px) 100vw, 1032px\" \/>\t\t\t\t\t\t<\/div>\n\t\t\t\t\t\t\t\t\t\t\t\t\t<div class=\"premium-blog-thumbnail-overlay\">\n\t\t\t\t\t\t\t\t<a class=\"elementor-icon\" href=\"https:\/\/trailforthjournal.com\/es\/cultura\/museo-antropologico-arte-contemporaneo\/\" target=\"_blank\"><\/a>\n\t\t\t\t\t\t\t<\/div>\n\n\t\t\t\t\t\t\t\t\t\t\t\t\t\t\t\t\t\t<\/div>\n\t\t\t\t\t\t\t\t\t\t\t\t<div class=\"premium-blog-content-wrapper \">\n\n\t\t\t\t\t<div class=\"premium-blog-inner-container\">\n\n\t\t\t\t\t\t\t\t\t\t\t\t\t\t<h1 class=\"premium-blog-entry-title\">\n\t\t\t<a href=\"https:\/\/trailforthjournal.com\/es\/cultura\/museo-antropologico-arte-contemporaneo\/\" target=\"_blank\">\n\t\t\t\tMuseo Antropol\u00f3gico y de Arte Contempor\u00e1neo &#8211; MAAC: Arte, Historia y Cultura en Guayaquil\t\t\t<\/a>\n\t\t<\/h1>\n\t\t\t\t<div class=\"premium-blog-entry-meta\">\n\t\t\t\n\t\t\t\n\t\t\t\n\t\t\t\t\t<\/div>\n\t\t\n\t\t\t\t\t<\/div>\n\n\t\t\t\t\t\t\t\t\t\t\n\t\t\t\t<\/div>\n\t\t\t<\/div>\n\t\t<\/div>\n\n\t\t\t\t<div class=\"premium-blog-post-outer-container\" data-total=\"7\">\n\t\t\t<div class=\"premium-blog-post-container premium-blog-skin-banner\">\n\t\t\t\t\t\t\t\t\t<div class=\"premium-blog-thumb-effect-wrapper\">\n\t\t\t\t\t\t<div class=\"premium-blog-thumbnail-container premium-blog-zoomin-effect\">\n\t\t\t\t\t\t\t<img loading=\"lazy\" decoding=\"async\" data-attachment-id=\"27081\" data-permalink=\"https:\/\/trailforthjournal.com\/es\/cultura\/la-rotonda-guayaquil\/attachment\/wp_006754-2\/\" data-orig-file=\"https:\/\/i0.wp.com\/trailforthjournal.com\/es\/wp-content\/uploads\/sites\/4\/2023\/10\/WP_006754-2-scaled.jpg?fit=2560%2C1920&amp;ssl=1\" data-orig-size=\"2560,1920\" data-comments-opened=\"0\" data-image-meta=\"{&quot;aperture&quot;:&quot;2.2&quot;,&quot;credit&quot;:&quot;&quot;,&quot;camera&quot;:&quot;Nokia Lumia 900&quot;,&quot;caption&quot;:&quot;&quot;,&quot;created_timestamp&quot;:&quot;1463057036&quot;,&quot;copyright&quot;:&quot;&quot;,&quot;focal_length&quot;:&quot;0&quot;,&quot;iso&quot;:&quot;0&quot;,&quot;shutter_speed&quot;:&quot;0.00047596382674917&quot;,&quot;title&quot;:&quot;&quot;,&quot;orientation&quot;:&quot;1&quot;}\" data-image-title=\"hemiciclo-la-rotonda-malecon-2000\" data-image-description=\"&lt;p&gt;Vista frontal del monumento a la Entrevista de Guayaquil, ubicado en el Malec\u00f3n 2000, destacando sus columnas de m\u00e1rmol, las banderas sudamericanas y la cercan\u00eda al r\u00edo Guayas.&lt;\/p&gt;\n\" data-image-caption=\"&lt;p&gt;El Hemiciclo de la Rotonda conmemora el hist\u00f3rico encuentro entre Bol\u00edvar y San Mart\u00edn en Guayaquil.&lt;\/p&gt;\n\" data-large-file=\"https:\/\/i0.wp.com\/trailforthjournal.com\/es\/wp-content\/uploads\/sites\/4\/2023\/10\/WP_006754-2-scaled.jpg?fit=1024%2C768&amp;ssl=1\" width=\"2560\" height=\"1920\" src=\"https:\/\/i0.wp.com\/trailforthjournal.com\/es\/wp-content\/uploads\/sites\/4\/2023\/10\/WP_006754-2-scaled.jpg?fit=2560%2C1920&amp;ssl=1\" class=\"attachment-full size-full wp-image-27081\" alt=\"Monumento del Hemiciclo de la Rotonda con las estatuas de Sim\u00f3n Bol\u00edvar y Jos\u00e9 de San Mart\u00edn, rodeado de banderas y columnas blancas en el Malec\u00f3n 2000.\" data-attachment-id=\"27081\" data-permalink=\"https:\/\/trailforthjournal.com\/es\/cultura\/la-rotonda-guayaquil\/attachment\/wp_006754-2\/\" data-orig-file=\"https:\/\/i0.wp.com\/trailforthjournal.com\/es\/wp-content\/uploads\/sites\/4\/2023\/10\/WP_006754-2-scaled.jpg?fit=2560%2C1920&amp;ssl=1\" data-orig-size=\"2560,1920\" data-comments-opened=\"0\" data-image-meta=\"{&quot;aperture&quot;:&quot;2.2&quot;,&quot;credit&quot;:&quot;&quot;,&quot;camera&quot;:&quot;Nokia Lumia 900&quot;,&quot;caption&quot;:&quot;&quot;,&quot;created_timestamp&quot;:&quot;1463057036&quot;,&quot;copyright&quot;:&quot;&quot;,&quot;focal_length&quot;:&quot;0&quot;,&quot;iso&quot;:&quot;0&quot;,&quot;shutter_speed&quot;:&quot;0.00047596382674917&quot;,&quot;title&quot;:&quot;&quot;,&quot;orientation&quot;:&quot;1&quot;}\" data-image-title=\"hemiciclo-la-rotonda-malecon-2000\" data-image-description=\"&lt;p&gt;Vista frontal del monumento a la Entrevista de Guayaquil, ubicado en el Malec\u00f3n 2000, destacando sus columnas de m\u00e1rmol, las banderas sudamericanas y la cercan\u00eda al r\u00edo Guayas.&lt;\/p&gt;\n\" data-image-caption=\"&lt;p&gt;El Hemiciclo de la Rotonda conmemora el hist\u00f3rico encuentro entre Bol\u00edvar y San Mart\u00edn en Guayaquil.&lt;\/p&gt;\n\" data-large-file=\"https:\/\/i0.wp.com\/trailforthjournal.com\/es\/wp-content\/uploads\/sites\/4\/2023\/10\/WP_006754-2-scaled.jpg?fit=1024%2C768&amp;ssl=1\" srcset=\"https:\/\/i0.wp.com\/trailforthjournal.com\/es\/wp-content\/uploads\/sites\/4\/2023\/10\/WP_006754-2-scaled.jpg?w=2560&amp;ssl=1 2560w, https:\/\/i0.wp.com\/trailforthjournal.com\/es\/wp-content\/uploads\/sites\/4\/2023\/10\/WP_006754-2-scaled.jpg?resize=300%2C225&amp;ssl=1 300w, https:\/\/i0.wp.com\/trailforthjournal.com\/es\/wp-content\/uploads\/sites\/4\/2023\/10\/WP_006754-2-scaled.jpg?resize=1024%2C768&amp;ssl=1 1024w, https:\/\/i0.wp.com\/trailforthjournal.com\/es\/wp-content\/uploads\/sites\/4\/2023\/10\/WP_006754-2-scaled.jpg?resize=768%2C576&amp;ssl=1 768w, https:\/\/i0.wp.com\/trailforthjournal.com\/es\/wp-content\/uploads\/sites\/4\/2023\/10\/WP_006754-2-scaled.jpg?resize=1536%2C1152&amp;ssl=1 1536w, https:\/\/i0.wp.com\/trailforthjournal.com\/es\/wp-content\/uploads\/sites\/4\/2023\/10\/WP_006754-2-scaled.jpg?resize=2048%2C1536&amp;ssl=1 2048w, https:\/\/i0.wp.com\/trailforthjournal.com\/es\/wp-content\/uploads\/sites\/4\/2023\/10\/WP_006754-2-scaled.jpg?resize=67%2C50&amp;ssl=1 67w, https:\/\/i0.wp.com\/trailforthjournal.com\/es\/wp-content\/uploads\/sites\/4\/2023\/10\/WP_006754-2-scaled.jpg?resize=600%2C450&amp;ssl=1 600w\" sizes=\"(max-width: 1032px) 100vw, 1032px\" \/>\t\t\t\t\t\t<\/div>\n\t\t\t\t\t\t\t\t\t\t\t\t\t<div class=\"premium-blog-thumbnail-overlay\">\n\t\t\t\t\t\t\t\t<a class=\"elementor-icon\" href=\"https:\/\/trailforthjournal.com\/es\/cultura\/la-rotonda-guayaquil\/\" target=\"_blank\"><\/a>\n\t\t\t\t\t\t\t<\/div>\n\n\t\t\t\t\t\t\t\t\t\t\t\t\t\t\t\t\t\t<\/div>\n\t\t\t\t\t\t\t\t\t\t\t\t<div class=\"premium-blog-content-wrapper \">\n\n\t\t\t\t\t<div class=\"premium-blog-inner-container\">\n\n\t\t\t\t\t\t\t\t\t\t\t\t\t\t<h1 class=\"premium-blog-entry-title\">\n\t\t\t<a href=\"https:\/\/trailforthjournal.com\/es\/cultura\/la-rotonda-guayaquil\/\" target=\"_blank\">\n\t\t\t\tHemiciclo de La Rotonda en Guayaquil: historia y encuentro de Bol\u00edvar y San Mart\u00edn\t\t\t<\/a>\n\t\t<\/h1>\n\t\t\t\t<div class=\"premium-blog-entry-meta\">\n\t\t\t\n\t\t\t\n\t\t\t\n\t\t\t\t\t<\/div>\n\t\t\n\t\t\t\t\t<\/div>\n\n\t\t\t\t\t\t\t\t\t\t\n\t\t\t\t<\/div>\n\t\t\t<\/div>\n\t\t<\/div>\n\n\t\t\t\t<div class=\"premium-blog-post-outer-container\" data-total=\"7\">\n\t\t\t<div class=\"premium-blog-post-container premium-blog-skin-banner\">\n\t\t\t\t\t\t\t\t\t<div class=\"premium-blog-thumb-effect-wrapper\">\n\t\t\t\t\t\t<div class=\"premium-blog-thumbnail-container premium-blog-zoomin-effect\">\n\t\t\t\t\t\t\t<img loading=\"lazy\" decoding=\"async\" data-attachment-id=\"52227\" data-permalink=\"https:\/\/trailforthjournal.com\/es\/tours-y-actividades\/guayaquil\/attachment\/tours-en-guayaquil\/\" data-orig-file=\"https:\/\/i0.wp.com\/trailforthjournal.com\/es\/wp-content\/uploads\/sites\/4\/2026\/03\/Tours-en-Guayaquil-scaled.jpg?fit=2560%2C1707&amp;ssl=1\" data-orig-size=\"2560,1707\" data-comments-opened=\"0\" data-image-meta=\"{&quot;aperture&quot;:&quot;3.5&quot;,&quot;credit&quot;:&quot;&quot;,&quot;camera&quot;:&quot;Canon EOS REBEL T3i&quot;,&quot;caption&quot;:&quot;&quot;,&quot;created_timestamp&quot;:&quot;1534657355&quot;,&quot;copyright&quot;:&quot;&quot;,&quot;focal_length&quot;:&quot;21&quot;,&quot;iso&quot;:&quot;400&quot;,&quot;shutter_speed&quot;:&quot;0.002&quot;,&quot;title&quot;:&quot;&quot;,&quot;orientation&quot;:&quot;0&quot;}\" data-image-title=\"Tours en Guayaquil\" data-image-description=\"\" data-image-caption=\"\" data-large-file=\"https:\/\/i0.wp.com\/trailforthjournal.com\/es\/wp-content\/uploads\/sites\/4\/2026\/03\/Tours-en-Guayaquil-scaled.jpg?fit=1024%2C683&amp;ssl=1\" width=\"2560\" height=\"1707\" src=\"https:\/\/i0.wp.com\/trailforthjournal.com\/es\/wp-content\/uploads\/sites\/4\/2026\/03\/Tours-en-Guayaquil-scaled.jpg?fit=2560%2C1707&amp;ssl=1\" class=\"attachment-full size-full wp-image-52227\" alt=\"\" data-attachment-id=\"52227\" data-permalink=\"https:\/\/trailforthjournal.com\/es\/tours-y-actividades\/guayaquil\/attachment\/tours-en-guayaquil\/\" data-orig-file=\"https:\/\/i0.wp.com\/trailforthjournal.com\/es\/wp-content\/uploads\/sites\/4\/2026\/03\/Tours-en-Guayaquil-scaled.jpg?fit=2560%2C1707&amp;ssl=1\" data-orig-size=\"2560,1707\" data-comments-opened=\"0\" data-image-meta=\"{&quot;aperture&quot;:&quot;3.5&quot;,&quot;credit&quot;:&quot;&quot;,&quot;camera&quot;:&quot;Canon EOS REBEL T3i&quot;,&quot;caption&quot;:&quot;&quot;,&quot;created_timestamp&quot;:&quot;1534657355&quot;,&quot;copyright&quot;:&quot;&quot;,&quot;focal_length&quot;:&quot;21&quot;,&quot;iso&quot;:&quot;400&quot;,&quot;shutter_speed&quot;:&quot;0.002&quot;,&quot;title&quot;:&quot;&quot;,&quot;orientation&quot;:&quot;0&quot;}\" data-image-title=\"Tours en Guayaquil\" data-image-description=\"\" data-image-caption=\"\" data-large-file=\"https:\/\/i0.wp.com\/trailforthjournal.com\/es\/wp-content\/uploads\/sites\/4\/2026\/03\/Tours-en-Guayaquil-scaled.jpg?fit=1024%2C683&amp;ssl=1\" srcset=\"https:\/\/i0.wp.com\/trailforthjournal.com\/es\/wp-content\/uploads\/sites\/4\/2026\/03\/Tours-en-Guayaquil-scaled.jpg?w=2560&amp;ssl=1 2560w, https:\/\/i0.wp.com\/trailforthjournal.com\/es\/wp-content\/uploads\/sites\/4\/2026\/03\/Tours-en-Guayaquil-scaled.jpg?resize=300%2C200&amp;ssl=1 300w, https:\/\/i0.wp.com\/trailforthjournal.com\/es\/wp-content\/uploads\/sites\/4\/2026\/03\/Tours-en-Guayaquil-scaled.jpg?resize=1024%2C683&amp;ssl=1 1024w, https:\/\/i0.wp.com\/trailforthjournal.com\/es\/wp-content\/uploads\/sites\/4\/2026\/03\/Tours-en-Guayaquil-scaled.jpg?resize=768%2C512&amp;ssl=1 768w, https:\/\/i0.wp.com\/trailforthjournal.com\/es\/wp-content\/uploads\/sites\/4\/2026\/03\/Tours-en-Guayaquil-scaled.jpg?resize=1536%2C1024&amp;ssl=1 1536w, https:\/\/i0.wp.com\/trailforthjournal.com\/es\/wp-content\/uploads\/sites\/4\/2026\/03\/Tours-en-Guayaquil-scaled.jpg?resize=2048%2C1365&amp;ssl=1 2048w, https:\/\/i0.wp.com\/trailforthjournal.com\/es\/wp-content\/uploads\/sites\/4\/2026\/03\/Tours-en-Guayaquil-scaled.jpg?resize=75%2C50&amp;ssl=1 75w, https:\/\/i0.wp.com\/trailforthjournal.com\/es\/wp-content\/uploads\/sites\/4\/2026\/03\/Tours-en-Guayaquil-scaled.jpg?resize=600%2C400&amp;ssl=1 600w\" sizes=\"(max-width: 1032px) 100vw, 1032px\" \/>\t\t\t\t\t\t<\/div>\n\t\t\t\t\t\t\t\t\t\t\t\t\t<div class=\"premium-blog-thumbnail-overlay\">\n\t\t\t\t\t\t\t\t<a class=\"elementor-icon\" href=\"https:\/\/trailforthjournal.com\/es\/tours-y-actividades\/guayaquil\/\" target=\"_blank\"><\/a>\n\t\t\t\t\t\t\t<\/div>\n\n\t\t\t\t\t\t\t\t\t\t\t\t\t\t\t\t\t\t<\/div>\n\t\t\t\t\t\t\t\t\t\t\t\t<div class=\"premium-blog-content-wrapper \">\n\n\t\t\t\t\t<div class=\"premium-blog-inner-container\">\n\n\t\t\t\t\t\t\t\t\t\t\t\t\t\t<h1 class=\"premium-blog-entry-title\">\n\t\t\t<a href=\"https:\/\/trailforthjournal.com\/es\/tours-y-actividades\/guayaquil\/\" target=\"_blank\">\n\t\t\t\tExplora los mejores Tours en Guayaquil, Ecuador | Gu\u00edas Locales y Excursiones\t\t\t<\/a>\n\t\t<\/h1>\n\t\t\t\t<div class=\"premium-blog-entry-meta\">\n\t\t\t\n\t\t\t\n\t\t\t\n\t\t\t\t\t<\/div>\n\t\t\n\t\t\t\t\t<\/div>\n\n\t\t\t\t\t\t\t\t\t\t\n\t\t\t\t<\/div>\n\t\t\t<\/div>\n\t\t<\/div>\n\n\t\t\t\t<div class=\"premium-blog-post-outer-container\" data-total=\"7\">\n\t\t\t<div class=\"premium-blog-post-container premium-blog-skin-banner\">\n\t\t\t\t\t\t\t\t\t<div class=\"premium-blog-thumb-effect-wrapper\">\n\t\t\t\t\t\t<div class=\"premium-blog-thumbnail-container premium-blog-zoomin-effect\">\n\t\t\t\t\t\t\t<img loading=\"lazy\" decoding=\"async\" data-attachment-id=\"26505\" data-permalink=\"https:\/\/trailforthjournal.com\/es\/lugar-emblematico\/barrio-las-penas\/attachment\/las-penas-esferica-3\/\" data-orig-file=\"https:\/\/i0.wp.com\/trailforthjournal.com\/es\/wp-content\/uploads\/sites\/4\/2023\/10\/Las-Penas-Esferica-3.jpg?fit=2560%2C1440&amp;ssl=1\" data-orig-size=\"2560,1440\" data-comments-opened=\"0\" data-image-meta=\"{&quot;aperture&quot;:&quot;0&quot;,&quot;credit&quot;:&quot;&quot;,&quot;camera&quot;:&quot;&quot;,&quot;caption&quot;:&quot;&quot;,&quot;created_timestamp&quot;:&quot;0&quot;,&quot;copyright&quot;:&quot;&quot;,&quot;focal_length&quot;:&quot;0&quot;,&quot;iso&quot;:&quot;0&quot;,&quot;shutter_speed&quot;:&quot;0&quot;,&quot;title&quot;:&quot;&quot;,&quot;orientation&quot;:&quot;0&quot;}\" data-image-title=\"calle-numa-pompillo-llona-las-penas\" data-image-description=\"&lt;p&gt;Fotograf\u00eda con perspectiva de \u00e1ngulo bajo que resalta el pavimiento de piedra y las coloridas casas restauradas del barrio m\u00e1s antiguo de Guayaquil.&lt;\/p&gt;\n\" data-image-caption=\"&lt;p&gt;La calle Numa Pompilio Llona, el coraz\u00f3n art\u00edstico e hist\u00f3rico del Barrio Las Pe\u00f1as&lt;\/p&gt;\n\" data-large-file=\"https:\/\/i0.wp.com\/trailforthjournal.com\/es\/wp-content\/uploads\/sites\/4\/2023\/10\/Las-Penas-Esferica-3.jpg?fit=1024%2C576&amp;ssl=1\" width=\"2560\" height=\"1440\" src=\"https:\/\/i0.wp.com\/trailforthjournal.com\/es\/wp-content\/uploads\/sites\/4\/2023\/10\/Las-Penas-Esferica-3.jpg?fit=2560%2C1440&amp;ssl=1\" class=\"attachment-full size-full wp-image-26505\" alt=\"Vista desde el suelo de la calle empedrada Numa Pompilio Llona en el Barrio Las Pe\u00f1as, Guayaquil, con fachadas de casas coloniales de colores vibrantes.\" data-attachment-id=\"26505\" data-permalink=\"https:\/\/trailforthjournal.com\/es\/lugar-emblematico\/barrio-las-penas\/attachment\/las-penas-esferica-3\/\" data-orig-file=\"https:\/\/i0.wp.com\/trailforthjournal.com\/es\/wp-content\/uploads\/sites\/4\/2023\/10\/Las-Penas-Esferica-3.jpg?fit=2560%2C1440&amp;ssl=1\" data-orig-size=\"2560,1440\" data-comments-opened=\"0\" data-image-meta=\"{&quot;aperture&quot;:&quot;0&quot;,&quot;credit&quot;:&quot;&quot;,&quot;camera&quot;:&quot;&quot;,&quot;caption&quot;:&quot;&quot;,&quot;created_timestamp&quot;:&quot;0&quot;,&quot;copyright&quot;:&quot;&quot;,&quot;focal_length&quot;:&quot;0&quot;,&quot;iso&quot;:&quot;0&quot;,&quot;shutter_speed&quot;:&quot;0&quot;,&quot;title&quot;:&quot;&quot;,&quot;orientation&quot;:&quot;0&quot;}\" data-image-title=\"calle-numa-pompillo-llona-las-penas\" data-image-description=\"&lt;p&gt;Fotograf\u00eda con perspectiva de \u00e1ngulo bajo que resalta el pavimiento de piedra y las coloridas casas restauradas del barrio m\u00e1s antiguo de Guayaquil.&lt;\/p&gt;\n\" data-image-caption=\"&lt;p&gt;La calle Numa Pompilio Llona, el coraz\u00f3n art\u00edstico e hist\u00f3rico del Barrio Las Pe\u00f1as&lt;\/p&gt;\n\" data-large-file=\"https:\/\/i0.wp.com\/trailforthjournal.com\/es\/wp-content\/uploads\/sites\/4\/2023\/10\/Las-Penas-Esferica-3.jpg?fit=1024%2C576&amp;ssl=1\" srcset=\"https:\/\/i0.wp.com\/trailforthjournal.com\/es\/wp-content\/uploads\/sites\/4\/2023\/10\/Las-Penas-Esferica-3.jpg?w=2560&amp;ssl=1 2560w, https:\/\/i0.wp.com\/trailforthjournal.com\/es\/wp-content\/uploads\/sites\/4\/2023\/10\/Las-Penas-Esferica-3.jpg?resize=300%2C169&amp;ssl=1 300w, https:\/\/i0.wp.com\/trailforthjournal.com\/es\/wp-content\/uploads\/sites\/4\/2023\/10\/Las-Penas-Esferica-3.jpg?resize=1024%2C576&amp;ssl=1 1024w, https:\/\/i0.wp.com\/trailforthjournal.com\/es\/wp-content\/uploads\/sites\/4\/2023\/10\/Las-Penas-Esferica-3.jpg?resize=768%2C432&amp;ssl=1 768w, https:\/\/i0.wp.com\/trailforthjournal.com\/es\/wp-content\/uploads\/sites\/4\/2023\/10\/Las-Penas-Esferica-3.jpg?resize=1536%2C864&amp;ssl=1 1536w, https:\/\/i0.wp.com\/trailforthjournal.com\/es\/wp-content\/uploads\/sites\/4\/2023\/10\/Las-Penas-Esferica-3.jpg?resize=2048%2C1152&amp;ssl=1 2048w, https:\/\/i0.wp.com\/trailforthjournal.com\/es\/wp-content\/uploads\/sites\/4\/2023\/10\/Las-Penas-Esferica-3.jpg?resize=89%2C50&amp;ssl=1 89w, https:\/\/i0.wp.com\/trailforthjournal.com\/es\/wp-content\/uploads\/sites\/4\/2023\/10\/Las-Penas-Esferica-3.jpg?resize=600%2C338&amp;ssl=1 600w\" sizes=\"(max-width: 1032px) 100vw, 1032px\" \/>\t\t\t\t\t\t<\/div>\n\t\t\t\t\t\t\t\t\t\t\t\t\t<div class=\"premium-blog-thumbnail-overlay\">\n\t\t\t\t\t\t\t\t<a class=\"elementor-icon\" href=\"https:\/\/trailforthjournal.com\/es\/lugar-emblematico\/barrio-las-penas\/\" target=\"_blank\"><\/a>\n\t\t\t\t\t\t\t<\/div>\n\n\t\t\t\t\t\t\t\t\t\t\t\t\t\t\t\t\t\t<\/div>\n\t\t\t\t\t\t\t\t\t\t\t\t<div class=\"premium-blog-content-wrapper \">\n\n\t\t\t\t\t<div class=\"premium-blog-inner-container\">\n\n\t\t\t\t\t\t\t\t\t\t\t\t\t\t<h1 class=\"premium-blog-entry-title\">\n\t\t\t<a href=\"https:\/\/trailforthjournal.com\/es\/lugar-emblematico\/barrio-las-penas\/\" target=\"_blank\">\n\t\t\t\tBarrio Las Pe\u00f1as Guayaquil | Un viaje hist\u00f3rico entre arte, leyendas y el R\u00edo Guayas\t\t\t<\/a>\n\t\t<\/h1>\n\t\t\t\t<div class=\"premium-blog-entry-meta\">\n\t\t\t\n\t\t\t\n\t\t\t\n\t\t\t\t\t<\/div>\n\t\t\n\t\t\t\t\t<\/div>\n\n\t\t\t\t\t\t\t\t\t\t\n\t\t\t\t<\/div>\n\t\t\t<\/div>\n\t\t<\/div>\n\n\t\t\t\t\t\t\t<\/div>\n\n\t\t\n\t\t\n\t\t\t\t\t\t<\/div>\n\t\t\t\t<\/div>\n\t\t\t\t\t<\/div>\n\t\t<\/div>\n\t\t\t\t\t<\/div>\n\t\t<\/section>\n\t\t\t\t<section class=\"elementor-section elementor-top-section elementor-element elementor-element-191726c elementor-section-full_width elementor-section-content-middle elementor-section-height-default elementor-section-height-default wpr-particle-no wpr-jarallax-no wpr-parallax-no wpr-sticky-section-no wpr-equal-height-no\" data-id=\"191726c\" data-element_type=\"section\" data-e-type=\"section\" data-settings=\"{&quot;background_background&quot;:&quot;classic&quot;}\">\n\t\t\t\t\t\t<div class=\"elementor-container elementor-column-gap-no\">\n\t\t\t\t\t<div class=\"elementor-column elementor-col-100 elementor-top-column elementor-element elementor-element-21b1374\" data-id=\"21b1374\" data-element_type=\"column\" data-e-type=\"column\">\n\t\t\t<div class=\"elementor-widget-wrap elementor-element-populated\">\n\t\t\t\t\t\t<div class=\"elementor-element elementor-element-f511599 premium-blog-align-left elementor-widget elementor-widget-premium-addon-blog\" data-id=\"f511599\" data-element_type=\"widget\" data-e-type=\"widget\" data-settings=\"{&quot;force_height&quot;:&quot;true&quot;,&quot;premium_blog_columns_number&quot;:&quot;25%&quot;,&quot;premium_blog_grid&quot;:&quot;yes&quot;,&quot;premium_blog_layout&quot;:&quot;even&quot;,&quot;premium_blog_columns_number_tablet&quot;:&quot;50%&quot;,&quot;premium_blog_columns_number_mobile&quot;:&quot;100%&quot;,&quot;scroll_to_offset&quot;:&quot;yes&quot;}\" data-widget_type=\"premium-addon-blog.default\">\n\t\t\t\t<div class=\"elementor-widget-container\">\n\t\t\t\t\t\n\t\t\n\n\t\t\t\t<div class=\"premium-blog-wrap  premium-blog-even\" data-page=\"13829\">\n\t\t\t\t\t\t\t\t\t<div class=\"premium-blog-post-outer-container\" data-total=\"3\">\n\t\t\t<div class=\"premium-blog-post-container premium-blog-skin-banner\">\n\t\t\t\t\t\t\t\t\t<div class=\"premium-blog-thumb-effect-wrapper\">\n\t\t\t\t\t\t<div class=\"premium-blog-thumbnail-container premium-blog-zoomin-effect\">\n\t\t\t\t\t\t\t<img loading=\"lazy\" decoding=\"async\" data-attachment-id=\"47589\" data-permalink=\"https:\/\/trailforthjournal.com\/es\/aventura\/parque-nacional-cajas-lagunas\/attachment\/parque-nacional-cajas-visita\/\" data-orig-file=\"https:\/\/i0.wp.com\/trailforthjournal.com\/es\/wp-content\/uploads\/sites\/4\/2022\/05\/parque-nacional-cajas-visita-scaled.jpg?fit=2560%2C2344&amp;ssl=1\" data-orig-size=\"2560,2344\" data-comments-opened=\"0\" data-image-meta=\"{&quot;aperture&quot;:&quot;0&quot;,&quot;credit&quot;:&quot;&quot;,&quot;camera&quot;:&quot;&quot;,&quot;caption&quot;:&quot;&quot;,&quot;created_timestamp&quot;:&quot;0&quot;,&quot;copyright&quot;:&quot;&quot;,&quot;focal_length&quot;:&quot;0&quot;,&quot;iso&quot;:&quot;0&quot;,&quot;shutter_speed&quot;:&quot;0&quot;,&quot;title&quot;:&quot;&quot;,&quot;orientation&quot;:&quot;0&quot;}\" data-image-title=\"parque-nacional-cajas-azuay-paramo-ecuador\" data-image-description=\"&lt;p&gt;Vista panor\u00e1mica del Parque Nacional Cajas durante el ocaso. Se aprecian las siluetas de las monta\u00f1as escarpadas, una peque\u00f1a cascada o riachuelo descendiendo por la ladera, y la caracter\u00edstica neblina del p\u00e1ramo envolviendo los picos. En primer plano, se observa el reflejo de la luz residual sobre una laguna&lt;\/p&gt;\n\" data-image-caption=\"&lt;p&gt;El Parque Nacional Cajas: un santuario de agua y roca en las tierras altas de los Andes ecuatorianos&lt;\/p&gt;\n\" data-large-file=\"https:\/\/i0.wp.com\/trailforthjournal.com\/es\/wp-content\/uploads\/sites\/4\/2022\/05\/parque-nacional-cajas-visita-scaled.jpg?fit=1024%2C938&amp;ssl=1\" width=\"2560\" height=\"2344\" src=\"https:\/\/i0.wp.com\/trailforthjournal.com\/es\/wp-content\/uploads\/sites\/4\/2022\/05\/parque-nacional-cajas-visita-scaled.jpg?fit=2560%2C2344&amp;ssl=1\" class=\"attachment-full size-full wp-image-47589\" alt=\"Paisaje de monta\u00f1a en el Parque Nacional Cajas, Azuay, con formaciones rocosas, neblina y una laguna al atardecer\" data-attachment-id=\"47589\" data-permalink=\"https:\/\/trailforthjournal.com\/es\/aventura\/parque-nacional-cajas-lagunas\/attachment\/parque-nacional-cajas-visita\/\" data-orig-file=\"https:\/\/i0.wp.com\/trailforthjournal.com\/es\/wp-content\/uploads\/sites\/4\/2022\/05\/parque-nacional-cajas-visita-scaled.jpg?fit=2560%2C2344&amp;ssl=1\" data-orig-size=\"2560,2344\" data-comments-opened=\"0\" data-image-meta=\"{&quot;aperture&quot;:&quot;0&quot;,&quot;credit&quot;:&quot;&quot;,&quot;camera&quot;:&quot;&quot;,&quot;caption&quot;:&quot;&quot;,&quot;created_timestamp&quot;:&quot;0&quot;,&quot;copyright&quot;:&quot;&quot;,&quot;focal_length&quot;:&quot;0&quot;,&quot;iso&quot;:&quot;0&quot;,&quot;shutter_speed&quot;:&quot;0&quot;,&quot;title&quot;:&quot;&quot;,&quot;orientation&quot;:&quot;0&quot;}\" data-image-title=\"parque-nacional-cajas-azuay-paramo-ecuador\" data-image-description=\"&lt;p&gt;Vista panor\u00e1mica del Parque Nacional Cajas durante el ocaso. Se aprecian las siluetas de las monta\u00f1as escarpadas, una peque\u00f1a cascada o riachuelo descendiendo por la ladera, y la caracter\u00edstica neblina del p\u00e1ramo envolviendo los picos. En primer plano, se observa el reflejo de la luz residual sobre una laguna&lt;\/p&gt;\n\" data-image-caption=\"&lt;p&gt;El Parque Nacional Cajas: un santuario de agua y roca en las tierras altas de los Andes ecuatorianos&lt;\/p&gt;\n\" data-large-file=\"https:\/\/i0.wp.com\/trailforthjournal.com\/es\/wp-content\/uploads\/sites\/4\/2022\/05\/parque-nacional-cajas-visita-scaled.jpg?fit=1024%2C938&amp;ssl=1\" srcset=\"https:\/\/i0.wp.com\/trailforthjournal.com\/es\/wp-content\/uploads\/sites\/4\/2022\/05\/parque-nacional-cajas-visita-scaled.jpg?w=2560&amp;ssl=1 2560w, https:\/\/i0.wp.com\/trailforthjournal.com\/es\/wp-content\/uploads\/sites\/4\/2022\/05\/parque-nacional-cajas-visita-scaled.jpg?resize=300%2C275&amp;ssl=1 300w, https:\/\/i0.wp.com\/trailforthjournal.com\/es\/wp-content\/uploads\/sites\/4\/2022\/05\/parque-nacional-cajas-visita-scaled.jpg?resize=1024%2C938&amp;ssl=1 1024w, https:\/\/i0.wp.com\/trailforthjournal.com\/es\/wp-content\/uploads\/sites\/4\/2022\/05\/parque-nacional-cajas-visita-scaled.jpg?resize=768%2C703&amp;ssl=1 768w, https:\/\/i0.wp.com\/trailforthjournal.com\/es\/wp-content\/uploads\/sites\/4\/2022\/05\/parque-nacional-cajas-visita-scaled.jpg?resize=1536%2C1406&amp;ssl=1 1536w, https:\/\/i0.wp.com\/trailforthjournal.com\/es\/wp-content\/uploads\/sites\/4\/2022\/05\/parque-nacional-cajas-visita-scaled.jpg?resize=2048%2C1875&amp;ssl=1 2048w, https:\/\/i0.wp.com\/trailforthjournal.com\/es\/wp-content\/uploads\/sites\/4\/2022\/05\/parque-nacional-cajas-visita-scaled.jpg?resize=55%2C50&amp;ssl=1 55w, https:\/\/i0.wp.com\/trailforthjournal.com\/es\/wp-content\/uploads\/sites\/4\/2022\/05\/parque-nacional-cajas-visita-scaled.jpg?resize=600%2C549&amp;ssl=1 600w\" sizes=\"(max-width: 1032px) 100vw, 1032px\" \/>\t\t\t\t\t\t<\/div>\n\t\t\t\t\t\t\t\t\t\t\t\t\t<div class=\"premium-blog-thumbnail-overlay\">\n\t\t\t\t\t\t\t\t<a class=\"elementor-icon\" href=\"https:\/\/trailforthjournal.com\/es\/aventura\/parque-nacional-cajas-lagunas\/\" target=\"_blank\"><\/a>\n\t\t\t\t\t\t\t<\/div>\n\n\t\t\t\t\t\t\t\t\t\t\t\t\t\t\t\t\t\t<\/div>\n\t\t\t\t\t\t\t\t\t\t\t\t<div class=\"premium-blog-content-wrapper \">\n\n\t\t\t\t\t<div class=\"premium-blog-inner-container\">\n\n\t\t\t\t\t\t\t\t\t\t\t\t\t\t<h1 class=\"premium-blog-entry-title\">\n\t\t\t<a href=\"https:\/\/trailforthjournal.com\/es\/aventura\/parque-nacional-cajas-lagunas\/\" target=\"_blank\">\n\t\t\t\tGu\u00eda Completa del Parque Nacional Cajas: Qu\u00e9 ver, rutas y consejos (2026)\t\t\t<\/a>\n\t\t<\/h1>\n\t\t\t\t<div class=\"premium-blog-entry-meta\">\n\t\t\t\n\t\t\t\n\t\t\t\n\t\t\t\t\t<\/div>\n\t\t\n\t\t\t\t\t<\/div>\n\n\t\t\t\t\t\t\t\t\t\t\n\t\t\t\t<\/div>\n\t\t\t<\/div>\n\t\t<\/div>\n\n\t\t\t\t<div class=\"premium-blog-post-outer-container\" data-total=\"3\">\n\t\t\t<div class=\"premium-blog-post-container premium-blog-skin-banner\">\n\t\t\t\t\t\t\t\t\t<div class=\"premium-blog-thumb-effect-wrapper\">\n\t\t\t\t\t\t<div class=\"premium-blog-thumbnail-container premium-blog-zoomin-effect\">\n\t\t\t\t\t\t\t<img fetchpriority=\"high\" decoding=\"async\" data-attachment-id=\"50444\" data-permalink=\"https:\/\/trailforthjournal.com\/es\/aventura\/avenida-de-los-volcanes-ecuador\/attachment\/avenida-de-los-volcances-tungurahua\/\" data-orig-file=\"https:\/\/i0.wp.com\/trailforthjournal.com\/es\/wp-content\/uploads\/sites\/4\/2026\/01\/avenida-de-los-volcances-tungurahua.webp?fit=1440%2C961&amp;ssl=1\" data-orig-size=\"1440,961\" data-comments-opened=\"0\" data-image-meta=\"{&quot;aperture&quot;:&quot;0&quot;,&quot;credit&quot;:&quot;&quot;,&quot;camera&quot;:&quot;&quot;,&quot;caption&quot;:&quot;&quot;,&quot;created_timestamp&quot;:&quot;0&quot;,&quot;copyright&quot;:&quot;&quot;,&quot;focal_length&quot;:&quot;0&quot;,&quot;iso&quot;:&quot;0&quot;,&quot;shutter_speed&quot;:&quot;0&quot;,&quot;title&quot;:&quot;&quot;,&quot;orientation&quot;:&quot;0&quot;}\" data-image-title=\"volcan-tungurahua-avenida-volcanes-ecuador-turismo\" data-image-description=\"&lt;p&gt;Fotograf\u00eda de paisaje del Volc\u00e1n Tungurahua al amanecer o atardecer. Se observa la cima con nieve, laderas escarpadas y un mar de nubes que cubre los valles, con vegetaci\u00f3n densa de bosque nublado en primer plano&lt;\/p&gt;\n\" data-image-caption=\"&lt;p&gt;Vista del Volc\u00e1n Tungurahua nevado con nubes bajas y bosque andino exuberante en la Avenida de los Volcanes, Ecuador&lt;\/p&gt;\n\" data-large-file=\"https:\/\/i0.wp.com\/trailforthjournal.com\/es\/wp-content\/uploads\/sites\/4\/2026\/01\/avenida-de-los-volcances-tungurahua.webp?fit=1024%2C683&amp;ssl=1\" width=\"1440\" height=\"961\" src=\"https:\/\/i0.wp.com\/trailforthjournal.com\/es\/wp-content\/uploads\/sites\/4\/2026\/01\/avenida-de-los-volcances-tungurahua.webp?fit=1440%2C961&amp;ssl=1\" class=\"attachment-full size-full wp-image-50444\" alt=\"Vista del Volc\u00e1n Tungurahua nevado con nubes bajas y bosque andino exuberante en la Avenida de los Volcanes, Ecuador\" data-attachment-id=\"50444\" data-permalink=\"https:\/\/trailforthjournal.com\/es\/aventura\/avenida-de-los-volcanes-ecuador\/attachment\/avenida-de-los-volcances-tungurahua\/\" data-orig-file=\"https:\/\/i0.wp.com\/trailforthjournal.com\/es\/wp-content\/uploads\/sites\/4\/2026\/01\/avenida-de-los-volcances-tungurahua.webp?fit=1440%2C961&amp;ssl=1\" data-orig-size=\"1440,961\" data-comments-opened=\"0\" data-image-meta=\"{&quot;aperture&quot;:&quot;0&quot;,&quot;credit&quot;:&quot;&quot;,&quot;camera&quot;:&quot;&quot;,&quot;caption&quot;:&quot;&quot;,&quot;created_timestamp&quot;:&quot;0&quot;,&quot;copyright&quot;:&quot;&quot;,&quot;focal_length&quot;:&quot;0&quot;,&quot;iso&quot;:&quot;0&quot;,&quot;shutter_speed&quot;:&quot;0&quot;,&quot;title&quot;:&quot;&quot;,&quot;orientation&quot;:&quot;0&quot;}\" data-image-title=\"volcan-tungurahua-avenida-volcanes-ecuador-turismo\" data-image-description=\"&lt;p&gt;Fotograf\u00eda de paisaje del Volc\u00e1n Tungurahua al amanecer o atardecer. Se observa la cima con nieve, laderas escarpadas y un mar de nubes que cubre los valles, con vegetaci\u00f3n densa de bosque nublado en primer plano&lt;\/p&gt;\n\" data-image-caption=\"&lt;p&gt;Vista del Volc\u00e1n Tungurahua nevado con nubes bajas y bosque andino exuberante en la Avenida de los Volcanes, Ecuador&lt;\/p&gt;\n\" data-large-file=\"https:\/\/i0.wp.com\/trailforthjournal.com\/es\/wp-content\/uploads\/sites\/4\/2026\/01\/avenida-de-los-volcances-tungurahua.webp?fit=1024%2C683&amp;ssl=1\" srcset=\"https:\/\/i0.wp.com\/trailforthjournal.com\/es\/wp-content\/uploads\/sites\/4\/2026\/01\/avenida-de-los-volcances-tungurahua.webp?w=1440&amp;ssl=1 1440w, https:\/\/i0.wp.com\/trailforthjournal.com\/es\/wp-content\/uploads\/sites\/4\/2026\/01\/avenida-de-los-volcances-tungurahua.webp?resize=300%2C200&amp;ssl=1 300w, https:\/\/i0.wp.com\/trailforthjournal.com\/es\/wp-content\/uploads\/sites\/4\/2026\/01\/avenida-de-los-volcances-tungurahua.webp?resize=1024%2C683&amp;ssl=1 1024w, https:\/\/i0.wp.com\/trailforthjournal.com\/es\/wp-content\/uploads\/sites\/4\/2026\/01\/avenida-de-los-volcances-tungurahua.webp?resize=768%2C513&amp;ssl=1 768w, https:\/\/i0.wp.com\/trailforthjournal.com\/es\/wp-content\/uploads\/sites\/4\/2026\/01\/avenida-de-los-volcances-tungurahua.webp?resize=75%2C50&amp;ssl=1 75w, https:\/\/i0.wp.com\/trailforthjournal.com\/es\/wp-content\/uploads\/sites\/4\/2026\/01\/avenida-de-los-volcances-tungurahua.webp?resize=600%2C400&amp;ssl=1 600w\" sizes=\"(max-width: 1032px) 100vw, 1032px\" \/>\t\t\t\t\t\t<\/div>\n\t\t\t\t\t\t\t\t\t\t\t\t\t<div class=\"premium-blog-thumbnail-overlay\">\n\t\t\t\t\t\t\t\t<a class=\"elementor-icon\" href=\"https:\/\/trailforthjournal.com\/es\/aventura\/avenida-de-los-volcanes-ecuador\/\" target=\"_blank\"><\/a>\n\t\t\t\t\t\t\t<\/div>\n\n\t\t\t\t\t\t\t\t\t\t\t\t\t\t\t\t\t\t<\/div>\n\t\t\t\t\t\t\t\t\t\t\t\t<div class=\"premium-blog-content-wrapper \">\n\n\t\t\t\t\t<div class=\"premium-blog-inner-container\">\n\n\t\t\t\t\t\t\t\t\t\t\t\t\t\t<h1 class=\"premium-blog-entry-title\">\n\t\t\t<a href=\"https:\/\/trailforthjournal.com\/es\/aventura\/avenida-de-los-volcanes-ecuador\/\" target=\"_blank\">\n\t\t\t\tGu\u00eda de la Avenida de los Volcanes en Ecuador: fotograf\u00eda y aventura\t\t\t<\/a>\n\t\t<\/h1>\n\t\t\t\t<div class=\"premium-blog-entry-meta\">\n\t\t\t\n\t\t\t\n\t\t\t\n\t\t\t\t\t<\/div>\n\t\t\n\t\t\t\t\t<\/div>\n\n\t\t\t\t\t\t\t\t\t\t\n\t\t\t\t<\/div>\n\t\t\t<\/div>\n\t\t<\/div>\n\n\t\t\t\t<div class=\"premium-blog-post-outer-container\" data-total=\"3\">\n\t\t\t<div class=\"premium-blog-post-container premium-blog-skin-banner\">\n\t\t\t\t\t\t\t\t\t<div class=\"premium-blog-thumb-effect-wrapper\">\n\t\t\t\t\t\t<div class=\"premium-blog-thumbnail-container premium-blog-zoomin-effect\">\n\t\t\t\t\t\t\t<img loading=\"lazy\" decoding=\"async\" data-attachment-id=\"8933\" data-permalink=\"https:\/\/trailforthjournal.com\/es\/cultura\/centro-historico-quito-tesoro-colonial\/attachment\/quito-barroco\/\" data-orig-file=\"https:\/\/i0.wp.com\/trailforthjournal.com\/es\/wp-content\/uploads\/sites\/4\/2022\/05\/Quito-Barroco.jpg?fit=1227%2C777&amp;ssl=1\" data-orig-size=\"1227,777\" data-comments-opened=\"0\" data-image-meta=\"{&quot;aperture&quot;:&quot;0&quot;,&quot;credit&quot;:&quot;Getty Images\/Westend61&quot;,&quot;camera&quot;:&quot;&quot;,&quot;caption&quot;:&quot;&quot;,&quot;created_timestamp&quot;:&quot;1626899310&quot;,&quot;copyright&quot;:&quot;&quot;,&quot;focal_length&quot;:&quot;0&quot;,&quot;iso&quot;:&quot;0&quot;,&quot;shutter_speed&quot;:&quot;0&quot;,&quot;title&quot;:&quot;&quot;,&quot;orientation&quot;:&quot;0&quot;}\" data-image-title=\"quito-nocturno-panecillo-centro-historico\" data-image-description=\"&lt;p&gt;Paisaje urbano nocturno de Quito desde un mirador elevado. Se aprecia la densidad del centro hist\u00f3rico, la iluminaci\u00f3n de las iglesias y el monumento de la Virgen de El Panecillo en la cima del cerro.&lt;\/p&gt;\n\" data-image-caption=\"&lt;p&gt;Quito se ilumina al caer la noche, revelando la silueta de El Panecillo custodiando la capital andina.&lt;\/p&gt;\n\" data-large-file=\"https:\/\/i0.wp.com\/trailforthjournal.com\/es\/wp-content\/uploads\/sites\/4\/2022\/05\/Quito-Barroco.jpg?fit=1024%2C648&amp;ssl=1\" width=\"1227\" height=\"777\" src=\"https:\/\/i0.wp.com\/trailforthjournal.com\/es\/wp-content\/uploads\/sites\/4\/2022\/05\/Quito-Barroco.jpg?fit=1227%2C777&amp;ssl=1\" class=\"attachment-full size-full wp-image-8933\" alt=\"Vista panor\u00e1mica nocturna del centro hist\u00f3rico de Quito, Ecuador, con el cerro de El Panecillo iluminado bajo un cielo p\u00farpura al atardecer\" data-attachment-id=\"8933\" data-permalink=\"https:\/\/trailforthjournal.com\/es\/cultura\/centro-historico-quito-tesoro-colonial\/attachment\/quito-barroco\/\" data-orig-file=\"https:\/\/i0.wp.com\/trailforthjournal.com\/es\/wp-content\/uploads\/sites\/4\/2022\/05\/Quito-Barroco.jpg?fit=1227%2C777&amp;ssl=1\" data-orig-size=\"1227,777\" data-comments-opened=\"0\" data-image-meta=\"{&quot;aperture&quot;:&quot;0&quot;,&quot;credit&quot;:&quot;Getty Images\/Westend61&quot;,&quot;camera&quot;:&quot;&quot;,&quot;caption&quot;:&quot;&quot;,&quot;created_timestamp&quot;:&quot;1626899310&quot;,&quot;copyright&quot;:&quot;&quot;,&quot;focal_length&quot;:&quot;0&quot;,&quot;iso&quot;:&quot;0&quot;,&quot;shutter_speed&quot;:&quot;0&quot;,&quot;title&quot;:&quot;&quot;,&quot;orientation&quot;:&quot;0&quot;}\" data-image-title=\"quito-nocturno-panecillo-centro-historico\" data-image-description=\"&lt;p&gt;Paisaje urbano nocturno de Quito desde un mirador elevado. Se aprecia la densidad del centro hist\u00f3rico, la iluminaci\u00f3n de las iglesias y el monumento de la Virgen de El Panecillo en la cima del cerro.&lt;\/p&gt;\n\" data-image-caption=\"&lt;p&gt;Quito se ilumina al caer la noche, revelando la silueta de El Panecillo custodiando la capital andina.&lt;\/p&gt;\n\" data-large-file=\"https:\/\/i0.wp.com\/trailforthjournal.com\/es\/wp-content\/uploads\/sites\/4\/2022\/05\/Quito-Barroco.jpg?fit=1024%2C648&amp;ssl=1\" srcset=\"https:\/\/i0.wp.com\/trailforthjournal.com\/es\/wp-content\/uploads\/sites\/4\/2022\/05\/Quito-Barroco.jpg?w=1227&amp;ssl=1 1227w, https:\/\/i0.wp.com\/trailforthjournal.com\/es\/wp-content\/uploads\/sites\/4\/2022\/05\/Quito-Barroco.jpg?resize=300%2C190&amp;ssl=1 300w, https:\/\/i0.wp.com\/trailforthjournal.com\/es\/wp-content\/uploads\/sites\/4\/2022\/05\/Quito-Barroco.jpg?resize=1024%2C648&amp;ssl=1 1024w, https:\/\/i0.wp.com\/trailforthjournal.com\/es\/wp-content\/uploads\/sites\/4\/2022\/05\/Quito-Barroco.jpg?resize=768%2C486&amp;ssl=1 768w, https:\/\/i0.wp.com\/trailforthjournal.com\/es\/wp-content\/uploads\/sites\/4\/2022\/05\/Quito-Barroco.jpg?resize=237%2C150&amp;ssl=1 237w, https:\/\/i0.wp.com\/trailforthjournal.com\/es\/wp-content\/uploads\/sites\/4\/2022\/05\/Quito-Barroco.jpg?resize=600%2C380&amp;ssl=1 600w\" sizes=\"(max-width: 1032px) 100vw, 1032px\" \/>\t\t\t\t\t\t<\/div>\n\t\t\t\t\t\t\t\t\t\t\t\t\t<div class=\"premium-blog-thumbnail-overlay\">\n\t\t\t\t\t\t\t\t<a class=\"elementor-icon\" href=\"https:\/\/trailforthjournal.com\/es\/cultura\/centro-historico-quito-tesoro-colonial\/\" target=\"_blank\"><\/a>\n\t\t\t\t\t\t\t<\/div>\n\n\t\t\t\t\t\t\t\t\t\t\t\t\t\t\t\t\t\t<\/div>\n\t\t\t\t\t\t\t\t\t\t\t\t<div class=\"premium-blog-content-wrapper \">\n\n\t\t\t\t\t<div class=\"premium-blog-inner-container\">\n\n\t\t\t\t\t\t\t\t\t\t\t\t\t\t<h1 class=\"premium-blog-entry-title\">\n\t\t\t<a href=\"https:\/\/trailforthjournal.com\/es\/cultura\/centro-historico-quito-tesoro-colonial\/\" target=\"_blank\">\n\t\t\t\tLa Magia del Centro Hist\u00f3rico de Quito: Patrimonio de la Humanidad (1978) y tesoro colonial\t\t\t<\/a>\n\t\t<\/h1>\n\t\t\t\t<div class=\"premium-blog-entry-meta\">\n\t\t\t\n\t\t\t\n\t\t\t\n\t\t\t\t\t<\/div>\n\t\t\n\t\t\t\t\t<\/div>\n\n\t\t\t\t\t\t\t\t\t\t\n\t\t\t\t<\/div>\n\t\t\t<\/div>\n\t\t<\/div>\n\n\t\t\t\t<div class=\"premium-blog-post-outer-container\" data-total=\"3\">\n\t\t\t<div class=\"premium-blog-post-container premium-blog-skin-banner\">\n\t\t\t\t\t\t\t\t\t<div class=\"premium-blog-thumb-effect-wrapper\">\n\t\t\t\t\t\t<div class=\"premium-blog-thumbnail-container premium-blog-zoomin-effect\">\n\t\t\t\t\t\t\t<img loading=\"lazy\" decoding=\"async\" data-attachment-id=\"6311\" data-permalink=\"https:\/\/trailforthjournal.com\/es\/aventura\/parque-nacional-antisana-condor-ecuador\/attachment\/antisana-comp-002\/\" data-orig-file=\"https:\/\/i0.wp.com\/trailforthjournal.com\/es\/wp-content\/uploads\/sites\/4\/2022\/03\/Antisana-Comp-002.jpg?fit=1257%2C796&amp;ssl=1\" data-orig-size=\"1257,796\" data-comments-opened=\"0\" data-image-meta=\"{&quot;aperture&quot;:&quot;0&quot;,&quot;credit&quot;:&quot;picture alliance via Getty Image&quot;,&quot;camera&quot;:&quot;&quot;,&quot;caption&quot;:&quot;15 February 2019, Ecuador, Antisana: The column of Federal President Steinmeier and his wife travels through the nature reserve and Antisana National Park. Federal President Steinmeier and his wife are visiting Colombia and Ecuador on the occasion of Alexander von Humboldt&#039;s 250th birthday as part of a five-day trip to Latin America. Photo: Bernd von Jutrczenka\/dpa (Photo by Bernd von Jutrczenka\/picture alliance via Getty Images)&quot;,&quot;created_timestamp&quot;:&quot;1629819843&quot;,&quot;copyright&quot;:&quot;(c) Copyright 2019, dpa (www.dpa.de). Alle Rechte vorbehalten&quot;,&quot;focal_length&quot;:&quot;0&quot;,&quot;iso&quot;:&quot;0&quot;,&quot;shutter_speed&quot;:&quot;0&quot;,&quot;title&quot;:&quot;&quot;,&quot;orientation&quot;:&quot;1&quot;}\" data-image-title=\"Parque Nacional Antisana\" data-image-description=\"&lt;p&gt;Parque Nacional Antisana.&lt;\/p&gt;\n\" data-image-caption=\"&lt;p&gt;Parque Nacional Antisana&lt;\/p&gt;\n\" data-large-file=\"https:\/\/i0.wp.com\/trailforthjournal.com\/es\/wp-content\/uploads\/sites\/4\/2022\/03\/Antisana-Comp-002.jpg?fit=1024%2C648&amp;ssl=1\" width=\"1257\" height=\"796\" src=\"https:\/\/i0.wp.com\/trailforthjournal.com\/es\/wp-content\/uploads\/sites\/4\/2022\/03\/Antisana-Comp-002.jpg?fit=1257%2C796&amp;ssl=1\" class=\"attachment-full size-full wp-image-6311\" alt=\"Parque Nacional Antisana\" data-attachment-id=\"6311\" data-permalink=\"https:\/\/trailforthjournal.com\/es\/aventura\/parque-nacional-antisana-condor-ecuador\/attachment\/antisana-comp-002\/\" data-orig-file=\"https:\/\/i0.wp.com\/trailforthjournal.com\/es\/wp-content\/uploads\/sites\/4\/2022\/03\/Antisana-Comp-002.jpg?fit=1257%2C796&amp;ssl=1\" data-orig-size=\"1257,796\" data-comments-opened=\"0\" data-image-meta=\"{&quot;aperture&quot;:&quot;0&quot;,&quot;credit&quot;:&quot;picture alliance via Getty Image&quot;,&quot;camera&quot;:&quot;&quot;,&quot;caption&quot;:&quot;15 February 2019, Ecuador, Antisana: The column of Federal President Steinmeier and his wife travels through the nature reserve and Antisana National Park. Federal President Steinmeier and his wife are visiting Colombia and Ecuador on the occasion of Alexander von Humboldt&#039;s 250th birthday as part of a five-day trip to Latin America. Photo: Bernd von Jutrczenka\/dpa (Photo by Bernd von Jutrczenka\/picture alliance via Getty Images)&quot;,&quot;created_timestamp&quot;:&quot;1629819843&quot;,&quot;copyright&quot;:&quot;(c) Copyright 2019, dpa (www.dpa.de). Alle Rechte vorbehalten&quot;,&quot;focal_length&quot;:&quot;0&quot;,&quot;iso&quot;:&quot;0&quot;,&quot;shutter_speed&quot;:&quot;0&quot;,&quot;title&quot;:&quot;&quot;,&quot;orientation&quot;:&quot;1&quot;}\" data-image-title=\"Parque Nacional Antisana\" data-image-description=\"&lt;p&gt;Parque Nacional Antisana.&lt;\/p&gt;\n\" data-image-caption=\"&lt;p&gt;Parque Nacional Antisana&lt;\/p&gt;\n\" data-large-file=\"https:\/\/i0.wp.com\/trailforthjournal.com\/es\/wp-content\/uploads\/sites\/4\/2022\/03\/Antisana-Comp-002.jpg?fit=1024%2C648&amp;ssl=1\" srcset=\"https:\/\/i0.wp.com\/trailforthjournal.com\/es\/wp-content\/uploads\/sites\/4\/2022\/03\/Antisana-Comp-002.jpg?w=1257&amp;ssl=1 1257w, https:\/\/i0.wp.com\/trailforthjournal.com\/es\/wp-content\/uploads\/sites\/4\/2022\/03\/Antisana-Comp-002.jpg?resize=300%2C190&amp;ssl=1 300w, https:\/\/i0.wp.com\/trailforthjournal.com\/es\/wp-content\/uploads\/sites\/4\/2022\/03\/Antisana-Comp-002.jpg?resize=1024%2C648&amp;ssl=1 1024w, https:\/\/i0.wp.com\/trailforthjournal.com\/es\/wp-content\/uploads\/sites\/4\/2022\/03\/Antisana-Comp-002.jpg?resize=768%2C486&amp;ssl=1 768w, https:\/\/i0.wp.com\/trailforthjournal.com\/es\/wp-content\/uploads\/sites\/4\/2022\/03\/Antisana-Comp-002.jpg?resize=237%2C150&amp;ssl=1 237w, https:\/\/i0.wp.com\/trailforthjournal.com\/es\/wp-content\/uploads\/sites\/4\/2022\/03\/Antisana-Comp-002.jpg?resize=600%2C380&amp;ssl=1 600w\" sizes=\"(max-width: 1032px) 100vw, 1032px\" \/>\t\t\t\t\t\t<\/div>\n\t\t\t\t\t\t\t\t\t\t\t\t\t<div class=\"premium-blog-thumbnail-overlay\">\n\t\t\t\t\t\t\t\t<a class=\"elementor-icon\" href=\"https:\/\/trailforthjournal.com\/es\/aventura\/parque-nacional-antisana-condor-ecuador\/\" target=\"_blank\"><\/a>\n\t\t\t\t\t\t\t<\/div>\n\n\t\t\t\t\t\t\t\t\t\t\t\t\t\t\t\t\t\t<\/div>\n\t\t\t\t\t\t\t\t\t\t\t\t<div class=\"premium-blog-content-wrapper \">\n\n\t\t\t\t\t<div class=\"premium-blog-inner-container\">\n\n\t\t\t\t\t\t\t\t\t\t\t\t\t\t<h1 class=\"premium-blog-entry-title\">\n\t\t\t<a href=\"https:\/\/trailforthjournal.com\/es\/aventura\/parque-nacional-antisana-condor-ecuador\/\" target=\"_blank\">\n\t\t\t\tParque Nacional Antisana: El nuevo santuario para la conservaci\u00f3n del C\u00f3ndor Andino en Ecuador\t\t\t<\/a>\n\t\t<\/h1>\n\t\t\t\t<div class=\"premium-blog-entry-meta\">\n\t\t\t\n\t\t\t\n\t\t\t\n\t\t\t\t\t<\/div>\n\t\t\n\t\t\t\t\t<\/div>\n\n\t\t\t\t\t\t\t\t\t\t\n\t\t\t\t<\/div>\n\t\t\t<\/div>\n\t\t<\/div>\n\n\t\t\t\t\t\t\t<\/div>\n\n\t\t\n\t\t\n\t\t\t\t\t\t<\/div>\n\t\t\t\t<\/div>\n\t\t\t\t\t<\/div>\n\t\t<\/div>\n\t\t\t\t\t<\/div>\n\t\t<\/section>\n\t\t\t\t<\/div>\n\t\t","protected":false},"excerpt":{"rendered":"<p>De acuerdo la Banco de Desarrollo del Ecuador, el Turismo es uno de los sectores econ\u00f3micos de mayor crecimiento con el 10,2% del (PIB).<\/p>\n","protected":false},"author":1,"featured_media":14519,"comment_status":"open","ping_status":"open","sticky":false,"template":"elementor_header_footer","format":"standard","meta":{"_acf_changed":false,"jetpack_post_was_ever_published":true,"_jetpack_newsletter_access":"","_jetpack_dont_email_post_to_subs":false,"_jetpack_newsletter_tier_id":0,"_jetpack_memberships_contains_paywalled_content":false,"_jetpack_memberships_contains_paid_content":false,"footnotes":""},"categories":[18],"tags":[17,19,181,180,179],"class_list":["post-13829","post","type-post","status-publish","format-standard","has-post-thumbnail","hentry","category-cultura","tag-4regiones","tag-archipielago-de-galapagos","tag-san-francisco-de-quito","tag-santa-ana-de-los-rios-de-cuenca","tag-santiago-de-guayaquil"],"acf":[],"yoast_head":"<!-- This site is optimized with the Yoast SEO Premium plugin v22.0 (Yoast SEO v27.4) - https:\/\/yoast.com\/product\/yoast-seo-premium-wordpress\/ -->\n<title>La importancia del Turismo para Ecuador: Motor de la Econom\u00eda y el Desarrollo Sostenible<\/title>\n<meta name=\"description\" content=\"De acuerdo la Banco de Desarrollo del Ecuador, el Turismo es uno de los sectores econ\u00f3micos de mayor crecimiento con el 10,2% del (PIB).\" \/>\n<meta name=\"robots\" content=\"index, follow, max-snippet:-1, max-image-preview:large, max-video-preview:-1\" \/>\n<link rel=\"canonical\" href=\"https:\/\/trailforthjournal.com\/es\/cultura\/importancia-del-turismo-ecuador\/\" \/>\n<meta property=\"og:locale\" content=\"es_ES\" \/>\n<meta property=\"og:type\" content=\"article\" \/>\n<meta property=\"og:title\" content=\"La importancia del Turismo para Ecuador.\" \/>\n<meta property=\"og:description\" content=\"De acuerdo la Banco de Desarrollo del Ecuador, el Turismo es uno de los sectores econ\u00f3micos de mayor crecimiento con el 10,2% del (PIB).\" \/>\n<meta property=\"og:url\" content=\"https:\/\/trailforthjournal.com\/es\/cultura\/importancia-del-turismo-ecuador\/\" \/>\n<meta property=\"og:site_name\" content=\"Trail Forth Journal\" \/>\n<meta property=\"article:publisher\" content=\"https:\/\/www.facebook.com\/trailforth\" \/>\n<meta property=\"article:published_time\" content=\"2022-10-22T16:26:47+00:00\" \/>\n<meta property=\"article:modified_time\" content=\"2026-01-11T15:36:47+00:00\" \/>\n<meta property=\"og:image\" content=\"https:\/\/trailforthjournal.com\/es\/wp-content\/uploads\/sites\/4\/2022\/10\/Cotopaxi-by-tourist-scaled.jpg\" \/>\n\t<meta property=\"og:image:width\" content=\"2560\" \/>\n\t<meta property=\"og:image:height\" content=\"1920\" \/>\n\t<meta property=\"og:image:type\" content=\"image\/jpeg\" \/>\n<meta name=\"author\" content=\"jairocabrera\" \/>\n<meta name=\"twitter:card\" content=\"summary_large_image\" \/>\n<meta name=\"twitter:title\" content=\"La importancia del Turismo para Ecuador.\" \/>\n<meta name=\"twitter:description\" content=\"De acuerdo la Banco de Desarrollo del Ecuador, el Turismo es uno de los sectores econ\u00f3micos de mayor crecimiento con el 10,2% del (PIB).\" \/>\n<meta name=\"twitter:image\" content=\"https:\/\/i0.wp.com\/trailforthjournal.com\/es\/wp-content\/uploads\/sites\/4\/2022\/10\/Cotopaxi-by-tourist-scaled.jpg?fit=2560%2C1920&ssl=1\" \/>\n<meta name=\"twitter:creator\" content=\"@trailforth\" \/>\n<meta name=\"twitter:site\" content=\"@trailforth\" \/>\n<meta name=\"twitter:label1\" content=\"Escrito por\" \/>\n\t<meta name=\"twitter:data1\" content=\"jairocabrera\" \/>\n\t<meta name=\"twitter:label2\" content=\"Tiempo de lectura\" \/>\n\t<meta name=\"twitter:data2\" content=\"8 minutos\" \/>\n<!-- \/ Yoast SEO Premium plugin. -->","yoast_head_json":{"title":"La importancia del Turismo para Ecuador: Motor de la Econom\u00eda y el Desarrollo Sostenible","description":"De acuerdo la Banco de Desarrollo del Ecuador, el Turismo es uno de los sectores econ\u00f3micos de mayor crecimiento con el 10,2% del (PIB).","robots":{"index":"index","follow":"follow","max-snippet":"max-snippet:-1","max-image-preview":"max-image-preview:large","max-video-preview":"max-video-preview:-1"},"canonical":"https:\/\/trailforthjournal.com\/es\/cultura\/importancia-del-turismo-ecuador\/","og_locale":"es_ES","og_type":"article","og_title":"La importancia del Turismo para Ecuador.","og_description":"De acuerdo la Banco de Desarrollo del Ecuador, el Turismo es uno de los sectores econ\u00f3micos de mayor crecimiento con el 10,2% del (PIB).","og_url":"https:\/\/trailforthjournal.com\/es\/cultura\/importancia-del-turismo-ecuador\/","og_site_name":"Trail Forth Journal","article_publisher":"https:\/\/www.facebook.com\/trailforth","article_published_time":"2022-10-22T16:26:47+00:00","article_modified_time":"2026-01-11T15:36:47+00:00","og_image":[{"width":2560,"height":1920,"url":"https:\/\/trailforthjournal.com\/es\/wp-content\/uploads\/sites\/4\/2022\/10\/Cotopaxi-by-tourist-scaled.jpg","type":"image\/jpeg"}],"author":"jairocabrera","twitter_card":"summary_large_image","twitter_title":"La importancia del Turismo para Ecuador.","twitter_description":"De acuerdo la Banco de Desarrollo del Ecuador, el Turismo es uno de los sectores econ\u00f3micos de mayor crecimiento con el 10,2% del (PIB).","twitter_image":"https:\/\/i0.wp.com\/trailforthjournal.com\/es\/wp-content\/uploads\/sites\/4\/2022\/10\/Cotopaxi-by-tourist-scaled.jpg?fit=2560%2C1920&ssl=1","twitter_creator":"@trailforth","twitter_site":"@trailforth","twitter_misc":{"Escrito por":"jairocabrera","Tiempo de lectura":"8 minutos"},"schema":{"@context":"https:\/\/schema.org","@graph":[{"@type":"Article","@id":"https:\/\/trailforthjournal.com\/es\/cultura\/importancia-del-turismo-ecuador\/#article","isPartOf":{"@id":"https:\/\/trailforthjournal.com\/es\/cultura\/importancia-del-turismo-ecuador\/"},"author":{"name":"jairocabrera","@id":"https:\/\/trailforthjournal.com\/es\/#\/schema\/person\/c38e1195d2fbb77206faaef3a81d4dad"},"headline":"La importancia del Turismo para Ecuador: Motor de la Econom\u00eda y el Desarrollo Sostenible","datePublished":"2022-10-22T16:26:47+00:00","dateModified":"2026-01-11T15:36:47+00:00","mainEntityOfPage":{"@id":"https:\/\/trailforthjournal.com\/es\/cultura\/importancia-del-turismo-ecuador\/"},"wordCount":1010,"commentCount":0,"publisher":{"@id":"https:\/\/trailforthjournal.com\/es\/#organization"},"image":{"@id":"https:\/\/trailforthjournal.com\/es\/cultura\/importancia-del-turismo-ecuador\/#primaryimage"},"thumbnailUrl":"https:\/\/i0.wp.com\/trailforthjournal.com\/es\/wp-content\/uploads\/sites\/4\/2022\/10\/Cotopaxi-by-tourist-scaled.jpg?fit=2560%2C1920&ssl=1","keywords":["4regiones","Archipi\u00e9lago de Gal\u00e1pagos","San Francisco de Quito","Santa Ana de los R\u00edos de Cuenca","Santiago de Guayaquil"],"articleSection":["Cultura"],"inLanguage":"es","potentialAction":[{"@type":"CommentAction","name":"Comment","target":["https:\/\/trailforthjournal.com\/es\/cultura\/importancia-del-turismo-ecuador\/#respond"]}]},{"@type":"WebPage","@id":"https:\/\/trailforthjournal.com\/es\/cultura\/importancia-del-turismo-ecuador\/","url":"https:\/\/trailforthjournal.com\/es\/cultura\/importancia-del-turismo-ecuador\/","name":"La importancia del Turismo para Ecuador: Motor de la Econom\u00eda y el Desarrollo Sostenible","isPartOf":{"@id":"https:\/\/trailforthjournal.com\/es\/#website"},"primaryImageOfPage":{"@id":"https:\/\/trailforthjournal.com\/es\/cultura\/importancia-del-turismo-ecuador\/#primaryimage"},"image":{"@id":"https:\/\/trailforthjournal.com\/es\/cultura\/importancia-del-turismo-ecuador\/#primaryimage"},"thumbnailUrl":"https:\/\/i0.wp.com\/trailforthjournal.com\/es\/wp-content\/uploads\/sites\/4\/2022\/10\/Cotopaxi-by-tourist-scaled.jpg?fit=2560%2C1920&ssl=1","datePublished":"2022-10-22T16:26:47+00:00","dateModified":"2026-01-11T15:36:47+00:00","description":"De acuerdo la Banco de Desarrollo del Ecuador, el Turismo es uno de los sectores econ\u00f3micos de mayor crecimiento con el 10,2% del (PIB).","breadcrumb":{"@id":"https:\/\/trailforthjournal.com\/es\/cultura\/importancia-del-turismo-ecuador\/#breadcrumb"},"inLanguage":"es","potentialAction":[{"@type":"ReadAction","target":["https:\/\/trailforthjournal.com\/es\/cultura\/importancia-del-turismo-ecuador\/"]}]},{"@type":"ImageObject","inLanguage":"es","@id":"https:\/\/trailforthjournal.com\/es\/cultura\/importancia-del-turismo-ecuador\/#primaryimage","url":"https:\/\/i0.wp.com\/trailforthjournal.com\/es\/wp-content\/uploads\/sites\/4\/2022\/10\/Cotopaxi-by-tourist-scaled.jpg?fit=2560%2C1920&ssl=1","contentUrl":"https:\/\/i0.wp.com\/trailforthjournal.com\/es\/wp-content\/uploads\/sites\/4\/2022\/10\/Cotopaxi-by-tourist-scaled.jpg?fit=2560%2C1920&ssl=1","width":2560,"height":1920,"caption":"Cotopaxi fotografiado por turistas"},{"@type":"BreadcrumbList","@id":"https:\/\/trailforthjournal.com\/es\/cultura\/importancia-del-turismo-ecuador\/#breadcrumb","itemListElement":[{"@type":"ListItem","position":1,"name":"Portada","item":"https:\/\/trailforthjournal.com\/es\/"},{"@type":"ListItem","position":2,"name":"La importancia del Turismo para Ecuador: Motor de la Econom\u00eda y el Desarrollo Sostenible"}]},{"@type":"WebSite","@id":"https:\/\/trailforthjournal.com\/es\/#website","url":"https:\/\/trailforthjournal.com\/es\/","name":"Trail Forth Journal","description":"Make Life a Journey","publisher":{"@id":"https:\/\/trailforthjournal.com\/es\/#organization"},"alternateName":"Trail Forth Journal Espa\u00f1ol","potentialAction":[{"@type":"SearchAction","target":{"@type":"EntryPoint","urlTemplate":"https:\/\/trailforthjournal.com\/es\/?s={search_term_string}"},"query-input":{"@type":"PropertyValueSpecification","valueRequired":true,"valueName":"search_term_string"}}],"inLanguage":"es"},{"@type":["Organization","Place"],"@id":"https:\/\/trailforthjournal.com\/es\/#organization","name":"Trail Forth Journal","alternateName":"Trail Forth Journal Espa\u00f1ol","url":"https:\/\/trailforthjournal.com\/es\/","logo":{"@type":"ImageObject","inLanguage":"es","@id":"https:\/\/trailforthjournal.com\/es\/#\/schema\/logo\/image\/","url":"https:\/\/trailforthjournal.com\/es\/wp-content\/uploads\/sites\/4\/2022\/01\/Trail-Forth-Journal-PNG.png","contentUrl":"https:\/\/trailforthjournal.com\/es\/wp-content\/uploads\/sites\/4\/2022\/01\/Trail-Forth-Journal-PNG.png","width":2629,"height":2629,"caption":"Trail Forth Journal"},"image":{"@id":"https:\/\/trailforthjournal.com\/es\/#\/schema\/logo\/image\/"},"sameAs":["https:\/\/www.facebook.com\/trailforth","https:\/\/x.com\/trailforth","https:\/\/www.instagram.com\/trailforth\/"],"mainEntityOfPage":{"@id":"https:\/\/trailforthjournal.com\/es\/cultura\/importancia-del-turismo-ecuador\/"}},{"@type":"Person","@id":"https:\/\/trailforthjournal.com\/es\/#\/schema\/person\/c38e1195d2fbb77206faaef3a81d4dad","name":"jairocabrera","image":{"@type":"ImageObject","inLanguage":"es","@id":"https:\/\/secure.gravatar.com\/avatar\/56722a61efc14e69ef47b9fbbb54f81138a4e882a78e644b52a4d66d41edcfc5?s=96&d=mm&r=g","url":"https:\/\/secure.gravatar.com\/avatar\/56722a61efc14e69ef47b9fbbb54f81138a4e882a78e644b52a4d66d41edcfc5?s=96&d=mm&r=g","contentUrl":"https:\/\/secure.gravatar.com\/avatar\/56722a61efc14e69ef47b9fbbb54f81138a4e882a78e644b52a4d66d41edcfc5?s=96&d=mm&r=g","caption":"jairocabrera"},"sameAs":["http:\/\/trailforthjournal.com"]}]}},"jetpack_featured_media_url":"https:\/\/i0.wp.com\/trailforthjournal.com\/es\/wp-content\/uploads\/sites\/4\/2022\/10\/Cotopaxi-by-tourist-scaled.jpg?fit=2560%2C1920&ssl=1","jetpack_shortlink":"https:\/\/wp.me\/pdrACa-3B3","jetpack_sharing_enabled":true,"_links":{"self":[{"href":"https:\/\/trailforthjournal.com\/es\/wp-json\/wp\/v2\/posts\/13829","targetHints":{"allow":["GET"]}}],"collection":[{"href":"https:\/\/trailforthjournal.com\/es\/wp-json\/wp\/v2\/posts"}],"about":[{"href":"https:\/\/trailforthjournal.com\/es\/wp-json\/wp\/v2\/types\/post"}],"author":[{"embeddable":true,"href":"https:\/\/trailforthjournal.com\/es\/wp-json\/wp\/v2\/users\/1"}],"replies":[{"embeddable":true,"href":"https:\/\/trailforthjournal.com\/es\/wp-json\/wp\/v2\/comments?post=13829"}],"version-history":[{"count":0,"href":"https:\/\/trailforthjournal.com\/es\/wp-json\/wp\/v2\/posts\/13829\/revisions"}],"wp:featuredmedia":[{"embeddable":true,"href":"https:\/\/trailforthjournal.com\/es\/wp-json\/wp\/v2\/media\/14519"}],"wp:attachment":[{"href":"https:\/\/trailforthjournal.com\/es\/wp-json\/wp\/v2\/media?parent=13829"}],"wp:term":[{"taxonomy":"category","embeddable":true,"href":"https:\/\/trailforthjournal.com\/es\/wp-json\/wp\/v2\/categories?post=13829"},{"taxonomy":"post_tag","embeddable":true,"href":"https:\/\/trailforthjournal.com\/es\/wp-json\/wp\/v2\/tags?post=13829"}],"curies":[{"name":"wp","href":"https:\/\/api.w.org\/{rel}","templated":true}]}}